{"id":32664,"date":"2026-02-03T21:29:35","date_gmt":"2026-02-03T21:29:35","guid":{"rendered":"https:\/\/avrupapress.com\/main\/?p=32664"},"modified":"2026-02-03T21:41:42","modified_gmt":"2026-02-03T21:41:42","slug":"cumhurbaskani-basdanismani-oktay-saral-ve-of-belediye-baskani-salim-sarialioglu-belcikada","status":"publish","type":"post","link":"https:\/\/avrupapress.com\/main\/2026\/02\/03\/cumhurbaskani-basdanismani-oktay-saral-ve-of-belediye-baskani-salim-sarialioglu-belcikada\/","title":{"rendered":"Cumhurba\u015fkan\u0131 Ba\u015fdan\u0131\u015fman\u0131 Oktay Saral ve OF Belediye Ba\u015fkan\u0131 Salim Sar\u0131alio\u011flu Bel\u00e7ika\u2019da"},"content":{"rendered":"<div class=\"col-12 kgs2\">\n<div class=\"kanews-section-box kanews-section-box-x\">\n<div class=\"kanews-article-header\">\n<div class=\"kanews-article-meta\">\n<div class=\"row justify-content-between align-items-center\">\n<div class=\"kanews-article-meta-right col-12 col-lg-auto\">\n<div role=\"tooltip\" data-microtip-position=\"bottom\" aria-label=\"1dk, 46sn okunabilir\"><\/div>\n<\/div>\n<\/div>\n<\/div>\n<\/div>\n<\/div>\n<\/div>\n<div class=\"d-flex flex-wrap\">\n<div class=\"col-12 col-lg-9 kanews-sticky kgs2 mb-1\">\n<div class=\"theiaStickySidebar\">\n<article id=\"post-65956\" class=\"kanews-article kanews-section-box kanews-article-3 post-65956 post type-post status-publish format-standard has-post-thumbnail hentry category-haber\">\n<div class=\"kanews-article-thumbnail\"><img loading=\"lazy\" decoding=\"async\" class=\"alignnone size-medium wp-image-32669\" src=\"https:\/\/avrupapress.com\/main\/wp-content\/uploads\/2026\/02\/a6540b04-8958-499a-85cf-6f837def929a-1-300x225.jpg\" alt=\"\" width=\"300\" height=\"225\" srcset=\"https:\/\/avrupapress.com\/main\/wp-content\/uploads\/2026\/02\/a6540b04-8958-499a-85cf-6f837def929a-1-300x225.jpg 300w, https:\/\/avrupapress.com\/main\/wp-content\/uploads\/2026\/02\/a6540b04-8958-499a-85cf-6f837def929a-1-1024x768.jpg 1024w, https:\/\/avrupapress.com\/main\/wp-content\/uploads\/2026\/02\/a6540b04-8958-499a-85cf-6f837def929a-1-768x576.jpg 768w, https:\/\/avrupapress.com\/main\/wp-content\/uploads\/2026\/02\/a6540b04-8958-499a-85cf-6f837def929a-1-1536x1152.jpg 1536w, https:\/\/avrupapress.com\/main\/wp-content\/uploads\/2026\/02\/a6540b04-8958-499a-85cf-6f837def929a-1.jpg 1920w\" sizes=\"auto, (max-width: 300px) 100vw, 300px\" \/><\/div>\n<\/article>\n<\/div>\n<\/div>\n<\/div>\n<div>Bel\u00e7ika program\u0131 kapsam\u0131nda Cumhurba\u015fkan\u0131 Ba\u015fdan\u0131\u015fman\u0131 Oktay Saral ve Of Belediye Ba\u015fkan\u0131 Salim Sar\u0131alio\u011flu, Avrupapress Gazetesi \u0130mtiyaz Sahibi ve Edit\u00f6r\u00fc ile ayn\u0131 zamanda T\u0130GAD Avrupa Ba\u015fkan\u0131 olan Bilgin \u00d6z\u00e7if\u00e7i ile de bir araya geldi. Ger\u00e7ekle\u015ftirilen g\u00f6r\u00fc\u015fmede taraflar aras\u0131nda kar\u015f\u0131l\u0131kl\u0131 bilgi al\u0131\u015fveri\u015finde bulunuldu,<\/div>\n<div><\/div>\n<div class=\"d-flex flex-wrap\">\n<div class=\"col-12 col-lg-9 kanews-sticky kgs2 mb-1\">\n<div class=\"theiaStickySidebar\">\n<article id=\"post-65956\" class=\"kanews-article kanews-section-box kanews-article-3 post-65956 post type-post status-publish format-standard has-post-thumbnail hentry category-haber\">\n<div class=\"kanews-article-action\">\n<div class=\"row justift-content-between align-items-center\">\n<div class=\"kanews-article-action-left flex-wrap col-12 col-lg d-flex align-items-center\">Avrupapress Gazetesi yazarlar\u0131ndan Taner Ekiz, yaz aylar\u0131nda T\u00fcrkiye\u2019de ger\u00e7ekle\u015ftirdi\u011fi ziyaretler kapsam\u0131nda bir dizi resm\u00ee temasta bulundu. Bu \u00e7er\u00e7evede Trabzon\u2019un Of il\u00e7esinde Of Belediye Ba\u015fkan\u0131 Say\u0131n Salim Sar\u0131alio\u011flu ile g\u00f6r\u00fc\u015fen Ekiz, ayr\u0131ca Cumhurba\u015fkan\u0131 Ba\u015fdan\u0131\u015fman\u0131 Say\u0131n Oktay Saral\u2019\u0131 da makam\u0131nda ziyaret etti.<img loading=\"lazy\" decoding=\"async\" class=\"alignnone wp-image-65959 size-full\" title=\"Cumhurba\u015fkan\u0131 Ba\u015fdan\u0131\u015fman\u0131 Oktay Saral ve OF Belediye Ba\u015fkan\u0131 Salim Sar\u0131alio\u011flu Bel\u00e7ika\u2019da 1\" src=\"https:\/\/nhaber.nl\/wp-content\/uploads\/2026\/02\/Screenshot_20260203_193053_WhatsApp.jpg\" alt=\"Screenshot 20260203 193053 WhatsApp\" width=\"2340\" height=\"1080\" \/><\/div>\n<\/div>\n<\/div>\n<div class=\"kanews-article-content entry-content\">\n<div class=\"entry-content-wrapper\">\n<div class=\"entry-content-inner\">\n<p>S\u00f6z konusu g\u00f6r\u00fc\u015fmeler s\u0131ras\u0131nda Taner Ekiz taraf\u0131ndan Bel\u00e7ika\u2019ya davet edilen Cumhurba\u015fkan\u0131 Ba\u015fdan\u0131\u015fman\u0131 Oktay Saral\u2019\u0131n, bu davete olumlu yakla\u015ft\u0131\u011f\u0131 ve Bel\u00e7ika ziyaretinin daha \u00f6nce planlanan programlar aras\u0131nda yer ald\u0131\u011f\u0131 belirtildi. Ziyaretin bug\u00fcn itibar\u0131yla ger\u00e7ekle\u015fti\u011fi ve Say\u0131n Saral\u2019\u0131n, Of Belediye Ba\u015fkan\u0131 Salim Sar\u0131alio\u011flu ile birlikte Bel\u00e7ika\u2019ya geldi\u011fi bildirildi.<img loading=\"lazy\" decoding=\"async\" class=\"alignnone wp-image-65958 size-full\" title=\"Cumhurba\u015fkan\u0131 Ba\u015fdan\u0131\u015fman\u0131 Oktay Saral ve OF Belediye Ba\u015fkan\u0131 Salim Sar\u0131alio\u011flu Bel\u00e7ika\u2019da 2\" src=\"https:\/\/nhaber.nl\/wp-content\/uploads\/2026\/02\/Screenshot_20260203_193112_WhatsApp.jpg\" alt=\"Screenshot 20260203 193112 WhatsApp\" width=\"2340\" height=\"1080\" \/><\/p>\n<p>Bel\u00e7ika program\u0131 kapsam\u0131nda Cumhurba\u015fkan\u0131 Ba\u015fdan\u0131\u015fman\u0131 Oktay Saral ve Of Belediye Ba\u015fkan\u0131 Salim Sar\u0131alio\u011flu, Avrupapress Gazetesi \u0130mtiyaz Sahibi ve Edit\u00f6r\u00fc ile ayn\u0131 zamanda T\u0130GAD Avrupa Ba\u015fkan\u0131 olan Bilgin \u00d6z\u00e7if\u00e7i ile de bir araya geldi. Ger\u00e7ekle\u015ftirilen g\u00f6r\u00fc\u015fmede taraflar aras\u0131nda kar\u015f\u0131l\u0131kl\u0131 bilgi al\u0131\u015fveri\u015finde bulunuldu, Avrupa\u2019daki medya \u00e7al\u0131\u015fmalar\u0131, diaspora faaliyetleri ve sivil toplum alan\u0131ndaki y\u00fcr\u00fct\u00fclen projeler hakk\u0131nda detayl\u0131 bilgiler al\u0131nd\u0131.<br \/>\nCumhurba\u015fkan\u0131 Ba\u015fdan\u0131\u015fman\u0131 Oktay Saral, Bel\u00e7ika ziyareti kapsam\u0131nda bir hafta s\u00fcreyle \u00fclkede bulunacaklar\u0131n\u0131 belirterek, Bel\u00e7ika\u2019n\u0131n \u00e7e\u015fitli \u015fehirlerinde resm\u00ee ve sivil toplum odakl\u0131 temaslar ger\u00e7ekle\u015ftireceklerini ifade etti.<img loading=\"lazy\" decoding=\"async\" class=\"alignnone wp-image-65960 size-full\" title=\"Cumhurba\u015fkan\u0131 Ba\u015fdan\u0131\u015fman\u0131 Oktay Saral ve OF Belediye Ba\u015fkan\u0131 Salim Sar\u0131alio\u011flu Bel\u00e7ika\u2019da 6\" src=\"https:\/\/nhaber.nl\/wp-content\/uploads\/2026\/02\/IMG-20260203-WA0024-scaled.jpg\" alt=\"IMG 20260203 WA0024 scaled\" width=\"1920\" height=\"2560\" \/><\/p>\n<p>Ziyaret program\u0131 \u00e7er\u00e7evesinde Bel\u00e7ika\u2019da ya\u015fayan T\u00fcrk vatanda\u015flar\u0131yla da bir araya gelinmesinin planland\u0131\u011f\u0131n\u0131 kaydetti.<br \/>\nGer\u00e7ekle\u015ftirilecek temaslar\u0131n, yurt d\u0131\u015f\u0131nda ya\u015fayan T\u00fcrk toplumuyla ili\u015fkilerin g\u00fc\u00e7lendirilmesi, kar\u015f\u0131l\u0131kl\u0131 g\u00f6r\u00fc\u015f al\u0131\u015fveri\u015finin art\u0131r\u0131lmas\u0131 ve diaspora ile T\u00fcrkiye aras\u0131ndaki ba\u011flar\u0131n peki\u015ftirilmesine katk\u0131 sa\u011flamas\u0131 hedefleniyor. Bel\u00e7ika temaslar\u0131na ili\u015fkin geli\u015fmelerin ve g\u00f6r\u00fc\u015fmelerin sonu\u00e7lar\u0131n\u0131n \u00f6n\u00fcm\u00fczdeki g\u00fcnlerde kamuoyuyla payla\u015f\u0131lmas\u0131 bekleniyor.<\/p>\n<p>&nbsp;<\/p>\n<p><strong>Bilgin\u00a0 Ozcifci\u00a0 \u00a0 \u00a0 \u00a0\/\u00a0 \u00a0 \u00a0 \u00a0AVRUPAPRESS<\/strong><\/p>\n<div class=\"kanews-banner kanews-banner-single\"><\/div>\n<p><img loading=\"lazy\" decoding=\"async\" class=\"alignnone wp-image-65961 size-full\" title=\"Cumhurba\u015fkan\u0131 Ba\u015fdan\u0131\u015fman\u0131 Oktay Saral ve OF Belediye Ba\u015fkan\u0131 Salim Sar\u0131alio\u011flu Bel\u00e7ika\u2019da 7\" src=\"https:\/\/nhaber.nl\/wp-content\/uploads\/2026\/02\/IMG-20260203-WA0029-scaled.jpg\" alt=\"IMG 20260203 WA0029 scaled\" width=\"1920\" height=\"2560\" \/><\/p>\n<p><img loading=\"lazy\" decoding=\"async\" class=\"alignnone wp-image-65964 size-full\" title=\"Cumhurba\u015fkan\u0131 Ba\u015fdan\u0131\u015fman\u0131 Oktay Saral ve OF Belediye Ba\u015fkan\u0131 Salim Sar\u0131alio\u011flu Bel\u00e7ika\u2019da 8\" src=\"https:\/\/nhaber.nl\/wp-content\/uploads\/2026\/02\/IMG-20260203-WA0021-1.jpg\" alt=\"IMG 20260203 WA0021 1\" width=\"1536\" height=\"2048\" \/><\/p>\n<p><img loading=\"lazy\" decoding=\"async\" class=\"alignnone size-medium wp-image-32665\" src=\"https:\/\/avrupapress.com\/main\/wp-content\/uploads\/2026\/02\/d4d3b04d-1f5c-4ee5-b28d-6a8659cfb028-300x225.jpg\" alt=\"\" width=\"300\" height=\"225\" srcset=\"https:\/\/avrupapress.com\/main\/wp-content\/uploads\/2026\/02\/d4d3b04d-1f5c-4ee5-b28d-6a8659cfb028-300x225.jpg 300w, https:\/\/avrupapress.com\/main\/wp-content\/uploads\/2026\/02\/d4d3b04d-1f5c-4ee5-b28d-6a8659cfb028-1024x768.jpg 1024w, https:\/\/avrupapress.com\/main\/wp-content\/uploads\/2026\/02\/d4d3b04d-1f5c-4ee5-b28d-6a8659cfb028-768x576.jpg 768w, https:\/\/avrupapress.com\/main\/wp-content\/uploads\/2026\/02\/d4d3b04d-1f5c-4ee5-b28d-6a8659cfb028-1536x1152.jpg 1536w, https:\/\/avrupapress.com\/main\/wp-content\/uploads\/2026\/02\/d4d3b04d-1f5c-4ee5-b28d-6a8659cfb028.jpg 1920w\" sizes=\"auto, (max-width: 300px) 100vw, 300px\" \/><\/p>\n<p><img loading=\"lazy\" decoding=\"async\" class=\"alignnone size-medium wp-image-32666\" src=\"https:\/\/avrupapress.com\/main\/wp-content\/uploads\/2026\/02\/8990b0f5-a7a0-450a-96ef-40835dec65c5-300x225.jpg\" alt=\"\" width=\"300\" height=\"225\" srcset=\"https:\/\/avrupapress.com\/main\/wp-content\/uploads\/2026\/02\/8990b0f5-a7a0-450a-96ef-40835dec65c5-300x225.jpg 300w, https:\/\/avrupapress.com\/main\/wp-content\/uploads\/2026\/02\/8990b0f5-a7a0-450a-96ef-40835dec65c5-1024x768.jpg 1024w, https:\/\/avrupapress.com\/main\/wp-content\/uploads\/2026\/02\/8990b0f5-a7a0-450a-96ef-40835dec65c5-768x576.jpg 768w, https:\/\/avrupapress.com\/main\/wp-content\/uploads\/2026\/02\/8990b0f5-a7a0-450a-96ef-40835dec65c5-1536x1152.jpg 1536w, https:\/\/avrupapress.com\/main\/wp-content\/uploads\/2026\/02\/8990b0f5-a7a0-450a-96ef-40835dec65c5.jpg 1920w\" sizes=\"auto, (max-width: 300px) 100vw, 300px\" \/><\/p>\n<p><img loading=\"lazy\" decoding=\"async\" class=\"alignnone size-medium wp-image-32667\" src=\"https:\/\/avrupapress.com\/main\/wp-content\/uploads\/2026\/02\/a6540b04-8958-499a-85cf-6f837def929a-300x225.jpg\" alt=\"\" width=\"300\" height=\"225\" srcset=\"https:\/\/avrupapress.com\/main\/wp-content\/uploads\/2026\/02\/a6540b04-8958-499a-85cf-6f837def929a-300x225.jpg 300w, https:\/\/avrupapress.com\/main\/wp-content\/uploads\/2026\/02\/a6540b04-8958-499a-85cf-6f837def929a-1024x768.jpg 1024w, https:\/\/avrupapress.com\/main\/wp-content\/uploads\/2026\/02\/a6540b04-8958-499a-85cf-6f837def929a-768x576.jpg 768w, https:\/\/avrupapress.com\/main\/wp-content\/uploads\/2026\/02\/a6540b04-8958-499a-85cf-6f837def929a-1536x1152.jpg 1536w, https:\/\/avrupapress.com\/main\/wp-content\/uploads\/2026\/02\/a6540b04-8958-499a-85cf-6f837def929a.jpg 1920w\" sizes=\"auto, (max-width: 300px) 100vw, 300px\" \/><\/p>\n<p><img loading=\"lazy\" decoding=\"async\" class=\"alignnone size-medium wp-image-32668\" src=\"https:\/\/avrupapress.com\/main\/wp-content\/uploads\/2026\/02\/64ffafb6-3eae-4863-803a-b77c4f03bee7-225x300.jpg\" alt=\"\" width=\"225\" height=\"300\" srcset=\"https:\/\/avrupapress.com\/main\/wp-content\/uploads\/2026\/02\/64ffafb6-3eae-4863-803a-b77c4f03bee7-225x300.jpg 225w, https:\/\/avrupapress.com\/main\/wp-content\/uploads\/2026\/02\/64ffafb6-3eae-4863-803a-b77c4f03bee7-768x1024.jpg 768w, https:\/\/avrupapress.com\/main\/wp-content\/uploads\/2026\/02\/64ffafb6-3eae-4863-803a-b77c4f03bee7-1152x1536.jpg 1152w, https:\/\/avrupapress.com\/main\/wp-content\/uploads\/2026\/02\/64ffafb6-3eae-4863-803a-b77c4f03bee7.jpg 1440w\" sizes=\"auto, (max-width: 225px) 100vw, 225px\" \/><\/p>\n<p><img loading=\"lazy\" decoding=\"async\" class=\"alignnone size-medium wp-image-32673\" src=\"https:\/\/avrupapress.com\/main\/wp-content\/uploads\/2026\/02\/22bf52ad-3ac0-4c19-80f5-df5a7e575fb3-1-225x300.jpg\" alt=\"\" width=\"225\" height=\"300\" srcset=\"https:\/\/avrupapress.com\/main\/wp-content\/uploads\/2026\/02\/22bf52ad-3ac0-4c19-80f5-df5a7e575fb3-1-225x300.jpg 225w, https:\/\/avrupapress.com\/main\/wp-content\/uploads\/2026\/02\/22bf52ad-3ac0-4c19-80f5-df5a7e575fb3-1-768x1024.jpg 768w, https:\/\/avrupapress.com\/main\/wp-content\/uploads\/2026\/02\/22bf52ad-3ac0-4c19-80f5-df5a7e575fb3-1-1152x1536.jpg 1152w, https:\/\/avrupapress.com\/main\/wp-content\/uploads\/2026\/02\/22bf52ad-3ac0-4c19-80f5-df5a7e575fb3-1-1536x2048.jpg 1536w, https:\/\/avrupapress.com\/main\/wp-content\/uploads\/2026\/02\/22bf52ad-3ac0-4c19-80f5-df5a7e575fb3-1.jpg 1920w\" sizes=\"auto, (max-width: 225px) 100vw, 225px\" \/><\/p>\n<p><img loading=\"lazy\" decoding=\"async\" class=\"alignnone size-medium wp-image-32675\" src=\"https:\/\/avrupapress.com\/main\/wp-content\/uploads\/2026\/02\/605e6100-aac9-4d58-b657-5af689957c5c-300x225.jpg\" alt=\"\" width=\"300\" height=\"225\" srcset=\"https:\/\/avrupapress.com\/main\/wp-content\/uploads\/2026\/02\/605e6100-aac9-4d58-b657-5af689957c5c-300x225.jpg 300w, https:\/\/avrupapress.com\/main\/wp-content\/uploads\/2026\/02\/605e6100-aac9-4d58-b657-5af689957c5c-1024x768.jpg 1024w, https:\/\/avrupapress.com\/main\/wp-content\/uploads\/2026\/02\/605e6100-aac9-4d58-b657-5af689957c5c-768x576.jpg 768w, https:\/\/avrupapress.com\/main\/wp-content\/uploads\/2026\/02\/605e6100-aac9-4d58-b657-5af689957c5c-1536x1152.jpg 1536w, https:\/\/avrupapress.com\/main\/wp-content\/uploads\/2026\/02\/605e6100-aac9-4d58-b657-5af689957c5c.jpg 1600w\" sizes=\"auto, (max-width: 300px) 100vw, 300px\" \/><\/p>\n<p><img loading=\"lazy\" decoding=\"async\" class=\"alignnone size-medium wp-image-32676\" src=\"https:\/\/avrupapress.com\/main\/wp-content\/uploads\/2026\/02\/1d02588e-a47d-4973-832c-1ae9a013ed53-300x225.jpg\" alt=\"\" width=\"300\" height=\"225\" srcset=\"https:\/\/avrupapress.com\/main\/wp-content\/uploads\/2026\/02\/1d02588e-a47d-4973-832c-1ae9a013ed53-300x225.jpg 300w, https:\/\/avrupapress.com\/main\/wp-content\/uploads\/2026\/02\/1d02588e-a47d-4973-832c-1ae9a013ed53-1024x768.jpg 1024w, https:\/\/avrupapress.com\/main\/wp-content\/uploads\/2026\/02\/1d02588e-a47d-4973-832c-1ae9a013ed53-768x576.jpg 768w, https:\/\/avrupapress.com\/main\/wp-content\/uploads\/2026\/02\/1d02588e-a47d-4973-832c-1ae9a013ed53-1536x1152.jpg 1536w, https:\/\/avrupapress.com\/main\/wp-content\/uploads\/2026\/02\/1d02588e-a47d-4973-832c-1ae9a013ed53.jpg 1920w\" sizes=\"auto, (max-width: 300px) 100vw, 300px\" \/><\/p>\n<p><img loading=\"lazy\" decoding=\"async\" class=\"alignnone size-medium wp-image-32677\" src=\"https:\/\/avrupapress.com\/main\/wp-content\/uploads\/2026\/02\/b4df39b1-db86-4d33-b6e3-b91886fb1ef3-300x225.jpg\" alt=\"\" width=\"300\" height=\"225\" srcset=\"https:\/\/avrupapress.com\/main\/wp-content\/uploads\/2026\/02\/b4df39b1-db86-4d33-b6e3-b91886fb1ef3-300x225.jpg 300w, https:\/\/avrupapress.com\/main\/wp-content\/uploads\/2026\/02\/b4df39b1-db86-4d33-b6e3-b91886fb1ef3-1024x768.jpg 1024w, https:\/\/avrupapress.com\/main\/wp-content\/uploads\/2026\/02\/b4df39b1-db86-4d33-b6e3-b91886fb1ef3-768x576.jpg 768w, https:\/\/avrupapress.com\/main\/wp-content\/uploads\/2026\/02\/b4df39b1-db86-4d33-b6e3-b91886fb1ef3-1536x1152.jpg 1536w, https:\/\/avrupapress.com\/main\/wp-content\/uploads\/2026\/02\/b4df39b1-db86-4d33-b6e3-b91886fb1ef3.jpg 1920w\" sizes=\"auto, (max-width: 300px) 100vw, 300px\" \/><\/p>\n<p>&nbsp;<\/p>\n<p>&nbsp;<\/p>\n<p>&nbsp;<\/p>\n<\/div>\n<\/div>\n<\/div>\n<p><strong>Bilgin\u00a0 Ozcifci\u00a0 \u00a0 \u00a0 \u00a0\/\u00a0 \u00a0 \u00a0 \u00a0AVRUPAPRESS<\/strong><\/p>\n<\/article>\n<\/div>\n<\/div>\n<\/div>\n","protected":false},"excerpt":{"rendered":"<p>Bel\u00e7ika program\u0131 kapsam\u0131nda Cumhurba\u015fkan\u0131 Ba\u015fdan\u0131\u015fman\u0131 Oktay Saral ve Of Belediye Ba\u015fkan\u0131 Salim Sar\u0131alio\u011flu, Avrupapress Gazetesi \u0130mtiyaz Sahibi ve Edit\u00f6r\u00fc ile ayn\u0131 zamanda T\u0130GAD Avrupa Ba\u015fkan\u0131 olan Bilgin \u00d6z\u00e7if\u00e7i ile de bir araya geldi. Ger\u00e7ekle\u015ftirilen g\u00f6r\u00fc\u015fmede taraflar aras\u0131nda kar\u015f\u0131l\u0131kl\u0131 bilgi al\u0131\u015fveri\u015finde bulunuldu, Avrupapress Gazetesi yazarlar\u0131ndan Taner Ekiz, yaz aylar\u0131nda T\u00fcrkiye\u2019de ger\u00e7ekle\u015ftirdi\u011fi ziyaretler kapsam\u0131nda bir dizi resm\u00ee [&hellip;]<\/p>\n","protected":false},"author":3,"featured_media":32672,"comment_status":"closed","ping_status":"open","sticky":false,"template":"","format":"standard","meta":{"footnotes":""},"categories":[14,16,3,17,18,15,2,1],"tags":[],"class_list":["post-32664","post","type-post","status-publish","format-standard","has-post-thumbnail","hentry","category-avrupa","category-belcika","category-dunya","category-ekonomi","category-kultur-sanat","category-spor","category-turkiye","category-uncategorized"],"yoast_head":"<!-- This site is optimized with the Yoast SEO plugin v26.9 - https:\/\/yoast.com\/product\/yoast-seo-wordpress\/ -->\n<title>Cumhurba\u015fkan\u0131 Ba\u015fdan\u0131\u015fman\u0131 Oktay Saral ve OF Belediye Ba\u015fkan\u0131 Salim Sar\u0131alio\u011flu Bel\u00e7ika\u2019da - AvrupaPress<\/title>\n<meta name=\"robots\" content=\"index, follow, max-snippet:-1, max-image-preview:large, max-video-preview:-1\" \/>\n<link rel=\"canonical\" href=\"https:\/\/avrupapress.com\/main\/2026\/02\/03\/cumhurbaskani-basdanismani-oktay-saral-ve-of-belediye-baskani-salim-sarialioglu-belcikada\/\" \/>\n<meta property=\"og:locale\" content=\"fr_FR\" \/>\n<meta property=\"og:type\" content=\"article\" \/>\n<meta property=\"og:title\" content=\"Cumhurba\u015fkan\u0131 Ba\u015fdan\u0131\u015fman\u0131 Oktay Saral ve OF Belediye Ba\u015fkan\u0131 Salim Sar\u0131alio\u011flu Bel\u00e7ika\u2019da - AvrupaPress\" \/>\n<meta property=\"og:description\" content=\"Bel\u00e7ika program\u0131 kapsam\u0131nda Cumhurba\u015fkan\u0131 Ba\u015fdan\u0131\u015fman\u0131 Oktay Saral ve Of Belediye Ba\u015fkan\u0131 Salim Sar\u0131alio\u011flu, Avrupapress Gazetesi \u0130mtiyaz Sahibi ve Edit\u00f6r\u00fc ile ayn\u0131 zamanda T\u0130GAD Avrupa Ba\u015fkan\u0131 olan Bilgin \u00d6z\u00e7if\u00e7i ile de bir araya geldi. Ger\u00e7ekle\u015ftirilen g\u00f6r\u00fc\u015fmede taraflar aras\u0131nda kar\u015f\u0131l\u0131kl\u0131 bilgi al\u0131\u015fveri\u015finde bulunuldu, Avrupapress Gazetesi yazarlar\u0131ndan Taner Ekiz, yaz aylar\u0131nda T\u00fcrkiye\u2019de ger\u00e7ekle\u015ftirdi\u011fi ziyaretler kapsam\u0131nda bir dizi resm\u00ee [&hellip;]\" \/>\n<meta property=\"og:url\" content=\"https:\/\/avrupapress.com\/main\/2026\/02\/03\/cumhurbaskani-basdanismani-oktay-saral-ve-of-belediye-baskani-salim-sarialioglu-belcikada\/\" \/>\n<meta property=\"og:site_name\" content=\"AvrupaPress\" \/>\n<meta property=\"article:published_time\" content=\"2026-02-03T21:29:35+00:00\" \/>\n<meta property=\"article:modified_time\" content=\"2026-02-03T21:41:42+00:00\" \/>\n<meta property=\"og:image\" content=\"https:\/\/avrupapress.com\/main\/wp-content\/uploads\/2026\/02\/22bf52ad-3ac0-4c19-80f5-df5a7e575fb3-e1770154681446.jpg\" \/>\n\t<meta property=\"og:image:width\" content=\"1920\" \/>\n\t<meta property=\"og:image:height\" content=\"1946\" \/>\n\t<meta property=\"og:image:type\" content=\"image\/jpeg\" \/>\n<meta name=\"author\" content=\"Edit\u00f6r\" \/>\n<meta name=\"twitter:card\" content=\"summary_large_image\" \/>\n<meta name=\"twitter:label1\" content=\"\u00c9crit par\" \/>\n\t<meta name=\"twitter:data1\" content=\"Edit\u00f6r\" \/>\n\t<meta name=\"twitter:label2\" content=\"Dur\u00e9e de lecture est.\" \/>\n\t<meta name=\"twitter:data2\" content=\"5 minutes\" \/>\n<script type=\"application\/ld+json\" class=\"yoast-schema-graph\">{\"@context\":\"https:\/\/schema.org\",\"@graph\":[{\"@type\":\"Article\",\"@id\":\"https:\/\/avrupapress.com\/main\/2026\/02\/03\/cumhurbaskani-basdanismani-oktay-saral-ve-of-belediye-baskani-salim-sarialioglu-belcikada\/#article\",\"isPartOf\":{\"@id\":\"https:\/\/avrupapress.com\/main\/2026\/02\/03\/cumhurbaskani-basdanismani-oktay-saral-ve-of-belediye-baskani-salim-sarialioglu-belcikada\/\"},\"author\":{\"name\":\"Edit\u00f6r\",\"@id\":\"https:\/\/avrupapress.com\/#\/schema\/person\/68428444ec60970d1e1b700cf4ca1e8f\"},\"headline\":\"Cumhurba\u015fkan\u0131 Ba\u015fdan\u0131\u015fman\u0131 Oktay Saral ve OF Belediye Ba\u015fkan\u0131 Salim Sar\u0131alio\u011flu Bel\u00e7ika\u2019da\",\"datePublished\":\"2026-02-03T21:29:35+00:00\",\"dateModified\":\"2026-02-03T21:41:42+00:00\",\"mainEntityOfPage\":{\"@id\":\"https:\/\/avrupapress.com\/main\/2026\/02\/03\/cumhurbaskani-basdanismani-oktay-saral-ve-of-belediye-baskani-salim-sarialioglu-belcikada\/\"},\"wordCount\":443,\"publisher\":{\"@id\":\"https:\/\/avrupapress.com\/#\/schema\/person\/0223dca19c72c43575bf30d1a2d8f4fa\"},\"image\":{\"@id\":\"https:\/\/avrupapress.com\/main\/2026\/02\/03\/cumhurbaskani-basdanismani-oktay-saral-ve-of-belediye-baskani-salim-sarialioglu-belcikada\/#primaryimage\"},\"thumbnailUrl\":\"https:\/\/avrupapress.com\/main\/wp-content\/uploads\/2026\/02\/22bf52ad-3ac0-4c19-80f5-df5a7e575fb3-e1770154681446.jpg\",\"articleSection\":[\"Avrupa\",\"Bel\u00e7ika\",\"D\u00fcnya\",\"Ekonomi\",\"K\u00fclt\u00fcr-Sanat\",\"Spor\",\"T\u00fcrkiye\",\"Uncategorized\"],\"inLanguage\":\"fr-BE\"},{\"@type\":\"WebPage\",\"@id\":\"https:\/\/avrupapress.com\/main\/2026\/02\/03\/cumhurbaskani-basdanismani-oktay-saral-ve-of-belediye-baskani-salim-sarialioglu-belcikada\/\",\"url\":\"https:\/\/avrupapress.com\/main\/2026\/02\/03\/cumhurbaskani-basdanismani-oktay-saral-ve-of-belediye-baskani-salim-sarialioglu-belcikada\/\",\"name\":\"Cumhurba\u015fkan\u0131 Ba\u015fdan\u0131\u015fman\u0131 Oktay Saral ve OF Belediye Ba\u015fkan\u0131 Salim Sar\u0131alio\u011flu Bel\u00e7ika\u2019da - AvrupaPress\",\"isPartOf\":{\"@id\":\"https:\/\/avrupapress.com\/#website\"},\"primaryImageOfPage\":{\"@id\":\"https:\/\/avrupapress.com\/main\/2026\/02\/03\/cumhurbaskani-basdanismani-oktay-saral-ve-of-belediye-baskani-salim-sarialioglu-belcikada\/#primaryimage\"},\"image\":{\"@id\":\"https:\/\/avrupapress.com\/main\/2026\/02\/03\/cumhurbaskani-basdanismani-oktay-saral-ve-of-belediye-baskani-salim-sarialioglu-belcikada\/#primaryimage\"},\"thumbnailUrl\":\"https:\/\/avrupapress.com\/main\/wp-content\/uploads\/2026\/02\/22bf52ad-3ac0-4c19-80f5-df5a7e575fb3-e1770154681446.jpg\",\"datePublished\":\"2026-02-03T21:29:35+00:00\",\"dateModified\":\"2026-02-03T21:41:42+00:00\",\"breadcrumb\":{\"@id\":\"https:\/\/avrupapress.com\/main\/2026\/02\/03\/cumhurbaskani-basdanismani-oktay-saral-ve-of-belediye-baskani-salim-sarialioglu-belcikada\/#breadcrumb\"},\"inLanguage\":\"fr-BE\",\"potentialAction\":[{\"@type\":\"ReadAction\",\"target\":[\"https:\/\/avrupapress.com\/main\/2026\/02\/03\/cumhurbaskani-basdanismani-oktay-saral-ve-of-belediye-baskani-salim-sarialioglu-belcikada\/\"]}]},{\"@type\":\"ImageObject\",\"inLanguage\":\"fr-BE\",\"@id\":\"https:\/\/avrupapress.com\/main\/2026\/02\/03\/cumhurbaskani-basdanismani-oktay-saral-ve-of-belediye-baskani-salim-sarialioglu-belcikada\/#primaryimage\",\"url\":\"https:\/\/avrupapress.com\/main\/wp-content\/uploads\/2026\/02\/22bf52ad-3ac0-4c19-80f5-df5a7e575fb3-e1770154681446.jpg\",\"contentUrl\":\"https:\/\/avrupapress.com\/main\/wp-content\/uploads\/2026\/02\/22bf52ad-3ac0-4c19-80f5-df5a7e575fb3-e1770154681446.jpg\",\"width\":1920,\"height\":1946},{\"@type\":\"BreadcrumbList\",\"@id\":\"https:\/\/avrupapress.com\/main\/2026\/02\/03\/cumhurbaskani-basdanismani-oktay-saral-ve-of-belediye-baskani-salim-sarialioglu-belcikada\/#breadcrumb\",\"itemListElement\":[{\"@type\":\"ListItem\",\"position\":1,\"name\":\"Anasayfa\",\"item\":\"https:\/\/avrupapress.com\/\"},{\"@type\":\"ListItem\",\"position\":2,\"name\":\"Cumhurba\u015fkan\u0131 Ba\u015fdan\u0131\u015fman\u0131 Oktay Saral ve OF Belediye Ba\u015fkan\u0131 Salim Sar\u0131alio\u011flu Bel\u00e7ika\u2019da\"}]},{\"@type\":\"WebSite\",\"@id\":\"https:\/\/avrupapress.com\/#website\",\"url\":\"https:\/\/avrupapress.com\/\",\"name\":\"AvrupaPress\",\"description\":\"Haberin Adresi\",\"publisher\":{\"@id\":\"https:\/\/avrupapress.com\/#\/schema\/person\/0223dca19c72c43575bf30d1a2d8f4fa\"},\"potentialAction\":[{\"@type\":\"SearchAction\",\"target\":{\"@type\":\"EntryPoint\",\"urlTemplate\":\"https:\/\/avrupapress.com\/?s={search_term_string}\"},\"query-input\":{\"@type\":\"PropertyValueSpecification\",\"valueRequired\":true,\"valueName\":\"search_term_string\"}}],\"inLanguage\":\"fr-BE\"},{\"@type\":[\"Person\",\"Organization\"],\"@id\":\"https:\/\/avrupapress.com\/#\/schema\/person\/0223dca19c72c43575bf30d1a2d8f4fa\",\"name\":\"Bilgin \u00d6z\u00e7ift\u00e7i\",\"image\":{\"@type\":\"ImageObject\",\"inLanguage\":\"fr-BE\",\"@id\":\"https:\/\/avrupapress.com\/#\/schema\/person\/image\/\",\"url\":\"https:\/\/secure.gravatar.com\/avatar\/0f23b280433a21e1ea7a0adcc46ed0ad16afe3ad8e630fd13d8a017dcbd54ef3?s=96&d=mm&r=g\",\"contentUrl\":\"https:\/\/secure.gravatar.com\/avatar\/0f23b280433a21e1ea7a0adcc46ed0ad16afe3ad8e630fd13d8a017dcbd54ef3?s=96&d=mm&r=g\",\"caption\":\"Bilgin \u00d6z\u00e7ift\u00e7i\"},\"logo\":{\"@id\":\"https:\/\/avrupapress.com\/#\/schema\/person\/image\/\"},\"description\":\"Ne ben, nede sen... Biz ancak \\\"biz\\\" olursak g\u00fc\u00e7l\u00fc olabiliriz\"},{\"@type\":\"Person\",\"@id\":\"https:\/\/avrupapress.com\/#\/schema\/person\/68428444ec60970d1e1b700cf4ca1e8f\",\"name\":\"Edit\u00f6r\",\"image\":{\"@type\":\"ImageObject\",\"inLanguage\":\"fr-BE\",\"@id\":\"https:\/\/avrupapress.com\/#\/schema\/person\/image\/\",\"url\":\"https:\/\/secure.gravatar.com\/avatar\/74996b0977aa5f1559ba9883776652508b229005c0d78fb2597897f0bd651c09?s=96&d=mm&r=g\",\"contentUrl\":\"https:\/\/secure.gravatar.com\/avatar\/74996b0977aa5f1559ba9883776652508b229005c0d78fb2597897f0bd651c09?s=96&d=mm&r=g\",\"caption\":\"Edit\u00f6r\"},\"sameAs\":[\"http:\/\/www.avrupapress.com\"],\"url\":\"https:\/\/avrupapress.com\/main\/author\/editor\/\"}]}<\/script>\n<!-- \/ Yoast SEO plugin. -->","yoast_head_json":{"title":"Cumhurba\u015fkan\u0131 Ba\u015fdan\u0131\u015fman\u0131 Oktay Saral ve OF Belediye Ba\u015fkan\u0131 Salim Sar\u0131alio\u011flu Bel\u00e7ika\u2019da - AvrupaPress","robots":{"index":"index","follow":"follow","max-snippet":"max-snippet:-1","max-image-preview":"max-image-preview:large","max-video-preview":"max-video-preview:-1"},"canonical":"https:\/\/avrupapress.com\/main\/2026\/02\/03\/cumhurbaskani-basdanismani-oktay-saral-ve-of-belediye-baskani-salim-sarialioglu-belcikada\/","og_locale":"fr_FR","og_type":"article","og_title":"Cumhurba\u015fkan\u0131 Ba\u015fdan\u0131\u015fman\u0131 Oktay Saral ve OF Belediye Ba\u015fkan\u0131 Salim Sar\u0131alio\u011flu Bel\u00e7ika\u2019da - AvrupaPress","og_description":"Bel\u00e7ika program\u0131 kapsam\u0131nda Cumhurba\u015fkan\u0131 Ba\u015fdan\u0131\u015fman\u0131 Oktay Saral ve Of Belediye Ba\u015fkan\u0131 Salim Sar\u0131alio\u011flu, Avrupapress Gazetesi \u0130mtiyaz Sahibi ve Edit\u00f6r\u00fc ile ayn\u0131 zamanda T\u0130GAD Avrupa Ba\u015fkan\u0131 olan Bilgin \u00d6z\u00e7if\u00e7i ile de bir araya geldi. Ger\u00e7ekle\u015ftirilen g\u00f6r\u00fc\u015fmede taraflar aras\u0131nda kar\u015f\u0131l\u0131kl\u0131 bilgi al\u0131\u015fveri\u015finde bulunuldu, Avrupapress Gazetesi yazarlar\u0131ndan Taner Ekiz, yaz aylar\u0131nda T\u00fcrkiye\u2019de ger\u00e7ekle\u015ftirdi\u011fi ziyaretler kapsam\u0131nda bir dizi resm\u00ee [&hellip;]","og_url":"https:\/\/avrupapress.com\/main\/2026\/02\/03\/cumhurbaskani-basdanismani-oktay-saral-ve-of-belediye-baskani-salim-sarialioglu-belcikada\/","og_site_name":"AvrupaPress","article_published_time":"2026-02-03T21:29:35+00:00","article_modified_time":"2026-02-03T21:41:42+00:00","og_image":[{"width":1920,"height":1946,"url":"https:\/\/avrupapress.com\/main\/wp-content\/uploads\/2026\/02\/22bf52ad-3ac0-4c19-80f5-df5a7e575fb3-e1770154681446.jpg","type":"image\/jpeg"}],"author":"Edit\u00f6r","twitter_card":"summary_large_image","twitter_misc":{"\u00c9crit par":"Edit\u00f6r","Dur\u00e9e de lecture est.":"5 minutes"},"schema":{"@context":"https:\/\/schema.org","@graph":[{"@type":"Article","@id":"https:\/\/avrupapress.com\/main\/2026\/02\/03\/cumhurbaskani-basdanismani-oktay-saral-ve-of-belediye-baskani-salim-sarialioglu-belcikada\/#article","isPartOf":{"@id":"https:\/\/avrupapress.com\/main\/2026\/02\/03\/cumhurbaskani-basdanismani-oktay-saral-ve-of-belediye-baskani-salim-sarialioglu-belcikada\/"},"author":{"name":"Edit\u00f6r","@id":"https:\/\/avrupapress.com\/#\/schema\/person\/68428444ec60970d1e1b700cf4ca1e8f"},"headline":"Cumhurba\u015fkan\u0131 Ba\u015fdan\u0131\u015fman\u0131 Oktay Saral ve OF Belediye Ba\u015fkan\u0131 Salim Sar\u0131alio\u011flu Bel\u00e7ika\u2019da","datePublished":"2026-02-03T21:29:35+00:00","dateModified":"2026-02-03T21:41:42+00:00","mainEntityOfPage":{"@id":"https:\/\/avrupapress.com\/main\/2026\/02\/03\/cumhurbaskani-basdanismani-oktay-saral-ve-of-belediye-baskani-salim-sarialioglu-belcikada\/"},"wordCount":443,"publisher":{"@id":"https:\/\/avrupapress.com\/#\/schema\/person\/0223dca19c72c43575bf30d1a2d8f4fa"},"image":{"@id":"https:\/\/avrupapress.com\/main\/2026\/02\/03\/cumhurbaskani-basdanismani-oktay-saral-ve-of-belediye-baskani-salim-sarialioglu-belcikada\/#primaryimage"},"thumbnailUrl":"https:\/\/avrupapress.com\/main\/wp-content\/uploads\/2026\/02\/22bf52ad-3ac0-4c19-80f5-df5a7e575fb3-e1770154681446.jpg","articleSection":["Avrupa","Bel\u00e7ika","D\u00fcnya","Ekonomi","K\u00fclt\u00fcr-Sanat","Spor","T\u00fcrkiye","Uncategorized"],"inLanguage":"fr-BE"},{"@type":"WebPage","@id":"https:\/\/avrupapress.com\/main\/2026\/02\/03\/cumhurbaskani-basdanismani-oktay-saral-ve-of-belediye-baskani-salim-sarialioglu-belcikada\/","url":"https:\/\/avrupapress.com\/main\/2026\/02\/03\/cumhurbaskani-basdanismani-oktay-saral-ve-of-belediye-baskani-salim-sarialioglu-belcikada\/","name":"Cumhurba\u015fkan\u0131 Ba\u015fdan\u0131\u015fman\u0131 Oktay Saral ve OF Belediye Ba\u015fkan\u0131 Salim Sar\u0131alio\u011flu Bel\u00e7ika\u2019da - AvrupaPress","isPartOf":{"@id":"https:\/\/avrupapress.com\/#website"},"primaryImageOfPage":{"@id":"https:\/\/avrupapress.com\/main\/2026\/02\/03\/cumhurbaskani-basdanismani-oktay-saral-ve-of-belediye-baskani-salim-sarialioglu-belcikada\/#primaryimage"},"image":{"@id":"https:\/\/avrupapress.com\/main\/2026\/02\/03\/cumhurbaskani-basdanismani-oktay-saral-ve-of-belediye-baskani-salim-sarialioglu-belcikada\/#primaryimage"},"thumbnailUrl":"https:\/\/avrupapress.com\/main\/wp-content\/uploads\/2026\/02\/22bf52ad-3ac0-4c19-80f5-df5a7e575fb3-e1770154681446.jpg","datePublished":"2026-02-03T21:29:35+00:00","dateModified":"2026-02-03T21:41:42+00:00","breadcrumb":{"@id":"https:\/\/avrupapress.com\/main\/2026\/02\/03\/cumhurbaskani-basdanismani-oktay-saral-ve-of-belediye-baskani-salim-sarialioglu-belcikada\/#breadcrumb"},"inLanguage":"fr-BE","potentialAction":[{"@type":"ReadAction","target":["https:\/\/avrupapress.com\/main\/2026\/02\/03\/cumhurbaskani-basdanismani-oktay-saral-ve-of-belediye-baskani-salim-sarialioglu-belcikada\/"]}]},{"@type":"ImageObject","inLanguage":"fr-BE","@id":"https:\/\/avrupapress.com\/main\/2026\/02\/03\/cumhurbaskani-basdanismani-oktay-saral-ve-of-belediye-baskani-salim-sarialioglu-belcikada\/#primaryimage","url":"https:\/\/avrupapress.com\/main\/wp-content\/uploads\/2026\/02\/22bf52ad-3ac0-4c19-80f5-df5a7e575fb3-e1770154681446.jpg","contentUrl":"https:\/\/avrupapress.com\/main\/wp-content\/uploads\/2026\/02\/22bf52ad-3ac0-4c19-80f5-df5a7e575fb3-e1770154681446.jpg","width":1920,"height":1946},{"@type":"BreadcrumbList","@id":"https:\/\/avrupapress.com\/main\/2026\/02\/03\/cumhurbaskani-basdanismani-oktay-saral-ve-of-belediye-baskani-salim-sarialioglu-belcikada\/#breadcrumb","itemListElement":[{"@type":"ListItem","position":1,"name":"Anasayfa","item":"https:\/\/avrupapress.com\/"},{"@type":"ListItem","position":2,"name":"Cumhurba\u015fkan\u0131 Ba\u015fdan\u0131\u015fman\u0131 Oktay Saral ve OF Belediye Ba\u015fkan\u0131 Salim Sar\u0131alio\u011flu Bel\u00e7ika\u2019da"}]},{"@type":"WebSite","@id":"https:\/\/avrupapress.com\/#website","url":"https:\/\/avrupapress.com\/","name":"AvrupaPress","description":"Haberin Adresi","publisher":{"@id":"https:\/\/avrupapress.com\/#\/schema\/person\/0223dca19c72c43575bf30d1a2d8f4fa"},"potentialAction":[{"@type":"SearchAction","target":{"@type":"EntryPoint","urlTemplate":"https:\/\/avrupapress.com\/?s={search_term_string}"},"query-input":{"@type":"PropertyValueSpecification","valueRequired":true,"valueName":"search_term_string"}}],"inLanguage":"fr-BE"},{"@type":["Person","Organization"],"@id":"https:\/\/avrupapress.com\/#\/schema\/person\/0223dca19c72c43575bf30d1a2d8f4fa","name":"Bilgin \u00d6z\u00e7ift\u00e7i","image":{"@type":"ImageObject","inLanguage":"fr-BE","@id":"https:\/\/avrupapress.com\/#\/schema\/person\/image\/","url":"https:\/\/secure.gravatar.com\/avatar\/0f23b280433a21e1ea7a0adcc46ed0ad16afe3ad8e630fd13d8a017dcbd54ef3?s=96&d=mm&r=g","contentUrl":"https:\/\/secure.gravatar.com\/avatar\/0f23b280433a21e1ea7a0adcc46ed0ad16afe3ad8e630fd13d8a017dcbd54ef3?s=96&d=mm&r=g","caption":"Bilgin \u00d6z\u00e7ift\u00e7i"},"logo":{"@id":"https:\/\/avrupapress.com\/#\/schema\/person\/image\/"},"description":"Ne ben, nede sen... Biz ancak \"biz\" olursak g\u00fc\u00e7l\u00fc olabiliriz"},{"@type":"Person","@id":"https:\/\/avrupapress.com\/#\/schema\/person\/68428444ec60970d1e1b700cf4ca1e8f","name":"Edit\u00f6r","image":{"@type":"ImageObject","inLanguage":"fr-BE","@id":"https:\/\/avrupapress.com\/#\/schema\/person\/image\/","url":"https:\/\/secure.gravatar.com\/avatar\/74996b0977aa5f1559ba9883776652508b229005c0d78fb2597897f0bd651c09?s=96&d=mm&r=g","contentUrl":"https:\/\/secure.gravatar.com\/avatar\/74996b0977aa5f1559ba9883776652508b229005c0d78fb2597897f0bd651c09?s=96&d=mm&r=g","caption":"Edit\u00f6r"},"sameAs":["http:\/\/www.avrupapress.com"],"url":"https:\/\/avrupapress.com\/main\/author\/editor\/"}]}},"_links":{"self":[{"href":"https:\/\/avrupapress.com\/main\/wp-json\/wp\/v2\/posts\/32664","targetHints":{"allow":["GET"]}}],"collection":[{"href":"https:\/\/avrupapress.com\/main\/wp-json\/wp\/v2\/posts"}],"about":[{"href":"https:\/\/avrupapress.com\/main\/wp-json\/wp\/v2\/types\/post"}],"author":[{"embeddable":true,"href":"https:\/\/avrupapress.com\/main\/wp-json\/wp\/v2\/users\/3"}],"replies":[{"embeddable":true,"href":"https:\/\/avrupapress.com\/main\/wp-json\/wp\/v2\/comments?post=32664"}],"version-history":[{"count":3,"href":"https:\/\/avrupapress.com\/main\/wp-json\/wp\/v2\/posts\/32664\/revisions"}],"predecessor-version":[{"id":32678,"href":"https:\/\/avrupapress.com\/main\/wp-json\/wp\/v2\/posts\/32664\/revisions\/32678"}],"wp:featuredmedia":[{"embeddable":true,"href":"https:\/\/avrupapress.com\/main\/wp-json\/wp\/v2\/media\/32672"}],"wp:attachment":[{"href":"https:\/\/avrupapress.com\/main\/wp-json\/wp\/v2\/media?parent=32664"}],"wp:term":[{"taxonomy":"category","embeddable":true,"href":"https:\/\/avrupapress.com\/main\/wp-json\/wp\/v2\/categories?post=32664"},{"taxonomy":"post_tag","embeddable":true,"href":"https:\/\/avrupapress.com\/main\/wp-json\/wp\/v2\/tags?post=32664"}],"curies":[{"name":"wp","href":"https:\/\/api.w.org\/{rel}","templated":true}]}}