{"id":32661,"date":"2026-02-03T20:36:50","date_gmt":"2026-02-03T20:36:50","guid":{"rendered":"https:\/\/avrupapress.com\/main\/?p=32661"},"modified":"2026-02-03T20:36:57","modified_gmt":"2026-02-03T20:36:57","slug":"turkiye-genelinde-ramazan-pidesi-fiyati-belli-oldu","status":"publish","type":"post","link":"https:\/\/avrupapress.com\/main\/2026\/02\/03\/turkiye-genelinde-ramazan-pidesi-fiyati-belli-oldu\/","title":{"rendered":"T\u00fcrkiye genelinde Ramazan pidesi fiyat\u0131 belli oldu"},"content":{"rendered":"<h2 class=\"news-spot\">Ramazan pidesi, T\u00fcrkiye genelinde kilogram\u0131 azami 100 liradan sat\u0131\u015fa sunulacak. Buna g\u00f6re, Ankara ve \u0130stanbul&rsquo;da 250 gram Ramazan pidesi 25 liradan sat\u0131\u015fa sunulacak.<\/h2>\n<div class=\"news-image\"><picture><img loading=\"lazy\" decoding=\"async\" class=\" lazyloaded\" src=\"https:\/\/trthaberstatic.cdn.wp.trt.com.tr\/resimler\/2434000\/ramazan-pidesi-2435028.jpg\" alt=\"T\u00fcrkiye genelinde Ramazan pidesi fiyat\u0131 belli oldu\" width=\"1013\" height=\"569\" data-src=\"https:\/\/trthaberstatic.cdn.wp.trt.com.tr\/resimler\/2434000\/ramazan-pidesi-2435028.jpg\" \/><\/picture><\/div>\n<div class=\"social-links-container\">\n<p>&nbsp;<\/p>\n<\/div>\n<div class=\"news-content\">\n<p>T\u00fcrkiye F\u0131r\u0131nc\u0131lar Federasyonu, 2026 y\u0131l\u0131 Ramazan ay\u0131 boyunca uygulanacak pide fiyatlar\u0131n\u0131 a\u00e7\u0131klad\u0131. Bu y\u0131l T\u00fcrkiye genelinde Ramazan pidesinin kilogram fiyat\u0131 azami 100 lira olarak uygulanacak.<\/p>\n<h2>Ankara ve \u0130stanbul\u2019da 250 gram pide 25 lira<\/h2>\n<p>Belirlenen azami kilogram fiyat\u0131 do\u011frultusunda, T\u00fcrkiye&rsquo;nin en b\u00fcy\u00fck iki metropol\u00fc olan Ankara ve \u0130stanbul\u2019da Ramazan pidesi fiyatlar\u0131 da belli oldu. Her iki ilde de 250 gram a\u011f\u0131rl\u0131\u011f\u0131ndaki Ramazan pidesi, 25 liradan t\u00fcketiciye sunulacak.<\/p>\n<p>&nbsp;<\/p>\n<p><img decoding=\"async\" src=\"https:\/\/www.trthaber.com\/dosyalar\/images\/AA-37231027.jpg\" alt=\"T\u00fcrkiye genelinde Ramazan pidesi fiyat\u0131 belli oldu\" \/><\/p>\n<p>&nbsp;<\/p>\n<p>Buna g\u00f6re, Ankara ve \u0130stanbul\u2019daki vatanda\u015flar sofralar\u0131n vazge\u00e7ilmezi olan pideyi, gramaj\u0131 ve fiyat\u0131 sabitlenmi\u015f \u015fekilde f\u0131r\u0131nlardan temin edebilecek.<\/p>\n<p>Ramazan pidesi sat\u0131\u015f\u0131, Ramazan ay\u0131n\u0131n ilk g\u00fcn\u00fc itibar\u0131yla t\u00fcm T\u00fcrkiye genelinde yeni tarife \u00fczerinden ba\u015flayacak.<\/p>\n<\/div>\n<p>&nbsp;<\/p>\n<p><strong>Bilgin Ozcifci\u00a0 \u00a0 \u00a0 \u00a0\/\u00a0 \u00a0 \u00a0 \u00a0AVRUPAPRESS<\/strong><\/p>\n","protected":false},"excerpt":{"rendered":"<p>Ramazan pidesi, T\u00fcrkiye genelinde kilogram\u0131 azami 100 liradan sat\u0131\u015fa sunulacak. Buna g\u00f6re, Ankara ve \u0130stanbul&rsquo;da 250 gram Ramazan pidesi 25 liradan sat\u0131\u015fa sunulacak. &nbsp; T\u00fcrkiye F\u0131r\u0131nc\u0131lar Federasyonu, 2026 y\u0131l\u0131 Ramazan ay\u0131 boyunca uygulanacak pide fiyatlar\u0131n\u0131 a\u00e7\u0131klad\u0131. Bu y\u0131l T\u00fcrkiye genelinde Ramazan pidesinin kilogram fiyat\u0131 azami 100 lira olarak uygulanacak. Ankara ve \u0130stanbul\u2019da 250 gram pide [&hellip;]<\/p>\n","protected":false},"author":3,"featured_media":32662,"comment_status":"closed","ping_status":"open","sticky":false,"template":"","format":"standard","meta":{"footnotes":""},"categories":[14,16,3,17,18,15,19,2,1],"tags":[],"class_list":["post-32661","post","type-post","status-publish","format-standard","has-post-thumbnail","hentry","category-avrupa","category-belcika","category-dunya","category-ekonomi","category-kultur-sanat","category-spor","category-tanitim","category-turkiye","category-uncategorized"],"yoast_head":"<!-- This site is optimized with the Yoast SEO plugin v26.9 - https:\/\/yoast.com\/product\/yoast-seo-wordpress\/ -->\n<title>T\u00fcrkiye genelinde Ramazan pidesi fiyat\u0131 belli oldu - AvrupaPress<\/title>\n<meta name=\"robots\" content=\"index, follow, max-snippet:-1, max-image-preview:large, max-video-preview:-1\" \/>\n<link rel=\"canonical\" href=\"https:\/\/avrupapress.com\/main\/2026\/02\/03\/turkiye-genelinde-ramazan-pidesi-fiyati-belli-oldu\/\" \/>\n<meta property=\"og:locale\" content=\"fr_FR\" \/>\n<meta property=\"og:type\" content=\"article\" \/>\n<meta property=\"og:title\" content=\"T\u00fcrkiye genelinde Ramazan pidesi fiyat\u0131 belli oldu - AvrupaPress\" \/>\n<meta property=\"og:description\" content=\"Ramazan pidesi, T\u00fcrkiye genelinde kilogram\u0131 azami 100 liradan sat\u0131\u015fa sunulacak. Buna g\u00f6re, Ankara ve \u0130stanbul&rsquo;da 250 gram Ramazan pidesi 25 liradan sat\u0131\u015fa sunulacak. &nbsp; T\u00fcrkiye F\u0131r\u0131nc\u0131lar Federasyonu, 2026 y\u0131l\u0131 Ramazan ay\u0131 boyunca uygulanacak pide fiyatlar\u0131n\u0131 a\u00e7\u0131klad\u0131. Bu y\u0131l T\u00fcrkiye genelinde Ramazan pidesinin kilogram fiyat\u0131 azami 100 lira olarak uygulanacak. Ankara ve \u0130stanbul\u2019da 250 gram pide [&hellip;]\" \/>\n<meta property=\"og:url\" content=\"https:\/\/avrupapress.com\/main\/2026\/02\/03\/turkiye-genelinde-ramazan-pidesi-fiyati-belli-oldu\/\" \/>\n<meta property=\"og:site_name\" content=\"AvrupaPress\" \/>\n<meta property=\"article:published_time\" content=\"2026-02-03T20:36:50+00:00\" \/>\n<meta property=\"article:modified_time\" content=\"2026-02-03T20:36:57+00:00\" \/>\n<meta property=\"og:image\" content=\"https:\/\/avrupapress.com\/main\/wp-content\/uploads\/2026\/02\/ramazan-pidesi-2435028_2.jpg\" \/>\n\t<meta property=\"og:image:width\" content=\"640\" \/>\n\t<meta property=\"og:image:height\" content=\"360\" \/>\n\t<meta property=\"og:image:type\" content=\"image\/jpeg\" \/>\n<meta name=\"author\" content=\"Edit\u00f6r\" \/>\n<meta name=\"twitter:card\" content=\"summary_large_image\" \/>\n<meta name=\"twitter:label1\" content=\"\u00c9crit par\" \/>\n\t<meta name=\"twitter:data1\" content=\"Edit\u00f6r\" \/>\n\t<meta name=\"twitter:label2\" content=\"Dur\u00e9e de lecture est.\" \/>\n\t<meta name=\"twitter:data2\" content=\"2 minutes\" \/>\n<script type=\"application\/ld+json\" class=\"yoast-schema-graph\">{\"@context\":\"https:\/\/schema.org\",\"@graph\":[{\"@type\":\"Article\",\"@id\":\"https:\/\/avrupapress.com\/main\/2026\/02\/03\/turkiye-genelinde-ramazan-pidesi-fiyati-belli-oldu\/#article\",\"isPartOf\":{\"@id\":\"https:\/\/avrupapress.com\/main\/2026\/02\/03\/turkiye-genelinde-ramazan-pidesi-fiyati-belli-oldu\/\"},\"author\":{\"name\":\"Edit\u00f6r\",\"@id\":\"https:\/\/avrupapress.com\/#\/schema\/person\/68428444ec60970d1e1b700cf4ca1e8f\"},\"headline\":\"T\u00fcrkiye genelinde Ramazan pidesi fiyat\u0131 belli oldu\",\"datePublished\":\"2026-02-03T20:36:50+00:00\",\"dateModified\":\"2026-02-03T20:36:57+00:00\",\"mainEntityOfPage\":{\"@id\":\"https:\/\/avrupapress.com\/main\/2026\/02\/03\/turkiye-genelinde-ramazan-pidesi-fiyati-belli-oldu\/\"},\"wordCount\":164,\"publisher\":{\"@id\":\"https:\/\/avrupapress.com\/#\/schema\/person\/0223dca19c72c43575bf30d1a2d8f4fa\"},\"image\":{\"@id\":\"https:\/\/avrupapress.com\/main\/2026\/02\/03\/turkiye-genelinde-ramazan-pidesi-fiyati-belli-oldu\/#primaryimage\"},\"thumbnailUrl\":\"https:\/\/avrupapress.com\/main\/wp-content\/uploads\/2026\/02\/ramazan-pidesi-2435028_2.jpg\",\"articleSection\":[\"Avrupa\",\"Bel\u00e7ika\",\"D\u00fcnya\",\"Ekonomi\",\"K\u00fclt\u00fcr-Sanat\",\"Spor\",\"Tan\u0131t\u0131m\",\"T\u00fcrkiye\",\"Uncategorized\"],\"inLanguage\":\"fr-BE\"},{\"@type\":\"WebPage\",\"@id\":\"https:\/\/avrupapress.com\/main\/2026\/02\/03\/turkiye-genelinde-ramazan-pidesi-fiyati-belli-oldu\/\",\"url\":\"https:\/\/avrupapress.com\/main\/2026\/02\/03\/turkiye-genelinde-ramazan-pidesi-fiyati-belli-oldu\/\",\"name\":\"T\u00fcrkiye genelinde Ramazan pidesi fiyat\u0131 belli oldu - AvrupaPress\",\"isPartOf\":{\"@id\":\"https:\/\/avrupapress.com\/#website\"},\"primaryImageOfPage\":{\"@id\":\"https:\/\/avrupapress.com\/main\/2026\/02\/03\/turkiye-genelinde-ramazan-pidesi-fiyati-belli-oldu\/#primaryimage\"},\"image\":{\"@id\":\"https:\/\/avrupapress.com\/main\/2026\/02\/03\/turkiye-genelinde-ramazan-pidesi-fiyati-belli-oldu\/#primaryimage\"},\"thumbnailUrl\":\"https:\/\/avrupapress.com\/main\/wp-content\/uploads\/2026\/02\/ramazan-pidesi-2435028_2.jpg\",\"datePublished\":\"2026-02-03T20:36:50+00:00\",\"dateModified\":\"2026-02-03T20:36:57+00:00\",\"breadcrumb\":{\"@id\":\"https:\/\/avrupapress.com\/main\/2026\/02\/03\/turkiye-genelinde-ramazan-pidesi-fiyati-belli-oldu\/#breadcrumb\"},\"inLanguage\":\"fr-BE\",\"potentialAction\":[{\"@type\":\"ReadAction\",\"target\":[\"https:\/\/avrupapress.com\/main\/2026\/02\/03\/turkiye-genelinde-ramazan-pidesi-fiyati-belli-oldu\/\"]}]},{\"@type\":\"ImageObject\",\"inLanguage\":\"fr-BE\",\"@id\":\"https:\/\/avrupapress.com\/main\/2026\/02\/03\/turkiye-genelinde-ramazan-pidesi-fiyati-belli-oldu\/#primaryimage\",\"url\":\"https:\/\/avrupapress.com\/main\/wp-content\/uploads\/2026\/02\/ramazan-pidesi-2435028_2.jpg\",\"contentUrl\":\"https:\/\/avrupapress.com\/main\/wp-content\/uploads\/2026\/02\/ramazan-pidesi-2435028_2.jpg\",\"width\":640,\"height\":360},{\"@type\":\"BreadcrumbList\",\"@id\":\"https:\/\/avrupapress.com\/main\/2026\/02\/03\/turkiye-genelinde-ramazan-pidesi-fiyati-belli-oldu\/#breadcrumb\",\"itemListElement\":[{\"@type\":\"ListItem\",\"position\":1,\"name\":\"Anasayfa\",\"item\":\"https:\/\/avrupapress.com\/\"},{\"@type\":\"ListItem\",\"position\":2,\"name\":\"T\u00fcrkiye genelinde Ramazan pidesi fiyat\u0131 belli oldu\"}]},{\"@type\":\"WebSite\",\"@id\":\"https:\/\/avrupapress.com\/#website\",\"url\":\"https:\/\/avrupapress.com\/\",\"name\":\"AvrupaPress\",\"description\":\"Haberin Adresi\",\"publisher\":{\"@id\":\"https:\/\/avrupapress.com\/#\/schema\/person\/0223dca19c72c43575bf30d1a2d8f4fa\"},\"potentialAction\":[{\"@type\":\"SearchAction\",\"target\":{\"@type\":\"EntryPoint\",\"urlTemplate\":\"https:\/\/avrupapress.com\/?s={search_term_string}\"},\"query-input\":{\"@type\":\"PropertyValueSpecification\",\"valueRequired\":true,\"valueName\":\"search_term_string\"}}],\"inLanguage\":\"fr-BE\"},{\"@type\":[\"Person\",\"Organization\"],\"@id\":\"https:\/\/avrupapress.com\/#\/schema\/person\/0223dca19c72c43575bf30d1a2d8f4fa\",\"name\":\"Bilgin \u00d6z\u00e7ift\u00e7i\",\"image\":{\"@type\":\"ImageObject\",\"inLanguage\":\"fr-BE\",\"@id\":\"https:\/\/avrupapress.com\/#\/schema\/person\/image\/\",\"url\":\"https:\/\/secure.gravatar.com\/avatar\/0f23b280433a21e1ea7a0adcc46ed0ad16afe3ad8e630fd13d8a017dcbd54ef3?s=96&d=mm&r=g\",\"contentUrl\":\"https:\/\/secure.gravatar.com\/avatar\/0f23b280433a21e1ea7a0adcc46ed0ad16afe3ad8e630fd13d8a017dcbd54ef3?s=96&d=mm&r=g\",\"caption\":\"Bilgin \u00d6z\u00e7ift\u00e7i\"},\"logo\":{\"@id\":\"https:\/\/avrupapress.com\/#\/schema\/person\/image\/\"},\"description\":\"Ne ben, nede sen... Biz ancak \\\"biz\\\" olursak g\u00fc\u00e7l\u00fc olabiliriz\"},{\"@type\":\"Person\",\"@id\":\"https:\/\/avrupapress.com\/#\/schema\/person\/68428444ec60970d1e1b700cf4ca1e8f\",\"name\":\"Edit\u00f6r\",\"image\":{\"@type\":\"ImageObject\",\"inLanguage\":\"fr-BE\",\"@id\":\"https:\/\/avrupapress.com\/#\/schema\/person\/image\/\",\"url\":\"https:\/\/secure.gravatar.com\/avatar\/74996b0977aa5f1559ba9883776652508b229005c0d78fb2597897f0bd651c09?s=96&d=mm&r=g\",\"contentUrl\":\"https:\/\/secure.gravatar.com\/avatar\/74996b0977aa5f1559ba9883776652508b229005c0d78fb2597897f0bd651c09?s=96&d=mm&r=g\",\"caption\":\"Edit\u00f6r\"},\"sameAs\":[\"http:\/\/www.avrupapress.com\"],\"url\":\"https:\/\/avrupapress.com\/main\/author\/editor\/\"}]}<\/script>\n<!-- \/ Yoast SEO plugin. -->","yoast_head_json":{"title":"T\u00fcrkiye genelinde Ramazan pidesi fiyat\u0131 belli oldu - AvrupaPress","robots":{"index":"index","follow":"follow","max-snippet":"max-snippet:-1","max-image-preview":"max-image-preview:large","max-video-preview":"max-video-preview:-1"},"canonical":"https:\/\/avrupapress.com\/main\/2026\/02\/03\/turkiye-genelinde-ramazan-pidesi-fiyati-belli-oldu\/","og_locale":"fr_FR","og_type":"article","og_title":"T\u00fcrkiye genelinde Ramazan pidesi fiyat\u0131 belli oldu - AvrupaPress","og_description":"Ramazan pidesi, T\u00fcrkiye genelinde kilogram\u0131 azami 100 liradan sat\u0131\u015fa sunulacak. Buna g\u00f6re, Ankara ve \u0130stanbul&rsquo;da 250 gram Ramazan pidesi 25 liradan sat\u0131\u015fa sunulacak. &nbsp; T\u00fcrkiye F\u0131r\u0131nc\u0131lar Federasyonu, 2026 y\u0131l\u0131 Ramazan ay\u0131 boyunca uygulanacak pide fiyatlar\u0131n\u0131 a\u00e7\u0131klad\u0131. Bu y\u0131l T\u00fcrkiye genelinde Ramazan pidesinin kilogram fiyat\u0131 azami 100 lira olarak uygulanacak. Ankara ve \u0130stanbul\u2019da 250 gram pide [&hellip;]","og_url":"https:\/\/avrupapress.com\/main\/2026\/02\/03\/turkiye-genelinde-ramazan-pidesi-fiyati-belli-oldu\/","og_site_name":"AvrupaPress","article_published_time":"2026-02-03T20:36:50+00:00","article_modified_time":"2026-02-03T20:36:57+00:00","og_image":[{"width":640,"height":360,"url":"https:\/\/avrupapress.com\/main\/wp-content\/uploads\/2026\/02\/ramazan-pidesi-2435028_2.jpg","type":"image\/jpeg"}],"author":"Edit\u00f6r","twitter_card":"summary_large_image","twitter_misc":{"\u00c9crit par":"Edit\u00f6r","Dur\u00e9e de lecture est.":"2 minutes"},"schema":{"@context":"https:\/\/schema.org","@graph":[{"@type":"Article","@id":"https:\/\/avrupapress.com\/main\/2026\/02\/03\/turkiye-genelinde-ramazan-pidesi-fiyati-belli-oldu\/#article","isPartOf":{"@id":"https:\/\/avrupapress.com\/main\/2026\/02\/03\/turkiye-genelinde-ramazan-pidesi-fiyati-belli-oldu\/"},"author":{"name":"Edit\u00f6r","@id":"https:\/\/avrupapress.com\/#\/schema\/person\/68428444ec60970d1e1b700cf4ca1e8f"},"headline":"T\u00fcrkiye genelinde Ramazan pidesi fiyat\u0131 belli oldu","datePublished":"2026-02-03T20:36:50+00:00","dateModified":"2026-02-03T20:36:57+00:00","mainEntityOfPage":{"@id":"https:\/\/avrupapress.com\/main\/2026\/02\/03\/turkiye-genelinde-ramazan-pidesi-fiyati-belli-oldu\/"},"wordCount":164,"publisher":{"@id":"https:\/\/avrupapress.com\/#\/schema\/person\/0223dca19c72c43575bf30d1a2d8f4fa"},"image":{"@id":"https:\/\/avrupapress.com\/main\/2026\/02\/03\/turkiye-genelinde-ramazan-pidesi-fiyati-belli-oldu\/#primaryimage"},"thumbnailUrl":"https:\/\/avrupapress.com\/main\/wp-content\/uploads\/2026\/02\/ramazan-pidesi-2435028_2.jpg","articleSection":["Avrupa","Bel\u00e7ika","D\u00fcnya","Ekonomi","K\u00fclt\u00fcr-Sanat","Spor","Tan\u0131t\u0131m","T\u00fcrkiye","Uncategorized"],"inLanguage":"fr-BE"},{"@type":"WebPage","@id":"https:\/\/avrupapress.com\/main\/2026\/02\/03\/turkiye-genelinde-ramazan-pidesi-fiyati-belli-oldu\/","url":"https:\/\/avrupapress.com\/main\/2026\/02\/03\/turkiye-genelinde-ramazan-pidesi-fiyati-belli-oldu\/","name":"T\u00fcrkiye genelinde Ramazan pidesi fiyat\u0131 belli oldu - AvrupaPress","isPartOf":{"@id":"https:\/\/avrupapress.com\/#website"},"primaryImageOfPage":{"@id":"https:\/\/avrupapress.com\/main\/2026\/02\/03\/turkiye-genelinde-ramazan-pidesi-fiyati-belli-oldu\/#primaryimage"},"image":{"@id":"https:\/\/avrupapress.com\/main\/2026\/02\/03\/turkiye-genelinde-ramazan-pidesi-fiyati-belli-oldu\/#primaryimage"},"thumbnailUrl":"https:\/\/avrupapress.com\/main\/wp-content\/uploads\/2026\/02\/ramazan-pidesi-2435028_2.jpg","datePublished":"2026-02-03T20:36:50+00:00","dateModified":"2026-02-03T20:36:57+00:00","breadcrumb":{"@id":"https:\/\/avrupapress.com\/main\/2026\/02\/03\/turkiye-genelinde-ramazan-pidesi-fiyati-belli-oldu\/#breadcrumb"},"inLanguage":"fr-BE","potentialAction":[{"@type":"ReadAction","target":["https:\/\/avrupapress.com\/main\/2026\/02\/03\/turkiye-genelinde-ramazan-pidesi-fiyati-belli-oldu\/"]}]},{"@type":"ImageObject","inLanguage":"fr-BE","@id":"https:\/\/avrupapress.com\/main\/2026\/02\/03\/turkiye-genelinde-ramazan-pidesi-fiyati-belli-oldu\/#primaryimage","url":"https:\/\/avrupapress.com\/main\/wp-content\/uploads\/2026\/02\/ramazan-pidesi-2435028_2.jpg","contentUrl":"https:\/\/avrupapress.com\/main\/wp-content\/uploads\/2026\/02\/ramazan-pidesi-2435028_2.jpg","width":640,"height":360},{"@type":"BreadcrumbList","@id":"https:\/\/avrupapress.com\/main\/2026\/02\/03\/turkiye-genelinde-ramazan-pidesi-fiyati-belli-oldu\/#breadcrumb","itemListElement":[{"@type":"ListItem","position":1,"name":"Anasayfa","item":"https:\/\/avrupapress.com\/"},{"@type":"ListItem","position":2,"name":"T\u00fcrkiye genelinde Ramazan pidesi fiyat\u0131 belli oldu"}]},{"@type":"WebSite","@id":"https:\/\/avrupapress.com\/#website","url":"https:\/\/avrupapress.com\/","name":"AvrupaPress","description":"Haberin Adresi","publisher":{"@id":"https:\/\/avrupapress.com\/#\/schema\/person\/0223dca19c72c43575bf30d1a2d8f4fa"},"potentialAction":[{"@type":"SearchAction","target":{"@type":"EntryPoint","urlTemplate":"https:\/\/avrupapress.com\/?s={search_term_string}"},"query-input":{"@type":"PropertyValueSpecification","valueRequired":true,"valueName":"search_term_string"}}],"inLanguage":"fr-BE"},{"@type":["Person","Organization"],"@id":"https:\/\/avrupapress.com\/#\/schema\/person\/0223dca19c72c43575bf30d1a2d8f4fa","name":"Bilgin \u00d6z\u00e7ift\u00e7i","image":{"@type":"ImageObject","inLanguage":"fr-BE","@id":"https:\/\/avrupapress.com\/#\/schema\/person\/image\/","url":"https:\/\/secure.gravatar.com\/avatar\/0f23b280433a21e1ea7a0adcc46ed0ad16afe3ad8e630fd13d8a017dcbd54ef3?s=96&d=mm&r=g","contentUrl":"https:\/\/secure.gravatar.com\/avatar\/0f23b280433a21e1ea7a0adcc46ed0ad16afe3ad8e630fd13d8a017dcbd54ef3?s=96&d=mm&r=g","caption":"Bilgin \u00d6z\u00e7ift\u00e7i"},"logo":{"@id":"https:\/\/avrupapress.com\/#\/schema\/person\/image\/"},"description":"Ne ben, nede sen... Biz ancak \"biz\" olursak g\u00fc\u00e7l\u00fc olabiliriz"},{"@type":"Person","@id":"https:\/\/avrupapress.com\/#\/schema\/person\/68428444ec60970d1e1b700cf4ca1e8f","name":"Edit\u00f6r","image":{"@type":"ImageObject","inLanguage":"fr-BE","@id":"https:\/\/avrupapress.com\/#\/schema\/person\/image\/","url":"https:\/\/secure.gravatar.com\/avatar\/74996b0977aa5f1559ba9883776652508b229005c0d78fb2597897f0bd651c09?s=96&d=mm&r=g","contentUrl":"https:\/\/secure.gravatar.com\/avatar\/74996b0977aa5f1559ba9883776652508b229005c0d78fb2597897f0bd651c09?s=96&d=mm&r=g","caption":"Edit\u00f6r"},"sameAs":["http:\/\/www.avrupapress.com"],"url":"https:\/\/avrupapress.com\/main\/author\/editor\/"}]}},"_links":{"self":[{"href":"https:\/\/avrupapress.com\/main\/wp-json\/wp\/v2\/posts\/32661","targetHints":{"allow":["GET"]}}],"collection":[{"href":"https:\/\/avrupapress.com\/main\/wp-json\/wp\/v2\/posts"}],"about":[{"href":"https:\/\/avrupapress.com\/main\/wp-json\/wp\/v2\/types\/post"}],"author":[{"embeddable":true,"href":"https:\/\/avrupapress.com\/main\/wp-json\/wp\/v2\/users\/3"}],"replies":[{"embeddable":true,"href":"https:\/\/avrupapress.com\/main\/wp-json\/wp\/v2\/comments?post=32661"}],"version-history":[{"count":1,"href":"https:\/\/avrupapress.com\/main\/wp-json\/wp\/v2\/posts\/32661\/revisions"}],"predecessor-version":[{"id":32663,"href":"https:\/\/avrupapress.com\/main\/wp-json\/wp\/v2\/posts\/32661\/revisions\/32663"}],"wp:featuredmedia":[{"embeddable":true,"href":"https:\/\/avrupapress.com\/main\/wp-json\/wp\/v2\/media\/32662"}],"wp:attachment":[{"href":"https:\/\/avrupapress.com\/main\/wp-json\/wp\/v2\/media?parent=32661"}],"wp:term":[{"taxonomy":"category","embeddable":true,"href":"https:\/\/avrupapress.com\/main\/wp-json\/wp\/v2\/categories?post=32661"},{"taxonomy":"post_tag","embeddable":true,"href":"https:\/\/avrupapress.com\/main\/wp-json\/wp\/v2\/tags?post=32661"}],"curies":[{"name":"wp","href":"https:\/\/api.w.org\/{rel}","templated":true}]}}