{"id":32657,"date":"2026-02-03T20:24:56","date_gmt":"2026-02-03T20:24:56","guid":{"rendered":"https:\/\/avrupapress.com\/main\/?p=32657"},"modified":"2026-02-03T20:25:03","modified_gmt":"2026-02-03T20:25:03","slug":"eskisehir-ayakkabicilar-esnaf-odasi-baskan-akin-yuksel-yeniden-baskan-oldu","status":"publish","type":"post","link":"https:\/\/avrupapress.com\/main\/2026\/02\/03\/eskisehir-ayakkabicilar-esnaf-odasi-baskan-akin-yuksel-yeniden-baskan-oldu\/","title":{"rendered":"Eski\u015fehir Ayakkab\u0131c\u0131lar Esnaf Odas\u0131 Ba\u015fkan  Ak\u0131n Y\u00fcksel Yeniden Ba\u015fkan Oldu"},"content":{"rendered":"<div dir=\"auto\" data-olk-copy-source=\"MessageBody\">Ak\u0131n Y\u00fcksel, 3 \u015eubat 2026 tarihinde yap\u0131lan se\u00e7imler sonucunda Eski\u015fehir Ayakkab\u0131c\u0131lar Esnaf Odas\u0131 Ba\u015fkanl\u0131\u011f\u0131na yeniden se\u00e7ildi. Se\u00e7im, Eski\u015fehir\u2019de faaliyet g\u00f6steren ayakkab\u0131c\u0131 esnaf\u0131n\u0131n kat\u0131l\u0131m\u0131yla ger\u00e7ekle\u015ftirildi. Oylama, odan\u0131n mevcut y\u00f6netim s\u00fcresinin sona ermesi \u00fczerine yap\u0131ld\u0131. Ak\u0131n Y\u00fcksel, \u00f6nceki d\u00f6nem \u00e7al\u0131\u015fmalar\u0131n\u0131n ard\u0131ndan yeniden aday oldu. Yap\u0131lan say\u0131m\u0131n ard\u0131ndan oylar\u0131n \u00e7o\u011funlu\u011funu alarak ba\u015fkanl\u0131k g\u00f6revini s\u00fcrd\u00fcrmeye hak kazand\u0131. Eski\u015fehir Ayakkab\u0131c\u0131lar Esnaf Odas\u0131 Ba\u015fkan\u0131 Ak\u0131n Y\u00fcksel, se\u00e7im sonras\u0131 yapt\u0131\u011f\u0131 a\u00e7\u0131klamada esnafa te\u015fekk\u00fcr etti. Ba\u015fkan Y\u00fcksel, birlik ve dayan\u0131\u015fma vurgusu yaparak yeni d\u00f6nemde de ayn\u0131 sorumluluk bilinciyle \u00e7al\u0131\u015facaklar\u0131n\u0131 belirtti. Y\u00fcksel, esnaf\u0131n sorunlar\u0131n\u0131n \u00e7\u00f6z\u00fcm\u00fc i\u00e7in ilgili kurumlarla i\u015f birli\u011fini s\u00fcrd\u00fcreceklerini ifade etti. Ayr\u0131ca, mesleki geli\u015fim ve e\u011fitim faaliyetlerine \u00f6nem vereceklerini s\u00f6yledi. Eski\u015fehir Ayakkab\u0131c\u0131lar Esnaf Odas\u0131, kentte ayakkab\u0131 sekt\u00f6r\u00fcnde faaliyet g\u00f6steren \u00e7ok say\u0131da esnaf\u0131 temsil ediyor. Oda, \u00fcyelerinin hak ve menfaatlerini korumak amac\u0131yla \u00e7e\u015fitli projeler y\u00fcr\u00fct\u00fcyor. Ba\u015fkanl\u0131k g\u00f6revi, esnaf\u0131n sekt\u00f6rel geli\u015fmelere uyum sa\u011flamas\u0131nda \u00f6nemli rol oynuyor. Ak\u0131n Y\u00fcksel\u2019in yeniden se\u00e7ilmesi, oda y\u00f6netiminde istikrar\u0131n devam\u0131 olarak de\u011ferlendirildi. Tebrik ziyaretleri ve kutlamalar kapsam\u0131nda esnaf temsilcilerinin bir araya gelmesi planland\u0131. Ba\u015fkan tebriklerini 3 \u015eubat 2026 Sal\u0131 g\u00fcn\u00fc saat 19.00\u2019da Esnaf Kefalet D\u00fc\u011f\u00fcn Salonu\u2019nda kabul edecek. Etkinli\u011fe t\u00fcm hem\u015fehriler davet edildi.<\/div>\n<div dir=\"auto\">Ak\u0131n Y\u00fcksel, Eski\u015fehir Ayakkab\u0131c\u0131lar Esnaf Odas\u0131 Ba\u015fkanl\u0131\u011f\u0131na yeniden se\u00e7ildi. Tebrikler saat 19.00\u2019da Esnaf Kefalet D\u00fc\u011f\u00fcn Salonu\u2019nda kabul edilecek.<\/div>\n<div dir=\"auto\"><\/div>\n<div dir=\"auto\"><img loading=\"lazy\" decoding=\"async\" class=\"alignnone size-medium wp-image-32658\" src=\"https:\/\/avrupapress.com\/main\/wp-content\/uploads\/2026\/02\/de1a7d32-7899-435f-a818-8f67df36a777-300x169.jpg\" alt=\"\" width=\"300\" height=\"169\" srcset=\"https:\/\/avrupapress.com\/main\/wp-content\/uploads\/2026\/02\/de1a7d32-7899-435f-a818-8f67df36a777-300x169.jpg 300w, https:\/\/avrupapress.com\/main\/wp-content\/uploads\/2026\/02\/de1a7d32-7899-435f-a818-8f67df36a777-1024x576.jpg 1024w, https:\/\/avrupapress.com\/main\/wp-content\/uploads\/2026\/02\/de1a7d32-7899-435f-a818-8f67df36a777-768x432.jpg 768w, https:\/\/avrupapress.com\/main\/wp-content\/uploads\/2026\/02\/de1a7d32-7899-435f-a818-8f67df36a777-740x420.jpg 740w, https:\/\/avrupapress.com\/main\/wp-content\/uploads\/2026\/02\/de1a7d32-7899-435f-a818-8f67df36a777.jpg 1280w\" sizes=\"auto, (max-width: 300px) 100vw, 300px\" \/><\/div>\n<div dir=\"auto\"><\/div>\n<div dir=\"auto\"><strong>Bilgin\u00a0 Ozcifci\u00a0 \u00a0 \u00a0 \u00a0\/\u00a0 \u00a0 \u00a0 AVRUPAPRESS<\/strong><\/div>\n","protected":false},"excerpt":{"rendered":"<p>Ak\u0131n Y\u00fcksel, 3 \u015eubat 2026 tarihinde yap\u0131lan se\u00e7imler sonucunda Eski\u015fehir Ayakkab\u0131c\u0131lar Esnaf Odas\u0131 Ba\u015fkanl\u0131\u011f\u0131na yeniden se\u00e7ildi. Se\u00e7im, Eski\u015fehir\u2019de faaliyet g\u00f6steren ayakkab\u0131c\u0131 esnaf\u0131n\u0131n kat\u0131l\u0131m\u0131yla ger\u00e7ekle\u015ftirildi. Oylama, odan\u0131n mevcut y\u00f6netim s\u00fcresinin sona ermesi \u00fczerine yap\u0131ld\u0131. Ak\u0131n Y\u00fcksel, \u00f6nceki d\u00f6nem \u00e7al\u0131\u015fmalar\u0131n\u0131n ard\u0131ndan yeniden aday oldu. Yap\u0131lan say\u0131m\u0131n ard\u0131ndan oylar\u0131n \u00e7o\u011funlu\u011funu alarak ba\u015fkanl\u0131k g\u00f6revini s\u00fcrd\u00fcrmeye hak kazand\u0131. Eski\u015fehir Ayakkab\u0131c\u0131lar [&hellip;]<\/p>\n","protected":false},"author":3,"featured_media":32659,"comment_status":"closed","ping_status":"open","sticky":false,"template":"","format":"standard","meta":{"footnotes":""},"categories":[14,16,3,17,18,15,19,2,1],"tags":[],"class_list":["post-32657","post","type-post","status-publish","format-standard","has-post-thumbnail","hentry","category-avrupa","category-belcika","category-dunya","category-ekonomi","category-kultur-sanat","category-spor","category-tanitim","category-turkiye","category-uncategorized"],"yoast_head":"<!-- This site is optimized with the Yoast SEO plugin v26.9 - https:\/\/yoast.com\/product\/yoast-seo-wordpress\/ -->\n<title>Eski\u015fehir Ayakkab\u0131c\u0131lar Esnaf Odas\u0131 Ba\u015fkan Ak\u0131n Y\u00fcksel Yeniden Ba\u015fkan Oldu - AvrupaPress<\/title>\n<meta name=\"robots\" content=\"index, follow, max-snippet:-1, max-image-preview:large, max-video-preview:-1\" \/>\n<link rel=\"canonical\" href=\"https:\/\/avrupapress.com\/main\/2026\/02\/03\/eskisehir-ayakkabicilar-esnaf-odasi-baskan-akin-yuksel-yeniden-baskan-oldu\/\" \/>\n<meta property=\"og:locale\" content=\"fr_FR\" \/>\n<meta property=\"og:type\" content=\"article\" \/>\n<meta property=\"og:title\" content=\"Eski\u015fehir Ayakkab\u0131c\u0131lar Esnaf Odas\u0131 Ba\u015fkan Ak\u0131n Y\u00fcksel Yeniden Ba\u015fkan Oldu - AvrupaPress\" \/>\n<meta property=\"og:description\" content=\"Ak\u0131n Y\u00fcksel, 3 \u015eubat 2026 tarihinde yap\u0131lan se\u00e7imler sonucunda Eski\u015fehir Ayakkab\u0131c\u0131lar Esnaf Odas\u0131 Ba\u015fkanl\u0131\u011f\u0131na yeniden se\u00e7ildi. Se\u00e7im, Eski\u015fehir\u2019de faaliyet g\u00f6steren ayakkab\u0131c\u0131 esnaf\u0131n\u0131n kat\u0131l\u0131m\u0131yla ger\u00e7ekle\u015ftirildi. Oylama, odan\u0131n mevcut y\u00f6netim s\u00fcresinin sona ermesi \u00fczerine yap\u0131ld\u0131. Ak\u0131n Y\u00fcksel, \u00f6nceki d\u00f6nem \u00e7al\u0131\u015fmalar\u0131n\u0131n ard\u0131ndan yeniden aday oldu. Yap\u0131lan say\u0131m\u0131n ard\u0131ndan oylar\u0131n \u00e7o\u011funlu\u011funu alarak ba\u015fkanl\u0131k g\u00f6revini s\u00fcrd\u00fcrmeye hak kazand\u0131. Eski\u015fehir Ayakkab\u0131c\u0131lar [&hellip;]\" \/>\n<meta property=\"og:url\" content=\"https:\/\/avrupapress.com\/main\/2026\/02\/03\/eskisehir-ayakkabicilar-esnaf-odasi-baskan-akin-yuksel-yeniden-baskan-oldu\/\" \/>\n<meta property=\"og:site_name\" content=\"AvrupaPress\" \/>\n<meta property=\"article:published_time\" content=\"2026-02-03T20:24:56+00:00\" \/>\n<meta property=\"article:modified_time\" content=\"2026-02-03T20:25:03+00:00\" \/>\n<meta property=\"og:image\" content=\"https:\/\/avrupapress.com\/main\/wp-content\/uploads\/2026\/02\/de1a7d32-7899-435f-a818-8f67df36a777-1.jpg\" \/>\n\t<meta property=\"og:image:width\" content=\"1280\" \/>\n\t<meta property=\"og:image:height\" content=\"720\" \/>\n\t<meta property=\"og:image:type\" content=\"image\/jpeg\" \/>\n<meta name=\"author\" content=\"Edit\u00f6r\" \/>\n<meta name=\"twitter:card\" content=\"summary_large_image\" \/>\n<meta name=\"twitter:label1\" content=\"\u00c9crit par\" \/>\n\t<meta name=\"twitter:data1\" content=\"Edit\u00f6r\" \/>\n\t<meta name=\"twitter:label2\" content=\"Dur\u00e9e de lecture est.\" \/>\n\t<meta name=\"twitter:data2\" content=\"2 minutes\" \/>\n<script type=\"application\/ld+json\" class=\"yoast-schema-graph\">{\"@context\":\"https:\/\/schema.org\",\"@graph\":[{\"@type\":\"Article\",\"@id\":\"https:\/\/avrupapress.com\/main\/2026\/02\/03\/eskisehir-ayakkabicilar-esnaf-odasi-baskan-akin-yuksel-yeniden-baskan-oldu\/#article\",\"isPartOf\":{\"@id\":\"https:\/\/avrupapress.com\/main\/2026\/02\/03\/eskisehir-ayakkabicilar-esnaf-odasi-baskan-akin-yuksel-yeniden-baskan-oldu\/\"},\"author\":{\"name\":\"Edit\u00f6r\",\"@id\":\"https:\/\/avrupapress.com\/#\/schema\/person\/68428444ec60970d1e1b700cf4ca1e8f\"},\"headline\":\"Eski\u015fehir Ayakkab\u0131c\u0131lar Esnaf Odas\u0131 Ba\u015fkan Ak\u0131n Y\u00fcksel Yeniden Ba\u015fkan Oldu\",\"datePublished\":\"2026-02-03T20:24:56+00:00\",\"dateModified\":\"2026-02-03T20:25:03+00:00\",\"mainEntityOfPage\":{\"@id\":\"https:\/\/avrupapress.com\/main\/2026\/02\/03\/eskisehir-ayakkabicilar-esnaf-odasi-baskan-akin-yuksel-yeniden-baskan-oldu\/\"},\"wordCount\":331,\"publisher\":{\"@id\":\"https:\/\/avrupapress.com\/#\/schema\/person\/0223dca19c72c43575bf30d1a2d8f4fa\"},\"image\":{\"@id\":\"https:\/\/avrupapress.com\/main\/2026\/02\/03\/eskisehir-ayakkabicilar-esnaf-odasi-baskan-akin-yuksel-yeniden-baskan-oldu\/#primaryimage\"},\"thumbnailUrl\":\"https:\/\/avrupapress.com\/main\/wp-content\/uploads\/2026\/02\/de1a7d32-7899-435f-a818-8f67df36a777-1.jpg\",\"articleSection\":[\"Avrupa\",\"Bel\u00e7ika\",\"D\u00fcnya\",\"Ekonomi\",\"K\u00fclt\u00fcr-Sanat\",\"Spor\",\"Tan\u0131t\u0131m\",\"T\u00fcrkiye\",\"Uncategorized\"],\"inLanguage\":\"fr-BE\"},{\"@type\":\"WebPage\",\"@id\":\"https:\/\/avrupapress.com\/main\/2026\/02\/03\/eskisehir-ayakkabicilar-esnaf-odasi-baskan-akin-yuksel-yeniden-baskan-oldu\/\",\"url\":\"https:\/\/avrupapress.com\/main\/2026\/02\/03\/eskisehir-ayakkabicilar-esnaf-odasi-baskan-akin-yuksel-yeniden-baskan-oldu\/\",\"name\":\"Eski\u015fehir Ayakkab\u0131c\u0131lar Esnaf Odas\u0131 Ba\u015fkan Ak\u0131n Y\u00fcksel Yeniden Ba\u015fkan Oldu - AvrupaPress\",\"isPartOf\":{\"@id\":\"https:\/\/avrupapress.com\/#website\"},\"primaryImageOfPage\":{\"@id\":\"https:\/\/avrupapress.com\/main\/2026\/02\/03\/eskisehir-ayakkabicilar-esnaf-odasi-baskan-akin-yuksel-yeniden-baskan-oldu\/#primaryimage\"},\"image\":{\"@id\":\"https:\/\/avrupapress.com\/main\/2026\/02\/03\/eskisehir-ayakkabicilar-esnaf-odasi-baskan-akin-yuksel-yeniden-baskan-oldu\/#primaryimage\"},\"thumbnailUrl\":\"https:\/\/avrupapress.com\/main\/wp-content\/uploads\/2026\/02\/de1a7d32-7899-435f-a818-8f67df36a777-1.jpg\",\"datePublished\":\"2026-02-03T20:24:56+00:00\",\"dateModified\":\"2026-02-03T20:25:03+00:00\",\"breadcrumb\":{\"@id\":\"https:\/\/avrupapress.com\/main\/2026\/02\/03\/eskisehir-ayakkabicilar-esnaf-odasi-baskan-akin-yuksel-yeniden-baskan-oldu\/#breadcrumb\"},\"inLanguage\":\"fr-BE\",\"potentialAction\":[{\"@type\":\"ReadAction\",\"target\":[\"https:\/\/avrupapress.com\/main\/2026\/02\/03\/eskisehir-ayakkabicilar-esnaf-odasi-baskan-akin-yuksel-yeniden-baskan-oldu\/\"]}]},{\"@type\":\"ImageObject\",\"inLanguage\":\"fr-BE\",\"@id\":\"https:\/\/avrupapress.com\/main\/2026\/02\/03\/eskisehir-ayakkabicilar-esnaf-odasi-baskan-akin-yuksel-yeniden-baskan-oldu\/#primaryimage\",\"url\":\"https:\/\/avrupapress.com\/main\/wp-content\/uploads\/2026\/02\/de1a7d32-7899-435f-a818-8f67df36a777-1.jpg\",\"contentUrl\":\"https:\/\/avrupapress.com\/main\/wp-content\/uploads\/2026\/02\/de1a7d32-7899-435f-a818-8f67df36a777-1.jpg\",\"width\":1280,\"height\":720},{\"@type\":\"BreadcrumbList\",\"@id\":\"https:\/\/avrupapress.com\/main\/2026\/02\/03\/eskisehir-ayakkabicilar-esnaf-odasi-baskan-akin-yuksel-yeniden-baskan-oldu\/#breadcrumb\",\"itemListElement\":[{\"@type\":\"ListItem\",\"position\":1,\"name\":\"Anasayfa\",\"item\":\"https:\/\/avrupapress.com\/\"},{\"@type\":\"ListItem\",\"position\":2,\"name\":\"Eski\u015fehir Ayakkab\u0131c\u0131lar Esnaf Odas\u0131 Ba\u015fkan Ak\u0131n Y\u00fcksel Yeniden Ba\u015fkan Oldu\"}]},{\"@type\":\"WebSite\",\"@id\":\"https:\/\/avrupapress.com\/#website\",\"url\":\"https:\/\/avrupapress.com\/\",\"name\":\"AvrupaPress\",\"description\":\"Haberin Adresi\",\"publisher\":{\"@id\":\"https:\/\/avrupapress.com\/#\/schema\/person\/0223dca19c72c43575bf30d1a2d8f4fa\"},\"potentialAction\":[{\"@type\":\"SearchAction\",\"target\":{\"@type\":\"EntryPoint\",\"urlTemplate\":\"https:\/\/avrupapress.com\/?s={search_term_string}\"},\"query-input\":{\"@type\":\"PropertyValueSpecification\",\"valueRequired\":true,\"valueName\":\"search_term_string\"}}],\"inLanguage\":\"fr-BE\"},{\"@type\":[\"Person\",\"Organization\"],\"@id\":\"https:\/\/avrupapress.com\/#\/schema\/person\/0223dca19c72c43575bf30d1a2d8f4fa\",\"name\":\"Bilgin \u00d6z\u00e7ift\u00e7i\",\"image\":{\"@type\":\"ImageObject\",\"inLanguage\":\"fr-BE\",\"@id\":\"https:\/\/avrupapress.com\/#\/schema\/person\/image\/\",\"url\":\"https:\/\/secure.gravatar.com\/avatar\/0f23b280433a21e1ea7a0adcc46ed0ad16afe3ad8e630fd13d8a017dcbd54ef3?s=96&d=mm&r=g\",\"contentUrl\":\"https:\/\/secure.gravatar.com\/avatar\/0f23b280433a21e1ea7a0adcc46ed0ad16afe3ad8e630fd13d8a017dcbd54ef3?s=96&d=mm&r=g\",\"caption\":\"Bilgin \u00d6z\u00e7ift\u00e7i\"},\"logo\":{\"@id\":\"https:\/\/avrupapress.com\/#\/schema\/person\/image\/\"},\"description\":\"Ne ben, nede sen... Biz ancak \\\"biz\\\" olursak g\u00fc\u00e7l\u00fc olabiliriz\"},{\"@type\":\"Person\",\"@id\":\"https:\/\/avrupapress.com\/#\/schema\/person\/68428444ec60970d1e1b700cf4ca1e8f\",\"name\":\"Edit\u00f6r\",\"image\":{\"@type\":\"ImageObject\",\"inLanguage\":\"fr-BE\",\"@id\":\"https:\/\/avrupapress.com\/#\/schema\/person\/image\/\",\"url\":\"https:\/\/secure.gravatar.com\/avatar\/74996b0977aa5f1559ba9883776652508b229005c0d78fb2597897f0bd651c09?s=96&d=mm&r=g\",\"contentUrl\":\"https:\/\/secure.gravatar.com\/avatar\/74996b0977aa5f1559ba9883776652508b229005c0d78fb2597897f0bd651c09?s=96&d=mm&r=g\",\"caption\":\"Edit\u00f6r\"},\"sameAs\":[\"http:\/\/www.avrupapress.com\"],\"url\":\"https:\/\/avrupapress.com\/main\/author\/editor\/\"}]}<\/script>\n<!-- \/ Yoast SEO plugin. -->","yoast_head_json":{"title":"Eski\u015fehir Ayakkab\u0131c\u0131lar Esnaf Odas\u0131 Ba\u015fkan Ak\u0131n Y\u00fcksel Yeniden Ba\u015fkan Oldu - AvrupaPress","robots":{"index":"index","follow":"follow","max-snippet":"max-snippet:-1","max-image-preview":"max-image-preview:large","max-video-preview":"max-video-preview:-1"},"canonical":"https:\/\/avrupapress.com\/main\/2026\/02\/03\/eskisehir-ayakkabicilar-esnaf-odasi-baskan-akin-yuksel-yeniden-baskan-oldu\/","og_locale":"fr_FR","og_type":"article","og_title":"Eski\u015fehir Ayakkab\u0131c\u0131lar Esnaf Odas\u0131 Ba\u015fkan Ak\u0131n Y\u00fcksel Yeniden Ba\u015fkan Oldu - AvrupaPress","og_description":"Ak\u0131n Y\u00fcksel, 3 \u015eubat 2026 tarihinde yap\u0131lan se\u00e7imler sonucunda Eski\u015fehir Ayakkab\u0131c\u0131lar Esnaf Odas\u0131 Ba\u015fkanl\u0131\u011f\u0131na yeniden se\u00e7ildi. Se\u00e7im, Eski\u015fehir\u2019de faaliyet g\u00f6steren ayakkab\u0131c\u0131 esnaf\u0131n\u0131n kat\u0131l\u0131m\u0131yla ger\u00e7ekle\u015ftirildi. Oylama, odan\u0131n mevcut y\u00f6netim s\u00fcresinin sona ermesi \u00fczerine yap\u0131ld\u0131. Ak\u0131n Y\u00fcksel, \u00f6nceki d\u00f6nem \u00e7al\u0131\u015fmalar\u0131n\u0131n ard\u0131ndan yeniden aday oldu. Yap\u0131lan say\u0131m\u0131n ard\u0131ndan oylar\u0131n \u00e7o\u011funlu\u011funu alarak ba\u015fkanl\u0131k g\u00f6revini s\u00fcrd\u00fcrmeye hak kazand\u0131. Eski\u015fehir Ayakkab\u0131c\u0131lar [&hellip;]","og_url":"https:\/\/avrupapress.com\/main\/2026\/02\/03\/eskisehir-ayakkabicilar-esnaf-odasi-baskan-akin-yuksel-yeniden-baskan-oldu\/","og_site_name":"AvrupaPress","article_published_time":"2026-02-03T20:24:56+00:00","article_modified_time":"2026-02-03T20:25:03+00:00","og_image":[{"width":1280,"height":720,"url":"https:\/\/avrupapress.com\/main\/wp-content\/uploads\/2026\/02\/de1a7d32-7899-435f-a818-8f67df36a777-1.jpg","type":"image\/jpeg"}],"author":"Edit\u00f6r","twitter_card":"summary_large_image","twitter_misc":{"\u00c9crit par":"Edit\u00f6r","Dur\u00e9e de lecture est.":"2 minutes"},"schema":{"@context":"https:\/\/schema.org","@graph":[{"@type":"Article","@id":"https:\/\/avrupapress.com\/main\/2026\/02\/03\/eskisehir-ayakkabicilar-esnaf-odasi-baskan-akin-yuksel-yeniden-baskan-oldu\/#article","isPartOf":{"@id":"https:\/\/avrupapress.com\/main\/2026\/02\/03\/eskisehir-ayakkabicilar-esnaf-odasi-baskan-akin-yuksel-yeniden-baskan-oldu\/"},"author":{"name":"Edit\u00f6r","@id":"https:\/\/avrupapress.com\/#\/schema\/person\/68428444ec60970d1e1b700cf4ca1e8f"},"headline":"Eski\u015fehir Ayakkab\u0131c\u0131lar Esnaf Odas\u0131 Ba\u015fkan Ak\u0131n Y\u00fcksel Yeniden Ba\u015fkan Oldu","datePublished":"2026-02-03T20:24:56+00:00","dateModified":"2026-02-03T20:25:03+00:00","mainEntityOfPage":{"@id":"https:\/\/avrupapress.com\/main\/2026\/02\/03\/eskisehir-ayakkabicilar-esnaf-odasi-baskan-akin-yuksel-yeniden-baskan-oldu\/"},"wordCount":331,"publisher":{"@id":"https:\/\/avrupapress.com\/#\/schema\/person\/0223dca19c72c43575bf30d1a2d8f4fa"},"image":{"@id":"https:\/\/avrupapress.com\/main\/2026\/02\/03\/eskisehir-ayakkabicilar-esnaf-odasi-baskan-akin-yuksel-yeniden-baskan-oldu\/#primaryimage"},"thumbnailUrl":"https:\/\/avrupapress.com\/main\/wp-content\/uploads\/2026\/02\/de1a7d32-7899-435f-a818-8f67df36a777-1.jpg","articleSection":["Avrupa","Bel\u00e7ika","D\u00fcnya","Ekonomi","K\u00fclt\u00fcr-Sanat","Spor","Tan\u0131t\u0131m","T\u00fcrkiye","Uncategorized"],"inLanguage":"fr-BE"},{"@type":"WebPage","@id":"https:\/\/avrupapress.com\/main\/2026\/02\/03\/eskisehir-ayakkabicilar-esnaf-odasi-baskan-akin-yuksel-yeniden-baskan-oldu\/","url":"https:\/\/avrupapress.com\/main\/2026\/02\/03\/eskisehir-ayakkabicilar-esnaf-odasi-baskan-akin-yuksel-yeniden-baskan-oldu\/","name":"Eski\u015fehir Ayakkab\u0131c\u0131lar Esnaf Odas\u0131 Ba\u015fkan Ak\u0131n Y\u00fcksel Yeniden Ba\u015fkan Oldu - AvrupaPress","isPartOf":{"@id":"https:\/\/avrupapress.com\/#website"},"primaryImageOfPage":{"@id":"https:\/\/avrupapress.com\/main\/2026\/02\/03\/eskisehir-ayakkabicilar-esnaf-odasi-baskan-akin-yuksel-yeniden-baskan-oldu\/#primaryimage"},"image":{"@id":"https:\/\/avrupapress.com\/main\/2026\/02\/03\/eskisehir-ayakkabicilar-esnaf-odasi-baskan-akin-yuksel-yeniden-baskan-oldu\/#primaryimage"},"thumbnailUrl":"https:\/\/avrupapress.com\/main\/wp-content\/uploads\/2026\/02\/de1a7d32-7899-435f-a818-8f67df36a777-1.jpg","datePublished":"2026-02-03T20:24:56+00:00","dateModified":"2026-02-03T20:25:03+00:00","breadcrumb":{"@id":"https:\/\/avrupapress.com\/main\/2026\/02\/03\/eskisehir-ayakkabicilar-esnaf-odasi-baskan-akin-yuksel-yeniden-baskan-oldu\/#breadcrumb"},"inLanguage":"fr-BE","potentialAction":[{"@type":"ReadAction","target":["https:\/\/avrupapress.com\/main\/2026\/02\/03\/eskisehir-ayakkabicilar-esnaf-odasi-baskan-akin-yuksel-yeniden-baskan-oldu\/"]}]},{"@type":"ImageObject","inLanguage":"fr-BE","@id":"https:\/\/avrupapress.com\/main\/2026\/02\/03\/eskisehir-ayakkabicilar-esnaf-odasi-baskan-akin-yuksel-yeniden-baskan-oldu\/#primaryimage","url":"https:\/\/avrupapress.com\/main\/wp-content\/uploads\/2026\/02\/de1a7d32-7899-435f-a818-8f67df36a777-1.jpg","contentUrl":"https:\/\/avrupapress.com\/main\/wp-content\/uploads\/2026\/02\/de1a7d32-7899-435f-a818-8f67df36a777-1.jpg","width":1280,"height":720},{"@type":"BreadcrumbList","@id":"https:\/\/avrupapress.com\/main\/2026\/02\/03\/eskisehir-ayakkabicilar-esnaf-odasi-baskan-akin-yuksel-yeniden-baskan-oldu\/#breadcrumb","itemListElement":[{"@type":"ListItem","position":1,"name":"Anasayfa","item":"https:\/\/avrupapress.com\/"},{"@type":"ListItem","position":2,"name":"Eski\u015fehir Ayakkab\u0131c\u0131lar Esnaf Odas\u0131 Ba\u015fkan Ak\u0131n Y\u00fcksel Yeniden Ba\u015fkan Oldu"}]},{"@type":"WebSite","@id":"https:\/\/avrupapress.com\/#website","url":"https:\/\/avrupapress.com\/","name":"AvrupaPress","description":"Haberin Adresi","publisher":{"@id":"https:\/\/avrupapress.com\/#\/schema\/person\/0223dca19c72c43575bf30d1a2d8f4fa"},"potentialAction":[{"@type":"SearchAction","target":{"@type":"EntryPoint","urlTemplate":"https:\/\/avrupapress.com\/?s={search_term_string}"},"query-input":{"@type":"PropertyValueSpecification","valueRequired":true,"valueName":"search_term_string"}}],"inLanguage":"fr-BE"},{"@type":["Person","Organization"],"@id":"https:\/\/avrupapress.com\/#\/schema\/person\/0223dca19c72c43575bf30d1a2d8f4fa","name":"Bilgin \u00d6z\u00e7ift\u00e7i","image":{"@type":"ImageObject","inLanguage":"fr-BE","@id":"https:\/\/avrupapress.com\/#\/schema\/person\/image\/","url":"https:\/\/secure.gravatar.com\/avatar\/0f23b280433a21e1ea7a0adcc46ed0ad16afe3ad8e630fd13d8a017dcbd54ef3?s=96&d=mm&r=g","contentUrl":"https:\/\/secure.gravatar.com\/avatar\/0f23b280433a21e1ea7a0adcc46ed0ad16afe3ad8e630fd13d8a017dcbd54ef3?s=96&d=mm&r=g","caption":"Bilgin \u00d6z\u00e7ift\u00e7i"},"logo":{"@id":"https:\/\/avrupapress.com\/#\/schema\/person\/image\/"},"description":"Ne ben, nede sen... Biz ancak \"biz\" olursak g\u00fc\u00e7l\u00fc olabiliriz"},{"@type":"Person","@id":"https:\/\/avrupapress.com\/#\/schema\/person\/68428444ec60970d1e1b700cf4ca1e8f","name":"Edit\u00f6r","image":{"@type":"ImageObject","inLanguage":"fr-BE","@id":"https:\/\/avrupapress.com\/#\/schema\/person\/image\/","url":"https:\/\/secure.gravatar.com\/avatar\/74996b0977aa5f1559ba9883776652508b229005c0d78fb2597897f0bd651c09?s=96&d=mm&r=g","contentUrl":"https:\/\/secure.gravatar.com\/avatar\/74996b0977aa5f1559ba9883776652508b229005c0d78fb2597897f0bd651c09?s=96&d=mm&r=g","caption":"Edit\u00f6r"},"sameAs":["http:\/\/www.avrupapress.com"],"url":"https:\/\/avrupapress.com\/main\/author\/editor\/"}]}},"_links":{"self":[{"href":"https:\/\/avrupapress.com\/main\/wp-json\/wp\/v2\/posts\/32657","targetHints":{"allow":["GET"]}}],"collection":[{"href":"https:\/\/avrupapress.com\/main\/wp-json\/wp\/v2\/posts"}],"about":[{"href":"https:\/\/avrupapress.com\/main\/wp-json\/wp\/v2\/types\/post"}],"author":[{"embeddable":true,"href":"https:\/\/avrupapress.com\/main\/wp-json\/wp\/v2\/users\/3"}],"replies":[{"embeddable":true,"href":"https:\/\/avrupapress.com\/main\/wp-json\/wp\/v2\/comments?post=32657"}],"version-history":[{"count":1,"href":"https:\/\/avrupapress.com\/main\/wp-json\/wp\/v2\/posts\/32657\/revisions"}],"predecessor-version":[{"id":32660,"href":"https:\/\/avrupapress.com\/main\/wp-json\/wp\/v2\/posts\/32657\/revisions\/32660"}],"wp:featuredmedia":[{"embeddable":true,"href":"https:\/\/avrupapress.com\/main\/wp-json\/wp\/v2\/media\/32659"}],"wp:attachment":[{"href":"https:\/\/avrupapress.com\/main\/wp-json\/wp\/v2\/media?parent=32657"}],"wp:term":[{"taxonomy":"category","embeddable":true,"href":"https:\/\/avrupapress.com\/main\/wp-json\/wp\/v2\/categories?post=32657"},{"taxonomy":"post_tag","embeddable":true,"href":"https:\/\/avrupapress.com\/main\/wp-json\/wp\/v2\/tags?post=32657"}],"curies":[{"name":"wp","href":"https:\/\/api.w.org\/{rel}","templated":true}]}}