{"id":32653,"date":"2026-02-03T15:44:46","date_gmt":"2026-02-03T15:44:46","guid":{"rendered":"https:\/\/avrupapress.com\/main\/?p=32653"},"modified":"2026-02-03T15:44:53","modified_gmt":"2026-02-03T15:44:53","slug":"gecmiste-emirdag-camili-koyu-nde-muhacir-bahceleri","status":"publish","type":"post","link":"https:\/\/avrupapress.com\/main\/2026\/02\/03\/gecmiste-emirdag-camili-koyu-nde-muhacir-bahceleri\/","title":{"rendered":"GE\u00c7M\u0130\u015eTE EM\u0130RDAG CAM\u0130L\u0130 K\u00d6Y\u00dc NDE&#8230;&#8230;&#8230;&#8230;.. \u00a0 \u00a0MUHAC\u0130R BAH\u00c7ELER\u0130"},"content":{"rendered":"<p><strong>GE\u00c7M\u0130\u015eTE\u00a0 EM\u0130RDAG CAM\u0130L\u0130 K\u00d6Y<span class=\"T286Pc\" data-sfc-cp=\"\" data-processed=\"true\"><span class=\"N9Q8Lc\" data-processed=\"true\">\u00dc<\/span><\/span><span class=\"uJ19be notranslate\" data-wiz-uids=\"VeOZGb_p,VeOZGb_q\" data-processed=\"true\"><span class=\"vKEkVd\" data-animation-atomic=\"\" data-wiz-attrbind=\"class=VeOZGb_o\/TKHnVd\" data-processed=\"true\"><span aria-hidden=\"true\" data-processed=\"true\">\u00a0<\/span><\/span><\/span>NDE&#8230;&#8230;&#8230;&#8230;.. \u00a0 \u00a0MUHAC\u0130R BAH\u00c7ELER\u0130<\/strong><\/p>\n<div dir=\"auto\" data-olk-copy-source=\"MessageBody\">Muhacir bir yeri yurt edindi\u011fi de \u00f6ncelikle evini yapard\u0131. Sonra sahip oldu\u011fu alan\u0131 duvarla \u00e7evirmeye ba\u015flar. Bu alan 3-4 bin metrekarede olsa duvar \u00e7evrilirdi. G\u00fcc\u00fc nisbetinde \u00a0ya ta\u015f yada kerpi\u00e7 duvarlar 2,5 metre kadar y\u00fckseltilirdi. Bu y\u00fckselti mahremiyetin gere\u011fi olarak g\u00f6r\u00fcl\u00fcrd\u00fc. Duvar i\u00e7ten ve d\u0131\u015ftan k\u0131l\u00e7\u0131kl\u0131 \u00e7amurla s\u0131van\u0131rd\u0131. Ya\u011fmurdan etkilenmemesi i\u00e7in duvarlar\u0131n \u00fcst\u00fcne diken konurdu. 2- 3 y\u0131lda bir kuruyan dikenler de\u011fi\u015ftirilirdi. Sonraki y\u0131llarda \u00e7amur s\u0131van\u0131n yerini beton s\u0131va, dikenin yerini kiremit ald\u0131.<\/div>\n<div dir=\"auto\">\u00a0 \u00a0 \u00a0 \u00a0Hemen her aile avlu i\u00e7ine kendi su kuyusunu kazard\u0131. Bizim k\u00f6yde ortalama 18 metrede su bulunur, 4-5 metre daha kaz\u0131larak toplanma alan\u0131 olu\u015fturulurdu. \u00c7\u0131kr\u0131k sistemi kurulup su tenekeyle ve insan g\u00fcc\u00fcyle \u00e7\u0131kar\u0131l\u0131rd\u0131. Suyu d\u0131\u015far\u0131 \u00e7\u0131karan sistemin ad\u0131 KELEBE \u00a0d\u0131r. Baz\u0131 k\u00f6ylerde kuyu derinli\u011fi 70 metreye kadar ula\u015f\u0131rd\u0131. Bu kuyulara bir dolap yap\u0131l\u0131r, dolab\u0131 e\u015fek d\u00f6nd\u00fcr\u00fcrd\u00fc. Bu sistemin ad\u0131 da kelebeydi. 1960 y\u0131l\u0131nda Devlet Su \u0130\u015fler k\u00f6ylere i\u00e7me suyu i\u00e7in ortalama 100 metrelik sondaj yaparak su \u00e7\u0131karm\u0131\u015f, elle \u00e7evrilen pompa sistemi kurarak \u00e7e\u015fme yapm\u0131\u015ft\u0131r. Bay\u0131r\u0131n alt k\u0131sm\u0131nda bulunan bu \u00e7e\u015fme muhtar\u0131m\u0131z\u0131n katk\u0131lar\u0131yla g\u00fcne\u015f enejisiyle su ak\u0131t\u0131r hale getirilmi\u015f ve \u00f6n\u00fcne bir hayvan sulama olu\u011fu yap\u0131lm\u0131\u015ft\u0131r. Her evin kendi p\u0131nar\u0131 oldu\u011fu i\u00e7in MUHAC\u0130RLER\u0130N \u00c7E\u015eME BA\u015eI T\u00dcRK\u00dcLER\u0130 YOKTUR.<\/div>\n<div dir=\"auto\">\u00a0 \u00a0 \u00a0 Yakla\u015f\u0131k 3 dekarl\u0131k bah\u00e7e tekrar \u00a0130 santim y\u00fcksekli\u011finde bir duvarla b\u00f6l\u00fcn\u00fcrd\u00fc. D\u0131\u015f bah\u00e7ede, ambar, samanl\u0131k saya dam k\u00fcmes p\u0131nar garaj gibi yap\u0131lar bulunurdu.<\/div>\n<div dir=\"auto\">\u00a0 \u00a0 \u00a0 \u0130\u00e7 bah\u00e7e ise ya\u015fam alan\u0131yd\u0131. Evler, kiler, f\u0131r\u0131n s\u00fct evi, gibi yap\u0131lar bulunurdu. \u00c7i\u00e7ek ve sebze kar\u0131klar\u0131da i\u00e7 bah\u00e7edeydi. Baz\u0131 evlerde kar\u0131klar\u0131n etraf\u0131 kerpi\u00e7le \u00e7evrilir, etraf\u0131 \u00e7amurla s\u0131van\u0131rd\u0131. Kar\u0131klarda sebzenin yan\u0131s\u0131ra nergis, zambak s\u00fcmb\u00fcl, akbardak, hatmig\u00fcl, kas\u0131mpat\u0131, \u00a0begonya gibi \u00e7i\u00e7ekler olup, herg\u00fcn p\u0131nardan \u00e7ekilen suyla sulan\u0131rd\u0131. \u00a0Zerdali, i\u011fde, badem, dut, kral(akasya) a\u011fa\u00e7lar\u0131da \u00a0i\u00e7 bah\u00e7enin vazge\u00e7ilmezleriydi. 10 y\u0131l \u00f6nce 1989 y\u0131l\u0131nda Bulgaristan dan gelen soyda\u015flar\u0131m\u0131z\u0131n ya\u015fad\u0131\u011f\u0131 g\u00f6\u00e7men konutlar\u0131nda bizim bah\u00e7elerde bulunan k\u00fc\u00e7\u00fck s\u00fcmb\u00fcl kokusunu hissedince bah\u00e7eye bakt\u0131m. Ayn\u0131 \u00e7i\u00e7ekler oradada vard\u0131. San\u0131r\u0131m g\u00f6\u00e7le \u00e7i\u00e7ek tohumlar\u0131n\u0131 so\u011fanlar\u0131n\u0131da getirmi\u015fler . Bah\u00e7e herg\u00fcn s\u00fcp\u00fcr\u00fcl\u00fcr, \u00e7\u0131kan g\u00fcb\u00fcr k\u00fcll\u00fc\u011fe at\u0131lard\u0131. S\u00fcp\u00fcr\u00fclmeyen bah\u00e7eler ay\u0131plan\u0131rd\u0131.<\/div>\n<div dir=\"auto\">\u00a0 \u00a0 \u00a0Her hanenin kulland\u0131\u011f\u0131 bir k\u00fcll\u00fck olup, soba k\u00fclleri, hayvan f\u0131\u015fk\u0131lar, bah\u00e7e g\u00fcb\u00fcrleri buraya at\u0131l\u0131r, sonbaharda arabalarla tarlaya yay\u0131l\u0131rd\u0131. \u00a0 \u00a0 \u0130\u00e7 bah\u00e7eye kedi d\u0131\u015f\u0131nda hi\u00e7bir hayvan\u0131n girmesine m\u00fcsaade edilmezdi.<\/div>\n<div dir=\"auto\">\u00a0 \u00a0 \u00a0 Resimdeki ev benim halen kulland\u0131\u011f\u0131m, y\u0131l\u0131n 7-8 ay\u0131n\u0131 ge\u00e7irdi\u011fim yakla\u015f\u0131k \u00a0100 y\u0131ll\u0131k bir ev. \u0130\u00e7 dizayn\u0131n\u0131 g\u00fcn\u00fcn \u015fartlar\u0131na g\u00f6re yeniden dizayn ettik. Bu evin g\u00fcneye bakan \u00a0pencereleri \u00f6yle bir yap\u0131lm\u0131\u015fki k\u0131\u015f\u0131n g\u00fcne\u015fi i\u00e7eri al\u0131yor ve \u0131s\u0131s\u0131ndan faydalan\u0131yor. Yaz\u0131n ise daha y\u00fcksek olan g\u00fcne\u015f \u0131\u015f\u0131nlar\u0131 sadece sabah saatlerinde k\u0131sa s\u00fcre \u0131\u015f\u0131k al\u0131p, daha serin olmas\u0131n\u0131 sa\u011fl\u0131yor.<\/div>\n<div dir=\"auto\">\u00a0 \u00a0 \u00a0 \u00a0 \u00a0Sokaktan bah\u00e7eye a\u00e7\u0131lan kap\u0131lar iki kanatl\u0131 ve geni\u015f olup araba girmesi i\u00e7indi. Hemen yan\u0131nda bir c\u00fcmle kap\u0131s\u0131 olurdu. Ah\u015fap tokatlar desenli olarak yap\u0131l\u0131rd\u0131. \u0130\u00e7 bah\u00e7eye a\u00e7\u0131lan bir k\u00fc\u00e7\u00fck kap\u0131 vard\u0131.<\/div>\n<div dir=\"auto\"><\/div>\n<div dir=\"auto\"><img loading=\"lazy\" decoding=\"async\" class=\"alignnone size-medium wp-image-32654\" src=\"https:\/\/avrupapress.com\/main\/wp-content\/uploads\/2026\/02\/87202152-958b-462b-8084-5b5424cd7ff2-300x225.jpg\" alt=\"\" width=\"300\" height=\"225\" srcset=\"https:\/\/avrupapress.com\/main\/wp-content\/uploads\/2026\/02\/87202152-958b-462b-8084-5b5424cd7ff2-300x225.jpg 300w, https:\/\/avrupapress.com\/main\/wp-content\/uploads\/2026\/02\/87202152-958b-462b-8084-5b5424cd7ff2-1024x768.jpg 1024w, https:\/\/avrupapress.com\/main\/wp-content\/uploads\/2026\/02\/87202152-958b-462b-8084-5b5424cd7ff2-768x576.jpg 768w, https:\/\/avrupapress.com\/main\/wp-content\/uploads\/2026\/02\/87202152-958b-462b-8084-5b5424cd7ff2-1536x1152.jpg 1536w, https:\/\/avrupapress.com\/main\/wp-content\/uploads\/2026\/02\/87202152-958b-462b-8084-5b5424cd7ff2.jpg 2048w\" sizes=\"auto, (max-width: 300px) 100vw, 300px\" \/><\/div>\n<div dir=\"auto\"><\/div>\n<div dir=\"auto\"><strong>Bilgin Ozcifci\u00a0 \u00a0 \u00a0 \u00a0\/\u00a0 \u00a0 \u00a0 AVRUPAPRESS<\/strong><\/div>\n","protected":false},"excerpt":{"rendered":"<p>GE\u00c7M\u0130\u015eTE\u00a0 EM\u0130RDAG CAM\u0130L\u0130 K\u00d6Y\u00dc\u00a0NDE&#8230;&#8230;&#8230;&#8230;.. \u00a0 \u00a0MUHAC\u0130R BAH\u00c7ELER\u0130 Muhacir bir yeri yurt edindi\u011fi de \u00f6ncelikle evini yapard\u0131. Sonra sahip oldu\u011fu alan\u0131 duvarla \u00e7evirmeye ba\u015flar. Bu alan 3-4 bin metrekarede olsa duvar \u00e7evrilirdi. G\u00fcc\u00fc nisbetinde \u00a0ya ta\u015f yada kerpi\u00e7 duvarlar 2,5 metre kadar y\u00fckseltilirdi. Bu y\u00fckselti mahremiyetin gere\u011fi olarak g\u00f6r\u00fcl\u00fcrd\u00fc. Duvar i\u00e7ten ve d\u0131\u015ftan k\u0131l\u00e7\u0131kl\u0131 \u00e7amurla s\u0131van\u0131rd\u0131. [&hellip;]<\/p>\n","protected":false},"author":3,"featured_media":32655,"comment_status":"closed","ping_status":"open","sticky":false,"template":"","format":"standard","meta":{"footnotes":""},"categories":[14,16,3,17,18,15,19,2,1],"tags":[],"class_list":["post-32653","post","type-post","status-publish","format-standard","has-post-thumbnail","hentry","category-avrupa","category-belcika","category-dunya","category-ekonomi","category-kultur-sanat","category-spor","category-tanitim","category-turkiye","category-uncategorized"],"yoast_head":"<!-- This site is optimized with the Yoast SEO plugin v26.9 - https:\/\/yoast.com\/product\/yoast-seo-wordpress\/ -->\n<title>GE\u00c7M\u0130\u015eTE EM\u0130RDAG CAM\u0130L\u0130 K\u00d6Y\u00dc NDE.............. \u00a0 \u00a0MUHAC\u0130R BAH\u00c7ELER\u0130 - AvrupaPress<\/title>\n<meta name=\"robots\" content=\"index, follow, max-snippet:-1, max-image-preview:large, max-video-preview:-1\" \/>\n<link rel=\"canonical\" href=\"https:\/\/avrupapress.com\/main\/2026\/02\/03\/gecmiste-emirdag-camili-koyu-nde-muhacir-bahceleri\/\" \/>\n<meta property=\"og:locale\" content=\"fr_FR\" \/>\n<meta property=\"og:type\" content=\"article\" \/>\n<meta property=\"og:title\" content=\"GE\u00c7M\u0130\u015eTE EM\u0130RDAG CAM\u0130L\u0130 K\u00d6Y\u00dc NDE.............. \u00a0 \u00a0MUHAC\u0130R BAH\u00c7ELER\u0130 - AvrupaPress\" \/>\n<meta property=\"og:description\" content=\"GE\u00c7M\u0130\u015eTE\u00a0 EM\u0130RDAG CAM\u0130L\u0130 K\u00d6Y\u00dc\u00a0NDE&#8230;&#8230;&#8230;&#8230;.. \u00a0 \u00a0MUHAC\u0130R BAH\u00c7ELER\u0130 Muhacir bir yeri yurt edindi\u011fi de \u00f6ncelikle evini yapard\u0131. Sonra sahip oldu\u011fu alan\u0131 duvarla \u00e7evirmeye ba\u015flar. Bu alan 3-4 bin metrekarede olsa duvar \u00e7evrilirdi. G\u00fcc\u00fc nisbetinde \u00a0ya ta\u015f yada kerpi\u00e7 duvarlar 2,5 metre kadar y\u00fckseltilirdi. Bu y\u00fckselti mahremiyetin gere\u011fi olarak g\u00f6r\u00fcl\u00fcrd\u00fc. Duvar i\u00e7ten ve d\u0131\u015ftan k\u0131l\u00e7\u0131kl\u0131 \u00e7amurla s\u0131van\u0131rd\u0131. [&hellip;]\" \/>\n<meta property=\"og:url\" content=\"https:\/\/avrupapress.com\/main\/2026\/02\/03\/gecmiste-emirdag-camili-koyu-nde-muhacir-bahceleri\/\" \/>\n<meta property=\"og:site_name\" content=\"AvrupaPress\" \/>\n<meta property=\"article:published_time\" content=\"2026-02-03T15:44:46+00:00\" \/>\n<meta property=\"article:modified_time\" content=\"2026-02-03T15:44:53+00:00\" \/>\n<meta property=\"og:image\" content=\"https:\/\/avrupapress.com\/main\/wp-content\/uploads\/2026\/02\/87202152-958b-462b-8084-5b5424cd7ff2-1.jpg\" \/>\n\t<meta property=\"og:image:width\" content=\"2048\" \/>\n\t<meta property=\"og:image:height\" content=\"1536\" \/>\n\t<meta property=\"og:image:type\" content=\"image\/jpeg\" \/>\n<meta name=\"author\" content=\"Edit\u00f6r\" \/>\n<meta name=\"twitter:card\" content=\"summary_large_image\" \/>\n<meta name=\"twitter:label1\" content=\"\u00c9crit par\" \/>\n\t<meta name=\"twitter:data1\" content=\"Edit\u00f6r\" \/>\n\t<meta name=\"twitter:label2\" content=\"Dur\u00e9e de lecture est.\" \/>\n\t<meta name=\"twitter:data2\" content=\"3 minutes\" \/>\n<script type=\"application\/ld+json\" class=\"yoast-schema-graph\">{\"@context\":\"https:\/\/schema.org\",\"@graph\":[{\"@type\":\"Article\",\"@id\":\"https:\/\/avrupapress.com\/main\/2026\/02\/03\/gecmiste-emirdag-camili-koyu-nde-muhacir-bahceleri\/#article\",\"isPartOf\":{\"@id\":\"https:\/\/avrupapress.com\/main\/2026\/02\/03\/gecmiste-emirdag-camili-koyu-nde-muhacir-bahceleri\/\"},\"author\":{\"name\":\"Edit\u00f6r\",\"@id\":\"https:\/\/avrupapress.com\/#\/schema\/person\/68428444ec60970d1e1b700cf4ca1e8f\"},\"headline\":\"GE\u00c7M\u0130\u015eTE EM\u0130RDAG CAM\u0130L\u0130 K\u00d6Y\u00dc NDE&#8230;&#8230;&#8230;&#8230;.. \u00a0 \u00a0MUHAC\u0130R BAH\u00c7ELER\u0130\",\"datePublished\":\"2026-02-03T15:44:46+00:00\",\"dateModified\":\"2026-02-03T15:44:53+00:00\",\"mainEntityOfPage\":{\"@id\":\"https:\/\/avrupapress.com\/main\/2026\/02\/03\/gecmiste-emirdag-camili-koyu-nde-muhacir-bahceleri\/\"},\"wordCount\":671,\"publisher\":{\"@id\":\"https:\/\/avrupapress.com\/#\/schema\/person\/0223dca19c72c43575bf30d1a2d8f4fa\"},\"image\":{\"@id\":\"https:\/\/avrupapress.com\/main\/2026\/02\/03\/gecmiste-emirdag-camili-koyu-nde-muhacir-bahceleri\/#primaryimage\"},\"thumbnailUrl\":\"https:\/\/avrupapress.com\/main\/wp-content\/uploads\/2026\/02\/87202152-958b-462b-8084-5b5424cd7ff2-1.jpg\",\"articleSection\":[\"Avrupa\",\"Bel\u00e7ika\",\"D\u00fcnya\",\"Ekonomi\",\"K\u00fclt\u00fcr-Sanat\",\"Spor\",\"Tan\u0131t\u0131m\",\"T\u00fcrkiye\",\"Uncategorized\"],\"inLanguage\":\"fr-BE\"},{\"@type\":\"WebPage\",\"@id\":\"https:\/\/avrupapress.com\/main\/2026\/02\/03\/gecmiste-emirdag-camili-koyu-nde-muhacir-bahceleri\/\",\"url\":\"https:\/\/avrupapress.com\/main\/2026\/02\/03\/gecmiste-emirdag-camili-koyu-nde-muhacir-bahceleri\/\",\"name\":\"GE\u00c7M\u0130\u015eTE EM\u0130RDAG CAM\u0130L\u0130 K\u00d6Y\u00dc NDE.............. \u00a0 \u00a0MUHAC\u0130R BAH\u00c7ELER\u0130 - AvrupaPress\",\"isPartOf\":{\"@id\":\"https:\/\/avrupapress.com\/#website\"},\"primaryImageOfPage\":{\"@id\":\"https:\/\/avrupapress.com\/main\/2026\/02\/03\/gecmiste-emirdag-camili-koyu-nde-muhacir-bahceleri\/#primaryimage\"},\"image\":{\"@id\":\"https:\/\/avrupapress.com\/main\/2026\/02\/03\/gecmiste-emirdag-camili-koyu-nde-muhacir-bahceleri\/#primaryimage\"},\"thumbnailUrl\":\"https:\/\/avrupapress.com\/main\/wp-content\/uploads\/2026\/02\/87202152-958b-462b-8084-5b5424cd7ff2-1.jpg\",\"datePublished\":\"2026-02-03T15:44:46+00:00\",\"dateModified\":\"2026-02-03T15:44:53+00:00\",\"breadcrumb\":{\"@id\":\"https:\/\/avrupapress.com\/main\/2026\/02\/03\/gecmiste-emirdag-camili-koyu-nde-muhacir-bahceleri\/#breadcrumb\"},\"inLanguage\":\"fr-BE\",\"potentialAction\":[{\"@type\":\"ReadAction\",\"target\":[\"https:\/\/avrupapress.com\/main\/2026\/02\/03\/gecmiste-emirdag-camili-koyu-nde-muhacir-bahceleri\/\"]}]},{\"@type\":\"ImageObject\",\"inLanguage\":\"fr-BE\",\"@id\":\"https:\/\/avrupapress.com\/main\/2026\/02\/03\/gecmiste-emirdag-camili-koyu-nde-muhacir-bahceleri\/#primaryimage\",\"url\":\"https:\/\/avrupapress.com\/main\/wp-content\/uploads\/2026\/02\/87202152-958b-462b-8084-5b5424cd7ff2-1.jpg\",\"contentUrl\":\"https:\/\/avrupapress.com\/main\/wp-content\/uploads\/2026\/02\/87202152-958b-462b-8084-5b5424cd7ff2-1.jpg\",\"width\":2048,\"height\":1536},{\"@type\":\"BreadcrumbList\",\"@id\":\"https:\/\/avrupapress.com\/main\/2026\/02\/03\/gecmiste-emirdag-camili-koyu-nde-muhacir-bahceleri\/#breadcrumb\",\"itemListElement\":[{\"@type\":\"ListItem\",\"position\":1,\"name\":\"Anasayfa\",\"item\":\"https:\/\/avrupapress.com\/\"},{\"@type\":\"ListItem\",\"position\":2,\"name\":\"GE\u00c7M\u0130\u015eTE EM\u0130RDAG CAM\u0130L\u0130 K\u00d6Y\u00dc NDE&#8230;&#8230;&#8230;&#8230;.. \u00a0 \u00a0MUHAC\u0130R BAH\u00c7ELER\u0130\"}]},{\"@type\":\"WebSite\",\"@id\":\"https:\/\/avrupapress.com\/#website\",\"url\":\"https:\/\/avrupapress.com\/\",\"name\":\"AvrupaPress\",\"description\":\"Haberin Adresi\",\"publisher\":{\"@id\":\"https:\/\/avrupapress.com\/#\/schema\/person\/0223dca19c72c43575bf30d1a2d8f4fa\"},\"potentialAction\":[{\"@type\":\"SearchAction\",\"target\":{\"@type\":\"EntryPoint\",\"urlTemplate\":\"https:\/\/avrupapress.com\/?s={search_term_string}\"},\"query-input\":{\"@type\":\"PropertyValueSpecification\",\"valueRequired\":true,\"valueName\":\"search_term_string\"}}],\"inLanguage\":\"fr-BE\"},{\"@type\":[\"Person\",\"Organization\"],\"@id\":\"https:\/\/avrupapress.com\/#\/schema\/person\/0223dca19c72c43575bf30d1a2d8f4fa\",\"name\":\"Bilgin \u00d6z\u00e7ift\u00e7i\",\"image\":{\"@type\":\"ImageObject\",\"inLanguage\":\"fr-BE\",\"@id\":\"https:\/\/avrupapress.com\/#\/schema\/person\/image\/\",\"url\":\"https:\/\/secure.gravatar.com\/avatar\/0f23b280433a21e1ea7a0adcc46ed0ad16afe3ad8e630fd13d8a017dcbd54ef3?s=96&d=mm&r=g\",\"contentUrl\":\"https:\/\/secure.gravatar.com\/avatar\/0f23b280433a21e1ea7a0adcc46ed0ad16afe3ad8e630fd13d8a017dcbd54ef3?s=96&d=mm&r=g\",\"caption\":\"Bilgin \u00d6z\u00e7ift\u00e7i\"},\"logo\":{\"@id\":\"https:\/\/avrupapress.com\/#\/schema\/person\/image\/\"},\"description\":\"Ne ben, nede sen... Biz ancak \\\"biz\\\" olursak g\u00fc\u00e7l\u00fc olabiliriz\"},{\"@type\":\"Person\",\"@id\":\"https:\/\/avrupapress.com\/#\/schema\/person\/68428444ec60970d1e1b700cf4ca1e8f\",\"name\":\"Edit\u00f6r\",\"image\":{\"@type\":\"ImageObject\",\"inLanguage\":\"fr-BE\",\"@id\":\"https:\/\/avrupapress.com\/#\/schema\/person\/image\/\",\"url\":\"https:\/\/secure.gravatar.com\/avatar\/74996b0977aa5f1559ba9883776652508b229005c0d78fb2597897f0bd651c09?s=96&d=mm&r=g\",\"contentUrl\":\"https:\/\/secure.gravatar.com\/avatar\/74996b0977aa5f1559ba9883776652508b229005c0d78fb2597897f0bd651c09?s=96&d=mm&r=g\",\"caption\":\"Edit\u00f6r\"},\"sameAs\":[\"http:\/\/www.avrupapress.com\"],\"url\":\"https:\/\/avrupapress.com\/main\/author\/editor\/\"}]}<\/script>\n<!-- \/ Yoast SEO plugin. -->","yoast_head_json":{"title":"GE\u00c7M\u0130\u015eTE EM\u0130RDAG CAM\u0130L\u0130 K\u00d6Y\u00dc NDE.............. \u00a0 \u00a0MUHAC\u0130R BAH\u00c7ELER\u0130 - AvrupaPress","robots":{"index":"index","follow":"follow","max-snippet":"max-snippet:-1","max-image-preview":"max-image-preview:large","max-video-preview":"max-video-preview:-1"},"canonical":"https:\/\/avrupapress.com\/main\/2026\/02\/03\/gecmiste-emirdag-camili-koyu-nde-muhacir-bahceleri\/","og_locale":"fr_FR","og_type":"article","og_title":"GE\u00c7M\u0130\u015eTE EM\u0130RDAG CAM\u0130L\u0130 K\u00d6Y\u00dc NDE.............. \u00a0 \u00a0MUHAC\u0130R BAH\u00c7ELER\u0130 - AvrupaPress","og_description":"GE\u00c7M\u0130\u015eTE\u00a0 EM\u0130RDAG CAM\u0130L\u0130 K\u00d6Y\u00dc\u00a0NDE&#8230;&#8230;&#8230;&#8230;.. \u00a0 \u00a0MUHAC\u0130R BAH\u00c7ELER\u0130 Muhacir bir yeri yurt edindi\u011fi de \u00f6ncelikle evini yapard\u0131. Sonra sahip oldu\u011fu alan\u0131 duvarla \u00e7evirmeye ba\u015flar. Bu alan 3-4 bin metrekarede olsa duvar \u00e7evrilirdi. G\u00fcc\u00fc nisbetinde \u00a0ya ta\u015f yada kerpi\u00e7 duvarlar 2,5 metre kadar y\u00fckseltilirdi. Bu y\u00fckselti mahremiyetin gere\u011fi olarak g\u00f6r\u00fcl\u00fcrd\u00fc. Duvar i\u00e7ten ve d\u0131\u015ftan k\u0131l\u00e7\u0131kl\u0131 \u00e7amurla s\u0131van\u0131rd\u0131. [&hellip;]","og_url":"https:\/\/avrupapress.com\/main\/2026\/02\/03\/gecmiste-emirdag-camili-koyu-nde-muhacir-bahceleri\/","og_site_name":"AvrupaPress","article_published_time":"2026-02-03T15:44:46+00:00","article_modified_time":"2026-02-03T15:44:53+00:00","og_image":[{"width":2048,"height":1536,"url":"https:\/\/avrupapress.com\/main\/wp-content\/uploads\/2026\/02\/87202152-958b-462b-8084-5b5424cd7ff2-1.jpg","type":"image\/jpeg"}],"author":"Edit\u00f6r","twitter_card":"summary_large_image","twitter_misc":{"\u00c9crit par":"Edit\u00f6r","Dur\u00e9e de lecture est.":"3 minutes"},"schema":{"@context":"https:\/\/schema.org","@graph":[{"@type":"Article","@id":"https:\/\/avrupapress.com\/main\/2026\/02\/03\/gecmiste-emirdag-camili-koyu-nde-muhacir-bahceleri\/#article","isPartOf":{"@id":"https:\/\/avrupapress.com\/main\/2026\/02\/03\/gecmiste-emirdag-camili-koyu-nde-muhacir-bahceleri\/"},"author":{"name":"Edit\u00f6r","@id":"https:\/\/avrupapress.com\/#\/schema\/person\/68428444ec60970d1e1b700cf4ca1e8f"},"headline":"GE\u00c7M\u0130\u015eTE EM\u0130RDAG CAM\u0130L\u0130 K\u00d6Y\u00dc NDE&#8230;&#8230;&#8230;&#8230;.. \u00a0 \u00a0MUHAC\u0130R BAH\u00c7ELER\u0130","datePublished":"2026-02-03T15:44:46+00:00","dateModified":"2026-02-03T15:44:53+00:00","mainEntityOfPage":{"@id":"https:\/\/avrupapress.com\/main\/2026\/02\/03\/gecmiste-emirdag-camili-koyu-nde-muhacir-bahceleri\/"},"wordCount":671,"publisher":{"@id":"https:\/\/avrupapress.com\/#\/schema\/person\/0223dca19c72c43575bf30d1a2d8f4fa"},"image":{"@id":"https:\/\/avrupapress.com\/main\/2026\/02\/03\/gecmiste-emirdag-camili-koyu-nde-muhacir-bahceleri\/#primaryimage"},"thumbnailUrl":"https:\/\/avrupapress.com\/main\/wp-content\/uploads\/2026\/02\/87202152-958b-462b-8084-5b5424cd7ff2-1.jpg","articleSection":["Avrupa","Bel\u00e7ika","D\u00fcnya","Ekonomi","K\u00fclt\u00fcr-Sanat","Spor","Tan\u0131t\u0131m","T\u00fcrkiye","Uncategorized"],"inLanguage":"fr-BE"},{"@type":"WebPage","@id":"https:\/\/avrupapress.com\/main\/2026\/02\/03\/gecmiste-emirdag-camili-koyu-nde-muhacir-bahceleri\/","url":"https:\/\/avrupapress.com\/main\/2026\/02\/03\/gecmiste-emirdag-camili-koyu-nde-muhacir-bahceleri\/","name":"GE\u00c7M\u0130\u015eTE EM\u0130RDAG CAM\u0130L\u0130 K\u00d6Y\u00dc NDE.............. \u00a0 \u00a0MUHAC\u0130R BAH\u00c7ELER\u0130 - AvrupaPress","isPartOf":{"@id":"https:\/\/avrupapress.com\/#website"},"primaryImageOfPage":{"@id":"https:\/\/avrupapress.com\/main\/2026\/02\/03\/gecmiste-emirdag-camili-koyu-nde-muhacir-bahceleri\/#primaryimage"},"image":{"@id":"https:\/\/avrupapress.com\/main\/2026\/02\/03\/gecmiste-emirdag-camili-koyu-nde-muhacir-bahceleri\/#primaryimage"},"thumbnailUrl":"https:\/\/avrupapress.com\/main\/wp-content\/uploads\/2026\/02\/87202152-958b-462b-8084-5b5424cd7ff2-1.jpg","datePublished":"2026-02-03T15:44:46+00:00","dateModified":"2026-02-03T15:44:53+00:00","breadcrumb":{"@id":"https:\/\/avrupapress.com\/main\/2026\/02\/03\/gecmiste-emirdag-camili-koyu-nde-muhacir-bahceleri\/#breadcrumb"},"inLanguage":"fr-BE","potentialAction":[{"@type":"ReadAction","target":["https:\/\/avrupapress.com\/main\/2026\/02\/03\/gecmiste-emirdag-camili-koyu-nde-muhacir-bahceleri\/"]}]},{"@type":"ImageObject","inLanguage":"fr-BE","@id":"https:\/\/avrupapress.com\/main\/2026\/02\/03\/gecmiste-emirdag-camili-koyu-nde-muhacir-bahceleri\/#primaryimage","url":"https:\/\/avrupapress.com\/main\/wp-content\/uploads\/2026\/02\/87202152-958b-462b-8084-5b5424cd7ff2-1.jpg","contentUrl":"https:\/\/avrupapress.com\/main\/wp-content\/uploads\/2026\/02\/87202152-958b-462b-8084-5b5424cd7ff2-1.jpg","width":2048,"height":1536},{"@type":"BreadcrumbList","@id":"https:\/\/avrupapress.com\/main\/2026\/02\/03\/gecmiste-emirdag-camili-koyu-nde-muhacir-bahceleri\/#breadcrumb","itemListElement":[{"@type":"ListItem","position":1,"name":"Anasayfa","item":"https:\/\/avrupapress.com\/"},{"@type":"ListItem","position":2,"name":"GE\u00c7M\u0130\u015eTE EM\u0130RDAG CAM\u0130L\u0130 K\u00d6Y\u00dc NDE&#8230;&#8230;&#8230;&#8230;.. \u00a0 \u00a0MUHAC\u0130R BAH\u00c7ELER\u0130"}]},{"@type":"WebSite","@id":"https:\/\/avrupapress.com\/#website","url":"https:\/\/avrupapress.com\/","name":"AvrupaPress","description":"Haberin Adresi","publisher":{"@id":"https:\/\/avrupapress.com\/#\/schema\/person\/0223dca19c72c43575bf30d1a2d8f4fa"},"potentialAction":[{"@type":"SearchAction","target":{"@type":"EntryPoint","urlTemplate":"https:\/\/avrupapress.com\/?s={search_term_string}"},"query-input":{"@type":"PropertyValueSpecification","valueRequired":true,"valueName":"search_term_string"}}],"inLanguage":"fr-BE"},{"@type":["Person","Organization"],"@id":"https:\/\/avrupapress.com\/#\/schema\/person\/0223dca19c72c43575bf30d1a2d8f4fa","name":"Bilgin \u00d6z\u00e7ift\u00e7i","image":{"@type":"ImageObject","inLanguage":"fr-BE","@id":"https:\/\/avrupapress.com\/#\/schema\/person\/image\/","url":"https:\/\/secure.gravatar.com\/avatar\/0f23b280433a21e1ea7a0adcc46ed0ad16afe3ad8e630fd13d8a017dcbd54ef3?s=96&d=mm&r=g","contentUrl":"https:\/\/secure.gravatar.com\/avatar\/0f23b280433a21e1ea7a0adcc46ed0ad16afe3ad8e630fd13d8a017dcbd54ef3?s=96&d=mm&r=g","caption":"Bilgin \u00d6z\u00e7ift\u00e7i"},"logo":{"@id":"https:\/\/avrupapress.com\/#\/schema\/person\/image\/"},"description":"Ne ben, nede sen... Biz ancak \"biz\" olursak g\u00fc\u00e7l\u00fc olabiliriz"},{"@type":"Person","@id":"https:\/\/avrupapress.com\/#\/schema\/person\/68428444ec60970d1e1b700cf4ca1e8f","name":"Edit\u00f6r","image":{"@type":"ImageObject","inLanguage":"fr-BE","@id":"https:\/\/avrupapress.com\/#\/schema\/person\/image\/","url":"https:\/\/secure.gravatar.com\/avatar\/74996b0977aa5f1559ba9883776652508b229005c0d78fb2597897f0bd651c09?s=96&d=mm&r=g","contentUrl":"https:\/\/secure.gravatar.com\/avatar\/74996b0977aa5f1559ba9883776652508b229005c0d78fb2597897f0bd651c09?s=96&d=mm&r=g","caption":"Edit\u00f6r"},"sameAs":["http:\/\/www.avrupapress.com"],"url":"https:\/\/avrupapress.com\/main\/author\/editor\/"}]}},"_links":{"self":[{"href":"https:\/\/avrupapress.com\/main\/wp-json\/wp\/v2\/posts\/32653","targetHints":{"allow":["GET"]}}],"collection":[{"href":"https:\/\/avrupapress.com\/main\/wp-json\/wp\/v2\/posts"}],"about":[{"href":"https:\/\/avrupapress.com\/main\/wp-json\/wp\/v2\/types\/post"}],"author":[{"embeddable":true,"href":"https:\/\/avrupapress.com\/main\/wp-json\/wp\/v2\/users\/3"}],"replies":[{"embeddable":true,"href":"https:\/\/avrupapress.com\/main\/wp-json\/wp\/v2\/comments?post=32653"}],"version-history":[{"count":1,"href":"https:\/\/avrupapress.com\/main\/wp-json\/wp\/v2\/posts\/32653\/revisions"}],"predecessor-version":[{"id":32656,"href":"https:\/\/avrupapress.com\/main\/wp-json\/wp\/v2\/posts\/32653\/revisions\/32656"}],"wp:featuredmedia":[{"embeddable":true,"href":"https:\/\/avrupapress.com\/main\/wp-json\/wp\/v2\/media\/32655"}],"wp:attachment":[{"href":"https:\/\/avrupapress.com\/main\/wp-json\/wp\/v2\/media?parent=32653"}],"wp:term":[{"taxonomy":"category","embeddable":true,"href":"https:\/\/avrupapress.com\/main\/wp-json\/wp\/v2\/categories?post=32653"},{"taxonomy":"post_tag","embeddable":true,"href":"https:\/\/avrupapress.com\/main\/wp-json\/wp\/v2\/tags?post=32653"}],"curies":[{"name":"wp","href":"https:\/\/api.w.org\/{rel}","templated":true}]}}