{"id":32259,"date":"2026-01-15T16:46:38","date_gmt":"2026-01-15T16:46:38","guid":{"rendered":"https:\/\/avrupapress.com\/main\/?p=32259"},"modified":"2026-01-15T16:46:51","modified_gmt":"2026-01-15T16:46:51","slug":"uid-belcika-baskani-yusuf-taspinardan-mirac-kandili-mesaji","status":"publish","type":"post","link":"https:\/\/avrupapress.com\/main\/2026\/01\/15\/uid-belcika-baskani-yusuf-taspinardan-mirac-kandili-mesaji\/","title":{"rendered":"UID Bel\u00e7ika Ba\u015fkan\u0131 Yusuf Ta\u015fp\u0131nar\u2019dan Mira\u00e7 Kandili Mesaji"},"content":{"rendered":"<div dir=\"auto\" data-olk-copy-source=\"MessageBody\"><\/div>\n<div dir=\"auto\" data-olk-copy-source=\"MessageBody\"><strong>UID Bel\u00e7ika Ba\u015fkan\u0131 Yusuf Ta\u015fp\u0131nar\u2019dan Mira\u00e7 Kandili Mesaj&#8230;&#8230;<\/strong><\/div>\n<div dir=\"auto\" data-olk-copy-source=\"MessageBody\"><\/div>\n<div dir=\"auto\" data-olk-copy-source=\"MessageBody\">\u00c7ok k\u0131ymetli Uluslararas\u0131 Demokratlar Birli\u011fi (UID) Bel\u00e7ika ailesi, ve De\u011ferli Vatanda\u015f\u0131m\u0131z;<\/div>\n<div dir=\"auto\">insanin kalbini ar\u0131nd\u0131ran, umudu yeniden ye\u015ferten, Rabbine yak\u0131nl\u0131\u011f\u0131n\u0131<\/div>\n<div dir=\"auto\">derinden hissetti\u011fi m\u00fcstesna bir gecedir. Bu m\u00fcbarek gecede yapilan<\/div>\n<div dir=\"auto\">dualar\u0131n kabul\u00fcne inan\u0131yor; \u00f6ncelikle \u00fclkemizde, ard\u0131ndan Bel\u00e7ika&rsquo;da<\/div>\n<div dir=\"auto\">ya\u015fayan M\u00fcsl\u00fcman karde\u015flerimize ve d\u00fcnyan\u0131n d\u00f6rt bir yan\u0131ndaki t\u00fcm<\/div>\n<div dir=\"auto\">M\u00fcsl\u00fcmanlara bar\u0131\u015f, sa\u011fl\u0131k, afiyet ve g\u00f6n\u00fcl huzuru diliyorum.<\/div>\n<div dir=\"auto\">Mira\u00e7&rsquo;\u0131n bizlere sabr\u0131, merhameti ve karde\u015fli\u011fi yeniden hat\u0131rlatmas\u0131n\u0131;<\/div>\n<div dir=\"auto\">k\u0131rg\u0131nl\u0131klar\u0131n yerini muhabbetin, karanl\u0131\u011fin yerini umudun almas\u0131na<\/div>\n<div dir=\"auto\">vesile olmas\u0131n\u0131 temenni ediyorum.<\/div>\n<div dir=\"auto\"><\/div>\n<div dir=\"auto\"><strong>Yusuf Ta\u015fpinar<\/strong><\/div>\n<div dir=\"auto\"><strong>UID Bel\u00e7ika Ba\u015fkan\u0131<\/strong><\/div>\n<div dir=\"auto\"><\/div>\n<div dir=\"auto\"><img loading=\"lazy\" decoding=\"async\" class=\"alignnone size-medium wp-image-32260\" src=\"https:\/\/avrupapress.com\/main\/wp-content\/uploads\/2026\/01\/a40cd2ca-f9a7-42f0-874b-e6ad0f4b89ec-169x300.jpg\" alt=\"\" width=\"169\" height=\"300\" srcset=\"https:\/\/avrupapress.com\/main\/wp-content\/uploads\/2026\/01\/a40cd2ca-f9a7-42f0-874b-e6ad0f4b89ec-169x300.jpg 169w, https:\/\/avrupapress.com\/main\/wp-content\/uploads\/2026\/01\/a40cd2ca-f9a7-42f0-874b-e6ad0f4b89ec-576x1024.jpg 576w, https:\/\/avrupapress.com\/main\/wp-content\/uploads\/2026\/01\/a40cd2ca-f9a7-42f0-874b-e6ad0f4b89ec-768x1365.jpg 768w, https:\/\/avrupapress.com\/main\/wp-content\/uploads\/2026\/01\/a40cd2ca-f9a7-42f0-874b-e6ad0f4b89ec-864x1536.jpg 864w, https:\/\/avrupapress.com\/main\/wp-content\/uploads\/2026\/01\/a40cd2ca-f9a7-42f0-874b-e6ad0f4b89ec.jpg 900w\" sizes=\"auto, (max-width: 169px) 100vw, 169px\" \/><\/div>\n<div dir=\"auto\"><\/div>\n<div dir=\"auto\"><strong>Bilgin Ozcifci\u00a0 \u00a0 \u00a0 \u00a0\/\u00a0 \u00a0 \u00a0 \u00a0AVRUPAPRESS<\/strong><\/div>\n","protected":false},"excerpt":{"rendered":"<p>UID Bel\u00e7ika Ba\u015fkan\u0131 Yusuf Ta\u015fp\u0131nar\u2019dan Mira\u00e7 Kandili Mesaj&#8230;&#8230; \u00c7ok k\u0131ymetli Uluslararas\u0131 Demokratlar Birli\u011fi (UID) Bel\u00e7ika ailesi, ve De\u011ferli Vatanda\u015f\u0131m\u0131z; insanin kalbini ar\u0131nd\u0131ran, umudu yeniden ye\u015ferten, Rabbine yak\u0131nl\u0131\u011f\u0131n\u0131 derinden hissetti\u011fi m\u00fcstesna bir gecedir. Bu m\u00fcbarek gecede yapilan dualar\u0131n kabul\u00fcne inan\u0131yor; \u00f6ncelikle \u00fclkemizde, ard\u0131ndan Bel\u00e7ika&rsquo;da ya\u015fayan M\u00fcsl\u00fcman karde\u015flerimize ve d\u00fcnyan\u0131n d\u00f6rt bir yan\u0131ndaki t\u00fcm M\u00fcsl\u00fcmanlara bar\u0131\u015f, sa\u011fl\u0131k, [&hellip;]<\/p>\n","protected":false},"author":3,"featured_media":32261,"comment_status":"closed","ping_status":"open","sticky":false,"template":"","format":"standard","meta":{"footnotes":""},"categories":[14,16,3,17,18,15,19,2,1],"tags":[],"class_list":["post-32259","post","type-post","status-publish","format-standard","has-post-thumbnail","hentry","category-avrupa","category-belcika","category-dunya","category-ekonomi","category-kultur-sanat","category-spor","category-tanitim","category-turkiye","category-uncategorized"],"yoast_head":"<!-- This site is optimized with the Yoast SEO plugin v26.9 - https:\/\/yoast.com\/product\/yoast-seo-wordpress\/ -->\n<title>UID Bel\u00e7ika Ba\u015fkan\u0131 Yusuf Ta\u015fp\u0131nar\u2019dan Mira\u00e7 Kandili Mesaji - AvrupaPress<\/title>\n<meta name=\"robots\" content=\"index, follow, max-snippet:-1, max-image-preview:large, max-video-preview:-1\" \/>\n<link rel=\"canonical\" href=\"https:\/\/avrupapress.com\/main\/2026\/01\/15\/uid-belcika-baskani-yusuf-taspinardan-mirac-kandili-mesaji\/\" \/>\n<meta property=\"og:locale\" content=\"fr_FR\" \/>\n<meta property=\"og:type\" content=\"article\" \/>\n<meta property=\"og:title\" content=\"UID Bel\u00e7ika Ba\u015fkan\u0131 Yusuf Ta\u015fp\u0131nar\u2019dan Mira\u00e7 Kandili Mesaji - AvrupaPress\" \/>\n<meta property=\"og:description\" content=\"UID Bel\u00e7ika Ba\u015fkan\u0131 Yusuf Ta\u015fp\u0131nar\u2019dan Mira\u00e7 Kandili Mesaj&#8230;&#8230; \u00c7ok k\u0131ymetli Uluslararas\u0131 Demokratlar Birli\u011fi (UID) Bel\u00e7ika ailesi, ve De\u011ferli Vatanda\u015f\u0131m\u0131z; insanin kalbini ar\u0131nd\u0131ran, umudu yeniden ye\u015ferten, Rabbine yak\u0131nl\u0131\u011f\u0131n\u0131 derinden hissetti\u011fi m\u00fcstesna bir gecedir. Bu m\u00fcbarek gecede yapilan dualar\u0131n kabul\u00fcne inan\u0131yor; \u00f6ncelikle \u00fclkemizde, ard\u0131ndan Bel\u00e7ika&rsquo;da ya\u015fayan M\u00fcsl\u00fcman karde\u015flerimize ve d\u00fcnyan\u0131n d\u00f6rt bir yan\u0131ndaki t\u00fcm M\u00fcsl\u00fcmanlara bar\u0131\u015f, sa\u011fl\u0131k, [&hellip;]\" \/>\n<meta property=\"og:url\" content=\"https:\/\/avrupapress.com\/main\/2026\/01\/15\/uid-belcika-baskani-yusuf-taspinardan-mirac-kandili-mesaji\/\" \/>\n<meta property=\"og:site_name\" content=\"AvrupaPress\" \/>\n<meta property=\"article:published_time\" content=\"2026-01-15T16:46:38+00:00\" \/>\n<meta property=\"article:modified_time\" content=\"2026-01-15T16:46:51+00:00\" \/>\n<meta property=\"og:image\" content=\"https:\/\/avrupapress.com\/main\/wp-content\/uploads\/2026\/01\/facebook_1761726482601_7389216432884031262-e1761726656369-740x420-1.jpg\" \/>\n\t<meta property=\"og:image:width\" content=\"740\" \/>\n\t<meta property=\"og:image:height\" content=\"420\" \/>\n\t<meta property=\"og:image:type\" content=\"image\/jpeg\" \/>\n<meta name=\"author\" content=\"Edit\u00f6r\" \/>\n<meta name=\"twitter:card\" content=\"summary_large_image\" \/>\n<meta name=\"twitter:label1\" content=\"\u00c9crit par\" \/>\n\t<meta name=\"twitter:data1\" content=\"Edit\u00f6r\" \/>\n\t<meta name=\"twitter:label2\" content=\"Dur\u00e9e de lecture est.\" \/>\n\t<meta name=\"twitter:data2\" content=\"1 minute\" \/>\n<script type=\"application\/ld+json\" class=\"yoast-schema-graph\">{\"@context\":\"https:\/\/schema.org\",\"@graph\":[{\"@type\":\"Article\",\"@id\":\"https:\/\/avrupapress.com\/main\/2026\/01\/15\/uid-belcika-baskani-yusuf-taspinardan-mirac-kandili-mesaji\/#article\",\"isPartOf\":{\"@id\":\"https:\/\/avrupapress.com\/main\/2026\/01\/15\/uid-belcika-baskani-yusuf-taspinardan-mirac-kandili-mesaji\/\"},\"author\":{\"name\":\"Edit\u00f6r\",\"@id\":\"https:\/\/avrupapress.com\/#\/schema\/person\/68428444ec60970d1e1b700cf4ca1e8f\"},\"headline\":\"UID Bel\u00e7ika Ba\u015fkan\u0131 Yusuf Ta\u015fp\u0131nar\u2019dan Mira\u00e7 Kandili Mesaji\",\"datePublished\":\"2026-01-15T16:46:38+00:00\",\"dateModified\":\"2026-01-15T16:46:51+00:00\",\"mainEntityOfPage\":{\"@id\":\"https:\/\/avrupapress.com\/main\/2026\/01\/15\/uid-belcika-baskani-yusuf-taspinardan-mirac-kandili-mesaji\/\"},\"wordCount\":155,\"publisher\":{\"@id\":\"https:\/\/avrupapress.com\/#\/schema\/person\/0223dca19c72c43575bf30d1a2d8f4fa\"},\"image\":{\"@id\":\"https:\/\/avrupapress.com\/main\/2026\/01\/15\/uid-belcika-baskani-yusuf-taspinardan-mirac-kandili-mesaji\/#primaryimage\"},\"thumbnailUrl\":\"https:\/\/avrupapress.com\/main\/wp-content\/uploads\/2026\/01\/facebook_1761726482601_7389216432884031262-e1761726656369-740x420-1.jpg\",\"articleSection\":[\"Avrupa\",\"Bel\u00e7ika\",\"D\u00fcnya\",\"Ekonomi\",\"K\u00fclt\u00fcr-Sanat\",\"Spor\",\"Tan\u0131t\u0131m\",\"T\u00fcrkiye\",\"Uncategorized\"],\"inLanguage\":\"fr-BE\"},{\"@type\":\"WebPage\",\"@id\":\"https:\/\/avrupapress.com\/main\/2026\/01\/15\/uid-belcika-baskani-yusuf-taspinardan-mirac-kandili-mesaji\/\",\"url\":\"https:\/\/avrupapress.com\/main\/2026\/01\/15\/uid-belcika-baskani-yusuf-taspinardan-mirac-kandili-mesaji\/\",\"name\":\"UID Bel\u00e7ika Ba\u015fkan\u0131 Yusuf Ta\u015fp\u0131nar\u2019dan Mira\u00e7 Kandili Mesaji - AvrupaPress\",\"isPartOf\":{\"@id\":\"https:\/\/avrupapress.com\/#website\"},\"primaryImageOfPage\":{\"@id\":\"https:\/\/avrupapress.com\/main\/2026\/01\/15\/uid-belcika-baskani-yusuf-taspinardan-mirac-kandili-mesaji\/#primaryimage\"},\"image\":{\"@id\":\"https:\/\/avrupapress.com\/main\/2026\/01\/15\/uid-belcika-baskani-yusuf-taspinardan-mirac-kandili-mesaji\/#primaryimage\"},\"thumbnailUrl\":\"https:\/\/avrupapress.com\/main\/wp-content\/uploads\/2026\/01\/facebook_1761726482601_7389216432884031262-e1761726656369-740x420-1.jpg\",\"datePublished\":\"2026-01-15T16:46:38+00:00\",\"dateModified\":\"2026-01-15T16:46:51+00:00\",\"breadcrumb\":{\"@id\":\"https:\/\/avrupapress.com\/main\/2026\/01\/15\/uid-belcika-baskani-yusuf-taspinardan-mirac-kandili-mesaji\/#breadcrumb\"},\"inLanguage\":\"fr-BE\",\"potentialAction\":[{\"@type\":\"ReadAction\",\"target\":[\"https:\/\/avrupapress.com\/main\/2026\/01\/15\/uid-belcika-baskani-yusuf-taspinardan-mirac-kandili-mesaji\/\"]}]},{\"@type\":\"ImageObject\",\"inLanguage\":\"fr-BE\",\"@id\":\"https:\/\/avrupapress.com\/main\/2026\/01\/15\/uid-belcika-baskani-yusuf-taspinardan-mirac-kandili-mesaji\/#primaryimage\",\"url\":\"https:\/\/avrupapress.com\/main\/wp-content\/uploads\/2026\/01\/facebook_1761726482601_7389216432884031262-e1761726656369-740x420-1.jpg\",\"contentUrl\":\"https:\/\/avrupapress.com\/main\/wp-content\/uploads\/2026\/01\/facebook_1761726482601_7389216432884031262-e1761726656369-740x420-1.jpg\",\"width\":740,\"height\":420},{\"@type\":\"BreadcrumbList\",\"@id\":\"https:\/\/avrupapress.com\/main\/2026\/01\/15\/uid-belcika-baskani-yusuf-taspinardan-mirac-kandili-mesaji\/#breadcrumb\",\"itemListElement\":[{\"@type\":\"ListItem\",\"position\":1,\"name\":\"Anasayfa\",\"item\":\"https:\/\/avrupapress.com\/\"},{\"@type\":\"ListItem\",\"position\":2,\"name\":\"UID Bel\u00e7ika Ba\u015fkan\u0131 Yusuf Ta\u015fp\u0131nar\u2019dan Mira\u00e7 Kandili Mesaji\"}]},{\"@type\":\"WebSite\",\"@id\":\"https:\/\/avrupapress.com\/#website\",\"url\":\"https:\/\/avrupapress.com\/\",\"name\":\"AvrupaPress\",\"description\":\"Haberin Adresi\",\"publisher\":{\"@id\":\"https:\/\/avrupapress.com\/#\/schema\/person\/0223dca19c72c43575bf30d1a2d8f4fa\"},\"potentialAction\":[{\"@type\":\"SearchAction\",\"target\":{\"@type\":\"EntryPoint\",\"urlTemplate\":\"https:\/\/avrupapress.com\/?s={search_term_string}\"},\"query-input\":{\"@type\":\"PropertyValueSpecification\",\"valueRequired\":true,\"valueName\":\"search_term_string\"}}],\"inLanguage\":\"fr-BE\"},{\"@type\":[\"Person\",\"Organization\"],\"@id\":\"https:\/\/avrupapress.com\/#\/schema\/person\/0223dca19c72c43575bf30d1a2d8f4fa\",\"name\":\"Bilgin \u00d6z\u00e7ift\u00e7i\",\"image\":{\"@type\":\"ImageObject\",\"inLanguage\":\"fr-BE\",\"@id\":\"https:\/\/avrupapress.com\/#\/schema\/person\/image\/\",\"url\":\"https:\/\/secure.gravatar.com\/avatar\/0f23b280433a21e1ea7a0adcc46ed0ad16afe3ad8e630fd13d8a017dcbd54ef3?s=96&d=mm&r=g\",\"contentUrl\":\"https:\/\/secure.gravatar.com\/avatar\/0f23b280433a21e1ea7a0adcc46ed0ad16afe3ad8e630fd13d8a017dcbd54ef3?s=96&d=mm&r=g\",\"caption\":\"Bilgin \u00d6z\u00e7ift\u00e7i\"},\"logo\":{\"@id\":\"https:\/\/avrupapress.com\/#\/schema\/person\/image\/\"},\"description\":\"Ne ben, nede sen... Biz ancak \\\"biz\\\" olursak g\u00fc\u00e7l\u00fc olabiliriz\"},{\"@type\":\"Person\",\"@id\":\"https:\/\/avrupapress.com\/#\/schema\/person\/68428444ec60970d1e1b700cf4ca1e8f\",\"name\":\"Edit\u00f6r\",\"image\":{\"@type\":\"ImageObject\",\"inLanguage\":\"fr-BE\",\"@id\":\"https:\/\/avrupapress.com\/#\/schema\/person\/image\/\",\"url\":\"https:\/\/secure.gravatar.com\/avatar\/74996b0977aa5f1559ba9883776652508b229005c0d78fb2597897f0bd651c09?s=96&d=mm&r=g\",\"contentUrl\":\"https:\/\/secure.gravatar.com\/avatar\/74996b0977aa5f1559ba9883776652508b229005c0d78fb2597897f0bd651c09?s=96&d=mm&r=g\",\"caption\":\"Edit\u00f6r\"},\"sameAs\":[\"http:\/\/www.avrupapress.com\"],\"url\":\"https:\/\/avrupapress.com\/main\/author\/editor\/\"}]}<\/script>\n<!-- \/ Yoast SEO plugin. -->","yoast_head_json":{"title":"UID Bel\u00e7ika Ba\u015fkan\u0131 Yusuf Ta\u015fp\u0131nar\u2019dan Mira\u00e7 Kandili Mesaji - AvrupaPress","robots":{"index":"index","follow":"follow","max-snippet":"max-snippet:-1","max-image-preview":"max-image-preview:large","max-video-preview":"max-video-preview:-1"},"canonical":"https:\/\/avrupapress.com\/main\/2026\/01\/15\/uid-belcika-baskani-yusuf-taspinardan-mirac-kandili-mesaji\/","og_locale":"fr_FR","og_type":"article","og_title":"UID Bel\u00e7ika Ba\u015fkan\u0131 Yusuf Ta\u015fp\u0131nar\u2019dan Mira\u00e7 Kandili Mesaji - AvrupaPress","og_description":"UID Bel\u00e7ika Ba\u015fkan\u0131 Yusuf Ta\u015fp\u0131nar\u2019dan Mira\u00e7 Kandili Mesaj&#8230;&#8230; \u00c7ok k\u0131ymetli Uluslararas\u0131 Demokratlar Birli\u011fi (UID) Bel\u00e7ika ailesi, ve De\u011ferli Vatanda\u015f\u0131m\u0131z; insanin kalbini ar\u0131nd\u0131ran, umudu yeniden ye\u015ferten, Rabbine yak\u0131nl\u0131\u011f\u0131n\u0131 derinden hissetti\u011fi m\u00fcstesna bir gecedir. Bu m\u00fcbarek gecede yapilan dualar\u0131n kabul\u00fcne inan\u0131yor; \u00f6ncelikle \u00fclkemizde, ard\u0131ndan Bel\u00e7ika&rsquo;da ya\u015fayan M\u00fcsl\u00fcman karde\u015flerimize ve d\u00fcnyan\u0131n d\u00f6rt bir yan\u0131ndaki t\u00fcm M\u00fcsl\u00fcmanlara bar\u0131\u015f, sa\u011fl\u0131k, [&hellip;]","og_url":"https:\/\/avrupapress.com\/main\/2026\/01\/15\/uid-belcika-baskani-yusuf-taspinardan-mirac-kandili-mesaji\/","og_site_name":"AvrupaPress","article_published_time":"2026-01-15T16:46:38+00:00","article_modified_time":"2026-01-15T16:46:51+00:00","og_image":[{"width":740,"height":420,"url":"https:\/\/avrupapress.com\/main\/wp-content\/uploads\/2026\/01\/facebook_1761726482601_7389216432884031262-e1761726656369-740x420-1.jpg","type":"image\/jpeg"}],"author":"Edit\u00f6r","twitter_card":"summary_large_image","twitter_misc":{"\u00c9crit par":"Edit\u00f6r","Dur\u00e9e de lecture est.":"1 minute"},"schema":{"@context":"https:\/\/schema.org","@graph":[{"@type":"Article","@id":"https:\/\/avrupapress.com\/main\/2026\/01\/15\/uid-belcika-baskani-yusuf-taspinardan-mirac-kandili-mesaji\/#article","isPartOf":{"@id":"https:\/\/avrupapress.com\/main\/2026\/01\/15\/uid-belcika-baskani-yusuf-taspinardan-mirac-kandili-mesaji\/"},"author":{"name":"Edit\u00f6r","@id":"https:\/\/avrupapress.com\/#\/schema\/person\/68428444ec60970d1e1b700cf4ca1e8f"},"headline":"UID Bel\u00e7ika Ba\u015fkan\u0131 Yusuf Ta\u015fp\u0131nar\u2019dan Mira\u00e7 Kandili Mesaji","datePublished":"2026-01-15T16:46:38+00:00","dateModified":"2026-01-15T16:46:51+00:00","mainEntityOfPage":{"@id":"https:\/\/avrupapress.com\/main\/2026\/01\/15\/uid-belcika-baskani-yusuf-taspinardan-mirac-kandili-mesaji\/"},"wordCount":155,"publisher":{"@id":"https:\/\/avrupapress.com\/#\/schema\/person\/0223dca19c72c43575bf30d1a2d8f4fa"},"image":{"@id":"https:\/\/avrupapress.com\/main\/2026\/01\/15\/uid-belcika-baskani-yusuf-taspinardan-mirac-kandili-mesaji\/#primaryimage"},"thumbnailUrl":"https:\/\/avrupapress.com\/main\/wp-content\/uploads\/2026\/01\/facebook_1761726482601_7389216432884031262-e1761726656369-740x420-1.jpg","articleSection":["Avrupa","Bel\u00e7ika","D\u00fcnya","Ekonomi","K\u00fclt\u00fcr-Sanat","Spor","Tan\u0131t\u0131m","T\u00fcrkiye","Uncategorized"],"inLanguage":"fr-BE"},{"@type":"WebPage","@id":"https:\/\/avrupapress.com\/main\/2026\/01\/15\/uid-belcika-baskani-yusuf-taspinardan-mirac-kandili-mesaji\/","url":"https:\/\/avrupapress.com\/main\/2026\/01\/15\/uid-belcika-baskani-yusuf-taspinardan-mirac-kandili-mesaji\/","name":"UID Bel\u00e7ika Ba\u015fkan\u0131 Yusuf Ta\u015fp\u0131nar\u2019dan Mira\u00e7 Kandili Mesaji - AvrupaPress","isPartOf":{"@id":"https:\/\/avrupapress.com\/#website"},"primaryImageOfPage":{"@id":"https:\/\/avrupapress.com\/main\/2026\/01\/15\/uid-belcika-baskani-yusuf-taspinardan-mirac-kandili-mesaji\/#primaryimage"},"image":{"@id":"https:\/\/avrupapress.com\/main\/2026\/01\/15\/uid-belcika-baskani-yusuf-taspinardan-mirac-kandili-mesaji\/#primaryimage"},"thumbnailUrl":"https:\/\/avrupapress.com\/main\/wp-content\/uploads\/2026\/01\/facebook_1761726482601_7389216432884031262-e1761726656369-740x420-1.jpg","datePublished":"2026-01-15T16:46:38+00:00","dateModified":"2026-01-15T16:46:51+00:00","breadcrumb":{"@id":"https:\/\/avrupapress.com\/main\/2026\/01\/15\/uid-belcika-baskani-yusuf-taspinardan-mirac-kandili-mesaji\/#breadcrumb"},"inLanguage":"fr-BE","potentialAction":[{"@type":"ReadAction","target":["https:\/\/avrupapress.com\/main\/2026\/01\/15\/uid-belcika-baskani-yusuf-taspinardan-mirac-kandili-mesaji\/"]}]},{"@type":"ImageObject","inLanguage":"fr-BE","@id":"https:\/\/avrupapress.com\/main\/2026\/01\/15\/uid-belcika-baskani-yusuf-taspinardan-mirac-kandili-mesaji\/#primaryimage","url":"https:\/\/avrupapress.com\/main\/wp-content\/uploads\/2026\/01\/facebook_1761726482601_7389216432884031262-e1761726656369-740x420-1.jpg","contentUrl":"https:\/\/avrupapress.com\/main\/wp-content\/uploads\/2026\/01\/facebook_1761726482601_7389216432884031262-e1761726656369-740x420-1.jpg","width":740,"height":420},{"@type":"BreadcrumbList","@id":"https:\/\/avrupapress.com\/main\/2026\/01\/15\/uid-belcika-baskani-yusuf-taspinardan-mirac-kandili-mesaji\/#breadcrumb","itemListElement":[{"@type":"ListItem","position":1,"name":"Anasayfa","item":"https:\/\/avrupapress.com\/"},{"@type":"ListItem","position":2,"name":"UID Bel\u00e7ika Ba\u015fkan\u0131 Yusuf Ta\u015fp\u0131nar\u2019dan Mira\u00e7 Kandili Mesaji"}]},{"@type":"WebSite","@id":"https:\/\/avrupapress.com\/#website","url":"https:\/\/avrupapress.com\/","name":"AvrupaPress","description":"Haberin Adresi","publisher":{"@id":"https:\/\/avrupapress.com\/#\/schema\/person\/0223dca19c72c43575bf30d1a2d8f4fa"},"potentialAction":[{"@type":"SearchAction","target":{"@type":"EntryPoint","urlTemplate":"https:\/\/avrupapress.com\/?s={search_term_string}"},"query-input":{"@type":"PropertyValueSpecification","valueRequired":true,"valueName":"search_term_string"}}],"inLanguage":"fr-BE"},{"@type":["Person","Organization"],"@id":"https:\/\/avrupapress.com\/#\/schema\/person\/0223dca19c72c43575bf30d1a2d8f4fa","name":"Bilgin \u00d6z\u00e7ift\u00e7i","image":{"@type":"ImageObject","inLanguage":"fr-BE","@id":"https:\/\/avrupapress.com\/#\/schema\/person\/image\/","url":"https:\/\/secure.gravatar.com\/avatar\/0f23b280433a21e1ea7a0adcc46ed0ad16afe3ad8e630fd13d8a017dcbd54ef3?s=96&d=mm&r=g","contentUrl":"https:\/\/secure.gravatar.com\/avatar\/0f23b280433a21e1ea7a0adcc46ed0ad16afe3ad8e630fd13d8a017dcbd54ef3?s=96&d=mm&r=g","caption":"Bilgin \u00d6z\u00e7ift\u00e7i"},"logo":{"@id":"https:\/\/avrupapress.com\/#\/schema\/person\/image\/"},"description":"Ne ben, nede sen... Biz ancak \"biz\" olursak g\u00fc\u00e7l\u00fc olabiliriz"},{"@type":"Person","@id":"https:\/\/avrupapress.com\/#\/schema\/person\/68428444ec60970d1e1b700cf4ca1e8f","name":"Edit\u00f6r","image":{"@type":"ImageObject","inLanguage":"fr-BE","@id":"https:\/\/avrupapress.com\/#\/schema\/person\/image\/","url":"https:\/\/secure.gravatar.com\/avatar\/74996b0977aa5f1559ba9883776652508b229005c0d78fb2597897f0bd651c09?s=96&d=mm&r=g","contentUrl":"https:\/\/secure.gravatar.com\/avatar\/74996b0977aa5f1559ba9883776652508b229005c0d78fb2597897f0bd651c09?s=96&d=mm&r=g","caption":"Edit\u00f6r"},"sameAs":["http:\/\/www.avrupapress.com"],"url":"https:\/\/avrupapress.com\/main\/author\/editor\/"}]}},"_links":{"self":[{"href":"https:\/\/avrupapress.com\/main\/wp-json\/wp\/v2\/posts\/32259","targetHints":{"allow":["GET"]}}],"collection":[{"href":"https:\/\/avrupapress.com\/main\/wp-json\/wp\/v2\/posts"}],"about":[{"href":"https:\/\/avrupapress.com\/main\/wp-json\/wp\/v2\/types\/post"}],"author":[{"embeddable":true,"href":"https:\/\/avrupapress.com\/main\/wp-json\/wp\/v2\/users\/3"}],"replies":[{"embeddable":true,"href":"https:\/\/avrupapress.com\/main\/wp-json\/wp\/v2\/comments?post=32259"}],"version-history":[{"count":1,"href":"https:\/\/avrupapress.com\/main\/wp-json\/wp\/v2\/posts\/32259\/revisions"}],"predecessor-version":[{"id":32262,"href":"https:\/\/avrupapress.com\/main\/wp-json\/wp\/v2\/posts\/32259\/revisions\/32262"}],"wp:featuredmedia":[{"embeddable":true,"href":"https:\/\/avrupapress.com\/main\/wp-json\/wp\/v2\/media\/32261"}],"wp:attachment":[{"href":"https:\/\/avrupapress.com\/main\/wp-json\/wp\/v2\/media?parent=32259"}],"wp:term":[{"taxonomy":"category","embeddable":true,"href":"https:\/\/avrupapress.com\/main\/wp-json\/wp\/v2\/categories?post=32259"},{"taxonomy":"post_tag","embeddable":true,"href":"https:\/\/avrupapress.com\/main\/wp-json\/wp\/v2\/tags?post=32259"}],"curies":[{"name":"wp","href":"https:\/\/api.w.org\/{rel}","templated":true}]}}