{"id":31632,"date":"2025-11-18T18:26:29","date_gmt":"2025-11-18T18:26:29","guid":{"rendered":"https:\/\/avrupapress.com\/main\/?p=31632"},"modified":"2025-11-18T18:27:53","modified_gmt":"2025-11-18T18:27:53","slug":"her-bacak-uyusmasinin-nedeni-fitik-degildir","status":"publish","type":"post","link":"https:\/\/avrupapress.com\/main\/2025\/11\/18\/her-bacak-uyusmasinin-nedeni-fitik-degildir\/","title":{"rendered":"Her bacak uyu\u015fmas\u0131n\u0131n nedeni f\u0131t\u0131k de\u011fildir!"},"content":{"rendered":"<div dir=\"auto\" data-olk-copy-source=\"MessageBody\">\ud83d\udccd Her bacak uyu\u015fmas\u0131n\u0131n nedeni f\u0131t\u0131k de\u011fildir!<\/div>\n<div dir=\"auto\"><\/div>\n<div dir=\"auto\">\ud83e\udde0 Bacakta uyu\u015fma, kar\u0131ncalanma, yanma veya g\u00fc\u00e7s\u00fczl\u00fck hissi ya\u015fayan bir\u00e7ok ki\u015fi hemen \u201cf\u0131t\u0131k oldum\u201d diye d\u00fc\u015f\u00fcn\u00fcr.<\/div>\n<div dir=\"auto\">Oysa bacak uyu\u015fmas\u0131n\u0131n arkas\u0131nda f\u0131t\u0131k d\u0131\u015f\u0131nda da bir\u00e7ok farkl\u0131 neden olabilir.<\/div>\n<div dir=\"auto\"><\/div>\n<div dir=\"auto\">\u2e3b<\/div>\n<div dir=\"auto\"><\/div>\n<div dir=\"auto\">\ud83d\udd0d F\u0131t\u0131k d\u0131\u015f\u0131 olas\u0131 nedenlerden baz\u0131lar\u0131:<\/div>\n<div dir=\"auto\"><\/div>\n<div dir=\"auto\">\u26a1 Meraljia Parestetika:<\/div>\n<div dir=\"auto\">Uylu\u011fun d\u0131\u015f k\u0131sm\u0131na duyu veren lateral femoral kutan\u00f6z sinirin kas\u0131k b\u00f6lgesinde s\u0131k\u0131\u015fmas\u0131yla olu\u015fur.<\/div>\n<div dir=\"auto\">Bel f\u0131t\u0131\u011f\u0131yla kar\u0131\u015ft\u0131r\u0131l\u0131r ama uyu\u015fma yaln\u0131zca uylu\u011fun d\u0131\u015f taraf\u0131nda, dizin \u00fcst k\u0131sm\u0131ndad\u0131r.<\/div>\n<div dir=\"auto\"><\/div>\n<div dir=\"auto\">\u26a1 Piriformis Sendromu (Siyatik Sinir S\u0131k\u0131\u015fmas\u0131):<\/div>\n<div dir=\"auto\">Kal\u00e7a derininde seyreden siyatik sinirin piriformis kas\u0131 aras\u0131nda s\u0131k\u0131\u015fmas\u0131yla olur.<\/div>\n<div dir=\"auto\">Oturmakla artan kal\u00e7a ve bacak arkas\u0131 uyu\u015fmas\u0131yla kendini g\u00f6sterir.<\/div>\n<div dir=\"auto\"><\/div>\n<div dir=\"auto\">\u26a1 Kanal Daralmas\u0131 (Spinal Stenoz):<\/div>\n<div dir=\"auto\">Omurilik kanal\u0131n\u0131n daralmas\u0131 sonucu sinir k\u00f6klerinin s\u0131k\u0131\u015fmas\u0131yla geli\u015fir.<\/div>\n<div dir=\"auto\">Y\u00fcr\u00fcrken bacaklarda uyu\u015fma, yanma, yorgunluk ve durmakla rahatlama tipiktir.<\/div>\n<div dir=\"auto\"><\/div>\n<div dir=\"auto\">\u26a1 Bel Kaymas\u0131 (Spondilolistezis):<\/div>\n<div dir=\"auto\">Bir omurun di\u011ferine g\u00f6re \u00f6ne kaymas\u0131 sinir k\u00f6klerini etkileyebilir.<\/div>\n<div dir=\"auto\">Hem a\u011fr\u0131 hem de tek ya da \u00e7ift tarafl\u0131 uyu\u015fma olu\u015fturabilir.<\/div>\n<div dir=\"auto\"><\/div>\n<div dir=\"auto\">\u26a1 Cluneal Sinir S\u0131k\u0131\u015fmas\u0131:<\/div>\n<div dir=\"auto\">Kal\u00e7an\u0131n \u00fcst d\u0131\u015f k\u0131sm\u0131ndaki cluneal sinirlerin fasya ve kas aras\u0131nda s\u0131k\u0131\u015fmas\u0131yla olu\u015fur.<\/div>\n<div dir=\"auto\">Bel f\u0131t\u0131\u011f\u0131na \u00e7ok benzer a\u011fr\u0131lar yapar, ancak MR\u2019da f\u0131t\u0131k g\u00f6r\u00fclmez.<\/div>\n<div dir=\"auto\"><\/div>\n<div dir=\"auto\">\u26a1 Dola\u015f\u0131m Bozukluklar\u0131 (Vask\u00fcler Nedenler):<\/div>\n<div dir=\"auto\">\u00d6zellikle uzun s\u00fcre oturan veya sigara kullanan bireylerde, bacak damarlar\u0131ndaki dola\u015f\u0131m problemleri de uyu\u015fmaya neden olabilir.<\/div>\n<div dir=\"auto\"><\/div>\n<div dir=\"auto\">\u26a1 Vitamin Eksiklikleri ve Metabolik Sebepler:<\/div>\n<div dir=\"auto\">B12, D vitamini, folat veya magnezyum eksikli\u011fi sinir iletimini bozar; n\u00f6ropatik uyu\u015fma ve kar\u0131ncalanma olu\u015fturabilir.<\/div>\n<div dir=\"auto\"><\/div>\n<div dir=\"auto\">\ud83d\udc86\u200d\u2642\ufe0f Tedavi ve yakla\u015f\u0131m<\/div>\n<div dir=\"auto\">\u00a0\u2022 \u00d6ncelikle do\u011fru tan\u0131 konulmal\u0131d\u0131r: MR tek ba\u015f\u0131na yeterli de\u011fildir, manuel n\u00f6rolojik muayene ve palpasyon \u015fartt\u0131r.<\/div>\n<div dir=\"auto\">\u00a0\u2022 Nedene y\u00f6nelik olarak:<\/div>\n<div dir=\"auto\">\u2705 Manuel terapi, osteopati ve sinir mobilizasyonlar\u0131<\/div>\n<div dir=\"auto\">\u2705 Post\u00fcr d\u00fczeltici egzersizler ve pelvik denge \u00e7al\u0131\u015fmalar\u0131<\/div>\n<div dir=\"auto\">\u2705 Vitamin\u2013mineral deste\u011fi ve dola\u015f\u0131m\u0131 art\u0131r\u0131c\u0131 uygulamalar<\/div>\n<div dir=\"auto\">\u2705 Gerekli durumlarda hekim y\u00f6nlendirmesiyle medikal tedavi<\/div>\n<div dir=\"auto\">y\u00fcksek ba\u015far\u0131 sa\u011flar.<\/div>\n<div dir=\"auto\">\u2705D\u00fczenli hacamat seanslar\u0131 ve S\u00fcl\u00fck tedavi<\/div>\n<div dir=\"auto\">\u2e3b<\/div>\n<div dir=\"auto\"><\/div>\n<div dir=\"auto\">\ud83c\udf3f Unutmay\u0131n:<\/div>\n<div dir=\"auto\">Her uyu\u015fma f\u0131t\u0131k de\u011fildir.<\/div>\n<div dir=\"auto\">Sinir, kas, eklem ve dola\u015f\u0131m sistemi bir b\u00fct\u00fcnd\u00fcr \u2014 do\u011fru analiz edilirse, kal\u0131c\u0131 \u00e7\u00f6z\u00fcm m\u00fcmk\u00fcnd\u00fcr.<\/div>\n<div dir=\"auto\"><\/div>\n<div dir=\"auto\"><\/div>\n<div dir=\"auto\"><img loading=\"lazy\" decoding=\"async\" class=\"alignnone size-medium wp-image-31633\" src=\"https:\/\/avrupapress.com\/main\/wp-content\/uploads\/2025\/11\/thumbnail_facebook_1763414689536_7396297285980688161-240x300.jpg\" alt=\"\" width=\"240\" height=\"300\" srcset=\"https:\/\/avrupapress.com\/main\/wp-content\/uploads\/2025\/11\/thumbnail_facebook_1763414689536_7396297285980688161-240x300.jpg 240w, https:\/\/avrupapress.com\/main\/wp-content\/uploads\/2025\/11\/thumbnail_facebook_1763414689536_7396297285980688161-819x1024.jpg 819w, https:\/\/avrupapress.com\/main\/wp-content\/uploads\/2025\/11\/thumbnail_facebook_1763414689536_7396297285980688161-768x960.jpg 768w, https:\/\/avrupapress.com\/main\/wp-content\/uploads\/2025\/11\/thumbnail_facebook_1763414689536_7396297285980688161.jpg 831w\" sizes=\"auto, (max-width: 240px) 100vw, 240px\" \/><\/div>\n<div dir=\"auto\"><\/div>\n","protected":false},"excerpt":{"rendered":"<p>\ud83d\udccd Her bacak uyu\u015fmas\u0131n\u0131n nedeni f\u0131t\u0131k de\u011fildir! \ud83e\udde0 Bacakta uyu\u015fma, kar\u0131ncalanma, yanma veya g\u00fc\u00e7s\u00fczl\u00fck hissi ya\u015fayan bir\u00e7ok ki\u015fi hemen \u201cf\u0131t\u0131k oldum\u201d diye d\u00fc\u015f\u00fcn\u00fcr. Oysa bacak uyu\u015fmas\u0131n\u0131n arkas\u0131nda f\u0131t\u0131k d\u0131\u015f\u0131nda da bir\u00e7ok farkl\u0131 neden olabilir. \u2e3b \ud83d\udd0d F\u0131t\u0131k d\u0131\u015f\u0131 olas\u0131 nedenlerden baz\u0131lar\u0131: \u26a1 Meraljia Parestetika: Uylu\u011fun d\u0131\u015f k\u0131sm\u0131na duyu veren lateral femoral kutan\u00f6z sinirin kas\u0131k b\u00f6lgesinde [&hellip;]<\/p>\n","protected":false},"author":3,"featured_media":31636,"comment_status":"closed","ping_status":"open","sticky":false,"template":"","format":"standard","meta":{"footnotes":""},"categories":[14,16,3,17,18,15,19,2,1],"tags":[],"class_list":["post-31632","post","type-post","status-publish","format-standard","has-post-thumbnail","hentry","category-avrupa","category-belcika","category-dunya","category-ekonomi","category-kultur-sanat","category-spor","category-tanitim","category-turkiye","category-uncategorized"],"yoast_head":"<!-- This site is optimized with the Yoast SEO plugin v26.9 - https:\/\/yoast.com\/product\/yoast-seo-wordpress\/ -->\n<title>Her bacak uyu\u015fmas\u0131n\u0131n nedeni f\u0131t\u0131k de\u011fildir! - AvrupaPress<\/title>\n<meta name=\"robots\" content=\"index, follow, max-snippet:-1, max-image-preview:large, max-video-preview:-1\" \/>\n<link rel=\"canonical\" href=\"https:\/\/avrupapress.com\/main\/2025\/11\/18\/her-bacak-uyusmasinin-nedeni-fitik-degildir\/\" \/>\n<meta property=\"og:locale\" content=\"fr_FR\" \/>\n<meta property=\"og:type\" content=\"article\" \/>\n<meta property=\"og:title\" content=\"Her bacak uyu\u015fmas\u0131n\u0131n nedeni f\u0131t\u0131k de\u011fildir! - AvrupaPress\" \/>\n<meta property=\"og:description\" content=\"\ud83d\udccd Her bacak uyu\u015fmas\u0131n\u0131n nedeni f\u0131t\u0131k de\u011fildir! \ud83e\udde0 Bacakta uyu\u015fma, kar\u0131ncalanma, yanma veya g\u00fc\u00e7s\u00fczl\u00fck hissi ya\u015fayan bir\u00e7ok ki\u015fi hemen \u201cf\u0131t\u0131k oldum\u201d diye d\u00fc\u015f\u00fcn\u00fcr. Oysa bacak uyu\u015fmas\u0131n\u0131n arkas\u0131nda f\u0131t\u0131k d\u0131\u015f\u0131nda da bir\u00e7ok farkl\u0131 neden olabilir. \u2e3b \ud83d\udd0d F\u0131t\u0131k d\u0131\u015f\u0131 olas\u0131 nedenlerden baz\u0131lar\u0131: \u26a1 Meraljia Parestetika: Uylu\u011fun d\u0131\u015f k\u0131sm\u0131na duyu veren lateral femoral kutan\u00f6z sinirin kas\u0131k b\u00f6lgesinde [&hellip;]\" \/>\n<meta property=\"og:url\" content=\"https:\/\/avrupapress.com\/main\/2025\/11\/18\/her-bacak-uyusmasinin-nedeni-fitik-degildir\/\" \/>\n<meta property=\"og:site_name\" content=\"AvrupaPress\" \/>\n<meta property=\"article:published_time\" content=\"2025-11-18T18:26:29+00:00\" \/>\n<meta property=\"article:modified_time\" content=\"2025-11-18T18:27:53+00:00\" \/>\n<meta property=\"og:image\" content=\"https:\/\/avrupapress.com\/main\/wp-content\/uploads\/2025\/11\/thumbnail_facebook_1763414689536_7396297285980688161-2-e1763490465297.jpg\" \/>\n\t<meta property=\"og:image:width\" content=\"830\" \/>\n\t<meta property=\"og:image:height\" content=\"510\" \/>\n\t<meta property=\"og:image:type\" content=\"image\/jpeg\" \/>\n<meta name=\"author\" content=\"Edit\u00f6r\" \/>\n<meta name=\"twitter:card\" content=\"summary_large_image\" \/>\n<meta name=\"twitter:label1\" content=\"\u00c9crit par\" \/>\n\t<meta name=\"twitter:data1\" content=\"Edit\u00f6r\" \/>\n\t<meta name=\"twitter:label2\" content=\"Dur\u00e9e de lecture est.\" \/>\n\t<meta name=\"twitter:data2\" content=\"2 minutes\" \/>\n<script type=\"application\/ld+json\" class=\"yoast-schema-graph\">{\"@context\":\"https:\/\/schema.org\",\"@graph\":[{\"@type\":\"Article\",\"@id\":\"https:\/\/avrupapress.com\/main\/2025\/11\/18\/her-bacak-uyusmasinin-nedeni-fitik-degildir\/#article\",\"isPartOf\":{\"@id\":\"https:\/\/avrupapress.com\/main\/2025\/11\/18\/her-bacak-uyusmasinin-nedeni-fitik-degildir\/\"},\"author\":{\"name\":\"Edit\u00f6r\",\"@id\":\"https:\/\/avrupapress.com\/#\/schema\/person\/68428444ec60970d1e1b700cf4ca1e8f\"},\"headline\":\"Her bacak uyu\u015fmas\u0131n\u0131n nedeni f\u0131t\u0131k de\u011fildir!\",\"datePublished\":\"2025-11-18T18:26:29+00:00\",\"dateModified\":\"2025-11-18T18:27:53+00:00\",\"mainEntityOfPage\":{\"@id\":\"https:\/\/avrupapress.com\/main\/2025\/11\/18\/her-bacak-uyusmasinin-nedeni-fitik-degildir\/\"},\"wordCount\":432,\"publisher\":{\"@id\":\"https:\/\/avrupapress.com\/#\/schema\/person\/0223dca19c72c43575bf30d1a2d8f4fa\"},\"image\":{\"@id\":\"https:\/\/avrupapress.com\/main\/2025\/11\/18\/her-bacak-uyusmasinin-nedeni-fitik-degildir\/#primaryimage\"},\"thumbnailUrl\":\"https:\/\/avrupapress.com\/main\/wp-content\/uploads\/2025\/11\/thumbnail_facebook_1763414689536_7396297285980688161-2-e1763490465297.jpg\",\"articleSection\":[\"Avrupa\",\"Bel\u00e7ika\",\"D\u00fcnya\",\"Ekonomi\",\"K\u00fclt\u00fcr-Sanat\",\"Spor\",\"Tan\u0131t\u0131m\",\"T\u00fcrkiye\",\"Uncategorized\"],\"inLanguage\":\"fr-BE\"},{\"@type\":\"WebPage\",\"@id\":\"https:\/\/avrupapress.com\/main\/2025\/11\/18\/her-bacak-uyusmasinin-nedeni-fitik-degildir\/\",\"url\":\"https:\/\/avrupapress.com\/main\/2025\/11\/18\/her-bacak-uyusmasinin-nedeni-fitik-degildir\/\",\"name\":\"Her bacak uyu\u015fmas\u0131n\u0131n nedeni f\u0131t\u0131k de\u011fildir! - AvrupaPress\",\"isPartOf\":{\"@id\":\"https:\/\/avrupapress.com\/#website\"},\"primaryImageOfPage\":{\"@id\":\"https:\/\/avrupapress.com\/main\/2025\/11\/18\/her-bacak-uyusmasinin-nedeni-fitik-degildir\/#primaryimage\"},\"image\":{\"@id\":\"https:\/\/avrupapress.com\/main\/2025\/11\/18\/her-bacak-uyusmasinin-nedeni-fitik-degildir\/#primaryimage\"},\"thumbnailUrl\":\"https:\/\/avrupapress.com\/main\/wp-content\/uploads\/2025\/11\/thumbnail_facebook_1763414689536_7396297285980688161-2-e1763490465297.jpg\",\"datePublished\":\"2025-11-18T18:26:29+00:00\",\"dateModified\":\"2025-11-18T18:27:53+00:00\",\"breadcrumb\":{\"@id\":\"https:\/\/avrupapress.com\/main\/2025\/11\/18\/her-bacak-uyusmasinin-nedeni-fitik-degildir\/#breadcrumb\"},\"inLanguage\":\"fr-BE\",\"potentialAction\":[{\"@type\":\"ReadAction\",\"target\":[\"https:\/\/avrupapress.com\/main\/2025\/11\/18\/her-bacak-uyusmasinin-nedeni-fitik-degildir\/\"]}]},{\"@type\":\"ImageObject\",\"inLanguage\":\"fr-BE\",\"@id\":\"https:\/\/avrupapress.com\/main\/2025\/11\/18\/her-bacak-uyusmasinin-nedeni-fitik-degildir\/#primaryimage\",\"url\":\"https:\/\/avrupapress.com\/main\/wp-content\/uploads\/2025\/11\/thumbnail_facebook_1763414689536_7396297285980688161-2-e1763490465297.jpg\",\"contentUrl\":\"https:\/\/avrupapress.com\/main\/wp-content\/uploads\/2025\/11\/thumbnail_facebook_1763414689536_7396297285980688161-2-e1763490465297.jpg\",\"width\":830,\"height\":510},{\"@type\":\"BreadcrumbList\",\"@id\":\"https:\/\/avrupapress.com\/main\/2025\/11\/18\/her-bacak-uyusmasinin-nedeni-fitik-degildir\/#breadcrumb\",\"itemListElement\":[{\"@type\":\"ListItem\",\"position\":1,\"name\":\"Anasayfa\",\"item\":\"https:\/\/avrupapress.com\/\"},{\"@type\":\"ListItem\",\"position\":2,\"name\":\"Her bacak uyu\u015fmas\u0131n\u0131n nedeni f\u0131t\u0131k de\u011fildir!\"}]},{\"@type\":\"WebSite\",\"@id\":\"https:\/\/avrupapress.com\/#website\",\"url\":\"https:\/\/avrupapress.com\/\",\"name\":\"AvrupaPress\",\"description\":\"Haberin Adresi\",\"publisher\":{\"@id\":\"https:\/\/avrupapress.com\/#\/schema\/person\/0223dca19c72c43575bf30d1a2d8f4fa\"},\"potentialAction\":[{\"@type\":\"SearchAction\",\"target\":{\"@type\":\"EntryPoint\",\"urlTemplate\":\"https:\/\/avrupapress.com\/?s={search_term_string}\"},\"query-input\":{\"@type\":\"PropertyValueSpecification\",\"valueRequired\":true,\"valueName\":\"search_term_string\"}}],\"inLanguage\":\"fr-BE\"},{\"@type\":[\"Person\",\"Organization\"],\"@id\":\"https:\/\/avrupapress.com\/#\/schema\/person\/0223dca19c72c43575bf30d1a2d8f4fa\",\"name\":\"Bilgin \u00d6z\u00e7ift\u00e7i\",\"image\":{\"@type\":\"ImageObject\",\"inLanguage\":\"fr-BE\",\"@id\":\"https:\/\/avrupapress.com\/#\/schema\/person\/image\/\",\"url\":\"https:\/\/secure.gravatar.com\/avatar\/0f23b280433a21e1ea7a0adcc46ed0ad16afe3ad8e630fd13d8a017dcbd54ef3?s=96&d=mm&r=g\",\"contentUrl\":\"https:\/\/secure.gravatar.com\/avatar\/0f23b280433a21e1ea7a0adcc46ed0ad16afe3ad8e630fd13d8a017dcbd54ef3?s=96&d=mm&r=g\",\"caption\":\"Bilgin \u00d6z\u00e7ift\u00e7i\"},\"logo\":{\"@id\":\"https:\/\/avrupapress.com\/#\/schema\/person\/image\/\"},\"description\":\"Ne ben, nede sen... Biz ancak \\\"biz\\\" olursak g\u00fc\u00e7l\u00fc olabiliriz\"},{\"@type\":\"Person\",\"@id\":\"https:\/\/avrupapress.com\/#\/schema\/person\/68428444ec60970d1e1b700cf4ca1e8f\",\"name\":\"Edit\u00f6r\",\"image\":{\"@type\":\"ImageObject\",\"inLanguage\":\"fr-BE\",\"@id\":\"https:\/\/avrupapress.com\/#\/schema\/person\/image\/\",\"url\":\"https:\/\/secure.gravatar.com\/avatar\/74996b0977aa5f1559ba9883776652508b229005c0d78fb2597897f0bd651c09?s=96&d=mm&r=g\",\"contentUrl\":\"https:\/\/secure.gravatar.com\/avatar\/74996b0977aa5f1559ba9883776652508b229005c0d78fb2597897f0bd651c09?s=96&d=mm&r=g\",\"caption\":\"Edit\u00f6r\"},\"sameAs\":[\"http:\/\/www.avrupapress.com\"],\"url\":\"https:\/\/avrupapress.com\/main\/author\/editor\/\"}]}<\/script>\n<!-- \/ Yoast SEO plugin. -->","yoast_head_json":{"title":"Her bacak uyu\u015fmas\u0131n\u0131n nedeni f\u0131t\u0131k de\u011fildir! - AvrupaPress","robots":{"index":"index","follow":"follow","max-snippet":"max-snippet:-1","max-image-preview":"max-image-preview:large","max-video-preview":"max-video-preview:-1"},"canonical":"https:\/\/avrupapress.com\/main\/2025\/11\/18\/her-bacak-uyusmasinin-nedeni-fitik-degildir\/","og_locale":"fr_FR","og_type":"article","og_title":"Her bacak uyu\u015fmas\u0131n\u0131n nedeni f\u0131t\u0131k de\u011fildir! - AvrupaPress","og_description":"\ud83d\udccd Her bacak uyu\u015fmas\u0131n\u0131n nedeni f\u0131t\u0131k de\u011fildir! \ud83e\udde0 Bacakta uyu\u015fma, kar\u0131ncalanma, yanma veya g\u00fc\u00e7s\u00fczl\u00fck hissi ya\u015fayan bir\u00e7ok ki\u015fi hemen \u201cf\u0131t\u0131k oldum\u201d diye d\u00fc\u015f\u00fcn\u00fcr. Oysa bacak uyu\u015fmas\u0131n\u0131n arkas\u0131nda f\u0131t\u0131k d\u0131\u015f\u0131nda da bir\u00e7ok farkl\u0131 neden olabilir. \u2e3b \ud83d\udd0d F\u0131t\u0131k d\u0131\u015f\u0131 olas\u0131 nedenlerden baz\u0131lar\u0131: \u26a1 Meraljia Parestetika: Uylu\u011fun d\u0131\u015f k\u0131sm\u0131na duyu veren lateral femoral kutan\u00f6z sinirin kas\u0131k b\u00f6lgesinde [&hellip;]","og_url":"https:\/\/avrupapress.com\/main\/2025\/11\/18\/her-bacak-uyusmasinin-nedeni-fitik-degildir\/","og_site_name":"AvrupaPress","article_published_time":"2025-11-18T18:26:29+00:00","article_modified_time":"2025-11-18T18:27:53+00:00","og_image":[{"width":830,"height":510,"url":"https:\/\/avrupapress.com\/main\/wp-content\/uploads\/2025\/11\/thumbnail_facebook_1763414689536_7396297285980688161-2-e1763490465297.jpg","type":"image\/jpeg"}],"author":"Edit\u00f6r","twitter_card":"summary_large_image","twitter_misc":{"\u00c9crit par":"Edit\u00f6r","Dur\u00e9e de lecture est.":"2 minutes"},"schema":{"@context":"https:\/\/schema.org","@graph":[{"@type":"Article","@id":"https:\/\/avrupapress.com\/main\/2025\/11\/18\/her-bacak-uyusmasinin-nedeni-fitik-degildir\/#article","isPartOf":{"@id":"https:\/\/avrupapress.com\/main\/2025\/11\/18\/her-bacak-uyusmasinin-nedeni-fitik-degildir\/"},"author":{"name":"Edit\u00f6r","@id":"https:\/\/avrupapress.com\/#\/schema\/person\/68428444ec60970d1e1b700cf4ca1e8f"},"headline":"Her bacak uyu\u015fmas\u0131n\u0131n nedeni f\u0131t\u0131k de\u011fildir!","datePublished":"2025-11-18T18:26:29+00:00","dateModified":"2025-11-18T18:27:53+00:00","mainEntityOfPage":{"@id":"https:\/\/avrupapress.com\/main\/2025\/11\/18\/her-bacak-uyusmasinin-nedeni-fitik-degildir\/"},"wordCount":432,"publisher":{"@id":"https:\/\/avrupapress.com\/#\/schema\/person\/0223dca19c72c43575bf30d1a2d8f4fa"},"image":{"@id":"https:\/\/avrupapress.com\/main\/2025\/11\/18\/her-bacak-uyusmasinin-nedeni-fitik-degildir\/#primaryimage"},"thumbnailUrl":"https:\/\/avrupapress.com\/main\/wp-content\/uploads\/2025\/11\/thumbnail_facebook_1763414689536_7396297285980688161-2-e1763490465297.jpg","articleSection":["Avrupa","Bel\u00e7ika","D\u00fcnya","Ekonomi","K\u00fclt\u00fcr-Sanat","Spor","Tan\u0131t\u0131m","T\u00fcrkiye","Uncategorized"],"inLanguage":"fr-BE"},{"@type":"WebPage","@id":"https:\/\/avrupapress.com\/main\/2025\/11\/18\/her-bacak-uyusmasinin-nedeni-fitik-degildir\/","url":"https:\/\/avrupapress.com\/main\/2025\/11\/18\/her-bacak-uyusmasinin-nedeni-fitik-degildir\/","name":"Her bacak uyu\u015fmas\u0131n\u0131n nedeni f\u0131t\u0131k de\u011fildir! - AvrupaPress","isPartOf":{"@id":"https:\/\/avrupapress.com\/#website"},"primaryImageOfPage":{"@id":"https:\/\/avrupapress.com\/main\/2025\/11\/18\/her-bacak-uyusmasinin-nedeni-fitik-degildir\/#primaryimage"},"image":{"@id":"https:\/\/avrupapress.com\/main\/2025\/11\/18\/her-bacak-uyusmasinin-nedeni-fitik-degildir\/#primaryimage"},"thumbnailUrl":"https:\/\/avrupapress.com\/main\/wp-content\/uploads\/2025\/11\/thumbnail_facebook_1763414689536_7396297285980688161-2-e1763490465297.jpg","datePublished":"2025-11-18T18:26:29+00:00","dateModified":"2025-11-18T18:27:53+00:00","breadcrumb":{"@id":"https:\/\/avrupapress.com\/main\/2025\/11\/18\/her-bacak-uyusmasinin-nedeni-fitik-degildir\/#breadcrumb"},"inLanguage":"fr-BE","potentialAction":[{"@type":"ReadAction","target":["https:\/\/avrupapress.com\/main\/2025\/11\/18\/her-bacak-uyusmasinin-nedeni-fitik-degildir\/"]}]},{"@type":"ImageObject","inLanguage":"fr-BE","@id":"https:\/\/avrupapress.com\/main\/2025\/11\/18\/her-bacak-uyusmasinin-nedeni-fitik-degildir\/#primaryimage","url":"https:\/\/avrupapress.com\/main\/wp-content\/uploads\/2025\/11\/thumbnail_facebook_1763414689536_7396297285980688161-2-e1763490465297.jpg","contentUrl":"https:\/\/avrupapress.com\/main\/wp-content\/uploads\/2025\/11\/thumbnail_facebook_1763414689536_7396297285980688161-2-e1763490465297.jpg","width":830,"height":510},{"@type":"BreadcrumbList","@id":"https:\/\/avrupapress.com\/main\/2025\/11\/18\/her-bacak-uyusmasinin-nedeni-fitik-degildir\/#breadcrumb","itemListElement":[{"@type":"ListItem","position":1,"name":"Anasayfa","item":"https:\/\/avrupapress.com\/"},{"@type":"ListItem","position":2,"name":"Her bacak uyu\u015fmas\u0131n\u0131n nedeni f\u0131t\u0131k de\u011fildir!"}]},{"@type":"WebSite","@id":"https:\/\/avrupapress.com\/#website","url":"https:\/\/avrupapress.com\/","name":"AvrupaPress","description":"Haberin Adresi","publisher":{"@id":"https:\/\/avrupapress.com\/#\/schema\/person\/0223dca19c72c43575bf30d1a2d8f4fa"},"potentialAction":[{"@type":"SearchAction","target":{"@type":"EntryPoint","urlTemplate":"https:\/\/avrupapress.com\/?s={search_term_string}"},"query-input":{"@type":"PropertyValueSpecification","valueRequired":true,"valueName":"search_term_string"}}],"inLanguage":"fr-BE"},{"@type":["Person","Organization"],"@id":"https:\/\/avrupapress.com\/#\/schema\/person\/0223dca19c72c43575bf30d1a2d8f4fa","name":"Bilgin \u00d6z\u00e7ift\u00e7i","image":{"@type":"ImageObject","inLanguage":"fr-BE","@id":"https:\/\/avrupapress.com\/#\/schema\/person\/image\/","url":"https:\/\/secure.gravatar.com\/avatar\/0f23b280433a21e1ea7a0adcc46ed0ad16afe3ad8e630fd13d8a017dcbd54ef3?s=96&d=mm&r=g","contentUrl":"https:\/\/secure.gravatar.com\/avatar\/0f23b280433a21e1ea7a0adcc46ed0ad16afe3ad8e630fd13d8a017dcbd54ef3?s=96&d=mm&r=g","caption":"Bilgin \u00d6z\u00e7ift\u00e7i"},"logo":{"@id":"https:\/\/avrupapress.com\/#\/schema\/person\/image\/"},"description":"Ne ben, nede sen... Biz ancak \"biz\" olursak g\u00fc\u00e7l\u00fc olabiliriz"},{"@type":"Person","@id":"https:\/\/avrupapress.com\/#\/schema\/person\/68428444ec60970d1e1b700cf4ca1e8f","name":"Edit\u00f6r","image":{"@type":"ImageObject","inLanguage":"fr-BE","@id":"https:\/\/avrupapress.com\/#\/schema\/person\/image\/","url":"https:\/\/secure.gravatar.com\/avatar\/74996b0977aa5f1559ba9883776652508b229005c0d78fb2597897f0bd651c09?s=96&d=mm&r=g","contentUrl":"https:\/\/secure.gravatar.com\/avatar\/74996b0977aa5f1559ba9883776652508b229005c0d78fb2597897f0bd651c09?s=96&d=mm&r=g","caption":"Edit\u00f6r"},"sameAs":["http:\/\/www.avrupapress.com"],"url":"https:\/\/avrupapress.com\/main\/author\/editor\/"}]}},"_links":{"self":[{"href":"https:\/\/avrupapress.com\/main\/wp-json\/wp\/v2\/posts\/31632","targetHints":{"allow":["GET"]}}],"collection":[{"href":"https:\/\/avrupapress.com\/main\/wp-json\/wp\/v2\/posts"}],"about":[{"href":"https:\/\/avrupapress.com\/main\/wp-json\/wp\/v2\/types\/post"}],"author":[{"embeddable":true,"href":"https:\/\/avrupapress.com\/main\/wp-json\/wp\/v2\/users\/3"}],"replies":[{"embeddable":true,"href":"https:\/\/avrupapress.com\/main\/wp-json\/wp\/v2\/comments?post=31632"}],"version-history":[{"count":1,"href":"https:\/\/avrupapress.com\/main\/wp-json\/wp\/v2\/posts\/31632\/revisions"}],"predecessor-version":[{"id":31635,"href":"https:\/\/avrupapress.com\/main\/wp-json\/wp\/v2\/posts\/31632\/revisions\/31635"}],"wp:featuredmedia":[{"embeddable":true,"href":"https:\/\/avrupapress.com\/main\/wp-json\/wp\/v2\/media\/31636"}],"wp:attachment":[{"href":"https:\/\/avrupapress.com\/main\/wp-json\/wp\/v2\/media?parent=31632"}],"wp:term":[{"taxonomy":"category","embeddable":true,"href":"https:\/\/avrupapress.com\/main\/wp-json\/wp\/v2\/categories?post=31632"},{"taxonomy":"post_tag","embeddable":true,"href":"https:\/\/avrupapress.com\/main\/wp-json\/wp\/v2\/tags?post=31632"}],"curies":[{"name":"wp","href":"https:\/\/api.w.org\/{rel}","templated":true}]}}