{"id":31624,"date":"2025-11-18T18:09:49","date_gmt":"2025-11-18T18:09:49","guid":{"rendered":"https:\/\/avrupapress.com\/main\/?p=31624"},"modified":"2025-11-18T18:09:58","modified_gmt":"2025-11-18T18:09:58","slug":"bruksel-oldu-ve-aglayan-yok","status":"publish","type":"post","link":"https:\/\/avrupapress.com\/main\/2025\/11\/18\/bruksel-oldu-ve-aglayan-yok\/","title":{"rendered":"Br\u00fcksel \u00f6ld\u00fc ve a\u011flayan yok&#8230;."},"content":{"rendered":"<div dir=\"auto\" data-olk-copy-source=\"MessageBody\">Br\u00fcksel sessiz bir \u00e7\u0131\u011fl\u0131k i\u00e7inde can \u00e7eki\u015fiyor.<\/div>\n<div dir=\"auto\">Ve buna ra\u011fmen kimse alarm\u0131 \u00e7almak istemiyor.<\/div>\n<div dir=\"auto\">Siyasi yorumcular art\u0131k bunu a\u00e7\u0131k\u00e7a s\u00f6yl\u00fcyor; t\u0131pk\u0131 Fabrice Grosfilley\u2019nin \u00f6fkeli yaz\u0131s\u0131nda belirtti\u011fi gibi: \u00f6fke, b\u0131kk\u0131nl\u0131\u011f\u0131n yerini ald\u0131.<\/div>\n<div dir=\"auto\">Ama bu \u00f6fke,<\/div>\n<div dir=\"auto\">sadece gazetecilerin de\u011fil.<\/div>\n<div dir=\"auto\">Vatanda\u015flar\u0131n \u00f6fkesi.<\/div>\n<div dir=\"auto\">Br\u00fcksellilerin \u00f6fkesi.<\/div>\n<div dir=\"auto\">Ve tamamen me\u015frudur.<\/div>\n<div dir=\"auto\">Aylard\u0131r B\u00f6lge, bir h\u00fck\u00fcmet kurmaktan aciz partilerin alt\u0131nda bo\u011fuluyor.<\/div>\n<div dir=\"auto\">Tarih \u00fcst\u00fcne tarih belirleniyor, erteleniyor, patl\u0131yor, yeniden ba\u015fl\u0131yor\u2026<\/div>\n<div dir=\"auto\">Ve bu grotesk tiyatro devam ederken, Br\u00fcksel bat\u0131yor.<\/div>\n<div dir=\"auto\">H\u00fck\u00fcmet yoklu\u011fu y\u00fcz\u00fcnden yak\u0131lan iki milyar<\/div>\n<div dir=\"auto\">Rakamlar ortada; so\u011fuk, ac\u0131mas\u0131z ve utan\u00e7 verici :<\/div>\n<div dir=\"auto\">\u2022\u2002\u2002\u2002\u2002\u20022024 sonunda 1,5 milyar \u20ac a\u00e7\u0131k<\/div>\n<div dir=\"auto\">\u2022\u2002\u2002\u2002\u2002\u20022025\u2019te her ay +125 milyon \u20ac ek a\u00e7\u0131k<\/div>\n<div dir=\"auto\">\u2022\u2002\u2002\u2002\u2002\u200216 ayl\u0131k siyasi kilitlenme = 2 milyar \u20ac buhar oldu<\/div>\n<div dir=\"auto\">Bu iki milyar, m\u00fczakereciler siyaset oyunlar\u0131 oynarken pencereden d\u0131\u015far\u0131 at\u0131ld\u0131.<\/div>\n<div dir=\"auto\">Bu para okullara, CPAS\u2019lara, derneklere, ula\u015f\u0131ma, g\u00fcvenli\u011fe, temizli\u011fe veya hastanelere gitmeyecek.<\/div>\n<div dir=\"auto\">Bu iki milyar\u0131 \u00f6deyecek olan ise vatanda\u015f olacak :<\/div>\n<div dir=\"auto\">azalan hizmetlerle,<\/div>\n<div dir=\"auto\">y\u00fckselen vergilerle \u2014 muhtemelen ikisi birden.<\/div>\n<div dir=\"auto\">Aral\u0131k : 2,25 milyar.<\/div>\n<div dir=\"auto\">\u015eubat : 2,5 milyar.<\/div>\n<div dir=\"auto\">Paskalya : 2,7 milyar.<\/div>\n<div dir=\"auto\">Normal bir devlette d\u00fc\u015f\u00fcn\u00fclemeyecek bir mali sapma.<\/div>\n<div dir=\"auto\">Ama burada, Br\u00fcksel\u2019de art\u0131k s\u0131radan.<\/div>\n<div dir=\"auto\">Sorumlular : MR, PS, Open VLD\u2026 ve di\u011ferleri<\/div>\n<div dir=\"auto\">Bu bat\u0131\u015f\u0131n sorumlulu\u011fu a\u00e7\u0131k :<\/div>\n<div dir=\"auto\">\u2022\u2002\u2002\u2002\u2002\u2002MR, \u201cBr\u00fcksel\u2019i 100 g\u00fcnde reform edece\u011fiz\u201d diyordu; bug\u00fcn 526 g\u00fcnd\u00fcr anla\u015fma sa\u011flayam\u0131yor.<\/div>\n<div dir=\"auto\">\u2022\u2002\u2002\u2002\u2002\u2002PS, N-VA\u2019y\u0131 reddetti ama gerekli tavizleri vermeyi de reddediyor.<\/div>\n<div dir=\"auto\">\u2022\u2002\u2002\u2002\u2002\u2002Open VLD, s\u0131k\u0131 y\u00f6netim rol\u00fc oynarken her ay 125 milyon \u20ac ek a\u00e7\u0131k \u00fcretiyor.<\/div>\n<div dir=\"auto\">Di\u011ferleri de ayn\u0131 :<\/div>\n<div dir=\"auto\">Les Engag\u00e9s konu\u015fmaya cesaret edemiyor,<\/div>\n<div dir=\"auto\">Vooruit uygulanabilir senaryolardan birini sabote etti,<\/div>\n<div dir=\"auto\">Groen ise do\u011fas\u0131na ayk\u0131r\u0131 bir koalisyonu kabul etti.<\/div>\n<div dir=\"auto\">Hi\u00e7biri aynaya bakam\u0131yor.<\/div>\n<div dir=\"auto\">Ve yine de\u2026 t\u00fcm bunlar \u00f6nlenebilirdi<\/div>\n<div dir=\"auto\">Kimsenin s\u00f6ylemek istemedi\u011fi bir ger\u00e7ek var :<\/div>\n<div dir=\"auto\">Br\u00fcksel \u00e7oktan bir h\u00fck\u00fcmete sahip olabilirdi\u2026<\/div>\n<div dir=\"auto\">e\u011fer Team Fouad Ahidar masaya davet edilseydi.<\/div>\n<div dir=\"auto\">Onun yerine :<\/div>\n<div dir=\"auto\">\u2022\u2002\u2002\u2002\u2002\u2002karalama kampanyas\u0131,<\/div>\n<div dir=\"auto\">\u2022\u2002\u2002\u2002\u2002\u2002grotesk su\u00e7lamalar,<\/div>\n<div dir=\"auto\">\u2022\u2002\u2002\u2002\u2002\u2002derinlemesine Br\u00fckselci bir program\u0131n abs\u00fcrt \u015fekilde \u015feytanla\u015ft\u0131r\u0131lmas\u0131.<\/div>\n<div dir=\"auto\">Korktuklar\u0131 program de\u011fil.<\/div>\n<div dir=\"auto\">Ger\u00e7ek Br\u00fcksellilerin s\u00f6z sahibi olma ihtimali.<\/div>\n<div dir=\"auto\">En b\u00fcy\u00fck ikiy\u00fczl\u00fcl\u00fck : Br\u00fckselli bile olmayan se\u00e7ilmi\u015fler<\/div>\n<div dir=\"auto\">Bug\u00fcn \u201cBr\u00fcksel ad\u0131na konu\u015ftu\u011funu\u201d iddia eden bir\u00e7ok ki\u015fi :<\/div>\n<div dir=\"auto\">\u2022\u2002\u2002\u2002\u2002\u2002burada b\u00fcy\u00fcmedi,<\/div>\n<div dir=\"auto\">\u2022\u2002\u2002\u2002\u2002\u2002Br\u00fcksel\u2019in ger\u00e7ekli\u011fini ya\u015fam\u0131yor,<\/div>\n<div dir=\"auto\">\u2022\u2002\u2002\u2002\u2002\u2002mahalleleri, okullar\u0131, yoksullu\u011fu, gerginlikleri bilmiyor.<\/div>\n<div dir=\"auto\">Br\u00fcksel bir b\u00fcrodan y\u00f6netilmez.<\/div>\n<div dir=\"auto\">Br\u00fcksel, Br\u00fcksel\u2019de b\u00fcy\u00fcm\u00fc\u015f olanlar taraf\u0131ndan y\u00f6netilir.<\/div>\n<div dir=\"auto\">Milletvekilleri maa\u015f balonunun i\u00e7inde ya\u015f\u0131yor<\/div>\n<div dir=\"auto\">Ger\u00e7ekleri nas\u0131l anlayabilirler ki :<\/div>\n<div dir=\"auto\">\u2022\u2002\u2002\u2002\u2002\u2002ayl\u0131k 15.000 \u20ac br\u00fct maa\u015fla,<\/div>\n<div dir=\"auto\">\u2022\u2002\u2002\u2002\u2002\u2002halktan tamamen kopuk bir hayatla,<\/div>\n<div dir=\"auto\">\u2022\u2002\u2002\u2002\u2002\u2002her ak\u015fam kutlamalar, a\u00e7\u0131l\u0131\u015flar, resepsiyonlarla,<\/div>\n<div dir=\"auto\">\u2022\u2002\u2002\u2002\u2002\u2002yakla\u015fan \u00e7\u00f6k\u00fc\u015f\u00fcn kendilerini asla etkilemeyece\u011fini bilerek ?<\/div>\n<div dir=\"auto\">Bu s\u0131rada :<\/div>\n<div dir=\"auto\">\u2022\u2002\u2002\u2002\u2002\u2002CPAS\u2019lar kaynak yetersizli\u011fiyle bo\u011fu\u015fuyor,<\/div>\n<div dir=\"auto\">\u2022\u2002\u2002\u2002\u2002\u2002dernekler \u00e7\u00f6k\u00fcyor,<\/div>\n<div dir=\"auto\">\u2022\u2002\u2002\u2002\u2002\u2002aileler ayakta kalmaya \u00e7al\u0131\u015f\u0131yor,<\/div>\n<div dir=\"auto\">\u2022\u2002\u2002\u2002\u2002\u2002b\u00f6lgesel devlet birka\u00e7 ay i\u00e7inde \u00f6deme g\u00fc\u00e7l\u00fc\u011f\u00fcne d\u00fc\u015febilir.<\/div>\n<div dir=\"auto\">Br\u00fcksel \u00f6l\u00fcrken kutlama yapan siyasi s\u0131n\u0131f<\/div>\n<div dir=\"auto\">Nas\u0131l h\u00e2l\u00e2 :<\/div>\n<div dir=\"auto\">\u2022\u2002\u2002\u2002\u2002\u2002g\u00fcl\u00fcmseyebiliyorlar,<\/div>\n<div dir=\"auto\">\u2022\u2002\u2002\u2002\u2002\u2002kurdele kesebiliyorlar,<\/div>\n<div dir=\"auto\">\u2022\u2002\u2002\u2002\u2002\u2002resepsiyonlarda poz verebiliyorlar,<\/div>\n<div dir=\"auto\">\u2022\u2002\u2002\u2002\u2002\u2002alk\u0131\u015flayabiliyorlar\u2026<\/div>\n<div dir=\"auto\">\u2026son yakla\u015f\u0131rken ?<\/div>\n<div dir=\"auto\">Kasalar bo\u015fald\u0131\u011f\u0131nda :<\/div>\n<div dir=\"auto\">\u2022\u2002\u2002\u2002\u2002\u2002\u00f6denekler bitecek,<\/div>\n<div dir=\"auto\">\u2022\u2002\u2002\u2002\u2002\u2002derneklere destek olmayacak,<\/div>\n<div dir=\"auto\">\u2022\u2002\u2002\u2002\u2002\u2002belediyelere kaynak kalmayacak.<\/div>\n<div dir=\"auto\">O g\u00fcn geldi\u011finde, bug\u00fcn alk\u0131\u015flayanlar s\u0131rt\u0131n\u0131 d\u00f6necek.<\/div>\n<div dir=\"auto\">Zaten \u00f6lm\u00fc\u015f bir devlet i\u00e7in dua ediyoruz<\/div>\n<div dir=\"auto\">Br\u00fcksel iflas etmi\u015f durumda.<\/div>\n<div dir=\"auto\">Siyasi olarak, mali olarak, kurumsal olarak.<\/div>\n<div dir=\"auto\">Ve kimse a\u011flam\u0131yor.<\/div>\n<div dir=\"auto\">Bu sessizlik, bu korkakl\u0131k, bu siyasi cesaret eksikli\u011fi :<\/div>\n<div dir=\"auto\">Br\u00fcksel\u2019i \u00f6ld\u00fcren as\u0131l \u015fey budur.<\/div>\n<div dir=\"auto\">Br\u00fcksel\u2019in cenazesinden sonra\u2026 s\u0131ra size gelecek<\/div>\n<div dir=\"auto\">Bir\u00e7ok ki\u015finin h\u00e2l\u00e2 anlamad\u0131\u011f\u0131 \u015fey \u015fu :<\/div>\n<div dir=\"auto\">Br\u00fcksel\u2019in cenazesi son olmayacak.<\/div>\n<div dir=\"auto\">Sizin k\u00e2busunuzun ba\u015flang\u0131c\u0131 olacak.<\/div>\n<div dir=\"auto\">Bir devlet \u00e7\u00f6kerse bedeli siyaset\u00e7i \u00f6demez.<\/div>\n<div dir=\"auto\">Siz \u00f6dersiniz.<\/div>\n<div dir=\"auto\">Sizi neler bekliyor<\/div>\n<div dir=\"auto\">Sizi maksimum d\u00fczeyde vergilendirecekler<\/div>\n<div dir=\"auto\">Art\u0131\u015f :<\/div>\n<div dir=\"auto\">\u2022\u2002\u2002\u2002\u2002\u2002tapu har\u00e7lar\u0131nda,<\/div>\n<div dir=\"auto\">\u2022\u2002\u2002\u2002\u2002\u2002miras vergilerinde,<\/div>\n<div dir=\"auto\">\u2022\u2002\u2002\u2002\u2002\u2002ba\u011f\u0131\u015f vergilerinde,<\/div>\n<div dir=\"auto\">\u2022\u2002\u2002\u2002\u2002\u2002t\u00fcm b\u00f6lgesel vergilerde.<\/div>\n<div dir=\"auto\">Vergi avantajlar\u0131n\u0131 kald\u0131racaklar<\/div>\n<div dir=\"auto\">T\u00fcm indirimler, istisnalar, te\u015fvikler yok edilecek.<\/div>\n<div dir=\"auto\">M\u00fclk sahiplerini art\u0131k korumayacaklar<\/div>\n<div dir=\"auto\">Ne Bel\u00e7ika\u2019da ne yurtd\u0131\u015f\u0131nda.<\/div>\n<div dir=\"auto\">\u0130lk hedef gayrimenkul olacak.<\/div>\n<div dir=\"auto\">El koyma, haciz, ceza ya\u011fmuru<\/div>\n<div dir=\"auto\">Araba, ev, \u015firket :<\/div>\n<div dir=\"auto\">hacizler, cezalar, yapt\u0131r\u0131mlar.<\/div>\n<div dir=\"auto\">Trafik cezalar\u0131 f\u0131rlayacak<\/div>\n<div dir=\"auto\">Her radar bir para makinesine d\u00f6n\u00fc\u015fecek.<\/div>\n<div dir=\"auto\">Ara\u00e7 vergileri artacak<\/div>\n<div dir=\"auto\">Okul masraflar\u0131 y\u00fckselecek<\/div>\n<div dir=\"auto\">Toplu ta\u015f\u0131ma bile l\u00fcks olacak<\/div>\n<div dir=\"auto\">Peki\u2026 ger\u00e7ekten bunu mu istiyorsunuz ?<\/div>\n<div dir=\"auto\">\u00c7ocuklar\u0131n\u0131z i\u00e7in ?<\/div>\n<div dir=\"auto\">Aileniz i\u00e7in ?<\/div>\n<div dir=\"auto\">B\u00f6lgeniz i\u00e7in ?<\/div>\n<div dir=\"auto\">Uyan\u0131n.<\/div>\n<div dir=\"auto\">Br\u00fcksel \u00f6l\u00fcyor.<\/div>\n<div dir=\"auto\">Ama siz h\u00e2l\u00e2 ya\u015f\u0131yorsunuz.<\/div>\n<div dir=\"auto\"><\/div>\n<div dir=\"auto\"><img loading=\"lazy\" decoding=\"async\" class=\"alignnone size-medium wp-image-31625\" src=\"https:\/\/avrupapress.com\/main\/wp-content\/uploads\/2025\/11\/thumbnail_Capture-decran-2025-11-18-135158-209x300.png\" alt=\"\" width=\"209\" height=\"300\" srcset=\"https:\/\/avrupapress.com\/main\/wp-content\/uploads\/2025\/11\/thumbnail_Capture-decran-2025-11-18-135158-209x300.png 209w, https:\/\/avrupapress.com\/main\/wp-content\/uploads\/2025\/11\/thumbnail_Capture-decran-2025-11-18-135158.png 419w\" sizes=\"auto, (max-width: 209px) 100vw, 209px\" \/><\/div>\n<div dir=\"auto\"><img loading=\"lazy\" decoding=\"async\" class=\"alignnone size-medium wp-image-31626\" src=\"https:\/\/avrupapress.com\/main\/wp-content\/uploads\/2025\/11\/585344920_2636364173404280_6756640568047371370_n-200x300.jpg\" alt=\"\" width=\"200\" height=\"300\" srcset=\"https:\/\/avrupapress.com\/main\/wp-content\/uploads\/2025\/11\/585344920_2636364173404280_6756640568047371370_n-200x300.jpg 200w, https:\/\/avrupapress.com\/main\/wp-content\/uploads\/2025\/11\/585344920_2636364173404280_6756640568047371370_n-683x1024.jpg 683w, https:\/\/avrupapress.com\/main\/wp-content\/uploads\/2025\/11\/585344920_2636364173404280_6756640568047371370_n-768x1152.jpg 768w, https:\/\/avrupapress.com\/main\/wp-content\/uploads\/2025\/11\/585344920_2636364173404280_6756640568047371370_n.jpg 1024w\" sizes=\"auto, (max-width: 200px) 100vw, 200px\" \/><\/div>\n<div dir=\"auto\"><\/div>\n<div dir=\"auto\"><strong>Kadir Duran\u00a0 \u00a0 \u00a0 \u00a0\/\u00a0 \u00a0 \u00a0 \u00a0AVRUPAPRESS<\/strong><\/div>\n","protected":false},"excerpt":{"rendered":"<p>Br\u00fcksel sessiz bir \u00e7\u0131\u011fl\u0131k i\u00e7inde can \u00e7eki\u015fiyor. Ve buna ra\u011fmen kimse alarm\u0131 \u00e7almak istemiyor. Siyasi yorumcular art\u0131k bunu a\u00e7\u0131k\u00e7a s\u00f6yl\u00fcyor; t\u0131pk\u0131 Fabrice Grosfilley\u2019nin \u00f6fkeli yaz\u0131s\u0131nda belirtti\u011fi gibi: \u00f6fke, b\u0131kk\u0131nl\u0131\u011f\u0131n yerini ald\u0131. Ama bu \u00f6fke, sadece gazetecilerin de\u011fil. Vatanda\u015flar\u0131n \u00f6fkesi. Br\u00fcksellilerin \u00f6fkesi. Ve tamamen me\u015frudur. Aylard\u0131r B\u00f6lge, bir h\u00fck\u00fcmet kurmaktan aciz partilerin alt\u0131nda bo\u011fuluyor. Tarih \u00fcst\u00fcne [&hellip;]<\/p>\n","protected":false},"author":3,"featured_media":31626,"comment_status":"closed","ping_status":"open","sticky":false,"template":"","format":"standard","meta":{"footnotes":""},"categories":[14,16,3,17,18,15,19,2,1],"tags":[],"class_list":["post-31624","post","type-post","status-publish","format-standard","has-post-thumbnail","hentry","category-avrupa","category-belcika","category-dunya","category-ekonomi","category-kultur-sanat","category-spor","category-tanitim","category-turkiye","category-uncategorized"],"yoast_head":"<!-- This site is optimized with the Yoast SEO plugin v26.9 - https:\/\/yoast.com\/product\/yoast-seo-wordpress\/ -->\n<title>Br\u00fcksel \u00f6ld\u00fc ve a\u011flayan yok.... - AvrupaPress<\/title>\n<meta name=\"robots\" content=\"index, follow, max-snippet:-1, max-image-preview:large, max-video-preview:-1\" \/>\n<link rel=\"canonical\" href=\"https:\/\/avrupapress.com\/main\/2025\/11\/18\/bruksel-oldu-ve-aglayan-yok\/\" \/>\n<meta property=\"og:locale\" content=\"fr_FR\" \/>\n<meta property=\"og:type\" content=\"article\" \/>\n<meta property=\"og:title\" content=\"Br\u00fcksel \u00f6ld\u00fc ve a\u011flayan yok.... - AvrupaPress\" \/>\n<meta property=\"og:description\" content=\"Br\u00fcksel sessiz bir \u00e7\u0131\u011fl\u0131k i\u00e7inde can \u00e7eki\u015fiyor. Ve buna ra\u011fmen kimse alarm\u0131 \u00e7almak istemiyor. Siyasi yorumcular art\u0131k bunu a\u00e7\u0131k\u00e7a s\u00f6yl\u00fcyor; t\u0131pk\u0131 Fabrice Grosfilley\u2019nin \u00f6fkeli yaz\u0131s\u0131nda belirtti\u011fi gibi: \u00f6fke, b\u0131kk\u0131nl\u0131\u011f\u0131n yerini ald\u0131. Ama bu \u00f6fke, sadece gazetecilerin de\u011fil. Vatanda\u015flar\u0131n \u00f6fkesi. Br\u00fcksellilerin \u00f6fkesi. Ve tamamen me\u015frudur. Aylard\u0131r B\u00f6lge, bir h\u00fck\u00fcmet kurmaktan aciz partilerin alt\u0131nda bo\u011fuluyor. Tarih \u00fcst\u00fcne [&hellip;]\" \/>\n<meta property=\"og:url\" content=\"https:\/\/avrupapress.com\/main\/2025\/11\/18\/bruksel-oldu-ve-aglayan-yok\/\" \/>\n<meta property=\"og:site_name\" content=\"AvrupaPress\" \/>\n<meta property=\"article:published_time\" content=\"2025-11-18T18:09:49+00:00\" \/>\n<meta property=\"article:modified_time\" content=\"2025-11-18T18:09:58+00:00\" \/>\n<meta property=\"og:image\" content=\"https:\/\/avrupapress.com\/main\/wp-content\/uploads\/2025\/11\/585344920_2636364173404280_6756640568047371370_n.jpg\" \/>\n\t<meta property=\"og:image:width\" content=\"1024\" \/>\n\t<meta property=\"og:image:height\" content=\"1536\" \/>\n\t<meta property=\"og:image:type\" content=\"image\/jpeg\" \/>\n<meta name=\"author\" content=\"Edit\u00f6r\" \/>\n<meta name=\"twitter:card\" content=\"summary_large_image\" \/>\n<meta name=\"twitter:label1\" content=\"\u00c9crit par\" \/>\n\t<meta name=\"twitter:data1\" content=\"Edit\u00f6r\" \/>\n\t<meta name=\"twitter:label2\" content=\"Dur\u00e9e de lecture est.\" \/>\n\t<meta name=\"twitter:data2\" content=\"4 minutes\" \/>\n<script type=\"application\/ld+json\" class=\"yoast-schema-graph\">{\"@context\":\"https:\/\/schema.org\",\"@graph\":[{\"@type\":\"Article\",\"@id\":\"https:\/\/avrupapress.com\/main\/2025\/11\/18\/bruksel-oldu-ve-aglayan-yok\/#article\",\"isPartOf\":{\"@id\":\"https:\/\/avrupapress.com\/main\/2025\/11\/18\/bruksel-oldu-ve-aglayan-yok\/\"},\"author\":{\"name\":\"Edit\u00f6r\",\"@id\":\"https:\/\/avrupapress.com\/#\/schema\/person\/68428444ec60970d1e1b700cf4ca1e8f\"},\"headline\":\"Br\u00fcksel \u00f6ld\u00fc ve a\u011flayan yok&#8230;.\",\"datePublished\":\"2025-11-18T18:09:49+00:00\",\"dateModified\":\"2025-11-18T18:09:58+00:00\",\"mainEntityOfPage\":{\"@id\":\"https:\/\/avrupapress.com\/main\/2025\/11\/18\/bruksel-oldu-ve-aglayan-yok\/\"},\"wordCount\":783,\"publisher\":{\"@id\":\"https:\/\/avrupapress.com\/#\/schema\/person\/0223dca19c72c43575bf30d1a2d8f4fa\"},\"image\":{\"@id\":\"https:\/\/avrupapress.com\/main\/2025\/11\/18\/bruksel-oldu-ve-aglayan-yok\/#primaryimage\"},\"thumbnailUrl\":\"https:\/\/avrupapress.com\/main\/wp-content\/uploads\/2025\/11\/585344920_2636364173404280_6756640568047371370_n.jpg\",\"articleSection\":[\"Avrupa\",\"Bel\u00e7ika\",\"D\u00fcnya\",\"Ekonomi\",\"K\u00fclt\u00fcr-Sanat\",\"Spor\",\"Tan\u0131t\u0131m\",\"T\u00fcrkiye\",\"Uncategorized\"],\"inLanguage\":\"fr-BE\"},{\"@type\":\"WebPage\",\"@id\":\"https:\/\/avrupapress.com\/main\/2025\/11\/18\/bruksel-oldu-ve-aglayan-yok\/\",\"url\":\"https:\/\/avrupapress.com\/main\/2025\/11\/18\/bruksel-oldu-ve-aglayan-yok\/\",\"name\":\"Br\u00fcksel \u00f6ld\u00fc ve a\u011flayan yok.... - AvrupaPress\",\"isPartOf\":{\"@id\":\"https:\/\/avrupapress.com\/#website\"},\"primaryImageOfPage\":{\"@id\":\"https:\/\/avrupapress.com\/main\/2025\/11\/18\/bruksel-oldu-ve-aglayan-yok\/#primaryimage\"},\"image\":{\"@id\":\"https:\/\/avrupapress.com\/main\/2025\/11\/18\/bruksel-oldu-ve-aglayan-yok\/#primaryimage\"},\"thumbnailUrl\":\"https:\/\/avrupapress.com\/main\/wp-content\/uploads\/2025\/11\/585344920_2636364173404280_6756640568047371370_n.jpg\",\"datePublished\":\"2025-11-18T18:09:49+00:00\",\"dateModified\":\"2025-11-18T18:09:58+00:00\",\"breadcrumb\":{\"@id\":\"https:\/\/avrupapress.com\/main\/2025\/11\/18\/bruksel-oldu-ve-aglayan-yok\/#breadcrumb\"},\"inLanguage\":\"fr-BE\",\"potentialAction\":[{\"@type\":\"ReadAction\",\"target\":[\"https:\/\/avrupapress.com\/main\/2025\/11\/18\/bruksel-oldu-ve-aglayan-yok\/\"]}]},{\"@type\":\"ImageObject\",\"inLanguage\":\"fr-BE\",\"@id\":\"https:\/\/avrupapress.com\/main\/2025\/11\/18\/bruksel-oldu-ve-aglayan-yok\/#primaryimage\",\"url\":\"https:\/\/avrupapress.com\/main\/wp-content\/uploads\/2025\/11\/585344920_2636364173404280_6756640568047371370_n.jpg\",\"contentUrl\":\"https:\/\/avrupapress.com\/main\/wp-content\/uploads\/2025\/11\/585344920_2636364173404280_6756640568047371370_n.jpg\",\"width\":1024,\"height\":1536},{\"@type\":\"BreadcrumbList\",\"@id\":\"https:\/\/avrupapress.com\/main\/2025\/11\/18\/bruksel-oldu-ve-aglayan-yok\/#breadcrumb\",\"itemListElement\":[{\"@type\":\"ListItem\",\"position\":1,\"name\":\"Anasayfa\",\"item\":\"https:\/\/avrupapress.com\/\"},{\"@type\":\"ListItem\",\"position\":2,\"name\":\"Br\u00fcksel \u00f6ld\u00fc ve a\u011flayan yok&#8230;.\"}]},{\"@type\":\"WebSite\",\"@id\":\"https:\/\/avrupapress.com\/#website\",\"url\":\"https:\/\/avrupapress.com\/\",\"name\":\"AvrupaPress\",\"description\":\"Haberin Adresi\",\"publisher\":{\"@id\":\"https:\/\/avrupapress.com\/#\/schema\/person\/0223dca19c72c43575bf30d1a2d8f4fa\"},\"potentialAction\":[{\"@type\":\"SearchAction\",\"target\":{\"@type\":\"EntryPoint\",\"urlTemplate\":\"https:\/\/avrupapress.com\/?s={search_term_string}\"},\"query-input\":{\"@type\":\"PropertyValueSpecification\",\"valueRequired\":true,\"valueName\":\"search_term_string\"}}],\"inLanguage\":\"fr-BE\"},{\"@type\":[\"Person\",\"Organization\"],\"@id\":\"https:\/\/avrupapress.com\/#\/schema\/person\/0223dca19c72c43575bf30d1a2d8f4fa\",\"name\":\"Bilgin \u00d6z\u00e7ift\u00e7i\",\"image\":{\"@type\":\"ImageObject\",\"inLanguage\":\"fr-BE\",\"@id\":\"https:\/\/avrupapress.com\/#\/schema\/person\/image\/\",\"url\":\"https:\/\/secure.gravatar.com\/avatar\/0f23b280433a21e1ea7a0adcc46ed0ad16afe3ad8e630fd13d8a017dcbd54ef3?s=96&d=mm&r=g\",\"contentUrl\":\"https:\/\/secure.gravatar.com\/avatar\/0f23b280433a21e1ea7a0adcc46ed0ad16afe3ad8e630fd13d8a017dcbd54ef3?s=96&d=mm&r=g\",\"caption\":\"Bilgin \u00d6z\u00e7ift\u00e7i\"},\"logo\":{\"@id\":\"https:\/\/avrupapress.com\/#\/schema\/person\/image\/\"},\"description\":\"Ne ben, nede sen... Biz ancak \\\"biz\\\" olursak g\u00fc\u00e7l\u00fc olabiliriz\"},{\"@type\":\"Person\",\"@id\":\"https:\/\/avrupapress.com\/#\/schema\/person\/68428444ec60970d1e1b700cf4ca1e8f\",\"name\":\"Edit\u00f6r\",\"image\":{\"@type\":\"ImageObject\",\"inLanguage\":\"fr-BE\",\"@id\":\"https:\/\/avrupapress.com\/#\/schema\/person\/image\/\",\"url\":\"https:\/\/secure.gravatar.com\/avatar\/74996b0977aa5f1559ba9883776652508b229005c0d78fb2597897f0bd651c09?s=96&d=mm&r=g\",\"contentUrl\":\"https:\/\/secure.gravatar.com\/avatar\/74996b0977aa5f1559ba9883776652508b229005c0d78fb2597897f0bd651c09?s=96&d=mm&r=g\",\"caption\":\"Edit\u00f6r\"},\"sameAs\":[\"http:\/\/www.avrupapress.com\"],\"url\":\"https:\/\/avrupapress.com\/main\/author\/editor\/\"}]}<\/script>\n<!-- \/ Yoast SEO plugin. -->","yoast_head_json":{"title":"Br\u00fcksel \u00f6ld\u00fc ve a\u011flayan yok.... - AvrupaPress","robots":{"index":"index","follow":"follow","max-snippet":"max-snippet:-1","max-image-preview":"max-image-preview:large","max-video-preview":"max-video-preview:-1"},"canonical":"https:\/\/avrupapress.com\/main\/2025\/11\/18\/bruksel-oldu-ve-aglayan-yok\/","og_locale":"fr_FR","og_type":"article","og_title":"Br\u00fcksel \u00f6ld\u00fc ve a\u011flayan yok.... - AvrupaPress","og_description":"Br\u00fcksel sessiz bir \u00e7\u0131\u011fl\u0131k i\u00e7inde can \u00e7eki\u015fiyor. Ve buna ra\u011fmen kimse alarm\u0131 \u00e7almak istemiyor. Siyasi yorumcular art\u0131k bunu a\u00e7\u0131k\u00e7a s\u00f6yl\u00fcyor; t\u0131pk\u0131 Fabrice Grosfilley\u2019nin \u00f6fkeli yaz\u0131s\u0131nda belirtti\u011fi gibi: \u00f6fke, b\u0131kk\u0131nl\u0131\u011f\u0131n yerini ald\u0131. Ama bu \u00f6fke, sadece gazetecilerin de\u011fil. Vatanda\u015flar\u0131n \u00f6fkesi. Br\u00fcksellilerin \u00f6fkesi. Ve tamamen me\u015frudur. Aylard\u0131r B\u00f6lge, bir h\u00fck\u00fcmet kurmaktan aciz partilerin alt\u0131nda bo\u011fuluyor. Tarih \u00fcst\u00fcne [&hellip;]","og_url":"https:\/\/avrupapress.com\/main\/2025\/11\/18\/bruksel-oldu-ve-aglayan-yok\/","og_site_name":"AvrupaPress","article_published_time":"2025-11-18T18:09:49+00:00","article_modified_time":"2025-11-18T18:09:58+00:00","og_image":[{"width":1024,"height":1536,"url":"https:\/\/avrupapress.com\/main\/wp-content\/uploads\/2025\/11\/585344920_2636364173404280_6756640568047371370_n.jpg","type":"image\/jpeg"}],"author":"Edit\u00f6r","twitter_card":"summary_large_image","twitter_misc":{"\u00c9crit par":"Edit\u00f6r","Dur\u00e9e de lecture est.":"4 minutes"},"schema":{"@context":"https:\/\/schema.org","@graph":[{"@type":"Article","@id":"https:\/\/avrupapress.com\/main\/2025\/11\/18\/bruksel-oldu-ve-aglayan-yok\/#article","isPartOf":{"@id":"https:\/\/avrupapress.com\/main\/2025\/11\/18\/bruksel-oldu-ve-aglayan-yok\/"},"author":{"name":"Edit\u00f6r","@id":"https:\/\/avrupapress.com\/#\/schema\/person\/68428444ec60970d1e1b700cf4ca1e8f"},"headline":"Br\u00fcksel \u00f6ld\u00fc ve a\u011flayan yok&#8230;.","datePublished":"2025-11-18T18:09:49+00:00","dateModified":"2025-11-18T18:09:58+00:00","mainEntityOfPage":{"@id":"https:\/\/avrupapress.com\/main\/2025\/11\/18\/bruksel-oldu-ve-aglayan-yok\/"},"wordCount":783,"publisher":{"@id":"https:\/\/avrupapress.com\/#\/schema\/person\/0223dca19c72c43575bf30d1a2d8f4fa"},"image":{"@id":"https:\/\/avrupapress.com\/main\/2025\/11\/18\/bruksel-oldu-ve-aglayan-yok\/#primaryimage"},"thumbnailUrl":"https:\/\/avrupapress.com\/main\/wp-content\/uploads\/2025\/11\/585344920_2636364173404280_6756640568047371370_n.jpg","articleSection":["Avrupa","Bel\u00e7ika","D\u00fcnya","Ekonomi","K\u00fclt\u00fcr-Sanat","Spor","Tan\u0131t\u0131m","T\u00fcrkiye","Uncategorized"],"inLanguage":"fr-BE"},{"@type":"WebPage","@id":"https:\/\/avrupapress.com\/main\/2025\/11\/18\/bruksel-oldu-ve-aglayan-yok\/","url":"https:\/\/avrupapress.com\/main\/2025\/11\/18\/bruksel-oldu-ve-aglayan-yok\/","name":"Br\u00fcksel \u00f6ld\u00fc ve a\u011flayan yok.... - AvrupaPress","isPartOf":{"@id":"https:\/\/avrupapress.com\/#website"},"primaryImageOfPage":{"@id":"https:\/\/avrupapress.com\/main\/2025\/11\/18\/bruksel-oldu-ve-aglayan-yok\/#primaryimage"},"image":{"@id":"https:\/\/avrupapress.com\/main\/2025\/11\/18\/bruksel-oldu-ve-aglayan-yok\/#primaryimage"},"thumbnailUrl":"https:\/\/avrupapress.com\/main\/wp-content\/uploads\/2025\/11\/585344920_2636364173404280_6756640568047371370_n.jpg","datePublished":"2025-11-18T18:09:49+00:00","dateModified":"2025-11-18T18:09:58+00:00","breadcrumb":{"@id":"https:\/\/avrupapress.com\/main\/2025\/11\/18\/bruksel-oldu-ve-aglayan-yok\/#breadcrumb"},"inLanguage":"fr-BE","potentialAction":[{"@type":"ReadAction","target":["https:\/\/avrupapress.com\/main\/2025\/11\/18\/bruksel-oldu-ve-aglayan-yok\/"]}]},{"@type":"ImageObject","inLanguage":"fr-BE","@id":"https:\/\/avrupapress.com\/main\/2025\/11\/18\/bruksel-oldu-ve-aglayan-yok\/#primaryimage","url":"https:\/\/avrupapress.com\/main\/wp-content\/uploads\/2025\/11\/585344920_2636364173404280_6756640568047371370_n.jpg","contentUrl":"https:\/\/avrupapress.com\/main\/wp-content\/uploads\/2025\/11\/585344920_2636364173404280_6756640568047371370_n.jpg","width":1024,"height":1536},{"@type":"BreadcrumbList","@id":"https:\/\/avrupapress.com\/main\/2025\/11\/18\/bruksel-oldu-ve-aglayan-yok\/#breadcrumb","itemListElement":[{"@type":"ListItem","position":1,"name":"Anasayfa","item":"https:\/\/avrupapress.com\/"},{"@type":"ListItem","position":2,"name":"Br\u00fcksel \u00f6ld\u00fc ve a\u011flayan yok&#8230;."}]},{"@type":"WebSite","@id":"https:\/\/avrupapress.com\/#website","url":"https:\/\/avrupapress.com\/","name":"AvrupaPress","description":"Haberin Adresi","publisher":{"@id":"https:\/\/avrupapress.com\/#\/schema\/person\/0223dca19c72c43575bf30d1a2d8f4fa"},"potentialAction":[{"@type":"SearchAction","target":{"@type":"EntryPoint","urlTemplate":"https:\/\/avrupapress.com\/?s={search_term_string}"},"query-input":{"@type":"PropertyValueSpecification","valueRequired":true,"valueName":"search_term_string"}}],"inLanguage":"fr-BE"},{"@type":["Person","Organization"],"@id":"https:\/\/avrupapress.com\/#\/schema\/person\/0223dca19c72c43575bf30d1a2d8f4fa","name":"Bilgin \u00d6z\u00e7ift\u00e7i","image":{"@type":"ImageObject","inLanguage":"fr-BE","@id":"https:\/\/avrupapress.com\/#\/schema\/person\/image\/","url":"https:\/\/secure.gravatar.com\/avatar\/0f23b280433a21e1ea7a0adcc46ed0ad16afe3ad8e630fd13d8a017dcbd54ef3?s=96&d=mm&r=g","contentUrl":"https:\/\/secure.gravatar.com\/avatar\/0f23b280433a21e1ea7a0adcc46ed0ad16afe3ad8e630fd13d8a017dcbd54ef3?s=96&d=mm&r=g","caption":"Bilgin \u00d6z\u00e7ift\u00e7i"},"logo":{"@id":"https:\/\/avrupapress.com\/#\/schema\/person\/image\/"},"description":"Ne ben, nede sen... Biz ancak \"biz\" olursak g\u00fc\u00e7l\u00fc olabiliriz"},{"@type":"Person","@id":"https:\/\/avrupapress.com\/#\/schema\/person\/68428444ec60970d1e1b700cf4ca1e8f","name":"Edit\u00f6r","image":{"@type":"ImageObject","inLanguage":"fr-BE","@id":"https:\/\/avrupapress.com\/#\/schema\/person\/image\/","url":"https:\/\/secure.gravatar.com\/avatar\/74996b0977aa5f1559ba9883776652508b229005c0d78fb2597897f0bd651c09?s=96&d=mm&r=g","contentUrl":"https:\/\/secure.gravatar.com\/avatar\/74996b0977aa5f1559ba9883776652508b229005c0d78fb2597897f0bd651c09?s=96&d=mm&r=g","caption":"Edit\u00f6r"},"sameAs":["http:\/\/www.avrupapress.com"],"url":"https:\/\/avrupapress.com\/main\/author\/editor\/"}]}},"_links":{"self":[{"href":"https:\/\/avrupapress.com\/main\/wp-json\/wp\/v2\/posts\/31624","targetHints":{"allow":["GET"]}}],"collection":[{"href":"https:\/\/avrupapress.com\/main\/wp-json\/wp\/v2\/posts"}],"about":[{"href":"https:\/\/avrupapress.com\/main\/wp-json\/wp\/v2\/types\/post"}],"author":[{"embeddable":true,"href":"https:\/\/avrupapress.com\/main\/wp-json\/wp\/v2\/users\/3"}],"replies":[{"embeddable":true,"href":"https:\/\/avrupapress.com\/main\/wp-json\/wp\/v2\/comments?post=31624"}],"version-history":[{"count":1,"href":"https:\/\/avrupapress.com\/main\/wp-json\/wp\/v2\/posts\/31624\/revisions"}],"predecessor-version":[{"id":31627,"href":"https:\/\/avrupapress.com\/main\/wp-json\/wp\/v2\/posts\/31624\/revisions\/31627"}],"wp:featuredmedia":[{"embeddable":true,"href":"https:\/\/avrupapress.com\/main\/wp-json\/wp\/v2\/media\/31626"}],"wp:attachment":[{"href":"https:\/\/avrupapress.com\/main\/wp-json\/wp\/v2\/media?parent=31624"}],"wp:term":[{"taxonomy":"category","embeddable":true,"href":"https:\/\/avrupapress.com\/main\/wp-json\/wp\/v2\/categories?post=31624"},{"taxonomy":"post_tag","embeddable":true,"href":"https:\/\/avrupapress.com\/main\/wp-json\/wp\/v2\/tags?post=31624"}],"curies":[{"name":"wp","href":"https:\/\/api.w.org\/{rel}","templated":true}]}}