{"id":31609,"date":"2025-11-17T18:03:26","date_gmt":"2025-11-17T18:03:26","guid":{"rendered":"https:\/\/avrupapress.com\/main\/?p=31609"},"modified":"2025-11-17T18:03:31","modified_gmt":"2025-11-17T18:03:31","slug":"mr-satranc-tahtasinda-taslar-hareket-ediyor-ama-gercekten-hicbir-sey-degismiyor-belcika-siyaseti","status":"publish","type":"post","link":"https:\/\/avrupapress.com\/main\/2025\/11\/17\/mr-satranc-tahtasinda-taslar-hareket-ediyor-ama-gercekten-hicbir-sey-degismiyor-belcika-siyaseti\/","title":{"rendered":"MR Satran\u00e7 Tahtas\u0131nda Ta\u015flar Hareket Ediyor\u2026 Ama Ger\u00e7ekten Hi\u00e7bir \u015eey De\u011fi\u015fmiyor \u00a0(Bel\u00e7ika Siyaseti )"},"content":{"rendered":"<div dir=\"auto\" data-olk-copy-source=\"MessageBody\"><strong>MR Satran\u00e7 Tahtas\u0131nda Ta\u015flar Hareket Ediyor\u2026 Ama Ger\u00e7ekten Hi\u00e7bir \u015eey De\u011fi\u015fmiyor \u00a0(Bel\u00e7ika Siyaseti )<\/strong><\/div>\n<div dir=\"auto\"><\/div>\n<div dir=\"auto\"><\/div>\n<div dir=\"auto\">Georges-Louis Bouchez\u2019in (GLB) bu pazartesi g\u00fcn\u00fc a\u00e7\u0131klad\u0131\u011f\u0131 i\u00e7 yeniden yap\u0131lanma, ba\u015fkanl\u0131\u011fa geli\u015finin \u00fczerinden alt\u0131 y\u0131l ge\u00e7tikten sonra MR \u00fczerindeki tam kontrol\u00fcn\u00fc peki\u015ftirdi\u011fi yeni bir a\u015famay\u0131 i\u015faret ediyor. Bu hamle, zaten bilinen bir mant\u0131\u011f\u0131n devam\u0131 niteli\u011finde: g\u00fcc\u00fc merkezile\u015ftirmek, ileti\u015fimi s\u0131k\u0131 \u015fekilde kontrol alt\u0131na almak ve giderek daralan bir sad\u0131k \u00e7evresi olu\u015fturmak.<\/div>\n<div dir=\"auto\"><\/div>\n<div dir=\"auto\">Bouchez, MR\u2019\u0131n yeni i\u00e7 \u00f6rg\u00fct \u015femas\u0131n\u0131 sundu. Resm\u00ee olarak bu bir \u201cyeniden yap\u0131lanma\u201d. Gayriresm\u00ee olarak ise liberal satran\u00e7 tahtas\u0131nda ba\u015fkan\u0131n piyonlar\u0131n\u0131 s\u00fcrd\u00fc\u011f\u00fc, fakat partinin dinamiklerini ger\u00e7ekten de\u011fi\u015ftirmeyen taktiksel bir hamle.<\/div>\n<div dir=\"auto\"><\/div>\n<div dir=\"auto\">Bir Satran\u00e7 Partisini And\u0131ran \u0130\u00e7 D\u00fczenleme<\/div>\n<div dir=\"auto\"><\/div>\n<div dir=\"auto\">Birka\u00e7 piyon ilerliyor, bir at fil oluyor, baz\u0131 ta\u015flar sessizce bir kareden di\u011ferine kay\u0131yor\u2026 Ancak Reform Hareketi\u2019nin satran\u00e7 tahtas\u0131nda bu manevra pek de yeni say\u0131lmaz.<\/div>\n<div dir=\"auto\"><\/div>\n<div dir=\"auto\">Bouchez\u2019in pazartesi sabah\u0131 a\u00e7\u0131klad\u0131\u011f\u0131 i\u00e7 d\u00fczenleme, yap\u0131sal bir reformdan ziyade kontrol\u00fcn\u00fc sa\u011flamla\u015ft\u0131rmaya y\u00f6nelik stratejik bir ayarlama niteli\u011finde. Liberal ba\u015fkan yak\u0131n \u00e7evresini g\u00fc\u00e7lendiriyor, ileti\u015fimi kilitliyor ve siyasi mekanizmas\u0131n\u0131n temel unsurlar\u0131n\u0131 yeniden konumland\u0131r\u0131yor.<\/div>\n<div dir=\"auto\"><\/div>\n<div dir=\"auto\">Valentine Delwart: Bask\u0131 Alt\u0131nda Bir Kenara \u00c7ekilme<\/div>\n<div dir=\"auto\"><\/div>\n<div dir=\"auto\">Genel sekreterlik g\u00f6revinden ayr\u0131lan Valentine Delwart\u2019\u0131n gidi\u015fi, bu yeniden yap\u0131lanman\u0131n en g\u00fc\u00e7l\u00fc sinyallerinden biri.<\/div>\n<div dir=\"auto\"><\/div>\n<div dir=\"auto\">Resm\u00ee olarak bu, \u201cki\u015fisel bir y\u00f6n de\u011fi\u015fikli\u011fi\u201d.<\/div>\n<div dir=\"auto\">Gayriresm\u00ee olarak ise aylarca biriken medya ve parti i\u00e7i bask\u0131n\u0131n bir sonucu.<\/div>\n<div dir=\"auto\"><\/div>\n<div dir=\"auto\">Charles Michel\u2019e yak\u0131nl\u0131\u011f\u0131yla bilinen ve Bouchez\u2019in \u201chalk\u00e7\u0131 sa\u011f \u00e7izgisi\u201d ile \u00e7ok uyumlu olmayan Delwart, eski MR\u2019\u0131n bir sembol\u00fc h\u00e2line gelmi\u015fti. Onu politika sekreterli\u011fi g\u00f6revine kayd\u0131rmak, karar mekanizmas\u0131n\u0131n kalbinden nazik\u00e7e uzakla\u015ft\u0131rman\u0131n bir yolu.<\/div>\n<div dir=\"auto\"><\/div>\n<div dir=\"auto\">Liberal ekosistemde \u00f6zellikle de Br\u00fcksel B\u00f6lgesi i\u00e7in d\u00fc\u015f\u00fcn\u00fclebilecek bir rol ba\u011flam\u0131nda h\u00e2l\u00e2 faydal\u0131 olabilir, ancak parti i\u00e7indeki etkisi art\u0131k belirgin \u015fekilde azalm\u0131\u015f durumda.<\/div>\n<div dir=\"auto\"><\/div>\n<div dir=\"auto\">Yassine Rafik: G\u00f6lgeden I\u015f\u0131\u011fa MR\u2019\u0131n Yeni Spin Doctor\u2019\u0131<\/div>\n<div dir=\"auto\"><\/div>\n<div dir=\"auto\">En dikkat \u00e7ekici terfi, art\u0131k resm\u00ee olarak ba\u015fkan\u0131n stratejik dan\u0131\u015fman\u0131 olan Yassine Rafik\u2019e ait.<\/div>\n<div dir=\"auto\"><\/div>\n<div dir=\"auto\">28 ya\u015f\u0131ndaki Rafik, 2024 b\u00f6lgesel listelerinin haz\u0131rlanmas\u0131nda aktif rol oynam\u0131\u015f bir isim olarak MR\u2019\u0131n siyasi ileti\u015fiminin mimar\u0131 konumuna y\u00fckseliyor.<\/div>\n<div dir=\"auto\"><\/div>\n<div dir=\"auto\">Medya oyununun incelikleri, imaj stratejisi, mesaj yaz\u0131m\u0131, kamuya yap\u0131lan a\u00e7\u0131klamalar\u0131n ayarlanmas\u0131: Rafik tam anlam\u0131yla Amerikan tarz\u0131 bir \u201cspin doctor\u201d rol\u00fcn\u00fc \u00fcstleniyor.<\/div>\n<div dir=\"auto\"><\/div>\n<div dir=\"auto\">Etkisi sadece teknik olmayacak. Bouchez\u2019in siyasi stratejisini m\u00fckemmel \u015fekilde kavrayan nadir ki\u015filerden biri:<\/div>\n<div dir=\"auto\">\u2022 sald\u0131rgan,<\/div>\n<div dir=\"auto\">\u2022 kutupla\u015ft\u0131r\u0131c\u0131,<\/div>\n<div dir=\"auto\">\u2022 ki\u015fiselle\u015ftirilmi\u015f,<\/div>\n<div dir=\"auto\">\u2022 Sarkozy tarz\u0131 ileti\u015fim kodlar\u0131ndan ilham alan,<\/div>\n<div dir=\"auto\">\u2022 kamuoyuyla do\u011frudan ili\u015fki kurmaya odaklanan.<\/div>\n<div dir=\"auto\"><\/div>\n<div dir=\"auto\">Br\u00fcksel\u2019deki g\u00fc\u00e7l\u00fc ba\u011flant\u0131lar\u0131 da MR\u2019\u0131n y\u0131llard\u0131r ba\u015farmakta zorland\u0131\u011f\u0131 bir \u015feyi ba\u015fkentte kal\u0131c\u0131 bir yer edinmeyi daha m\u00fcmk\u00fcn h\u00e2le getiriyor.<\/div>\n<div dir=\"auto\"><\/div>\n<div dir=\"auto\">Daha Derin Bir Rahats\u0131zl\u0131\u011f\u0131 Gizleyen Bir Yeniden Yap\u0131lanma<\/div>\n<div dir=\"auto\"><\/div>\n<div dir=\"auto\">Bu hesapl\u0131 hamlelerin ard\u0131nda de\u011fi\u015fmeyen bir ger\u00e7ek duruyor:<\/div>\n<div dir=\"auto\">MR, istikrarl\u0131 bir \u00e7o\u011funluk kurabilecek nitelikte se\u00e7ilmi\u015flere sahip oldu\u011funu hen\u00fcz kan\u0131tlayabilmi\u015f de\u011fil.<\/div>\n<div dir=\"auto\"><\/div>\n<div dir=\"auto\">Br\u00fcksel B\u00f6lgesi ve Valonya\u2019daki se\u00e7im sonras\u0131 m\u00fczakereler bunu a\u00e7\u0131k\u00e7a ortaya koydu:<\/div>\n<div dir=\"auto\">\u2022 birle\u015fitirici profillerin eksikli\u011fi,<\/div>\n<div dir=\"auto\">\u2022 kal\u0131c\u0131 i\u00e7 b\u00f6l\u00fcnmeler,<\/div>\n<div dir=\"auto\">\u2022 koalisyon orta\u011f\u0131 bulmakta zorlanma,<\/div>\n<div dir=\"auto\">\u2022 ulusal d\u00fczeyde di\u011fer partilere cazip gelmeyen a\u015f\u0131r\u0131 kutupla\u015ft\u0131r\u0131c\u0131 bir strateji.<\/div>\n<div dir=\"auto\"><\/div>\n<div dir=\"auto\">MR \u00e7ok y\u00fcksek ses \u00e7\u0131kar\u0131yor \u00a0hatta \u00e7ok y\u00fcksek \u00a0ancak bu ileti\u015fim g\u00fcc\u00fcn\u00fc h\u00fck\u00fcmet g\u00fcc\u00fcne d\u00f6n\u00fc\u015ft\u00fcremiyor.<\/div>\n<div dir=\"auto\"><\/div>\n<div dir=\"auto\">Bu i\u00e7 d\u00fczenleme bu nedenle bir t\u00fcr stil egzersizine benziyor: ba\u015fkanl\u0131k kalesinin g\u00fc\u00e7lendirilmesi, ancak h\u00e2l\u00e2 tahtan\u0131n ortas\u0131nda izole bir kale.<\/div>\n<div dir=\"auto\"><\/div>\n<div dir=\"auto\">Sonu\u00e7: Ta\u015flar Oynuyor, Ama Oyun De\u011fi\u015fmiyor<\/div>\n<div dir=\"auto\"><\/div>\n<div dir=\"auto\">Bir at\u0131 fil ile de\u011fi\u015ftirmek, sad\u0131k piyonlar\u0131 \u00f6ne s\u00fcrmek ve daha az uyumlu profilleri kenara itmek\u2026<\/div>\n<div dir=\"auto\">Georges-Louis Bouchez etkisini peki\u015ftiriyor \u00a0ancak genel siyasi tabloyu de\u011fi\u015ftirmiyor.<\/div>\n<div dir=\"auto\"><\/div>\n<div dir=\"auto\">MR ileti\u015fimde g\u00fc\u00e7l\u00fc bir parti olmaya devam ediyor, fakat m\u00fczakerelerde k\u0131r\u0131lgan.<\/div>\n<div dir=\"auto\">Ba\u015fkan\u0131n\u0131n etraf\u0131nda yap\u0131land\u0131r\u0131lm\u0131\u015f bir parti, ancak se\u00e7ilmi\u015fleri ger\u00e7ekten y\u00f6netebileceklerini kan\u0131tlamakta zorlan\u0131yor.<\/div>\n<div dir=\"auto\"><\/div>\n<div dir=\"auto\">Satran\u00e7 tahtas\u0131 yeniden d\u00fczenlendi.<\/div>\n<div dir=\"auto\">Strateji ayn\u0131 kald\u0131.<\/div>\n<div dir=\"auto\">Ve oyunun sonucu \u00a0\u015fimdilik \u00a0de \u00f6yle.<\/div>\n<div dir=\"auto\"><\/div>\n<div dir=\"auto\"><img loading=\"lazy\" decoding=\"async\" class=\"alignnone size-medium wp-image-31610\" src=\"https:\/\/avrupapress.com\/main\/wp-content\/uploads\/2025\/11\/IMG-20251117-WA0011-300x200.jpg\" alt=\"\" width=\"300\" height=\"200\" srcset=\"https:\/\/avrupapress.com\/main\/wp-content\/uploads\/2025\/11\/IMG-20251117-WA0011-300x200.jpg 300w, https:\/\/avrupapress.com\/main\/wp-content\/uploads\/2025\/11\/IMG-20251117-WA0011-1024x683.jpg 1024w, https:\/\/avrupapress.com\/main\/wp-content\/uploads\/2025\/11\/IMG-20251117-WA0011-768x512.jpg 768w, https:\/\/avrupapress.com\/main\/wp-content\/uploads\/2025\/11\/IMG-20251117-WA0011.jpg 1536w\" sizes=\"auto, (max-width: 300px) 100vw, 300px\" \/><\/div>\n<div dir=\"auto\">\n<div dir=\"auto\"><\/div>\n<div dir=\"auto\"><strong>Kadir Duran\u00a0 \u00a0 \u00a0 \u00a0\/\u00a0 \u00a0 \u00a0 \u00a0AVRUPAPRESS<\/strong><\/div>\n<\/div>\n","protected":false},"excerpt":{"rendered":"<p>MR Satran\u00e7 Tahtas\u0131nda Ta\u015flar Hareket Ediyor\u2026 Ama Ger\u00e7ekten Hi\u00e7bir \u015eey De\u011fi\u015fmiyor \u00a0(Bel\u00e7ika Siyaseti ) Georges-Louis Bouchez\u2019in (GLB) bu pazartesi g\u00fcn\u00fc a\u00e7\u0131klad\u0131\u011f\u0131 i\u00e7 yeniden yap\u0131lanma, ba\u015fkanl\u0131\u011fa geli\u015finin \u00fczerinden alt\u0131 y\u0131l ge\u00e7tikten sonra MR \u00fczerindeki tam kontrol\u00fcn\u00fc peki\u015ftirdi\u011fi yeni bir a\u015famay\u0131 i\u015faret ediyor. Bu hamle, zaten bilinen bir mant\u0131\u011f\u0131n devam\u0131 niteli\u011finde: g\u00fcc\u00fc merkezile\u015ftirmek, ileti\u015fimi s\u0131k\u0131 \u015fekilde kontrol [&hellip;]<\/p>\n","protected":false},"author":3,"featured_media":31610,"comment_status":"closed","ping_status":"open","sticky":false,"template":"","format":"standard","meta":{"footnotes":""},"categories":[14,16,3,17,18,15,19,2,1],"tags":[],"class_list":["post-31609","post","type-post","status-publish","format-standard","has-post-thumbnail","hentry","category-avrupa","category-belcika","category-dunya","category-ekonomi","category-kultur-sanat","category-spor","category-tanitim","category-turkiye","category-uncategorized"],"yoast_head":"<!-- This site is optimized with the Yoast SEO plugin v26.9 - https:\/\/yoast.com\/product\/yoast-seo-wordpress\/ -->\n<title>MR Satran\u00e7 Tahtas\u0131nda Ta\u015flar Hareket Ediyor\u2026 Ama Ger\u00e7ekten Hi\u00e7bir \u015eey De\u011fi\u015fmiyor \u00a0(Bel\u00e7ika Siyaseti ) - AvrupaPress<\/title>\n<meta name=\"robots\" content=\"index, follow, max-snippet:-1, max-image-preview:large, max-video-preview:-1\" \/>\n<link rel=\"canonical\" href=\"https:\/\/avrupapress.com\/main\/2025\/11\/17\/mr-satranc-tahtasinda-taslar-hareket-ediyor-ama-gercekten-hicbir-sey-degismiyor-belcika-siyaseti\/\" \/>\n<meta property=\"og:locale\" content=\"fr_FR\" \/>\n<meta property=\"og:type\" content=\"article\" \/>\n<meta property=\"og:title\" content=\"MR Satran\u00e7 Tahtas\u0131nda Ta\u015flar Hareket Ediyor\u2026 Ama Ger\u00e7ekten Hi\u00e7bir \u015eey De\u011fi\u015fmiyor \u00a0(Bel\u00e7ika Siyaseti ) - AvrupaPress\" \/>\n<meta property=\"og:description\" content=\"MR Satran\u00e7 Tahtas\u0131nda Ta\u015flar Hareket Ediyor\u2026 Ama Ger\u00e7ekten Hi\u00e7bir \u015eey De\u011fi\u015fmiyor \u00a0(Bel\u00e7ika Siyaseti ) Georges-Louis Bouchez\u2019in (GLB) bu pazartesi g\u00fcn\u00fc a\u00e7\u0131klad\u0131\u011f\u0131 i\u00e7 yeniden yap\u0131lanma, ba\u015fkanl\u0131\u011fa geli\u015finin \u00fczerinden alt\u0131 y\u0131l ge\u00e7tikten sonra MR \u00fczerindeki tam kontrol\u00fcn\u00fc peki\u015ftirdi\u011fi yeni bir a\u015famay\u0131 i\u015faret ediyor. Bu hamle, zaten bilinen bir mant\u0131\u011f\u0131n devam\u0131 niteli\u011finde: g\u00fcc\u00fc merkezile\u015ftirmek, ileti\u015fimi s\u0131k\u0131 \u015fekilde kontrol [&hellip;]\" \/>\n<meta property=\"og:url\" content=\"https:\/\/avrupapress.com\/main\/2025\/11\/17\/mr-satranc-tahtasinda-taslar-hareket-ediyor-ama-gercekten-hicbir-sey-degismiyor-belcika-siyaseti\/\" \/>\n<meta property=\"og:site_name\" content=\"AvrupaPress\" \/>\n<meta property=\"article:published_time\" content=\"2025-11-17T18:03:26+00:00\" \/>\n<meta property=\"article:modified_time\" content=\"2025-11-17T18:03:31+00:00\" \/>\n<meta property=\"og:image\" content=\"https:\/\/avrupapress.com\/main\/wp-content\/uploads\/2025\/11\/IMG-20251117-WA0011.jpg\" \/>\n\t<meta property=\"og:image:width\" content=\"1536\" \/>\n\t<meta property=\"og:image:height\" content=\"1024\" \/>\n\t<meta property=\"og:image:type\" content=\"image\/jpeg\" \/>\n<meta name=\"author\" content=\"Edit\u00f6r\" \/>\n<meta name=\"twitter:card\" content=\"summary_large_image\" \/>\n<meta name=\"twitter:label1\" content=\"\u00c9crit par\" \/>\n\t<meta name=\"twitter:data1\" content=\"Edit\u00f6r\" \/>\n\t<meta name=\"twitter:label2\" content=\"Dur\u00e9e de lecture est.\" \/>\n\t<meta name=\"twitter:data2\" content=\"4 minutes\" \/>\n<script type=\"application\/ld+json\" class=\"yoast-schema-graph\">{\"@context\":\"https:\/\/schema.org\",\"@graph\":[{\"@type\":\"Article\",\"@id\":\"https:\/\/avrupapress.com\/main\/2025\/11\/17\/mr-satranc-tahtasinda-taslar-hareket-ediyor-ama-gercekten-hicbir-sey-degismiyor-belcika-siyaseti\/#article\",\"isPartOf\":{\"@id\":\"https:\/\/avrupapress.com\/main\/2025\/11\/17\/mr-satranc-tahtasinda-taslar-hareket-ediyor-ama-gercekten-hicbir-sey-degismiyor-belcika-siyaseti\/\"},\"author\":{\"name\":\"Edit\u00f6r\",\"@id\":\"https:\/\/avrupapress.com\/#\/schema\/person\/68428444ec60970d1e1b700cf4ca1e8f\"},\"headline\":\"MR Satran\u00e7 Tahtas\u0131nda Ta\u015flar Hareket Ediyor\u2026 Ama Ger\u00e7ekten Hi\u00e7bir \u015eey De\u011fi\u015fmiyor \u00a0(Bel\u00e7ika Siyaseti )\",\"datePublished\":\"2025-11-17T18:03:26+00:00\",\"dateModified\":\"2025-11-17T18:03:31+00:00\",\"mainEntityOfPage\":{\"@id\":\"https:\/\/avrupapress.com\/main\/2025\/11\/17\/mr-satranc-tahtasinda-taslar-hareket-ediyor-ama-gercekten-hicbir-sey-degismiyor-belcika-siyaseti\/\"},\"wordCount\":778,\"publisher\":{\"@id\":\"https:\/\/avrupapress.com\/#\/schema\/person\/0223dca19c72c43575bf30d1a2d8f4fa\"},\"image\":{\"@id\":\"https:\/\/avrupapress.com\/main\/2025\/11\/17\/mr-satranc-tahtasinda-taslar-hareket-ediyor-ama-gercekten-hicbir-sey-degismiyor-belcika-siyaseti\/#primaryimage\"},\"thumbnailUrl\":\"https:\/\/avrupapress.com\/main\/wp-content\/uploads\/2025\/11\/IMG-20251117-WA0011.jpg\",\"articleSection\":[\"Avrupa\",\"Bel\u00e7ika\",\"D\u00fcnya\",\"Ekonomi\",\"K\u00fclt\u00fcr-Sanat\",\"Spor\",\"Tan\u0131t\u0131m\",\"T\u00fcrkiye\",\"Uncategorized\"],\"inLanguage\":\"fr-BE\"},{\"@type\":\"WebPage\",\"@id\":\"https:\/\/avrupapress.com\/main\/2025\/11\/17\/mr-satranc-tahtasinda-taslar-hareket-ediyor-ama-gercekten-hicbir-sey-degismiyor-belcika-siyaseti\/\",\"url\":\"https:\/\/avrupapress.com\/main\/2025\/11\/17\/mr-satranc-tahtasinda-taslar-hareket-ediyor-ama-gercekten-hicbir-sey-degismiyor-belcika-siyaseti\/\",\"name\":\"MR Satran\u00e7 Tahtas\u0131nda Ta\u015flar Hareket Ediyor\u2026 Ama Ger\u00e7ekten Hi\u00e7bir \u015eey De\u011fi\u015fmiyor \u00a0(Bel\u00e7ika Siyaseti ) - AvrupaPress\",\"isPartOf\":{\"@id\":\"https:\/\/avrupapress.com\/#website\"},\"primaryImageOfPage\":{\"@id\":\"https:\/\/avrupapress.com\/main\/2025\/11\/17\/mr-satranc-tahtasinda-taslar-hareket-ediyor-ama-gercekten-hicbir-sey-degismiyor-belcika-siyaseti\/#primaryimage\"},\"image\":{\"@id\":\"https:\/\/avrupapress.com\/main\/2025\/11\/17\/mr-satranc-tahtasinda-taslar-hareket-ediyor-ama-gercekten-hicbir-sey-degismiyor-belcika-siyaseti\/#primaryimage\"},\"thumbnailUrl\":\"https:\/\/avrupapress.com\/main\/wp-content\/uploads\/2025\/11\/IMG-20251117-WA0011.jpg\",\"datePublished\":\"2025-11-17T18:03:26+00:00\",\"dateModified\":\"2025-11-17T18:03:31+00:00\",\"breadcrumb\":{\"@id\":\"https:\/\/avrupapress.com\/main\/2025\/11\/17\/mr-satranc-tahtasinda-taslar-hareket-ediyor-ama-gercekten-hicbir-sey-degismiyor-belcika-siyaseti\/#breadcrumb\"},\"inLanguage\":\"fr-BE\",\"potentialAction\":[{\"@type\":\"ReadAction\",\"target\":[\"https:\/\/avrupapress.com\/main\/2025\/11\/17\/mr-satranc-tahtasinda-taslar-hareket-ediyor-ama-gercekten-hicbir-sey-degismiyor-belcika-siyaseti\/\"]}]},{\"@type\":\"ImageObject\",\"inLanguage\":\"fr-BE\",\"@id\":\"https:\/\/avrupapress.com\/main\/2025\/11\/17\/mr-satranc-tahtasinda-taslar-hareket-ediyor-ama-gercekten-hicbir-sey-degismiyor-belcika-siyaseti\/#primaryimage\",\"url\":\"https:\/\/avrupapress.com\/main\/wp-content\/uploads\/2025\/11\/IMG-20251117-WA0011.jpg\",\"contentUrl\":\"https:\/\/avrupapress.com\/main\/wp-content\/uploads\/2025\/11\/IMG-20251117-WA0011.jpg\",\"width\":1536,\"height\":1024},{\"@type\":\"BreadcrumbList\",\"@id\":\"https:\/\/avrupapress.com\/main\/2025\/11\/17\/mr-satranc-tahtasinda-taslar-hareket-ediyor-ama-gercekten-hicbir-sey-degismiyor-belcika-siyaseti\/#breadcrumb\",\"itemListElement\":[{\"@type\":\"ListItem\",\"position\":1,\"name\":\"Anasayfa\",\"item\":\"https:\/\/avrupapress.com\/\"},{\"@type\":\"ListItem\",\"position\":2,\"name\":\"MR Satran\u00e7 Tahtas\u0131nda Ta\u015flar Hareket Ediyor\u2026 Ama Ger\u00e7ekten Hi\u00e7bir \u015eey De\u011fi\u015fmiyor \u00a0(Bel\u00e7ika Siyaseti )\"}]},{\"@type\":\"WebSite\",\"@id\":\"https:\/\/avrupapress.com\/#website\",\"url\":\"https:\/\/avrupapress.com\/\",\"name\":\"AvrupaPress\",\"description\":\"Haberin Adresi\",\"publisher\":{\"@id\":\"https:\/\/avrupapress.com\/#\/schema\/person\/0223dca19c72c43575bf30d1a2d8f4fa\"},\"potentialAction\":[{\"@type\":\"SearchAction\",\"target\":{\"@type\":\"EntryPoint\",\"urlTemplate\":\"https:\/\/avrupapress.com\/?s={search_term_string}\"},\"query-input\":{\"@type\":\"PropertyValueSpecification\",\"valueRequired\":true,\"valueName\":\"search_term_string\"}}],\"inLanguage\":\"fr-BE\"},{\"@type\":[\"Person\",\"Organization\"],\"@id\":\"https:\/\/avrupapress.com\/#\/schema\/person\/0223dca19c72c43575bf30d1a2d8f4fa\",\"name\":\"Bilgin \u00d6z\u00e7ift\u00e7i\",\"image\":{\"@type\":\"ImageObject\",\"inLanguage\":\"fr-BE\",\"@id\":\"https:\/\/avrupapress.com\/#\/schema\/person\/image\/\",\"url\":\"https:\/\/secure.gravatar.com\/avatar\/0f23b280433a21e1ea7a0adcc46ed0ad16afe3ad8e630fd13d8a017dcbd54ef3?s=96&d=mm&r=g\",\"contentUrl\":\"https:\/\/secure.gravatar.com\/avatar\/0f23b280433a21e1ea7a0adcc46ed0ad16afe3ad8e630fd13d8a017dcbd54ef3?s=96&d=mm&r=g\",\"caption\":\"Bilgin \u00d6z\u00e7ift\u00e7i\"},\"logo\":{\"@id\":\"https:\/\/avrupapress.com\/#\/schema\/person\/image\/\"},\"description\":\"Ne ben, nede sen... Biz ancak \\\"biz\\\" olursak g\u00fc\u00e7l\u00fc olabiliriz\"},{\"@type\":\"Person\",\"@id\":\"https:\/\/avrupapress.com\/#\/schema\/person\/68428444ec60970d1e1b700cf4ca1e8f\",\"name\":\"Edit\u00f6r\",\"image\":{\"@type\":\"ImageObject\",\"inLanguage\":\"fr-BE\",\"@id\":\"https:\/\/avrupapress.com\/#\/schema\/person\/image\/\",\"url\":\"https:\/\/secure.gravatar.com\/avatar\/74996b0977aa5f1559ba9883776652508b229005c0d78fb2597897f0bd651c09?s=96&d=mm&r=g\",\"contentUrl\":\"https:\/\/secure.gravatar.com\/avatar\/74996b0977aa5f1559ba9883776652508b229005c0d78fb2597897f0bd651c09?s=96&d=mm&r=g\",\"caption\":\"Edit\u00f6r\"},\"sameAs\":[\"http:\/\/www.avrupapress.com\"],\"url\":\"https:\/\/avrupapress.com\/main\/author\/editor\/\"}]}<\/script>\n<!-- \/ Yoast SEO plugin. -->","yoast_head_json":{"title":"MR Satran\u00e7 Tahtas\u0131nda Ta\u015flar Hareket Ediyor\u2026 Ama Ger\u00e7ekten Hi\u00e7bir \u015eey De\u011fi\u015fmiyor \u00a0(Bel\u00e7ika Siyaseti ) - AvrupaPress","robots":{"index":"index","follow":"follow","max-snippet":"max-snippet:-1","max-image-preview":"max-image-preview:large","max-video-preview":"max-video-preview:-1"},"canonical":"https:\/\/avrupapress.com\/main\/2025\/11\/17\/mr-satranc-tahtasinda-taslar-hareket-ediyor-ama-gercekten-hicbir-sey-degismiyor-belcika-siyaseti\/","og_locale":"fr_FR","og_type":"article","og_title":"MR Satran\u00e7 Tahtas\u0131nda Ta\u015flar Hareket Ediyor\u2026 Ama Ger\u00e7ekten Hi\u00e7bir \u015eey De\u011fi\u015fmiyor \u00a0(Bel\u00e7ika Siyaseti ) - AvrupaPress","og_description":"MR Satran\u00e7 Tahtas\u0131nda Ta\u015flar Hareket Ediyor\u2026 Ama Ger\u00e7ekten Hi\u00e7bir \u015eey De\u011fi\u015fmiyor \u00a0(Bel\u00e7ika Siyaseti ) Georges-Louis Bouchez\u2019in (GLB) bu pazartesi g\u00fcn\u00fc a\u00e7\u0131klad\u0131\u011f\u0131 i\u00e7 yeniden yap\u0131lanma, ba\u015fkanl\u0131\u011fa geli\u015finin \u00fczerinden alt\u0131 y\u0131l ge\u00e7tikten sonra MR \u00fczerindeki tam kontrol\u00fcn\u00fc peki\u015ftirdi\u011fi yeni bir a\u015famay\u0131 i\u015faret ediyor. Bu hamle, zaten bilinen bir mant\u0131\u011f\u0131n devam\u0131 niteli\u011finde: g\u00fcc\u00fc merkezile\u015ftirmek, ileti\u015fimi s\u0131k\u0131 \u015fekilde kontrol [&hellip;]","og_url":"https:\/\/avrupapress.com\/main\/2025\/11\/17\/mr-satranc-tahtasinda-taslar-hareket-ediyor-ama-gercekten-hicbir-sey-degismiyor-belcika-siyaseti\/","og_site_name":"AvrupaPress","article_published_time":"2025-11-17T18:03:26+00:00","article_modified_time":"2025-11-17T18:03:31+00:00","og_image":[{"width":1536,"height":1024,"url":"https:\/\/avrupapress.com\/main\/wp-content\/uploads\/2025\/11\/IMG-20251117-WA0011.jpg","type":"image\/jpeg"}],"author":"Edit\u00f6r","twitter_card":"summary_large_image","twitter_misc":{"\u00c9crit par":"Edit\u00f6r","Dur\u00e9e de lecture est.":"4 minutes"},"schema":{"@context":"https:\/\/schema.org","@graph":[{"@type":"Article","@id":"https:\/\/avrupapress.com\/main\/2025\/11\/17\/mr-satranc-tahtasinda-taslar-hareket-ediyor-ama-gercekten-hicbir-sey-degismiyor-belcika-siyaseti\/#article","isPartOf":{"@id":"https:\/\/avrupapress.com\/main\/2025\/11\/17\/mr-satranc-tahtasinda-taslar-hareket-ediyor-ama-gercekten-hicbir-sey-degismiyor-belcika-siyaseti\/"},"author":{"name":"Edit\u00f6r","@id":"https:\/\/avrupapress.com\/#\/schema\/person\/68428444ec60970d1e1b700cf4ca1e8f"},"headline":"MR Satran\u00e7 Tahtas\u0131nda Ta\u015flar Hareket Ediyor\u2026 Ama Ger\u00e7ekten Hi\u00e7bir \u015eey De\u011fi\u015fmiyor \u00a0(Bel\u00e7ika Siyaseti )","datePublished":"2025-11-17T18:03:26+00:00","dateModified":"2025-11-17T18:03:31+00:00","mainEntityOfPage":{"@id":"https:\/\/avrupapress.com\/main\/2025\/11\/17\/mr-satranc-tahtasinda-taslar-hareket-ediyor-ama-gercekten-hicbir-sey-degismiyor-belcika-siyaseti\/"},"wordCount":778,"publisher":{"@id":"https:\/\/avrupapress.com\/#\/schema\/person\/0223dca19c72c43575bf30d1a2d8f4fa"},"image":{"@id":"https:\/\/avrupapress.com\/main\/2025\/11\/17\/mr-satranc-tahtasinda-taslar-hareket-ediyor-ama-gercekten-hicbir-sey-degismiyor-belcika-siyaseti\/#primaryimage"},"thumbnailUrl":"https:\/\/avrupapress.com\/main\/wp-content\/uploads\/2025\/11\/IMG-20251117-WA0011.jpg","articleSection":["Avrupa","Bel\u00e7ika","D\u00fcnya","Ekonomi","K\u00fclt\u00fcr-Sanat","Spor","Tan\u0131t\u0131m","T\u00fcrkiye","Uncategorized"],"inLanguage":"fr-BE"},{"@type":"WebPage","@id":"https:\/\/avrupapress.com\/main\/2025\/11\/17\/mr-satranc-tahtasinda-taslar-hareket-ediyor-ama-gercekten-hicbir-sey-degismiyor-belcika-siyaseti\/","url":"https:\/\/avrupapress.com\/main\/2025\/11\/17\/mr-satranc-tahtasinda-taslar-hareket-ediyor-ama-gercekten-hicbir-sey-degismiyor-belcika-siyaseti\/","name":"MR Satran\u00e7 Tahtas\u0131nda Ta\u015flar Hareket Ediyor\u2026 Ama Ger\u00e7ekten Hi\u00e7bir \u015eey De\u011fi\u015fmiyor \u00a0(Bel\u00e7ika Siyaseti ) - AvrupaPress","isPartOf":{"@id":"https:\/\/avrupapress.com\/#website"},"primaryImageOfPage":{"@id":"https:\/\/avrupapress.com\/main\/2025\/11\/17\/mr-satranc-tahtasinda-taslar-hareket-ediyor-ama-gercekten-hicbir-sey-degismiyor-belcika-siyaseti\/#primaryimage"},"image":{"@id":"https:\/\/avrupapress.com\/main\/2025\/11\/17\/mr-satranc-tahtasinda-taslar-hareket-ediyor-ama-gercekten-hicbir-sey-degismiyor-belcika-siyaseti\/#primaryimage"},"thumbnailUrl":"https:\/\/avrupapress.com\/main\/wp-content\/uploads\/2025\/11\/IMG-20251117-WA0011.jpg","datePublished":"2025-11-17T18:03:26+00:00","dateModified":"2025-11-17T18:03:31+00:00","breadcrumb":{"@id":"https:\/\/avrupapress.com\/main\/2025\/11\/17\/mr-satranc-tahtasinda-taslar-hareket-ediyor-ama-gercekten-hicbir-sey-degismiyor-belcika-siyaseti\/#breadcrumb"},"inLanguage":"fr-BE","potentialAction":[{"@type":"ReadAction","target":["https:\/\/avrupapress.com\/main\/2025\/11\/17\/mr-satranc-tahtasinda-taslar-hareket-ediyor-ama-gercekten-hicbir-sey-degismiyor-belcika-siyaseti\/"]}]},{"@type":"ImageObject","inLanguage":"fr-BE","@id":"https:\/\/avrupapress.com\/main\/2025\/11\/17\/mr-satranc-tahtasinda-taslar-hareket-ediyor-ama-gercekten-hicbir-sey-degismiyor-belcika-siyaseti\/#primaryimage","url":"https:\/\/avrupapress.com\/main\/wp-content\/uploads\/2025\/11\/IMG-20251117-WA0011.jpg","contentUrl":"https:\/\/avrupapress.com\/main\/wp-content\/uploads\/2025\/11\/IMG-20251117-WA0011.jpg","width":1536,"height":1024},{"@type":"BreadcrumbList","@id":"https:\/\/avrupapress.com\/main\/2025\/11\/17\/mr-satranc-tahtasinda-taslar-hareket-ediyor-ama-gercekten-hicbir-sey-degismiyor-belcika-siyaseti\/#breadcrumb","itemListElement":[{"@type":"ListItem","position":1,"name":"Anasayfa","item":"https:\/\/avrupapress.com\/"},{"@type":"ListItem","position":2,"name":"MR Satran\u00e7 Tahtas\u0131nda Ta\u015flar Hareket Ediyor\u2026 Ama Ger\u00e7ekten Hi\u00e7bir \u015eey De\u011fi\u015fmiyor \u00a0(Bel\u00e7ika Siyaseti )"}]},{"@type":"WebSite","@id":"https:\/\/avrupapress.com\/#website","url":"https:\/\/avrupapress.com\/","name":"AvrupaPress","description":"Haberin Adresi","publisher":{"@id":"https:\/\/avrupapress.com\/#\/schema\/person\/0223dca19c72c43575bf30d1a2d8f4fa"},"potentialAction":[{"@type":"SearchAction","target":{"@type":"EntryPoint","urlTemplate":"https:\/\/avrupapress.com\/?s={search_term_string}"},"query-input":{"@type":"PropertyValueSpecification","valueRequired":true,"valueName":"search_term_string"}}],"inLanguage":"fr-BE"},{"@type":["Person","Organization"],"@id":"https:\/\/avrupapress.com\/#\/schema\/person\/0223dca19c72c43575bf30d1a2d8f4fa","name":"Bilgin \u00d6z\u00e7ift\u00e7i","image":{"@type":"ImageObject","inLanguage":"fr-BE","@id":"https:\/\/avrupapress.com\/#\/schema\/person\/image\/","url":"https:\/\/secure.gravatar.com\/avatar\/0f23b280433a21e1ea7a0adcc46ed0ad16afe3ad8e630fd13d8a017dcbd54ef3?s=96&d=mm&r=g","contentUrl":"https:\/\/secure.gravatar.com\/avatar\/0f23b280433a21e1ea7a0adcc46ed0ad16afe3ad8e630fd13d8a017dcbd54ef3?s=96&d=mm&r=g","caption":"Bilgin \u00d6z\u00e7ift\u00e7i"},"logo":{"@id":"https:\/\/avrupapress.com\/#\/schema\/person\/image\/"},"description":"Ne ben, nede sen... Biz ancak \"biz\" olursak g\u00fc\u00e7l\u00fc olabiliriz"},{"@type":"Person","@id":"https:\/\/avrupapress.com\/#\/schema\/person\/68428444ec60970d1e1b700cf4ca1e8f","name":"Edit\u00f6r","image":{"@type":"ImageObject","inLanguage":"fr-BE","@id":"https:\/\/avrupapress.com\/#\/schema\/person\/image\/","url":"https:\/\/secure.gravatar.com\/avatar\/74996b0977aa5f1559ba9883776652508b229005c0d78fb2597897f0bd651c09?s=96&d=mm&r=g","contentUrl":"https:\/\/secure.gravatar.com\/avatar\/74996b0977aa5f1559ba9883776652508b229005c0d78fb2597897f0bd651c09?s=96&d=mm&r=g","caption":"Edit\u00f6r"},"sameAs":["http:\/\/www.avrupapress.com"],"url":"https:\/\/avrupapress.com\/main\/author\/editor\/"}]}},"_links":{"self":[{"href":"https:\/\/avrupapress.com\/main\/wp-json\/wp\/v2\/posts\/31609","targetHints":{"allow":["GET"]}}],"collection":[{"href":"https:\/\/avrupapress.com\/main\/wp-json\/wp\/v2\/posts"}],"about":[{"href":"https:\/\/avrupapress.com\/main\/wp-json\/wp\/v2\/types\/post"}],"author":[{"embeddable":true,"href":"https:\/\/avrupapress.com\/main\/wp-json\/wp\/v2\/users\/3"}],"replies":[{"embeddable":true,"href":"https:\/\/avrupapress.com\/main\/wp-json\/wp\/v2\/comments?post=31609"}],"version-history":[{"count":1,"href":"https:\/\/avrupapress.com\/main\/wp-json\/wp\/v2\/posts\/31609\/revisions"}],"predecessor-version":[{"id":31611,"href":"https:\/\/avrupapress.com\/main\/wp-json\/wp\/v2\/posts\/31609\/revisions\/31611"}],"wp:featuredmedia":[{"embeddable":true,"href":"https:\/\/avrupapress.com\/main\/wp-json\/wp\/v2\/media\/31610"}],"wp:attachment":[{"href":"https:\/\/avrupapress.com\/main\/wp-json\/wp\/v2\/media?parent=31609"}],"wp:term":[{"taxonomy":"category","embeddable":true,"href":"https:\/\/avrupapress.com\/main\/wp-json\/wp\/v2\/categories?post=31609"},{"taxonomy":"post_tag","embeddable":true,"href":"https:\/\/avrupapress.com\/main\/wp-json\/wp\/v2\/tags?post=31609"}],"curies":[{"name":"wp","href":"https:\/\/api.w.org\/{rel}","templated":true}]}}