{"id":31604,"date":"2025-11-17T17:58:42","date_gmt":"2025-11-17T17:58:42","guid":{"rendered":"https:\/\/avrupapress.com\/main\/?p=31604"},"modified":"2025-11-17T17:59:15","modified_gmt":"2025-11-17T17:59:15","slug":"dunya-tip-literaturunde-yer-acan-emirdagli-turk-hekimi","status":"publish","type":"post","link":"https:\/\/avrupapress.com\/main\/2025\/11\/17\/dunya-tip-literaturunde-yer-acan-emirdagli-turk-hekimi\/","title":{"rendered":"D\u00fcnya T\u0131p Literat\u00fcr\u00fcnde Yer A\u00e7an Emirdagli T\u00fcrk Hekimi&#8230;"},"content":{"rendered":"<h2 class=\"x_gmail-kanews-post-author\" data-olk-copy-source=\"MessageBody\"><strong>Prof. Dr. Alaaddin Y\u0131lmaz\u2019\u0131n \u0130smi Emirda\u011f Devlet Hastanesi\u2019ne Verilsin<\/strong><\/h2>\n<div class=\"x_gmail-kanews-post-author\"><\/div>\n<div class=\"x_gmail-kanews-post-author\">\n<p>Afyonkarahisar\u2019\u0131n Emirda\u011f il\u00e7esinde yap\u0131m\u0131 tamamlanmak \u00fczere olan Emirda\u011f Devlet Hastanesi\u2019ne, d\u00fcnyaca \u00fcnl\u00fc Kalp ve Damar Cerrah\u0131 Prof. Dr. Alaaddin Y\u0131lmaz\u2019\u0131n ad\u0131n\u0131n verilmesi i\u00e7in resmi ba\u015fvuru yap\u0131ld\u0131. Ba\u015fvuru, merhum doktorun karde\u015fi Sedat Y\u0131lmaz taraf\u0131ndan Sa\u011fl\u0131k Bakanl\u0131\u011f\u0131\u2019na sunuldu.<\/p>\n<h3 class=\"x_gmail-wp-block-heading\">D\u00fcnya T\u0131p Literat\u00fcr\u00fcnde Yer A\u00e7an T\u00fcrk Hekimi<\/h3>\n<p>Kariyerini Bel\u00e7ika\u2019da s\u00fcrd\u00fcren ve geli\u015ftirdi\u011fi kapal\u0131 (minimal invaziv) kalp ameliyatlar\u0131yla t\u0131p d\u00fcnyas\u0131nda \u00e7\u0131\u011f\u0131r a\u00e7an Prof. Dr. Y\u0131lmaz, kaburga kesilmeden ger\u00e7ekle\u015ftirilen operasyon tekni\u011fiyle bir\u00e7ok \u00fclkenin sa\u011fl\u0131k \u00e7evrelerinde b\u00fcy\u00fck sayg\u0131 kazanm\u0131\u015ft\u0131. Y\u0131lmaz\u2019\u0131n y\u00f6ntemi, d\u00fcnya bas\u0131n\u0131nda s\u0131k s\u0131k \u201cT\u00fcrk Hekim\u201d ba\u015fl\u0131\u011f\u0131yla yer bulmu\u015ftu.<\/p>\n<p>Bel\u00e7ika\u2019da kat\u0131ld\u0131\u011f\u0131 televizyon programlar\u0131 ve belgesellerde T\u00fcrkiye sevgisini her f\u0131rsatta dile getiren Y\u0131lmaz, \u00fclkedeki T\u00fcrk toplumu taraf\u0131ndan da yak\u0131ndan tan\u0131n\u0131yordu. Emirda\u011fl\u0131 hekim, kariyeri boyunca bir\u00e7ok T\u00fcrk doktoruna g\u00f6n\u00fcll\u00fc e\u011fitim vermi\u015f, T\u00fcrkiye\u2019nin kalp cerrahisinde d\u00fcnya liderleri aras\u0131nda yer almas\u0131 gerekti\u011fini vurgulam\u0131\u015ft\u0131.<\/p>\n<h3 class=\"x_gmail-wp-block-heading\">Uluslararas\u0131 Sayg\u0131 ve T\u00fcrkiye Sevgisi<\/h3>\n<p>Prof. Dr. Y\u0131lmaz, 9 Kas\u0131m 2024\u2019te ge\u00e7irdi\u011fi k\u0131sa hastal\u0131\u011f\u0131n ard\u0131ndan T\u00fcrkiye\u2019de hayat\u0131n\u0131 kaybetmi\u015f, memleketi Emirda\u011f\u2019\u0131n Hamzahac\u0131l\u0131 k\u00f6y\u00fcne defnedilmi\u015fti. Vefat\u0131n\u0131n ard\u0131ndan Bel\u00e7ika\u2019n\u0131n iki \u015fehrinde cadde ve sokaklara isminin verilmesi y\u00f6n\u00fcnde karar al\u0131nd\u0131. Bel\u00e7ika Krall\u0131\u011f\u0131\u2019n\u0131n T\u00fcrkiye B\u00fcy\u00fckel\u00e7ili\u011fi taraf\u0131ndan yap\u0131lan a\u00e7\u0131klamada, Y\u0131lmaz\u2019\u0131n \u201cBel\u00e7ika sa\u011fl\u0131k sistemine b\u00fcy\u00fck katk\u0131 sa\u011flayan hekim\u201d olarak an\u0131ld\u0131\u011f\u0131 belirtilmi\u015fti.<\/p>\n<h3 class=\"x_gmail-wp-block-heading\">T\u00fcrkiye\u2019de de \u0130sminin Ya\u015fat\u0131lmas\u0131 \u0130steniyor<\/h3>\n<p>Merhum doktorun karde\u015fi Sedat Y\u0131lmaz, ba\u015fvurusunda \u015fu gerek\u00e7elere dikkat \u00e7ekti:<\/p>\n<ul class=\"x_gmail-wp-block-list\">\n<li>Prof. Dr. Y\u0131lmaz\u2019\u0131n uluslararas\u0131 alanda T\u00fcrkiye\u2019yi gururla temsil etti\u011fi,<\/li>\n<li>T\u00fcrk hekimlerine g\u00f6n\u00fcll\u00fc olarak e\u011fitim verdi\u011fi,<\/li>\n<li>Emirda\u011fl\u0131 gurbet\u00e7iler ba\u015fta olmak \u00fczere geni\u015f bir topluluk taraf\u0131ndan tan\u0131n\u0131p sevildi\u011fi,<\/li>\n<li>Bel\u00e7ika\u2019da bile bir\u00e7ok yere ad\u0131n\u0131n verilmesine kar\u015f\u0131n T\u00fcrkiye\u2019de hen\u00fcz bir anma yap\u0131lmad\u0131\u011f\u0131.<\/li>\n<\/ul>\n<p>Ayr\u0131ca, d\u00f6nemin Sa\u011fl\u0131k Bakan\u0131 Fahrettin Koca\u2019n\u0131n \u00f6zel kalemi arac\u0131l\u0131\u011f\u0131yla Prof. Dr. Y\u0131lmaz ile ileti\u015fime ge\u00e7ildi\u011fi, geli\u015ftirdi\u011fi ameliyat tekni\u011fini T\u00fcrk hekimlerine daha kapsaml\u0131 aktarmas\u0131 y\u00f6n\u00fcnde davette bulunuldu\u011fu da dilek\u00e7ede yer ald\u0131.<\/p>\n<h3 class=\"x_gmail-wp-block-heading\">\u201cEn B\u00fcy\u00fck Arzusu \u00dclkesinde Hizmet Etmekti\u201d<\/h3>\n<p>Prof. Dr. Y\u0131lmaz\u2019\u0131n TRT T\u00fcrk\u2019te yay\u0131mlanan\u00a0\u0130nsan \u0130nsan\u00a0program\u0131nda T\u00fcrkiye\u2019ye d\u00f6nme iste\u011fini a\u00e7\u0131k\u00e7a ifade etti\u011fi hat\u0131rlat\u0131larak, \u201cHocam\u0131z\u0131n en b\u00fcy\u00fck arzusu \u00fclkesine d\u00f6nmek, Cumhurba\u015fkan\u0131m\u0131z Say\u0131n Recep Tayyip Erdo\u011fan\u2019\u0131n emrinde hekim olarak g\u00f6rev yapmakt\u0131\u201d denildi.<\/p>\n<h3 class=\"x_gmail-wp-block-heading\">Gurbet\u00e7ilerden Vefa \u00c7a\u011fr\u0131s\u0131<\/h3>\n<p>Sedat Y\u0131lmaz ve Bel\u00e7ika\u2019daki T\u00fcrk toplumu, Emirda\u011f Devlet Hastanesi\u2019ne Prof. Dr. Alaaddin Y\u0131lmaz\u2019\u0131n ad\u0131n\u0131n verilmesinin, hem Emirda\u011fl\u0131 yurtta\u015flara hem de T\u00fcrk t\u0131p tarihine \u00f6nemli bir vefa \u00f6rne\u011fi olaca\u011f\u0131n\u0131 ifade ediyor.<\/p>\n<p>Ba\u015fvuru dosyas\u0131n\u0131n Sa\u011fl\u0131k Bakanl\u0131\u011f\u0131 Avrupa Birli\u011fi ve D\u0131\u015f \u0130li\u015fkiler \/ Kamu Hastaneleri Genel M\u00fcd\u00fcrl\u00fc\u011f\u00fc\u2019nde de\u011ferlendirme s\u00fcrecinin devam etti\u011fi bildirildi.<\/p>\n<h3 class=\"x_gmail-wp-block-heading\">Hastane isimlendirmeleri \u015fu durumlarda yap\u0131labilir:<\/h3>\n<p>Kurulu\u015fa Katk\u0131:\u00a0Hastanenin kurulmas\u0131na \u00f6nc\u00fcl\u00fck eden veya \u00f6nemli \u00f6l\u00e7\u00fcde ba\u011f\u0131\u015fta bulunan hay\u0131rseverlerin isimleri verilebilir.<\/p>\n<p>Anma:\u00a0Sa\u011fl\u0131k alan\u0131nda b\u00fcy\u00fck ba\u015far\u0131lara imza atm\u0131\u015f veya topluma mal olmu\u015f sayg\u0131n doktorlar\u0131n veya bilim insanlar\u0131n\u0131n isimleri, onlar\u0131n an\u0131s\u0131n\u0131 ya\u015fatmak amac\u0131yla hastaneye verilebilir.<\/p>\n<\/div>\n<p><img loading=\"lazy\" decoding=\"async\" class=\"alignnone size-medium wp-image-31605\" src=\"https:\/\/avrupapress.com\/main\/wp-content\/uploads\/2025\/11\/yilmaz-banner-300x100.jpg\" alt=\"\" width=\"300\" height=\"100\" srcset=\"https:\/\/avrupapress.com\/main\/wp-content\/uploads\/2025\/11\/yilmaz-banner-300x100.jpg 300w, https:\/\/avrupapress.com\/main\/wp-content\/uploads\/2025\/11\/yilmaz-banner-1024x342.jpg 1024w, https:\/\/avrupapress.com\/main\/wp-content\/uploads\/2025\/11\/yilmaz-banner-768x256.jpg 768w, https:\/\/avrupapress.com\/main\/wp-content\/uploads\/2025\/11\/yilmaz-banner-1536x513.jpg 1536w, https:\/\/avrupapress.com\/main\/wp-content\/uploads\/2025\/11\/yilmaz-banner.jpg 1600w\" sizes=\"auto, (max-width: 300px) 100vw, 300px\" \/><\/p>\n<p><img loading=\"lazy\" decoding=\"async\" class=\"alignnone size-medium wp-image-31606\" src=\"https:\/\/avrupapress.com\/main\/wp-content\/uploads\/2025\/11\/alaaddin-yilmaz-ik-loop-echt-niet-met-een-dikke-nek-rond-maar-300x200.jpg\" alt=\"\" width=\"300\" height=\"200\" srcset=\"https:\/\/avrupapress.com\/main\/wp-content\/uploads\/2025\/11\/alaaddin-yilmaz-ik-loop-echt-niet-met-een-dikke-nek-rond-maar-300x200.jpg 300w, https:\/\/avrupapress.com\/main\/wp-content\/uploads\/2025\/11\/alaaddin-yilmaz-ik-loop-echt-niet-met-een-dikke-nek-rond-maar-1024x683.jpg 1024w, https:\/\/avrupapress.com\/main\/wp-content\/uploads\/2025\/11\/alaaddin-yilmaz-ik-loop-echt-niet-met-een-dikke-nek-rond-maar-768x512.jpg 768w, https:\/\/avrupapress.com\/main\/wp-content\/uploads\/2025\/11\/alaaddin-yilmaz-ik-loop-echt-niet-met-een-dikke-nek-rond-maar-1536x1024.jpg 1536w, https:\/\/avrupapress.com\/main\/wp-content\/uploads\/2025\/11\/alaaddin-yilmaz-ik-loop-echt-niet-met-een-dikke-nek-rond-maar-2048x1366.jpg 2048w\" sizes=\"auto, (max-width: 300px) 100vw, 300px\" \/><\/p>\n<p><strong>Bilgin Ozcifci\u00a0 \u00a0 \u00a0 \u00a0\/\u00a0 \u00a0 \u00a0 AVRUPAPRESS<\/strong><\/p>\n<div>\n<div class=\"x_gmail-kanews-article-meta\">\n<div class=\"x_gmail-row x_gmail-justify-content-between x_gmail-align-items-center\">\n<div class=\"x_gmail-kanews-article-meta-left x_gmail-col-12 x_gmail-col-lg\">\n<div class=\"x_gmail-kanews-article-meta-left-inner x_gmail-d-flex\">\n<div class=\"x_gmail-kanews-post-author\"><\/div>\n<\/div>\n<\/div>\n<\/div>\n<\/div>\n<\/div>\n","protected":false},"excerpt":{"rendered":"<p>Prof. Dr. Alaaddin Y\u0131lmaz\u2019\u0131n \u0130smi Emirda\u011f Devlet Hastanesi\u2019ne Verilsin Afyonkarahisar\u2019\u0131n Emirda\u011f il\u00e7esinde yap\u0131m\u0131 tamamlanmak \u00fczere olan Emirda\u011f Devlet Hastanesi\u2019ne, d\u00fcnyaca \u00fcnl\u00fc Kalp ve Damar Cerrah\u0131 Prof. Dr. Alaaddin Y\u0131lmaz\u2019\u0131n ad\u0131n\u0131n verilmesi i\u00e7in resmi ba\u015fvuru yap\u0131ld\u0131. Ba\u015fvuru, merhum doktorun karde\u015fi Sedat Y\u0131lmaz taraf\u0131ndan Sa\u011fl\u0131k Bakanl\u0131\u011f\u0131\u2019na sunuldu. D\u00fcnya T\u0131p Literat\u00fcr\u00fcnde Yer A\u00e7an T\u00fcrk Hekimi Kariyerini Bel\u00e7ika\u2019da s\u00fcrd\u00fcren [&hellip;]<\/p>\n","protected":false},"author":3,"featured_media":31605,"comment_status":"closed","ping_status":"open","sticky":false,"template":"","format":"standard","meta":{"footnotes":""},"categories":[14,16,3,17,18,15,19,2,1],"tags":[],"class_list":["post-31604","post","type-post","status-publish","format-standard","has-post-thumbnail","hentry","category-avrupa","category-belcika","category-dunya","category-ekonomi","category-kultur-sanat","category-spor","category-tanitim","category-turkiye","category-uncategorized"],"yoast_head":"<!-- This site is optimized with the Yoast SEO plugin v26.9 - https:\/\/yoast.com\/product\/yoast-seo-wordpress\/ -->\n<title>D\u00fcnya T\u0131p Literat\u00fcr\u00fcnde Yer A\u00e7an Emirdagli T\u00fcrk Hekimi... - AvrupaPress<\/title>\n<meta name=\"robots\" content=\"index, follow, max-snippet:-1, max-image-preview:large, max-video-preview:-1\" \/>\n<link rel=\"canonical\" href=\"https:\/\/avrupapress.com\/main\/2025\/11\/17\/dunya-tip-literaturunde-yer-acan-emirdagli-turk-hekimi\/\" \/>\n<meta property=\"og:locale\" content=\"fr_FR\" \/>\n<meta property=\"og:type\" content=\"article\" \/>\n<meta property=\"og:title\" content=\"D\u00fcnya T\u0131p Literat\u00fcr\u00fcnde Yer A\u00e7an Emirdagli T\u00fcrk Hekimi... - AvrupaPress\" \/>\n<meta property=\"og:description\" content=\"Prof. Dr. Alaaddin Y\u0131lmaz\u2019\u0131n \u0130smi Emirda\u011f Devlet Hastanesi\u2019ne Verilsin Afyonkarahisar\u2019\u0131n Emirda\u011f il\u00e7esinde yap\u0131m\u0131 tamamlanmak \u00fczere olan Emirda\u011f Devlet Hastanesi\u2019ne, d\u00fcnyaca \u00fcnl\u00fc Kalp ve Damar Cerrah\u0131 Prof. Dr. Alaaddin Y\u0131lmaz\u2019\u0131n ad\u0131n\u0131n verilmesi i\u00e7in resmi ba\u015fvuru yap\u0131ld\u0131. Ba\u015fvuru, merhum doktorun karde\u015fi Sedat Y\u0131lmaz taraf\u0131ndan Sa\u011fl\u0131k Bakanl\u0131\u011f\u0131\u2019na sunuldu. D\u00fcnya T\u0131p Literat\u00fcr\u00fcnde Yer A\u00e7an T\u00fcrk Hekimi Kariyerini Bel\u00e7ika\u2019da s\u00fcrd\u00fcren [&hellip;]\" \/>\n<meta property=\"og:url\" content=\"https:\/\/avrupapress.com\/main\/2025\/11\/17\/dunya-tip-literaturunde-yer-acan-emirdagli-turk-hekimi\/\" \/>\n<meta property=\"og:site_name\" content=\"AvrupaPress\" \/>\n<meta property=\"article:published_time\" content=\"2025-11-17T17:58:42+00:00\" \/>\n<meta property=\"article:modified_time\" content=\"2025-11-17T17:59:15+00:00\" \/>\n<meta property=\"og:image\" content=\"https:\/\/avrupapress.com\/main\/wp-content\/uploads\/2025\/11\/yilmaz-banner.jpg\" \/>\n\t<meta property=\"og:image:width\" content=\"1600\" \/>\n\t<meta property=\"og:image:height\" content=\"534\" \/>\n\t<meta property=\"og:image:type\" content=\"image\/jpeg\" \/>\n<meta name=\"author\" content=\"Edit\u00f6r\" \/>\n<meta name=\"twitter:card\" content=\"summary_large_image\" \/>\n<meta name=\"twitter:label1\" content=\"\u00c9crit par\" \/>\n\t<meta name=\"twitter:data1\" content=\"Edit\u00f6r\" \/>\n\t<meta name=\"twitter:label2\" content=\"Dur\u00e9e de lecture est.\" \/>\n\t<meta name=\"twitter:data2\" content=\"3 minutes\" \/>\n<script type=\"application\/ld+json\" class=\"yoast-schema-graph\">{\"@context\":\"https:\/\/schema.org\",\"@graph\":[{\"@type\":\"Article\",\"@id\":\"https:\/\/avrupapress.com\/main\/2025\/11\/17\/dunya-tip-literaturunde-yer-acan-emirdagli-turk-hekimi\/#article\",\"isPartOf\":{\"@id\":\"https:\/\/avrupapress.com\/main\/2025\/11\/17\/dunya-tip-literaturunde-yer-acan-emirdagli-turk-hekimi\/\"},\"author\":{\"name\":\"Edit\u00f6r\",\"@id\":\"https:\/\/avrupapress.com\/#\/schema\/person\/68428444ec60970d1e1b700cf4ca1e8f\"},\"headline\":\"D\u00fcnya T\u0131p Literat\u00fcr\u00fcnde Yer A\u00e7an Emirdagli T\u00fcrk Hekimi&#8230;\",\"datePublished\":\"2025-11-17T17:58:42+00:00\",\"dateModified\":\"2025-11-17T17:59:15+00:00\",\"mainEntityOfPage\":{\"@id\":\"https:\/\/avrupapress.com\/main\/2025\/11\/17\/dunya-tip-literaturunde-yer-acan-emirdagli-turk-hekimi\/\"},\"wordCount\":686,\"publisher\":{\"@id\":\"https:\/\/avrupapress.com\/#\/schema\/person\/0223dca19c72c43575bf30d1a2d8f4fa\"},\"image\":{\"@id\":\"https:\/\/avrupapress.com\/main\/2025\/11\/17\/dunya-tip-literaturunde-yer-acan-emirdagli-turk-hekimi\/#primaryimage\"},\"thumbnailUrl\":\"https:\/\/avrupapress.com\/main\/wp-content\/uploads\/2025\/11\/yilmaz-banner.jpg\",\"articleSection\":[\"Avrupa\",\"Bel\u00e7ika\",\"D\u00fcnya\",\"Ekonomi\",\"K\u00fclt\u00fcr-Sanat\",\"Spor\",\"Tan\u0131t\u0131m\",\"T\u00fcrkiye\",\"Uncategorized\"],\"inLanguage\":\"fr-BE\"},{\"@type\":\"WebPage\",\"@id\":\"https:\/\/avrupapress.com\/main\/2025\/11\/17\/dunya-tip-literaturunde-yer-acan-emirdagli-turk-hekimi\/\",\"url\":\"https:\/\/avrupapress.com\/main\/2025\/11\/17\/dunya-tip-literaturunde-yer-acan-emirdagli-turk-hekimi\/\",\"name\":\"D\u00fcnya T\u0131p Literat\u00fcr\u00fcnde Yer A\u00e7an Emirdagli T\u00fcrk Hekimi... - AvrupaPress\",\"isPartOf\":{\"@id\":\"https:\/\/avrupapress.com\/#website\"},\"primaryImageOfPage\":{\"@id\":\"https:\/\/avrupapress.com\/main\/2025\/11\/17\/dunya-tip-literaturunde-yer-acan-emirdagli-turk-hekimi\/#primaryimage\"},\"image\":{\"@id\":\"https:\/\/avrupapress.com\/main\/2025\/11\/17\/dunya-tip-literaturunde-yer-acan-emirdagli-turk-hekimi\/#primaryimage\"},\"thumbnailUrl\":\"https:\/\/avrupapress.com\/main\/wp-content\/uploads\/2025\/11\/yilmaz-banner.jpg\",\"datePublished\":\"2025-11-17T17:58:42+00:00\",\"dateModified\":\"2025-11-17T17:59:15+00:00\",\"breadcrumb\":{\"@id\":\"https:\/\/avrupapress.com\/main\/2025\/11\/17\/dunya-tip-literaturunde-yer-acan-emirdagli-turk-hekimi\/#breadcrumb\"},\"inLanguage\":\"fr-BE\",\"potentialAction\":[{\"@type\":\"ReadAction\",\"target\":[\"https:\/\/avrupapress.com\/main\/2025\/11\/17\/dunya-tip-literaturunde-yer-acan-emirdagli-turk-hekimi\/\"]}]},{\"@type\":\"ImageObject\",\"inLanguage\":\"fr-BE\",\"@id\":\"https:\/\/avrupapress.com\/main\/2025\/11\/17\/dunya-tip-literaturunde-yer-acan-emirdagli-turk-hekimi\/#primaryimage\",\"url\":\"https:\/\/avrupapress.com\/main\/wp-content\/uploads\/2025\/11\/yilmaz-banner.jpg\",\"contentUrl\":\"https:\/\/avrupapress.com\/main\/wp-content\/uploads\/2025\/11\/yilmaz-banner.jpg\",\"width\":1600,\"height\":534},{\"@type\":\"BreadcrumbList\",\"@id\":\"https:\/\/avrupapress.com\/main\/2025\/11\/17\/dunya-tip-literaturunde-yer-acan-emirdagli-turk-hekimi\/#breadcrumb\",\"itemListElement\":[{\"@type\":\"ListItem\",\"position\":1,\"name\":\"Anasayfa\",\"item\":\"https:\/\/avrupapress.com\/\"},{\"@type\":\"ListItem\",\"position\":2,\"name\":\"D\u00fcnya T\u0131p Literat\u00fcr\u00fcnde Yer A\u00e7an Emirdagli T\u00fcrk Hekimi&#8230;\"}]},{\"@type\":\"WebSite\",\"@id\":\"https:\/\/avrupapress.com\/#website\",\"url\":\"https:\/\/avrupapress.com\/\",\"name\":\"AvrupaPress\",\"description\":\"Haberin Adresi\",\"publisher\":{\"@id\":\"https:\/\/avrupapress.com\/#\/schema\/person\/0223dca19c72c43575bf30d1a2d8f4fa\"},\"potentialAction\":[{\"@type\":\"SearchAction\",\"target\":{\"@type\":\"EntryPoint\",\"urlTemplate\":\"https:\/\/avrupapress.com\/?s={search_term_string}\"},\"query-input\":{\"@type\":\"PropertyValueSpecification\",\"valueRequired\":true,\"valueName\":\"search_term_string\"}}],\"inLanguage\":\"fr-BE\"},{\"@type\":[\"Person\",\"Organization\"],\"@id\":\"https:\/\/avrupapress.com\/#\/schema\/person\/0223dca19c72c43575bf30d1a2d8f4fa\",\"name\":\"Bilgin \u00d6z\u00e7ift\u00e7i\",\"image\":{\"@type\":\"ImageObject\",\"inLanguage\":\"fr-BE\",\"@id\":\"https:\/\/avrupapress.com\/#\/schema\/person\/image\/\",\"url\":\"https:\/\/secure.gravatar.com\/avatar\/0f23b280433a21e1ea7a0adcc46ed0ad16afe3ad8e630fd13d8a017dcbd54ef3?s=96&d=mm&r=g\",\"contentUrl\":\"https:\/\/secure.gravatar.com\/avatar\/0f23b280433a21e1ea7a0adcc46ed0ad16afe3ad8e630fd13d8a017dcbd54ef3?s=96&d=mm&r=g\",\"caption\":\"Bilgin \u00d6z\u00e7ift\u00e7i\"},\"logo\":{\"@id\":\"https:\/\/avrupapress.com\/#\/schema\/person\/image\/\"},\"description\":\"Ne ben, nede sen... Biz ancak \\\"biz\\\" olursak g\u00fc\u00e7l\u00fc olabiliriz\"},{\"@type\":\"Person\",\"@id\":\"https:\/\/avrupapress.com\/#\/schema\/person\/68428444ec60970d1e1b700cf4ca1e8f\",\"name\":\"Edit\u00f6r\",\"image\":{\"@type\":\"ImageObject\",\"inLanguage\":\"fr-BE\",\"@id\":\"https:\/\/avrupapress.com\/#\/schema\/person\/image\/\",\"url\":\"https:\/\/secure.gravatar.com\/avatar\/74996b0977aa5f1559ba9883776652508b229005c0d78fb2597897f0bd651c09?s=96&d=mm&r=g\",\"contentUrl\":\"https:\/\/secure.gravatar.com\/avatar\/74996b0977aa5f1559ba9883776652508b229005c0d78fb2597897f0bd651c09?s=96&d=mm&r=g\",\"caption\":\"Edit\u00f6r\"},\"sameAs\":[\"http:\/\/www.avrupapress.com\"],\"url\":\"https:\/\/avrupapress.com\/main\/author\/editor\/\"}]}<\/script>\n<!-- \/ Yoast SEO plugin. -->","yoast_head_json":{"title":"D\u00fcnya T\u0131p Literat\u00fcr\u00fcnde Yer A\u00e7an Emirdagli T\u00fcrk Hekimi... - AvrupaPress","robots":{"index":"index","follow":"follow","max-snippet":"max-snippet:-1","max-image-preview":"max-image-preview:large","max-video-preview":"max-video-preview:-1"},"canonical":"https:\/\/avrupapress.com\/main\/2025\/11\/17\/dunya-tip-literaturunde-yer-acan-emirdagli-turk-hekimi\/","og_locale":"fr_FR","og_type":"article","og_title":"D\u00fcnya T\u0131p Literat\u00fcr\u00fcnde Yer A\u00e7an Emirdagli T\u00fcrk Hekimi... - AvrupaPress","og_description":"Prof. Dr. Alaaddin Y\u0131lmaz\u2019\u0131n \u0130smi Emirda\u011f Devlet Hastanesi\u2019ne Verilsin Afyonkarahisar\u2019\u0131n Emirda\u011f il\u00e7esinde yap\u0131m\u0131 tamamlanmak \u00fczere olan Emirda\u011f Devlet Hastanesi\u2019ne, d\u00fcnyaca \u00fcnl\u00fc Kalp ve Damar Cerrah\u0131 Prof. Dr. Alaaddin Y\u0131lmaz\u2019\u0131n ad\u0131n\u0131n verilmesi i\u00e7in resmi ba\u015fvuru yap\u0131ld\u0131. Ba\u015fvuru, merhum doktorun karde\u015fi Sedat Y\u0131lmaz taraf\u0131ndan Sa\u011fl\u0131k Bakanl\u0131\u011f\u0131\u2019na sunuldu. D\u00fcnya T\u0131p Literat\u00fcr\u00fcnde Yer A\u00e7an T\u00fcrk Hekimi Kariyerini Bel\u00e7ika\u2019da s\u00fcrd\u00fcren [&hellip;]","og_url":"https:\/\/avrupapress.com\/main\/2025\/11\/17\/dunya-tip-literaturunde-yer-acan-emirdagli-turk-hekimi\/","og_site_name":"AvrupaPress","article_published_time":"2025-11-17T17:58:42+00:00","article_modified_time":"2025-11-17T17:59:15+00:00","og_image":[{"width":1600,"height":534,"url":"https:\/\/avrupapress.com\/main\/wp-content\/uploads\/2025\/11\/yilmaz-banner.jpg","type":"image\/jpeg"}],"author":"Edit\u00f6r","twitter_card":"summary_large_image","twitter_misc":{"\u00c9crit par":"Edit\u00f6r","Dur\u00e9e de lecture est.":"3 minutes"},"schema":{"@context":"https:\/\/schema.org","@graph":[{"@type":"Article","@id":"https:\/\/avrupapress.com\/main\/2025\/11\/17\/dunya-tip-literaturunde-yer-acan-emirdagli-turk-hekimi\/#article","isPartOf":{"@id":"https:\/\/avrupapress.com\/main\/2025\/11\/17\/dunya-tip-literaturunde-yer-acan-emirdagli-turk-hekimi\/"},"author":{"name":"Edit\u00f6r","@id":"https:\/\/avrupapress.com\/#\/schema\/person\/68428444ec60970d1e1b700cf4ca1e8f"},"headline":"D\u00fcnya T\u0131p Literat\u00fcr\u00fcnde Yer A\u00e7an Emirdagli T\u00fcrk Hekimi&#8230;","datePublished":"2025-11-17T17:58:42+00:00","dateModified":"2025-11-17T17:59:15+00:00","mainEntityOfPage":{"@id":"https:\/\/avrupapress.com\/main\/2025\/11\/17\/dunya-tip-literaturunde-yer-acan-emirdagli-turk-hekimi\/"},"wordCount":686,"publisher":{"@id":"https:\/\/avrupapress.com\/#\/schema\/person\/0223dca19c72c43575bf30d1a2d8f4fa"},"image":{"@id":"https:\/\/avrupapress.com\/main\/2025\/11\/17\/dunya-tip-literaturunde-yer-acan-emirdagli-turk-hekimi\/#primaryimage"},"thumbnailUrl":"https:\/\/avrupapress.com\/main\/wp-content\/uploads\/2025\/11\/yilmaz-banner.jpg","articleSection":["Avrupa","Bel\u00e7ika","D\u00fcnya","Ekonomi","K\u00fclt\u00fcr-Sanat","Spor","Tan\u0131t\u0131m","T\u00fcrkiye","Uncategorized"],"inLanguage":"fr-BE"},{"@type":"WebPage","@id":"https:\/\/avrupapress.com\/main\/2025\/11\/17\/dunya-tip-literaturunde-yer-acan-emirdagli-turk-hekimi\/","url":"https:\/\/avrupapress.com\/main\/2025\/11\/17\/dunya-tip-literaturunde-yer-acan-emirdagli-turk-hekimi\/","name":"D\u00fcnya T\u0131p Literat\u00fcr\u00fcnde Yer A\u00e7an Emirdagli T\u00fcrk Hekimi... - AvrupaPress","isPartOf":{"@id":"https:\/\/avrupapress.com\/#website"},"primaryImageOfPage":{"@id":"https:\/\/avrupapress.com\/main\/2025\/11\/17\/dunya-tip-literaturunde-yer-acan-emirdagli-turk-hekimi\/#primaryimage"},"image":{"@id":"https:\/\/avrupapress.com\/main\/2025\/11\/17\/dunya-tip-literaturunde-yer-acan-emirdagli-turk-hekimi\/#primaryimage"},"thumbnailUrl":"https:\/\/avrupapress.com\/main\/wp-content\/uploads\/2025\/11\/yilmaz-banner.jpg","datePublished":"2025-11-17T17:58:42+00:00","dateModified":"2025-11-17T17:59:15+00:00","breadcrumb":{"@id":"https:\/\/avrupapress.com\/main\/2025\/11\/17\/dunya-tip-literaturunde-yer-acan-emirdagli-turk-hekimi\/#breadcrumb"},"inLanguage":"fr-BE","potentialAction":[{"@type":"ReadAction","target":["https:\/\/avrupapress.com\/main\/2025\/11\/17\/dunya-tip-literaturunde-yer-acan-emirdagli-turk-hekimi\/"]}]},{"@type":"ImageObject","inLanguage":"fr-BE","@id":"https:\/\/avrupapress.com\/main\/2025\/11\/17\/dunya-tip-literaturunde-yer-acan-emirdagli-turk-hekimi\/#primaryimage","url":"https:\/\/avrupapress.com\/main\/wp-content\/uploads\/2025\/11\/yilmaz-banner.jpg","contentUrl":"https:\/\/avrupapress.com\/main\/wp-content\/uploads\/2025\/11\/yilmaz-banner.jpg","width":1600,"height":534},{"@type":"BreadcrumbList","@id":"https:\/\/avrupapress.com\/main\/2025\/11\/17\/dunya-tip-literaturunde-yer-acan-emirdagli-turk-hekimi\/#breadcrumb","itemListElement":[{"@type":"ListItem","position":1,"name":"Anasayfa","item":"https:\/\/avrupapress.com\/"},{"@type":"ListItem","position":2,"name":"D\u00fcnya T\u0131p Literat\u00fcr\u00fcnde Yer A\u00e7an Emirdagli T\u00fcrk Hekimi&#8230;"}]},{"@type":"WebSite","@id":"https:\/\/avrupapress.com\/#website","url":"https:\/\/avrupapress.com\/","name":"AvrupaPress","description":"Haberin Adresi","publisher":{"@id":"https:\/\/avrupapress.com\/#\/schema\/person\/0223dca19c72c43575bf30d1a2d8f4fa"},"potentialAction":[{"@type":"SearchAction","target":{"@type":"EntryPoint","urlTemplate":"https:\/\/avrupapress.com\/?s={search_term_string}"},"query-input":{"@type":"PropertyValueSpecification","valueRequired":true,"valueName":"search_term_string"}}],"inLanguage":"fr-BE"},{"@type":["Person","Organization"],"@id":"https:\/\/avrupapress.com\/#\/schema\/person\/0223dca19c72c43575bf30d1a2d8f4fa","name":"Bilgin \u00d6z\u00e7ift\u00e7i","image":{"@type":"ImageObject","inLanguage":"fr-BE","@id":"https:\/\/avrupapress.com\/#\/schema\/person\/image\/","url":"https:\/\/secure.gravatar.com\/avatar\/0f23b280433a21e1ea7a0adcc46ed0ad16afe3ad8e630fd13d8a017dcbd54ef3?s=96&d=mm&r=g","contentUrl":"https:\/\/secure.gravatar.com\/avatar\/0f23b280433a21e1ea7a0adcc46ed0ad16afe3ad8e630fd13d8a017dcbd54ef3?s=96&d=mm&r=g","caption":"Bilgin \u00d6z\u00e7ift\u00e7i"},"logo":{"@id":"https:\/\/avrupapress.com\/#\/schema\/person\/image\/"},"description":"Ne ben, nede sen... Biz ancak \"biz\" olursak g\u00fc\u00e7l\u00fc olabiliriz"},{"@type":"Person","@id":"https:\/\/avrupapress.com\/#\/schema\/person\/68428444ec60970d1e1b700cf4ca1e8f","name":"Edit\u00f6r","image":{"@type":"ImageObject","inLanguage":"fr-BE","@id":"https:\/\/avrupapress.com\/#\/schema\/person\/image\/","url":"https:\/\/secure.gravatar.com\/avatar\/74996b0977aa5f1559ba9883776652508b229005c0d78fb2597897f0bd651c09?s=96&d=mm&r=g","contentUrl":"https:\/\/secure.gravatar.com\/avatar\/74996b0977aa5f1559ba9883776652508b229005c0d78fb2597897f0bd651c09?s=96&d=mm&r=g","caption":"Edit\u00f6r"},"sameAs":["http:\/\/www.avrupapress.com"],"url":"https:\/\/avrupapress.com\/main\/author\/editor\/"}]}},"_links":{"self":[{"href":"https:\/\/avrupapress.com\/main\/wp-json\/wp\/v2\/posts\/31604","targetHints":{"allow":["GET"]}}],"collection":[{"href":"https:\/\/avrupapress.com\/main\/wp-json\/wp\/v2\/posts"}],"about":[{"href":"https:\/\/avrupapress.com\/main\/wp-json\/wp\/v2\/types\/post"}],"author":[{"embeddable":true,"href":"https:\/\/avrupapress.com\/main\/wp-json\/wp\/v2\/users\/3"}],"replies":[{"embeddable":true,"href":"https:\/\/avrupapress.com\/main\/wp-json\/wp\/v2\/comments?post=31604"}],"version-history":[{"count":2,"href":"https:\/\/avrupapress.com\/main\/wp-json\/wp\/v2\/posts\/31604\/revisions"}],"predecessor-version":[{"id":31608,"href":"https:\/\/avrupapress.com\/main\/wp-json\/wp\/v2\/posts\/31604\/revisions\/31608"}],"wp:featuredmedia":[{"embeddable":true,"href":"https:\/\/avrupapress.com\/main\/wp-json\/wp\/v2\/media\/31605"}],"wp:attachment":[{"href":"https:\/\/avrupapress.com\/main\/wp-json\/wp\/v2\/media?parent=31604"}],"wp:term":[{"taxonomy":"category","embeddable":true,"href":"https:\/\/avrupapress.com\/main\/wp-json\/wp\/v2\/categories?post=31604"},{"taxonomy":"post_tag","embeddable":true,"href":"https:\/\/avrupapress.com\/main\/wp-json\/wp\/v2\/tags?post=31604"}],"curies":[{"name":"wp","href":"https:\/\/api.w.org\/{rel}","templated":true}]}}