{"id":31563,"date":"2025-11-15T20:54:02","date_gmt":"2025-11-15T20:54:02","guid":{"rendered":"https:\/\/avrupapress.com\/main\/?p=31563"},"modified":"2025-11-15T21:53:57","modified_gmt":"2025-11-15T21:53:57","slug":"belcikanin-baskenti-brukselde-bugunun-liderleri-gelecegin-liderleriyle-bir-araya-geldi","status":"publish","type":"post","link":"https:\/\/avrupapress.com\/main\/2025\/11\/15\/belcikanin-baskenti-brukselde-bugunun-liderleri-gelecegin-liderleriyle-bir-araya-geldi\/","title":{"rendered":"Bel\u00e7ika&rsquo;n\u0131n Ba\u015fkenti Br\u00fcksel&rsquo;de \u00ab\u00a0Bug\u00fcn\u00fcn Liderleri Gelece\u011fin Liderleriyle\u00a0\u00bb Bir Araya Geldi"},"content":{"rendered":"<h2 class=\"mb-24\">Bel\u00e7ika&rsquo;n\u0131n ba\u015fkenti Br\u00fcksel&rsquo;de T\u00fcrk \u00fcniversite \u00f6\u011frencilerinin kat\u0131l\u0131m\u0131yla \u00ab\u00a0meslekte birlik, gen\u00e7lik ve diplomasi bulu\u015fmas\u0131\u00a0\u00bb etkinli\u011fi d\u00fczenlendi.<\/h2>\n<p>Belcika&rsquo;n\u0131n ba\u015fkenti Bruksel&rsquo;de T\u00fcrk \u00fcniversite \u00f6\u011frencilerinin kat\u0131l\u0131m\u0131yla \u00ab\u00a0meslekte birlik, gen\u00e7lik ve diplomasi bulu\u015fmas\u0131\u00a0\u00bb etkinli\u011fi d\u00fczenlendi.<\/p>\n<p>TOBB ofisinde, Br\u00fcksel merkezli sivil toplum \u00f6rg\u00fct\u00fc (STK) Eurovia taraf\u0131ndan, Yurtd\u0131\u015f\u0131 T\u00fcrkler ve Akraba Topluluklar Ba\u015fkanl\u0131\u011f\u0131 (YTB), T\u00fcrkiye Maarif Vakf\u0131 (TMV) ve <strong>Uluslararas\u0131 Demokratlar Birli\u011fi&rsquo;nin (UID) deste\u011fiyle bir etkinlik d\u00fczenlendi.<\/strong><\/p>\n<p>Etkinli\u011fe, T\u00fcrkiye&rsquo;nin Avrupa Birli\u011fi (AB) nezdindeki Daimi Temsilcisi B\u00fcy\u00fckel\u00e7i Faruk Kaymakc\u0131, Br\u00fcksel B\u00fcy\u00fckel\u00e7isi Bar\u0131\u015f Tantekin, <strong>AK Parti Afyonkarahisar milletvekilleri Ali \u00d6zkaya, \u0130brahim Yurdunuseven, Hasan Arslan, Br\u00fcksel Ba\u015fkonsolosu Onur Sevim, Br\u00fcksel B\u00fcy\u00fckel\u00e7ili\u011fi E\u011fitim M\u00fc\u015faviri H\u00fcmeyra Altunta\u015f K\u0131ran, Emirda\u011f Belediye Ba\u015fkan\u0131 Serkan Koyuncu, TMV Bel\u00e7ika Temsilcisi B\u00fc\u015fra Do\u011fan K\u00f6k\u00e7\u00fc, UID Bel\u00e7ika Ba\u015fkan\u0131 Yusuf Ta\u015fp\u0131nar, Br\u00fcksel Ba\u015fkent B\u00f6lgesi Parlamentosu Milletvekili Hennan Oflu, Klinik Psikolog Neslihan Akyol panelist olarak kat\u0131ld\u0131.<\/strong><\/p>\n<p>Eurovia yetkilisi O\u011fuzhan Bahad\u0131r Ar\u0131&rsquo;n\u0131n moderat\u00f6rl\u00fc\u011f\u00fcnde \u00ab\u00a0bug\u00fcn\u00fcn liderlerini gelece\u011fin liderleriyle bulu\u015fturmay\u0131 hedefleyen\u00a0\u00bb etkinlik, hem T\u00fcrkiye&rsquo;den gelen hem de Bel\u00e7ika&rsquo;da do\u011fan \u00e7ok say\u0131da T\u00fcrk \u00fcniversite \u00f6\u011frencisini bir araya getirdi.<\/p>\n<p>B\u00fcy\u00fckel\u00e7i Kaymakc\u0131, diplomat olma ser\u00fcvenini payla\u015f\u0131rken, ilk etapta bunu hedeflemedi\u011fini ancak y\u0131llard\u0131r i\u015fini severek yapt\u0131\u011f\u0131n\u0131 vurgulayarak, \u00ab\u00a0\u015eimdi kamuda nerede \u00e7al\u0131\u015fmak istedi\u011fimi sorsalar, hala D\u0131\u015fi\u015fleri Bakanl\u0131\u011f\u0131 diyebilirim. Son derce onurlu. \u00dclkenizi temsil ediyorsunuz.\u00a0\u00bb dedi.<\/p>\n<p>T\u00fcrkiye&rsquo;nin AB&rsquo;ye aday \u00fclke oldu\u011funu,1964&rsquo;ten bu yana Br\u00fcksel&rsquo;de AB Daimi Temsilcili\u011fi bulundu\u011funu belirten Kaymakc\u0131, g\u00fcnl\u00fck mesaisinde 27 AB \u00fcyesi \u00fclkenin daimi temsilcilikleriyle, Avrupa Parlamentosundaki (AP) 720 milletvekiliyle ve ilgili komisyonlarla, AB Komisyonundaki genel m\u00fcd\u00fcrl\u00fcklerle temasta oldu\u011funu, farkl\u0131 konular\u0131 ayr\u0131nt\u0131l\u0131 olarak takip etmek durumunda oldu\u011funu anlatt\u0131.<\/p>\n<p>Kaymakc\u0131, bir yandan T\u00fcrkiye&rsquo;yi AB&rsquo;deki tart\u0131\u015fmalar ve politikalar hakk\u0131nda bilgilendirdiklerini, di\u011fer yandan bunlardan nas\u0131l fayda sa\u011flanaca\u011f\u0131 veya olas\u0131 zararlar\u0131n nas\u0131l \u00f6nlenece\u011fi konusunda \u00e7al\u0131\u015fmalar y\u00fcr\u00fctt\u00fcklerini belirtti.<\/p>\n<p>T\u00fcrkiye&rsquo;den gelip Bel\u00e7ika&rsquo;da e\u011fitim g\u00f6ren gen\u00e7lere ise buradaki f\u0131rsatlardan yararlan\u0131rken \u00fclkeye hizmet etme hedeflerini unutmamalar\u0131 tavsiyesinde bulunan Kaymakc\u0131, Bel\u00e7ikal\u0131 T\u00fcrk gen\u00e7lere de ana vatanlar\u0131n\u0131 temsil ederken i\u00e7inde ya\u015fad\u0131klar\u0131 topluma entegre olup k\u00f6k salmalar\u0131 gerekti\u011fi mesaj\u0131n\u0131 iletti.<\/p>\n<p>\u00ab\u00a0Beceriler seti geli\u015ftirme\u00a0\u00bb tavsiyesi<\/p>\n<p>T\u00fcrkiye&rsquo;nin Br\u00fcksel B\u00fcy\u00fckel\u00e7isi Tantekin, kendisinin de \u00fcniversite hayat\u0131nda \u00ab\u00a0yurt d\u0131\u015f\u0131nda okuyan bir T\u00fcrk \u00f6\u011frenci\u00a0\u00bb konumunda bulundu\u011funu anlatt\u0131.<\/p>\n<p>Tantekin, ilk olarak \u00f6zel sekt\u00f6rde \u00e7al\u0131\u015ft\u0131ktan sonra 2000&rsquo;den bu yana D\u0131\u015fi\u015fleri Bakanl\u0131\u011f\u0131nda g\u00f6rev yapt\u0131\u011f\u0131n\u0131 belirterek, \u00ab\u00a0\u00c7ok keyifli, \u00e7ok dinamik bir meslek. \u0130nsan \u00fclkesine \u00e7ok farkl\u0131 \u015fekillerde hizmet edebiliyor ama kamuda \u00e7al\u0131\u015fmak istiyorsan\u0131z D\u0131\u015fi\u015fleri Bakanl\u0131\u011f\u0131n\u0131 tavsiye ediyorum.\u00a0\u00bb dedi.<\/p>\n<p>\u00c7ifte vatanda\u015fl\u0131\u011f\u0131 olan gen\u00e7ler i\u00e7in Bel\u00e7ika D\u0131\u015fi\u015fleri Bakanl\u0131\u011f\u0131 ya da Bel\u00e7ika&rsquo;da gazeteci olmak gibi bir\u00e7ok alternatifin de bulundu\u011funa de\u011finen Tantekin, bu \u015fekilde iki \u00fclkeye de katk\u0131 verilebilece\u011fini vurgulad\u0131.<\/p>\n<p>Tantekin, her \u015feyin h\u0131zla de\u011fi\u015fti\u011fi bir \u00e7a\u011fda ya\u015fand\u0131\u011f\u0131na dikkati \u00e7ekerek, \u00ab\u00a0Gerek T\u00fcrkiye&rsquo;den gelen gerek buradaki T\u00fcrk \u00f6\u011frencilerin iyi e\u011fitim almalar\u0131 laz\u0131m. Onun \u00f6tesinde beceriler seti geli\u015ftirmemiz laz\u0131m.\u00a0\u00bb ifadelerini kulland\u0131.<\/p>\n<p>B\u00fcy\u00fckel\u00e7i Tantekin, \u00ab\u00a0Bel\u00e7ika&rsquo;da siyasette y\u00fckselmek, kamuda \u00e7al\u0131\u015fmak veya ba\u015fka alanlarda topluma katk\u0131 sunmak i\u00e7in beceriler setini geli\u015ftirmenin \u00f6nemli oldu\u011funu d\u00fc\u015f\u00fcn\u00fcyorum.\u00a0\u00bb de\u011ferlendirmesini yapt\u0131.<\/p>\n<p>T\u00fcrkiye&rsquo;den gelenlerle Bel\u00e7ika&rsquo;da do\u011fup b\u00fcy\u00fcyen gen\u00e7lerin kendi aralar\u0131nda ileti\u015fim kurmas\u0131n\u0131n \u00e7ok \u00f6nemli oldu\u011funu belirten Tantekin, \u00ab\u00a060 y\u0131l \u00f6nce gelen T\u00fcrk toplumuna bakt\u0131\u011f\u0131m\u0131z zaman bug\u00fcn burada bu kadar g\u00fc\u00e7l\u00fc T\u00fcrk toplumu kurmu\u015f olmam\u0131z asl\u0131nda 60 y\u0131lda toplumun nas\u0131l h\u0131zla ilerledi\u011fini g\u00f6steriyor.\u00a0\u00bb diye konu\u015ftu.<\/p>\n<p>Hedef belirlemenin \u00f6nemi<\/p>\n<p><img loading=\"lazy\" decoding=\"async\" class=\"alignnone size-medium wp-image-31591\" src=\"https:\/\/avrupapress.com\/main\/wp-content\/uploads\/2025\/11\/thumbnail_IMG-20251115-WA0098-200x300.jpg\" alt=\"\" width=\"200\" height=\"300\" srcset=\"https:\/\/avrupapress.com\/main\/wp-content\/uploads\/2025\/11\/thumbnail_IMG-20251115-WA0098-200x300.jpg 200w, https:\/\/avrupapress.com\/main\/wp-content\/uploads\/2025\/11\/thumbnail_IMG-20251115-WA0098-682x1024.jpg 682w, https:\/\/avrupapress.com\/main\/wp-content\/uploads\/2025\/11\/thumbnail_IMG-20251115-WA0098-768x1153.jpg 768w, https:\/\/avrupapress.com\/main\/wp-content\/uploads\/2025\/11\/thumbnail_IMG-20251115-WA0098-1023x1536.jpg 1023w, https:\/\/avrupapress.com\/main\/wp-content\/uploads\/2025\/11\/thumbnail_IMG-20251115-WA0098.jpg 1066w\" sizes=\"auto, (max-width: 200px) 100vw, 200px\" \/><\/p>\n<p><strong>AK Parti Afyonkarahisar milletvekili \u00d6zkaya<\/strong> da Dinar il\u00e7esinde d\u00fcnyaya geldi\u011fini, Ankara Hukuk Fak\u00fcltesi mezunu oldu\u011funu, ilk hedefinin hakim ya da savc\u0131 olmak oldu\u011funu anlatt\u0131.<\/p>\n<p>Siyasete at\u0131larak 2015&rsquo;ten bu yana milletvekilli\u011fi yapt\u0131\u011f\u0131n\u0131 belirten \u00d6zkaya, gen\u00e7lere, \u00ab\u00a0Hedeflerinizi net koyun, ara ara revize edin, \u00e7al\u0131\u015f\u0131p gayret edin. \u00c7al\u0131\u015f\u0131p gayret edenin ula\u015fmayaca\u011f\u0131 hi\u00e7bir makam mevki yoktur. G\u00f6revlere kendi gayretleriyle gelenler, kal\u0131c\u0131 olurlar.\u00a0\u00bb mesaj\u0131n\u0131 verdi.<\/p>\n<p><img loading=\"lazy\" decoding=\"async\" class=\"alignnone size-medium wp-image-31597\" src=\"https:\/\/avrupapress.com\/main\/wp-content\/uploads\/2025\/11\/thumbnail_Screenshot_20251115_224105_WhatsApp-217x300.jpg\" alt=\"\" width=\"217\" height=\"300\" srcset=\"https:\/\/avrupapress.com\/main\/wp-content\/uploads\/2025\/11\/thumbnail_Screenshot_20251115_224105_WhatsApp-217x300.jpg 217w, https:\/\/avrupapress.com\/main\/wp-content\/uploads\/2025\/11\/thumbnail_Screenshot_20251115_224105_WhatsApp-741x1024.jpg 741w, https:\/\/avrupapress.com\/main\/wp-content\/uploads\/2025\/11\/thumbnail_Screenshot_20251115_224105_WhatsApp-768x1061.jpg 768w, https:\/\/avrupapress.com\/main\/wp-content\/uploads\/2025\/11\/thumbnail_Screenshot_20251115_224105_WhatsApp.jpg 1080w\" sizes=\"auto, (max-width: 217px) 100vw, 217px\" \/><\/p>\n<p><strong>AK Parti Afyonkarahisar milletvekili Yurdunuseven,<\/strong> il merkezinde do\u011fdu\u011funu, \u00fcniversite \u00f6\u011frenimini Ankara Hukuk Fak\u00fcltesinde g\u00f6rd\u00fc\u011f\u00fcn\u00fc, 27 y\u0131l avukatl\u0131k yapt\u0131ktan sonra siyasete girdi\u011fini aktard\u0131.<\/p>\n<p>Yurdunuseven, \u00ab\u00a0Hukuk\u00e7u olmak bana g\u00f6re bir ayr\u0131cal\u0131k. Tekrar d\u00fcnyaya gelsem yine hukuk\u00e7u olmak isterdim.\u00a0\u00bb dedi.<\/p>\n<p>\u00ab\u00a0Rotas\u0131 olmayan gemiler bir limana yana\u015famaz.\u00a0\u00bb ifadesini kullanan Yurdunuseven, gen\u00e7lere d\u00fcnya g\u00f6r\u00fc\u015fleri \u00e7er\u00e7evesinde \u00ab\u00a0limanlar\u00a0\u00bb belirlemeyi tavsiye etti.<\/p>\n<p><img loading=\"lazy\" decoding=\"async\" class=\"alignnone size-medium wp-image-31593\" src=\"https:\/\/avrupapress.com\/main\/wp-content\/uploads\/2025\/11\/IMG-20251115-WA0076-1-300x225.jpg\" alt=\"\" width=\"300\" height=\"225\" srcset=\"https:\/\/avrupapress.com\/main\/wp-content\/uploads\/2025\/11\/IMG-20251115-WA0076-1-300x225.jpg 300w, https:\/\/avrupapress.com\/main\/wp-content\/uploads\/2025\/11\/IMG-20251115-WA0076-1-1024x768.jpg 1024w, https:\/\/avrupapress.com\/main\/wp-content\/uploads\/2025\/11\/IMG-20251115-WA0076-1-768x576.jpg 768w, https:\/\/avrupapress.com\/main\/wp-content\/uploads\/2025\/11\/IMG-20251115-WA0076-1-1536x1152.jpg 1536w, https:\/\/avrupapress.com\/main\/wp-content\/uploads\/2025\/11\/IMG-20251115-WA0076-1.jpg 1600w\" sizes=\"auto, (max-width: 300px) 100vw, 300px\" \/><\/p>\n<p><strong>AK Parti Afyonkarahisar milletvekili Arslan<\/strong>, Sand\u0131kl\u0131 il\u00e7esinde d\u00fcnyaya gelerek t\u0131p okudu\u011funu, 18 y\u0131l memleketinde doktorluk yapt\u0131ktan sonra milletvekili se\u00e7ildi\u011fini s\u00f6yledi.<\/p>\n<p>Arslan, T\u00fcrkiye B\u00fcy\u00fck Millet Meclisinde (TBMM) her meslek grubunun temsilinin \u00f6nemli oldu\u011funu ifade ederek, \u015funlar\u0131 s\u00f6yledi:<\/p>\n<p><img loading=\"lazy\" decoding=\"async\" class=\"alignnone size-medium wp-image-31594\" src=\"https:\/\/avrupapress.com\/main\/wp-content\/uploads\/2025\/11\/IMG-20251115-WA0074-1-300x225.jpg\" alt=\"\" width=\"300\" height=\"225\" srcset=\"https:\/\/avrupapress.com\/main\/wp-content\/uploads\/2025\/11\/IMG-20251115-WA0074-1-300x225.jpg 300w, https:\/\/avrupapress.com\/main\/wp-content\/uploads\/2025\/11\/IMG-20251115-WA0074-1-1024x768.jpg 1024w, https:\/\/avrupapress.com\/main\/wp-content\/uploads\/2025\/11\/IMG-20251115-WA0074-1-768x576.jpg 768w, https:\/\/avrupapress.com\/main\/wp-content\/uploads\/2025\/11\/IMG-20251115-WA0074-1-1536x1152.jpg 1536w, https:\/\/avrupapress.com\/main\/wp-content\/uploads\/2025\/11\/IMG-20251115-WA0074-1.jpg 1600w\" sizes=\"auto, (max-width: 300px) 100vw, 300px\" \/><\/p>\n<p>\u00ab\u00a0Her konuda i\u015fimizi iyi yapmak laz\u0131m. \u00d6\u011frenciyseniz bu, ders \u00e7al\u0131\u015fmak ba\u015far\u0131l\u0131 olmak. Birbirimize de ihtiyac\u0131m\u0131z var. Organizasyon de\u011ferli ve \u00f6nemli. Nerede olursan\u0131z olun ortak paydalarla insanlarla bulu\u015fman\u0131z laz\u0131m. Birliktelikten vazge\u00e7memek, her f\u0131rsatta birlikteli\u011fin g\u00fcc\u00fcn\u00fc g\u00f6stermemiz gerekir. Ferdi \u00e7al\u0131\u015fman\u0131z\u0131n sadece size avantaj\u0131 vard\u0131r. Toplumsal, \u00f6rg\u00fctsel, organizasyonel \u00e7al\u0131\u015f\u0131rsan\u0131z topluma, ortak paydan\u0131z \u00fclkeyse, \u00fclkeye faydan\u0131z vard\u0131r.\u00a0\u00bb de\u011ferlendirmesini yapt\u0131.<\/p>\n<p><img loading=\"lazy\" decoding=\"async\" class=\"alignnone size-medium wp-image-31592\" src=\"https:\/\/avrupapress.com\/main\/wp-content\/uploads\/2025\/11\/IMG-20251115-WA0061-225x300.jpg\" alt=\"\" width=\"225\" height=\"300\" srcset=\"https:\/\/avrupapress.com\/main\/wp-content\/uploads\/2025\/11\/IMG-20251115-WA0061-225x300.jpg 225w, https:\/\/avrupapress.com\/main\/wp-content\/uploads\/2025\/11\/IMG-20251115-WA0061-768x1024.jpg 768w, https:\/\/avrupapress.com\/main\/wp-content\/uploads\/2025\/11\/IMG-20251115-WA0061-1152x1536.jpg 1152w, https:\/\/avrupapress.com\/main\/wp-content\/uploads\/2025\/11\/IMG-20251115-WA0061.jpg 1200w\" sizes=\"auto, (max-width: 225px) 100vw, 225px\" \/><\/p>\n<p><strong>Br\u00fcksel Ba\u015fkonsolosu Onur Sevim<\/strong>, uluslararas\u0131 ili\u015fkiler mezunu oldu\u011funu ve ilk hayalinin gazetecilik oldu\u011funu s\u00f6yledi.<\/p>\n<p>Staj yapman\u0131n \u00f6nemine dikkati \u00e7eken Sevim, bu sayede ger\u00e7ekten ne olmak istendi\u011finin daha iyi anla\u015f\u0131ld\u0131\u011f\u0131n\u0131, kendisinin de D\u0131\u015fi\u015fleri Bakanl\u0131\u011f\u0131na giden yolda bu t\u00fcr deneyimler ya\u015fad\u0131\u011f\u0131n\u0131 aktard\u0131.<\/p>\n<p>\u0130lk tayinin Madagaskar, ard\u0131ndan Bel\u00e7ika ve G\u00fcrcistan oldu\u011funu anlatan Sevim, \u00ab\u00a0Kendi alan\u0131mda g\u00f6rev yap\u0131yorum ve T\u00fcrkiye Cumhuriyeti&rsquo;ni temsil etmek gibi \u00e7ok onurlu bir g\u00f6revde bulunuyorum. \u0130\u015fimi de \u00e7ok severek yap\u0131yorum.\u00a0\u00bb diye konu\u015ftu.<\/p>\n<p>Sevim, Bel\u00e7ika&rsquo;da T\u00fcrk gen\u00e7lerine \u00ab\u00a0iyi birer Bel\u00e7ika vatanda\u015f\u0131 olma, bu \u00fclkenin gerekliliklerine uyma, katma de\u011fer \u00fcretme, sayg\u0131n yerlere gelme\u00a0\u00bb \u00e7a\u011fr\u0131s\u0131nda bulundu.<\/p>\n<p><img loading=\"lazy\" decoding=\"async\" class=\"alignnone size-full wp-image-31587\" src=\"https:\/\/avrupapress.com\/main\/wp-content\/uploads\/2025\/11\/IMG-20251115-WA0049-225x300-2.jpg\" alt=\"\" width=\"225\" height=\"300\" \/><\/p>\n<p><strong>Emirda\u011f Belediye Ba\u015fkan\u0131 Serkan Koyuncu<\/strong> ise ilkokul y\u0131llar\u0131ndan itibaren \u00fcniversite hayat\u0131 boyunca s\u00fcrekli olarak \u00e7al\u0131\u015ft\u0131\u011f\u0131n\u0131 belirterek, \u00ab\u00a0Ortaokul y\u0131llar\u0131ndan itibaren Emirda\u011f&rsquo;a belediye ba\u015fkan\u0131 olman\u0131n hayalini kuruyordum.\u00a0\u00bb dedi.<\/p>\n<p><img loading=\"lazy\" decoding=\"async\" class=\"alignnone size-medium wp-image-31596\" src=\"https:\/\/avrupapress.com\/main\/wp-content\/uploads\/2025\/11\/thumbnail_IMG-20251115-WA0096-200x300.jpg\" alt=\"\" width=\"200\" height=\"300\" srcset=\"https:\/\/avrupapress.com\/main\/wp-content\/uploads\/2025\/11\/thumbnail_IMG-20251115-WA0096-200x300.jpg 200w, https:\/\/avrupapress.com\/main\/wp-content\/uploads\/2025\/11\/thumbnail_IMG-20251115-WA0096-682x1024.jpg 682w, https:\/\/avrupapress.com\/main\/wp-content\/uploads\/2025\/11\/thumbnail_IMG-20251115-WA0096-768x1153.jpg 768w, https:\/\/avrupapress.com\/main\/wp-content\/uploads\/2025\/11\/thumbnail_IMG-20251115-WA0096-1023x1536.jpg 1023w, https:\/\/avrupapress.com\/main\/wp-content\/uploads\/2025\/11\/thumbnail_IMG-20251115-WA0096.jpg 1066w\" sizes=\"auto, (max-width: 200px) 100vw, 200px\" \/><\/p>\n<p>Bu hayalini hem kendisini ger\u00e7ekle\u015ftirmek hem de memleketine hizmet etmek i\u00e7in kurdu\u011funu vurgulayan Koyuncu, in\u015faat m\u00fchendisi olarak il\u00e7esinde hizmet verdikten sonra siyasete at\u0131larak hayaline kavu\u015ftu\u011funu anlatt\u0131.<\/p>\n<p><img loading=\"lazy\" decoding=\"async\" class=\"alignnone size-full wp-image-31588\" src=\"https:\/\/avrupapress.com\/main\/wp-content\/uploads\/2025\/11\/IMG-20251115-WA0017-300x225-1.jpg\" alt=\"\" width=\"300\" height=\"225\" \/><\/p>\n<p><strong>Koyuncu, gen\u00e7lere, \u00ab\u00a0Bizim sizden beklentimiz \u00f6nce \u00e7al\u0131\u015fmak. Avrupa&rsquo;da \u00f6\u011frendi\u011finiz tekni\u011fi, teknolojiyi, ilmi, bilimi \u00fclkemize faydal\u0131 olmak i\u00e7in kullanman\u0131z\u0131 bekliyoruz.\u00a0\u00bb ifadelerini kulland\u0131.<\/strong><\/p>\n<p><img loading=\"lazy\" decoding=\"async\" class=\"alignnone size-medium wp-image-31589\" src=\"https:\/\/avrupapress.com\/main\/wp-content\/uploads\/2025\/11\/thumbnail_FB_IMG_1763221689736-225x300.jpg\" alt=\"\" width=\"225\" height=\"300\" srcset=\"https:\/\/avrupapress.com\/main\/wp-content\/uploads\/2025\/11\/thumbnail_FB_IMG_1763221689736-225x300.jpg 225w, https:\/\/avrupapress.com\/main\/wp-content\/uploads\/2025\/11\/thumbnail_FB_IMG_1763221689736-768x1024.jpg 768w, https:\/\/avrupapress.com\/main\/wp-content\/uploads\/2025\/11\/thumbnail_FB_IMG_1763221689736.jpg 1143w\" sizes=\"auto, (max-width: 225px) 100vw, 225px\" \/><\/p>\n<p>Bel\u00e7ika toplumuna entegrasyon mesaj\u0131<\/p>\n<p><strong>TMV Bel\u00e7ika Temsilcisi Do\u011fan K\u00f6k\u00e7\u00fc<\/strong> de Gent kentinde do\u011fup b\u00fcy\u00fcd\u00fc\u011f\u00fcn\u00fc, y\u00fcksek \u00f6\u011frenimini E\u011fitim Fak\u00fcltesinde tamamlay\u0131p, 3 y\u0131l lise \u00f6\u011fretmenli\u011fi yapt\u0131\u011f\u0131n\u0131 anlatt\u0131.<\/p>\n<p>K\u00f6k\u00e7\u00fc, ilk olarak TMV&rsquo;nin Gent E\u011fitim Merkezi Koordinat\u00f6r\u00fc olarak g\u00f6rev yapt\u0131\u011f\u0131n\u0131, ard\u0131ndan temsilcili\u011fi \u00fcstlendi\u011fini dile getirerek, \u00ab\u00a0Bizim i\u015fimiz gen\u00e7ler ve e\u011fitim.\u00a0\u00bb dedi.<\/p>\n<p>Kendisinin de \u00fcniversite hayat\u0131nda zorluklarla kar\u015f\u0131la\u015ft\u0131\u011f\u0131n\u0131 ancak bir yol bulup bunlar\u0131 a\u015ft\u0131\u011f\u0131n\u0131 belirten K\u00f6k\u00e7\u00fc, gen\u00e7lere hitap ederek, \u00ab\u00a0Sizleri anl\u0131yorum. \u00d6ncelikle ne olmak istedi\u011finizi netle\u015ftirmeniz laz\u0131m. Ben liseden beri buradaki T\u00fcrk toplumuna fayda sa\u011flamak istedi\u011fimi biliyordum. 3 y\u0131l bu g\u00f6revi yapt\u0131m ve \u00f6\u011fretmenler odas\u0131nda hep tek T\u00fcrk bendim.\u00a0\u00bb diye konu\u015ftu.<\/p>\n<p>K\u00f6k\u00e7\u00fc, her bir T\u00fcrk bireyin i\u00e7inde bulundu\u011fu toplumda rol model oldu\u011funu dile getirerek, \u00ab\u00a0Biz art\u0131k Bel\u00e7ika&rsquo;da ev sahibiyiz. Bel\u00e7ikal\u0131 T\u00fcrkleriz. Bel\u00e7ika&rsquo;ya bir T\u00fcrk olarak nas\u0131l fayda sa\u011flayabilece\u011fimizi d\u00fc\u015f\u00fcnmeliyiz.\u00a0\u00bb tespitinde bulundu.<\/p>\n<p><img loading=\"lazy\" decoding=\"async\" class=\"alignnone size-medium wp-image-31584\" src=\"https:\/\/avrupapress.com\/main\/wp-content\/uploads\/2025\/11\/WhatsApp-Image-2025-11-15-a-22.04.36_ccbe0623-300x182.jpg\" alt=\"\" width=\"300\" height=\"182\" srcset=\"https:\/\/avrupapress.com\/main\/wp-content\/uploads\/2025\/11\/WhatsApp-Image-2025-11-15-a-22.04.36_ccbe0623-300x182.jpg 300w, https:\/\/avrupapress.com\/main\/wp-content\/uploads\/2025\/11\/WhatsApp-Image-2025-11-15-a-22.04.36_ccbe0623-1024x622.jpg 1024w, https:\/\/avrupapress.com\/main\/wp-content\/uploads\/2025\/11\/WhatsApp-Image-2025-11-15-a-22.04.36_ccbe0623-768x467.jpg 768w, https:\/\/avrupapress.com\/main\/wp-content\/uploads\/2025\/11\/WhatsApp-Image-2025-11-15-a-22.04.36_ccbe0623.jpg 1320w\" sizes=\"auto, (max-width: 300px) 100vw, 300px\" \/><\/p>\n<p><strong>UID Bel\u00e7ika B\u00f6lge Ba\u015fkan\u0131 Ta\u015fp\u0131nar,<\/strong> 2009 y\u0131l\u0131nda T\u00fcrkiye&rsquo;den geldi\u011fini anlatarak, \u00ab\u00a0STK&rsquo;ler ya\u015fad\u0131\u011f\u0131n\u0131z \u00fclkede \u00e7ok k\u0131ymetli. Bir\u00e7ok meseleye vak\u0131f oluyoruz.\u00a0\u00bb de\u011ferlendirmesini yapt\u0131.<\/p>\n<p><img loading=\"lazy\" decoding=\"async\" class=\"alignnone size-medium wp-image-31585\" src=\"https:\/\/avrupapress.com\/main\/wp-content\/uploads\/2025\/11\/WhatsApp-Image-2025-11-15-a-22.04.37_8e5f6b05-300x202.jpg\" alt=\"\" width=\"300\" height=\"202\" srcset=\"https:\/\/avrupapress.com\/main\/wp-content\/uploads\/2025\/11\/WhatsApp-Image-2025-11-15-a-22.04.37_8e5f6b05-300x202.jpg 300w, https:\/\/avrupapress.com\/main\/wp-content\/uploads\/2025\/11\/WhatsApp-Image-2025-11-15-a-22.04.37_8e5f6b05-1024x688.jpg 1024w, https:\/\/avrupapress.com\/main\/wp-content\/uploads\/2025\/11\/WhatsApp-Image-2025-11-15-a-22.04.37_8e5f6b05-768x516.jpg 768w, https:\/\/avrupapress.com\/main\/wp-content\/uploads\/2025\/11\/WhatsApp-Image-2025-11-15-a-22.04.37_8e5f6b05.jpg 1260w\" sizes=\"auto, (max-width: 300px) 100vw, 300px\" \/><\/p>\n<p><strong>Ta\u015fp\u0131nar, Bel\u00e7ika&rsquo;da \u00fcniversite e\u011fitimi g\u00f6ren T\u00fcrk gen\u00e7lerinin say\u0131s\u0131n\u0131n art\u0131r\u0131lmas\u0131 gerekti\u011fini dile getirerek, \u00ab\u00a0\u00d6nemli olan \u00f6rnek olman\u0131z. Sadece kamu de\u011fil, \u00f6zel sekt\u00f6rde de f\u0131rsatlar var.\u00a0\u00bb ifadelerini kulland\u0131.<\/strong><\/p>\n<p><strong>Br\u00fcksel Ba\u015fkent B\u00f6lgesi Parlamentosu Milletvekili Oflu<\/strong> da Br\u00fcksel&rsquo;de d\u00fcnyaya geldi\u011fini, end\u00fcstri m\u00fchendisi oldu\u011funu, ya\u015fad\u0131\u011f\u0131 topluma en g\u00fczel \u015fekilde hizmet etmek i\u00e7in siyasete at\u0131ld\u0131\u011f\u0131n\u0131 s\u00f6yledi.<\/p>\n<p><strong>Oflu, \u00ab\u00a0Bel\u00e7ika&rsquo;da siyaset yapmak isteyen karde\u015flerimize tavsiye vermek istiyorum. Tahsil hayat\u0131 \u00e7ok \u00f6nemli. Bilgi her zaman g\u00fc\u00e7l\u00fc k\u0131lar. \u0130kinci olarak yerel dilleri bilmek \u00e7ok \u00f6nemli. Flamanca ve Frans\u0131zcay\u0131 en iyi \u015fekilde \u00f6\u011frenmek gerekir. \u00dc\u00e7\u00fcnc\u00fc olarak inanmak ve en \u00f6nemlisi ya\u015fad\u0131\u011f\u0131m\u0131z bu \u00fclkeye kendimizi ait hissetmek \u00e7ok \u00f6nemli.\u00a0\u00bb diye konu\u015ftu.<\/strong><\/p>\n<p>Klinik Psikolog Akyol, Br\u00fcksel do\u011fumlu oldu\u011funu, halihaz\u0131rda psikoterapist olabilmek i\u00e7in 4 y\u0131ll\u0131k e\u011fitimine devam etti\u011fini s\u00f6yledi.<\/p>\n<p>Akyol, \u00ab\u00a0\u00c7ocuklu\u011fumdan bu yana kendime g\u00f6r\u00fcn\u00fcr olabilmek i\u00e7in ne yapabiliriz diye soruyorum. Buraya g\u00f6\u00e7 eden dedelerimiz g\u00f6r\u00fcn\u00fcr de\u011fildi. Biz kendimizi de onlar\u0131 da g\u00f6r\u00fcn\u00fcr k\u0131labiliriz.\u00a0\u00bb dedi.<\/p>\n<p>Entegre olman\u0131n, \u00f6tekile\u015ftirmemenin \u00f6nemine i\u015faret eden Akyol, \u00ab\u00a0Bunlar hep s\u00f6ylenir ancak \u00f6nemli olan aksiyon almakt\u0131r. Tan\u0131d\u0131\u011f\u0131m\u0131z de\u011fil, tan\u0131mad\u0131klar\u0131m\u0131z\u0131n yan\u0131na oturarak konfor alan\u0131ndan \u00e7\u0131kmak, di\u011ferini tan\u0131mak gerekli. Entegre olmak da buradan ge\u00e7er.\u00a0\u00bb \u015feklinde konu\u015ftu.<\/p>\n<p>Akyol gen\u00e7lere \u00ab\u00a0merak duygunuzu asla kaybetmeyin ve hayal etmeyi b\u0131rakmay\u0131n\u00a0\u00bb mesajlar\u0131n\u0131 verdi.<\/p>\n<p>Br\u00fcksel B\u00fcy\u00fckel\u00e7ili\u011fi E\u011fitim M\u00fc\u015faviri H\u00fcmeyra Altunta\u015f K\u0131ran ise Milli E\u011fitim Bakanl\u0131\u011f\u0131nda \u00e7e\u015fitli g\u00f6revlerde bulunduktan sonra 2023&rsquo;ten bu yana Br\u00fcksel&rsquo;de g\u00f6rev yapt\u0131\u011f\u0131n\u0131 anlatt\u0131.<\/p>\n<p>K\u0131ran, devletin yurt d\u0131\u015f\u0131nda lisans\u00fcst\u00fc e\u011fitim g\u00f6ren \u00f6\u011frencilere sa\u011flad\u0131\u011f\u0131 burslarla ilgili bilgi verdi.<\/p>\n<p>\u00ab\u00a0Tersine beyin g\u00f6\u00e7\u00fcn\u00fc te\u015fvik etmek istiyoruz.\u00a0\u00bb ifadesini kullanan Akyol, Bel\u00e7ika&rsquo;daki \u00f6\u011frencilere birlikte hareket etme \u00e7a\u011fr\u0131s\u0131 yapt\u0131.<\/p>\n<p>&nbsp;<\/p>\n<p><strong>Bilgin OZCIFCI\u00a0 \u00a0 \u00a0 \u00a0\/\u00a0 \u00a0 \u00a0 \u00a0AVRUPAPRESS<\/strong><\/p>\n<p>&nbsp;<\/p>\n<p><img loading=\"lazy\" decoding=\"async\" class=\"alignnone size-medium wp-image-31564\" src=\"https:\/\/avrupapress.com\/main\/wp-content\/uploads\/2025\/11\/IMG-20251115-WA0041-300x225.jpg\" alt=\"\" width=\"300\" height=\"225\" srcset=\"https:\/\/avrupapress.com\/main\/wp-content\/uploads\/2025\/11\/IMG-20251115-WA0041-300x225.jpg 300w, https:\/\/avrupapress.com\/main\/wp-content\/uploads\/2025\/11\/IMG-20251115-WA0041-1024x768.jpg 1024w, https:\/\/avrupapress.com\/main\/wp-content\/uploads\/2025\/11\/IMG-20251115-WA0041-768x576.jpg 768w, https:\/\/avrupapress.com\/main\/wp-content\/uploads\/2025\/11\/IMG-20251115-WA0041.jpg 1440w\" sizes=\"auto, (max-width: 300px) 100vw, 300px\" \/><\/p>\n<p><img loading=\"lazy\" decoding=\"async\" class=\"alignnone size-medium wp-image-31565\" src=\"https:\/\/avrupapress.com\/main\/wp-content\/uploads\/2025\/11\/IMG-20251115-WA0036-300x225.jpg\" alt=\"\" width=\"300\" height=\"225\" srcset=\"https:\/\/avrupapress.com\/main\/wp-content\/uploads\/2025\/11\/IMG-20251115-WA0036-300x225.jpg 300w, https:\/\/avrupapress.com\/main\/wp-content\/uploads\/2025\/11\/IMG-20251115-WA0036-1024x768.jpg 1024w, https:\/\/avrupapress.com\/main\/wp-content\/uploads\/2025\/11\/IMG-20251115-WA0036-768x576.jpg 768w, https:\/\/avrupapress.com\/main\/wp-content\/uploads\/2025\/11\/IMG-20251115-WA0036-1536x1152.jpg 1536w, https:\/\/avrupapress.com\/main\/wp-content\/uploads\/2025\/11\/IMG-20251115-WA0036.jpg 2000w\" sizes=\"auto, (max-width: 300px) 100vw, 300px\" \/><\/p>\n<p><img loading=\"lazy\" decoding=\"async\" class=\"alignnone size-full wp-image-31586\" src=\"https:\/\/avrupapress.com\/main\/wp-content\/uploads\/2025\/11\/IMG-20251115-WA0049-225x300-1.jpg\" alt=\"\" width=\"225\" height=\"300\" \/><\/p>\n<p><img loading=\"lazy\" decoding=\"async\" class=\"alignnone size-medium wp-image-31567\" src=\"https:\/\/avrupapress.com\/main\/wp-content\/uploads\/2025\/11\/IMG-20251115-WA0074-300x225.jpg\" alt=\"\" width=\"300\" height=\"225\" srcset=\"https:\/\/avrupapress.com\/main\/wp-content\/uploads\/2025\/11\/IMG-20251115-WA0074-300x225.jpg 300w, https:\/\/avrupapress.com\/main\/wp-content\/uploads\/2025\/11\/IMG-20251115-WA0074-1024x768.jpg 1024w, https:\/\/avrupapress.com\/main\/wp-content\/uploads\/2025\/11\/IMG-20251115-WA0074-768x576.jpg 768w, https:\/\/avrupapress.com\/main\/wp-content\/uploads\/2025\/11\/IMG-20251115-WA0074-1536x1152.jpg 1536w, https:\/\/avrupapress.com\/main\/wp-content\/uploads\/2025\/11\/IMG-20251115-WA0074.jpg 1600w\" sizes=\"auto, (max-width: 300px) 100vw, 300px\" \/><\/p>\n<p><img loading=\"lazy\" decoding=\"async\" class=\"alignnone size-medium wp-image-31568\" src=\"https:\/\/avrupapress.com\/main\/wp-content\/uploads\/2025\/11\/IMG-20251115-WA0067-225x300.jpg\" alt=\"\" width=\"225\" height=\"300\" srcset=\"https:\/\/avrupapress.com\/main\/wp-content\/uploads\/2025\/11\/IMG-20251115-WA0067-225x300.jpg 225w, https:\/\/avrupapress.com\/main\/wp-content\/uploads\/2025\/11\/IMG-20251115-WA0067-768x1024.jpg 768w, https:\/\/avrupapress.com\/main\/wp-content\/uploads\/2025\/11\/IMG-20251115-WA0067-1152x1536.jpg 1152w, https:\/\/avrupapress.com\/main\/wp-content\/uploads\/2025\/11\/IMG-20251115-WA0067.jpg 1200w\" sizes=\"auto, (max-width: 225px) 100vw, 225px\" \/><\/p>\n<p><img loading=\"lazy\" decoding=\"async\" class=\"alignnone size-medium wp-image-31569\" src=\"https:\/\/avrupapress.com\/main\/wp-content\/uploads\/2025\/11\/IMG-20251115-WA0045-300x225.jpg\" alt=\"\" width=\"300\" height=\"225\" srcset=\"https:\/\/avrupapress.com\/main\/wp-content\/uploads\/2025\/11\/IMG-20251115-WA0045-300x225.jpg 300w, https:\/\/avrupapress.com\/main\/wp-content\/uploads\/2025\/11\/IMG-20251115-WA0045-1024x768.jpg 1024w, https:\/\/avrupapress.com\/main\/wp-content\/uploads\/2025\/11\/IMG-20251115-WA0045-768x576.jpg 768w, https:\/\/avrupapress.com\/main\/wp-content\/uploads\/2025\/11\/IMG-20251115-WA0045-1536x1152.jpg 1536w, https:\/\/avrupapress.com\/main\/wp-content\/uploads\/2025\/11\/IMG-20251115-WA0045.jpg 2048w\" sizes=\"auto, (max-width: 300px) 100vw, 300px\" \/><\/p>\n<p><img loading=\"lazy\" decoding=\"async\" class=\"alignnone size-medium wp-image-31570\" src=\"https:\/\/avrupapress.com\/main\/wp-content\/uploads\/2025\/11\/IMG-20251115-WA0042-300x225.jpg\" alt=\"\" width=\"300\" height=\"225\" srcset=\"https:\/\/avrupapress.com\/main\/wp-content\/uploads\/2025\/11\/IMG-20251115-WA0042-300x225.jpg 300w, https:\/\/avrupapress.com\/main\/wp-content\/uploads\/2025\/11\/IMG-20251115-WA0042-1024x768.jpg 1024w, https:\/\/avrupapress.com\/main\/wp-content\/uploads\/2025\/11\/IMG-20251115-WA0042-768x576.jpg 768w, https:\/\/avrupapress.com\/main\/wp-content\/uploads\/2025\/11\/IMG-20251115-WA0042.jpg 1440w\" sizes=\"auto, (max-width: 300px) 100vw, 300px\" \/><\/p>\n<p><img loading=\"lazy\" decoding=\"async\" class=\"alignnone size-medium wp-image-31571\" src=\"https:\/\/avrupapress.com\/main\/wp-content\/uploads\/2025\/11\/thumbnail_20251115_112149-300x225.jpg\" alt=\"\" width=\"300\" height=\"225\" srcset=\"https:\/\/avrupapress.com\/main\/wp-content\/uploads\/2025\/11\/thumbnail_20251115_112149-300x225.jpg 300w, https:\/\/avrupapress.com\/main\/wp-content\/uploads\/2025\/11\/thumbnail_20251115_112149-1024x768.jpg 1024w, https:\/\/avrupapress.com\/main\/wp-content\/uploads\/2025\/11\/thumbnail_20251115_112149-768x576.jpg 768w, https:\/\/avrupapress.com\/main\/wp-content\/uploads\/2025\/11\/thumbnail_20251115_112149-1536x1152.jpg 1536w, https:\/\/avrupapress.com\/main\/wp-content\/uploads\/2025\/11\/thumbnail_20251115_112149.jpg 1920w\" sizes=\"auto, (max-width: 300px) 100vw, 300px\" \/><\/p>\n<p><img loading=\"lazy\" decoding=\"async\" class=\"alignnone size-medium wp-image-31572\" src=\"https:\/\/avrupapress.com\/main\/wp-content\/uploads\/2025\/11\/IMG-20251115-WA0076-300x225.jpg\" alt=\"\" width=\"300\" height=\"225\" srcset=\"https:\/\/avrupapress.com\/main\/wp-content\/uploads\/2025\/11\/IMG-20251115-WA0076-300x225.jpg 300w, https:\/\/avrupapress.com\/main\/wp-content\/uploads\/2025\/11\/IMG-20251115-WA0076-1024x768.jpg 1024w, https:\/\/avrupapress.com\/main\/wp-content\/uploads\/2025\/11\/IMG-20251115-WA0076-768x576.jpg 768w, https:\/\/avrupapress.com\/main\/wp-content\/uploads\/2025\/11\/IMG-20251115-WA0076-1536x1152.jpg 1536w, https:\/\/avrupapress.com\/main\/wp-content\/uploads\/2025\/11\/IMG-20251115-WA0076.jpg 1600w\" sizes=\"auto, (max-width: 300px) 100vw, 300px\" \/><\/p>\n<p><img loading=\"lazy\" decoding=\"async\" class=\"alignnone size-medium wp-image-31573\" src=\"https:\/\/avrupapress.com\/main\/wp-content\/uploads\/2025\/11\/thumbnail_20251115_112337-300x225.jpg\" alt=\"\" width=\"300\" height=\"225\" srcset=\"https:\/\/avrupapress.com\/main\/wp-content\/uploads\/2025\/11\/thumbnail_20251115_112337-300x225.jpg 300w, https:\/\/avrupapress.com\/main\/wp-content\/uploads\/2025\/11\/thumbnail_20251115_112337-1024x768.jpg 1024w, https:\/\/avrupapress.com\/main\/wp-content\/uploads\/2025\/11\/thumbnail_20251115_112337-768x576.jpg 768w, https:\/\/avrupapress.com\/main\/wp-content\/uploads\/2025\/11\/thumbnail_20251115_112337-1536x1152.jpg 1536w, https:\/\/avrupapress.com\/main\/wp-content\/uploads\/2025\/11\/thumbnail_20251115_112337.jpg 1920w\" sizes=\"auto, (max-width: 300px) 100vw, 300px\" \/><\/p>\n<p><img loading=\"lazy\" decoding=\"async\" class=\"alignnone size-medium wp-image-31574\" src=\"https:\/\/avrupapress.com\/main\/wp-content\/uploads\/2025\/11\/thumbnail_20251115_112108-300x225.jpg\" alt=\"\" width=\"300\" height=\"225\" srcset=\"https:\/\/avrupapress.com\/main\/wp-content\/uploads\/2025\/11\/thumbnail_20251115_112108-300x225.jpg 300w, https:\/\/avrupapress.com\/main\/wp-content\/uploads\/2025\/11\/thumbnail_20251115_112108-1024x768.jpg 1024w, https:\/\/avrupapress.com\/main\/wp-content\/uploads\/2025\/11\/thumbnail_20251115_112108-768x576.jpg 768w, https:\/\/avrupapress.com\/main\/wp-content\/uploads\/2025\/11\/thumbnail_20251115_112108-1536x1152.jpg 1536w, https:\/\/avrupapress.com\/main\/wp-content\/uploads\/2025\/11\/thumbnail_20251115_112108.jpg 1920w\" sizes=\"auto, (max-width: 300px) 100vw, 300px\" \/><\/p>\n<p><img loading=\"lazy\" decoding=\"async\" class=\"alignnone size-medium wp-image-31575\" src=\"https:\/\/avrupapress.com\/main\/wp-content\/uploads\/2025\/11\/IMG-20251115-WA0049-225x300.jpg\" alt=\"\" width=\"225\" height=\"300\" srcset=\"https:\/\/avrupapress.com\/main\/wp-content\/uploads\/2025\/11\/IMG-20251115-WA0049-225x300.jpg 225w, https:\/\/avrupapress.com\/main\/wp-content\/uploads\/2025\/11\/IMG-20251115-WA0049-768x1024.jpg 768w, https:\/\/avrupapress.com\/main\/wp-content\/uploads\/2025\/11\/IMG-20251115-WA0049-1152x1536.jpg 1152w, https:\/\/avrupapress.com\/main\/wp-content\/uploads\/2025\/11\/IMG-20251115-WA0049.jpg 1200w\" sizes=\"auto, (max-width: 225px) 100vw, 225px\" \/><\/p>\n<p><img loading=\"lazy\" decoding=\"async\" class=\"alignnone size-medium wp-image-31576\" src=\"https:\/\/avrupapress.com\/main\/wp-content\/uploads\/2025\/11\/thumbnail_20251115_112054-300x225.jpg\" alt=\"\" width=\"300\" height=\"225\" srcset=\"https:\/\/avrupapress.com\/main\/wp-content\/uploads\/2025\/11\/thumbnail_20251115_112054-300x225.jpg 300w, https:\/\/avrupapress.com\/main\/wp-content\/uploads\/2025\/11\/thumbnail_20251115_112054-1024x768.jpg 1024w, https:\/\/avrupapress.com\/main\/wp-content\/uploads\/2025\/11\/thumbnail_20251115_112054-768x576.jpg 768w, https:\/\/avrupapress.com\/main\/wp-content\/uploads\/2025\/11\/thumbnail_20251115_112054-1536x1152.jpg 1536w, https:\/\/avrupapress.com\/main\/wp-content\/uploads\/2025\/11\/thumbnail_20251115_112054.jpg 1920w\" sizes=\"auto, (max-width: 300px) 100vw, 300px\" \/><\/p>\n<p><img loading=\"lazy\" decoding=\"async\" class=\"alignnone size-medium wp-image-31577\" src=\"https:\/\/avrupapress.com\/main\/wp-content\/uploads\/2025\/11\/thumbnail_20251115_104654-300x225.jpg\" alt=\"\" width=\"300\" height=\"225\" srcset=\"https:\/\/avrupapress.com\/main\/wp-content\/uploads\/2025\/11\/thumbnail_20251115_104654-300x225.jpg 300w, https:\/\/avrupapress.com\/main\/wp-content\/uploads\/2025\/11\/thumbnail_20251115_104654-1024x768.jpg 1024w, https:\/\/avrupapress.com\/main\/wp-content\/uploads\/2025\/11\/thumbnail_20251115_104654-768x576.jpg 768w, https:\/\/avrupapress.com\/main\/wp-content\/uploads\/2025\/11\/thumbnail_20251115_104654-1536x1152.jpg 1536w, https:\/\/avrupapress.com\/main\/wp-content\/uploads\/2025\/11\/thumbnail_20251115_104654.jpg 1920w\" sizes=\"auto, (max-width: 300px) 100vw, 300px\" \/><\/p>\n<p><img loading=\"lazy\" decoding=\"async\" class=\"alignnone size-medium wp-image-31578\" src=\"https:\/\/avrupapress.com\/main\/wp-content\/uploads\/2025\/11\/FB_IMG_1763221582826-300x225.jpg\" alt=\"\" width=\"300\" height=\"225\" srcset=\"https:\/\/avrupapress.com\/main\/wp-content\/uploads\/2025\/11\/FB_IMG_1763221582826-300x225.jpg 300w, https:\/\/avrupapress.com\/main\/wp-content\/uploads\/2025\/11\/FB_IMG_1763221582826-1024x768.jpg 1024w, https:\/\/avrupapress.com\/main\/wp-content\/uploads\/2025\/11\/FB_IMG_1763221582826-768x576.jpg 768w, https:\/\/avrupapress.com\/main\/wp-content\/uploads\/2025\/11\/FB_IMG_1763221582826-1536x1152.jpg 1536w, https:\/\/avrupapress.com\/main\/wp-content\/uploads\/2025\/11\/FB_IMG_1763221582826.jpg 1600w\" sizes=\"auto, (max-width: 300px) 100vw, 300px\" \/><\/p>\n<p><strong>Bilgin Ozcifci\u00a0 \u00a0 \u00a0 \u00a0\/\u00a0 \u00a0 \u00a0 \u00a0AVRUPAPRESS<\/strong><\/p>\n","protected":false},"excerpt":{"rendered":"<p>Bel\u00e7ika&rsquo;n\u0131n ba\u015fkenti Br\u00fcksel&rsquo;de T\u00fcrk \u00fcniversite \u00f6\u011frencilerinin kat\u0131l\u0131m\u0131yla \u00ab\u00a0meslekte birlik, gen\u00e7lik ve diplomasi bulu\u015fmas\u0131\u00a0\u00bb etkinli\u011fi d\u00fczenlendi. Belcika&rsquo;n\u0131n ba\u015fkenti Bruksel&rsquo;de T\u00fcrk \u00fcniversite \u00f6\u011frencilerinin kat\u0131l\u0131m\u0131yla \u00ab\u00a0meslekte birlik, gen\u00e7lik ve diplomasi bulu\u015fmas\u0131\u00a0\u00bb etkinli\u011fi d\u00fczenlendi. TOBB ofisinde, Br\u00fcksel merkezli sivil toplum \u00f6rg\u00fct\u00fc (STK) Eurovia taraf\u0131ndan, Yurtd\u0131\u015f\u0131 T\u00fcrkler ve Akraba Topluluklar Ba\u015fkanl\u0131\u011f\u0131 (YTB), T\u00fcrkiye Maarif Vakf\u0131 (TMV) ve Uluslararas\u0131 Demokratlar Birli\u011fi&rsquo;nin [&hellip;]<\/p>\n","protected":false},"author":3,"featured_media":31564,"comment_status":"closed","ping_status":"open","sticky":false,"template":"","format":"standard","meta":{"footnotes":""},"categories":[14,16,3,17,18,15,19,2,1],"tags":[],"class_list":["post-31563","post","type-post","status-publish","format-standard","has-post-thumbnail","hentry","category-avrupa","category-belcika","category-dunya","category-ekonomi","category-kultur-sanat","category-spor","category-tanitim","category-turkiye","category-uncategorized"],"yoast_head":"<!-- This site is optimized with the Yoast SEO plugin v26.9 - https:\/\/yoast.com\/product\/yoast-seo-wordpress\/ -->\n<title>Bel\u00e7ika&#039;n\u0131n Ba\u015fkenti Br\u00fcksel&#039;de &quot;Bug\u00fcn\u00fcn Liderleri Gelece\u011fin Liderleriyle&quot; Bir Araya Geldi - AvrupaPress<\/title>\n<meta name=\"robots\" content=\"index, follow, max-snippet:-1, max-image-preview:large, max-video-preview:-1\" \/>\n<link rel=\"canonical\" href=\"https:\/\/avrupapress.com\/main\/2025\/11\/15\/belcikanin-baskenti-brukselde-bugunun-liderleri-gelecegin-liderleriyle-bir-araya-geldi\/\" \/>\n<meta property=\"og:locale\" content=\"fr_FR\" \/>\n<meta property=\"og:type\" content=\"article\" \/>\n<meta property=\"og:title\" content=\"Bel\u00e7ika&#039;n\u0131n Ba\u015fkenti Br\u00fcksel&#039;de &quot;Bug\u00fcn\u00fcn Liderleri Gelece\u011fin Liderleriyle&quot; Bir Araya Geldi - AvrupaPress\" \/>\n<meta property=\"og:description\" content=\"Bel\u00e7ika&rsquo;n\u0131n ba\u015fkenti Br\u00fcksel&rsquo;de T\u00fcrk \u00fcniversite \u00f6\u011frencilerinin kat\u0131l\u0131m\u0131yla \u00ab\u00a0meslekte birlik, gen\u00e7lik ve diplomasi bulu\u015fmas\u0131\u00a0\u00bb etkinli\u011fi d\u00fczenlendi. Belcika&rsquo;n\u0131n ba\u015fkenti Bruksel&rsquo;de T\u00fcrk \u00fcniversite \u00f6\u011frencilerinin kat\u0131l\u0131m\u0131yla \u00ab\u00a0meslekte birlik, gen\u00e7lik ve diplomasi bulu\u015fmas\u0131\u00a0\u00bb etkinli\u011fi d\u00fczenlendi. TOBB ofisinde, Br\u00fcksel merkezli sivil toplum \u00f6rg\u00fct\u00fc (STK) Eurovia taraf\u0131ndan, Yurtd\u0131\u015f\u0131 T\u00fcrkler ve Akraba Topluluklar Ba\u015fkanl\u0131\u011f\u0131 (YTB), T\u00fcrkiye Maarif Vakf\u0131 (TMV) ve Uluslararas\u0131 Demokratlar Birli\u011fi&rsquo;nin [&hellip;]\" \/>\n<meta property=\"og:url\" content=\"https:\/\/avrupapress.com\/main\/2025\/11\/15\/belcikanin-baskenti-brukselde-bugunun-liderleri-gelecegin-liderleriyle-bir-araya-geldi\/\" \/>\n<meta property=\"og:site_name\" content=\"AvrupaPress\" \/>\n<meta property=\"article:published_time\" content=\"2025-11-15T20:54:02+00:00\" \/>\n<meta property=\"article:modified_time\" content=\"2025-11-15T21:53:57+00:00\" \/>\n<meta property=\"og:image\" content=\"https:\/\/avrupapress.com\/main\/wp-content\/uploads\/2025\/11\/IMG-20251115-WA0041.jpg\" \/>\n\t<meta property=\"og:image:width\" content=\"1440\" \/>\n\t<meta property=\"og:image:height\" content=\"1080\" \/>\n\t<meta property=\"og:image:type\" content=\"image\/jpeg\" \/>\n<meta name=\"author\" content=\"Edit\u00f6r\" \/>\n<meta name=\"twitter:card\" content=\"summary_large_image\" \/>\n<meta name=\"twitter:label1\" content=\"\u00c9crit par\" \/>\n\t<meta name=\"twitter:data1\" content=\"Edit\u00f6r\" \/>\n\t<meta name=\"twitter:label2\" content=\"Dur\u00e9e de lecture est.\" \/>\n\t<meta name=\"twitter:data2\" content=\"12 minutes\" \/>\n<script type=\"application\/ld+json\" class=\"yoast-schema-graph\">{\"@context\":\"https:\/\/schema.org\",\"@graph\":[{\"@type\":\"Article\",\"@id\":\"https:\/\/avrupapress.com\/main\/2025\/11\/15\/belcikanin-baskenti-brukselde-bugunun-liderleri-gelecegin-liderleriyle-bir-araya-geldi\/#article\",\"isPartOf\":{\"@id\":\"https:\/\/avrupapress.com\/main\/2025\/11\/15\/belcikanin-baskenti-brukselde-bugunun-liderleri-gelecegin-liderleriyle-bir-araya-geldi\/\"},\"author\":{\"name\":\"Edit\u00f6r\",\"@id\":\"https:\/\/avrupapress.com\/#\/schema\/person\/68428444ec60970d1e1b700cf4ca1e8f\"},\"headline\":\"Bel\u00e7ika&rsquo;n\u0131n Ba\u015fkenti Br\u00fcksel&rsquo;de \u00ab\u00a0Bug\u00fcn\u00fcn Liderleri Gelece\u011fin Liderleriyle\u00a0\u00bb Bir Araya Geldi\",\"datePublished\":\"2025-11-15T20:54:02+00:00\",\"dateModified\":\"2025-11-15T21:53:57+00:00\",\"mainEntityOfPage\":{\"@id\":\"https:\/\/avrupapress.com\/main\/2025\/11\/15\/belcikanin-baskenti-brukselde-bugunun-liderleri-gelecegin-liderleriyle-bir-araya-geldi\/\"},\"wordCount\":1809,\"publisher\":{\"@id\":\"https:\/\/avrupapress.com\/#\/schema\/person\/0223dca19c72c43575bf30d1a2d8f4fa\"},\"image\":{\"@id\":\"https:\/\/avrupapress.com\/main\/2025\/11\/15\/belcikanin-baskenti-brukselde-bugunun-liderleri-gelecegin-liderleriyle-bir-araya-geldi\/#primaryimage\"},\"thumbnailUrl\":\"https:\/\/avrupapress.com\/main\/wp-content\/uploads\/2025\/11\/IMG-20251115-WA0041.jpg\",\"articleSection\":[\"Avrupa\",\"Bel\u00e7ika\",\"D\u00fcnya\",\"Ekonomi\",\"K\u00fclt\u00fcr-Sanat\",\"Spor\",\"Tan\u0131t\u0131m\",\"T\u00fcrkiye\",\"Uncategorized\"],\"inLanguage\":\"fr-BE\"},{\"@type\":\"WebPage\",\"@id\":\"https:\/\/avrupapress.com\/main\/2025\/11\/15\/belcikanin-baskenti-brukselde-bugunun-liderleri-gelecegin-liderleriyle-bir-araya-geldi\/\",\"url\":\"https:\/\/avrupapress.com\/main\/2025\/11\/15\/belcikanin-baskenti-brukselde-bugunun-liderleri-gelecegin-liderleriyle-bir-araya-geldi\/\",\"name\":\"Bel\u00e7ika'n\u0131n Ba\u015fkenti Br\u00fcksel'de \\\"Bug\u00fcn\u00fcn Liderleri Gelece\u011fin Liderleriyle\\\" Bir Araya Geldi - AvrupaPress\",\"isPartOf\":{\"@id\":\"https:\/\/avrupapress.com\/#website\"},\"primaryImageOfPage\":{\"@id\":\"https:\/\/avrupapress.com\/main\/2025\/11\/15\/belcikanin-baskenti-brukselde-bugunun-liderleri-gelecegin-liderleriyle-bir-araya-geldi\/#primaryimage\"},\"image\":{\"@id\":\"https:\/\/avrupapress.com\/main\/2025\/11\/15\/belcikanin-baskenti-brukselde-bugunun-liderleri-gelecegin-liderleriyle-bir-araya-geldi\/#primaryimage\"},\"thumbnailUrl\":\"https:\/\/avrupapress.com\/main\/wp-content\/uploads\/2025\/11\/IMG-20251115-WA0041.jpg\",\"datePublished\":\"2025-11-15T20:54:02+00:00\",\"dateModified\":\"2025-11-15T21:53:57+00:00\",\"breadcrumb\":{\"@id\":\"https:\/\/avrupapress.com\/main\/2025\/11\/15\/belcikanin-baskenti-brukselde-bugunun-liderleri-gelecegin-liderleriyle-bir-araya-geldi\/#breadcrumb\"},\"inLanguage\":\"fr-BE\",\"potentialAction\":[{\"@type\":\"ReadAction\",\"target\":[\"https:\/\/avrupapress.com\/main\/2025\/11\/15\/belcikanin-baskenti-brukselde-bugunun-liderleri-gelecegin-liderleriyle-bir-araya-geldi\/\"]}]},{\"@type\":\"ImageObject\",\"inLanguage\":\"fr-BE\",\"@id\":\"https:\/\/avrupapress.com\/main\/2025\/11\/15\/belcikanin-baskenti-brukselde-bugunun-liderleri-gelecegin-liderleriyle-bir-araya-geldi\/#primaryimage\",\"url\":\"https:\/\/avrupapress.com\/main\/wp-content\/uploads\/2025\/11\/IMG-20251115-WA0041.jpg\",\"contentUrl\":\"https:\/\/avrupapress.com\/main\/wp-content\/uploads\/2025\/11\/IMG-20251115-WA0041.jpg\",\"width\":1440,\"height\":1080},{\"@type\":\"BreadcrumbList\",\"@id\":\"https:\/\/avrupapress.com\/main\/2025\/11\/15\/belcikanin-baskenti-brukselde-bugunun-liderleri-gelecegin-liderleriyle-bir-araya-geldi\/#breadcrumb\",\"itemListElement\":[{\"@type\":\"ListItem\",\"position\":1,\"name\":\"Anasayfa\",\"item\":\"https:\/\/avrupapress.com\/\"},{\"@type\":\"ListItem\",\"position\":2,\"name\":\"Bel\u00e7ika&#8217;n\u0131n Ba\u015fkenti Br\u00fcksel&#8217;de &#8220;Bug\u00fcn\u00fcn Liderleri Gelece\u011fin Liderleriyle&#8221; Bir Araya Geldi\"}]},{\"@type\":\"WebSite\",\"@id\":\"https:\/\/avrupapress.com\/#website\",\"url\":\"https:\/\/avrupapress.com\/\",\"name\":\"AvrupaPress\",\"description\":\"Haberin Adresi\",\"publisher\":{\"@id\":\"https:\/\/avrupapress.com\/#\/schema\/person\/0223dca19c72c43575bf30d1a2d8f4fa\"},\"potentialAction\":[{\"@type\":\"SearchAction\",\"target\":{\"@type\":\"EntryPoint\",\"urlTemplate\":\"https:\/\/avrupapress.com\/?s={search_term_string}\"},\"query-input\":{\"@type\":\"PropertyValueSpecification\",\"valueRequired\":true,\"valueName\":\"search_term_string\"}}],\"inLanguage\":\"fr-BE\"},{\"@type\":[\"Person\",\"Organization\"],\"@id\":\"https:\/\/avrupapress.com\/#\/schema\/person\/0223dca19c72c43575bf30d1a2d8f4fa\",\"name\":\"Bilgin \u00d6z\u00e7ift\u00e7i\",\"image\":{\"@type\":\"ImageObject\",\"inLanguage\":\"fr-BE\",\"@id\":\"https:\/\/avrupapress.com\/#\/schema\/person\/image\/\",\"url\":\"https:\/\/secure.gravatar.com\/avatar\/0f23b280433a21e1ea7a0adcc46ed0ad16afe3ad8e630fd13d8a017dcbd54ef3?s=96&d=mm&r=g\",\"contentUrl\":\"https:\/\/secure.gravatar.com\/avatar\/0f23b280433a21e1ea7a0adcc46ed0ad16afe3ad8e630fd13d8a017dcbd54ef3?s=96&d=mm&r=g\",\"caption\":\"Bilgin \u00d6z\u00e7ift\u00e7i\"},\"logo\":{\"@id\":\"https:\/\/avrupapress.com\/#\/schema\/person\/image\/\"},\"description\":\"Ne ben, nede sen... Biz ancak \\\"biz\\\" olursak g\u00fc\u00e7l\u00fc olabiliriz\"},{\"@type\":\"Person\",\"@id\":\"https:\/\/avrupapress.com\/#\/schema\/person\/68428444ec60970d1e1b700cf4ca1e8f\",\"name\":\"Edit\u00f6r\",\"image\":{\"@type\":\"ImageObject\",\"inLanguage\":\"fr-BE\",\"@id\":\"https:\/\/avrupapress.com\/#\/schema\/person\/image\/\",\"url\":\"https:\/\/secure.gravatar.com\/avatar\/74996b0977aa5f1559ba9883776652508b229005c0d78fb2597897f0bd651c09?s=96&d=mm&r=g\",\"contentUrl\":\"https:\/\/secure.gravatar.com\/avatar\/74996b0977aa5f1559ba9883776652508b229005c0d78fb2597897f0bd651c09?s=96&d=mm&r=g\",\"caption\":\"Edit\u00f6r\"},\"sameAs\":[\"http:\/\/www.avrupapress.com\"],\"url\":\"https:\/\/avrupapress.com\/main\/author\/editor\/\"}]}<\/script>\n<!-- \/ Yoast SEO plugin. -->","yoast_head_json":{"title":"Bel\u00e7ika'n\u0131n Ba\u015fkenti Br\u00fcksel'de \"Bug\u00fcn\u00fcn Liderleri Gelece\u011fin Liderleriyle\" Bir Araya Geldi - AvrupaPress","robots":{"index":"index","follow":"follow","max-snippet":"max-snippet:-1","max-image-preview":"max-image-preview:large","max-video-preview":"max-video-preview:-1"},"canonical":"https:\/\/avrupapress.com\/main\/2025\/11\/15\/belcikanin-baskenti-brukselde-bugunun-liderleri-gelecegin-liderleriyle-bir-araya-geldi\/","og_locale":"fr_FR","og_type":"article","og_title":"Bel\u00e7ika'n\u0131n Ba\u015fkenti Br\u00fcksel'de \"Bug\u00fcn\u00fcn Liderleri Gelece\u011fin Liderleriyle\" Bir Araya Geldi - AvrupaPress","og_description":"Bel\u00e7ika&rsquo;n\u0131n ba\u015fkenti Br\u00fcksel&rsquo;de T\u00fcrk \u00fcniversite \u00f6\u011frencilerinin kat\u0131l\u0131m\u0131yla \u00ab\u00a0meslekte birlik, gen\u00e7lik ve diplomasi bulu\u015fmas\u0131\u00a0\u00bb etkinli\u011fi d\u00fczenlendi. Belcika&rsquo;n\u0131n ba\u015fkenti Bruksel&rsquo;de T\u00fcrk \u00fcniversite \u00f6\u011frencilerinin kat\u0131l\u0131m\u0131yla \u00ab\u00a0meslekte birlik, gen\u00e7lik ve diplomasi bulu\u015fmas\u0131\u00a0\u00bb etkinli\u011fi d\u00fczenlendi. TOBB ofisinde, Br\u00fcksel merkezli sivil toplum \u00f6rg\u00fct\u00fc (STK) Eurovia taraf\u0131ndan, Yurtd\u0131\u015f\u0131 T\u00fcrkler ve Akraba Topluluklar Ba\u015fkanl\u0131\u011f\u0131 (YTB), T\u00fcrkiye Maarif Vakf\u0131 (TMV) ve Uluslararas\u0131 Demokratlar Birli\u011fi&rsquo;nin [&hellip;]","og_url":"https:\/\/avrupapress.com\/main\/2025\/11\/15\/belcikanin-baskenti-brukselde-bugunun-liderleri-gelecegin-liderleriyle-bir-araya-geldi\/","og_site_name":"AvrupaPress","article_published_time":"2025-11-15T20:54:02+00:00","article_modified_time":"2025-11-15T21:53:57+00:00","og_image":[{"width":1440,"height":1080,"url":"https:\/\/avrupapress.com\/main\/wp-content\/uploads\/2025\/11\/IMG-20251115-WA0041.jpg","type":"image\/jpeg"}],"author":"Edit\u00f6r","twitter_card":"summary_large_image","twitter_misc":{"\u00c9crit par":"Edit\u00f6r","Dur\u00e9e de lecture est.":"12 minutes"},"schema":{"@context":"https:\/\/schema.org","@graph":[{"@type":"Article","@id":"https:\/\/avrupapress.com\/main\/2025\/11\/15\/belcikanin-baskenti-brukselde-bugunun-liderleri-gelecegin-liderleriyle-bir-araya-geldi\/#article","isPartOf":{"@id":"https:\/\/avrupapress.com\/main\/2025\/11\/15\/belcikanin-baskenti-brukselde-bugunun-liderleri-gelecegin-liderleriyle-bir-araya-geldi\/"},"author":{"name":"Edit\u00f6r","@id":"https:\/\/avrupapress.com\/#\/schema\/person\/68428444ec60970d1e1b700cf4ca1e8f"},"headline":"Bel\u00e7ika&rsquo;n\u0131n Ba\u015fkenti Br\u00fcksel&rsquo;de \u00ab\u00a0Bug\u00fcn\u00fcn Liderleri Gelece\u011fin Liderleriyle\u00a0\u00bb Bir Araya Geldi","datePublished":"2025-11-15T20:54:02+00:00","dateModified":"2025-11-15T21:53:57+00:00","mainEntityOfPage":{"@id":"https:\/\/avrupapress.com\/main\/2025\/11\/15\/belcikanin-baskenti-brukselde-bugunun-liderleri-gelecegin-liderleriyle-bir-araya-geldi\/"},"wordCount":1809,"publisher":{"@id":"https:\/\/avrupapress.com\/#\/schema\/person\/0223dca19c72c43575bf30d1a2d8f4fa"},"image":{"@id":"https:\/\/avrupapress.com\/main\/2025\/11\/15\/belcikanin-baskenti-brukselde-bugunun-liderleri-gelecegin-liderleriyle-bir-araya-geldi\/#primaryimage"},"thumbnailUrl":"https:\/\/avrupapress.com\/main\/wp-content\/uploads\/2025\/11\/IMG-20251115-WA0041.jpg","articleSection":["Avrupa","Bel\u00e7ika","D\u00fcnya","Ekonomi","K\u00fclt\u00fcr-Sanat","Spor","Tan\u0131t\u0131m","T\u00fcrkiye","Uncategorized"],"inLanguage":"fr-BE"},{"@type":"WebPage","@id":"https:\/\/avrupapress.com\/main\/2025\/11\/15\/belcikanin-baskenti-brukselde-bugunun-liderleri-gelecegin-liderleriyle-bir-araya-geldi\/","url":"https:\/\/avrupapress.com\/main\/2025\/11\/15\/belcikanin-baskenti-brukselde-bugunun-liderleri-gelecegin-liderleriyle-bir-araya-geldi\/","name":"Bel\u00e7ika'n\u0131n Ba\u015fkenti Br\u00fcksel'de \"Bug\u00fcn\u00fcn Liderleri Gelece\u011fin Liderleriyle\" Bir Araya Geldi - AvrupaPress","isPartOf":{"@id":"https:\/\/avrupapress.com\/#website"},"primaryImageOfPage":{"@id":"https:\/\/avrupapress.com\/main\/2025\/11\/15\/belcikanin-baskenti-brukselde-bugunun-liderleri-gelecegin-liderleriyle-bir-araya-geldi\/#primaryimage"},"image":{"@id":"https:\/\/avrupapress.com\/main\/2025\/11\/15\/belcikanin-baskenti-brukselde-bugunun-liderleri-gelecegin-liderleriyle-bir-araya-geldi\/#primaryimage"},"thumbnailUrl":"https:\/\/avrupapress.com\/main\/wp-content\/uploads\/2025\/11\/IMG-20251115-WA0041.jpg","datePublished":"2025-11-15T20:54:02+00:00","dateModified":"2025-11-15T21:53:57+00:00","breadcrumb":{"@id":"https:\/\/avrupapress.com\/main\/2025\/11\/15\/belcikanin-baskenti-brukselde-bugunun-liderleri-gelecegin-liderleriyle-bir-araya-geldi\/#breadcrumb"},"inLanguage":"fr-BE","potentialAction":[{"@type":"ReadAction","target":["https:\/\/avrupapress.com\/main\/2025\/11\/15\/belcikanin-baskenti-brukselde-bugunun-liderleri-gelecegin-liderleriyle-bir-araya-geldi\/"]}]},{"@type":"ImageObject","inLanguage":"fr-BE","@id":"https:\/\/avrupapress.com\/main\/2025\/11\/15\/belcikanin-baskenti-brukselde-bugunun-liderleri-gelecegin-liderleriyle-bir-araya-geldi\/#primaryimage","url":"https:\/\/avrupapress.com\/main\/wp-content\/uploads\/2025\/11\/IMG-20251115-WA0041.jpg","contentUrl":"https:\/\/avrupapress.com\/main\/wp-content\/uploads\/2025\/11\/IMG-20251115-WA0041.jpg","width":1440,"height":1080},{"@type":"BreadcrumbList","@id":"https:\/\/avrupapress.com\/main\/2025\/11\/15\/belcikanin-baskenti-brukselde-bugunun-liderleri-gelecegin-liderleriyle-bir-araya-geldi\/#breadcrumb","itemListElement":[{"@type":"ListItem","position":1,"name":"Anasayfa","item":"https:\/\/avrupapress.com\/"},{"@type":"ListItem","position":2,"name":"Bel\u00e7ika&#8217;n\u0131n Ba\u015fkenti Br\u00fcksel&#8217;de &#8220;Bug\u00fcn\u00fcn Liderleri Gelece\u011fin Liderleriyle&#8221; Bir Araya Geldi"}]},{"@type":"WebSite","@id":"https:\/\/avrupapress.com\/#website","url":"https:\/\/avrupapress.com\/","name":"AvrupaPress","description":"Haberin Adresi","publisher":{"@id":"https:\/\/avrupapress.com\/#\/schema\/person\/0223dca19c72c43575bf30d1a2d8f4fa"},"potentialAction":[{"@type":"SearchAction","target":{"@type":"EntryPoint","urlTemplate":"https:\/\/avrupapress.com\/?s={search_term_string}"},"query-input":{"@type":"PropertyValueSpecification","valueRequired":true,"valueName":"search_term_string"}}],"inLanguage":"fr-BE"},{"@type":["Person","Organization"],"@id":"https:\/\/avrupapress.com\/#\/schema\/person\/0223dca19c72c43575bf30d1a2d8f4fa","name":"Bilgin \u00d6z\u00e7ift\u00e7i","image":{"@type":"ImageObject","inLanguage":"fr-BE","@id":"https:\/\/avrupapress.com\/#\/schema\/person\/image\/","url":"https:\/\/secure.gravatar.com\/avatar\/0f23b280433a21e1ea7a0adcc46ed0ad16afe3ad8e630fd13d8a017dcbd54ef3?s=96&d=mm&r=g","contentUrl":"https:\/\/secure.gravatar.com\/avatar\/0f23b280433a21e1ea7a0adcc46ed0ad16afe3ad8e630fd13d8a017dcbd54ef3?s=96&d=mm&r=g","caption":"Bilgin \u00d6z\u00e7ift\u00e7i"},"logo":{"@id":"https:\/\/avrupapress.com\/#\/schema\/person\/image\/"},"description":"Ne ben, nede sen... Biz ancak \"biz\" olursak g\u00fc\u00e7l\u00fc olabiliriz"},{"@type":"Person","@id":"https:\/\/avrupapress.com\/#\/schema\/person\/68428444ec60970d1e1b700cf4ca1e8f","name":"Edit\u00f6r","image":{"@type":"ImageObject","inLanguage":"fr-BE","@id":"https:\/\/avrupapress.com\/#\/schema\/person\/image\/","url":"https:\/\/secure.gravatar.com\/avatar\/74996b0977aa5f1559ba9883776652508b229005c0d78fb2597897f0bd651c09?s=96&d=mm&r=g","contentUrl":"https:\/\/secure.gravatar.com\/avatar\/74996b0977aa5f1559ba9883776652508b229005c0d78fb2597897f0bd651c09?s=96&d=mm&r=g","caption":"Edit\u00f6r"},"sameAs":["http:\/\/www.avrupapress.com"],"url":"https:\/\/avrupapress.com\/main\/author\/editor\/"}]}},"_links":{"self":[{"href":"https:\/\/avrupapress.com\/main\/wp-json\/wp\/v2\/posts\/31563","targetHints":{"allow":["GET"]}}],"collection":[{"href":"https:\/\/avrupapress.com\/main\/wp-json\/wp\/v2\/posts"}],"about":[{"href":"https:\/\/avrupapress.com\/main\/wp-json\/wp\/v2\/types\/post"}],"author":[{"embeddable":true,"href":"https:\/\/avrupapress.com\/main\/wp-json\/wp\/v2\/users\/3"}],"replies":[{"embeddable":true,"href":"https:\/\/avrupapress.com\/main\/wp-json\/wp\/v2\/comments?post=31563"}],"version-history":[{"count":7,"href":"https:\/\/avrupapress.com\/main\/wp-json\/wp\/v2\/posts\/31563\/revisions"}],"predecessor-version":[{"id":31599,"href":"https:\/\/avrupapress.com\/main\/wp-json\/wp\/v2\/posts\/31563\/revisions\/31599"}],"wp:featuredmedia":[{"embeddable":true,"href":"https:\/\/avrupapress.com\/main\/wp-json\/wp\/v2\/media\/31564"}],"wp:attachment":[{"href":"https:\/\/avrupapress.com\/main\/wp-json\/wp\/v2\/media?parent=31563"}],"wp:term":[{"taxonomy":"category","embeddable":true,"href":"https:\/\/avrupapress.com\/main\/wp-json\/wp\/v2\/categories?post=31563"},{"taxonomy":"post_tag","embeddable":true,"href":"https:\/\/avrupapress.com\/main\/wp-json\/wp\/v2\/tags?post=31563"}],"curies":[{"name":"wp","href":"https:\/\/api.w.org\/{rel}","templated":true}]}}