{"id":31524,"date":"2025-11-14T23:08:43","date_gmt":"2025-11-14T23:08:43","guid":{"rendered":"https:\/\/avrupapress.com\/main\/?p=31524"},"modified":"2025-11-14T23:14:03","modified_gmt":"2025-11-14T23:14:03","slug":"emirdag-belediye-baskani-serkan-koyuncu-ve-beraberindeki-heyet-belcikada-emirdagli-vatandaslarla-bulustu","status":"publish","type":"post","link":"https:\/\/avrupapress.com\/main\/2025\/11\/14\/emirdag-belediye-baskani-serkan-koyuncu-ve-beraberindeki-heyet-belcikada-emirdagli-vatandaslarla-bulustu\/","title":{"rendered":"Emirda\u011f Belediye Baskani Serkan Koyuncu ve Beraberindeki Heyet Belcikada Emirdagli Vatandaslarla Bulustu"},"content":{"rendered":"<div dir=\"auto\">Bilgin Ozcifc\u00a0 \u00a0\/\u00a0 \u00a0BRUKSEL<\/div>\n<div dir=\"auto\"><strong>Avrupa Parlementosu temsilcisi (Interest Group Representitive)\u00a0 KU Leuven T\u00fcrk \u00f6\u011frenci birli\u011fi ba\u015fkan\u0131 Eurovia Ba\u015fkan\u0131\u00a0 O\u011fuzhan Bahad\u0131r ARI ve Uluslararasi Demokratlar Birligi Belcika (UID) .Eurovia tarafindan d\u00fczenlenen\u00a0 organizasyona \u00d6grencilerle,Diplomatlar ve B\u00fcrokratlar Bulu\u015fuyor! Programlar oncesi brukselde bir takim temaslarda bulundular<\/strong><\/div>\n<div dir=\"auto\"><img loading=\"lazy\" decoding=\"async\" class=\"alignnone size-medium wp-image-31544\" src=\"https:\/\/avrupapress.com\/main\/wp-content\/uploads\/2025\/11\/facebook_1763156361351_7395213779047963912-1-300x225.jpg\" alt=\"\" width=\"300\" height=\"225\" srcset=\"https:\/\/avrupapress.com\/main\/wp-content\/uploads\/2025\/11\/facebook_1763156361351_7395213779047963912-1-300x225.jpg 300w, https:\/\/avrupapress.com\/main\/wp-content\/uploads\/2025\/11\/facebook_1763156361351_7395213779047963912-1-1024x768.jpg 1024w, https:\/\/avrupapress.com\/main\/wp-content\/uploads\/2025\/11\/facebook_1763156361351_7395213779047963912-1-768x576.jpg 768w, https:\/\/avrupapress.com\/main\/wp-content\/uploads\/2025\/11\/facebook_1763156361351_7395213779047963912-1-1536x1152.jpg 1536w, https:\/\/avrupapress.com\/main\/wp-content\/uploads\/2025\/11\/facebook_1763156361351_7395213779047963912-1.jpg 2048w\" sizes=\"auto, (max-width: 300px) 100vw, 300px\" \/><\/div>\n<div dir=\"auto\"><img loading=\"lazy\" decoding=\"async\" class=\"alignnone size-medium wp-image-31543\" src=\"https:\/\/avrupapress.com\/main\/wp-content\/uploads\/2025\/11\/facebook_1763139279536_7395142132715928276-1-300x225.jpg\" alt=\"\" width=\"300\" height=\"225\" srcset=\"https:\/\/avrupapress.com\/main\/wp-content\/uploads\/2025\/11\/facebook_1763139279536_7395142132715928276-1-300x225.jpg 300w, https:\/\/avrupapress.com\/main\/wp-content\/uploads\/2025\/11\/facebook_1763139279536_7395142132715928276-1-1024x768.jpg 1024w, https:\/\/avrupapress.com\/main\/wp-content\/uploads\/2025\/11\/facebook_1763139279536_7395142132715928276-1-768x576.jpg 768w, https:\/\/avrupapress.com\/main\/wp-content\/uploads\/2025\/11\/facebook_1763139279536_7395142132715928276-1-1536x1152.jpg 1536w, https:\/\/avrupapress.com\/main\/wp-content\/uploads\/2025\/11\/facebook_1763139279536_7395142132715928276-1.jpg 2048w\" sizes=\"auto, (max-width: 300px) 100vw, 300px\" \/><\/div>\n<div dir=\"auto\"><\/div>\n<div dir=\"auto\">\n<div dir=\"auto\" data-olk-copy-source=\"MessageBody\">Br\u00fcksel\u2019deki temaslar\u0131m\u0131z kapsam\u0131nda Milletvekillerimiz Ali \u00d6zkaya,\u0130brahim Yurdunuseven.Hasan Arslan, T\u00fcrkiye Br\u00fcksel B\u00fcy\u00fckel\u00e7imiz Bar\u0131\u015f Tantekin, Belediye. Ba\u015fkanlar\u0131m\u0131z Serkan Koyuncu, Halil \u0130brahim Bodur, Eurovia Ba\u015fkan\u0131 O\u011fuzhan Bahad\u0131r Ar\u0131 ve heyetimizle birlikte T\u00fcrkmenistan B\u00fcy\u00fckel\u00e7isi Say\u0131n Sapar Palvanov\u2019u ziyaret edildi.<\/div>\n<div dir=\"auto\">T\u00fcrkiye &#8211; T\u00fcrkmenistan dostlu\u011funu peki\u015ftiren, verimli ve samimi bir g\u00f6r\u00fc\u015fme ger\u00e7ekle\u015ftirdik.<\/div>\n<div dir=\"auto\">\n<div dir=\"auto\" data-olk-copy-source=\"MessageBody\">Kuzey K\u0131br\u0131s T\u00fcrk Cumhuriyeti\u2019nin ilan\u0131n\u0131n 42\u2019nci y\u0131l d\u00f6n\u00fcm\u00fc kapsam\u0131nda K\u0131br\u0131s Br\u00fcksel Temsilcili\u011finde d\u00fczenlenen resepsiyona kat\u0131ld\u0131k.<\/div>\n<div dir=\"auto\">K\u0131br\u0131s T\u00fcrk halk\u0131 egemenlikten ve \u00f6zg\u00fcrl\u00fckten asla vazge\u00e7meyece\u011fini 42 y\u0131l \u00f6nce d\u00fcnyaya ilan etmi\u015ftir.<\/div>\n<div dir=\"auto\">\n<div dir=\"auto\" data-olk-copy-source=\"MessageBody\">\u00a0 \u00a0 \u00a0 \u00a0 \u00a0T\u00fcrkiye Br\u00fcksel B\u00fcy\u00fckel\u00e7imiz Bar\u0131\u015f Tantekin\u2019in davetlisi olarak, Avrupa\u2019n\u0131n ba\u015fkentinde bulunan T\u00fcrk m\u00fclk\u00fcm\u00fcz B\u00fcy\u00fckel\u00e7ilik\u2019te d\u00fczenlenen resepsiyona kat\u0131ld\u0131k. Burada B\u00fcy\u00fckel\u00e7ili\u011fimizin de\u011ferli b\u00fcrokrat ve \u00e7al\u0131\u015fanlar\u0131yla bir araya gelme f\u0131rsat\u0131 bulduk.<\/div>\n<div dir=\"auto\">Bel\u00e7ika ve \u00f6zellikle Br\u00fcksel\u2019de ya\u015fayan, \u00e7o\u011funlu\u011funu Afyonkarahisarl\u0131 ve Emirda\u011fl\u0131 hem\u015fehrilerimizin olu\u015fturdu\u011fu gurbet\u00e7ilerimizin sorunlar\u0131n\u0131, taleplerini ve beklentilerini isti\u015fare ederek verimli g\u00f6r\u00fc\u015fmeler ger\u00e7ekle\u015ftirildi<\/div>\n<div dir=\"auto\"><\/div>\n<div dir=\"auto\">.<\/div>\n<\/div>\n<\/div>\n<\/div>\n<div dir=\"auto\">Br\u00fcksel&rsquo;de d\u00fczenledi\u011fi \u00ab\u00a0Emirda\u011f Organize Sanayi B\u00f6lgesi&rsquo;ne Yat\u0131r\u0131m Imk\u00e2nlar\u00a0\u00bb toplant\u0131s\u0131nda, Bel\u00e7ika&rsquo;daki i\u015f insanlar\u0131 b\u00f6lgeye yat\u0131r\u0131m yapmaya davet edildi.<\/div>\n<div dir=\"auto\">\n<div class=\"x_elementToProof\">\u00a0 \u00a0 \u00a0Toplant\u0131da sunum yapan Emirda\u011f Belediye Ba\u015fkan\u0131 Serkan Koyuncu, Emirda\u011f OSB&rsquo;de \u00f6nemli vergi muafiyetleri bulundu\u011funu, arsalar\u0131n uygun fiyatlarla tahsis edildi\u011fini ve hizl\u0131 tren hatt\u0131 faaliyete ge\u00e7ti\u011finde demir yolu \u00fczerinden limanlara ula\u015f\u0131m\u0131n m\u00fcmk\u00fcnolaca\u011f\u0131n\u0131 anlatt\u0131.<\/div>\n<div class=\"x_elementToProof\">\u00a0 \u00a0 \u00a0 \u00a0Bel\u00e7ika&rsquo;daki i\u015f insanlar\u0131, B\u00fcy\u00fckel\u00e7i, Ba\u015fkonsolos, milletvekilleri ile Emirda\u011f ve Bayat Belediye Ba\u015fkan\u0131n\u0131 bir arada g\u00f6r\u00fcnce gurbet\u00e7ilerin ve Emirda\u011f&rsquo;\u0131n sorunlar\u0131n\u0131 da g\u00fcndeme ta\u015f\u0131di. \u00a0Yaz aylar\u0131nda u\u00e7ak biletlerinin fahi\u015f fiyatlara sat\u0131lmas\u0131 nedeniyle \u00e7\u00f6z\u00fcm talep edildi,.<\/div>\n<div class=\"x_elementToProof\">&#8211;\u00a0 \u00a0 \u00a0 \u00a0 \u00a0 Emirda\u011f Devlet Hastanesindeki doktor eksikli\u011finin giderilmesi istendi. Bolvadin&rsquo;de 24, Emirda\u011f&rsquo;da ise 20 uzman doktor bulundu\u011fu<\/div>\n<div class=\"x_elementToProof\">a\u00e7\u0131klandi.<\/div>\n<div class=\"x_elementToProof\">\u00a0 \u00a0 \u00a0 \u00a0Ge\u00e7en y\u0131l vefat eden, Emirda\u011fl\u0131 d\u00fcnyaca tan\u0131nm\u0131\u015f kalp doktoru Alaattin Y\u0131lmaz&rsquo;\u0131n ad\u0131n\u0131n yeni yap\u0131lan Emirda\u011f Devlet Hastanesine verilmesi \u00f6nerildi.bu konular ele alindi.<\/div>\n<div><span data-olk-copy-source=\"MessageBody\">Br\u00fcksel\u2019deki temaslar\u0131m\u0131z kapsam\u0131nda y\u0131llar \u00f6nce Emirda\u011f\u2019dan gurbete gelen ve burada i\u015fyerleri a\u00e7an esnaflar\u0131m\u0131z\u0131 ziyaret edip kucakla\u015ft\u0131k<\/span><\/div>\n<div><span data-olk-copy-source=\"MessageBody\">\u00a0 \u00a0 \u00a0 <strong>Br\u00fcksel\u2019de Emirda\u011fl\u0131 \u0130\u015fadam\u0131 Tekin K\u00f6kten<\/strong>\u2019i ve <strong>\u0130\u015fadam\u0131<\/strong> <strong>Levent Yuce<\/strong>&lsquo;nin is yerlerini\u00a0 <strong>Milletvekillerimiz Ali \u00d6zkaya,\u0130brahim Yurdunuseven. Hasan<\/strong> <strong>Arslan,Emirdag Belediye Ba\u015fkanlar\u0131m\u0131z Serkan Koyuncu,<\/strong> Halil \u0130brahim Bodur ve Belediye Meclis \u00dcyelerimiz ile birlikte ziyaret ettiler.<\/span><\/div>\n<div><img loading=\"lazy\" decoding=\"async\" class=\"alignnone size-medium wp-image-31546\" src=\"https:\/\/avrupapress.com\/main\/wp-content\/uploads\/2025\/11\/facebook_1763139279536_7395142132715928276-3-300x225.jpg\" alt=\"\" width=\"300\" height=\"225\" srcset=\"https:\/\/avrupapress.com\/main\/wp-content\/uploads\/2025\/11\/facebook_1763139279536_7395142132715928276-3-300x225.jpg 300w, https:\/\/avrupapress.com\/main\/wp-content\/uploads\/2025\/11\/facebook_1763139279536_7395142132715928276-3-1024x768.jpg 1024w, https:\/\/avrupapress.com\/main\/wp-content\/uploads\/2025\/11\/facebook_1763139279536_7395142132715928276-3-768x576.jpg 768w, https:\/\/avrupapress.com\/main\/wp-content\/uploads\/2025\/11\/facebook_1763139279536_7395142132715928276-3-1536x1152.jpg 1536w, https:\/\/avrupapress.com\/main\/wp-content\/uploads\/2025\/11\/facebook_1763139279536_7395142132715928276-3.jpg 2048w\" sizes=\"auto, (max-width: 300px) 100vw, 300px\" \/><\/div>\n<div><img loading=\"lazy\" decoding=\"async\" class=\"alignnone size-medium wp-image-31548\" src=\"https:\/\/avrupapress.com\/main\/wp-content\/uploads\/2025\/11\/thumbnail_Screenshot_20251114_173201_Facebook-1-300x222.jpg\" alt=\"\" width=\"300\" height=\"222\" srcset=\"https:\/\/avrupapress.com\/main\/wp-content\/uploads\/2025\/11\/thumbnail_Screenshot_20251114_173201_Facebook-1-300x222.jpg 300w, https:\/\/avrupapress.com\/main\/wp-content\/uploads\/2025\/11\/thumbnail_Screenshot_20251114_173201_Facebook-1-1024x758.jpg 1024w, https:\/\/avrupapress.com\/main\/wp-content\/uploads\/2025\/11\/thumbnail_Screenshot_20251114_173201_Facebook-1-768x568.jpg 768w, https:\/\/avrupapress.com\/main\/wp-content\/uploads\/2025\/11\/thumbnail_Screenshot_20251114_173201_Facebook-1.jpg 1080w\" sizes=\"auto, (max-width: 300px) 100vw, 300px\" \/><\/div>\n<div><\/div>\n<div><img loading=\"lazy\" decoding=\"async\" class=\"alignnone size-medium wp-image-31547\" src=\"https:\/\/avrupapress.com\/main\/wp-content\/uploads\/2025\/11\/facebook_1763156562644_7395214623324647192-1-300x225.jpg\" alt=\"\" width=\"300\" height=\"225\" srcset=\"https:\/\/avrupapress.com\/main\/wp-content\/uploads\/2025\/11\/facebook_1763156562644_7395214623324647192-1-300x225.jpg 300w, https:\/\/avrupapress.com\/main\/wp-content\/uploads\/2025\/11\/facebook_1763156562644_7395214623324647192-1-1024x768.jpg 1024w, https:\/\/avrupapress.com\/main\/wp-content\/uploads\/2025\/11\/facebook_1763156562644_7395214623324647192-1-768x576.jpg 768w, https:\/\/avrupapress.com\/main\/wp-content\/uploads\/2025\/11\/facebook_1763156562644_7395214623324647192-1-1536x1152.jpg 1536w, https:\/\/avrupapress.com\/main\/wp-content\/uploads\/2025\/11\/facebook_1763156562644_7395214623324647192-1.jpg 2048w\" sizes=\"auto, (max-width: 300px) 100vw, 300px\" \/><\/div>\n<div><img loading=\"lazy\" decoding=\"async\" class=\"alignnone size-medium wp-image-31550\" src=\"https:\/\/avrupapress.com\/main\/wp-content\/uploads\/2025\/11\/facebook_1763156261369_7395213359685591074-2-300x225.jpg\" alt=\"\" width=\"300\" height=\"225\" srcset=\"https:\/\/avrupapress.com\/main\/wp-content\/uploads\/2025\/11\/facebook_1763156261369_7395213359685591074-2-300x225.jpg 300w, https:\/\/avrupapress.com\/main\/wp-content\/uploads\/2025\/11\/facebook_1763156261369_7395213359685591074-2-1024x768.jpg 1024w, https:\/\/avrupapress.com\/main\/wp-content\/uploads\/2025\/11\/facebook_1763156261369_7395213359685591074-2-768x576.jpg 768w, https:\/\/avrupapress.com\/main\/wp-content\/uploads\/2025\/11\/facebook_1763156261369_7395213359685591074-2-1536x1152.jpg 1536w, https:\/\/avrupapress.com\/main\/wp-content\/uploads\/2025\/11\/facebook_1763156261369_7395213359685591074-2.jpg 2048w\" sizes=\"auto, (max-width: 300px) 100vw, 300px\" \/><\/div>\n<\/div>\n<div><\/div>\n<div><img loading=\"lazy\" decoding=\"async\" class=\"alignnone size-medium wp-image-31525\" src=\"https:\/\/avrupapress.com\/main\/wp-content\/uploads\/2025\/11\/ali-ozkaya-yaz-sezonunda-ucak-biletleri-cok-pahali-cozum-zafer-havalimani-olabilir-1763070545-e1763159182410-300x188.jpg\" alt=\"\" width=\"300\" height=\"188\" srcset=\"https:\/\/avrupapress.com\/main\/wp-content\/uploads\/2025\/11\/ali-ozkaya-yaz-sezonunda-ucak-biletleri-cok-pahali-cozum-zafer-havalimani-olabilir-1763070545-e1763159182410-300x188.jpg 300w, https:\/\/avrupapress.com\/main\/wp-content\/uploads\/2025\/11\/ali-ozkaya-yaz-sezonunda-ucak-biletleri-cok-pahali-cozum-zafer-havalimani-olabilir-1763070545-e1763159182410.jpg 640w\" sizes=\"auto, (max-width: 300px) 100vw, 300px\" \/><\/div>\n<div><img loading=\"lazy\" decoding=\"async\" class=\"alignnone size-medium wp-image-31526\" src=\"https:\/\/avrupapress.com\/main\/wp-content\/uploads\/2025\/11\/facebook_1763159768615_7395228070141757933-225x300.jpg\" alt=\"\" width=\"225\" height=\"300\" srcset=\"https:\/\/avrupapress.com\/main\/wp-content\/uploads\/2025\/11\/facebook_1763159768615_7395228070141757933-225x300.jpg 225w, https:\/\/avrupapress.com\/main\/wp-content\/uploads\/2025\/11\/facebook_1763159768615_7395228070141757933-768x1024.jpg 768w, https:\/\/avrupapress.com\/main\/wp-content\/uploads\/2025\/11\/facebook_1763159768615_7395228070141757933-1152x1536.jpg 1152w, https:\/\/avrupapress.com\/main\/wp-content\/uploads\/2025\/11\/facebook_1763159768615_7395228070141757933.jpg 1536w\" sizes=\"auto, (max-width: 225px) 100vw, 225px\" \/><\/div>\n<div><img loading=\"lazy\" decoding=\"async\" class=\"alignnone size-medium wp-image-31545\" src=\"https:\/\/avrupapress.com\/main\/wp-content\/uploads\/2025\/11\/facebook_1763139279536_7395142132715928276-2-300x225.jpg\" alt=\"\" width=\"300\" height=\"225\" srcset=\"https:\/\/avrupapress.com\/main\/wp-content\/uploads\/2025\/11\/facebook_1763139279536_7395142132715928276-2-300x225.jpg 300w, https:\/\/avrupapress.com\/main\/wp-content\/uploads\/2025\/11\/facebook_1763139279536_7395142132715928276-2-1024x768.jpg 1024w, https:\/\/avrupapress.com\/main\/wp-content\/uploads\/2025\/11\/facebook_1763139279536_7395142132715928276-2-768x576.jpg 768w, https:\/\/avrupapress.com\/main\/wp-content\/uploads\/2025\/11\/facebook_1763139279536_7395142132715928276-2-1536x1152.jpg 1536w, https:\/\/avrupapress.com\/main\/wp-content\/uploads\/2025\/11\/facebook_1763139279536_7395142132715928276-2.jpg 2048w\" sizes=\"auto, (max-width: 300px) 100vw, 300px\" \/><\/div>\n<div><\/div>\n<div><img loading=\"lazy\" decoding=\"async\" class=\"alignnone size-medium wp-image-31527\" src=\"https:\/\/avrupapress.com\/main\/wp-content\/uploads\/2025\/11\/facebook_1763159743895_7395227966459044325-225x300.jpg\" alt=\"\" width=\"225\" height=\"300\" srcset=\"https:\/\/avrupapress.com\/main\/wp-content\/uploads\/2025\/11\/facebook_1763159743895_7395227966459044325-225x300.jpg 225w, https:\/\/avrupapress.com\/main\/wp-content\/uploads\/2025\/11\/facebook_1763159743895_7395227966459044325-768x1024.jpg 768w, https:\/\/avrupapress.com\/main\/wp-content\/uploads\/2025\/11\/facebook_1763159743895_7395227966459044325-1152x1536.jpg 1152w, https:\/\/avrupapress.com\/main\/wp-content\/uploads\/2025\/11\/facebook_1763159743895_7395227966459044325.jpg 1536w\" sizes=\"auto, (max-width: 225px) 100vw, 225px\" \/><\/div>\n<div><img loading=\"lazy\" decoding=\"async\" class=\"alignnone size-medium wp-image-31528\" src=\"https:\/\/avrupapress.com\/main\/wp-content\/uploads\/2025\/11\/facebook_1763159590759_7395227324160002291-300x225.jpg\" alt=\"\" width=\"300\" height=\"225\" srcset=\"https:\/\/avrupapress.com\/main\/wp-content\/uploads\/2025\/11\/facebook_1763159590759_7395227324160002291-300x225.jpg 300w, https:\/\/avrupapress.com\/main\/wp-content\/uploads\/2025\/11\/facebook_1763159590759_7395227324160002291-1024x768.jpg 1024w, https:\/\/avrupapress.com\/main\/wp-content\/uploads\/2025\/11\/facebook_1763159590759_7395227324160002291-768x576.jpg 768w, https:\/\/avrupapress.com\/main\/wp-content\/uploads\/2025\/11\/facebook_1763159590759_7395227324160002291-1536x1152.jpg 1536w, https:\/\/avrupapress.com\/main\/wp-content\/uploads\/2025\/11\/facebook_1763159590759_7395227324160002291.jpg 2048w\" sizes=\"auto, (max-width: 300px) 100vw, 300px\" \/><\/div>\n<div><img loading=\"lazy\" decoding=\"async\" class=\"alignnone size-medium wp-image-31529\" src=\"https:\/\/avrupapress.com\/main\/wp-content\/uploads\/2025\/11\/facebook_1763159577212_7395227267342459825-300x225.jpg\" alt=\"\" width=\"300\" height=\"225\" srcset=\"https:\/\/avrupapress.com\/main\/wp-content\/uploads\/2025\/11\/facebook_1763159577212_7395227267342459825-300x225.jpg 300w, https:\/\/avrupapress.com\/main\/wp-content\/uploads\/2025\/11\/facebook_1763159577212_7395227267342459825-1024x768.jpg 1024w, https:\/\/avrupapress.com\/main\/wp-content\/uploads\/2025\/11\/facebook_1763159577212_7395227267342459825-768x576.jpg 768w, https:\/\/avrupapress.com\/main\/wp-content\/uploads\/2025\/11\/facebook_1763159577212_7395227267342459825-1536x1152.jpg 1536w, https:\/\/avrupapress.com\/main\/wp-content\/uploads\/2025\/11\/facebook_1763159577212_7395227267342459825.jpg 2048w\" sizes=\"auto, (max-width: 300px) 100vw, 300px\" \/><\/div>\n<div><img loading=\"lazy\" decoding=\"async\" class=\"alignnone size-medium wp-image-31530\" src=\"https:\/\/avrupapress.com\/main\/wp-content\/uploads\/2025\/11\/facebook_1763159540455_7395227113172550982-300x225.jpg\" alt=\"\" width=\"300\" height=\"225\" srcset=\"https:\/\/avrupapress.com\/main\/wp-content\/uploads\/2025\/11\/facebook_1763159540455_7395227113172550982-300x225.jpg 300w, https:\/\/avrupapress.com\/main\/wp-content\/uploads\/2025\/11\/facebook_1763159540455_7395227113172550982-1024x768.jpg 1024w, https:\/\/avrupapress.com\/main\/wp-content\/uploads\/2025\/11\/facebook_1763159540455_7395227113172550982-768x576.jpg 768w, https:\/\/avrupapress.com\/main\/wp-content\/uploads\/2025\/11\/facebook_1763159540455_7395227113172550982-1536x1152.jpg 1536w, https:\/\/avrupapress.com\/main\/wp-content\/uploads\/2025\/11\/facebook_1763159540455_7395227113172550982.jpg 2048w\" sizes=\"auto, (max-width: 300px) 100vw, 300px\" \/><\/div>\n<div><img loading=\"lazy\" decoding=\"async\" class=\"alignnone size-medium wp-image-31531\" src=\"https:\/\/avrupapress.com\/main\/wp-content\/uploads\/2025\/11\/facebook_1763159813493_7395228258374262153-300x225.jpg\" alt=\"\" width=\"300\" height=\"225\" srcset=\"https:\/\/avrupapress.com\/main\/wp-content\/uploads\/2025\/11\/facebook_1763159813493_7395228258374262153-300x225.jpg 300w, https:\/\/avrupapress.com\/main\/wp-content\/uploads\/2025\/11\/facebook_1763159813493_7395228258374262153-1024x768.jpg 1024w, https:\/\/avrupapress.com\/main\/wp-content\/uploads\/2025\/11\/facebook_1763159813493_7395228258374262153-768x576.jpg 768w, https:\/\/avrupapress.com\/main\/wp-content\/uploads\/2025\/11\/facebook_1763159813493_7395228258374262153-1536x1152.jpg 1536w, https:\/\/avrupapress.com\/main\/wp-content\/uploads\/2025\/11\/facebook_1763159813493_7395228258374262153.jpg 2048w\" sizes=\"auto, (max-width: 300px) 100vw, 300px\" \/><\/div>\n<div><img loading=\"lazy\" decoding=\"async\" class=\"alignnone size-medium wp-image-31532\" src=\"https:\/\/avrupapress.com\/main\/wp-content\/uploads\/2025\/11\/facebook_1763159731043_7395227912554336201-300x225.jpg\" alt=\"\" width=\"300\" height=\"225\" srcset=\"https:\/\/avrupapress.com\/main\/wp-content\/uploads\/2025\/11\/facebook_1763159731043_7395227912554336201-300x225.jpg 300w, https:\/\/avrupapress.com\/main\/wp-content\/uploads\/2025\/11\/facebook_1763159731043_7395227912554336201-1024x768.jpg 1024w, https:\/\/avrupapress.com\/main\/wp-content\/uploads\/2025\/11\/facebook_1763159731043_7395227912554336201-768x576.jpg 768w, https:\/\/avrupapress.com\/main\/wp-content\/uploads\/2025\/11\/facebook_1763159731043_7395227912554336201-1536x1152.jpg 1536w, https:\/\/avrupapress.com\/main\/wp-content\/uploads\/2025\/11\/facebook_1763159731043_7395227912554336201.jpg 2048w\" sizes=\"auto, (max-width: 300px) 100vw, 300px\" \/><\/div>\n<div><\/div>\n<div><img loading=\"lazy\" decoding=\"async\" class=\"alignnone size-medium wp-image-31534\" src=\"https:\/\/avrupapress.com\/main\/wp-content\/uploads\/2025\/11\/facebook_1763159655184_7395227594378966859-300x225.jpg\" alt=\"\" width=\"300\" height=\"225\" srcset=\"https:\/\/avrupapress.com\/main\/wp-content\/uploads\/2025\/11\/facebook_1763159655184_7395227594378966859-300x225.jpg 300w, https:\/\/avrupapress.com\/main\/wp-content\/uploads\/2025\/11\/facebook_1763159655184_7395227594378966859-1024x768.jpg 1024w, https:\/\/avrupapress.com\/main\/wp-content\/uploads\/2025\/11\/facebook_1763159655184_7395227594378966859-768x576.jpg 768w, https:\/\/avrupapress.com\/main\/wp-content\/uploads\/2025\/11\/facebook_1763159655184_7395227594378966859-1536x1152.jpg 1536w, https:\/\/avrupapress.com\/main\/wp-content\/uploads\/2025\/11\/facebook_1763159655184_7395227594378966859.jpg 2048w\" sizes=\"auto, (max-width: 300px) 100vw, 300px\" \/><\/div>\n<div><img loading=\"lazy\" decoding=\"async\" class=\"alignnone size-medium wp-image-31535\" src=\"https:\/\/avrupapress.com\/main\/wp-content\/uploads\/2025\/11\/facebook_1763159640303_7395227531964458446-300x225.jpg\" alt=\"\" width=\"300\" height=\"225\" srcset=\"https:\/\/avrupapress.com\/main\/wp-content\/uploads\/2025\/11\/facebook_1763159640303_7395227531964458446-300x225.jpg 300w, https:\/\/avrupapress.com\/main\/wp-content\/uploads\/2025\/11\/facebook_1763159640303_7395227531964458446-1024x768.jpg 1024w, https:\/\/avrupapress.com\/main\/wp-content\/uploads\/2025\/11\/facebook_1763159640303_7395227531964458446-768x576.jpg 768w, https:\/\/avrupapress.com\/main\/wp-content\/uploads\/2025\/11\/facebook_1763159640303_7395227531964458446-1536x1152.jpg 1536w, https:\/\/avrupapress.com\/main\/wp-content\/uploads\/2025\/11\/facebook_1763159640303_7395227531964458446.jpg 2048w\" sizes=\"auto, (max-width: 300px) 100vw, 300px\" \/><\/div>\n<div><img loading=\"lazy\" decoding=\"async\" class=\"alignnone size-medium wp-image-31536\" src=\"https:\/\/avrupapress.com\/main\/wp-content\/uploads\/2025\/11\/facebook_1763159627231_7395227477134706554-300x225.jpg\" alt=\"\" width=\"300\" height=\"225\" srcset=\"https:\/\/avrupapress.com\/main\/wp-content\/uploads\/2025\/11\/facebook_1763159627231_7395227477134706554-300x225.jpg 300w, https:\/\/avrupapress.com\/main\/wp-content\/uploads\/2025\/11\/facebook_1763159627231_7395227477134706554-1024x768.jpg 1024w, https:\/\/avrupapress.com\/main\/wp-content\/uploads\/2025\/11\/facebook_1763159627231_7395227477134706554-768x576.jpg 768w, https:\/\/avrupapress.com\/main\/wp-content\/uploads\/2025\/11\/facebook_1763159627231_7395227477134706554-1536x1152.jpg 1536w, https:\/\/avrupapress.com\/main\/wp-content\/uploads\/2025\/11\/facebook_1763159627231_7395227477134706554.jpg 2048w\" sizes=\"auto, (max-width: 300px) 100vw, 300px\" \/><\/div>\n<div><img loading=\"lazy\" decoding=\"async\" class=\"alignnone size-medium wp-image-31537\" src=\"https:\/\/avrupapress.com\/main\/wp-content\/uploads\/2025\/11\/facebook_1763156562644_7395214623324647192-300x225.jpg\" alt=\"\" width=\"300\" height=\"225\" srcset=\"https:\/\/avrupapress.com\/main\/wp-content\/uploads\/2025\/11\/facebook_1763156562644_7395214623324647192-300x225.jpg 300w, https:\/\/avrupapress.com\/main\/wp-content\/uploads\/2025\/11\/facebook_1763156562644_7395214623324647192-1024x768.jpg 1024w, https:\/\/avrupapress.com\/main\/wp-content\/uploads\/2025\/11\/facebook_1763156562644_7395214623324647192-768x576.jpg 768w, https:\/\/avrupapress.com\/main\/wp-content\/uploads\/2025\/11\/facebook_1763156562644_7395214623324647192-1536x1152.jpg 1536w, https:\/\/avrupapress.com\/main\/wp-content\/uploads\/2025\/11\/facebook_1763156562644_7395214623324647192.jpg 2048w\" sizes=\"auto, (max-width: 300px) 100vw, 300px\" \/><\/div>\n<div><img loading=\"lazy\" decoding=\"async\" class=\"alignnone size-medium wp-image-31539\" src=\"https:\/\/avrupapress.com\/main\/wp-content\/uploads\/2025\/11\/facebook_1763156261369_7395213359685591074-300x225.jpg\" alt=\"\" width=\"300\" height=\"225\" srcset=\"https:\/\/avrupapress.com\/main\/wp-content\/uploads\/2025\/11\/facebook_1763156261369_7395213359685591074-300x225.jpg 300w, https:\/\/avrupapress.com\/main\/wp-content\/uploads\/2025\/11\/facebook_1763156261369_7395213359685591074-1024x768.jpg 1024w, https:\/\/avrupapress.com\/main\/wp-content\/uploads\/2025\/11\/facebook_1763156261369_7395213359685591074-768x576.jpg 768w, https:\/\/avrupapress.com\/main\/wp-content\/uploads\/2025\/11\/facebook_1763156261369_7395213359685591074-1536x1152.jpg 1536w, https:\/\/avrupapress.com\/main\/wp-content\/uploads\/2025\/11\/facebook_1763156261369_7395213359685591074.jpg 2048w\" sizes=\"auto, (max-width: 300px) 100vw, 300px\" \/><\/div>\n<div><img loading=\"lazy\" decoding=\"async\" class=\"alignnone size-medium wp-image-31540\" src=\"https:\/\/avrupapress.com\/main\/wp-content\/uploads\/2025\/11\/facebook_1763139337573_7395142376140943949-300x225.jpg\" alt=\"\" width=\"300\" height=\"225\" srcset=\"https:\/\/avrupapress.com\/main\/wp-content\/uploads\/2025\/11\/facebook_1763139337573_7395142376140943949-300x225.jpg 300w, https:\/\/avrupapress.com\/main\/wp-content\/uploads\/2025\/11\/facebook_1763139337573_7395142376140943949-1024x768.jpg 1024w, https:\/\/avrupapress.com\/main\/wp-content\/uploads\/2025\/11\/facebook_1763139337573_7395142376140943949-768x576.jpg 768w, https:\/\/avrupapress.com\/main\/wp-content\/uploads\/2025\/11\/facebook_1763139337573_7395142376140943949-1536x1152.jpg 1536w, https:\/\/avrupapress.com\/main\/wp-content\/uploads\/2025\/11\/facebook_1763139337573_7395142376140943949.jpg 2048w\" sizes=\"auto, (max-width: 300px) 100vw, 300px\" \/><\/div>\n<div><img loading=\"lazy\" decoding=\"async\" class=\"alignnone size-medium wp-image-31541\" src=\"https:\/\/avrupapress.com\/main\/wp-content\/uploads\/2025\/11\/thumbnail_Screenshot_20251114_173201_Facebook-300x222.jpg\" alt=\"\" width=\"300\" height=\"222\" srcset=\"https:\/\/avrupapress.com\/main\/wp-content\/uploads\/2025\/11\/thumbnail_Screenshot_20251114_173201_Facebook-300x222.jpg 300w, https:\/\/avrupapress.com\/main\/wp-content\/uploads\/2025\/11\/thumbnail_Screenshot_20251114_173201_Facebook-1024x758.jpg 1024w, https:\/\/avrupapress.com\/main\/wp-content\/uploads\/2025\/11\/thumbnail_Screenshot_20251114_173201_Facebook-768x568.jpg 768w, https:\/\/avrupapress.com\/main\/wp-content\/uploads\/2025\/11\/thumbnail_Screenshot_20251114_173201_Facebook.jpg 1080w\" sizes=\"auto, (max-width: 300px) 100vw, 300px\" \/><\/div>\n<div><img loading=\"lazy\" decoding=\"async\" class=\"alignnone size-medium wp-image-31542\" src=\"https:\/\/avrupapress.com\/main\/wp-content\/uploads\/2025\/11\/facebook_1763139279536_7395142132715928276-300x225.jpg\" alt=\"\" width=\"300\" height=\"225\" srcset=\"https:\/\/avrupapress.com\/main\/wp-content\/uploads\/2025\/11\/facebook_1763139279536_7395142132715928276-300x225.jpg 300w, https:\/\/avrupapress.com\/main\/wp-content\/uploads\/2025\/11\/facebook_1763139279536_7395142132715928276-1024x768.jpg 1024w, https:\/\/avrupapress.com\/main\/wp-content\/uploads\/2025\/11\/facebook_1763139279536_7395142132715928276-768x576.jpg 768w, https:\/\/avrupapress.com\/main\/wp-content\/uploads\/2025\/11\/facebook_1763139279536_7395142132715928276-1536x1152.jpg 1536w, https:\/\/avrupapress.com\/main\/wp-content\/uploads\/2025\/11\/facebook_1763139279536_7395142132715928276.jpg 2048w\" sizes=\"auto, (max-width: 300px) 100vw, 300px\" \/><\/div>\n<div><\/div>\n<div><\/div>\n<div><strong>Bilgin Ozcifci\u00a0 \u00a0 \u00a0 \u00a0\/\u00a0 \u00a0 \u00a0 \u00a0AVRUPAPRESS<\/strong><\/div>\n<div dir=\"auto\">\n<div><\/div>\n<div class=\"x_elementToProof\"><\/div>\n<\/div>\n","protected":false},"excerpt":{"rendered":"<p>Bilgin Ozcifc\u00a0 \u00a0\/\u00a0 \u00a0BRUKSEL Avrupa Parlementosu temsilcisi (Interest Group Representitive)\u00a0 KU Leuven T\u00fcrk \u00f6\u011frenci birli\u011fi ba\u015fkan\u0131 Eurovia Ba\u015fkan\u0131\u00a0 O\u011fuzhan Bahad\u0131r ARI ve Uluslararasi Demokratlar Birligi Belcika (UID) .Eurovia tarafindan d\u00fczenlenen\u00a0 organizasyona \u00d6grencilerle,Diplomatlar ve B\u00fcrokratlar Bulu\u015fuyor! Programlar oncesi brukselde bir takim temaslarda bulundular Br\u00fcksel\u2019deki temaslar\u0131m\u0131z kapsam\u0131nda Milletvekillerimiz Ali \u00d6zkaya,\u0130brahim Yurdunuseven.Hasan Arslan, T\u00fcrkiye Br\u00fcksel B\u00fcy\u00fckel\u00e7imiz Bar\u0131\u015f Tantekin, [&hellip;]<\/p>\n","protected":false},"author":3,"featured_media":31525,"comment_status":"closed","ping_status":"open","sticky":false,"template":"","format":"standard","meta":{"footnotes":""},"categories":[14,16,3,17,18,15,19,2,1],"tags":[],"class_list":["post-31524","post","type-post","status-publish","format-standard","has-post-thumbnail","hentry","category-avrupa","category-belcika","category-dunya","category-ekonomi","category-kultur-sanat","category-spor","category-tanitim","category-turkiye","category-uncategorized"],"yoast_head":"<!-- This site is optimized with the Yoast SEO plugin v26.9 - https:\/\/yoast.com\/product\/yoast-seo-wordpress\/ -->\n<title>Emirda\u011f Belediye Baskani Serkan Koyuncu ve Beraberindeki Heyet Belcikada Emirdagli Vatandaslarla Bulustu - AvrupaPress<\/title>\n<meta name=\"robots\" content=\"index, follow, max-snippet:-1, max-image-preview:large, max-video-preview:-1\" \/>\n<link rel=\"canonical\" href=\"https:\/\/avrupapress.com\/main\/2025\/11\/14\/emirdag-belediye-baskani-serkan-koyuncu-ve-beraberindeki-heyet-belcikada-emirdagli-vatandaslarla-bulustu\/\" \/>\n<meta property=\"og:locale\" content=\"fr_FR\" \/>\n<meta property=\"og:type\" content=\"article\" \/>\n<meta property=\"og:title\" content=\"Emirda\u011f Belediye Baskani Serkan Koyuncu ve Beraberindeki Heyet Belcikada Emirdagli Vatandaslarla Bulustu - AvrupaPress\" \/>\n<meta property=\"og:description\" content=\"Bilgin Ozcifc\u00a0 \u00a0\/\u00a0 \u00a0BRUKSEL Avrupa Parlementosu temsilcisi (Interest Group Representitive)\u00a0 KU Leuven T\u00fcrk \u00f6\u011frenci birli\u011fi ba\u015fkan\u0131 Eurovia Ba\u015fkan\u0131\u00a0 O\u011fuzhan Bahad\u0131r ARI ve Uluslararasi Demokratlar Birligi Belcika (UID) .Eurovia tarafindan d\u00fczenlenen\u00a0 organizasyona \u00d6grencilerle,Diplomatlar ve B\u00fcrokratlar Bulu\u015fuyor! Programlar oncesi brukselde bir takim temaslarda bulundular Br\u00fcksel\u2019deki temaslar\u0131m\u0131z kapsam\u0131nda Milletvekillerimiz Ali \u00d6zkaya,\u0130brahim Yurdunuseven.Hasan Arslan, T\u00fcrkiye Br\u00fcksel B\u00fcy\u00fckel\u00e7imiz Bar\u0131\u015f Tantekin, [&hellip;]\" \/>\n<meta property=\"og:url\" content=\"https:\/\/avrupapress.com\/main\/2025\/11\/14\/emirdag-belediye-baskani-serkan-koyuncu-ve-beraberindeki-heyet-belcikada-emirdagli-vatandaslarla-bulustu\/\" \/>\n<meta property=\"og:site_name\" content=\"AvrupaPress\" \/>\n<meta property=\"article:published_time\" content=\"2025-11-14T23:08:43+00:00\" \/>\n<meta property=\"article:modified_time\" content=\"2025-11-14T23:14:03+00:00\" \/>\n<meta property=\"og:image\" content=\"https:\/\/avrupapress.com\/main\/wp-content\/uploads\/2025\/11\/ali-ozkaya-yaz-sezonunda-ucak-biletleri-cok-pahali-cozum-zafer-havalimani-olabilir-1763070545-e1763159182410.jpg\" \/>\n\t<meta property=\"og:image:width\" content=\"640\" \/>\n\t<meta property=\"og:image:height\" content=\"401\" \/>\n\t<meta property=\"og:image:type\" content=\"image\/jpeg\" \/>\n<meta name=\"author\" content=\"Edit\u00f6r\" \/>\n<meta name=\"twitter:card\" content=\"summary_large_image\" \/>\n<meta name=\"twitter:label1\" content=\"\u00c9crit par\" \/>\n\t<meta name=\"twitter:data1\" content=\"Edit\u00f6r\" \/>\n\t<meta name=\"twitter:label2\" content=\"Dur\u00e9e de lecture est.\" \/>\n\t<meta name=\"twitter:data2\" content=\"7 minutes\" \/>\n<script type=\"application\/ld+json\" class=\"yoast-schema-graph\">{\"@context\":\"https:\/\/schema.org\",\"@graph\":[{\"@type\":\"Article\",\"@id\":\"https:\/\/avrupapress.com\/main\/2025\/11\/14\/emirdag-belediye-baskani-serkan-koyuncu-ve-beraberindeki-heyet-belcikada-emirdagli-vatandaslarla-bulustu\/#article\",\"isPartOf\":{\"@id\":\"https:\/\/avrupapress.com\/main\/2025\/11\/14\/emirdag-belediye-baskani-serkan-koyuncu-ve-beraberindeki-heyet-belcikada-emirdagli-vatandaslarla-bulustu\/\"},\"author\":{\"name\":\"Edit\u00f6r\",\"@id\":\"https:\/\/avrupapress.com\/#\/schema\/person\/68428444ec60970d1e1b700cf4ca1e8f\"},\"headline\":\"Emirda\u011f Belediye Baskani Serkan Koyuncu ve Beraberindeki Heyet Belcikada Emirdagli Vatandaslarla Bulustu\",\"datePublished\":\"2025-11-14T23:08:43+00:00\",\"dateModified\":\"2025-11-14T23:14:03+00:00\",\"mainEntityOfPage\":{\"@id\":\"https:\/\/avrupapress.com\/main\/2025\/11\/14\/emirdag-belediye-baskani-serkan-koyuncu-ve-beraberindeki-heyet-belcikada-emirdagli-vatandaslarla-bulustu\/\"},\"wordCount\":542,\"publisher\":{\"@id\":\"https:\/\/avrupapress.com\/#\/schema\/person\/0223dca19c72c43575bf30d1a2d8f4fa\"},\"image\":{\"@id\":\"https:\/\/avrupapress.com\/main\/2025\/11\/14\/emirdag-belediye-baskani-serkan-koyuncu-ve-beraberindeki-heyet-belcikada-emirdagli-vatandaslarla-bulustu\/#primaryimage\"},\"thumbnailUrl\":\"https:\/\/avrupapress.com\/main\/wp-content\/uploads\/2025\/11\/ali-ozkaya-yaz-sezonunda-ucak-biletleri-cok-pahali-cozum-zafer-havalimani-olabilir-1763070545-e1763159182410.jpg\",\"articleSection\":[\"Avrupa\",\"Bel\u00e7ika\",\"D\u00fcnya\",\"Ekonomi\",\"K\u00fclt\u00fcr-Sanat\",\"Spor\",\"Tan\u0131t\u0131m\",\"T\u00fcrkiye\",\"Uncategorized\"],\"inLanguage\":\"fr-BE\"},{\"@type\":\"WebPage\",\"@id\":\"https:\/\/avrupapress.com\/main\/2025\/11\/14\/emirdag-belediye-baskani-serkan-koyuncu-ve-beraberindeki-heyet-belcikada-emirdagli-vatandaslarla-bulustu\/\",\"url\":\"https:\/\/avrupapress.com\/main\/2025\/11\/14\/emirdag-belediye-baskani-serkan-koyuncu-ve-beraberindeki-heyet-belcikada-emirdagli-vatandaslarla-bulustu\/\",\"name\":\"Emirda\u011f Belediye Baskani Serkan Koyuncu ve Beraberindeki Heyet Belcikada Emirdagli Vatandaslarla Bulustu - AvrupaPress\",\"isPartOf\":{\"@id\":\"https:\/\/avrupapress.com\/#website\"},\"primaryImageOfPage\":{\"@id\":\"https:\/\/avrupapress.com\/main\/2025\/11\/14\/emirdag-belediye-baskani-serkan-koyuncu-ve-beraberindeki-heyet-belcikada-emirdagli-vatandaslarla-bulustu\/#primaryimage\"},\"image\":{\"@id\":\"https:\/\/avrupapress.com\/main\/2025\/11\/14\/emirdag-belediye-baskani-serkan-koyuncu-ve-beraberindeki-heyet-belcikada-emirdagli-vatandaslarla-bulustu\/#primaryimage\"},\"thumbnailUrl\":\"https:\/\/avrupapress.com\/main\/wp-content\/uploads\/2025\/11\/ali-ozkaya-yaz-sezonunda-ucak-biletleri-cok-pahali-cozum-zafer-havalimani-olabilir-1763070545-e1763159182410.jpg\",\"datePublished\":\"2025-11-14T23:08:43+00:00\",\"dateModified\":\"2025-11-14T23:14:03+00:00\",\"breadcrumb\":{\"@id\":\"https:\/\/avrupapress.com\/main\/2025\/11\/14\/emirdag-belediye-baskani-serkan-koyuncu-ve-beraberindeki-heyet-belcikada-emirdagli-vatandaslarla-bulustu\/#breadcrumb\"},\"inLanguage\":\"fr-BE\",\"potentialAction\":[{\"@type\":\"ReadAction\",\"target\":[\"https:\/\/avrupapress.com\/main\/2025\/11\/14\/emirdag-belediye-baskani-serkan-koyuncu-ve-beraberindeki-heyet-belcikada-emirdagli-vatandaslarla-bulustu\/\"]}]},{\"@type\":\"ImageObject\",\"inLanguage\":\"fr-BE\",\"@id\":\"https:\/\/avrupapress.com\/main\/2025\/11\/14\/emirdag-belediye-baskani-serkan-koyuncu-ve-beraberindeki-heyet-belcikada-emirdagli-vatandaslarla-bulustu\/#primaryimage\",\"url\":\"https:\/\/avrupapress.com\/main\/wp-content\/uploads\/2025\/11\/ali-ozkaya-yaz-sezonunda-ucak-biletleri-cok-pahali-cozum-zafer-havalimani-olabilir-1763070545-e1763159182410.jpg\",\"contentUrl\":\"https:\/\/avrupapress.com\/main\/wp-content\/uploads\/2025\/11\/ali-ozkaya-yaz-sezonunda-ucak-biletleri-cok-pahali-cozum-zafer-havalimani-olabilir-1763070545-e1763159182410.jpg\",\"width\":640,\"height\":401},{\"@type\":\"BreadcrumbList\",\"@id\":\"https:\/\/avrupapress.com\/main\/2025\/11\/14\/emirdag-belediye-baskani-serkan-koyuncu-ve-beraberindeki-heyet-belcikada-emirdagli-vatandaslarla-bulustu\/#breadcrumb\",\"itemListElement\":[{\"@type\":\"ListItem\",\"position\":1,\"name\":\"Anasayfa\",\"item\":\"https:\/\/avrupapress.com\/\"},{\"@type\":\"ListItem\",\"position\":2,\"name\":\"Emirda\u011f Belediye Baskani Serkan Koyuncu ve Beraberindeki Heyet Belcikada Emirdagli Vatandaslarla Bulustu\"}]},{\"@type\":\"WebSite\",\"@id\":\"https:\/\/avrupapress.com\/#website\",\"url\":\"https:\/\/avrupapress.com\/\",\"name\":\"AvrupaPress\",\"description\":\"Haberin Adresi\",\"publisher\":{\"@id\":\"https:\/\/avrupapress.com\/#\/schema\/person\/0223dca19c72c43575bf30d1a2d8f4fa\"},\"potentialAction\":[{\"@type\":\"SearchAction\",\"target\":{\"@type\":\"EntryPoint\",\"urlTemplate\":\"https:\/\/avrupapress.com\/?s={search_term_string}\"},\"query-input\":{\"@type\":\"PropertyValueSpecification\",\"valueRequired\":true,\"valueName\":\"search_term_string\"}}],\"inLanguage\":\"fr-BE\"},{\"@type\":[\"Person\",\"Organization\"],\"@id\":\"https:\/\/avrupapress.com\/#\/schema\/person\/0223dca19c72c43575bf30d1a2d8f4fa\",\"name\":\"Bilgin \u00d6z\u00e7ift\u00e7i\",\"image\":{\"@type\":\"ImageObject\",\"inLanguage\":\"fr-BE\",\"@id\":\"https:\/\/avrupapress.com\/#\/schema\/person\/image\/\",\"url\":\"https:\/\/secure.gravatar.com\/avatar\/0f23b280433a21e1ea7a0adcc46ed0ad16afe3ad8e630fd13d8a017dcbd54ef3?s=96&d=mm&r=g\",\"contentUrl\":\"https:\/\/secure.gravatar.com\/avatar\/0f23b280433a21e1ea7a0adcc46ed0ad16afe3ad8e630fd13d8a017dcbd54ef3?s=96&d=mm&r=g\",\"caption\":\"Bilgin \u00d6z\u00e7ift\u00e7i\"},\"logo\":{\"@id\":\"https:\/\/avrupapress.com\/#\/schema\/person\/image\/\"},\"description\":\"Ne ben, nede sen... Biz ancak \\\"biz\\\" olursak g\u00fc\u00e7l\u00fc olabiliriz\"},{\"@type\":\"Person\",\"@id\":\"https:\/\/avrupapress.com\/#\/schema\/person\/68428444ec60970d1e1b700cf4ca1e8f\",\"name\":\"Edit\u00f6r\",\"image\":{\"@type\":\"ImageObject\",\"inLanguage\":\"fr-BE\",\"@id\":\"https:\/\/avrupapress.com\/#\/schema\/person\/image\/\",\"url\":\"https:\/\/secure.gravatar.com\/avatar\/74996b0977aa5f1559ba9883776652508b229005c0d78fb2597897f0bd651c09?s=96&d=mm&r=g\",\"contentUrl\":\"https:\/\/secure.gravatar.com\/avatar\/74996b0977aa5f1559ba9883776652508b229005c0d78fb2597897f0bd651c09?s=96&d=mm&r=g\",\"caption\":\"Edit\u00f6r\"},\"sameAs\":[\"http:\/\/www.avrupapress.com\"],\"url\":\"https:\/\/avrupapress.com\/main\/author\/editor\/\"}]}<\/script>\n<!-- \/ Yoast SEO plugin. -->","yoast_head_json":{"title":"Emirda\u011f Belediye Baskani Serkan Koyuncu ve Beraberindeki Heyet Belcikada Emirdagli Vatandaslarla Bulustu - AvrupaPress","robots":{"index":"index","follow":"follow","max-snippet":"max-snippet:-1","max-image-preview":"max-image-preview:large","max-video-preview":"max-video-preview:-1"},"canonical":"https:\/\/avrupapress.com\/main\/2025\/11\/14\/emirdag-belediye-baskani-serkan-koyuncu-ve-beraberindeki-heyet-belcikada-emirdagli-vatandaslarla-bulustu\/","og_locale":"fr_FR","og_type":"article","og_title":"Emirda\u011f Belediye Baskani Serkan Koyuncu ve Beraberindeki Heyet Belcikada Emirdagli Vatandaslarla Bulustu - AvrupaPress","og_description":"Bilgin Ozcifc\u00a0 \u00a0\/\u00a0 \u00a0BRUKSEL Avrupa Parlementosu temsilcisi (Interest Group Representitive)\u00a0 KU Leuven T\u00fcrk \u00f6\u011frenci birli\u011fi ba\u015fkan\u0131 Eurovia Ba\u015fkan\u0131\u00a0 O\u011fuzhan Bahad\u0131r ARI ve Uluslararasi Demokratlar Birligi Belcika (UID) .Eurovia tarafindan d\u00fczenlenen\u00a0 organizasyona \u00d6grencilerle,Diplomatlar ve B\u00fcrokratlar Bulu\u015fuyor! Programlar oncesi brukselde bir takim temaslarda bulundular Br\u00fcksel\u2019deki temaslar\u0131m\u0131z kapsam\u0131nda Milletvekillerimiz Ali \u00d6zkaya,\u0130brahim Yurdunuseven.Hasan Arslan, T\u00fcrkiye Br\u00fcksel B\u00fcy\u00fckel\u00e7imiz Bar\u0131\u015f Tantekin, [&hellip;]","og_url":"https:\/\/avrupapress.com\/main\/2025\/11\/14\/emirdag-belediye-baskani-serkan-koyuncu-ve-beraberindeki-heyet-belcikada-emirdagli-vatandaslarla-bulustu\/","og_site_name":"AvrupaPress","article_published_time":"2025-11-14T23:08:43+00:00","article_modified_time":"2025-11-14T23:14:03+00:00","og_image":[{"width":640,"height":401,"url":"https:\/\/avrupapress.com\/main\/wp-content\/uploads\/2025\/11\/ali-ozkaya-yaz-sezonunda-ucak-biletleri-cok-pahali-cozum-zafer-havalimani-olabilir-1763070545-e1763159182410.jpg","type":"image\/jpeg"}],"author":"Edit\u00f6r","twitter_card":"summary_large_image","twitter_misc":{"\u00c9crit par":"Edit\u00f6r","Dur\u00e9e de lecture est.":"7 minutes"},"schema":{"@context":"https:\/\/schema.org","@graph":[{"@type":"Article","@id":"https:\/\/avrupapress.com\/main\/2025\/11\/14\/emirdag-belediye-baskani-serkan-koyuncu-ve-beraberindeki-heyet-belcikada-emirdagli-vatandaslarla-bulustu\/#article","isPartOf":{"@id":"https:\/\/avrupapress.com\/main\/2025\/11\/14\/emirdag-belediye-baskani-serkan-koyuncu-ve-beraberindeki-heyet-belcikada-emirdagli-vatandaslarla-bulustu\/"},"author":{"name":"Edit\u00f6r","@id":"https:\/\/avrupapress.com\/#\/schema\/person\/68428444ec60970d1e1b700cf4ca1e8f"},"headline":"Emirda\u011f Belediye Baskani Serkan Koyuncu ve Beraberindeki Heyet Belcikada Emirdagli Vatandaslarla Bulustu","datePublished":"2025-11-14T23:08:43+00:00","dateModified":"2025-11-14T23:14:03+00:00","mainEntityOfPage":{"@id":"https:\/\/avrupapress.com\/main\/2025\/11\/14\/emirdag-belediye-baskani-serkan-koyuncu-ve-beraberindeki-heyet-belcikada-emirdagli-vatandaslarla-bulustu\/"},"wordCount":542,"publisher":{"@id":"https:\/\/avrupapress.com\/#\/schema\/person\/0223dca19c72c43575bf30d1a2d8f4fa"},"image":{"@id":"https:\/\/avrupapress.com\/main\/2025\/11\/14\/emirdag-belediye-baskani-serkan-koyuncu-ve-beraberindeki-heyet-belcikada-emirdagli-vatandaslarla-bulustu\/#primaryimage"},"thumbnailUrl":"https:\/\/avrupapress.com\/main\/wp-content\/uploads\/2025\/11\/ali-ozkaya-yaz-sezonunda-ucak-biletleri-cok-pahali-cozum-zafer-havalimani-olabilir-1763070545-e1763159182410.jpg","articleSection":["Avrupa","Bel\u00e7ika","D\u00fcnya","Ekonomi","K\u00fclt\u00fcr-Sanat","Spor","Tan\u0131t\u0131m","T\u00fcrkiye","Uncategorized"],"inLanguage":"fr-BE"},{"@type":"WebPage","@id":"https:\/\/avrupapress.com\/main\/2025\/11\/14\/emirdag-belediye-baskani-serkan-koyuncu-ve-beraberindeki-heyet-belcikada-emirdagli-vatandaslarla-bulustu\/","url":"https:\/\/avrupapress.com\/main\/2025\/11\/14\/emirdag-belediye-baskani-serkan-koyuncu-ve-beraberindeki-heyet-belcikada-emirdagli-vatandaslarla-bulustu\/","name":"Emirda\u011f Belediye Baskani Serkan Koyuncu ve Beraberindeki Heyet Belcikada Emirdagli Vatandaslarla Bulustu - AvrupaPress","isPartOf":{"@id":"https:\/\/avrupapress.com\/#website"},"primaryImageOfPage":{"@id":"https:\/\/avrupapress.com\/main\/2025\/11\/14\/emirdag-belediye-baskani-serkan-koyuncu-ve-beraberindeki-heyet-belcikada-emirdagli-vatandaslarla-bulustu\/#primaryimage"},"image":{"@id":"https:\/\/avrupapress.com\/main\/2025\/11\/14\/emirdag-belediye-baskani-serkan-koyuncu-ve-beraberindeki-heyet-belcikada-emirdagli-vatandaslarla-bulustu\/#primaryimage"},"thumbnailUrl":"https:\/\/avrupapress.com\/main\/wp-content\/uploads\/2025\/11\/ali-ozkaya-yaz-sezonunda-ucak-biletleri-cok-pahali-cozum-zafer-havalimani-olabilir-1763070545-e1763159182410.jpg","datePublished":"2025-11-14T23:08:43+00:00","dateModified":"2025-11-14T23:14:03+00:00","breadcrumb":{"@id":"https:\/\/avrupapress.com\/main\/2025\/11\/14\/emirdag-belediye-baskani-serkan-koyuncu-ve-beraberindeki-heyet-belcikada-emirdagli-vatandaslarla-bulustu\/#breadcrumb"},"inLanguage":"fr-BE","potentialAction":[{"@type":"ReadAction","target":["https:\/\/avrupapress.com\/main\/2025\/11\/14\/emirdag-belediye-baskani-serkan-koyuncu-ve-beraberindeki-heyet-belcikada-emirdagli-vatandaslarla-bulustu\/"]}]},{"@type":"ImageObject","inLanguage":"fr-BE","@id":"https:\/\/avrupapress.com\/main\/2025\/11\/14\/emirdag-belediye-baskani-serkan-koyuncu-ve-beraberindeki-heyet-belcikada-emirdagli-vatandaslarla-bulustu\/#primaryimage","url":"https:\/\/avrupapress.com\/main\/wp-content\/uploads\/2025\/11\/ali-ozkaya-yaz-sezonunda-ucak-biletleri-cok-pahali-cozum-zafer-havalimani-olabilir-1763070545-e1763159182410.jpg","contentUrl":"https:\/\/avrupapress.com\/main\/wp-content\/uploads\/2025\/11\/ali-ozkaya-yaz-sezonunda-ucak-biletleri-cok-pahali-cozum-zafer-havalimani-olabilir-1763070545-e1763159182410.jpg","width":640,"height":401},{"@type":"BreadcrumbList","@id":"https:\/\/avrupapress.com\/main\/2025\/11\/14\/emirdag-belediye-baskani-serkan-koyuncu-ve-beraberindeki-heyet-belcikada-emirdagli-vatandaslarla-bulustu\/#breadcrumb","itemListElement":[{"@type":"ListItem","position":1,"name":"Anasayfa","item":"https:\/\/avrupapress.com\/"},{"@type":"ListItem","position":2,"name":"Emirda\u011f Belediye Baskani Serkan Koyuncu ve Beraberindeki Heyet Belcikada Emirdagli Vatandaslarla Bulustu"}]},{"@type":"WebSite","@id":"https:\/\/avrupapress.com\/#website","url":"https:\/\/avrupapress.com\/","name":"AvrupaPress","description":"Haberin Adresi","publisher":{"@id":"https:\/\/avrupapress.com\/#\/schema\/person\/0223dca19c72c43575bf30d1a2d8f4fa"},"potentialAction":[{"@type":"SearchAction","target":{"@type":"EntryPoint","urlTemplate":"https:\/\/avrupapress.com\/?s={search_term_string}"},"query-input":{"@type":"PropertyValueSpecification","valueRequired":true,"valueName":"search_term_string"}}],"inLanguage":"fr-BE"},{"@type":["Person","Organization"],"@id":"https:\/\/avrupapress.com\/#\/schema\/person\/0223dca19c72c43575bf30d1a2d8f4fa","name":"Bilgin \u00d6z\u00e7ift\u00e7i","image":{"@type":"ImageObject","inLanguage":"fr-BE","@id":"https:\/\/avrupapress.com\/#\/schema\/person\/image\/","url":"https:\/\/secure.gravatar.com\/avatar\/0f23b280433a21e1ea7a0adcc46ed0ad16afe3ad8e630fd13d8a017dcbd54ef3?s=96&d=mm&r=g","contentUrl":"https:\/\/secure.gravatar.com\/avatar\/0f23b280433a21e1ea7a0adcc46ed0ad16afe3ad8e630fd13d8a017dcbd54ef3?s=96&d=mm&r=g","caption":"Bilgin \u00d6z\u00e7ift\u00e7i"},"logo":{"@id":"https:\/\/avrupapress.com\/#\/schema\/person\/image\/"},"description":"Ne ben, nede sen... Biz ancak \"biz\" olursak g\u00fc\u00e7l\u00fc olabiliriz"},{"@type":"Person","@id":"https:\/\/avrupapress.com\/#\/schema\/person\/68428444ec60970d1e1b700cf4ca1e8f","name":"Edit\u00f6r","image":{"@type":"ImageObject","inLanguage":"fr-BE","@id":"https:\/\/avrupapress.com\/#\/schema\/person\/image\/","url":"https:\/\/secure.gravatar.com\/avatar\/74996b0977aa5f1559ba9883776652508b229005c0d78fb2597897f0bd651c09?s=96&d=mm&r=g","contentUrl":"https:\/\/secure.gravatar.com\/avatar\/74996b0977aa5f1559ba9883776652508b229005c0d78fb2597897f0bd651c09?s=96&d=mm&r=g","caption":"Edit\u00f6r"},"sameAs":["http:\/\/www.avrupapress.com"],"url":"https:\/\/avrupapress.com\/main\/author\/editor\/"}]}},"_links":{"self":[{"href":"https:\/\/avrupapress.com\/main\/wp-json\/wp\/v2\/posts\/31524","targetHints":{"allow":["GET"]}}],"collection":[{"href":"https:\/\/avrupapress.com\/main\/wp-json\/wp\/v2\/posts"}],"about":[{"href":"https:\/\/avrupapress.com\/main\/wp-json\/wp\/v2\/types\/post"}],"author":[{"embeddable":true,"href":"https:\/\/avrupapress.com\/main\/wp-json\/wp\/v2\/users\/3"}],"replies":[{"embeddable":true,"href":"https:\/\/avrupapress.com\/main\/wp-json\/wp\/v2\/comments?post=31524"}],"version-history":[{"count":4,"href":"https:\/\/avrupapress.com\/main\/wp-json\/wp\/v2\/posts\/31524\/revisions"}],"predecessor-version":[{"id":31554,"href":"https:\/\/avrupapress.com\/main\/wp-json\/wp\/v2\/posts\/31524\/revisions\/31554"}],"wp:featuredmedia":[{"embeddable":true,"href":"https:\/\/avrupapress.com\/main\/wp-json\/wp\/v2\/media\/31525"}],"wp:attachment":[{"href":"https:\/\/avrupapress.com\/main\/wp-json\/wp\/v2\/media?parent=31524"}],"wp:term":[{"taxonomy":"category","embeddable":true,"href":"https:\/\/avrupapress.com\/main\/wp-json\/wp\/v2\/categories?post=31524"},{"taxonomy":"post_tag","embeddable":true,"href":"https:\/\/avrupapress.com\/main\/wp-json\/wp\/v2\/tags?post=31524"}],"curies":[{"name":"wp","href":"https:\/\/api.w.org\/{rel}","templated":true}]}}