{"id":31511,"date":"2025-11-14T21:30:02","date_gmt":"2025-11-14T21:30:02","guid":{"rendered":"https:\/\/avrupapress.com\/main\/?p=31511"},"modified":"2025-11-14T21:30:10","modified_gmt":"2025-11-14T21:30:10","slug":"ahmet-urfalidan-emirdag-karabag-turkmenleri-konferansi","status":"publish","type":"post","link":"https:\/\/avrupapress.com\/main\/2025\/11\/14\/ahmet-urfalidan-emirdag-karabag-turkmenleri-konferansi\/","title":{"rendered":"AHMET URFALI\u2019DAN \u2018\u2019EM\u0130RDA\u011e KARABA\u011e T\u00dcRKMENLER\u0130\u2019\u2019 KONFERANSI"},"content":{"rendered":"<p>\u015eair\/Yazar Ahmet Urfal\u0131, Eski\u015fehir Azerbaycanl\u0131lar Derne\u011finde \u2018\u2019Emirda\u011f Karaba\u011f T\u00fcrkmenleri\u2019\u2019 konulu konferans verdi. Karaba\u011f Zaferinin 5.Y\u0131l\u0131 m\u00fcnasebetiyle d\u00fczenlenen etkinlik \u00e7er\u00e7evesinde d\u00fczenlenen konferans, yo\u011fun izleyici kat\u0131l\u0131m\u0131yla ger\u00e7ekle\u015ftirildi. Dernek salonunda yap\u0131lan konferansa Eski\u015fehir\u2019de tahsil g\u00f6ren Azerbaycanl\u0131 \u00f6\u011frenciler ve soyda\u015flar ile Emirda\u011f Karaba\u011f oyma\u011f\u0131 k\u00f6kenli vatanda\u015flar kat\u0131ld\u0131.<\/p>\n<p>Eski\u015fehir Azerbaycanl\u0131lar Derne\u011fi Ba\u015fkan\u0131 Cavid Ayd\u0131n\u2019n\u0131n a\u00e7\u0131\u015f konu\u015fmas\u0131yla ba\u015flayan etkinlikte Urfal\u0131, Karaba\u011f Zaferinin 5.Y\u0131l\u0131n\u0131 kutlayarak u\u00e7ak kazas\u0131nda \u015fehit d\u00fc\u015fen askerlerimize rahmet diledi.<\/p>\n<p>Ahmet Urfal\u0131,\u2019\u2019Bir Millet-\u0130ki Devlet\u2019\u2019 s\u00f6z\u00fcn\u00fcn \u00e7ok yerinde bir s\u00f6ylem oldu\u011funu belirterek T\u00fcrkiye ile Azerbaycan aras\u0131nda soy, tarih, k\u00fclt\u00fcr, \u00fclk\u00fc, din ve dil bak\u0131mlar\u0131ndan birlik oldu\u011funu vurgulad\u0131. Emirda\u011f\u2019a ba\u011fl\u0131 Davulga,E\u015frefli, Yenik\u00f6y,Ali\u00e7omak, Bademli, Avdan, Gelincik, Karakuyu, \u0130ncik, Daydal\u0131 ve Alikan k\u00f6ylerinin Azerbaycan\/Gence k\u00f6kenli Karaba\u011f oyma\u011f\u0131 mensuplar\u0131 olduklar\u0131n\u0131 ifade eden Urfal\u0131, aradan ge\u00e7en d\u00f6rt y\u00fcz y\u0131la ra\u011fmen k\u00fclt\u00fcrel ba\u011flar\u0131n kuvvetli bir bi\u00e7imde ya\u015fat\u0131ld\u0131\u011f\u0131n\u0131 s\u00f6yledi.<\/p>\n<p>Ahmet Urfal\u0131 s\u00f6zlerine \u015f\u00f6yle devam etti: \u2018\u2019 Gence hakimi Cevad Bey\u2019in ahfad\u0131ndan gelen Karaba\u011f oyma\u011f\u0131, Afyonkarahisar y\u00f6resinde Emirda\u011f ba\u015fta olmak \u00fczere Bolvadin, Dinar il\u00e7eleriyle Denizli, Eski\u015fehir, Isparta, Kayseri ve Ni\u011fde illerinde 17.Y\u00fczy\u0131ldan ba\u015flayarak iskan edilmi\u015flerdir.\u2019\u2019<\/p>\n<p>Emirda\u011f Platformu ba\u015fkan ve y\u00f6netim kurulu \u00fcyelerinin de kat\u0131ld\u0131\u011f\u0131 konferansta bir konu\u015fma yapan Ba\u015fkan Habib Umuto\u011flu; kendisinin de bir Karaba\u011f oldu\u011funu belirterek; \u2018\u2019 kan ve can karde\u015fliklerin devam etti\u011fini\u2019\u2019 s\u00f6yledi.<\/p>\n<p>Etkinli\u011fin sonunda Eski\u015fehir Azerbaycanl\u0131lar Derne\u011fi Ba\u015fkan\u0131 Cavid Ayd\u0131n kat\u0131l\u0131mc\u0131lara te\u015fekk\u00fcr ederek Ahmet Urfal\u0131\u2019ya bir te\u015fekk\u00fcr belgesi takdim etti.<\/p>\n<p>\u015eair\/Yazar Ahmet Urfal\u0131, Azerbaycan \u00fczerine yapt\u0131\u011f\u0131 \u00e7al\u0131\u015fmalardan dolay\u0131 2016 y\u0131l\u0131nda da Azerbaycan Devleti Diaspora Bakan\u0131 Fuat Muradov taraf\u0131ndan bir te\u015fekk\u00fcrname ile \u00f6d\u00fcllendirilmi\u015fti.<\/p>\n<p>&nbsp;<\/p>\n<p><img loading=\"lazy\" decoding=\"async\" class=\"alignnone size-medium wp-image-31514\" src=\"https:\/\/avrupapress.com\/main\/wp-content\/uploads\/2025\/11\/thumbnail_IMG-20251114-WA0016-300x225.jpg\" alt=\"\" width=\"300\" height=\"225\" srcset=\"https:\/\/avrupapress.com\/main\/wp-content\/uploads\/2025\/11\/thumbnail_IMG-20251114-WA0016-300x225.jpg 300w, https:\/\/avrupapress.com\/main\/wp-content\/uploads\/2025\/11\/thumbnail_IMG-20251114-WA0016-1024x767.jpg 1024w, https:\/\/avrupapress.com\/main\/wp-content\/uploads\/2025\/11\/thumbnail_IMG-20251114-WA0016-768x576.jpg 768w, https:\/\/avrupapress.com\/main\/wp-content\/uploads\/2025\/11\/thumbnail_IMG-20251114-WA0016-1536x1151.jpg 1536w, https:\/\/avrupapress.com\/main\/wp-content\/uploads\/2025\/11\/thumbnail_IMG-20251114-WA0016.jpg 1600w\" sizes=\"auto, (max-width: 300px) 100vw, 300px\" \/><\/p>\n<p><img loading=\"lazy\" decoding=\"async\" class=\"alignnone size-medium wp-image-31515\" src=\"https:\/\/avrupapress.com\/main\/wp-content\/uploads\/2025\/11\/thumbnail_IMG-20251114-WA0015-300x225.jpg\" alt=\"\" width=\"300\" height=\"225\" \/><\/p>\n<p><img loading=\"lazy\" decoding=\"async\" class=\"alignnone size-medium wp-image-31516\" src=\"https:\/\/avrupapress.com\/main\/wp-content\/uploads\/2025\/11\/thumbnail_IMG-20251114-WA0017-300x225.jpg\" alt=\"\" width=\"300\" height=\"225\" srcset=\"https:\/\/avrupapress.com\/main\/wp-content\/uploads\/2025\/11\/thumbnail_IMG-20251114-WA0017-300x225.jpg 300w, https:\/\/avrupapress.com\/main\/wp-content\/uploads\/2025\/11\/thumbnail_IMG-20251114-WA0017-1024x768.jpg 1024w, https:\/\/avrupapress.com\/main\/wp-content\/uploads\/2025\/11\/thumbnail_IMG-20251114-WA0017-768x576.jpg 768w, https:\/\/avrupapress.com\/main\/wp-content\/uploads\/2025\/11\/thumbnail_IMG-20251114-WA0017-1536x1152.jpg 1536w, https:\/\/avrupapress.com\/main\/wp-content\/uploads\/2025\/11\/thumbnail_IMG-20251114-WA0017.jpg 1600w\" sizes=\"auto, (max-width: 300px) 100vw, 300px\" \/><\/p>\n<p><img loading=\"lazy\" decoding=\"async\" class=\"alignnone size-medium wp-image-31517\" src=\"https:\/\/avrupapress.com\/main\/wp-content\/uploads\/2025\/11\/thumbnail_IMG-20251114-WA0018-300x225.jpg\" alt=\"\" width=\"300\" height=\"225\" srcset=\"https:\/\/avrupapress.com\/main\/wp-content\/uploads\/2025\/11\/thumbnail_IMG-20251114-WA0018-300x225.jpg 300w, https:\/\/avrupapress.com\/main\/wp-content\/uploads\/2025\/11\/thumbnail_IMG-20251114-WA0018-1024x768.jpg 1024w, https:\/\/avrupapress.com\/main\/wp-content\/uploads\/2025\/11\/thumbnail_IMG-20251114-WA0018-768x576.jpg 768w, https:\/\/avrupapress.com\/main\/wp-content\/uploads\/2025\/11\/thumbnail_IMG-20251114-WA0018-1536x1152.jpg 1536w, https:\/\/avrupapress.com\/main\/wp-content\/uploads\/2025\/11\/thumbnail_IMG-20251114-WA0018.jpg 1600w\" sizes=\"auto, (max-width: 300px) 100vw, 300px\" \/><\/p>\n<p><img loading=\"lazy\" decoding=\"async\" class=\"alignnone size-medium wp-image-31518\" src=\"https:\/\/avrupapress.com\/main\/wp-content\/uploads\/2025\/11\/thumbnail_IMG-20251114-WA0019-300x225.jpg\" alt=\"\" width=\"300\" height=\"225\" srcset=\"https:\/\/avrupapress.com\/main\/wp-content\/uploads\/2025\/11\/thumbnail_IMG-20251114-WA0019-300x225.jpg 300w, https:\/\/avrupapress.com\/main\/wp-content\/uploads\/2025\/11\/thumbnail_IMG-20251114-WA0019-1024x768.jpg 1024w, https:\/\/avrupapress.com\/main\/wp-content\/uploads\/2025\/11\/thumbnail_IMG-20251114-WA0019-768x576.jpg 768w, https:\/\/avrupapress.com\/main\/wp-content\/uploads\/2025\/11\/thumbnail_IMG-20251114-WA0019-1536x1152.jpg 1536w, https:\/\/avrupapress.com\/main\/wp-content\/uploads\/2025\/11\/thumbnail_IMG-20251114-WA0019.jpg 1600w\" sizes=\"auto, (max-width: 300px) 100vw, 300px\" \/><\/p>\n<p><img loading=\"lazy\" decoding=\"async\" class=\"alignnone size-medium wp-image-31519\" src=\"https:\/\/avrupapress.com\/main\/wp-content\/uploads\/2025\/11\/thumbnail_IMG-20251114-WA0020-300x225.jpg\" alt=\"\" width=\"300\" height=\"225\" srcset=\"https:\/\/avrupapress.com\/main\/wp-content\/uploads\/2025\/11\/thumbnail_IMG-20251114-WA0020-300x225.jpg 300w, https:\/\/avrupapress.com\/main\/wp-content\/uploads\/2025\/11\/thumbnail_IMG-20251114-WA0020-1024x768.jpg 1024w, https:\/\/avrupapress.com\/main\/wp-content\/uploads\/2025\/11\/thumbnail_IMG-20251114-WA0020-768x576.jpg 768w, https:\/\/avrupapress.com\/main\/wp-content\/uploads\/2025\/11\/thumbnail_IMG-20251114-WA0020-1536x1152.jpg 1536w, https:\/\/avrupapress.com\/main\/wp-content\/uploads\/2025\/11\/thumbnail_IMG-20251114-WA0020.jpg 1600w\" sizes=\"auto, (max-width: 300px) 100vw, 300px\" \/><\/p>\n<p><img loading=\"lazy\" decoding=\"async\" class=\"alignnone size-medium wp-image-31520\" src=\"https:\/\/avrupapress.com\/main\/wp-content\/uploads\/2025\/11\/thumbnail_IMG-20251114-WA0021-300x225.jpg\" alt=\"\" width=\"300\" height=\"225\" srcset=\"https:\/\/avrupapress.com\/main\/wp-content\/uploads\/2025\/11\/thumbnail_IMG-20251114-WA0021-300x225.jpg 300w, https:\/\/avrupapress.com\/main\/wp-content\/uploads\/2025\/11\/thumbnail_IMG-20251114-WA0021-1024x768.jpg 1024w, https:\/\/avrupapress.com\/main\/wp-content\/uploads\/2025\/11\/thumbnail_IMG-20251114-WA0021-768x576.jpg 768w, https:\/\/avrupapress.com\/main\/wp-content\/uploads\/2025\/11\/thumbnail_IMG-20251114-WA0021-1536x1152.jpg 1536w, https:\/\/avrupapress.com\/main\/wp-content\/uploads\/2025\/11\/thumbnail_IMG-20251114-WA0021.jpg 1600w\" sizes=\"auto, (max-width: 300px) 100vw, 300px\" \/><\/p>\n<p><img loading=\"lazy\" decoding=\"async\" class=\"alignnone size-medium wp-image-31521\" src=\"https:\/\/avrupapress.com\/main\/wp-content\/uploads\/2025\/11\/IMG-20251114-WA0022-300x300.jpg\" alt=\"\" width=\"300\" height=\"300\" srcset=\"https:\/\/avrupapress.com\/main\/wp-content\/uploads\/2025\/11\/IMG-20251114-WA0022-300x300.jpg 300w, https:\/\/avrupapress.com\/main\/wp-content\/uploads\/2025\/11\/IMG-20251114-WA0022-1024x1024.jpg 1024w, https:\/\/avrupapress.com\/main\/wp-content\/uploads\/2025\/11\/IMG-20251114-WA0022-150x150.jpg 150w, https:\/\/avrupapress.com\/main\/wp-content\/uploads\/2025\/11\/IMG-20251114-WA0022-768x768.jpg 768w, https:\/\/avrupapress.com\/main\/wp-content\/uploads\/2025\/11\/IMG-20251114-WA0022.jpg 1182w\" sizes=\"auto, (max-width: 300px) 100vw, 300px\" \/><\/p>\n<p><strong>Bilgin\u00a0 \u00a0Ozcifci\u00a0 \u00a0 \u00a0 \u00a0\/\u00a0 \u00a0 \u00a0 \u00a0AVRUPAPRESS<\/strong><\/p>\n<p>&nbsp;<\/p>\n","protected":false},"excerpt":{"rendered":"<p>\u015eair\/Yazar Ahmet Urfal\u0131, Eski\u015fehir Azerbaycanl\u0131lar Derne\u011finde \u2018\u2019Emirda\u011f Karaba\u011f T\u00fcrkmenleri\u2019\u2019 konulu konferans verdi. Karaba\u011f Zaferinin 5.Y\u0131l\u0131 m\u00fcnasebetiyle d\u00fczenlenen etkinlik \u00e7er\u00e7evesinde d\u00fczenlenen konferans, yo\u011fun izleyici kat\u0131l\u0131m\u0131yla ger\u00e7ekle\u015ftirildi. Dernek salonunda yap\u0131lan konferansa Eski\u015fehir\u2019de tahsil g\u00f6ren Azerbaycanl\u0131 \u00f6\u011frenciler ve soyda\u015flar ile Emirda\u011f Karaba\u011f oyma\u011f\u0131 k\u00f6kenli vatanda\u015flar kat\u0131ld\u0131. Eski\u015fehir Azerbaycanl\u0131lar Derne\u011fi Ba\u015fkan\u0131 Cavid Ayd\u0131n\u2019n\u0131n a\u00e7\u0131\u015f konu\u015fmas\u0131yla ba\u015flayan etkinlikte Urfal\u0131, Karaba\u011f [&hellip;]<\/p>\n","protected":false},"author":3,"featured_media":31515,"comment_status":"closed","ping_status":"open","sticky":false,"template":"","format":"standard","meta":{"footnotes":""},"categories":[14,16,3,17,18,15,19,2,1],"tags":[],"class_list":["post-31511","post","type-post","status-publish","format-standard","has-post-thumbnail","hentry","category-avrupa","category-belcika","category-dunya","category-ekonomi","category-kultur-sanat","category-spor","category-tanitim","category-turkiye","category-uncategorized"],"yoast_head":"<!-- This site is optimized with the Yoast SEO plugin v26.9 - https:\/\/yoast.com\/product\/yoast-seo-wordpress\/ -->\n<title>AHMET URFALI\u2019DAN \u2018\u2019EM\u0130RDA\u011e KARABA\u011e T\u00dcRKMENLER\u0130\u2019\u2019 KONFERANSI - AvrupaPress<\/title>\n<meta name=\"robots\" content=\"index, follow, max-snippet:-1, max-image-preview:large, max-video-preview:-1\" \/>\n<link rel=\"canonical\" href=\"https:\/\/avrupapress.com\/main\/2025\/11\/14\/ahmet-urfalidan-emirdag-karabag-turkmenleri-konferansi\/\" \/>\n<meta property=\"og:locale\" content=\"fr_FR\" \/>\n<meta property=\"og:type\" content=\"article\" \/>\n<meta property=\"og:title\" content=\"AHMET URFALI\u2019DAN \u2018\u2019EM\u0130RDA\u011e KARABA\u011e T\u00dcRKMENLER\u0130\u2019\u2019 KONFERANSI - AvrupaPress\" \/>\n<meta property=\"og:description\" content=\"\u015eair\/Yazar Ahmet Urfal\u0131, Eski\u015fehir Azerbaycanl\u0131lar Derne\u011finde \u2018\u2019Emirda\u011f Karaba\u011f T\u00fcrkmenleri\u2019\u2019 konulu konferans verdi. Karaba\u011f Zaferinin 5.Y\u0131l\u0131 m\u00fcnasebetiyle d\u00fczenlenen etkinlik \u00e7er\u00e7evesinde d\u00fczenlenen konferans, yo\u011fun izleyici kat\u0131l\u0131m\u0131yla ger\u00e7ekle\u015ftirildi. Dernek salonunda yap\u0131lan konferansa Eski\u015fehir\u2019de tahsil g\u00f6ren Azerbaycanl\u0131 \u00f6\u011frenciler ve soyda\u015flar ile Emirda\u011f Karaba\u011f oyma\u011f\u0131 k\u00f6kenli vatanda\u015flar kat\u0131ld\u0131. Eski\u015fehir Azerbaycanl\u0131lar Derne\u011fi Ba\u015fkan\u0131 Cavid Ayd\u0131n\u2019n\u0131n a\u00e7\u0131\u015f konu\u015fmas\u0131yla ba\u015flayan etkinlikte Urfal\u0131, Karaba\u011f [&hellip;]\" \/>\n<meta property=\"og:url\" content=\"https:\/\/avrupapress.com\/main\/2025\/11\/14\/ahmet-urfalidan-emirdag-karabag-turkmenleri-konferansi\/\" \/>\n<meta property=\"og:site_name\" content=\"AvrupaPress\" \/>\n<meta property=\"article:published_time\" content=\"2025-11-14T21:30:02+00:00\" \/>\n<meta property=\"article:modified_time\" content=\"2025-11-14T21:30:10+00:00\" \/>\n<meta property=\"og:image\" content=\"https:\/\/avrupapress.com\/main\/wp-content\/uploads\/2025\/11\/thumbnail_IMG-20251114-WA0015-e1763155793681.jpg\" \/>\n\t<meta property=\"og:image:width\" content=\"1600\" \/>\n\t<meta property=\"og:image:height\" content=\"872\" \/>\n\t<meta property=\"og:image:type\" content=\"image\/jpeg\" \/>\n<meta name=\"author\" content=\"Edit\u00f6r\" \/>\n<meta name=\"twitter:card\" content=\"summary_large_image\" \/>\n<meta name=\"twitter:label1\" content=\"\u00c9crit par\" \/>\n\t<meta name=\"twitter:data1\" content=\"Edit\u00f6r\" \/>\n\t<meta name=\"twitter:label2\" content=\"Dur\u00e9e de lecture est.\" \/>\n\t<meta name=\"twitter:data2\" content=\"3 minutes\" \/>\n<script type=\"application\/ld+json\" class=\"yoast-schema-graph\">{\"@context\":\"https:\/\/schema.org\",\"@graph\":[{\"@type\":\"Article\",\"@id\":\"https:\/\/avrupapress.com\/main\/2025\/11\/14\/ahmet-urfalidan-emirdag-karabag-turkmenleri-konferansi\/#article\",\"isPartOf\":{\"@id\":\"https:\/\/avrupapress.com\/main\/2025\/11\/14\/ahmet-urfalidan-emirdag-karabag-turkmenleri-konferansi\/\"},\"author\":{\"name\":\"Edit\u00f6r\",\"@id\":\"https:\/\/avrupapress.com\/#\/schema\/person\/68428444ec60970d1e1b700cf4ca1e8f\"},\"headline\":\"AHMET URFALI\u2019DAN \u2018\u2019EM\u0130RDA\u011e KARABA\u011e T\u00dcRKMENLER\u0130\u2019\u2019 KONFERANSI\",\"datePublished\":\"2025-11-14T21:30:02+00:00\",\"dateModified\":\"2025-11-14T21:30:10+00:00\",\"mainEntityOfPage\":{\"@id\":\"https:\/\/avrupapress.com\/main\/2025\/11\/14\/ahmet-urfalidan-emirdag-karabag-turkmenleri-konferansi\/\"},\"wordCount\":365,\"publisher\":{\"@id\":\"https:\/\/avrupapress.com\/#\/schema\/person\/0223dca19c72c43575bf30d1a2d8f4fa\"},\"image\":{\"@id\":\"https:\/\/avrupapress.com\/main\/2025\/11\/14\/ahmet-urfalidan-emirdag-karabag-turkmenleri-konferansi\/#primaryimage\"},\"thumbnailUrl\":\"https:\/\/avrupapress.com\/main\/wp-content\/uploads\/2025\/11\/thumbnail_IMG-20251114-WA0015-e1763155793681.jpg\",\"articleSection\":[\"Avrupa\",\"Bel\u00e7ika\",\"D\u00fcnya\",\"Ekonomi\",\"K\u00fclt\u00fcr-Sanat\",\"Spor\",\"Tan\u0131t\u0131m\",\"T\u00fcrkiye\",\"Uncategorized\"],\"inLanguage\":\"fr-BE\"},{\"@type\":\"WebPage\",\"@id\":\"https:\/\/avrupapress.com\/main\/2025\/11\/14\/ahmet-urfalidan-emirdag-karabag-turkmenleri-konferansi\/\",\"url\":\"https:\/\/avrupapress.com\/main\/2025\/11\/14\/ahmet-urfalidan-emirdag-karabag-turkmenleri-konferansi\/\",\"name\":\"AHMET URFALI\u2019DAN \u2018\u2019EM\u0130RDA\u011e KARABA\u011e T\u00dcRKMENLER\u0130\u2019\u2019 KONFERANSI - AvrupaPress\",\"isPartOf\":{\"@id\":\"https:\/\/avrupapress.com\/#website\"},\"primaryImageOfPage\":{\"@id\":\"https:\/\/avrupapress.com\/main\/2025\/11\/14\/ahmet-urfalidan-emirdag-karabag-turkmenleri-konferansi\/#primaryimage\"},\"image\":{\"@id\":\"https:\/\/avrupapress.com\/main\/2025\/11\/14\/ahmet-urfalidan-emirdag-karabag-turkmenleri-konferansi\/#primaryimage\"},\"thumbnailUrl\":\"https:\/\/avrupapress.com\/main\/wp-content\/uploads\/2025\/11\/thumbnail_IMG-20251114-WA0015-e1763155793681.jpg\",\"datePublished\":\"2025-11-14T21:30:02+00:00\",\"dateModified\":\"2025-11-14T21:30:10+00:00\",\"breadcrumb\":{\"@id\":\"https:\/\/avrupapress.com\/main\/2025\/11\/14\/ahmet-urfalidan-emirdag-karabag-turkmenleri-konferansi\/#breadcrumb\"},\"inLanguage\":\"fr-BE\",\"potentialAction\":[{\"@type\":\"ReadAction\",\"target\":[\"https:\/\/avrupapress.com\/main\/2025\/11\/14\/ahmet-urfalidan-emirdag-karabag-turkmenleri-konferansi\/\"]}]},{\"@type\":\"ImageObject\",\"inLanguage\":\"fr-BE\",\"@id\":\"https:\/\/avrupapress.com\/main\/2025\/11\/14\/ahmet-urfalidan-emirdag-karabag-turkmenleri-konferansi\/#primaryimage\",\"url\":\"https:\/\/avrupapress.com\/main\/wp-content\/uploads\/2025\/11\/thumbnail_IMG-20251114-WA0015-e1763155793681.jpg\",\"contentUrl\":\"https:\/\/avrupapress.com\/main\/wp-content\/uploads\/2025\/11\/thumbnail_IMG-20251114-WA0015-e1763155793681.jpg\",\"width\":1600,\"height\":872},{\"@type\":\"BreadcrumbList\",\"@id\":\"https:\/\/avrupapress.com\/main\/2025\/11\/14\/ahmet-urfalidan-emirdag-karabag-turkmenleri-konferansi\/#breadcrumb\",\"itemListElement\":[{\"@type\":\"ListItem\",\"position\":1,\"name\":\"Anasayfa\",\"item\":\"https:\/\/avrupapress.com\/\"},{\"@type\":\"ListItem\",\"position\":2,\"name\":\"AHMET URFALI\u2019DAN \u2018\u2019EM\u0130RDA\u011e KARABA\u011e T\u00dcRKMENLER\u0130\u2019\u2019 KONFERANSI\"}]},{\"@type\":\"WebSite\",\"@id\":\"https:\/\/avrupapress.com\/#website\",\"url\":\"https:\/\/avrupapress.com\/\",\"name\":\"AvrupaPress\",\"description\":\"Haberin Adresi\",\"publisher\":{\"@id\":\"https:\/\/avrupapress.com\/#\/schema\/person\/0223dca19c72c43575bf30d1a2d8f4fa\"},\"potentialAction\":[{\"@type\":\"SearchAction\",\"target\":{\"@type\":\"EntryPoint\",\"urlTemplate\":\"https:\/\/avrupapress.com\/?s={search_term_string}\"},\"query-input\":{\"@type\":\"PropertyValueSpecification\",\"valueRequired\":true,\"valueName\":\"search_term_string\"}}],\"inLanguage\":\"fr-BE\"},{\"@type\":[\"Person\",\"Organization\"],\"@id\":\"https:\/\/avrupapress.com\/#\/schema\/person\/0223dca19c72c43575bf30d1a2d8f4fa\",\"name\":\"Bilgin \u00d6z\u00e7ift\u00e7i\",\"image\":{\"@type\":\"ImageObject\",\"inLanguage\":\"fr-BE\",\"@id\":\"https:\/\/avrupapress.com\/#\/schema\/person\/image\/\",\"url\":\"https:\/\/secure.gravatar.com\/avatar\/0f23b280433a21e1ea7a0adcc46ed0ad16afe3ad8e630fd13d8a017dcbd54ef3?s=96&d=mm&r=g\",\"contentUrl\":\"https:\/\/secure.gravatar.com\/avatar\/0f23b280433a21e1ea7a0adcc46ed0ad16afe3ad8e630fd13d8a017dcbd54ef3?s=96&d=mm&r=g\",\"caption\":\"Bilgin \u00d6z\u00e7ift\u00e7i\"},\"logo\":{\"@id\":\"https:\/\/avrupapress.com\/#\/schema\/person\/image\/\"},\"description\":\"Ne ben, nede sen... Biz ancak \\\"biz\\\" olursak g\u00fc\u00e7l\u00fc olabiliriz\"},{\"@type\":\"Person\",\"@id\":\"https:\/\/avrupapress.com\/#\/schema\/person\/68428444ec60970d1e1b700cf4ca1e8f\",\"name\":\"Edit\u00f6r\",\"image\":{\"@type\":\"ImageObject\",\"inLanguage\":\"fr-BE\",\"@id\":\"https:\/\/avrupapress.com\/#\/schema\/person\/image\/\",\"url\":\"https:\/\/secure.gravatar.com\/avatar\/74996b0977aa5f1559ba9883776652508b229005c0d78fb2597897f0bd651c09?s=96&d=mm&r=g\",\"contentUrl\":\"https:\/\/secure.gravatar.com\/avatar\/74996b0977aa5f1559ba9883776652508b229005c0d78fb2597897f0bd651c09?s=96&d=mm&r=g\",\"caption\":\"Edit\u00f6r\"},\"sameAs\":[\"http:\/\/www.avrupapress.com\"],\"url\":\"https:\/\/avrupapress.com\/main\/author\/editor\/\"}]}<\/script>\n<!-- \/ Yoast SEO plugin. -->","yoast_head_json":{"title":"AHMET URFALI\u2019DAN \u2018\u2019EM\u0130RDA\u011e KARABA\u011e T\u00dcRKMENLER\u0130\u2019\u2019 KONFERANSI - AvrupaPress","robots":{"index":"index","follow":"follow","max-snippet":"max-snippet:-1","max-image-preview":"max-image-preview:large","max-video-preview":"max-video-preview:-1"},"canonical":"https:\/\/avrupapress.com\/main\/2025\/11\/14\/ahmet-urfalidan-emirdag-karabag-turkmenleri-konferansi\/","og_locale":"fr_FR","og_type":"article","og_title":"AHMET URFALI\u2019DAN \u2018\u2019EM\u0130RDA\u011e KARABA\u011e T\u00dcRKMENLER\u0130\u2019\u2019 KONFERANSI - AvrupaPress","og_description":"\u015eair\/Yazar Ahmet Urfal\u0131, Eski\u015fehir Azerbaycanl\u0131lar Derne\u011finde \u2018\u2019Emirda\u011f Karaba\u011f T\u00fcrkmenleri\u2019\u2019 konulu konferans verdi. Karaba\u011f Zaferinin 5.Y\u0131l\u0131 m\u00fcnasebetiyle d\u00fczenlenen etkinlik \u00e7er\u00e7evesinde d\u00fczenlenen konferans, yo\u011fun izleyici kat\u0131l\u0131m\u0131yla ger\u00e7ekle\u015ftirildi. Dernek salonunda yap\u0131lan konferansa Eski\u015fehir\u2019de tahsil g\u00f6ren Azerbaycanl\u0131 \u00f6\u011frenciler ve soyda\u015flar ile Emirda\u011f Karaba\u011f oyma\u011f\u0131 k\u00f6kenli vatanda\u015flar kat\u0131ld\u0131. Eski\u015fehir Azerbaycanl\u0131lar Derne\u011fi Ba\u015fkan\u0131 Cavid Ayd\u0131n\u2019n\u0131n a\u00e7\u0131\u015f konu\u015fmas\u0131yla ba\u015flayan etkinlikte Urfal\u0131, Karaba\u011f [&hellip;]","og_url":"https:\/\/avrupapress.com\/main\/2025\/11\/14\/ahmet-urfalidan-emirdag-karabag-turkmenleri-konferansi\/","og_site_name":"AvrupaPress","article_published_time":"2025-11-14T21:30:02+00:00","article_modified_time":"2025-11-14T21:30:10+00:00","og_image":[{"width":1600,"height":872,"url":"https:\/\/avrupapress.com\/main\/wp-content\/uploads\/2025\/11\/thumbnail_IMG-20251114-WA0015-e1763155793681.jpg","type":"image\/jpeg"}],"author":"Edit\u00f6r","twitter_card":"summary_large_image","twitter_misc":{"\u00c9crit par":"Edit\u00f6r","Dur\u00e9e de lecture est.":"3 minutes"},"schema":{"@context":"https:\/\/schema.org","@graph":[{"@type":"Article","@id":"https:\/\/avrupapress.com\/main\/2025\/11\/14\/ahmet-urfalidan-emirdag-karabag-turkmenleri-konferansi\/#article","isPartOf":{"@id":"https:\/\/avrupapress.com\/main\/2025\/11\/14\/ahmet-urfalidan-emirdag-karabag-turkmenleri-konferansi\/"},"author":{"name":"Edit\u00f6r","@id":"https:\/\/avrupapress.com\/#\/schema\/person\/68428444ec60970d1e1b700cf4ca1e8f"},"headline":"AHMET URFALI\u2019DAN \u2018\u2019EM\u0130RDA\u011e KARABA\u011e T\u00dcRKMENLER\u0130\u2019\u2019 KONFERANSI","datePublished":"2025-11-14T21:30:02+00:00","dateModified":"2025-11-14T21:30:10+00:00","mainEntityOfPage":{"@id":"https:\/\/avrupapress.com\/main\/2025\/11\/14\/ahmet-urfalidan-emirdag-karabag-turkmenleri-konferansi\/"},"wordCount":365,"publisher":{"@id":"https:\/\/avrupapress.com\/#\/schema\/person\/0223dca19c72c43575bf30d1a2d8f4fa"},"image":{"@id":"https:\/\/avrupapress.com\/main\/2025\/11\/14\/ahmet-urfalidan-emirdag-karabag-turkmenleri-konferansi\/#primaryimage"},"thumbnailUrl":"https:\/\/avrupapress.com\/main\/wp-content\/uploads\/2025\/11\/thumbnail_IMG-20251114-WA0015-e1763155793681.jpg","articleSection":["Avrupa","Bel\u00e7ika","D\u00fcnya","Ekonomi","K\u00fclt\u00fcr-Sanat","Spor","Tan\u0131t\u0131m","T\u00fcrkiye","Uncategorized"],"inLanguage":"fr-BE"},{"@type":"WebPage","@id":"https:\/\/avrupapress.com\/main\/2025\/11\/14\/ahmet-urfalidan-emirdag-karabag-turkmenleri-konferansi\/","url":"https:\/\/avrupapress.com\/main\/2025\/11\/14\/ahmet-urfalidan-emirdag-karabag-turkmenleri-konferansi\/","name":"AHMET URFALI\u2019DAN \u2018\u2019EM\u0130RDA\u011e KARABA\u011e T\u00dcRKMENLER\u0130\u2019\u2019 KONFERANSI - AvrupaPress","isPartOf":{"@id":"https:\/\/avrupapress.com\/#website"},"primaryImageOfPage":{"@id":"https:\/\/avrupapress.com\/main\/2025\/11\/14\/ahmet-urfalidan-emirdag-karabag-turkmenleri-konferansi\/#primaryimage"},"image":{"@id":"https:\/\/avrupapress.com\/main\/2025\/11\/14\/ahmet-urfalidan-emirdag-karabag-turkmenleri-konferansi\/#primaryimage"},"thumbnailUrl":"https:\/\/avrupapress.com\/main\/wp-content\/uploads\/2025\/11\/thumbnail_IMG-20251114-WA0015-e1763155793681.jpg","datePublished":"2025-11-14T21:30:02+00:00","dateModified":"2025-11-14T21:30:10+00:00","breadcrumb":{"@id":"https:\/\/avrupapress.com\/main\/2025\/11\/14\/ahmet-urfalidan-emirdag-karabag-turkmenleri-konferansi\/#breadcrumb"},"inLanguage":"fr-BE","potentialAction":[{"@type":"ReadAction","target":["https:\/\/avrupapress.com\/main\/2025\/11\/14\/ahmet-urfalidan-emirdag-karabag-turkmenleri-konferansi\/"]}]},{"@type":"ImageObject","inLanguage":"fr-BE","@id":"https:\/\/avrupapress.com\/main\/2025\/11\/14\/ahmet-urfalidan-emirdag-karabag-turkmenleri-konferansi\/#primaryimage","url":"https:\/\/avrupapress.com\/main\/wp-content\/uploads\/2025\/11\/thumbnail_IMG-20251114-WA0015-e1763155793681.jpg","contentUrl":"https:\/\/avrupapress.com\/main\/wp-content\/uploads\/2025\/11\/thumbnail_IMG-20251114-WA0015-e1763155793681.jpg","width":1600,"height":872},{"@type":"BreadcrumbList","@id":"https:\/\/avrupapress.com\/main\/2025\/11\/14\/ahmet-urfalidan-emirdag-karabag-turkmenleri-konferansi\/#breadcrumb","itemListElement":[{"@type":"ListItem","position":1,"name":"Anasayfa","item":"https:\/\/avrupapress.com\/"},{"@type":"ListItem","position":2,"name":"AHMET URFALI\u2019DAN \u2018\u2019EM\u0130RDA\u011e KARABA\u011e T\u00dcRKMENLER\u0130\u2019\u2019 KONFERANSI"}]},{"@type":"WebSite","@id":"https:\/\/avrupapress.com\/#website","url":"https:\/\/avrupapress.com\/","name":"AvrupaPress","description":"Haberin Adresi","publisher":{"@id":"https:\/\/avrupapress.com\/#\/schema\/person\/0223dca19c72c43575bf30d1a2d8f4fa"},"potentialAction":[{"@type":"SearchAction","target":{"@type":"EntryPoint","urlTemplate":"https:\/\/avrupapress.com\/?s={search_term_string}"},"query-input":{"@type":"PropertyValueSpecification","valueRequired":true,"valueName":"search_term_string"}}],"inLanguage":"fr-BE"},{"@type":["Person","Organization"],"@id":"https:\/\/avrupapress.com\/#\/schema\/person\/0223dca19c72c43575bf30d1a2d8f4fa","name":"Bilgin \u00d6z\u00e7ift\u00e7i","image":{"@type":"ImageObject","inLanguage":"fr-BE","@id":"https:\/\/avrupapress.com\/#\/schema\/person\/image\/","url":"https:\/\/secure.gravatar.com\/avatar\/0f23b280433a21e1ea7a0adcc46ed0ad16afe3ad8e630fd13d8a017dcbd54ef3?s=96&d=mm&r=g","contentUrl":"https:\/\/secure.gravatar.com\/avatar\/0f23b280433a21e1ea7a0adcc46ed0ad16afe3ad8e630fd13d8a017dcbd54ef3?s=96&d=mm&r=g","caption":"Bilgin \u00d6z\u00e7ift\u00e7i"},"logo":{"@id":"https:\/\/avrupapress.com\/#\/schema\/person\/image\/"},"description":"Ne ben, nede sen... Biz ancak \"biz\" olursak g\u00fc\u00e7l\u00fc olabiliriz"},{"@type":"Person","@id":"https:\/\/avrupapress.com\/#\/schema\/person\/68428444ec60970d1e1b700cf4ca1e8f","name":"Edit\u00f6r","image":{"@type":"ImageObject","inLanguage":"fr-BE","@id":"https:\/\/avrupapress.com\/#\/schema\/person\/image\/","url":"https:\/\/secure.gravatar.com\/avatar\/74996b0977aa5f1559ba9883776652508b229005c0d78fb2597897f0bd651c09?s=96&d=mm&r=g","contentUrl":"https:\/\/secure.gravatar.com\/avatar\/74996b0977aa5f1559ba9883776652508b229005c0d78fb2597897f0bd651c09?s=96&d=mm&r=g","caption":"Edit\u00f6r"},"sameAs":["http:\/\/www.avrupapress.com"],"url":"https:\/\/avrupapress.com\/main\/author\/editor\/"}]}},"_links":{"self":[{"href":"https:\/\/avrupapress.com\/main\/wp-json\/wp\/v2\/posts\/31511","targetHints":{"allow":["GET"]}}],"collection":[{"href":"https:\/\/avrupapress.com\/main\/wp-json\/wp\/v2\/posts"}],"about":[{"href":"https:\/\/avrupapress.com\/main\/wp-json\/wp\/v2\/types\/post"}],"author":[{"embeddable":true,"href":"https:\/\/avrupapress.com\/main\/wp-json\/wp\/v2\/users\/3"}],"replies":[{"embeddable":true,"href":"https:\/\/avrupapress.com\/main\/wp-json\/wp\/v2\/comments?post=31511"}],"version-history":[{"count":1,"href":"https:\/\/avrupapress.com\/main\/wp-json\/wp\/v2\/posts\/31511\/revisions"}],"predecessor-version":[{"id":31522,"href":"https:\/\/avrupapress.com\/main\/wp-json\/wp\/v2\/posts\/31511\/revisions\/31522"}],"wp:featuredmedia":[{"embeddable":true,"href":"https:\/\/avrupapress.com\/main\/wp-json\/wp\/v2\/media\/31515"}],"wp:attachment":[{"href":"https:\/\/avrupapress.com\/main\/wp-json\/wp\/v2\/media?parent=31511"}],"wp:term":[{"taxonomy":"category","embeddable":true,"href":"https:\/\/avrupapress.com\/main\/wp-json\/wp\/v2\/categories?post=31511"},{"taxonomy":"post_tag","embeddable":true,"href":"https:\/\/avrupapress.com\/main\/wp-json\/wp\/v2\/tags?post=31511"}],"curies":[{"name":"wp","href":"https:\/\/api.w.org\/{rel}","templated":true}]}}