{"id":31505,"date":"2025-11-13T20:38:29","date_gmt":"2025-11-13T20:38:29","guid":{"rendered":"https:\/\/avrupapress.com\/main\/?p=31505"},"modified":"2025-11-13T20:38:35","modified_gmt":"2025-11-13T20:38:35","slug":"turkiyenin-yangin-sondurme-ucagi-hirvatistanda-dustu-pilot-sehit-oldu","status":"publish","type":"post","link":"https:\/\/avrupapress.com\/main\/2025\/11\/13\/turkiyenin-yangin-sondurme-ucagi-hirvatistanda-dustu-pilot-sehit-oldu\/","title":{"rendered":"T\u00fcrkiye&rsquo;nin  Yang\u0131n s\u00f6nd\u00fcrme u\u00e7a\u011f\u0131 H\u0131rvatistan&rsquo;da d\u00fc\u015ft\u00fc, pilot \u015fehit oldu&#8230;"},"content":{"rendered":"<h2 class=\"mb-24\">Bak\u0131m i\u00e7in \u00c7anakkale&rsquo;den H\u0131rvatistan&rsquo;a giden 2 adet AT802 tipi yang\u0131n s\u00f6nd\u00fcrme u\u00e7a\u011f\u0131ndan biri ile ba\u011flant\u0131 koptu. Zagreb&rsquo;e gitmek i\u00e7in havalanan u\u00e7aklar\u0131n hava muhalefeti nedeniyle Rejika Havaliman\u0131&rsquo;na d\u00f6nerken olay\u0131n ger\u00e7ekle\u015fti\u011fi \u00f6\u011frenilirken, Tar\u0131m ve Orman Bakan\u0131 \u0130brahim Yumakl\u0131 u\u00e7a\u011f\u0131n enkaz\u0131na ula\u015f\u0131ld\u0131\u011f\u0131n\u0131, pilotun \u015fehit oldu\u011funu a\u00e7\u0131klad\u0131.<\/h2>\n<ul>\n<li>Orman Genel M\u00fcd\u00fcrl\u00fc\u011f\u00fc&rsquo;ne ait bir yang\u0131n s\u00f6nd\u00fcrme u\u00e7a\u011f\u0131 H\u0131rvatistan&rsquo;da d\u00fc\u015ft\u00fc ve pilot Hasan Bahar \u015fehit oldu.<\/li>\n<li>U\u00e7ak, H\u0131rvatistan&rsquo;\u0131n Senj kenti yak\u0131nlar\u0131nda enkaz halinde bulundu.<\/li>\n<li>Pilot Hasan Bahar, A\u011fustos ay\u0131nda Mu\u011fla&rsquo;n\u0131n Yata\u011fan il\u00e7esinde ya\u015fanan bir u\u00e7ak kazas\u0131ndan yaral\u0131 kurtulmu\u015ftu.<strong>Orman Genel M\u00fcd\u00fcrl\u00fc\u011f\u00fc&rsquo;ne ait 1 yang\u0131n s\u00f6nd\u00fcrme u\u00e7a\u011f\u0131 ile H\u0131rvatistan&rsquo;da irtibat kesildi. U\u00e7a\u011f\u0131n enkaz\u0131na ula\u015f\u0131l\u0131rken, pilotun da \u015fehit oldu\u011fu a\u00e7\u0131kland\u0131.<\/strong><\/li>\n<\/ul>\n<h3>YANGIN S\u00d6ND\u00dcRME U\u00c7A\u011eI HIRVAT\u0130STAN&rsquo;DA KAYBOLDU<\/h3>\n<p>G\u00fcrcistan&rsquo;da d\u00fc\u015fen askeri kargo u\u00e7a\u011f\u0131nda \u015fehit olan 20 askerimizin ac\u0131s\u0131 dinmemi\u015fken, bir k\u00f6t\u00fc haber daha geldi. Bak\u0131m i\u00e7in H\u0131rvatistan&rsquo;\u0131n ba\u015fkenti Zagreb&rsquo;e giden Orman Genel M\u00fcd\u00fcrl\u00fc\u011f\u00fc&rsquo;ne ait 2 adet AT802 yang\u0131n s\u00f6nd\u00fcrme u\u00e7a\u011f\u0131ndan birisi ile telsiz irtibat\u0131 kesildi. U\u00e7aklar\u0131n Rejika Havaalan\u0131&rsquo;ndan Zagreb&rsquo;e gitmek i\u00e7in havaland\u0131\u011f\u0131 ancak hava ko\u015fullar\u0131 nedeniyle Rejika&rsquo;ya d\u00f6nerken olay\u0131n ger\u00e7ekle\u015fti\u011fi \u00f6\u011frenildi.<\/p>\n<p><img loading=\"lazy\" decoding=\"async\" class=\"hbptMainImage ImgDetay\" src=\"https:\/\/foto.haberler.com\/crop\/640x476\/haber\/2025\/11\/13\/yangin-sondurme-ucagi-hirvatistan-da-dustu-pilot-19251372_3014_m.jpg\" alt=\"Yang\u0131n s\u00f6nd\u00fcrme u\u00e7a\u011f\u0131 H\u0131rvatistan'da d\u00fc\u015ft\u00fc, pilot \u015fehit oldu\" width=\"300\" height=\"200\" \/><\/p>\n<h3>ENKAZA ULA\u015eILDI, P\u0130LOT \u015eEH\u0130T OLDU<\/h3>\n<p>Arama kurtarma \u00e7al\u0131\u015fmalar\u0131ndan ac\u0131 haber geldi. Tar\u0131m ve Orman Bakan\u0131 \u0130brahim Yumakl\u0131 u\u00e7a\u011f\u0131n enkaz\u0131na ula\u015f\u0131ld\u0131\u011f\u0131n\u0131, pilotun \u015fehit oldu\u011funu a\u00e7\u0131klad\u0131. Bakan Yumakl\u0131 a\u00e7\u0131klamas\u0131nda \u015fu ifadelere yer verdi: \u00ab\u00a0H\u0131rvatistan&rsquo;da telsiz irtibat\u0131 kesilen Orman Genel M\u00fcd\u00fcrl\u00fc\u011f\u00fcm\u00fcze ait yang\u0131n s\u00f6nd\u00fcrme u\u00e7a\u011f\u0131m\u0131z\u0131n enkaz\u0131na H\u0131rvatistan&rsquo;\u0131n Senj kenti yak\u0131nlar\u0131nda ula\u015f\u0131lm\u0131\u015ft\u0131r. Elim kazada \u015fehit olan pilotumuza Allah&rsquo;tan rahmet, ailesine ve sevenlerine ba\u015fsa\u011fl\u0131\u011f\u0131 ve sab\u0131r diliyorum. Orman te\u015fkilat\u0131m\u0131z\u0131n ve aziz milletimizin ba\u015f\u0131 sa\u011f olsun.\u00a0\u00bb<\/p>\n<div id=\"google_ads_iframe_\/29678983\/Haberler\/\/Desktop\/Detaysayfa\/\/haberarasi\/\/336x280_0__container__\"><iframe id=\"google_ads_iframe_\/29678983\/Haberler\/\/Desktop\/Detaysayfa\/\/haberarasi\/\/336x280_0\" tabindex=\"0\" title=\"3rd party ad content\" name=\"google_ads_iframe_\/29678983\/Haberler\/\/Desktop\/Detaysayfa\/\/haberarasi\/\/336x280_0\" width=\"336\" height=\"280\" frameborder=\"0\" marginwidth=\"0\" marginheight=\"0\" scrolling=\"no\" aria-label=\"Advertisement\" data-load-complete=\"true\" data-google-container-id=\"4\" data-mce-fragment=\"1\"><\/iframe><\/div>\n<p><img loading=\"lazy\" decoding=\"async\" class=\"hbptMainImage ImgDetay\" src=\"https:\/\/foto.haberler.com\/crop\/640x476\/haber\/2025\/11\/13\/yangin-sondurme-ucagi-hirvatistan-da-dustu-pilot-19251372_7086_m.jpg\" alt=\"Yang\u0131n s\u00f6nd\u00fcrme u\u00e7a\u011f\u0131 H\u0131rvatistan'da d\u00fc\u015ft\u00fc, pilot \u015fehit oldu\" width=\"300\" height=\"200\" \/><\/p>\n<h3>\u015eEH\u0130T P\u0130LOT, A\u011eUSTOS AYINDAK\u0130 KAZADAN YARALI KURTULMU\u015e<\/h3>\n<p>\u015eehit pilotun isminin Hasan Bahar oldu\u011fu \u00f6\u011frenildi. Bahar&rsquo;\u0131n, A\u011fustos ay\u0131nda Mu\u011fla&rsquo;n\u0131n Yata\u011fan il\u00e7esinde ya\u015fanan u\u00e7ak kazas\u0131ndan yaral\u0131 olarak kurtuldu\u011fu ortaya \u00e7\u0131kt\u0131.<\/p>\n<p><img loading=\"lazy\" decoding=\"async\" class=\"hbptMainImage ImgDetay\" title=\"Pilot Hasan Bahar\" src=\"https:\/\/foto.haberler.com\/crop\/640x640\/haber\/2025\/11\/13\/yangin-sondurme-ucagi-hirvatistan-da-dustu-pilot-19251372_7874_m.jpg\" alt=\"Pilot Hasan Bahar\" width=\"300\" height=\"200\" \/><span class=\"figcaption\">Pilot Hasan Bahar<\/span><\/p>\n<h3>AT-802 T\u0130P\u0130 U\u00c7A\u011eIN \u00d6ZELL\u0130KLER\u0130<\/h3>\n<p>Air Tractor AT-802, ba\u015flang\u0131\u00e7ta tar\u0131msal ama\u00e7lar i\u00e7in tasarlanm\u0131\u015f olmas\u0131na ra\u011fmen, g\u00fcn\u00fcm\u00fczde orman ve arazi yang\u0131nlar\u0131yla m\u00fccadelede kritik bir rol \u00fcstlenen, tek motorlu turboprop bir hava arac\u0131d\u0131r. U\u00e7ak, 1350 ila 1600 beygir g\u00fcc\u00fcne sahip g\u00fc\u00e7l\u00fc bir Pratt &amp; Whitney PT6A serisi motorla donat\u0131lm\u0131\u015ft\u0131r ve bu sayede yakla\u015f\u0131k 3.100 litre (820 galon) su veya yang\u0131n s\u00f6nd\u00fcrme geciktirici kimyasal ta\u015f\u0131ma kapasitesine ula\u015f\u0131r. AT-802&rsquo;nin en ay\u0131rt edici \u00f6zelli\u011fi, genellikle Fire Boss varyant\u0131nda g\u00f6r\u00fclen amfibik yetene\u011fidir. Bu versiyon, \u015famand\u0131ral\u0131 ini\u015f tak\u0131mlar\u0131 sayesinde karan\u0131n yan\u0131 s\u0131ra g\u00f6l veya deniz gibi su y\u00fczeylerine de inip kalkabilir.<\/p>\n<p>Bu kabiliyet, u\u00e7a\u011f\u0131n yerdeki dolum noktalar\u0131na ba\u011f\u0131ml\u0131l\u0131\u011f\u0131n\u0131 ortadan kald\u0131rarak, 20-30 saniye gibi son derece k\u0131sa bir s\u00fcrede su kayna\u011f\u0131ndan deposunu doldurmas\u0131n\u0131 sa\u011flar. Bu h\u0131z ve esneklik, \u00f6zellikle yang\u0131nlara h\u0131zl\u0131 ilk m\u00fcdahale ve alevlerin yay\u0131lmas\u0131n\u0131 engelleme g\u00f6revlerinde AT-802&rsquo;yi son derece verimli ve k\u00fcresel \u00e7apta tercih edilen bir hafif s\u0131n\u0131f s\u00f6nd\u00fcrme ara\u0131 haline getirir.<\/p>\n<p><img loading=\"lazy\" decoding=\"async\" class=\"hbptMainImage ImgDetay\" src=\"https:\/\/foto.haberler.com\/crop\/640x635\/haber\/2025\/11\/13\/yangin-sondurme-ucagi-hirvatistan-da-dustu-pilot-19251372_85_m.jpg\" alt=\"Yang\u0131n s\u00f6nd\u00fcrme u\u00e7a\u011f\u0131 H\u0131rvatistan'da d\u00fc\u015ft\u00fc, pilot \u015fehit oldu\" width=\"300\" height=\"200\" \/><\/p>\n<p>U\u00e7a\u011f\u0131n maliyet-etkinli\u011fi ve dar vadilerde bile y\u00fcksek manevra kabiliyeti, b\u00fcy\u00fck yang\u0131n s\u00f6nd\u00fcrme tankerlerine g\u00f6re daha al\u00e7ak irtifada, nokta at\u0131\u015f\u0131 g\u00f6revler i\u00e7in ideal bir \u00e7\u00f6z\u00fcm sunmaktad\u0131r.<\/p>\n<p><strong>\u0130\u015fte enkazdan foto\u011fraflar:<\/strong><\/p>\n<p><img loading=\"lazy\" decoding=\"async\" class=\"hbptMainImage ImgDetay\" src=\"https:\/\/foto.haberler.com\/crop\/640x853\/haber\/2025\/11\/13\/yangin-sondurme-ucagi-hirvatistan-da-dustu-pilot-19251372_3124_m.jpg\" alt=\"Yang\u0131n s\u00f6nd\u00fcrme u\u00e7a\u011f\u0131 H\u0131rvatistan'da d\u00fc\u015ft\u00fc, pilot \u015fehit oldu\" width=\"300\" height=\"200\" \/><\/p>\n<p><img loading=\"lazy\" decoding=\"async\" class=\"hbptMainImage ImgDetay\" src=\"https:\/\/foto.haberler.com\/crop\/640x853\/haber\/2025\/11\/13\/yangin-sondurme-ucagi-hirvatistan-da-dustu-pilot-19251372_8033_m.jpg\" alt=\"Yang\u0131n s\u00f6nd\u00fcrme u\u00e7a\u011f\u0131 H\u0131rvatistan'da d\u00fc\u015ft\u00fc, pilot \u015fehit oldu\" width=\"300\" height=\"200\" \/><\/p>\n<p><img loading=\"lazy\" decoding=\"async\" class=\"hbptMainImage ImgDetay\" src=\"https:\/\/foto.haberler.com\/crop\/640x853\/haber\/2025\/11\/13\/yangin-sondurme-ucagi-hirvatistan-da-dustu-pilot-19251372_7236_m.jpg\" alt=\"Yang\u0131n s\u00f6nd\u00fcrme u\u00e7a\u011f\u0131 H\u0131rvatistan'da d\u00fc\u015ft\u00fc, pilot \u015fehit oldu\" width=\"300\" height=\"200\" \/><\/p>\n<div class=\"px-24 px-md-16\">\n<div class=\"editorSade\"><strong>Bilgin\u00a0 Ozcifci\u00a0 \u00a0 \u00a0 \u00a0\/\u00a0 \u00a0 \u00a0 AVRUPAPRESS<\/strong><\/div>\n<\/div>\n","protected":false},"excerpt":{"rendered":"<p>Bak\u0131m i\u00e7in \u00c7anakkale&rsquo;den H\u0131rvatistan&rsquo;a giden 2 adet AT802 tipi yang\u0131n s\u00f6nd\u00fcrme u\u00e7a\u011f\u0131ndan biri ile ba\u011flant\u0131 koptu. Zagreb&rsquo;e gitmek i\u00e7in havalanan u\u00e7aklar\u0131n hava muhalefeti nedeniyle Rejika Havaliman\u0131&rsquo;na d\u00f6nerken olay\u0131n ger\u00e7ekle\u015fti\u011fi \u00f6\u011frenilirken, Tar\u0131m ve Orman Bakan\u0131 \u0130brahim Yumakl\u0131 u\u00e7a\u011f\u0131n enkaz\u0131na ula\u015f\u0131ld\u0131\u011f\u0131n\u0131, pilotun \u015fehit oldu\u011funu a\u00e7\u0131klad\u0131. Orman Genel M\u00fcd\u00fcrl\u00fc\u011f\u00fc&rsquo;ne ait bir yang\u0131n s\u00f6nd\u00fcrme u\u00e7a\u011f\u0131 H\u0131rvatistan&rsquo;da d\u00fc\u015ft\u00fc ve pilot [&hellip;]<\/p>\n","protected":false},"author":3,"featured_media":31506,"comment_status":"closed","ping_status":"open","sticky":false,"template":"","format":"standard","meta":{"footnotes":""},"categories":[14,16,3,17,18,15,19,2,1],"tags":[],"class_list":["post-31505","post","type-post","status-publish","format-standard","has-post-thumbnail","hentry","category-avrupa","category-belcika","category-dunya","category-ekonomi","category-kultur-sanat","category-spor","category-tanitim","category-turkiye","category-uncategorized"],"yoast_head":"<!-- This site is optimized with the Yoast SEO plugin v26.9 - https:\/\/yoast.com\/product\/yoast-seo-wordpress\/ -->\n<title>T\u00fcrkiye&#039;nin Yang\u0131n s\u00f6nd\u00fcrme u\u00e7a\u011f\u0131 H\u0131rvatistan&#039;da d\u00fc\u015ft\u00fc, pilot \u015fehit oldu... - AvrupaPress<\/title>\n<meta name=\"robots\" content=\"index, follow, max-snippet:-1, max-image-preview:large, max-video-preview:-1\" \/>\n<link rel=\"canonical\" href=\"https:\/\/avrupapress.com\/main\/2025\/11\/13\/turkiyenin-yangin-sondurme-ucagi-hirvatistanda-dustu-pilot-sehit-oldu\/\" \/>\n<meta property=\"og:locale\" content=\"fr_FR\" \/>\n<meta property=\"og:type\" content=\"article\" \/>\n<meta property=\"og:title\" content=\"T\u00fcrkiye&#039;nin Yang\u0131n s\u00f6nd\u00fcrme u\u00e7a\u011f\u0131 H\u0131rvatistan&#039;da d\u00fc\u015ft\u00fc, pilot \u015fehit oldu... - AvrupaPress\" \/>\n<meta property=\"og:description\" content=\"Bak\u0131m i\u00e7in \u00c7anakkale&rsquo;den H\u0131rvatistan&rsquo;a giden 2 adet AT802 tipi yang\u0131n s\u00f6nd\u00fcrme u\u00e7a\u011f\u0131ndan biri ile ba\u011flant\u0131 koptu. Zagreb&rsquo;e gitmek i\u00e7in havalanan u\u00e7aklar\u0131n hava muhalefeti nedeniyle Rejika Havaliman\u0131&rsquo;na d\u00f6nerken olay\u0131n ger\u00e7ekle\u015fti\u011fi \u00f6\u011frenilirken, Tar\u0131m ve Orman Bakan\u0131 \u0130brahim Yumakl\u0131 u\u00e7a\u011f\u0131n enkaz\u0131na ula\u015f\u0131ld\u0131\u011f\u0131n\u0131, pilotun \u015fehit oldu\u011funu a\u00e7\u0131klad\u0131. Orman Genel M\u00fcd\u00fcrl\u00fc\u011f\u00fc&rsquo;ne ait bir yang\u0131n s\u00f6nd\u00fcrme u\u00e7a\u011f\u0131 H\u0131rvatistan&rsquo;da d\u00fc\u015ft\u00fc ve pilot [&hellip;]\" \/>\n<meta property=\"og:url\" content=\"https:\/\/avrupapress.com\/main\/2025\/11\/13\/turkiyenin-yangin-sondurme-ucagi-hirvatistanda-dustu-pilot-sehit-oldu\/\" \/>\n<meta property=\"og:site_name\" content=\"AvrupaPress\" \/>\n<meta property=\"article:published_time\" content=\"2025-11-13T20:38:29+00:00\" \/>\n<meta property=\"article:modified_time\" content=\"2025-11-13T20:38:35+00:00\" \/>\n<meta property=\"og:image\" content=\"https:\/\/avrupapress.com\/main\/wp-content\/uploads\/2025\/11\/yangin-sondurme-ucagi-hirvatistan-da-dustu-pilot-19251372_1515_amp.webp\" \/>\n\t<meta property=\"og:image:width\" content=\"1200\" \/>\n\t<meta property=\"og:image:height\" content=\"800\" \/>\n\t<meta property=\"og:image:type\" content=\"image\/webp\" \/>\n<meta name=\"author\" content=\"Edit\u00f6r\" \/>\n<meta name=\"twitter:card\" content=\"summary_large_image\" \/>\n<meta name=\"twitter:label1\" content=\"\u00c9crit par\" \/>\n\t<meta name=\"twitter:data1\" content=\"Edit\u00f6r\" \/>\n\t<meta name=\"twitter:label2\" content=\"Dur\u00e9e de lecture est.\" \/>\n\t<meta name=\"twitter:data2\" content=\"4 minutes\" \/>\n<script type=\"application\/ld+json\" class=\"yoast-schema-graph\">{\"@context\":\"https:\/\/schema.org\",\"@graph\":[{\"@type\":\"Article\",\"@id\":\"https:\/\/avrupapress.com\/main\/2025\/11\/13\/turkiyenin-yangin-sondurme-ucagi-hirvatistanda-dustu-pilot-sehit-oldu\/#article\",\"isPartOf\":{\"@id\":\"https:\/\/avrupapress.com\/main\/2025\/11\/13\/turkiyenin-yangin-sondurme-ucagi-hirvatistanda-dustu-pilot-sehit-oldu\/\"},\"author\":{\"name\":\"Edit\u00f6r\",\"@id\":\"https:\/\/avrupapress.com\/#\/schema\/person\/68428444ec60970d1e1b700cf4ca1e8f\"},\"headline\":\"T\u00fcrkiye&rsquo;nin Yang\u0131n s\u00f6nd\u00fcrme u\u00e7a\u011f\u0131 H\u0131rvatistan&rsquo;da d\u00fc\u015ft\u00fc, pilot \u015fehit oldu&#8230;\",\"datePublished\":\"2025-11-13T20:38:29+00:00\",\"dateModified\":\"2025-11-13T20:38:35+00:00\",\"mainEntityOfPage\":{\"@id\":\"https:\/\/avrupapress.com\/main\/2025\/11\/13\/turkiyenin-yangin-sondurme-ucagi-hirvatistanda-dustu-pilot-sehit-oldu\/\"},\"wordCount\":688,\"publisher\":{\"@id\":\"https:\/\/avrupapress.com\/#\/schema\/person\/0223dca19c72c43575bf30d1a2d8f4fa\"},\"image\":{\"@id\":\"https:\/\/avrupapress.com\/main\/2025\/11\/13\/turkiyenin-yangin-sondurme-ucagi-hirvatistanda-dustu-pilot-sehit-oldu\/#primaryimage\"},\"thumbnailUrl\":\"https:\/\/avrupapress.com\/main\/wp-content\/uploads\/2025\/11\/yangin-sondurme-ucagi-hirvatistan-da-dustu-pilot-19251372_1515_amp.webp\",\"articleSection\":[\"Avrupa\",\"Bel\u00e7ika\",\"D\u00fcnya\",\"Ekonomi\",\"K\u00fclt\u00fcr-Sanat\",\"Spor\",\"Tan\u0131t\u0131m\",\"T\u00fcrkiye\",\"Uncategorized\"],\"inLanguage\":\"fr-BE\"},{\"@type\":\"WebPage\",\"@id\":\"https:\/\/avrupapress.com\/main\/2025\/11\/13\/turkiyenin-yangin-sondurme-ucagi-hirvatistanda-dustu-pilot-sehit-oldu\/\",\"url\":\"https:\/\/avrupapress.com\/main\/2025\/11\/13\/turkiyenin-yangin-sondurme-ucagi-hirvatistanda-dustu-pilot-sehit-oldu\/\",\"name\":\"T\u00fcrkiye'nin Yang\u0131n s\u00f6nd\u00fcrme u\u00e7a\u011f\u0131 H\u0131rvatistan'da d\u00fc\u015ft\u00fc, pilot \u015fehit oldu... - AvrupaPress\",\"isPartOf\":{\"@id\":\"https:\/\/avrupapress.com\/#website\"},\"primaryImageOfPage\":{\"@id\":\"https:\/\/avrupapress.com\/main\/2025\/11\/13\/turkiyenin-yangin-sondurme-ucagi-hirvatistanda-dustu-pilot-sehit-oldu\/#primaryimage\"},\"image\":{\"@id\":\"https:\/\/avrupapress.com\/main\/2025\/11\/13\/turkiyenin-yangin-sondurme-ucagi-hirvatistanda-dustu-pilot-sehit-oldu\/#primaryimage\"},\"thumbnailUrl\":\"https:\/\/avrupapress.com\/main\/wp-content\/uploads\/2025\/11\/yangin-sondurme-ucagi-hirvatistan-da-dustu-pilot-19251372_1515_amp.webp\",\"datePublished\":\"2025-11-13T20:38:29+00:00\",\"dateModified\":\"2025-11-13T20:38:35+00:00\",\"breadcrumb\":{\"@id\":\"https:\/\/avrupapress.com\/main\/2025\/11\/13\/turkiyenin-yangin-sondurme-ucagi-hirvatistanda-dustu-pilot-sehit-oldu\/#breadcrumb\"},\"inLanguage\":\"fr-BE\",\"potentialAction\":[{\"@type\":\"ReadAction\",\"target\":[\"https:\/\/avrupapress.com\/main\/2025\/11\/13\/turkiyenin-yangin-sondurme-ucagi-hirvatistanda-dustu-pilot-sehit-oldu\/\"]}]},{\"@type\":\"ImageObject\",\"inLanguage\":\"fr-BE\",\"@id\":\"https:\/\/avrupapress.com\/main\/2025\/11\/13\/turkiyenin-yangin-sondurme-ucagi-hirvatistanda-dustu-pilot-sehit-oldu\/#primaryimage\",\"url\":\"https:\/\/avrupapress.com\/main\/wp-content\/uploads\/2025\/11\/yangin-sondurme-ucagi-hirvatistan-da-dustu-pilot-19251372_1515_amp.webp\",\"contentUrl\":\"https:\/\/avrupapress.com\/main\/wp-content\/uploads\/2025\/11\/yangin-sondurme-ucagi-hirvatistan-da-dustu-pilot-19251372_1515_amp.webp\",\"width\":1200,\"height\":800},{\"@type\":\"BreadcrumbList\",\"@id\":\"https:\/\/avrupapress.com\/main\/2025\/11\/13\/turkiyenin-yangin-sondurme-ucagi-hirvatistanda-dustu-pilot-sehit-oldu\/#breadcrumb\",\"itemListElement\":[{\"@type\":\"ListItem\",\"position\":1,\"name\":\"Anasayfa\",\"item\":\"https:\/\/avrupapress.com\/\"},{\"@type\":\"ListItem\",\"position\":2,\"name\":\"T\u00fcrkiye&#8217;nin Yang\u0131n s\u00f6nd\u00fcrme u\u00e7a\u011f\u0131 H\u0131rvatistan&#8217;da d\u00fc\u015ft\u00fc, pilot \u015fehit oldu&#8230;\"}]},{\"@type\":\"WebSite\",\"@id\":\"https:\/\/avrupapress.com\/#website\",\"url\":\"https:\/\/avrupapress.com\/\",\"name\":\"AvrupaPress\",\"description\":\"Haberin Adresi\",\"publisher\":{\"@id\":\"https:\/\/avrupapress.com\/#\/schema\/person\/0223dca19c72c43575bf30d1a2d8f4fa\"},\"potentialAction\":[{\"@type\":\"SearchAction\",\"target\":{\"@type\":\"EntryPoint\",\"urlTemplate\":\"https:\/\/avrupapress.com\/?s={search_term_string}\"},\"query-input\":{\"@type\":\"PropertyValueSpecification\",\"valueRequired\":true,\"valueName\":\"search_term_string\"}}],\"inLanguage\":\"fr-BE\"},{\"@type\":[\"Person\",\"Organization\"],\"@id\":\"https:\/\/avrupapress.com\/#\/schema\/person\/0223dca19c72c43575bf30d1a2d8f4fa\",\"name\":\"Bilgin \u00d6z\u00e7ift\u00e7i\",\"image\":{\"@type\":\"ImageObject\",\"inLanguage\":\"fr-BE\",\"@id\":\"https:\/\/avrupapress.com\/#\/schema\/person\/image\/\",\"url\":\"https:\/\/secure.gravatar.com\/avatar\/0f23b280433a21e1ea7a0adcc46ed0ad16afe3ad8e630fd13d8a017dcbd54ef3?s=96&d=mm&r=g\",\"contentUrl\":\"https:\/\/secure.gravatar.com\/avatar\/0f23b280433a21e1ea7a0adcc46ed0ad16afe3ad8e630fd13d8a017dcbd54ef3?s=96&d=mm&r=g\",\"caption\":\"Bilgin \u00d6z\u00e7ift\u00e7i\"},\"logo\":{\"@id\":\"https:\/\/avrupapress.com\/#\/schema\/person\/image\/\"},\"description\":\"Ne ben, nede sen... Biz ancak \\\"biz\\\" olursak g\u00fc\u00e7l\u00fc olabiliriz\"},{\"@type\":\"Person\",\"@id\":\"https:\/\/avrupapress.com\/#\/schema\/person\/68428444ec60970d1e1b700cf4ca1e8f\",\"name\":\"Edit\u00f6r\",\"image\":{\"@type\":\"ImageObject\",\"inLanguage\":\"fr-BE\",\"@id\":\"https:\/\/avrupapress.com\/#\/schema\/person\/image\/\",\"url\":\"https:\/\/secure.gravatar.com\/avatar\/74996b0977aa5f1559ba9883776652508b229005c0d78fb2597897f0bd651c09?s=96&d=mm&r=g\",\"contentUrl\":\"https:\/\/secure.gravatar.com\/avatar\/74996b0977aa5f1559ba9883776652508b229005c0d78fb2597897f0bd651c09?s=96&d=mm&r=g\",\"caption\":\"Edit\u00f6r\"},\"sameAs\":[\"http:\/\/www.avrupapress.com\"],\"url\":\"https:\/\/avrupapress.com\/main\/author\/editor\/\"}]}<\/script>\n<!-- \/ Yoast SEO plugin. -->","yoast_head_json":{"title":"T\u00fcrkiye'nin Yang\u0131n s\u00f6nd\u00fcrme u\u00e7a\u011f\u0131 H\u0131rvatistan'da d\u00fc\u015ft\u00fc, pilot \u015fehit oldu... - AvrupaPress","robots":{"index":"index","follow":"follow","max-snippet":"max-snippet:-1","max-image-preview":"max-image-preview:large","max-video-preview":"max-video-preview:-1"},"canonical":"https:\/\/avrupapress.com\/main\/2025\/11\/13\/turkiyenin-yangin-sondurme-ucagi-hirvatistanda-dustu-pilot-sehit-oldu\/","og_locale":"fr_FR","og_type":"article","og_title":"T\u00fcrkiye'nin Yang\u0131n s\u00f6nd\u00fcrme u\u00e7a\u011f\u0131 H\u0131rvatistan'da d\u00fc\u015ft\u00fc, pilot \u015fehit oldu... - AvrupaPress","og_description":"Bak\u0131m i\u00e7in \u00c7anakkale&rsquo;den H\u0131rvatistan&rsquo;a giden 2 adet AT802 tipi yang\u0131n s\u00f6nd\u00fcrme u\u00e7a\u011f\u0131ndan biri ile ba\u011flant\u0131 koptu. Zagreb&rsquo;e gitmek i\u00e7in havalanan u\u00e7aklar\u0131n hava muhalefeti nedeniyle Rejika Havaliman\u0131&rsquo;na d\u00f6nerken olay\u0131n ger\u00e7ekle\u015fti\u011fi \u00f6\u011frenilirken, Tar\u0131m ve Orman Bakan\u0131 \u0130brahim Yumakl\u0131 u\u00e7a\u011f\u0131n enkaz\u0131na ula\u015f\u0131ld\u0131\u011f\u0131n\u0131, pilotun \u015fehit oldu\u011funu a\u00e7\u0131klad\u0131. Orman Genel M\u00fcd\u00fcrl\u00fc\u011f\u00fc&rsquo;ne ait bir yang\u0131n s\u00f6nd\u00fcrme u\u00e7a\u011f\u0131 H\u0131rvatistan&rsquo;da d\u00fc\u015ft\u00fc ve pilot [&hellip;]","og_url":"https:\/\/avrupapress.com\/main\/2025\/11\/13\/turkiyenin-yangin-sondurme-ucagi-hirvatistanda-dustu-pilot-sehit-oldu\/","og_site_name":"AvrupaPress","article_published_time":"2025-11-13T20:38:29+00:00","article_modified_time":"2025-11-13T20:38:35+00:00","og_image":[{"width":1200,"height":800,"url":"https:\/\/avrupapress.com\/main\/wp-content\/uploads\/2025\/11\/yangin-sondurme-ucagi-hirvatistan-da-dustu-pilot-19251372_1515_amp.webp","type":"image\/webp"}],"author":"Edit\u00f6r","twitter_card":"summary_large_image","twitter_misc":{"\u00c9crit par":"Edit\u00f6r","Dur\u00e9e de lecture est.":"4 minutes"},"schema":{"@context":"https:\/\/schema.org","@graph":[{"@type":"Article","@id":"https:\/\/avrupapress.com\/main\/2025\/11\/13\/turkiyenin-yangin-sondurme-ucagi-hirvatistanda-dustu-pilot-sehit-oldu\/#article","isPartOf":{"@id":"https:\/\/avrupapress.com\/main\/2025\/11\/13\/turkiyenin-yangin-sondurme-ucagi-hirvatistanda-dustu-pilot-sehit-oldu\/"},"author":{"name":"Edit\u00f6r","@id":"https:\/\/avrupapress.com\/#\/schema\/person\/68428444ec60970d1e1b700cf4ca1e8f"},"headline":"T\u00fcrkiye&rsquo;nin Yang\u0131n s\u00f6nd\u00fcrme u\u00e7a\u011f\u0131 H\u0131rvatistan&rsquo;da d\u00fc\u015ft\u00fc, pilot \u015fehit oldu&#8230;","datePublished":"2025-11-13T20:38:29+00:00","dateModified":"2025-11-13T20:38:35+00:00","mainEntityOfPage":{"@id":"https:\/\/avrupapress.com\/main\/2025\/11\/13\/turkiyenin-yangin-sondurme-ucagi-hirvatistanda-dustu-pilot-sehit-oldu\/"},"wordCount":688,"publisher":{"@id":"https:\/\/avrupapress.com\/#\/schema\/person\/0223dca19c72c43575bf30d1a2d8f4fa"},"image":{"@id":"https:\/\/avrupapress.com\/main\/2025\/11\/13\/turkiyenin-yangin-sondurme-ucagi-hirvatistanda-dustu-pilot-sehit-oldu\/#primaryimage"},"thumbnailUrl":"https:\/\/avrupapress.com\/main\/wp-content\/uploads\/2025\/11\/yangin-sondurme-ucagi-hirvatistan-da-dustu-pilot-19251372_1515_amp.webp","articleSection":["Avrupa","Bel\u00e7ika","D\u00fcnya","Ekonomi","K\u00fclt\u00fcr-Sanat","Spor","Tan\u0131t\u0131m","T\u00fcrkiye","Uncategorized"],"inLanguage":"fr-BE"},{"@type":"WebPage","@id":"https:\/\/avrupapress.com\/main\/2025\/11\/13\/turkiyenin-yangin-sondurme-ucagi-hirvatistanda-dustu-pilot-sehit-oldu\/","url":"https:\/\/avrupapress.com\/main\/2025\/11\/13\/turkiyenin-yangin-sondurme-ucagi-hirvatistanda-dustu-pilot-sehit-oldu\/","name":"T\u00fcrkiye'nin Yang\u0131n s\u00f6nd\u00fcrme u\u00e7a\u011f\u0131 H\u0131rvatistan'da d\u00fc\u015ft\u00fc, pilot \u015fehit oldu... - AvrupaPress","isPartOf":{"@id":"https:\/\/avrupapress.com\/#website"},"primaryImageOfPage":{"@id":"https:\/\/avrupapress.com\/main\/2025\/11\/13\/turkiyenin-yangin-sondurme-ucagi-hirvatistanda-dustu-pilot-sehit-oldu\/#primaryimage"},"image":{"@id":"https:\/\/avrupapress.com\/main\/2025\/11\/13\/turkiyenin-yangin-sondurme-ucagi-hirvatistanda-dustu-pilot-sehit-oldu\/#primaryimage"},"thumbnailUrl":"https:\/\/avrupapress.com\/main\/wp-content\/uploads\/2025\/11\/yangin-sondurme-ucagi-hirvatistan-da-dustu-pilot-19251372_1515_amp.webp","datePublished":"2025-11-13T20:38:29+00:00","dateModified":"2025-11-13T20:38:35+00:00","breadcrumb":{"@id":"https:\/\/avrupapress.com\/main\/2025\/11\/13\/turkiyenin-yangin-sondurme-ucagi-hirvatistanda-dustu-pilot-sehit-oldu\/#breadcrumb"},"inLanguage":"fr-BE","potentialAction":[{"@type":"ReadAction","target":["https:\/\/avrupapress.com\/main\/2025\/11\/13\/turkiyenin-yangin-sondurme-ucagi-hirvatistanda-dustu-pilot-sehit-oldu\/"]}]},{"@type":"ImageObject","inLanguage":"fr-BE","@id":"https:\/\/avrupapress.com\/main\/2025\/11\/13\/turkiyenin-yangin-sondurme-ucagi-hirvatistanda-dustu-pilot-sehit-oldu\/#primaryimage","url":"https:\/\/avrupapress.com\/main\/wp-content\/uploads\/2025\/11\/yangin-sondurme-ucagi-hirvatistan-da-dustu-pilot-19251372_1515_amp.webp","contentUrl":"https:\/\/avrupapress.com\/main\/wp-content\/uploads\/2025\/11\/yangin-sondurme-ucagi-hirvatistan-da-dustu-pilot-19251372_1515_amp.webp","width":1200,"height":800},{"@type":"BreadcrumbList","@id":"https:\/\/avrupapress.com\/main\/2025\/11\/13\/turkiyenin-yangin-sondurme-ucagi-hirvatistanda-dustu-pilot-sehit-oldu\/#breadcrumb","itemListElement":[{"@type":"ListItem","position":1,"name":"Anasayfa","item":"https:\/\/avrupapress.com\/"},{"@type":"ListItem","position":2,"name":"T\u00fcrkiye&#8217;nin Yang\u0131n s\u00f6nd\u00fcrme u\u00e7a\u011f\u0131 H\u0131rvatistan&#8217;da d\u00fc\u015ft\u00fc, pilot \u015fehit oldu&#8230;"}]},{"@type":"WebSite","@id":"https:\/\/avrupapress.com\/#website","url":"https:\/\/avrupapress.com\/","name":"AvrupaPress","description":"Haberin Adresi","publisher":{"@id":"https:\/\/avrupapress.com\/#\/schema\/person\/0223dca19c72c43575bf30d1a2d8f4fa"},"potentialAction":[{"@type":"SearchAction","target":{"@type":"EntryPoint","urlTemplate":"https:\/\/avrupapress.com\/?s={search_term_string}"},"query-input":{"@type":"PropertyValueSpecification","valueRequired":true,"valueName":"search_term_string"}}],"inLanguage":"fr-BE"},{"@type":["Person","Organization"],"@id":"https:\/\/avrupapress.com\/#\/schema\/person\/0223dca19c72c43575bf30d1a2d8f4fa","name":"Bilgin \u00d6z\u00e7ift\u00e7i","image":{"@type":"ImageObject","inLanguage":"fr-BE","@id":"https:\/\/avrupapress.com\/#\/schema\/person\/image\/","url":"https:\/\/secure.gravatar.com\/avatar\/0f23b280433a21e1ea7a0adcc46ed0ad16afe3ad8e630fd13d8a017dcbd54ef3?s=96&d=mm&r=g","contentUrl":"https:\/\/secure.gravatar.com\/avatar\/0f23b280433a21e1ea7a0adcc46ed0ad16afe3ad8e630fd13d8a017dcbd54ef3?s=96&d=mm&r=g","caption":"Bilgin \u00d6z\u00e7ift\u00e7i"},"logo":{"@id":"https:\/\/avrupapress.com\/#\/schema\/person\/image\/"},"description":"Ne ben, nede sen... Biz ancak \"biz\" olursak g\u00fc\u00e7l\u00fc olabiliriz"},{"@type":"Person","@id":"https:\/\/avrupapress.com\/#\/schema\/person\/68428444ec60970d1e1b700cf4ca1e8f","name":"Edit\u00f6r","image":{"@type":"ImageObject","inLanguage":"fr-BE","@id":"https:\/\/avrupapress.com\/#\/schema\/person\/image\/","url":"https:\/\/secure.gravatar.com\/avatar\/74996b0977aa5f1559ba9883776652508b229005c0d78fb2597897f0bd651c09?s=96&d=mm&r=g","contentUrl":"https:\/\/secure.gravatar.com\/avatar\/74996b0977aa5f1559ba9883776652508b229005c0d78fb2597897f0bd651c09?s=96&d=mm&r=g","caption":"Edit\u00f6r"},"sameAs":["http:\/\/www.avrupapress.com"],"url":"https:\/\/avrupapress.com\/main\/author\/editor\/"}]}},"_links":{"self":[{"href":"https:\/\/avrupapress.com\/main\/wp-json\/wp\/v2\/posts\/31505","targetHints":{"allow":["GET"]}}],"collection":[{"href":"https:\/\/avrupapress.com\/main\/wp-json\/wp\/v2\/posts"}],"about":[{"href":"https:\/\/avrupapress.com\/main\/wp-json\/wp\/v2\/types\/post"}],"author":[{"embeddable":true,"href":"https:\/\/avrupapress.com\/main\/wp-json\/wp\/v2\/users\/3"}],"replies":[{"embeddable":true,"href":"https:\/\/avrupapress.com\/main\/wp-json\/wp\/v2\/comments?post=31505"}],"version-history":[{"count":1,"href":"https:\/\/avrupapress.com\/main\/wp-json\/wp\/v2\/posts\/31505\/revisions"}],"predecessor-version":[{"id":31507,"href":"https:\/\/avrupapress.com\/main\/wp-json\/wp\/v2\/posts\/31505\/revisions\/31507"}],"wp:featuredmedia":[{"embeddable":true,"href":"https:\/\/avrupapress.com\/main\/wp-json\/wp\/v2\/media\/31506"}],"wp:attachment":[{"href":"https:\/\/avrupapress.com\/main\/wp-json\/wp\/v2\/media?parent=31505"}],"wp:term":[{"taxonomy":"category","embeddable":true,"href":"https:\/\/avrupapress.com\/main\/wp-json\/wp\/v2\/categories?post=31505"},{"taxonomy":"post_tag","embeddable":true,"href":"https:\/\/avrupapress.com\/main\/wp-json\/wp\/v2\/tags?post=31505"}],"curies":[{"name":"wp","href":"https:\/\/api.w.org\/{rel}","templated":true}]}}