{"id":31494,"date":"2025-11-12T21:00:17","date_gmt":"2025-11-12T21:00:17","guid":{"rendered":"https:\/\/avrupapress.com\/main\/?p=31494"},"modified":"2025-11-12T21:00:25","modified_gmt":"2025-11-12T21:00:25","slug":"muazzez-abaci-hayatini-kaybetti","status":"publish","type":"post","link":"https:\/\/avrupapress.com\/main\/2025\/11\/12\/muazzez-abaci-hayatini-kaybetti\/","title":{"rendered":"Muazzez Abac\u0131 hayat\u0131n\u0131 kaybetti&#8230;"},"content":{"rendered":"<p><img loading=\"lazy\" decoding=\"async\" class=\"alignnone size-medium wp-image-31495\" src=\"https:\/\/avrupapress.com\/main\/wp-content\/uploads\/2025\/11\/bb1-1-768x437-1-300x171.webp\" alt=\"\" width=\"300\" height=\"171\" srcset=\"https:\/\/avrupapress.com\/main\/wp-content\/uploads\/2025\/11\/bb1-1-768x437-1-300x171.webp 300w, https:\/\/avrupapress.com\/main\/wp-content\/uploads\/2025\/11\/bb1-1-768x437-1-740x420.webp 740w, https:\/\/avrupapress.com\/main\/wp-content\/uploads\/2025\/11\/bb1-1-768x437-1.webp 768w\" sizes=\"auto, (max-width: 300px) 100vw, 300px\" \/><\/p>\n<p>T\u00fcrk Sanat M\u00fczi\u011finin usta ismi Muazzez Abac\u0131 78 ya\u015f\u0131nda, do\u011fum g\u00fcn\u00fcnde hayat\u0131n\u0131 kaybetti.<\/p>\n<p>Ge\u00e7ti\u011fimiz g\u00fcnlerde kalp krizi ge\u00e7irerek hastaneye kald\u0131r\u0131lan Muazzez Abac\u0131 78 ya\u015f\u0131nda hayat\u0131n\u0131 kaybetti.<\/p>\n<p>Ac\u0131 haberi \u00fcnl\u00fc sanat\u00e7\u0131n\u0131n menajeri Taner Budak duyurdu\u2026<\/p>\n<p>SANAT \u0130LE GE\u00c7EN B\u0130R \u00d6M\u00dcR<\/p>\n<p>Hicran Muazzez Abac\u0131, 2 Kas\u0131m 1947, Ankara do\u011fdu. Babas\u0131 Oktay Alt\u0131oklar\u2019d\u0131r. \u0130lkokula yat\u0131l\u0131 olarak ba\u015flad\u0131\u011f\u0131 Ankara Koleji\u2019nde liseye kadar okudu.<\/p>\n<p>RES\u0130MLER\u0130 B\u00dcY\u00dcTMEK \u0130\u00c7\u0130N \u00dcZER\u0130NE TIKLAYIN<\/p>\n<p>\u0130lk olarak Ankara Radyosuna 1966\u2019da girdi. 1973\u2019te ilk pla\u011f\u0131 Bir Sen Kald\u0131n \u0130\u00e7imde Kervan Plak yap\u0131mc\u0131l\u0131\u011f\u0131nda ile \u00e7\u0131kard\u0131. Klasik ve \u00e7ok sesli T\u00fcrk M\u00fczi\u011finin pop\u00fclerlik kazanmas\u0131n\u0131 sa\u011flayan isimlerden biri oldu ve \u00e7ok sevildi. Radyo y\u0131llar\u0131 sonras\u0131nda \u0130stanbul\u2019daki gazinolar\u0131n aran\u0131lan assolistlerinden biri olmakta gecikmedi ancak istikrars\u0131z \u00f6zel hayat\u0131 nedeniyle sahne ve plak \u00e7al\u0131\u015fmalar\u0131 kesintilere u\u011frad\u0131. S\u0131ras\u0131yla Kervan, As, Yavuz Plak \u015firketleri hesab\u0131na pek \u00e7ok 45\u2019lik ve LP doldurdu. Ba\u015fl\u0131ca alb\u00fcmleri D\u00f6n\u00fc\u015f (1978), Yasemen (1981), Sevdiklerinizle (1983), \u015eakay\u0131k (1986), Felek (1989), Vurgun (1990), Sensiz Olmad\u0131 (1991) ve Efendim (1992) olan sanat\u00e7\u0131 \u00f6zellikle \u201c\u015eakay\u0131k\u201d ve \u201cVurgun\u201d adl\u0131 kendisiyle \u00f6zde\u015fle\u015fmi\u015f iki eseriyle hemen hat\u0131rlan\u0131r.<\/p>\n<p>1990 y\u0131l\u0131nda Cemal Safi\u2019nin s\u00f6zlerini yazd\u0131\u011f\u0131 \u201cVurgun\u201d adl\u0131 \u015fark\u0131 ve alb\u00fcmle kariyerinin zirvesine \u00e7\u0131kan sanat\u00e7\u0131, 1998\u2019de K\u00fclt\u00fcr Bakanl\u0131\u011f\u0131\u2019n\u0131n tavsiyesiyle verilmeye ba\u015flanan Devlet Sanat\u00e7\u0131s\u0131 \u00fcnvan\u0131na l\u00e2y\u0131k g\u00f6r\u00fclm\u00fc\u015ft\u00fcr.<\/p>\n<p>2000\u2019li y\u0131llar\u0131n ba\u015flar\u0131nda, T\u00fcrk Sanat M\u00fczi\u011fi\u2019ndeki genel durgunlu\u011fun ve gerilemenin de etkisiyle, kendini m\u00fczik g\u00fcndeminden belirgin \u015fekilde geri \u00e7ekmi\u015ftir.<\/p>\n<p>1969 y\u0131l\u0131nda d\u00fcnyaya getirdi\u011fi doktor olan k\u0131z\u0131 Saba\u2019n\u0131n babas\u0131 ilk e\u015fi polis memuru Abdurrahman Abac\u0131\u2019d\u0131r. Daha sonra avukat Atilla Kurtba\u015f ile iki y\u0131l s\u00fcren (1973-1975) bir evlilik yapt\u0131.<\/p>\n<p>&nbsp;<\/p>\n<p>&nbsp;<\/p>\n","protected":false},"excerpt":{"rendered":"<p>T\u00fcrk Sanat M\u00fczi\u011finin usta ismi Muazzez Abac\u0131 78 ya\u015f\u0131nda, do\u011fum g\u00fcn\u00fcnde hayat\u0131n\u0131 kaybetti. Ge\u00e7ti\u011fimiz g\u00fcnlerde kalp krizi ge\u00e7irerek hastaneye kald\u0131r\u0131lan Muazzez Abac\u0131 78 ya\u015f\u0131nda hayat\u0131n\u0131 kaybetti. Ac\u0131 haberi \u00fcnl\u00fc sanat\u00e7\u0131n\u0131n menajeri Taner Budak duyurdu\u2026 SANAT \u0130LE GE\u00c7EN B\u0130R \u00d6M\u00dcR Hicran Muazzez Abac\u0131, 2 Kas\u0131m 1947, Ankara do\u011fdu. Babas\u0131 Oktay Alt\u0131oklar\u2019d\u0131r. \u0130lkokula yat\u0131l\u0131 olarak ba\u015flad\u0131\u011f\u0131 Ankara [&hellip;]<\/p>\n","protected":false},"author":3,"featured_media":31496,"comment_status":"closed","ping_status":"open","sticky":false,"template":"","format":"standard","meta":{"footnotes":""},"categories":[14,16,3,17,18,15,19,2,1],"tags":[],"class_list":["post-31494","post","type-post","status-publish","format-standard","has-post-thumbnail","hentry","category-avrupa","category-belcika","category-dunya","category-ekonomi","category-kultur-sanat","category-spor","category-tanitim","category-turkiye","category-uncategorized"],"yoast_head":"<!-- This site is optimized with the Yoast SEO plugin v26.9 - https:\/\/yoast.com\/product\/yoast-seo-wordpress\/ -->\n<title>Muazzez Abac\u0131 hayat\u0131n\u0131 kaybetti... - AvrupaPress<\/title>\n<meta name=\"robots\" content=\"index, follow, max-snippet:-1, max-image-preview:large, max-video-preview:-1\" \/>\n<link rel=\"canonical\" href=\"https:\/\/avrupapress.com\/main\/2025\/11\/12\/muazzez-abaci-hayatini-kaybetti\/\" \/>\n<meta property=\"og:locale\" content=\"fr_FR\" \/>\n<meta property=\"og:type\" content=\"article\" \/>\n<meta property=\"og:title\" content=\"Muazzez Abac\u0131 hayat\u0131n\u0131 kaybetti... - AvrupaPress\" \/>\n<meta property=\"og:description\" content=\"T\u00fcrk Sanat M\u00fczi\u011finin usta ismi Muazzez Abac\u0131 78 ya\u015f\u0131nda, do\u011fum g\u00fcn\u00fcnde hayat\u0131n\u0131 kaybetti. Ge\u00e7ti\u011fimiz g\u00fcnlerde kalp krizi ge\u00e7irerek hastaneye kald\u0131r\u0131lan Muazzez Abac\u0131 78 ya\u015f\u0131nda hayat\u0131n\u0131 kaybetti. Ac\u0131 haberi \u00fcnl\u00fc sanat\u00e7\u0131n\u0131n menajeri Taner Budak duyurdu\u2026 SANAT \u0130LE GE\u00c7EN B\u0130R \u00d6M\u00dcR Hicran Muazzez Abac\u0131, 2 Kas\u0131m 1947, Ankara do\u011fdu. Babas\u0131 Oktay Alt\u0131oklar\u2019d\u0131r. \u0130lkokula yat\u0131l\u0131 olarak ba\u015flad\u0131\u011f\u0131 Ankara [&hellip;]\" \/>\n<meta property=\"og:url\" content=\"https:\/\/avrupapress.com\/main\/2025\/11\/12\/muazzez-abaci-hayatini-kaybetti\/\" \/>\n<meta property=\"og:site_name\" content=\"AvrupaPress\" \/>\n<meta property=\"article:published_time\" content=\"2025-11-12T21:00:17+00:00\" \/>\n<meta property=\"article:modified_time\" content=\"2025-11-12T21:00:25+00:00\" \/>\n<meta property=\"og:image\" content=\"https:\/\/avrupapress.com\/main\/wp-content\/uploads\/2025\/11\/thumbnail_.facebook_1762980157956_7394474728437885369.jpg\" \/>\n\t<meta property=\"og:image:width\" content=\"1080\" \/>\n\t<meta property=\"og:image:height\" content=\"608\" \/>\n\t<meta property=\"og:image:type\" content=\"image\/jpeg\" \/>\n<meta name=\"author\" content=\"Edit\u00f6r\" \/>\n<meta name=\"twitter:card\" content=\"summary_large_image\" \/>\n<meta name=\"twitter:label1\" content=\"\u00c9crit par\" \/>\n\t<meta name=\"twitter:data1\" content=\"Edit\u00f6r\" \/>\n\t<meta name=\"twitter:label2\" content=\"Dur\u00e9e de lecture est.\" \/>\n\t<meta name=\"twitter:data2\" content=\"2 minutes\" \/>\n<script type=\"application\/ld+json\" class=\"yoast-schema-graph\">{\"@context\":\"https:\/\/schema.org\",\"@graph\":[{\"@type\":\"Article\",\"@id\":\"https:\/\/avrupapress.com\/main\/2025\/11\/12\/muazzez-abaci-hayatini-kaybetti\/#article\",\"isPartOf\":{\"@id\":\"https:\/\/avrupapress.com\/main\/2025\/11\/12\/muazzez-abaci-hayatini-kaybetti\/\"},\"author\":{\"name\":\"Edit\u00f6r\",\"@id\":\"https:\/\/avrupapress.com\/#\/schema\/person\/68428444ec60970d1e1b700cf4ca1e8f\"},\"headline\":\"Muazzez Abac\u0131 hayat\u0131n\u0131 kaybetti&#8230;\",\"datePublished\":\"2025-11-12T21:00:17+00:00\",\"dateModified\":\"2025-11-12T21:00:25+00:00\",\"mainEntityOfPage\":{\"@id\":\"https:\/\/avrupapress.com\/main\/2025\/11\/12\/muazzez-abaci-hayatini-kaybetti\/\"},\"wordCount\":336,\"publisher\":{\"@id\":\"https:\/\/avrupapress.com\/#\/schema\/person\/0223dca19c72c43575bf30d1a2d8f4fa\"},\"image\":{\"@id\":\"https:\/\/avrupapress.com\/main\/2025\/11\/12\/muazzez-abaci-hayatini-kaybetti\/#primaryimage\"},\"thumbnailUrl\":\"https:\/\/avrupapress.com\/main\/wp-content\/uploads\/2025\/11\/thumbnail_.facebook_1762980157956_7394474728437885369.jpg\",\"articleSection\":[\"Avrupa\",\"Bel\u00e7ika\",\"D\u00fcnya\",\"Ekonomi\",\"K\u00fclt\u00fcr-Sanat\",\"Spor\",\"Tan\u0131t\u0131m\",\"T\u00fcrkiye\",\"Uncategorized\"],\"inLanguage\":\"fr-BE\"},{\"@type\":\"WebPage\",\"@id\":\"https:\/\/avrupapress.com\/main\/2025\/11\/12\/muazzez-abaci-hayatini-kaybetti\/\",\"url\":\"https:\/\/avrupapress.com\/main\/2025\/11\/12\/muazzez-abaci-hayatini-kaybetti\/\",\"name\":\"Muazzez Abac\u0131 hayat\u0131n\u0131 kaybetti... - AvrupaPress\",\"isPartOf\":{\"@id\":\"https:\/\/avrupapress.com\/#website\"},\"primaryImageOfPage\":{\"@id\":\"https:\/\/avrupapress.com\/main\/2025\/11\/12\/muazzez-abaci-hayatini-kaybetti\/#primaryimage\"},\"image\":{\"@id\":\"https:\/\/avrupapress.com\/main\/2025\/11\/12\/muazzez-abaci-hayatini-kaybetti\/#primaryimage\"},\"thumbnailUrl\":\"https:\/\/avrupapress.com\/main\/wp-content\/uploads\/2025\/11\/thumbnail_.facebook_1762980157956_7394474728437885369.jpg\",\"datePublished\":\"2025-11-12T21:00:17+00:00\",\"dateModified\":\"2025-11-12T21:00:25+00:00\",\"breadcrumb\":{\"@id\":\"https:\/\/avrupapress.com\/main\/2025\/11\/12\/muazzez-abaci-hayatini-kaybetti\/#breadcrumb\"},\"inLanguage\":\"fr-BE\",\"potentialAction\":[{\"@type\":\"ReadAction\",\"target\":[\"https:\/\/avrupapress.com\/main\/2025\/11\/12\/muazzez-abaci-hayatini-kaybetti\/\"]}]},{\"@type\":\"ImageObject\",\"inLanguage\":\"fr-BE\",\"@id\":\"https:\/\/avrupapress.com\/main\/2025\/11\/12\/muazzez-abaci-hayatini-kaybetti\/#primaryimage\",\"url\":\"https:\/\/avrupapress.com\/main\/wp-content\/uploads\/2025\/11\/thumbnail_.facebook_1762980157956_7394474728437885369.jpg\",\"contentUrl\":\"https:\/\/avrupapress.com\/main\/wp-content\/uploads\/2025\/11\/thumbnail_.facebook_1762980157956_7394474728437885369.jpg\",\"width\":1080,\"height\":608},{\"@type\":\"BreadcrumbList\",\"@id\":\"https:\/\/avrupapress.com\/main\/2025\/11\/12\/muazzez-abaci-hayatini-kaybetti\/#breadcrumb\",\"itemListElement\":[{\"@type\":\"ListItem\",\"position\":1,\"name\":\"Anasayfa\",\"item\":\"https:\/\/avrupapress.com\/\"},{\"@type\":\"ListItem\",\"position\":2,\"name\":\"Muazzez Abac\u0131 hayat\u0131n\u0131 kaybetti&#8230;\"}]},{\"@type\":\"WebSite\",\"@id\":\"https:\/\/avrupapress.com\/#website\",\"url\":\"https:\/\/avrupapress.com\/\",\"name\":\"AvrupaPress\",\"description\":\"Haberin Adresi\",\"publisher\":{\"@id\":\"https:\/\/avrupapress.com\/#\/schema\/person\/0223dca19c72c43575bf30d1a2d8f4fa\"},\"potentialAction\":[{\"@type\":\"SearchAction\",\"target\":{\"@type\":\"EntryPoint\",\"urlTemplate\":\"https:\/\/avrupapress.com\/?s={search_term_string}\"},\"query-input\":{\"@type\":\"PropertyValueSpecification\",\"valueRequired\":true,\"valueName\":\"search_term_string\"}}],\"inLanguage\":\"fr-BE\"},{\"@type\":[\"Person\",\"Organization\"],\"@id\":\"https:\/\/avrupapress.com\/#\/schema\/person\/0223dca19c72c43575bf30d1a2d8f4fa\",\"name\":\"Bilgin \u00d6z\u00e7ift\u00e7i\",\"image\":{\"@type\":\"ImageObject\",\"inLanguage\":\"fr-BE\",\"@id\":\"https:\/\/avrupapress.com\/#\/schema\/person\/image\/\",\"url\":\"https:\/\/secure.gravatar.com\/avatar\/0f23b280433a21e1ea7a0adcc46ed0ad16afe3ad8e630fd13d8a017dcbd54ef3?s=96&d=mm&r=g\",\"contentUrl\":\"https:\/\/secure.gravatar.com\/avatar\/0f23b280433a21e1ea7a0adcc46ed0ad16afe3ad8e630fd13d8a017dcbd54ef3?s=96&d=mm&r=g\",\"caption\":\"Bilgin \u00d6z\u00e7ift\u00e7i\"},\"logo\":{\"@id\":\"https:\/\/avrupapress.com\/#\/schema\/person\/image\/\"},\"description\":\"Ne ben, nede sen... Biz ancak \\\"biz\\\" olursak g\u00fc\u00e7l\u00fc olabiliriz\"},{\"@type\":\"Person\",\"@id\":\"https:\/\/avrupapress.com\/#\/schema\/person\/68428444ec60970d1e1b700cf4ca1e8f\",\"name\":\"Edit\u00f6r\",\"image\":{\"@type\":\"ImageObject\",\"inLanguage\":\"fr-BE\",\"@id\":\"https:\/\/avrupapress.com\/#\/schema\/person\/image\/\",\"url\":\"https:\/\/secure.gravatar.com\/avatar\/74996b0977aa5f1559ba9883776652508b229005c0d78fb2597897f0bd651c09?s=96&d=mm&r=g\",\"contentUrl\":\"https:\/\/secure.gravatar.com\/avatar\/74996b0977aa5f1559ba9883776652508b229005c0d78fb2597897f0bd651c09?s=96&d=mm&r=g\",\"caption\":\"Edit\u00f6r\"},\"sameAs\":[\"http:\/\/www.avrupapress.com\"],\"url\":\"https:\/\/avrupapress.com\/main\/author\/editor\/\"}]}<\/script>\n<!-- \/ Yoast SEO plugin. -->","yoast_head_json":{"title":"Muazzez Abac\u0131 hayat\u0131n\u0131 kaybetti... - AvrupaPress","robots":{"index":"index","follow":"follow","max-snippet":"max-snippet:-1","max-image-preview":"max-image-preview:large","max-video-preview":"max-video-preview:-1"},"canonical":"https:\/\/avrupapress.com\/main\/2025\/11\/12\/muazzez-abaci-hayatini-kaybetti\/","og_locale":"fr_FR","og_type":"article","og_title":"Muazzez Abac\u0131 hayat\u0131n\u0131 kaybetti... - AvrupaPress","og_description":"T\u00fcrk Sanat M\u00fczi\u011finin usta ismi Muazzez Abac\u0131 78 ya\u015f\u0131nda, do\u011fum g\u00fcn\u00fcnde hayat\u0131n\u0131 kaybetti. Ge\u00e7ti\u011fimiz g\u00fcnlerde kalp krizi ge\u00e7irerek hastaneye kald\u0131r\u0131lan Muazzez Abac\u0131 78 ya\u015f\u0131nda hayat\u0131n\u0131 kaybetti. Ac\u0131 haberi \u00fcnl\u00fc sanat\u00e7\u0131n\u0131n menajeri Taner Budak duyurdu\u2026 SANAT \u0130LE GE\u00c7EN B\u0130R \u00d6M\u00dcR Hicran Muazzez Abac\u0131, 2 Kas\u0131m 1947, Ankara do\u011fdu. Babas\u0131 Oktay Alt\u0131oklar\u2019d\u0131r. \u0130lkokula yat\u0131l\u0131 olarak ba\u015flad\u0131\u011f\u0131 Ankara [&hellip;]","og_url":"https:\/\/avrupapress.com\/main\/2025\/11\/12\/muazzez-abaci-hayatini-kaybetti\/","og_site_name":"AvrupaPress","article_published_time":"2025-11-12T21:00:17+00:00","article_modified_time":"2025-11-12T21:00:25+00:00","og_image":[{"width":1080,"height":608,"url":"https:\/\/avrupapress.com\/main\/wp-content\/uploads\/2025\/11\/thumbnail_.facebook_1762980157956_7394474728437885369.jpg","type":"image\/jpeg"}],"author":"Edit\u00f6r","twitter_card":"summary_large_image","twitter_misc":{"\u00c9crit par":"Edit\u00f6r","Dur\u00e9e de lecture est.":"2 minutes"},"schema":{"@context":"https:\/\/schema.org","@graph":[{"@type":"Article","@id":"https:\/\/avrupapress.com\/main\/2025\/11\/12\/muazzez-abaci-hayatini-kaybetti\/#article","isPartOf":{"@id":"https:\/\/avrupapress.com\/main\/2025\/11\/12\/muazzez-abaci-hayatini-kaybetti\/"},"author":{"name":"Edit\u00f6r","@id":"https:\/\/avrupapress.com\/#\/schema\/person\/68428444ec60970d1e1b700cf4ca1e8f"},"headline":"Muazzez Abac\u0131 hayat\u0131n\u0131 kaybetti&#8230;","datePublished":"2025-11-12T21:00:17+00:00","dateModified":"2025-11-12T21:00:25+00:00","mainEntityOfPage":{"@id":"https:\/\/avrupapress.com\/main\/2025\/11\/12\/muazzez-abaci-hayatini-kaybetti\/"},"wordCount":336,"publisher":{"@id":"https:\/\/avrupapress.com\/#\/schema\/person\/0223dca19c72c43575bf30d1a2d8f4fa"},"image":{"@id":"https:\/\/avrupapress.com\/main\/2025\/11\/12\/muazzez-abaci-hayatini-kaybetti\/#primaryimage"},"thumbnailUrl":"https:\/\/avrupapress.com\/main\/wp-content\/uploads\/2025\/11\/thumbnail_.facebook_1762980157956_7394474728437885369.jpg","articleSection":["Avrupa","Bel\u00e7ika","D\u00fcnya","Ekonomi","K\u00fclt\u00fcr-Sanat","Spor","Tan\u0131t\u0131m","T\u00fcrkiye","Uncategorized"],"inLanguage":"fr-BE"},{"@type":"WebPage","@id":"https:\/\/avrupapress.com\/main\/2025\/11\/12\/muazzez-abaci-hayatini-kaybetti\/","url":"https:\/\/avrupapress.com\/main\/2025\/11\/12\/muazzez-abaci-hayatini-kaybetti\/","name":"Muazzez Abac\u0131 hayat\u0131n\u0131 kaybetti... - AvrupaPress","isPartOf":{"@id":"https:\/\/avrupapress.com\/#website"},"primaryImageOfPage":{"@id":"https:\/\/avrupapress.com\/main\/2025\/11\/12\/muazzez-abaci-hayatini-kaybetti\/#primaryimage"},"image":{"@id":"https:\/\/avrupapress.com\/main\/2025\/11\/12\/muazzez-abaci-hayatini-kaybetti\/#primaryimage"},"thumbnailUrl":"https:\/\/avrupapress.com\/main\/wp-content\/uploads\/2025\/11\/thumbnail_.facebook_1762980157956_7394474728437885369.jpg","datePublished":"2025-11-12T21:00:17+00:00","dateModified":"2025-11-12T21:00:25+00:00","breadcrumb":{"@id":"https:\/\/avrupapress.com\/main\/2025\/11\/12\/muazzez-abaci-hayatini-kaybetti\/#breadcrumb"},"inLanguage":"fr-BE","potentialAction":[{"@type":"ReadAction","target":["https:\/\/avrupapress.com\/main\/2025\/11\/12\/muazzez-abaci-hayatini-kaybetti\/"]}]},{"@type":"ImageObject","inLanguage":"fr-BE","@id":"https:\/\/avrupapress.com\/main\/2025\/11\/12\/muazzez-abaci-hayatini-kaybetti\/#primaryimage","url":"https:\/\/avrupapress.com\/main\/wp-content\/uploads\/2025\/11\/thumbnail_.facebook_1762980157956_7394474728437885369.jpg","contentUrl":"https:\/\/avrupapress.com\/main\/wp-content\/uploads\/2025\/11\/thumbnail_.facebook_1762980157956_7394474728437885369.jpg","width":1080,"height":608},{"@type":"BreadcrumbList","@id":"https:\/\/avrupapress.com\/main\/2025\/11\/12\/muazzez-abaci-hayatini-kaybetti\/#breadcrumb","itemListElement":[{"@type":"ListItem","position":1,"name":"Anasayfa","item":"https:\/\/avrupapress.com\/"},{"@type":"ListItem","position":2,"name":"Muazzez Abac\u0131 hayat\u0131n\u0131 kaybetti&#8230;"}]},{"@type":"WebSite","@id":"https:\/\/avrupapress.com\/#website","url":"https:\/\/avrupapress.com\/","name":"AvrupaPress","description":"Haberin Adresi","publisher":{"@id":"https:\/\/avrupapress.com\/#\/schema\/person\/0223dca19c72c43575bf30d1a2d8f4fa"},"potentialAction":[{"@type":"SearchAction","target":{"@type":"EntryPoint","urlTemplate":"https:\/\/avrupapress.com\/?s={search_term_string}"},"query-input":{"@type":"PropertyValueSpecification","valueRequired":true,"valueName":"search_term_string"}}],"inLanguage":"fr-BE"},{"@type":["Person","Organization"],"@id":"https:\/\/avrupapress.com\/#\/schema\/person\/0223dca19c72c43575bf30d1a2d8f4fa","name":"Bilgin \u00d6z\u00e7ift\u00e7i","image":{"@type":"ImageObject","inLanguage":"fr-BE","@id":"https:\/\/avrupapress.com\/#\/schema\/person\/image\/","url":"https:\/\/secure.gravatar.com\/avatar\/0f23b280433a21e1ea7a0adcc46ed0ad16afe3ad8e630fd13d8a017dcbd54ef3?s=96&d=mm&r=g","contentUrl":"https:\/\/secure.gravatar.com\/avatar\/0f23b280433a21e1ea7a0adcc46ed0ad16afe3ad8e630fd13d8a017dcbd54ef3?s=96&d=mm&r=g","caption":"Bilgin \u00d6z\u00e7ift\u00e7i"},"logo":{"@id":"https:\/\/avrupapress.com\/#\/schema\/person\/image\/"},"description":"Ne ben, nede sen... Biz ancak \"biz\" olursak g\u00fc\u00e7l\u00fc olabiliriz"},{"@type":"Person","@id":"https:\/\/avrupapress.com\/#\/schema\/person\/68428444ec60970d1e1b700cf4ca1e8f","name":"Edit\u00f6r","image":{"@type":"ImageObject","inLanguage":"fr-BE","@id":"https:\/\/avrupapress.com\/#\/schema\/person\/image\/","url":"https:\/\/secure.gravatar.com\/avatar\/74996b0977aa5f1559ba9883776652508b229005c0d78fb2597897f0bd651c09?s=96&d=mm&r=g","contentUrl":"https:\/\/secure.gravatar.com\/avatar\/74996b0977aa5f1559ba9883776652508b229005c0d78fb2597897f0bd651c09?s=96&d=mm&r=g","caption":"Edit\u00f6r"},"sameAs":["http:\/\/www.avrupapress.com"],"url":"https:\/\/avrupapress.com\/main\/author\/editor\/"}]}},"_links":{"self":[{"href":"https:\/\/avrupapress.com\/main\/wp-json\/wp\/v2\/posts\/31494","targetHints":{"allow":["GET"]}}],"collection":[{"href":"https:\/\/avrupapress.com\/main\/wp-json\/wp\/v2\/posts"}],"about":[{"href":"https:\/\/avrupapress.com\/main\/wp-json\/wp\/v2\/types\/post"}],"author":[{"embeddable":true,"href":"https:\/\/avrupapress.com\/main\/wp-json\/wp\/v2\/users\/3"}],"replies":[{"embeddable":true,"href":"https:\/\/avrupapress.com\/main\/wp-json\/wp\/v2\/comments?post=31494"}],"version-history":[{"count":1,"href":"https:\/\/avrupapress.com\/main\/wp-json\/wp\/v2\/posts\/31494\/revisions"}],"predecessor-version":[{"id":31497,"href":"https:\/\/avrupapress.com\/main\/wp-json\/wp\/v2\/posts\/31494\/revisions\/31497"}],"wp:featuredmedia":[{"embeddable":true,"href":"https:\/\/avrupapress.com\/main\/wp-json\/wp\/v2\/media\/31496"}],"wp:attachment":[{"href":"https:\/\/avrupapress.com\/main\/wp-json\/wp\/v2\/media?parent=31494"}],"wp:term":[{"taxonomy":"category","embeddable":true,"href":"https:\/\/avrupapress.com\/main\/wp-json\/wp\/v2\/categories?post=31494"},{"taxonomy":"post_tag","embeddable":true,"href":"https:\/\/avrupapress.com\/main\/wp-json\/wp\/v2\/tags?post=31494"}],"curies":[{"name":"wp","href":"https:\/\/api.w.org\/{rel}","templated":true}]}}