{"id":31488,"date":"2025-11-12T20:53:18","date_gmt":"2025-11-12T20:53:18","guid":{"rendered":"https:\/\/avrupapress.com\/main\/?p=31488"},"modified":"2025-11-12T20:53:30","modified_gmt":"2025-11-12T20:53:30","slug":"44-gunde-yazilan-destan-karabag-zaferi-panel-ve-kutlama-programi-eskisehirde-gerceklesti","status":"publish","type":"post","link":"https:\/\/avrupapress.com\/main\/2025\/11\/12\/44-gunde-yazilan-destan-karabag-zaferi-panel-ve-kutlama-programi-eskisehirde-gerceklesti\/","title":{"rendered":"44 G\u00fcnde Yaz\u0131lan Destan: Karaba\u011f Zaferi\u201d Panel ve Kutlama Program\u0131 Eski\u015fehir\u2019de Ger\u00e7ekle\u015fti"},"content":{"rendered":"<p><strong>KARABA\u011e ZAFER\u0130\u2019N\u0130N 5. YILI ESK\u0130\u015eEH\u0130R\u2019DE CO\u015eKUYLA KUTLANDI<\/strong><\/p>\n<div dir=\"auto\" data-olk-copy-source=\"MessageBody\">HABER \/ FOTO\u011eRAF: ERTU\u011eRUL ALTINEL \u2013 B\u0130LG\u0130N \u00d6Z\u00c7\u0130FT\u00c7\u0130 \u2013 AVRUPA PRESS \u2013 BEL\u00c7\u0130KA.<\/div>\n<div dir=\"auto\"><\/div>\n<div dir=\"auto\">Eski\u015fehir Azerbaycanl\u0131lar Derne\u011fi (ESAZDER) ve T\u00fcrkiye Azerbaycan Dernekleri Federasyonu (TADEF) i\u015f birli\u011fiyle d\u00fczenlenen \u201c44 G\u00fcnde Yaz\u0131lan Destan: Karaba\u011f Zaferi\u201d Panel ve Kutlama Program\u0131, Eski\u015fehir Ta\u015fba\u015f\u0131 K\u00fclt\u00fcr Merkezi K\u0131rm\u0131z\u0131 Salon\u2019da yo\u011fun kat\u0131l\u0131mla ger\u00e7ekle\u015ftirildi.<\/div>\n<div dir=\"auto\"><\/div>\n<div dir=\"auto\">Program, Azerbaycan\u2019\u0131n 44 g\u00fcnl\u00fck destans\u0131 Karaba\u011f Zaferi\u2019nin 5. y\u0131ld\u00f6n\u00fcm\u00fcn\u00fc anmak ve T\u00fcrk d\u00fcnyas\u0131n\u0131n dayan\u0131\u015fma ruhunu peki\u015ftirmek amac\u0131yla d\u00fczenlendi. Etkinli\u011fe, Azerbaycan Cumhuriyeti Diaspora Devlet Bakanl\u0131\u011f\u0131 Bakan Yard\u0131mc\u0131s\u0131 Say\u0131n Valeh Hac\u0131yev, Eski\u015fehir protokol\u00fc, siyasi parti temsilcileri, sivil toplum kurulu\u015flar\u0131, akademisyenler, \u00f6\u011frenciler ve \u00e7ok say\u0131da vatanda\u015f kat\u0131ld\u0131.<\/div>\n<div dir=\"auto\"><\/div>\n<div dir=\"auto\"><strong>PANELDE AKADEM\u0130K VE TAR\u0130H\u00ce DE\u011eERLEND\u0130RMELER<\/strong><\/div>\n<div dir=\"auto\"><\/div>\n<div dir=\"auto\">Panelin moderat\u00f6rl\u00fc\u011f\u00fcn\u00fc Eski\u015fehir Osmangazi \u00dcniversitesi \u00d6\u011fretim \u00dcyesi Prof. Dr. Ferzane Devletabadi \u00fcstlendi. Konu\u015fmac\u0131lar aras\u0131nda yer alan Kahramanmara\u015f S\u00fct\u00e7\u00fc \u0130mam \u00dcniversitesi \u00d6\u011fretim \u00dcyesi Prof. Dr. To\u011frul \u0130smay\u0131l ve Ankara \u00dcniversitesi Hukuk Fak\u00fcltesi \u00d6\u011fretim \u00dcyesi Prof. Dr. Cavid Abdullazade, Karaba\u011f Sava\u015f\u0131\u2019n\u0131n uluslararas\u0131 hukuk boyutunu, b\u00f6lgesel etkilerini ve T\u00fcrk d\u00fcnyas\u0131 a\u00e7\u0131s\u0131ndan stratejik \u00f6nemini de\u011ferlendirdiler.<\/div>\n<div dir=\"auto\"><\/div>\n<div dir=\"auto\"><\/div>\n<div dir=\"auto\"><strong>BAKAN YARDIMCISI HACIYEV\u2019DEN KARDE\u015eL\u0130K VURGUSU<\/strong><\/div>\n<div dir=\"auto\"><\/div>\n<div dir=\"auto\">A\u00e7\u0131l\u0131\u015f konu\u015fmas\u0131n\u0131 yapan Azerbaycan Cumhuriyeti Diaspora Bakan Yard\u0131mc\u0131s\u0131 Say\u0131n Valeh Hac\u0131yev, Karaba\u011f Zaferi\u2019nin sadece Azerbaycan\u2019\u0131n de\u011fil, t\u00fcm T\u00fcrk d\u00fcnyas\u0131n\u0131n ortak gururu oldu\u011funu vurgulayarak \u015funlar\u0131 s\u00f6yledi: \u201cKaraba\u011f Zaferi, Azerbaycan ordusunun cesaretiyle ve T\u00fcrkiye\u2019nin manevi deste\u011fiyle kazan\u0131lm\u0131\u015f bir destand\u0131r. Bu zafer, T\u00fcrk birli\u011finin ne kadar g\u00fc\u00e7l\u00fc oldu\u011funun en somut g\u00f6stergesidir.\u201d<\/div>\n<div dir=\"auto\"><\/div>\n<div dir=\"auto\"><\/div>\n<div dir=\"auto\"><strong>B\u0130RL\u0130K VE DAYANI\u015eMA MESAJI<\/strong><\/div>\n<div dir=\"auto\"><\/div>\n<div dir=\"auto\">Dernek Ba\u015fkan\u0131 Uzm. Ecz. Cavid Ayd\u0131n program sonunda yapt\u0131\u011f\u0131 konu\u015fmada T\u00fcrk\u2013Azerbaycan karde\u015fli\u011finin tarih boyunca sars\u0131lmaz bir ba\u011f oldu\u011funu vur\u011fulad\u0131:<\/div>\n<div dir=\"auto\">\u201cKaraba\u011f Zaferi, iki karde\u015f \u00fclkenin birli\u011finin simgesidir. Bizler bu ruhu gen\u00e7lerimize aktarmaya ve ya\u015fatmaya devam edece\u011fiz.\u201d<\/div>\n<div dir=\"auto\"><\/div>\n<div dir=\"auto\"><\/div>\n<div dir=\"auto\"><strong>K\u00dcLT\u00dcREL G\u00d6STER\u0130LERLE CO\u015eKU DORU\u011eA ULA\u015eTI<\/strong><\/div>\n<div dir=\"auto\"><\/div>\n<div dir=\"auto\">Panelin ard\u0131ndan ESAZDER Gen\u00e7leri taraf\u0131ndan haz\u0131rlanan dans ve m\u00fczik g\u00f6sterileri b\u00fcy\u00fck be\u011feni toplad\u0131. Kamile Ba\u011f\u0131rzade \u201cA\u011f \u00c7i\u00e7\u0259yim\u201d dans\u0131, Ayan Suleymanova \u00ab\u00a0Azerbaycan\u00a0\u00bb \u015fark\u0131s\u0131, Davud \u0130brahimov ve Sema Niftaliyeva \u00a0\u00ab\u00a0Uzundere\u201d halk oyunu ve Elvin Mammadli\u2019nin mu\u011fam performans\u0131, izleyicilere duygulu anlar ya\u015fatt\u0131.<\/div>\n<div dir=\"auto\">Etkinlik, sahnede \u00e7ekilen hat\u0131ra foto\u011fraf\u0131 ve Karaba\u011f Zaferi\u2019nin 5. y\u0131l\u0131 \u00f6zel video g\u00f6sterimi ile sona erdi.<\/div>\n<div dir=\"auto\"><\/div>\n<div dir=\"auto\"><img loading=\"lazy\" decoding=\"async\" class=\"alignnone size-medium wp-image-31489\" src=\"https:\/\/avrupapress.com\/main\/wp-content\/uploads\/2025\/11\/thumbnail_IMG-20251111-WA0028-300x225.jpg\" alt=\"\" width=\"300\" height=\"225\" srcset=\"https:\/\/avrupapress.com\/main\/wp-content\/uploads\/2025\/11\/thumbnail_IMG-20251111-WA0028-300x225.jpg 300w, https:\/\/avrupapress.com\/main\/wp-content\/uploads\/2025\/11\/thumbnail_IMG-20251111-WA0028-1024x768.jpg 1024w, https:\/\/avrupapress.com\/main\/wp-content\/uploads\/2025\/11\/thumbnail_IMG-20251111-WA0028-768x576.jpg 768w, https:\/\/avrupapress.com\/main\/wp-content\/uploads\/2025\/11\/thumbnail_IMG-20251111-WA0028-1536x1152.jpg 1536w, https:\/\/avrupapress.com\/main\/wp-content\/uploads\/2025\/11\/thumbnail_IMG-20251111-WA0028.jpg 1600w\" sizes=\"auto, (max-width: 300px) 100vw, 300px\" \/><\/div>\n<div dir=\"auto\"><img loading=\"lazy\" decoding=\"async\" class=\"alignnone size-medium wp-image-31490\" src=\"https:\/\/avrupapress.com\/main\/wp-content\/uploads\/2025\/11\/thumbnail_IMG-20251111-WA0029-225x300.jpg\" alt=\"\" width=\"225\" height=\"300\" srcset=\"https:\/\/avrupapress.com\/main\/wp-content\/uploads\/2025\/11\/thumbnail_IMG-20251111-WA0029-225x300.jpg 225w, https:\/\/avrupapress.com\/main\/wp-content\/uploads\/2025\/11\/thumbnail_IMG-20251111-WA0029-768x1024.jpg 768w, https:\/\/avrupapress.com\/main\/wp-content\/uploads\/2025\/11\/thumbnail_IMG-20251111-WA0029-1152x1536.jpg 1152w, https:\/\/avrupapress.com\/main\/wp-content\/uploads\/2025\/11\/thumbnail_IMG-20251111-WA0029.jpg 1200w\" sizes=\"auto, (max-width: 225px) 100vw, 225px\" \/><\/div>\n<div dir=\"auto\"><img loading=\"lazy\" decoding=\"async\" class=\"alignnone size-medium wp-image-31491\" src=\"https:\/\/avrupapress.com\/main\/wp-content\/uploads\/2025\/11\/thumbnail_IMG-20251111-WA0031-300x225.jpg\" alt=\"\" width=\"300\" height=\"225\" srcset=\"https:\/\/avrupapress.com\/main\/wp-content\/uploads\/2025\/11\/thumbnail_IMG-20251111-WA0031-300x225.jpg 300w, https:\/\/avrupapress.com\/main\/wp-content\/uploads\/2025\/11\/thumbnail_IMG-20251111-WA0031-1024x768.jpg 1024w, https:\/\/avrupapress.com\/main\/wp-content\/uploads\/2025\/11\/thumbnail_IMG-20251111-WA0031-768x576.jpg 768w, https:\/\/avrupapress.com\/main\/wp-content\/uploads\/2025\/11\/thumbnail_IMG-20251111-WA0031-1536x1152.jpg 1536w, https:\/\/avrupapress.com\/main\/wp-content\/uploads\/2025\/11\/thumbnail_IMG-20251111-WA0031.jpg 1600w\" sizes=\"auto, (max-width: 300px) 100vw, 300px\" \/><\/div>\n<div dir=\"auto\"><img loading=\"lazy\" decoding=\"async\" class=\"alignnone size-medium wp-image-31492\" src=\"https:\/\/avrupapress.com\/main\/wp-content\/uploads\/2025\/11\/thumbnail_IMG-20251111-WA0030-300x225.jpg\" alt=\"\" width=\"300\" height=\"225\" srcset=\"https:\/\/avrupapress.com\/main\/wp-content\/uploads\/2025\/11\/thumbnail_IMG-20251111-WA0030-300x225.jpg 300w, https:\/\/avrupapress.com\/main\/wp-content\/uploads\/2025\/11\/thumbnail_IMG-20251111-WA0030-1024x768.jpg 1024w, https:\/\/avrupapress.com\/main\/wp-content\/uploads\/2025\/11\/thumbnail_IMG-20251111-WA0030-768x576.jpg 768w, https:\/\/avrupapress.com\/main\/wp-content\/uploads\/2025\/11\/thumbnail_IMG-20251111-WA0030-1536x1152.jpg 1536w, https:\/\/avrupapress.com\/main\/wp-content\/uploads\/2025\/11\/thumbnail_IMG-20251111-WA0030.jpg 1600w\" sizes=\"auto, (max-width: 300px) 100vw, 300px\" \/><\/div>\n<div dir=\"auto\"><\/div>\n<div dir=\"auto\"><strong>HABER \/ FOTO\u011eRAF: ERTU\u011eRUL ALTINEL \u2013 B\u0130LG\u0130N \u00d6Z\u00c7\u0130FT\u00c7\u0130 \u2013 AVRUPA PRESS \u2013 BEL\u00c7\u0130KA<\/strong><\/div>\n<div id=\"x_ms-outlook-mobile-body-separator-line\" dir=\"auto\" data-applydefaultfontstyles=\"true\">\n<div dir=\"auto\"><\/div>\n<\/div>\n","protected":false},"excerpt":{"rendered":"<p>KARABA\u011e ZAFER\u0130\u2019N\u0130N 5. YILI ESK\u0130\u015eEH\u0130R\u2019DE CO\u015eKUYLA KUTLANDI HABER \/ FOTO\u011eRAF: ERTU\u011eRUL ALTINEL \u2013 B\u0130LG\u0130N \u00d6Z\u00c7\u0130FT\u00c7\u0130 \u2013 AVRUPA PRESS \u2013 BEL\u00c7\u0130KA. Eski\u015fehir Azerbaycanl\u0131lar Derne\u011fi (ESAZDER) ve T\u00fcrkiye Azerbaycan Dernekleri Federasyonu (TADEF) i\u015f birli\u011fiyle d\u00fczenlenen \u201c44 G\u00fcnde Yaz\u0131lan Destan: Karaba\u011f Zaferi\u201d Panel ve Kutlama Program\u0131, Eski\u015fehir Ta\u015fba\u015f\u0131 K\u00fclt\u00fcr Merkezi K\u0131rm\u0131z\u0131 Salon\u2019da yo\u011fun kat\u0131l\u0131mla ger\u00e7ekle\u015ftirildi. Program, Azerbaycan\u2019\u0131n 44 [&hellip;]<\/p>\n","protected":false},"author":3,"featured_media":31489,"comment_status":"closed","ping_status":"open","sticky":false,"template":"","format":"standard","meta":{"footnotes":""},"categories":[14,16,3,17,18,15,19,2,1],"tags":[],"class_list":["post-31488","post","type-post","status-publish","format-standard","has-post-thumbnail","hentry","category-avrupa","category-belcika","category-dunya","category-ekonomi","category-kultur-sanat","category-spor","category-tanitim","category-turkiye","category-uncategorized"],"yoast_head":"<!-- This site is optimized with the Yoast SEO plugin v26.9 - https:\/\/yoast.com\/product\/yoast-seo-wordpress\/ -->\n<title>44 G\u00fcnde Yaz\u0131lan Destan: Karaba\u011f Zaferi\u201d Panel ve Kutlama Program\u0131 Eski\u015fehir\u2019de Ger\u00e7ekle\u015fti - AvrupaPress<\/title>\n<meta name=\"robots\" content=\"index, follow, max-snippet:-1, max-image-preview:large, max-video-preview:-1\" \/>\n<link rel=\"canonical\" href=\"https:\/\/avrupapress.com\/main\/2025\/11\/12\/44-gunde-yazilan-destan-karabag-zaferi-panel-ve-kutlama-programi-eskisehirde-gerceklesti\/\" \/>\n<meta property=\"og:locale\" content=\"fr_FR\" \/>\n<meta property=\"og:type\" content=\"article\" \/>\n<meta property=\"og:title\" content=\"44 G\u00fcnde Yaz\u0131lan Destan: Karaba\u011f Zaferi\u201d Panel ve Kutlama Program\u0131 Eski\u015fehir\u2019de Ger\u00e7ekle\u015fti - AvrupaPress\" \/>\n<meta property=\"og:description\" content=\"KARABA\u011e ZAFER\u0130\u2019N\u0130N 5. YILI ESK\u0130\u015eEH\u0130R\u2019DE CO\u015eKUYLA KUTLANDI HABER \/ FOTO\u011eRAF: ERTU\u011eRUL ALTINEL \u2013 B\u0130LG\u0130N \u00d6Z\u00c7\u0130FT\u00c7\u0130 \u2013 AVRUPA PRESS \u2013 BEL\u00c7\u0130KA. Eski\u015fehir Azerbaycanl\u0131lar Derne\u011fi (ESAZDER) ve T\u00fcrkiye Azerbaycan Dernekleri Federasyonu (TADEF) i\u015f birli\u011fiyle d\u00fczenlenen \u201c44 G\u00fcnde Yaz\u0131lan Destan: Karaba\u011f Zaferi\u201d Panel ve Kutlama Program\u0131, Eski\u015fehir Ta\u015fba\u015f\u0131 K\u00fclt\u00fcr Merkezi K\u0131rm\u0131z\u0131 Salon\u2019da yo\u011fun kat\u0131l\u0131mla ger\u00e7ekle\u015ftirildi. Program, Azerbaycan\u2019\u0131n 44 [&hellip;]\" \/>\n<meta property=\"og:url\" content=\"https:\/\/avrupapress.com\/main\/2025\/11\/12\/44-gunde-yazilan-destan-karabag-zaferi-panel-ve-kutlama-programi-eskisehirde-gerceklesti\/\" \/>\n<meta property=\"og:site_name\" content=\"AvrupaPress\" \/>\n<meta property=\"article:published_time\" content=\"2025-11-12T20:53:18+00:00\" \/>\n<meta property=\"article:modified_time\" content=\"2025-11-12T20:53:30+00:00\" \/>\n<meta property=\"og:image\" content=\"https:\/\/avrupapress.com\/main\/wp-content\/uploads\/2025\/11\/thumbnail_IMG-20251111-WA0028.jpg\" \/>\n\t<meta property=\"og:image:width\" content=\"1600\" \/>\n\t<meta property=\"og:image:height\" content=\"1200\" \/>\n\t<meta property=\"og:image:type\" content=\"image\/jpeg\" \/>\n<meta name=\"author\" content=\"Edit\u00f6r\" \/>\n<meta name=\"twitter:card\" content=\"summary_large_image\" \/>\n<meta name=\"twitter:label1\" content=\"\u00c9crit par\" \/>\n\t<meta name=\"twitter:data1\" content=\"Edit\u00f6r\" \/>\n\t<meta name=\"twitter:label2\" content=\"Dur\u00e9e de lecture est.\" \/>\n\t<meta name=\"twitter:data2\" content=\"3 minutes\" \/>\n<script type=\"application\/ld+json\" class=\"yoast-schema-graph\">{\"@context\":\"https:\/\/schema.org\",\"@graph\":[{\"@type\":\"Article\",\"@id\":\"https:\/\/avrupapress.com\/main\/2025\/11\/12\/44-gunde-yazilan-destan-karabag-zaferi-panel-ve-kutlama-programi-eskisehirde-gerceklesti\/#article\",\"isPartOf\":{\"@id\":\"https:\/\/avrupapress.com\/main\/2025\/11\/12\/44-gunde-yazilan-destan-karabag-zaferi-panel-ve-kutlama-programi-eskisehirde-gerceklesti\/\"},\"author\":{\"name\":\"Edit\u00f6r\",\"@id\":\"https:\/\/avrupapress.com\/#\/schema\/person\/68428444ec60970d1e1b700cf4ca1e8f\"},\"headline\":\"44 G\u00fcnde Yaz\u0131lan Destan: Karaba\u011f Zaferi\u201d Panel ve Kutlama Program\u0131 Eski\u015fehir\u2019de Ger\u00e7ekle\u015fti\",\"datePublished\":\"2025-11-12T20:53:18+00:00\",\"dateModified\":\"2025-11-12T20:53:30+00:00\",\"mainEntityOfPage\":{\"@id\":\"https:\/\/avrupapress.com\/main\/2025\/11\/12\/44-gunde-yazilan-destan-karabag-zaferi-panel-ve-kutlama-programi-eskisehirde-gerceklesti\/\"},\"wordCount\":480,\"publisher\":{\"@id\":\"https:\/\/avrupapress.com\/#\/schema\/person\/0223dca19c72c43575bf30d1a2d8f4fa\"},\"image\":{\"@id\":\"https:\/\/avrupapress.com\/main\/2025\/11\/12\/44-gunde-yazilan-destan-karabag-zaferi-panel-ve-kutlama-programi-eskisehirde-gerceklesti\/#primaryimage\"},\"thumbnailUrl\":\"https:\/\/avrupapress.com\/main\/wp-content\/uploads\/2025\/11\/thumbnail_IMG-20251111-WA0028.jpg\",\"articleSection\":[\"Avrupa\",\"Bel\u00e7ika\",\"D\u00fcnya\",\"Ekonomi\",\"K\u00fclt\u00fcr-Sanat\",\"Spor\",\"Tan\u0131t\u0131m\",\"T\u00fcrkiye\",\"Uncategorized\"],\"inLanguage\":\"fr-BE\"},{\"@type\":\"WebPage\",\"@id\":\"https:\/\/avrupapress.com\/main\/2025\/11\/12\/44-gunde-yazilan-destan-karabag-zaferi-panel-ve-kutlama-programi-eskisehirde-gerceklesti\/\",\"url\":\"https:\/\/avrupapress.com\/main\/2025\/11\/12\/44-gunde-yazilan-destan-karabag-zaferi-panel-ve-kutlama-programi-eskisehirde-gerceklesti\/\",\"name\":\"44 G\u00fcnde Yaz\u0131lan Destan: Karaba\u011f Zaferi\u201d Panel ve Kutlama Program\u0131 Eski\u015fehir\u2019de Ger\u00e7ekle\u015fti - AvrupaPress\",\"isPartOf\":{\"@id\":\"https:\/\/avrupapress.com\/#website\"},\"primaryImageOfPage\":{\"@id\":\"https:\/\/avrupapress.com\/main\/2025\/11\/12\/44-gunde-yazilan-destan-karabag-zaferi-panel-ve-kutlama-programi-eskisehirde-gerceklesti\/#primaryimage\"},\"image\":{\"@id\":\"https:\/\/avrupapress.com\/main\/2025\/11\/12\/44-gunde-yazilan-destan-karabag-zaferi-panel-ve-kutlama-programi-eskisehirde-gerceklesti\/#primaryimage\"},\"thumbnailUrl\":\"https:\/\/avrupapress.com\/main\/wp-content\/uploads\/2025\/11\/thumbnail_IMG-20251111-WA0028.jpg\",\"datePublished\":\"2025-11-12T20:53:18+00:00\",\"dateModified\":\"2025-11-12T20:53:30+00:00\",\"breadcrumb\":{\"@id\":\"https:\/\/avrupapress.com\/main\/2025\/11\/12\/44-gunde-yazilan-destan-karabag-zaferi-panel-ve-kutlama-programi-eskisehirde-gerceklesti\/#breadcrumb\"},\"inLanguage\":\"fr-BE\",\"potentialAction\":[{\"@type\":\"ReadAction\",\"target\":[\"https:\/\/avrupapress.com\/main\/2025\/11\/12\/44-gunde-yazilan-destan-karabag-zaferi-panel-ve-kutlama-programi-eskisehirde-gerceklesti\/\"]}]},{\"@type\":\"ImageObject\",\"inLanguage\":\"fr-BE\",\"@id\":\"https:\/\/avrupapress.com\/main\/2025\/11\/12\/44-gunde-yazilan-destan-karabag-zaferi-panel-ve-kutlama-programi-eskisehirde-gerceklesti\/#primaryimage\",\"url\":\"https:\/\/avrupapress.com\/main\/wp-content\/uploads\/2025\/11\/thumbnail_IMG-20251111-WA0028.jpg\",\"contentUrl\":\"https:\/\/avrupapress.com\/main\/wp-content\/uploads\/2025\/11\/thumbnail_IMG-20251111-WA0028.jpg\",\"width\":1600,\"height\":1200},{\"@type\":\"BreadcrumbList\",\"@id\":\"https:\/\/avrupapress.com\/main\/2025\/11\/12\/44-gunde-yazilan-destan-karabag-zaferi-panel-ve-kutlama-programi-eskisehirde-gerceklesti\/#breadcrumb\",\"itemListElement\":[{\"@type\":\"ListItem\",\"position\":1,\"name\":\"Anasayfa\",\"item\":\"https:\/\/avrupapress.com\/\"},{\"@type\":\"ListItem\",\"position\":2,\"name\":\"44 G\u00fcnde Yaz\u0131lan Destan: Karaba\u011f Zaferi\u201d Panel ve Kutlama Program\u0131 Eski\u015fehir\u2019de Ger\u00e7ekle\u015fti\"}]},{\"@type\":\"WebSite\",\"@id\":\"https:\/\/avrupapress.com\/#website\",\"url\":\"https:\/\/avrupapress.com\/\",\"name\":\"AvrupaPress\",\"description\":\"Haberin Adresi\",\"publisher\":{\"@id\":\"https:\/\/avrupapress.com\/#\/schema\/person\/0223dca19c72c43575bf30d1a2d8f4fa\"},\"potentialAction\":[{\"@type\":\"SearchAction\",\"target\":{\"@type\":\"EntryPoint\",\"urlTemplate\":\"https:\/\/avrupapress.com\/?s={search_term_string}\"},\"query-input\":{\"@type\":\"PropertyValueSpecification\",\"valueRequired\":true,\"valueName\":\"search_term_string\"}}],\"inLanguage\":\"fr-BE\"},{\"@type\":[\"Person\",\"Organization\"],\"@id\":\"https:\/\/avrupapress.com\/#\/schema\/person\/0223dca19c72c43575bf30d1a2d8f4fa\",\"name\":\"Bilgin \u00d6z\u00e7ift\u00e7i\",\"image\":{\"@type\":\"ImageObject\",\"inLanguage\":\"fr-BE\",\"@id\":\"https:\/\/avrupapress.com\/#\/schema\/person\/image\/\",\"url\":\"https:\/\/secure.gravatar.com\/avatar\/0f23b280433a21e1ea7a0adcc46ed0ad16afe3ad8e630fd13d8a017dcbd54ef3?s=96&d=mm&r=g\",\"contentUrl\":\"https:\/\/secure.gravatar.com\/avatar\/0f23b280433a21e1ea7a0adcc46ed0ad16afe3ad8e630fd13d8a017dcbd54ef3?s=96&d=mm&r=g\",\"caption\":\"Bilgin \u00d6z\u00e7ift\u00e7i\"},\"logo\":{\"@id\":\"https:\/\/avrupapress.com\/#\/schema\/person\/image\/\"},\"description\":\"Ne ben, nede sen... Biz ancak \\\"biz\\\" olursak g\u00fc\u00e7l\u00fc olabiliriz\"},{\"@type\":\"Person\",\"@id\":\"https:\/\/avrupapress.com\/#\/schema\/person\/68428444ec60970d1e1b700cf4ca1e8f\",\"name\":\"Edit\u00f6r\",\"image\":{\"@type\":\"ImageObject\",\"inLanguage\":\"fr-BE\",\"@id\":\"https:\/\/avrupapress.com\/#\/schema\/person\/image\/\",\"url\":\"https:\/\/secure.gravatar.com\/avatar\/74996b0977aa5f1559ba9883776652508b229005c0d78fb2597897f0bd651c09?s=96&d=mm&r=g\",\"contentUrl\":\"https:\/\/secure.gravatar.com\/avatar\/74996b0977aa5f1559ba9883776652508b229005c0d78fb2597897f0bd651c09?s=96&d=mm&r=g\",\"caption\":\"Edit\u00f6r\"},\"sameAs\":[\"http:\/\/www.avrupapress.com\"],\"url\":\"https:\/\/avrupapress.com\/main\/author\/editor\/\"}]}<\/script>\n<!-- \/ Yoast SEO plugin. -->","yoast_head_json":{"title":"44 G\u00fcnde Yaz\u0131lan Destan: Karaba\u011f Zaferi\u201d Panel ve Kutlama Program\u0131 Eski\u015fehir\u2019de Ger\u00e7ekle\u015fti - AvrupaPress","robots":{"index":"index","follow":"follow","max-snippet":"max-snippet:-1","max-image-preview":"max-image-preview:large","max-video-preview":"max-video-preview:-1"},"canonical":"https:\/\/avrupapress.com\/main\/2025\/11\/12\/44-gunde-yazilan-destan-karabag-zaferi-panel-ve-kutlama-programi-eskisehirde-gerceklesti\/","og_locale":"fr_FR","og_type":"article","og_title":"44 G\u00fcnde Yaz\u0131lan Destan: Karaba\u011f Zaferi\u201d Panel ve Kutlama Program\u0131 Eski\u015fehir\u2019de Ger\u00e7ekle\u015fti - AvrupaPress","og_description":"KARABA\u011e ZAFER\u0130\u2019N\u0130N 5. YILI ESK\u0130\u015eEH\u0130R\u2019DE CO\u015eKUYLA KUTLANDI HABER \/ FOTO\u011eRAF: ERTU\u011eRUL ALTINEL \u2013 B\u0130LG\u0130N \u00d6Z\u00c7\u0130FT\u00c7\u0130 \u2013 AVRUPA PRESS \u2013 BEL\u00c7\u0130KA. Eski\u015fehir Azerbaycanl\u0131lar Derne\u011fi (ESAZDER) ve T\u00fcrkiye Azerbaycan Dernekleri Federasyonu (TADEF) i\u015f birli\u011fiyle d\u00fczenlenen \u201c44 G\u00fcnde Yaz\u0131lan Destan: Karaba\u011f Zaferi\u201d Panel ve Kutlama Program\u0131, Eski\u015fehir Ta\u015fba\u015f\u0131 K\u00fclt\u00fcr Merkezi K\u0131rm\u0131z\u0131 Salon\u2019da yo\u011fun kat\u0131l\u0131mla ger\u00e7ekle\u015ftirildi. Program, Azerbaycan\u2019\u0131n 44 [&hellip;]","og_url":"https:\/\/avrupapress.com\/main\/2025\/11\/12\/44-gunde-yazilan-destan-karabag-zaferi-panel-ve-kutlama-programi-eskisehirde-gerceklesti\/","og_site_name":"AvrupaPress","article_published_time":"2025-11-12T20:53:18+00:00","article_modified_time":"2025-11-12T20:53:30+00:00","og_image":[{"width":1600,"height":1200,"url":"https:\/\/avrupapress.com\/main\/wp-content\/uploads\/2025\/11\/thumbnail_IMG-20251111-WA0028.jpg","type":"image\/jpeg"}],"author":"Edit\u00f6r","twitter_card":"summary_large_image","twitter_misc":{"\u00c9crit par":"Edit\u00f6r","Dur\u00e9e de lecture est.":"3 minutes"},"schema":{"@context":"https:\/\/schema.org","@graph":[{"@type":"Article","@id":"https:\/\/avrupapress.com\/main\/2025\/11\/12\/44-gunde-yazilan-destan-karabag-zaferi-panel-ve-kutlama-programi-eskisehirde-gerceklesti\/#article","isPartOf":{"@id":"https:\/\/avrupapress.com\/main\/2025\/11\/12\/44-gunde-yazilan-destan-karabag-zaferi-panel-ve-kutlama-programi-eskisehirde-gerceklesti\/"},"author":{"name":"Edit\u00f6r","@id":"https:\/\/avrupapress.com\/#\/schema\/person\/68428444ec60970d1e1b700cf4ca1e8f"},"headline":"44 G\u00fcnde Yaz\u0131lan Destan: Karaba\u011f Zaferi\u201d Panel ve Kutlama Program\u0131 Eski\u015fehir\u2019de Ger\u00e7ekle\u015fti","datePublished":"2025-11-12T20:53:18+00:00","dateModified":"2025-11-12T20:53:30+00:00","mainEntityOfPage":{"@id":"https:\/\/avrupapress.com\/main\/2025\/11\/12\/44-gunde-yazilan-destan-karabag-zaferi-panel-ve-kutlama-programi-eskisehirde-gerceklesti\/"},"wordCount":480,"publisher":{"@id":"https:\/\/avrupapress.com\/#\/schema\/person\/0223dca19c72c43575bf30d1a2d8f4fa"},"image":{"@id":"https:\/\/avrupapress.com\/main\/2025\/11\/12\/44-gunde-yazilan-destan-karabag-zaferi-panel-ve-kutlama-programi-eskisehirde-gerceklesti\/#primaryimage"},"thumbnailUrl":"https:\/\/avrupapress.com\/main\/wp-content\/uploads\/2025\/11\/thumbnail_IMG-20251111-WA0028.jpg","articleSection":["Avrupa","Bel\u00e7ika","D\u00fcnya","Ekonomi","K\u00fclt\u00fcr-Sanat","Spor","Tan\u0131t\u0131m","T\u00fcrkiye","Uncategorized"],"inLanguage":"fr-BE"},{"@type":"WebPage","@id":"https:\/\/avrupapress.com\/main\/2025\/11\/12\/44-gunde-yazilan-destan-karabag-zaferi-panel-ve-kutlama-programi-eskisehirde-gerceklesti\/","url":"https:\/\/avrupapress.com\/main\/2025\/11\/12\/44-gunde-yazilan-destan-karabag-zaferi-panel-ve-kutlama-programi-eskisehirde-gerceklesti\/","name":"44 G\u00fcnde Yaz\u0131lan Destan: Karaba\u011f Zaferi\u201d Panel ve Kutlama Program\u0131 Eski\u015fehir\u2019de Ger\u00e7ekle\u015fti - AvrupaPress","isPartOf":{"@id":"https:\/\/avrupapress.com\/#website"},"primaryImageOfPage":{"@id":"https:\/\/avrupapress.com\/main\/2025\/11\/12\/44-gunde-yazilan-destan-karabag-zaferi-panel-ve-kutlama-programi-eskisehirde-gerceklesti\/#primaryimage"},"image":{"@id":"https:\/\/avrupapress.com\/main\/2025\/11\/12\/44-gunde-yazilan-destan-karabag-zaferi-panel-ve-kutlama-programi-eskisehirde-gerceklesti\/#primaryimage"},"thumbnailUrl":"https:\/\/avrupapress.com\/main\/wp-content\/uploads\/2025\/11\/thumbnail_IMG-20251111-WA0028.jpg","datePublished":"2025-11-12T20:53:18+00:00","dateModified":"2025-11-12T20:53:30+00:00","breadcrumb":{"@id":"https:\/\/avrupapress.com\/main\/2025\/11\/12\/44-gunde-yazilan-destan-karabag-zaferi-panel-ve-kutlama-programi-eskisehirde-gerceklesti\/#breadcrumb"},"inLanguage":"fr-BE","potentialAction":[{"@type":"ReadAction","target":["https:\/\/avrupapress.com\/main\/2025\/11\/12\/44-gunde-yazilan-destan-karabag-zaferi-panel-ve-kutlama-programi-eskisehirde-gerceklesti\/"]}]},{"@type":"ImageObject","inLanguage":"fr-BE","@id":"https:\/\/avrupapress.com\/main\/2025\/11\/12\/44-gunde-yazilan-destan-karabag-zaferi-panel-ve-kutlama-programi-eskisehirde-gerceklesti\/#primaryimage","url":"https:\/\/avrupapress.com\/main\/wp-content\/uploads\/2025\/11\/thumbnail_IMG-20251111-WA0028.jpg","contentUrl":"https:\/\/avrupapress.com\/main\/wp-content\/uploads\/2025\/11\/thumbnail_IMG-20251111-WA0028.jpg","width":1600,"height":1200},{"@type":"BreadcrumbList","@id":"https:\/\/avrupapress.com\/main\/2025\/11\/12\/44-gunde-yazilan-destan-karabag-zaferi-panel-ve-kutlama-programi-eskisehirde-gerceklesti\/#breadcrumb","itemListElement":[{"@type":"ListItem","position":1,"name":"Anasayfa","item":"https:\/\/avrupapress.com\/"},{"@type":"ListItem","position":2,"name":"44 G\u00fcnde Yaz\u0131lan Destan: Karaba\u011f Zaferi\u201d Panel ve Kutlama Program\u0131 Eski\u015fehir\u2019de Ger\u00e7ekle\u015fti"}]},{"@type":"WebSite","@id":"https:\/\/avrupapress.com\/#website","url":"https:\/\/avrupapress.com\/","name":"AvrupaPress","description":"Haberin Adresi","publisher":{"@id":"https:\/\/avrupapress.com\/#\/schema\/person\/0223dca19c72c43575bf30d1a2d8f4fa"},"potentialAction":[{"@type":"SearchAction","target":{"@type":"EntryPoint","urlTemplate":"https:\/\/avrupapress.com\/?s={search_term_string}"},"query-input":{"@type":"PropertyValueSpecification","valueRequired":true,"valueName":"search_term_string"}}],"inLanguage":"fr-BE"},{"@type":["Person","Organization"],"@id":"https:\/\/avrupapress.com\/#\/schema\/person\/0223dca19c72c43575bf30d1a2d8f4fa","name":"Bilgin \u00d6z\u00e7ift\u00e7i","image":{"@type":"ImageObject","inLanguage":"fr-BE","@id":"https:\/\/avrupapress.com\/#\/schema\/person\/image\/","url":"https:\/\/secure.gravatar.com\/avatar\/0f23b280433a21e1ea7a0adcc46ed0ad16afe3ad8e630fd13d8a017dcbd54ef3?s=96&d=mm&r=g","contentUrl":"https:\/\/secure.gravatar.com\/avatar\/0f23b280433a21e1ea7a0adcc46ed0ad16afe3ad8e630fd13d8a017dcbd54ef3?s=96&d=mm&r=g","caption":"Bilgin \u00d6z\u00e7ift\u00e7i"},"logo":{"@id":"https:\/\/avrupapress.com\/#\/schema\/person\/image\/"},"description":"Ne ben, nede sen... Biz ancak \"biz\" olursak g\u00fc\u00e7l\u00fc olabiliriz"},{"@type":"Person","@id":"https:\/\/avrupapress.com\/#\/schema\/person\/68428444ec60970d1e1b700cf4ca1e8f","name":"Edit\u00f6r","image":{"@type":"ImageObject","inLanguage":"fr-BE","@id":"https:\/\/avrupapress.com\/#\/schema\/person\/image\/","url":"https:\/\/secure.gravatar.com\/avatar\/74996b0977aa5f1559ba9883776652508b229005c0d78fb2597897f0bd651c09?s=96&d=mm&r=g","contentUrl":"https:\/\/secure.gravatar.com\/avatar\/74996b0977aa5f1559ba9883776652508b229005c0d78fb2597897f0bd651c09?s=96&d=mm&r=g","caption":"Edit\u00f6r"},"sameAs":["http:\/\/www.avrupapress.com"],"url":"https:\/\/avrupapress.com\/main\/author\/editor\/"}]}},"_links":{"self":[{"href":"https:\/\/avrupapress.com\/main\/wp-json\/wp\/v2\/posts\/31488","targetHints":{"allow":["GET"]}}],"collection":[{"href":"https:\/\/avrupapress.com\/main\/wp-json\/wp\/v2\/posts"}],"about":[{"href":"https:\/\/avrupapress.com\/main\/wp-json\/wp\/v2\/types\/post"}],"author":[{"embeddable":true,"href":"https:\/\/avrupapress.com\/main\/wp-json\/wp\/v2\/users\/3"}],"replies":[{"embeddable":true,"href":"https:\/\/avrupapress.com\/main\/wp-json\/wp\/v2\/comments?post=31488"}],"version-history":[{"count":1,"href":"https:\/\/avrupapress.com\/main\/wp-json\/wp\/v2\/posts\/31488\/revisions"}],"predecessor-version":[{"id":31493,"href":"https:\/\/avrupapress.com\/main\/wp-json\/wp\/v2\/posts\/31488\/revisions\/31493"}],"wp:featuredmedia":[{"embeddable":true,"href":"https:\/\/avrupapress.com\/main\/wp-json\/wp\/v2\/media\/31489"}],"wp:attachment":[{"href":"https:\/\/avrupapress.com\/main\/wp-json\/wp\/v2\/media?parent=31488"}],"wp:term":[{"taxonomy":"category","embeddable":true,"href":"https:\/\/avrupapress.com\/main\/wp-json\/wp\/v2\/categories?post=31488"},{"taxonomy":"post_tag","embeddable":true,"href":"https:\/\/avrupapress.com\/main\/wp-json\/wp\/v2\/tags?post=31488"}],"curies":[{"name":"wp","href":"https:\/\/api.w.org\/{rel}","templated":true}]}}