{"id":30285,"date":"2025-08-29T19:32:29","date_gmt":"2025-08-29T19:32:29","guid":{"rendered":"https:\/\/avrupapress.com\/main\/?p=30285"},"modified":"2025-08-29T19:32:40","modified_gmt":"2025-08-29T19:32:40","slug":"emirdag-ve-koylerinde-basibos-kopekler-insanlara-zarar-vermemesi-icin-toplatiliyor","status":"publish","type":"post","link":"https:\/\/avrupapress.com\/main\/2025\/08\/29\/emirdag-ve-koylerinde-basibos-kopekler-insanlara-zarar-vermemesi-icin-toplatiliyor\/","title":{"rendered":"Emirda\u011f ve k\u00f6ylerinde ba\u015f\u0131bo\u015f k\u00f6pekler, insanlara zarar vermemesi i\u00e7in toplat\u0131l\u0131yor&#8230;"},"content":{"rendered":"<div dir=\"auto\" data-olk-copy-source=\"MessageBody\"><strong>HABER \/ FOTO\u011eRAF: ERTU\u011eRUL ALTINEL \u2013 B\u0130LG\u0130N \u00d6Z\u00c7\u0130FT\u00c7\u0130 \u2013 AVRUPA PRESS \u2013 BEL\u00c7\u0130KA<\/strong><\/div>\n<div dir=\"auto\" data-olk-copy-source=\"MessageBody\"><\/div>\n<div dir=\"auto\">Afyon iline ba\u011fl\u0131 Emirda\u011f il\u00e7e merkezinde Belediye taraf\u0131ndan, k\u0131rsal alanlarda ise Kaymakaml\u0131k taraf\u0131ndan Emirda\u011f ve k\u00f6ylerinde ba\u015f\u0131bo\u015f k\u00f6pekler, insanlara zarar vermemesi i\u00e7in toplat\u0131l\u0131yor.<\/div>\n<div dir=\"auto\"><\/div>\n<div dir=\"auto\">Emirda\u011f Kaymakam\u0131 Yasin Akg\u00fcl, \u2018\u2019Emirda\u011f\u2019a ba\u011fl\u0131 69 k\u00f6y ve 24 mahalle bulunmaktad\u0131r. K\u00f6y ve mahalle muhtarlar\u0131yla irtibata ge\u00e7ildi. Ba\u015f\u0131bo\u015f k\u00f6peklerin bildirilmesi istendi. K\u00f6ylerde toplanmayan \u00e7ok az sahipsiz sokak hayvan\u0131 kald\u0131. Amac\u0131m\u0131z, ba\u015f\u0131bo\u015f k\u00f6peklerin insanlara zarar vermesini \u00f6nlemek, \u00e7ocuklar\u0131m\u0131z\u0131n daha g\u00fcvenli bir \u015fekilde okullar\u0131na gidip gelmesini sa\u011flamak ve sahipsiz hayvanlar\u0131n Valili\u011fimizce olu\u015fturan do\u011fal ya\u015fam alanlar\u0131nda d\u00fczenli beslenmelerine ve veteriner hekimler g\u00f6zetiminde sa\u011fl\u0131kl\u0131 bir \u015fekilde ya\u015famlar\u0131na devam etmelerine imk\u00e2n vermektir.\u00a0\u00bb dedi.<\/div>\n<div dir=\"auto\"><\/div>\n<div dir=\"auto\">Ayr\u0131ca sokaklar\u0131 daha g\u00fcvenli hale getirmek ad\u0131na yap\u0131lan bu \u00e7al\u0131\u015fmada muhtarl\u0131klar\u0131n kendi imk\u00e2nlar\u0131yla ekiplere teslim ettikleri her bir sahipsiz sokak hayvan\u0131 i\u00e7in maddi \u00f6d\u00fcl verilece\u011fi \u00f6\u011frenildi. Vatanda\u015flar, \u2018\u2019Ba\u015f\u0131bo\u015f k\u00f6peklerin toplanmas\u0131 ve bu \u00f6nlemin al\u0131nmas\u0131 do\u011fru bir karar. Bu Konuda Emirda\u011f Kaymakam\u0131 Yasin Akg\u00fcl\u2019\u00fc tebrik ediyoruz\u2019\u2019 dediler.<\/div>\n<div dir=\"auto\"><\/div>\n<div dir=\"auto\"><img loading=\"lazy\" decoding=\"async\" class=\"alignnone size-medium wp-image-30286\" src=\"https:\/\/avrupapress.com\/main\/wp-content\/uploads\/2025\/08\/WhatsApp-Image-2025-08-29-a-20.39.49_40205b00-300x225.jpg\" alt=\"\" width=\"300\" height=\"225\" srcset=\"https:\/\/avrupapress.com\/main\/wp-content\/uploads\/2025\/08\/WhatsApp-Image-2025-08-29-a-20.39.49_40205b00-300x225.jpg 300w, https:\/\/avrupapress.com\/main\/wp-content\/uploads\/2025\/08\/WhatsApp-Image-2025-08-29-a-20.39.49_40205b00-1024x768.jpg 1024w, https:\/\/avrupapress.com\/main\/wp-content\/uploads\/2025\/08\/WhatsApp-Image-2025-08-29-a-20.39.49_40205b00-768x576.jpg 768w, https:\/\/avrupapress.com\/main\/wp-content\/uploads\/2025\/08\/WhatsApp-Image-2025-08-29-a-20.39.49_40205b00-1536x1152.jpg 1536w, https:\/\/avrupapress.com\/main\/wp-content\/uploads\/2025\/08\/WhatsApp-Image-2025-08-29-a-20.39.49_40205b00.jpg 1600w\" sizes=\"auto, (max-width: 300px) 100vw, 300px\" \/><\/div>\n<div dir=\"auto\"><\/div>\n<div dir=\"auto\"><strong>HABER \/ FOTO\u011eRAF: ERTU\u011eRUL ALTINEL \u2013 B\u0130LG\u0130N \u00d6Z\u00c7\u0130FT\u00c7\u0130 \u2013 AVRUPA PRESS \u2013 BEL\u00c7\u0130KA<\/strong><\/div>\n","protected":false},"excerpt":{"rendered":"<p>HABER \/ FOTO\u011eRAF: ERTU\u011eRUL ALTINEL \u2013 B\u0130LG\u0130N \u00d6Z\u00c7\u0130FT\u00c7\u0130 \u2013 AVRUPA PRESS \u2013 BEL\u00c7\u0130KA Afyon iline ba\u011fl\u0131 Emirda\u011f il\u00e7e merkezinde Belediye taraf\u0131ndan, k\u0131rsal alanlarda ise Kaymakaml\u0131k taraf\u0131ndan Emirda\u011f ve k\u00f6ylerinde ba\u015f\u0131bo\u015f k\u00f6pekler, insanlara zarar vermemesi i\u00e7in toplat\u0131l\u0131yor. Emirda\u011f Kaymakam\u0131 Yasin Akg\u00fcl, \u2018\u2019Emirda\u011f\u2019a ba\u011fl\u0131 69 k\u00f6y ve 24 mahalle bulunmaktad\u0131r. K\u00f6y ve mahalle muhtarlar\u0131yla irtibata ge\u00e7ildi. Ba\u015f\u0131bo\u015f [&hellip;]<\/p>\n","protected":false},"author":3,"featured_media":30286,"comment_status":"closed","ping_status":"open","sticky":false,"template":"","format":"standard","meta":{"footnotes":""},"categories":[14,16,3,17,18,15,19,2,1],"tags":[],"class_list":["post-30285","post","type-post","status-publish","format-standard","has-post-thumbnail","hentry","category-avrupa","category-belcika","category-dunya","category-ekonomi","category-kultur-sanat","category-spor","category-tanitim","category-turkiye","category-uncategorized"],"yoast_head":"<!-- This site is optimized with the Yoast SEO plugin v26.9 - https:\/\/yoast.com\/product\/yoast-seo-wordpress\/ -->\n<title>Emirda\u011f ve k\u00f6ylerinde ba\u015f\u0131bo\u015f k\u00f6pekler, insanlara zarar vermemesi i\u00e7in toplat\u0131l\u0131yor... - AvrupaPress<\/title>\n<meta name=\"robots\" content=\"index, follow, max-snippet:-1, max-image-preview:large, max-video-preview:-1\" \/>\n<link rel=\"canonical\" href=\"https:\/\/avrupapress.com\/main\/2025\/08\/29\/emirdag-ve-koylerinde-basibos-kopekler-insanlara-zarar-vermemesi-icin-toplatiliyor\/\" \/>\n<meta property=\"og:locale\" content=\"fr_FR\" \/>\n<meta property=\"og:type\" content=\"article\" \/>\n<meta property=\"og:title\" content=\"Emirda\u011f ve k\u00f6ylerinde ba\u015f\u0131bo\u015f k\u00f6pekler, insanlara zarar vermemesi i\u00e7in toplat\u0131l\u0131yor... - AvrupaPress\" \/>\n<meta property=\"og:description\" content=\"HABER \/ FOTO\u011eRAF: ERTU\u011eRUL ALTINEL \u2013 B\u0130LG\u0130N \u00d6Z\u00c7\u0130FT\u00c7\u0130 \u2013 AVRUPA PRESS \u2013 BEL\u00c7\u0130KA Afyon iline ba\u011fl\u0131 Emirda\u011f il\u00e7e merkezinde Belediye taraf\u0131ndan, k\u0131rsal alanlarda ise Kaymakaml\u0131k taraf\u0131ndan Emirda\u011f ve k\u00f6ylerinde ba\u015f\u0131bo\u015f k\u00f6pekler, insanlara zarar vermemesi i\u00e7in toplat\u0131l\u0131yor. Emirda\u011f Kaymakam\u0131 Yasin Akg\u00fcl, \u2018\u2019Emirda\u011f\u2019a ba\u011fl\u0131 69 k\u00f6y ve 24 mahalle bulunmaktad\u0131r. K\u00f6y ve mahalle muhtarlar\u0131yla irtibata ge\u00e7ildi. Ba\u015f\u0131bo\u015f [&hellip;]\" \/>\n<meta property=\"og:url\" content=\"https:\/\/avrupapress.com\/main\/2025\/08\/29\/emirdag-ve-koylerinde-basibos-kopekler-insanlara-zarar-vermemesi-icin-toplatiliyor\/\" \/>\n<meta property=\"og:site_name\" content=\"AvrupaPress\" \/>\n<meta property=\"article:published_time\" content=\"2025-08-29T19:32:29+00:00\" \/>\n<meta property=\"article:modified_time\" content=\"2025-08-29T19:32:40+00:00\" \/>\n<meta property=\"og:image\" content=\"https:\/\/avrupapress.com\/main\/wp-content\/uploads\/2025\/08\/WhatsApp-Image-2025-08-29-a-20.39.49_40205b00.jpg\" \/>\n\t<meta property=\"og:image:width\" content=\"1600\" \/>\n\t<meta property=\"og:image:height\" content=\"1200\" \/>\n\t<meta property=\"og:image:type\" content=\"image\/jpeg\" \/>\n<meta name=\"author\" content=\"Edit\u00f6r\" \/>\n<meta name=\"twitter:card\" content=\"summary_large_image\" \/>\n<meta name=\"twitter:label1\" content=\"\u00c9crit par\" \/>\n\t<meta name=\"twitter:data1\" content=\"Edit\u00f6r\" \/>\n\t<meta name=\"twitter:label2\" content=\"Dur\u00e9e de lecture est.\" \/>\n\t<meta name=\"twitter:data2\" content=\"2 minutes\" \/>\n<script type=\"application\/ld+json\" class=\"yoast-schema-graph\">{\"@context\":\"https:\/\/schema.org\",\"@graph\":[{\"@type\":\"Article\",\"@id\":\"https:\/\/avrupapress.com\/main\/2025\/08\/29\/emirdag-ve-koylerinde-basibos-kopekler-insanlara-zarar-vermemesi-icin-toplatiliyor\/#article\",\"isPartOf\":{\"@id\":\"https:\/\/avrupapress.com\/main\/2025\/08\/29\/emirdag-ve-koylerinde-basibos-kopekler-insanlara-zarar-vermemesi-icin-toplatiliyor\/\"},\"author\":{\"name\":\"Edit\u00f6r\",\"@id\":\"https:\/\/avrupapress.com\/#\/schema\/person\/68428444ec60970d1e1b700cf4ca1e8f\"},\"headline\":\"Emirda\u011f ve k\u00f6ylerinde ba\u015f\u0131bo\u015f k\u00f6pekler, insanlara zarar vermemesi i\u00e7in toplat\u0131l\u0131yor&#8230;\",\"datePublished\":\"2025-08-29T19:32:29+00:00\",\"dateModified\":\"2025-08-29T19:32:40+00:00\",\"mainEntityOfPage\":{\"@id\":\"https:\/\/avrupapress.com\/main\/2025\/08\/29\/emirdag-ve-koylerinde-basibos-kopekler-insanlara-zarar-vermemesi-icin-toplatiliyor\/\"},\"wordCount\":246,\"publisher\":{\"@id\":\"https:\/\/avrupapress.com\/#\/schema\/person\/0223dca19c72c43575bf30d1a2d8f4fa\"},\"image\":{\"@id\":\"https:\/\/avrupapress.com\/main\/2025\/08\/29\/emirdag-ve-koylerinde-basibos-kopekler-insanlara-zarar-vermemesi-icin-toplatiliyor\/#primaryimage\"},\"thumbnailUrl\":\"https:\/\/avrupapress.com\/main\/wp-content\/uploads\/2025\/08\/WhatsApp-Image-2025-08-29-a-20.39.49_40205b00.jpg\",\"articleSection\":[\"Avrupa\",\"Bel\u00e7ika\",\"D\u00fcnya\",\"Ekonomi\",\"K\u00fclt\u00fcr-Sanat\",\"Spor\",\"Tan\u0131t\u0131m\",\"T\u00fcrkiye\",\"Uncategorized\"],\"inLanguage\":\"fr-BE\"},{\"@type\":\"WebPage\",\"@id\":\"https:\/\/avrupapress.com\/main\/2025\/08\/29\/emirdag-ve-koylerinde-basibos-kopekler-insanlara-zarar-vermemesi-icin-toplatiliyor\/\",\"url\":\"https:\/\/avrupapress.com\/main\/2025\/08\/29\/emirdag-ve-koylerinde-basibos-kopekler-insanlara-zarar-vermemesi-icin-toplatiliyor\/\",\"name\":\"Emirda\u011f ve k\u00f6ylerinde ba\u015f\u0131bo\u015f k\u00f6pekler, insanlara zarar vermemesi i\u00e7in toplat\u0131l\u0131yor... - AvrupaPress\",\"isPartOf\":{\"@id\":\"https:\/\/avrupapress.com\/#website\"},\"primaryImageOfPage\":{\"@id\":\"https:\/\/avrupapress.com\/main\/2025\/08\/29\/emirdag-ve-koylerinde-basibos-kopekler-insanlara-zarar-vermemesi-icin-toplatiliyor\/#primaryimage\"},\"image\":{\"@id\":\"https:\/\/avrupapress.com\/main\/2025\/08\/29\/emirdag-ve-koylerinde-basibos-kopekler-insanlara-zarar-vermemesi-icin-toplatiliyor\/#primaryimage\"},\"thumbnailUrl\":\"https:\/\/avrupapress.com\/main\/wp-content\/uploads\/2025\/08\/WhatsApp-Image-2025-08-29-a-20.39.49_40205b00.jpg\",\"datePublished\":\"2025-08-29T19:32:29+00:00\",\"dateModified\":\"2025-08-29T19:32:40+00:00\",\"breadcrumb\":{\"@id\":\"https:\/\/avrupapress.com\/main\/2025\/08\/29\/emirdag-ve-koylerinde-basibos-kopekler-insanlara-zarar-vermemesi-icin-toplatiliyor\/#breadcrumb\"},\"inLanguage\":\"fr-BE\",\"potentialAction\":[{\"@type\":\"ReadAction\",\"target\":[\"https:\/\/avrupapress.com\/main\/2025\/08\/29\/emirdag-ve-koylerinde-basibos-kopekler-insanlara-zarar-vermemesi-icin-toplatiliyor\/\"]}]},{\"@type\":\"ImageObject\",\"inLanguage\":\"fr-BE\",\"@id\":\"https:\/\/avrupapress.com\/main\/2025\/08\/29\/emirdag-ve-koylerinde-basibos-kopekler-insanlara-zarar-vermemesi-icin-toplatiliyor\/#primaryimage\",\"url\":\"https:\/\/avrupapress.com\/main\/wp-content\/uploads\/2025\/08\/WhatsApp-Image-2025-08-29-a-20.39.49_40205b00.jpg\",\"contentUrl\":\"https:\/\/avrupapress.com\/main\/wp-content\/uploads\/2025\/08\/WhatsApp-Image-2025-08-29-a-20.39.49_40205b00.jpg\",\"width\":1600,\"height\":1200},{\"@type\":\"BreadcrumbList\",\"@id\":\"https:\/\/avrupapress.com\/main\/2025\/08\/29\/emirdag-ve-koylerinde-basibos-kopekler-insanlara-zarar-vermemesi-icin-toplatiliyor\/#breadcrumb\",\"itemListElement\":[{\"@type\":\"ListItem\",\"position\":1,\"name\":\"Anasayfa\",\"item\":\"https:\/\/avrupapress.com\/\"},{\"@type\":\"ListItem\",\"position\":2,\"name\":\"Emirda\u011f ve k\u00f6ylerinde ba\u015f\u0131bo\u015f k\u00f6pekler, insanlara zarar vermemesi i\u00e7in toplat\u0131l\u0131yor&#8230;\"}]},{\"@type\":\"WebSite\",\"@id\":\"https:\/\/avrupapress.com\/#website\",\"url\":\"https:\/\/avrupapress.com\/\",\"name\":\"AvrupaPress\",\"description\":\"Haberin Adresi\",\"publisher\":{\"@id\":\"https:\/\/avrupapress.com\/#\/schema\/person\/0223dca19c72c43575bf30d1a2d8f4fa\"},\"potentialAction\":[{\"@type\":\"SearchAction\",\"target\":{\"@type\":\"EntryPoint\",\"urlTemplate\":\"https:\/\/avrupapress.com\/?s={search_term_string}\"},\"query-input\":{\"@type\":\"PropertyValueSpecification\",\"valueRequired\":true,\"valueName\":\"search_term_string\"}}],\"inLanguage\":\"fr-BE\"},{\"@type\":[\"Person\",\"Organization\"],\"@id\":\"https:\/\/avrupapress.com\/#\/schema\/person\/0223dca19c72c43575bf30d1a2d8f4fa\",\"name\":\"Bilgin \u00d6z\u00e7ift\u00e7i\",\"image\":{\"@type\":\"ImageObject\",\"inLanguage\":\"fr-BE\",\"@id\":\"https:\/\/avrupapress.com\/#\/schema\/person\/image\/\",\"url\":\"https:\/\/secure.gravatar.com\/avatar\/0f23b280433a21e1ea7a0adcc46ed0ad16afe3ad8e630fd13d8a017dcbd54ef3?s=96&d=mm&r=g\",\"contentUrl\":\"https:\/\/secure.gravatar.com\/avatar\/0f23b280433a21e1ea7a0adcc46ed0ad16afe3ad8e630fd13d8a017dcbd54ef3?s=96&d=mm&r=g\",\"caption\":\"Bilgin \u00d6z\u00e7ift\u00e7i\"},\"logo\":{\"@id\":\"https:\/\/avrupapress.com\/#\/schema\/person\/image\/\"},\"description\":\"Ne ben, nede sen... Biz ancak \\\"biz\\\" olursak g\u00fc\u00e7l\u00fc olabiliriz\"},{\"@type\":\"Person\",\"@id\":\"https:\/\/avrupapress.com\/#\/schema\/person\/68428444ec60970d1e1b700cf4ca1e8f\",\"name\":\"Edit\u00f6r\",\"image\":{\"@type\":\"ImageObject\",\"inLanguage\":\"fr-BE\",\"@id\":\"https:\/\/avrupapress.com\/#\/schema\/person\/image\/\",\"url\":\"https:\/\/secure.gravatar.com\/avatar\/74996b0977aa5f1559ba9883776652508b229005c0d78fb2597897f0bd651c09?s=96&d=mm&r=g\",\"contentUrl\":\"https:\/\/secure.gravatar.com\/avatar\/74996b0977aa5f1559ba9883776652508b229005c0d78fb2597897f0bd651c09?s=96&d=mm&r=g\",\"caption\":\"Edit\u00f6r\"},\"sameAs\":[\"http:\/\/www.avrupapress.com\"],\"url\":\"https:\/\/avrupapress.com\/main\/author\/editor\/\"}]}<\/script>\n<!-- \/ Yoast SEO plugin. -->","yoast_head_json":{"title":"Emirda\u011f ve k\u00f6ylerinde ba\u015f\u0131bo\u015f k\u00f6pekler, insanlara zarar vermemesi i\u00e7in toplat\u0131l\u0131yor... - AvrupaPress","robots":{"index":"index","follow":"follow","max-snippet":"max-snippet:-1","max-image-preview":"max-image-preview:large","max-video-preview":"max-video-preview:-1"},"canonical":"https:\/\/avrupapress.com\/main\/2025\/08\/29\/emirdag-ve-koylerinde-basibos-kopekler-insanlara-zarar-vermemesi-icin-toplatiliyor\/","og_locale":"fr_FR","og_type":"article","og_title":"Emirda\u011f ve k\u00f6ylerinde ba\u015f\u0131bo\u015f k\u00f6pekler, insanlara zarar vermemesi i\u00e7in toplat\u0131l\u0131yor... - AvrupaPress","og_description":"HABER \/ FOTO\u011eRAF: ERTU\u011eRUL ALTINEL \u2013 B\u0130LG\u0130N \u00d6Z\u00c7\u0130FT\u00c7\u0130 \u2013 AVRUPA PRESS \u2013 BEL\u00c7\u0130KA Afyon iline ba\u011fl\u0131 Emirda\u011f il\u00e7e merkezinde Belediye taraf\u0131ndan, k\u0131rsal alanlarda ise Kaymakaml\u0131k taraf\u0131ndan Emirda\u011f ve k\u00f6ylerinde ba\u015f\u0131bo\u015f k\u00f6pekler, insanlara zarar vermemesi i\u00e7in toplat\u0131l\u0131yor. Emirda\u011f Kaymakam\u0131 Yasin Akg\u00fcl, \u2018\u2019Emirda\u011f\u2019a ba\u011fl\u0131 69 k\u00f6y ve 24 mahalle bulunmaktad\u0131r. K\u00f6y ve mahalle muhtarlar\u0131yla irtibata ge\u00e7ildi. Ba\u015f\u0131bo\u015f [&hellip;]","og_url":"https:\/\/avrupapress.com\/main\/2025\/08\/29\/emirdag-ve-koylerinde-basibos-kopekler-insanlara-zarar-vermemesi-icin-toplatiliyor\/","og_site_name":"AvrupaPress","article_published_time":"2025-08-29T19:32:29+00:00","article_modified_time":"2025-08-29T19:32:40+00:00","og_image":[{"width":1600,"height":1200,"url":"https:\/\/avrupapress.com\/main\/wp-content\/uploads\/2025\/08\/WhatsApp-Image-2025-08-29-a-20.39.49_40205b00.jpg","type":"image\/jpeg"}],"author":"Edit\u00f6r","twitter_card":"summary_large_image","twitter_misc":{"\u00c9crit par":"Edit\u00f6r","Dur\u00e9e de lecture est.":"2 minutes"},"schema":{"@context":"https:\/\/schema.org","@graph":[{"@type":"Article","@id":"https:\/\/avrupapress.com\/main\/2025\/08\/29\/emirdag-ve-koylerinde-basibos-kopekler-insanlara-zarar-vermemesi-icin-toplatiliyor\/#article","isPartOf":{"@id":"https:\/\/avrupapress.com\/main\/2025\/08\/29\/emirdag-ve-koylerinde-basibos-kopekler-insanlara-zarar-vermemesi-icin-toplatiliyor\/"},"author":{"name":"Edit\u00f6r","@id":"https:\/\/avrupapress.com\/#\/schema\/person\/68428444ec60970d1e1b700cf4ca1e8f"},"headline":"Emirda\u011f ve k\u00f6ylerinde ba\u015f\u0131bo\u015f k\u00f6pekler, insanlara zarar vermemesi i\u00e7in toplat\u0131l\u0131yor&#8230;","datePublished":"2025-08-29T19:32:29+00:00","dateModified":"2025-08-29T19:32:40+00:00","mainEntityOfPage":{"@id":"https:\/\/avrupapress.com\/main\/2025\/08\/29\/emirdag-ve-koylerinde-basibos-kopekler-insanlara-zarar-vermemesi-icin-toplatiliyor\/"},"wordCount":246,"publisher":{"@id":"https:\/\/avrupapress.com\/#\/schema\/person\/0223dca19c72c43575bf30d1a2d8f4fa"},"image":{"@id":"https:\/\/avrupapress.com\/main\/2025\/08\/29\/emirdag-ve-koylerinde-basibos-kopekler-insanlara-zarar-vermemesi-icin-toplatiliyor\/#primaryimage"},"thumbnailUrl":"https:\/\/avrupapress.com\/main\/wp-content\/uploads\/2025\/08\/WhatsApp-Image-2025-08-29-a-20.39.49_40205b00.jpg","articleSection":["Avrupa","Bel\u00e7ika","D\u00fcnya","Ekonomi","K\u00fclt\u00fcr-Sanat","Spor","Tan\u0131t\u0131m","T\u00fcrkiye","Uncategorized"],"inLanguage":"fr-BE"},{"@type":"WebPage","@id":"https:\/\/avrupapress.com\/main\/2025\/08\/29\/emirdag-ve-koylerinde-basibos-kopekler-insanlara-zarar-vermemesi-icin-toplatiliyor\/","url":"https:\/\/avrupapress.com\/main\/2025\/08\/29\/emirdag-ve-koylerinde-basibos-kopekler-insanlara-zarar-vermemesi-icin-toplatiliyor\/","name":"Emirda\u011f ve k\u00f6ylerinde ba\u015f\u0131bo\u015f k\u00f6pekler, insanlara zarar vermemesi i\u00e7in toplat\u0131l\u0131yor... - AvrupaPress","isPartOf":{"@id":"https:\/\/avrupapress.com\/#website"},"primaryImageOfPage":{"@id":"https:\/\/avrupapress.com\/main\/2025\/08\/29\/emirdag-ve-koylerinde-basibos-kopekler-insanlara-zarar-vermemesi-icin-toplatiliyor\/#primaryimage"},"image":{"@id":"https:\/\/avrupapress.com\/main\/2025\/08\/29\/emirdag-ve-koylerinde-basibos-kopekler-insanlara-zarar-vermemesi-icin-toplatiliyor\/#primaryimage"},"thumbnailUrl":"https:\/\/avrupapress.com\/main\/wp-content\/uploads\/2025\/08\/WhatsApp-Image-2025-08-29-a-20.39.49_40205b00.jpg","datePublished":"2025-08-29T19:32:29+00:00","dateModified":"2025-08-29T19:32:40+00:00","breadcrumb":{"@id":"https:\/\/avrupapress.com\/main\/2025\/08\/29\/emirdag-ve-koylerinde-basibos-kopekler-insanlara-zarar-vermemesi-icin-toplatiliyor\/#breadcrumb"},"inLanguage":"fr-BE","potentialAction":[{"@type":"ReadAction","target":["https:\/\/avrupapress.com\/main\/2025\/08\/29\/emirdag-ve-koylerinde-basibos-kopekler-insanlara-zarar-vermemesi-icin-toplatiliyor\/"]}]},{"@type":"ImageObject","inLanguage":"fr-BE","@id":"https:\/\/avrupapress.com\/main\/2025\/08\/29\/emirdag-ve-koylerinde-basibos-kopekler-insanlara-zarar-vermemesi-icin-toplatiliyor\/#primaryimage","url":"https:\/\/avrupapress.com\/main\/wp-content\/uploads\/2025\/08\/WhatsApp-Image-2025-08-29-a-20.39.49_40205b00.jpg","contentUrl":"https:\/\/avrupapress.com\/main\/wp-content\/uploads\/2025\/08\/WhatsApp-Image-2025-08-29-a-20.39.49_40205b00.jpg","width":1600,"height":1200},{"@type":"BreadcrumbList","@id":"https:\/\/avrupapress.com\/main\/2025\/08\/29\/emirdag-ve-koylerinde-basibos-kopekler-insanlara-zarar-vermemesi-icin-toplatiliyor\/#breadcrumb","itemListElement":[{"@type":"ListItem","position":1,"name":"Anasayfa","item":"https:\/\/avrupapress.com\/"},{"@type":"ListItem","position":2,"name":"Emirda\u011f ve k\u00f6ylerinde ba\u015f\u0131bo\u015f k\u00f6pekler, insanlara zarar vermemesi i\u00e7in toplat\u0131l\u0131yor&#8230;"}]},{"@type":"WebSite","@id":"https:\/\/avrupapress.com\/#website","url":"https:\/\/avrupapress.com\/","name":"AvrupaPress","description":"Haberin Adresi","publisher":{"@id":"https:\/\/avrupapress.com\/#\/schema\/person\/0223dca19c72c43575bf30d1a2d8f4fa"},"potentialAction":[{"@type":"SearchAction","target":{"@type":"EntryPoint","urlTemplate":"https:\/\/avrupapress.com\/?s={search_term_string}"},"query-input":{"@type":"PropertyValueSpecification","valueRequired":true,"valueName":"search_term_string"}}],"inLanguage":"fr-BE"},{"@type":["Person","Organization"],"@id":"https:\/\/avrupapress.com\/#\/schema\/person\/0223dca19c72c43575bf30d1a2d8f4fa","name":"Bilgin \u00d6z\u00e7ift\u00e7i","image":{"@type":"ImageObject","inLanguage":"fr-BE","@id":"https:\/\/avrupapress.com\/#\/schema\/person\/image\/","url":"https:\/\/secure.gravatar.com\/avatar\/0f23b280433a21e1ea7a0adcc46ed0ad16afe3ad8e630fd13d8a017dcbd54ef3?s=96&d=mm&r=g","contentUrl":"https:\/\/secure.gravatar.com\/avatar\/0f23b280433a21e1ea7a0adcc46ed0ad16afe3ad8e630fd13d8a017dcbd54ef3?s=96&d=mm&r=g","caption":"Bilgin \u00d6z\u00e7ift\u00e7i"},"logo":{"@id":"https:\/\/avrupapress.com\/#\/schema\/person\/image\/"},"description":"Ne ben, nede sen... Biz ancak \"biz\" olursak g\u00fc\u00e7l\u00fc olabiliriz"},{"@type":"Person","@id":"https:\/\/avrupapress.com\/#\/schema\/person\/68428444ec60970d1e1b700cf4ca1e8f","name":"Edit\u00f6r","image":{"@type":"ImageObject","inLanguage":"fr-BE","@id":"https:\/\/avrupapress.com\/#\/schema\/person\/image\/","url":"https:\/\/secure.gravatar.com\/avatar\/74996b0977aa5f1559ba9883776652508b229005c0d78fb2597897f0bd651c09?s=96&d=mm&r=g","contentUrl":"https:\/\/secure.gravatar.com\/avatar\/74996b0977aa5f1559ba9883776652508b229005c0d78fb2597897f0bd651c09?s=96&d=mm&r=g","caption":"Edit\u00f6r"},"sameAs":["http:\/\/www.avrupapress.com"],"url":"https:\/\/avrupapress.com\/main\/author\/editor\/"}]}},"_links":{"self":[{"href":"https:\/\/avrupapress.com\/main\/wp-json\/wp\/v2\/posts\/30285","targetHints":{"allow":["GET"]}}],"collection":[{"href":"https:\/\/avrupapress.com\/main\/wp-json\/wp\/v2\/posts"}],"about":[{"href":"https:\/\/avrupapress.com\/main\/wp-json\/wp\/v2\/types\/post"}],"author":[{"embeddable":true,"href":"https:\/\/avrupapress.com\/main\/wp-json\/wp\/v2\/users\/3"}],"replies":[{"embeddable":true,"href":"https:\/\/avrupapress.com\/main\/wp-json\/wp\/v2\/comments?post=30285"}],"version-history":[{"count":1,"href":"https:\/\/avrupapress.com\/main\/wp-json\/wp\/v2\/posts\/30285\/revisions"}],"predecessor-version":[{"id":30287,"href":"https:\/\/avrupapress.com\/main\/wp-json\/wp\/v2\/posts\/30285\/revisions\/30287"}],"wp:featuredmedia":[{"embeddable":true,"href":"https:\/\/avrupapress.com\/main\/wp-json\/wp\/v2\/media\/30286"}],"wp:attachment":[{"href":"https:\/\/avrupapress.com\/main\/wp-json\/wp\/v2\/media?parent=30285"}],"wp:term":[{"taxonomy":"category","embeddable":true,"href":"https:\/\/avrupapress.com\/main\/wp-json\/wp\/v2\/categories?post=30285"},{"taxonomy":"post_tag","embeddable":true,"href":"https:\/\/avrupapress.com\/main\/wp-json\/wp\/v2\/tags?post=30285"}],"curies":[{"name":"wp","href":"https:\/\/api.w.org\/{rel}","templated":true}]}}