{"id":30280,"date":"2025-08-29T19:26:56","date_gmt":"2025-08-29T19:26:56","guid":{"rendered":"https:\/\/avrupapress.com\/main\/?p=30280"},"modified":"2025-08-29T19:27:32","modified_gmt":"2025-08-29T19:27:32","slug":"vous-eskisehir-kizilelma-turan-dernegi-yonetimi-odunpazari-kaymakami-omer-uluyu-ziyaret-etti","status":"publish","type":"post","link":"https:\/\/avrupapress.com\/main\/2025\/08\/29\/vous-eskisehir-kizilelma-turan-dernegi-yonetimi-odunpazari-kaymakami-omer-uluyu-ziyaret-etti\/","title":{"rendered":"ESK\u0130\u015eEH\u0130R KIZILELMA TURAN DERNE\u011e\u0130 Y\u00d6NET\u0130M\u0130 ODUNPAZARI KAYMAKAMI \u00d6MER ULUYU Z\u0130YARET ETT\u0130"},"content":{"rendered":"<div dir=\"auto\" data-olk-copy-source=\"MessageBody\"><strong>HABER \/ FOTO\u011eRAF: ERTU\u011eRUL ALTINEL \u2013 B\u0130LG\u0130N \u00d6Z\u00c7\u0130FT\u00c7\u0130 \u2013 AVRUPA PRESS \u2013 BEL\u00c7\u0130KA<\/strong><\/div>\n<div dir=\"auto\" data-olk-copy-source=\"MessageBody\">Eski\u015fehir K\u0131z\u0131lelma turan derne\u011fi y\u00f6netim kurulu, Kaymakam \u00d6mer ULUYU ziyaret etti.<\/div>\n<div dir=\"auto\">Dernek \u00e7al\u0131\u015fmalar\u0131 hakk\u0131nda Kaymakam \u00d6mer ULUYA bilgi aktaran \u00a0Ba\u015fkan Ahmet HIZLAN, aktif bir dernek olduklar\u0131n\u0131 belirterek T\u00fcrk d\u00fcnyas\u0131 \u00f6\u011frencilerine hizmet ama\u00e7l\u0131 faaliyetler yap\u0131yoruz,gen\u00e7li\u011fe \u00f6zellikle T\u00fcrk d\u00fcnyas\u0131na hizmet bizim i\u00e7in \u00a0her zaman \u00f6n plandad\u0131r dedi.<\/div>\n<div dir=\"auto\">Yap\u0131lan ziyarette Kaymakam \u00a0\u00d6mer ULUYA g\u00fcn\u00fcn anlam ve \u00f6nemine binaen plaket takdim edildi.<\/div>\n<div dir=\"auto\">Kaymakam \u00d6mer ULU \u00a0ise bu g\u00fczel \u00a0faaliyetlerin T\u00fcrk d\u00fcnyas\u0131 ve \u00a0insanlar aras\u0131ndaki karde\u015flik, birlik ve beraberlik duygusunun peki\u015fmesini sa\u011flad\u0131\u011f\u0131n\u0131 bu mana dada b\u00f6yle derneklerin \u00a0rol\u00fcn\u00fcn \u00f6nemli oldu\u011funu vurgulad\u0131 .<\/div>\n<div dir=\"auto\"><\/div>\n<div dir=\"auto\"><img loading=\"lazy\" decoding=\"async\" class=\"alignnone size-medium wp-image-30281\" src=\"https:\/\/avrupapress.com\/main\/wp-content\/uploads\/2025\/08\/WhatsApp-Image-2025-08-29-a-21.21.02_837b116c-300x233.jpg\" alt=\"\" width=\"300\" height=\"233\" srcset=\"https:\/\/avrupapress.com\/main\/wp-content\/uploads\/2025\/08\/WhatsApp-Image-2025-08-29-a-21.21.02_837b116c-300x233.jpg 300w, https:\/\/avrupapress.com\/main\/wp-content\/uploads\/2025\/08\/WhatsApp-Image-2025-08-29-a-21.21.02_837b116c-1024x794.jpg 1024w, https:\/\/avrupapress.com\/main\/wp-content\/uploads\/2025\/08\/WhatsApp-Image-2025-08-29-a-21.21.02_837b116c-768x595.jpg 768w, https:\/\/avrupapress.com\/main\/wp-content\/uploads\/2025\/08\/WhatsApp-Image-2025-08-29-a-21.21.02_837b116c-1536x1190.jpg 1536w, https:\/\/avrupapress.com\/main\/wp-content\/uploads\/2025\/08\/WhatsApp-Image-2025-08-29-a-21.21.02_837b116c.jpg 1600w\" sizes=\"auto, (max-width: 300px) 100vw, 300px\" \/><\/div>\n<div dir=\"auto\"><img loading=\"lazy\" decoding=\"async\" class=\"alignnone size-medium wp-image-30282\" src=\"https:\/\/avrupapress.com\/main\/wp-content\/uploads\/2025\/08\/WhatsApp-Image-2025-08-29-a-21.21.43_8160588f-300x238.jpg\" alt=\"\" width=\"300\" height=\"238\" srcset=\"https:\/\/avrupapress.com\/main\/wp-content\/uploads\/2025\/08\/WhatsApp-Image-2025-08-29-a-21.21.43_8160588f-300x238.jpg 300w, https:\/\/avrupapress.com\/main\/wp-content\/uploads\/2025\/08\/WhatsApp-Image-2025-08-29-a-21.21.43_8160588f-1024x813.jpg 1024w, https:\/\/avrupapress.com\/main\/wp-content\/uploads\/2025\/08\/WhatsApp-Image-2025-08-29-a-21.21.43_8160588f-768x610.jpg 768w, https:\/\/avrupapress.com\/main\/wp-content\/uploads\/2025\/08\/WhatsApp-Image-2025-08-29-a-21.21.43_8160588f-1536x1219.jpg 1536w, https:\/\/avrupapress.com\/main\/wp-content\/uploads\/2025\/08\/WhatsApp-Image-2025-08-29-a-21.21.43_8160588f.jpg 1600w\" sizes=\"auto, (max-width: 300px) 100vw, 300px\" \/><\/div>\n<div dir=\"auto\"><\/div>\n<div dir=\"auto\"><strong>HABER \/ FOTO\u011eRAF: ERTU\u011eRUL ALTINEL \u2013 B\u0130LG\u0130N \u00d6Z\u00c7\u0130FT\u00c7\u0130 \u2013 AVRUPA PRESS \u2013 BEL\u00c7\u0130KA<\/strong><\/div>\n<div id=\"x_ms-outlook-mobile-body-separator-line\" dir=\"auto\"><\/div>\n<div id=\"x_ms-outlook-mobile-signature\" dir=\"auto\"><\/div>\n","protected":false},"excerpt":{"rendered":"<p>HABER \/ FOTO\u011eRAF: ERTU\u011eRUL ALTINEL \u2013 B\u0130LG\u0130N \u00d6Z\u00c7\u0130FT\u00c7\u0130 \u2013 AVRUPA PRESS \u2013 BEL\u00c7\u0130KA Eski\u015fehir K\u0131z\u0131lelma turan derne\u011fi y\u00f6netim kurulu, Kaymakam \u00d6mer ULUYU ziyaret etti. Dernek \u00e7al\u0131\u015fmalar\u0131 hakk\u0131nda Kaymakam \u00d6mer ULUYA bilgi aktaran \u00a0Ba\u015fkan Ahmet HIZLAN, aktif bir dernek olduklar\u0131n\u0131 belirterek T\u00fcrk d\u00fcnyas\u0131 \u00f6\u011frencilerine hizmet ama\u00e7l\u0131 faaliyetler yap\u0131yoruz,gen\u00e7li\u011fe \u00f6zellikle T\u00fcrk d\u00fcnyas\u0131na hizmet bizim i\u00e7in \u00a0her zaman [&hellip;]<\/p>\n","protected":false},"author":3,"featured_media":30281,"comment_status":"closed","ping_status":"open","sticky":false,"template":"","format":"standard","meta":{"footnotes":""},"categories":[14,16,3,17,18,15,19,2,1],"tags":[],"class_list":["post-30280","post","type-post","status-publish","format-standard","has-post-thumbnail","hentry","category-avrupa","category-belcika","category-dunya","category-ekonomi","category-kultur-sanat","category-spor","category-tanitim","category-turkiye","category-uncategorized"],"yoast_head":"<!-- This site is optimized with the Yoast SEO plugin v26.9 - https:\/\/yoast.com\/product\/yoast-seo-wordpress\/ -->\n<title>ESK\u0130\u015eEH\u0130R KIZILELMA TURAN DERNE\u011e\u0130 Y\u00d6NET\u0130M\u0130 ODUNPAZARI KAYMAKAMI \u00d6MER ULUYU Z\u0130YARET ETT\u0130 - AvrupaPress<\/title>\n<meta name=\"robots\" content=\"index, follow, max-snippet:-1, max-image-preview:large, max-video-preview:-1\" \/>\n<link rel=\"canonical\" href=\"https:\/\/avrupapress.com\/main\/2025\/08\/29\/vous-eskisehir-kizilelma-turan-dernegi-yonetimi-odunpazari-kaymakami-omer-uluyu-ziyaret-etti\/\" \/>\n<meta property=\"og:locale\" content=\"fr_FR\" \/>\n<meta property=\"og:type\" content=\"article\" \/>\n<meta property=\"og:title\" content=\"ESK\u0130\u015eEH\u0130R KIZILELMA TURAN DERNE\u011e\u0130 Y\u00d6NET\u0130M\u0130 ODUNPAZARI KAYMAKAMI \u00d6MER ULUYU Z\u0130YARET ETT\u0130 - AvrupaPress\" \/>\n<meta property=\"og:description\" content=\"HABER \/ FOTO\u011eRAF: ERTU\u011eRUL ALTINEL \u2013 B\u0130LG\u0130N \u00d6Z\u00c7\u0130FT\u00c7\u0130 \u2013 AVRUPA PRESS \u2013 BEL\u00c7\u0130KA Eski\u015fehir K\u0131z\u0131lelma turan derne\u011fi y\u00f6netim kurulu, Kaymakam \u00d6mer ULUYU ziyaret etti. Dernek \u00e7al\u0131\u015fmalar\u0131 hakk\u0131nda Kaymakam \u00d6mer ULUYA bilgi aktaran \u00a0Ba\u015fkan Ahmet HIZLAN, aktif bir dernek olduklar\u0131n\u0131 belirterek T\u00fcrk d\u00fcnyas\u0131 \u00f6\u011frencilerine hizmet ama\u00e7l\u0131 faaliyetler yap\u0131yoruz,gen\u00e7li\u011fe \u00f6zellikle T\u00fcrk d\u00fcnyas\u0131na hizmet bizim i\u00e7in \u00a0her zaman [&hellip;]\" \/>\n<meta property=\"og:url\" content=\"https:\/\/avrupapress.com\/main\/2025\/08\/29\/vous-eskisehir-kizilelma-turan-dernegi-yonetimi-odunpazari-kaymakami-omer-uluyu-ziyaret-etti\/\" \/>\n<meta property=\"og:site_name\" content=\"AvrupaPress\" \/>\n<meta property=\"article:published_time\" content=\"2025-08-29T19:26:56+00:00\" \/>\n<meta property=\"article:modified_time\" content=\"2025-08-29T19:27:32+00:00\" \/>\n<meta property=\"og:image\" content=\"https:\/\/avrupapress.com\/main\/wp-content\/uploads\/2025\/08\/WhatsApp-Image-2025-08-29-a-21.21.02_837b116c.jpg\" \/>\n\t<meta property=\"og:image:width\" content=\"1600\" \/>\n\t<meta property=\"og:image:height\" content=\"1240\" \/>\n\t<meta property=\"og:image:type\" content=\"image\/jpeg\" \/>\n<meta name=\"author\" content=\"Edit\u00f6r\" \/>\n<meta name=\"twitter:card\" content=\"summary_large_image\" \/>\n<meta name=\"twitter:label1\" content=\"\u00c9crit par\" \/>\n\t<meta name=\"twitter:data1\" content=\"Edit\u00f6r\" \/>\n\t<meta name=\"twitter:label2\" content=\"Dur\u00e9e de lecture est.\" \/>\n\t<meta name=\"twitter:data2\" content=\"2 minutes\" \/>\n<script type=\"application\/ld+json\" class=\"yoast-schema-graph\">{\"@context\":\"https:\/\/schema.org\",\"@graph\":[{\"@type\":\"Article\",\"@id\":\"https:\/\/avrupapress.com\/main\/2025\/08\/29\/vous-eskisehir-kizilelma-turan-dernegi-yonetimi-odunpazari-kaymakami-omer-uluyu-ziyaret-etti\/#article\",\"isPartOf\":{\"@id\":\"https:\/\/avrupapress.com\/main\/2025\/08\/29\/vous-eskisehir-kizilelma-turan-dernegi-yonetimi-odunpazari-kaymakami-omer-uluyu-ziyaret-etti\/\"},\"author\":{\"name\":\"Edit\u00f6r\",\"@id\":\"https:\/\/avrupapress.com\/#\/schema\/person\/68428444ec60970d1e1b700cf4ca1e8f\"},\"headline\":\"ESK\u0130\u015eEH\u0130R KIZILELMA TURAN DERNE\u011e\u0130 Y\u00d6NET\u0130M\u0130 ODUNPAZARI KAYMAKAMI \u00d6MER ULUYU Z\u0130YARET ETT\u0130\",\"datePublished\":\"2025-08-29T19:26:56+00:00\",\"dateModified\":\"2025-08-29T19:27:32+00:00\",\"mainEntityOfPage\":{\"@id\":\"https:\/\/avrupapress.com\/main\/2025\/08\/29\/vous-eskisehir-kizilelma-turan-dernegi-yonetimi-odunpazari-kaymakami-omer-uluyu-ziyaret-etti\/\"},\"wordCount\":168,\"publisher\":{\"@id\":\"https:\/\/avrupapress.com\/#\/schema\/person\/0223dca19c72c43575bf30d1a2d8f4fa\"},\"image\":{\"@id\":\"https:\/\/avrupapress.com\/main\/2025\/08\/29\/vous-eskisehir-kizilelma-turan-dernegi-yonetimi-odunpazari-kaymakami-omer-uluyu-ziyaret-etti\/#primaryimage\"},\"thumbnailUrl\":\"https:\/\/avrupapress.com\/main\/wp-content\/uploads\/2025\/08\/WhatsApp-Image-2025-08-29-a-21.21.02_837b116c.jpg\",\"articleSection\":[\"Avrupa\",\"Bel\u00e7ika\",\"D\u00fcnya\",\"Ekonomi\",\"K\u00fclt\u00fcr-Sanat\",\"Spor\",\"Tan\u0131t\u0131m\",\"T\u00fcrkiye\",\"Uncategorized\"],\"inLanguage\":\"fr-BE\"},{\"@type\":\"WebPage\",\"@id\":\"https:\/\/avrupapress.com\/main\/2025\/08\/29\/vous-eskisehir-kizilelma-turan-dernegi-yonetimi-odunpazari-kaymakami-omer-uluyu-ziyaret-etti\/\",\"url\":\"https:\/\/avrupapress.com\/main\/2025\/08\/29\/vous-eskisehir-kizilelma-turan-dernegi-yonetimi-odunpazari-kaymakami-omer-uluyu-ziyaret-etti\/\",\"name\":\"ESK\u0130\u015eEH\u0130R KIZILELMA TURAN DERNE\u011e\u0130 Y\u00d6NET\u0130M\u0130 ODUNPAZARI KAYMAKAMI \u00d6MER ULUYU Z\u0130YARET ETT\u0130 - AvrupaPress\",\"isPartOf\":{\"@id\":\"https:\/\/avrupapress.com\/#website\"},\"primaryImageOfPage\":{\"@id\":\"https:\/\/avrupapress.com\/main\/2025\/08\/29\/vous-eskisehir-kizilelma-turan-dernegi-yonetimi-odunpazari-kaymakami-omer-uluyu-ziyaret-etti\/#primaryimage\"},\"image\":{\"@id\":\"https:\/\/avrupapress.com\/main\/2025\/08\/29\/vous-eskisehir-kizilelma-turan-dernegi-yonetimi-odunpazari-kaymakami-omer-uluyu-ziyaret-etti\/#primaryimage\"},\"thumbnailUrl\":\"https:\/\/avrupapress.com\/main\/wp-content\/uploads\/2025\/08\/WhatsApp-Image-2025-08-29-a-21.21.02_837b116c.jpg\",\"datePublished\":\"2025-08-29T19:26:56+00:00\",\"dateModified\":\"2025-08-29T19:27:32+00:00\",\"breadcrumb\":{\"@id\":\"https:\/\/avrupapress.com\/main\/2025\/08\/29\/vous-eskisehir-kizilelma-turan-dernegi-yonetimi-odunpazari-kaymakami-omer-uluyu-ziyaret-etti\/#breadcrumb\"},\"inLanguage\":\"fr-BE\",\"potentialAction\":[{\"@type\":\"ReadAction\",\"target\":[\"https:\/\/avrupapress.com\/main\/2025\/08\/29\/vous-eskisehir-kizilelma-turan-dernegi-yonetimi-odunpazari-kaymakami-omer-uluyu-ziyaret-etti\/\"]}]},{\"@type\":\"ImageObject\",\"inLanguage\":\"fr-BE\",\"@id\":\"https:\/\/avrupapress.com\/main\/2025\/08\/29\/vous-eskisehir-kizilelma-turan-dernegi-yonetimi-odunpazari-kaymakami-omer-uluyu-ziyaret-etti\/#primaryimage\",\"url\":\"https:\/\/avrupapress.com\/main\/wp-content\/uploads\/2025\/08\/WhatsApp-Image-2025-08-29-a-21.21.02_837b116c.jpg\",\"contentUrl\":\"https:\/\/avrupapress.com\/main\/wp-content\/uploads\/2025\/08\/WhatsApp-Image-2025-08-29-a-21.21.02_837b116c.jpg\",\"width\":1600,\"height\":1240},{\"@type\":\"BreadcrumbList\",\"@id\":\"https:\/\/avrupapress.com\/main\/2025\/08\/29\/vous-eskisehir-kizilelma-turan-dernegi-yonetimi-odunpazari-kaymakami-omer-uluyu-ziyaret-etti\/#breadcrumb\",\"itemListElement\":[{\"@type\":\"ListItem\",\"position\":1,\"name\":\"Anasayfa\",\"item\":\"https:\/\/avrupapress.com\/\"},{\"@type\":\"ListItem\",\"position\":2,\"name\":\"ESK\u0130\u015eEH\u0130R KIZILELMA TURAN DERNE\u011e\u0130 Y\u00d6NET\u0130M\u0130 ODUNPAZARI KAYMAKAMI \u00d6MER ULUYU Z\u0130YARET ETT\u0130\"}]},{\"@type\":\"WebSite\",\"@id\":\"https:\/\/avrupapress.com\/#website\",\"url\":\"https:\/\/avrupapress.com\/\",\"name\":\"AvrupaPress\",\"description\":\"Haberin Adresi\",\"publisher\":{\"@id\":\"https:\/\/avrupapress.com\/#\/schema\/person\/0223dca19c72c43575bf30d1a2d8f4fa\"},\"potentialAction\":[{\"@type\":\"SearchAction\",\"target\":{\"@type\":\"EntryPoint\",\"urlTemplate\":\"https:\/\/avrupapress.com\/?s={search_term_string}\"},\"query-input\":{\"@type\":\"PropertyValueSpecification\",\"valueRequired\":true,\"valueName\":\"search_term_string\"}}],\"inLanguage\":\"fr-BE\"},{\"@type\":[\"Person\",\"Organization\"],\"@id\":\"https:\/\/avrupapress.com\/#\/schema\/person\/0223dca19c72c43575bf30d1a2d8f4fa\",\"name\":\"Bilgin \u00d6z\u00e7ift\u00e7i\",\"image\":{\"@type\":\"ImageObject\",\"inLanguage\":\"fr-BE\",\"@id\":\"https:\/\/avrupapress.com\/#\/schema\/person\/image\/\",\"url\":\"https:\/\/secure.gravatar.com\/avatar\/0f23b280433a21e1ea7a0adcc46ed0ad16afe3ad8e630fd13d8a017dcbd54ef3?s=96&d=mm&r=g\",\"contentUrl\":\"https:\/\/secure.gravatar.com\/avatar\/0f23b280433a21e1ea7a0adcc46ed0ad16afe3ad8e630fd13d8a017dcbd54ef3?s=96&d=mm&r=g\",\"caption\":\"Bilgin \u00d6z\u00e7ift\u00e7i\"},\"logo\":{\"@id\":\"https:\/\/avrupapress.com\/#\/schema\/person\/image\/\"},\"description\":\"Ne ben, nede sen... Biz ancak \\\"biz\\\" olursak g\u00fc\u00e7l\u00fc olabiliriz\"},{\"@type\":\"Person\",\"@id\":\"https:\/\/avrupapress.com\/#\/schema\/person\/68428444ec60970d1e1b700cf4ca1e8f\",\"name\":\"Edit\u00f6r\",\"image\":{\"@type\":\"ImageObject\",\"inLanguage\":\"fr-BE\",\"@id\":\"https:\/\/avrupapress.com\/#\/schema\/person\/image\/\",\"url\":\"https:\/\/secure.gravatar.com\/avatar\/74996b0977aa5f1559ba9883776652508b229005c0d78fb2597897f0bd651c09?s=96&d=mm&r=g\",\"contentUrl\":\"https:\/\/secure.gravatar.com\/avatar\/74996b0977aa5f1559ba9883776652508b229005c0d78fb2597897f0bd651c09?s=96&d=mm&r=g\",\"caption\":\"Edit\u00f6r\"},\"sameAs\":[\"http:\/\/www.avrupapress.com\"],\"url\":\"https:\/\/avrupapress.com\/main\/author\/editor\/\"}]}<\/script>\n<!-- \/ Yoast SEO plugin. -->","yoast_head_json":{"title":"ESK\u0130\u015eEH\u0130R KIZILELMA TURAN DERNE\u011e\u0130 Y\u00d6NET\u0130M\u0130 ODUNPAZARI KAYMAKAMI \u00d6MER ULUYU Z\u0130YARET ETT\u0130 - AvrupaPress","robots":{"index":"index","follow":"follow","max-snippet":"max-snippet:-1","max-image-preview":"max-image-preview:large","max-video-preview":"max-video-preview:-1"},"canonical":"https:\/\/avrupapress.com\/main\/2025\/08\/29\/vous-eskisehir-kizilelma-turan-dernegi-yonetimi-odunpazari-kaymakami-omer-uluyu-ziyaret-etti\/","og_locale":"fr_FR","og_type":"article","og_title":"ESK\u0130\u015eEH\u0130R KIZILELMA TURAN DERNE\u011e\u0130 Y\u00d6NET\u0130M\u0130 ODUNPAZARI KAYMAKAMI \u00d6MER ULUYU Z\u0130YARET ETT\u0130 - AvrupaPress","og_description":"HABER \/ FOTO\u011eRAF: ERTU\u011eRUL ALTINEL \u2013 B\u0130LG\u0130N \u00d6Z\u00c7\u0130FT\u00c7\u0130 \u2013 AVRUPA PRESS \u2013 BEL\u00c7\u0130KA Eski\u015fehir K\u0131z\u0131lelma turan derne\u011fi y\u00f6netim kurulu, Kaymakam \u00d6mer ULUYU ziyaret etti. Dernek \u00e7al\u0131\u015fmalar\u0131 hakk\u0131nda Kaymakam \u00d6mer ULUYA bilgi aktaran \u00a0Ba\u015fkan Ahmet HIZLAN, aktif bir dernek olduklar\u0131n\u0131 belirterek T\u00fcrk d\u00fcnyas\u0131 \u00f6\u011frencilerine hizmet ama\u00e7l\u0131 faaliyetler yap\u0131yoruz,gen\u00e7li\u011fe \u00f6zellikle T\u00fcrk d\u00fcnyas\u0131na hizmet bizim i\u00e7in \u00a0her zaman [&hellip;]","og_url":"https:\/\/avrupapress.com\/main\/2025\/08\/29\/vous-eskisehir-kizilelma-turan-dernegi-yonetimi-odunpazari-kaymakami-omer-uluyu-ziyaret-etti\/","og_site_name":"AvrupaPress","article_published_time":"2025-08-29T19:26:56+00:00","article_modified_time":"2025-08-29T19:27:32+00:00","og_image":[{"width":1600,"height":1240,"url":"https:\/\/avrupapress.com\/main\/wp-content\/uploads\/2025\/08\/WhatsApp-Image-2025-08-29-a-21.21.02_837b116c.jpg","type":"image\/jpeg"}],"author":"Edit\u00f6r","twitter_card":"summary_large_image","twitter_misc":{"\u00c9crit par":"Edit\u00f6r","Dur\u00e9e de lecture est.":"2 minutes"},"schema":{"@context":"https:\/\/schema.org","@graph":[{"@type":"Article","@id":"https:\/\/avrupapress.com\/main\/2025\/08\/29\/vous-eskisehir-kizilelma-turan-dernegi-yonetimi-odunpazari-kaymakami-omer-uluyu-ziyaret-etti\/#article","isPartOf":{"@id":"https:\/\/avrupapress.com\/main\/2025\/08\/29\/vous-eskisehir-kizilelma-turan-dernegi-yonetimi-odunpazari-kaymakami-omer-uluyu-ziyaret-etti\/"},"author":{"name":"Edit\u00f6r","@id":"https:\/\/avrupapress.com\/#\/schema\/person\/68428444ec60970d1e1b700cf4ca1e8f"},"headline":"ESK\u0130\u015eEH\u0130R KIZILELMA TURAN DERNE\u011e\u0130 Y\u00d6NET\u0130M\u0130 ODUNPAZARI KAYMAKAMI \u00d6MER ULUYU Z\u0130YARET ETT\u0130","datePublished":"2025-08-29T19:26:56+00:00","dateModified":"2025-08-29T19:27:32+00:00","mainEntityOfPage":{"@id":"https:\/\/avrupapress.com\/main\/2025\/08\/29\/vous-eskisehir-kizilelma-turan-dernegi-yonetimi-odunpazari-kaymakami-omer-uluyu-ziyaret-etti\/"},"wordCount":168,"publisher":{"@id":"https:\/\/avrupapress.com\/#\/schema\/person\/0223dca19c72c43575bf30d1a2d8f4fa"},"image":{"@id":"https:\/\/avrupapress.com\/main\/2025\/08\/29\/vous-eskisehir-kizilelma-turan-dernegi-yonetimi-odunpazari-kaymakami-omer-uluyu-ziyaret-etti\/#primaryimage"},"thumbnailUrl":"https:\/\/avrupapress.com\/main\/wp-content\/uploads\/2025\/08\/WhatsApp-Image-2025-08-29-a-21.21.02_837b116c.jpg","articleSection":["Avrupa","Bel\u00e7ika","D\u00fcnya","Ekonomi","K\u00fclt\u00fcr-Sanat","Spor","Tan\u0131t\u0131m","T\u00fcrkiye","Uncategorized"],"inLanguage":"fr-BE"},{"@type":"WebPage","@id":"https:\/\/avrupapress.com\/main\/2025\/08\/29\/vous-eskisehir-kizilelma-turan-dernegi-yonetimi-odunpazari-kaymakami-omer-uluyu-ziyaret-etti\/","url":"https:\/\/avrupapress.com\/main\/2025\/08\/29\/vous-eskisehir-kizilelma-turan-dernegi-yonetimi-odunpazari-kaymakami-omer-uluyu-ziyaret-etti\/","name":"ESK\u0130\u015eEH\u0130R KIZILELMA TURAN DERNE\u011e\u0130 Y\u00d6NET\u0130M\u0130 ODUNPAZARI KAYMAKAMI \u00d6MER ULUYU Z\u0130YARET ETT\u0130 - AvrupaPress","isPartOf":{"@id":"https:\/\/avrupapress.com\/#website"},"primaryImageOfPage":{"@id":"https:\/\/avrupapress.com\/main\/2025\/08\/29\/vous-eskisehir-kizilelma-turan-dernegi-yonetimi-odunpazari-kaymakami-omer-uluyu-ziyaret-etti\/#primaryimage"},"image":{"@id":"https:\/\/avrupapress.com\/main\/2025\/08\/29\/vous-eskisehir-kizilelma-turan-dernegi-yonetimi-odunpazari-kaymakami-omer-uluyu-ziyaret-etti\/#primaryimage"},"thumbnailUrl":"https:\/\/avrupapress.com\/main\/wp-content\/uploads\/2025\/08\/WhatsApp-Image-2025-08-29-a-21.21.02_837b116c.jpg","datePublished":"2025-08-29T19:26:56+00:00","dateModified":"2025-08-29T19:27:32+00:00","breadcrumb":{"@id":"https:\/\/avrupapress.com\/main\/2025\/08\/29\/vous-eskisehir-kizilelma-turan-dernegi-yonetimi-odunpazari-kaymakami-omer-uluyu-ziyaret-etti\/#breadcrumb"},"inLanguage":"fr-BE","potentialAction":[{"@type":"ReadAction","target":["https:\/\/avrupapress.com\/main\/2025\/08\/29\/vous-eskisehir-kizilelma-turan-dernegi-yonetimi-odunpazari-kaymakami-omer-uluyu-ziyaret-etti\/"]}]},{"@type":"ImageObject","inLanguage":"fr-BE","@id":"https:\/\/avrupapress.com\/main\/2025\/08\/29\/vous-eskisehir-kizilelma-turan-dernegi-yonetimi-odunpazari-kaymakami-omer-uluyu-ziyaret-etti\/#primaryimage","url":"https:\/\/avrupapress.com\/main\/wp-content\/uploads\/2025\/08\/WhatsApp-Image-2025-08-29-a-21.21.02_837b116c.jpg","contentUrl":"https:\/\/avrupapress.com\/main\/wp-content\/uploads\/2025\/08\/WhatsApp-Image-2025-08-29-a-21.21.02_837b116c.jpg","width":1600,"height":1240},{"@type":"BreadcrumbList","@id":"https:\/\/avrupapress.com\/main\/2025\/08\/29\/vous-eskisehir-kizilelma-turan-dernegi-yonetimi-odunpazari-kaymakami-omer-uluyu-ziyaret-etti\/#breadcrumb","itemListElement":[{"@type":"ListItem","position":1,"name":"Anasayfa","item":"https:\/\/avrupapress.com\/"},{"@type":"ListItem","position":2,"name":"ESK\u0130\u015eEH\u0130R KIZILELMA TURAN DERNE\u011e\u0130 Y\u00d6NET\u0130M\u0130 ODUNPAZARI KAYMAKAMI \u00d6MER ULUYU Z\u0130YARET ETT\u0130"}]},{"@type":"WebSite","@id":"https:\/\/avrupapress.com\/#website","url":"https:\/\/avrupapress.com\/","name":"AvrupaPress","description":"Haberin Adresi","publisher":{"@id":"https:\/\/avrupapress.com\/#\/schema\/person\/0223dca19c72c43575bf30d1a2d8f4fa"},"potentialAction":[{"@type":"SearchAction","target":{"@type":"EntryPoint","urlTemplate":"https:\/\/avrupapress.com\/?s={search_term_string}"},"query-input":{"@type":"PropertyValueSpecification","valueRequired":true,"valueName":"search_term_string"}}],"inLanguage":"fr-BE"},{"@type":["Person","Organization"],"@id":"https:\/\/avrupapress.com\/#\/schema\/person\/0223dca19c72c43575bf30d1a2d8f4fa","name":"Bilgin \u00d6z\u00e7ift\u00e7i","image":{"@type":"ImageObject","inLanguage":"fr-BE","@id":"https:\/\/avrupapress.com\/#\/schema\/person\/image\/","url":"https:\/\/secure.gravatar.com\/avatar\/0f23b280433a21e1ea7a0adcc46ed0ad16afe3ad8e630fd13d8a017dcbd54ef3?s=96&d=mm&r=g","contentUrl":"https:\/\/secure.gravatar.com\/avatar\/0f23b280433a21e1ea7a0adcc46ed0ad16afe3ad8e630fd13d8a017dcbd54ef3?s=96&d=mm&r=g","caption":"Bilgin \u00d6z\u00e7ift\u00e7i"},"logo":{"@id":"https:\/\/avrupapress.com\/#\/schema\/person\/image\/"},"description":"Ne ben, nede sen... Biz ancak \"biz\" olursak g\u00fc\u00e7l\u00fc olabiliriz"},{"@type":"Person","@id":"https:\/\/avrupapress.com\/#\/schema\/person\/68428444ec60970d1e1b700cf4ca1e8f","name":"Edit\u00f6r","image":{"@type":"ImageObject","inLanguage":"fr-BE","@id":"https:\/\/avrupapress.com\/#\/schema\/person\/image\/","url":"https:\/\/secure.gravatar.com\/avatar\/74996b0977aa5f1559ba9883776652508b229005c0d78fb2597897f0bd651c09?s=96&d=mm&r=g","contentUrl":"https:\/\/secure.gravatar.com\/avatar\/74996b0977aa5f1559ba9883776652508b229005c0d78fb2597897f0bd651c09?s=96&d=mm&r=g","caption":"Edit\u00f6r"},"sameAs":["http:\/\/www.avrupapress.com"],"url":"https:\/\/avrupapress.com\/main\/author\/editor\/"}]}},"_links":{"self":[{"href":"https:\/\/avrupapress.com\/main\/wp-json\/wp\/v2\/posts\/30280","targetHints":{"allow":["GET"]}}],"collection":[{"href":"https:\/\/avrupapress.com\/main\/wp-json\/wp\/v2\/posts"}],"about":[{"href":"https:\/\/avrupapress.com\/main\/wp-json\/wp\/v2\/types\/post"}],"author":[{"embeddable":true,"href":"https:\/\/avrupapress.com\/main\/wp-json\/wp\/v2\/users\/3"}],"replies":[{"embeddable":true,"href":"https:\/\/avrupapress.com\/main\/wp-json\/wp\/v2\/comments?post=30280"}],"version-history":[{"count":2,"href":"https:\/\/avrupapress.com\/main\/wp-json\/wp\/v2\/posts\/30280\/revisions"}],"predecessor-version":[{"id":30284,"href":"https:\/\/avrupapress.com\/main\/wp-json\/wp\/v2\/posts\/30280\/revisions\/30284"}],"wp:featuredmedia":[{"embeddable":true,"href":"https:\/\/avrupapress.com\/main\/wp-json\/wp\/v2\/media\/30281"}],"wp:attachment":[{"href":"https:\/\/avrupapress.com\/main\/wp-json\/wp\/v2\/media?parent=30280"}],"wp:term":[{"taxonomy":"category","embeddable":true,"href":"https:\/\/avrupapress.com\/main\/wp-json\/wp\/v2\/categories?post=30280"},{"taxonomy":"post_tag","embeddable":true,"href":"https:\/\/avrupapress.com\/main\/wp-json\/wp\/v2\/tags?post=30280"}],"curies":[{"name":"wp","href":"https:\/\/api.w.org\/{rel}","templated":true}]}}