{"id":30268,"date":"2025-08-28T21:05:51","date_gmt":"2025-08-28T21:05:51","guid":{"rendered":"https:\/\/avrupapress.com\/main\/?p=30268"},"modified":"2025-08-28T21:05:57","modified_gmt":"2025-08-28T21:05:57","slug":"emirdagli-genc-doktor-hayatini-kaybetti","status":"publish","type":"post","link":"https:\/\/avrupapress.com\/main\/2025\/08\/28\/emirdagli-genc-doktor-hayatini-kaybetti\/","title":{"rendered":"EM\u0130RDA\u011eLI GEN\u00c7 DOKTOR, Hayat\u0131n\u0131 kaybetti"},"content":{"rendered":"<div dir=\"auto\" data-olk-copy-source=\"MessageBody\">VEFAT \u0130LANI<\/div>\n<div dir=\"auto\">EM\u0130RDA\u011eLI GEN\u00c7 DOKTOR, Hayat\u0131n\u0131 kaybetti.<\/div>\n<div dir=\"auto\">Eski\u015fehir&rsquo;de ikamet eden, Aslen Emirda\u011f A\u011f\u0131lc\u0131k k\u00f6y\u00fcnden (\u00f6\u011fretmen ).(Mustafa Demir)&rsquo;in k\u0131z\u0131 DOKTOR- Yeter Demir, hakk\u0131n rahmetine kavu\u015fmu\u015ftur. Cenazesi \u00a029.a\u011fustos.2025 tarihinde, Cuma namaz\u0131na m\u00fcteakip Eski\u015fehir Hac\u0131 Seyit mahallesinde bulunan Hac\u0131 Seyit caminde k\u0131l\u0131nacak cenaze namaz\u0131ndan sonra Eski\u015fehir \u015fehir kabristan\u0131nda defnedilecektir. ileti\u015fim tel. Mustafa Demir . 0.536.3403429<\/div>\n<div id=\"x_ms-outlook-mobile-body-separator-line\" dir=\"auto\"><\/div>\n<div id=\"x_ms-outlook-mobile-signature\" dir=\"auto\"><\/div>\n","protected":false},"excerpt":{"rendered":"<p>VEFAT \u0130LANI EM\u0130RDA\u011eLI GEN\u00c7 DOKTOR, Hayat\u0131n\u0131 kaybetti. Eski\u015fehir&rsquo;de ikamet eden, Aslen Emirda\u011f A\u011f\u0131lc\u0131k k\u00f6y\u00fcnden (\u00f6\u011fretmen ).(Mustafa Demir)&rsquo;in k\u0131z\u0131 DOKTOR- Yeter Demir, hakk\u0131n rahmetine kavu\u015fmu\u015ftur. Cenazesi \u00a029.a\u011fustos.2025 tarihinde, Cuma namaz\u0131na m\u00fcteakip Eski\u015fehir Hac\u0131 Seyit mahallesinde bulunan Hac\u0131 Seyit caminde k\u0131l\u0131nacak cenaze namaz\u0131ndan sonra Eski\u015fehir \u015fehir kabristan\u0131nda defnedilecektir. ileti\u015fim tel. Mustafa Demir . 0.536.3403429<\/p>\n","protected":false},"author":3,"featured_media":30269,"comment_status":"closed","ping_status":"open","sticky":false,"template":"","format":"standard","meta":{"footnotes":""},"categories":[14,16,3,17,18,15,19,2,1],"tags":[],"class_list":["post-30268","post","type-post","status-publish","format-standard","has-post-thumbnail","hentry","category-avrupa","category-belcika","category-dunya","category-ekonomi","category-kultur-sanat","category-spor","category-tanitim","category-turkiye","category-uncategorized"],"yoast_head":"<!-- This site is optimized with the Yoast SEO plugin v26.9 - https:\/\/yoast.com\/product\/yoast-seo-wordpress\/ -->\n<title>EM\u0130RDA\u011eLI GEN\u00c7 DOKTOR, Hayat\u0131n\u0131 kaybetti - AvrupaPress<\/title>\n<meta name=\"robots\" content=\"index, follow, max-snippet:-1, max-image-preview:large, max-video-preview:-1\" \/>\n<link rel=\"canonical\" href=\"https:\/\/avrupapress.com\/main\/2025\/08\/28\/emirdagli-genc-doktor-hayatini-kaybetti\/\" \/>\n<meta property=\"og:locale\" content=\"fr_FR\" \/>\n<meta property=\"og:type\" content=\"article\" \/>\n<meta property=\"og:title\" content=\"EM\u0130RDA\u011eLI GEN\u00c7 DOKTOR, Hayat\u0131n\u0131 kaybetti - AvrupaPress\" \/>\n<meta property=\"og:description\" content=\"VEFAT \u0130LANI EM\u0130RDA\u011eLI GEN\u00c7 DOKTOR, Hayat\u0131n\u0131 kaybetti. Eski\u015fehir&rsquo;de ikamet eden, Aslen Emirda\u011f A\u011f\u0131lc\u0131k k\u00f6y\u00fcnden (\u00f6\u011fretmen ).(Mustafa Demir)&rsquo;in k\u0131z\u0131 DOKTOR- Yeter Demir, hakk\u0131n rahmetine kavu\u015fmu\u015ftur. Cenazesi \u00a029.a\u011fustos.2025 tarihinde, Cuma namaz\u0131na m\u00fcteakip Eski\u015fehir Hac\u0131 Seyit mahallesinde bulunan Hac\u0131 Seyit caminde k\u0131l\u0131nacak cenaze namaz\u0131ndan sonra Eski\u015fehir \u015fehir kabristan\u0131nda defnedilecektir. ileti\u015fim tel. Mustafa Demir . 0.536.3403429\" \/>\n<meta property=\"og:url\" content=\"https:\/\/avrupapress.com\/main\/2025\/08\/28\/emirdagli-genc-doktor-hayatini-kaybetti\/\" \/>\n<meta property=\"og:site_name\" content=\"AvrupaPress\" \/>\n<meta property=\"article:published_time\" content=\"2025-08-28T21:05:51+00:00\" \/>\n<meta property=\"article:modified_time\" content=\"2025-08-28T21:05:57+00:00\" \/>\n<meta property=\"og:image\" content=\"https:\/\/avrupapress.com\/main\/wp-content\/uploads\/2025\/08\/thumbnail_IMG-20250828-WA0039.jpg\" \/>\n\t<meta property=\"og:image:width\" content=\"910\" \/>\n\t<meta property=\"og:image:height\" content=\"630\" \/>\n\t<meta property=\"og:image:type\" content=\"image\/jpeg\" \/>\n<meta name=\"author\" content=\"Edit\u00f6r\" \/>\n<meta name=\"twitter:card\" content=\"summary_large_image\" \/>\n<meta name=\"twitter:label1\" content=\"\u00c9crit par\" \/>\n\t<meta name=\"twitter:data1\" content=\"Edit\u00f6r\" \/>\n\t<meta name=\"twitter:label2\" content=\"Dur\u00e9e de lecture est.\" \/>\n\t<meta name=\"twitter:data2\" content=\"1 minute\" \/>\n<script type=\"application\/ld+json\" class=\"yoast-schema-graph\">{\"@context\":\"https:\/\/schema.org\",\"@graph\":[{\"@type\":\"Article\",\"@id\":\"https:\/\/avrupapress.com\/main\/2025\/08\/28\/emirdagli-genc-doktor-hayatini-kaybetti\/#article\",\"isPartOf\":{\"@id\":\"https:\/\/avrupapress.com\/main\/2025\/08\/28\/emirdagli-genc-doktor-hayatini-kaybetti\/\"},\"author\":{\"name\":\"Edit\u00f6r\",\"@id\":\"https:\/\/avrupapress.com\/#\/schema\/person\/68428444ec60970d1e1b700cf4ca1e8f\"},\"headline\":\"EM\u0130RDA\u011eLI GEN\u00c7 DOKTOR, Hayat\u0131n\u0131 kaybetti\",\"datePublished\":\"2025-08-28T21:05:51+00:00\",\"dateModified\":\"2025-08-28T21:05:57+00:00\",\"mainEntityOfPage\":{\"@id\":\"https:\/\/avrupapress.com\/main\/2025\/08\/28\/emirdagli-genc-doktor-hayatini-kaybetti\/\"},\"wordCount\":81,\"publisher\":{\"@id\":\"https:\/\/avrupapress.com\/#\/schema\/person\/0223dca19c72c43575bf30d1a2d8f4fa\"},\"image\":{\"@id\":\"https:\/\/avrupapress.com\/main\/2025\/08\/28\/emirdagli-genc-doktor-hayatini-kaybetti\/#primaryimage\"},\"thumbnailUrl\":\"https:\/\/avrupapress.com\/main\/wp-content\/uploads\/2025\/08\/thumbnail_IMG-20250828-WA0039.jpg\",\"articleSection\":[\"Avrupa\",\"Bel\u00e7ika\",\"D\u00fcnya\",\"Ekonomi\",\"K\u00fclt\u00fcr-Sanat\",\"Spor\",\"Tan\u0131t\u0131m\",\"T\u00fcrkiye\",\"Uncategorized\"],\"inLanguage\":\"fr-BE\"},{\"@type\":\"WebPage\",\"@id\":\"https:\/\/avrupapress.com\/main\/2025\/08\/28\/emirdagli-genc-doktor-hayatini-kaybetti\/\",\"url\":\"https:\/\/avrupapress.com\/main\/2025\/08\/28\/emirdagli-genc-doktor-hayatini-kaybetti\/\",\"name\":\"EM\u0130RDA\u011eLI GEN\u00c7 DOKTOR, Hayat\u0131n\u0131 kaybetti - AvrupaPress\",\"isPartOf\":{\"@id\":\"https:\/\/avrupapress.com\/#website\"},\"primaryImageOfPage\":{\"@id\":\"https:\/\/avrupapress.com\/main\/2025\/08\/28\/emirdagli-genc-doktor-hayatini-kaybetti\/#primaryimage\"},\"image\":{\"@id\":\"https:\/\/avrupapress.com\/main\/2025\/08\/28\/emirdagli-genc-doktor-hayatini-kaybetti\/#primaryimage\"},\"thumbnailUrl\":\"https:\/\/avrupapress.com\/main\/wp-content\/uploads\/2025\/08\/thumbnail_IMG-20250828-WA0039.jpg\",\"datePublished\":\"2025-08-28T21:05:51+00:00\",\"dateModified\":\"2025-08-28T21:05:57+00:00\",\"breadcrumb\":{\"@id\":\"https:\/\/avrupapress.com\/main\/2025\/08\/28\/emirdagli-genc-doktor-hayatini-kaybetti\/#breadcrumb\"},\"inLanguage\":\"fr-BE\",\"potentialAction\":[{\"@type\":\"ReadAction\",\"target\":[\"https:\/\/avrupapress.com\/main\/2025\/08\/28\/emirdagli-genc-doktor-hayatini-kaybetti\/\"]}]},{\"@type\":\"ImageObject\",\"inLanguage\":\"fr-BE\",\"@id\":\"https:\/\/avrupapress.com\/main\/2025\/08\/28\/emirdagli-genc-doktor-hayatini-kaybetti\/#primaryimage\",\"url\":\"https:\/\/avrupapress.com\/main\/wp-content\/uploads\/2025\/08\/thumbnail_IMG-20250828-WA0039.jpg\",\"contentUrl\":\"https:\/\/avrupapress.com\/main\/wp-content\/uploads\/2025\/08\/thumbnail_IMG-20250828-WA0039.jpg\",\"width\":910,\"height\":630},{\"@type\":\"BreadcrumbList\",\"@id\":\"https:\/\/avrupapress.com\/main\/2025\/08\/28\/emirdagli-genc-doktor-hayatini-kaybetti\/#breadcrumb\",\"itemListElement\":[{\"@type\":\"ListItem\",\"position\":1,\"name\":\"Anasayfa\",\"item\":\"https:\/\/avrupapress.com\/\"},{\"@type\":\"ListItem\",\"position\":2,\"name\":\"EM\u0130RDA\u011eLI GEN\u00c7 DOKTOR, Hayat\u0131n\u0131 kaybetti\"}]},{\"@type\":\"WebSite\",\"@id\":\"https:\/\/avrupapress.com\/#website\",\"url\":\"https:\/\/avrupapress.com\/\",\"name\":\"AvrupaPress\",\"description\":\"Haberin Adresi\",\"publisher\":{\"@id\":\"https:\/\/avrupapress.com\/#\/schema\/person\/0223dca19c72c43575bf30d1a2d8f4fa\"},\"potentialAction\":[{\"@type\":\"SearchAction\",\"target\":{\"@type\":\"EntryPoint\",\"urlTemplate\":\"https:\/\/avrupapress.com\/?s={search_term_string}\"},\"query-input\":{\"@type\":\"PropertyValueSpecification\",\"valueRequired\":true,\"valueName\":\"search_term_string\"}}],\"inLanguage\":\"fr-BE\"},{\"@type\":[\"Person\",\"Organization\"],\"@id\":\"https:\/\/avrupapress.com\/#\/schema\/person\/0223dca19c72c43575bf30d1a2d8f4fa\",\"name\":\"Bilgin \u00d6z\u00e7ift\u00e7i\",\"image\":{\"@type\":\"ImageObject\",\"inLanguage\":\"fr-BE\",\"@id\":\"https:\/\/avrupapress.com\/#\/schema\/person\/image\/\",\"url\":\"https:\/\/secure.gravatar.com\/avatar\/0f23b280433a21e1ea7a0adcc46ed0ad16afe3ad8e630fd13d8a017dcbd54ef3?s=96&d=mm&r=g\",\"contentUrl\":\"https:\/\/secure.gravatar.com\/avatar\/0f23b280433a21e1ea7a0adcc46ed0ad16afe3ad8e630fd13d8a017dcbd54ef3?s=96&d=mm&r=g\",\"caption\":\"Bilgin \u00d6z\u00e7ift\u00e7i\"},\"logo\":{\"@id\":\"https:\/\/avrupapress.com\/#\/schema\/person\/image\/\"},\"description\":\"Ne ben, nede sen... Biz ancak \\\"biz\\\" olursak g\u00fc\u00e7l\u00fc olabiliriz\"},{\"@type\":\"Person\",\"@id\":\"https:\/\/avrupapress.com\/#\/schema\/person\/68428444ec60970d1e1b700cf4ca1e8f\",\"name\":\"Edit\u00f6r\",\"image\":{\"@type\":\"ImageObject\",\"inLanguage\":\"fr-BE\",\"@id\":\"https:\/\/avrupapress.com\/#\/schema\/person\/image\/\",\"url\":\"https:\/\/secure.gravatar.com\/avatar\/74996b0977aa5f1559ba9883776652508b229005c0d78fb2597897f0bd651c09?s=96&d=mm&r=g\",\"contentUrl\":\"https:\/\/secure.gravatar.com\/avatar\/74996b0977aa5f1559ba9883776652508b229005c0d78fb2597897f0bd651c09?s=96&d=mm&r=g\",\"caption\":\"Edit\u00f6r\"},\"sameAs\":[\"http:\/\/www.avrupapress.com\"],\"url\":\"https:\/\/avrupapress.com\/main\/author\/editor\/\"}]}<\/script>\n<!-- \/ Yoast SEO plugin. -->","yoast_head_json":{"title":"EM\u0130RDA\u011eLI GEN\u00c7 DOKTOR, Hayat\u0131n\u0131 kaybetti - AvrupaPress","robots":{"index":"index","follow":"follow","max-snippet":"max-snippet:-1","max-image-preview":"max-image-preview:large","max-video-preview":"max-video-preview:-1"},"canonical":"https:\/\/avrupapress.com\/main\/2025\/08\/28\/emirdagli-genc-doktor-hayatini-kaybetti\/","og_locale":"fr_FR","og_type":"article","og_title":"EM\u0130RDA\u011eLI GEN\u00c7 DOKTOR, Hayat\u0131n\u0131 kaybetti - AvrupaPress","og_description":"VEFAT \u0130LANI EM\u0130RDA\u011eLI GEN\u00c7 DOKTOR, Hayat\u0131n\u0131 kaybetti. Eski\u015fehir&rsquo;de ikamet eden, Aslen Emirda\u011f A\u011f\u0131lc\u0131k k\u00f6y\u00fcnden (\u00f6\u011fretmen ).(Mustafa Demir)&rsquo;in k\u0131z\u0131 DOKTOR- Yeter Demir, hakk\u0131n rahmetine kavu\u015fmu\u015ftur. Cenazesi \u00a029.a\u011fustos.2025 tarihinde, Cuma namaz\u0131na m\u00fcteakip Eski\u015fehir Hac\u0131 Seyit mahallesinde bulunan Hac\u0131 Seyit caminde k\u0131l\u0131nacak cenaze namaz\u0131ndan sonra Eski\u015fehir \u015fehir kabristan\u0131nda defnedilecektir. ileti\u015fim tel. Mustafa Demir . 0.536.3403429","og_url":"https:\/\/avrupapress.com\/main\/2025\/08\/28\/emirdagli-genc-doktor-hayatini-kaybetti\/","og_site_name":"AvrupaPress","article_published_time":"2025-08-28T21:05:51+00:00","article_modified_time":"2025-08-28T21:05:57+00:00","og_image":[{"width":910,"height":630,"url":"https:\/\/avrupapress.com\/main\/wp-content\/uploads\/2025\/08\/thumbnail_IMG-20250828-WA0039.jpg","type":"image\/jpeg"}],"author":"Edit\u00f6r","twitter_card":"summary_large_image","twitter_misc":{"\u00c9crit par":"Edit\u00f6r","Dur\u00e9e de lecture est.":"1 minute"},"schema":{"@context":"https:\/\/schema.org","@graph":[{"@type":"Article","@id":"https:\/\/avrupapress.com\/main\/2025\/08\/28\/emirdagli-genc-doktor-hayatini-kaybetti\/#article","isPartOf":{"@id":"https:\/\/avrupapress.com\/main\/2025\/08\/28\/emirdagli-genc-doktor-hayatini-kaybetti\/"},"author":{"name":"Edit\u00f6r","@id":"https:\/\/avrupapress.com\/#\/schema\/person\/68428444ec60970d1e1b700cf4ca1e8f"},"headline":"EM\u0130RDA\u011eLI GEN\u00c7 DOKTOR, Hayat\u0131n\u0131 kaybetti","datePublished":"2025-08-28T21:05:51+00:00","dateModified":"2025-08-28T21:05:57+00:00","mainEntityOfPage":{"@id":"https:\/\/avrupapress.com\/main\/2025\/08\/28\/emirdagli-genc-doktor-hayatini-kaybetti\/"},"wordCount":81,"publisher":{"@id":"https:\/\/avrupapress.com\/#\/schema\/person\/0223dca19c72c43575bf30d1a2d8f4fa"},"image":{"@id":"https:\/\/avrupapress.com\/main\/2025\/08\/28\/emirdagli-genc-doktor-hayatini-kaybetti\/#primaryimage"},"thumbnailUrl":"https:\/\/avrupapress.com\/main\/wp-content\/uploads\/2025\/08\/thumbnail_IMG-20250828-WA0039.jpg","articleSection":["Avrupa","Bel\u00e7ika","D\u00fcnya","Ekonomi","K\u00fclt\u00fcr-Sanat","Spor","Tan\u0131t\u0131m","T\u00fcrkiye","Uncategorized"],"inLanguage":"fr-BE"},{"@type":"WebPage","@id":"https:\/\/avrupapress.com\/main\/2025\/08\/28\/emirdagli-genc-doktor-hayatini-kaybetti\/","url":"https:\/\/avrupapress.com\/main\/2025\/08\/28\/emirdagli-genc-doktor-hayatini-kaybetti\/","name":"EM\u0130RDA\u011eLI GEN\u00c7 DOKTOR, Hayat\u0131n\u0131 kaybetti - AvrupaPress","isPartOf":{"@id":"https:\/\/avrupapress.com\/#website"},"primaryImageOfPage":{"@id":"https:\/\/avrupapress.com\/main\/2025\/08\/28\/emirdagli-genc-doktor-hayatini-kaybetti\/#primaryimage"},"image":{"@id":"https:\/\/avrupapress.com\/main\/2025\/08\/28\/emirdagli-genc-doktor-hayatini-kaybetti\/#primaryimage"},"thumbnailUrl":"https:\/\/avrupapress.com\/main\/wp-content\/uploads\/2025\/08\/thumbnail_IMG-20250828-WA0039.jpg","datePublished":"2025-08-28T21:05:51+00:00","dateModified":"2025-08-28T21:05:57+00:00","breadcrumb":{"@id":"https:\/\/avrupapress.com\/main\/2025\/08\/28\/emirdagli-genc-doktor-hayatini-kaybetti\/#breadcrumb"},"inLanguage":"fr-BE","potentialAction":[{"@type":"ReadAction","target":["https:\/\/avrupapress.com\/main\/2025\/08\/28\/emirdagli-genc-doktor-hayatini-kaybetti\/"]}]},{"@type":"ImageObject","inLanguage":"fr-BE","@id":"https:\/\/avrupapress.com\/main\/2025\/08\/28\/emirdagli-genc-doktor-hayatini-kaybetti\/#primaryimage","url":"https:\/\/avrupapress.com\/main\/wp-content\/uploads\/2025\/08\/thumbnail_IMG-20250828-WA0039.jpg","contentUrl":"https:\/\/avrupapress.com\/main\/wp-content\/uploads\/2025\/08\/thumbnail_IMG-20250828-WA0039.jpg","width":910,"height":630},{"@type":"BreadcrumbList","@id":"https:\/\/avrupapress.com\/main\/2025\/08\/28\/emirdagli-genc-doktor-hayatini-kaybetti\/#breadcrumb","itemListElement":[{"@type":"ListItem","position":1,"name":"Anasayfa","item":"https:\/\/avrupapress.com\/"},{"@type":"ListItem","position":2,"name":"EM\u0130RDA\u011eLI GEN\u00c7 DOKTOR, Hayat\u0131n\u0131 kaybetti"}]},{"@type":"WebSite","@id":"https:\/\/avrupapress.com\/#website","url":"https:\/\/avrupapress.com\/","name":"AvrupaPress","description":"Haberin Adresi","publisher":{"@id":"https:\/\/avrupapress.com\/#\/schema\/person\/0223dca19c72c43575bf30d1a2d8f4fa"},"potentialAction":[{"@type":"SearchAction","target":{"@type":"EntryPoint","urlTemplate":"https:\/\/avrupapress.com\/?s={search_term_string}"},"query-input":{"@type":"PropertyValueSpecification","valueRequired":true,"valueName":"search_term_string"}}],"inLanguage":"fr-BE"},{"@type":["Person","Organization"],"@id":"https:\/\/avrupapress.com\/#\/schema\/person\/0223dca19c72c43575bf30d1a2d8f4fa","name":"Bilgin \u00d6z\u00e7ift\u00e7i","image":{"@type":"ImageObject","inLanguage":"fr-BE","@id":"https:\/\/avrupapress.com\/#\/schema\/person\/image\/","url":"https:\/\/secure.gravatar.com\/avatar\/0f23b280433a21e1ea7a0adcc46ed0ad16afe3ad8e630fd13d8a017dcbd54ef3?s=96&d=mm&r=g","contentUrl":"https:\/\/secure.gravatar.com\/avatar\/0f23b280433a21e1ea7a0adcc46ed0ad16afe3ad8e630fd13d8a017dcbd54ef3?s=96&d=mm&r=g","caption":"Bilgin \u00d6z\u00e7ift\u00e7i"},"logo":{"@id":"https:\/\/avrupapress.com\/#\/schema\/person\/image\/"},"description":"Ne ben, nede sen... Biz ancak \"biz\" olursak g\u00fc\u00e7l\u00fc olabiliriz"},{"@type":"Person","@id":"https:\/\/avrupapress.com\/#\/schema\/person\/68428444ec60970d1e1b700cf4ca1e8f","name":"Edit\u00f6r","image":{"@type":"ImageObject","inLanguage":"fr-BE","@id":"https:\/\/avrupapress.com\/#\/schema\/person\/image\/","url":"https:\/\/secure.gravatar.com\/avatar\/74996b0977aa5f1559ba9883776652508b229005c0d78fb2597897f0bd651c09?s=96&d=mm&r=g","contentUrl":"https:\/\/secure.gravatar.com\/avatar\/74996b0977aa5f1559ba9883776652508b229005c0d78fb2597897f0bd651c09?s=96&d=mm&r=g","caption":"Edit\u00f6r"},"sameAs":["http:\/\/www.avrupapress.com"],"url":"https:\/\/avrupapress.com\/main\/author\/editor\/"}]}},"_links":{"self":[{"href":"https:\/\/avrupapress.com\/main\/wp-json\/wp\/v2\/posts\/30268","targetHints":{"allow":["GET"]}}],"collection":[{"href":"https:\/\/avrupapress.com\/main\/wp-json\/wp\/v2\/posts"}],"about":[{"href":"https:\/\/avrupapress.com\/main\/wp-json\/wp\/v2\/types\/post"}],"author":[{"embeddable":true,"href":"https:\/\/avrupapress.com\/main\/wp-json\/wp\/v2\/users\/3"}],"replies":[{"embeddable":true,"href":"https:\/\/avrupapress.com\/main\/wp-json\/wp\/v2\/comments?post=30268"}],"version-history":[{"count":1,"href":"https:\/\/avrupapress.com\/main\/wp-json\/wp\/v2\/posts\/30268\/revisions"}],"predecessor-version":[{"id":30270,"href":"https:\/\/avrupapress.com\/main\/wp-json\/wp\/v2\/posts\/30268\/revisions\/30270"}],"wp:featuredmedia":[{"embeddable":true,"href":"https:\/\/avrupapress.com\/main\/wp-json\/wp\/v2\/media\/30269"}],"wp:attachment":[{"href":"https:\/\/avrupapress.com\/main\/wp-json\/wp\/v2\/media?parent=30268"}],"wp:term":[{"taxonomy":"category","embeddable":true,"href":"https:\/\/avrupapress.com\/main\/wp-json\/wp\/v2\/categories?post=30268"},{"taxonomy":"post_tag","embeddable":true,"href":"https:\/\/avrupapress.com\/main\/wp-json\/wp\/v2\/tags?post=30268"}],"curies":[{"name":"wp","href":"https:\/\/api.w.org\/{rel}","templated":true}]}}