{"id":30227,"date":"2025-07-30T17:20:49","date_gmt":"2025-07-30T17:20:49","guid":{"rendered":"https:\/\/avrupapress.com\/main\/?p=30227"},"modified":"2025-07-30T17:21:00","modified_gmt":"2025-07-30T17:21:00","slug":"al-fadimem-hikayesi","status":"publish","type":"post","link":"https:\/\/avrupapress.com\/main\/2025\/07\/30\/al-fadimem-hikayesi\/","title":{"rendered":"AL FAD\u0130ME&rsquo;M H\u0130KAYES\u0130\u00a0"},"content":{"rendered":"<div dir=\"auto\" data-olk-copy-source=\"MessageBody\"><strong>AL FAD\u0130ME&rsquo;M H\u0130KAYES\u0130\u00a0<\/strong><\/div>\n<div dir=\"auto\" data-olk-copy-source=\"MessageBody\"><\/div>\n<div dir=\"auto\" data-olk-copy-source=\"MessageBody\">\n<div dir=\"auto\" data-olk-copy-source=\"MessageBody\">Alfadimem T\u00fcrk\u00fcs\u00fc Ger\u00e7ek Hikayesi&#8230;Burhanettin \u00c7\u0130L day\u0131 taraf\u0131ndan derlenmi\u015f&#8230;Bizzat \u015fahs\u0131m taraf\u0131ndan ilk kez web ortam\u0131na 2000 li y\u0131llarda ta\u015f\u0131nm\u0131\u015ft\u0131r&#8230;.Hatta Emirda\u011f t\u00fcrk\u00fclerini en iyi icra eden sanat\u00e7\u0131 S\u00fcmer Ezg\u00fc beye hikayeyi ben g\u00f6nderdim&#8230;Yeni sa\u00e7ma bir uydurma hikaye okudu\u011fum i\u00e7in ger\u00e7ek hikayeyi yay\u0131nlamak zorunda hissettim&#8230;Merak edenler Burhanettin \u00c7\u0130L day\u0131 Eski\u015fehir&rsquo;de kuyumcu d\u00fckkan\u0131 var hikayeyi bizzat kendisinden dinleyebilirler..<\/div>\n<div dir=\"auto\"><\/div>\n<div dir=\"auto\">Y\u0131llard\u0131r s\u00f6ylenir durur. Y\u0131llard\u0131r da hikayesi anlat\u0131l\u0131r bu t\u00fcrk\u00fcn\u00fcn. Art\u0131k sadece Emirda\u011fl\u0131lar&rsquo;\u0131n de\u011fil, t\u00fcrk\u00fc seven herkesin dilinde bayrakla\u015fan \u00ab\u00a0Al Fadimem\u00a0\u00bb t\u00fcrk\u00fcs\u00fcn\u00fcn kahramanlar\u0131 kimlerdir? Ya\u015fad\u0131klar\u0131 olay nedir? Sonlar\u0131 ne olmu\u015ftur?<\/div>\n<div dir=\"auto\"><\/div>\n<div dir=\"auto\">Bu ve benzeri sorular\u0131n cevaplar\u0131 farkl\u0131 zamanlarda, farkl\u0131 insanlar\u0131n a\u00e7\u0131klamalar\u0131, hikayeleri, anlat\u0131mlar\u0131 ile cevaplanmaya \u00e7al\u0131\u015f\u0131lm\u0131\u015f; \u00f6zde t\u00fcrk\u00fc benimsenmi\u015f ve \u00f6nemsenmi\u015ftir.<\/div>\n<div dir=\"auto\"><\/div>\n<div dir=\"auto\">Efe Kadir ile Al Fadime&rsquo;nin a\u015fk\u0131 ge\u00e7mi\u015fte ya\u015fanm\u0131\u015f ger\u00e7ek bir a\u015fk \u00f6yk\u00fcs\u00fcd\u00fcr. \u00c7\u00fcnk\u00fc onlar t\u00fcrk\u00fc dizeleriyle a\u015fk destanlar\u0131n\u0131 zaten yazm\u0131\u015flard\u0131r. Bu nev&rsquo;i olaylar\u0131n illa da hikaye ya da roman \u015feklinde okuyucuya aktar\u0131lmas\u0131 \u015fart olmad\u0131\u011f\u0131 gibi, Fadime ile Efe Kadir&rsquo;in bizlere b\u0131rakt\u0131klar\u0131 t\u00fcrk\u00fc dizeleri, altm\u0131\u015f y\u0131ldan beri, bu a\u015fk\u0131n masumiyetini, g\u00fczelli\u011fini ve unutulmazl\u0131\u011f\u0131n\u0131 muhafaza etmektedir. Morcal\u0131 A\u015fireti&rsquo;nden bu iki gencin dudaklar\u0131ndan d\u00f6k\u00fclen a\u015fk dizeleri efsanele\u015fmi\u015ftir.<\/div>\n<div dir=\"auto\"><\/div>\n<div dir=\"auto\">Al Fadime&rsquo;nin Avusturalya&rsquo;da ya\u015fayan k\u0131z\u0131 Leman Bostan&rsquo;\u0131n annesi hakk\u0131ndaki a\u00e7\u0131klamalar\u0131 \u015f\u00f6yledir:<\/div>\n<div dir=\"auto\"><\/div>\n<div dir=\"auto\">Bu a\u015fk ser\u00fcveni bundan altm\u0131\u015f y\u0131l \u00f6nce ya\u015fanm\u0131\u015ft\u0131r. Al Fadime; Emirda\u011f&rsquo;\u0131n Sa\u011f\u0131rl\u0131 K\u00f6y\u00fc&rsquo;ndendir. Emirda\u011f, Cevizli k\u00f6y\u00fc eski ad\u0131yla (Konara) K\u00f6y\u00fc&rsquo;nden Efe Kadir nam\u0131yla, Kadir Kilci isimli delikanl\u0131 ile Al Fadime birbirlerini severler. Bu k\u00f6yler o zaman Bayat&rsquo;a ba\u011fl\u0131d\u0131r. Her ikisi de Morcal\u0131 A\u015fireti&rsquo;ne mensuplard\u0131r.<\/div>\n<div dir=\"auto\"><\/div>\n<div dir=\"auto\">Efe Kadir, Al Fadime&rsquo;yi ailesinden o g\u00fcn\u00fcn t\u00f6relerine uygun bir \u015fekilde istetir. Fakat k\u00f6y\u00fcn en g\u00fczel k\u0131z\u0131, al yanakl\u0131, selvi boylu, ard\u0131 k\u0131rk belikli g\u00fczel Fadime&rsquo;yi, Efe Kadir&rsquo;e vermezler. Bunun \u00fczerine Efe Kadir, Fadime&rsquo;yi ka\u00e7\u0131rmaya karar verir. Birbirini seven sevgililer ka\u00e7arlar. Ancak Fadime&rsquo;nin day\u0131lar\u0131, o g\u00fcn\u00fcn Morcal\u0131 Kolu&rsquo;nda ad\u0131-san\u0131 an\u0131lan, g\u00f6z\u00fc kara, babayi\u011fit ki\u015filerdir. \u0130yi niyetle yola \u00e7\u0131kan gen\u00e7 a\u015f\u0131klar\u0131n bu k\u00fc\u00e7\u00fcc\u00fck a\u015fk kervan\u0131n\u0131 yakalamaya \u00e7\u0131karlar. Zira olay\u0131 hazmedemezler. A\u015fka, sevgiye, g\u00f6n\u00fcl sesine kulak veren yoktur. S\u00f6zde namuslar\u0131n\u0131 kurtaracaklar\u0131n\u0131 d\u00fc\u015f\u00fcn\u00fcrler. Oysa Fadime, Efe Kadir&rsquo;in helali olacakt\u0131r.<\/div>\n<div dir=\"auto\"><\/div>\n<div dir=\"auto\">\u00c7ok ge\u00e7mez s\u0131k\u0131 takip sonucu gen\u00e7 a\u015f\u0131klar\u0131 Emirda\u011f merkezinde yakalat\u0131rlar.<\/div>\n<div dir=\"auto\"><\/div>\n<div dir=\"auto\">Sorgu hakimi, ya\u015f\u0131n\u0131n k\u00fc\u00e7\u00fckl\u00fc\u011f\u00fc nedeniyle Al Fadime&rsquo;yi ailesine teslim eder. Efe Kadir de cezaevine g\u00f6nderilir. Bir s\u00fcre sonra Al Fadime de ailesinin bask\u0131s\u0131yla kendi k\u00f6y\u00fcnden Musa Bostan, nam-\u0131 di\u011fer \u00ab\u00a0Kara Musa\u00a0\u00bb isimli \u015fah\u0131s ile evlendirilir. Fadime&rsquo;si elinden al\u0131nan Efe Kadir dokuz ay mahkumiyetten sonra tahliye olur ve k\u00f6y\u00fcne d\u00f6ner.<\/div>\n<div dir=\"auto\"><\/div>\n<div dir=\"auto\">G\u00fcz\u00fcn at\u0131lan tohumlar, hasata d\u00f6n\u00fc\u015fm\u00fc\u015f, ha\u015fha\u015f \u00e7izimi, arpa bu\u011fday bi\u00e7imi gelmi\u015ftir. Morcal\u0131 A\u015fireti tamamiyle arazide, do\u011fadad\u0131r. Ha\u015fha\u015f kozas\u0131na at\u0131lan \u00e7izgi, b\u0131\u00e7a\u011f\u0131n\u0131n a\u011flatt\u0131\u011f\u0131 koza\u011f\u0131 g\u00f6renler, koyun g\u00fcden \u00e7obanlar, koyundan s\u00fct sa\u011fan gelinler, Efe Kadir&rsquo;in t\u00fcrk\u00fclerini m\u0131r\u0131ldanmaya ba\u015flam\u0131\u015flard\u0131r art\u0131k. T\u0131rpanc\u0131lar i\u015fe ba\u015flam\u0131\u015f, r\u00fczgarla kelle d\u00f6\u011fen ak bu\u011fday ba\u015faklar\u0131, po\u015fulu t\u0131rpanc\u0131lara teslim olmu\u015ftur. D\u00f6n\u00fcm ba\u015f\u0131 yap\u0131p, t\u0131rpan\u0131n\u0131 \u00ab\u00a0bile\u011fi ta\u015f\u0131\u00a0\u00bb yla bileyen t\u0131rpanc\u0131lar, nefes bulduk\u00e7a Efe Kadir&rsquo;in hapishanede dokuz ay boyunca Fadimesi&rsquo;ne yakt\u0131\u011f\u0131 t\u00fcrk\u00fclerini \u00e7\u0131\u011f\u0131rmaktad\u0131rlar.<\/div>\n<div dir=\"auto\"><\/div>\n<div dir=\"auto\">T\u00fcrk\u00fcn\u00fcn s\u00f6zlerinden de anla\u015f\u0131laca\u011f\u0131 \u00fczere; Efe Kadir, t\u00fcrk\u00fclerini Fadimesi elinden al\u0131nd\u0131ktan sonraki d\u00f6nemlerde yakm\u0131\u015ft\u0131r. T\u00fcrk\u00fclerinde Fadime&rsquo;sine duydu\u011fu sevda, ayr\u0131l\u0131\u011f\u0131n ac\u0131s\u0131 nak\u0131\u015f nak\u0131\u015f i\u015flenmi\u015ftir.<\/div>\n<div dir=\"auto\"><\/div>\n<div dir=\"auto\">Fadime&rsquo;nin Kara Musa ile olan evlili\u011finden alt\u0131 \u00e7ocu\u011fu olmu\u015ftur: G\u00fcleser-\u015eehriban isimli ikizleri, Mustafa, Leman, Rasime ve Ali Osman. \u00dc\u00e7\u00fcnc\u00fc \u00e7ocu\u011fu olan Mustafa, y\u0131ld\u0131r\u0131m d\u00fc\u015fmesi sonucu vefat etmi\u015ftir.<\/div>\n<div dir=\"auto\"><\/div>\n<div dir=\"auto\">Ya\u015fad\u0131klar\u0131 a\u015fk t\u00fcrk\u00fcye d\u00f6k\u00fclen ve t\u00fcm sevdalar\u0131 t\u00fcrk\u00fc s\u00f6zleriyle anlat\u0131lan Fadime ile Efe Kadir&rsquo;in yanan g\u00f6n\u00fcllerinden d\u00f6k\u00fclen sevgi s\u00f6zc\u00fckleri sar\u0131\u015f\u0131n, pembe yanakl\u0131, s\u0131rma sa\u00e7l\u0131, uzunca boylu, ceylan bak\u0131\u015fl\u0131 Fadime k\u0131za, Al Fadime \u00fcnvan\u0131n\u0131 kazand\u0131rm\u0131\u015ft\u0131r.<\/div>\n<div dir=\"auto\"><\/div>\n<div dir=\"auto\">Morcal\u0131 A\u015fireti&rsquo;nde ata binme, cirit oynama, lacivert urba giyme, Ege&rsquo;de Manisa y\u00f6resinde oldu\u011fu gibi kasket \u00fczerine po\u015fu dolay\u0131p Emirda\u011f&rsquo;a, Yukar\u0131 Ma\u00e7akl\u0131, A\u015fa\u011f\u0131 Ma\u00e7akl\u0131 k\u00f6ylerinden ge\u00e7ip, \u00d6zburun De\u011firmen deresinden Bolvadin&rsquo;e inmek, vilayete gitmek, disiplin g\u00f6sterilen \u015feylerdir o zaman.<\/div>\n<div dir=\"auto\"><\/div>\n<div dir=\"auto\">Gerek K\u00f6ro\u011flu Beli&rsquo;ne vard\u0131\u011f\u0131m\u0131zda, gerek Bolvadin istikametinden seyir ederken Efe Kadir ve Al Fadime akla gelir. Al Fadimem t\u00fcrk\u00fcs\u00fc her \u00e7al\u0131nd\u0131\u011f\u0131nda sevdi\u011fine kavu\u015famam\u0131\u015f, sevdas\u0131n\u0131 g\u00f6n\u00fcllerine g\u00f6mm\u00fc\u015f yi\u011fit Emirda\u011f gen\u00e7lerinin havas olduklar\u0131n\u0131n fulula\u015fm\u0131\u015f hat\u0131ralar\u0131 yaral\u0131 y\u00fcreklerini par\u00e7alar. Havas\u0131 sert, insan\u0131 mert, yi\u011fidin harman oldu\u011fu, Emirda\u011f&rsquo;\u0131n Morcal\u0131 A\u015fireti&rsquo;ne ait t\u00fcm k\u00f6y ve obalar\u0131, tabiat hali g\u00fczel ve bakirdir. Fadimeleri, Efe Kadirleri ve sevgileri yeni a\u00e7an \u00e7i\u011fdem \u00e7i\u00e7ekleri, tabiat ana gibi g\u00fczeldir.<\/div>\n<div dir=\"auto\"><\/div>\n<div dir=\"auto\">Burhanettin \u00c7\u0130L<\/div>\n<div dir=\"auto\">(R\u00fc\u015ft\u00fc Y\u00fcce den Al\u0131nt\u0131d\u0131r)<\/div>\n<\/div>\n<div dir=\"auto\"><img loading=\"lazy\" decoding=\"async\" class=\"alignnone size-medium wp-image-30228\" src=\"https:\/\/avrupapress.com\/main\/wp-content\/uploads\/2025\/07\/thumbnail_facebook_1753858999371_7356217816500137948-188x300.jpg\" alt=\"\" width=\"188\" height=\"300\" srcset=\"https:\/\/avrupapress.com\/main\/wp-content\/uploads\/2025\/07\/thumbnail_facebook_1753858999371_7356217816500137948-188x300.jpg 188w, https:\/\/avrupapress.com\/main\/wp-content\/uploads\/2025\/07\/thumbnail_facebook_1753858999371_7356217816500137948-640x1024.jpg 640w, https:\/\/avrupapress.com\/main\/wp-content\/uploads\/2025\/07\/thumbnail_facebook_1753858999371_7356217816500137948-768x1229.jpg 768w, https:\/\/avrupapress.com\/main\/wp-content\/uploads\/2025\/07\/thumbnail_facebook_1753858999371_7356217816500137948-960x1536.jpg 960w, https:\/\/avrupapress.com\/main\/wp-content\/uploads\/2025\/07\/thumbnail_facebook_1753858999371_7356217816500137948.jpg 1080w\" sizes=\"auto, (max-width: 188px) 100vw, 188px\" \/><\/div>\n<div dir=\"auto\"><\/div>\n<div dir=\"auto\"><\/div>\n","protected":false},"excerpt":{"rendered":"<p>AL FAD\u0130ME&rsquo;M H\u0130KAYES\u0130\u00a0 Alfadimem T\u00fcrk\u00fcs\u00fc Ger\u00e7ek Hikayesi&#8230;Burhanettin \u00c7\u0130L day\u0131 taraf\u0131ndan derlenmi\u015f&#8230;Bizzat \u015fahs\u0131m taraf\u0131ndan ilk kez web ortam\u0131na 2000 li y\u0131llarda ta\u015f\u0131nm\u0131\u015ft\u0131r&#8230;.Hatta Emirda\u011f t\u00fcrk\u00fclerini en iyi icra eden sanat\u00e7\u0131 S\u00fcmer Ezg\u00fc beye hikayeyi ben g\u00f6nderdim&#8230;Yeni sa\u00e7ma bir uydurma hikaye okudu\u011fum i\u00e7in ger\u00e7ek hikayeyi yay\u0131nlamak zorunda hissettim&#8230;Merak edenler Burhanettin \u00c7\u0130L day\u0131 Eski\u015fehir&rsquo;de kuyumcu d\u00fckkan\u0131 var hikayeyi bizzat [&hellip;]<\/p>\n","protected":false},"author":3,"featured_media":30229,"comment_status":"closed","ping_status":"open","sticky":false,"template":"","format":"standard","meta":{"footnotes":""},"categories":[14,16,3,17,18,15,19,2,1],"tags":[],"class_list":["post-30227","post","type-post","status-publish","format-standard","has-post-thumbnail","hentry","category-avrupa","category-belcika","category-dunya","category-ekonomi","category-kultur-sanat","category-spor","category-tanitim","category-turkiye","category-uncategorized"],"yoast_head":"<!-- This site is optimized with the Yoast SEO plugin v26.9 - https:\/\/yoast.com\/product\/yoast-seo-wordpress\/ -->\n<title>AL FAD\u0130ME&#039;M H\u0130KAYES\u0130\u00a0 - AvrupaPress<\/title>\n<meta name=\"robots\" content=\"index, follow, max-snippet:-1, max-image-preview:large, max-video-preview:-1\" \/>\n<link rel=\"canonical\" href=\"https:\/\/avrupapress.com\/main\/2025\/07\/30\/al-fadimem-hikayesi\/\" \/>\n<meta property=\"og:locale\" content=\"fr_FR\" \/>\n<meta property=\"og:type\" content=\"article\" \/>\n<meta property=\"og:title\" content=\"AL FAD\u0130ME&#039;M H\u0130KAYES\u0130\u00a0 - AvrupaPress\" \/>\n<meta property=\"og:description\" content=\"AL FAD\u0130ME&rsquo;M H\u0130KAYES\u0130\u00a0 Alfadimem T\u00fcrk\u00fcs\u00fc Ger\u00e7ek Hikayesi&#8230;Burhanettin \u00c7\u0130L day\u0131 taraf\u0131ndan derlenmi\u015f&#8230;Bizzat \u015fahs\u0131m taraf\u0131ndan ilk kez web ortam\u0131na 2000 li y\u0131llarda ta\u015f\u0131nm\u0131\u015ft\u0131r&#8230;.Hatta Emirda\u011f t\u00fcrk\u00fclerini en iyi icra eden sanat\u00e7\u0131 S\u00fcmer Ezg\u00fc beye hikayeyi ben g\u00f6nderdim&#8230;Yeni sa\u00e7ma bir uydurma hikaye okudu\u011fum i\u00e7in ger\u00e7ek hikayeyi yay\u0131nlamak zorunda hissettim&#8230;Merak edenler Burhanettin \u00c7\u0130L day\u0131 Eski\u015fehir&rsquo;de kuyumcu d\u00fckkan\u0131 var hikayeyi bizzat [&hellip;]\" \/>\n<meta property=\"og:url\" content=\"https:\/\/avrupapress.com\/main\/2025\/07\/30\/al-fadimem-hikayesi\/\" \/>\n<meta property=\"og:site_name\" content=\"AvrupaPress\" \/>\n<meta property=\"article:published_time\" content=\"2025-07-30T17:20:49+00:00\" \/>\n<meta property=\"article:modified_time\" content=\"2025-07-30T17:21:00+00:00\" \/>\n<meta property=\"og:image\" content=\"https:\/\/avrupapress.com\/main\/wp-content\/uploads\/2025\/07\/thumbnail_facebook_1753858999371_7356217816500137948-1-e1753896039231.jpg\" \/>\n\t<meta property=\"og:image:width\" content=\"1080\" \/>\n\t<meta property=\"og:image:height\" content=\"1048\" \/>\n\t<meta property=\"og:image:type\" content=\"image\/jpeg\" \/>\n<meta name=\"author\" content=\"Edit\u00f6r\" \/>\n<meta name=\"twitter:card\" content=\"summary_large_image\" \/>\n<meta name=\"twitter:label1\" content=\"\u00c9crit par\" \/>\n\t<meta name=\"twitter:data1\" content=\"Edit\u00f6r\" \/>\n\t<meta name=\"twitter:label2\" content=\"Dur\u00e9e de lecture est.\" \/>\n\t<meta name=\"twitter:data2\" content=\"4 minutes\" \/>\n<script type=\"application\/ld+json\" class=\"yoast-schema-graph\">{\"@context\":\"https:\/\/schema.org\",\"@graph\":[{\"@type\":\"Article\",\"@id\":\"https:\/\/avrupapress.com\/main\/2025\/07\/30\/al-fadimem-hikayesi\/#article\",\"isPartOf\":{\"@id\":\"https:\/\/avrupapress.com\/main\/2025\/07\/30\/al-fadimem-hikayesi\/\"},\"author\":{\"name\":\"Edit\u00f6r\",\"@id\":\"https:\/\/avrupapress.com\/#\/schema\/person\/68428444ec60970d1e1b700cf4ca1e8f\"},\"headline\":\"AL FAD\u0130ME&rsquo;M H\u0130KAYES\u0130\u00a0\",\"datePublished\":\"2025-07-30T17:20:49+00:00\",\"dateModified\":\"2025-07-30T17:21:00+00:00\",\"mainEntityOfPage\":{\"@id\":\"https:\/\/avrupapress.com\/main\/2025\/07\/30\/al-fadimem-hikayesi\/\"},\"wordCount\":977,\"publisher\":{\"@id\":\"https:\/\/avrupapress.com\/#\/schema\/person\/0223dca19c72c43575bf30d1a2d8f4fa\"},\"image\":{\"@id\":\"https:\/\/avrupapress.com\/main\/2025\/07\/30\/al-fadimem-hikayesi\/#primaryimage\"},\"thumbnailUrl\":\"https:\/\/avrupapress.com\/main\/wp-content\/uploads\/2025\/07\/thumbnail_facebook_1753858999371_7356217816500137948-1-e1753896039231.jpg\",\"articleSection\":[\"Avrupa\",\"Bel\u00e7ika\",\"D\u00fcnya\",\"Ekonomi\",\"K\u00fclt\u00fcr-Sanat\",\"Spor\",\"Tan\u0131t\u0131m\",\"T\u00fcrkiye\",\"Uncategorized\"],\"inLanguage\":\"fr-BE\"},{\"@type\":\"WebPage\",\"@id\":\"https:\/\/avrupapress.com\/main\/2025\/07\/30\/al-fadimem-hikayesi\/\",\"url\":\"https:\/\/avrupapress.com\/main\/2025\/07\/30\/al-fadimem-hikayesi\/\",\"name\":\"AL FAD\u0130ME'M H\u0130KAYES\u0130\u00a0 - AvrupaPress\",\"isPartOf\":{\"@id\":\"https:\/\/avrupapress.com\/#website\"},\"primaryImageOfPage\":{\"@id\":\"https:\/\/avrupapress.com\/main\/2025\/07\/30\/al-fadimem-hikayesi\/#primaryimage\"},\"image\":{\"@id\":\"https:\/\/avrupapress.com\/main\/2025\/07\/30\/al-fadimem-hikayesi\/#primaryimage\"},\"thumbnailUrl\":\"https:\/\/avrupapress.com\/main\/wp-content\/uploads\/2025\/07\/thumbnail_facebook_1753858999371_7356217816500137948-1-e1753896039231.jpg\",\"datePublished\":\"2025-07-30T17:20:49+00:00\",\"dateModified\":\"2025-07-30T17:21:00+00:00\",\"breadcrumb\":{\"@id\":\"https:\/\/avrupapress.com\/main\/2025\/07\/30\/al-fadimem-hikayesi\/#breadcrumb\"},\"inLanguage\":\"fr-BE\",\"potentialAction\":[{\"@type\":\"ReadAction\",\"target\":[\"https:\/\/avrupapress.com\/main\/2025\/07\/30\/al-fadimem-hikayesi\/\"]}]},{\"@type\":\"ImageObject\",\"inLanguage\":\"fr-BE\",\"@id\":\"https:\/\/avrupapress.com\/main\/2025\/07\/30\/al-fadimem-hikayesi\/#primaryimage\",\"url\":\"https:\/\/avrupapress.com\/main\/wp-content\/uploads\/2025\/07\/thumbnail_facebook_1753858999371_7356217816500137948-1-e1753896039231.jpg\",\"contentUrl\":\"https:\/\/avrupapress.com\/main\/wp-content\/uploads\/2025\/07\/thumbnail_facebook_1753858999371_7356217816500137948-1-e1753896039231.jpg\",\"width\":1080,\"height\":1048},{\"@type\":\"BreadcrumbList\",\"@id\":\"https:\/\/avrupapress.com\/main\/2025\/07\/30\/al-fadimem-hikayesi\/#breadcrumb\",\"itemListElement\":[{\"@type\":\"ListItem\",\"position\":1,\"name\":\"Anasayfa\",\"item\":\"https:\/\/avrupapress.com\/\"},{\"@type\":\"ListItem\",\"position\":2,\"name\":\"AL FAD\u0130ME&#8217;M H\u0130KAYES\u0130\u00a0\"}]},{\"@type\":\"WebSite\",\"@id\":\"https:\/\/avrupapress.com\/#website\",\"url\":\"https:\/\/avrupapress.com\/\",\"name\":\"AvrupaPress\",\"description\":\"Haberin Adresi\",\"publisher\":{\"@id\":\"https:\/\/avrupapress.com\/#\/schema\/person\/0223dca19c72c43575bf30d1a2d8f4fa\"},\"potentialAction\":[{\"@type\":\"SearchAction\",\"target\":{\"@type\":\"EntryPoint\",\"urlTemplate\":\"https:\/\/avrupapress.com\/?s={search_term_string}\"},\"query-input\":{\"@type\":\"PropertyValueSpecification\",\"valueRequired\":true,\"valueName\":\"search_term_string\"}}],\"inLanguage\":\"fr-BE\"},{\"@type\":[\"Person\",\"Organization\"],\"@id\":\"https:\/\/avrupapress.com\/#\/schema\/person\/0223dca19c72c43575bf30d1a2d8f4fa\",\"name\":\"Bilgin \u00d6z\u00e7ift\u00e7i\",\"image\":{\"@type\":\"ImageObject\",\"inLanguage\":\"fr-BE\",\"@id\":\"https:\/\/avrupapress.com\/#\/schema\/person\/image\/\",\"url\":\"https:\/\/secure.gravatar.com\/avatar\/0f23b280433a21e1ea7a0adcc46ed0ad16afe3ad8e630fd13d8a017dcbd54ef3?s=96&d=mm&r=g\",\"contentUrl\":\"https:\/\/secure.gravatar.com\/avatar\/0f23b280433a21e1ea7a0adcc46ed0ad16afe3ad8e630fd13d8a017dcbd54ef3?s=96&d=mm&r=g\",\"caption\":\"Bilgin \u00d6z\u00e7ift\u00e7i\"},\"logo\":{\"@id\":\"https:\/\/avrupapress.com\/#\/schema\/person\/image\/\"},\"description\":\"Ne ben, nede sen... Biz ancak \\\"biz\\\" olursak g\u00fc\u00e7l\u00fc olabiliriz\"},{\"@type\":\"Person\",\"@id\":\"https:\/\/avrupapress.com\/#\/schema\/person\/68428444ec60970d1e1b700cf4ca1e8f\",\"name\":\"Edit\u00f6r\",\"image\":{\"@type\":\"ImageObject\",\"inLanguage\":\"fr-BE\",\"@id\":\"https:\/\/avrupapress.com\/#\/schema\/person\/image\/\",\"url\":\"https:\/\/secure.gravatar.com\/avatar\/74996b0977aa5f1559ba9883776652508b229005c0d78fb2597897f0bd651c09?s=96&d=mm&r=g\",\"contentUrl\":\"https:\/\/secure.gravatar.com\/avatar\/74996b0977aa5f1559ba9883776652508b229005c0d78fb2597897f0bd651c09?s=96&d=mm&r=g\",\"caption\":\"Edit\u00f6r\"},\"sameAs\":[\"http:\/\/www.avrupapress.com\"],\"url\":\"https:\/\/avrupapress.com\/main\/author\/editor\/\"}]}<\/script>\n<!-- \/ Yoast SEO plugin. -->","yoast_head_json":{"title":"AL FAD\u0130ME'M H\u0130KAYES\u0130\u00a0 - AvrupaPress","robots":{"index":"index","follow":"follow","max-snippet":"max-snippet:-1","max-image-preview":"max-image-preview:large","max-video-preview":"max-video-preview:-1"},"canonical":"https:\/\/avrupapress.com\/main\/2025\/07\/30\/al-fadimem-hikayesi\/","og_locale":"fr_FR","og_type":"article","og_title":"AL FAD\u0130ME'M H\u0130KAYES\u0130\u00a0 - AvrupaPress","og_description":"AL FAD\u0130ME&rsquo;M H\u0130KAYES\u0130\u00a0 Alfadimem T\u00fcrk\u00fcs\u00fc Ger\u00e7ek Hikayesi&#8230;Burhanettin \u00c7\u0130L day\u0131 taraf\u0131ndan derlenmi\u015f&#8230;Bizzat \u015fahs\u0131m taraf\u0131ndan ilk kez web ortam\u0131na 2000 li y\u0131llarda ta\u015f\u0131nm\u0131\u015ft\u0131r&#8230;.Hatta Emirda\u011f t\u00fcrk\u00fclerini en iyi icra eden sanat\u00e7\u0131 S\u00fcmer Ezg\u00fc beye hikayeyi ben g\u00f6nderdim&#8230;Yeni sa\u00e7ma bir uydurma hikaye okudu\u011fum i\u00e7in ger\u00e7ek hikayeyi yay\u0131nlamak zorunda hissettim&#8230;Merak edenler Burhanettin \u00c7\u0130L day\u0131 Eski\u015fehir&rsquo;de kuyumcu d\u00fckkan\u0131 var hikayeyi bizzat [&hellip;]","og_url":"https:\/\/avrupapress.com\/main\/2025\/07\/30\/al-fadimem-hikayesi\/","og_site_name":"AvrupaPress","article_published_time":"2025-07-30T17:20:49+00:00","article_modified_time":"2025-07-30T17:21:00+00:00","og_image":[{"width":1080,"height":1048,"url":"https:\/\/avrupapress.com\/main\/wp-content\/uploads\/2025\/07\/thumbnail_facebook_1753858999371_7356217816500137948-1-e1753896039231.jpg","type":"image\/jpeg"}],"author":"Edit\u00f6r","twitter_card":"summary_large_image","twitter_misc":{"\u00c9crit par":"Edit\u00f6r","Dur\u00e9e de lecture est.":"4 minutes"},"schema":{"@context":"https:\/\/schema.org","@graph":[{"@type":"Article","@id":"https:\/\/avrupapress.com\/main\/2025\/07\/30\/al-fadimem-hikayesi\/#article","isPartOf":{"@id":"https:\/\/avrupapress.com\/main\/2025\/07\/30\/al-fadimem-hikayesi\/"},"author":{"name":"Edit\u00f6r","@id":"https:\/\/avrupapress.com\/#\/schema\/person\/68428444ec60970d1e1b700cf4ca1e8f"},"headline":"AL FAD\u0130ME&rsquo;M H\u0130KAYES\u0130\u00a0","datePublished":"2025-07-30T17:20:49+00:00","dateModified":"2025-07-30T17:21:00+00:00","mainEntityOfPage":{"@id":"https:\/\/avrupapress.com\/main\/2025\/07\/30\/al-fadimem-hikayesi\/"},"wordCount":977,"publisher":{"@id":"https:\/\/avrupapress.com\/#\/schema\/person\/0223dca19c72c43575bf30d1a2d8f4fa"},"image":{"@id":"https:\/\/avrupapress.com\/main\/2025\/07\/30\/al-fadimem-hikayesi\/#primaryimage"},"thumbnailUrl":"https:\/\/avrupapress.com\/main\/wp-content\/uploads\/2025\/07\/thumbnail_facebook_1753858999371_7356217816500137948-1-e1753896039231.jpg","articleSection":["Avrupa","Bel\u00e7ika","D\u00fcnya","Ekonomi","K\u00fclt\u00fcr-Sanat","Spor","Tan\u0131t\u0131m","T\u00fcrkiye","Uncategorized"],"inLanguage":"fr-BE"},{"@type":"WebPage","@id":"https:\/\/avrupapress.com\/main\/2025\/07\/30\/al-fadimem-hikayesi\/","url":"https:\/\/avrupapress.com\/main\/2025\/07\/30\/al-fadimem-hikayesi\/","name":"AL FAD\u0130ME'M H\u0130KAYES\u0130\u00a0 - AvrupaPress","isPartOf":{"@id":"https:\/\/avrupapress.com\/#website"},"primaryImageOfPage":{"@id":"https:\/\/avrupapress.com\/main\/2025\/07\/30\/al-fadimem-hikayesi\/#primaryimage"},"image":{"@id":"https:\/\/avrupapress.com\/main\/2025\/07\/30\/al-fadimem-hikayesi\/#primaryimage"},"thumbnailUrl":"https:\/\/avrupapress.com\/main\/wp-content\/uploads\/2025\/07\/thumbnail_facebook_1753858999371_7356217816500137948-1-e1753896039231.jpg","datePublished":"2025-07-30T17:20:49+00:00","dateModified":"2025-07-30T17:21:00+00:00","breadcrumb":{"@id":"https:\/\/avrupapress.com\/main\/2025\/07\/30\/al-fadimem-hikayesi\/#breadcrumb"},"inLanguage":"fr-BE","potentialAction":[{"@type":"ReadAction","target":["https:\/\/avrupapress.com\/main\/2025\/07\/30\/al-fadimem-hikayesi\/"]}]},{"@type":"ImageObject","inLanguage":"fr-BE","@id":"https:\/\/avrupapress.com\/main\/2025\/07\/30\/al-fadimem-hikayesi\/#primaryimage","url":"https:\/\/avrupapress.com\/main\/wp-content\/uploads\/2025\/07\/thumbnail_facebook_1753858999371_7356217816500137948-1-e1753896039231.jpg","contentUrl":"https:\/\/avrupapress.com\/main\/wp-content\/uploads\/2025\/07\/thumbnail_facebook_1753858999371_7356217816500137948-1-e1753896039231.jpg","width":1080,"height":1048},{"@type":"BreadcrumbList","@id":"https:\/\/avrupapress.com\/main\/2025\/07\/30\/al-fadimem-hikayesi\/#breadcrumb","itemListElement":[{"@type":"ListItem","position":1,"name":"Anasayfa","item":"https:\/\/avrupapress.com\/"},{"@type":"ListItem","position":2,"name":"AL FAD\u0130ME&#8217;M H\u0130KAYES\u0130\u00a0"}]},{"@type":"WebSite","@id":"https:\/\/avrupapress.com\/#website","url":"https:\/\/avrupapress.com\/","name":"AvrupaPress","description":"Haberin Adresi","publisher":{"@id":"https:\/\/avrupapress.com\/#\/schema\/person\/0223dca19c72c43575bf30d1a2d8f4fa"},"potentialAction":[{"@type":"SearchAction","target":{"@type":"EntryPoint","urlTemplate":"https:\/\/avrupapress.com\/?s={search_term_string}"},"query-input":{"@type":"PropertyValueSpecification","valueRequired":true,"valueName":"search_term_string"}}],"inLanguage":"fr-BE"},{"@type":["Person","Organization"],"@id":"https:\/\/avrupapress.com\/#\/schema\/person\/0223dca19c72c43575bf30d1a2d8f4fa","name":"Bilgin \u00d6z\u00e7ift\u00e7i","image":{"@type":"ImageObject","inLanguage":"fr-BE","@id":"https:\/\/avrupapress.com\/#\/schema\/person\/image\/","url":"https:\/\/secure.gravatar.com\/avatar\/0f23b280433a21e1ea7a0adcc46ed0ad16afe3ad8e630fd13d8a017dcbd54ef3?s=96&d=mm&r=g","contentUrl":"https:\/\/secure.gravatar.com\/avatar\/0f23b280433a21e1ea7a0adcc46ed0ad16afe3ad8e630fd13d8a017dcbd54ef3?s=96&d=mm&r=g","caption":"Bilgin \u00d6z\u00e7ift\u00e7i"},"logo":{"@id":"https:\/\/avrupapress.com\/#\/schema\/person\/image\/"},"description":"Ne ben, nede sen... Biz ancak \"biz\" olursak g\u00fc\u00e7l\u00fc olabiliriz"},{"@type":"Person","@id":"https:\/\/avrupapress.com\/#\/schema\/person\/68428444ec60970d1e1b700cf4ca1e8f","name":"Edit\u00f6r","image":{"@type":"ImageObject","inLanguage":"fr-BE","@id":"https:\/\/avrupapress.com\/#\/schema\/person\/image\/","url":"https:\/\/secure.gravatar.com\/avatar\/74996b0977aa5f1559ba9883776652508b229005c0d78fb2597897f0bd651c09?s=96&d=mm&r=g","contentUrl":"https:\/\/secure.gravatar.com\/avatar\/74996b0977aa5f1559ba9883776652508b229005c0d78fb2597897f0bd651c09?s=96&d=mm&r=g","caption":"Edit\u00f6r"},"sameAs":["http:\/\/www.avrupapress.com"],"url":"https:\/\/avrupapress.com\/main\/author\/editor\/"}]}},"_links":{"self":[{"href":"https:\/\/avrupapress.com\/main\/wp-json\/wp\/v2\/posts\/30227","targetHints":{"allow":["GET"]}}],"collection":[{"href":"https:\/\/avrupapress.com\/main\/wp-json\/wp\/v2\/posts"}],"about":[{"href":"https:\/\/avrupapress.com\/main\/wp-json\/wp\/v2\/types\/post"}],"author":[{"embeddable":true,"href":"https:\/\/avrupapress.com\/main\/wp-json\/wp\/v2\/users\/3"}],"replies":[{"embeddable":true,"href":"https:\/\/avrupapress.com\/main\/wp-json\/wp\/v2\/comments?post=30227"}],"version-history":[{"count":1,"href":"https:\/\/avrupapress.com\/main\/wp-json\/wp\/v2\/posts\/30227\/revisions"}],"predecessor-version":[{"id":30230,"href":"https:\/\/avrupapress.com\/main\/wp-json\/wp\/v2\/posts\/30227\/revisions\/30230"}],"wp:featuredmedia":[{"embeddable":true,"href":"https:\/\/avrupapress.com\/main\/wp-json\/wp\/v2\/media\/30229"}],"wp:attachment":[{"href":"https:\/\/avrupapress.com\/main\/wp-json\/wp\/v2\/media?parent=30227"}],"wp:term":[{"taxonomy":"category","embeddable":true,"href":"https:\/\/avrupapress.com\/main\/wp-json\/wp\/v2\/categories?post=30227"},{"taxonomy":"post_tag","embeddable":true,"href":"https:\/\/avrupapress.com\/main\/wp-json\/wp\/v2\/tags?post=30227"}],"curies":[{"name":"wp","href":"https:\/\/api.w.org\/{rel}","templated":true}]}}