{"id":30223,"date":"2025-07-29T20:22:42","date_gmt":"2025-07-29T20:22:42","guid":{"rendered":"https:\/\/avrupapress.com\/main\/?p=30223"},"modified":"2025-07-29T20:22:50","modified_gmt":"2025-07-29T20:22:50","slug":"belcikada-agustosda-neler-degisiyor","status":"publish","type":"post","link":"https:\/\/avrupapress.com\/main\/2025\/07\/29\/belcikada-agustosda-neler-degisiyor\/","title":{"rendered":"BEL\u00c7\u0130KA&rsquo;DA A\u011eUSTOS&rsquo;DA NELER DEG\u0130S\u0130YOR&#8230;."},"content":{"rendered":"<p><span data-olk-copy-source=\"MessageBody\">\ud83d\udcb6 A\u011fustos 2025\u2019te Paran\u0131z\u0131 Etkileyecek De\u011fi\u015fiklikler: Mevduat Faizleri, Plaka \u0130\u015flemleri, T\u0131p S\u0131nav\u0131<\/span><\/p>\n<div dir=\"auto\" data-olk-copy-source=\"MessageBody\">B<\/div>\n<div dir=\"auto\"><\/div>\n<div dir=\"auto\">A\u011fustos ay\u0131 yakla\u015f\u0131rken Bel\u00e7ika\u2019da bir\u00e7ok d\u00fczenleme y\u00fcr\u00fcrl\u00fc\u011fe giriyor. Banka faiz oranlar\u0131ndan ara\u00e7 plakas\u0131 prosed\u00fcrlerine, \u00fcniversiteye giri\u015f s\u0131navlar\u0131na kadar pek \u00e7ok alanda vatanda\u015flar\u0131n b\u00fct\u00e7esini do\u011frudan ilgilendiren de\u011fi\u015fiklikler s\u00f6z konusu. \u0130\u015fte cebinizi etkileyecek en \u00f6nemli yenilikler\u2026<\/div>\n<div dir=\"auto\"><\/div>\n<div dir=\"auto\">\ud83c\udfe6 Triodos Bankas\u0131 Mevduat Faizlerini D\u00fc\u015f\u00fcr\u00fcyor<\/div>\n<div dir=\"auto\"><\/div>\n<div dir=\"auto\">S\u00fcrd\u00fcr\u00fclebilir bankac\u0131l\u0131\u011f\u0131n \u00f6nc\u00fcs\u00fc Triodos, 1 A\u011fustos itibar\u0131yla tasarruf hesaplar\u0131nda faiz oranlar\u0131n\u0131 a\u015fa\u011f\u0131 \u00e7ekiyor:<\/div>\n<div dir=\"auto\">\u00a0\u2022 Triodos Savings hesab\u0131nda sadakat primi %0,30\u2019dan %0,20\u2019ye d\u00fc\u015f\u00fcyor. Temel faiz oran\u0131 ise %0,40 olarak korunuyor.<\/div>\n<div dir=\"auto\">\u00a0\u2022 Triodos Impact Savings Fidelity ve Junior hesaplar\u0131nda ise sadakat primi %1,05\u2019ten %0,95\u2019e indiriliyor. Bu hesaplar\u0131n temel faizi %0,25 seviyesinde kal\u0131yor.<\/div>\n<div dir=\"auto\"><\/div>\n<div dir=\"auto\">\ud83d\udcc9 Bu geli\u015fme, \u00f6zellikle etik yat\u0131r\u0131m\u0131 tercih eden tasarruf sahipleri i\u00e7in getiri d\u00fc\u015f\u00fc\u015f\u00fc anlam\u0131na geliyor.<\/div>\n<div dir=\"auto\"><\/div>\n<div dir=\"auto\">\ud83d\ude97 Ara\u00e7 Plaka \u0130ptalinde Yeni S\u00fcre\u00e7 ve \u00dccretlendirme<\/div>\n<div dir=\"auto\"><\/div>\n<div dir=\"auto\">1 A\u011fustos\u2019tan itibaren ara\u00e7 plakas\u0131 iptal i\u015flemleri, do\u011frudan Ara\u00e7 Kay\u0131t Kurumu (DIV) taraf\u0131ndan y\u00fcr\u00fct\u00fclecek. Art\u0131k bu i\u015flem i\u00e7in mutlaka bpost \u015fubesine gitmek gerekmiyor. \u0130\u015fte yeni se\u00e7enekler:<\/div>\n<div dir=\"auto\">\u00a0\u2022 Fiziksel teslim: Br\u00fcksel\u2019deki DIV \u015fubesinde ya da Ula\u015ft\u0131rma ve Hareketlilik Bakanl\u0131\u011f\u0131 binas\u0131 giri\u015finde bulunan kutulara b\u0131rak\u0131labilecek.<\/div>\n<div dir=\"auto\">\u00a0\u2022 Posta yoluyla g\u00f6nderim: Arka plakay\u0131 \u201cDIV \u2013 1212 Bruxelles\u201d adresine g\u00f6ndermek m\u00fcmk\u00fcn. Zarf A4 boyutunda olmal\u0131; plaka katlanabilir ancak kesilmesi yasak.<\/div>\n<div dir=\"auto\">\u00a0\u2022 bpost arac\u0131l\u0131\u011f\u0131yla teslim: Plaka \u015fubeye ambalajs\u0131z teslim edilebilir, ancak bu i\u015flem art\u0131k 17,99 \u20ac \u00fccrete tabi.<\/div>\n<div dir=\"auto\"><\/div>\n<div dir=\"auto\">\u2139\ufe0f \u00d6nemli Not: \u0130\u015flemin ay sonuna kadar tamamlanabilmesi i\u00e7in plakan\u0131n en az 7 i\u015f g\u00fcn\u00fc \u00f6nceden g\u00f6nderilmesi gerekiyor.<\/div>\n<div dir=\"auto\"><\/div>\n<div dir=\"auto\">\ud83d\udef5 Motosiklet ve H\u0131zl\u0131 Elektrikli Bisikletlerde Basitle\u015ftirilmi\u015f Kay\u0131t<\/div>\n<div dir=\"auto\"><\/div>\n<div dir=\"auto\">\u0130ki tekerlekli ara\u00e7 sahipleri i\u00e7in g\u00fczel haber! Daha \u00f6nce Bel\u00e7ika\u2019da kay\u0131tl\u0131 olan motosiklet, bisiklet veya speed pedelec tipi ara\u00e7lar\u0131n yeniden kayd\u0131 basitle\u015ftiriliyor.<\/div>\n<div dir=\"auto\"><\/div>\n<div dir=\"auto\">\ud83d\udc49 Art\u0131k bpost\u2019a gitmek gerekmeyecek. Sigorta \u015firketi do\u011frudan kay\u0131t i\u015flemlerini y\u00fcr\u00fctebilecek.<\/div>\n<div dir=\"auto\"><\/div>\n<div dir=\"auto\">\ud83d\udcb6 \u00dcstelik bu yeni prosed\u00fcrle birlikte vatanda\u015flar 12 \u20ac tasarruf sa\u011flayacak.<\/div>\n<div dir=\"auto\"><\/div>\n<div dir=\"auto\">\ud83c\udf93 T\u0131p ve Di\u015f Hekimli\u011fi Giri\u015f S\u0131nav\u0131 Art\u0131k \u00dccretli<\/div>\n<div dir=\"auto\"><\/div>\n<div dir=\"auto\">Frans\u0131zca Toplulu\u011fu (F\u00e9d\u00e9ration Wallonie-Bruxelles) taraf\u0131ndan d\u00fczenlenen t\u0131p ve di\u015f hekimli\u011fi giri\u015f s\u0131nav\u0131 art\u0131k kesin olarak \u00fccretli hale geliyor.<\/div>\n<div dir=\"auto\"><\/div>\n<div dir=\"auto\">\ud83d\udccc Uzun s\u00fcredir s\u0131nava ba\u015fvuru \u00fccreti olarak al\u0131nan 30 \u20ac, s\u0131navlara kat\u0131lan adaylara iade ediliyordu. Ancak yeni d\u00fczenlemeyle bu iade kald\u0131r\u0131ld\u0131.<\/div>\n<div dir=\"auto\"><\/div>\n<div dir=\"auto\">\ud83d\udcc5 Bir sonraki s\u0131nav: 28 A\u011fustos 2025<\/div>\n<div dir=\"auto\"><\/div>\n<div dir=\"auto\"><img loading=\"lazy\" decoding=\"async\" class=\"alignnone size-medium wp-image-30224\" src=\"https:\/\/avrupapress.com\/main\/wp-content\/uploads\/2025\/07\/facebook_1753820157238_7356054900785024718-300x200.jpg\" alt=\"\" width=\"300\" height=\"200\" srcset=\"https:\/\/avrupapress.com\/main\/wp-content\/uploads\/2025\/07\/facebook_1753820157238_7356054900785024718-300x200.jpg 300w, https:\/\/avrupapress.com\/main\/wp-content\/uploads\/2025\/07\/facebook_1753820157238_7356054900785024718-1024x683.jpg 1024w, https:\/\/avrupapress.com\/main\/wp-content\/uploads\/2025\/07\/facebook_1753820157238_7356054900785024718-768x512.jpg 768w, https:\/\/avrupapress.com\/main\/wp-content\/uploads\/2025\/07\/facebook_1753820157238_7356054900785024718.jpg 1536w\" sizes=\"auto, (max-width: 300px) 100vw, 300px\" \/><\/div>\n<div dir=\"auto\"><\/div>\n<div dir=\"auto\"><strong>Bilgin Ozcifci\u00a0 \u00a0 \u00a0 \u00a0\/\u00a0 \u00a0 \u00a0 \u00a0AVRUPAPRESS<\/strong><\/div>\n<div dir=\"auto\"><\/div>\n<div dir=\"auto\"><\/div>\n<div dir=\"auto\"><\/div>\n","protected":false},"excerpt":{"rendered":"<p>\ud83d\udcb6 A\u011fustos 2025\u2019te Paran\u0131z\u0131 Etkileyecek De\u011fi\u015fiklikler: Mevduat Faizleri, Plaka \u0130\u015flemleri, T\u0131p S\u0131nav\u0131 B A\u011fustos ay\u0131 yakla\u015f\u0131rken Bel\u00e7ika\u2019da bir\u00e7ok d\u00fczenleme y\u00fcr\u00fcrl\u00fc\u011fe giriyor. Banka faiz oranlar\u0131ndan ara\u00e7 plakas\u0131 prosed\u00fcrlerine, \u00fcniversiteye giri\u015f s\u0131navlar\u0131na kadar pek \u00e7ok alanda vatanda\u015flar\u0131n b\u00fct\u00e7esini do\u011frudan ilgilendiren de\u011fi\u015fiklikler s\u00f6z konusu. \u0130\u015fte cebinizi etkileyecek en \u00f6nemli yenilikler\u2026 \ud83c\udfe6 Triodos Bankas\u0131 Mevduat Faizlerini D\u00fc\u015f\u00fcr\u00fcyor S\u00fcrd\u00fcr\u00fclebilir bankac\u0131l\u0131\u011f\u0131n [&hellip;]<\/p>\n","protected":false},"author":3,"featured_media":30225,"comment_status":"closed","ping_status":"open","sticky":false,"template":"","format":"standard","meta":{"footnotes":""},"categories":[14,16,3,17,18,15,19,2,1],"tags":[],"class_list":["post-30223","post","type-post","status-publish","format-standard","has-post-thumbnail","hentry","category-avrupa","category-belcika","category-dunya","category-ekonomi","category-kultur-sanat","category-spor","category-tanitim","category-turkiye","category-uncategorized"],"yoast_head":"<!-- This site is optimized with the Yoast SEO plugin v26.9 - https:\/\/yoast.com\/product\/yoast-seo-wordpress\/ -->\n<title>BEL\u00c7\u0130KA&#039;DA A\u011eUSTOS&#039;DA NELER DEG\u0130S\u0130YOR.... - AvrupaPress<\/title>\n<meta name=\"robots\" content=\"index, follow, max-snippet:-1, max-image-preview:large, max-video-preview:-1\" \/>\n<link rel=\"canonical\" href=\"https:\/\/avrupapress.com\/main\/2025\/07\/29\/belcikada-agustosda-neler-degisiyor\/\" \/>\n<meta property=\"og:locale\" content=\"fr_FR\" \/>\n<meta property=\"og:type\" content=\"article\" \/>\n<meta property=\"og:title\" content=\"BEL\u00c7\u0130KA&#039;DA A\u011eUSTOS&#039;DA NELER DEG\u0130S\u0130YOR.... - AvrupaPress\" \/>\n<meta property=\"og:description\" content=\"\ud83d\udcb6 A\u011fustos 2025\u2019te Paran\u0131z\u0131 Etkileyecek De\u011fi\u015fiklikler: Mevduat Faizleri, Plaka \u0130\u015flemleri, T\u0131p S\u0131nav\u0131 B A\u011fustos ay\u0131 yakla\u015f\u0131rken Bel\u00e7ika\u2019da bir\u00e7ok d\u00fczenleme y\u00fcr\u00fcrl\u00fc\u011fe giriyor. Banka faiz oranlar\u0131ndan ara\u00e7 plakas\u0131 prosed\u00fcrlerine, \u00fcniversiteye giri\u015f s\u0131navlar\u0131na kadar pek \u00e7ok alanda vatanda\u015flar\u0131n b\u00fct\u00e7esini do\u011frudan ilgilendiren de\u011fi\u015fiklikler s\u00f6z konusu. \u0130\u015fte cebinizi etkileyecek en \u00f6nemli yenilikler\u2026 \ud83c\udfe6 Triodos Bankas\u0131 Mevduat Faizlerini D\u00fc\u015f\u00fcr\u00fcyor S\u00fcrd\u00fcr\u00fclebilir bankac\u0131l\u0131\u011f\u0131n [&hellip;]\" \/>\n<meta property=\"og:url\" content=\"https:\/\/avrupapress.com\/main\/2025\/07\/29\/belcikada-agustosda-neler-degisiyor\/\" \/>\n<meta property=\"og:site_name\" content=\"AvrupaPress\" \/>\n<meta property=\"article:published_time\" content=\"2025-07-29T20:22:42+00:00\" \/>\n<meta property=\"article:modified_time\" content=\"2025-07-29T20:22:50+00:00\" \/>\n<meta property=\"og:image\" content=\"https:\/\/avrupapress.com\/main\/wp-content\/uploads\/2025\/07\/facebook_1753820157238_7356054900785024718-1.jpg\" \/>\n\t<meta property=\"og:image:width\" content=\"1536\" \/>\n\t<meta property=\"og:image:height\" content=\"1024\" \/>\n\t<meta property=\"og:image:type\" content=\"image\/jpeg\" \/>\n<meta name=\"author\" content=\"Edit\u00f6r\" \/>\n<meta name=\"twitter:card\" content=\"summary_large_image\" \/>\n<meta name=\"twitter:label1\" content=\"\u00c9crit par\" \/>\n\t<meta name=\"twitter:data1\" content=\"Edit\u00f6r\" \/>\n\t<meta name=\"twitter:label2\" content=\"Dur\u00e9e de lecture est.\" \/>\n\t<meta name=\"twitter:data2\" content=\"3 minutes\" \/>\n<script type=\"application\/ld+json\" class=\"yoast-schema-graph\">{\"@context\":\"https:\/\/schema.org\",\"@graph\":[{\"@type\":\"Article\",\"@id\":\"https:\/\/avrupapress.com\/main\/2025\/07\/29\/belcikada-agustosda-neler-degisiyor\/#article\",\"isPartOf\":{\"@id\":\"https:\/\/avrupapress.com\/main\/2025\/07\/29\/belcikada-agustosda-neler-degisiyor\/\"},\"author\":{\"name\":\"Edit\u00f6r\",\"@id\":\"https:\/\/avrupapress.com\/#\/schema\/person\/68428444ec60970d1e1b700cf4ca1e8f\"},\"headline\":\"BEL\u00c7\u0130KA&rsquo;DA A\u011eUSTOS&rsquo;DA NELER DEG\u0130S\u0130YOR&#8230;.\",\"datePublished\":\"2025-07-29T20:22:42+00:00\",\"dateModified\":\"2025-07-29T20:22:50+00:00\",\"mainEntityOfPage\":{\"@id\":\"https:\/\/avrupapress.com\/main\/2025\/07\/29\/belcikada-agustosda-neler-degisiyor\/\"},\"wordCount\":443,\"publisher\":{\"@id\":\"https:\/\/avrupapress.com\/#\/schema\/person\/0223dca19c72c43575bf30d1a2d8f4fa\"},\"image\":{\"@id\":\"https:\/\/avrupapress.com\/main\/2025\/07\/29\/belcikada-agustosda-neler-degisiyor\/#primaryimage\"},\"thumbnailUrl\":\"https:\/\/avrupapress.com\/main\/wp-content\/uploads\/2025\/07\/facebook_1753820157238_7356054900785024718-1.jpg\",\"articleSection\":[\"Avrupa\",\"Bel\u00e7ika\",\"D\u00fcnya\",\"Ekonomi\",\"K\u00fclt\u00fcr-Sanat\",\"Spor\",\"Tan\u0131t\u0131m\",\"T\u00fcrkiye\",\"Uncategorized\"],\"inLanguage\":\"fr-BE\"},{\"@type\":\"WebPage\",\"@id\":\"https:\/\/avrupapress.com\/main\/2025\/07\/29\/belcikada-agustosda-neler-degisiyor\/\",\"url\":\"https:\/\/avrupapress.com\/main\/2025\/07\/29\/belcikada-agustosda-neler-degisiyor\/\",\"name\":\"BEL\u00c7\u0130KA'DA A\u011eUSTOS'DA NELER DEG\u0130S\u0130YOR.... - AvrupaPress\",\"isPartOf\":{\"@id\":\"https:\/\/avrupapress.com\/#website\"},\"primaryImageOfPage\":{\"@id\":\"https:\/\/avrupapress.com\/main\/2025\/07\/29\/belcikada-agustosda-neler-degisiyor\/#primaryimage\"},\"image\":{\"@id\":\"https:\/\/avrupapress.com\/main\/2025\/07\/29\/belcikada-agustosda-neler-degisiyor\/#primaryimage\"},\"thumbnailUrl\":\"https:\/\/avrupapress.com\/main\/wp-content\/uploads\/2025\/07\/facebook_1753820157238_7356054900785024718-1.jpg\",\"datePublished\":\"2025-07-29T20:22:42+00:00\",\"dateModified\":\"2025-07-29T20:22:50+00:00\",\"breadcrumb\":{\"@id\":\"https:\/\/avrupapress.com\/main\/2025\/07\/29\/belcikada-agustosda-neler-degisiyor\/#breadcrumb\"},\"inLanguage\":\"fr-BE\",\"potentialAction\":[{\"@type\":\"ReadAction\",\"target\":[\"https:\/\/avrupapress.com\/main\/2025\/07\/29\/belcikada-agustosda-neler-degisiyor\/\"]}]},{\"@type\":\"ImageObject\",\"inLanguage\":\"fr-BE\",\"@id\":\"https:\/\/avrupapress.com\/main\/2025\/07\/29\/belcikada-agustosda-neler-degisiyor\/#primaryimage\",\"url\":\"https:\/\/avrupapress.com\/main\/wp-content\/uploads\/2025\/07\/facebook_1753820157238_7356054900785024718-1.jpg\",\"contentUrl\":\"https:\/\/avrupapress.com\/main\/wp-content\/uploads\/2025\/07\/facebook_1753820157238_7356054900785024718-1.jpg\",\"width\":1536,\"height\":1024},{\"@type\":\"BreadcrumbList\",\"@id\":\"https:\/\/avrupapress.com\/main\/2025\/07\/29\/belcikada-agustosda-neler-degisiyor\/#breadcrumb\",\"itemListElement\":[{\"@type\":\"ListItem\",\"position\":1,\"name\":\"Anasayfa\",\"item\":\"https:\/\/avrupapress.com\/\"},{\"@type\":\"ListItem\",\"position\":2,\"name\":\"BEL\u00c7\u0130KA&#8217;DA A\u011eUSTOS&#8217;DA NELER DEG\u0130S\u0130YOR&#8230;.\"}]},{\"@type\":\"WebSite\",\"@id\":\"https:\/\/avrupapress.com\/#website\",\"url\":\"https:\/\/avrupapress.com\/\",\"name\":\"AvrupaPress\",\"description\":\"Haberin Adresi\",\"publisher\":{\"@id\":\"https:\/\/avrupapress.com\/#\/schema\/person\/0223dca19c72c43575bf30d1a2d8f4fa\"},\"potentialAction\":[{\"@type\":\"SearchAction\",\"target\":{\"@type\":\"EntryPoint\",\"urlTemplate\":\"https:\/\/avrupapress.com\/?s={search_term_string}\"},\"query-input\":{\"@type\":\"PropertyValueSpecification\",\"valueRequired\":true,\"valueName\":\"search_term_string\"}}],\"inLanguage\":\"fr-BE\"},{\"@type\":[\"Person\",\"Organization\"],\"@id\":\"https:\/\/avrupapress.com\/#\/schema\/person\/0223dca19c72c43575bf30d1a2d8f4fa\",\"name\":\"Bilgin \u00d6z\u00e7ift\u00e7i\",\"image\":{\"@type\":\"ImageObject\",\"inLanguage\":\"fr-BE\",\"@id\":\"https:\/\/avrupapress.com\/#\/schema\/person\/image\/\",\"url\":\"https:\/\/secure.gravatar.com\/avatar\/0f23b280433a21e1ea7a0adcc46ed0ad16afe3ad8e630fd13d8a017dcbd54ef3?s=96&d=mm&r=g\",\"contentUrl\":\"https:\/\/secure.gravatar.com\/avatar\/0f23b280433a21e1ea7a0adcc46ed0ad16afe3ad8e630fd13d8a017dcbd54ef3?s=96&d=mm&r=g\",\"caption\":\"Bilgin \u00d6z\u00e7ift\u00e7i\"},\"logo\":{\"@id\":\"https:\/\/avrupapress.com\/#\/schema\/person\/image\/\"},\"description\":\"Ne ben, nede sen... Biz ancak \\\"biz\\\" olursak g\u00fc\u00e7l\u00fc olabiliriz\"},{\"@type\":\"Person\",\"@id\":\"https:\/\/avrupapress.com\/#\/schema\/person\/68428444ec60970d1e1b700cf4ca1e8f\",\"name\":\"Edit\u00f6r\",\"image\":{\"@type\":\"ImageObject\",\"inLanguage\":\"fr-BE\",\"@id\":\"https:\/\/avrupapress.com\/#\/schema\/person\/image\/\",\"url\":\"https:\/\/secure.gravatar.com\/avatar\/74996b0977aa5f1559ba9883776652508b229005c0d78fb2597897f0bd651c09?s=96&d=mm&r=g\",\"contentUrl\":\"https:\/\/secure.gravatar.com\/avatar\/74996b0977aa5f1559ba9883776652508b229005c0d78fb2597897f0bd651c09?s=96&d=mm&r=g\",\"caption\":\"Edit\u00f6r\"},\"sameAs\":[\"http:\/\/www.avrupapress.com\"],\"url\":\"https:\/\/avrupapress.com\/main\/author\/editor\/\"}]}<\/script>\n<!-- \/ Yoast SEO plugin. -->","yoast_head_json":{"title":"BEL\u00c7\u0130KA'DA A\u011eUSTOS'DA NELER DEG\u0130S\u0130YOR.... - AvrupaPress","robots":{"index":"index","follow":"follow","max-snippet":"max-snippet:-1","max-image-preview":"max-image-preview:large","max-video-preview":"max-video-preview:-1"},"canonical":"https:\/\/avrupapress.com\/main\/2025\/07\/29\/belcikada-agustosda-neler-degisiyor\/","og_locale":"fr_FR","og_type":"article","og_title":"BEL\u00c7\u0130KA'DA A\u011eUSTOS'DA NELER DEG\u0130S\u0130YOR.... - AvrupaPress","og_description":"\ud83d\udcb6 A\u011fustos 2025\u2019te Paran\u0131z\u0131 Etkileyecek De\u011fi\u015fiklikler: Mevduat Faizleri, Plaka \u0130\u015flemleri, T\u0131p S\u0131nav\u0131 B A\u011fustos ay\u0131 yakla\u015f\u0131rken Bel\u00e7ika\u2019da bir\u00e7ok d\u00fczenleme y\u00fcr\u00fcrl\u00fc\u011fe giriyor. Banka faiz oranlar\u0131ndan ara\u00e7 plakas\u0131 prosed\u00fcrlerine, \u00fcniversiteye giri\u015f s\u0131navlar\u0131na kadar pek \u00e7ok alanda vatanda\u015flar\u0131n b\u00fct\u00e7esini do\u011frudan ilgilendiren de\u011fi\u015fiklikler s\u00f6z konusu. \u0130\u015fte cebinizi etkileyecek en \u00f6nemli yenilikler\u2026 \ud83c\udfe6 Triodos Bankas\u0131 Mevduat Faizlerini D\u00fc\u015f\u00fcr\u00fcyor S\u00fcrd\u00fcr\u00fclebilir bankac\u0131l\u0131\u011f\u0131n [&hellip;]","og_url":"https:\/\/avrupapress.com\/main\/2025\/07\/29\/belcikada-agustosda-neler-degisiyor\/","og_site_name":"AvrupaPress","article_published_time":"2025-07-29T20:22:42+00:00","article_modified_time":"2025-07-29T20:22:50+00:00","og_image":[{"width":1536,"height":1024,"url":"https:\/\/avrupapress.com\/main\/wp-content\/uploads\/2025\/07\/facebook_1753820157238_7356054900785024718-1.jpg","type":"image\/jpeg"}],"author":"Edit\u00f6r","twitter_card":"summary_large_image","twitter_misc":{"\u00c9crit par":"Edit\u00f6r","Dur\u00e9e de lecture est.":"3 minutes"},"schema":{"@context":"https:\/\/schema.org","@graph":[{"@type":"Article","@id":"https:\/\/avrupapress.com\/main\/2025\/07\/29\/belcikada-agustosda-neler-degisiyor\/#article","isPartOf":{"@id":"https:\/\/avrupapress.com\/main\/2025\/07\/29\/belcikada-agustosda-neler-degisiyor\/"},"author":{"name":"Edit\u00f6r","@id":"https:\/\/avrupapress.com\/#\/schema\/person\/68428444ec60970d1e1b700cf4ca1e8f"},"headline":"BEL\u00c7\u0130KA&rsquo;DA A\u011eUSTOS&rsquo;DA NELER DEG\u0130S\u0130YOR&#8230;.","datePublished":"2025-07-29T20:22:42+00:00","dateModified":"2025-07-29T20:22:50+00:00","mainEntityOfPage":{"@id":"https:\/\/avrupapress.com\/main\/2025\/07\/29\/belcikada-agustosda-neler-degisiyor\/"},"wordCount":443,"publisher":{"@id":"https:\/\/avrupapress.com\/#\/schema\/person\/0223dca19c72c43575bf30d1a2d8f4fa"},"image":{"@id":"https:\/\/avrupapress.com\/main\/2025\/07\/29\/belcikada-agustosda-neler-degisiyor\/#primaryimage"},"thumbnailUrl":"https:\/\/avrupapress.com\/main\/wp-content\/uploads\/2025\/07\/facebook_1753820157238_7356054900785024718-1.jpg","articleSection":["Avrupa","Bel\u00e7ika","D\u00fcnya","Ekonomi","K\u00fclt\u00fcr-Sanat","Spor","Tan\u0131t\u0131m","T\u00fcrkiye","Uncategorized"],"inLanguage":"fr-BE"},{"@type":"WebPage","@id":"https:\/\/avrupapress.com\/main\/2025\/07\/29\/belcikada-agustosda-neler-degisiyor\/","url":"https:\/\/avrupapress.com\/main\/2025\/07\/29\/belcikada-agustosda-neler-degisiyor\/","name":"BEL\u00c7\u0130KA'DA A\u011eUSTOS'DA NELER DEG\u0130S\u0130YOR.... - AvrupaPress","isPartOf":{"@id":"https:\/\/avrupapress.com\/#website"},"primaryImageOfPage":{"@id":"https:\/\/avrupapress.com\/main\/2025\/07\/29\/belcikada-agustosda-neler-degisiyor\/#primaryimage"},"image":{"@id":"https:\/\/avrupapress.com\/main\/2025\/07\/29\/belcikada-agustosda-neler-degisiyor\/#primaryimage"},"thumbnailUrl":"https:\/\/avrupapress.com\/main\/wp-content\/uploads\/2025\/07\/facebook_1753820157238_7356054900785024718-1.jpg","datePublished":"2025-07-29T20:22:42+00:00","dateModified":"2025-07-29T20:22:50+00:00","breadcrumb":{"@id":"https:\/\/avrupapress.com\/main\/2025\/07\/29\/belcikada-agustosda-neler-degisiyor\/#breadcrumb"},"inLanguage":"fr-BE","potentialAction":[{"@type":"ReadAction","target":["https:\/\/avrupapress.com\/main\/2025\/07\/29\/belcikada-agustosda-neler-degisiyor\/"]}]},{"@type":"ImageObject","inLanguage":"fr-BE","@id":"https:\/\/avrupapress.com\/main\/2025\/07\/29\/belcikada-agustosda-neler-degisiyor\/#primaryimage","url":"https:\/\/avrupapress.com\/main\/wp-content\/uploads\/2025\/07\/facebook_1753820157238_7356054900785024718-1.jpg","contentUrl":"https:\/\/avrupapress.com\/main\/wp-content\/uploads\/2025\/07\/facebook_1753820157238_7356054900785024718-1.jpg","width":1536,"height":1024},{"@type":"BreadcrumbList","@id":"https:\/\/avrupapress.com\/main\/2025\/07\/29\/belcikada-agustosda-neler-degisiyor\/#breadcrumb","itemListElement":[{"@type":"ListItem","position":1,"name":"Anasayfa","item":"https:\/\/avrupapress.com\/"},{"@type":"ListItem","position":2,"name":"BEL\u00c7\u0130KA&#8217;DA A\u011eUSTOS&#8217;DA NELER DEG\u0130S\u0130YOR&#8230;."}]},{"@type":"WebSite","@id":"https:\/\/avrupapress.com\/#website","url":"https:\/\/avrupapress.com\/","name":"AvrupaPress","description":"Haberin Adresi","publisher":{"@id":"https:\/\/avrupapress.com\/#\/schema\/person\/0223dca19c72c43575bf30d1a2d8f4fa"},"potentialAction":[{"@type":"SearchAction","target":{"@type":"EntryPoint","urlTemplate":"https:\/\/avrupapress.com\/?s={search_term_string}"},"query-input":{"@type":"PropertyValueSpecification","valueRequired":true,"valueName":"search_term_string"}}],"inLanguage":"fr-BE"},{"@type":["Person","Organization"],"@id":"https:\/\/avrupapress.com\/#\/schema\/person\/0223dca19c72c43575bf30d1a2d8f4fa","name":"Bilgin \u00d6z\u00e7ift\u00e7i","image":{"@type":"ImageObject","inLanguage":"fr-BE","@id":"https:\/\/avrupapress.com\/#\/schema\/person\/image\/","url":"https:\/\/secure.gravatar.com\/avatar\/0f23b280433a21e1ea7a0adcc46ed0ad16afe3ad8e630fd13d8a017dcbd54ef3?s=96&d=mm&r=g","contentUrl":"https:\/\/secure.gravatar.com\/avatar\/0f23b280433a21e1ea7a0adcc46ed0ad16afe3ad8e630fd13d8a017dcbd54ef3?s=96&d=mm&r=g","caption":"Bilgin \u00d6z\u00e7ift\u00e7i"},"logo":{"@id":"https:\/\/avrupapress.com\/#\/schema\/person\/image\/"},"description":"Ne ben, nede sen... Biz ancak \"biz\" olursak g\u00fc\u00e7l\u00fc olabiliriz"},{"@type":"Person","@id":"https:\/\/avrupapress.com\/#\/schema\/person\/68428444ec60970d1e1b700cf4ca1e8f","name":"Edit\u00f6r","image":{"@type":"ImageObject","inLanguage":"fr-BE","@id":"https:\/\/avrupapress.com\/#\/schema\/person\/image\/","url":"https:\/\/secure.gravatar.com\/avatar\/74996b0977aa5f1559ba9883776652508b229005c0d78fb2597897f0bd651c09?s=96&d=mm&r=g","contentUrl":"https:\/\/secure.gravatar.com\/avatar\/74996b0977aa5f1559ba9883776652508b229005c0d78fb2597897f0bd651c09?s=96&d=mm&r=g","caption":"Edit\u00f6r"},"sameAs":["http:\/\/www.avrupapress.com"],"url":"https:\/\/avrupapress.com\/main\/author\/editor\/"}]}},"_links":{"self":[{"href":"https:\/\/avrupapress.com\/main\/wp-json\/wp\/v2\/posts\/30223","targetHints":{"allow":["GET"]}}],"collection":[{"href":"https:\/\/avrupapress.com\/main\/wp-json\/wp\/v2\/posts"}],"about":[{"href":"https:\/\/avrupapress.com\/main\/wp-json\/wp\/v2\/types\/post"}],"author":[{"embeddable":true,"href":"https:\/\/avrupapress.com\/main\/wp-json\/wp\/v2\/users\/3"}],"replies":[{"embeddable":true,"href":"https:\/\/avrupapress.com\/main\/wp-json\/wp\/v2\/comments?post=30223"}],"version-history":[{"count":1,"href":"https:\/\/avrupapress.com\/main\/wp-json\/wp\/v2\/posts\/30223\/revisions"}],"predecessor-version":[{"id":30226,"href":"https:\/\/avrupapress.com\/main\/wp-json\/wp\/v2\/posts\/30223\/revisions\/30226"}],"wp:featuredmedia":[{"embeddable":true,"href":"https:\/\/avrupapress.com\/main\/wp-json\/wp\/v2\/media\/30225"}],"wp:attachment":[{"href":"https:\/\/avrupapress.com\/main\/wp-json\/wp\/v2\/media?parent=30223"}],"wp:term":[{"taxonomy":"category","embeddable":true,"href":"https:\/\/avrupapress.com\/main\/wp-json\/wp\/v2\/categories?post=30223"},{"taxonomy":"post_tag","embeddable":true,"href":"https:\/\/avrupapress.com\/main\/wp-json\/wp\/v2\/tags?post=30223"}],"curies":[{"name":"wp","href":"https:\/\/api.w.org\/{rel}","templated":true}]}}