{"id":30218,"date":"2025-07-29T17:28:01","date_gmt":"2025-07-29T17:28:01","guid":{"rendered":"https:\/\/avrupapress.com\/main\/?p=30218"},"modified":"2025-07-29T17:28:07","modified_gmt":"2025-07-29T17:28:07","slug":"arda-turan-ve-nefsin-sinavi","status":"publish","type":"post","link":"https:\/\/avrupapress.com\/main\/2025\/07\/29\/arda-turan-ve-nefsin-sinavi\/","title":{"rendered":"Arda Turan ve Nefsin S\u0131nav\u0131"},"content":{"rendered":"<div dir=\"auto\" data-olk-copy-source=\"MessageBody\"><strong>Arda Turan ve Nefsin S\u0131nav\u0131 .<\/strong><strong>Arda Turan olay\u0131n\u0131 yazmasam eksik kal\u0131rd\u0131.<\/strong><\/div>\n<div dir=\"auto\"><\/div>\n<div dir=\"auto\">\n<div dir=\"auto\" data-olk-copy-source=\"MessageBody\">Eski futbolcu, yeni teknik direkt\u00f6r Arda Turan\u2019\u0131n bir r\u00f6portaj s\u0131ras\u0131nda sergiledi\u011fi tav\u0131r beni fazlas\u0131yla d\u00fc\u015f\u00fcnd\u00fcrd\u00fc. R\u00f6portaj\u0131 yapan ki\u015fi; mesle\u011fine sayg\u0131 duyan, izleyiciye kar\u015f\u0131 sorumlulu\u011funun fark\u0131nda, kendine \u00f6zen g\u00f6steren, son derece profesyonel bir kad\u0131nd\u0131. Fakat Arda Turan, r\u00f6portaj boyunca g\u00f6z temas\u0131 kurmaktan \u0131srarla ka\u00e7\u0131nd\u0131. Y\u00fcz\u00fcn\u00fc \u00e7evirdi, g\u00f6zlerini ka\u00e7\u0131rd\u0131. Bu sadece ki\u015fisel bir davran\u0131\u015f olarak ge\u00e7i\u015ftirilecek bir durum de\u011fil. Bu tav\u0131r, baz\u0131 k\u00f6kl\u00fc d\u00fc\u015f\u00fcnce kal\u0131plar\u0131n\u0131n, al\u0131\u015fkanl\u0131klar\u0131n d\u0131\u015favurumuydu.<\/div>\n<div dir=\"auto\"><\/div>\n<div dir=\"auto\">\u00c7\u00fcnk\u00fc burada mesele sadece bir bak\u0131\u015f de\u011fil.<\/div>\n<div dir=\"auto\">Burada mesele, zihniyet.<\/div>\n<div dir=\"auto\"><\/div>\n<div dir=\"auto\">\u015eunu hat\u0131rlatmak gerekir:<\/div>\n<div dir=\"auto\">\u00ab\u00a0\u00c7ocukluk arkada\u015f\u0131, i\u015f arkada\u015f\u0131, okul arkada\u015f\u0131, mahalle arkada\u015f\u0131\u00a0\u00bb gibi tan\u0131mlar, cinsiyet i\u00e7ermez.<\/div>\n<div dir=\"auto\">Bunlar\u0131 \u00ab\u00a0kad\u0131n i\u015f arkada\u015f\u0131\u00a0\u00bb ya da \u00ab\u00a0erkek mahalle arkada\u015f\u0131\u00a0\u00bb gibi c\u00fcmlelerle ay\u0131rmaya ba\u015flad\u0131\u011f\u0131n\u0131zda, sorun kar\u015f\u0131dakinde de\u011fil, sizin bak\u0131\u015f a\u00e7\u0131n\u0131zdad\u0131r. Bu art\u0131k bir \u2018durum\u2019 de\u011fil, bir \u2018mesele\u2019 h\u00e2line gelir. Kendi nefsimizle, kendi zihinsel s\u0131n\u0131rlar\u0131m\u0131zla y\u00fczle\u015fmemiz gerekir.<\/div>\n<div dir=\"auto\"><\/div>\n<div dir=\"auto\">Bu noktada hep hat\u0131rlad\u0131\u011f\u0131m bir hik\u00e2ye vard\u0131r:<\/div>\n<div dir=\"auto\"><\/div>\n<div dir=\"auto\">\u0130ki karde\u015ften biri da\u011fda \u00e7obanl\u0131k yapar, di\u011feri \u015fehirde ayakkab\u0131 tamircisidir. Her ikisi de inan\u00e7l\u0131, dindar insanlard\u0131r. Bir g\u00fcn \u00e7oban olan karde\u015f, s\u0131rt\u0131na bir \u00e7uval s\u00fct y\u00fckleyerek \u015fehirdeki karde\u015fini ziyarete gelir. \u00c7uval\u0131 al\u0131p d\u00fckk\u00e2ndaki \u00e7iviye asar. Tam o s\u0131rada d\u00fckk\u00e2na bir kad\u0131n girer, ayakkab\u0131s\u0131n\u0131 tamir ettirmek ister. Kad\u0131n ayakkab\u0131s\u0131n\u0131 \u00e7\u0131kar\u0131rken \u00e7oban ona k\u0131sa bir an bakar. Ayn\u0131 anda \u00e7uvaldan s\u00fct s\u0131zmaya ba\u015flar. Tamirci karde\u015fi ba\u015f\u0131n\u0131 kald\u0131r\u0131r ve \u015f\u00f6yle der:<\/div>\n<div dir=\"auto\"><\/div>\n<div dir=\"auto\">\u201cDa\u011fda nefsine h\u00e2kim olmak kolayd\u0131r. As\u0131l olan, \u015fehrin ortas\u0131nda, hayat\u0131n tam i\u00e7inde nefsine h\u00e2kim olabilmektir.\u201d<\/div>\n<div dir=\"auto\"><\/div>\n<div dir=\"auto\">\u0130\u015fte tam da bu.<\/div>\n<div dir=\"auto\">E\u011fer niyetiniz temizse, g\u00f6z\u00fcn\u00fcz\u00fc ka\u00e7\u0131rman\u0131za gerek yoktur.<\/div>\n<div dir=\"auto\">E\u011fer samimiyseniz, haddinizi biliyorsan\u0131z, sayg\u0131n\u0131z kalpten geliyorsa; bu bak\u0131\u015f\u0131n\u0131za da, duru\u015funuza da yans\u0131r.<\/div>\n<div dir=\"auto\">Sayg\u0131, g\u00f6z\u00fcn\u00fc yere indirerek de\u011fil; kar\u015f\u0131ndakini \u2018insan\u2019 olarak g\u00f6rerek g\u00f6sterilir.<\/div>\n<div dir=\"auto\"><\/div>\n<div dir=\"auto\">Umar\u0131m Arda Turan bu yaz\u0131y\u0131 bir g\u00fcn okur ve \u00fczerine d\u00fc\u015f\u00fcn\u00fcr.<\/div>\n<div dir=\"auto\"><\/div>\n<div dir=\"auto\">\u00c7\u00fcnk\u00fc dinimizde, k\u00fclt\u00fcr\u00fcm\u00fczde, insanl\u0131k vicdan\u0131nda \u00f6tekile\u015ftirme yoktur.<\/div>\n<div dir=\"auto\">Kad\u0131nla ba\u015flar, erkekle devam eder, insanla tamamlan\u0131r.<\/div>\n<div dir=\"auto\">Bizim inanc\u0131m\u0131zda b\u00f6lmek de\u011fil, birle\u015ftirmek esast\u0131r.<\/div>\n<div dir=\"auto\"><\/div>\n<div dir=\"auto\">Biz, \u201cinsan\u0131 ya\u015fat ki devlet ya\u015fas\u0131n\u201d diyen bir medeniyetin \u00e7ocuklar\u0131y\u0131z. Kad\u0131n\u0131yla, erke\u011fiyle, yan yana, omuz omuza y\u00fcr\u00fcmeyi bilen bir toplumuz. G\u00f6z\u00fcn\u00fc ka\u00e7\u0131ran de\u011fil, g\u00f6z\u00fcn\u00fc insanl\u0131kla dolduran kazan\u0131r. Yolumuz bir, y\u00f6n\u00fcm\u00fcz insan olsun.<\/div>\n<div dir=\"auto\"><\/div>\n<\/div>\n<div dir=\"auto\"><img loading=\"lazy\" decoding=\"async\" class=\"alignnone size-medium wp-image-30219\" src=\"https:\/\/avrupapress.com\/main\/wp-content\/uploads\/2025\/07\/IMG-20250729-WA0017-240x300.jpg\" alt=\"\" width=\"240\" height=\"300\" srcset=\"https:\/\/avrupapress.com\/main\/wp-content\/uploads\/2025\/07\/IMG-20250729-WA0017-240x300.jpg 240w, https:\/\/avrupapress.com\/main\/wp-content\/uploads\/2025\/07\/IMG-20250729-WA0017-819x1024.jpg 819w, https:\/\/avrupapress.com\/main\/wp-content\/uploads\/2025\/07\/IMG-20250729-WA0017-768x960.jpg 768w, https:\/\/avrupapress.com\/main\/wp-content\/uploads\/2025\/07\/IMG-20250729-WA0017.jpg 1080w\" sizes=\"auto, (max-width: 240px) 100vw, 240px\" \/><\/div>\n<div dir=\"auto\"><\/div>\n<div dir=\"auto\"><strong>Halime \u00d6nen\u00a0 \u00a0\/\u00a0 \u00a0 \u00a0AVRUPAPRESS<\/strong><\/div>\n","protected":false},"excerpt":{"rendered":"<p>Arda Turan ve Nefsin S\u0131nav\u0131 .Arda Turan olay\u0131n\u0131 yazmasam eksik kal\u0131rd\u0131. Eski futbolcu, yeni teknik direkt\u00f6r Arda Turan\u2019\u0131n bir r\u00f6portaj s\u0131ras\u0131nda sergiledi\u011fi tav\u0131r beni fazlas\u0131yla d\u00fc\u015f\u00fcnd\u00fcrd\u00fc. R\u00f6portaj\u0131 yapan ki\u015fi; mesle\u011fine sayg\u0131 duyan, izleyiciye kar\u015f\u0131 sorumlulu\u011funun fark\u0131nda, kendine \u00f6zen g\u00f6steren, son derece profesyonel bir kad\u0131nd\u0131. Fakat Arda Turan, r\u00f6portaj boyunca g\u00f6z temas\u0131 kurmaktan \u0131srarla ka\u00e7\u0131nd\u0131. Y\u00fcz\u00fcn\u00fc [&hellip;]<\/p>\n","protected":false},"author":3,"featured_media":30220,"comment_status":"closed","ping_status":"open","sticky":false,"template":"","format":"standard","meta":{"footnotes":""},"categories":[14,16,3,17,18,15,19,2,1],"tags":[],"class_list":["post-30218","post","type-post","status-publish","format-standard","has-post-thumbnail","hentry","category-avrupa","category-belcika","category-dunya","category-ekonomi","category-kultur-sanat","category-spor","category-tanitim","category-turkiye","category-uncategorized"],"yoast_head":"<!-- This site is optimized with the Yoast SEO plugin v26.9 - https:\/\/yoast.com\/product\/yoast-seo-wordpress\/ -->\n<title>Arda Turan ve Nefsin S\u0131nav\u0131 - AvrupaPress<\/title>\n<meta name=\"robots\" content=\"index, follow, max-snippet:-1, max-image-preview:large, max-video-preview:-1\" \/>\n<link rel=\"canonical\" href=\"https:\/\/avrupapress.com\/main\/2025\/07\/29\/arda-turan-ve-nefsin-sinavi\/\" \/>\n<meta property=\"og:locale\" content=\"fr_FR\" \/>\n<meta property=\"og:type\" content=\"article\" \/>\n<meta property=\"og:title\" content=\"Arda Turan ve Nefsin S\u0131nav\u0131 - AvrupaPress\" \/>\n<meta property=\"og:description\" content=\"Arda Turan ve Nefsin S\u0131nav\u0131 .Arda Turan olay\u0131n\u0131 yazmasam eksik kal\u0131rd\u0131. Eski futbolcu, yeni teknik direkt\u00f6r Arda Turan\u2019\u0131n bir r\u00f6portaj s\u0131ras\u0131nda sergiledi\u011fi tav\u0131r beni fazlas\u0131yla d\u00fc\u015f\u00fcnd\u00fcrd\u00fc. R\u00f6portaj\u0131 yapan ki\u015fi; mesle\u011fine sayg\u0131 duyan, izleyiciye kar\u015f\u0131 sorumlulu\u011funun fark\u0131nda, kendine \u00f6zen g\u00f6steren, son derece profesyonel bir kad\u0131nd\u0131. Fakat Arda Turan, r\u00f6portaj boyunca g\u00f6z temas\u0131 kurmaktan \u0131srarla ka\u00e7\u0131nd\u0131. Y\u00fcz\u00fcn\u00fc [&hellip;]\" \/>\n<meta property=\"og:url\" content=\"https:\/\/avrupapress.com\/main\/2025\/07\/29\/arda-turan-ve-nefsin-sinavi\/\" \/>\n<meta property=\"og:site_name\" content=\"AvrupaPress\" \/>\n<meta property=\"article:published_time\" content=\"2025-07-29T17:28:01+00:00\" \/>\n<meta property=\"article:modified_time\" content=\"2025-07-29T17:28:07+00:00\" \/>\n<meta property=\"og:image\" content=\"https:\/\/avrupapress.com\/main\/wp-content\/uploads\/2025\/07\/IMG-20250729-WA0017-1-e1753810070181.jpg\" \/>\n\t<meta property=\"og:image:width\" content=\"1080\" \/>\n\t<meta property=\"og:image:height\" content=\"670\" \/>\n\t<meta property=\"og:image:type\" content=\"image\/jpeg\" \/>\n<meta name=\"author\" content=\"Edit\u00f6r\" \/>\n<meta name=\"twitter:card\" content=\"summary_large_image\" \/>\n<meta name=\"twitter:label1\" content=\"\u00c9crit par\" \/>\n\t<meta name=\"twitter:data1\" content=\"Edit\u00f6r\" \/>\n\t<meta name=\"twitter:label2\" content=\"Dur\u00e9e de lecture est.\" \/>\n\t<meta name=\"twitter:data2\" content=\"3 minutes\" \/>\n<script type=\"application\/ld+json\" class=\"yoast-schema-graph\">{\"@context\":\"https:\/\/schema.org\",\"@graph\":[{\"@type\":\"Article\",\"@id\":\"https:\/\/avrupapress.com\/main\/2025\/07\/29\/arda-turan-ve-nefsin-sinavi\/#article\",\"isPartOf\":{\"@id\":\"https:\/\/avrupapress.com\/main\/2025\/07\/29\/arda-turan-ve-nefsin-sinavi\/\"},\"author\":{\"name\":\"Edit\u00f6r\",\"@id\":\"https:\/\/avrupapress.com\/#\/schema\/person\/68428444ec60970d1e1b700cf4ca1e8f\"},\"headline\":\"Arda Turan ve Nefsin S\u0131nav\u0131\",\"datePublished\":\"2025-07-29T17:28:01+00:00\",\"dateModified\":\"2025-07-29T17:28:07+00:00\",\"mainEntityOfPage\":{\"@id\":\"https:\/\/avrupapress.com\/main\/2025\/07\/29\/arda-turan-ve-nefsin-sinavi\/\"},\"wordCount\":504,\"publisher\":{\"@id\":\"https:\/\/avrupapress.com\/#\/schema\/person\/0223dca19c72c43575bf30d1a2d8f4fa\"},\"image\":{\"@id\":\"https:\/\/avrupapress.com\/main\/2025\/07\/29\/arda-turan-ve-nefsin-sinavi\/#primaryimage\"},\"thumbnailUrl\":\"https:\/\/avrupapress.com\/main\/wp-content\/uploads\/2025\/07\/IMG-20250729-WA0017-1-e1753810070181.jpg\",\"articleSection\":[\"Avrupa\",\"Bel\u00e7ika\",\"D\u00fcnya\",\"Ekonomi\",\"K\u00fclt\u00fcr-Sanat\",\"Spor\",\"Tan\u0131t\u0131m\",\"T\u00fcrkiye\",\"Uncategorized\"],\"inLanguage\":\"fr-BE\"},{\"@type\":\"WebPage\",\"@id\":\"https:\/\/avrupapress.com\/main\/2025\/07\/29\/arda-turan-ve-nefsin-sinavi\/\",\"url\":\"https:\/\/avrupapress.com\/main\/2025\/07\/29\/arda-turan-ve-nefsin-sinavi\/\",\"name\":\"Arda Turan ve Nefsin S\u0131nav\u0131 - AvrupaPress\",\"isPartOf\":{\"@id\":\"https:\/\/avrupapress.com\/#website\"},\"primaryImageOfPage\":{\"@id\":\"https:\/\/avrupapress.com\/main\/2025\/07\/29\/arda-turan-ve-nefsin-sinavi\/#primaryimage\"},\"image\":{\"@id\":\"https:\/\/avrupapress.com\/main\/2025\/07\/29\/arda-turan-ve-nefsin-sinavi\/#primaryimage\"},\"thumbnailUrl\":\"https:\/\/avrupapress.com\/main\/wp-content\/uploads\/2025\/07\/IMG-20250729-WA0017-1-e1753810070181.jpg\",\"datePublished\":\"2025-07-29T17:28:01+00:00\",\"dateModified\":\"2025-07-29T17:28:07+00:00\",\"breadcrumb\":{\"@id\":\"https:\/\/avrupapress.com\/main\/2025\/07\/29\/arda-turan-ve-nefsin-sinavi\/#breadcrumb\"},\"inLanguage\":\"fr-BE\",\"potentialAction\":[{\"@type\":\"ReadAction\",\"target\":[\"https:\/\/avrupapress.com\/main\/2025\/07\/29\/arda-turan-ve-nefsin-sinavi\/\"]}]},{\"@type\":\"ImageObject\",\"inLanguage\":\"fr-BE\",\"@id\":\"https:\/\/avrupapress.com\/main\/2025\/07\/29\/arda-turan-ve-nefsin-sinavi\/#primaryimage\",\"url\":\"https:\/\/avrupapress.com\/main\/wp-content\/uploads\/2025\/07\/IMG-20250729-WA0017-1-e1753810070181.jpg\",\"contentUrl\":\"https:\/\/avrupapress.com\/main\/wp-content\/uploads\/2025\/07\/IMG-20250729-WA0017-1-e1753810070181.jpg\",\"width\":1080,\"height\":670},{\"@type\":\"BreadcrumbList\",\"@id\":\"https:\/\/avrupapress.com\/main\/2025\/07\/29\/arda-turan-ve-nefsin-sinavi\/#breadcrumb\",\"itemListElement\":[{\"@type\":\"ListItem\",\"position\":1,\"name\":\"Anasayfa\",\"item\":\"https:\/\/avrupapress.com\/\"},{\"@type\":\"ListItem\",\"position\":2,\"name\":\"Arda Turan ve Nefsin S\u0131nav\u0131\"}]},{\"@type\":\"WebSite\",\"@id\":\"https:\/\/avrupapress.com\/#website\",\"url\":\"https:\/\/avrupapress.com\/\",\"name\":\"AvrupaPress\",\"description\":\"Haberin Adresi\",\"publisher\":{\"@id\":\"https:\/\/avrupapress.com\/#\/schema\/person\/0223dca19c72c43575bf30d1a2d8f4fa\"},\"potentialAction\":[{\"@type\":\"SearchAction\",\"target\":{\"@type\":\"EntryPoint\",\"urlTemplate\":\"https:\/\/avrupapress.com\/?s={search_term_string}\"},\"query-input\":{\"@type\":\"PropertyValueSpecification\",\"valueRequired\":true,\"valueName\":\"search_term_string\"}}],\"inLanguage\":\"fr-BE\"},{\"@type\":[\"Person\",\"Organization\"],\"@id\":\"https:\/\/avrupapress.com\/#\/schema\/person\/0223dca19c72c43575bf30d1a2d8f4fa\",\"name\":\"Bilgin \u00d6z\u00e7ift\u00e7i\",\"image\":{\"@type\":\"ImageObject\",\"inLanguage\":\"fr-BE\",\"@id\":\"https:\/\/avrupapress.com\/#\/schema\/person\/image\/\",\"url\":\"https:\/\/secure.gravatar.com\/avatar\/0f23b280433a21e1ea7a0adcc46ed0ad16afe3ad8e630fd13d8a017dcbd54ef3?s=96&d=mm&r=g\",\"contentUrl\":\"https:\/\/secure.gravatar.com\/avatar\/0f23b280433a21e1ea7a0adcc46ed0ad16afe3ad8e630fd13d8a017dcbd54ef3?s=96&d=mm&r=g\",\"caption\":\"Bilgin \u00d6z\u00e7ift\u00e7i\"},\"logo\":{\"@id\":\"https:\/\/avrupapress.com\/#\/schema\/person\/image\/\"},\"description\":\"Ne ben, nede sen... Biz ancak \\\"biz\\\" olursak g\u00fc\u00e7l\u00fc olabiliriz\"},{\"@type\":\"Person\",\"@id\":\"https:\/\/avrupapress.com\/#\/schema\/person\/68428444ec60970d1e1b700cf4ca1e8f\",\"name\":\"Edit\u00f6r\",\"image\":{\"@type\":\"ImageObject\",\"inLanguage\":\"fr-BE\",\"@id\":\"https:\/\/avrupapress.com\/#\/schema\/person\/image\/\",\"url\":\"https:\/\/secure.gravatar.com\/avatar\/74996b0977aa5f1559ba9883776652508b229005c0d78fb2597897f0bd651c09?s=96&d=mm&r=g\",\"contentUrl\":\"https:\/\/secure.gravatar.com\/avatar\/74996b0977aa5f1559ba9883776652508b229005c0d78fb2597897f0bd651c09?s=96&d=mm&r=g\",\"caption\":\"Edit\u00f6r\"},\"sameAs\":[\"http:\/\/www.avrupapress.com\"],\"url\":\"https:\/\/avrupapress.com\/main\/author\/editor\/\"}]}<\/script>\n<!-- \/ Yoast SEO plugin. -->","yoast_head_json":{"title":"Arda Turan ve Nefsin S\u0131nav\u0131 - AvrupaPress","robots":{"index":"index","follow":"follow","max-snippet":"max-snippet:-1","max-image-preview":"max-image-preview:large","max-video-preview":"max-video-preview:-1"},"canonical":"https:\/\/avrupapress.com\/main\/2025\/07\/29\/arda-turan-ve-nefsin-sinavi\/","og_locale":"fr_FR","og_type":"article","og_title":"Arda Turan ve Nefsin S\u0131nav\u0131 - AvrupaPress","og_description":"Arda Turan ve Nefsin S\u0131nav\u0131 .Arda Turan olay\u0131n\u0131 yazmasam eksik kal\u0131rd\u0131. Eski futbolcu, yeni teknik direkt\u00f6r Arda Turan\u2019\u0131n bir r\u00f6portaj s\u0131ras\u0131nda sergiledi\u011fi tav\u0131r beni fazlas\u0131yla d\u00fc\u015f\u00fcnd\u00fcrd\u00fc. R\u00f6portaj\u0131 yapan ki\u015fi; mesle\u011fine sayg\u0131 duyan, izleyiciye kar\u015f\u0131 sorumlulu\u011funun fark\u0131nda, kendine \u00f6zen g\u00f6steren, son derece profesyonel bir kad\u0131nd\u0131. Fakat Arda Turan, r\u00f6portaj boyunca g\u00f6z temas\u0131 kurmaktan \u0131srarla ka\u00e7\u0131nd\u0131. Y\u00fcz\u00fcn\u00fc [&hellip;]","og_url":"https:\/\/avrupapress.com\/main\/2025\/07\/29\/arda-turan-ve-nefsin-sinavi\/","og_site_name":"AvrupaPress","article_published_time":"2025-07-29T17:28:01+00:00","article_modified_time":"2025-07-29T17:28:07+00:00","og_image":[{"width":1080,"height":670,"url":"https:\/\/avrupapress.com\/main\/wp-content\/uploads\/2025\/07\/IMG-20250729-WA0017-1-e1753810070181.jpg","type":"image\/jpeg"}],"author":"Edit\u00f6r","twitter_card":"summary_large_image","twitter_misc":{"\u00c9crit par":"Edit\u00f6r","Dur\u00e9e de lecture est.":"3 minutes"},"schema":{"@context":"https:\/\/schema.org","@graph":[{"@type":"Article","@id":"https:\/\/avrupapress.com\/main\/2025\/07\/29\/arda-turan-ve-nefsin-sinavi\/#article","isPartOf":{"@id":"https:\/\/avrupapress.com\/main\/2025\/07\/29\/arda-turan-ve-nefsin-sinavi\/"},"author":{"name":"Edit\u00f6r","@id":"https:\/\/avrupapress.com\/#\/schema\/person\/68428444ec60970d1e1b700cf4ca1e8f"},"headline":"Arda Turan ve Nefsin S\u0131nav\u0131","datePublished":"2025-07-29T17:28:01+00:00","dateModified":"2025-07-29T17:28:07+00:00","mainEntityOfPage":{"@id":"https:\/\/avrupapress.com\/main\/2025\/07\/29\/arda-turan-ve-nefsin-sinavi\/"},"wordCount":504,"publisher":{"@id":"https:\/\/avrupapress.com\/#\/schema\/person\/0223dca19c72c43575bf30d1a2d8f4fa"},"image":{"@id":"https:\/\/avrupapress.com\/main\/2025\/07\/29\/arda-turan-ve-nefsin-sinavi\/#primaryimage"},"thumbnailUrl":"https:\/\/avrupapress.com\/main\/wp-content\/uploads\/2025\/07\/IMG-20250729-WA0017-1-e1753810070181.jpg","articleSection":["Avrupa","Bel\u00e7ika","D\u00fcnya","Ekonomi","K\u00fclt\u00fcr-Sanat","Spor","Tan\u0131t\u0131m","T\u00fcrkiye","Uncategorized"],"inLanguage":"fr-BE"},{"@type":"WebPage","@id":"https:\/\/avrupapress.com\/main\/2025\/07\/29\/arda-turan-ve-nefsin-sinavi\/","url":"https:\/\/avrupapress.com\/main\/2025\/07\/29\/arda-turan-ve-nefsin-sinavi\/","name":"Arda Turan ve Nefsin S\u0131nav\u0131 - AvrupaPress","isPartOf":{"@id":"https:\/\/avrupapress.com\/#website"},"primaryImageOfPage":{"@id":"https:\/\/avrupapress.com\/main\/2025\/07\/29\/arda-turan-ve-nefsin-sinavi\/#primaryimage"},"image":{"@id":"https:\/\/avrupapress.com\/main\/2025\/07\/29\/arda-turan-ve-nefsin-sinavi\/#primaryimage"},"thumbnailUrl":"https:\/\/avrupapress.com\/main\/wp-content\/uploads\/2025\/07\/IMG-20250729-WA0017-1-e1753810070181.jpg","datePublished":"2025-07-29T17:28:01+00:00","dateModified":"2025-07-29T17:28:07+00:00","breadcrumb":{"@id":"https:\/\/avrupapress.com\/main\/2025\/07\/29\/arda-turan-ve-nefsin-sinavi\/#breadcrumb"},"inLanguage":"fr-BE","potentialAction":[{"@type":"ReadAction","target":["https:\/\/avrupapress.com\/main\/2025\/07\/29\/arda-turan-ve-nefsin-sinavi\/"]}]},{"@type":"ImageObject","inLanguage":"fr-BE","@id":"https:\/\/avrupapress.com\/main\/2025\/07\/29\/arda-turan-ve-nefsin-sinavi\/#primaryimage","url":"https:\/\/avrupapress.com\/main\/wp-content\/uploads\/2025\/07\/IMG-20250729-WA0017-1-e1753810070181.jpg","contentUrl":"https:\/\/avrupapress.com\/main\/wp-content\/uploads\/2025\/07\/IMG-20250729-WA0017-1-e1753810070181.jpg","width":1080,"height":670},{"@type":"BreadcrumbList","@id":"https:\/\/avrupapress.com\/main\/2025\/07\/29\/arda-turan-ve-nefsin-sinavi\/#breadcrumb","itemListElement":[{"@type":"ListItem","position":1,"name":"Anasayfa","item":"https:\/\/avrupapress.com\/"},{"@type":"ListItem","position":2,"name":"Arda Turan ve Nefsin S\u0131nav\u0131"}]},{"@type":"WebSite","@id":"https:\/\/avrupapress.com\/#website","url":"https:\/\/avrupapress.com\/","name":"AvrupaPress","description":"Haberin Adresi","publisher":{"@id":"https:\/\/avrupapress.com\/#\/schema\/person\/0223dca19c72c43575bf30d1a2d8f4fa"},"potentialAction":[{"@type":"SearchAction","target":{"@type":"EntryPoint","urlTemplate":"https:\/\/avrupapress.com\/?s={search_term_string}"},"query-input":{"@type":"PropertyValueSpecification","valueRequired":true,"valueName":"search_term_string"}}],"inLanguage":"fr-BE"},{"@type":["Person","Organization"],"@id":"https:\/\/avrupapress.com\/#\/schema\/person\/0223dca19c72c43575bf30d1a2d8f4fa","name":"Bilgin \u00d6z\u00e7ift\u00e7i","image":{"@type":"ImageObject","inLanguage":"fr-BE","@id":"https:\/\/avrupapress.com\/#\/schema\/person\/image\/","url":"https:\/\/secure.gravatar.com\/avatar\/0f23b280433a21e1ea7a0adcc46ed0ad16afe3ad8e630fd13d8a017dcbd54ef3?s=96&d=mm&r=g","contentUrl":"https:\/\/secure.gravatar.com\/avatar\/0f23b280433a21e1ea7a0adcc46ed0ad16afe3ad8e630fd13d8a017dcbd54ef3?s=96&d=mm&r=g","caption":"Bilgin \u00d6z\u00e7ift\u00e7i"},"logo":{"@id":"https:\/\/avrupapress.com\/#\/schema\/person\/image\/"},"description":"Ne ben, nede sen... Biz ancak \"biz\" olursak g\u00fc\u00e7l\u00fc olabiliriz"},{"@type":"Person","@id":"https:\/\/avrupapress.com\/#\/schema\/person\/68428444ec60970d1e1b700cf4ca1e8f","name":"Edit\u00f6r","image":{"@type":"ImageObject","inLanguage":"fr-BE","@id":"https:\/\/avrupapress.com\/#\/schema\/person\/image\/","url":"https:\/\/secure.gravatar.com\/avatar\/74996b0977aa5f1559ba9883776652508b229005c0d78fb2597897f0bd651c09?s=96&d=mm&r=g","contentUrl":"https:\/\/secure.gravatar.com\/avatar\/74996b0977aa5f1559ba9883776652508b229005c0d78fb2597897f0bd651c09?s=96&d=mm&r=g","caption":"Edit\u00f6r"},"sameAs":["http:\/\/www.avrupapress.com"],"url":"https:\/\/avrupapress.com\/main\/author\/editor\/"}]}},"_links":{"self":[{"href":"https:\/\/avrupapress.com\/main\/wp-json\/wp\/v2\/posts\/30218","targetHints":{"allow":["GET"]}}],"collection":[{"href":"https:\/\/avrupapress.com\/main\/wp-json\/wp\/v2\/posts"}],"about":[{"href":"https:\/\/avrupapress.com\/main\/wp-json\/wp\/v2\/types\/post"}],"author":[{"embeddable":true,"href":"https:\/\/avrupapress.com\/main\/wp-json\/wp\/v2\/users\/3"}],"replies":[{"embeddable":true,"href":"https:\/\/avrupapress.com\/main\/wp-json\/wp\/v2\/comments?post=30218"}],"version-history":[{"count":1,"href":"https:\/\/avrupapress.com\/main\/wp-json\/wp\/v2\/posts\/30218\/revisions"}],"predecessor-version":[{"id":30221,"href":"https:\/\/avrupapress.com\/main\/wp-json\/wp\/v2\/posts\/30218\/revisions\/30221"}],"wp:featuredmedia":[{"embeddable":true,"href":"https:\/\/avrupapress.com\/main\/wp-json\/wp\/v2\/media\/30220"}],"wp:attachment":[{"href":"https:\/\/avrupapress.com\/main\/wp-json\/wp\/v2\/media?parent=30218"}],"wp:term":[{"taxonomy":"category","embeddable":true,"href":"https:\/\/avrupapress.com\/main\/wp-json\/wp\/v2\/categories?post=30218"},{"taxonomy":"post_tag","embeddable":true,"href":"https:\/\/avrupapress.com\/main\/wp-json\/wp\/v2\/tags?post=30218"}],"curies":[{"name":"wp","href":"https:\/\/api.w.org\/{rel}","templated":true}]}}