{"id":30214,"date":"2025-07-28T22:25:19","date_gmt":"2025-07-28T22:25:19","guid":{"rendered":"https:\/\/avrupapress.com\/main\/?p=30214"},"modified":"2025-07-28T22:25:30","modified_gmt":"2025-07-28T22:25:30","slug":"bu-senin-hikayen","status":"publish","type":"post","link":"https:\/\/avrupapress.com\/main\/2025\/07\/28\/bu-senin-hikayen\/","title":{"rendered":"BU SEN\u0130N H\u0130KAYEN"},"content":{"rendered":"<div dir=\"auto\" data-olk-copy-source=\"MessageBody\">Ak Parti Genel Merkez Arge Ba\u015fkanl\u0131\u011f\u0131m\u0131z\u0131n 81 ilimizle birlikte K\u0131r\u0131kkale\u2019de de Te\u015fkilat Akademisi \u201cBu Senin Hikayen\u201d slogan\u0131yla d\u00fcn ger\u00e7ekle\u015ftirildi.<\/div>\n<div dir=\"auto\">\u00a0E\u011fitim program\u0131na \u0130l Te\u015fkilat\u0131 g\u00fcnler \u00f6ncesinden haz\u0131rl\u0131klar\u0131n\u0131 tamamlad\u0131 .\u00dc\u00e7 kademe il te\u015fkilat mensuplar\u0131n\u0131n, il\u00e7e te\u015fkilat mensuplar\u0131n\u0131n ,il\u00e7e belediye ba\u015fkanlar\u0131n\u0131n ve milletvekilinin kat\u0131l\u0131m\u0131yla co\u015fkulu ve verimli bir program ger\u00e7ekle\u015fti.<\/div>\n<div dir=\"auto\">\n<div dir=\"auto\" data-olk-copy-source=\"MessageBody\">A\u00e7\u0131l\u0131\u015f konu\u015fmas\u0131n\u0131 il ba\u015fkan\u0131 Engin Pehlivanl\u0131\u2018n\u0131n yapt\u0131\u011f\u0131 programa MKYK \u00fcyesi Muhammet Ali Y\u0131lmaz ,gazeteci- TV program sunucusu Melik Yi\u011fitel, Gazeteci Zafer \u015eahin ,Yazar \u015eair Nurullah Gen\u00e7 ve Akademisyen Tarkan Zengin beyefendiler kat\u0131ld\u0131lar. Her biri birbirinden k\u0131ymetli e\u011fitim sunumlar\u0131 yapt\u0131lar. Te\u015fkilat mensuplar\u0131 i\u00e7in \u00e7ok faydal\u0131 yararl\u0131 bir program oldu. Ak parti Genel Merkezine ve kat\u0131l\u0131mc\u0131lara \u00e7ok te\u015fekk\u00fcr ediyorum.<\/div>\n<div dir=\"auto\">Ancak beni yakinen tan\u0131yanlar \u015fiire, \u015faire edebiyata merak\u0131m\u0131 bilirler.<\/div>\n<div dir=\"auto\">Ve sunum yapan her biri de\u011ferli konferans verenlerin i\u00e7inde bir de\u011fer daha vard\u0131.<\/div>\n<div dir=\"auto\">Nurullah Gen\u00e7\u2026.<\/div>\n<div dir=\"auto\"><\/div>\n<div dir=\"auto\">Bu yaz\u0131y\u0131 yazmaya as\u0131l sebep Nurullah hocam\u0131z\u0131n \u201cdinlediklerinizi anlat\u0131n\u0131z size emanetimdir\u201d s\u00f6z\u00fc olmu\u015ftur.Bu sebepten yaz\u0131n\u0131n devam\u0131n\u0131 Prof. Dr. Nurullah Gen\u00e7 hocam\u0131z\u0131n te\u015fkilata aktard\u0131klar\u0131ndan derleyece\u011fim.<\/div>\n<div dir=\"auto\">\u015eiirlerinde oldu\u011fu gibi duru\u015funda \u00a0ve konu\u015fmalar\u0131nda da milli ve manevi duyarl\u0131l\u0131\u011f\u0131 hissetti\u011fimiz Nurullah hocam\u0131z konu\u015fmalar\u0131na Guguk Ku\u015fu hikayesi ile ba\u015flad\u0131.<\/div>\n<div dir=\"auto\">\u201c Guguk ku\u015fu nas\u0131l bir ku\u015ftur bilir misiniz? Asla yuva yapmaz ,hain bir ku\u015ftur ,f\u0131rsat\u00e7\u0131d\u0131r ve ac\u0131mas\u0131zd\u0131r .Vefas\u0131 da yoktur .Kulu\u00e7kaya da yatmaz yumurtas\u0131n\u0131 hangi yuvaya b\u0131rakacaksa o yuvan\u0131n yumurtas\u0131na benzetir. B\u00f6ylece ger\u00e7ek ana\u00e7 ku\u015f bunun fark\u0131na varmaz guguk ku\u015funun yumurtas\u0131n\u0131 kendi yavrusu gibi b\u00fcy\u00fct\u00fcr.Guguk ku\u015fu yavrular\u0131 s\u00fcrekli t\u00fcketirler, vefas\u0131 yoktur ve haindir .Yumurtadan \u00e7\u0131kan guguk ku\u015fu di\u011fer yumurtalar\u0131 tek tek yuvadan atar ve yuvada yaln\u0131z kal\u0131rlar.Yuvadan ayr\u0131laca\u011f\u0131 zaman da yuvay\u0131 da\u011f\u0131t\u0131rlar. \u0130\u015fte bat\u0131 medeniyeti de gukuk ku\u015fudur bencildir, haindir kendinden ba\u015fkas\u0131na yuva kurmaz y\u0131kar yok eder. Haz\u0131rland\u0131klar\u0131 as\u0131l m\u00fccadele ise T\u00fcrkiye \u0130srail m\u00fccadelesidir .Bununla beraber \u00f6rf adetlere d\u00fc\u015fmanl\u0131k edenler ,y\u0131kanlar ,yakanlar ,akrep gibi sokanlarda bir nevi guguk ku\u015fudur.<\/div>\n<div dir=\"auto\"><\/div>\n<div dir=\"auto\">Bu nedenle mesele bir parti meselesi bir se\u00e7im ekseninde d\u00fc\u015f\u00fcn\u00fcmeyecek kadar b\u00fcy\u00fckt\u00fcr buna sahip \u00e7\u0131kan da bu te\u015fkilat ve te\u015fkilat\u0131n yan\u0131nda yer alanlard\u0131r.<\/div>\n<div dir=\"auto\"><\/div>\n<div dir=\"auto\">\u0130\u015fte o nedenle \u015fu \u00fc\u00e7 ana ba\u015fl\u0131kta kendimizi yenilemeliyiz. Yenilenmenin ilk kavram\u0131 \u201cEdep\u201dtir..Arap\u00e7a \u201cadb \u201c k\u00f6k\u00fcnden gelir.Adap \u00e7o\u011fuludur.Edep \u00f6l\u00e7\u00fc, s\u0131n\u0131r demektir pek\u00e7ok noktada hatalar\u0131m\u0131z var ve \u00f6l\u00e7\u00fcm\u00fcz\u00fc kaybetti\u011fimiz alanlar var. Ak de\u011ferlerden uzakla\u015f\u0131yoruz.<\/div>\n<div dir=\"auto\">Ak de\u011ferlerden uzakla\u015fmamak ad\u0131na \u015fu \u00fc\u00e7 noktan\u0131n edebi \u00f6nemlidir.<\/div>\n<div dir=\"auto\">1- Siyasetin edebi<\/div>\n<div dir=\"auto\">2-Yarg\u0131laman\u0131n edebi<\/div>\n<div dir=\"auto\">3-Dilin edebi<\/div>\n<div dir=\"auto\">Eskiler ne demi\u015f:\u201dilla edep illa edep \u201c<\/div>\n<div dir=\"auto\">Yunus Emre de \u00f6yle diyor;<\/div>\n<div dir=\"auto\">\u00a0\u201cGezdim Halep ile \u015eam &lsquo;\u0131, eyledim ilmi talep. Me\u011fer ilim bir hi\u00e7 imi\u015f,illa edeb illa edeb .\u201d<\/div>\n<div dir=\"auto\">Edep yahu!<\/div>\n<div dir=\"auto\">Edep Yahu ,Rabbim bana edep ver demektir .\u00c7\u00fcnk\u00fc edep \u00f6l\u00e7\u00fcl\u00fcl\u00fckt\u00fcr. Kelimelerine bir s\u0131n\u0131r koymakt\u0131r.<\/div>\n<div dir=\"auto\"><\/div>\n<div dir=\"auto\">Cenab\u0131 Hak Kur\u2019an-\u0131 Kerim de \u00f6l\u00e7\u00fcl\u00fc davran\u0131n diye bize emrediyor.Lokman Suresi 19\u201d \u00f6l\u00e7\u00fcn\u00fcz\u00fc bozmay\u0131n seslerinizi y\u00fckseltmeyin \u201c<\/div>\n<div dir=\"auto\"><\/div>\n<div dir=\"auto\">Bu \u00fc\u00e7 maddeden birincisi Siyasetin Edebi ,emanete ihanet etmemektir. Bize seksenalt\u0131 milyonun hakk\u0131 de\u011fil y\u00fcz milyonlar\u0131n hakk\u0131 emanettir.<\/div>\n<div dir=\"auto\"><\/div>\n<div dir=\"auto\">Cumhurba\u015fkan\u0131m\u0131z Recep Tayyip Erdo\u011fan\u2019\u0131n dedi\u011fi gibi \u201cT\u00fcrkiye T\u00fcrkiye\u2019den b\u00fcy\u00fckt\u00fcr \u201cB\u00fct\u00fcn mazlum ve masumlar\u0131n haklar\u0131n\u0131 omuzlar\u0131m\u0131zda bilelim ve emaneti hissedelim . \u201cSurda bir gedik a\u00e7t\u0131k; mukaddes mi mukaddes!<\/div>\n<div dir=\"auto\">Ey kahpe r\u00fczg\u00e2r; art\u0131k ne yandan esersen es!\u201d Bat\u0131 medeniyetine kar\u015f\u0131 verdi\u011fimiz m\u00fccadelede geldi\u011fimiz ba\u015far\u0131y\u0131 yok etmemek i\u00e7in \u015fartt\u0131r! Emaneti ruhumuzda hissedece\u011fiz.<\/div>\n<div dir=\"auto\">Peygamber Efendimiz Aleyhisselam buyuruyor ki ;<\/div>\n<div dir=\"auto\">\u201cm\u00fcnaf\u0131kl\u0131\u011f\u0131n alameti \u00fc\u00e7t\u00fcr yalan s\u00f6yledi\u011fi zaman, vaadinde durmad\u0131\u011f\u0131 zaman ,emanete ihanet etti\u011fi zaman\u201d\u2026<\/div>\n<div dir=\"auto\">Bu \u00fc\u00e7 \u00f6zellik siyasetin kar\u015f\u0131 kar\u015f\u0131ya oldu\u011fu \u00f6zelliklerdir.Dikkat etmek gerekir.Siyasetin edebi emanete sahip \u00e7\u0131kmakt\u0131r.<\/div>\n<div dir=\"auto\"><\/div>\n<div dir=\"auto\">\u0130kinci edep konusu Yarg\u0131lamad\u0131r .Yarg\u0131laman\u0131n edebidir.Yarg\u0131laman\u0131n edebi ise adalettir. \u00a0\u0130zzet Begovi\u00e7\u2018in dedi\u011fi gibi :\u201dBiz d\u00fc\u015fmanlar\u0131m\u0131za benzeyince yeniliriz \u201cOnlar yarg\u0131larken gayr\u0131 adil olabilirler ama biz b\u00f6yle yapamay\u0131z.Bizim s\u00f6z\u00fcm\u00fcz me\u015fhurdur,\u201d\u015feriat\u0131n kesti\u011fi parmak ac\u0131maz \u201c\u015eu anda d\u00fcnyan\u0131n her yerinden bize mektuplar yaz\u0131yorlar zul\u00fcmlerden dolay\u0131.\u0130\u015fte o nedenle biz adil olaca\u011f\u0131z daima.<\/div>\n<div dir=\"auto\"><\/div>\n<div dir=\"auto\">\u00dc\u00e7\u00fcnc\u00fc madde olan dilin edebidir.En b\u00fcy\u00fck felaketimiz olan dilin edebi. Burada bir hayli \u00f6rsellendik. Kendimizi ak de\u011ferlerle yenilemek mecburiyetindeyiz. Dilin edebi Ya hayr s\u00f6ylemektir ya da susmakt\u0131r. Dil kelimeden t\u00fcrer,kelimenin katmanlar\u0131n\u0131 bilmek laz\u0131m .Allah bize kelimeyi arma\u011fan olarak vermi\u015ftir.D\u00fcnyan\u0131n en taklit kabiliyeti y\u00fcksek olan \u00a0ku\u015f Lir ku\u015fudur. K\u00f6pek sesini haf\u0131zas\u0131na alm\u0131\u015f taklit ediyor, alarm \u00e7alan araban\u0131n sesini haf\u0131zaya alm\u0131\u015f taklit ediyor ama bir tek kelimesi yok \u201cben Lir \u00a0ku\u015fuyum \u201cdiyemez.<\/div>\n<div dir=\"auto\"><\/div>\n<div dir=\"auto\">\u00c7ocuklar\u0131m\u0131za sekiz oniki ya\u015ftayken haf\u0131zalar\u0131na \u00a0yazd\u0131\u011f\u0131m\u0131z kelimeler onlar\u0131n kimliklerini olu\u015fturur.Bir baba yi\u011fitlik \u00f6\u011fretirken \u00e7ocu\u011funa hele bir s\u00f6v diyebiliyor bu \u00fclkede ,neleri var ,dil meselesi a\u011f\u0131rd\u0131r .<\/div>\n<div dir=\"auto\">Peygamber Efendimizle Muaz Bin Cebel birlikte y\u00fcr\u00fcrken Cebel soruyor.<\/div>\n<div dir=\"auto\">-Ey Allah\u0131n el\u00e7isi ne mutlu bize \u00a0aram\u0131zdas\u0131n sen ayr\u0131ld\u0131ktan sonra biz hangi ibadeti yapal\u0131m ?Oru\u00e7 mu tutal\u0131m?<\/div>\n<div dir=\"auto\">&#8211; Daha hay\u0131rl\u0131s\u0131 var !<\/div>\n<div dir=\"auto\">-Ey Allah\u2019\u0131n el\u00e7isi namaz m\u0131 k\u0131lal\u0131m?<\/div>\n<div dir=\"auto\">&#8211; Daha hay\u0131rl\u0131s\u0131 var !<\/div>\n<div dir=\"auto\">-Zekat m\u0131 verelim?<\/div>\n<div dir=\"auto\">-Daha hay\u0131rl\u0131s\u0131 var!<\/div>\n<div dir=\"auto\">&#8211; Anam\u0131z babam\u0131z sana feda olsun, siz s\u00f6yleyin nedir?deyince a\u011fz\u0131n\u0131 i\u015faret ediyor Rasulullah.<\/div>\n<div dir=\"auto\">-Ya hay\u0131r konu\u015fman ya da susmand\u0131r \u00a0buyuruyor.<\/div>\n<div dir=\"auto\">-Ey Allah\u0131n Resul\u00fc biz ahirette s\u00f6ylediklerimizden de mi hesaba \u00e7ekilece\u011fiz?<\/div>\n<div dir=\"auto\">\u00a0Peygamber Efendimiz buyuruyor;<\/div>\n<div dir=\"auto\">&#8211; \u0130nsan s\u00f6ylediklerinden dolay\u0131 di\u011fer insanlar\u0131n huzuruna diz \u00fcst\u00fc getirilir.<\/div>\n<div dir=\"auto\"><\/div>\n<div dir=\"auto\">Biz yoldan ge\u00e7erken yoldaki k\u00f6pek bize havlar ,onu su\u00e7layabilir miyiz ?Akl\u0131 olan insan nas\u0131l onun seviyesine iner ,gelin kelimenin katmanlar\u0131na bakal\u0131m ve bu karde\u015finize cevap verin sizce benim \u00fclkem kelime katmanlar\u0131 olarak yukar\u0131da m\u0131 ve erdemli mi ortalama olarak yoksa erdemini kaybetmi\u015f a\u015fa\u011f\u0131da m\u0131d\u0131r?<\/div>\n<div dir=\"auto\"><\/div>\n<div dir=\"auto\">Kelime tam ortadad\u0131r Arap\u00e7a \u00a0kalima(t) k\u00f6k\u00fcnden gelir etkileyen tesir eden huzur veya huzursuzluk veren yaralayan veya mutlu eden demektir. Kelimenin bir \u00fcst\u00fcnde kelami kibar vard\u0131r b\u00fcy\u00fcklerin s\u00f6z\u00fcd\u00fcr Kelam\u0131 Kibar, konu\u015fmam\u0131za da Yunus Emre\u2019nin s\u00f6z\u00fcyle ba\u015flad\u0131k onun \u00fcst\u00fcnde \u015fiir vard\u0131r. \u015eiir hikmetli s\u00f6zd\u00fcr ,\u00e7irkinlikle bulu\u015fan \u015fiirin yeri en alttad\u0131r . \u015eiirin \u00fcst\u00fcnde hadis ve ayet vard\u0131r.Size sorum \u015fu ,torununuz oldu ve bu katmanlar\u0131n i\u00e7inde b\u00fcy\u00fcd\u00fc k\u00f6t\u00fc olabilir mi hi\u00e7?<\/div>\n<div dir=\"auto\">\u015eimdi a\u015fa\u011f\u0131s\u0131n\u0131 sayay\u0131m ,siz d\u00fc\u015f\u00fcn\u00fcn \u00fclkemiz en \u00e7ok hangisinin i\u00e7inde.Kelimenin alt\u0131nda laf var. Laf \u00a0\u00e7er \u00e7\u00f6p demektir .Zaten kelime anlam\u0131 itibari ile laf kelimenin \u00e7erini \u00e7\u00f6p\u00fcn\u00fc toplamakt\u0131r.Laflaman\u0131n tehlikesi \u015fudur, dil bir anda der ki laflarken ;-\u015fu p\u0131nar var ya \u015fu p\u0131nar\u2026\u2026\u2026buras\u0131 g\u0131ybete girer.<\/div>\n<div dir=\"auto\">Laf\u0131n alt\u0131nda k\u00fcf\u00fcr var ,sin kaf \u00a0denir.Hali p\u00fcrmelalimizi \u00a0g\u00f6relim diye soruyorum.Siz bir statta g\u00f6n\u00fcl rahatl\u0131\u011f\u0131yla ma\u00e7 izleyebilir misiniz? Ama ben o gen\u00e7lere k\u0131zam\u0131yorum Kim yeti\u015ftirdi onlar\u0131 biz yeti\u015ftirdik.Daha a\u011f\u0131r\u0131n\u0131 s\u00f6yleyeyim sekiz on ya\u015f\u0131ndaki \u00e7ocuklar birbirlerinin annelerine k\u00fcfrederek \u015fakala\u015f\u0131yorlar.Yollarda gen\u00e7 k\u0131zlar k\u00fcf\u00fcrle konu\u015farak y\u00fcr\u00fcyorlar.<\/div>\n<div dir=\"auto\">K\u00fcf\u00fcrden a\u015fa\u011f\u0131s\u0131 \u00a0maleyani demi\u015fler eskiler g\u0131ybet,gammazl\u0131k, ispiyonculuk, kibir dalkavukluk ,iki y\u00fczl\u00fcl\u00fck, iftira, kusur aramak ,yalan.Bunlar\u0131n hepsi malayani bunlar k\u00fcf\u00fcrden daha da a\u011f\u0131rd\u0131r.<\/div>\n<div dir=\"auto\"><\/div>\n<div dir=\"auto\">Efendimiz insanlar\u0131n \u00a0g\u00fcnahlar\u0131n\u0131 \u00a0y\u00fcz\u00fcne s\u00f6ylemezdi .\u201dsize ne oluyor da bunlar\u0131 yap\u0131yorsunuz ,yapmay\u0131n \u201cderdi.<\/div>\n<div dir=\"auto\">Ama iki g\u00fcnah\u0131 s\u00f6ylemi\u015fti.Birincisi sava\u015fta l\u00e2 ilahe illallah dedi\u011fi halde birisini \u00f6ld\u00fcren ashab\u0131ndan arkada\u015f\u0131n\u0131 kar\u015f\u0131s\u0131na al\u0131p :<\/div>\n<div dir=\"auto\">-sen la ilahe illallah diyen birini mi \u00f6ld\u00fcrd\u00fcn ?<\/div>\n<div dir=\"auto\">-Ey Allah\u0131n Resul\u00fc korkudan yapt\u0131 .deyince ;<\/div>\n<div dir=\"auto\">-Kalbini mi yard\u0131n? demi\u015fti.<\/div>\n<div dir=\"auto\">\u00a0\u0130kincisinde mucize g\u00f6stermi\u015ftir efendimiz. Sofraya oturacaklarken uzakta duran iki arkada\u015f\u0131 \u00e7a\u011f\u0131rd\u0131 onlar sofraya oturunca;<\/div>\n<div dir=\"auto\">&#8211; Siz toksunuz! diye buyurmu\u015ftur.<\/div>\n<div dir=\"auto\">-Ey Allah\u0131n el\u00e7isi biz yemedik karn\u0131m\u0131z\u0131 doyurmad\u0131k ,deyince de<\/div>\n<div dir=\"auto\">-Az \u00f6nce karde\u015flerinizin etini yediniz ya demi\u015ftir.Dedikodu bu kadar k\u00f6t\u00fcd\u00fcr.<\/div>\n<div dir=\"auto\"><\/div>\n<div dir=\"auto\">En k\u00f6t\u00fcs\u00fc kibirdir.Allah\u2019\u0131n yery\u00fcz\u00fcnde kibirle y\u00fcr\u00fcyenleri sevmem dedi\u011fi fiil .\u0130nsan neyle kibirlenir ki?Hanginiz K\u0131r\u0131kkale\u2018yi kendiniz se\u00e7tiniz ,hanginiz cinsiyetinizi, akl\u0131n\u0131z\u0131 duru\u015funuzu kendiniz se\u00e7tiniz. Her \u015feyin sahibi Allah\u2019t\u0131r.Bizim inanc\u0131m\u0131zda Cenab\u0131 Hak ne diyor. \u201cAllah indinde en de\u011ferliniz ona en yak\u0131n oland\u0131r \u201c<\/div>\n<div dir=\"auto\">Peki biliyor musunuz yan\u0131n\u0131zdaki mi daha de\u011ferli siz mi?<\/div>\n<div dir=\"auto\"><\/div>\n<div dir=\"auto\">Bir de Herze demi\u015f eskiler. \u00c7irkin s\u00f6z\u00fcn sanatsalla\u015fmas\u0131d\u0131r.\u015eiire k\u00f6t\u00fc s\u00f6z koyuyorsan Herzedir .Talk Show ,stand up ,tiyatro ,roman e\u011fer bel alt\u0131 c\u00fcmleler varsa Herzedir ,en alttad\u0131r.\u00c7\u00fcnk\u00fc \u00e7irkin s\u00f6z sanatsalla\u015ft\u0131r\u0131l\u0131rsa \u00e7ok h\u0131zl\u0131 yay\u0131l\u0131r.Bu \u00fclkede bir karde\u015finiz sahnede izlemeye \u00a0gelenlere k\u00fcfrediyor izleyenler de g\u00fcl\u00fcyor. Bu \u00fclkede geldi\u011fimiz durum bu ,sorum \u015fu ;dil a\u00e7\u0131s\u0131ndan bu seviyeye geldiysek dilin edebi a\u00e7\u0131s\u0131ndan bunun vebalini omuzlar\u0131nda hissetmesi gerekenler kimlerdir ?<\/div>\n<div dir=\"auto\">Sizlersiniz!Ak de\u011ferler i\u00e7in bundan daha iyi de\u011fer olamaz.Biz dilimizi ve yarg\u0131lamam\u0131z\u0131 siyasetimizi edeple bulu\u015fturduktan sonra bu d\u00fcnyada bizim yolumuzu kimse kesemez.<\/div>\n<div dir=\"auto\"><\/div>\n<div dir=\"auto\">Prof Dr Nurullah Gen\u00e7 hocam\u0131z\u0131n aktard\u0131klar\u0131ndan k\u00fc\u00e7\u00fck bir b\u00f6l\u00fcm\u00fc siz okuyuculara emanet bilinciyle payla\u015fmay\u0131 arzu ettim .Yerini bulmu\u015ftur in\u015fallah .<\/div>\n<div dir=\"auto\">Bir ka\u00e7 kelam daha ederek yaz\u0131m\u0131 nihayetleyim.<\/div>\n<div dir=\"auto\">Her \u015feyi tenkit, her \u015feyde kusur arayan\u0131n barda\u011f\u0131n dolu taraf\u0131n\u0131 de\u011fil bo\u015f taraf\u0131n\u0131 g\u00f6ren her \u015feyi ele\u015ftiren insanlar\u0131n kalbi kirlile\u015fmi\u015f kat\u0131la\u015fm\u0131\u015f demektir. \u00c7\u00fcnk\u00fc kalbin fesad olmazsa dilin fesad\u0131 olmaz. Kalbin kat\u0131la\u015fmaz.<\/div>\n<div dir=\"auto\">\u0130\u00e7i bozuk olanlar\u0131n dilleri s\u00fcrekli vara yo\u011fa ele\u015ftiri tenkit dedikodu ve abesle i\u015ftigal i\u00e7indedir. Kalbim temiz diyorsan dilin temiz olur, d\u00fc\u015f\u00fcncen ak pak olur. A\u011fz\u0131n dedikodu bar\u0131nd\u0131rmaz. Kimsenin arkas\u0131ndan konu\u015fmazs\u0131n oyun \u00e7evirmezsin<\/div>\n<div dir=\"auto\">elbette bir yanl\u0131\u015f i\u015f varsa d\u00fczg\u00fcn bir lisanla dedikoduya k\u00f6t\u00fcl\u00fc\u011fe minnet etmeden y\u00fcz\u00fcne ifade edilmesi gerekir. \u00a0Bunlarda me\u015fveretle isti\u015fare ile yap\u0131l\u0131r.<\/div>\n<div dir=\"auto\">Vesselam\u2026<\/div>\n<div dir=\"auto\">Esas olan az ve \u00f6z konu\u015farak hak olandan yana tav\u0131r almakt\u0131r<\/div>\n<div dir=\"auto\">Selam ve dua ile \u2026<\/div>\n<div dir=\"auto\">P\u0131nar Y\u0131k\u0131lmaz<\/div>\n<\/div>\n<div dir=\"auto\"><\/div>\n<div dir=\"auto\"><img loading=\"lazy\" decoding=\"async\" class=\"alignnone size-medium wp-image-30215\" src=\"https:\/\/avrupapress.com\/main\/wp-content\/uploads\/2025\/07\/IMG-20250728-WA0033-203x300.jpg\" alt=\"\" width=\"203\" height=\"300\" \/><\/div>\n<div dir=\"auto\"><img loading=\"lazy\" decoding=\"async\" class=\"alignnone size-medium wp-image-30216\" src=\"https:\/\/avrupapress.com\/main\/wp-content\/uploads\/2025\/07\/IMG-20250728-WA0032-179x300.jpg\" alt=\"\" width=\"179\" height=\"300\" srcset=\"https:\/\/avrupapress.com\/main\/wp-content\/uploads\/2025\/07\/IMG-20250728-WA0032-179x300.jpg 179w, https:\/\/avrupapress.com\/main\/wp-content\/uploads\/2025\/07\/IMG-20250728-WA0032-612x1024.jpg 612w, https:\/\/avrupapress.com\/main\/wp-content\/uploads\/2025\/07\/IMG-20250728-WA0032-768x1285.jpg 768w, https:\/\/avrupapress.com\/main\/wp-content\/uploads\/2025\/07\/IMG-20250728-WA0032-918x1536.jpg 918w, https:\/\/avrupapress.com\/main\/wp-content\/uploads\/2025\/07\/IMG-20250728-WA0032.jpg 956w\" sizes=\"auto, (max-width: 179px) 100vw, 179px\" \/><\/div>\n<div dir=\"auto\"><\/div>\n<div dir=\"auto\"><strong>Bilgin Ozcifci\u00a0 \u00a0 \u00a0 \u00a0\/\u00a0 \u00a0 \u00a0 \u00a0 AVRUPAPRESS<\/strong><\/div>\n<div dir=\"auto\">\n<div id=\"x_ms-outlook-mobile-body-separator-line\" dir=\"auto\"><\/div>\n<\/div>\n","protected":false},"excerpt":{"rendered":"<p>Ak Parti Genel Merkez Arge Ba\u015fkanl\u0131\u011f\u0131m\u0131z\u0131n 81 ilimizle birlikte K\u0131r\u0131kkale\u2019de de Te\u015fkilat Akademisi \u201cBu Senin Hikayen\u201d slogan\u0131yla d\u00fcn ger\u00e7ekle\u015ftirildi. \u00a0E\u011fitim program\u0131na \u0130l Te\u015fkilat\u0131 g\u00fcnler \u00f6ncesinden haz\u0131rl\u0131klar\u0131n\u0131 tamamlad\u0131 .\u00dc\u00e7 kademe il te\u015fkilat mensuplar\u0131n\u0131n, il\u00e7e te\u015fkilat mensuplar\u0131n\u0131n ,il\u00e7e belediye ba\u015fkanlar\u0131n\u0131n ve milletvekilinin kat\u0131l\u0131m\u0131yla co\u015fkulu ve verimli bir program ger\u00e7ekle\u015fti. A\u00e7\u0131l\u0131\u015f konu\u015fmas\u0131n\u0131 il ba\u015fkan\u0131 Engin Pehlivanl\u0131\u2018n\u0131n yapt\u0131\u011f\u0131 programa [&hellip;]<\/p>\n","protected":false},"author":3,"featured_media":30215,"comment_status":"closed","ping_status":"open","sticky":false,"template":"","format":"standard","meta":{"footnotes":""},"categories":[14,16,3,17,18,15,19,2,1],"tags":[],"class_list":["post-30214","post","type-post","status-publish","format-standard","has-post-thumbnail","hentry","category-avrupa","category-belcika","category-dunya","category-ekonomi","category-kultur-sanat","category-spor","category-tanitim","category-turkiye","category-uncategorized"],"yoast_head":"<!-- This site is optimized with the Yoast SEO plugin v26.9 - https:\/\/yoast.com\/product\/yoast-seo-wordpress\/ -->\n<title>BU SEN\u0130N H\u0130KAYEN - AvrupaPress<\/title>\n<meta name=\"robots\" content=\"index, follow, max-snippet:-1, max-image-preview:large, max-video-preview:-1\" \/>\n<link rel=\"canonical\" href=\"https:\/\/avrupapress.com\/main\/2025\/07\/28\/bu-senin-hikayen\/\" \/>\n<meta property=\"og:locale\" content=\"fr_FR\" \/>\n<meta property=\"og:type\" content=\"article\" \/>\n<meta property=\"og:title\" content=\"BU SEN\u0130N H\u0130KAYEN - AvrupaPress\" \/>\n<meta property=\"og:description\" content=\"Ak Parti Genel Merkez Arge Ba\u015fkanl\u0131\u011f\u0131m\u0131z\u0131n 81 ilimizle birlikte K\u0131r\u0131kkale\u2019de de Te\u015fkilat Akademisi \u201cBu Senin Hikayen\u201d slogan\u0131yla d\u00fcn ger\u00e7ekle\u015ftirildi. \u00a0E\u011fitim program\u0131na \u0130l Te\u015fkilat\u0131 g\u00fcnler \u00f6ncesinden haz\u0131rl\u0131klar\u0131n\u0131 tamamlad\u0131 .\u00dc\u00e7 kademe il te\u015fkilat mensuplar\u0131n\u0131n, il\u00e7e te\u015fkilat mensuplar\u0131n\u0131n ,il\u00e7e belediye ba\u015fkanlar\u0131n\u0131n ve milletvekilinin kat\u0131l\u0131m\u0131yla co\u015fkulu ve verimli bir program ger\u00e7ekle\u015fti. A\u00e7\u0131l\u0131\u015f konu\u015fmas\u0131n\u0131 il ba\u015fkan\u0131 Engin Pehlivanl\u0131\u2018n\u0131n yapt\u0131\u011f\u0131 programa [&hellip;]\" \/>\n<meta property=\"og:url\" content=\"https:\/\/avrupapress.com\/main\/2025\/07\/28\/bu-senin-hikayen\/\" \/>\n<meta property=\"og:site_name\" content=\"AvrupaPress\" \/>\n<meta property=\"article:published_time\" content=\"2025-07-28T22:25:19+00:00\" \/>\n<meta property=\"article:modified_time\" content=\"2025-07-28T22:25:30+00:00\" \/>\n<meta property=\"og:image\" content=\"https:\/\/avrupapress.com\/main\/wp-content\/uploads\/2025\/07\/IMG-20250728-WA0033-e1753741508466.jpg\" \/>\n\t<meta property=\"og:image:width\" content=\"1084\" \/>\n\t<meta property=\"og:image:height\" content=\"864\" \/>\n\t<meta property=\"og:image:type\" content=\"image\/jpeg\" \/>\n<meta name=\"author\" content=\"Edit\u00f6r\" \/>\n<meta name=\"twitter:card\" content=\"summary_large_image\" \/>\n<meta name=\"twitter:label1\" content=\"\u00c9crit par\" \/>\n\t<meta name=\"twitter:data1\" content=\"Edit\u00f6r\" \/>\n\t<meta name=\"twitter:label2\" content=\"Dur\u00e9e de lecture est.\" \/>\n\t<meta name=\"twitter:data2\" content=\"8 minutes\" \/>\n<script type=\"application\/ld+json\" class=\"yoast-schema-graph\">{\"@context\":\"https:\/\/schema.org\",\"@graph\":[{\"@type\":\"Article\",\"@id\":\"https:\/\/avrupapress.com\/main\/2025\/07\/28\/bu-senin-hikayen\/#article\",\"isPartOf\":{\"@id\":\"https:\/\/avrupapress.com\/main\/2025\/07\/28\/bu-senin-hikayen\/\"},\"author\":{\"name\":\"Edit\u00f6r\",\"@id\":\"https:\/\/avrupapress.com\/#\/schema\/person\/68428444ec60970d1e1b700cf4ca1e8f\"},\"headline\":\"BU SEN\u0130N H\u0130KAYEN\",\"datePublished\":\"2025-07-28T22:25:19+00:00\",\"dateModified\":\"2025-07-28T22:25:30+00:00\",\"mainEntityOfPage\":{\"@id\":\"https:\/\/avrupapress.com\/main\/2025\/07\/28\/bu-senin-hikayen\/\"},\"wordCount\":1922,\"publisher\":{\"@id\":\"https:\/\/avrupapress.com\/#\/schema\/person\/0223dca19c72c43575bf30d1a2d8f4fa\"},\"image\":{\"@id\":\"https:\/\/avrupapress.com\/main\/2025\/07\/28\/bu-senin-hikayen\/#primaryimage\"},\"thumbnailUrl\":\"https:\/\/avrupapress.com\/main\/wp-content\/uploads\/2025\/07\/IMG-20250728-WA0033-e1753741508466.jpg\",\"articleSection\":[\"Avrupa\",\"Bel\u00e7ika\",\"D\u00fcnya\",\"Ekonomi\",\"K\u00fclt\u00fcr-Sanat\",\"Spor\",\"Tan\u0131t\u0131m\",\"T\u00fcrkiye\",\"Uncategorized\"],\"inLanguage\":\"fr-BE\"},{\"@type\":\"WebPage\",\"@id\":\"https:\/\/avrupapress.com\/main\/2025\/07\/28\/bu-senin-hikayen\/\",\"url\":\"https:\/\/avrupapress.com\/main\/2025\/07\/28\/bu-senin-hikayen\/\",\"name\":\"BU SEN\u0130N H\u0130KAYEN - AvrupaPress\",\"isPartOf\":{\"@id\":\"https:\/\/avrupapress.com\/#website\"},\"primaryImageOfPage\":{\"@id\":\"https:\/\/avrupapress.com\/main\/2025\/07\/28\/bu-senin-hikayen\/#primaryimage\"},\"image\":{\"@id\":\"https:\/\/avrupapress.com\/main\/2025\/07\/28\/bu-senin-hikayen\/#primaryimage\"},\"thumbnailUrl\":\"https:\/\/avrupapress.com\/main\/wp-content\/uploads\/2025\/07\/IMG-20250728-WA0033-e1753741508466.jpg\",\"datePublished\":\"2025-07-28T22:25:19+00:00\",\"dateModified\":\"2025-07-28T22:25:30+00:00\",\"breadcrumb\":{\"@id\":\"https:\/\/avrupapress.com\/main\/2025\/07\/28\/bu-senin-hikayen\/#breadcrumb\"},\"inLanguage\":\"fr-BE\",\"potentialAction\":[{\"@type\":\"ReadAction\",\"target\":[\"https:\/\/avrupapress.com\/main\/2025\/07\/28\/bu-senin-hikayen\/\"]}]},{\"@type\":\"ImageObject\",\"inLanguage\":\"fr-BE\",\"@id\":\"https:\/\/avrupapress.com\/main\/2025\/07\/28\/bu-senin-hikayen\/#primaryimage\",\"url\":\"https:\/\/avrupapress.com\/main\/wp-content\/uploads\/2025\/07\/IMG-20250728-WA0033-e1753741508466.jpg\",\"contentUrl\":\"https:\/\/avrupapress.com\/main\/wp-content\/uploads\/2025\/07\/IMG-20250728-WA0033-e1753741508466.jpg\",\"width\":1084,\"height\":864},{\"@type\":\"BreadcrumbList\",\"@id\":\"https:\/\/avrupapress.com\/main\/2025\/07\/28\/bu-senin-hikayen\/#breadcrumb\",\"itemListElement\":[{\"@type\":\"ListItem\",\"position\":1,\"name\":\"Anasayfa\",\"item\":\"https:\/\/avrupapress.com\/\"},{\"@type\":\"ListItem\",\"position\":2,\"name\":\"BU SEN\u0130N H\u0130KAYEN\"}]},{\"@type\":\"WebSite\",\"@id\":\"https:\/\/avrupapress.com\/#website\",\"url\":\"https:\/\/avrupapress.com\/\",\"name\":\"AvrupaPress\",\"description\":\"Haberin Adresi\",\"publisher\":{\"@id\":\"https:\/\/avrupapress.com\/#\/schema\/person\/0223dca19c72c43575bf30d1a2d8f4fa\"},\"potentialAction\":[{\"@type\":\"SearchAction\",\"target\":{\"@type\":\"EntryPoint\",\"urlTemplate\":\"https:\/\/avrupapress.com\/?s={search_term_string}\"},\"query-input\":{\"@type\":\"PropertyValueSpecification\",\"valueRequired\":true,\"valueName\":\"search_term_string\"}}],\"inLanguage\":\"fr-BE\"},{\"@type\":[\"Person\",\"Organization\"],\"@id\":\"https:\/\/avrupapress.com\/#\/schema\/person\/0223dca19c72c43575bf30d1a2d8f4fa\",\"name\":\"Bilgin \u00d6z\u00e7ift\u00e7i\",\"image\":{\"@type\":\"ImageObject\",\"inLanguage\":\"fr-BE\",\"@id\":\"https:\/\/avrupapress.com\/#\/schema\/person\/image\/\",\"url\":\"https:\/\/secure.gravatar.com\/avatar\/0f23b280433a21e1ea7a0adcc46ed0ad16afe3ad8e630fd13d8a017dcbd54ef3?s=96&d=mm&r=g\",\"contentUrl\":\"https:\/\/secure.gravatar.com\/avatar\/0f23b280433a21e1ea7a0adcc46ed0ad16afe3ad8e630fd13d8a017dcbd54ef3?s=96&d=mm&r=g\",\"caption\":\"Bilgin \u00d6z\u00e7ift\u00e7i\"},\"logo\":{\"@id\":\"https:\/\/avrupapress.com\/#\/schema\/person\/image\/\"},\"description\":\"Ne ben, nede sen... Biz ancak \\\"biz\\\" olursak g\u00fc\u00e7l\u00fc olabiliriz\"},{\"@type\":\"Person\",\"@id\":\"https:\/\/avrupapress.com\/#\/schema\/person\/68428444ec60970d1e1b700cf4ca1e8f\",\"name\":\"Edit\u00f6r\",\"image\":{\"@type\":\"ImageObject\",\"inLanguage\":\"fr-BE\",\"@id\":\"https:\/\/avrupapress.com\/#\/schema\/person\/image\/\",\"url\":\"https:\/\/secure.gravatar.com\/avatar\/74996b0977aa5f1559ba9883776652508b229005c0d78fb2597897f0bd651c09?s=96&d=mm&r=g\",\"contentUrl\":\"https:\/\/secure.gravatar.com\/avatar\/74996b0977aa5f1559ba9883776652508b229005c0d78fb2597897f0bd651c09?s=96&d=mm&r=g\",\"caption\":\"Edit\u00f6r\"},\"sameAs\":[\"http:\/\/www.avrupapress.com\"],\"url\":\"https:\/\/avrupapress.com\/main\/author\/editor\/\"}]}<\/script>\n<!-- \/ Yoast SEO plugin. -->","yoast_head_json":{"title":"BU SEN\u0130N H\u0130KAYEN - AvrupaPress","robots":{"index":"index","follow":"follow","max-snippet":"max-snippet:-1","max-image-preview":"max-image-preview:large","max-video-preview":"max-video-preview:-1"},"canonical":"https:\/\/avrupapress.com\/main\/2025\/07\/28\/bu-senin-hikayen\/","og_locale":"fr_FR","og_type":"article","og_title":"BU SEN\u0130N H\u0130KAYEN - AvrupaPress","og_description":"Ak Parti Genel Merkez Arge Ba\u015fkanl\u0131\u011f\u0131m\u0131z\u0131n 81 ilimizle birlikte K\u0131r\u0131kkale\u2019de de Te\u015fkilat Akademisi \u201cBu Senin Hikayen\u201d slogan\u0131yla d\u00fcn ger\u00e7ekle\u015ftirildi. \u00a0E\u011fitim program\u0131na \u0130l Te\u015fkilat\u0131 g\u00fcnler \u00f6ncesinden haz\u0131rl\u0131klar\u0131n\u0131 tamamlad\u0131 .\u00dc\u00e7 kademe il te\u015fkilat mensuplar\u0131n\u0131n, il\u00e7e te\u015fkilat mensuplar\u0131n\u0131n ,il\u00e7e belediye ba\u015fkanlar\u0131n\u0131n ve milletvekilinin kat\u0131l\u0131m\u0131yla co\u015fkulu ve verimli bir program ger\u00e7ekle\u015fti. A\u00e7\u0131l\u0131\u015f konu\u015fmas\u0131n\u0131 il ba\u015fkan\u0131 Engin Pehlivanl\u0131\u2018n\u0131n yapt\u0131\u011f\u0131 programa [&hellip;]","og_url":"https:\/\/avrupapress.com\/main\/2025\/07\/28\/bu-senin-hikayen\/","og_site_name":"AvrupaPress","article_published_time":"2025-07-28T22:25:19+00:00","article_modified_time":"2025-07-28T22:25:30+00:00","og_image":[{"width":1084,"height":864,"url":"https:\/\/avrupapress.com\/main\/wp-content\/uploads\/2025\/07\/IMG-20250728-WA0033-e1753741508466.jpg","type":"image\/jpeg"}],"author":"Edit\u00f6r","twitter_card":"summary_large_image","twitter_misc":{"\u00c9crit par":"Edit\u00f6r","Dur\u00e9e de lecture est.":"8 minutes"},"schema":{"@context":"https:\/\/schema.org","@graph":[{"@type":"Article","@id":"https:\/\/avrupapress.com\/main\/2025\/07\/28\/bu-senin-hikayen\/#article","isPartOf":{"@id":"https:\/\/avrupapress.com\/main\/2025\/07\/28\/bu-senin-hikayen\/"},"author":{"name":"Edit\u00f6r","@id":"https:\/\/avrupapress.com\/#\/schema\/person\/68428444ec60970d1e1b700cf4ca1e8f"},"headline":"BU SEN\u0130N H\u0130KAYEN","datePublished":"2025-07-28T22:25:19+00:00","dateModified":"2025-07-28T22:25:30+00:00","mainEntityOfPage":{"@id":"https:\/\/avrupapress.com\/main\/2025\/07\/28\/bu-senin-hikayen\/"},"wordCount":1922,"publisher":{"@id":"https:\/\/avrupapress.com\/#\/schema\/person\/0223dca19c72c43575bf30d1a2d8f4fa"},"image":{"@id":"https:\/\/avrupapress.com\/main\/2025\/07\/28\/bu-senin-hikayen\/#primaryimage"},"thumbnailUrl":"https:\/\/avrupapress.com\/main\/wp-content\/uploads\/2025\/07\/IMG-20250728-WA0033-e1753741508466.jpg","articleSection":["Avrupa","Bel\u00e7ika","D\u00fcnya","Ekonomi","K\u00fclt\u00fcr-Sanat","Spor","Tan\u0131t\u0131m","T\u00fcrkiye","Uncategorized"],"inLanguage":"fr-BE"},{"@type":"WebPage","@id":"https:\/\/avrupapress.com\/main\/2025\/07\/28\/bu-senin-hikayen\/","url":"https:\/\/avrupapress.com\/main\/2025\/07\/28\/bu-senin-hikayen\/","name":"BU SEN\u0130N H\u0130KAYEN - AvrupaPress","isPartOf":{"@id":"https:\/\/avrupapress.com\/#website"},"primaryImageOfPage":{"@id":"https:\/\/avrupapress.com\/main\/2025\/07\/28\/bu-senin-hikayen\/#primaryimage"},"image":{"@id":"https:\/\/avrupapress.com\/main\/2025\/07\/28\/bu-senin-hikayen\/#primaryimage"},"thumbnailUrl":"https:\/\/avrupapress.com\/main\/wp-content\/uploads\/2025\/07\/IMG-20250728-WA0033-e1753741508466.jpg","datePublished":"2025-07-28T22:25:19+00:00","dateModified":"2025-07-28T22:25:30+00:00","breadcrumb":{"@id":"https:\/\/avrupapress.com\/main\/2025\/07\/28\/bu-senin-hikayen\/#breadcrumb"},"inLanguage":"fr-BE","potentialAction":[{"@type":"ReadAction","target":["https:\/\/avrupapress.com\/main\/2025\/07\/28\/bu-senin-hikayen\/"]}]},{"@type":"ImageObject","inLanguage":"fr-BE","@id":"https:\/\/avrupapress.com\/main\/2025\/07\/28\/bu-senin-hikayen\/#primaryimage","url":"https:\/\/avrupapress.com\/main\/wp-content\/uploads\/2025\/07\/IMG-20250728-WA0033-e1753741508466.jpg","contentUrl":"https:\/\/avrupapress.com\/main\/wp-content\/uploads\/2025\/07\/IMG-20250728-WA0033-e1753741508466.jpg","width":1084,"height":864},{"@type":"BreadcrumbList","@id":"https:\/\/avrupapress.com\/main\/2025\/07\/28\/bu-senin-hikayen\/#breadcrumb","itemListElement":[{"@type":"ListItem","position":1,"name":"Anasayfa","item":"https:\/\/avrupapress.com\/"},{"@type":"ListItem","position":2,"name":"BU SEN\u0130N H\u0130KAYEN"}]},{"@type":"WebSite","@id":"https:\/\/avrupapress.com\/#website","url":"https:\/\/avrupapress.com\/","name":"AvrupaPress","description":"Haberin Adresi","publisher":{"@id":"https:\/\/avrupapress.com\/#\/schema\/person\/0223dca19c72c43575bf30d1a2d8f4fa"},"potentialAction":[{"@type":"SearchAction","target":{"@type":"EntryPoint","urlTemplate":"https:\/\/avrupapress.com\/?s={search_term_string}"},"query-input":{"@type":"PropertyValueSpecification","valueRequired":true,"valueName":"search_term_string"}}],"inLanguage":"fr-BE"},{"@type":["Person","Organization"],"@id":"https:\/\/avrupapress.com\/#\/schema\/person\/0223dca19c72c43575bf30d1a2d8f4fa","name":"Bilgin \u00d6z\u00e7ift\u00e7i","image":{"@type":"ImageObject","inLanguage":"fr-BE","@id":"https:\/\/avrupapress.com\/#\/schema\/person\/image\/","url":"https:\/\/secure.gravatar.com\/avatar\/0f23b280433a21e1ea7a0adcc46ed0ad16afe3ad8e630fd13d8a017dcbd54ef3?s=96&d=mm&r=g","contentUrl":"https:\/\/secure.gravatar.com\/avatar\/0f23b280433a21e1ea7a0adcc46ed0ad16afe3ad8e630fd13d8a017dcbd54ef3?s=96&d=mm&r=g","caption":"Bilgin \u00d6z\u00e7ift\u00e7i"},"logo":{"@id":"https:\/\/avrupapress.com\/#\/schema\/person\/image\/"},"description":"Ne ben, nede sen... Biz ancak \"biz\" olursak g\u00fc\u00e7l\u00fc olabiliriz"},{"@type":"Person","@id":"https:\/\/avrupapress.com\/#\/schema\/person\/68428444ec60970d1e1b700cf4ca1e8f","name":"Edit\u00f6r","image":{"@type":"ImageObject","inLanguage":"fr-BE","@id":"https:\/\/avrupapress.com\/#\/schema\/person\/image\/","url":"https:\/\/secure.gravatar.com\/avatar\/74996b0977aa5f1559ba9883776652508b229005c0d78fb2597897f0bd651c09?s=96&d=mm&r=g","contentUrl":"https:\/\/secure.gravatar.com\/avatar\/74996b0977aa5f1559ba9883776652508b229005c0d78fb2597897f0bd651c09?s=96&d=mm&r=g","caption":"Edit\u00f6r"},"sameAs":["http:\/\/www.avrupapress.com"],"url":"https:\/\/avrupapress.com\/main\/author\/editor\/"}]}},"_links":{"self":[{"href":"https:\/\/avrupapress.com\/main\/wp-json\/wp\/v2\/posts\/30214","targetHints":{"allow":["GET"]}}],"collection":[{"href":"https:\/\/avrupapress.com\/main\/wp-json\/wp\/v2\/posts"}],"about":[{"href":"https:\/\/avrupapress.com\/main\/wp-json\/wp\/v2\/types\/post"}],"author":[{"embeddable":true,"href":"https:\/\/avrupapress.com\/main\/wp-json\/wp\/v2\/users\/3"}],"replies":[{"embeddable":true,"href":"https:\/\/avrupapress.com\/main\/wp-json\/wp\/v2\/comments?post=30214"}],"version-history":[{"count":1,"href":"https:\/\/avrupapress.com\/main\/wp-json\/wp\/v2\/posts\/30214\/revisions"}],"predecessor-version":[{"id":30217,"href":"https:\/\/avrupapress.com\/main\/wp-json\/wp\/v2\/posts\/30214\/revisions\/30217"}],"wp:featuredmedia":[{"embeddable":true,"href":"https:\/\/avrupapress.com\/main\/wp-json\/wp\/v2\/media\/30215"}],"wp:attachment":[{"href":"https:\/\/avrupapress.com\/main\/wp-json\/wp\/v2\/media?parent=30214"}],"wp:term":[{"taxonomy":"category","embeddable":true,"href":"https:\/\/avrupapress.com\/main\/wp-json\/wp\/v2\/categories?post=30214"},{"taxonomy":"post_tag","embeddable":true,"href":"https:\/\/avrupapress.com\/main\/wp-json\/wp\/v2\/tags?post=30214"}],"curies":[{"name":"wp","href":"https:\/\/api.w.org\/{rel}","templated":true}]}}