{"id":30202,"date":"2025-07-27T20:53:36","date_gmt":"2025-07-27T20:53:36","guid":{"rendered":"https:\/\/avrupapress.com\/main\/?p=30202"},"modified":"2025-07-27T20:55:16","modified_gmt":"2025-07-27T20:55:16","slug":"avrupapress-yazari-taner-ikiz-avrupadaki-gurbetci-turk-vatandaslarimiz-icin-sayin-kayseri-milletvekili-murat-cihad-cingi-gorustu","status":"publish","type":"post","link":"https:\/\/avrupapress.com\/main\/2025\/07\/27\/avrupapress-yazari-taner-ikiz-avrupadaki-gurbetci-turk-vatandaslarimiz-icin-sayin-kayseri-milletvekili-murat-cihad-cingi-gorustu\/","title":{"rendered":"Avrupapress Yazar\u0131m\u0131z Taner \u0130kiz  Avrupadaki Gurbetci T\u00fcrk Vatandaslar\u0131m\u0131z\u00a0 icin Say\u0131n Kayseri Milletvekili Murat Cihad\u00a0 CINGI g\u00f6r\u00fc\u015ft\u00fc\u2026.."},"content":{"rendered":"<p><strong>Avrupapress Yazar\u0131m\u0131z Taner \u0130kiz\u00a0 siz Degerli okuyucular\u0131m\u0131z ve Avrupadaki Gurbetci T\u00fcrk Vatandaslar\u0131m\u0131z\u00a0 icin Say\u0131n Kayseri Milletvekili Murat Cihad\u00a0 CINGI g\u00f6r\u00fc\u015ft\u00fc\u2026..<\/strong><\/p>\n<p>Avrupapress Yazar\u0131m\u0131z Taner \u0130kiz\u00a0 siz Degerli okuyucular\u0131m\u0131z ve Avrupadaki Gurbetci T\u00fcrk Vatanda<strong>\u015f<\/strong>lar\u0131m\u0131z\u00a0 icin Say\u0131n Kayseri Milletvekili Murat Cihad\u00a0 CINGI g\u00f6r\u00fc\u015ft\u00fc\u2026.. Kendisine Avrupa&rsquo;l\u0131 T\u00fcrk Vatanda\u015flar&rsquo;\u0131m\u0131za verilen s\u00f6zleri hat\u0131rlatt\u0131k, bu konuda deste\u011fini istedik, kendisi konulardan haberdar oldu\u011funu ve ilgilenece\u011fini bildirdi,<\/p>\n<p>Say\u0131n Kayseri Milletvekili Murat Cihad\u00a0 CINGI\u00a0 Avrupapress Yazar\u0131m\u0131z Taner \u0130kiz&rsquo;e \u015funlari \u015f\u00f6yledi.degerli hemserilerim k\u0131ymetli vatanda\u015flar\u0131m Anadolunun bagr\u0131ndan Kayseri&rsquo;den hepinize en kalbi sevgi ve saygilar\u0131m\u0131z\u0131 g\u00f6nderiyorum .<\/p>\n<p>Taner Bey kardesimizle daha \u00f6nce Belcika&rsquo;da kar\u015f\u0131la\u015fm\u0131\u015ft\u0131k Avrupa Birligi Parlemonto toplant\u0131s\u0131na geldigimizde bug\u00fcn oda bizi memleketimizde ziyaret etti Il baskani ile beraber ho\u015f bir sohbet gecirdik biz Gurbetci vatanda\u015flar\u0131m\u0131z\u0131n s\u0131k\u0131nt\u0131lar\u0131n\u0131 biliyoruz Partimiz biliyor sayin Cumhurbaskanimiz biliyor.<\/p>\n<p>In\u015fallah verilen s\u00f6zlerde bizim iktidarimiz d\u00f6nemince her zaman oldugu gibi yine AK Parti tarafindan yerine getirilecek\u00a0 ama bizim \u00f6zellikle sizlerden istiramimiz Avrupadaki T\u00fcrkler olarak birligimizi Beraberligimizi karde\u015fligmizi herhangi bir ayr\u0131m g\u00f6zetmeksizin devam ettirmemiz.<\/p>\n<p>Bizler her zaman burda hem T\u00fcrkiyedeki vatanda\u015flar\u0131m\u0131z hemde Global Vatandaki D\u00fcnyan\u0131n her yerindeki vatanda\u015flar\u0131m\u0131z\u0131n haklar\u0131n\u0131 savunmak s\u0131k\u0131nt\u0131lar\u0131n\u0131 proplemlerini c\u00f6zmek icin burday\u0131z her t\u00fcrl\u00fc vas\u0131talarla Email ile Telefon&rsquo;la bize ula\u015fabilirsiniz\u00a0 In\u015fallah gelecek daha g\u00fczel g\u00fcnler bizi bekliyor\u00a0 hep beraber cal\u0131s\u0131p gayret edip hem T\u00fcrkiye Cumhuriyetini hemde D\u00fcnyadaki\u00a0 T\u00fcrkiye Cumhuriyeti vatandaslar\u0131n\u0131 kardeslermizi daha g\u00fczel bir gelecege tas\u0131mak icin gayret edecegiz\u00a0 ben burdan hepinize saygi sevgilerimi sunuyorum dedi.<\/p>\n<p><strong><img loading=\"lazy\" decoding=\"async\" class=\"alignnone size-medium wp-image-30203\" src=\"https:\/\/avrupapress.com\/main\/wp-content\/uploads\/2025\/07\/thumbnail_Screenshot_20250727_215725_WhatsApp-172x300.jpg\" alt=\"\" width=\"172\" height=\"300\" srcset=\"https:\/\/avrupapress.com\/main\/wp-content\/uploads\/2025\/07\/thumbnail_Screenshot_20250727_215725_WhatsApp-172x300.jpg 172w, https:\/\/avrupapress.com\/main\/wp-content\/uploads\/2025\/07\/thumbnail_Screenshot_20250727_215725_WhatsApp-586x1024.jpg 586w, https:\/\/avrupapress.com\/main\/wp-content\/uploads\/2025\/07\/thumbnail_Screenshot_20250727_215725_WhatsApp-768x1342.jpg 768w, https:\/\/avrupapress.com\/main\/wp-content\/uploads\/2025\/07\/thumbnail_Screenshot_20250727_215725_WhatsApp-879x1536.jpg 879w, https:\/\/avrupapress.com\/main\/wp-content\/uploads\/2025\/07\/thumbnail_Screenshot_20250727_215725_WhatsApp.jpg 1080w\" sizes=\"auto, (max-width: 172px) 100vw, 172px\" \/><\/strong><\/p>\n<p><img loading=\"lazy\" decoding=\"async\" class=\"alignnone size-medium wp-image-30204\" src=\"https:\/\/avrupapress.com\/main\/wp-content\/uploads\/2025\/07\/thumbnail_Screenshot_20250727_224943_WhatsApp-271x300.jpg\" alt=\"\" width=\"271\" height=\"300\" srcset=\"https:\/\/avrupapress.com\/main\/wp-content\/uploads\/2025\/07\/thumbnail_Screenshot_20250727_224943_WhatsApp-271x300.jpg 271w, https:\/\/avrupapress.com\/main\/wp-content\/uploads\/2025\/07\/thumbnail_Screenshot_20250727_224943_WhatsApp-925x1024.jpg 925w, https:\/\/avrupapress.com\/main\/wp-content\/uploads\/2025\/07\/thumbnail_Screenshot_20250727_224943_WhatsApp-768x850.jpg 768w, https:\/\/avrupapress.com\/main\/wp-content\/uploads\/2025\/07\/thumbnail_Screenshot_20250727_224943_WhatsApp.jpg 1080w\" sizes=\"auto, (max-width: 271px) 100vw, 271px\" \/><\/p>\n<div dir=\"auto\"><strong>Taner \u0130kiz\u00a0 \u00a0 \u00a0 \u00a0\/\u00a0 \u00a0 \u00a0 \u00a0AVRUPAPRESS<\/strong><\/div>\n<div id=\"x_ms-outlook-mobile-body-separator-line\" dir=\"auto\"><\/div>\n","protected":false},"excerpt":{"rendered":"<p>Avrupapress Yazar\u0131m\u0131z Taner \u0130kiz\u00a0 siz Degerli okuyucular\u0131m\u0131z ve Avrupadaki Gurbetci T\u00fcrk Vatandaslar\u0131m\u0131z\u00a0 icin Say\u0131n Kayseri Milletvekili Murat Cihad\u00a0 CINGI g\u00f6r\u00fc\u015ft\u00fc\u2026.. Avrupapress Yazar\u0131m\u0131z Taner \u0130kiz\u00a0 siz Degerli okuyucular\u0131m\u0131z ve Avrupadaki Gurbetci T\u00fcrk Vatanda\u015flar\u0131m\u0131z\u00a0 icin Say\u0131n Kayseri Milletvekili Murat Cihad\u00a0 CINGI g\u00f6r\u00fc\u015ft\u00fc\u2026.. Kendisine Avrupa&rsquo;l\u0131 T\u00fcrk Vatanda\u015flar&rsquo;\u0131m\u0131za verilen s\u00f6zleri hat\u0131rlatt\u0131k, bu konuda deste\u011fini istedik, kendisi konulardan haberdar oldu\u011funu [&hellip;]<\/p>\n","protected":false},"author":3,"featured_media":30204,"comment_status":"closed","ping_status":"open","sticky":false,"template":"","format":"standard","meta":{"footnotes":""},"categories":[14,16,3,17,18,15,19,2,1],"tags":[],"class_list":["post-30202","post","type-post","status-publish","format-standard","has-post-thumbnail","hentry","category-avrupa","category-belcika","category-dunya","category-ekonomi","category-kultur-sanat","category-spor","category-tanitim","category-turkiye","category-uncategorized"],"yoast_head":"<!-- This site is optimized with the Yoast SEO plugin v26.9 - https:\/\/yoast.com\/product\/yoast-seo-wordpress\/ -->\n<title>Avrupapress Yazar\u0131m\u0131z Taner \u0130kiz Avrupadaki Gurbetci T\u00fcrk Vatandaslar\u0131m\u0131z\u00a0 icin Say\u0131n Kayseri Milletvekili Murat Cihad\u00a0 CINGI g\u00f6r\u00fc\u015ft\u00fc\u2026.. - AvrupaPress<\/title>\n<meta name=\"robots\" content=\"index, follow, max-snippet:-1, max-image-preview:large, max-video-preview:-1\" \/>\n<link rel=\"canonical\" href=\"https:\/\/avrupapress.com\/main\/2025\/07\/27\/avrupapress-yazari-taner-ikiz-avrupadaki-gurbetci-turk-vatandaslarimiz-icin-sayin-kayseri-milletvekili-murat-cihad-cingi-gorustu\/\" \/>\n<meta property=\"og:locale\" content=\"fr_FR\" \/>\n<meta property=\"og:type\" content=\"article\" \/>\n<meta property=\"og:title\" content=\"Avrupapress Yazar\u0131m\u0131z Taner \u0130kiz Avrupadaki Gurbetci T\u00fcrk Vatandaslar\u0131m\u0131z\u00a0 icin Say\u0131n Kayseri Milletvekili Murat Cihad\u00a0 CINGI g\u00f6r\u00fc\u015ft\u00fc\u2026.. - AvrupaPress\" \/>\n<meta property=\"og:description\" content=\"Avrupapress Yazar\u0131m\u0131z Taner \u0130kiz\u00a0 siz Degerli okuyucular\u0131m\u0131z ve Avrupadaki Gurbetci T\u00fcrk Vatandaslar\u0131m\u0131z\u00a0 icin Say\u0131n Kayseri Milletvekili Murat Cihad\u00a0 CINGI g\u00f6r\u00fc\u015ft\u00fc\u2026.. Avrupapress Yazar\u0131m\u0131z Taner \u0130kiz\u00a0 siz Degerli okuyucular\u0131m\u0131z ve Avrupadaki Gurbetci T\u00fcrk Vatanda\u015flar\u0131m\u0131z\u00a0 icin Say\u0131n Kayseri Milletvekili Murat Cihad\u00a0 CINGI g\u00f6r\u00fc\u015ft\u00fc\u2026.. Kendisine Avrupa&rsquo;l\u0131 T\u00fcrk Vatanda\u015flar&rsquo;\u0131m\u0131za verilen s\u00f6zleri hat\u0131rlatt\u0131k, bu konuda deste\u011fini istedik, kendisi konulardan haberdar oldu\u011funu [&hellip;]\" \/>\n<meta property=\"og:url\" content=\"https:\/\/avrupapress.com\/main\/2025\/07\/27\/avrupapress-yazari-taner-ikiz-avrupadaki-gurbetci-turk-vatandaslarimiz-icin-sayin-kayseri-milletvekili-murat-cihad-cingi-gorustu\/\" \/>\n<meta property=\"og:site_name\" content=\"AvrupaPress\" \/>\n<meta property=\"article:published_time\" content=\"2025-07-27T20:53:36+00:00\" \/>\n<meta property=\"article:modified_time\" content=\"2025-07-27T20:55:16+00:00\" \/>\n<meta property=\"og:image\" content=\"https:\/\/avrupapress.com\/main\/wp-content\/uploads\/2025\/07\/thumbnail_Screenshot_20250727_224943_WhatsApp.jpg\" \/>\n\t<meta property=\"og:image:width\" content=\"1080\" \/>\n\t<meta property=\"og:image:height\" content=\"1195\" \/>\n\t<meta property=\"og:image:type\" content=\"image\/jpeg\" \/>\n<meta name=\"author\" content=\"Edit\u00f6r\" \/>\n<meta name=\"twitter:card\" content=\"summary_large_image\" \/>\n<meta name=\"twitter:label1\" content=\"\u00c9crit par\" \/>\n\t<meta name=\"twitter:data1\" content=\"Edit\u00f6r\" \/>\n\t<meta name=\"twitter:label2\" content=\"Dur\u00e9e de lecture est.\" \/>\n\t<meta name=\"twitter:data2\" content=\"2 minutes\" \/>\n<script type=\"application\/ld+json\" class=\"yoast-schema-graph\">{\"@context\":\"https:\/\/schema.org\",\"@graph\":[{\"@type\":\"Article\",\"@id\":\"https:\/\/avrupapress.com\/main\/2025\/07\/27\/avrupapress-yazari-taner-ikiz-avrupadaki-gurbetci-turk-vatandaslarimiz-icin-sayin-kayseri-milletvekili-murat-cihad-cingi-gorustu\/#article\",\"isPartOf\":{\"@id\":\"https:\/\/avrupapress.com\/main\/2025\/07\/27\/avrupapress-yazari-taner-ikiz-avrupadaki-gurbetci-turk-vatandaslarimiz-icin-sayin-kayseri-milletvekili-murat-cihad-cingi-gorustu\/\"},\"author\":{\"name\":\"Edit\u00f6r\",\"@id\":\"https:\/\/avrupapress.com\/#\/schema\/person\/68428444ec60970d1e1b700cf4ca1e8f\"},\"headline\":\"Avrupapress Yazar\u0131m\u0131z Taner \u0130kiz Avrupadaki Gurbetci T\u00fcrk Vatandaslar\u0131m\u0131z\u00a0 icin Say\u0131n Kayseri Milletvekili Murat Cihad\u00a0 CINGI g\u00f6r\u00fc\u015ft\u00fc\u2026..\",\"datePublished\":\"2025-07-27T20:53:36+00:00\",\"dateModified\":\"2025-07-27T20:55:16+00:00\",\"mainEntityOfPage\":{\"@id\":\"https:\/\/avrupapress.com\/main\/2025\/07\/27\/avrupapress-yazari-taner-ikiz-avrupadaki-gurbetci-turk-vatandaslarimiz-icin-sayin-kayseri-milletvekili-murat-cihad-cingi-gorustu\/\"},\"wordCount\":339,\"publisher\":{\"@id\":\"https:\/\/avrupapress.com\/#\/schema\/person\/0223dca19c72c43575bf30d1a2d8f4fa\"},\"image\":{\"@id\":\"https:\/\/avrupapress.com\/main\/2025\/07\/27\/avrupapress-yazari-taner-ikiz-avrupadaki-gurbetci-turk-vatandaslarimiz-icin-sayin-kayseri-milletvekili-murat-cihad-cingi-gorustu\/#primaryimage\"},\"thumbnailUrl\":\"https:\/\/avrupapress.com\/main\/wp-content\/uploads\/2025\/07\/thumbnail_Screenshot_20250727_224943_WhatsApp.jpg\",\"articleSection\":[\"Avrupa\",\"Bel\u00e7ika\",\"D\u00fcnya\",\"Ekonomi\",\"K\u00fclt\u00fcr-Sanat\",\"Spor\",\"Tan\u0131t\u0131m\",\"T\u00fcrkiye\",\"Uncategorized\"],\"inLanguage\":\"fr-BE\"},{\"@type\":\"WebPage\",\"@id\":\"https:\/\/avrupapress.com\/main\/2025\/07\/27\/avrupapress-yazari-taner-ikiz-avrupadaki-gurbetci-turk-vatandaslarimiz-icin-sayin-kayseri-milletvekili-murat-cihad-cingi-gorustu\/\",\"url\":\"https:\/\/avrupapress.com\/main\/2025\/07\/27\/avrupapress-yazari-taner-ikiz-avrupadaki-gurbetci-turk-vatandaslarimiz-icin-sayin-kayseri-milletvekili-murat-cihad-cingi-gorustu\/\",\"name\":\"Avrupapress Yazar\u0131m\u0131z Taner \u0130kiz Avrupadaki Gurbetci T\u00fcrk Vatandaslar\u0131m\u0131z\u00a0 icin Say\u0131n Kayseri Milletvekili Murat Cihad\u00a0 CINGI g\u00f6r\u00fc\u015ft\u00fc\u2026.. - AvrupaPress\",\"isPartOf\":{\"@id\":\"https:\/\/avrupapress.com\/#website\"},\"primaryImageOfPage\":{\"@id\":\"https:\/\/avrupapress.com\/main\/2025\/07\/27\/avrupapress-yazari-taner-ikiz-avrupadaki-gurbetci-turk-vatandaslarimiz-icin-sayin-kayseri-milletvekili-murat-cihad-cingi-gorustu\/#primaryimage\"},\"image\":{\"@id\":\"https:\/\/avrupapress.com\/main\/2025\/07\/27\/avrupapress-yazari-taner-ikiz-avrupadaki-gurbetci-turk-vatandaslarimiz-icin-sayin-kayseri-milletvekili-murat-cihad-cingi-gorustu\/#primaryimage\"},\"thumbnailUrl\":\"https:\/\/avrupapress.com\/main\/wp-content\/uploads\/2025\/07\/thumbnail_Screenshot_20250727_224943_WhatsApp.jpg\",\"datePublished\":\"2025-07-27T20:53:36+00:00\",\"dateModified\":\"2025-07-27T20:55:16+00:00\",\"breadcrumb\":{\"@id\":\"https:\/\/avrupapress.com\/main\/2025\/07\/27\/avrupapress-yazari-taner-ikiz-avrupadaki-gurbetci-turk-vatandaslarimiz-icin-sayin-kayseri-milletvekili-murat-cihad-cingi-gorustu\/#breadcrumb\"},\"inLanguage\":\"fr-BE\",\"potentialAction\":[{\"@type\":\"ReadAction\",\"target\":[\"https:\/\/avrupapress.com\/main\/2025\/07\/27\/avrupapress-yazari-taner-ikiz-avrupadaki-gurbetci-turk-vatandaslarimiz-icin-sayin-kayseri-milletvekili-murat-cihad-cingi-gorustu\/\"]}]},{\"@type\":\"ImageObject\",\"inLanguage\":\"fr-BE\",\"@id\":\"https:\/\/avrupapress.com\/main\/2025\/07\/27\/avrupapress-yazari-taner-ikiz-avrupadaki-gurbetci-turk-vatandaslarimiz-icin-sayin-kayseri-milletvekili-murat-cihad-cingi-gorustu\/#primaryimage\",\"url\":\"https:\/\/avrupapress.com\/main\/wp-content\/uploads\/2025\/07\/thumbnail_Screenshot_20250727_224943_WhatsApp.jpg\",\"contentUrl\":\"https:\/\/avrupapress.com\/main\/wp-content\/uploads\/2025\/07\/thumbnail_Screenshot_20250727_224943_WhatsApp.jpg\",\"width\":1080,\"height\":1195},{\"@type\":\"BreadcrumbList\",\"@id\":\"https:\/\/avrupapress.com\/main\/2025\/07\/27\/avrupapress-yazari-taner-ikiz-avrupadaki-gurbetci-turk-vatandaslarimiz-icin-sayin-kayseri-milletvekili-murat-cihad-cingi-gorustu\/#breadcrumb\",\"itemListElement\":[{\"@type\":\"ListItem\",\"position\":1,\"name\":\"Anasayfa\",\"item\":\"https:\/\/avrupapress.com\/\"},{\"@type\":\"ListItem\",\"position\":2,\"name\":\"Avrupapress Yazar\u0131m\u0131z Taner \u0130kiz Avrupadaki Gurbetci T\u00fcrk Vatandaslar\u0131m\u0131z\u00a0 icin Say\u0131n Kayseri Milletvekili Murat Cihad\u00a0 CINGI g\u00f6r\u00fc\u015ft\u00fc\u2026..\"}]},{\"@type\":\"WebSite\",\"@id\":\"https:\/\/avrupapress.com\/#website\",\"url\":\"https:\/\/avrupapress.com\/\",\"name\":\"AvrupaPress\",\"description\":\"Haberin Adresi\",\"publisher\":{\"@id\":\"https:\/\/avrupapress.com\/#\/schema\/person\/0223dca19c72c43575bf30d1a2d8f4fa\"},\"potentialAction\":[{\"@type\":\"SearchAction\",\"target\":{\"@type\":\"EntryPoint\",\"urlTemplate\":\"https:\/\/avrupapress.com\/?s={search_term_string}\"},\"query-input\":{\"@type\":\"PropertyValueSpecification\",\"valueRequired\":true,\"valueName\":\"search_term_string\"}}],\"inLanguage\":\"fr-BE\"},{\"@type\":[\"Person\",\"Organization\"],\"@id\":\"https:\/\/avrupapress.com\/#\/schema\/person\/0223dca19c72c43575bf30d1a2d8f4fa\",\"name\":\"Bilgin \u00d6z\u00e7ift\u00e7i\",\"image\":{\"@type\":\"ImageObject\",\"inLanguage\":\"fr-BE\",\"@id\":\"https:\/\/avrupapress.com\/#\/schema\/person\/image\/\",\"url\":\"https:\/\/secure.gravatar.com\/avatar\/0f23b280433a21e1ea7a0adcc46ed0ad16afe3ad8e630fd13d8a017dcbd54ef3?s=96&d=mm&r=g\",\"contentUrl\":\"https:\/\/secure.gravatar.com\/avatar\/0f23b280433a21e1ea7a0adcc46ed0ad16afe3ad8e630fd13d8a017dcbd54ef3?s=96&d=mm&r=g\",\"caption\":\"Bilgin \u00d6z\u00e7ift\u00e7i\"},\"logo\":{\"@id\":\"https:\/\/avrupapress.com\/#\/schema\/person\/image\/\"},\"description\":\"Ne ben, nede sen... Biz ancak \\\"biz\\\" olursak g\u00fc\u00e7l\u00fc olabiliriz\"},{\"@type\":\"Person\",\"@id\":\"https:\/\/avrupapress.com\/#\/schema\/person\/68428444ec60970d1e1b700cf4ca1e8f\",\"name\":\"Edit\u00f6r\",\"image\":{\"@type\":\"ImageObject\",\"inLanguage\":\"fr-BE\",\"@id\":\"https:\/\/avrupapress.com\/#\/schema\/person\/image\/\",\"url\":\"https:\/\/secure.gravatar.com\/avatar\/74996b0977aa5f1559ba9883776652508b229005c0d78fb2597897f0bd651c09?s=96&d=mm&r=g\",\"contentUrl\":\"https:\/\/secure.gravatar.com\/avatar\/74996b0977aa5f1559ba9883776652508b229005c0d78fb2597897f0bd651c09?s=96&d=mm&r=g\",\"caption\":\"Edit\u00f6r\"},\"sameAs\":[\"http:\/\/www.avrupapress.com\"],\"url\":\"https:\/\/avrupapress.com\/main\/author\/editor\/\"}]}<\/script>\n<!-- \/ Yoast SEO plugin. -->","yoast_head_json":{"title":"Avrupapress Yazar\u0131m\u0131z Taner \u0130kiz Avrupadaki Gurbetci T\u00fcrk Vatandaslar\u0131m\u0131z\u00a0 icin Say\u0131n Kayseri Milletvekili Murat Cihad\u00a0 CINGI g\u00f6r\u00fc\u015ft\u00fc\u2026.. - AvrupaPress","robots":{"index":"index","follow":"follow","max-snippet":"max-snippet:-1","max-image-preview":"max-image-preview:large","max-video-preview":"max-video-preview:-1"},"canonical":"https:\/\/avrupapress.com\/main\/2025\/07\/27\/avrupapress-yazari-taner-ikiz-avrupadaki-gurbetci-turk-vatandaslarimiz-icin-sayin-kayseri-milletvekili-murat-cihad-cingi-gorustu\/","og_locale":"fr_FR","og_type":"article","og_title":"Avrupapress Yazar\u0131m\u0131z Taner \u0130kiz Avrupadaki Gurbetci T\u00fcrk Vatandaslar\u0131m\u0131z\u00a0 icin Say\u0131n Kayseri Milletvekili Murat Cihad\u00a0 CINGI g\u00f6r\u00fc\u015ft\u00fc\u2026.. - AvrupaPress","og_description":"Avrupapress Yazar\u0131m\u0131z Taner \u0130kiz\u00a0 siz Degerli okuyucular\u0131m\u0131z ve Avrupadaki Gurbetci T\u00fcrk Vatandaslar\u0131m\u0131z\u00a0 icin Say\u0131n Kayseri Milletvekili Murat Cihad\u00a0 CINGI g\u00f6r\u00fc\u015ft\u00fc\u2026.. Avrupapress Yazar\u0131m\u0131z Taner \u0130kiz\u00a0 siz Degerli okuyucular\u0131m\u0131z ve Avrupadaki Gurbetci T\u00fcrk Vatanda\u015flar\u0131m\u0131z\u00a0 icin Say\u0131n Kayseri Milletvekili Murat Cihad\u00a0 CINGI g\u00f6r\u00fc\u015ft\u00fc\u2026.. Kendisine Avrupa&rsquo;l\u0131 T\u00fcrk Vatanda\u015flar&rsquo;\u0131m\u0131za verilen s\u00f6zleri hat\u0131rlatt\u0131k, bu konuda deste\u011fini istedik, kendisi konulardan haberdar oldu\u011funu [&hellip;]","og_url":"https:\/\/avrupapress.com\/main\/2025\/07\/27\/avrupapress-yazari-taner-ikiz-avrupadaki-gurbetci-turk-vatandaslarimiz-icin-sayin-kayseri-milletvekili-murat-cihad-cingi-gorustu\/","og_site_name":"AvrupaPress","article_published_time":"2025-07-27T20:53:36+00:00","article_modified_time":"2025-07-27T20:55:16+00:00","og_image":[{"width":1080,"height":1195,"url":"https:\/\/avrupapress.com\/main\/wp-content\/uploads\/2025\/07\/thumbnail_Screenshot_20250727_224943_WhatsApp.jpg","type":"image\/jpeg"}],"author":"Edit\u00f6r","twitter_card":"summary_large_image","twitter_misc":{"\u00c9crit par":"Edit\u00f6r","Dur\u00e9e de lecture est.":"2 minutes"},"schema":{"@context":"https:\/\/schema.org","@graph":[{"@type":"Article","@id":"https:\/\/avrupapress.com\/main\/2025\/07\/27\/avrupapress-yazari-taner-ikiz-avrupadaki-gurbetci-turk-vatandaslarimiz-icin-sayin-kayseri-milletvekili-murat-cihad-cingi-gorustu\/#article","isPartOf":{"@id":"https:\/\/avrupapress.com\/main\/2025\/07\/27\/avrupapress-yazari-taner-ikiz-avrupadaki-gurbetci-turk-vatandaslarimiz-icin-sayin-kayseri-milletvekili-murat-cihad-cingi-gorustu\/"},"author":{"name":"Edit\u00f6r","@id":"https:\/\/avrupapress.com\/#\/schema\/person\/68428444ec60970d1e1b700cf4ca1e8f"},"headline":"Avrupapress Yazar\u0131m\u0131z Taner \u0130kiz Avrupadaki Gurbetci T\u00fcrk Vatandaslar\u0131m\u0131z\u00a0 icin Say\u0131n Kayseri Milletvekili Murat Cihad\u00a0 CINGI g\u00f6r\u00fc\u015ft\u00fc\u2026..","datePublished":"2025-07-27T20:53:36+00:00","dateModified":"2025-07-27T20:55:16+00:00","mainEntityOfPage":{"@id":"https:\/\/avrupapress.com\/main\/2025\/07\/27\/avrupapress-yazari-taner-ikiz-avrupadaki-gurbetci-turk-vatandaslarimiz-icin-sayin-kayseri-milletvekili-murat-cihad-cingi-gorustu\/"},"wordCount":339,"publisher":{"@id":"https:\/\/avrupapress.com\/#\/schema\/person\/0223dca19c72c43575bf30d1a2d8f4fa"},"image":{"@id":"https:\/\/avrupapress.com\/main\/2025\/07\/27\/avrupapress-yazari-taner-ikiz-avrupadaki-gurbetci-turk-vatandaslarimiz-icin-sayin-kayseri-milletvekili-murat-cihad-cingi-gorustu\/#primaryimage"},"thumbnailUrl":"https:\/\/avrupapress.com\/main\/wp-content\/uploads\/2025\/07\/thumbnail_Screenshot_20250727_224943_WhatsApp.jpg","articleSection":["Avrupa","Bel\u00e7ika","D\u00fcnya","Ekonomi","K\u00fclt\u00fcr-Sanat","Spor","Tan\u0131t\u0131m","T\u00fcrkiye","Uncategorized"],"inLanguage":"fr-BE"},{"@type":"WebPage","@id":"https:\/\/avrupapress.com\/main\/2025\/07\/27\/avrupapress-yazari-taner-ikiz-avrupadaki-gurbetci-turk-vatandaslarimiz-icin-sayin-kayseri-milletvekili-murat-cihad-cingi-gorustu\/","url":"https:\/\/avrupapress.com\/main\/2025\/07\/27\/avrupapress-yazari-taner-ikiz-avrupadaki-gurbetci-turk-vatandaslarimiz-icin-sayin-kayseri-milletvekili-murat-cihad-cingi-gorustu\/","name":"Avrupapress Yazar\u0131m\u0131z Taner \u0130kiz Avrupadaki Gurbetci T\u00fcrk Vatandaslar\u0131m\u0131z\u00a0 icin Say\u0131n Kayseri Milletvekili Murat Cihad\u00a0 CINGI g\u00f6r\u00fc\u015ft\u00fc\u2026.. - AvrupaPress","isPartOf":{"@id":"https:\/\/avrupapress.com\/#website"},"primaryImageOfPage":{"@id":"https:\/\/avrupapress.com\/main\/2025\/07\/27\/avrupapress-yazari-taner-ikiz-avrupadaki-gurbetci-turk-vatandaslarimiz-icin-sayin-kayseri-milletvekili-murat-cihad-cingi-gorustu\/#primaryimage"},"image":{"@id":"https:\/\/avrupapress.com\/main\/2025\/07\/27\/avrupapress-yazari-taner-ikiz-avrupadaki-gurbetci-turk-vatandaslarimiz-icin-sayin-kayseri-milletvekili-murat-cihad-cingi-gorustu\/#primaryimage"},"thumbnailUrl":"https:\/\/avrupapress.com\/main\/wp-content\/uploads\/2025\/07\/thumbnail_Screenshot_20250727_224943_WhatsApp.jpg","datePublished":"2025-07-27T20:53:36+00:00","dateModified":"2025-07-27T20:55:16+00:00","breadcrumb":{"@id":"https:\/\/avrupapress.com\/main\/2025\/07\/27\/avrupapress-yazari-taner-ikiz-avrupadaki-gurbetci-turk-vatandaslarimiz-icin-sayin-kayseri-milletvekili-murat-cihad-cingi-gorustu\/#breadcrumb"},"inLanguage":"fr-BE","potentialAction":[{"@type":"ReadAction","target":["https:\/\/avrupapress.com\/main\/2025\/07\/27\/avrupapress-yazari-taner-ikiz-avrupadaki-gurbetci-turk-vatandaslarimiz-icin-sayin-kayseri-milletvekili-murat-cihad-cingi-gorustu\/"]}]},{"@type":"ImageObject","inLanguage":"fr-BE","@id":"https:\/\/avrupapress.com\/main\/2025\/07\/27\/avrupapress-yazari-taner-ikiz-avrupadaki-gurbetci-turk-vatandaslarimiz-icin-sayin-kayseri-milletvekili-murat-cihad-cingi-gorustu\/#primaryimage","url":"https:\/\/avrupapress.com\/main\/wp-content\/uploads\/2025\/07\/thumbnail_Screenshot_20250727_224943_WhatsApp.jpg","contentUrl":"https:\/\/avrupapress.com\/main\/wp-content\/uploads\/2025\/07\/thumbnail_Screenshot_20250727_224943_WhatsApp.jpg","width":1080,"height":1195},{"@type":"BreadcrumbList","@id":"https:\/\/avrupapress.com\/main\/2025\/07\/27\/avrupapress-yazari-taner-ikiz-avrupadaki-gurbetci-turk-vatandaslarimiz-icin-sayin-kayseri-milletvekili-murat-cihad-cingi-gorustu\/#breadcrumb","itemListElement":[{"@type":"ListItem","position":1,"name":"Anasayfa","item":"https:\/\/avrupapress.com\/"},{"@type":"ListItem","position":2,"name":"Avrupapress Yazar\u0131m\u0131z Taner \u0130kiz Avrupadaki Gurbetci T\u00fcrk Vatandaslar\u0131m\u0131z\u00a0 icin Say\u0131n Kayseri Milletvekili Murat Cihad\u00a0 CINGI g\u00f6r\u00fc\u015ft\u00fc\u2026.."}]},{"@type":"WebSite","@id":"https:\/\/avrupapress.com\/#website","url":"https:\/\/avrupapress.com\/","name":"AvrupaPress","description":"Haberin Adresi","publisher":{"@id":"https:\/\/avrupapress.com\/#\/schema\/person\/0223dca19c72c43575bf30d1a2d8f4fa"},"potentialAction":[{"@type":"SearchAction","target":{"@type":"EntryPoint","urlTemplate":"https:\/\/avrupapress.com\/?s={search_term_string}"},"query-input":{"@type":"PropertyValueSpecification","valueRequired":true,"valueName":"search_term_string"}}],"inLanguage":"fr-BE"},{"@type":["Person","Organization"],"@id":"https:\/\/avrupapress.com\/#\/schema\/person\/0223dca19c72c43575bf30d1a2d8f4fa","name":"Bilgin \u00d6z\u00e7ift\u00e7i","image":{"@type":"ImageObject","inLanguage":"fr-BE","@id":"https:\/\/avrupapress.com\/#\/schema\/person\/image\/","url":"https:\/\/secure.gravatar.com\/avatar\/0f23b280433a21e1ea7a0adcc46ed0ad16afe3ad8e630fd13d8a017dcbd54ef3?s=96&d=mm&r=g","contentUrl":"https:\/\/secure.gravatar.com\/avatar\/0f23b280433a21e1ea7a0adcc46ed0ad16afe3ad8e630fd13d8a017dcbd54ef3?s=96&d=mm&r=g","caption":"Bilgin \u00d6z\u00e7ift\u00e7i"},"logo":{"@id":"https:\/\/avrupapress.com\/#\/schema\/person\/image\/"},"description":"Ne ben, nede sen... Biz ancak \"biz\" olursak g\u00fc\u00e7l\u00fc olabiliriz"},{"@type":"Person","@id":"https:\/\/avrupapress.com\/#\/schema\/person\/68428444ec60970d1e1b700cf4ca1e8f","name":"Edit\u00f6r","image":{"@type":"ImageObject","inLanguage":"fr-BE","@id":"https:\/\/avrupapress.com\/#\/schema\/person\/image\/","url":"https:\/\/secure.gravatar.com\/avatar\/74996b0977aa5f1559ba9883776652508b229005c0d78fb2597897f0bd651c09?s=96&d=mm&r=g","contentUrl":"https:\/\/secure.gravatar.com\/avatar\/74996b0977aa5f1559ba9883776652508b229005c0d78fb2597897f0bd651c09?s=96&d=mm&r=g","caption":"Edit\u00f6r"},"sameAs":["http:\/\/www.avrupapress.com"],"url":"https:\/\/avrupapress.com\/main\/author\/editor\/"}]}},"_links":{"self":[{"href":"https:\/\/avrupapress.com\/main\/wp-json\/wp\/v2\/posts\/30202","targetHints":{"allow":["GET"]}}],"collection":[{"href":"https:\/\/avrupapress.com\/main\/wp-json\/wp\/v2\/posts"}],"about":[{"href":"https:\/\/avrupapress.com\/main\/wp-json\/wp\/v2\/types\/post"}],"author":[{"embeddable":true,"href":"https:\/\/avrupapress.com\/main\/wp-json\/wp\/v2\/users\/3"}],"replies":[{"embeddable":true,"href":"https:\/\/avrupapress.com\/main\/wp-json\/wp\/v2\/comments?post=30202"}],"version-history":[{"count":2,"href":"https:\/\/avrupapress.com\/main\/wp-json\/wp\/v2\/posts\/30202\/revisions"}],"predecessor-version":[{"id":30206,"href":"https:\/\/avrupapress.com\/main\/wp-json\/wp\/v2\/posts\/30202\/revisions\/30206"}],"wp:featuredmedia":[{"embeddable":true,"href":"https:\/\/avrupapress.com\/main\/wp-json\/wp\/v2\/media\/30204"}],"wp:attachment":[{"href":"https:\/\/avrupapress.com\/main\/wp-json\/wp\/v2\/media?parent=30202"}],"wp:term":[{"taxonomy":"category","embeddable":true,"href":"https:\/\/avrupapress.com\/main\/wp-json\/wp\/v2\/categories?post=30202"},{"taxonomy":"post_tag","embeddable":true,"href":"https:\/\/avrupapress.com\/main\/wp-json\/wp\/v2\/tags?post=30202"}],"curies":[{"name":"wp","href":"https:\/\/api.w.org\/{rel}","templated":true}]}}