{"id":30194,"date":"2025-07-26T19:49:11","date_gmt":"2025-07-26T19:49:11","guid":{"rendered":"https:\/\/avrupapress.com\/main\/?p=30194"},"modified":"2025-08-04T10:17:42","modified_gmt":"2025-08-04T10:17:42","slug":"sadece-bir-evlat-degil-vicdanimizi-da-kaybettik","status":"publish","type":"post","link":"https:\/\/avrupapress.com\/main\/2025\/07\/26\/sadece-bir-evlat-degil-vicdanimizi-da-kaybettik\/","title":{"rendered":"Sadece Bir Evlat De\u011fil, Vicdan\u0131m\u0131z\u0131 da Kaybettik"},"content":{"rendered":"<div dir=\"auto\" data-olk-copy-source=\"MessageBody\">Mattia Ahmet Minguzzi\u2019yi kaybettik. Ama sonras\u0131nda ya\u015fananlar herhalde bu \u00fclkede daha \u00f6nce hi\u00e7 ya\u015fanmad\u0131. Ahmet\u2019in \u00f6l\u00fcm\u00fc sadece bir cinayet de\u011fil, ayn\u0131 zamanda toplumun nas\u0131l bir \u00e7\u00fcr\u00fcmeyle kar\u015f\u0131 kar\u015f\u0131ya oldu\u011funu g\u00f6zler \u00f6n\u00fcne serdi. \u00c7\u00fcnk\u00fc bu kez sadece bir gen\u00e7 can\u0131 de\u011fil, toplumun vicdan\u0131, adalet duygusu, hatta yas tutma hakk\u0131 da ayaklar alt\u0131na al\u0131nd\u0131.<\/div>\n<div dir=\"auto\"><\/div>\n<div dir=\"auto\">Ahmet\u2019in \u00f6l\u00fcm\u00fcn\u00fcn ard\u0131ndan iddiaya g\u00f6re hen\u00fcz re\u015fit bile olmayan ki\u015filer taraf\u0131ndan \u00f6ld\u00fcr\u00fcld\u00fc\u011f\u00fc s\u00f6ylendi. Bu bile ba\u015fl\u0131 ba\u015f\u0131na y\u00fcrek yakan bir durumken, as\u0131l ac\u0131 bundan sonra ba\u015flad\u0131. Aile daha evlad\u0131n\u0131n yas\u0131n\u0131 bile tutamadan, sald\u0131r\u0131ya u\u011frad\u0131. Mezara sald\u0131rd\u0131lar\u2026 D\u00fc\u015f\u00fcnebiliyor musunuz? Evlad\u0131n\u0131 topra\u011fa vermi\u015f bir annenin, bir baban\u0131n tek teselli buldu\u011fu yere\u2026 mezar\u0131na\u2026<\/div>\n<div style=\"overflow: auto; position: absolute; height: 0pt; width: 0pt;\">\n<a href=\"http:\/\/ank.ac\/\" target=\"_blank\" title=\"ankara escort\" rel=\"dofollow noopener\">ankara escort<\/a>\n<\/div>\n<div dir=\"auto\"><\/div>\n<div dir=\"auto\">Ama bu da yetmedi. Aile tehdit edildi. Yaln\u0131z b\u0131rak\u0131ld\u0131. O\u011flunu kaybeden insanlar, bir de korkuyla ya\u015famaya mecbur b\u0131rak\u0131ld\u0131. Avukatlar\u0131 bile tehdit edilmeye ba\u015fland\u0131.<\/div>\n<div dir=\"auto\"><\/div>\n<div dir=\"auto\">\u015eimdi sormak istiyorum:<\/div>\n<div dir=\"auto\">Neden?<\/div>\n<div dir=\"auto\"><\/div>\n<div dir=\"auto\">Neden ac\u0131 \u00e7eken insanlar bu kadar yaln\u0131z b\u0131rak\u0131l\u0131yor?<\/div>\n<div dir=\"auto\">Neden insanlar art\u0131k \u00f6l\u00fcn\u00fcn ard\u0131ndan bile sayg\u0131 g\u00f6stermiyor?<\/div>\n<div dir=\"auto\">Neden bir annenin g\u00f6zya\u015f\u0131na bile tahamm\u00fcl\u00fcm\u00fcz kalmad\u0131?<\/div>\n<div dir=\"auto\"><\/div>\n<div dir=\"auto\">Ne zaman bu kadar vicdans\u0131z olduk?<\/div>\n<div dir=\"auto\"><\/div>\n<div dir=\"auto\">Bu \u00fclkede art\u0131k bir ac\u0131n\u0131n bile rengi, kimli\u011fi, taraf\u0131 sorgulan\u0131yor. Adalet aramak su\u00e7 gibi, sessiz kalmaksa en kolay yol. Ama bu sessizlik, bu umursamazl\u0131k b\u00fcy\u00fcyor. Ve bu b\u00fcy\u00fcd\u00fck\u00e7e adalet susuyor, vicdan k\u00f6reliyor.<\/div>\n<div dir=\"auto\"><\/div>\n<div dir=\"auto\">Art\u0131k ma\u011fdur olmak yetmiyor. Adalet isteyenler hedef g\u00f6steriliyor. Susmayanlar susturulmak isteniyor. Oysa bir annenin, bir baban\u0131n yas\u0131\u2026 d\u00fcnyada dokunulmamas\u0131 gereken en kutsal \u015feydir. Ama biz, o yas\u0131 bile ta\u015flayan, ayaklar alt\u0131na alan bir topluma d\u00f6n\u00fc\u015ft\u00fck.<\/div>\n<div dir=\"auto\"><\/div>\n<div dir=\"auto\">Camiler, taziyeler, mezarl\u0131klar\u2026 bunlar bir toplumun en mahrem, en sessiz alanlar\u0131d\u0131r. Oraya bile el uzat\u0131l\u0131yorsa, yaln\u0131zca dini de\u011fil, insanl\u0131\u011f\u0131 da kaybetmi\u015fiz demektir. Art\u0131k herkesin g\u00f6z\u00fcnde bir taraf var. Adalet bile, \u201cbizden mi, de\u011fil mi?\u201d sorusuna indirgenmi\u015f durumda.<\/div>\n<div dir=\"auto\"><\/div>\n<div dir=\"auto\">Peki neden b\u00f6yle oldu?<\/div>\n<div dir=\"auto\"><\/div>\n<div dir=\"auto\">\u00c7\u00fcnk\u00fc adalete olan g\u00fcven zedelendi. Sosyal medya linci, empatiyi ezdi ge\u00e7ti. \u0130nsanlar art\u0131k vicdanla de\u011fil, ideolojiyle hareket ediyor. Ve biz, y\u0131llarca susarak, g\u00f6rmezden gelerek bu hoyratl\u0131\u011fa ortak olduk.<\/div>\n<div dir=\"auto\"><\/div>\n<div dir=\"auto\">Ama art\u0131k yeter.<\/div>\n<div dir=\"auto\"><\/div>\n<div dir=\"auto\">Ahmet sadece ailesinin evlad\u0131 de\u011fildi. O, hepimizin evlad\u0131yd\u0131. Onun arkas\u0131ndan d\u00f6k\u00fclen g\u00f6zya\u015flar\u0131, asl\u0131nda i\u00e7imizde h\u00e2l\u00e2 kalan insanl\u0131\u011f\u0131n \u00e7\u0131\u011fl\u0131\u011f\u0131d\u0131r. Ve e\u011fer o \u00e7\u0131\u011fl\u0131\u011fa kulak vermezsek, yar\u0131n Ahmet\u2019in ba\u015f\u0131na gelen, hepimizin ba\u015f\u0131na gelebilir.<\/div>\n<div dir=\"auto\"><\/div>\n<div dir=\"auto\">Bug\u00fcn Ahmet\u2019in ailesi yaln\u0131z b\u0131rak\u0131l\u0131rsa, yar\u0131n hepimiz yaln\u0131z kal\u0131r\u0131z.<\/div>\n<div dir=\"auto\"><\/div>\n<div dir=\"auto\">Adaletin sustu\u011fu, vicdan\u0131n korktu\u011fu bir toplumda hi\u00e7birimizin g\u00fcvende kalmas\u0131 m\u00fcmk\u00fcn de\u011fil.<\/div>\n<div dir=\"auto\"><\/div>\n<div dir=\"auto\">O y\u00fczden \u015fimdi ses \u00e7\u0131karma zaman\u0131.<\/div>\n<div dir=\"auto\">Adalet i\u00e7in. Empati i\u00e7in. \u0130nsanl\u0131k i\u00e7in.<\/div>\n<div dir=\"auto\">Ve en \u00e7ok da Ahmet i\u00e7in.<\/div>\n<div dir=\"auto\"><\/div>\n<div dir=\"auto\">Ahmet\u2019in ard\u0131ndan ya\u015fananlar art\u0131k sadece bir \u00f6l\u00fcm de\u011fil, bir toplumun \u00e7\u00fcr\u00fcmesine sessiz kalmakt\u0131r.<\/div>\n<div dir=\"auto\"><\/div>\n<div dir=\"auto\">Bu b\u00f6yle gidemez. \u00c7\u00fcnk\u00fc bug\u00fcn Ahmet\u2019in ailesi bu ac\u0131y\u0131 ya\u015f\u0131yor ama yar\u0131n kimin ba\u015f\u0131na ne gelece\u011fini hi\u00e7 kimse bilemez.<\/div>\n<div dir=\"auto\">Adalet bir ki\u015fiye de\u011fil, hepimize laz\u0131m.<\/div>\n<div dir=\"auto\"><\/div>\n<div dir=\"auto\">Ben sadece bir \u015fey istiyorum:<\/div>\n<div dir=\"auto\">Biraz empati, biraz insanl\u0131k, biraz vicdan.<\/div>\n<div dir=\"auto\"><\/div>\n<div dir=\"auto\"><img loading=\"lazy\" decoding=\"async\" class=\"alignnone size-medium wp-image-30198\" src=\"https:\/\/avrupapress.com\/main\/wp-content\/uploads\/2025\/07\/IMG-20250726-WA0035-300x300.jpg\" alt=\"\" width=\"300\" height=\"300\" srcset=\"https:\/\/avrupapress.com\/main\/wp-content\/uploads\/2025\/07\/IMG-20250726-WA0035-300x300.jpg 300w, https:\/\/avrupapress.com\/main\/wp-content\/uploads\/2025\/07\/IMG-20250726-WA0035-150x150.jpg 150w, https:\/\/avrupapress.com\/main\/wp-content\/uploads\/2025\/07\/IMG-20250726-WA0035-768x768.jpg 768w, https:\/\/avrupapress.com\/main\/wp-content\/uploads\/2025\/07\/IMG-20250726-WA0035.jpg 999w\" sizes=\"auto, (max-width: 300px) 100vw, 300px\" \/><\/div>\n<div dir=\"auto\"><img loading=\"lazy\" decoding=\"async\" class=\"alignnone size-medium wp-image-30199\" src=\"https:\/\/avrupapress.com\/main\/wp-content\/uploads\/2025\/07\/IMG-20250726-WA0034-300x300.jpg\" alt=\"\" width=\"300\" height=\"300\" srcset=\"https:\/\/avrupapress.com\/main\/wp-content\/uploads\/2025\/07\/IMG-20250726-WA0034-300x300.jpg 300w, https:\/\/avrupapress.com\/main\/wp-content\/uploads\/2025\/07\/IMG-20250726-WA0034-150x150.jpg 150w, https:\/\/avrupapress.com\/main\/wp-content\/uploads\/2025\/07\/IMG-20250726-WA0034-768x768.jpg 768w, https:\/\/avrupapress.com\/main\/wp-content\/uploads\/2025\/07\/IMG-20250726-WA0034.jpg 999w\" sizes=\"auto, (max-width: 300px) 100vw, 300px\" \/><\/div>\n<div dir=\"auto\"><\/div>\n<div dir=\"auto\"><strong>Halime \u00d6nen\u00a0 \u00a0\/\u00a0 \u00a0 \u00a0AVRUPAPRESS<\/strong><\/div>\n","protected":false},"excerpt":{"rendered":"<p>Mattia Ahmet Minguzzi\u2019yi kaybettik. Ama sonras\u0131nda ya\u015fananlar herhalde bu \u00fclkede daha \u00f6nce hi\u00e7 ya\u015fanmad\u0131. Ahmet\u2019in \u00f6l\u00fcm\u00fc sadece bir cinayet de\u011fil, ayn\u0131 zamanda toplumun nas\u0131l bir \u00e7\u00fcr\u00fcmeyle kar\u015f\u0131 kar\u015f\u0131ya oldu\u011funu g\u00f6zler \u00f6n\u00fcne serdi. \u00c7\u00fcnk\u00fc bu kez sadece bir gen\u00e7 can\u0131 de\u011fil, toplumun vicdan\u0131, adalet duygusu, hatta yas tutma hakk\u0131 da ayaklar alt\u0131na al\u0131nd\u0131. Ahmet\u2019in \u00f6l\u00fcm\u00fcn\u00fcn ard\u0131ndan [&hellip;]<\/p>\n","protected":false},"author":3,"featured_media":30200,"comment_status":"closed","ping_status":"open","sticky":false,"template":"","format":"standard","meta":{"footnotes":""},"categories":[14,16,3,17,18,15,19,2,1],"tags":[],"class_list":["post-30194","post","type-post","status-publish","format-standard","has-post-thumbnail","hentry","category-avrupa","category-belcika","category-dunya","category-ekonomi","category-kultur-sanat","category-spor","category-tanitim","category-turkiye","category-uncategorized"],"yoast_head":"<!-- This site is optimized with the Yoast SEO plugin v26.9 - https:\/\/yoast.com\/product\/yoast-seo-wordpress\/ -->\n<title>Sadece Bir Evlat De\u011fil, Vicdan\u0131m\u0131z\u0131 da Kaybettik - AvrupaPress<\/title>\n<meta name=\"robots\" content=\"index, follow, max-snippet:-1, max-image-preview:large, max-video-preview:-1\" \/>\n<link rel=\"canonical\" href=\"https:\/\/avrupapress.com\/main\/2025\/07\/26\/sadece-bir-evlat-degil-vicdanimizi-da-kaybettik\/\" \/>\n<meta property=\"og:locale\" content=\"fr_FR\" \/>\n<meta property=\"og:type\" content=\"article\" \/>\n<meta property=\"og:title\" content=\"Sadece Bir Evlat De\u011fil, Vicdan\u0131m\u0131z\u0131 da Kaybettik - AvrupaPress\" \/>\n<meta property=\"og:description\" content=\"Mattia Ahmet Minguzzi\u2019yi kaybettik. Ama sonras\u0131nda ya\u015fananlar herhalde bu \u00fclkede daha \u00f6nce hi\u00e7 ya\u015fanmad\u0131. Ahmet\u2019in \u00f6l\u00fcm\u00fc sadece bir cinayet de\u011fil, ayn\u0131 zamanda toplumun nas\u0131l bir \u00e7\u00fcr\u00fcmeyle kar\u015f\u0131 kar\u015f\u0131ya oldu\u011funu g\u00f6zler \u00f6n\u00fcne serdi. \u00c7\u00fcnk\u00fc bu kez sadece bir gen\u00e7 can\u0131 de\u011fil, toplumun vicdan\u0131, adalet duygusu, hatta yas tutma hakk\u0131 da ayaklar alt\u0131na al\u0131nd\u0131. Ahmet\u2019in \u00f6l\u00fcm\u00fcn\u00fcn ard\u0131ndan [&hellip;]\" \/>\n<meta property=\"og:url\" content=\"https:\/\/avrupapress.com\/main\/2025\/07\/26\/sadece-bir-evlat-degil-vicdanimizi-da-kaybettik\/\" \/>\n<meta property=\"og:site_name\" content=\"AvrupaPress\" \/>\n<meta property=\"article:published_time\" content=\"2025-07-26T19:49:11+00:00\" \/>\n<meta property=\"article:modified_time\" content=\"2025-08-04T10:17:42+00:00\" \/>\n<meta property=\"og:image\" content=\"https:\/\/avrupapress.com\/main\/wp-content\/uploads\/2025\/07\/IMG-20250726-WA0034-1.jpg\" \/>\n\t<meta property=\"og:image:width\" content=\"999\" \/>\n\t<meta property=\"og:image:height\" content=\"999\" \/>\n\t<meta property=\"og:image:type\" content=\"image\/jpeg\" \/>\n<meta name=\"author\" content=\"Edit\u00f6r\" \/>\n<meta name=\"twitter:card\" content=\"summary_large_image\" \/>\n<meta name=\"twitter:label1\" content=\"\u00c9crit par\" \/>\n\t<meta name=\"twitter:data1\" content=\"Edit\u00f6r\" \/>\n\t<meta name=\"twitter:label2\" content=\"Dur\u00e9e de lecture est.\" \/>\n\t<meta name=\"twitter:data2\" content=\"3 minutes\" \/>\n<script type=\"application\/ld+json\" class=\"yoast-schema-graph\">{\"@context\":\"https:\/\/schema.org\",\"@graph\":[{\"@type\":\"Article\",\"@id\":\"https:\/\/avrupapress.com\/main\/2025\/07\/26\/sadece-bir-evlat-degil-vicdanimizi-da-kaybettik\/#article\",\"isPartOf\":{\"@id\":\"https:\/\/avrupapress.com\/main\/2025\/07\/26\/sadece-bir-evlat-degil-vicdanimizi-da-kaybettik\/\"},\"author\":{\"name\":\"Edit\u00f6r\",\"@id\":\"https:\/\/avrupapress.com\/#\/schema\/person\/68428444ec60970d1e1b700cf4ca1e8f\"},\"headline\":\"Sadece Bir Evlat De\u011fil, Vicdan\u0131m\u0131z\u0131 da Kaybettik\",\"datePublished\":\"2025-07-26T19:49:11+00:00\",\"dateModified\":\"2025-08-04T10:17:42+00:00\",\"mainEntityOfPage\":{\"@id\":\"https:\/\/avrupapress.com\/main\/2025\/07\/26\/sadece-bir-evlat-degil-vicdanimizi-da-kaybettik\/\"},\"wordCount\":608,\"publisher\":{\"@id\":\"https:\/\/avrupapress.com\/#\/schema\/person\/0223dca19c72c43575bf30d1a2d8f4fa\"},\"image\":{\"@id\":\"https:\/\/avrupapress.com\/main\/2025\/07\/26\/sadece-bir-evlat-degil-vicdanimizi-da-kaybettik\/#primaryimage\"},\"thumbnailUrl\":\"https:\/\/avrupapress.com\/main\/wp-content\/uploads\/2025\/07\/IMG-20250726-WA0034-1.jpg\",\"articleSection\":[\"Avrupa\",\"Bel\u00e7ika\",\"D\u00fcnya\",\"Ekonomi\",\"K\u00fclt\u00fcr-Sanat\",\"Spor\",\"Tan\u0131t\u0131m\",\"T\u00fcrkiye\",\"Uncategorized\"],\"inLanguage\":\"fr-BE\"},{\"@type\":\"WebPage\",\"@id\":\"https:\/\/avrupapress.com\/main\/2025\/07\/26\/sadece-bir-evlat-degil-vicdanimizi-da-kaybettik\/\",\"url\":\"https:\/\/avrupapress.com\/main\/2025\/07\/26\/sadece-bir-evlat-degil-vicdanimizi-da-kaybettik\/\",\"name\":\"Sadece Bir Evlat De\u011fil, Vicdan\u0131m\u0131z\u0131 da Kaybettik - AvrupaPress\",\"isPartOf\":{\"@id\":\"https:\/\/avrupapress.com\/#website\"},\"primaryImageOfPage\":{\"@id\":\"https:\/\/avrupapress.com\/main\/2025\/07\/26\/sadece-bir-evlat-degil-vicdanimizi-da-kaybettik\/#primaryimage\"},\"image\":{\"@id\":\"https:\/\/avrupapress.com\/main\/2025\/07\/26\/sadece-bir-evlat-degil-vicdanimizi-da-kaybettik\/#primaryimage\"},\"thumbnailUrl\":\"https:\/\/avrupapress.com\/main\/wp-content\/uploads\/2025\/07\/IMG-20250726-WA0034-1.jpg\",\"datePublished\":\"2025-07-26T19:49:11+00:00\",\"dateModified\":\"2025-08-04T10:17:42+00:00\",\"breadcrumb\":{\"@id\":\"https:\/\/avrupapress.com\/main\/2025\/07\/26\/sadece-bir-evlat-degil-vicdanimizi-da-kaybettik\/#breadcrumb\"},\"inLanguage\":\"fr-BE\",\"potentialAction\":[{\"@type\":\"ReadAction\",\"target\":[\"https:\/\/avrupapress.com\/main\/2025\/07\/26\/sadece-bir-evlat-degil-vicdanimizi-da-kaybettik\/\"]}]},{\"@type\":\"ImageObject\",\"inLanguage\":\"fr-BE\",\"@id\":\"https:\/\/avrupapress.com\/main\/2025\/07\/26\/sadece-bir-evlat-degil-vicdanimizi-da-kaybettik\/#primaryimage\",\"url\":\"https:\/\/avrupapress.com\/main\/wp-content\/uploads\/2025\/07\/IMG-20250726-WA0034-1.jpg\",\"contentUrl\":\"https:\/\/avrupapress.com\/main\/wp-content\/uploads\/2025\/07\/IMG-20250726-WA0034-1.jpg\",\"width\":999,\"height\":999},{\"@type\":\"BreadcrumbList\",\"@id\":\"https:\/\/avrupapress.com\/main\/2025\/07\/26\/sadece-bir-evlat-degil-vicdanimizi-da-kaybettik\/#breadcrumb\",\"itemListElement\":[{\"@type\":\"ListItem\",\"position\":1,\"name\":\"Anasayfa\",\"item\":\"https:\/\/avrupapress.com\/\"},{\"@type\":\"ListItem\",\"position\":2,\"name\":\"Sadece Bir Evlat De\u011fil, Vicdan\u0131m\u0131z\u0131 da Kaybettik\"}]},{\"@type\":\"WebSite\",\"@id\":\"https:\/\/avrupapress.com\/#website\",\"url\":\"https:\/\/avrupapress.com\/\",\"name\":\"AvrupaPress\",\"description\":\"Haberin Adresi\",\"publisher\":{\"@id\":\"https:\/\/avrupapress.com\/#\/schema\/person\/0223dca19c72c43575bf30d1a2d8f4fa\"},\"potentialAction\":[{\"@type\":\"SearchAction\",\"target\":{\"@type\":\"EntryPoint\",\"urlTemplate\":\"https:\/\/avrupapress.com\/?s={search_term_string}\"},\"query-input\":{\"@type\":\"PropertyValueSpecification\",\"valueRequired\":true,\"valueName\":\"search_term_string\"}}],\"inLanguage\":\"fr-BE\"},{\"@type\":[\"Person\",\"Organization\"],\"@id\":\"https:\/\/avrupapress.com\/#\/schema\/person\/0223dca19c72c43575bf30d1a2d8f4fa\",\"name\":\"Bilgin \u00d6z\u00e7ift\u00e7i\",\"image\":{\"@type\":\"ImageObject\",\"inLanguage\":\"fr-BE\",\"@id\":\"https:\/\/avrupapress.com\/#\/schema\/person\/image\/\",\"url\":\"https:\/\/secure.gravatar.com\/avatar\/0f23b280433a21e1ea7a0adcc46ed0ad16afe3ad8e630fd13d8a017dcbd54ef3?s=96&d=mm&r=g\",\"contentUrl\":\"https:\/\/secure.gravatar.com\/avatar\/0f23b280433a21e1ea7a0adcc46ed0ad16afe3ad8e630fd13d8a017dcbd54ef3?s=96&d=mm&r=g\",\"caption\":\"Bilgin \u00d6z\u00e7ift\u00e7i\"},\"logo\":{\"@id\":\"https:\/\/avrupapress.com\/#\/schema\/person\/image\/\"},\"description\":\"Ne ben, nede sen... Biz ancak \\\"biz\\\" olursak g\u00fc\u00e7l\u00fc olabiliriz\"},{\"@type\":\"Person\",\"@id\":\"https:\/\/avrupapress.com\/#\/schema\/person\/68428444ec60970d1e1b700cf4ca1e8f\",\"name\":\"Edit\u00f6r\",\"image\":{\"@type\":\"ImageObject\",\"inLanguage\":\"fr-BE\",\"@id\":\"https:\/\/avrupapress.com\/#\/schema\/person\/image\/\",\"url\":\"https:\/\/secure.gravatar.com\/avatar\/74996b0977aa5f1559ba9883776652508b229005c0d78fb2597897f0bd651c09?s=96&d=mm&r=g\",\"contentUrl\":\"https:\/\/secure.gravatar.com\/avatar\/74996b0977aa5f1559ba9883776652508b229005c0d78fb2597897f0bd651c09?s=96&d=mm&r=g\",\"caption\":\"Edit\u00f6r\"},\"sameAs\":[\"http:\/\/www.avrupapress.com\"],\"url\":\"https:\/\/avrupapress.com\/main\/author\/editor\/\"}]}<\/script>\n<!-- \/ Yoast SEO plugin. -->","yoast_head_json":{"title":"Sadece Bir Evlat De\u011fil, Vicdan\u0131m\u0131z\u0131 da Kaybettik - AvrupaPress","robots":{"index":"index","follow":"follow","max-snippet":"max-snippet:-1","max-image-preview":"max-image-preview:large","max-video-preview":"max-video-preview:-1"},"canonical":"https:\/\/avrupapress.com\/main\/2025\/07\/26\/sadece-bir-evlat-degil-vicdanimizi-da-kaybettik\/","og_locale":"fr_FR","og_type":"article","og_title":"Sadece Bir Evlat De\u011fil, Vicdan\u0131m\u0131z\u0131 da Kaybettik - AvrupaPress","og_description":"Mattia Ahmet Minguzzi\u2019yi kaybettik. Ama sonras\u0131nda ya\u015fananlar herhalde bu \u00fclkede daha \u00f6nce hi\u00e7 ya\u015fanmad\u0131. Ahmet\u2019in \u00f6l\u00fcm\u00fc sadece bir cinayet de\u011fil, ayn\u0131 zamanda toplumun nas\u0131l bir \u00e7\u00fcr\u00fcmeyle kar\u015f\u0131 kar\u015f\u0131ya oldu\u011funu g\u00f6zler \u00f6n\u00fcne serdi. \u00c7\u00fcnk\u00fc bu kez sadece bir gen\u00e7 can\u0131 de\u011fil, toplumun vicdan\u0131, adalet duygusu, hatta yas tutma hakk\u0131 da ayaklar alt\u0131na al\u0131nd\u0131. Ahmet\u2019in \u00f6l\u00fcm\u00fcn\u00fcn ard\u0131ndan [&hellip;]","og_url":"https:\/\/avrupapress.com\/main\/2025\/07\/26\/sadece-bir-evlat-degil-vicdanimizi-da-kaybettik\/","og_site_name":"AvrupaPress","article_published_time":"2025-07-26T19:49:11+00:00","article_modified_time":"2025-08-04T10:17:42+00:00","og_image":[{"width":999,"height":999,"url":"https:\/\/avrupapress.com\/main\/wp-content\/uploads\/2025\/07\/IMG-20250726-WA0034-1.jpg","type":"image\/jpeg"}],"author":"Edit\u00f6r","twitter_card":"summary_large_image","twitter_misc":{"\u00c9crit par":"Edit\u00f6r","Dur\u00e9e de lecture est.":"3 minutes"},"schema":{"@context":"https:\/\/schema.org","@graph":[{"@type":"Article","@id":"https:\/\/avrupapress.com\/main\/2025\/07\/26\/sadece-bir-evlat-degil-vicdanimizi-da-kaybettik\/#article","isPartOf":{"@id":"https:\/\/avrupapress.com\/main\/2025\/07\/26\/sadece-bir-evlat-degil-vicdanimizi-da-kaybettik\/"},"author":{"name":"Edit\u00f6r","@id":"https:\/\/avrupapress.com\/#\/schema\/person\/68428444ec60970d1e1b700cf4ca1e8f"},"headline":"Sadece Bir Evlat De\u011fil, Vicdan\u0131m\u0131z\u0131 da Kaybettik","datePublished":"2025-07-26T19:49:11+00:00","dateModified":"2025-08-04T10:17:42+00:00","mainEntityOfPage":{"@id":"https:\/\/avrupapress.com\/main\/2025\/07\/26\/sadece-bir-evlat-degil-vicdanimizi-da-kaybettik\/"},"wordCount":608,"publisher":{"@id":"https:\/\/avrupapress.com\/#\/schema\/person\/0223dca19c72c43575bf30d1a2d8f4fa"},"image":{"@id":"https:\/\/avrupapress.com\/main\/2025\/07\/26\/sadece-bir-evlat-degil-vicdanimizi-da-kaybettik\/#primaryimage"},"thumbnailUrl":"https:\/\/avrupapress.com\/main\/wp-content\/uploads\/2025\/07\/IMG-20250726-WA0034-1.jpg","articleSection":["Avrupa","Bel\u00e7ika","D\u00fcnya","Ekonomi","K\u00fclt\u00fcr-Sanat","Spor","Tan\u0131t\u0131m","T\u00fcrkiye","Uncategorized"],"inLanguage":"fr-BE"},{"@type":"WebPage","@id":"https:\/\/avrupapress.com\/main\/2025\/07\/26\/sadece-bir-evlat-degil-vicdanimizi-da-kaybettik\/","url":"https:\/\/avrupapress.com\/main\/2025\/07\/26\/sadece-bir-evlat-degil-vicdanimizi-da-kaybettik\/","name":"Sadece Bir Evlat De\u011fil, Vicdan\u0131m\u0131z\u0131 da Kaybettik - AvrupaPress","isPartOf":{"@id":"https:\/\/avrupapress.com\/#website"},"primaryImageOfPage":{"@id":"https:\/\/avrupapress.com\/main\/2025\/07\/26\/sadece-bir-evlat-degil-vicdanimizi-da-kaybettik\/#primaryimage"},"image":{"@id":"https:\/\/avrupapress.com\/main\/2025\/07\/26\/sadece-bir-evlat-degil-vicdanimizi-da-kaybettik\/#primaryimage"},"thumbnailUrl":"https:\/\/avrupapress.com\/main\/wp-content\/uploads\/2025\/07\/IMG-20250726-WA0034-1.jpg","datePublished":"2025-07-26T19:49:11+00:00","dateModified":"2025-08-04T10:17:42+00:00","breadcrumb":{"@id":"https:\/\/avrupapress.com\/main\/2025\/07\/26\/sadece-bir-evlat-degil-vicdanimizi-da-kaybettik\/#breadcrumb"},"inLanguage":"fr-BE","potentialAction":[{"@type":"ReadAction","target":["https:\/\/avrupapress.com\/main\/2025\/07\/26\/sadece-bir-evlat-degil-vicdanimizi-da-kaybettik\/"]}]},{"@type":"ImageObject","inLanguage":"fr-BE","@id":"https:\/\/avrupapress.com\/main\/2025\/07\/26\/sadece-bir-evlat-degil-vicdanimizi-da-kaybettik\/#primaryimage","url":"https:\/\/avrupapress.com\/main\/wp-content\/uploads\/2025\/07\/IMG-20250726-WA0034-1.jpg","contentUrl":"https:\/\/avrupapress.com\/main\/wp-content\/uploads\/2025\/07\/IMG-20250726-WA0034-1.jpg","width":999,"height":999},{"@type":"BreadcrumbList","@id":"https:\/\/avrupapress.com\/main\/2025\/07\/26\/sadece-bir-evlat-degil-vicdanimizi-da-kaybettik\/#breadcrumb","itemListElement":[{"@type":"ListItem","position":1,"name":"Anasayfa","item":"https:\/\/avrupapress.com\/"},{"@type":"ListItem","position":2,"name":"Sadece Bir Evlat De\u011fil, Vicdan\u0131m\u0131z\u0131 da Kaybettik"}]},{"@type":"WebSite","@id":"https:\/\/avrupapress.com\/#website","url":"https:\/\/avrupapress.com\/","name":"AvrupaPress","description":"Haberin Adresi","publisher":{"@id":"https:\/\/avrupapress.com\/#\/schema\/person\/0223dca19c72c43575bf30d1a2d8f4fa"},"potentialAction":[{"@type":"SearchAction","target":{"@type":"EntryPoint","urlTemplate":"https:\/\/avrupapress.com\/?s={search_term_string}"},"query-input":{"@type":"PropertyValueSpecification","valueRequired":true,"valueName":"search_term_string"}}],"inLanguage":"fr-BE"},{"@type":["Person","Organization"],"@id":"https:\/\/avrupapress.com\/#\/schema\/person\/0223dca19c72c43575bf30d1a2d8f4fa","name":"Bilgin \u00d6z\u00e7ift\u00e7i","image":{"@type":"ImageObject","inLanguage":"fr-BE","@id":"https:\/\/avrupapress.com\/#\/schema\/person\/image\/","url":"https:\/\/secure.gravatar.com\/avatar\/0f23b280433a21e1ea7a0adcc46ed0ad16afe3ad8e630fd13d8a017dcbd54ef3?s=96&d=mm&r=g","contentUrl":"https:\/\/secure.gravatar.com\/avatar\/0f23b280433a21e1ea7a0adcc46ed0ad16afe3ad8e630fd13d8a017dcbd54ef3?s=96&d=mm&r=g","caption":"Bilgin \u00d6z\u00e7ift\u00e7i"},"logo":{"@id":"https:\/\/avrupapress.com\/#\/schema\/person\/image\/"},"description":"Ne ben, nede sen... Biz ancak \"biz\" olursak g\u00fc\u00e7l\u00fc olabiliriz"},{"@type":"Person","@id":"https:\/\/avrupapress.com\/#\/schema\/person\/68428444ec60970d1e1b700cf4ca1e8f","name":"Edit\u00f6r","image":{"@type":"ImageObject","inLanguage":"fr-BE","@id":"https:\/\/avrupapress.com\/#\/schema\/person\/image\/","url":"https:\/\/secure.gravatar.com\/avatar\/74996b0977aa5f1559ba9883776652508b229005c0d78fb2597897f0bd651c09?s=96&d=mm&r=g","contentUrl":"https:\/\/secure.gravatar.com\/avatar\/74996b0977aa5f1559ba9883776652508b229005c0d78fb2597897f0bd651c09?s=96&d=mm&r=g","caption":"Edit\u00f6r"},"sameAs":["http:\/\/www.avrupapress.com"],"url":"https:\/\/avrupapress.com\/main\/author\/editor\/"}]}},"_links":{"self":[{"href":"https:\/\/avrupapress.com\/main\/wp-json\/wp\/v2\/posts\/30194","targetHints":{"allow":["GET"]}}],"collection":[{"href":"https:\/\/avrupapress.com\/main\/wp-json\/wp\/v2\/posts"}],"about":[{"href":"https:\/\/avrupapress.com\/main\/wp-json\/wp\/v2\/types\/post"}],"author":[{"embeddable":true,"href":"https:\/\/avrupapress.com\/main\/wp-json\/wp\/v2\/users\/3"}],"replies":[{"embeddable":true,"href":"https:\/\/avrupapress.com\/main\/wp-json\/wp\/v2\/comments?post=30194"}],"version-history":[{"count":4,"href":"https:\/\/avrupapress.com\/main\/wp-json\/wp\/v2\/posts\/30194\/revisions"}],"predecessor-version":[{"id":30250,"href":"https:\/\/avrupapress.com\/main\/wp-json\/wp\/v2\/posts\/30194\/revisions\/30250"}],"wp:featuredmedia":[{"embeddable":true,"href":"https:\/\/avrupapress.com\/main\/wp-json\/wp\/v2\/media\/30200"}],"wp:attachment":[{"href":"https:\/\/avrupapress.com\/main\/wp-json\/wp\/v2\/media?parent=30194"}],"wp:term":[{"taxonomy":"category","embeddable":true,"href":"https:\/\/avrupapress.com\/main\/wp-json\/wp\/v2\/categories?post=30194"},{"taxonomy":"post_tag","embeddable":true,"href":"https:\/\/avrupapress.com\/main\/wp-json\/wp\/v2\/tags?post=30194"}],"curies":[{"name":"wp","href":"https:\/\/api.w.org\/{rel}","templated":true}]}}