{"id":30189,"date":"2025-07-25T18:58:31","date_gmt":"2025-07-25T18:58:31","guid":{"rendered":"https:\/\/avrupapress.com\/main\/?p=30189"},"modified":"2025-07-25T18:58:50","modified_gmt":"2025-07-25T18:58:50","slug":"laf-cambazligi-mi-gercek-zeka-mi","status":"publish","type":"post","link":"https:\/\/avrupapress.com\/main\/2025\/07\/25\/laf-cambazligi-mi-gercek-zeka-mi\/","title":{"rendered":"Laf Cambazl\u0131\u011f\u0131 m\u0131, Ger\u00e7ek Zeka m\u0131?"},"content":{"rendered":"<div dir=\"auto\" data-olk-copy-source=\"MessageBody\">Sosyal medyada, g\u00fcndelik hayatta, hatta i\u015fyerinde bile s\u0131k s\u0131k kar\u015f\u0131la\u015ft\u0131\u011f\u0131m\u0131z bir durum var: \u00c7ok h\u0131zl\u0131 laf sokan, her s\u00f6ze an\u0131nda kar\u015f\u0131l\u0131k veren insanlar \u201czeki\u201d diye alk\u0131\u015flan\u0131yor. Oysa bu haz\u0131rcevapl\u0131k, \u00e7o\u011funlukla zeka g\u00f6stergesi de\u011fil, i\u00e7ten i\u00e7e bir t\u00fcr savunma mekanizmas\u0131d\u0131r. Bu ger\u00e7e\u011fi g\u00f6rmek i\u00e7in biraz derinlere inmek gerekiyor.<\/div>\n<div dir=\"auto\"><\/div>\n<div dir=\"auto\">G\u00fcvenli, sevgi dolu bir ortamda b\u00fcy\u00fcyen insan, zihnini savunmaya de\u011fil, \u00fcretmeye, anlamaya ve in\u015fa etmeye harcar. \u00c7\u00fcnk\u00fc kayg\u0131 olmaz, hayat\u0131 ele ge\u00e7irme tela\u015f\u0131 olmaz. Ama toksik ve huzursuz ailelerde b\u00fcy\u00fcyen \u00e7ocuklar, bir nevi tetikte, alarmda ya\u015farlar. Nereden vurulacaklar\u0131n\u0131, nas\u0131l incitileceklerini bilirler. H\u0131zl\u0131 laf sokmak, haz\u0131rcevap olmak onlar i\u00e7in hayatta kalma stratejisidir.<\/div>\n<div dir=\"auto\"><\/div>\n<div dir=\"auto\">Bu h\u0131zl\u0131 cevaplar, geli\u015fmi\u015f sosyal zekadan de\u011fil, bozulmu\u015f sosyal sezgilerden do\u011far. Kar\u015f\u0131daki insan\u0131 nereden vuraca\u011f\u0131n\u0131 bilmek; onun \u00f6zg\u00fcvenini zay\u0131flatacak noktay\u0131 sezmek asl\u0131nda bir t\u00fcr y\u0131k\u0131m refleksidir. Bu tip insanlar laf cambaz\u0131d\u0131r ama anlam yoksunudur. S\u00fcrekli parmak sallayan bir teyze edas\u0131yla, etraf\u0131ndaki herkesin soluk almas\u0131n\u0131 zorla\u015ft\u0131r\u0131rlar.<\/div>\n<div dir=\"auto\"><\/div>\n<div dir=\"auto\">Ger\u00e7ek zeka ise estetiktir. Sald\u0131rmak yerine d\u00f6n\u00fc\u015ft\u00fcr\u00fcr, mizah yapar ama a\u015fa\u011f\u0131lamaz. Anlay\u0131\u015f g\u00f6sterir ama ezmez. Zeki insan huysuz biri gibi davranmaz \u00e7\u00fcnk\u00fc kendini ispatlamak zorunda de\u011fildir. \u0130htiya\u00e7 duydu\u011fu tek \u015fey, anla\u015f\u0131ld\u0131\u011f\u0131n\u0131 ve sayg\u0131 g\u00f6rd\u00fc\u011f\u00fcn\u00fc bilmektir.<\/div>\n<div dir=\"auto\"><\/div>\n<div dir=\"auto\">Bunun fark\u0131na varmak, toplum olarak ilerlememiz i\u00e7in \u015fartt\u0131r. \u00c7\u00fcnk\u00fc h\u00e2l\u00e2 \u201chaz\u0131rcevap\u201d olan\u0131 zeki sanmak, derinliksizli\u011fi ve travmay\u0131 alk\u0131\u015flamak demektir. En \u00e7ok laf s\u00f6yleyenin, en az \u015fey bildi\u011fi bir ger\u00e7ektir. Bu y\u00fczden, laf sokmakla zeki olmak aras\u0131nda fark\u0131 g\u00f6rmek zorunday\u0131z.<\/div>\n<div dir=\"auto\"><\/div>\n<div dir=\"auto\">Sonu\u00e7 olarak, haz\u0131rcevapl\u0131k bir erdem de\u011fil, \u00e7o\u011fu zaman bir refleks, hatta bir travmad\u0131r. Zeka ise anlay\u0131\u015fta, sab\u0131rda ve incelikte sakl\u0131d\u0131r. Bunu kabul etti\u011fimizde, hem kendimizi hem kar\u015f\u0131m\u0131zdakini daha iyi anlayabiliriz.<\/div>\n<div dir=\"auto\"><\/div>\n<div dir=\"auto\"><img loading=\"lazy\" decoding=\"async\" class=\"alignnone size-medium wp-image-30191\" src=\"https:\/\/avrupapress.com\/main\/wp-content\/uploads\/2025\/07\/thumbnail_IMG-20250607-WA0020-573x1024-1-1-1-1-2-1-2-168x300.jpg\" alt=\"\" width=\"168\" height=\"300\" srcset=\"https:\/\/avrupapress.com\/main\/wp-content\/uploads\/2025\/07\/thumbnail_IMG-20250607-WA0020-573x1024-1-1-1-1-2-1-2-168x300.jpg 168w, https:\/\/avrupapress.com\/main\/wp-content\/uploads\/2025\/07\/thumbnail_IMG-20250607-WA0020-573x1024-1-1-1-1-2-1-2.jpg 573w\" sizes=\"auto, (max-width: 168px) 100vw, 168px\" \/><\/div>\n<div dir=\"auto\"><\/div>\n<div dir=\"auto\"><strong>Halime \u00d6nen\u00a0 \u00a0\/\u00a0 \u00a0 \u00a0AVRUPAPRESS<\/strong><\/div>\n<div id=\"x_ms-outlook-mobile-body-separator-line\" dir=\"auto\"><\/div>\n","protected":false},"excerpt":{"rendered":"<p>Sosyal medyada, g\u00fcndelik hayatta, hatta i\u015fyerinde bile s\u0131k s\u0131k kar\u015f\u0131la\u015ft\u0131\u011f\u0131m\u0131z bir durum var: \u00c7ok h\u0131zl\u0131 laf sokan, her s\u00f6ze an\u0131nda kar\u015f\u0131l\u0131k veren insanlar \u201czeki\u201d diye alk\u0131\u015flan\u0131yor. Oysa bu haz\u0131rcevapl\u0131k, \u00e7o\u011funlukla zeka g\u00f6stergesi de\u011fil, i\u00e7ten i\u00e7e bir t\u00fcr savunma mekanizmas\u0131d\u0131r. Bu ger\u00e7e\u011fi g\u00f6rmek i\u00e7in biraz derinlere inmek gerekiyor. G\u00fcvenli, sevgi dolu bir ortamda b\u00fcy\u00fcyen insan, zihnini [&hellip;]<\/p>\n","protected":false},"author":3,"featured_media":30192,"comment_status":"closed","ping_status":"open","sticky":false,"template":"","format":"standard","meta":{"footnotes":""},"categories":[14,16,3,17,18,15,19,2,1],"tags":[],"class_list":["post-30189","post","type-post","status-publish","format-standard","has-post-thumbnail","hentry","category-avrupa","category-belcika","category-dunya","category-ekonomi","category-kultur-sanat","category-spor","category-tanitim","category-turkiye","category-uncategorized"],"yoast_head":"<!-- This site is optimized with the Yoast SEO plugin v26.9 - https:\/\/yoast.com\/product\/yoast-seo-wordpress\/ -->\n<title>Laf Cambazl\u0131\u011f\u0131 m\u0131, Ger\u00e7ek Zeka m\u0131? - AvrupaPress<\/title>\n<meta name=\"robots\" content=\"index, follow, max-snippet:-1, max-image-preview:large, max-video-preview:-1\" \/>\n<link rel=\"canonical\" href=\"https:\/\/avrupapress.com\/main\/2025\/07\/25\/laf-cambazligi-mi-gercek-zeka-mi\/\" \/>\n<meta property=\"og:locale\" content=\"fr_FR\" \/>\n<meta property=\"og:type\" content=\"article\" \/>\n<meta property=\"og:title\" content=\"Laf Cambazl\u0131\u011f\u0131 m\u0131, Ger\u00e7ek Zeka m\u0131? - AvrupaPress\" \/>\n<meta property=\"og:description\" content=\"Sosyal medyada, g\u00fcndelik hayatta, hatta i\u015fyerinde bile s\u0131k s\u0131k kar\u015f\u0131la\u015ft\u0131\u011f\u0131m\u0131z bir durum var: \u00c7ok h\u0131zl\u0131 laf sokan, her s\u00f6ze an\u0131nda kar\u015f\u0131l\u0131k veren insanlar \u201czeki\u201d diye alk\u0131\u015flan\u0131yor. Oysa bu haz\u0131rcevapl\u0131k, \u00e7o\u011funlukla zeka g\u00f6stergesi de\u011fil, i\u00e7ten i\u00e7e bir t\u00fcr savunma mekanizmas\u0131d\u0131r. Bu ger\u00e7e\u011fi g\u00f6rmek i\u00e7in biraz derinlere inmek gerekiyor. G\u00fcvenli, sevgi dolu bir ortamda b\u00fcy\u00fcyen insan, zihnini [&hellip;]\" \/>\n<meta property=\"og:url\" content=\"https:\/\/avrupapress.com\/main\/2025\/07\/25\/laf-cambazligi-mi-gercek-zeka-mi\/\" \/>\n<meta property=\"og:site_name\" content=\"AvrupaPress\" \/>\n<meta property=\"article:published_time\" content=\"2025-07-25T18:58:31+00:00\" \/>\n<meta property=\"article:modified_time\" content=\"2025-07-25T18:58:50+00:00\" \/>\n<meta property=\"og:image\" content=\"https:\/\/avrupapress.com\/main\/wp-content\/uploads\/2025\/07\/thumbnail_IMG-20250607-WA0020-1-e1749328646923-722x420-1-1-1-1.jpg\" \/>\n\t<meta property=\"og:image:width\" content=\"722\" \/>\n\t<meta property=\"og:image:height\" content=\"420\" \/>\n\t<meta property=\"og:image:type\" content=\"image\/jpeg\" \/>\n<meta name=\"author\" content=\"Edit\u00f6r\" \/>\n<meta name=\"twitter:card\" content=\"summary_large_image\" \/>\n<meta name=\"twitter:label1\" content=\"\u00c9crit par\" \/>\n\t<meta name=\"twitter:data1\" content=\"Edit\u00f6r\" \/>\n\t<meta name=\"twitter:label2\" content=\"Dur\u00e9e de lecture est.\" \/>\n\t<meta name=\"twitter:data2\" content=\"2 minutes\" \/>\n<script type=\"application\/ld+json\" class=\"yoast-schema-graph\">{\"@context\":\"https:\/\/schema.org\",\"@graph\":[{\"@type\":\"Article\",\"@id\":\"https:\/\/avrupapress.com\/main\/2025\/07\/25\/laf-cambazligi-mi-gercek-zeka-mi\/#article\",\"isPartOf\":{\"@id\":\"https:\/\/avrupapress.com\/main\/2025\/07\/25\/laf-cambazligi-mi-gercek-zeka-mi\/\"},\"author\":{\"name\":\"Edit\u00f6r\",\"@id\":\"https:\/\/avrupapress.com\/#\/schema\/person\/68428444ec60970d1e1b700cf4ca1e8f\"},\"headline\":\"Laf Cambazl\u0131\u011f\u0131 m\u0131, Ger\u00e7ek Zeka m\u0131?\",\"datePublished\":\"2025-07-25T18:58:31+00:00\",\"dateModified\":\"2025-07-25T18:58:50+00:00\",\"mainEntityOfPage\":{\"@id\":\"https:\/\/avrupapress.com\/main\/2025\/07\/25\/laf-cambazligi-mi-gercek-zeka-mi\/\"},\"wordCount\":362,\"publisher\":{\"@id\":\"https:\/\/avrupapress.com\/#\/schema\/person\/0223dca19c72c43575bf30d1a2d8f4fa\"},\"image\":{\"@id\":\"https:\/\/avrupapress.com\/main\/2025\/07\/25\/laf-cambazligi-mi-gercek-zeka-mi\/#primaryimage\"},\"thumbnailUrl\":\"https:\/\/avrupapress.com\/main\/wp-content\/uploads\/2025\/07\/thumbnail_IMG-20250607-WA0020-1-e1749328646923-722x420-1-1-1-1.jpg\",\"articleSection\":[\"Avrupa\",\"Bel\u00e7ika\",\"D\u00fcnya\",\"Ekonomi\",\"K\u00fclt\u00fcr-Sanat\",\"Spor\",\"Tan\u0131t\u0131m\",\"T\u00fcrkiye\",\"Uncategorized\"],\"inLanguage\":\"fr-BE\"},{\"@type\":\"WebPage\",\"@id\":\"https:\/\/avrupapress.com\/main\/2025\/07\/25\/laf-cambazligi-mi-gercek-zeka-mi\/\",\"url\":\"https:\/\/avrupapress.com\/main\/2025\/07\/25\/laf-cambazligi-mi-gercek-zeka-mi\/\",\"name\":\"Laf Cambazl\u0131\u011f\u0131 m\u0131, Ger\u00e7ek Zeka m\u0131? - AvrupaPress\",\"isPartOf\":{\"@id\":\"https:\/\/avrupapress.com\/#website\"},\"primaryImageOfPage\":{\"@id\":\"https:\/\/avrupapress.com\/main\/2025\/07\/25\/laf-cambazligi-mi-gercek-zeka-mi\/#primaryimage\"},\"image\":{\"@id\":\"https:\/\/avrupapress.com\/main\/2025\/07\/25\/laf-cambazligi-mi-gercek-zeka-mi\/#primaryimage\"},\"thumbnailUrl\":\"https:\/\/avrupapress.com\/main\/wp-content\/uploads\/2025\/07\/thumbnail_IMG-20250607-WA0020-1-e1749328646923-722x420-1-1-1-1.jpg\",\"datePublished\":\"2025-07-25T18:58:31+00:00\",\"dateModified\":\"2025-07-25T18:58:50+00:00\",\"breadcrumb\":{\"@id\":\"https:\/\/avrupapress.com\/main\/2025\/07\/25\/laf-cambazligi-mi-gercek-zeka-mi\/#breadcrumb\"},\"inLanguage\":\"fr-BE\",\"potentialAction\":[{\"@type\":\"ReadAction\",\"target\":[\"https:\/\/avrupapress.com\/main\/2025\/07\/25\/laf-cambazligi-mi-gercek-zeka-mi\/\"]}]},{\"@type\":\"ImageObject\",\"inLanguage\":\"fr-BE\",\"@id\":\"https:\/\/avrupapress.com\/main\/2025\/07\/25\/laf-cambazligi-mi-gercek-zeka-mi\/#primaryimage\",\"url\":\"https:\/\/avrupapress.com\/main\/wp-content\/uploads\/2025\/07\/thumbnail_IMG-20250607-WA0020-1-e1749328646923-722x420-1-1-1-1.jpg\",\"contentUrl\":\"https:\/\/avrupapress.com\/main\/wp-content\/uploads\/2025\/07\/thumbnail_IMG-20250607-WA0020-1-e1749328646923-722x420-1-1-1-1.jpg\",\"width\":722,\"height\":420},{\"@type\":\"BreadcrumbList\",\"@id\":\"https:\/\/avrupapress.com\/main\/2025\/07\/25\/laf-cambazligi-mi-gercek-zeka-mi\/#breadcrumb\",\"itemListElement\":[{\"@type\":\"ListItem\",\"position\":1,\"name\":\"Anasayfa\",\"item\":\"https:\/\/avrupapress.com\/\"},{\"@type\":\"ListItem\",\"position\":2,\"name\":\"Laf Cambazl\u0131\u011f\u0131 m\u0131, Ger\u00e7ek Zeka m\u0131?\"}]},{\"@type\":\"WebSite\",\"@id\":\"https:\/\/avrupapress.com\/#website\",\"url\":\"https:\/\/avrupapress.com\/\",\"name\":\"AvrupaPress\",\"description\":\"Haberin Adresi\",\"publisher\":{\"@id\":\"https:\/\/avrupapress.com\/#\/schema\/person\/0223dca19c72c43575bf30d1a2d8f4fa\"},\"potentialAction\":[{\"@type\":\"SearchAction\",\"target\":{\"@type\":\"EntryPoint\",\"urlTemplate\":\"https:\/\/avrupapress.com\/?s={search_term_string}\"},\"query-input\":{\"@type\":\"PropertyValueSpecification\",\"valueRequired\":true,\"valueName\":\"search_term_string\"}}],\"inLanguage\":\"fr-BE\"},{\"@type\":[\"Person\",\"Organization\"],\"@id\":\"https:\/\/avrupapress.com\/#\/schema\/person\/0223dca19c72c43575bf30d1a2d8f4fa\",\"name\":\"Bilgin \u00d6z\u00e7ift\u00e7i\",\"image\":{\"@type\":\"ImageObject\",\"inLanguage\":\"fr-BE\",\"@id\":\"https:\/\/avrupapress.com\/#\/schema\/person\/image\/\",\"url\":\"https:\/\/secure.gravatar.com\/avatar\/0f23b280433a21e1ea7a0adcc46ed0ad16afe3ad8e630fd13d8a017dcbd54ef3?s=96&d=mm&r=g\",\"contentUrl\":\"https:\/\/secure.gravatar.com\/avatar\/0f23b280433a21e1ea7a0adcc46ed0ad16afe3ad8e630fd13d8a017dcbd54ef3?s=96&d=mm&r=g\",\"caption\":\"Bilgin \u00d6z\u00e7ift\u00e7i\"},\"logo\":{\"@id\":\"https:\/\/avrupapress.com\/#\/schema\/person\/image\/\"},\"description\":\"Ne ben, nede sen... Biz ancak \\\"biz\\\" olursak g\u00fc\u00e7l\u00fc olabiliriz\"},{\"@type\":\"Person\",\"@id\":\"https:\/\/avrupapress.com\/#\/schema\/person\/68428444ec60970d1e1b700cf4ca1e8f\",\"name\":\"Edit\u00f6r\",\"image\":{\"@type\":\"ImageObject\",\"inLanguage\":\"fr-BE\",\"@id\":\"https:\/\/avrupapress.com\/#\/schema\/person\/image\/\",\"url\":\"https:\/\/secure.gravatar.com\/avatar\/74996b0977aa5f1559ba9883776652508b229005c0d78fb2597897f0bd651c09?s=96&d=mm&r=g\",\"contentUrl\":\"https:\/\/secure.gravatar.com\/avatar\/74996b0977aa5f1559ba9883776652508b229005c0d78fb2597897f0bd651c09?s=96&d=mm&r=g\",\"caption\":\"Edit\u00f6r\"},\"sameAs\":[\"http:\/\/www.avrupapress.com\"],\"url\":\"https:\/\/avrupapress.com\/main\/author\/editor\/\"}]}<\/script>\n<!-- \/ Yoast SEO plugin. -->","yoast_head_json":{"title":"Laf Cambazl\u0131\u011f\u0131 m\u0131, Ger\u00e7ek Zeka m\u0131? - AvrupaPress","robots":{"index":"index","follow":"follow","max-snippet":"max-snippet:-1","max-image-preview":"max-image-preview:large","max-video-preview":"max-video-preview:-1"},"canonical":"https:\/\/avrupapress.com\/main\/2025\/07\/25\/laf-cambazligi-mi-gercek-zeka-mi\/","og_locale":"fr_FR","og_type":"article","og_title":"Laf Cambazl\u0131\u011f\u0131 m\u0131, Ger\u00e7ek Zeka m\u0131? - AvrupaPress","og_description":"Sosyal medyada, g\u00fcndelik hayatta, hatta i\u015fyerinde bile s\u0131k s\u0131k kar\u015f\u0131la\u015ft\u0131\u011f\u0131m\u0131z bir durum var: \u00c7ok h\u0131zl\u0131 laf sokan, her s\u00f6ze an\u0131nda kar\u015f\u0131l\u0131k veren insanlar \u201czeki\u201d diye alk\u0131\u015flan\u0131yor. Oysa bu haz\u0131rcevapl\u0131k, \u00e7o\u011funlukla zeka g\u00f6stergesi de\u011fil, i\u00e7ten i\u00e7e bir t\u00fcr savunma mekanizmas\u0131d\u0131r. Bu ger\u00e7e\u011fi g\u00f6rmek i\u00e7in biraz derinlere inmek gerekiyor. G\u00fcvenli, sevgi dolu bir ortamda b\u00fcy\u00fcyen insan, zihnini [&hellip;]","og_url":"https:\/\/avrupapress.com\/main\/2025\/07\/25\/laf-cambazligi-mi-gercek-zeka-mi\/","og_site_name":"AvrupaPress","article_published_time":"2025-07-25T18:58:31+00:00","article_modified_time":"2025-07-25T18:58:50+00:00","og_image":[{"width":722,"height":420,"url":"https:\/\/avrupapress.com\/main\/wp-content\/uploads\/2025\/07\/thumbnail_IMG-20250607-WA0020-1-e1749328646923-722x420-1-1-1-1.jpg","type":"image\/jpeg"}],"author":"Edit\u00f6r","twitter_card":"summary_large_image","twitter_misc":{"\u00c9crit par":"Edit\u00f6r","Dur\u00e9e de lecture est.":"2 minutes"},"schema":{"@context":"https:\/\/schema.org","@graph":[{"@type":"Article","@id":"https:\/\/avrupapress.com\/main\/2025\/07\/25\/laf-cambazligi-mi-gercek-zeka-mi\/#article","isPartOf":{"@id":"https:\/\/avrupapress.com\/main\/2025\/07\/25\/laf-cambazligi-mi-gercek-zeka-mi\/"},"author":{"name":"Edit\u00f6r","@id":"https:\/\/avrupapress.com\/#\/schema\/person\/68428444ec60970d1e1b700cf4ca1e8f"},"headline":"Laf Cambazl\u0131\u011f\u0131 m\u0131, Ger\u00e7ek Zeka m\u0131?","datePublished":"2025-07-25T18:58:31+00:00","dateModified":"2025-07-25T18:58:50+00:00","mainEntityOfPage":{"@id":"https:\/\/avrupapress.com\/main\/2025\/07\/25\/laf-cambazligi-mi-gercek-zeka-mi\/"},"wordCount":362,"publisher":{"@id":"https:\/\/avrupapress.com\/#\/schema\/person\/0223dca19c72c43575bf30d1a2d8f4fa"},"image":{"@id":"https:\/\/avrupapress.com\/main\/2025\/07\/25\/laf-cambazligi-mi-gercek-zeka-mi\/#primaryimage"},"thumbnailUrl":"https:\/\/avrupapress.com\/main\/wp-content\/uploads\/2025\/07\/thumbnail_IMG-20250607-WA0020-1-e1749328646923-722x420-1-1-1-1.jpg","articleSection":["Avrupa","Bel\u00e7ika","D\u00fcnya","Ekonomi","K\u00fclt\u00fcr-Sanat","Spor","Tan\u0131t\u0131m","T\u00fcrkiye","Uncategorized"],"inLanguage":"fr-BE"},{"@type":"WebPage","@id":"https:\/\/avrupapress.com\/main\/2025\/07\/25\/laf-cambazligi-mi-gercek-zeka-mi\/","url":"https:\/\/avrupapress.com\/main\/2025\/07\/25\/laf-cambazligi-mi-gercek-zeka-mi\/","name":"Laf Cambazl\u0131\u011f\u0131 m\u0131, Ger\u00e7ek Zeka m\u0131? - AvrupaPress","isPartOf":{"@id":"https:\/\/avrupapress.com\/#website"},"primaryImageOfPage":{"@id":"https:\/\/avrupapress.com\/main\/2025\/07\/25\/laf-cambazligi-mi-gercek-zeka-mi\/#primaryimage"},"image":{"@id":"https:\/\/avrupapress.com\/main\/2025\/07\/25\/laf-cambazligi-mi-gercek-zeka-mi\/#primaryimage"},"thumbnailUrl":"https:\/\/avrupapress.com\/main\/wp-content\/uploads\/2025\/07\/thumbnail_IMG-20250607-WA0020-1-e1749328646923-722x420-1-1-1-1.jpg","datePublished":"2025-07-25T18:58:31+00:00","dateModified":"2025-07-25T18:58:50+00:00","breadcrumb":{"@id":"https:\/\/avrupapress.com\/main\/2025\/07\/25\/laf-cambazligi-mi-gercek-zeka-mi\/#breadcrumb"},"inLanguage":"fr-BE","potentialAction":[{"@type":"ReadAction","target":["https:\/\/avrupapress.com\/main\/2025\/07\/25\/laf-cambazligi-mi-gercek-zeka-mi\/"]}]},{"@type":"ImageObject","inLanguage":"fr-BE","@id":"https:\/\/avrupapress.com\/main\/2025\/07\/25\/laf-cambazligi-mi-gercek-zeka-mi\/#primaryimage","url":"https:\/\/avrupapress.com\/main\/wp-content\/uploads\/2025\/07\/thumbnail_IMG-20250607-WA0020-1-e1749328646923-722x420-1-1-1-1.jpg","contentUrl":"https:\/\/avrupapress.com\/main\/wp-content\/uploads\/2025\/07\/thumbnail_IMG-20250607-WA0020-1-e1749328646923-722x420-1-1-1-1.jpg","width":722,"height":420},{"@type":"BreadcrumbList","@id":"https:\/\/avrupapress.com\/main\/2025\/07\/25\/laf-cambazligi-mi-gercek-zeka-mi\/#breadcrumb","itemListElement":[{"@type":"ListItem","position":1,"name":"Anasayfa","item":"https:\/\/avrupapress.com\/"},{"@type":"ListItem","position":2,"name":"Laf Cambazl\u0131\u011f\u0131 m\u0131, Ger\u00e7ek Zeka m\u0131?"}]},{"@type":"WebSite","@id":"https:\/\/avrupapress.com\/#website","url":"https:\/\/avrupapress.com\/","name":"AvrupaPress","description":"Haberin Adresi","publisher":{"@id":"https:\/\/avrupapress.com\/#\/schema\/person\/0223dca19c72c43575bf30d1a2d8f4fa"},"potentialAction":[{"@type":"SearchAction","target":{"@type":"EntryPoint","urlTemplate":"https:\/\/avrupapress.com\/?s={search_term_string}"},"query-input":{"@type":"PropertyValueSpecification","valueRequired":true,"valueName":"search_term_string"}}],"inLanguage":"fr-BE"},{"@type":["Person","Organization"],"@id":"https:\/\/avrupapress.com\/#\/schema\/person\/0223dca19c72c43575bf30d1a2d8f4fa","name":"Bilgin \u00d6z\u00e7ift\u00e7i","image":{"@type":"ImageObject","inLanguage":"fr-BE","@id":"https:\/\/avrupapress.com\/#\/schema\/person\/image\/","url":"https:\/\/secure.gravatar.com\/avatar\/0f23b280433a21e1ea7a0adcc46ed0ad16afe3ad8e630fd13d8a017dcbd54ef3?s=96&d=mm&r=g","contentUrl":"https:\/\/secure.gravatar.com\/avatar\/0f23b280433a21e1ea7a0adcc46ed0ad16afe3ad8e630fd13d8a017dcbd54ef3?s=96&d=mm&r=g","caption":"Bilgin \u00d6z\u00e7ift\u00e7i"},"logo":{"@id":"https:\/\/avrupapress.com\/#\/schema\/person\/image\/"},"description":"Ne ben, nede sen... Biz ancak \"biz\" olursak g\u00fc\u00e7l\u00fc olabiliriz"},{"@type":"Person","@id":"https:\/\/avrupapress.com\/#\/schema\/person\/68428444ec60970d1e1b700cf4ca1e8f","name":"Edit\u00f6r","image":{"@type":"ImageObject","inLanguage":"fr-BE","@id":"https:\/\/avrupapress.com\/#\/schema\/person\/image\/","url":"https:\/\/secure.gravatar.com\/avatar\/74996b0977aa5f1559ba9883776652508b229005c0d78fb2597897f0bd651c09?s=96&d=mm&r=g","contentUrl":"https:\/\/secure.gravatar.com\/avatar\/74996b0977aa5f1559ba9883776652508b229005c0d78fb2597897f0bd651c09?s=96&d=mm&r=g","caption":"Edit\u00f6r"},"sameAs":["http:\/\/www.avrupapress.com"],"url":"https:\/\/avrupapress.com\/main\/author\/editor\/"}]}},"_links":{"self":[{"href":"https:\/\/avrupapress.com\/main\/wp-json\/wp\/v2\/posts\/30189","targetHints":{"allow":["GET"]}}],"collection":[{"href":"https:\/\/avrupapress.com\/main\/wp-json\/wp\/v2\/posts"}],"about":[{"href":"https:\/\/avrupapress.com\/main\/wp-json\/wp\/v2\/types\/post"}],"author":[{"embeddable":true,"href":"https:\/\/avrupapress.com\/main\/wp-json\/wp\/v2\/users\/3"}],"replies":[{"embeddable":true,"href":"https:\/\/avrupapress.com\/main\/wp-json\/wp\/v2\/comments?post=30189"}],"version-history":[{"count":1,"href":"https:\/\/avrupapress.com\/main\/wp-json\/wp\/v2\/posts\/30189\/revisions"}],"predecessor-version":[{"id":30193,"href":"https:\/\/avrupapress.com\/main\/wp-json\/wp\/v2\/posts\/30189\/revisions\/30193"}],"wp:featuredmedia":[{"embeddable":true,"href":"https:\/\/avrupapress.com\/main\/wp-json\/wp\/v2\/media\/30192"}],"wp:attachment":[{"href":"https:\/\/avrupapress.com\/main\/wp-json\/wp\/v2\/media?parent=30189"}],"wp:term":[{"taxonomy":"category","embeddable":true,"href":"https:\/\/avrupapress.com\/main\/wp-json\/wp\/v2\/categories?post=30189"},{"taxonomy":"post_tag","embeddable":true,"href":"https:\/\/avrupapress.com\/main\/wp-json\/wp\/v2\/tags?post=30189"}],"curies":[{"name":"wp","href":"https:\/\/api.w.org\/{rel}","templated":true}]}}