{"id":30185,"date":"2025-07-25T18:55:43","date_gmt":"2025-07-25T18:55:43","guid":{"rendered":"https:\/\/avrupapress.com\/main\/?p=30185"},"modified":"2025-07-25T18:55:50","modified_gmt":"2025-07-25T18:55:50","slug":"emirdag-amoriumda-bin-yillik-bugday-ambari-hazinesi-bulundu","status":"publish","type":"post","link":"https:\/\/avrupapress.com\/main\/2025\/07\/25\/emirdag-amoriumda-bin-yillik-bugday-ambari-hazinesi-bulundu\/","title":{"rendered":"Emirda\u011f Amorium&rsquo;da Bin Yill\u0131k Bu\u011fday Ambar\u0131 Hazinesi Bulundu"},"content":{"rendered":"<div dir=\"auto\" data-olk-copy-source=\"MessageBody\"><strong>Afyonkarahisar&rsquo;daki Amorium Antik Kenti&rsquo;nde Bizans d\u00f6nemine ait tah\u0131l ambar\u0131 bulundu. i\u00e7inde bu\u011fday dolu 11 k\u00fcp\u00fcn yer ald\u0131\u011f\u0131 yap, arkeolojive tar\u0131m tarihi a\u00e7\u0131s\u0131ndan b\u00fcy\u00fck \u00f6nem ta\u015f\u0131yor. Ke\u015fif, bilimsel analizlerle ge\u00e7mi\u015fin tar\u0131m bilgilerine \u0131\u015f\u0131k tutacak.<\/strong><\/div>\n<div dir=\"auto\" data-olk-copy-source=\"MessageBody\">\n<div dir=\"auto\" data-olk-copy-source=\"MessageBody\">\u00a0 \u00a0 \u00a0 \u00a0Afyonkarahisar&rsquo;\u0131n Emirda\u011f il\u00e7esindeki Amorium Antik Kenti&rsquo;nde s\u00fcren kaz\u0131larda, 9. y\u00fczy\u0131la ait bir tahilambar\u0131 g\u00fcn y\u00fcz\u00fcne \u00e7\u0131kar\u0131ld\u0131; i\u00e7inde a\u011fz\u0131na kadar bu\u011fdayla dolu 11 b\u00fcy\u00fck k\u00fcp (pitos) bulundu. Kaz\u0131 yetkilileri, Bizans d\u00f6nemine ait oldu\u011fubelirlenen bu yap\u0131n\u0131n, arkeoloji ve arkeobotanik a\u00e7\u0131s\u0131ndan b\u00fcy\u00fck bilimsel de\u011fer ta\u015f\u0131d\u0131\u011f\u0131n\u0131 a\u00e7\u0131klad\u0131. K\u00fcplerin bin y\u00fcz y\u0131ld\u0131r bozulmadan kalmas\u0131n\u0131n, d\u00f6nemin gida depolama tekniklerinin geli\u015fmi\u015fli\u011fini ortaya koydu\u011fu belirtildi. Kaz\u0131 ba\u015fkanl\u0131\u011f\u0131, \u00ab\u00a0Alt\u0131n bulunsayd\u0131 bu kadar k\u0131ym olmazd\u0131; bu\u011fday insanl\u0131k tarihin\u0131n ger\u00e7ek hazinesidir&rsquo;<\/div>\n<div dir=\"auto\" data-olk-copy-source=\"MessageBody\">\n<div dir=\"auto\" data-olk-copy-source=\"MessageBody\">\u00a0 \u00a0 \u00a0 \u00a0 \u00a0 De\u011ferlendirmesinde bulundu. Tar\u0131m tarihine dair yeni bilgilerin elde edilmesini sa\u011flayacak bu ke\u015fif, antiktar\u0131m teknikleri ve tohum \u00e7e\u015fitlili\u011fi konusunda bilim insanlar\u0131na \u0131\u015f\u0131k tutacak. B\u00f6lge y\u00f6neticileri, kaz\u0131n\u0131n b\u00f6lge turizmine katk\u0131 sa\u011flayaca\u011f\u0131n\u0131 ifade ederken, k\u00fclt\u00fcr ve turizm m\u00fcd\u00fcrl\u00fc\u011f\u00fc yetkilileri Amorium&rsquo;un Anadolu&rsquo;daki Bizans yerle\u015fimleri aras\u0131nda \u00f6zel bir konuma sahipoldu\u011funu vurgulad\u0131. Yerel halk ve ziyaret\u00e7iler bu\u011fday k\u00fcplerine b\u00fcy\u00fck ilgi g\u00f6sterdi. Bulunan alan\u0131n koruma alt\u0131na al\u0131narak bilimsel incelemelerea\u00e7\u0131laca\u011f\u0131 bildirildi. Elde edilen bu\u011fday \u00f6rneklerinin mikroskob genetik analizleriyle d\u00f6nemin tar\u0131msal \u00e7e\u015fitlili\u011fi \u00e7\u00f6z\u00fcmlenecek.<\/div>\n<div dir=\"auto\" data-olk-copy-source=\"MessageBody\">\n<div dir=\"auto\" data-olk-copy-source=\"MessageBody\">\u00a0 \u00a0 \u00a0 \u00a0 \u00a0 \u00a0Bilim heyeti, \u00f6rneklerin gelecekteki k\u0131tl\u0131\u011fa kar\u015f\u0131 \u00e7\u00f6z\u00fcm potansiyeli ta\u015f\u0131yabilece\u011fini belirti. Arkeobotanik uzmanlar\u0131, bu bu\u011fdaylar\u0131n<\/div>\n<div dir=\"auto\">Anadolunun ge\u00e7mi\u015f tar\u0131m belle\u011finyeniden yazabilece\u011fini ifade ettiAmorium&rsquo;daki bu ke\u015fif, sadece bir arkeolojik geli\u015fme de\u011fil, tarih, tar\u0131m<\/div>\n<div dir=\"auto\">ve insanl\u0131k miras\u0131 a\u00e7\u0131sindan \u00e7\u0131\u011f\u0131a\u00e7ic\u0131 bir ad\u0131m olarak de\u011ferlendiriliyor.<\/div>\n<\/div>\n<\/div>\n<\/div>\n<div dir=\"auto\"><img loading=\"lazy\" decoding=\"async\" class=\"alignnone size-medium wp-image-30186\" src=\"https:\/\/avrupapress.com\/main\/wp-content\/uploads\/2025\/07\/emirdag-amorium-da-bin-yillik-bugday-hazinesi-bulundu-300x166.png\" alt=\"\" width=\"300\" height=\"166\" srcset=\"https:\/\/avrupapress.com\/main\/wp-content\/uploads\/2025\/07\/emirdag-amorium-da-bin-yillik-bugday-hazinesi-bulundu-300x166.png 300w, https:\/\/avrupapress.com\/main\/wp-content\/uploads\/2025\/07\/emirdag-amorium-da-bin-yillik-bugday-hazinesi-bulundu.png 650w\" sizes=\"auto, (max-width: 300px) 100vw, 300px\" \/><\/div>\n<div dir=\"auto\"><img loading=\"lazy\" decoding=\"async\" class=\"alignnone size-medium wp-image-30187\" src=\"https:\/\/avrupapress.com\/main\/wp-content\/uploads\/2025\/07\/thumbnail_facebook_1753468590549_7354580323214597429-300x200.jpg\" alt=\"\" width=\"300\" height=\"200\" srcset=\"https:\/\/avrupapress.com\/main\/wp-content\/uploads\/2025\/07\/thumbnail_facebook_1753468590549_7354580323214597429-300x200.jpg 300w, https:\/\/avrupapress.com\/main\/wp-content\/uploads\/2025\/07\/thumbnail_facebook_1753468590549_7354580323214597429-768x513.jpg 768w, https:\/\/avrupapress.com\/main\/wp-content\/uploads\/2025\/07\/thumbnail_facebook_1753468590549_7354580323214597429.jpg 968w\" sizes=\"auto, (max-width: 300px) 100vw, 300px\" \/><\/div>\n<div dir=\"auto\"><\/div>\n<div dir=\"auto\"><strong>Bilgin Ozcifci\u00a0 \u00a0 \u00a0 \u00a0\/\u00a0 \u00a0 \u00a0 \u00a0AVRUPAPRESS<\/strong><\/div>\n","protected":false},"excerpt":{"rendered":"<p>Afyonkarahisar&rsquo;daki Amorium Antik Kenti&rsquo;nde Bizans d\u00f6nemine ait tah\u0131l ambar\u0131 bulundu. i\u00e7inde bu\u011fday dolu 11 k\u00fcp\u00fcn yer ald\u0131\u011f\u0131 yap, arkeolojive tar\u0131m tarihi a\u00e7\u0131s\u0131ndan b\u00fcy\u00fck \u00f6nem ta\u015f\u0131yor. Ke\u015fif, bilimsel analizlerle ge\u00e7mi\u015fin tar\u0131m bilgilerine \u0131\u015f\u0131k tutacak. \u00a0 \u00a0 \u00a0 \u00a0Afyonkarahisar&rsquo;\u0131n Emirda\u011f il\u00e7esindeki Amorium Antik Kenti&rsquo;nde s\u00fcren kaz\u0131larda, 9. y\u00fczy\u0131la ait bir tahilambar\u0131 g\u00fcn y\u00fcz\u00fcne \u00e7\u0131kar\u0131ld\u0131; i\u00e7inde a\u011fz\u0131na kadar [&hellip;]<\/p>\n","protected":false},"author":3,"featured_media":30187,"comment_status":"closed","ping_status":"open","sticky":false,"template":"","format":"standard","meta":{"footnotes":""},"categories":[14,16,3,17,18,15,19,2,1],"tags":[],"class_list":["post-30185","post","type-post","status-publish","format-standard","has-post-thumbnail","hentry","category-avrupa","category-belcika","category-dunya","category-ekonomi","category-kultur-sanat","category-spor","category-tanitim","category-turkiye","category-uncategorized"],"yoast_head":"<!-- This site is optimized with the Yoast SEO plugin v26.9 - https:\/\/yoast.com\/product\/yoast-seo-wordpress\/ -->\n<title>Emirda\u011f Amorium&#039;da Bin Yill\u0131k Bu\u011fday Ambar\u0131 Hazinesi Bulundu - AvrupaPress<\/title>\n<meta name=\"robots\" content=\"index, follow, max-snippet:-1, max-image-preview:large, max-video-preview:-1\" \/>\n<link rel=\"canonical\" href=\"https:\/\/avrupapress.com\/main\/2025\/07\/25\/emirdag-amoriumda-bin-yillik-bugday-ambari-hazinesi-bulundu\/\" \/>\n<meta property=\"og:locale\" content=\"fr_FR\" \/>\n<meta property=\"og:type\" content=\"article\" \/>\n<meta property=\"og:title\" content=\"Emirda\u011f Amorium&#039;da Bin Yill\u0131k Bu\u011fday Ambar\u0131 Hazinesi Bulundu - AvrupaPress\" \/>\n<meta property=\"og:description\" content=\"Afyonkarahisar&rsquo;daki Amorium Antik Kenti&rsquo;nde Bizans d\u00f6nemine ait tah\u0131l ambar\u0131 bulundu. i\u00e7inde bu\u011fday dolu 11 k\u00fcp\u00fcn yer ald\u0131\u011f\u0131 yap, arkeolojive tar\u0131m tarihi a\u00e7\u0131s\u0131ndan b\u00fcy\u00fck \u00f6nem ta\u015f\u0131yor. Ke\u015fif, bilimsel analizlerle ge\u00e7mi\u015fin tar\u0131m bilgilerine \u0131\u015f\u0131k tutacak. \u00a0 \u00a0 \u00a0 \u00a0Afyonkarahisar&rsquo;\u0131n Emirda\u011f il\u00e7esindeki Amorium Antik Kenti&rsquo;nde s\u00fcren kaz\u0131larda, 9. y\u00fczy\u0131la ait bir tahilambar\u0131 g\u00fcn y\u00fcz\u00fcne \u00e7\u0131kar\u0131ld\u0131; i\u00e7inde a\u011fz\u0131na kadar [&hellip;]\" \/>\n<meta property=\"og:url\" content=\"https:\/\/avrupapress.com\/main\/2025\/07\/25\/emirdag-amoriumda-bin-yillik-bugday-ambari-hazinesi-bulundu\/\" \/>\n<meta property=\"og:site_name\" content=\"AvrupaPress\" \/>\n<meta property=\"article:published_time\" content=\"2025-07-25T18:55:43+00:00\" \/>\n<meta property=\"article:modified_time\" content=\"2025-07-25T18:55:50+00:00\" \/>\n<meta property=\"og:image\" content=\"https:\/\/avrupapress.com\/main\/wp-content\/uploads\/2025\/07\/thumbnail_facebook_1753468590549_7354580323214597429.jpg\" \/>\n\t<meta property=\"og:image:width\" content=\"968\" \/>\n\t<meta property=\"og:image:height\" content=\"646\" \/>\n\t<meta property=\"og:image:type\" content=\"image\/jpeg\" \/>\n<meta name=\"author\" content=\"Edit\u00f6r\" \/>\n<meta name=\"twitter:card\" content=\"summary_large_image\" \/>\n<meta name=\"twitter:label1\" content=\"\u00c9crit par\" \/>\n\t<meta name=\"twitter:data1\" content=\"Edit\u00f6r\" \/>\n\t<meta name=\"twitter:label2\" content=\"Dur\u00e9e de lecture est.\" \/>\n\t<meta name=\"twitter:data2\" content=\"2 minutes\" \/>\n<script type=\"application\/ld+json\" class=\"yoast-schema-graph\">{\"@context\":\"https:\/\/schema.org\",\"@graph\":[{\"@type\":\"Article\",\"@id\":\"https:\/\/avrupapress.com\/main\/2025\/07\/25\/emirdag-amoriumda-bin-yillik-bugday-ambari-hazinesi-bulundu\/#article\",\"isPartOf\":{\"@id\":\"https:\/\/avrupapress.com\/main\/2025\/07\/25\/emirdag-amoriumda-bin-yillik-bugday-ambari-hazinesi-bulundu\/\"},\"author\":{\"name\":\"Edit\u00f6r\",\"@id\":\"https:\/\/avrupapress.com\/#\/schema\/person\/68428444ec60970d1e1b700cf4ca1e8f\"},\"headline\":\"Emirda\u011f Amorium&rsquo;da Bin Yill\u0131k Bu\u011fday Ambar\u0131 Hazinesi Bulundu\",\"datePublished\":\"2025-07-25T18:55:43+00:00\",\"dateModified\":\"2025-07-25T18:55:50+00:00\",\"mainEntityOfPage\":{\"@id\":\"https:\/\/avrupapress.com\/main\/2025\/07\/25\/emirdag-amoriumda-bin-yillik-bugday-ambari-hazinesi-bulundu\/\"},\"wordCount\":347,\"publisher\":{\"@id\":\"https:\/\/avrupapress.com\/#\/schema\/person\/0223dca19c72c43575bf30d1a2d8f4fa\"},\"image\":{\"@id\":\"https:\/\/avrupapress.com\/main\/2025\/07\/25\/emirdag-amoriumda-bin-yillik-bugday-ambari-hazinesi-bulundu\/#primaryimage\"},\"thumbnailUrl\":\"https:\/\/avrupapress.com\/main\/wp-content\/uploads\/2025\/07\/thumbnail_facebook_1753468590549_7354580323214597429.jpg\",\"articleSection\":[\"Avrupa\",\"Bel\u00e7ika\",\"D\u00fcnya\",\"Ekonomi\",\"K\u00fclt\u00fcr-Sanat\",\"Spor\",\"Tan\u0131t\u0131m\",\"T\u00fcrkiye\",\"Uncategorized\"],\"inLanguage\":\"fr-BE\"},{\"@type\":\"WebPage\",\"@id\":\"https:\/\/avrupapress.com\/main\/2025\/07\/25\/emirdag-amoriumda-bin-yillik-bugday-ambari-hazinesi-bulundu\/\",\"url\":\"https:\/\/avrupapress.com\/main\/2025\/07\/25\/emirdag-amoriumda-bin-yillik-bugday-ambari-hazinesi-bulundu\/\",\"name\":\"Emirda\u011f Amorium'da Bin Yill\u0131k Bu\u011fday Ambar\u0131 Hazinesi Bulundu - AvrupaPress\",\"isPartOf\":{\"@id\":\"https:\/\/avrupapress.com\/#website\"},\"primaryImageOfPage\":{\"@id\":\"https:\/\/avrupapress.com\/main\/2025\/07\/25\/emirdag-amoriumda-bin-yillik-bugday-ambari-hazinesi-bulundu\/#primaryimage\"},\"image\":{\"@id\":\"https:\/\/avrupapress.com\/main\/2025\/07\/25\/emirdag-amoriumda-bin-yillik-bugday-ambari-hazinesi-bulundu\/#primaryimage\"},\"thumbnailUrl\":\"https:\/\/avrupapress.com\/main\/wp-content\/uploads\/2025\/07\/thumbnail_facebook_1753468590549_7354580323214597429.jpg\",\"datePublished\":\"2025-07-25T18:55:43+00:00\",\"dateModified\":\"2025-07-25T18:55:50+00:00\",\"breadcrumb\":{\"@id\":\"https:\/\/avrupapress.com\/main\/2025\/07\/25\/emirdag-amoriumda-bin-yillik-bugday-ambari-hazinesi-bulundu\/#breadcrumb\"},\"inLanguage\":\"fr-BE\",\"potentialAction\":[{\"@type\":\"ReadAction\",\"target\":[\"https:\/\/avrupapress.com\/main\/2025\/07\/25\/emirdag-amoriumda-bin-yillik-bugday-ambari-hazinesi-bulundu\/\"]}]},{\"@type\":\"ImageObject\",\"inLanguage\":\"fr-BE\",\"@id\":\"https:\/\/avrupapress.com\/main\/2025\/07\/25\/emirdag-amoriumda-bin-yillik-bugday-ambari-hazinesi-bulundu\/#primaryimage\",\"url\":\"https:\/\/avrupapress.com\/main\/wp-content\/uploads\/2025\/07\/thumbnail_facebook_1753468590549_7354580323214597429.jpg\",\"contentUrl\":\"https:\/\/avrupapress.com\/main\/wp-content\/uploads\/2025\/07\/thumbnail_facebook_1753468590549_7354580323214597429.jpg\",\"width\":968,\"height\":646},{\"@type\":\"BreadcrumbList\",\"@id\":\"https:\/\/avrupapress.com\/main\/2025\/07\/25\/emirdag-amoriumda-bin-yillik-bugday-ambari-hazinesi-bulundu\/#breadcrumb\",\"itemListElement\":[{\"@type\":\"ListItem\",\"position\":1,\"name\":\"Anasayfa\",\"item\":\"https:\/\/avrupapress.com\/\"},{\"@type\":\"ListItem\",\"position\":2,\"name\":\"Emirda\u011f Amorium&#8217;da Bin Yill\u0131k Bu\u011fday Ambar\u0131 Hazinesi Bulundu\"}]},{\"@type\":\"WebSite\",\"@id\":\"https:\/\/avrupapress.com\/#website\",\"url\":\"https:\/\/avrupapress.com\/\",\"name\":\"AvrupaPress\",\"description\":\"Haberin Adresi\",\"publisher\":{\"@id\":\"https:\/\/avrupapress.com\/#\/schema\/person\/0223dca19c72c43575bf30d1a2d8f4fa\"},\"potentialAction\":[{\"@type\":\"SearchAction\",\"target\":{\"@type\":\"EntryPoint\",\"urlTemplate\":\"https:\/\/avrupapress.com\/?s={search_term_string}\"},\"query-input\":{\"@type\":\"PropertyValueSpecification\",\"valueRequired\":true,\"valueName\":\"search_term_string\"}}],\"inLanguage\":\"fr-BE\"},{\"@type\":[\"Person\",\"Organization\"],\"@id\":\"https:\/\/avrupapress.com\/#\/schema\/person\/0223dca19c72c43575bf30d1a2d8f4fa\",\"name\":\"Bilgin \u00d6z\u00e7ift\u00e7i\",\"image\":{\"@type\":\"ImageObject\",\"inLanguage\":\"fr-BE\",\"@id\":\"https:\/\/avrupapress.com\/#\/schema\/person\/image\/\",\"url\":\"https:\/\/secure.gravatar.com\/avatar\/0f23b280433a21e1ea7a0adcc46ed0ad16afe3ad8e630fd13d8a017dcbd54ef3?s=96&d=mm&r=g\",\"contentUrl\":\"https:\/\/secure.gravatar.com\/avatar\/0f23b280433a21e1ea7a0adcc46ed0ad16afe3ad8e630fd13d8a017dcbd54ef3?s=96&d=mm&r=g\",\"caption\":\"Bilgin \u00d6z\u00e7ift\u00e7i\"},\"logo\":{\"@id\":\"https:\/\/avrupapress.com\/#\/schema\/person\/image\/\"},\"description\":\"Ne ben, nede sen... Biz ancak \\\"biz\\\" olursak g\u00fc\u00e7l\u00fc olabiliriz\"},{\"@type\":\"Person\",\"@id\":\"https:\/\/avrupapress.com\/#\/schema\/person\/68428444ec60970d1e1b700cf4ca1e8f\",\"name\":\"Edit\u00f6r\",\"image\":{\"@type\":\"ImageObject\",\"inLanguage\":\"fr-BE\",\"@id\":\"https:\/\/avrupapress.com\/#\/schema\/person\/image\/\",\"url\":\"https:\/\/secure.gravatar.com\/avatar\/74996b0977aa5f1559ba9883776652508b229005c0d78fb2597897f0bd651c09?s=96&d=mm&r=g\",\"contentUrl\":\"https:\/\/secure.gravatar.com\/avatar\/74996b0977aa5f1559ba9883776652508b229005c0d78fb2597897f0bd651c09?s=96&d=mm&r=g\",\"caption\":\"Edit\u00f6r\"},\"sameAs\":[\"http:\/\/www.avrupapress.com\"],\"url\":\"https:\/\/avrupapress.com\/main\/author\/editor\/\"}]}<\/script>\n<!-- \/ Yoast SEO plugin. -->","yoast_head_json":{"title":"Emirda\u011f Amorium'da Bin Yill\u0131k Bu\u011fday Ambar\u0131 Hazinesi Bulundu - AvrupaPress","robots":{"index":"index","follow":"follow","max-snippet":"max-snippet:-1","max-image-preview":"max-image-preview:large","max-video-preview":"max-video-preview:-1"},"canonical":"https:\/\/avrupapress.com\/main\/2025\/07\/25\/emirdag-amoriumda-bin-yillik-bugday-ambari-hazinesi-bulundu\/","og_locale":"fr_FR","og_type":"article","og_title":"Emirda\u011f Amorium'da Bin Yill\u0131k Bu\u011fday Ambar\u0131 Hazinesi Bulundu - AvrupaPress","og_description":"Afyonkarahisar&rsquo;daki Amorium Antik Kenti&rsquo;nde Bizans d\u00f6nemine ait tah\u0131l ambar\u0131 bulundu. i\u00e7inde bu\u011fday dolu 11 k\u00fcp\u00fcn yer ald\u0131\u011f\u0131 yap, arkeolojive tar\u0131m tarihi a\u00e7\u0131s\u0131ndan b\u00fcy\u00fck \u00f6nem ta\u015f\u0131yor. Ke\u015fif, bilimsel analizlerle ge\u00e7mi\u015fin tar\u0131m bilgilerine \u0131\u015f\u0131k tutacak. \u00a0 \u00a0 \u00a0 \u00a0Afyonkarahisar&rsquo;\u0131n Emirda\u011f il\u00e7esindeki Amorium Antik Kenti&rsquo;nde s\u00fcren kaz\u0131larda, 9. y\u00fczy\u0131la ait bir tahilambar\u0131 g\u00fcn y\u00fcz\u00fcne \u00e7\u0131kar\u0131ld\u0131; i\u00e7inde a\u011fz\u0131na kadar [&hellip;]","og_url":"https:\/\/avrupapress.com\/main\/2025\/07\/25\/emirdag-amoriumda-bin-yillik-bugday-ambari-hazinesi-bulundu\/","og_site_name":"AvrupaPress","article_published_time":"2025-07-25T18:55:43+00:00","article_modified_time":"2025-07-25T18:55:50+00:00","og_image":[{"width":968,"height":646,"url":"https:\/\/avrupapress.com\/main\/wp-content\/uploads\/2025\/07\/thumbnail_facebook_1753468590549_7354580323214597429.jpg","type":"image\/jpeg"}],"author":"Edit\u00f6r","twitter_card":"summary_large_image","twitter_misc":{"\u00c9crit par":"Edit\u00f6r","Dur\u00e9e de lecture est.":"2 minutes"},"schema":{"@context":"https:\/\/schema.org","@graph":[{"@type":"Article","@id":"https:\/\/avrupapress.com\/main\/2025\/07\/25\/emirdag-amoriumda-bin-yillik-bugday-ambari-hazinesi-bulundu\/#article","isPartOf":{"@id":"https:\/\/avrupapress.com\/main\/2025\/07\/25\/emirdag-amoriumda-bin-yillik-bugday-ambari-hazinesi-bulundu\/"},"author":{"name":"Edit\u00f6r","@id":"https:\/\/avrupapress.com\/#\/schema\/person\/68428444ec60970d1e1b700cf4ca1e8f"},"headline":"Emirda\u011f Amorium&rsquo;da Bin Yill\u0131k Bu\u011fday Ambar\u0131 Hazinesi Bulundu","datePublished":"2025-07-25T18:55:43+00:00","dateModified":"2025-07-25T18:55:50+00:00","mainEntityOfPage":{"@id":"https:\/\/avrupapress.com\/main\/2025\/07\/25\/emirdag-amoriumda-bin-yillik-bugday-ambari-hazinesi-bulundu\/"},"wordCount":347,"publisher":{"@id":"https:\/\/avrupapress.com\/#\/schema\/person\/0223dca19c72c43575bf30d1a2d8f4fa"},"image":{"@id":"https:\/\/avrupapress.com\/main\/2025\/07\/25\/emirdag-amoriumda-bin-yillik-bugday-ambari-hazinesi-bulundu\/#primaryimage"},"thumbnailUrl":"https:\/\/avrupapress.com\/main\/wp-content\/uploads\/2025\/07\/thumbnail_facebook_1753468590549_7354580323214597429.jpg","articleSection":["Avrupa","Bel\u00e7ika","D\u00fcnya","Ekonomi","K\u00fclt\u00fcr-Sanat","Spor","Tan\u0131t\u0131m","T\u00fcrkiye","Uncategorized"],"inLanguage":"fr-BE"},{"@type":"WebPage","@id":"https:\/\/avrupapress.com\/main\/2025\/07\/25\/emirdag-amoriumda-bin-yillik-bugday-ambari-hazinesi-bulundu\/","url":"https:\/\/avrupapress.com\/main\/2025\/07\/25\/emirdag-amoriumda-bin-yillik-bugday-ambari-hazinesi-bulundu\/","name":"Emirda\u011f Amorium'da Bin Yill\u0131k Bu\u011fday Ambar\u0131 Hazinesi Bulundu - AvrupaPress","isPartOf":{"@id":"https:\/\/avrupapress.com\/#website"},"primaryImageOfPage":{"@id":"https:\/\/avrupapress.com\/main\/2025\/07\/25\/emirdag-amoriumda-bin-yillik-bugday-ambari-hazinesi-bulundu\/#primaryimage"},"image":{"@id":"https:\/\/avrupapress.com\/main\/2025\/07\/25\/emirdag-amoriumda-bin-yillik-bugday-ambari-hazinesi-bulundu\/#primaryimage"},"thumbnailUrl":"https:\/\/avrupapress.com\/main\/wp-content\/uploads\/2025\/07\/thumbnail_facebook_1753468590549_7354580323214597429.jpg","datePublished":"2025-07-25T18:55:43+00:00","dateModified":"2025-07-25T18:55:50+00:00","breadcrumb":{"@id":"https:\/\/avrupapress.com\/main\/2025\/07\/25\/emirdag-amoriumda-bin-yillik-bugday-ambari-hazinesi-bulundu\/#breadcrumb"},"inLanguage":"fr-BE","potentialAction":[{"@type":"ReadAction","target":["https:\/\/avrupapress.com\/main\/2025\/07\/25\/emirdag-amoriumda-bin-yillik-bugday-ambari-hazinesi-bulundu\/"]}]},{"@type":"ImageObject","inLanguage":"fr-BE","@id":"https:\/\/avrupapress.com\/main\/2025\/07\/25\/emirdag-amoriumda-bin-yillik-bugday-ambari-hazinesi-bulundu\/#primaryimage","url":"https:\/\/avrupapress.com\/main\/wp-content\/uploads\/2025\/07\/thumbnail_facebook_1753468590549_7354580323214597429.jpg","contentUrl":"https:\/\/avrupapress.com\/main\/wp-content\/uploads\/2025\/07\/thumbnail_facebook_1753468590549_7354580323214597429.jpg","width":968,"height":646},{"@type":"BreadcrumbList","@id":"https:\/\/avrupapress.com\/main\/2025\/07\/25\/emirdag-amoriumda-bin-yillik-bugday-ambari-hazinesi-bulundu\/#breadcrumb","itemListElement":[{"@type":"ListItem","position":1,"name":"Anasayfa","item":"https:\/\/avrupapress.com\/"},{"@type":"ListItem","position":2,"name":"Emirda\u011f Amorium&#8217;da Bin Yill\u0131k Bu\u011fday Ambar\u0131 Hazinesi Bulundu"}]},{"@type":"WebSite","@id":"https:\/\/avrupapress.com\/#website","url":"https:\/\/avrupapress.com\/","name":"AvrupaPress","description":"Haberin Adresi","publisher":{"@id":"https:\/\/avrupapress.com\/#\/schema\/person\/0223dca19c72c43575bf30d1a2d8f4fa"},"potentialAction":[{"@type":"SearchAction","target":{"@type":"EntryPoint","urlTemplate":"https:\/\/avrupapress.com\/?s={search_term_string}"},"query-input":{"@type":"PropertyValueSpecification","valueRequired":true,"valueName":"search_term_string"}}],"inLanguage":"fr-BE"},{"@type":["Person","Organization"],"@id":"https:\/\/avrupapress.com\/#\/schema\/person\/0223dca19c72c43575bf30d1a2d8f4fa","name":"Bilgin \u00d6z\u00e7ift\u00e7i","image":{"@type":"ImageObject","inLanguage":"fr-BE","@id":"https:\/\/avrupapress.com\/#\/schema\/person\/image\/","url":"https:\/\/secure.gravatar.com\/avatar\/0f23b280433a21e1ea7a0adcc46ed0ad16afe3ad8e630fd13d8a017dcbd54ef3?s=96&d=mm&r=g","contentUrl":"https:\/\/secure.gravatar.com\/avatar\/0f23b280433a21e1ea7a0adcc46ed0ad16afe3ad8e630fd13d8a017dcbd54ef3?s=96&d=mm&r=g","caption":"Bilgin \u00d6z\u00e7ift\u00e7i"},"logo":{"@id":"https:\/\/avrupapress.com\/#\/schema\/person\/image\/"},"description":"Ne ben, nede sen... Biz ancak \"biz\" olursak g\u00fc\u00e7l\u00fc olabiliriz"},{"@type":"Person","@id":"https:\/\/avrupapress.com\/#\/schema\/person\/68428444ec60970d1e1b700cf4ca1e8f","name":"Edit\u00f6r","image":{"@type":"ImageObject","inLanguage":"fr-BE","@id":"https:\/\/avrupapress.com\/#\/schema\/person\/image\/","url":"https:\/\/secure.gravatar.com\/avatar\/74996b0977aa5f1559ba9883776652508b229005c0d78fb2597897f0bd651c09?s=96&d=mm&r=g","contentUrl":"https:\/\/secure.gravatar.com\/avatar\/74996b0977aa5f1559ba9883776652508b229005c0d78fb2597897f0bd651c09?s=96&d=mm&r=g","caption":"Edit\u00f6r"},"sameAs":["http:\/\/www.avrupapress.com"],"url":"https:\/\/avrupapress.com\/main\/author\/editor\/"}]}},"_links":{"self":[{"href":"https:\/\/avrupapress.com\/main\/wp-json\/wp\/v2\/posts\/30185","targetHints":{"allow":["GET"]}}],"collection":[{"href":"https:\/\/avrupapress.com\/main\/wp-json\/wp\/v2\/posts"}],"about":[{"href":"https:\/\/avrupapress.com\/main\/wp-json\/wp\/v2\/types\/post"}],"author":[{"embeddable":true,"href":"https:\/\/avrupapress.com\/main\/wp-json\/wp\/v2\/users\/3"}],"replies":[{"embeddable":true,"href":"https:\/\/avrupapress.com\/main\/wp-json\/wp\/v2\/comments?post=30185"}],"version-history":[{"count":1,"href":"https:\/\/avrupapress.com\/main\/wp-json\/wp\/v2\/posts\/30185\/revisions"}],"predecessor-version":[{"id":30188,"href":"https:\/\/avrupapress.com\/main\/wp-json\/wp\/v2\/posts\/30185\/revisions\/30188"}],"wp:featuredmedia":[{"embeddable":true,"href":"https:\/\/avrupapress.com\/main\/wp-json\/wp\/v2\/media\/30187"}],"wp:attachment":[{"href":"https:\/\/avrupapress.com\/main\/wp-json\/wp\/v2\/media?parent=30185"}],"wp:term":[{"taxonomy":"category","embeddable":true,"href":"https:\/\/avrupapress.com\/main\/wp-json\/wp\/v2\/categories?post=30185"},{"taxonomy":"post_tag","embeddable":true,"href":"https:\/\/avrupapress.com\/main\/wp-json\/wp\/v2\/tags?post=30185"}],"curies":[{"name":"wp","href":"https:\/\/api.w.org\/{rel}","templated":true}]}}