{"id":30182,"date":"2025-07-24T20:15:31","date_gmt":"2025-07-24T20:15:31","guid":{"rendered":"https:\/\/avrupapress.com\/main\/?p=30182"},"modified":"2025-07-24T20:15:37","modified_gmt":"2025-07-24T20:15:37","slug":"ruhun-geride-kaldigi-yer","status":"publish","type":"post","link":"https:\/\/avrupapress.com\/main\/2025\/07\/24\/ruhun-geride-kaldigi-yer\/","title":{"rendered":"RUHUN GER\u0130DE KALDI\u011eI YER"},"content":{"rendered":"<div dir=\"auto\" data-olk-copy-source=\"MessageBody\">Bazen sadece durup g\u00f6ky\u00fcz\u00fcne bakmak gerekir. Ay\u2019a, g\u00fcne\u015fe, y\u0131ld\u0131zlara\u2026 \u00c7\u00fcnk\u00fc onlar bize zaman\u0131n ger\u00e7ek ritmini hat\u0131rlat\u0131r. Tabiatta hi\u00e7bir \u015fey acele etmez. Ay, kendi d\u00f6ng\u00fcs\u00fcnde a\u011f\u0131r a\u011f\u0131r y\u00fcr\u00fcr. G\u00fcne\u015f, her sabah vaktinde do\u011far, tam vaktinde batar. Ne bir saniye erken, ne bir saniye ge\u00e7. Her \u015fey olmas\u0131 gerekti\u011fi zamanda olur. Ne fazlas\u0131 vard\u0131r, ne de eksi\u011fi.<\/div>\n<div dir=\"auto\"><\/div>\n<div dir=\"auto\">Ama insan\u2026 \u0130nsan sab\u0131rs\u0131zd\u0131r. Zihni daima bir sonraki ad\u0131ma ko\u015far, kalbi hep bir ad\u0131m geride kal\u0131r. Ko\u015far\u0131z, yeti\u015firiz, bitiririz\u2026 Ama bazen durup d\u00fc\u015f\u00fcnmek gerekir: Ger\u00e7ekten vard\u0131k m\u0131? Yoksa sadece bedenimiz mi ula\u015ft\u0131, ruhumuz h\u00e2l\u00e2 yolda m\u0131?<\/div>\n<div dir=\"auto\"><\/div>\n<div dir=\"auto\">Modern zamanlar bize h\u0131z\u0131n erdem oldu\u011funu \u00f6\u011fretti. Ne kadar h\u0131zl\u0131 olursak, o kadar ba\u015far\u0131l\u0131, o kadar g\u00fc\u00e7l\u00fc, o kadar \u201cde\u011ferli\u201d hissedece\u011fimiz s\u00f6ylendi. Oysa h\u0131zla ilerledi\u011fimizde fark etmeden bir \u015feyler geride kal\u0131yor: Duygular\u0131m\u0131z, anlamlar\u0131m\u0131z, hatta benli\u011fimiz.<\/div>\n<div dir=\"auto\"><\/div>\n<div dir=\"auto\">\u00c7\u00fcnk\u00fc bir yere vaktinden \u00f6nce varmak, orada hen\u00fcz haz\u0131r olmayan bir h\u00e2le zorla girmek demektir. T\u0131pk\u0131 olgunla\u015fmadan toplanan bir meyve gibi, i\u00e7imiz de eksik kal\u0131r b\u00f6yle anlarda. Ruh, kendi zaman\u0131nda b\u00fcy\u00fcr; zorlarsak k\u0131r\u0131l\u0131r.<\/div>\n<div dir=\"auto\"><\/div>\n<div dir=\"auto\">Kimi yolculuklar yava\u015f y\u00fcr\u00fcnmeli. Kimi kararlar bekletilmeli. Kimi ac\u0131lar hemen ge\u00e7memeli, i\u00e7imizde olgunla\u015f\u0131p anlam\u0131na kavu\u015fmal\u0131. Hayat, bir hedefe varmak de\u011fil, o hedefe d\u00f6n\u00fc\u015ferek ilerlemek s\u00fcrecidir. Ve ruh bu d\u00f6n\u00fc\u015f\u00fcm\u00fc aceleyle ya\u015famaz.<\/div>\n<div dir=\"auto\"><\/div>\n<div dir=\"auto\">Bazen ge\u00e7 kalmak, tam zaman\u0131nda olmakt\u0131r.<\/div>\n<div dir=\"auto\"><\/div>\n<div dir=\"auto\"><img loading=\"lazy\" decoding=\"async\" class=\"alignnone size-medium wp-image-30183\" src=\"https:\/\/avrupapress.com\/main\/wp-content\/uploads\/2025\/07\/thumbnail_IMG-20250607-WA0020-573x1024-1-1-1-1-2-1-168x300.jpg\" alt=\"\" width=\"168\" height=\"300\" srcset=\"https:\/\/avrupapress.com\/main\/wp-content\/uploads\/2025\/07\/thumbnail_IMG-20250607-WA0020-573x1024-1-1-1-1-2-1-168x300.jpg 168w, https:\/\/avrupapress.com\/main\/wp-content\/uploads\/2025\/07\/thumbnail_IMG-20250607-WA0020-573x1024-1-1-1-1-2-1.jpg 573w\" sizes=\"auto, (max-width: 168px) 100vw, 168px\" \/><\/div>\n<div dir=\"auto\"><strong>Halime \u00d6nen\u00a0 \u00a0\/\u00a0 \u00a0 \u00a0AVRUPAPRESS<\/strong><\/div>\n","protected":false},"excerpt":{"rendered":"<p>Bazen sadece durup g\u00f6ky\u00fcz\u00fcne bakmak gerekir. Ay\u2019a, g\u00fcne\u015fe, y\u0131ld\u0131zlara\u2026 \u00c7\u00fcnk\u00fc onlar bize zaman\u0131n ger\u00e7ek ritmini hat\u0131rlat\u0131r. Tabiatta hi\u00e7bir \u015fey acele etmez. Ay, kendi d\u00f6ng\u00fcs\u00fcnde a\u011f\u0131r a\u011f\u0131r y\u00fcr\u00fcr. G\u00fcne\u015f, her sabah vaktinde do\u011far, tam vaktinde batar. Ne bir saniye erken, ne bir saniye ge\u00e7. Her \u015fey olmas\u0131 gerekti\u011fi zamanda olur. Ne fazlas\u0131 vard\u0131r, ne de eksi\u011fi. [&hellip;]<\/p>\n","protected":false},"author":3,"featured_media":30174,"comment_status":"closed","ping_status":"open","sticky":false,"template":"","format":"standard","meta":{"footnotes":""},"categories":[14,16,3,17,18,15,19,2,1],"tags":[],"class_list":["post-30182","post","type-post","status-publish","format-standard","has-post-thumbnail","hentry","category-avrupa","category-belcika","category-dunya","category-ekonomi","category-kultur-sanat","category-spor","category-tanitim","category-turkiye","category-uncategorized"],"yoast_head":"<!-- This site is optimized with the Yoast SEO plugin v26.9 - https:\/\/yoast.com\/product\/yoast-seo-wordpress\/ -->\n<title>RUHUN GER\u0130DE KALDI\u011eI YER - AvrupaPress<\/title>\n<meta name=\"robots\" content=\"index, follow, max-snippet:-1, max-image-preview:large, max-video-preview:-1\" \/>\n<link rel=\"canonical\" href=\"https:\/\/avrupapress.com\/main\/2025\/07\/24\/ruhun-geride-kaldigi-yer\/\" \/>\n<meta property=\"og:locale\" content=\"fr_FR\" \/>\n<meta property=\"og:type\" content=\"article\" \/>\n<meta property=\"og:title\" content=\"RUHUN GER\u0130DE KALDI\u011eI YER - AvrupaPress\" \/>\n<meta property=\"og:description\" content=\"Bazen sadece durup g\u00f6ky\u00fcz\u00fcne bakmak gerekir. Ay\u2019a, g\u00fcne\u015fe, y\u0131ld\u0131zlara\u2026 \u00c7\u00fcnk\u00fc onlar bize zaman\u0131n ger\u00e7ek ritmini hat\u0131rlat\u0131r. Tabiatta hi\u00e7bir \u015fey acele etmez. Ay, kendi d\u00f6ng\u00fcs\u00fcnde a\u011f\u0131r a\u011f\u0131r y\u00fcr\u00fcr. G\u00fcne\u015f, her sabah vaktinde do\u011far, tam vaktinde batar. Ne bir saniye erken, ne bir saniye ge\u00e7. Her \u015fey olmas\u0131 gerekti\u011fi zamanda olur. Ne fazlas\u0131 vard\u0131r, ne de eksi\u011fi. [&hellip;]\" \/>\n<meta property=\"og:url\" content=\"https:\/\/avrupapress.com\/main\/2025\/07\/24\/ruhun-geride-kaldigi-yer\/\" \/>\n<meta property=\"og:site_name\" content=\"AvrupaPress\" \/>\n<meta property=\"article:published_time\" content=\"2025-07-24T20:15:31+00:00\" \/>\n<meta property=\"article:modified_time\" content=\"2025-07-24T20:15:37+00:00\" \/>\n<meta property=\"og:image\" content=\"https:\/\/avrupapress.com\/main\/wp-content\/uploads\/2025\/07\/thumbnail_IMG-20250607-WA0020-1-e1749328646923-722x420-1-1-1.jpg\" \/>\n\t<meta property=\"og:image:width\" content=\"722\" \/>\n\t<meta property=\"og:image:height\" content=\"420\" \/>\n\t<meta property=\"og:image:type\" content=\"image\/jpeg\" \/>\n<meta name=\"author\" content=\"Edit\u00f6r\" \/>\n<meta name=\"twitter:card\" content=\"summary_large_image\" \/>\n<meta name=\"twitter:label1\" content=\"\u00c9crit par\" \/>\n\t<meta name=\"twitter:data1\" content=\"Edit\u00f6r\" \/>\n\t<meta name=\"twitter:label2\" content=\"Dur\u00e9e de lecture est.\" \/>\n\t<meta name=\"twitter:data2\" content=\"2 minutes\" \/>\n<script type=\"application\/ld+json\" class=\"yoast-schema-graph\">{\"@context\":\"https:\/\/schema.org\",\"@graph\":[{\"@type\":\"Article\",\"@id\":\"https:\/\/avrupapress.com\/main\/2025\/07\/24\/ruhun-geride-kaldigi-yer\/#article\",\"isPartOf\":{\"@id\":\"https:\/\/avrupapress.com\/main\/2025\/07\/24\/ruhun-geride-kaldigi-yer\/\"},\"author\":{\"name\":\"Edit\u00f6r\",\"@id\":\"https:\/\/avrupapress.com\/#\/schema\/person\/68428444ec60970d1e1b700cf4ca1e8f\"},\"headline\":\"RUHUN GER\u0130DE KALDI\u011eI YER\",\"datePublished\":\"2025-07-24T20:15:31+00:00\",\"dateModified\":\"2025-07-24T20:15:37+00:00\",\"mainEntityOfPage\":{\"@id\":\"https:\/\/avrupapress.com\/main\/2025\/07\/24\/ruhun-geride-kaldigi-yer\/\"},\"wordCount\":294,\"publisher\":{\"@id\":\"https:\/\/avrupapress.com\/#\/schema\/person\/0223dca19c72c43575bf30d1a2d8f4fa\"},\"image\":{\"@id\":\"https:\/\/avrupapress.com\/main\/2025\/07\/24\/ruhun-geride-kaldigi-yer\/#primaryimage\"},\"thumbnailUrl\":\"https:\/\/avrupapress.com\/main\/wp-content\/uploads\/2025\/07\/thumbnail_IMG-20250607-WA0020-1-e1749328646923-722x420-1-1-1.jpg\",\"articleSection\":[\"Avrupa\",\"Bel\u00e7ika\",\"D\u00fcnya\",\"Ekonomi\",\"K\u00fclt\u00fcr-Sanat\",\"Spor\",\"Tan\u0131t\u0131m\",\"T\u00fcrkiye\",\"Uncategorized\"],\"inLanguage\":\"fr-BE\"},{\"@type\":\"WebPage\",\"@id\":\"https:\/\/avrupapress.com\/main\/2025\/07\/24\/ruhun-geride-kaldigi-yer\/\",\"url\":\"https:\/\/avrupapress.com\/main\/2025\/07\/24\/ruhun-geride-kaldigi-yer\/\",\"name\":\"RUHUN GER\u0130DE KALDI\u011eI YER - AvrupaPress\",\"isPartOf\":{\"@id\":\"https:\/\/avrupapress.com\/#website\"},\"primaryImageOfPage\":{\"@id\":\"https:\/\/avrupapress.com\/main\/2025\/07\/24\/ruhun-geride-kaldigi-yer\/#primaryimage\"},\"image\":{\"@id\":\"https:\/\/avrupapress.com\/main\/2025\/07\/24\/ruhun-geride-kaldigi-yer\/#primaryimage\"},\"thumbnailUrl\":\"https:\/\/avrupapress.com\/main\/wp-content\/uploads\/2025\/07\/thumbnail_IMG-20250607-WA0020-1-e1749328646923-722x420-1-1-1.jpg\",\"datePublished\":\"2025-07-24T20:15:31+00:00\",\"dateModified\":\"2025-07-24T20:15:37+00:00\",\"breadcrumb\":{\"@id\":\"https:\/\/avrupapress.com\/main\/2025\/07\/24\/ruhun-geride-kaldigi-yer\/#breadcrumb\"},\"inLanguage\":\"fr-BE\",\"potentialAction\":[{\"@type\":\"ReadAction\",\"target\":[\"https:\/\/avrupapress.com\/main\/2025\/07\/24\/ruhun-geride-kaldigi-yer\/\"]}]},{\"@type\":\"ImageObject\",\"inLanguage\":\"fr-BE\",\"@id\":\"https:\/\/avrupapress.com\/main\/2025\/07\/24\/ruhun-geride-kaldigi-yer\/#primaryimage\",\"url\":\"https:\/\/avrupapress.com\/main\/wp-content\/uploads\/2025\/07\/thumbnail_IMG-20250607-WA0020-1-e1749328646923-722x420-1-1-1.jpg\",\"contentUrl\":\"https:\/\/avrupapress.com\/main\/wp-content\/uploads\/2025\/07\/thumbnail_IMG-20250607-WA0020-1-e1749328646923-722x420-1-1-1.jpg\",\"width\":722,\"height\":420},{\"@type\":\"BreadcrumbList\",\"@id\":\"https:\/\/avrupapress.com\/main\/2025\/07\/24\/ruhun-geride-kaldigi-yer\/#breadcrumb\",\"itemListElement\":[{\"@type\":\"ListItem\",\"position\":1,\"name\":\"Anasayfa\",\"item\":\"https:\/\/avrupapress.com\/\"},{\"@type\":\"ListItem\",\"position\":2,\"name\":\"RUHUN GER\u0130DE KALDI\u011eI YER\"}]},{\"@type\":\"WebSite\",\"@id\":\"https:\/\/avrupapress.com\/#website\",\"url\":\"https:\/\/avrupapress.com\/\",\"name\":\"AvrupaPress\",\"description\":\"Haberin Adresi\",\"publisher\":{\"@id\":\"https:\/\/avrupapress.com\/#\/schema\/person\/0223dca19c72c43575bf30d1a2d8f4fa\"},\"potentialAction\":[{\"@type\":\"SearchAction\",\"target\":{\"@type\":\"EntryPoint\",\"urlTemplate\":\"https:\/\/avrupapress.com\/?s={search_term_string}\"},\"query-input\":{\"@type\":\"PropertyValueSpecification\",\"valueRequired\":true,\"valueName\":\"search_term_string\"}}],\"inLanguage\":\"fr-BE\"},{\"@type\":[\"Person\",\"Organization\"],\"@id\":\"https:\/\/avrupapress.com\/#\/schema\/person\/0223dca19c72c43575bf30d1a2d8f4fa\",\"name\":\"Bilgin \u00d6z\u00e7ift\u00e7i\",\"image\":{\"@type\":\"ImageObject\",\"inLanguage\":\"fr-BE\",\"@id\":\"https:\/\/avrupapress.com\/#\/schema\/person\/image\/\",\"url\":\"https:\/\/secure.gravatar.com\/avatar\/0f23b280433a21e1ea7a0adcc46ed0ad16afe3ad8e630fd13d8a017dcbd54ef3?s=96&d=mm&r=g\",\"contentUrl\":\"https:\/\/secure.gravatar.com\/avatar\/0f23b280433a21e1ea7a0adcc46ed0ad16afe3ad8e630fd13d8a017dcbd54ef3?s=96&d=mm&r=g\",\"caption\":\"Bilgin \u00d6z\u00e7ift\u00e7i\"},\"logo\":{\"@id\":\"https:\/\/avrupapress.com\/#\/schema\/person\/image\/\"},\"description\":\"Ne ben, nede sen... Biz ancak \\\"biz\\\" olursak g\u00fc\u00e7l\u00fc olabiliriz\"},{\"@type\":\"Person\",\"@id\":\"https:\/\/avrupapress.com\/#\/schema\/person\/68428444ec60970d1e1b700cf4ca1e8f\",\"name\":\"Edit\u00f6r\",\"image\":{\"@type\":\"ImageObject\",\"inLanguage\":\"fr-BE\",\"@id\":\"https:\/\/avrupapress.com\/#\/schema\/person\/image\/\",\"url\":\"https:\/\/secure.gravatar.com\/avatar\/74996b0977aa5f1559ba9883776652508b229005c0d78fb2597897f0bd651c09?s=96&d=mm&r=g\",\"contentUrl\":\"https:\/\/secure.gravatar.com\/avatar\/74996b0977aa5f1559ba9883776652508b229005c0d78fb2597897f0bd651c09?s=96&d=mm&r=g\",\"caption\":\"Edit\u00f6r\"},\"sameAs\":[\"http:\/\/www.avrupapress.com\"],\"url\":\"https:\/\/avrupapress.com\/main\/author\/editor\/\"}]}<\/script>\n<!-- \/ Yoast SEO plugin. -->","yoast_head_json":{"title":"RUHUN GER\u0130DE KALDI\u011eI YER - AvrupaPress","robots":{"index":"index","follow":"follow","max-snippet":"max-snippet:-1","max-image-preview":"max-image-preview:large","max-video-preview":"max-video-preview:-1"},"canonical":"https:\/\/avrupapress.com\/main\/2025\/07\/24\/ruhun-geride-kaldigi-yer\/","og_locale":"fr_FR","og_type":"article","og_title":"RUHUN GER\u0130DE KALDI\u011eI YER - AvrupaPress","og_description":"Bazen sadece durup g\u00f6ky\u00fcz\u00fcne bakmak gerekir. Ay\u2019a, g\u00fcne\u015fe, y\u0131ld\u0131zlara\u2026 \u00c7\u00fcnk\u00fc onlar bize zaman\u0131n ger\u00e7ek ritmini hat\u0131rlat\u0131r. Tabiatta hi\u00e7bir \u015fey acele etmez. Ay, kendi d\u00f6ng\u00fcs\u00fcnde a\u011f\u0131r a\u011f\u0131r y\u00fcr\u00fcr. G\u00fcne\u015f, her sabah vaktinde do\u011far, tam vaktinde batar. Ne bir saniye erken, ne bir saniye ge\u00e7. Her \u015fey olmas\u0131 gerekti\u011fi zamanda olur. Ne fazlas\u0131 vard\u0131r, ne de eksi\u011fi. [&hellip;]","og_url":"https:\/\/avrupapress.com\/main\/2025\/07\/24\/ruhun-geride-kaldigi-yer\/","og_site_name":"AvrupaPress","article_published_time":"2025-07-24T20:15:31+00:00","article_modified_time":"2025-07-24T20:15:37+00:00","og_image":[{"width":722,"height":420,"url":"https:\/\/avrupapress.com\/main\/wp-content\/uploads\/2025\/07\/thumbnail_IMG-20250607-WA0020-1-e1749328646923-722x420-1-1-1.jpg","type":"image\/jpeg"}],"author":"Edit\u00f6r","twitter_card":"summary_large_image","twitter_misc":{"\u00c9crit par":"Edit\u00f6r","Dur\u00e9e de lecture est.":"2 minutes"},"schema":{"@context":"https:\/\/schema.org","@graph":[{"@type":"Article","@id":"https:\/\/avrupapress.com\/main\/2025\/07\/24\/ruhun-geride-kaldigi-yer\/#article","isPartOf":{"@id":"https:\/\/avrupapress.com\/main\/2025\/07\/24\/ruhun-geride-kaldigi-yer\/"},"author":{"name":"Edit\u00f6r","@id":"https:\/\/avrupapress.com\/#\/schema\/person\/68428444ec60970d1e1b700cf4ca1e8f"},"headline":"RUHUN GER\u0130DE KALDI\u011eI YER","datePublished":"2025-07-24T20:15:31+00:00","dateModified":"2025-07-24T20:15:37+00:00","mainEntityOfPage":{"@id":"https:\/\/avrupapress.com\/main\/2025\/07\/24\/ruhun-geride-kaldigi-yer\/"},"wordCount":294,"publisher":{"@id":"https:\/\/avrupapress.com\/#\/schema\/person\/0223dca19c72c43575bf30d1a2d8f4fa"},"image":{"@id":"https:\/\/avrupapress.com\/main\/2025\/07\/24\/ruhun-geride-kaldigi-yer\/#primaryimage"},"thumbnailUrl":"https:\/\/avrupapress.com\/main\/wp-content\/uploads\/2025\/07\/thumbnail_IMG-20250607-WA0020-1-e1749328646923-722x420-1-1-1.jpg","articleSection":["Avrupa","Bel\u00e7ika","D\u00fcnya","Ekonomi","K\u00fclt\u00fcr-Sanat","Spor","Tan\u0131t\u0131m","T\u00fcrkiye","Uncategorized"],"inLanguage":"fr-BE"},{"@type":"WebPage","@id":"https:\/\/avrupapress.com\/main\/2025\/07\/24\/ruhun-geride-kaldigi-yer\/","url":"https:\/\/avrupapress.com\/main\/2025\/07\/24\/ruhun-geride-kaldigi-yer\/","name":"RUHUN GER\u0130DE KALDI\u011eI YER - AvrupaPress","isPartOf":{"@id":"https:\/\/avrupapress.com\/#website"},"primaryImageOfPage":{"@id":"https:\/\/avrupapress.com\/main\/2025\/07\/24\/ruhun-geride-kaldigi-yer\/#primaryimage"},"image":{"@id":"https:\/\/avrupapress.com\/main\/2025\/07\/24\/ruhun-geride-kaldigi-yer\/#primaryimage"},"thumbnailUrl":"https:\/\/avrupapress.com\/main\/wp-content\/uploads\/2025\/07\/thumbnail_IMG-20250607-WA0020-1-e1749328646923-722x420-1-1-1.jpg","datePublished":"2025-07-24T20:15:31+00:00","dateModified":"2025-07-24T20:15:37+00:00","breadcrumb":{"@id":"https:\/\/avrupapress.com\/main\/2025\/07\/24\/ruhun-geride-kaldigi-yer\/#breadcrumb"},"inLanguage":"fr-BE","potentialAction":[{"@type":"ReadAction","target":["https:\/\/avrupapress.com\/main\/2025\/07\/24\/ruhun-geride-kaldigi-yer\/"]}]},{"@type":"ImageObject","inLanguage":"fr-BE","@id":"https:\/\/avrupapress.com\/main\/2025\/07\/24\/ruhun-geride-kaldigi-yer\/#primaryimage","url":"https:\/\/avrupapress.com\/main\/wp-content\/uploads\/2025\/07\/thumbnail_IMG-20250607-WA0020-1-e1749328646923-722x420-1-1-1.jpg","contentUrl":"https:\/\/avrupapress.com\/main\/wp-content\/uploads\/2025\/07\/thumbnail_IMG-20250607-WA0020-1-e1749328646923-722x420-1-1-1.jpg","width":722,"height":420},{"@type":"BreadcrumbList","@id":"https:\/\/avrupapress.com\/main\/2025\/07\/24\/ruhun-geride-kaldigi-yer\/#breadcrumb","itemListElement":[{"@type":"ListItem","position":1,"name":"Anasayfa","item":"https:\/\/avrupapress.com\/"},{"@type":"ListItem","position":2,"name":"RUHUN GER\u0130DE KALDI\u011eI YER"}]},{"@type":"WebSite","@id":"https:\/\/avrupapress.com\/#website","url":"https:\/\/avrupapress.com\/","name":"AvrupaPress","description":"Haberin Adresi","publisher":{"@id":"https:\/\/avrupapress.com\/#\/schema\/person\/0223dca19c72c43575bf30d1a2d8f4fa"},"potentialAction":[{"@type":"SearchAction","target":{"@type":"EntryPoint","urlTemplate":"https:\/\/avrupapress.com\/?s={search_term_string}"},"query-input":{"@type":"PropertyValueSpecification","valueRequired":true,"valueName":"search_term_string"}}],"inLanguage":"fr-BE"},{"@type":["Person","Organization"],"@id":"https:\/\/avrupapress.com\/#\/schema\/person\/0223dca19c72c43575bf30d1a2d8f4fa","name":"Bilgin \u00d6z\u00e7ift\u00e7i","image":{"@type":"ImageObject","inLanguage":"fr-BE","@id":"https:\/\/avrupapress.com\/#\/schema\/person\/image\/","url":"https:\/\/secure.gravatar.com\/avatar\/0f23b280433a21e1ea7a0adcc46ed0ad16afe3ad8e630fd13d8a017dcbd54ef3?s=96&d=mm&r=g","contentUrl":"https:\/\/secure.gravatar.com\/avatar\/0f23b280433a21e1ea7a0adcc46ed0ad16afe3ad8e630fd13d8a017dcbd54ef3?s=96&d=mm&r=g","caption":"Bilgin \u00d6z\u00e7ift\u00e7i"},"logo":{"@id":"https:\/\/avrupapress.com\/#\/schema\/person\/image\/"},"description":"Ne ben, nede sen... Biz ancak \"biz\" olursak g\u00fc\u00e7l\u00fc olabiliriz"},{"@type":"Person","@id":"https:\/\/avrupapress.com\/#\/schema\/person\/68428444ec60970d1e1b700cf4ca1e8f","name":"Edit\u00f6r","image":{"@type":"ImageObject","inLanguage":"fr-BE","@id":"https:\/\/avrupapress.com\/#\/schema\/person\/image\/","url":"https:\/\/secure.gravatar.com\/avatar\/74996b0977aa5f1559ba9883776652508b229005c0d78fb2597897f0bd651c09?s=96&d=mm&r=g","contentUrl":"https:\/\/secure.gravatar.com\/avatar\/74996b0977aa5f1559ba9883776652508b229005c0d78fb2597897f0bd651c09?s=96&d=mm&r=g","caption":"Edit\u00f6r"},"sameAs":["http:\/\/www.avrupapress.com"],"url":"https:\/\/avrupapress.com\/main\/author\/editor\/"}]}},"_links":{"self":[{"href":"https:\/\/avrupapress.com\/main\/wp-json\/wp\/v2\/posts\/30182","targetHints":{"allow":["GET"]}}],"collection":[{"href":"https:\/\/avrupapress.com\/main\/wp-json\/wp\/v2\/posts"}],"about":[{"href":"https:\/\/avrupapress.com\/main\/wp-json\/wp\/v2\/types\/post"}],"author":[{"embeddable":true,"href":"https:\/\/avrupapress.com\/main\/wp-json\/wp\/v2\/users\/3"}],"replies":[{"embeddable":true,"href":"https:\/\/avrupapress.com\/main\/wp-json\/wp\/v2\/comments?post=30182"}],"version-history":[{"count":1,"href":"https:\/\/avrupapress.com\/main\/wp-json\/wp\/v2\/posts\/30182\/revisions"}],"predecessor-version":[{"id":30184,"href":"https:\/\/avrupapress.com\/main\/wp-json\/wp\/v2\/posts\/30182\/revisions\/30184"}],"wp:featuredmedia":[{"embeddable":true,"href":"https:\/\/avrupapress.com\/main\/wp-json\/wp\/v2\/media\/30174"}],"wp:attachment":[{"href":"https:\/\/avrupapress.com\/main\/wp-json\/wp\/v2\/media?parent=30182"}],"wp:term":[{"taxonomy":"category","embeddable":true,"href":"https:\/\/avrupapress.com\/main\/wp-json\/wp\/v2\/categories?post=30182"},{"taxonomy":"post_tag","embeddable":true,"href":"https:\/\/avrupapress.com\/main\/wp-json\/wp\/v2\/tags?post=30182"}],"curies":[{"name":"wp","href":"https:\/\/api.w.org\/{rel}","templated":true}]}}