{"id":30179,"date":"2025-07-24T20:09:58","date_gmt":"2025-07-24T20:09:58","guid":{"rendered":"https:\/\/avrupapress.com\/main\/?p=30179"},"modified":"2025-07-24T20:10:05","modified_gmt":"2025-07-24T20:10:05","slug":"ortak-paydada-zenginlesmek","status":"publish","type":"post","link":"https:\/\/avrupapress.com\/main\/2025\/07\/24\/ortak-paydada-zenginlesmek\/","title":{"rendered":"ORTAK PAYDADA ZENG\u0130NLE\u015eMEK"},"content":{"rendered":"<p>\u00c7ok unsurlu b\u00f6lgelerde ya\u015fanan \u00e7eki\u015fmeler T\u00fcrkiye ve Suriye gibi \u00fclkelerde s\u0131kl\u0131kla g\u00f6r\u00fclmektedir. Etnik unsurlar, bir di\u011feri ile s\u00fcrekli \u00e7at\u0131\u015f\u0131rken ya\u015fanan bu \u00e7at\u0131\u015fmalar asl\u0131nda daha fazla b\u00f6l\u00fcnmelere ve zay\u0131flamalara neden olmaktad\u0131r. T\u00fcrk \u2013 K\u00fcrt, Alevi \u2013 S\u00fcnni, \u0130slamc\u0131 \u2013 Laik gibi bir\u00e7ok \u00f6rne\u011fi g\u00f6r\u00fclen bu durum asl\u0131nda d\u0131\u015f mihraklar taraf\u0131ndan s\u00fcrekli ka\u015f\u0131nan ve taze tutulan bir durum.<\/p>\n<p>&nbsp;<\/p>\n<p>Oysaki Amerika Birle\u015fik Devletleri benzerinde g\u00f6r\u00fclen \u00e7ok par\u00e7al\u0131 yap\u0131lar ortak zenginlik ve refaha payda\u015f olmak u\u011fruna g\u00f6z ard\u0131 ediliyor. Hatta etnik yap\u0131 sadece birer kimlikten \u00f6teye ge\u00e7mez. Zaten \u0130slam anlay\u0131\u015f\u0131na g\u00f6re \u201cBen sizi taife taife yaratt\u0131m, ta ki birbirinizi tan\u0131yas\u0131n\u0131z,\u201d (Hucurat-13) i\u015faretiyle do\u011frulu\u011fu tescillenmi\u015ftir.<\/p>\n<p>&nbsp;<\/p>\n<p>Avrupa Birli\u011fi b\u00f6lgesinde de g\u00f6rd\u00fc\u011f\u00fcm\u00fcz y\u00fcksek hayat standartlar\u0131 bu birli\u011fe \u00fcye olma heveslerini de kam\u00e7\u0131lar. Birlik, ilk ba\u015fta Avrupa Ekonomik Toplulu\u011fu olarak kuruldu\u011funda \u00fcyelerinin ekonomik dayan\u0131\u015fmas\u0131 hedeflenmi\u015fti. Fakat elde edilen ba\u015far\u0131 siyasi ve beraberinde askeri ittifaklar\u0131 da getirdi\u011finden daha da g\u00fc\u00e7lenmeye vesile oldu.<\/p>\n<p>&nbsp;<\/p>\n<p>Di\u011fer taraftan T\u00fcrkiye\u2019de ya\u015fanan b\u00f6l\u00fcc\u00fcl\u00fck faaliyetleri birtak\u0131m hainlerin fonlanarak \u00fclkemize ihanet etmesi sa\u011flanm\u0131\u015f, sonu\u00e7ta b\u00f6l\u00fcnmenin getirece\u011fi zafiyet b\u00f6l\u00fcc\u00fcler taraf\u0131ndan g\u00f6rmezden gelinmi\u015ftir.<\/p>\n<p>&nbsp;<\/p>\n<p>Yeni bir yap\u0131lanmaya giren Suriye, demokratik anlamda farkl\u0131 unsurlar\u0131n, farkl\u0131 inan\u00e7lar\u0131n bir arada ya\u015famas\u0131 ve g\u00fc\u00e7l\u00fc bir Suriye Devletinin in\u015fas\u0131 i\u00e7in gayret sarfederken bunu istemeyen \u0130srail Ter\u00f6r Devleti i\u015f birli\u011fi yapacak hainleri bulmakta gecikmiyor. D\u00fcrziler, tarihte de benzer isyanlara giri\u015fmi\u015fler, d\u0131\u015f g\u00fc\u00e7lerin m\u00fcdahalesi i\u00e7in sebep te\u015fkil etmi\u015fler. Ter\u00f6r \u00f6rg\u00fct\u00fc PKK-YPG ve uzant\u0131lar\u0131 da yine d\u0131\u015f destekli yard\u0131mlarla varl\u0131\u011f\u0131n\u0131 devam ettirirken Suriye\u2019nin zay\u0131flamas\u0131na, otorite bo\u015flu\u011fu olu\u015fmas\u0131na katk\u0131 sa\u011flamaktad\u0131r.<\/p>\n<p>&nbsp;<\/p>\n<p>B\u00f6l, par\u00e7ala, yok et takti\u011fini art\u0131k apa\u00e7\u0131k uygulayan bat\u0131l\u0131 g\u00fc\u00e7ler T\u00fcrkiye, Suriye, \u0130ran, Irak, Azerbaycan gibi b\u00f6lge devlerinin g\u00fc\u00e7lenmemesi, zenginlik ve refaha kavu\u015fmamas\u0131 i\u00e7in elden gelen her \u015feyi yap\u0131yor. Zenginlik ve refah\u0131n olu\u015fmamas\u0131 i\u00e7in kurulmu\u015f komiteleri her zaman i\u015f ba\u015f\u0131nda tutuyorlar. Ekonomik ve siyasi entrikalarla planlar\u0131n\u0131 uyguluyorlar. Sosyolojik ve antropolojik kuramlarla taktikler geli\u015ftirip d\u00fc\u015f\u00fcnce kurulu\u015flar\u0131nda hedefler belirliyorlar. Her \u015feye ra\u011fmen engellenmek istenen menfaat yine de olu\u015fursa bunu sadece belli bir grubun faydalanmas\u0131 i\u00e7in \u00e7al\u0131\u015f\u0131p di\u011ferlerini d\u0131\u015f\u0131nda tutuyorlar. (Esat d\u00f6neminde ya\u015fanan Nusayri \u00f6rne\u011finde oldu\u011fu gibi.)<\/p>\n<p>&nbsp;<\/p>\n<p>Tabi bunun i\u00e7in ortada payla\u015f\u0131lacak bir refah ve zenginlik ortam\u0131 olmal\u0131. Enerji ve tar\u0131m \u00fcretiminde do\u011fal zenginliklere sahip bir co\u011frafyan\u0131n ticaret yollar\u0131 ortas\u0131nda olmas\u0131 asl\u0131nda yeterince zenginli\u011fin potansiyeli oldu\u011funu g\u00f6steriyor. Geriye bir tek istikrar kal\u0131yor.<\/p>\n<p>&nbsp;<\/p>\n<p>Zaman\u0131nda in\u015fa edilen Hicaz Demiryolu Projesi bu topraklar\u0131n canlanmas\u0131na, ekonomik ve siyasi istikrara kavu\u015fmas\u0131na, halklar\u0131n kayna\u015fmas\u0131na vesile olmas\u0131 hedeflenmi\u015fti. \u0130ngilizler gelir gelmez \u00f6ncelikle bu demiryolu hatt\u0131n\u0131 tahribe ba\u015flad\u0131lar. E\u011fer Birinci D\u00fcnya Sava\u015f\u0131 \u00e7\u0131kmasayd\u0131 ve Osmanl\u0131 Devleti bu topraklarda dirayetli bir y\u00f6netimle<\/p>\n<p>ayakta kalabilseydi d\u00fcnya ticaret yollar\u0131 \u00fczerinde merkezi bir yap\u0131y\u0131 y\u00f6netirken d\u00fcnya enerji kaynaklar\u0131 rezervinin yar\u0131s\u0131 bir zenginli\u011fin sahibi olacakt\u0131. B\u00f6yle bir g\u00fcc\u00fc ortadan kald\u0131rmak m\u00fcmk\u00fcn olmayaca\u011f\u0131ndan planlar yap\u0131lm\u0131\u015f, cetvellerle s\u0131n\u0131rlar \u00e7izilmi\u015f, hainlere g\u00f6revler verilmi\u015fti. Sonu\u00e7ta hi\u00e7bir petrol kayna\u011f\u0131 olmayan ama zengin bir bat\u0131 d\u00fcnyas\u0131 ve her \u015feyi oldu\u011fu halde a\u00e7l\u0131ktan evlad\u0131n\u0131 kaybeden Gazzeli anneler.<\/p>\n<p>&nbsp;<\/p>\n<p>Tarih \u00e7ok de\u011ferli bir bilimdir. Bilmemek, \u00f6\u011frenmek kay\u0131p; ders almamak ahmakl\u0131kt\u0131r.<\/p>\n<p>&nbsp;<\/p>\n<p>Sayg\u0131lar\u0131mla.<\/p>\n<p><strong>C\u00fcneyt T\u00fczel\u00a0 \u00a0 \u00a0 \u00a0\/\u00a0 \u00a0 \u00a0 \u00a0AVRUPAPRESS<\/strong><\/p>\n","protected":false},"excerpt":{"rendered":"<p>\u00c7ok unsurlu b\u00f6lgelerde ya\u015fanan \u00e7eki\u015fmeler T\u00fcrkiye ve Suriye gibi \u00fclkelerde s\u0131kl\u0131kla g\u00f6r\u00fclmektedir. Etnik unsurlar, bir di\u011feri ile s\u00fcrekli \u00e7at\u0131\u015f\u0131rken ya\u015fanan bu \u00e7at\u0131\u015fmalar asl\u0131nda daha fazla b\u00f6l\u00fcnmelere ve zay\u0131flamalara neden olmaktad\u0131r. T\u00fcrk \u2013 K\u00fcrt, Alevi \u2013 S\u00fcnni, \u0130slamc\u0131 \u2013 Laik gibi bir\u00e7ok \u00f6rne\u011fi g\u00f6r\u00fclen bu durum asl\u0131nda d\u0131\u015f mihraklar taraf\u0131ndan s\u00fcrekli ka\u015f\u0131nan ve taze tutulan bir [&hellip;]<\/p>\n","protected":false},"author":3,"featured_media":30180,"comment_status":"closed","ping_status":"open","sticky":false,"template":"","format":"standard","meta":{"footnotes":""},"categories":[14,16,3,17,18,15,19,2,1],"tags":[],"class_list":["post-30179","post","type-post","status-publish","format-standard","has-post-thumbnail","hentry","category-avrupa","category-belcika","category-dunya","category-ekonomi","category-kultur-sanat","category-spor","category-tanitim","category-turkiye","category-uncategorized"],"yoast_head":"<!-- This site is optimized with the Yoast SEO plugin v26.9 - https:\/\/yoast.com\/product\/yoast-seo-wordpress\/ -->\n<title>ORTAK PAYDADA ZENG\u0130NLE\u015eMEK - AvrupaPress<\/title>\n<meta name=\"robots\" content=\"index, follow, max-snippet:-1, max-image-preview:large, max-video-preview:-1\" \/>\n<link rel=\"canonical\" href=\"https:\/\/avrupapress.com\/main\/2025\/07\/24\/ortak-paydada-zenginlesmek\/\" \/>\n<meta property=\"og:locale\" content=\"fr_FR\" \/>\n<meta property=\"og:type\" content=\"article\" \/>\n<meta property=\"og:title\" content=\"ORTAK PAYDADA ZENG\u0130NLE\u015eMEK - AvrupaPress\" \/>\n<meta property=\"og:description\" content=\"\u00c7ok unsurlu b\u00f6lgelerde ya\u015fanan \u00e7eki\u015fmeler T\u00fcrkiye ve Suriye gibi \u00fclkelerde s\u0131kl\u0131kla g\u00f6r\u00fclmektedir. Etnik unsurlar, bir di\u011feri ile s\u00fcrekli \u00e7at\u0131\u015f\u0131rken ya\u015fanan bu \u00e7at\u0131\u015fmalar asl\u0131nda daha fazla b\u00f6l\u00fcnmelere ve zay\u0131flamalara neden olmaktad\u0131r. T\u00fcrk \u2013 K\u00fcrt, Alevi \u2013 S\u00fcnni, \u0130slamc\u0131 \u2013 Laik gibi bir\u00e7ok \u00f6rne\u011fi g\u00f6r\u00fclen bu durum asl\u0131nda d\u0131\u015f mihraklar taraf\u0131ndan s\u00fcrekli ka\u015f\u0131nan ve taze tutulan bir [&hellip;]\" \/>\n<meta property=\"og:url\" content=\"https:\/\/avrupapress.com\/main\/2025\/07\/24\/ortak-paydada-zenginlesmek\/\" \/>\n<meta property=\"og:site_name\" content=\"AvrupaPress\" \/>\n<meta property=\"article:published_time\" content=\"2025-07-24T20:09:58+00:00\" \/>\n<meta property=\"article:modified_time\" content=\"2025-07-24T20:10:05+00:00\" \/>\n<meta property=\"og:image\" content=\"https:\/\/avrupapress.com\/main\/wp-content\/uploads\/2025\/07\/thumbnail_IMG-20240905-WA0024-e1725567011135.jpg\" \/>\n\t<meta property=\"og:image:width\" content=\"257\" \/>\n\t<meta property=\"og:image:height\" content=\"231\" \/>\n\t<meta property=\"og:image:type\" content=\"image\/jpeg\" \/>\n<meta name=\"author\" content=\"Edit\u00f6r\" \/>\n<meta name=\"twitter:card\" content=\"summary_large_image\" \/>\n<meta name=\"twitter:label1\" content=\"\u00c9crit par\" \/>\n\t<meta name=\"twitter:data1\" content=\"Edit\u00f6r\" \/>\n\t<meta name=\"twitter:label2\" content=\"Dur\u00e9e de lecture est.\" \/>\n\t<meta name=\"twitter:data2\" content=\"3 minutes\" \/>\n<script type=\"application\/ld+json\" class=\"yoast-schema-graph\">{\"@context\":\"https:\/\/schema.org\",\"@graph\":[{\"@type\":\"Article\",\"@id\":\"https:\/\/avrupapress.com\/main\/2025\/07\/24\/ortak-paydada-zenginlesmek\/#article\",\"isPartOf\":{\"@id\":\"https:\/\/avrupapress.com\/main\/2025\/07\/24\/ortak-paydada-zenginlesmek\/\"},\"author\":{\"name\":\"Edit\u00f6r\",\"@id\":\"https:\/\/avrupapress.com\/#\/schema\/person\/68428444ec60970d1e1b700cf4ca1e8f\"},\"headline\":\"ORTAK PAYDADA ZENG\u0130NLE\u015eMEK\",\"datePublished\":\"2025-07-24T20:09:58+00:00\",\"dateModified\":\"2025-07-24T20:10:05+00:00\",\"mainEntityOfPage\":{\"@id\":\"https:\/\/avrupapress.com\/main\/2025\/07\/24\/ortak-paydada-zenginlesmek\/\"},\"wordCount\":678,\"publisher\":{\"@id\":\"https:\/\/avrupapress.com\/#\/schema\/person\/0223dca19c72c43575bf30d1a2d8f4fa\"},\"image\":{\"@id\":\"https:\/\/avrupapress.com\/main\/2025\/07\/24\/ortak-paydada-zenginlesmek\/#primaryimage\"},\"thumbnailUrl\":\"https:\/\/avrupapress.com\/main\/wp-content\/uploads\/2025\/07\/thumbnail_IMG-20240905-WA0024-e1725567011135.jpg\",\"articleSection\":[\"Avrupa\",\"Bel\u00e7ika\",\"D\u00fcnya\",\"Ekonomi\",\"K\u00fclt\u00fcr-Sanat\",\"Spor\",\"Tan\u0131t\u0131m\",\"T\u00fcrkiye\",\"Uncategorized\"],\"inLanguage\":\"fr-BE\"},{\"@type\":\"WebPage\",\"@id\":\"https:\/\/avrupapress.com\/main\/2025\/07\/24\/ortak-paydada-zenginlesmek\/\",\"url\":\"https:\/\/avrupapress.com\/main\/2025\/07\/24\/ortak-paydada-zenginlesmek\/\",\"name\":\"ORTAK PAYDADA ZENG\u0130NLE\u015eMEK - AvrupaPress\",\"isPartOf\":{\"@id\":\"https:\/\/avrupapress.com\/#website\"},\"primaryImageOfPage\":{\"@id\":\"https:\/\/avrupapress.com\/main\/2025\/07\/24\/ortak-paydada-zenginlesmek\/#primaryimage\"},\"image\":{\"@id\":\"https:\/\/avrupapress.com\/main\/2025\/07\/24\/ortak-paydada-zenginlesmek\/#primaryimage\"},\"thumbnailUrl\":\"https:\/\/avrupapress.com\/main\/wp-content\/uploads\/2025\/07\/thumbnail_IMG-20240905-WA0024-e1725567011135.jpg\",\"datePublished\":\"2025-07-24T20:09:58+00:00\",\"dateModified\":\"2025-07-24T20:10:05+00:00\",\"breadcrumb\":{\"@id\":\"https:\/\/avrupapress.com\/main\/2025\/07\/24\/ortak-paydada-zenginlesmek\/#breadcrumb\"},\"inLanguage\":\"fr-BE\",\"potentialAction\":[{\"@type\":\"ReadAction\",\"target\":[\"https:\/\/avrupapress.com\/main\/2025\/07\/24\/ortak-paydada-zenginlesmek\/\"]}]},{\"@type\":\"ImageObject\",\"inLanguage\":\"fr-BE\",\"@id\":\"https:\/\/avrupapress.com\/main\/2025\/07\/24\/ortak-paydada-zenginlesmek\/#primaryimage\",\"url\":\"https:\/\/avrupapress.com\/main\/wp-content\/uploads\/2025\/07\/thumbnail_IMG-20240905-WA0024-e1725567011135.jpg\",\"contentUrl\":\"https:\/\/avrupapress.com\/main\/wp-content\/uploads\/2025\/07\/thumbnail_IMG-20240905-WA0024-e1725567011135.jpg\",\"width\":257,\"height\":231},{\"@type\":\"BreadcrumbList\",\"@id\":\"https:\/\/avrupapress.com\/main\/2025\/07\/24\/ortak-paydada-zenginlesmek\/#breadcrumb\",\"itemListElement\":[{\"@type\":\"ListItem\",\"position\":1,\"name\":\"Anasayfa\",\"item\":\"https:\/\/avrupapress.com\/\"},{\"@type\":\"ListItem\",\"position\":2,\"name\":\"ORTAK PAYDADA ZENG\u0130NLE\u015eMEK\"}]},{\"@type\":\"WebSite\",\"@id\":\"https:\/\/avrupapress.com\/#website\",\"url\":\"https:\/\/avrupapress.com\/\",\"name\":\"AvrupaPress\",\"description\":\"Haberin Adresi\",\"publisher\":{\"@id\":\"https:\/\/avrupapress.com\/#\/schema\/person\/0223dca19c72c43575bf30d1a2d8f4fa\"},\"potentialAction\":[{\"@type\":\"SearchAction\",\"target\":{\"@type\":\"EntryPoint\",\"urlTemplate\":\"https:\/\/avrupapress.com\/?s={search_term_string}\"},\"query-input\":{\"@type\":\"PropertyValueSpecification\",\"valueRequired\":true,\"valueName\":\"search_term_string\"}}],\"inLanguage\":\"fr-BE\"},{\"@type\":[\"Person\",\"Organization\"],\"@id\":\"https:\/\/avrupapress.com\/#\/schema\/person\/0223dca19c72c43575bf30d1a2d8f4fa\",\"name\":\"Bilgin \u00d6z\u00e7ift\u00e7i\",\"image\":{\"@type\":\"ImageObject\",\"inLanguage\":\"fr-BE\",\"@id\":\"https:\/\/avrupapress.com\/#\/schema\/person\/image\/\",\"url\":\"https:\/\/secure.gravatar.com\/avatar\/0f23b280433a21e1ea7a0adcc46ed0ad16afe3ad8e630fd13d8a017dcbd54ef3?s=96&d=mm&r=g\",\"contentUrl\":\"https:\/\/secure.gravatar.com\/avatar\/0f23b280433a21e1ea7a0adcc46ed0ad16afe3ad8e630fd13d8a017dcbd54ef3?s=96&d=mm&r=g\",\"caption\":\"Bilgin \u00d6z\u00e7ift\u00e7i\"},\"logo\":{\"@id\":\"https:\/\/avrupapress.com\/#\/schema\/person\/image\/\"},\"description\":\"Ne ben, nede sen... Biz ancak \\\"biz\\\" olursak g\u00fc\u00e7l\u00fc olabiliriz\"},{\"@type\":\"Person\",\"@id\":\"https:\/\/avrupapress.com\/#\/schema\/person\/68428444ec60970d1e1b700cf4ca1e8f\",\"name\":\"Edit\u00f6r\",\"image\":{\"@type\":\"ImageObject\",\"inLanguage\":\"fr-BE\",\"@id\":\"https:\/\/avrupapress.com\/#\/schema\/person\/image\/\",\"url\":\"https:\/\/secure.gravatar.com\/avatar\/74996b0977aa5f1559ba9883776652508b229005c0d78fb2597897f0bd651c09?s=96&d=mm&r=g\",\"contentUrl\":\"https:\/\/secure.gravatar.com\/avatar\/74996b0977aa5f1559ba9883776652508b229005c0d78fb2597897f0bd651c09?s=96&d=mm&r=g\",\"caption\":\"Edit\u00f6r\"},\"sameAs\":[\"http:\/\/www.avrupapress.com\"],\"url\":\"https:\/\/avrupapress.com\/main\/author\/editor\/\"}]}<\/script>\n<!-- \/ Yoast SEO plugin. -->","yoast_head_json":{"title":"ORTAK PAYDADA ZENG\u0130NLE\u015eMEK - AvrupaPress","robots":{"index":"index","follow":"follow","max-snippet":"max-snippet:-1","max-image-preview":"max-image-preview:large","max-video-preview":"max-video-preview:-1"},"canonical":"https:\/\/avrupapress.com\/main\/2025\/07\/24\/ortak-paydada-zenginlesmek\/","og_locale":"fr_FR","og_type":"article","og_title":"ORTAK PAYDADA ZENG\u0130NLE\u015eMEK - AvrupaPress","og_description":"\u00c7ok unsurlu b\u00f6lgelerde ya\u015fanan \u00e7eki\u015fmeler T\u00fcrkiye ve Suriye gibi \u00fclkelerde s\u0131kl\u0131kla g\u00f6r\u00fclmektedir. Etnik unsurlar, bir di\u011feri ile s\u00fcrekli \u00e7at\u0131\u015f\u0131rken ya\u015fanan bu \u00e7at\u0131\u015fmalar asl\u0131nda daha fazla b\u00f6l\u00fcnmelere ve zay\u0131flamalara neden olmaktad\u0131r. T\u00fcrk \u2013 K\u00fcrt, Alevi \u2013 S\u00fcnni, \u0130slamc\u0131 \u2013 Laik gibi bir\u00e7ok \u00f6rne\u011fi g\u00f6r\u00fclen bu durum asl\u0131nda d\u0131\u015f mihraklar taraf\u0131ndan s\u00fcrekli ka\u015f\u0131nan ve taze tutulan bir [&hellip;]","og_url":"https:\/\/avrupapress.com\/main\/2025\/07\/24\/ortak-paydada-zenginlesmek\/","og_site_name":"AvrupaPress","article_published_time":"2025-07-24T20:09:58+00:00","article_modified_time":"2025-07-24T20:10:05+00:00","og_image":[{"width":257,"height":231,"url":"https:\/\/avrupapress.com\/main\/wp-content\/uploads\/2025\/07\/thumbnail_IMG-20240905-WA0024-e1725567011135.jpg","type":"image\/jpeg"}],"author":"Edit\u00f6r","twitter_card":"summary_large_image","twitter_misc":{"\u00c9crit par":"Edit\u00f6r","Dur\u00e9e de lecture est.":"3 minutes"},"schema":{"@context":"https:\/\/schema.org","@graph":[{"@type":"Article","@id":"https:\/\/avrupapress.com\/main\/2025\/07\/24\/ortak-paydada-zenginlesmek\/#article","isPartOf":{"@id":"https:\/\/avrupapress.com\/main\/2025\/07\/24\/ortak-paydada-zenginlesmek\/"},"author":{"name":"Edit\u00f6r","@id":"https:\/\/avrupapress.com\/#\/schema\/person\/68428444ec60970d1e1b700cf4ca1e8f"},"headline":"ORTAK PAYDADA ZENG\u0130NLE\u015eMEK","datePublished":"2025-07-24T20:09:58+00:00","dateModified":"2025-07-24T20:10:05+00:00","mainEntityOfPage":{"@id":"https:\/\/avrupapress.com\/main\/2025\/07\/24\/ortak-paydada-zenginlesmek\/"},"wordCount":678,"publisher":{"@id":"https:\/\/avrupapress.com\/#\/schema\/person\/0223dca19c72c43575bf30d1a2d8f4fa"},"image":{"@id":"https:\/\/avrupapress.com\/main\/2025\/07\/24\/ortak-paydada-zenginlesmek\/#primaryimage"},"thumbnailUrl":"https:\/\/avrupapress.com\/main\/wp-content\/uploads\/2025\/07\/thumbnail_IMG-20240905-WA0024-e1725567011135.jpg","articleSection":["Avrupa","Bel\u00e7ika","D\u00fcnya","Ekonomi","K\u00fclt\u00fcr-Sanat","Spor","Tan\u0131t\u0131m","T\u00fcrkiye","Uncategorized"],"inLanguage":"fr-BE"},{"@type":"WebPage","@id":"https:\/\/avrupapress.com\/main\/2025\/07\/24\/ortak-paydada-zenginlesmek\/","url":"https:\/\/avrupapress.com\/main\/2025\/07\/24\/ortak-paydada-zenginlesmek\/","name":"ORTAK PAYDADA ZENG\u0130NLE\u015eMEK - AvrupaPress","isPartOf":{"@id":"https:\/\/avrupapress.com\/#website"},"primaryImageOfPage":{"@id":"https:\/\/avrupapress.com\/main\/2025\/07\/24\/ortak-paydada-zenginlesmek\/#primaryimage"},"image":{"@id":"https:\/\/avrupapress.com\/main\/2025\/07\/24\/ortak-paydada-zenginlesmek\/#primaryimage"},"thumbnailUrl":"https:\/\/avrupapress.com\/main\/wp-content\/uploads\/2025\/07\/thumbnail_IMG-20240905-WA0024-e1725567011135.jpg","datePublished":"2025-07-24T20:09:58+00:00","dateModified":"2025-07-24T20:10:05+00:00","breadcrumb":{"@id":"https:\/\/avrupapress.com\/main\/2025\/07\/24\/ortak-paydada-zenginlesmek\/#breadcrumb"},"inLanguage":"fr-BE","potentialAction":[{"@type":"ReadAction","target":["https:\/\/avrupapress.com\/main\/2025\/07\/24\/ortak-paydada-zenginlesmek\/"]}]},{"@type":"ImageObject","inLanguage":"fr-BE","@id":"https:\/\/avrupapress.com\/main\/2025\/07\/24\/ortak-paydada-zenginlesmek\/#primaryimage","url":"https:\/\/avrupapress.com\/main\/wp-content\/uploads\/2025\/07\/thumbnail_IMG-20240905-WA0024-e1725567011135.jpg","contentUrl":"https:\/\/avrupapress.com\/main\/wp-content\/uploads\/2025\/07\/thumbnail_IMG-20240905-WA0024-e1725567011135.jpg","width":257,"height":231},{"@type":"BreadcrumbList","@id":"https:\/\/avrupapress.com\/main\/2025\/07\/24\/ortak-paydada-zenginlesmek\/#breadcrumb","itemListElement":[{"@type":"ListItem","position":1,"name":"Anasayfa","item":"https:\/\/avrupapress.com\/"},{"@type":"ListItem","position":2,"name":"ORTAK PAYDADA ZENG\u0130NLE\u015eMEK"}]},{"@type":"WebSite","@id":"https:\/\/avrupapress.com\/#website","url":"https:\/\/avrupapress.com\/","name":"AvrupaPress","description":"Haberin Adresi","publisher":{"@id":"https:\/\/avrupapress.com\/#\/schema\/person\/0223dca19c72c43575bf30d1a2d8f4fa"},"potentialAction":[{"@type":"SearchAction","target":{"@type":"EntryPoint","urlTemplate":"https:\/\/avrupapress.com\/?s={search_term_string}"},"query-input":{"@type":"PropertyValueSpecification","valueRequired":true,"valueName":"search_term_string"}}],"inLanguage":"fr-BE"},{"@type":["Person","Organization"],"@id":"https:\/\/avrupapress.com\/#\/schema\/person\/0223dca19c72c43575bf30d1a2d8f4fa","name":"Bilgin \u00d6z\u00e7ift\u00e7i","image":{"@type":"ImageObject","inLanguage":"fr-BE","@id":"https:\/\/avrupapress.com\/#\/schema\/person\/image\/","url":"https:\/\/secure.gravatar.com\/avatar\/0f23b280433a21e1ea7a0adcc46ed0ad16afe3ad8e630fd13d8a017dcbd54ef3?s=96&d=mm&r=g","contentUrl":"https:\/\/secure.gravatar.com\/avatar\/0f23b280433a21e1ea7a0adcc46ed0ad16afe3ad8e630fd13d8a017dcbd54ef3?s=96&d=mm&r=g","caption":"Bilgin \u00d6z\u00e7ift\u00e7i"},"logo":{"@id":"https:\/\/avrupapress.com\/#\/schema\/person\/image\/"},"description":"Ne ben, nede sen... Biz ancak \"biz\" olursak g\u00fc\u00e7l\u00fc olabiliriz"},{"@type":"Person","@id":"https:\/\/avrupapress.com\/#\/schema\/person\/68428444ec60970d1e1b700cf4ca1e8f","name":"Edit\u00f6r","image":{"@type":"ImageObject","inLanguage":"fr-BE","@id":"https:\/\/avrupapress.com\/#\/schema\/person\/image\/","url":"https:\/\/secure.gravatar.com\/avatar\/74996b0977aa5f1559ba9883776652508b229005c0d78fb2597897f0bd651c09?s=96&d=mm&r=g","contentUrl":"https:\/\/secure.gravatar.com\/avatar\/74996b0977aa5f1559ba9883776652508b229005c0d78fb2597897f0bd651c09?s=96&d=mm&r=g","caption":"Edit\u00f6r"},"sameAs":["http:\/\/www.avrupapress.com"],"url":"https:\/\/avrupapress.com\/main\/author\/editor\/"}]}},"_links":{"self":[{"href":"https:\/\/avrupapress.com\/main\/wp-json\/wp\/v2\/posts\/30179","targetHints":{"allow":["GET"]}}],"collection":[{"href":"https:\/\/avrupapress.com\/main\/wp-json\/wp\/v2\/posts"}],"about":[{"href":"https:\/\/avrupapress.com\/main\/wp-json\/wp\/v2\/types\/post"}],"author":[{"embeddable":true,"href":"https:\/\/avrupapress.com\/main\/wp-json\/wp\/v2\/users\/3"}],"replies":[{"embeddable":true,"href":"https:\/\/avrupapress.com\/main\/wp-json\/wp\/v2\/comments?post=30179"}],"version-history":[{"count":1,"href":"https:\/\/avrupapress.com\/main\/wp-json\/wp\/v2\/posts\/30179\/revisions"}],"predecessor-version":[{"id":30181,"href":"https:\/\/avrupapress.com\/main\/wp-json\/wp\/v2\/posts\/30179\/revisions\/30181"}],"wp:featuredmedia":[{"embeddable":true,"href":"https:\/\/avrupapress.com\/main\/wp-json\/wp\/v2\/media\/30180"}],"wp:attachment":[{"href":"https:\/\/avrupapress.com\/main\/wp-json\/wp\/v2\/media?parent=30179"}],"wp:term":[{"taxonomy":"category","embeddable":true,"href":"https:\/\/avrupapress.com\/main\/wp-json\/wp\/v2\/categories?post=30179"},{"taxonomy":"post_tag","embeddable":true,"href":"https:\/\/avrupapress.com\/main\/wp-json\/wp\/v2\/tags?post=30179"}],"curies":[{"name":"wp","href":"https:\/\/api.w.org\/{rel}","templated":true}]}}