{"id":30176,"date":"2025-07-23T21:27:55","date_gmt":"2025-07-23T21:27:55","guid":{"rendered":"https:\/\/avrupapress.com\/main\/?p=30176"},"modified":"2025-07-23T21:28:00","modified_gmt":"2025-07-23T21:28:00","slug":"24-temmuz-gazeteciler-ve-basin-bayrami-kutlu-olsun-3","status":"publish","type":"post","link":"https:\/\/avrupapress.com\/main\/2025\/07\/23\/24-temmuz-gazeteciler-ve-basin-bayrami-kutlu-olsun-3\/","title":{"rendered":"24 TEMMUZ GAZETEC\u0130LER VE BASIN BAYRAMI KUTLU OLSUN\u2026.."},"content":{"rendered":"<h2>24 Temmuz Bas\u0131n Bayram\u0131 kutlama mesajlar\u0131 bug\u00fcn itibar\u0131yla payla\u015f\u0131l\u0131yor. Bas\u0131n Bayram\u0131 veya Bas\u0131n \u00d6zg\u00fcrl\u00fc\u011f\u00fc i\u00e7in M\u00fccadele G\u00fcn\u00fc her y\u0131l 24 Temmuz tarihinde kutlan\u0131yor. \u0130stanbul\u2019da \u00e7\u0131kan gazeteler, Osmanl\u0131 Devleti\u2019nde II. Me\u015frutiyet\u2019in ilan edildi\u011fi 24 Temmuz 1908 g\u00fcn\u00fc sans\u00fcr memurlar\u0131n\u0131 i\u00e7eri sokmama ve gazetelerini sans\u00fcre yollamadan basma karar\u0131 vermi\u015fti. Bu olay, T\u00fcrkiye Gazeteciler Cemiyeti\u2019nin 1948 y\u0131l\u0131nda ald\u0131\u011f\u0131 kararla Bas\u0131n Bayram\u0131 olarak ilan etmi\u015ftir. Peki, Gazeteciler ve Bas\u0131n Bayram\u0131 nedir, neden kutlan\u0131r?<\/h2>\n<p><img loading=\"lazy\" decoding=\"async\" class=\"alignnone size-medium wp-image-26610\" src=\"https:\/\/avrupapress.com\/main\/wp-content\/uploads\/2024\/07\/001_800x424-300x159.jpg\" sizes=\"auto, (max-width: 300px) 100vw, 300px\" srcset=\"https:\/\/avrupapress.com\/main\/wp-content\/uploads\/2024\/07\/001_800x424-300x159.jpg 300w, https:\/\/avrupapress.com\/main\/wp-content\/uploads\/2024\/07\/001_800x424-768x407.jpg 768w, https:\/\/avrupapress.com\/main\/wp-content\/uploads\/2024\/07\/001_800x424.jpg 1024w\" alt=\"\" width=\"300\" height=\"159\" \/><\/p>\n<h2>24 TEMMUZ GAZETEC\u0130LER VE BASIN BAYRAMI NED\u0130R, NEDEN KUTLANIR?<\/h2>\n<h4>Padi\u015fah II. Abd\u00fclhamit\u2019in saltanat\u0131 s\u0131ras\u0131nda \u00ab\u00a0\u0130stibdat d\u00f6nemi\u00a0\u00bb diye adland\u0131r\u0131lan d\u00f6nemde gazetelerin ancak sans\u00fcr memurlar\u0131n\u0131n denetiminden ge\u00e7tikten sonra yay\u0131mland\u0131\u011f\u0131 Osmanl\u0131 Devleti\u2019nde, II. Me\u015frutiyet\u2019in ilan edildi\u011fi 24 Temmuz 1908 g\u00fcn\u00fc, \u0130stanbul\u2019da \u00e7\u0131kan bir avu\u00e7 gazete, kendi aralar\u0131nda sans\u00fcrc\u00fcleri i\u00e7eri sokmama ve gazetelerini sans\u00fcre yollamadan basma karar\u0131 vermi\u015flerdi. Bu olay, 24 Temmuz\u2019un \u201cBas\u0131n Bayram\u0131\u201d olarak kutlanmas\u0131na vesile oldu.<\/h4>\n<h4>Bir bas\u0131n g\u00fcn\u00fc olu\u015fturulmas\u0131 \u00f6nerisi, 1946 y\u0131l\u0131nda T\u00fcrkiye Gazeteciler Cemiyeti\u2019nin kurulu\u015fu ile g\u00fcndeme geldi. Ba\u015flang\u0131\u00e7ta, T\u00fcrkiye\u2019de ilk gazetenin \u00e7\u0131k\u0131\u015f tarihinin Bas\u0131n Bayram\u0131 olmas\u0131 d\u00fc\u015f\u00fcn\u00fclm\u00fc\u015ft\u00fc. Ancak ilk gazetenin \u00e7\u0131k\u0131\u015f tarihi tart\u0131\u015fma konusu oldu. Kimileri 1831\u2019de Takvim-i Vakayi\u2019nin yay\u0131nlamaya ba\u015flad\u0131\u011f\u0131 g\u00fcn\u00fc T\u00fcrkiye\u2019de ilk gazetenin \u00e7\u0131kt\u0131\u011f\u0131 tarih olarak kabul ederken, kimileri resm\u00ee gazete oldu\u011fu i\u00e7in Takvim-i Vakayi\u2019nin ilk gazete say\u0131lmayaca\u011f\u0131n\u0131, 1861\u2019de \u00e7\u0131kan Terc\u00fcman-\u0131 Hakikat\u2019in T\u00fcrkiye\u2019de ilk gazete olarak kabul edilmesi gerekti\u011fini \u00f6ne s\u00fcrmekteydi. \u0130lk gazete konusunda anla\u015fma sa\u011flanamay\u0131nca gazeteci Refik Halit Karay, Osmanl\u0131 Devleti\u2019nde II. Me\u015frutiyet\u2019in ilan edili\u015finin y\u0131ld\u00f6n\u00fcm\u00fc olan 24 Temmuz g\u00fcn\u00fcn\u00fc Bas\u0131n Bayram\u0131 olarak kutlamay\u0131 \u00f6nerdi.<\/h4>\n<h4>24 Temmuz g\u00fcn\u00fc 22 y\u0131l boyunca meslek \u00f6rg\u00fctleri taraf\u0131ndan \u00ab\u00a0Bas\u0131n Bayram\u0131\u00a0\u00bb olarak kutland\u0131. T\u00fcrkiye Gazeteciler Cemiyeti, 12 Mart 1971 Muht\u0131ras\u0131 sonras\u0131 bask\u0131lar\u0131n \u0130stibdat D\u00f6nemi\u2019ni hat\u0131rlatt\u0131\u011f\u0131 gerek\u00e7esiyle \u00ab\u00a0Bas\u0131n Bayram\u0131\u00a0\u00bb ifadesinin kald\u0131r\u0131lmas\u0131na karar verdi. \u00ab\u00a0Bas\u0131n Bayram\u0131\u00a0\u00bb, \u00ab\u00a0Geleneksel Gazeteciler G\u00fcn\u00fc ve Bas\u0131n \u00d6zg\u00fcrl\u00fc\u011f\u00fc i\u00e7in M\u00fccadele G\u00fcn\u00fc\u00a0\u00bb ad\u0131n\u0131 ald\u0131.<\/h4>\n<h4>Avrupapress Gazetesi olarak.. 24 Temmuz Gazeteciler ve Bas\u0131n Bayram\u0131\u2019n\u0131 kutluyor, \u00e7al\u0131\u015fmalar\u0131nda ba\u015far\u0131lar diliyorum\u2026.<\/h4>\n<p>&nbsp;<\/p>\n<p><strong>Bilgin Ozcifci\u00a0 \u00a0 \u00a0\/\u00a0 \u00a0 \u00a0AVRUPAPRESS<\/strong><\/p>\n<p>&nbsp;<\/p>\n","protected":false},"excerpt":{"rendered":"<p>24 Temmuz Bas\u0131n Bayram\u0131 kutlama mesajlar\u0131 bug\u00fcn itibar\u0131yla payla\u015f\u0131l\u0131yor. Bas\u0131n Bayram\u0131 veya Bas\u0131n \u00d6zg\u00fcrl\u00fc\u011f\u00fc i\u00e7in M\u00fccadele G\u00fcn\u00fc her y\u0131l 24 Temmuz tarihinde kutlan\u0131yor. \u0130stanbul\u2019da \u00e7\u0131kan gazeteler, Osmanl\u0131 Devleti\u2019nde II. Me\u015frutiyet\u2019in ilan edildi\u011fi 24 Temmuz 1908 g\u00fcn\u00fc sans\u00fcr memurlar\u0131n\u0131 i\u00e7eri sokmama ve gazetelerini sans\u00fcre yollamadan basma karar\u0131 vermi\u015fti. Bu olay, T\u00fcrkiye Gazeteciler Cemiyeti\u2019nin 1948 y\u0131l\u0131nda ald\u0131\u011f\u0131 [&hellip;]<\/p>\n","protected":false},"author":3,"featured_media":30177,"comment_status":"closed","ping_status":"open","sticky":false,"template":"","format":"standard","meta":{"footnotes":""},"categories":[14,16,3,17,18,15,19,2,1],"tags":[],"class_list":["post-30176","post","type-post","status-publish","format-standard","has-post-thumbnail","hentry","category-avrupa","category-belcika","category-dunya","category-ekonomi","category-kultur-sanat","category-spor","category-tanitim","category-turkiye","category-uncategorized"],"yoast_head":"<!-- This site is optimized with the Yoast SEO plugin v26.9 - https:\/\/yoast.com\/product\/yoast-seo-wordpress\/ -->\n<title>24 TEMMUZ GAZETEC\u0130LER VE BASIN BAYRAMI KUTLU OLSUN\u2026.. - AvrupaPress<\/title>\n<meta name=\"robots\" content=\"index, follow, max-snippet:-1, max-image-preview:large, max-video-preview:-1\" \/>\n<link rel=\"canonical\" href=\"https:\/\/avrupapress.com\/main\/2025\/07\/23\/24-temmuz-gazeteciler-ve-basin-bayrami-kutlu-olsun-3\/\" \/>\n<meta property=\"og:locale\" content=\"fr_FR\" \/>\n<meta property=\"og:type\" content=\"article\" \/>\n<meta property=\"og:title\" content=\"24 TEMMUZ GAZETEC\u0130LER VE BASIN BAYRAMI KUTLU OLSUN\u2026.. - AvrupaPress\" \/>\n<meta property=\"og:description\" content=\"24 Temmuz Bas\u0131n Bayram\u0131 kutlama mesajlar\u0131 bug\u00fcn itibar\u0131yla payla\u015f\u0131l\u0131yor. Bas\u0131n Bayram\u0131 veya Bas\u0131n \u00d6zg\u00fcrl\u00fc\u011f\u00fc i\u00e7in M\u00fccadele G\u00fcn\u00fc her y\u0131l 24 Temmuz tarihinde kutlan\u0131yor. \u0130stanbul\u2019da \u00e7\u0131kan gazeteler, Osmanl\u0131 Devleti\u2019nde II. Me\u015frutiyet\u2019in ilan edildi\u011fi 24 Temmuz 1908 g\u00fcn\u00fc sans\u00fcr memurlar\u0131n\u0131 i\u00e7eri sokmama ve gazetelerini sans\u00fcre yollamadan basma karar\u0131 vermi\u015fti. Bu olay, T\u00fcrkiye Gazeteciler Cemiyeti\u2019nin 1948 y\u0131l\u0131nda ald\u0131\u011f\u0131 [&hellip;]\" \/>\n<meta property=\"og:url\" content=\"https:\/\/avrupapress.com\/main\/2025\/07\/23\/24-temmuz-gazeteciler-ve-basin-bayrami-kutlu-olsun-3\/\" \/>\n<meta property=\"og:site_name\" content=\"AvrupaPress\" \/>\n<meta property=\"article:published_time\" content=\"2025-07-23T21:27:55+00:00\" \/>\n<meta property=\"article:modified_time\" content=\"2025-07-23T21:28:00+00:00\" \/>\n<meta property=\"og:image\" content=\"https:\/\/avrupapress.com\/main\/wp-content\/uploads\/2025\/07\/001_800x424-740x420-1.jpg\" \/>\n\t<meta property=\"og:image:width\" content=\"740\" \/>\n\t<meta property=\"og:image:height\" content=\"420\" \/>\n\t<meta property=\"og:image:type\" content=\"image\/jpeg\" \/>\n<meta name=\"author\" content=\"Edit\u00f6r\" \/>\n<meta name=\"twitter:card\" content=\"summary_large_image\" \/>\n<meta name=\"twitter:label1\" content=\"\u00c9crit par\" \/>\n\t<meta name=\"twitter:data1\" content=\"Edit\u00f6r\" \/>\n\t<meta name=\"twitter:label2\" content=\"Dur\u00e9e de lecture est.\" \/>\n\t<meta name=\"twitter:data2\" content=\"2 minutes\" \/>\n<script type=\"application\/ld+json\" class=\"yoast-schema-graph\">{\"@context\":\"https:\/\/schema.org\",\"@graph\":[{\"@type\":\"Article\",\"@id\":\"https:\/\/avrupapress.com\/main\/2025\/07\/23\/24-temmuz-gazeteciler-ve-basin-bayrami-kutlu-olsun-3\/#article\",\"isPartOf\":{\"@id\":\"https:\/\/avrupapress.com\/main\/2025\/07\/23\/24-temmuz-gazeteciler-ve-basin-bayrami-kutlu-olsun-3\/\"},\"author\":{\"name\":\"Edit\u00f6r\",\"@id\":\"https:\/\/avrupapress.com\/#\/schema\/person\/68428444ec60970d1e1b700cf4ca1e8f\"},\"headline\":\"24 TEMMUZ GAZETEC\u0130LER VE BASIN BAYRAMI KUTLU OLSUN\u2026..\",\"datePublished\":\"2025-07-23T21:27:55+00:00\",\"dateModified\":\"2025-07-23T21:28:00+00:00\",\"mainEntityOfPage\":{\"@id\":\"https:\/\/avrupapress.com\/main\/2025\/07\/23\/24-temmuz-gazeteciler-ve-basin-bayrami-kutlu-olsun-3\/\"},\"wordCount\":425,\"publisher\":{\"@id\":\"https:\/\/avrupapress.com\/#\/schema\/person\/0223dca19c72c43575bf30d1a2d8f4fa\"},\"image\":{\"@id\":\"https:\/\/avrupapress.com\/main\/2025\/07\/23\/24-temmuz-gazeteciler-ve-basin-bayrami-kutlu-olsun-3\/#primaryimage\"},\"thumbnailUrl\":\"https:\/\/avrupapress.com\/main\/wp-content\/uploads\/2025\/07\/001_800x424-740x420-1.jpg\",\"articleSection\":[\"Avrupa\",\"Bel\u00e7ika\",\"D\u00fcnya\",\"Ekonomi\",\"K\u00fclt\u00fcr-Sanat\",\"Spor\",\"Tan\u0131t\u0131m\",\"T\u00fcrkiye\",\"Uncategorized\"],\"inLanguage\":\"fr-BE\"},{\"@type\":\"WebPage\",\"@id\":\"https:\/\/avrupapress.com\/main\/2025\/07\/23\/24-temmuz-gazeteciler-ve-basin-bayrami-kutlu-olsun-3\/\",\"url\":\"https:\/\/avrupapress.com\/main\/2025\/07\/23\/24-temmuz-gazeteciler-ve-basin-bayrami-kutlu-olsun-3\/\",\"name\":\"24 TEMMUZ GAZETEC\u0130LER VE BASIN BAYRAMI KUTLU OLSUN\u2026.. - AvrupaPress\",\"isPartOf\":{\"@id\":\"https:\/\/avrupapress.com\/#website\"},\"primaryImageOfPage\":{\"@id\":\"https:\/\/avrupapress.com\/main\/2025\/07\/23\/24-temmuz-gazeteciler-ve-basin-bayrami-kutlu-olsun-3\/#primaryimage\"},\"image\":{\"@id\":\"https:\/\/avrupapress.com\/main\/2025\/07\/23\/24-temmuz-gazeteciler-ve-basin-bayrami-kutlu-olsun-3\/#primaryimage\"},\"thumbnailUrl\":\"https:\/\/avrupapress.com\/main\/wp-content\/uploads\/2025\/07\/001_800x424-740x420-1.jpg\",\"datePublished\":\"2025-07-23T21:27:55+00:00\",\"dateModified\":\"2025-07-23T21:28:00+00:00\",\"breadcrumb\":{\"@id\":\"https:\/\/avrupapress.com\/main\/2025\/07\/23\/24-temmuz-gazeteciler-ve-basin-bayrami-kutlu-olsun-3\/#breadcrumb\"},\"inLanguage\":\"fr-BE\",\"potentialAction\":[{\"@type\":\"ReadAction\",\"target\":[\"https:\/\/avrupapress.com\/main\/2025\/07\/23\/24-temmuz-gazeteciler-ve-basin-bayrami-kutlu-olsun-3\/\"]}]},{\"@type\":\"ImageObject\",\"inLanguage\":\"fr-BE\",\"@id\":\"https:\/\/avrupapress.com\/main\/2025\/07\/23\/24-temmuz-gazeteciler-ve-basin-bayrami-kutlu-olsun-3\/#primaryimage\",\"url\":\"https:\/\/avrupapress.com\/main\/wp-content\/uploads\/2025\/07\/001_800x424-740x420-1.jpg\",\"contentUrl\":\"https:\/\/avrupapress.com\/main\/wp-content\/uploads\/2025\/07\/001_800x424-740x420-1.jpg\",\"width\":740,\"height\":420},{\"@type\":\"BreadcrumbList\",\"@id\":\"https:\/\/avrupapress.com\/main\/2025\/07\/23\/24-temmuz-gazeteciler-ve-basin-bayrami-kutlu-olsun-3\/#breadcrumb\",\"itemListElement\":[{\"@type\":\"ListItem\",\"position\":1,\"name\":\"Anasayfa\",\"item\":\"https:\/\/avrupapress.com\/\"},{\"@type\":\"ListItem\",\"position\":2,\"name\":\"24 TEMMUZ GAZETEC\u0130LER VE BASIN BAYRAMI KUTLU OLSUN\u2026..\"}]},{\"@type\":\"WebSite\",\"@id\":\"https:\/\/avrupapress.com\/#website\",\"url\":\"https:\/\/avrupapress.com\/\",\"name\":\"AvrupaPress\",\"description\":\"Haberin Adresi\",\"publisher\":{\"@id\":\"https:\/\/avrupapress.com\/#\/schema\/person\/0223dca19c72c43575bf30d1a2d8f4fa\"},\"potentialAction\":[{\"@type\":\"SearchAction\",\"target\":{\"@type\":\"EntryPoint\",\"urlTemplate\":\"https:\/\/avrupapress.com\/?s={search_term_string}\"},\"query-input\":{\"@type\":\"PropertyValueSpecification\",\"valueRequired\":true,\"valueName\":\"search_term_string\"}}],\"inLanguage\":\"fr-BE\"},{\"@type\":[\"Person\",\"Organization\"],\"@id\":\"https:\/\/avrupapress.com\/#\/schema\/person\/0223dca19c72c43575bf30d1a2d8f4fa\",\"name\":\"Bilgin \u00d6z\u00e7ift\u00e7i\",\"image\":{\"@type\":\"ImageObject\",\"inLanguage\":\"fr-BE\",\"@id\":\"https:\/\/avrupapress.com\/#\/schema\/person\/image\/\",\"url\":\"https:\/\/secure.gravatar.com\/avatar\/0f23b280433a21e1ea7a0adcc46ed0ad16afe3ad8e630fd13d8a017dcbd54ef3?s=96&d=mm&r=g\",\"contentUrl\":\"https:\/\/secure.gravatar.com\/avatar\/0f23b280433a21e1ea7a0adcc46ed0ad16afe3ad8e630fd13d8a017dcbd54ef3?s=96&d=mm&r=g\",\"caption\":\"Bilgin \u00d6z\u00e7ift\u00e7i\"},\"logo\":{\"@id\":\"https:\/\/avrupapress.com\/#\/schema\/person\/image\/\"},\"description\":\"Ne ben, nede sen... Biz ancak \\\"biz\\\" olursak g\u00fc\u00e7l\u00fc olabiliriz\"},{\"@type\":\"Person\",\"@id\":\"https:\/\/avrupapress.com\/#\/schema\/person\/68428444ec60970d1e1b700cf4ca1e8f\",\"name\":\"Edit\u00f6r\",\"image\":{\"@type\":\"ImageObject\",\"inLanguage\":\"fr-BE\",\"@id\":\"https:\/\/avrupapress.com\/#\/schema\/person\/image\/\",\"url\":\"https:\/\/secure.gravatar.com\/avatar\/74996b0977aa5f1559ba9883776652508b229005c0d78fb2597897f0bd651c09?s=96&d=mm&r=g\",\"contentUrl\":\"https:\/\/secure.gravatar.com\/avatar\/74996b0977aa5f1559ba9883776652508b229005c0d78fb2597897f0bd651c09?s=96&d=mm&r=g\",\"caption\":\"Edit\u00f6r\"},\"sameAs\":[\"http:\/\/www.avrupapress.com\"],\"url\":\"https:\/\/avrupapress.com\/main\/author\/editor\/\"}]}<\/script>\n<!-- \/ Yoast SEO plugin. -->","yoast_head_json":{"title":"24 TEMMUZ GAZETEC\u0130LER VE BASIN BAYRAMI KUTLU OLSUN\u2026.. - AvrupaPress","robots":{"index":"index","follow":"follow","max-snippet":"max-snippet:-1","max-image-preview":"max-image-preview:large","max-video-preview":"max-video-preview:-1"},"canonical":"https:\/\/avrupapress.com\/main\/2025\/07\/23\/24-temmuz-gazeteciler-ve-basin-bayrami-kutlu-olsun-3\/","og_locale":"fr_FR","og_type":"article","og_title":"24 TEMMUZ GAZETEC\u0130LER VE BASIN BAYRAMI KUTLU OLSUN\u2026.. - AvrupaPress","og_description":"24 Temmuz Bas\u0131n Bayram\u0131 kutlama mesajlar\u0131 bug\u00fcn itibar\u0131yla payla\u015f\u0131l\u0131yor. Bas\u0131n Bayram\u0131 veya Bas\u0131n \u00d6zg\u00fcrl\u00fc\u011f\u00fc i\u00e7in M\u00fccadele G\u00fcn\u00fc her y\u0131l 24 Temmuz tarihinde kutlan\u0131yor. \u0130stanbul\u2019da \u00e7\u0131kan gazeteler, Osmanl\u0131 Devleti\u2019nde II. Me\u015frutiyet\u2019in ilan edildi\u011fi 24 Temmuz 1908 g\u00fcn\u00fc sans\u00fcr memurlar\u0131n\u0131 i\u00e7eri sokmama ve gazetelerini sans\u00fcre yollamadan basma karar\u0131 vermi\u015fti. Bu olay, T\u00fcrkiye Gazeteciler Cemiyeti\u2019nin 1948 y\u0131l\u0131nda ald\u0131\u011f\u0131 [&hellip;]","og_url":"https:\/\/avrupapress.com\/main\/2025\/07\/23\/24-temmuz-gazeteciler-ve-basin-bayrami-kutlu-olsun-3\/","og_site_name":"AvrupaPress","article_published_time":"2025-07-23T21:27:55+00:00","article_modified_time":"2025-07-23T21:28:00+00:00","og_image":[{"width":740,"height":420,"url":"https:\/\/avrupapress.com\/main\/wp-content\/uploads\/2025\/07\/001_800x424-740x420-1.jpg","type":"image\/jpeg"}],"author":"Edit\u00f6r","twitter_card":"summary_large_image","twitter_misc":{"\u00c9crit par":"Edit\u00f6r","Dur\u00e9e de lecture est.":"2 minutes"},"schema":{"@context":"https:\/\/schema.org","@graph":[{"@type":"Article","@id":"https:\/\/avrupapress.com\/main\/2025\/07\/23\/24-temmuz-gazeteciler-ve-basin-bayrami-kutlu-olsun-3\/#article","isPartOf":{"@id":"https:\/\/avrupapress.com\/main\/2025\/07\/23\/24-temmuz-gazeteciler-ve-basin-bayrami-kutlu-olsun-3\/"},"author":{"name":"Edit\u00f6r","@id":"https:\/\/avrupapress.com\/#\/schema\/person\/68428444ec60970d1e1b700cf4ca1e8f"},"headline":"24 TEMMUZ GAZETEC\u0130LER VE BASIN BAYRAMI KUTLU OLSUN\u2026..","datePublished":"2025-07-23T21:27:55+00:00","dateModified":"2025-07-23T21:28:00+00:00","mainEntityOfPage":{"@id":"https:\/\/avrupapress.com\/main\/2025\/07\/23\/24-temmuz-gazeteciler-ve-basin-bayrami-kutlu-olsun-3\/"},"wordCount":425,"publisher":{"@id":"https:\/\/avrupapress.com\/#\/schema\/person\/0223dca19c72c43575bf30d1a2d8f4fa"},"image":{"@id":"https:\/\/avrupapress.com\/main\/2025\/07\/23\/24-temmuz-gazeteciler-ve-basin-bayrami-kutlu-olsun-3\/#primaryimage"},"thumbnailUrl":"https:\/\/avrupapress.com\/main\/wp-content\/uploads\/2025\/07\/001_800x424-740x420-1.jpg","articleSection":["Avrupa","Bel\u00e7ika","D\u00fcnya","Ekonomi","K\u00fclt\u00fcr-Sanat","Spor","Tan\u0131t\u0131m","T\u00fcrkiye","Uncategorized"],"inLanguage":"fr-BE"},{"@type":"WebPage","@id":"https:\/\/avrupapress.com\/main\/2025\/07\/23\/24-temmuz-gazeteciler-ve-basin-bayrami-kutlu-olsun-3\/","url":"https:\/\/avrupapress.com\/main\/2025\/07\/23\/24-temmuz-gazeteciler-ve-basin-bayrami-kutlu-olsun-3\/","name":"24 TEMMUZ GAZETEC\u0130LER VE BASIN BAYRAMI KUTLU OLSUN\u2026.. - AvrupaPress","isPartOf":{"@id":"https:\/\/avrupapress.com\/#website"},"primaryImageOfPage":{"@id":"https:\/\/avrupapress.com\/main\/2025\/07\/23\/24-temmuz-gazeteciler-ve-basin-bayrami-kutlu-olsun-3\/#primaryimage"},"image":{"@id":"https:\/\/avrupapress.com\/main\/2025\/07\/23\/24-temmuz-gazeteciler-ve-basin-bayrami-kutlu-olsun-3\/#primaryimage"},"thumbnailUrl":"https:\/\/avrupapress.com\/main\/wp-content\/uploads\/2025\/07\/001_800x424-740x420-1.jpg","datePublished":"2025-07-23T21:27:55+00:00","dateModified":"2025-07-23T21:28:00+00:00","breadcrumb":{"@id":"https:\/\/avrupapress.com\/main\/2025\/07\/23\/24-temmuz-gazeteciler-ve-basin-bayrami-kutlu-olsun-3\/#breadcrumb"},"inLanguage":"fr-BE","potentialAction":[{"@type":"ReadAction","target":["https:\/\/avrupapress.com\/main\/2025\/07\/23\/24-temmuz-gazeteciler-ve-basin-bayrami-kutlu-olsun-3\/"]}]},{"@type":"ImageObject","inLanguage":"fr-BE","@id":"https:\/\/avrupapress.com\/main\/2025\/07\/23\/24-temmuz-gazeteciler-ve-basin-bayrami-kutlu-olsun-3\/#primaryimage","url":"https:\/\/avrupapress.com\/main\/wp-content\/uploads\/2025\/07\/001_800x424-740x420-1.jpg","contentUrl":"https:\/\/avrupapress.com\/main\/wp-content\/uploads\/2025\/07\/001_800x424-740x420-1.jpg","width":740,"height":420},{"@type":"BreadcrumbList","@id":"https:\/\/avrupapress.com\/main\/2025\/07\/23\/24-temmuz-gazeteciler-ve-basin-bayrami-kutlu-olsun-3\/#breadcrumb","itemListElement":[{"@type":"ListItem","position":1,"name":"Anasayfa","item":"https:\/\/avrupapress.com\/"},{"@type":"ListItem","position":2,"name":"24 TEMMUZ GAZETEC\u0130LER VE BASIN BAYRAMI KUTLU OLSUN\u2026.."}]},{"@type":"WebSite","@id":"https:\/\/avrupapress.com\/#website","url":"https:\/\/avrupapress.com\/","name":"AvrupaPress","description":"Haberin Adresi","publisher":{"@id":"https:\/\/avrupapress.com\/#\/schema\/person\/0223dca19c72c43575bf30d1a2d8f4fa"},"potentialAction":[{"@type":"SearchAction","target":{"@type":"EntryPoint","urlTemplate":"https:\/\/avrupapress.com\/?s={search_term_string}"},"query-input":{"@type":"PropertyValueSpecification","valueRequired":true,"valueName":"search_term_string"}}],"inLanguage":"fr-BE"},{"@type":["Person","Organization"],"@id":"https:\/\/avrupapress.com\/#\/schema\/person\/0223dca19c72c43575bf30d1a2d8f4fa","name":"Bilgin \u00d6z\u00e7ift\u00e7i","image":{"@type":"ImageObject","inLanguage":"fr-BE","@id":"https:\/\/avrupapress.com\/#\/schema\/person\/image\/","url":"https:\/\/secure.gravatar.com\/avatar\/0f23b280433a21e1ea7a0adcc46ed0ad16afe3ad8e630fd13d8a017dcbd54ef3?s=96&d=mm&r=g","contentUrl":"https:\/\/secure.gravatar.com\/avatar\/0f23b280433a21e1ea7a0adcc46ed0ad16afe3ad8e630fd13d8a017dcbd54ef3?s=96&d=mm&r=g","caption":"Bilgin \u00d6z\u00e7ift\u00e7i"},"logo":{"@id":"https:\/\/avrupapress.com\/#\/schema\/person\/image\/"},"description":"Ne ben, nede sen... Biz ancak \"biz\" olursak g\u00fc\u00e7l\u00fc olabiliriz"},{"@type":"Person","@id":"https:\/\/avrupapress.com\/#\/schema\/person\/68428444ec60970d1e1b700cf4ca1e8f","name":"Edit\u00f6r","image":{"@type":"ImageObject","inLanguage":"fr-BE","@id":"https:\/\/avrupapress.com\/#\/schema\/person\/image\/","url":"https:\/\/secure.gravatar.com\/avatar\/74996b0977aa5f1559ba9883776652508b229005c0d78fb2597897f0bd651c09?s=96&d=mm&r=g","contentUrl":"https:\/\/secure.gravatar.com\/avatar\/74996b0977aa5f1559ba9883776652508b229005c0d78fb2597897f0bd651c09?s=96&d=mm&r=g","caption":"Edit\u00f6r"},"sameAs":["http:\/\/www.avrupapress.com"],"url":"https:\/\/avrupapress.com\/main\/author\/editor\/"}]}},"_links":{"self":[{"href":"https:\/\/avrupapress.com\/main\/wp-json\/wp\/v2\/posts\/30176","targetHints":{"allow":["GET"]}}],"collection":[{"href":"https:\/\/avrupapress.com\/main\/wp-json\/wp\/v2\/posts"}],"about":[{"href":"https:\/\/avrupapress.com\/main\/wp-json\/wp\/v2\/types\/post"}],"author":[{"embeddable":true,"href":"https:\/\/avrupapress.com\/main\/wp-json\/wp\/v2\/users\/3"}],"replies":[{"embeddable":true,"href":"https:\/\/avrupapress.com\/main\/wp-json\/wp\/v2\/comments?post=30176"}],"version-history":[{"count":1,"href":"https:\/\/avrupapress.com\/main\/wp-json\/wp\/v2\/posts\/30176\/revisions"}],"predecessor-version":[{"id":30178,"href":"https:\/\/avrupapress.com\/main\/wp-json\/wp\/v2\/posts\/30176\/revisions\/30178"}],"wp:featuredmedia":[{"embeddable":true,"href":"https:\/\/avrupapress.com\/main\/wp-json\/wp\/v2\/media\/30177"}],"wp:attachment":[{"href":"https:\/\/avrupapress.com\/main\/wp-json\/wp\/v2\/media?parent=30176"}],"wp:term":[{"taxonomy":"category","embeddable":true,"href":"https:\/\/avrupapress.com\/main\/wp-json\/wp\/v2\/categories?post=30176"},{"taxonomy":"post_tag","embeddable":true,"href":"https:\/\/avrupapress.com\/main\/wp-json\/wp\/v2\/tags?post=30176"}],"curies":[{"name":"wp","href":"https:\/\/api.w.org\/{rel}","templated":true}]}}