{"id":29987,"date":"2025-06-30T21:05:32","date_gmt":"2025-06-30T21:05:32","guid":{"rendered":"https:\/\/avrupapress.com\/main\/?p=29987"},"modified":"2025-06-30T21:06:05","modified_gmt":"2025-06-30T21:06:05","slug":"arac-ile-turkiyeye-gelecek-olanlara-sila-yolu-bilgilendirmem","status":"publish","type":"post","link":"https:\/\/avrupapress.com\/main\/2025\/06\/30\/arac-ile-turkiyeye-gelecek-olanlara-sila-yolu-bilgilendirmem\/","title":{"rendered":"Ara\u00e7 ile T\u00fcrkiye&rsquo;ye gelecek olanlara S\u0131la Yolu bilgilendirme:"},"content":{"rendered":"<div dir=\"auto\" data-olk-copy-source=\"MessageBody\"><strong>Ara\u00e7 ile T\u00fcrkiye&rsquo;ye gelecek olanlara S\u0131la Yolu bilgilendirme:<\/strong><\/div>\n<div dir=\"auto\" data-olk-copy-source=\"MessageBody\">\n<div dir=\"auto\" data-olk-copy-source=\"MessageBody\">Benim herzamanki g\u00fczergah\u0131m \ud83c\udde7\ud83c\uddea -&gt; Hollanda -&gt; Almanya -&gt; Avusturya -&gt; Macaristan -&gt; S\u0131rbistan -&gt; Bulgaristan -&gt; \ud83c\uddf9\ud83c\uddf7<\/div>\n<div dir=\"auto\"><\/div>\n<div dir=\"auto\">Muhafazas\u0131 kolay ve herzaman ula\u015f\u0131labilir oldu\u011fu i\u00e7in Avusturya\/Macar\/Bulgar Vignetini resmi sitelerinden internet \u00fczeri gidi\u015f ve d\u00f6n\u00fc\u015f olarak alman\u0131z\u0131 tavsiye ederim.<\/div>\n<div dir=\"auto\"><\/div>\n<div dir=\"auto\">&#8211; Hollanda otoban\u0131nda 06u00-19u00 aras\u0131 h\u0131z s\u0131n\u0131r\u0131 100km\/s, o saatler d\u0131\u015f\u0131nda 120km\/s<\/div>\n<div dir=\"auto\">&#8211; Almanya&rsquo;ya giri\u015fte \u015ferit teke d\u00fc\u015f\u00fcyor ve polis ara\u00e7lara durdurmadan bakarak giri\u015f kontrolleri ger\u00e7ekle\u015ftiriyor. \u0130lk b\u00f6l\u00fcm h\u0131z s\u0131n\u0131r\u0131 100! \u0130lk kilometrelerde hemen sizi bir RADAR kar\u015f\u0131l\u0131yor, bundan dolay\u0131 arac\u0131mda hem Waze hem Google Maps herzaman a\u00e7\u0131k, size&rsquo;de \u015fiddetle tavsiye ederim. Almanya&rsquo;n\u0131n ilk 400\/500km&rsquo;lik b\u00f6l\u00fcm\u00fcnde \u00f6nceki y\u0131llara bakarak azalm\u0131\u015f olsada yine in\u015faatlar var.<\/div>\n<div dir=\"auto\">&#8211; Avusturya&rsquo;da ise h\u0131z s\u0131n\u0131r\u0131n\u0131 5km&rsquo;den fazla a\u015fmay\u0131n, yakla\u015f\u0131k 70\/80 RADAR var g\u00fczergah boyunca. WAZE bunlar\u0131n %95&rsquo;ini bildiriyor.<\/div>\n<div dir=\"auto\">&#8211; Macar&rsquo;da birka\u00e7 in\u015faat olsa da rahat ve 130\/140km\/s h\u0131z s\u0131n\u0131r\u0131.<\/div>\n<div dir=\"auto\">&#8211; S\u0131rp&rsquo;ta da h\u0131z s\u0131n\u0131r\u0131 ayn\u0131 \u015fekilde ve yollar \u00e7ok rahat, g\u00fczergah boyunca 2 yerde otoban paras\u0131 \u00f6d\u00fcyorsunuz ilk 7,5\u20ac ard\u0131ndan 12,5\u20ac (yan\u0131n\u0131zda 5\u20ac ve 50centler bulundurun) bu \u00f6deme istasyonlar\u0131n\u0131n hemen arkas\u0131nda devaml\u0131 polis bulunuyor kemerleriniz \u00f6zellikle kendi G\u00fcvenli\u011finiz i\u00e7in tak\u0131l\u0131 olmas\u0131n\u0131 unutmayal\u0131m!<\/div>\n<div dir=\"auto\">&#8211; Bulgar neredeyse tamamen otoban oldu\u011fundan R\u00fc\u015fvet\u00e7i polislerin durabildi\u011fi en fazla 1\/2 yer var. Bunlarda zaten otoban d\u0131\u015f\u0131 veya h\u0131z s\u0131n\u0131r\u0131&rsquo;n\u0131n d\u00fc\u015f\u00fck oldu\u011fu b\u00f6lgeler. Bulgar&rsquo;a girdikten k\u0131sa bir s\u00fcre sonra bir in\u015faat var baz\u0131 navigasyonlar sizi oradan \u00e7\u0131kar\u0131yor fakat siz normal bildi\u011fimiz yolu\/g\u00fczergah\u0131 takip ediyorsunuz yol kapal\u0131 de\u011fil.<\/div>\n<div dir=\"auto\">&#8211; T\u00fcrkiye bilindik T\u00fcrkiye, i\u015faret kullanmadan sollama yapan, \u00f6n\u00fcn\u00fcze giren trafik ter\u00f6ristlerine dikkat, a\u015fa\u011f\u0131 yukar\u0131 en rahat en bo\u015f \u015feritler en sa\u011f \u015feritler.<\/div>\n<div dir=\"auto\"><\/div>\n<div dir=\"auto\">Rabbim S\u0131la yolunuzu Sa\u011f Salim kazas\u0131z belas\u0131z bitirmenizi nasip etsin.<\/div>\n<div dir=\"auto\"><img loading=\"lazy\" decoding=\"async\" class=\"alignnone size-medium wp-image-29988\" src=\"https:\/\/avrupapress.com\/main\/wp-content\/uploads\/2025\/06\/thumbnail_facebook_1720559410758_7216549218780743464-300x225.jpg\" alt=\"\" width=\"300\" height=\"225\" \/><\/div>\n<div dir=\"auto\"><\/div>\n<div dir=\"auto\"><strong>Taner \u0130kiz\u00a0 \u00a0 \u00a0\/\u00a0 \u00a0 \u00a0 AVRUPAPRESS<\/strong><\/div>\n<div id=\"x_ms-outlook-mobile-body-separator-line\" dir=\"auto\"><\/div>\n<\/div>\n<div dir=\"auto\"><\/div>\n","protected":false},"excerpt":{"rendered":"<p>Ara\u00e7 ile T\u00fcrkiye&rsquo;ye gelecek olanlara S\u0131la Yolu bilgilendirme: Benim herzamanki g\u00fczergah\u0131m \ud83c\udde7\ud83c\uddea -&gt; Hollanda -&gt; Almanya -&gt; Avusturya -&gt; Macaristan -&gt; S\u0131rbistan -&gt; Bulgaristan -&gt; \ud83c\uddf9\ud83c\uddf7 Muhafazas\u0131 kolay ve herzaman ula\u015f\u0131labilir oldu\u011fu i\u00e7in Avusturya\/Macar\/Bulgar Vignetini resmi sitelerinden internet \u00fczeri gidi\u015f ve d\u00f6n\u00fc\u015f olarak alman\u0131z\u0131 tavsiye ederim. &#8211; Hollanda otoban\u0131nda 06u00-19u00 aras\u0131 h\u0131z s\u0131n\u0131r\u0131 100km\/s, o [&hellip;]<\/p>\n","protected":false},"author":3,"featured_media":29989,"comment_status":"closed","ping_status":"open","sticky":false,"template":"","format":"standard","meta":{"footnotes":""},"categories":[14,16,3,17,18,15,19,2,1],"tags":[],"class_list":["post-29987","post","type-post","status-publish","format-standard","has-post-thumbnail","hentry","category-avrupa","category-belcika","category-dunya","category-ekonomi","category-kultur-sanat","category-spor","category-tanitim","category-turkiye","category-uncategorized"],"yoast_head":"<!-- This site is optimized with the Yoast SEO plugin v26.9 - https:\/\/yoast.com\/product\/yoast-seo-wordpress\/ -->\n<title>Ara\u00e7 ile T\u00fcrkiye&#039;ye gelecek olanlara S\u0131la Yolu bilgilendirme: - AvrupaPress<\/title>\n<meta name=\"robots\" content=\"index, follow, max-snippet:-1, max-image-preview:large, max-video-preview:-1\" \/>\n<link rel=\"canonical\" href=\"https:\/\/avrupapress.com\/main\/2025\/06\/30\/arac-ile-turkiyeye-gelecek-olanlara-sila-yolu-bilgilendirmem\/\" \/>\n<meta property=\"og:locale\" content=\"fr_FR\" \/>\n<meta property=\"og:type\" content=\"article\" \/>\n<meta property=\"og:title\" content=\"Ara\u00e7 ile T\u00fcrkiye&#039;ye gelecek olanlara S\u0131la Yolu bilgilendirme: - AvrupaPress\" \/>\n<meta property=\"og:description\" content=\"Ara\u00e7 ile T\u00fcrkiye&rsquo;ye gelecek olanlara S\u0131la Yolu bilgilendirme: Benim herzamanki g\u00fczergah\u0131m \ud83c\udde7\ud83c\uddea -&gt; Hollanda -&gt; Almanya -&gt; Avusturya -&gt; Macaristan -&gt; S\u0131rbistan -&gt; Bulgaristan -&gt; \ud83c\uddf9\ud83c\uddf7 Muhafazas\u0131 kolay ve herzaman ula\u015f\u0131labilir oldu\u011fu i\u00e7in Avusturya\/Macar\/Bulgar Vignetini resmi sitelerinden internet \u00fczeri gidi\u015f ve d\u00f6n\u00fc\u015f olarak alman\u0131z\u0131 tavsiye ederim. &#8211; Hollanda otoban\u0131nda 06u00-19u00 aras\u0131 h\u0131z s\u0131n\u0131r\u0131 100km\/s, o [&hellip;]\" \/>\n<meta property=\"og:url\" content=\"https:\/\/avrupapress.com\/main\/2025\/06\/30\/arac-ile-turkiyeye-gelecek-olanlara-sila-yolu-bilgilendirmem\/\" \/>\n<meta property=\"og:site_name\" content=\"AvrupaPress\" \/>\n<meta property=\"article:published_time\" content=\"2025-06-30T21:05:32+00:00\" \/>\n<meta property=\"article:modified_time\" content=\"2025-06-30T21:06:05+00:00\" \/>\n<meta property=\"og:image\" content=\"https:\/\/avrupapress.com\/main\/wp-content\/uploads\/2025\/06\/thumbnail_facebook_1720559410758_7216549218780743464-1.jpg\" \/>\n\t<meta property=\"og:image:width\" content=\"1080\" \/>\n\t<meta property=\"og:image:height\" content=\"810\" \/>\n\t<meta property=\"og:image:type\" content=\"image\/jpeg\" \/>\n<meta name=\"author\" content=\"Edit\u00f6r\" \/>\n<meta name=\"twitter:card\" content=\"summary_large_image\" \/>\n<meta name=\"twitter:label1\" content=\"\u00c9crit par\" \/>\n\t<meta name=\"twitter:data1\" content=\"Edit\u00f6r\" \/>\n\t<meta name=\"twitter:label2\" content=\"Dur\u00e9e de lecture est.\" \/>\n\t<meta name=\"twitter:data2\" content=\"2 minutes\" \/>\n<script type=\"application\/ld+json\" class=\"yoast-schema-graph\">{\"@context\":\"https:\/\/schema.org\",\"@graph\":[{\"@type\":\"Article\",\"@id\":\"https:\/\/avrupapress.com\/main\/2025\/06\/30\/arac-ile-turkiyeye-gelecek-olanlara-sila-yolu-bilgilendirmem\/#article\",\"isPartOf\":{\"@id\":\"https:\/\/avrupapress.com\/main\/2025\/06\/30\/arac-ile-turkiyeye-gelecek-olanlara-sila-yolu-bilgilendirmem\/\"},\"author\":{\"name\":\"Edit\u00f6r\",\"@id\":\"https:\/\/avrupapress.com\/#\/schema\/person\/68428444ec60970d1e1b700cf4ca1e8f\"},\"headline\":\"Ara\u00e7 ile T\u00fcrkiye&rsquo;ye gelecek olanlara S\u0131la Yolu bilgilendirme:\",\"datePublished\":\"2025-06-30T21:05:32+00:00\",\"dateModified\":\"2025-06-30T21:06:05+00:00\",\"mainEntityOfPage\":{\"@id\":\"https:\/\/avrupapress.com\/main\/2025\/06\/30\/arac-ile-turkiyeye-gelecek-olanlara-sila-yolu-bilgilendirmem\/\"},\"wordCount\":377,\"publisher\":{\"@id\":\"https:\/\/avrupapress.com\/#\/schema\/person\/0223dca19c72c43575bf30d1a2d8f4fa\"},\"image\":{\"@id\":\"https:\/\/avrupapress.com\/main\/2025\/06\/30\/arac-ile-turkiyeye-gelecek-olanlara-sila-yolu-bilgilendirmem\/#primaryimage\"},\"thumbnailUrl\":\"https:\/\/avrupapress.com\/main\/wp-content\/uploads\/2025\/06\/thumbnail_facebook_1720559410758_7216549218780743464-1.jpg\",\"articleSection\":[\"Avrupa\",\"Bel\u00e7ika\",\"D\u00fcnya\",\"Ekonomi\",\"K\u00fclt\u00fcr-Sanat\",\"Spor\",\"Tan\u0131t\u0131m\",\"T\u00fcrkiye\",\"Uncategorized\"],\"inLanguage\":\"fr-BE\"},{\"@type\":\"WebPage\",\"@id\":\"https:\/\/avrupapress.com\/main\/2025\/06\/30\/arac-ile-turkiyeye-gelecek-olanlara-sila-yolu-bilgilendirmem\/\",\"url\":\"https:\/\/avrupapress.com\/main\/2025\/06\/30\/arac-ile-turkiyeye-gelecek-olanlara-sila-yolu-bilgilendirmem\/\",\"name\":\"Ara\u00e7 ile T\u00fcrkiye'ye gelecek olanlara S\u0131la Yolu bilgilendirme: - AvrupaPress\",\"isPartOf\":{\"@id\":\"https:\/\/avrupapress.com\/#website\"},\"primaryImageOfPage\":{\"@id\":\"https:\/\/avrupapress.com\/main\/2025\/06\/30\/arac-ile-turkiyeye-gelecek-olanlara-sila-yolu-bilgilendirmem\/#primaryimage\"},\"image\":{\"@id\":\"https:\/\/avrupapress.com\/main\/2025\/06\/30\/arac-ile-turkiyeye-gelecek-olanlara-sila-yolu-bilgilendirmem\/#primaryimage\"},\"thumbnailUrl\":\"https:\/\/avrupapress.com\/main\/wp-content\/uploads\/2025\/06\/thumbnail_facebook_1720559410758_7216549218780743464-1.jpg\",\"datePublished\":\"2025-06-30T21:05:32+00:00\",\"dateModified\":\"2025-06-30T21:06:05+00:00\",\"breadcrumb\":{\"@id\":\"https:\/\/avrupapress.com\/main\/2025\/06\/30\/arac-ile-turkiyeye-gelecek-olanlara-sila-yolu-bilgilendirmem\/#breadcrumb\"},\"inLanguage\":\"fr-BE\",\"potentialAction\":[{\"@type\":\"ReadAction\",\"target\":[\"https:\/\/avrupapress.com\/main\/2025\/06\/30\/arac-ile-turkiyeye-gelecek-olanlara-sila-yolu-bilgilendirmem\/\"]}]},{\"@type\":\"ImageObject\",\"inLanguage\":\"fr-BE\",\"@id\":\"https:\/\/avrupapress.com\/main\/2025\/06\/30\/arac-ile-turkiyeye-gelecek-olanlara-sila-yolu-bilgilendirmem\/#primaryimage\",\"url\":\"https:\/\/avrupapress.com\/main\/wp-content\/uploads\/2025\/06\/thumbnail_facebook_1720559410758_7216549218780743464-1.jpg\",\"contentUrl\":\"https:\/\/avrupapress.com\/main\/wp-content\/uploads\/2025\/06\/thumbnail_facebook_1720559410758_7216549218780743464-1.jpg\",\"width\":1080,\"height\":810},{\"@type\":\"BreadcrumbList\",\"@id\":\"https:\/\/avrupapress.com\/main\/2025\/06\/30\/arac-ile-turkiyeye-gelecek-olanlara-sila-yolu-bilgilendirmem\/#breadcrumb\",\"itemListElement\":[{\"@type\":\"ListItem\",\"position\":1,\"name\":\"Anasayfa\",\"item\":\"https:\/\/avrupapress.com\/\"},{\"@type\":\"ListItem\",\"position\":2,\"name\":\"Ara\u00e7 ile T\u00fcrkiye&#8217;ye gelecek olanlara S\u0131la Yolu bilgilendirme:\"}]},{\"@type\":\"WebSite\",\"@id\":\"https:\/\/avrupapress.com\/#website\",\"url\":\"https:\/\/avrupapress.com\/\",\"name\":\"AvrupaPress\",\"description\":\"Haberin Adresi\",\"publisher\":{\"@id\":\"https:\/\/avrupapress.com\/#\/schema\/person\/0223dca19c72c43575bf30d1a2d8f4fa\"},\"potentialAction\":[{\"@type\":\"SearchAction\",\"target\":{\"@type\":\"EntryPoint\",\"urlTemplate\":\"https:\/\/avrupapress.com\/?s={search_term_string}\"},\"query-input\":{\"@type\":\"PropertyValueSpecification\",\"valueRequired\":true,\"valueName\":\"search_term_string\"}}],\"inLanguage\":\"fr-BE\"},{\"@type\":[\"Person\",\"Organization\"],\"@id\":\"https:\/\/avrupapress.com\/#\/schema\/person\/0223dca19c72c43575bf30d1a2d8f4fa\",\"name\":\"Bilgin \u00d6z\u00e7ift\u00e7i\",\"image\":{\"@type\":\"ImageObject\",\"inLanguage\":\"fr-BE\",\"@id\":\"https:\/\/avrupapress.com\/#\/schema\/person\/image\/\",\"url\":\"https:\/\/secure.gravatar.com\/avatar\/0f23b280433a21e1ea7a0adcc46ed0ad16afe3ad8e630fd13d8a017dcbd54ef3?s=96&d=mm&r=g\",\"contentUrl\":\"https:\/\/secure.gravatar.com\/avatar\/0f23b280433a21e1ea7a0adcc46ed0ad16afe3ad8e630fd13d8a017dcbd54ef3?s=96&d=mm&r=g\",\"caption\":\"Bilgin \u00d6z\u00e7ift\u00e7i\"},\"logo\":{\"@id\":\"https:\/\/avrupapress.com\/#\/schema\/person\/image\/\"},\"description\":\"Ne ben, nede sen... Biz ancak \\\"biz\\\" olursak g\u00fc\u00e7l\u00fc olabiliriz\"},{\"@type\":\"Person\",\"@id\":\"https:\/\/avrupapress.com\/#\/schema\/person\/68428444ec60970d1e1b700cf4ca1e8f\",\"name\":\"Edit\u00f6r\",\"image\":{\"@type\":\"ImageObject\",\"inLanguage\":\"fr-BE\",\"@id\":\"https:\/\/avrupapress.com\/#\/schema\/person\/image\/\",\"url\":\"https:\/\/secure.gravatar.com\/avatar\/74996b0977aa5f1559ba9883776652508b229005c0d78fb2597897f0bd651c09?s=96&d=mm&r=g\",\"contentUrl\":\"https:\/\/secure.gravatar.com\/avatar\/74996b0977aa5f1559ba9883776652508b229005c0d78fb2597897f0bd651c09?s=96&d=mm&r=g\",\"caption\":\"Edit\u00f6r\"},\"sameAs\":[\"http:\/\/www.avrupapress.com\"],\"url\":\"https:\/\/avrupapress.com\/main\/author\/editor\/\"}]}<\/script>\n<!-- \/ Yoast SEO plugin. -->","yoast_head_json":{"title":"Ara\u00e7 ile T\u00fcrkiye'ye gelecek olanlara S\u0131la Yolu bilgilendirme: - AvrupaPress","robots":{"index":"index","follow":"follow","max-snippet":"max-snippet:-1","max-image-preview":"max-image-preview:large","max-video-preview":"max-video-preview:-1"},"canonical":"https:\/\/avrupapress.com\/main\/2025\/06\/30\/arac-ile-turkiyeye-gelecek-olanlara-sila-yolu-bilgilendirmem\/","og_locale":"fr_FR","og_type":"article","og_title":"Ara\u00e7 ile T\u00fcrkiye'ye gelecek olanlara S\u0131la Yolu bilgilendirme: - AvrupaPress","og_description":"Ara\u00e7 ile T\u00fcrkiye&rsquo;ye gelecek olanlara S\u0131la Yolu bilgilendirme: Benim herzamanki g\u00fczergah\u0131m \ud83c\udde7\ud83c\uddea -&gt; Hollanda -&gt; Almanya -&gt; Avusturya -&gt; Macaristan -&gt; S\u0131rbistan -&gt; Bulgaristan -&gt; \ud83c\uddf9\ud83c\uddf7 Muhafazas\u0131 kolay ve herzaman ula\u015f\u0131labilir oldu\u011fu i\u00e7in Avusturya\/Macar\/Bulgar Vignetini resmi sitelerinden internet \u00fczeri gidi\u015f ve d\u00f6n\u00fc\u015f olarak alman\u0131z\u0131 tavsiye ederim. &#8211; Hollanda otoban\u0131nda 06u00-19u00 aras\u0131 h\u0131z s\u0131n\u0131r\u0131 100km\/s, o [&hellip;]","og_url":"https:\/\/avrupapress.com\/main\/2025\/06\/30\/arac-ile-turkiyeye-gelecek-olanlara-sila-yolu-bilgilendirmem\/","og_site_name":"AvrupaPress","article_published_time":"2025-06-30T21:05:32+00:00","article_modified_time":"2025-06-30T21:06:05+00:00","og_image":[{"width":1080,"height":810,"url":"https:\/\/avrupapress.com\/main\/wp-content\/uploads\/2025\/06\/thumbnail_facebook_1720559410758_7216549218780743464-1.jpg","type":"image\/jpeg"}],"author":"Edit\u00f6r","twitter_card":"summary_large_image","twitter_misc":{"\u00c9crit par":"Edit\u00f6r","Dur\u00e9e de lecture est.":"2 minutes"},"schema":{"@context":"https:\/\/schema.org","@graph":[{"@type":"Article","@id":"https:\/\/avrupapress.com\/main\/2025\/06\/30\/arac-ile-turkiyeye-gelecek-olanlara-sila-yolu-bilgilendirmem\/#article","isPartOf":{"@id":"https:\/\/avrupapress.com\/main\/2025\/06\/30\/arac-ile-turkiyeye-gelecek-olanlara-sila-yolu-bilgilendirmem\/"},"author":{"name":"Edit\u00f6r","@id":"https:\/\/avrupapress.com\/#\/schema\/person\/68428444ec60970d1e1b700cf4ca1e8f"},"headline":"Ara\u00e7 ile T\u00fcrkiye&rsquo;ye gelecek olanlara S\u0131la Yolu bilgilendirme:","datePublished":"2025-06-30T21:05:32+00:00","dateModified":"2025-06-30T21:06:05+00:00","mainEntityOfPage":{"@id":"https:\/\/avrupapress.com\/main\/2025\/06\/30\/arac-ile-turkiyeye-gelecek-olanlara-sila-yolu-bilgilendirmem\/"},"wordCount":377,"publisher":{"@id":"https:\/\/avrupapress.com\/#\/schema\/person\/0223dca19c72c43575bf30d1a2d8f4fa"},"image":{"@id":"https:\/\/avrupapress.com\/main\/2025\/06\/30\/arac-ile-turkiyeye-gelecek-olanlara-sila-yolu-bilgilendirmem\/#primaryimage"},"thumbnailUrl":"https:\/\/avrupapress.com\/main\/wp-content\/uploads\/2025\/06\/thumbnail_facebook_1720559410758_7216549218780743464-1.jpg","articleSection":["Avrupa","Bel\u00e7ika","D\u00fcnya","Ekonomi","K\u00fclt\u00fcr-Sanat","Spor","Tan\u0131t\u0131m","T\u00fcrkiye","Uncategorized"],"inLanguage":"fr-BE"},{"@type":"WebPage","@id":"https:\/\/avrupapress.com\/main\/2025\/06\/30\/arac-ile-turkiyeye-gelecek-olanlara-sila-yolu-bilgilendirmem\/","url":"https:\/\/avrupapress.com\/main\/2025\/06\/30\/arac-ile-turkiyeye-gelecek-olanlara-sila-yolu-bilgilendirmem\/","name":"Ara\u00e7 ile T\u00fcrkiye'ye gelecek olanlara S\u0131la Yolu bilgilendirme: - AvrupaPress","isPartOf":{"@id":"https:\/\/avrupapress.com\/#website"},"primaryImageOfPage":{"@id":"https:\/\/avrupapress.com\/main\/2025\/06\/30\/arac-ile-turkiyeye-gelecek-olanlara-sila-yolu-bilgilendirmem\/#primaryimage"},"image":{"@id":"https:\/\/avrupapress.com\/main\/2025\/06\/30\/arac-ile-turkiyeye-gelecek-olanlara-sila-yolu-bilgilendirmem\/#primaryimage"},"thumbnailUrl":"https:\/\/avrupapress.com\/main\/wp-content\/uploads\/2025\/06\/thumbnail_facebook_1720559410758_7216549218780743464-1.jpg","datePublished":"2025-06-30T21:05:32+00:00","dateModified":"2025-06-30T21:06:05+00:00","breadcrumb":{"@id":"https:\/\/avrupapress.com\/main\/2025\/06\/30\/arac-ile-turkiyeye-gelecek-olanlara-sila-yolu-bilgilendirmem\/#breadcrumb"},"inLanguage":"fr-BE","potentialAction":[{"@type":"ReadAction","target":["https:\/\/avrupapress.com\/main\/2025\/06\/30\/arac-ile-turkiyeye-gelecek-olanlara-sila-yolu-bilgilendirmem\/"]}]},{"@type":"ImageObject","inLanguage":"fr-BE","@id":"https:\/\/avrupapress.com\/main\/2025\/06\/30\/arac-ile-turkiyeye-gelecek-olanlara-sila-yolu-bilgilendirmem\/#primaryimage","url":"https:\/\/avrupapress.com\/main\/wp-content\/uploads\/2025\/06\/thumbnail_facebook_1720559410758_7216549218780743464-1.jpg","contentUrl":"https:\/\/avrupapress.com\/main\/wp-content\/uploads\/2025\/06\/thumbnail_facebook_1720559410758_7216549218780743464-1.jpg","width":1080,"height":810},{"@type":"BreadcrumbList","@id":"https:\/\/avrupapress.com\/main\/2025\/06\/30\/arac-ile-turkiyeye-gelecek-olanlara-sila-yolu-bilgilendirmem\/#breadcrumb","itemListElement":[{"@type":"ListItem","position":1,"name":"Anasayfa","item":"https:\/\/avrupapress.com\/"},{"@type":"ListItem","position":2,"name":"Ara\u00e7 ile T\u00fcrkiye&#8217;ye gelecek olanlara S\u0131la Yolu bilgilendirme:"}]},{"@type":"WebSite","@id":"https:\/\/avrupapress.com\/#website","url":"https:\/\/avrupapress.com\/","name":"AvrupaPress","description":"Haberin Adresi","publisher":{"@id":"https:\/\/avrupapress.com\/#\/schema\/person\/0223dca19c72c43575bf30d1a2d8f4fa"},"potentialAction":[{"@type":"SearchAction","target":{"@type":"EntryPoint","urlTemplate":"https:\/\/avrupapress.com\/?s={search_term_string}"},"query-input":{"@type":"PropertyValueSpecification","valueRequired":true,"valueName":"search_term_string"}}],"inLanguage":"fr-BE"},{"@type":["Person","Organization"],"@id":"https:\/\/avrupapress.com\/#\/schema\/person\/0223dca19c72c43575bf30d1a2d8f4fa","name":"Bilgin \u00d6z\u00e7ift\u00e7i","image":{"@type":"ImageObject","inLanguage":"fr-BE","@id":"https:\/\/avrupapress.com\/#\/schema\/person\/image\/","url":"https:\/\/secure.gravatar.com\/avatar\/0f23b280433a21e1ea7a0adcc46ed0ad16afe3ad8e630fd13d8a017dcbd54ef3?s=96&d=mm&r=g","contentUrl":"https:\/\/secure.gravatar.com\/avatar\/0f23b280433a21e1ea7a0adcc46ed0ad16afe3ad8e630fd13d8a017dcbd54ef3?s=96&d=mm&r=g","caption":"Bilgin \u00d6z\u00e7ift\u00e7i"},"logo":{"@id":"https:\/\/avrupapress.com\/#\/schema\/person\/image\/"},"description":"Ne ben, nede sen... Biz ancak \"biz\" olursak g\u00fc\u00e7l\u00fc olabiliriz"},{"@type":"Person","@id":"https:\/\/avrupapress.com\/#\/schema\/person\/68428444ec60970d1e1b700cf4ca1e8f","name":"Edit\u00f6r","image":{"@type":"ImageObject","inLanguage":"fr-BE","@id":"https:\/\/avrupapress.com\/#\/schema\/person\/image\/","url":"https:\/\/secure.gravatar.com\/avatar\/74996b0977aa5f1559ba9883776652508b229005c0d78fb2597897f0bd651c09?s=96&d=mm&r=g","contentUrl":"https:\/\/secure.gravatar.com\/avatar\/74996b0977aa5f1559ba9883776652508b229005c0d78fb2597897f0bd651c09?s=96&d=mm&r=g","caption":"Edit\u00f6r"},"sameAs":["http:\/\/www.avrupapress.com"],"url":"https:\/\/avrupapress.com\/main\/author\/editor\/"}]}},"_links":{"self":[{"href":"https:\/\/avrupapress.com\/main\/wp-json\/wp\/v2\/posts\/29987","targetHints":{"allow":["GET"]}}],"collection":[{"href":"https:\/\/avrupapress.com\/main\/wp-json\/wp\/v2\/posts"}],"about":[{"href":"https:\/\/avrupapress.com\/main\/wp-json\/wp\/v2\/types\/post"}],"author":[{"embeddable":true,"href":"https:\/\/avrupapress.com\/main\/wp-json\/wp\/v2\/users\/3"}],"replies":[{"embeddable":true,"href":"https:\/\/avrupapress.com\/main\/wp-json\/wp\/v2\/comments?post=29987"}],"version-history":[{"count":2,"href":"https:\/\/avrupapress.com\/main\/wp-json\/wp\/v2\/posts\/29987\/revisions"}],"predecessor-version":[{"id":29991,"href":"https:\/\/avrupapress.com\/main\/wp-json\/wp\/v2\/posts\/29987\/revisions\/29991"}],"wp:featuredmedia":[{"embeddable":true,"href":"https:\/\/avrupapress.com\/main\/wp-json\/wp\/v2\/media\/29989"}],"wp:attachment":[{"href":"https:\/\/avrupapress.com\/main\/wp-json\/wp\/v2\/media?parent=29987"}],"wp:term":[{"taxonomy":"category","embeddable":true,"href":"https:\/\/avrupapress.com\/main\/wp-json\/wp\/v2\/categories?post=29987"},{"taxonomy":"post_tag","embeddable":true,"href":"https:\/\/avrupapress.com\/main\/wp-json\/wp\/v2\/tags?post=29987"}],"curies":[{"name":"wp","href":"https:\/\/api.w.org\/{rel}","templated":true}]}}