{"id":29982,"date":"2025-06-30T20:58:03","date_gmt":"2025-06-30T20:58:03","guid":{"rendered":"https:\/\/avrupapress.com\/main\/?p=29982"},"modified":"2025-06-30T20:58:10","modified_gmt":"2025-06-30T20:58:10","slug":"eskisehirde-zodyak-ezgiler-turk-muzigi-konseri-yogun-ilgiyle-izlendi","status":"publish","type":"post","link":"https:\/\/avrupapress.com\/main\/2025\/06\/30\/eskisehirde-zodyak-ezgiler-turk-muzigi-konseri-yogun-ilgiyle-izlendi\/","title":{"rendered":"Eski\u015fehir\u2019de Zodyak Ezgiler T\u00fcrk M\u00fczi\u011fi Konseri yo\u011fun ilgiyle izlendi"},"content":{"rendered":"<div dir=\"auto\" data-olk-copy-source=\"MessageBody\">\n<div dir=\"auto\" data-olk-copy-source=\"MessageBody\"><strong>HABER \/ FOTO\u011eRAF: ERTU\u011eRUL ALTINEL \u2013 B\u0130LG\u0130N \u00d6Z\u00c7\u0130FT\u00c7\u0130 \u2013 AVRUPA PRESS \u2013 BEL\u00c7\u0130KA.<\/strong><\/div>\n<div dir=\"auto\"><\/div>\n<div dir=\"auto\">Eski\u015fehir\u2019de Zodyak Ezgiler T\u00fcrk M\u00fczi\u011fi Konseri, Eski\u015fehir &#8211; Yenikent mahallesinde bulunan Odunpazar\u0131 Belediyesi 100. Y\u0131l K\u00fclt\u00fcr Merkezi\u2019nde ger\u00e7ekle\u015ftirildi. Konsere; sanatseverler ve davetliler kat\u0131ld\u0131.<\/div>\n<div dir=\"auto\"><\/div>\n<div dir=\"auto\">Konseri; Konser \u015eefi Figen Alk\u0131l\u0131\u00e7gil y\u00f6netti ve konser iki b\u00f6l\u00fcmde ger\u00e7ekle\u015ftirildi. Konserde; T\u00fcrk Sanat M\u00fczi\u011fi seslendirildi. Konserin organizat\u00f6r\u00fc: Leyla Sal\u0131k ve organizat\u00f6r yard\u0131mc\u0131s\u0131 Orhan Bican\u2019dan olu\u015ftu.<\/div>\n<div dir=\"auto\"><\/div>\n<div dir=\"auto\">Zodyak (Do\u011fa Y\u00fcr\u00fcy\u00fc\u015f ve Aktivite Grubu) Ba\u015fkan\u0131 M\u00fcmtaz Ongun konserde yapt\u0131\u011f\u0131 konu\u015fmas\u0131nda, \u2018\u2019Zodyak\u2019ta \u00e7e\u015fitli alanlarda 20 den fazla grup var. Do\u011fac\u0131 arkada\u015flar\u0131m\u0131z \u00e7e\u015fitli tarz kar\u0131\u015f\u0131k m\u00fczik dinlemekten ho\u015flan\u0131yorlar, Bu d\u00fc\u015f\u00fcnceyle b\u00fcnyemizde m\u00fczik korosu olu\u015fturduk. Olu\u015fturdu\u011fumuz m\u00fczik grubu ile Zodyak Ezgiler T\u00fcrk M\u00fczi\u011fi Konserini sanatseverlerle bulu\u015fturduk. Zodyak ailesi olarak; M\u00fczisyenler, koristler hep birlikte b\u00fcy\u00fck fedak\u00e2rl\u0131klarla \u015fimdi buraday\u0131z. B\u00f6yle m\u00fckemmel bir konser haz\u0131rlad\u0131\u011f\u0131 i\u00e7in Koro \u015eefi Figen Alk\u0131l\u0131\u00e7gil\u2019e ve eme\u011fi ge\u00e7en herkese ve salonu dolduran siz de\u011ferli konuklar\u0131m\u0131za \u00e7ok te\u015fekk\u00fcr ediyorum\u2019\u2019 dedi.<\/div>\n<div dir=\"auto\"><\/div>\n<div dir=\"auto\"><img loading=\"lazy\" decoding=\"async\" class=\"alignnone size-medium wp-image-29983\" src=\"https:\/\/avrupapress.com\/main\/wp-content\/uploads\/2025\/06\/thumbnail_IMG-20250630-WA0041-300x169.jpg\" alt=\"\" width=\"300\" height=\"169\" srcset=\"https:\/\/avrupapress.com\/main\/wp-content\/uploads\/2025\/06\/thumbnail_IMG-20250630-WA0041-300x169.jpg 300w, https:\/\/avrupapress.com\/main\/wp-content\/uploads\/2025\/06\/thumbnail_IMG-20250630-WA0041-1024x576.jpg 1024w, https:\/\/avrupapress.com\/main\/wp-content\/uploads\/2025\/06\/thumbnail_IMG-20250630-WA0041-768x432.jpg 768w, https:\/\/avrupapress.com\/main\/wp-content\/uploads\/2025\/06\/thumbnail_IMG-20250630-WA0041-1536x864.jpg 1536w, https:\/\/avrupapress.com\/main\/wp-content\/uploads\/2025\/06\/thumbnail_IMG-20250630-WA0041-740x420.jpg 740w, https:\/\/avrupapress.com\/main\/wp-content\/uploads\/2025\/06\/thumbnail_IMG-20250630-WA0041.jpg 1600w\" sizes=\"auto, (max-width: 300px) 100vw, 300px\" \/><\/div>\n<div dir=\"auto\"><img loading=\"lazy\" decoding=\"async\" class=\"alignnone size-medium wp-image-29984\" src=\"https:\/\/avrupapress.com\/main\/wp-content\/uploads\/2025\/06\/IMG-20250630-WA0042-300x225.jpg\" alt=\"\" width=\"300\" height=\"225\" srcset=\"https:\/\/avrupapress.com\/main\/wp-content\/uploads\/2025\/06\/IMG-20250630-WA0042-300x225.jpg 300w, https:\/\/avrupapress.com\/main\/wp-content\/uploads\/2025\/06\/IMG-20250630-WA0042-1024x768.jpg 1024w, https:\/\/avrupapress.com\/main\/wp-content\/uploads\/2025\/06\/IMG-20250630-WA0042-768x576.jpg 768w, https:\/\/avrupapress.com\/main\/wp-content\/uploads\/2025\/06\/IMG-20250630-WA0042-1536x1152.jpg 1536w, https:\/\/avrupapress.com\/main\/wp-content\/uploads\/2025\/06\/IMG-20250630-WA0042.jpg 1600w\" sizes=\"auto, (max-width: 300px) 100vw, 300px\" \/><\/div>\n<div dir=\"auto\"><img loading=\"lazy\" decoding=\"async\" class=\"alignnone size-medium wp-image-29985\" src=\"https:\/\/avrupapress.com\/main\/wp-content\/uploads\/2025\/06\/thumbnail_IMG-20250630-WA0040-300x169.jpg\" alt=\"\" width=\"300\" height=\"169\" srcset=\"https:\/\/avrupapress.com\/main\/wp-content\/uploads\/2025\/06\/thumbnail_IMG-20250630-WA0040-300x169.jpg 300w, https:\/\/avrupapress.com\/main\/wp-content\/uploads\/2025\/06\/thumbnail_IMG-20250630-WA0040-1024x576.jpg 1024w, https:\/\/avrupapress.com\/main\/wp-content\/uploads\/2025\/06\/thumbnail_IMG-20250630-WA0040-768x432.jpg 768w, https:\/\/avrupapress.com\/main\/wp-content\/uploads\/2025\/06\/thumbnail_IMG-20250630-WA0040-1536x864.jpg 1536w, https:\/\/avrupapress.com\/main\/wp-content\/uploads\/2025\/06\/thumbnail_IMG-20250630-WA0040-740x420.jpg 740w, https:\/\/avrupapress.com\/main\/wp-content\/uploads\/2025\/06\/thumbnail_IMG-20250630-WA0040.jpg 1600w\" sizes=\"auto, (max-width: 300px) 100vw, 300px\" \/><\/div>\n<div dir=\"auto\"><\/div>\n<div dir=\"auto\"><strong>HABER \/ FOTO\u011eRAF: ERTU\u011eRUL ALTINEL \u2013 B\u0130LG\u0130N \u00d6Z\u00c7\u0130FT\u00c7\u0130 \u2013 AVRUPA PRESS \u2013 BEL\u00c7\u0130KA.<\/strong><\/div>\n<div id=\"x_ms-outlook-mobile-body-separator-line\" dir=\"auto\"><\/div>\n<\/div>\n<div dir=\"auto\"><\/div>\n","protected":false},"excerpt":{"rendered":"<p>HABER \/ FOTO\u011eRAF: ERTU\u011eRUL ALTINEL \u2013 B\u0130LG\u0130N \u00d6Z\u00c7\u0130FT\u00c7\u0130 \u2013 AVRUPA PRESS \u2013 BEL\u00c7\u0130KA. Eski\u015fehir\u2019de Zodyak Ezgiler T\u00fcrk M\u00fczi\u011fi Konseri, Eski\u015fehir &#8211; Yenikent mahallesinde bulunan Odunpazar\u0131 Belediyesi 100. Y\u0131l K\u00fclt\u00fcr Merkezi\u2019nde ger\u00e7ekle\u015ftirildi. Konsere; sanatseverler ve davetliler kat\u0131ld\u0131. Konseri; Konser \u015eefi Figen Alk\u0131l\u0131\u00e7gil y\u00f6netti ve konser iki b\u00f6l\u00fcmde ger\u00e7ekle\u015ftirildi. Konserde; T\u00fcrk Sanat M\u00fczi\u011fi seslendirildi. Konserin organizat\u00f6r\u00fc: Leyla [&hellip;]<\/p>\n","protected":false},"author":3,"featured_media":29983,"comment_status":"closed","ping_status":"open","sticky":false,"template":"","format":"standard","meta":{"footnotes":""},"categories":[14,16,3,17,18,15,19,2,1],"tags":[],"class_list":["post-29982","post","type-post","status-publish","format-standard","has-post-thumbnail","hentry","category-avrupa","category-belcika","category-dunya","category-ekonomi","category-kultur-sanat","category-spor","category-tanitim","category-turkiye","category-uncategorized"],"yoast_head":"<!-- This site is optimized with the Yoast SEO plugin v26.9 - https:\/\/yoast.com\/product\/yoast-seo-wordpress\/ -->\n<title>Eski\u015fehir\u2019de Zodyak Ezgiler T\u00fcrk M\u00fczi\u011fi Konseri yo\u011fun ilgiyle izlendi - AvrupaPress<\/title>\n<meta name=\"robots\" content=\"index, follow, max-snippet:-1, max-image-preview:large, max-video-preview:-1\" \/>\n<link rel=\"canonical\" href=\"https:\/\/avrupapress.com\/main\/2025\/06\/30\/eskisehirde-zodyak-ezgiler-turk-muzigi-konseri-yogun-ilgiyle-izlendi\/\" \/>\n<meta property=\"og:locale\" content=\"fr_FR\" \/>\n<meta property=\"og:type\" content=\"article\" \/>\n<meta property=\"og:title\" content=\"Eski\u015fehir\u2019de Zodyak Ezgiler T\u00fcrk M\u00fczi\u011fi Konseri yo\u011fun ilgiyle izlendi - AvrupaPress\" \/>\n<meta property=\"og:description\" content=\"HABER \/ FOTO\u011eRAF: ERTU\u011eRUL ALTINEL \u2013 B\u0130LG\u0130N \u00d6Z\u00c7\u0130FT\u00c7\u0130 \u2013 AVRUPA PRESS \u2013 BEL\u00c7\u0130KA. Eski\u015fehir\u2019de Zodyak Ezgiler T\u00fcrk M\u00fczi\u011fi Konseri, Eski\u015fehir &#8211; Yenikent mahallesinde bulunan Odunpazar\u0131 Belediyesi 100. Y\u0131l K\u00fclt\u00fcr Merkezi\u2019nde ger\u00e7ekle\u015ftirildi. Konsere; sanatseverler ve davetliler kat\u0131ld\u0131. Konseri; Konser \u015eefi Figen Alk\u0131l\u0131\u00e7gil y\u00f6netti ve konser iki b\u00f6l\u00fcmde ger\u00e7ekle\u015ftirildi. Konserde; T\u00fcrk Sanat M\u00fczi\u011fi seslendirildi. Konserin organizat\u00f6r\u00fc: Leyla [&hellip;]\" \/>\n<meta property=\"og:url\" content=\"https:\/\/avrupapress.com\/main\/2025\/06\/30\/eskisehirde-zodyak-ezgiler-turk-muzigi-konseri-yogun-ilgiyle-izlendi\/\" \/>\n<meta property=\"og:site_name\" content=\"AvrupaPress\" \/>\n<meta property=\"article:published_time\" content=\"2025-06-30T20:58:03+00:00\" \/>\n<meta property=\"article:modified_time\" content=\"2025-06-30T20:58:10+00:00\" \/>\n<meta property=\"og:image\" content=\"https:\/\/avrupapress.com\/main\/wp-content\/uploads\/2025\/06\/thumbnail_IMG-20250630-WA0041.jpg\" \/>\n\t<meta property=\"og:image:width\" content=\"1600\" \/>\n\t<meta property=\"og:image:height\" content=\"900\" \/>\n\t<meta property=\"og:image:type\" content=\"image\/jpeg\" \/>\n<meta name=\"author\" content=\"Edit\u00f6r\" \/>\n<meta name=\"twitter:card\" content=\"summary_large_image\" \/>\n<meta name=\"twitter:label1\" content=\"\u00c9crit par\" \/>\n\t<meta name=\"twitter:data1\" content=\"Edit\u00f6r\" \/>\n\t<meta name=\"twitter:label2\" content=\"Dur\u00e9e de lecture est.\" \/>\n\t<meta name=\"twitter:data2\" content=\"2 minutes\" \/>\n<script type=\"application\/ld+json\" class=\"yoast-schema-graph\">{\"@context\":\"https:\/\/schema.org\",\"@graph\":[{\"@type\":\"Article\",\"@id\":\"https:\/\/avrupapress.com\/main\/2025\/06\/30\/eskisehirde-zodyak-ezgiler-turk-muzigi-konseri-yogun-ilgiyle-izlendi\/#article\",\"isPartOf\":{\"@id\":\"https:\/\/avrupapress.com\/main\/2025\/06\/30\/eskisehirde-zodyak-ezgiler-turk-muzigi-konseri-yogun-ilgiyle-izlendi\/\"},\"author\":{\"name\":\"Edit\u00f6r\",\"@id\":\"https:\/\/avrupapress.com\/#\/schema\/person\/68428444ec60970d1e1b700cf4ca1e8f\"},\"headline\":\"Eski\u015fehir\u2019de Zodyak Ezgiler T\u00fcrk M\u00fczi\u011fi Konseri yo\u011fun ilgiyle izlendi\",\"datePublished\":\"2025-06-30T20:58:03+00:00\",\"dateModified\":\"2025-06-30T20:58:10+00:00\",\"mainEntityOfPage\":{\"@id\":\"https:\/\/avrupapress.com\/main\/2025\/06\/30\/eskisehirde-zodyak-ezgiler-turk-muzigi-konseri-yogun-ilgiyle-izlendi\/\"},\"wordCount\":251,\"publisher\":{\"@id\":\"https:\/\/avrupapress.com\/#\/schema\/person\/0223dca19c72c43575bf30d1a2d8f4fa\"},\"image\":{\"@id\":\"https:\/\/avrupapress.com\/main\/2025\/06\/30\/eskisehirde-zodyak-ezgiler-turk-muzigi-konseri-yogun-ilgiyle-izlendi\/#primaryimage\"},\"thumbnailUrl\":\"https:\/\/avrupapress.com\/main\/wp-content\/uploads\/2025\/06\/thumbnail_IMG-20250630-WA0041.jpg\",\"articleSection\":[\"Avrupa\",\"Bel\u00e7ika\",\"D\u00fcnya\",\"Ekonomi\",\"K\u00fclt\u00fcr-Sanat\",\"Spor\",\"Tan\u0131t\u0131m\",\"T\u00fcrkiye\",\"Uncategorized\"],\"inLanguage\":\"fr-BE\"},{\"@type\":\"WebPage\",\"@id\":\"https:\/\/avrupapress.com\/main\/2025\/06\/30\/eskisehirde-zodyak-ezgiler-turk-muzigi-konseri-yogun-ilgiyle-izlendi\/\",\"url\":\"https:\/\/avrupapress.com\/main\/2025\/06\/30\/eskisehirde-zodyak-ezgiler-turk-muzigi-konseri-yogun-ilgiyle-izlendi\/\",\"name\":\"Eski\u015fehir\u2019de Zodyak Ezgiler T\u00fcrk M\u00fczi\u011fi Konseri yo\u011fun ilgiyle izlendi - AvrupaPress\",\"isPartOf\":{\"@id\":\"https:\/\/avrupapress.com\/#website\"},\"primaryImageOfPage\":{\"@id\":\"https:\/\/avrupapress.com\/main\/2025\/06\/30\/eskisehirde-zodyak-ezgiler-turk-muzigi-konseri-yogun-ilgiyle-izlendi\/#primaryimage\"},\"image\":{\"@id\":\"https:\/\/avrupapress.com\/main\/2025\/06\/30\/eskisehirde-zodyak-ezgiler-turk-muzigi-konseri-yogun-ilgiyle-izlendi\/#primaryimage\"},\"thumbnailUrl\":\"https:\/\/avrupapress.com\/main\/wp-content\/uploads\/2025\/06\/thumbnail_IMG-20250630-WA0041.jpg\",\"datePublished\":\"2025-06-30T20:58:03+00:00\",\"dateModified\":\"2025-06-30T20:58:10+00:00\",\"breadcrumb\":{\"@id\":\"https:\/\/avrupapress.com\/main\/2025\/06\/30\/eskisehirde-zodyak-ezgiler-turk-muzigi-konseri-yogun-ilgiyle-izlendi\/#breadcrumb\"},\"inLanguage\":\"fr-BE\",\"potentialAction\":[{\"@type\":\"ReadAction\",\"target\":[\"https:\/\/avrupapress.com\/main\/2025\/06\/30\/eskisehirde-zodyak-ezgiler-turk-muzigi-konseri-yogun-ilgiyle-izlendi\/\"]}]},{\"@type\":\"ImageObject\",\"inLanguage\":\"fr-BE\",\"@id\":\"https:\/\/avrupapress.com\/main\/2025\/06\/30\/eskisehirde-zodyak-ezgiler-turk-muzigi-konseri-yogun-ilgiyle-izlendi\/#primaryimage\",\"url\":\"https:\/\/avrupapress.com\/main\/wp-content\/uploads\/2025\/06\/thumbnail_IMG-20250630-WA0041.jpg\",\"contentUrl\":\"https:\/\/avrupapress.com\/main\/wp-content\/uploads\/2025\/06\/thumbnail_IMG-20250630-WA0041.jpg\",\"width\":1600,\"height\":900},{\"@type\":\"BreadcrumbList\",\"@id\":\"https:\/\/avrupapress.com\/main\/2025\/06\/30\/eskisehirde-zodyak-ezgiler-turk-muzigi-konseri-yogun-ilgiyle-izlendi\/#breadcrumb\",\"itemListElement\":[{\"@type\":\"ListItem\",\"position\":1,\"name\":\"Anasayfa\",\"item\":\"https:\/\/avrupapress.com\/\"},{\"@type\":\"ListItem\",\"position\":2,\"name\":\"Eski\u015fehir\u2019de Zodyak Ezgiler T\u00fcrk M\u00fczi\u011fi Konseri yo\u011fun ilgiyle izlendi\"}]},{\"@type\":\"WebSite\",\"@id\":\"https:\/\/avrupapress.com\/#website\",\"url\":\"https:\/\/avrupapress.com\/\",\"name\":\"AvrupaPress\",\"description\":\"Haberin Adresi\",\"publisher\":{\"@id\":\"https:\/\/avrupapress.com\/#\/schema\/person\/0223dca19c72c43575bf30d1a2d8f4fa\"},\"potentialAction\":[{\"@type\":\"SearchAction\",\"target\":{\"@type\":\"EntryPoint\",\"urlTemplate\":\"https:\/\/avrupapress.com\/?s={search_term_string}\"},\"query-input\":{\"@type\":\"PropertyValueSpecification\",\"valueRequired\":true,\"valueName\":\"search_term_string\"}}],\"inLanguage\":\"fr-BE\"},{\"@type\":[\"Person\",\"Organization\"],\"@id\":\"https:\/\/avrupapress.com\/#\/schema\/person\/0223dca19c72c43575bf30d1a2d8f4fa\",\"name\":\"Bilgin \u00d6z\u00e7ift\u00e7i\",\"image\":{\"@type\":\"ImageObject\",\"inLanguage\":\"fr-BE\",\"@id\":\"https:\/\/avrupapress.com\/#\/schema\/person\/image\/\",\"url\":\"https:\/\/secure.gravatar.com\/avatar\/0f23b280433a21e1ea7a0adcc46ed0ad16afe3ad8e630fd13d8a017dcbd54ef3?s=96&d=mm&r=g\",\"contentUrl\":\"https:\/\/secure.gravatar.com\/avatar\/0f23b280433a21e1ea7a0adcc46ed0ad16afe3ad8e630fd13d8a017dcbd54ef3?s=96&d=mm&r=g\",\"caption\":\"Bilgin \u00d6z\u00e7ift\u00e7i\"},\"logo\":{\"@id\":\"https:\/\/avrupapress.com\/#\/schema\/person\/image\/\"},\"description\":\"Ne ben, nede sen... Biz ancak \\\"biz\\\" olursak g\u00fc\u00e7l\u00fc olabiliriz\"},{\"@type\":\"Person\",\"@id\":\"https:\/\/avrupapress.com\/#\/schema\/person\/68428444ec60970d1e1b700cf4ca1e8f\",\"name\":\"Edit\u00f6r\",\"image\":{\"@type\":\"ImageObject\",\"inLanguage\":\"fr-BE\",\"@id\":\"https:\/\/avrupapress.com\/#\/schema\/person\/image\/\",\"url\":\"https:\/\/secure.gravatar.com\/avatar\/74996b0977aa5f1559ba9883776652508b229005c0d78fb2597897f0bd651c09?s=96&d=mm&r=g\",\"contentUrl\":\"https:\/\/secure.gravatar.com\/avatar\/74996b0977aa5f1559ba9883776652508b229005c0d78fb2597897f0bd651c09?s=96&d=mm&r=g\",\"caption\":\"Edit\u00f6r\"},\"sameAs\":[\"http:\/\/www.avrupapress.com\"],\"url\":\"https:\/\/avrupapress.com\/main\/author\/editor\/\"}]}<\/script>\n<!-- \/ Yoast SEO plugin. -->","yoast_head_json":{"title":"Eski\u015fehir\u2019de Zodyak Ezgiler T\u00fcrk M\u00fczi\u011fi Konseri yo\u011fun ilgiyle izlendi - AvrupaPress","robots":{"index":"index","follow":"follow","max-snippet":"max-snippet:-1","max-image-preview":"max-image-preview:large","max-video-preview":"max-video-preview:-1"},"canonical":"https:\/\/avrupapress.com\/main\/2025\/06\/30\/eskisehirde-zodyak-ezgiler-turk-muzigi-konseri-yogun-ilgiyle-izlendi\/","og_locale":"fr_FR","og_type":"article","og_title":"Eski\u015fehir\u2019de Zodyak Ezgiler T\u00fcrk M\u00fczi\u011fi Konseri yo\u011fun ilgiyle izlendi - AvrupaPress","og_description":"HABER \/ FOTO\u011eRAF: ERTU\u011eRUL ALTINEL \u2013 B\u0130LG\u0130N \u00d6Z\u00c7\u0130FT\u00c7\u0130 \u2013 AVRUPA PRESS \u2013 BEL\u00c7\u0130KA. Eski\u015fehir\u2019de Zodyak Ezgiler T\u00fcrk M\u00fczi\u011fi Konseri, Eski\u015fehir &#8211; Yenikent mahallesinde bulunan Odunpazar\u0131 Belediyesi 100. Y\u0131l K\u00fclt\u00fcr Merkezi\u2019nde ger\u00e7ekle\u015ftirildi. Konsere; sanatseverler ve davetliler kat\u0131ld\u0131. Konseri; Konser \u015eefi Figen Alk\u0131l\u0131\u00e7gil y\u00f6netti ve konser iki b\u00f6l\u00fcmde ger\u00e7ekle\u015ftirildi. Konserde; T\u00fcrk Sanat M\u00fczi\u011fi seslendirildi. Konserin organizat\u00f6r\u00fc: Leyla [&hellip;]","og_url":"https:\/\/avrupapress.com\/main\/2025\/06\/30\/eskisehirde-zodyak-ezgiler-turk-muzigi-konseri-yogun-ilgiyle-izlendi\/","og_site_name":"AvrupaPress","article_published_time":"2025-06-30T20:58:03+00:00","article_modified_time":"2025-06-30T20:58:10+00:00","og_image":[{"width":1600,"height":900,"url":"https:\/\/avrupapress.com\/main\/wp-content\/uploads\/2025\/06\/thumbnail_IMG-20250630-WA0041.jpg","type":"image\/jpeg"}],"author":"Edit\u00f6r","twitter_card":"summary_large_image","twitter_misc":{"\u00c9crit par":"Edit\u00f6r","Dur\u00e9e de lecture est.":"2 minutes"},"schema":{"@context":"https:\/\/schema.org","@graph":[{"@type":"Article","@id":"https:\/\/avrupapress.com\/main\/2025\/06\/30\/eskisehirde-zodyak-ezgiler-turk-muzigi-konseri-yogun-ilgiyle-izlendi\/#article","isPartOf":{"@id":"https:\/\/avrupapress.com\/main\/2025\/06\/30\/eskisehirde-zodyak-ezgiler-turk-muzigi-konseri-yogun-ilgiyle-izlendi\/"},"author":{"name":"Edit\u00f6r","@id":"https:\/\/avrupapress.com\/#\/schema\/person\/68428444ec60970d1e1b700cf4ca1e8f"},"headline":"Eski\u015fehir\u2019de Zodyak Ezgiler T\u00fcrk M\u00fczi\u011fi Konseri yo\u011fun ilgiyle izlendi","datePublished":"2025-06-30T20:58:03+00:00","dateModified":"2025-06-30T20:58:10+00:00","mainEntityOfPage":{"@id":"https:\/\/avrupapress.com\/main\/2025\/06\/30\/eskisehirde-zodyak-ezgiler-turk-muzigi-konseri-yogun-ilgiyle-izlendi\/"},"wordCount":251,"publisher":{"@id":"https:\/\/avrupapress.com\/#\/schema\/person\/0223dca19c72c43575bf30d1a2d8f4fa"},"image":{"@id":"https:\/\/avrupapress.com\/main\/2025\/06\/30\/eskisehirde-zodyak-ezgiler-turk-muzigi-konseri-yogun-ilgiyle-izlendi\/#primaryimage"},"thumbnailUrl":"https:\/\/avrupapress.com\/main\/wp-content\/uploads\/2025\/06\/thumbnail_IMG-20250630-WA0041.jpg","articleSection":["Avrupa","Bel\u00e7ika","D\u00fcnya","Ekonomi","K\u00fclt\u00fcr-Sanat","Spor","Tan\u0131t\u0131m","T\u00fcrkiye","Uncategorized"],"inLanguage":"fr-BE"},{"@type":"WebPage","@id":"https:\/\/avrupapress.com\/main\/2025\/06\/30\/eskisehirde-zodyak-ezgiler-turk-muzigi-konseri-yogun-ilgiyle-izlendi\/","url":"https:\/\/avrupapress.com\/main\/2025\/06\/30\/eskisehirde-zodyak-ezgiler-turk-muzigi-konseri-yogun-ilgiyle-izlendi\/","name":"Eski\u015fehir\u2019de Zodyak Ezgiler T\u00fcrk M\u00fczi\u011fi Konseri yo\u011fun ilgiyle izlendi - AvrupaPress","isPartOf":{"@id":"https:\/\/avrupapress.com\/#website"},"primaryImageOfPage":{"@id":"https:\/\/avrupapress.com\/main\/2025\/06\/30\/eskisehirde-zodyak-ezgiler-turk-muzigi-konseri-yogun-ilgiyle-izlendi\/#primaryimage"},"image":{"@id":"https:\/\/avrupapress.com\/main\/2025\/06\/30\/eskisehirde-zodyak-ezgiler-turk-muzigi-konseri-yogun-ilgiyle-izlendi\/#primaryimage"},"thumbnailUrl":"https:\/\/avrupapress.com\/main\/wp-content\/uploads\/2025\/06\/thumbnail_IMG-20250630-WA0041.jpg","datePublished":"2025-06-30T20:58:03+00:00","dateModified":"2025-06-30T20:58:10+00:00","breadcrumb":{"@id":"https:\/\/avrupapress.com\/main\/2025\/06\/30\/eskisehirde-zodyak-ezgiler-turk-muzigi-konseri-yogun-ilgiyle-izlendi\/#breadcrumb"},"inLanguage":"fr-BE","potentialAction":[{"@type":"ReadAction","target":["https:\/\/avrupapress.com\/main\/2025\/06\/30\/eskisehirde-zodyak-ezgiler-turk-muzigi-konseri-yogun-ilgiyle-izlendi\/"]}]},{"@type":"ImageObject","inLanguage":"fr-BE","@id":"https:\/\/avrupapress.com\/main\/2025\/06\/30\/eskisehirde-zodyak-ezgiler-turk-muzigi-konseri-yogun-ilgiyle-izlendi\/#primaryimage","url":"https:\/\/avrupapress.com\/main\/wp-content\/uploads\/2025\/06\/thumbnail_IMG-20250630-WA0041.jpg","contentUrl":"https:\/\/avrupapress.com\/main\/wp-content\/uploads\/2025\/06\/thumbnail_IMG-20250630-WA0041.jpg","width":1600,"height":900},{"@type":"BreadcrumbList","@id":"https:\/\/avrupapress.com\/main\/2025\/06\/30\/eskisehirde-zodyak-ezgiler-turk-muzigi-konseri-yogun-ilgiyle-izlendi\/#breadcrumb","itemListElement":[{"@type":"ListItem","position":1,"name":"Anasayfa","item":"https:\/\/avrupapress.com\/"},{"@type":"ListItem","position":2,"name":"Eski\u015fehir\u2019de Zodyak Ezgiler T\u00fcrk M\u00fczi\u011fi Konseri yo\u011fun ilgiyle izlendi"}]},{"@type":"WebSite","@id":"https:\/\/avrupapress.com\/#website","url":"https:\/\/avrupapress.com\/","name":"AvrupaPress","description":"Haberin Adresi","publisher":{"@id":"https:\/\/avrupapress.com\/#\/schema\/person\/0223dca19c72c43575bf30d1a2d8f4fa"},"potentialAction":[{"@type":"SearchAction","target":{"@type":"EntryPoint","urlTemplate":"https:\/\/avrupapress.com\/?s={search_term_string}"},"query-input":{"@type":"PropertyValueSpecification","valueRequired":true,"valueName":"search_term_string"}}],"inLanguage":"fr-BE"},{"@type":["Person","Organization"],"@id":"https:\/\/avrupapress.com\/#\/schema\/person\/0223dca19c72c43575bf30d1a2d8f4fa","name":"Bilgin \u00d6z\u00e7ift\u00e7i","image":{"@type":"ImageObject","inLanguage":"fr-BE","@id":"https:\/\/avrupapress.com\/#\/schema\/person\/image\/","url":"https:\/\/secure.gravatar.com\/avatar\/0f23b280433a21e1ea7a0adcc46ed0ad16afe3ad8e630fd13d8a017dcbd54ef3?s=96&d=mm&r=g","contentUrl":"https:\/\/secure.gravatar.com\/avatar\/0f23b280433a21e1ea7a0adcc46ed0ad16afe3ad8e630fd13d8a017dcbd54ef3?s=96&d=mm&r=g","caption":"Bilgin \u00d6z\u00e7ift\u00e7i"},"logo":{"@id":"https:\/\/avrupapress.com\/#\/schema\/person\/image\/"},"description":"Ne ben, nede sen... Biz ancak \"biz\" olursak g\u00fc\u00e7l\u00fc olabiliriz"},{"@type":"Person","@id":"https:\/\/avrupapress.com\/#\/schema\/person\/68428444ec60970d1e1b700cf4ca1e8f","name":"Edit\u00f6r","image":{"@type":"ImageObject","inLanguage":"fr-BE","@id":"https:\/\/avrupapress.com\/#\/schema\/person\/image\/","url":"https:\/\/secure.gravatar.com\/avatar\/74996b0977aa5f1559ba9883776652508b229005c0d78fb2597897f0bd651c09?s=96&d=mm&r=g","contentUrl":"https:\/\/secure.gravatar.com\/avatar\/74996b0977aa5f1559ba9883776652508b229005c0d78fb2597897f0bd651c09?s=96&d=mm&r=g","caption":"Edit\u00f6r"},"sameAs":["http:\/\/www.avrupapress.com"],"url":"https:\/\/avrupapress.com\/main\/author\/editor\/"}]}},"_links":{"self":[{"href":"https:\/\/avrupapress.com\/main\/wp-json\/wp\/v2\/posts\/29982","targetHints":{"allow":["GET"]}}],"collection":[{"href":"https:\/\/avrupapress.com\/main\/wp-json\/wp\/v2\/posts"}],"about":[{"href":"https:\/\/avrupapress.com\/main\/wp-json\/wp\/v2\/types\/post"}],"author":[{"embeddable":true,"href":"https:\/\/avrupapress.com\/main\/wp-json\/wp\/v2\/users\/3"}],"replies":[{"embeddable":true,"href":"https:\/\/avrupapress.com\/main\/wp-json\/wp\/v2\/comments?post=29982"}],"version-history":[{"count":1,"href":"https:\/\/avrupapress.com\/main\/wp-json\/wp\/v2\/posts\/29982\/revisions"}],"predecessor-version":[{"id":29986,"href":"https:\/\/avrupapress.com\/main\/wp-json\/wp\/v2\/posts\/29982\/revisions\/29986"}],"wp:featuredmedia":[{"embeddable":true,"href":"https:\/\/avrupapress.com\/main\/wp-json\/wp\/v2\/media\/29983"}],"wp:attachment":[{"href":"https:\/\/avrupapress.com\/main\/wp-json\/wp\/v2\/media?parent=29982"}],"wp:term":[{"taxonomy":"category","embeddable":true,"href":"https:\/\/avrupapress.com\/main\/wp-json\/wp\/v2\/categories?post=29982"},{"taxonomy":"post_tag","embeddable":true,"href":"https:\/\/avrupapress.com\/main\/wp-json\/wp\/v2\/tags?post=29982"}],"curies":[{"name":"wp","href":"https:\/\/api.w.org\/{rel}","templated":true}]}}