{"id":29971,"date":"2025-06-30T20:50:54","date_gmt":"2025-06-30T20:50:54","guid":{"rendered":"https:\/\/avrupapress.com\/main\/?p=29971"},"modified":"2025-06-30T20:51:00","modified_gmt":"2025-06-30T20:51:00","slug":"telden-dile-turk-halk-muzigi-ogretmenler-korosu-sezon-sonu-konseri-yogun-ilgi-gordu","status":"publish","type":"post","link":"https:\/\/avrupapress.com\/main\/2025\/06\/30\/telden-dile-turk-halk-muzigi-ogretmenler-korosu-sezon-sonu-konseri-yogun-ilgi-gordu\/","title":{"rendered":"Telden Dile T\u00fcrk Halk M\u00fczi\u011fi \u00d6\u011fretmenler Korosu Sezon Sonu konseri yo\u011fun ilgi g\u00f6rd\u00fc"},"content":{"rendered":"<div dir=\"auto\" data-olk-copy-source=\"MessageBody\"><strong>HABER \/ FOTO\u011eRAF: ERTU\u011eRUL ALTINEL \u2013 B\u0130LG\u0130N \u00d6Z\u00c7\u0130FT\u00c7\u0130 \u2013 AVRUPA PRESS \u2013 BEL\u00c7\u0130KA.<\/strong><\/div>\n<div dir=\"auto\"><\/div>\n<div dir=\"auto\"><\/div>\n<div dir=\"auto\">&#8211; Telden Dile T\u00fcrk Halk M\u00fczi\u011fi \u00d6\u011fretmenler Korosu Sezon Sonu konseri, Eski\u015fehir Yunus Emre K\u00fclt\u00fcr ve Sanat Merkezi\u2019nde d\u00fczenlendi ve yo\u011fun ilgi g\u00f6rd\u00fc.<\/div>\n<div dir=\"auto\"><\/div>\n<div dir=\"auto\">Koro \u015eefi Ahmet K\u0131z\u0131lok; Odunpazar\u0131 Halk E\u011fitimi Merkezi taraf\u0131ndan haz\u0131rlanan Telden Dile T\u00fcrk Halk M\u00fczi\u011fi \u00d6\u011fretmenler Korosu Sezon Sonu konserini \u00e7ok g\u00fczel ve ahenkli y\u00f6netti. Konser de s\u00f6ylenen eserleri sanatseverler ayakta alk\u0131\u015flad\u0131 ve tebrik ettiler, duygular\u0131n\u0131 s\u00f6zleri ve davran\u0131\u015flar\u0131 ile dile getirdiler. Koro \u015eefi Ahmet K\u0131z\u0131lok y\u00f6netiminde \u00f6\u011fretmenlerden olu\u015fan koro; T\u00fcrk Halk M\u00fczi\u011fi\u2019nin e\u015fsiz ve unutulmaz eserlerini, T\u00fcrk Halk M\u00fczi\u011fi severlerle bulu\u015fturdu. Performans\u0131yla m\u00fczik ziyafeti ya\u015fatan koro, izleyenler taraf\u0131ndan uzun s\u00fcre alk\u0131\u015fland\u0131.<\/div>\n<div dir=\"auto\"><\/div>\n<div dir=\"auto\">Konsere: Eski\u015fehir \u0130l Milli E\u011fitim M\u00fcd\u00fcr Yard\u0131mc\u0131s\u0131 Bar\u0131\u015f Hanc\u0131, Odunpazar\u0131 \u0130l\u00e7e Milli E\u011fitim \u015eube M\u00fcd\u00fcr\u00fc Dr. Nurullah Seyido\u011flu, Odunpazar\u0131 Halk E\u011fitimi Merkezi M\u00fcd\u00fcr\u00fc Sinan G\u00fcl\u015fen, e\u011fitim kurumlar\u0131m\u0131z\u0131n y\u00f6netici ve \u00f6\u011fretmenleri ve halk m\u00fczi\u011fi severler yo\u011fun ilgi g\u00f6sterdiler.<\/div>\n<div dir=\"auto\"><\/div>\n<div dir=\"auto\">Konser sonunda; Odunpazar\u0131 Halk E\u011fitim Merkezi taraf\u0131ndan haz\u0131rlanan ba\u015far\u0131 belgeleri, koroda g\u00f6rev alan t\u00fcm korist ve m\u00fczisyenlere takdim edildi. Bir sonraki e\u011fitim \u00f6\u011fretim y\u0131l\u0131nda da ayn\u0131 etkinlerin s\u00fcrd\u00fcr\u00fclmesi temennisi ile geceye son verildi.<\/div>\n<div dir=\"auto\"><\/div>\n<div dir=\"auto\"><img loading=\"lazy\" decoding=\"async\" class=\"alignnone size-medium wp-image-29972\" src=\"https:\/\/avrupapress.com\/main\/wp-content\/uploads\/2025\/06\/thumbnail_IMG-20250630-WA0033-300x200.jpg\" alt=\"\" width=\"300\" height=\"200\" srcset=\"https:\/\/avrupapress.com\/main\/wp-content\/uploads\/2025\/06\/thumbnail_IMG-20250630-WA0033-300x200.jpg 300w, https:\/\/avrupapress.com\/main\/wp-content\/uploads\/2025\/06\/thumbnail_IMG-20250630-WA0033-1024x682.jpg 1024w, https:\/\/avrupapress.com\/main\/wp-content\/uploads\/2025\/06\/thumbnail_IMG-20250630-WA0033-768x512.jpg 768w, https:\/\/avrupapress.com\/main\/wp-content\/uploads\/2025\/06\/thumbnail_IMG-20250630-WA0033-1536x1023.jpg 1536w, https:\/\/avrupapress.com\/main\/wp-content\/uploads\/2025\/06\/thumbnail_IMG-20250630-WA0033.jpg 1600w\" sizes=\"auto, (max-width: 300px) 100vw, 300px\" \/><\/div>\n<div dir=\"auto\">\u00a0<img loading=\"lazy\" decoding=\"async\" class=\"alignnone size-medium wp-image-29974\" src=\"https:\/\/avrupapress.com\/main\/wp-content\/uploads\/2025\/06\/thumbnail_IMG-20250630-WA0039-300x200.jpg\" alt=\"\" width=\"300\" height=\"200\" srcset=\"https:\/\/avrupapress.com\/main\/wp-content\/uploads\/2025\/06\/thumbnail_IMG-20250630-WA0039-300x200.jpg 300w, https:\/\/avrupapress.com\/main\/wp-content\/uploads\/2025\/06\/thumbnail_IMG-20250630-WA0039-1024x682.jpg 1024w, https:\/\/avrupapress.com\/main\/wp-content\/uploads\/2025\/06\/thumbnail_IMG-20250630-WA0039-768x512.jpg 768w, https:\/\/avrupapress.com\/main\/wp-content\/uploads\/2025\/06\/thumbnail_IMG-20250630-WA0039-1536x1023.jpg 1536w, https:\/\/avrupapress.com\/main\/wp-content\/uploads\/2025\/06\/thumbnail_IMG-20250630-WA0039.jpg 1600w\" sizes=\"auto, (max-width: 300px) 100vw, 300px\" \/><\/div>\n<div dir=\"auto\"><img loading=\"lazy\" decoding=\"async\" class=\"alignnone size-medium wp-image-29975\" src=\"https:\/\/avrupapress.com\/main\/wp-content\/uploads\/2025\/06\/thumbnail_IMG-20250630-WA0034-300x200.jpg\" alt=\"\" width=\"300\" height=\"200\" srcset=\"https:\/\/avrupapress.com\/main\/wp-content\/uploads\/2025\/06\/thumbnail_IMG-20250630-WA0034-300x200.jpg 300w, https:\/\/avrupapress.com\/main\/wp-content\/uploads\/2025\/06\/thumbnail_IMG-20250630-WA0034-1024x682.jpg 1024w, https:\/\/avrupapress.com\/main\/wp-content\/uploads\/2025\/06\/thumbnail_IMG-20250630-WA0034-768x512.jpg 768w, https:\/\/avrupapress.com\/main\/wp-content\/uploads\/2025\/06\/thumbnail_IMG-20250630-WA0034-1536x1023.jpg 1536w, https:\/\/avrupapress.com\/main\/wp-content\/uploads\/2025\/06\/thumbnail_IMG-20250630-WA0034.jpg 1600w\" sizes=\"auto, (max-width: 300px) 100vw, 300px\" \/><\/div>\n<div dir=\"auto\"><img loading=\"lazy\" decoding=\"async\" class=\"alignnone size-medium wp-image-29976\" src=\"https:\/\/avrupapress.com\/main\/wp-content\/uploads\/2025\/06\/thumbnail_IMG-20250630-WA0035-300x200.jpg\" alt=\"\" width=\"300\" height=\"200\" srcset=\"https:\/\/avrupapress.com\/main\/wp-content\/uploads\/2025\/06\/thumbnail_IMG-20250630-WA0035-300x200.jpg 300w, https:\/\/avrupapress.com\/main\/wp-content\/uploads\/2025\/06\/thumbnail_IMG-20250630-WA0035-1024x682.jpg 1024w, https:\/\/avrupapress.com\/main\/wp-content\/uploads\/2025\/06\/thumbnail_IMG-20250630-WA0035-768x512.jpg 768w, https:\/\/avrupapress.com\/main\/wp-content\/uploads\/2025\/06\/thumbnail_IMG-20250630-WA0035-1536x1023.jpg 1536w, https:\/\/avrupapress.com\/main\/wp-content\/uploads\/2025\/06\/thumbnail_IMG-20250630-WA0035.jpg 1600w\" sizes=\"auto, (max-width: 300px) 100vw, 300px\" \/><\/div>\n<div dir=\"auto\"><img loading=\"lazy\" decoding=\"async\" class=\"alignnone size-medium wp-image-29977\" src=\"https:\/\/avrupapress.com\/main\/wp-content\/uploads\/2025\/06\/thumbnail_IMG-20250630-WA0036-300x200.jpg\" alt=\"\" width=\"300\" height=\"200\" srcset=\"https:\/\/avrupapress.com\/main\/wp-content\/uploads\/2025\/06\/thumbnail_IMG-20250630-WA0036-300x200.jpg 300w, https:\/\/avrupapress.com\/main\/wp-content\/uploads\/2025\/06\/thumbnail_IMG-20250630-WA0036-1024x682.jpg 1024w, https:\/\/avrupapress.com\/main\/wp-content\/uploads\/2025\/06\/thumbnail_IMG-20250630-WA0036-768x512.jpg 768w, https:\/\/avrupapress.com\/main\/wp-content\/uploads\/2025\/06\/thumbnail_IMG-20250630-WA0036-1536x1023.jpg 1536w, https:\/\/avrupapress.com\/main\/wp-content\/uploads\/2025\/06\/thumbnail_IMG-20250630-WA0036.jpg 1600w\" sizes=\"auto, (max-width: 300px) 100vw, 300px\" \/><\/div>\n<div dir=\"auto\"><img loading=\"lazy\" decoding=\"async\" class=\"alignnone size-medium wp-image-29978\" src=\"https:\/\/avrupapress.com\/main\/wp-content\/uploads\/2025\/06\/thumbnail_IMG-20250630-WA0037-300x200.jpg\" alt=\"\" width=\"300\" height=\"200\" srcset=\"https:\/\/avrupapress.com\/main\/wp-content\/uploads\/2025\/06\/thumbnail_IMG-20250630-WA0037-300x200.jpg 300w, https:\/\/avrupapress.com\/main\/wp-content\/uploads\/2025\/06\/thumbnail_IMG-20250630-WA0037-1024x682.jpg 1024w, https:\/\/avrupapress.com\/main\/wp-content\/uploads\/2025\/06\/thumbnail_IMG-20250630-WA0037-768x512.jpg 768w, https:\/\/avrupapress.com\/main\/wp-content\/uploads\/2025\/06\/thumbnail_IMG-20250630-WA0037-1536x1023.jpg 1536w, https:\/\/avrupapress.com\/main\/wp-content\/uploads\/2025\/06\/thumbnail_IMG-20250630-WA0037.jpg 1600w\" sizes=\"auto, (max-width: 300px) 100vw, 300px\" \/><\/div>\n<div dir=\"auto\"><img loading=\"lazy\" decoding=\"async\" class=\"alignnone size-medium wp-image-29979\" src=\"https:\/\/avrupapress.com\/main\/wp-content\/uploads\/2025\/06\/thumbnail_IMG-20250630-WA0038-300x200.jpg\" alt=\"\" width=\"300\" height=\"200\" srcset=\"https:\/\/avrupapress.com\/main\/wp-content\/uploads\/2025\/06\/thumbnail_IMG-20250630-WA0038-300x200.jpg 300w, https:\/\/avrupapress.com\/main\/wp-content\/uploads\/2025\/06\/thumbnail_IMG-20250630-WA0038-1024x682.jpg 1024w, https:\/\/avrupapress.com\/main\/wp-content\/uploads\/2025\/06\/thumbnail_IMG-20250630-WA0038-768x512.jpg 768w, https:\/\/avrupapress.com\/main\/wp-content\/uploads\/2025\/06\/thumbnail_IMG-20250630-WA0038-1536x1023.jpg 1536w, https:\/\/avrupapress.com\/main\/wp-content\/uploads\/2025\/06\/thumbnail_IMG-20250630-WA0038.jpg 1600w\" sizes=\"auto, (max-width: 300px) 100vw, 300px\" \/><\/div>\n<div dir=\"auto\"><img loading=\"lazy\" decoding=\"async\" class=\"alignnone size-medium wp-image-29980\" src=\"https:\/\/avrupapress.com\/main\/wp-content\/uploads\/2025\/06\/thumbnail_IMG-20250630-WA0033-2-300x200.jpg\" alt=\"\" width=\"300\" height=\"200\" srcset=\"https:\/\/avrupapress.com\/main\/wp-content\/uploads\/2025\/06\/thumbnail_IMG-20250630-WA0033-2-300x200.jpg 300w, https:\/\/avrupapress.com\/main\/wp-content\/uploads\/2025\/06\/thumbnail_IMG-20250630-WA0033-2-1024x682.jpg 1024w, https:\/\/avrupapress.com\/main\/wp-content\/uploads\/2025\/06\/thumbnail_IMG-20250630-WA0033-2-768x512.jpg 768w, https:\/\/avrupapress.com\/main\/wp-content\/uploads\/2025\/06\/thumbnail_IMG-20250630-WA0033-2-1536x1023.jpg 1536w, https:\/\/avrupapress.com\/main\/wp-content\/uploads\/2025\/06\/thumbnail_IMG-20250630-WA0033-2.jpg 1600w\" sizes=\"auto, (max-width: 300px) 100vw, 300px\" \/><\/div>\n<div dir=\"auto\"><\/div>\n<div dir=\"auto\"><\/div>\n<div dir=\"auto\"><strong>HABER \/ FOTO\u011eRAF: ERTU\u011eRUL ALTINEL \u2013 B\u0130LG\u0130N \u00d6Z\u00c7\u0130FT\u00c7\u0130 \u2013 AVRUPA PRESS \u2013 BEL\u00c7\u0130KA.<\/strong><\/div>\n","protected":false},"excerpt":{"rendered":"<p>HABER \/ FOTO\u011eRAF: ERTU\u011eRUL ALTINEL \u2013 B\u0130LG\u0130N \u00d6Z\u00c7\u0130FT\u00c7\u0130 \u2013 AVRUPA PRESS \u2013 BEL\u00c7\u0130KA. &#8211; Telden Dile T\u00fcrk Halk M\u00fczi\u011fi \u00d6\u011fretmenler Korosu Sezon Sonu konseri, Eski\u015fehir Yunus Emre K\u00fclt\u00fcr ve Sanat Merkezi\u2019nde d\u00fczenlendi ve yo\u011fun ilgi g\u00f6rd\u00fc. Koro \u015eefi Ahmet K\u0131z\u0131lok; Odunpazar\u0131 Halk E\u011fitimi Merkezi taraf\u0131ndan haz\u0131rlanan Telden Dile T\u00fcrk Halk M\u00fczi\u011fi \u00d6\u011fretmenler Korosu Sezon Sonu [&hellip;]<\/p>\n","protected":false},"author":3,"featured_media":29975,"comment_status":"closed","ping_status":"open","sticky":false,"template":"","format":"standard","meta":{"footnotes":""},"categories":[14,16,3,17,18,15,19,2,1],"tags":[],"class_list":["post-29971","post","type-post","status-publish","format-standard","has-post-thumbnail","hentry","category-avrupa","category-belcika","category-dunya","category-ekonomi","category-kultur-sanat","category-spor","category-tanitim","category-turkiye","category-uncategorized"],"yoast_head":"<!-- This site is optimized with the Yoast SEO plugin v26.9 - https:\/\/yoast.com\/product\/yoast-seo-wordpress\/ -->\n<title>Telden Dile T\u00fcrk Halk M\u00fczi\u011fi \u00d6\u011fretmenler Korosu Sezon Sonu konseri yo\u011fun ilgi g\u00f6rd\u00fc - AvrupaPress<\/title>\n<meta name=\"robots\" content=\"index, follow, max-snippet:-1, max-image-preview:large, max-video-preview:-1\" \/>\n<link rel=\"canonical\" href=\"https:\/\/avrupapress.com\/main\/2025\/06\/30\/telden-dile-turk-halk-muzigi-ogretmenler-korosu-sezon-sonu-konseri-yogun-ilgi-gordu\/\" \/>\n<meta property=\"og:locale\" content=\"fr_FR\" \/>\n<meta property=\"og:type\" content=\"article\" \/>\n<meta property=\"og:title\" content=\"Telden Dile T\u00fcrk Halk M\u00fczi\u011fi \u00d6\u011fretmenler Korosu Sezon Sonu konseri yo\u011fun ilgi g\u00f6rd\u00fc - AvrupaPress\" \/>\n<meta property=\"og:description\" content=\"HABER \/ FOTO\u011eRAF: ERTU\u011eRUL ALTINEL \u2013 B\u0130LG\u0130N \u00d6Z\u00c7\u0130FT\u00c7\u0130 \u2013 AVRUPA PRESS \u2013 BEL\u00c7\u0130KA. &#8211; Telden Dile T\u00fcrk Halk M\u00fczi\u011fi \u00d6\u011fretmenler Korosu Sezon Sonu konseri, Eski\u015fehir Yunus Emre K\u00fclt\u00fcr ve Sanat Merkezi\u2019nde d\u00fczenlendi ve yo\u011fun ilgi g\u00f6rd\u00fc. Koro \u015eefi Ahmet K\u0131z\u0131lok; Odunpazar\u0131 Halk E\u011fitimi Merkezi taraf\u0131ndan haz\u0131rlanan Telden Dile T\u00fcrk Halk M\u00fczi\u011fi \u00d6\u011fretmenler Korosu Sezon Sonu [&hellip;]\" \/>\n<meta property=\"og:url\" content=\"https:\/\/avrupapress.com\/main\/2025\/06\/30\/telden-dile-turk-halk-muzigi-ogretmenler-korosu-sezon-sonu-konseri-yogun-ilgi-gordu\/\" \/>\n<meta property=\"og:site_name\" content=\"AvrupaPress\" \/>\n<meta property=\"article:published_time\" content=\"2025-06-30T20:50:54+00:00\" \/>\n<meta property=\"article:modified_time\" content=\"2025-06-30T20:51:00+00:00\" \/>\n<meta property=\"og:image\" content=\"https:\/\/avrupapress.com\/main\/wp-content\/uploads\/2025\/06\/thumbnail_IMG-20250630-WA0034.jpg\" \/>\n\t<meta property=\"og:image:width\" content=\"1600\" \/>\n\t<meta property=\"og:image:height\" content=\"1066\" \/>\n\t<meta property=\"og:image:type\" content=\"image\/jpeg\" \/>\n<meta name=\"author\" content=\"Edit\u00f6r\" \/>\n<meta name=\"twitter:card\" content=\"summary_large_image\" \/>\n<meta name=\"twitter:label1\" content=\"\u00c9crit par\" \/>\n\t<meta name=\"twitter:data1\" content=\"Edit\u00f6r\" \/>\n\t<meta name=\"twitter:label2\" content=\"Dur\u00e9e de lecture est.\" \/>\n\t<meta name=\"twitter:data2\" content=\"3 minutes\" \/>\n<script type=\"application\/ld+json\" class=\"yoast-schema-graph\">{\"@context\":\"https:\/\/schema.org\",\"@graph\":[{\"@type\":\"Article\",\"@id\":\"https:\/\/avrupapress.com\/main\/2025\/06\/30\/telden-dile-turk-halk-muzigi-ogretmenler-korosu-sezon-sonu-konseri-yogun-ilgi-gordu\/#article\",\"isPartOf\":{\"@id\":\"https:\/\/avrupapress.com\/main\/2025\/06\/30\/telden-dile-turk-halk-muzigi-ogretmenler-korosu-sezon-sonu-konseri-yogun-ilgi-gordu\/\"},\"author\":{\"name\":\"Edit\u00f6r\",\"@id\":\"https:\/\/avrupapress.com\/#\/schema\/person\/68428444ec60970d1e1b700cf4ca1e8f\"},\"headline\":\"Telden Dile T\u00fcrk Halk M\u00fczi\u011fi \u00d6\u011fretmenler Korosu Sezon Sonu konseri yo\u011fun ilgi g\u00f6rd\u00fc\",\"datePublished\":\"2025-06-30T20:50:54+00:00\",\"dateModified\":\"2025-06-30T20:51:00+00:00\",\"mainEntityOfPage\":{\"@id\":\"https:\/\/avrupapress.com\/main\/2025\/06\/30\/telden-dile-turk-halk-muzigi-ogretmenler-korosu-sezon-sonu-konseri-yogun-ilgi-gordu\/\"},\"wordCount\":295,\"publisher\":{\"@id\":\"https:\/\/avrupapress.com\/#\/schema\/person\/0223dca19c72c43575bf30d1a2d8f4fa\"},\"image\":{\"@id\":\"https:\/\/avrupapress.com\/main\/2025\/06\/30\/telden-dile-turk-halk-muzigi-ogretmenler-korosu-sezon-sonu-konseri-yogun-ilgi-gordu\/#primaryimage\"},\"thumbnailUrl\":\"https:\/\/avrupapress.com\/main\/wp-content\/uploads\/2025\/06\/thumbnail_IMG-20250630-WA0034.jpg\",\"articleSection\":[\"Avrupa\",\"Bel\u00e7ika\",\"D\u00fcnya\",\"Ekonomi\",\"K\u00fclt\u00fcr-Sanat\",\"Spor\",\"Tan\u0131t\u0131m\",\"T\u00fcrkiye\",\"Uncategorized\"],\"inLanguage\":\"fr-BE\"},{\"@type\":\"WebPage\",\"@id\":\"https:\/\/avrupapress.com\/main\/2025\/06\/30\/telden-dile-turk-halk-muzigi-ogretmenler-korosu-sezon-sonu-konseri-yogun-ilgi-gordu\/\",\"url\":\"https:\/\/avrupapress.com\/main\/2025\/06\/30\/telden-dile-turk-halk-muzigi-ogretmenler-korosu-sezon-sonu-konseri-yogun-ilgi-gordu\/\",\"name\":\"Telden Dile T\u00fcrk Halk M\u00fczi\u011fi \u00d6\u011fretmenler Korosu Sezon Sonu konseri yo\u011fun ilgi g\u00f6rd\u00fc - AvrupaPress\",\"isPartOf\":{\"@id\":\"https:\/\/avrupapress.com\/#website\"},\"primaryImageOfPage\":{\"@id\":\"https:\/\/avrupapress.com\/main\/2025\/06\/30\/telden-dile-turk-halk-muzigi-ogretmenler-korosu-sezon-sonu-konseri-yogun-ilgi-gordu\/#primaryimage\"},\"image\":{\"@id\":\"https:\/\/avrupapress.com\/main\/2025\/06\/30\/telden-dile-turk-halk-muzigi-ogretmenler-korosu-sezon-sonu-konseri-yogun-ilgi-gordu\/#primaryimage\"},\"thumbnailUrl\":\"https:\/\/avrupapress.com\/main\/wp-content\/uploads\/2025\/06\/thumbnail_IMG-20250630-WA0034.jpg\",\"datePublished\":\"2025-06-30T20:50:54+00:00\",\"dateModified\":\"2025-06-30T20:51:00+00:00\",\"breadcrumb\":{\"@id\":\"https:\/\/avrupapress.com\/main\/2025\/06\/30\/telden-dile-turk-halk-muzigi-ogretmenler-korosu-sezon-sonu-konseri-yogun-ilgi-gordu\/#breadcrumb\"},\"inLanguage\":\"fr-BE\",\"potentialAction\":[{\"@type\":\"ReadAction\",\"target\":[\"https:\/\/avrupapress.com\/main\/2025\/06\/30\/telden-dile-turk-halk-muzigi-ogretmenler-korosu-sezon-sonu-konseri-yogun-ilgi-gordu\/\"]}]},{\"@type\":\"ImageObject\",\"inLanguage\":\"fr-BE\",\"@id\":\"https:\/\/avrupapress.com\/main\/2025\/06\/30\/telden-dile-turk-halk-muzigi-ogretmenler-korosu-sezon-sonu-konseri-yogun-ilgi-gordu\/#primaryimage\",\"url\":\"https:\/\/avrupapress.com\/main\/wp-content\/uploads\/2025\/06\/thumbnail_IMG-20250630-WA0034.jpg\",\"contentUrl\":\"https:\/\/avrupapress.com\/main\/wp-content\/uploads\/2025\/06\/thumbnail_IMG-20250630-WA0034.jpg\",\"width\":1600,\"height\":1066},{\"@type\":\"BreadcrumbList\",\"@id\":\"https:\/\/avrupapress.com\/main\/2025\/06\/30\/telden-dile-turk-halk-muzigi-ogretmenler-korosu-sezon-sonu-konseri-yogun-ilgi-gordu\/#breadcrumb\",\"itemListElement\":[{\"@type\":\"ListItem\",\"position\":1,\"name\":\"Anasayfa\",\"item\":\"https:\/\/avrupapress.com\/\"},{\"@type\":\"ListItem\",\"position\":2,\"name\":\"Telden Dile T\u00fcrk Halk M\u00fczi\u011fi \u00d6\u011fretmenler Korosu Sezon Sonu konseri yo\u011fun ilgi g\u00f6rd\u00fc\"}]},{\"@type\":\"WebSite\",\"@id\":\"https:\/\/avrupapress.com\/#website\",\"url\":\"https:\/\/avrupapress.com\/\",\"name\":\"AvrupaPress\",\"description\":\"Haberin Adresi\",\"publisher\":{\"@id\":\"https:\/\/avrupapress.com\/#\/schema\/person\/0223dca19c72c43575bf30d1a2d8f4fa\"},\"potentialAction\":[{\"@type\":\"SearchAction\",\"target\":{\"@type\":\"EntryPoint\",\"urlTemplate\":\"https:\/\/avrupapress.com\/?s={search_term_string}\"},\"query-input\":{\"@type\":\"PropertyValueSpecification\",\"valueRequired\":true,\"valueName\":\"search_term_string\"}}],\"inLanguage\":\"fr-BE\"},{\"@type\":[\"Person\",\"Organization\"],\"@id\":\"https:\/\/avrupapress.com\/#\/schema\/person\/0223dca19c72c43575bf30d1a2d8f4fa\",\"name\":\"Bilgin \u00d6z\u00e7ift\u00e7i\",\"image\":{\"@type\":\"ImageObject\",\"inLanguage\":\"fr-BE\",\"@id\":\"https:\/\/avrupapress.com\/#\/schema\/person\/image\/\",\"url\":\"https:\/\/secure.gravatar.com\/avatar\/0f23b280433a21e1ea7a0adcc46ed0ad16afe3ad8e630fd13d8a017dcbd54ef3?s=96&d=mm&r=g\",\"contentUrl\":\"https:\/\/secure.gravatar.com\/avatar\/0f23b280433a21e1ea7a0adcc46ed0ad16afe3ad8e630fd13d8a017dcbd54ef3?s=96&d=mm&r=g\",\"caption\":\"Bilgin \u00d6z\u00e7ift\u00e7i\"},\"logo\":{\"@id\":\"https:\/\/avrupapress.com\/#\/schema\/person\/image\/\"},\"description\":\"Ne ben, nede sen... Biz ancak \\\"biz\\\" olursak g\u00fc\u00e7l\u00fc olabiliriz\"},{\"@type\":\"Person\",\"@id\":\"https:\/\/avrupapress.com\/#\/schema\/person\/68428444ec60970d1e1b700cf4ca1e8f\",\"name\":\"Edit\u00f6r\",\"image\":{\"@type\":\"ImageObject\",\"inLanguage\":\"fr-BE\",\"@id\":\"https:\/\/avrupapress.com\/#\/schema\/person\/image\/\",\"url\":\"https:\/\/secure.gravatar.com\/avatar\/74996b0977aa5f1559ba9883776652508b229005c0d78fb2597897f0bd651c09?s=96&d=mm&r=g\",\"contentUrl\":\"https:\/\/secure.gravatar.com\/avatar\/74996b0977aa5f1559ba9883776652508b229005c0d78fb2597897f0bd651c09?s=96&d=mm&r=g\",\"caption\":\"Edit\u00f6r\"},\"sameAs\":[\"http:\/\/www.avrupapress.com\"],\"url\":\"https:\/\/avrupapress.com\/main\/author\/editor\/\"}]}<\/script>\n<!-- \/ Yoast SEO plugin. -->","yoast_head_json":{"title":"Telden Dile T\u00fcrk Halk M\u00fczi\u011fi \u00d6\u011fretmenler Korosu Sezon Sonu konseri yo\u011fun ilgi g\u00f6rd\u00fc - AvrupaPress","robots":{"index":"index","follow":"follow","max-snippet":"max-snippet:-1","max-image-preview":"max-image-preview:large","max-video-preview":"max-video-preview:-1"},"canonical":"https:\/\/avrupapress.com\/main\/2025\/06\/30\/telden-dile-turk-halk-muzigi-ogretmenler-korosu-sezon-sonu-konseri-yogun-ilgi-gordu\/","og_locale":"fr_FR","og_type":"article","og_title":"Telden Dile T\u00fcrk Halk M\u00fczi\u011fi \u00d6\u011fretmenler Korosu Sezon Sonu konseri yo\u011fun ilgi g\u00f6rd\u00fc - AvrupaPress","og_description":"HABER \/ FOTO\u011eRAF: ERTU\u011eRUL ALTINEL \u2013 B\u0130LG\u0130N \u00d6Z\u00c7\u0130FT\u00c7\u0130 \u2013 AVRUPA PRESS \u2013 BEL\u00c7\u0130KA. &#8211; Telden Dile T\u00fcrk Halk M\u00fczi\u011fi \u00d6\u011fretmenler Korosu Sezon Sonu konseri, Eski\u015fehir Yunus Emre K\u00fclt\u00fcr ve Sanat Merkezi\u2019nde d\u00fczenlendi ve yo\u011fun ilgi g\u00f6rd\u00fc. Koro \u015eefi Ahmet K\u0131z\u0131lok; Odunpazar\u0131 Halk E\u011fitimi Merkezi taraf\u0131ndan haz\u0131rlanan Telden Dile T\u00fcrk Halk M\u00fczi\u011fi \u00d6\u011fretmenler Korosu Sezon Sonu [&hellip;]","og_url":"https:\/\/avrupapress.com\/main\/2025\/06\/30\/telden-dile-turk-halk-muzigi-ogretmenler-korosu-sezon-sonu-konseri-yogun-ilgi-gordu\/","og_site_name":"AvrupaPress","article_published_time":"2025-06-30T20:50:54+00:00","article_modified_time":"2025-06-30T20:51:00+00:00","og_image":[{"width":1600,"height":1066,"url":"https:\/\/avrupapress.com\/main\/wp-content\/uploads\/2025\/06\/thumbnail_IMG-20250630-WA0034.jpg","type":"image\/jpeg"}],"author":"Edit\u00f6r","twitter_card":"summary_large_image","twitter_misc":{"\u00c9crit par":"Edit\u00f6r","Dur\u00e9e de lecture est.":"3 minutes"},"schema":{"@context":"https:\/\/schema.org","@graph":[{"@type":"Article","@id":"https:\/\/avrupapress.com\/main\/2025\/06\/30\/telden-dile-turk-halk-muzigi-ogretmenler-korosu-sezon-sonu-konseri-yogun-ilgi-gordu\/#article","isPartOf":{"@id":"https:\/\/avrupapress.com\/main\/2025\/06\/30\/telden-dile-turk-halk-muzigi-ogretmenler-korosu-sezon-sonu-konseri-yogun-ilgi-gordu\/"},"author":{"name":"Edit\u00f6r","@id":"https:\/\/avrupapress.com\/#\/schema\/person\/68428444ec60970d1e1b700cf4ca1e8f"},"headline":"Telden Dile T\u00fcrk Halk M\u00fczi\u011fi \u00d6\u011fretmenler Korosu Sezon Sonu konseri yo\u011fun ilgi g\u00f6rd\u00fc","datePublished":"2025-06-30T20:50:54+00:00","dateModified":"2025-06-30T20:51:00+00:00","mainEntityOfPage":{"@id":"https:\/\/avrupapress.com\/main\/2025\/06\/30\/telden-dile-turk-halk-muzigi-ogretmenler-korosu-sezon-sonu-konseri-yogun-ilgi-gordu\/"},"wordCount":295,"publisher":{"@id":"https:\/\/avrupapress.com\/#\/schema\/person\/0223dca19c72c43575bf30d1a2d8f4fa"},"image":{"@id":"https:\/\/avrupapress.com\/main\/2025\/06\/30\/telden-dile-turk-halk-muzigi-ogretmenler-korosu-sezon-sonu-konseri-yogun-ilgi-gordu\/#primaryimage"},"thumbnailUrl":"https:\/\/avrupapress.com\/main\/wp-content\/uploads\/2025\/06\/thumbnail_IMG-20250630-WA0034.jpg","articleSection":["Avrupa","Bel\u00e7ika","D\u00fcnya","Ekonomi","K\u00fclt\u00fcr-Sanat","Spor","Tan\u0131t\u0131m","T\u00fcrkiye","Uncategorized"],"inLanguage":"fr-BE"},{"@type":"WebPage","@id":"https:\/\/avrupapress.com\/main\/2025\/06\/30\/telden-dile-turk-halk-muzigi-ogretmenler-korosu-sezon-sonu-konseri-yogun-ilgi-gordu\/","url":"https:\/\/avrupapress.com\/main\/2025\/06\/30\/telden-dile-turk-halk-muzigi-ogretmenler-korosu-sezon-sonu-konseri-yogun-ilgi-gordu\/","name":"Telden Dile T\u00fcrk Halk M\u00fczi\u011fi \u00d6\u011fretmenler Korosu Sezon Sonu konseri yo\u011fun ilgi g\u00f6rd\u00fc - AvrupaPress","isPartOf":{"@id":"https:\/\/avrupapress.com\/#website"},"primaryImageOfPage":{"@id":"https:\/\/avrupapress.com\/main\/2025\/06\/30\/telden-dile-turk-halk-muzigi-ogretmenler-korosu-sezon-sonu-konseri-yogun-ilgi-gordu\/#primaryimage"},"image":{"@id":"https:\/\/avrupapress.com\/main\/2025\/06\/30\/telden-dile-turk-halk-muzigi-ogretmenler-korosu-sezon-sonu-konseri-yogun-ilgi-gordu\/#primaryimage"},"thumbnailUrl":"https:\/\/avrupapress.com\/main\/wp-content\/uploads\/2025\/06\/thumbnail_IMG-20250630-WA0034.jpg","datePublished":"2025-06-30T20:50:54+00:00","dateModified":"2025-06-30T20:51:00+00:00","breadcrumb":{"@id":"https:\/\/avrupapress.com\/main\/2025\/06\/30\/telden-dile-turk-halk-muzigi-ogretmenler-korosu-sezon-sonu-konseri-yogun-ilgi-gordu\/#breadcrumb"},"inLanguage":"fr-BE","potentialAction":[{"@type":"ReadAction","target":["https:\/\/avrupapress.com\/main\/2025\/06\/30\/telden-dile-turk-halk-muzigi-ogretmenler-korosu-sezon-sonu-konseri-yogun-ilgi-gordu\/"]}]},{"@type":"ImageObject","inLanguage":"fr-BE","@id":"https:\/\/avrupapress.com\/main\/2025\/06\/30\/telden-dile-turk-halk-muzigi-ogretmenler-korosu-sezon-sonu-konseri-yogun-ilgi-gordu\/#primaryimage","url":"https:\/\/avrupapress.com\/main\/wp-content\/uploads\/2025\/06\/thumbnail_IMG-20250630-WA0034.jpg","contentUrl":"https:\/\/avrupapress.com\/main\/wp-content\/uploads\/2025\/06\/thumbnail_IMG-20250630-WA0034.jpg","width":1600,"height":1066},{"@type":"BreadcrumbList","@id":"https:\/\/avrupapress.com\/main\/2025\/06\/30\/telden-dile-turk-halk-muzigi-ogretmenler-korosu-sezon-sonu-konseri-yogun-ilgi-gordu\/#breadcrumb","itemListElement":[{"@type":"ListItem","position":1,"name":"Anasayfa","item":"https:\/\/avrupapress.com\/"},{"@type":"ListItem","position":2,"name":"Telden Dile T\u00fcrk Halk M\u00fczi\u011fi \u00d6\u011fretmenler Korosu Sezon Sonu konseri yo\u011fun ilgi g\u00f6rd\u00fc"}]},{"@type":"WebSite","@id":"https:\/\/avrupapress.com\/#website","url":"https:\/\/avrupapress.com\/","name":"AvrupaPress","description":"Haberin Adresi","publisher":{"@id":"https:\/\/avrupapress.com\/#\/schema\/person\/0223dca19c72c43575bf30d1a2d8f4fa"},"potentialAction":[{"@type":"SearchAction","target":{"@type":"EntryPoint","urlTemplate":"https:\/\/avrupapress.com\/?s={search_term_string}"},"query-input":{"@type":"PropertyValueSpecification","valueRequired":true,"valueName":"search_term_string"}}],"inLanguage":"fr-BE"},{"@type":["Person","Organization"],"@id":"https:\/\/avrupapress.com\/#\/schema\/person\/0223dca19c72c43575bf30d1a2d8f4fa","name":"Bilgin \u00d6z\u00e7ift\u00e7i","image":{"@type":"ImageObject","inLanguage":"fr-BE","@id":"https:\/\/avrupapress.com\/#\/schema\/person\/image\/","url":"https:\/\/secure.gravatar.com\/avatar\/0f23b280433a21e1ea7a0adcc46ed0ad16afe3ad8e630fd13d8a017dcbd54ef3?s=96&d=mm&r=g","contentUrl":"https:\/\/secure.gravatar.com\/avatar\/0f23b280433a21e1ea7a0adcc46ed0ad16afe3ad8e630fd13d8a017dcbd54ef3?s=96&d=mm&r=g","caption":"Bilgin \u00d6z\u00e7ift\u00e7i"},"logo":{"@id":"https:\/\/avrupapress.com\/#\/schema\/person\/image\/"},"description":"Ne ben, nede sen... Biz ancak \"biz\" olursak g\u00fc\u00e7l\u00fc olabiliriz"},{"@type":"Person","@id":"https:\/\/avrupapress.com\/#\/schema\/person\/68428444ec60970d1e1b700cf4ca1e8f","name":"Edit\u00f6r","image":{"@type":"ImageObject","inLanguage":"fr-BE","@id":"https:\/\/avrupapress.com\/#\/schema\/person\/image\/","url":"https:\/\/secure.gravatar.com\/avatar\/74996b0977aa5f1559ba9883776652508b229005c0d78fb2597897f0bd651c09?s=96&d=mm&r=g","contentUrl":"https:\/\/secure.gravatar.com\/avatar\/74996b0977aa5f1559ba9883776652508b229005c0d78fb2597897f0bd651c09?s=96&d=mm&r=g","caption":"Edit\u00f6r"},"sameAs":["http:\/\/www.avrupapress.com"],"url":"https:\/\/avrupapress.com\/main\/author\/editor\/"}]}},"_links":{"self":[{"href":"https:\/\/avrupapress.com\/main\/wp-json\/wp\/v2\/posts\/29971","targetHints":{"allow":["GET"]}}],"collection":[{"href":"https:\/\/avrupapress.com\/main\/wp-json\/wp\/v2\/posts"}],"about":[{"href":"https:\/\/avrupapress.com\/main\/wp-json\/wp\/v2\/types\/post"}],"author":[{"embeddable":true,"href":"https:\/\/avrupapress.com\/main\/wp-json\/wp\/v2\/users\/3"}],"replies":[{"embeddable":true,"href":"https:\/\/avrupapress.com\/main\/wp-json\/wp\/v2\/comments?post=29971"}],"version-history":[{"count":1,"href":"https:\/\/avrupapress.com\/main\/wp-json\/wp\/v2\/posts\/29971\/revisions"}],"predecessor-version":[{"id":29981,"href":"https:\/\/avrupapress.com\/main\/wp-json\/wp\/v2\/posts\/29971\/revisions\/29981"}],"wp:featuredmedia":[{"embeddable":true,"href":"https:\/\/avrupapress.com\/main\/wp-json\/wp\/v2\/media\/29975"}],"wp:attachment":[{"href":"https:\/\/avrupapress.com\/main\/wp-json\/wp\/v2\/media?parent=29971"}],"wp:term":[{"taxonomy":"category","embeddable":true,"href":"https:\/\/avrupapress.com\/main\/wp-json\/wp\/v2\/categories?post=29971"},{"taxonomy":"post_tag","embeddable":true,"href":"https:\/\/avrupapress.com\/main\/wp-json\/wp\/v2\/tags?post=29971"}],"curies":[{"name":"wp","href":"https:\/\/api.w.org\/{rel}","templated":true}]}}