{"id":29965,"date":"2025-06-29T19:50:54","date_gmt":"2025-06-29T19:50:54","guid":{"rendered":"https:\/\/avrupapress.com\/main\/?p=29965"},"modified":"2025-06-29T19:51:00","modified_gmt":"2025-06-29T19:51:00","slug":"hayirli-olsun-yeni-yilimiz-1447","status":"publish","type":"post","link":"https:\/\/avrupapress.com\/main\/2025\/06\/29\/hayirli-olsun-yeni-yilimiz-1447\/","title":{"rendered":"Hay\u0131rl\u0131 olsun yeni y\u0131l\u0131m\u0131z 1447"},"content":{"rendered":"<p><strong>Hay\u0131rl\u0131 olsun yeni y\u0131l\u0131m\u0131z 1447<\/strong><\/p>\n<div dir=\"auto\" data-olk-copy-source=\"MessageBody\"><\/div>\n<div dir=\"auto\">Hicri 1400 a\u011fustos ay\u0131 b\u00f6yle bir per\u015fembe idi.<\/div>\n<div dir=\"auto\">Mehdiyet davas\u0131 i\u00e7in kanl\u0131 Kabe bask\u0131n\u0131 olmu\u015f. \u00c7ok kan d\u00f6k\u00fclm\u00fc\u015ft\u00fc.<\/div>\n<div dir=\"auto\">Gayri m\u00fcslime girmesi haram olan harem b\u00f6lgesine girilmi\u015fti.<\/div>\n<div dir=\"auto\">Ne garib g\u00fcnlerdi.<\/div>\n<div dir=\"auto\">47 y\u0131l ge\u00e7mi\u015f.<\/div>\n<div dir=\"auto\">Yeni nesil bilmez..<\/div>\n<div dir=\"auto\">Yine Mehdi bekleyenler var.<\/div>\n<div dir=\"auto\">Yine ba\u015f da Kud\u00fcs, Gazze 2 milyarl\u0131k \u0130slam alemi ba\u015fs\u0131z,g\u00fc\u00e7s\u00fcz..<\/div>\n<div dir=\"auto\">Zalim israil arkas\u0131nda ABD,\u0130ngiliz b\u00fct\u00fcn ha\u00e7l\u0131 d\u00fcnyas\u0131 \u00a0maddi manevi esir alm\u0131\u015f koca islam \u00fclkelerini, kukla idareciler ile oynuyor bizimle..<\/div>\n<div dir=\"auto\">Koca islam alemi uykuda.<\/div>\n<div dir=\"auto\">Bir T\u00fcrkiye direniyor. \u00c7aresiz.<\/div>\n<div dir=\"auto\">G\u00f6zlerii bizde.<\/div>\n<div dir=\"auto\">Evet tarih tekerr\u00fcr edecek.<\/div>\n<div dir=\"auto\">Yine bu asil T\u00fcrk milleti,islam\u0131n kahraman ordusu ba\u015fa ge\u00e7ecek.<\/div>\n<div dir=\"auto\">\u00dcmitvar\u0131z.<\/div>\n<div dir=\"auto\">Zahiren maddi manevi \u015fartlar aleyhimizde olsada..<\/div>\n<div dir=\"auto\">Rahmeti ilahiden bekliyoruz.<\/div>\n<div dir=\"auto\">Bunu celbedecek \u0130ttihad\u0131 islam i\u00e7in gayret etmeliyiz.<\/div>\n<div dir=\"auto\">Bu olmadan olmaz.<\/div>\n<div dir=\"auto\">Vesselam.<\/div>\n<div dir=\"auto\">Selam ve dua ile sayg\u0131lar.<\/div>\n<div dir=\"auto\"><\/div>\n<div dir=\"auto\"><\/div>\n<div dir=\"auto\"><strong>Hasan Bey\u00a0 \u00a0 \u00a0 \/\u00a0 \u00a0 \u00a0 AVRUPAPRESS<\/strong><\/div>\n","protected":false},"excerpt":{"rendered":"<p>Hay\u0131rl\u0131 olsun yeni y\u0131l\u0131m\u0131z 1447 Hicri 1400 a\u011fustos ay\u0131 b\u00f6yle bir per\u015fembe idi. Mehdiyet davas\u0131 i\u00e7in kanl\u0131 Kabe bask\u0131n\u0131 olmu\u015f. \u00c7ok kan d\u00f6k\u00fclm\u00fc\u015ft\u00fc. Gayri m\u00fcslime girmesi haram olan harem b\u00f6lgesine girilmi\u015fti. Ne garib g\u00fcnlerdi. 47 y\u0131l ge\u00e7mi\u015f. Yeni nesil bilmez.. Yine Mehdi bekleyenler var. Yine ba\u015f da Kud\u00fcs, Gazze 2 milyarl\u0131k \u0130slam alemi ba\u015fs\u0131z,g\u00fc\u00e7s\u00fcz.. Zalim [&hellip;]<\/p>\n","protected":false},"author":3,"featured_media":29966,"comment_status":"closed","ping_status":"open","sticky":false,"template":"","format":"standard","meta":{"footnotes":""},"categories":[14,16,3,17,18,15,19,2,1],"tags":[],"class_list":["post-29965","post","type-post","status-publish","format-standard","has-post-thumbnail","hentry","category-avrupa","category-belcika","category-dunya","category-ekonomi","category-kultur-sanat","category-spor","category-tanitim","category-turkiye","category-uncategorized"],"yoast_head":"<!-- This site is optimized with the Yoast SEO plugin v26.9 - https:\/\/yoast.com\/product\/yoast-seo-wordpress\/ -->\n<title>Hay\u0131rl\u0131 olsun yeni y\u0131l\u0131m\u0131z 1447 - AvrupaPress<\/title>\n<meta name=\"robots\" content=\"index, follow, max-snippet:-1, max-image-preview:large, max-video-preview:-1\" \/>\n<link rel=\"canonical\" href=\"https:\/\/avrupapress.com\/main\/2025\/06\/29\/hayirli-olsun-yeni-yilimiz-1447\/\" \/>\n<meta property=\"og:locale\" content=\"fr_FR\" \/>\n<meta property=\"og:type\" content=\"article\" \/>\n<meta property=\"og:title\" content=\"Hay\u0131rl\u0131 olsun yeni y\u0131l\u0131m\u0131z 1447 - AvrupaPress\" \/>\n<meta property=\"og:description\" content=\"Hay\u0131rl\u0131 olsun yeni y\u0131l\u0131m\u0131z 1447 Hicri 1400 a\u011fustos ay\u0131 b\u00f6yle bir per\u015fembe idi. Mehdiyet davas\u0131 i\u00e7in kanl\u0131 Kabe bask\u0131n\u0131 olmu\u015f. \u00c7ok kan d\u00f6k\u00fclm\u00fc\u015ft\u00fc. Gayri m\u00fcslime girmesi haram olan harem b\u00f6lgesine girilmi\u015fti. Ne garib g\u00fcnlerdi. 47 y\u0131l ge\u00e7mi\u015f. Yeni nesil bilmez.. Yine Mehdi bekleyenler var. Yine ba\u015f da Kud\u00fcs, Gazze 2 milyarl\u0131k \u0130slam alemi ba\u015fs\u0131z,g\u00fc\u00e7s\u00fcz.. Zalim [&hellip;]\" \/>\n<meta property=\"og:url\" content=\"https:\/\/avrupapress.com\/main\/2025\/06\/29\/hayirli-olsun-yeni-yilimiz-1447\/\" \/>\n<meta property=\"og:site_name\" content=\"AvrupaPress\" \/>\n<meta property=\"article:published_time\" content=\"2025-06-29T19:50:54+00:00\" \/>\n<meta property=\"article:modified_time\" content=\"2025-06-29T19:51:00+00:00\" \/>\n<meta property=\"og:image\" content=\"https:\/\/avrupapress.com\/main\/wp-content\/uploads\/2025\/06\/OIP.webp\" \/>\n\t<meta property=\"og:image:width\" content=\"350\" \/>\n\t<meta property=\"og:image:height\" content=\"198\" \/>\n\t<meta property=\"og:image:type\" content=\"image\/webp\" \/>\n<meta name=\"author\" content=\"Edit\u00f6r\" \/>\n<meta name=\"twitter:card\" content=\"summary_large_image\" \/>\n<meta name=\"twitter:label1\" content=\"\u00c9crit par\" \/>\n\t<meta name=\"twitter:data1\" content=\"Edit\u00f6r\" \/>\n\t<meta name=\"twitter:label2\" content=\"Dur\u00e9e de lecture est.\" \/>\n\t<meta name=\"twitter:data2\" content=\"1 minute\" \/>\n<script type=\"application\/ld+json\" class=\"yoast-schema-graph\">{\"@context\":\"https:\/\/schema.org\",\"@graph\":[{\"@type\":\"Article\",\"@id\":\"https:\/\/avrupapress.com\/main\/2025\/06\/29\/hayirli-olsun-yeni-yilimiz-1447\/#article\",\"isPartOf\":{\"@id\":\"https:\/\/avrupapress.com\/main\/2025\/06\/29\/hayirli-olsun-yeni-yilimiz-1447\/\"},\"author\":{\"name\":\"Edit\u00f6r\",\"@id\":\"https:\/\/avrupapress.com\/#\/schema\/person\/68428444ec60970d1e1b700cf4ca1e8f\"},\"headline\":\"Hay\u0131rl\u0131 olsun yeni y\u0131l\u0131m\u0131z 1447\",\"datePublished\":\"2025-06-29T19:50:54+00:00\",\"dateModified\":\"2025-06-29T19:51:00+00:00\",\"mainEntityOfPage\":{\"@id\":\"https:\/\/avrupapress.com\/main\/2025\/06\/29\/hayirli-olsun-yeni-yilimiz-1447\/\"},\"wordCount\":171,\"publisher\":{\"@id\":\"https:\/\/avrupapress.com\/#\/schema\/person\/0223dca19c72c43575bf30d1a2d8f4fa\"},\"image\":{\"@id\":\"https:\/\/avrupapress.com\/main\/2025\/06\/29\/hayirli-olsun-yeni-yilimiz-1447\/#primaryimage\"},\"thumbnailUrl\":\"https:\/\/avrupapress.com\/main\/wp-content\/uploads\/2025\/06\/OIP.webp\",\"articleSection\":[\"Avrupa\",\"Bel\u00e7ika\",\"D\u00fcnya\",\"Ekonomi\",\"K\u00fclt\u00fcr-Sanat\",\"Spor\",\"Tan\u0131t\u0131m\",\"T\u00fcrkiye\",\"Uncategorized\"],\"inLanguage\":\"fr-BE\"},{\"@type\":\"WebPage\",\"@id\":\"https:\/\/avrupapress.com\/main\/2025\/06\/29\/hayirli-olsun-yeni-yilimiz-1447\/\",\"url\":\"https:\/\/avrupapress.com\/main\/2025\/06\/29\/hayirli-olsun-yeni-yilimiz-1447\/\",\"name\":\"Hay\u0131rl\u0131 olsun yeni y\u0131l\u0131m\u0131z 1447 - AvrupaPress\",\"isPartOf\":{\"@id\":\"https:\/\/avrupapress.com\/#website\"},\"primaryImageOfPage\":{\"@id\":\"https:\/\/avrupapress.com\/main\/2025\/06\/29\/hayirli-olsun-yeni-yilimiz-1447\/#primaryimage\"},\"image\":{\"@id\":\"https:\/\/avrupapress.com\/main\/2025\/06\/29\/hayirli-olsun-yeni-yilimiz-1447\/#primaryimage\"},\"thumbnailUrl\":\"https:\/\/avrupapress.com\/main\/wp-content\/uploads\/2025\/06\/OIP.webp\",\"datePublished\":\"2025-06-29T19:50:54+00:00\",\"dateModified\":\"2025-06-29T19:51:00+00:00\",\"breadcrumb\":{\"@id\":\"https:\/\/avrupapress.com\/main\/2025\/06\/29\/hayirli-olsun-yeni-yilimiz-1447\/#breadcrumb\"},\"inLanguage\":\"fr-BE\",\"potentialAction\":[{\"@type\":\"ReadAction\",\"target\":[\"https:\/\/avrupapress.com\/main\/2025\/06\/29\/hayirli-olsun-yeni-yilimiz-1447\/\"]}]},{\"@type\":\"ImageObject\",\"inLanguage\":\"fr-BE\",\"@id\":\"https:\/\/avrupapress.com\/main\/2025\/06\/29\/hayirli-olsun-yeni-yilimiz-1447\/#primaryimage\",\"url\":\"https:\/\/avrupapress.com\/main\/wp-content\/uploads\/2025\/06\/OIP.webp\",\"contentUrl\":\"https:\/\/avrupapress.com\/main\/wp-content\/uploads\/2025\/06\/OIP.webp\",\"width\":350,\"height\":198},{\"@type\":\"BreadcrumbList\",\"@id\":\"https:\/\/avrupapress.com\/main\/2025\/06\/29\/hayirli-olsun-yeni-yilimiz-1447\/#breadcrumb\",\"itemListElement\":[{\"@type\":\"ListItem\",\"position\":1,\"name\":\"Anasayfa\",\"item\":\"https:\/\/avrupapress.com\/\"},{\"@type\":\"ListItem\",\"position\":2,\"name\":\"Hay\u0131rl\u0131 olsun yeni y\u0131l\u0131m\u0131z 1447\"}]},{\"@type\":\"WebSite\",\"@id\":\"https:\/\/avrupapress.com\/#website\",\"url\":\"https:\/\/avrupapress.com\/\",\"name\":\"AvrupaPress\",\"description\":\"Haberin Adresi\",\"publisher\":{\"@id\":\"https:\/\/avrupapress.com\/#\/schema\/person\/0223dca19c72c43575bf30d1a2d8f4fa\"},\"potentialAction\":[{\"@type\":\"SearchAction\",\"target\":{\"@type\":\"EntryPoint\",\"urlTemplate\":\"https:\/\/avrupapress.com\/?s={search_term_string}\"},\"query-input\":{\"@type\":\"PropertyValueSpecification\",\"valueRequired\":true,\"valueName\":\"search_term_string\"}}],\"inLanguage\":\"fr-BE\"},{\"@type\":[\"Person\",\"Organization\"],\"@id\":\"https:\/\/avrupapress.com\/#\/schema\/person\/0223dca19c72c43575bf30d1a2d8f4fa\",\"name\":\"Bilgin \u00d6z\u00e7ift\u00e7i\",\"image\":{\"@type\":\"ImageObject\",\"inLanguage\":\"fr-BE\",\"@id\":\"https:\/\/avrupapress.com\/#\/schema\/person\/image\/\",\"url\":\"https:\/\/secure.gravatar.com\/avatar\/0f23b280433a21e1ea7a0adcc46ed0ad16afe3ad8e630fd13d8a017dcbd54ef3?s=96&d=mm&r=g\",\"contentUrl\":\"https:\/\/secure.gravatar.com\/avatar\/0f23b280433a21e1ea7a0adcc46ed0ad16afe3ad8e630fd13d8a017dcbd54ef3?s=96&d=mm&r=g\",\"caption\":\"Bilgin \u00d6z\u00e7ift\u00e7i\"},\"logo\":{\"@id\":\"https:\/\/avrupapress.com\/#\/schema\/person\/image\/\"},\"description\":\"Ne ben, nede sen... Biz ancak \\\"biz\\\" olursak g\u00fc\u00e7l\u00fc olabiliriz\"},{\"@type\":\"Person\",\"@id\":\"https:\/\/avrupapress.com\/#\/schema\/person\/68428444ec60970d1e1b700cf4ca1e8f\",\"name\":\"Edit\u00f6r\",\"image\":{\"@type\":\"ImageObject\",\"inLanguage\":\"fr-BE\",\"@id\":\"https:\/\/avrupapress.com\/#\/schema\/person\/image\/\",\"url\":\"https:\/\/secure.gravatar.com\/avatar\/74996b0977aa5f1559ba9883776652508b229005c0d78fb2597897f0bd651c09?s=96&d=mm&r=g\",\"contentUrl\":\"https:\/\/secure.gravatar.com\/avatar\/74996b0977aa5f1559ba9883776652508b229005c0d78fb2597897f0bd651c09?s=96&d=mm&r=g\",\"caption\":\"Edit\u00f6r\"},\"sameAs\":[\"http:\/\/www.avrupapress.com\"],\"url\":\"https:\/\/avrupapress.com\/main\/author\/editor\/\"}]}<\/script>\n<!-- \/ Yoast SEO plugin. -->","yoast_head_json":{"title":"Hay\u0131rl\u0131 olsun yeni y\u0131l\u0131m\u0131z 1447 - AvrupaPress","robots":{"index":"index","follow":"follow","max-snippet":"max-snippet:-1","max-image-preview":"max-image-preview:large","max-video-preview":"max-video-preview:-1"},"canonical":"https:\/\/avrupapress.com\/main\/2025\/06\/29\/hayirli-olsun-yeni-yilimiz-1447\/","og_locale":"fr_FR","og_type":"article","og_title":"Hay\u0131rl\u0131 olsun yeni y\u0131l\u0131m\u0131z 1447 - AvrupaPress","og_description":"Hay\u0131rl\u0131 olsun yeni y\u0131l\u0131m\u0131z 1447 Hicri 1400 a\u011fustos ay\u0131 b\u00f6yle bir per\u015fembe idi. Mehdiyet davas\u0131 i\u00e7in kanl\u0131 Kabe bask\u0131n\u0131 olmu\u015f. \u00c7ok kan d\u00f6k\u00fclm\u00fc\u015ft\u00fc. Gayri m\u00fcslime girmesi haram olan harem b\u00f6lgesine girilmi\u015fti. Ne garib g\u00fcnlerdi. 47 y\u0131l ge\u00e7mi\u015f. Yeni nesil bilmez.. Yine Mehdi bekleyenler var. Yine ba\u015f da Kud\u00fcs, Gazze 2 milyarl\u0131k \u0130slam alemi ba\u015fs\u0131z,g\u00fc\u00e7s\u00fcz.. Zalim [&hellip;]","og_url":"https:\/\/avrupapress.com\/main\/2025\/06\/29\/hayirli-olsun-yeni-yilimiz-1447\/","og_site_name":"AvrupaPress","article_published_time":"2025-06-29T19:50:54+00:00","article_modified_time":"2025-06-29T19:51:00+00:00","og_image":[{"width":350,"height":198,"url":"https:\/\/avrupapress.com\/main\/wp-content\/uploads\/2025\/06\/OIP.webp","type":"image\/webp"}],"author":"Edit\u00f6r","twitter_card":"summary_large_image","twitter_misc":{"\u00c9crit par":"Edit\u00f6r","Dur\u00e9e de lecture est.":"1 minute"},"schema":{"@context":"https:\/\/schema.org","@graph":[{"@type":"Article","@id":"https:\/\/avrupapress.com\/main\/2025\/06\/29\/hayirli-olsun-yeni-yilimiz-1447\/#article","isPartOf":{"@id":"https:\/\/avrupapress.com\/main\/2025\/06\/29\/hayirli-olsun-yeni-yilimiz-1447\/"},"author":{"name":"Edit\u00f6r","@id":"https:\/\/avrupapress.com\/#\/schema\/person\/68428444ec60970d1e1b700cf4ca1e8f"},"headline":"Hay\u0131rl\u0131 olsun yeni y\u0131l\u0131m\u0131z 1447","datePublished":"2025-06-29T19:50:54+00:00","dateModified":"2025-06-29T19:51:00+00:00","mainEntityOfPage":{"@id":"https:\/\/avrupapress.com\/main\/2025\/06\/29\/hayirli-olsun-yeni-yilimiz-1447\/"},"wordCount":171,"publisher":{"@id":"https:\/\/avrupapress.com\/#\/schema\/person\/0223dca19c72c43575bf30d1a2d8f4fa"},"image":{"@id":"https:\/\/avrupapress.com\/main\/2025\/06\/29\/hayirli-olsun-yeni-yilimiz-1447\/#primaryimage"},"thumbnailUrl":"https:\/\/avrupapress.com\/main\/wp-content\/uploads\/2025\/06\/OIP.webp","articleSection":["Avrupa","Bel\u00e7ika","D\u00fcnya","Ekonomi","K\u00fclt\u00fcr-Sanat","Spor","Tan\u0131t\u0131m","T\u00fcrkiye","Uncategorized"],"inLanguage":"fr-BE"},{"@type":"WebPage","@id":"https:\/\/avrupapress.com\/main\/2025\/06\/29\/hayirli-olsun-yeni-yilimiz-1447\/","url":"https:\/\/avrupapress.com\/main\/2025\/06\/29\/hayirli-olsun-yeni-yilimiz-1447\/","name":"Hay\u0131rl\u0131 olsun yeni y\u0131l\u0131m\u0131z 1447 - AvrupaPress","isPartOf":{"@id":"https:\/\/avrupapress.com\/#website"},"primaryImageOfPage":{"@id":"https:\/\/avrupapress.com\/main\/2025\/06\/29\/hayirli-olsun-yeni-yilimiz-1447\/#primaryimage"},"image":{"@id":"https:\/\/avrupapress.com\/main\/2025\/06\/29\/hayirli-olsun-yeni-yilimiz-1447\/#primaryimage"},"thumbnailUrl":"https:\/\/avrupapress.com\/main\/wp-content\/uploads\/2025\/06\/OIP.webp","datePublished":"2025-06-29T19:50:54+00:00","dateModified":"2025-06-29T19:51:00+00:00","breadcrumb":{"@id":"https:\/\/avrupapress.com\/main\/2025\/06\/29\/hayirli-olsun-yeni-yilimiz-1447\/#breadcrumb"},"inLanguage":"fr-BE","potentialAction":[{"@type":"ReadAction","target":["https:\/\/avrupapress.com\/main\/2025\/06\/29\/hayirli-olsun-yeni-yilimiz-1447\/"]}]},{"@type":"ImageObject","inLanguage":"fr-BE","@id":"https:\/\/avrupapress.com\/main\/2025\/06\/29\/hayirli-olsun-yeni-yilimiz-1447\/#primaryimage","url":"https:\/\/avrupapress.com\/main\/wp-content\/uploads\/2025\/06\/OIP.webp","contentUrl":"https:\/\/avrupapress.com\/main\/wp-content\/uploads\/2025\/06\/OIP.webp","width":350,"height":198},{"@type":"BreadcrumbList","@id":"https:\/\/avrupapress.com\/main\/2025\/06\/29\/hayirli-olsun-yeni-yilimiz-1447\/#breadcrumb","itemListElement":[{"@type":"ListItem","position":1,"name":"Anasayfa","item":"https:\/\/avrupapress.com\/"},{"@type":"ListItem","position":2,"name":"Hay\u0131rl\u0131 olsun yeni y\u0131l\u0131m\u0131z 1447"}]},{"@type":"WebSite","@id":"https:\/\/avrupapress.com\/#website","url":"https:\/\/avrupapress.com\/","name":"AvrupaPress","description":"Haberin Adresi","publisher":{"@id":"https:\/\/avrupapress.com\/#\/schema\/person\/0223dca19c72c43575bf30d1a2d8f4fa"},"potentialAction":[{"@type":"SearchAction","target":{"@type":"EntryPoint","urlTemplate":"https:\/\/avrupapress.com\/?s={search_term_string}"},"query-input":{"@type":"PropertyValueSpecification","valueRequired":true,"valueName":"search_term_string"}}],"inLanguage":"fr-BE"},{"@type":["Person","Organization"],"@id":"https:\/\/avrupapress.com\/#\/schema\/person\/0223dca19c72c43575bf30d1a2d8f4fa","name":"Bilgin \u00d6z\u00e7ift\u00e7i","image":{"@type":"ImageObject","inLanguage":"fr-BE","@id":"https:\/\/avrupapress.com\/#\/schema\/person\/image\/","url":"https:\/\/secure.gravatar.com\/avatar\/0f23b280433a21e1ea7a0adcc46ed0ad16afe3ad8e630fd13d8a017dcbd54ef3?s=96&d=mm&r=g","contentUrl":"https:\/\/secure.gravatar.com\/avatar\/0f23b280433a21e1ea7a0adcc46ed0ad16afe3ad8e630fd13d8a017dcbd54ef3?s=96&d=mm&r=g","caption":"Bilgin \u00d6z\u00e7ift\u00e7i"},"logo":{"@id":"https:\/\/avrupapress.com\/#\/schema\/person\/image\/"},"description":"Ne ben, nede sen... Biz ancak \"biz\" olursak g\u00fc\u00e7l\u00fc olabiliriz"},{"@type":"Person","@id":"https:\/\/avrupapress.com\/#\/schema\/person\/68428444ec60970d1e1b700cf4ca1e8f","name":"Edit\u00f6r","image":{"@type":"ImageObject","inLanguage":"fr-BE","@id":"https:\/\/avrupapress.com\/#\/schema\/person\/image\/","url":"https:\/\/secure.gravatar.com\/avatar\/74996b0977aa5f1559ba9883776652508b229005c0d78fb2597897f0bd651c09?s=96&d=mm&r=g","contentUrl":"https:\/\/secure.gravatar.com\/avatar\/74996b0977aa5f1559ba9883776652508b229005c0d78fb2597897f0bd651c09?s=96&d=mm&r=g","caption":"Edit\u00f6r"},"sameAs":["http:\/\/www.avrupapress.com"],"url":"https:\/\/avrupapress.com\/main\/author\/editor\/"}]}},"_links":{"self":[{"href":"https:\/\/avrupapress.com\/main\/wp-json\/wp\/v2\/posts\/29965","targetHints":{"allow":["GET"]}}],"collection":[{"href":"https:\/\/avrupapress.com\/main\/wp-json\/wp\/v2\/posts"}],"about":[{"href":"https:\/\/avrupapress.com\/main\/wp-json\/wp\/v2\/types\/post"}],"author":[{"embeddable":true,"href":"https:\/\/avrupapress.com\/main\/wp-json\/wp\/v2\/users\/3"}],"replies":[{"embeddable":true,"href":"https:\/\/avrupapress.com\/main\/wp-json\/wp\/v2\/comments?post=29965"}],"version-history":[{"count":1,"href":"https:\/\/avrupapress.com\/main\/wp-json\/wp\/v2\/posts\/29965\/revisions"}],"predecessor-version":[{"id":29967,"href":"https:\/\/avrupapress.com\/main\/wp-json\/wp\/v2\/posts\/29965\/revisions\/29967"}],"wp:featuredmedia":[{"embeddable":true,"href":"https:\/\/avrupapress.com\/main\/wp-json\/wp\/v2\/media\/29966"}],"wp:attachment":[{"href":"https:\/\/avrupapress.com\/main\/wp-json\/wp\/v2\/media?parent=29965"}],"wp:term":[{"taxonomy":"category","embeddable":true,"href":"https:\/\/avrupapress.com\/main\/wp-json\/wp\/v2\/categories?post=29965"},{"taxonomy":"post_tag","embeddable":true,"href":"https:\/\/avrupapress.com\/main\/wp-json\/wp\/v2\/tags?post=29965"}],"curies":[{"name":"wp","href":"https:\/\/api.w.org\/{rel}","templated":true}]}}