{"id":29947,"date":"2025-06-26T20:40:28","date_gmt":"2025-06-26T20:40:28","guid":{"rendered":"https:\/\/avrupapress.com\/main\/?p=29947"},"modified":"2025-06-26T20:40:38","modified_gmt":"2025-06-26T20:40:38","slug":"sair-nabi-uskudar-karacaahmetteki-mezari-basinda-anildi","status":"publish","type":"post","link":"https:\/\/avrupapress.com\/main\/2025\/06\/26\/sair-nabi-uskudar-karacaahmetteki-mezari-basinda-anildi\/","title":{"rendered":"\u015eair N\u00e2b\u00ee \u00dcsk\u00fcdar Karacaahmet\u2019teki mezar\u0131 ba\u015f\u0131nda an\u0131ld\u0131"},"content":{"rendered":"<p><strong>\u015eair N\u00e2b\u00ee \u00dcsk\u00fcdar Karacaahmet\u2019teki mezar\u0131 ba\u015f\u0131nda an\u0131ld\u0131<\/strong><\/p>\n<p>\u015eair N\u00e2b\u00ee, \u00dcsk\u00fcdar Karacaahmet mezar\u0131 ba\u015f\u0131nda anma program\u0131 d\u00fczenlenerek an\u0131ld\u0131.<\/p>\n<p>&nbsp;<\/p>\n<p>\u015eanl\u0131urfa \u0130l Mill\u00ee E\u011fitim M\u00fcd\u00fcrl\u00fc\u011f\u00fc \u00f6nc\u00fcl\u00fc\u011f\u00fcnde \u0130stanbul \u0130l Mill\u00ee E\u011fitim M\u00fcd\u00fcrl\u00fc\u011f\u00fc, \u0130stanbul Esenler Belediyesi, Haliliye Belediyesi ve \u0130stanbul Esenler \u0130l\u00e7e Mill\u00ee E\u011fitim M\u00fcd\u00fcrl\u00fc\u011f\u00fc organizesinde \u015eair N\u00e2b\u00ee&rsquo;nin \u0130zinde program\u0131 \u0130stanbul etab\u0131 ba\u015flad\u0131.<\/p>\n<p>&nbsp;<\/p>\n<p>\u0130lk olarak \u015eair N\u00e2b\u00ee&rsquo;nin \u00dcsk\u00fcdar Karacaahmet mezar\u0131 ba\u015f\u0131nda anma program\u0131 d\u00fczenlendi.<\/p>\n<p>&nbsp;<\/p>\n<p>\u015eair N\u00e2b\u00ee&rsquo;nin kabri ve \u00dcsk\u00fcdar\u2019daki evi ziyaret edildi. Daha sonra Tarihi Yar\u0131mada gezisi kapsam\u0131nda Ayasofya ve Sultanahmet Camii ziyaret edildi. Ayn\u0131 g\u00fcn\u00fcn ak\u015fam\u0131 Bo\u011faz Turu yap\u0131ld\u0131.<\/p>\n<p>&nbsp;<\/p>\n<p>\u015eair N\u00e2b\u00ee evinin kurucusu ve T\u00fcrkiye Yazarlar Birli\u011fi \u015eanl\u0131urfa \u015eube Ba\u015fkan\u0131 Cuma A\u011fa\u00e7&rsquo;\u0131n Kur&rsquo;an tilaveti sonras\u0131nda Proje koordinat\u00f6r\u00fc Eyy\u00fcp Azlal,\u015eair N\u00e2b\u00ee&rsquo;nin edebiyat d\u00fcnyas\u0131nda yerini ve \u00f6nemini haziruna anlatt\u0131.\u00d6\u011frencilerin \u015eair N\u00e2b\u00ee&rsquo;nin \u015fiirlerinin okumas\u0131yla buradaki program sona erdi.<\/p>\n<p>&nbsp;<\/p>\n<p>Programa Esenler Belediyesi K\u00fclt\u00fcr Sanat Merkezi sorumlusu \u0130brahim Halil Ayg\u00fcl,Esenler \u0130l\u00e7e Mill\u00ee E\u011fitim \u015eube M\u00fcd\u00fcr\u00fc Nilifer \u0130nan, Koordinat\u00f6r Okul m\u00fcd\u00fcrleri, \u00f6\u011fretmenler ve \u00f6\u011frenciler kat\u0131ld\u0131.<\/p>\n<p>&nbsp;<\/p>\n<p>26 Haziran 2025 Per\u015fembe g\u00fcn\u00fc de Eyy\u00fcpsultan ziyaretinin ard\u0131ndan Esenler K\u00fclt\u00fcr Merkezinde Nurettin Top\u00e7u Paneli d\u00fczenlendi. Sonras\u0131nda Rami K\u00fct\u00fcphanesi ziyaret edildi.<\/p>\n<p>&nbsp;<\/p>\n<p>Ayn\u0131 g\u00fcn\u00fcn ak\u015fam\u0131, Rami K\u00fct\u00fcphanesinde Yazar Eyy\u00fcp Azlal ile \u00ab\u00a0Gen\u00e7ler \u0130\u00e7in N\u00e2b\u00ee\u00a0\u00bb S\u00f6yle\u015fisi ve ard\u0131ndan \u015eair N\u00e2b\u00ee \u015eiir Gecesi ger\u00e7ekle\u015ftirildi.<\/p>\n<p>&nbsp;<\/p>\n<p>Etkinlik boyunca \u015eair N\u00e2b\u00ee&rsquo;nin izinde \u0130stanbul&rsquo;un tarihi, k\u00fclt\u00fcrel ve manevi mek\u00e2nlar\u0131 ziyaret edildi, s\u00f6yle\u015filer, paneller ve \u015fiir gecesiyle edebiyat dolu anlar ya\u015fand\u0131.<\/p>\n<p>&nbsp;<\/p>\n<p><img loading=\"lazy\" decoding=\"async\" class=\"alignnone size-medium wp-image-29948\" src=\"https:\/\/avrupapress.com\/main\/wp-content\/uploads\/2025\/06\/IMG-20250626-WA0009-300x225.jpg\" alt=\"\" width=\"300\" height=\"225\" srcset=\"https:\/\/avrupapress.com\/main\/wp-content\/uploads\/2025\/06\/IMG-20250626-WA0009-300x225.jpg 300w, https:\/\/avrupapress.com\/main\/wp-content\/uploads\/2025\/06\/IMG-20250626-WA0009-1024x768.jpg 1024w, https:\/\/avrupapress.com\/main\/wp-content\/uploads\/2025\/06\/IMG-20250626-WA0009-768x576.jpg 768w, https:\/\/avrupapress.com\/main\/wp-content\/uploads\/2025\/06\/IMG-20250626-WA0009-1536x1152.jpg 1536w, https:\/\/avrupapress.com\/main\/wp-content\/uploads\/2025\/06\/IMG-20250626-WA0009.jpg 1600w\" sizes=\"auto, (max-width: 300px) 100vw, 300px\" \/><\/p>\n<p><img loading=\"lazy\" decoding=\"async\" class=\"alignnone size-medium wp-image-29949\" src=\"https:\/\/avrupapress.com\/main\/wp-content\/uploads\/2025\/06\/IMG-20250626-WA0007-300x225.jpg\" alt=\"\" width=\"300\" height=\"225\" srcset=\"https:\/\/avrupapress.com\/main\/wp-content\/uploads\/2025\/06\/IMG-20250626-WA0007-300x225.jpg 300w, https:\/\/avrupapress.com\/main\/wp-content\/uploads\/2025\/06\/IMG-20250626-WA0007-1024x768.jpg 1024w, https:\/\/avrupapress.com\/main\/wp-content\/uploads\/2025\/06\/IMG-20250626-WA0007-768x576.jpg 768w, https:\/\/avrupapress.com\/main\/wp-content\/uploads\/2025\/06\/IMG-20250626-WA0007-1536x1152.jpg 1536w, https:\/\/avrupapress.com\/main\/wp-content\/uploads\/2025\/06\/IMG-20250626-WA0007.jpg 1600w\" sizes=\"auto, (max-width: 300px) 100vw, 300px\" \/><\/p>\n<p><img loading=\"lazy\" decoding=\"async\" class=\"alignnone size-medium wp-image-29950\" src=\"https:\/\/avrupapress.com\/main\/wp-content\/uploads\/2025\/06\/IMG-20250626-WA0008-300x225.jpg\" alt=\"\" width=\"300\" height=\"225\" srcset=\"https:\/\/avrupapress.com\/main\/wp-content\/uploads\/2025\/06\/IMG-20250626-WA0008-300x225.jpg 300w, https:\/\/avrupapress.com\/main\/wp-content\/uploads\/2025\/06\/IMG-20250626-WA0008-1024x768.jpg 1024w, https:\/\/avrupapress.com\/main\/wp-content\/uploads\/2025\/06\/IMG-20250626-WA0008-768x576.jpg 768w, https:\/\/avrupapress.com\/main\/wp-content\/uploads\/2025\/06\/IMG-20250626-WA0008-1536x1152.jpg 1536w, https:\/\/avrupapress.com\/main\/wp-content\/uploads\/2025\/06\/IMG-20250626-WA0008.jpg 1600w\" sizes=\"auto, (max-width: 300px) 100vw, 300px\" \/><\/p>\n<p><img loading=\"lazy\" decoding=\"async\" class=\"alignnone size-medium wp-image-29951\" src=\"https:\/\/avrupapress.com\/main\/wp-content\/uploads\/2025\/06\/IMG-20250626-WA0010-300x225.jpg\" alt=\"\" width=\"300\" height=\"225\" srcset=\"https:\/\/avrupapress.com\/main\/wp-content\/uploads\/2025\/06\/IMG-20250626-WA0010-300x225.jpg 300w, https:\/\/avrupapress.com\/main\/wp-content\/uploads\/2025\/06\/IMG-20250626-WA0010-1024x768.jpg 1024w, https:\/\/avrupapress.com\/main\/wp-content\/uploads\/2025\/06\/IMG-20250626-WA0010-768x576.jpg 768w, https:\/\/avrupapress.com\/main\/wp-content\/uploads\/2025\/06\/IMG-20250626-WA0010-1536x1152.jpg 1536w, https:\/\/avrupapress.com\/main\/wp-content\/uploads\/2025\/06\/IMG-20250626-WA0010.jpg 1600w\" sizes=\"auto, (max-width: 300px) 100vw, 300px\" \/><\/p>\n<p><img loading=\"lazy\" decoding=\"async\" class=\"alignnone size-medium wp-image-29952\" src=\"https:\/\/avrupapress.com\/main\/wp-content\/uploads\/2025\/06\/IMG-20250626-WA0011-300x225.jpg\" alt=\"\" width=\"300\" height=\"225\" srcset=\"https:\/\/avrupapress.com\/main\/wp-content\/uploads\/2025\/06\/IMG-20250626-WA0011-300x225.jpg 300w, https:\/\/avrupapress.com\/main\/wp-content\/uploads\/2025\/06\/IMG-20250626-WA0011-1024x768.jpg 1024w, https:\/\/avrupapress.com\/main\/wp-content\/uploads\/2025\/06\/IMG-20250626-WA0011-768x576.jpg 768w, https:\/\/avrupapress.com\/main\/wp-content\/uploads\/2025\/06\/IMG-20250626-WA0011-1536x1152.jpg 1536w, https:\/\/avrupapress.com\/main\/wp-content\/uploads\/2025\/06\/IMG-20250626-WA0011.jpg 1600w\" sizes=\"auto, (max-width: 300px) 100vw, 300px\" \/><\/p>\n<p><img loading=\"lazy\" decoding=\"async\" class=\"alignnone size-medium wp-image-29953\" src=\"https:\/\/avrupapress.com\/main\/wp-content\/uploads\/2025\/06\/IMG-20250626-WA0012-274x300.jpg\" alt=\"\" width=\"274\" height=\"300\" srcset=\"https:\/\/avrupapress.com\/main\/wp-content\/uploads\/2025\/06\/IMG-20250626-WA0012-274x300.jpg 274w, https:\/\/avrupapress.com\/main\/wp-content\/uploads\/2025\/06\/IMG-20250626-WA0012-936x1024.jpg 936w, https:\/\/avrupapress.com\/main\/wp-content\/uploads\/2025\/06\/IMG-20250626-WA0012-768x841.jpg 768w, https:\/\/avrupapress.com\/main\/wp-content\/uploads\/2025\/06\/IMG-20250626-WA0012.jpg 1080w\" sizes=\"auto, (max-width: 274px) 100vw, 274px\" \/><\/p>\n<p><img loading=\"lazy\" decoding=\"async\" class=\"alignnone size-medium wp-image-29954\" src=\"https:\/\/avrupapress.com\/main\/wp-content\/uploads\/2025\/06\/IMG-20250626-WA0013-300x225.jpg\" alt=\"\" width=\"300\" height=\"225\" srcset=\"https:\/\/avrupapress.com\/main\/wp-content\/uploads\/2025\/06\/IMG-20250626-WA0013-300x225.jpg 300w, https:\/\/avrupapress.com\/main\/wp-content\/uploads\/2025\/06\/IMG-20250626-WA0013-1024x768.jpg 1024w, https:\/\/avrupapress.com\/main\/wp-content\/uploads\/2025\/06\/IMG-20250626-WA0013-768x576.jpg 768w, https:\/\/avrupapress.com\/main\/wp-content\/uploads\/2025\/06\/IMG-20250626-WA0013-1536x1152.jpg 1536w, https:\/\/avrupapress.com\/main\/wp-content\/uploads\/2025\/06\/IMG-20250626-WA0013.jpg 1600w\" sizes=\"auto, (max-width: 300px) 100vw, 300px\" \/><\/p>\n<p><img loading=\"lazy\" decoding=\"async\" class=\"alignnone size-medium wp-image-29955\" src=\"https:\/\/avrupapress.com\/main\/wp-content\/uploads\/2025\/06\/IMG-20250626-WA0014-300x253.jpg\" alt=\"\" width=\"300\" height=\"253\" srcset=\"https:\/\/avrupapress.com\/main\/wp-content\/uploads\/2025\/06\/IMG-20250626-WA0014-300x253.jpg 300w, https:\/\/avrupapress.com\/main\/wp-content\/uploads\/2025\/06\/IMG-20250626-WA0014-1024x862.jpg 1024w, https:\/\/avrupapress.com\/main\/wp-content\/uploads\/2025\/06\/IMG-20250626-WA0014-768x646.jpg 768w, https:\/\/avrupapress.com\/main\/wp-content\/uploads\/2025\/06\/IMG-20250626-WA0014.jpg 1080w\" sizes=\"auto, (max-width: 300px) 100vw, 300px\" \/><\/p>\n<p><img loading=\"lazy\" decoding=\"async\" class=\"alignnone size-medium wp-image-29956\" src=\"https:\/\/avrupapress.com\/main\/wp-content\/uploads\/2025\/06\/IMG-20250626-WA0015-300x225.jpg\" alt=\"\" width=\"300\" height=\"225\" srcset=\"https:\/\/avrupapress.com\/main\/wp-content\/uploads\/2025\/06\/IMG-20250626-WA0015-300x225.jpg 300w, https:\/\/avrupapress.com\/main\/wp-content\/uploads\/2025\/06\/IMG-20250626-WA0015-1024x768.jpg 1024w, https:\/\/avrupapress.com\/main\/wp-content\/uploads\/2025\/06\/IMG-20250626-WA0015-768x576.jpg 768w, https:\/\/avrupapress.com\/main\/wp-content\/uploads\/2025\/06\/IMG-20250626-WA0015-1536x1152.jpg 1536w, https:\/\/avrupapress.com\/main\/wp-content\/uploads\/2025\/06\/IMG-20250626-WA0015.jpg 1600w\" sizes=\"auto, (max-width: 300px) 100vw, 300px\" \/><\/p>\n<p><img loading=\"lazy\" decoding=\"async\" class=\"alignnone size-medium wp-image-29957\" src=\"https:\/\/avrupapress.com\/main\/wp-content\/uploads\/2025\/06\/IMG-20250626-WA0009-1-300x225.jpg\" alt=\"\" width=\"300\" height=\"225\" srcset=\"https:\/\/avrupapress.com\/main\/wp-content\/uploads\/2025\/06\/IMG-20250626-WA0009-1-300x225.jpg 300w, https:\/\/avrupapress.com\/main\/wp-content\/uploads\/2025\/06\/IMG-20250626-WA0009-1-1024x768.jpg 1024w, https:\/\/avrupapress.com\/main\/wp-content\/uploads\/2025\/06\/IMG-20250626-WA0009-1-768x576.jpg 768w, https:\/\/avrupapress.com\/main\/wp-content\/uploads\/2025\/06\/IMG-20250626-WA0009-1-1536x1152.jpg 1536w, https:\/\/avrupapress.com\/main\/wp-content\/uploads\/2025\/06\/IMG-20250626-WA0009-1.jpg 1600w\" sizes=\"auto, (max-width: 300px) 100vw, 300px\" \/><\/p>\n<p><strong>Abdullah Taskin\u00a0 \u00a0 \u00a0 \u00a0\/\u00a0 \u00a0 \u00a0 \u00a0 AVRUPAPRESS<\/strong><\/p>\n<p>&nbsp;<\/p>\n","protected":false},"excerpt":{"rendered":"<p>\u015eair N\u00e2b\u00ee \u00dcsk\u00fcdar Karacaahmet\u2019teki mezar\u0131 ba\u015f\u0131nda an\u0131ld\u0131 \u015eair N\u00e2b\u00ee, \u00dcsk\u00fcdar Karacaahmet mezar\u0131 ba\u015f\u0131nda anma program\u0131 d\u00fczenlenerek an\u0131ld\u0131. &nbsp; \u015eanl\u0131urfa \u0130l Mill\u00ee E\u011fitim M\u00fcd\u00fcrl\u00fc\u011f\u00fc \u00f6nc\u00fcl\u00fc\u011f\u00fcnde \u0130stanbul \u0130l Mill\u00ee E\u011fitim M\u00fcd\u00fcrl\u00fc\u011f\u00fc, \u0130stanbul Esenler Belediyesi, Haliliye Belediyesi ve \u0130stanbul Esenler \u0130l\u00e7e Mill\u00ee E\u011fitim M\u00fcd\u00fcrl\u00fc\u011f\u00fc organizesinde \u015eair N\u00e2b\u00ee&rsquo;nin \u0130zinde program\u0131 \u0130stanbul etab\u0131 ba\u015flad\u0131. &nbsp; \u0130lk olarak \u015eair N\u00e2b\u00ee&rsquo;nin \u00dcsk\u00fcdar [&hellip;]<\/p>\n","protected":false},"author":3,"featured_media":29957,"comment_status":"closed","ping_status":"open","sticky":false,"template":"","format":"standard","meta":{"footnotes":""},"categories":[14,16,3,17,18,15,19,2,1],"tags":[],"class_list":["post-29947","post","type-post","status-publish","format-standard","has-post-thumbnail","hentry","category-avrupa","category-belcika","category-dunya","category-ekonomi","category-kultur-sanat","category-spor","category-tanitim","category-turkiye","category-uncategorized"],"yoast_head":"<!-- This site is optimized with the Yoast SEO plugin v26.9 - https:\/\/yoast.com\/product\/yoast-seo-wordpress\/ -->\n<title>\u015eair N\u00e2b\u00ee \u00dcsk\u00fcdar Karacaahmet\u2019teki mezar\u0131 ba\u015f\u0131nda an\u0131ld\u0131 - AvrupaPress<\/title>\n<meta name=\"robots\" content=\"index, follow, max-snippet:-1, max-image-preview:large, max-video-preview:-1\" \/>\n<link rel=\"canonical\" href=\"https:\/\/avrupapress.com\/main\/2025\/06\/26\/sair-nabi-uskudar-karacaahmetteki-mezari-basinda-anildi\/\" \/>\n<meta property=\"og:locale\" content=\"fr_FR\" \/>\n<meta property=\"og:type\" content=\"article\" \/>\n<meta property=\"og:title\" content=\"\u015eair N\u00e2b\u00ee \u00dcsk\u00fcdar Karacaahmet\u2019teki mezar\u0131 ba\u015f\u0131nda an\u0131ld\u0131 - AvrupaPress\" \/>\n<meta property=\"og:description\" content=\"\u015eair N\u00e2b\u00ee \u00dcsk\u00fcdar Karacaahmet\u2019teki mezar\u0131 ba\u015f\u0131nda an\u0131ld\u0131 \u015eair N\u00e2b\u00ee, \u00dcsk\u00fcdar Karacaahmet mezar\u0131 ba\u015f\u0131nda anma program\u0131 d\u00fczenlenerek an\u0131ld\u0131. &nbsp; \u015eanl\u0131urfa \u0130l Mill\u00ee E\u011fitim M\u00fcd\u00fcrl\u00fc\u011f\u00fc \u00f6nc\u00fcl\u00fc\u011f\u00fcnde \u0130stanbul \u0130l Mill\u00ee E\u011fitim M\u00fcd\u00fcrl\u00fc\u011f\u00fc, \u0130stanbul Esenler Belediyesi, Haliliye Belediyesi ve \u0130stanbul Esenler \u0130l\u00e7e Mill\u00ee E\u011fitim M\u00fcd\u00fcrl\u00fc\u011f\u00fc organizesinde \u015eair N\u00e2b\u00ee&rsquo;nin \u0130zinde program\u0131 \u0130stanbul etab\u0131 ba\u015flad\u0131. &nbsp; \u0130lk olarak \u015eair N\u00e2b\u00ee&rsquo;nin \u00dcsk\u00fcdar [&hellip;]\" \/>\n<meta property=\"og:url\" content=\"https:\/\/avrupapress.com\/main\/2025\/06\/26\/sair-nabi-uskudar-karacaahmetteki-mezari-basinda-anildi\/\" \/>\n<meta property=\"og:site_name\" content=\"AvrupaPress\" \/>\n<meta property=\"article:published_time\" content=\"2025-06-26T20:40:28+00:00\" \/>\n<meta property=\"article:modified_time\" content=\"2025-06-26T20:40:38+00:00\" \/>\n<meta property=\"og:image\" content=\"https:\/\/avrupapress.com\/main\/wp-content\/uploads\/2025\/06\/IMG-20250626-WA0009-1.jpg\" \/>\n\t<meta property=\"og:image:width\" content=\"1600\" \/>\n\t<meta property=\"og:image:height\" content=\"1200\" \/>\n\t<meta property=\"og:image:type\" content=\"image\/jpeg\" \/>\n<meta name=\"author\" content=\"Edit\u00f6r\" \/>\n<meta name=\"twitter:card\" content=\"summary_large_image\" \/>\n<meta name=\"twitter:label1\" content=\"\u00c9crit par\" \/>\n\t<meta name=\"twitter:data1\" content=\"Edit\u00f6r\" \/>\n\t<meta name=\"twitter:label2\" content=\"Dur\u00e9e de lecture est.\" \/>\n\t<meta name=\"twitter:data2\" content=\"4 minutes\" \/>\n<script type=\"application\/ld+json\" class=\"yoast-schema-graph\">{\"@context\":\"https:\/\/schema.org\",\"@graph\":[{\"@type\":\"Article\",\"@id\":\"https:\/\/avrupapress.com\/main\/2025\/06\/26\/sair-nabi-uskudar-karacaahmetteki-mezari-basinda-anildi\/#article\",\"isPartOf\":{\"@id\":\"https:\/\/avrupapress.com\/main\/2025\/06\/26\/sair-nabi-uskudar-karacaahmetteki-mezari-basinda-anildi\/\"},\"author\":{\"name\":\"Edit\u00f6r\",\"@id\":\"https:\/\/avrupapress.com\/#\/schema\/person\/68428444ec60970d1e1b700cf4ca1e8f\"},\"headline\":\"\u015eair N\u00e2b\u00ee \u00dcsk\u00fcdar Karacaahmet\u2019teki mezar\u0131 ba\u015f\u0131nda an\u0131ld\u0131\",\"datePublished\":\"2025-06-26T20:40:28+00:00\",\"dateModified\":\"2025-06-26T20:40:38+00:00\",\"mainEntityOfPage\":{\"@id\":\"https:\/\/avrupapress.com\/main\/2025\/06\/26\/sair-nabi-uskudar-karacaahmetteki-mezari-basinda-anildi\/\"},\"wordCount\":338,\"publisher\":{\"@id\":\"https:\/\/avrupapress.com\/#\/schema\/person\/0223dca19c72c43575bf30d1a2d8f4fa\"},\"image\":{\"@id\":\"https:\/\/avrupapress.com\/main\/2025\/06\/26\/sair-nabi-uskudar-karacaahmetteki-mezari-basinda-anildi\/#primaryimage\"},\"thumbnailUrl\":\"https:\/\/avrupapress.com\/main\/wp-content\/uploads\/2025\/06\/IMG-20250626-WA0009-1.jpg\",\"articleSection\":[\"Avrupa\",\"Bel\u00e7ika\",\"D\u00fcnya\",\"Ekonomi\",\"K\u00fclt\u00fcr-Sanat\",\"Spor\",\"Tan\u0131t\u0131m\",\"T\u00fcrkiye\",\"Uncategorized\"],\"inLanguage\":\"fr-BE\"},{\"@type\":\"WebPage\",\"@id\":\"https:\/\/avrupapress.com\/main\/2025\/06\/26\/sair-nabi-uskudar-karacaahmetteki-mezari-basinda-anildi\/\",\"url\":\"https:\/\/avrupapress.com\/main\/2025\/06\/26\/sair-nabi-uskudar-karacaahmetteki-mezari-basinda-anildi\/\",\"name\":\"\u015eair N\u00e2b\u00ee \u00dcsk\u00fcdar Karacaahmet\u2019teki mezar\u0131 ba\u015f\u0131nda an\u0131ld\u0131 - AvrupaPress\",\"isPartOf\":{\"@id\":\"https:\/\/avrupapress.com\/#website\"},\"primaryImageOfPage\":{\"@id\":\"https:\/\/avrupapress.com\/main\/2025\/06\/26\/sair-nabi-uskudar-karacaahmetteki-mezari-basinda-anildi\/#primaryimage\"},\"image\":{\"@id\":\"https:\/\/avrupapress.com\/main\/2025\/06\/26\/sair-nabi-uskudar-karacaahmetteki-mezari-basinda-anildi\/#primaryimage\"},\"thumbnailUrl\":\"https:\/\/avrupapress.com\/main\/wp-content\/uploads\/2025\/06\/IMG-20250626-WA0009-1.jpg\",\"datePublished\":\"2025-06-26T20:40:28+00:00\",\"dateModified\":\"2025-06-26T20:40:38+00:00\",\"breadcrumb\":{\"@id\":\"https:\/\/avrupapress.com\/main\/2025\/06\/26\/sair-nabi-uskudar-karacaahmetteki-mezari-basinda-anildi\/#breadcrumb\"},\"inLanguage\":\"fr-BE\",\"potentialAction\":[{\"@type\":\"ReadAction\",\"target\":[\"https:\/\/avrupapress.com\/main\/2025\/06\/26\/sair-nabi-uskudar-karacaahmetteki-mezari-basinda-anildi\/\"]}]},{\"@type\":\"ImageObject\",\"inLanguage\":\"fr-BE\",\"@id\":\"https:\/\/avrupapress.com\/main\/2025\/06\/26\/sair-nabi-uskudar-karacaahmetteki-mezari-basinda-anildi\/#primaryimage\",\"url\":\"https:\/\/avrupapress.com\/main\/wp-content\/uploads\/2025\/06\/IMG-20250626-WA0009-1.jpg\",\"contentUrl\":\"https:\/\/avrupapress.com\/main\/wp-content\/uploads\/2025\/06\/IMG-20250626-WA0009-1.jpg\",\"width\":1600,\"height\":1200},{\"@type\":\"BreadcrumbList\",\"@id\":\"https:\/\/avrupapress.com\/main\/2025\/06\/26\/sair-nabi-uskudar-karacaahmetteki-mezari-basinda-anildi\/#breadcrumb\",\"itemListElement\":[{\"@type\":\"ListItem\",\"position\":1,\"name\":\"Anasayfa\",\"item\":\"https:\/\/avrupapress.com\/\"},{\"@type\":\"ListItem\",\"position\":2,\"name\":\"\u015eair N\u00e2b\u00ee \u00dcsk\u00fcdar Karacaahmet\u2019teki mezar\u0131 ba\u015f\u0131nda an\u0131ld\u0131\"}]},{\"@type\":\"WebSite\",\"@id\":\"https:\/\/avrupapress.com\/#website\",\"url\":\"https:\/\/avrupapress.com\/\",\"name\":\"AvrupaPress\",\"description\":\"Haberin Adresi\",\"publisher\":{\"@id\":\"https:\/\/avrupapress.com\/#\/schema\/person\/0223dca19c72c43575bf30d1a2d8f4fa\"},\"potentialAction\":[{\"@type\":\"SearchAction\",\"target\":{\"@type\":\"EntryPoint\",\"urlTemplate\":\"https:\/\/avrupapress.com\/?s={search_term_string}\"},\"query-input\":{\"@type\":\"PropertyValueSpecification\",\"valueRequired\":true,\"valueName\":\"search_term_string\"}}],\"inLanguage\":\"fr-BE\"},{\"@type\":[\"Person\",\"Organization\"],\"@id\":\"https:\/\/avrupapress.com\/#\/schema\/person\/0223dca19c72c43575bf30d1a2d8f4fa\",\"name\":\"Bilgin \u00d6z\u00e7ift\u00e7i\",\"image\":{\"@type\":\"ImageObject\",\"inLanguage\":\"fr-BE\",\"@id\":\"https:\/\/avrupapress.com\/#\/schema\/person\/image\/\",\"url\":\"https:\/\/secure.gravatar.com\/avatar\/0f23b280433a21e1ea7a0adcc46ed0ad16afe3ad8e630fd13d8a017dcbd54ef3?s=96&d=mm&r=g\",\"contentUrl\":\"https:\/\/secure.gravatar.com\/avatar\/0f23b280433a21e1ea7a0adcc46ed0ad16afe3ad8e630fd13d8a017dcbd54ef3?s=96&d=mm&r=g\",\"caption\":\"Bilgin \u00d6z\u00e7ift\u00e7i\"},\"logo\":{\"@id\":\"https:\/\/avrupapress.com\/#\/schema\/person\/image\/\"},\"description\":\"Ne ben, nede sen... Biz ancak \\\"biz\\\" olursak g\u00fc\u00e7l\u00fc olabiliriz\"},{\"@type\":\"Person\",\"@id\":\"https:\/\/avrupapress.com\/#\/schema\/person\/68428444ec60970d1e1b700cf4ca1e8f\",\"name\":\"Edit\u00f6r\",\"image\":{\"@type\":\"ImageObject\",\"inLanguage\":\"fr-BE\",\"@id\":\"https:\/\/avrupapress.com\/#\/schema\/person\/image\/\",\"url\":\"https:\/\/secure.gravatar.com\/avatar\/74996b0977aa5f1559ba9883776652508b229005c0d78fb2597897f0bd651c09?s=96&d=mm&r=g\",\"contentUrl\":\"https:\/\/secure.gravatar.com\/avatar\/74996b0977aa5f1559ba9883776652508b229005c0d78fb2597897f0bd651c09?s=96&d=mm&r=g\",\"caption\":\"Edit\u00f6r\"},\"sameAs\":[\"http:\/\/www.avrupapress.com\"],\"url\":\"https:\/\/avrupapress.com\/main\/author\/editor\/\"}]}<\/script>\n<!-- \/ Yoast SEO plugin. -->","yoast_head_json":{"title":"\u015eair N\u00e2b\u00ee \u00dcsk\u00fcdar Karacaahmet\u2019teki mezar\u0131 ba\u015f\u0131nda an\u0131ld\u0131 - AvrupaPress","robots":{"index":"index","follow":"follow","max-snippet":"max-snippet:-1","max-image-preview":"max-image-preview:large","max-video-preview":"max-video-preview:-1"},"canonical":"https:\/\/avrupapress.com\/main\/2025\/06\/26\/sair-nabi-uskudar-karacaahmetteki-mezari-basinda-anildi\/","og_locale":"fr_FR","og_type":"article","og_title":"\u015eair N\u00e2b\u00ee \u00dcsk\u00fcdar Karacaahmet\u2019teki mezar\u0131 ba\u015f\u0131nda an\u0131ld\u0131 - AvrupaPress","og_description":"\u015eair N\u00e2b\u00ee \u00dcsk\u00fcdar Karacaahmet\u2019teki mezar\u0131 ba\u015f\u0131nda an\u0131ld\u0131 \u015eair N\u00e2b\u00ee, \u00dcsk\u00fcdar Karacaahmet mezar\u0131 ba\u015f\u0131nda anma program\u0131 d\u00fczenlenerek an\u0131ld\u0131. &nbsp; \u015eanl\u0131urfa \u0130l Mill\u00ee E\u011fitim M\u00fcd\u00fcrl\u00fc\u011f\u00fc \u00f6nc\u00fcl\u00fc\u011f\u00fcnde \u0130stanbul \u0130l Mill\u00ee E\u011fitim M\u00fcd\u00fcrl\u00fc\u011f\u00fc, \u0130stanbul Esenler Belediyesi, Haliliye Belediyesi ve \u0130stanbul Esenler \u0130l\u00e7e Mill\u00ee E\u011fitim M\u00fcd\u00fcrl\u00fc\u011f\u00fc organizesinde \u015eair N\u00e2b\u00ee&rsquo;nin \u0130zinde program\u0131 \u0130stanbul etab\u0131 ba\u015flad\u0131. &nbsp; \u0130lk olarak \u015eair N\u00e2b\u00ee&rsquo;nin \u00dcsk\u00fcdar [&hellip;]","og_url":"https:\/\/avrupapress.com\/main\/2025\/06\/26\/sair-nabi-uskudar-karacaahmetteki-mezari-basinda-anildi\/","og_site_name":"AvrupaPress","article_published_time":"2025-06-26T20:40:28+00:00","article_modified_time":"2025-06-26T20:40:38+00:00","og_image":[{"width":1600,"height":1200,"url":"https:\/\/avrupapress.com\/main\/wp-content\/uploads\/2025\/06\/IMG-20250626-WA0009-1.jpg","type":"image\/jpeg"}],"author":"Edit\u00f6r","twitter_card":"summary_large_image","twitter_misc":{"\u00c9crit par":"Edit\u00f6r","Dur\u00e9e de lecture est.":"4 minutes"},"schema":{"@context":"https:\/\/schema.org","@graph":[{"@type":"Article","@id":"https:\/\/avrupapress.com\/main\/2025\/06\/26\/sair-nabi-uskudar-karacaahmetteki-mezari-basinda-anildi\/#article","isPartOf":{"@id":"https:\/\/avrupapress.com\/main\/2025\/06\/26\/sair-nabi-uskudar-karacaahmetteki-mezari-basinda-anildi\/"},"author":{"name":"Edit\u00f6r","@id":"https:\/\/avrupapress.com\/#\/schema\/person\/68428444ec60970d1e1b700cf4ca1e8f"},"headline":"\u015eair N\u00e2b\u00ee \u00dcsk\u00fcdar Karacaahmet\u2019teki mezar\u0131 ba\u015f\u0131nda an\u0131ld\u0131","datePublished":"2025-06-26T20:40:28+00:00","dateModified":"2025-06-26T20:40:38+00:00","mainEntityOfPage":{"@id":"https:\/\/avrupapress.com\/main\/2025\/06\/26\/sair-nabi-uskudar-karacaahmetteki-mezari-basinda-anildi\/"},"wordCount":338,"publisher":{"@id":"https:\/\/avrupapress.com\/#\/schema\/person\/0223dca19c72c43575bf30d1a2d8f4fa"},"image":{"@id":"https:\/\/avrupapress.com\/main\/2025\/06\/26\/sair-nabi-uskudar-karacaahmetteki-mezari-basinda-anildi\/#primaryimage"},"thumbnailUrl":"https:\/\/avrupapress.com\/main\/wp-content\/uploads\/2025\/06\/IMG-20250626-WA0009-1.jpg","articleSection":["Avrupa","Bel\u00e7ika","D\u00fcnya","Ekonomi","K\u00fclt\u00fcr-Sanat","Spor","Tan\u0131t\u0131m","T\u00fcrkiye","Uncategorized"],"inLanguage":"fr-BE"},{"@type":"WebPage","@id":"https:\/\/avrupapress.com\/main\/2025\/06\/26\/sair-nabi-uskudar-karacaahmetteki-mezari-basinda-anildi\/","url":"https:\/\/avrupapress.com\/main\/2025\/06\/26\/sair-nabi-uskudar-karacaahmetteki-mezari-basinda-anildi\/","name":"\u015eair N\u00e2b\u00ee \u00dcsk\u00fcdar Karacaahmet\u2019teki mezar\u0131 ba\u015f\u0131nda an\u0131ld\u0131 - AvrupaPress","isPartOf":{"@id":"https:\/\/avrupapress.com\/#website"},"primaryImageOfPage":{"@id":"https:\/\/avrupapress.com\/main\/2025\/06\/26\/sair-nabi-uskudar-karacaahmetteki-mezari-basinda-anildi\/#primaryimage"},"image":{"@id":"https:\/\/avrupapress.com\/main\/2025\/06\/26\/sair-nabi-uskudar-karacaahmetteki-mezari-basinda-anildi\/#primaryimage"},"thumbnailUrl":"https:\/\/avrupapress.com\/main\/wp-content\/uploads\/2025\/06\/IMG-20250626-WA0009-1.jpg","datePublished":"2025-06-26T20:40:28+00:00","dateModified":"2025-06-26T20:40:38+00:00","breadcrumb":{"@id":"https:\/\/avrupapress.com\/main\/2025\/06\/26\/sair-nabi-uskudar-karacaahmetteki-mezari-basinda-anildi\/#breadcrumb"},"inLanguage":"fr-BE","potentialAction":[{"@type":"ReadAction","target":["https:\/\/avrupapress.com\/main\/2025\/06\/26\/sair-nabi-uskudar-karacaahmetteki-mezari-basinda-anildi\/"]}]},{"@type":"ImageObject","inLanguage":"fr-BE","@id":"https:\/\/avrupapress.com\/main\/2025\/06\/26\/sair-nabi-uskudar-karacaahmetteki-mezari-basinda-anildi\/#primaryimage","url":"https:\/\/avrupapress.com\/main\/wp-content\/uploads\/2025\/06\/IMG-20250626-WA0009-1.jpg","contentUrl":"https:\/\/avrupapress.com\/main\/wp-content\/uploads\/2025\/06\/IMG-20250626-WA0009-1.jpg","width":1600,"height":1200},{"@type":"BreadcrumbList","@id":"https:\/\/avrupapress.com\/main\/2025\/06\/26\/sair-nabi-uskudar-karacaahmetteki-mezari-basinda-anildi\/#breadcrumb","itemListElement":[{"@type":"ListItem","position":1,"name":"Anasayfa","item":"https:\/\/avrupapress.com\/"},{"@type":"ListItem","position":2,"name":"\u015eair N\u00e2b\u00ee \u00dcsk\u00fcdar Karacaahmet\u2019teki mezar\u0131 ba\u015f\u0131nda an\u0131ld\u0131"}]},{"@type":"WebSite","@id":"https:\/\/avrupapress.com\/#website","url":"https:\/\/avrupapress.com\/","name":"AvrupaPress","description":"Haberin Adresi","publisher":{"@id":"https:\/\/avrupapress.com\/#\/schema\/person\/0223dca19c72c43575bf30d1a2d8f4fa"},"potentialAction":[{"@type":"SearchAction","target":{"@type":"EntryPoint","urlTemplate":"https:\/\/avrupapress.com\/?s={search_term_string}"},"query-input":{"@type":"PropertyValueSpecification","valueRequired":true,"valueName":"search_term_string"}}],"inLanguage":"fr-BE"},{"@type":["Person","Organization"],"@id":"https:\/\/avrupapress.com\/#\/schema\/person\/0223dca19c72c43575bf30d1a2d8f4fa","name":"Bilgin \u00d6z\u00e7ift\u00e7i","image":{"@type":"ImageObject","inLanguage":"fr-BE","@id":"https:\/\/avrupapress.com\/#\/schema\/person\/image\/","url":"https:\/\/secure.gravatar.com\/avatar\/0f23b280433a21e1ea7a0adcc46ed0ad16afe3ad8e630fd13d8a017dcbd54ef3?s=96&d=mm&r=g","contentUrl":"https:\/\/secure.gravatar.com\/avatar\/0f23b280433a21e1ea7a0adcc46ed0ad16afe3ad8e630fd13d8a017dcbd54ef3?s=96&d=mm&r=g","caption":"Bilgin \u00d6z\u00e7ift\u00e7i"},"logo":{"@id":"https:\/\/avrupapress.com\/#\/schema\/person\/image\/"},"description":"Ne ben, nede sen... Biz ancak \"biz\" olursak g\u00fc\u00e7l\u00fc olabiliriz"},{"@type":"Person","@id":"https:\/\/avrupapress.com\/#\/schema\/person\/68428444ec60970d1e1b700cf4ca1e8f","name":"Edit\u00f6r","image":{"@type":"ImageObject","inLanguage":"fr-BE","@id":"https:\/\/avrupapress.com\/#\/schema\/person\/image\/","url":"https:\/\/secure.gravatar.com\/avatar\/74996b0977aa5f1559ba9883776652508b229005c0d78fb2597897f0bd651c09?s=96&d=mm&r=g","contentUrl":"https:\/\/secure.gravatar.com\/avatar\/74996b0977aa5f1559ba9883776652508b229005c0d78fb2597897f0bd651c09?s=96&d=mm&r=g","caption":"Edit\u00f6r"},"sameAs":["http:\/\/www.avrupapress.com"],"url":"https:\/\/avrupapress.com\/main\/author\/editor\/"}]}},"_links":{"self":[{"href":"https:\/\/avrupapress.com\/main\/wp-json\/wp\/v2\/posts\/29947","targetHints":{"allow":["GET"]}}],"collection":[{"href":"https:\/\/avrupapress.com\/main\/wp-json\/wp\/v2\/posts"}],"about":[{"href":"https:\/\/avrupapress.com\/main\/wp-json\/wp\/v2\/types\/post"}],"author":[{"embeddable":true,"href":"https:\/\/avrupapress.com\/main\/wp-json\/wp\/v2\/users\/3"}],"replies":[{"embeddable":true,"href":"https:\/\/avrupapress.com\/main\/wp-json\/wp\/v2\/comments?post=29947"}],"version-history":[{"count":1,"href":"https:\/\/avrupapress.com\/main\/wp-json\/wp\/v2\/posts\/29947\/revisions"}],"predecessor-version":[{"id":29958,"href":"https:\/\/avrupapress.com\/main\/wp-json\/wp\/v2\/posts\/29947\/revisions\/29958"}],"wp:featuredmedia":[{"embeddable":true,"href":"https:\/\/avrupapress.com\/main\/wp-json\/wp\/v2\/media\/29957"}],"wp:attachment":[{"href":"https:\/\/avrupapress.com\/main\/wp-json\/wp\/v2\/media?parent=29947"}],"wp:term":[{"taxonomy":"category","embeddable":true,"href":"https:\/\/avrupapress.com\/main\/wp-json\/wp\/v2\/categories?post=29947"},{"taxonomy":"post_tag","embeddable":true,"href":"https:\/\/avrupapress.com\/main\/wp-json\/wp\/v2\/tags?post=29947"}],"curies":[{"name":"wp","href":"https:\/\/api.w.org\/{rel}","templated":true}]}}