{"id":29945,"date":"2025-06-26T20:16:29","date_gmt":"2025-06-26T20:16:29","guid":{"rendered":"https:\/\/avrupapress.com\/main\/?p=29945"},"modified":"2025-06-26T20:16:35","modified_gmt":"2025-06-26T20:16:35","slug":"arap-dunyasi-iran-israil-savasinda-neden-sessiz","status":"publish","type":"post","link":"https:\/\/avrupapress.com\/main\/2025\/06\/26\/arap-dunyasi-iran-israil-savasinda-neden-sessiz\/","title":{"rendered":"Arap D\u00fcnyas\u0131 \u0130ran-\u0130srail Sava\u015f\u0131nda Neden Sessiz?"},"content":{"rendered":"<p><strong>Arap D\u00fcnyas\u0131 \u0130ran-\u0130srail Sava\u015f\u0131nda Neden Sessiz?<\/strong><\/p>\n<p>Ortado\u011fu, \u0130ran ile \u0130srail aras\u0131nda do\u011frudan askeri \u00e7at\u0131\u015fmalar\u0131n ya\u015fand\u0131\u011f\u0131 tehlikeli bir d\u00f6neme\u00e7ten ge\u00e7erken, Arap d\u00fcnyas\u0131 bu sava\u015fta bir pozisyon almaktan \u00e7ok, pozisyon almamay\u0131 diplomatik bir denge politikas\u0131 olarak benimsiyor. Gazze\u2019deki sald\u0131r\u0131lar kar\u015f\u0131s\u0131nda g\u00fc\u00e7l\u00fc s\u00f6ylemler geli\u015ftiren Arap ba\u015fkentleri, konu \u0130ran \u0130slam Cumhuriyeti oldu\u011funda dut yemi\u015f b\u00fclb\u00fcle d\u00f6n\u00fcyor. Sert \u00e7\u0131k\u0131\u015flar\u0131n yerini, \u201ckayg\u0131 duyuyoruz\u201d gibi etkisiz ve d\u00fc\u015f\u00fck profilli a\u00e7\u0131klamalar al\u0131yor.<\/p>\n<p>Bu \u00e7eli\u015fki asl\u0131nda yeni de\u011fil. 20. y\u00fczy\u0131l boyunca 1948, 1956, 1967, 1973 ve 1982&rsquo;de \u0130srail&rsquo;le sava\u015fan Arap devletleri, bug\u00fcn ayn\u0131 \u0130srail\u2019in hava sahas\u0131n\u0131 dolayl\u0131 bi\u00e7imde koruyor ve istihbarat\u0131n\u0131 payla\u015f\u0131yor. Bir zamanlar varl\u0131\u011f\u0131na sava\u015f ilan edilen \u0130srail, \u015fimdi pek \u00e7ok Arap \u00fclkesinin stratejik orta\u011f\u0131 haline gelmi\u015f durumda. Arap y\u00f6netimleri art\u0131k \u0130srail\u2019e kar\u015f\u0131 a\u00e7\u0131k bir cephe a\u00e7maya cesaret edemiyor. G\u00f6r\u00fcnen o ki, Ortado\u011fu\u2019da \u00e7\u0131karlar, fikirlerden \u00e7ok daha h\u0131zl\u0131 de\u011fi\u015fiyor, ge\u00e7mi\u015fte yap\u0131lan sava\u015flar sanki hi\u00e7 ya\u015fanmam\u0131\u015f gibi\u2026<\/p>\n<p>Tabiat\u0131yla bu politika ak\u0131llara \u015fu soruyu getiriyor: Bug\u00fcn ger\u00e7ekten hangi Arap devleti inan\u00e7 birli\u011fi temelinde \u0130ran\u2019\u0131n yan\u0131nda duruyor? Cevap neredeyse hi\u00e7biri&#8230;<br \/>\n\u00dcstelik bu yaln\u0131zl\u0131k, sadece diplomatik tercihlerin ya da mezhepsel farkl\u0131l\u0131klar\u0131n sonucu de\u011fil, y\u0131llard\u0131r Arap kamuoyunda sistematik bir \u015fekilde in\u015fa edilen derin bir alg\u0131 m\u00fchendisli\u011finin sonucudur.<\/p>\n<p>Arap medyas\u0131 ve siyasi s\u00f6ylem, \u0130ran&rsquo;\u0131 hayli zamand\u0131r; istikrar bozucu, mezhep\u00e7i ve a\u015f\u0131r\u0131 ideolojik bir akt\u00f6r olarak sunar. Bu anlat\u0131 i\u00e7inde, \u0130ran&rsquo;\u0131n siyasi ba\u011f\u0131ms\u0131zl\u0131k \u00e7abas\u0131 ve a\u011f\u0131r ambargolara ra\u011fmen g\u00f6sterdi\u011fi diren\u00e7 ise neredeyse hi\u00e7bir zaman g\u00f6r\u00fcn\u00fcr k\u0131l\u0131nmaz.. Do\u011fal olarak ortaya \u00e7\u0131kan bu tabloda, \u0130ran&rsquo;a y\u00f6nelik \u00f6nyarg\u0131lar\u0131n halk nezdinde giderek k\u00f6kle\u015fmesine yol a\u00e7makta. Bu nedenle de Arap d\u00fcnyas\u0131nda \u0130ran&rsquo;a bak\u0131\u015f art\u0131k bir \u00fcmmet meselesi de\u011fil; \u00f6nyarg\u0131larla \u015fekillenmi\u015f, d\u0131\u015f etkilere a\u00e7\u0131k, k\u0131r\u0131lgan ve \u00e7arp\u0131t\u0131lm\u0131\u015f bir alg\u0131n\u0131n sonucudur.<\/p>\n<p>Oysa ABD ve Bat\u0131, bu sava\u015f\u0131n t\u00fcm maddi ve siyasi y\u00fcklerine ra\u011fmen \u0130srail\u2019i asla yaln\u0131z b\u0131rakm\u0131yor. \u00d6zellikle ABD, sadece m\u00fchimmat deste\u011fi sa\u011flamakla kalm\u0131yor, \u0130ran&rsquo;\u0131n n\u00fckleer tesislerine y\u00f6nelik hava sald\u0131r\u0131lar\u0131 gibi operasyonlarda do\u011frudan katk\u0131 sunuyor. Ayr\u0131ca \u0130srail\u2019in arkas\u0131ndaki k\u00fcresel deste\u011fi hem askeri hem de siyasi d\u00fczeyde s\u00fcrekli tahkim ediyor.<\/p>\n<p>Arap d\u00fcnyas\u0131n\u0131n bu tablo kar\u015f\u0131s\u0131nda sergiledi\u011fi sessizlik ise d\u0131\u015f politikada b\u00fcy\u00fck bir \u00e7eli\u015fki ve tutars\u0131zl\u0131k durumu olu\u015fturuyor. Bir yanda Gazze i\u00e7in yas tutulurken, di\u011fer yanda Tahran\u2019a kar\u015f\u0131 mesafeli bir duru\u015f sergileniyor. Adeta birine dua edilirken, di\u011ferine beddua edilen \u00e7eli\u015fkili bir denge siyaseti kuruluyor. Bu ikircikli duru\u015f, yaln\u0131zca jeopolitik hesaplarla de\u011fil; 1979 \u0130ran Devrimi\u2019nden bu yana s\u00fcregelen tarihsel k\u0131r\u0131lmalar, mezhepsel ayr\u0131\u015fmalar ve Arap rejimlerinin derin g\u00fcvenlik kayg\u0131lar\u0131yla da a\u00e7\u0131klanabilir.<\/p>\n<p>\u00d6zellikle K\u00f6rfez monar\u015fileri, \u0130ran\u2019\u0131 b\u00f6lgesel bir rakip olarak de\u011fil, rejimlerine kar\u015f\u0131 devrimci bir tehdit olarak alg\u0131l\u0131yor. \u0130ran\u2019\u0131n, yak\u0131n ge\u00e7mi\u015fe kadar Hizbullah, Ha\u015fdi \u015eabi ve Husi Ensarullah gibi vekil yap\u0131lar arac\u0131l\u0131\u011f\u0131yla b\u00f6lgedeki n\u00fcfuzunu art\u0131rmas\u0131, Arap devletlerinde korkuyu daha da derinle\u015ftirmi\u015f durumda. Bu nedenle \u0130ran&rsquo;a kar\u015f\u0131 mesafeli durmak, baz\u0131 Arap \u00fclkelerinde \u0130srail kar\u015f\u0131tl\u0131\u011f\u0131ndan bile daha \u00f6ncelikli hale gelmi\u015f durumda.<\/p>\n<p>Ancak \u015fu ger\u00e7e\u011finde iyi bilinmesi gerekir ki, pek \u00e7ok Arap rejimi iktidar\u0131n\u0131, ABD\u2019nin sa\u011flad\u0131\u011f\u0131 g\u00fcvenlik \u015femsiyesi alt\u0131nda s\u00fcrd\u00fcr\u00fcyor. B\u00f6lgedeki Amerikan askeri varl\u0131\u011f\u0131 ve \u0130srail ile s\u00fcrd\u00fcr\u00fclen stratejik i\u015fbirli\u011fi, bu rejimlerin ayakta kalmas\u0131 i\u00e7in vazge\u00e7ilmez g\u00f6r\u00fcl\u00fcyor. \u0130ran\u2019la ayn\u0131 cephede yer almak ise sadece Bat\u0131&rsquo;yla ili\u015fkileri zedelemekle kalmay\u0131p, i\u00e7erideki siyasi me\u015fruiyeti de riske atabilecek bir ad\u0131m olarak de\u011ferlendiriliyor. Bu nedenle, ABD ile uyum i\u00e7inde hareket eden Arap \u00fclkeleri, sava\u015f\u0131n ak\u0131\u015f\u0131n\u0131 do\u011frudan etkileyebilecek hamlelerden bilin\u00e7li olarak uzak duruyor.<\/p>\n<p>Bu \u00e7ekingen tutum, Arap devletlerinin \u0130ran-\u0130srail \u00e7at\u0131\u015fmas\u0131nda izledi\u011fi politikan\u0131n i\u00e7e kapan\u0131k reflekslerle \u015fekillendi\u011fini g\u00f6steriyor. \u0130srail&rsquo;in Suriye hava sahas\u0131n\u0131 diledi\u011fi gibi kullanabilmesi, \u00dcrd\u00fcn\u2019\u00fcn \u0130ran f\u00fczelerini d\u00fc\u015f\u00fcrmesi, Suudi Arabistan ve BAE\u2019nin sa\u011flad\u0131\u011f\u0131 istihbarat destekleri \u0130ran&rsquo;\u0131n b\u00f6lgesel denklemde a\u00e7\u0131k\u00e7a yaln\u0131zla\u015ft\u0131r\u0131ld\u0131\u011f\u0131n\u0131 ortaya koyuyor. Arap \u00fclkelerinin izledi\u011fi bu strateji, bir cephe olu\u015fturmak yerine \u00e7at\u0131\u015fmay\u0131 s\u0131n\u0131rland\u0131rmaya \u00e7al\u0131\u015fan, kontroll\u00fc ve temkinli bir pozisyon al\u0131yor.<\/p>\n<p>Bu yakla\u015f\u0131m\u0131n ard\u0131nda ise sadece g\u00fcvenlik kayg\u0131lar\u0131 de\u011fil, kalk\u0131nma doktrininin de etkisi bulunuyor. \u00d6zellikle Suudi Arabistan, Birle\u015fik Arap Emirlikleri ve Katar gibi K\u00f6rfez \u00fclkeleri do\u011frudan \u00e7at\u0131\u015fmalar yerine ekonomik kalk\u0131nma, d\u0131\u015f yat\u0131r\u0131m ve mega projelere odaklanan yeni bir vizyon benimsiyor. Bu strateji gere\u011fi, \u0130ran- \u0130srail \u00e7at\u0131\u015fmas\u0131nda taraf olmak kalk\u0131nma hedeflerini tehdit eden bir risk olarak g\u00f6r\u00fcl\u00fcyor.<\/p>\n<p>Ancak Araplar\u0131n bu pasif duru\u015fu \u0130srail&rsquo;in daha da cesaretlenmesini beraberinde getiriyor ve manevra alan\u0131n\u0131 da dolayl\u0131 olarak geni\u015fletiyor. Arap d\u00fcnyas\u0131n\u0131n bu sessizli\u011fi sadece \u0130ran&rsquo;\u0131 de\u011fil, esas\u0131nda Gazze&rsquo;yi de yaln\u0131z b\u0131rak\u0131yor. Zira \u0130srail, bu ortamda uluslararas\u0131 alanda daha \u00f6zg\u00fcvenli ad\u0131mlar at\u0131yor.<\/p>\n<p>Sonu\u00e7 olarak, \u201c\u00fcmmet\u00a0\u00bb s\u00f6ylemi ya da \u00ab\u00a0Arap-\u0130slam dayan\u0131\u015fmas\u0131\u201d s\u00f6ylemi, yerini \u00e7oktan Arap rejim bekas\u0131n\u0131 ve Bat\u0131 ile ili\u015fkilerin devam\u0131n\u0131 \u00f6nceleyen bir anlay\u0131\u015fa b\u0131rakm\u0131\u015f durumda. Ortado\u011fu\u2019da yeni bir jeopolitik harita \u015fekilleniyor ve bu haritada \u0130ran, yaln\u0131z ama diren\u00e7li bir akt\u00f6r olarak sahnede kalmaya \u00e7al\u0131\u015f\u0131yor. Direnci tarihsel bir mirasa yaslan\u0131yor, fakat yaln\u0131zl\u0131\u011f\u0131, bu miras\u0131 s\u00fcrd\u00fcrmesini her ge\u00e7en g\u00fcn daha da zorla\u015ft\u0131r\u0131yor.<\/p>\n<p><strong>Dr. G\u00fcng\u00f6r G\u00f6kda\u011f\u00a0 \u00a0 \u00a0 \u00a0 \/\u00a0 \u00a0 \u00a0 \u00a0 AVRUPAPRESS<\/strong><\/p>\n","protected":false},"excerpt":{"rendered":"<p>Arap D\u00fcnyas\u0131 \u0130ran-\u0130srail Sava\u015f\u0131nda Neden Sessiz? Ortado\u011fu, \u0130ran ile \u0130srail aras\u0131nda do\u011frudan askeri \u00e7at\u0131\u015fmalar\u0131n ya\u015fand\u0131\u011f\u0131 tehlikeli bir d\u00f6neme\u00e7ten ge\u00e7erken, Arap d\u00fcnyas\u0131 bu sava\u015fta bir pozisyon almaktan \u00e7ok, pozisyon almamay\u0131 diplomatik bir denge politikas\u0131 olarak benimsiyor. Gazze\u2019deki sald\u0131r\u0131lar kar\u015f\u0131s\u0131nda g\u00fc\u00e7l\u00fc s\u00f6ylemler geli\u015ftiren Arap ba\u015fkentleri, konu \u0130ran \u0130slam Cumhuriyeti oldu\u011funda dut yemi\u015f b\u00fclb\u00fcle d\u00f6n\u00fcyor. Sert \u00e7\u0131k\u0131\u015flar\u0131n yerini, [&hellip;]<\/p>\n","protected":false},"author":3,"featured_media":29856,"comment_status":"closed","ping_status":"open","sticky":false,"template":"","format":"standard","meta":{"footnotes":""},"categories":[14,16,3,17,18,15,19,2,1],"tags":[],"class_list":["post-29945","post","type-post","status-publish","format-standard","has-post-thumbnail","hentry","category-avrupa","category-belcika","category-dunya","category-ekonomi","category-kultur-sanat","category-spor","category-tanitim","category-turkiye","category-uncategorized"],"yoast_head":"<!-- This site is optimized with the Yoast SEO plugin v26.9 - https:\/\/yoast.com\/product\/yoast-seo-wordpress\/ -->\n<title>Arap D\u00fcnyas\u0131 \u0130ran-\u0130srail Sava\u015f\u0131nda Neden Sessiz? - AvrupaPress<\/title>\n<meta name=\"robots\" content=\"index, follow, max-snippet:-1, max-image-preview:large, max-video-preview:-1\" \/>\n<link rel=\"canonical\" href=\"https:\/\/avrupapress.com\/main\/2025\/06\/26\/arap-dunyasi-iran-israil-savasinda-neden-sessiz\/\" \/>\n<meta property=\"og:locale\" content=\"fr_FR\" \/>\n<meta property=\"og:type\" content=\"article\" \/>\n<meta property=\"og:title\" content=\"Arap D\u00fcnyas\u0131 \u0130ran-\u0130srail Sava\u015f\u0131nda Neden Sessiz? - AvrupaPress\" \/>\n<meta property=\"og:description\" content=\"Arap D\u00fcnyas\u0131 \u0130ran-\u0130srail Sava\u015f\u0131nda Neden Sessiz? Ortado\u011fu, \u0130ran ile \u0130srail aras\u0131nda do\u011frudan askeri \u00e7at\u0131\u015fmalar\u0131n ya\u015fand\u0131\u011f\u0131 tehlikeli bir d\u00f6neme\u00e7ten ge\u00e7erken, Arap d\u00fcnyas\u0131 bu sava\u015fta bir pozisyon almaktan \u00e7ok, pozisyon almamay\u0131 diplomatik bir denge politikas\u0131 olarak benimsiyor. Gazze\u2019deki sald\u0131r\u0131lar kar\u015f\u0131s\u0131nda g\u00fc\u00e7l\u00fc s\u00f6ylemler geli\u015ftiren Arap ba\u015fkentleri, konu \u0130ran \u0130slam Cumhuriyeti oldu\u011funda dut yemi\u015f b\u00fclb\u00fcle d\u00f6n\u00fcyor. Sert \u00e7\u0131k\u0131\u015flar\u0131n yerini, [&hellip;]\" \/>\n<meta property=\"og:url\" content=\"https:\/\/avrupapress.com\/main\/2025\/06\/26\/arap-dunyasi-iran-israil-savasinda-neden-sessiz\/\" \/>\n<meta property=\"og:site_name\" content=\"AvrupaPress\" \/>\n<meta property=\"article:published_time\" content=\"2025-06-26T20:16:29+00:00\" \/>\n<meta property=\"article:modified_time\" content=\"2025-06-26T20:16:35+00:00\" \/>\n<meta property=\"og:image\" content=\"https:\/\/avrupapress.com\/main\/wp-content\/uploads\/2025\/06\/thumbnail_Screenshot_20250611_215048_Samsung-Internet-1-740x420-1.jpg\" \/>\n\t<meta property=\"og:image:width\" content=\"740\" \/>\n\t<meta property=\"og:image:height\" content=\"420\" \/>\n\t<meta property=\"og:image:type\" content=\"image\/jpeg\" \/>\n<meta name=\"author\" content=\"Edit\u00f6r\" \/>\n<meta name=\"twitter:card\" content=\"summary_large_image\" \/>\n<meta name=\"twitter:label1\" content=\"\u00c9crit par\" \/>\n\t<meta name=\"twitter:data1\" content=\"Edit\u00f6r\" \/>\n\t<meta name=\"twitter:label2\" content=\"Dur\u00e9e de lecture est.\" \/>\n\t<meta name=\"twitter:data2\" content=\"4 minutes\" \/>\n<script type=\"application\/ld+json\" class=\"yoast-schema-graph\">{\"@context\":\"https:\/\/schema.org\",\"@graph\":[{\"@type\":\"Article\",\"@id\":\"https:\/\/avrupapress.com\/main\/2025\/06\/26\/arap-dunyasi-iran-israil-savasinda-neden-sessiz\/#article\",\"isPartOf\":{\"@id\":\"https:\/\/avrupapress.com\/main\/2025\/06\/26\/arap-dunyasi-iran-israil-savasinda-neden-sessiz\/\"},\"author\":{\"name\":\"Edit\u00f6r\",\"@id\":\"https:\/\/avrupapress.com\/#\/schema\/person\/68428444ec60970d1e1b700cf4ca1e8f\"},\"headline\":\"Arap D\u00fcnyas\u0131 \u0130ran-\u0130srail Sava\u015f\u0131nda Neden Sessiz?\",\"datePublished\":\"2025-06-26T20:16:29+00:00\",\"dateModified\":\"2025-06-26T20:16:35+00:00\",\"mainEntityOfPage\":{\"@id\":\"https:\/\/avrupapress.com\/main\/2025\/06\/26\/arap-dunyasi-iran-israil-savasinda-neden-sessiz\/\"},\"wordCount\":1051,\"publisher\":{\"@id\":\"https:\/\/avrupapress.com\/#\/schema\/person\/0223dca19c72c43575bf30d1a2d8f4fa\"},\"image\":{\"@id\":\"https:\/\/avrupapress.com\/main\/2025\/06\/26\/arap-dunyasi-iran-israil-savasinda-neden-sessiz\/#primaryimage\"},\"thumbnailUrl\":\"https:\/\/avrupapress.com\/main\/wp-content\/uploads\/2025\/06\/thumbnail_Screenshot_20250611_215048_Samsung-Internet-1-740x420-1.jpg\",\"articleSection\":[\"Avrupa\",\"Bel\u00e7ika\",\"D\u00fcnya\",\"Ekonomi\",\"K\u00fclt\u00fcr-Sanat\",\"Spor\",\"Tan\u0131t\u0131m\",\"T\u00fcrkiye\",\"Uncategorized\"],\"inLanguage\":\"fr-BE\"},{\"@type\":\"WebPage\",\"@id\":\"https:\/\/avrupapress.com\/main\/2025\/06\/26\/arap-dunyasi-iran-israil-savasinda-neden-sessiz\/\",\"url\":\"https:\/\/avrupapress.com\/main\/2025\/06\/26\/arap-dunyasi-iran-israil-savasinda-neden-sessiz\/\",\"name\":\"Arap D\u00fcnyas\u0131 \u0130ran-\u0130srail Sava\u015f\u0131nda Neden Sessiz? - AvrupaPress\",\"isPartOf\":{\"@id\":\"https:\/\/avrupapress.com\/#website\"},\"primaryImageOfPage\":{\"@id\":\"https:\/\/avrupapress.com\/main\/2025\/06\/26\/arap-dunyasi-iran-israil-savasinda-neden-sessiz\/#primaryimage\"},\"image\":{\"@id\":\"https:\/\/avrupapress.com\/main\/2025\/06\/26\/arap-dunyasi-iran-israil-savasinda-neden-sessiz\/#primaryimage\"},\"thumbnailUrl\":\"https:\/\/avrupapress.com\/main\/wp-content\/uploads\/2025\/06\/thumbnail_Screenshot_20250611_215048_Samsung-Internet-1-740x420-1.jpg\",\"datePublished\":\"2025-06-26T20:16:29+00:00\",\"dateModified\":\"2025-06-26T20:16:35+00:00\",\"breadcrumb\":{\"@id\":\"https:\/\/avrupapress.com\/main\/2025\/06\/26\/arap-dunyasi-iran-israil-savasinda-neden-sessiz\/#breadcrumb\"},\"inLanguage\":\"fr-BE\",\"potentialAction\":[{\"@type\":\"ReadAction\",\"target\":[\"https:\/\/avrupapress.com\/main\/2025\/06\/26\/arap-dunyasi-iran-israil-savasinda-neden-sessiz\/\"]}]},{\"@type\":\"ImageObject\",\"inLanguage\":\"fr-BE\",\"@id\":\"https:\/\/avrupapress.com\/main\/2025\/06\/26\/arap-dunyasi-iran-israil-savasinda-neden-sessiz\/#primaryimage\",\"url\":\"https:\/\/avrupapress.com\/main\/wp-content\/uploads\/2025\/06\/thumbnail_Screenshot_20250611_215048_Samsung-Internet-1-740x420-1.jpg\",\"contentUrl\":\"https:\/\/avrupapress.com\/main\/wp-content\/uploads\/2025\/06\/thumbnail_Screenshot_20250611_215048_Samsung-Internet-1-740x420-1.jpg\",\"width\":740,\"height\":420},{\"@type\":\"BreadcrumbList\",\"@id\":\"https:\/\/avrupapress.com\/main\/2025\/06\/26\/arap-dunyasi-iran-israil-savasinda-neden-sessiz\/#breadcrumb\",\"itemListElement\":[{\"@type\":\"ListItem\",\"position\":1,\"name\":\"Anasayfa\",\"item\":\"https:\/\/avrupapress.com\/\"},{\"@type\":\"ListItem\",\"position\":2,\"name\":\"Arap D\u00fcnyas\u0131 \u0130ran-\u0130srail Sava\u015f\u0131nda Neden Sessiz?\"}]},{\"@type\":\"WebSite\",\"@id\":\"https:\/\/avrupapress.com\/#website\",\"url\":\"https:\/\/avrupapress.com\/\",\"name\":\"AvrupaPress\",\"description\":\"Haberin Adresi\",\"publisher\":{\"@id\":\"https:\/\/avrupapress.com\/#\/schema\/person\/0223dca19c72c43575bf30d1a2d8f4fa\"},\"potentialAction\":[{\"@type\":\"SearchAction\",\"target\":{\"@type\":\"EntryPoint\",\"urlTemplate\":\"https:\/\/avrupapress.com\/?s={search_term_string}\"},\"query-input\":{\"@type\":\"PropertyValueSpecification\",\"valueRequired\":true,\"valueName\":\"search_term_string\"}}],\"inLanguage\":\"fr-BE\"},{\"@type\":[\"Person\",\"Organization\"],\"@id\":\"https:\/\/avrupapress.com\/#\/schema\/person\/0223dca19c72c43575bf30d1a2d8f4fa\",\"name\":\"Bilgin \u00d6z\u00e7ift\u00e7i\",\"image\":{\"@type\":\"ImageObject\",\"inLanguage\":\"fr-BE\",\"@id\":\"https:\/\/avrupapress.com\/#\/schema\/person\/image\/\",\"url\":\"https:\/\/secure.gravatar.com\/avatar\/0f23b280433a21e1ea7a0adcc46ed0ad16afe3ad8e630fd13d8a017dcbd54ef3?s=96&d=mm&r=g\",\"contentUrl\":\"https:\/\/secure.gravatar.com\/avatar\/0f23b280433a21e1ea7a0adcc46ed0ad16afe3ad8e630fd13d8a017dcbd54ef3?s=96&d=mm&r=g\",\"caption\":\"Bilgin \u00d6z\u00e7ift\u00e7i\"},\"logo\":{\"@id\":\"https:\/\/avrupapress.com\/#\/schema\/person\/image\/\"},\"description\":\"Ne ben, nede sen... Biz ancak \\\"biz\\\" olursak g\u00fc\u00e7l\u00fc olabiliriz\"},{\"@type\":\"Person\",\"@id\":\"https:\/\/avrupapress.com\/#\/schema\/person\/68428444ec60970d1e1b700cf4ca1e8f\",\"name\":\"Edit\u00f6r\",\"image\":{\"@type\":\"ImageObject\",\"inLanguage\":\"fr-BE\",\"@id\":\"https:\/\/avrupapress.com\/#\/schema\/person\/image\/\",\"url\":\"https:\/\/secure.gravatar.com\/avatar\/74996b0977aa5f1559ba9883776652508b229005c0d78fb2597897f0bd651c09?s=96&d=mm&r=g\",\"contentUrl\":\"https:\/\/secure.gravatar.com\/avatar\/74996b0977aa5f1559ba9883776652508b229005c0d78fb2597897f0bd651c09?s=96&d=mm&r=g\",\"caption\":\"Edit\u00f6r\"},\"sameAs\":[\"http:\/\/www.avrupapress.com\"],\"url\":\"https:\/\/avrupapress.com\/main\/author\/editor\/\"}]}<\/script>\n<!-- \/ Yoast SEO plugin. -->","yoast_head_json":{"title":"Arap D\u00fcnyas\u0131 \u0130ran-\u0130srail Sava\u015f\u0131nda Neden Sessiz? - AvrupaPress","robots":{"index":"index","follow":"follow","max-snippet":"max-snippet:-1","max-image-preview":"max-image-preview:large","max-video-preview":"max-video-preview:-1"},"canonical":"https:\/\/avrupapress.com\/main\/2025\/06\/26\/arap-dunyasi-iran-israil-savasinda-neden-sessiz\/","og_locale":"fr_FR","og_type":"article","og_title":"Arap D\u00fcnyas\u0131 \u0130ran-\u0130srail Sava\u015f\u0131nda Neden Sessiz? - AvrupaPress","og_description":"Arap D\u00fcnyas\u0131 \u0130ran-\u0130srail Sava\u015f\u0131nda Neden Sessiz? Ortado\u011fu, \u0130ran ile \u0130srail aras\u0131nda do\u011frudan askeri \u00e7at\u0131\u015fmalar\u0131n ya\u015fand\u0131\u011f\u0131 tehlikeli bir d\u00f6neme\u00e7ten ge\u00e7erken, Arap d\u00fcnyas\u0131 bu sava\u015fta bir pozisyon almaktan \u00e7ok, pozisyon almamay\u0131 diplomatik bir denge politikas\u0131 olarak benimsiyor. Gazze\u2019deki sald\u0131r\u0131lar kar\u015f\u0131s\u0131nda g\u00fc\u00e7l\u00fc s\u00f6ylemler geli\u015ftiren Arap ba\u015fkentleri, konu \u0130ran \u0130slam Cumhuriyeti oldu\u011funda dut yemi\u015f b\u00fclb\u00fcle d\u00f6n\u00fcyor. Sert \u00e7\u0131k\u0131\u015flar\u0131n yerini, [&hellip;]","og_url":"https:\/\/avrupapress.com\/main\/2025\/06\/26\/arap-dunyasi-iran-israil-savasinda-neden-sessiz\/","og_site_name":"AvrupaPress","article_published_time":"2025-06-26T20:16:29+00:00","article_modified_time":"2025-06-26T20:16:35+00:00","og_image":[{"width":740,"height":420,"url":"https:\/\/avrupapress.com\/main\/wp-content\/uploads\/2025\/06\/thumbnail_Screenshot_20250611_215048_Samsung-Internet-1-740x420-1.jpg","type":"image\/jpeg"}],"author":"Edit\u00f6r","twitter_card":"summary_large_image","twitter_misc":{"\u00c9crit par":"Edit\u00f6r","Dur\u00e9e de lecture est.":"4 minutes"},"schema":{"@context":"https:\/\/schema.org","@graph":[{"@type":"Article","@id":"https:\/\/avrupapress.com\/main\/2025\/06\/26\/arap-dunyasi-iran-israil-savasinda-neden-sessiz\/#article","isPartOf":{"@id":"https:\/\/avrupapress.com\/main\/2025\/06\/26\/arap-dunyasi-iran-israil-savasinda-neden-sessiz\/"},"author":{"name":"Edit\u00f6r","@id":"https:\/\/avrupapress.com\/#\/schema\/person\/68428444ec60970d1e1b700cf4ca1e8f"},"headline":"Arap D\u00fcnyas\u0131 \u0130ran-\u0130srail Sava\u015f\u0131nda Neden Sessiz?","datePublished":"2025-06-26T20:16:29+00:00","dateModified":"2025-06-26T20:16:35+00:00","mainEntityOfPage":{"@id":"https:\/\/avrupapress.com\/main\/2025\/06\/26\/arap-dunyasi-iran-israil-savasinda-neden-sessiz\/"},"wordCount":1051,"publisher":{"@id":"https:\/\/avrupapress.com\/#\/schema\/person\/0223dca19c72c43575bf30d1a2d8f4fa"},"image":{"@id":"https:\/\/avrupapress.com\/main\/2025\/06\/26\/arap-dunyasi-iran-israil-savasinda-neden-sessiz\/#primaryimage"},"thumbnailUrl":"https:\/\/avrupapress.com\/main\/wp-content\/uploads\/2025\/06\/thumbnail_Screenshot_20250611_215048_Samsung-Internet-1-740x420-1.jpg","articleSection":["Avrupa","Bel\u00e7ika","D\u00fcnya","Ekonomi","K\u00fclt\u00fcr-Sanat","Spor","Tan\u0131t\u0131m","T\u00fcrkiye","Uncategorized"],"inLanguage":"fr-BE"},{"@type":"WebPage","@id":"https:\/\/avrupapress.com\/main\/2025\/06\/26\/arap-dunyasi-iran-israil-savasinda-neden-sessiz\/","url":"https:\/\/avrupapress.com\/main\/2025\/06\/26\/arap-dunyasi-iran-israil-savasinda-neden-sessiz\/","name":"Arap D\u00fcnyas\u0131 \u0130ran-\u0130srail Sava\u015f\u0131nda Neden Sessiz? - AvrupaPress","isPartOf":{"@id":"https:\/\/avrupapress.com\/#website"},"primaryImageOfPage":{"@id":"https:\/\/avrupapress.com\/main\/2025\/06\/26\/arap-dunyasi-iran-israil-savasinda-neden-sessiz\/#primaryimage"},"image":{"@id":"https:\/\/avrupapress.com\/main\/2025\/06\/26\/arap-dunyasi-iran-israil-savasinda-neden-sessiz\/#primaryimage"},"thumbnailUrl":"https:\/\/avrupapress.com\/main\/wp-content\/uploads\/2025\/06\/thumbnail_Screenshot_20250611_215048_Samsung-Internet-1-740x420-1.jpg","datePublished":"2025-06-26T20:16:29+00:00","dateModified":"2025-06-26T20:16:35+00:00","breadcrumb":{"@id":"https:\/\/avrupapress.com\/main\/2025\/06\/26\/arap-dunyasi-iran-israil-savasinda-neden-sessiz\/#breadcrumb"},"inLanguage":"fr-BE","potentialAction":[{"@type":"ReadAction","target":["https:\/\/avrupapress.com\/main\/2025\/06\/26\/arap-dunyasi-iran-israil-savasinda-neden-sessiz\/"]}]},{"@type":"ImageObject","inLanguage":"fr-BE","@id":"https:\/\/avrupapress.com\/main\/2025\/06\/26\/arap-dunyasi-iran-israil-savasinda-neden-sessiz\/#primaryimage","url":"https:\/\/avrupapress.com\/main\/wp-content\/uploads\/2025\/06\/thumbnail_Screenshot_20250611_215048_Samsung-Internet-1-740x420-1.jpg","contentUrl":"https:\/\/avrupapress.com\/main\/wp-content\/uploads\/2025\/06\/thumbnail_Screenshot_20250611_215048_Samsung-Internet-1-740x420-1.jpg","width":740,"height":420},{"@type":"BreadcrumbList","@id":"https:\/\/avrupapress.com\/main\/2025\/06\/26\/arap-dunyasi-iran-israil-savasinda-neden-sessiz\/#breadcrumb","itemListElement":[{"@type":"ListItem","position":1,"name":"Anasayfa","item":"https:\/\/avrupapress.com\/"},{"@type":"ListItem","position":2,"name":"Arap D\u00fcnyas\u0131 \u0130ran-\u0130srail Sava\u015f\u0131nda Neden Sessiz?"}]},{"@type":"WebSite","@id":"https:\/\/avrupapress.com\/#website","url":"https:\/\/avrupapress.com\/","name":"AvrupaPress","description":"Haberin Adresi","publisher":{"@id":"https:\/\/avrupapress.com\/#\/schema\/person\/0223dca19c72c43575bf30d1a2d8f4fa"},"potentialAction":[{"@type":"SearchAction","target":{"@type":"EntryPoint","urlTemplate":"https:\/\/avrupapress.com\/?s={search_term_string}"},"query-input":{"@type":"PropertyValueSpecification","valueRequired":true,"valueName":"search_term_string"}}],"inLanguage":"fr-BE"},{"@type":["Person","Organization"],"@id":"https:\/\/avrupapress.com\/#\/schema\/person\/0223dca19c72c43575bf30d1a2d8f4fa","name":"Bilgin \u00d6z\u00e7ift\u00e7i","image":{"@type":"ImageObject","inLanguage":"fr-BE","@id":"https:\/\/avrupapress.com\/#\/schema\/person\/image\/","url":"https:\/\/secure.gravatar.com\/avatar\/0f23b280433a21e1ea7a0adcc46ed0ad16afe3ad8e630fd13d8a017dcbd54ef3?s=96&d=mm&r=g","contentUrl":"https:\/\/secure.gravatar.com\/avatar\/0f23b280433a21e1ea7a0adcc46ed0ad16afe3ad8e630fd13d8a017dcbd54ef3?s=96&d=mm&r=g","caption":"Bilgin \u00d6z\u00e7ift\u00e7i"},"logo":{"@id":"https:\/\/avrupapress.com\/#\/schema\/person\/image\/"},"description":"Ne ben, nede sen... Biz ancak \"biz\" olursak g\u00fc\u00e7l\u00fc olabiliriz"},{"@type":"Person","@id":"https:\/\/avrupapress.com\/#\/schema\/person\/68428444ec60970d1e1b700cf4ca1e8f","name":"Edit\u00f6r","image":{"@type":"ImageObject","inLanguage":"fr-BE","@id":"https:\/\/avrupapress.com\/#\/schema\/person\/image\/","url":"https:\/\/secure.gravatar.com\/avatar\/74996b0977aa5f1559ba9883776652508b229005c0d78fb2597897f0bd651c09?s=96&d=mm&r=g","contentUrl":"https:\/\/secure.gravatar.com\/avatar\/74996b0977aa5f1559ba9883776652508b229005c0d78fb2597897f0bd651c09?s=96&d=mm&r=g","caption":"Edit\u00f6r"},"sameAs":["http:\/\/www.avrupapress.com"],"url":"https:\/\/avrupapress.com\/main\/author\/editor\/"}]}},"_links":{"self":[{"href":"https:\/\/avrupapress.com\/main\/wp-json\/wp\/v2\/posts\/29945","targetHints":{"allow":["GET"]}}],"collection":[{"href":"https:\/\/avrupapress.com\/main\/wp-json\/wp\/v2\/posts"}],"about":[{"href":"https:\/\/avrupapress.com\/main\/wp-json\/wp\/v2\/types\/post"}],"author":[{"embeddable":true,"href":"https:\/\/avrupapress.com\/main\/wp-json\/wp\/v2\/users\/3"}],"replies":[{"embeddable":true,"href":"https:\/\/avrupapress.com\/main\/wp-json\/wp\/v2\/comments?post=29945"}],"version-history":[{"count":1,"href":"https:\/\/avrupapress.com\/main\/wp-json\/wp\/v2\/posts\/29945\/revisions"}],"predecessor-version":[{"id":29946,"href":"https:\/\/avrupapress.com\/main\/wp-json\/wp\/v2\/posts\/29945\/revisions\/29946"}],"wp:featuredmedia":[{"embeddable":true,"href":"https:\/\/avrupapress.com\/main\/wp-json\/wp\/v2\/media\/29856"}],"wp:attachment":[{"href":"https:\/\/avrupapress.com\/main\/wp-json\/wp\/v2\/media?parent=29945"}],"wp:term":[{"taxonomy":"category","embeddable":true,"href":"https:\/\/avrupapress.com\/main\/wp-json\/wp\/v2\/categories?post=29945"},{"taxonomy":"post_tag","embeddable":true,"href":"https:\/\/avrupapress.com\/main\/wp-json\/wp\/v2\/tags?post=29945"}],"curies":[{"name":"wp","href":"https:\/\/api.w.org\/{rel}","templated":true}]}}