{"id":29789,"date":"2025-06-13T20:31:35","date_gmt":"2025-06-13T20:31:35","guid":{"rendered":"https:\/\/avrupapress.com\/main\/?p=29789"},"modified":"2025-06-13T20:31:44","modified_gmt":"2025-06-13T20:31:44","slug":"chp-elindekinin-farkinda-mi","status":"publish","type":"post","link":"https:\/\/avrupapress.com\/main\/2025\/06\/13\/chp-elindekinin-farkinda-mi\/","title":{"rendered":"CHP Elindekinin Fark\u0131nda m\u0131?"},"content":{"rendered":"<div dir=\"auto\" data-olk-copy-source=\"MessageBody\">CHP Elindekinin Fark\u0131nda m\u0131?<\/div>\n<div dir=\"auto\">CHP neden h\u00e2l\u00e2 iktidar olam\u0131yor? Bu soruyu uzun zamand\u0131r soruyoruz, ama art\u0131k cevab\u0131 daha net g\u00f6rebiliyoruz: \u00c7\u00fcnk\u00fc elindekinin k\u0131ymetini bilmiyor ya da anlatmay\u0131 beceremiyor.<\/div>\n<div dir=\"auto\"><\/div>\n<div dir=\"auto\">Parti, se\u00e7imlerde b\u00fcy\u00fck m\u00fccadelelerle kazand\u0131\u011f\u0131 belediyeleri yaln\u0131zca yerel \u00f6l\u00e7ekte de\u011ferlendirmekle yetiniyor. Oysa T\u00fcrkiye&rsquo;nin d\u00f6rt bir yan\u0131nda, sessiz sedas\u0131z b\u00fcy\u00fck i\u015fler yapan belediye ba\u015fkanlar\u0131 var. Ancak biz bu ba\u015far\u0131lar\u0131 ne ekranlarda g\u00f6rebiliyoruz, ne de partinin kendi s\u00f6ylemlerinde duyabiliyoruz.<\/div>\n<div dir=\"auto\"><\/div>\n<div dir=\"auto\">S\u00fcrekli ayn\u0131 isimlerin etraf\u0131nda d\u00f6nen bir g\u00fcndem yarat\u0131l\u0131yor. Elbette \u0130stanbul B\u00fcy\u00fck\u015fehir Belediye Ba\u015fkan\u0131 Ekrem \u0130mamo\u011flu \u00e7ok \u00f6nemli bir fig\u00fcr. Ancak bu, di\u011fer ba\u015far\u0131l\u0131 ba\u015fkanlar\u0131n g\u00f6rmezden gelinmesi anlam\u0131na gelmemeli. \u00c7\u00fcnk\u00fc ba\u015far\u0131 sadece birka\u00e7 b\u00fcy\u00fck\u015fehirle s\u0131n\u0131rl\u0131 de\u011fil. Bu ba\u015far\u0131y\u0131 sahiplenmek, geni\u015fletmek ve b\u00fcy\u00fctmek gerekiyor.<\/div>\n<div dir=\"auto\"><\/div>\n<div dir=\"auto\">Bak\u0131n mesela Manisa&#8230; Ferdi Zeyrek gibi gen\u00e7 ve \u00e7al\u0131\u015fkan bir ba\u015fkan g\u00f6reve geldi. Halkla do\u011frudan temas kuran, \u00e7\u00f6z\u00fcm odakl\u0131 bir y\u00f6netim anlay\u0131\u015f\u0131 sergileyen bir isimdi. K\u0131sa s\u00fcrede Manisa halk\u0131n\u0131n hem sevgisini hem de sayg\u0131s\u0131n\u0131 kazand\u0131. Ferdi Zeyrek, makamla b\u00fcy\u00fcmeyen, insanl\u0131\u011f\u0131yla b\u00fcy\u00fcten, kalbiyle y\u00f6neten bir insand\u0131. Ancak T\u00fcrkiye onu ne yaz\u0131k ki yapt\u0131\u011f\u0131 hizmetlerle de\u011fil, ya\u015fanan vahim bir olayla tan\u0131d\u0131. Ve \u015fimdi, onu kaybettik&#8230;<\/div>\n<div dir=\"auto\"><\/div>\n<div dir=\"auto\">Oysa tam tersi olmal\u0131yd\u0131. CHP, Ferdi Zeyrek gibi isimleri \u00f6n plana \u00e7\u0131karmal\u0131yd\u0131. \u201c\u0130\u015fte biz b\u00f6yle y\u00f6netiyoruz\u201d diyebilmeliydi.<\/div>\n<div dir=\"auto\"><\/div>\n<div dir=\"auto\">Ferdi Zeyrek\u2019in yoklu\u011fu yaln\u0131zca ailesi ve sevenleri i\u00e7in de\u011fil, ayn\u0131 zamanda CHP i\u00e7in de b\u00fcy\u00fck bir kay\u0131pt\u0131r. \u00c7\u00fcnk\u00fc partinin gelece\u011fi, onun gibi isimlerin omuzlar\u0131nda y\u00fckselebilirdi.<\/div>\n<div dir=\"auto\"><\/div>\n<div dir=\"auto\">Halk art\u0131k laf de\u011fil, i\u015f g\u00f6rmek istiyor. T\u00fcrkiye yorgun. Ekonomik kriz, adaletsizlik ve umutsuzluk i\u00e7inde debelenen insanlar \u00e7\u00f6z\u00fcm ar\u0131yor. CHP, \u00e7\u00f6z\u00fcm\u00fcn ta kendisi olabilecek ba\u015far\u0131 hik\u00e2yelerini \u00f6ne \u00e7\u0131karmak zorunda. Belediyecilikte g\u00f6sterdi\u011fi performans\u0131, g\u00fc\u00e7l\u00fc bir ileti\u015fim stratejisiyle birle\u015ftirmedi\u011fi s\u00fcrece bu hik\u00e2yeler hep g\u00f6lgede kalacak.<\/div>\n<div dir=\"auto\"><\/div>\n<div dir=\"auto\">CHP\u2019ye d\u00fc\u015fen art\u0131k sadece muhalefet etmek de\u011fil; y\u00f6netti\u011fi yerlerde yaratt\u0131\u011f\u0131 de\u011fi\u015fimi anlatmak, g\u00f6r\u00fcn\u00fcr k\u0131lmak. \u00c7\u00fcnk\u00fc as\u0131l umut orada. Ve e\u011fer bu umut anlat\u0131lamazsa, iktidar hep bir hayal olarak kalmaya devam edecek.<\/div>\n<div dir=\"auto\"><\/div>\n<div dir=\"auto\">Bir I\u015f\u0131k S\u00f6nmedi, \u0130z B\u0131rakt\u0131<\/div>\n<div dir=\"auto\">Ferdi Zeyrek, Manisa\u2019da k\u0131sa s\u00fcrede halk\u0131n g\u00f6nl\u00fcnde sa\u011flam bir yer edinmi\u015f, makamla b\u00fcy\u00fcmeyen, insanl\u0131\u011f\u0131yla b\u00fcy\u00fcten, kalbiyle y\u00f6neten bir insand\u0131. Onun vefat\u0131 sadece Manisa\u2019da de\u011fil, t\u00fcm T\u00fcrkiye\u2019de derin bir \u00fcz\u00fcnt\u00fc yaratt\u0131. \u00c7\u00fcnk\u00fc bu topraklar art\u0131k, halkla ger\u00e7ek ba\u011f kuran siyaset\u00e7iyi kolay kolay bulam\u0131yor. O ise bunu ba\u015farm\u0131\u015ft\u0131. Ard\u0131nda b\u00fcy\u00fck bir sevgi, derin bir iz ve tamamlanmam\u0131\u015f bir umut b\u0131rakt\u0131.<\/div>\n<div dir=\"auto\"><\/div>\n<div dir=\"auto\">Ruhu \u015fad olsun.<\/div>\n<div dir=\"auto\"><\/div>\n<div dir=\"auto\"><img loading=\"lazy\" decoding=\"async\" class=\"alignnone size-medium wp-image-29790\" src=\"https:\/\/avrupapress.com\/main\/wp-content\/uploads\/2025\/06\/IMG-20250613-WA0057-300x300.jpg\" alt=\"\" width=\"300\" height=\"300\" srcset=\"https:\/\/avrupapress.com\/main\/wp-content\/uploads\/2025\/06\/IMG-20250613-WA0057-300x300.jpg 300w, https:\/\/avrupapress.com\/main\/wp-content\/uploads\/2025\/06\/IMG-20250613-WA0057-1024x1024.jpg 1024w, https:\/\/avrupapress.com\/main\/wp-content\/uploads\/2025\/06\/IMG-20250613-WA0057-150x150.jpg 150w, https:\/\/avrupapress.com\/main\/wp-content\/uploads\/2025\/06\/IMG-20250613-WA0057-768x768.jpg 768w, https:\/\/avrupapress.com\/main\/wp-content\/uploads\/2025\/06\/IMG-20250613-WA0057.jpg 1135w\" sizes=\"auto, (max-width: 300px) 100vw, 300px\" \/><\/div>\n<div dir=\"auto\"><strong>Halime \u00d6nen\u00a0 \u00a0\/\u00a0 \u00a0 \u00a0AVRUPAPRESS<\/strong><\/div>\n<div id=\"x_ms-outlook-mobile-body-separator-line\" dir=\"auto\"><\/div>\n","protected":false},"excerpt":{"rendered":"<p>CHP Elindekinin Fark\u0131nda m\u0131? CHP neden h\u00e2l\u00e2 iktidar olam\u0131yor? Bu soruyu uzun zamand\u0131r soruyoruz, ama art\u0131k cevab\u0131 daha net g\u00f6rebiliyoruz: \u00c7\u00fcnk\u00fc elindekinin k\u0131ymetini bilmiyor ya da anlatmay\u0131 beceremiyor. Parti, se\u00e7imlerde b\u00fcy\u00fck m\u00fccadelelerle kazand\u0131\u011f\u0131 belediyeleri yaln\u0131zca yerel \u00f6l\u00e7ekte de\u011ferlendirmekle yetiniyor. Oysa T\u00fcrkiye&rsquo;nin d\u00f6rt bir yan\u0131nda, sessiz sedas\u0131z b\u00fcy\u00fck i\u015fler yapan belediye ba\u015fkanlar\u0131 var. Ancak biz bu [&hellip;]<\/p>\n","protected":false},"author":3,"featured_media":29791,"comment_status":"closed","ping_status":"open","sticky":false,"template":"","format":"standard","meta":{"footnotes":""},"categories":[14,16,3,17,18,15,19,2,1],"tags":[],"class_list":["post-29789","post","type-post","status-publish","format-standard","has-post-thumbnail","hentry","category-avrupa","category-belcika","category-dunya","category-ekonomi","category-kultur-sanat","category-spor","category-tanitim","category-turkiye","category-uncategorized"],"yoast_head":"<!-- This site is optimized with the Yoast SEO plugin v26.9 - https:\/\/yoast.com\/product\/yoast-seo-wordpress\/ -->\n<title>CHP Elindekinin Fark\u0131nda m\u0131? - AvrupaPress<\/title>\n<meta name=\"robots\" content=\"index, follow, max-snippet:-1, max-image-preview:large, max-video-preview:-1\" \/>\n<link rel=\"canonical\" href=\"https:\/\/avrupapress.com\/main\/2025\/06\/13\/chp-elindekinin-farkinda-mi\/\" \/>\n<meta property=\"og:locale\" content=\"fr_FR\" \/>\n<meta property=\"og:type\" content=\"article\" \/>\n<meta property=\"og:title\" content=\"CHP Elindekinin Fark\u0131nda m\u0131? - AvrupaPress\" \/>\n<meta property=\"og:description\" content=\"CHP Elindekinin Fark\u0131nda m\u0131? CHP neden h\u00e2l\u00e2 iktidar olam\u0131yor? Bu soruyu uzun zamand\u0131r soruyoruz, ama art\u0131k cevab\u0131 daha net g\u00f6rebiliyoruz: \u00c7\u00fcnk\u00fc elindekinin k\u0131ymetini bilmiyor ya da anlatmay\u0131 beceremiyor. Parti, se\u00e7imlerde b\u00fcy\u00fck m\u00fccadelelerle kazand\u0131\u011f\u0131 belediyeleri yaln\u0131zca yerel \u00f6l\u00e7ekte de\u011ferlendirmekle yetiniyor. Oysa T\u00fcrkiye&rsquo;nin d\u00f6rt bir yan\u0131nda, sessiz sedas\u0131z b\u00fcy\u00fck i\u015fler yapan belediye ba\u015fkanlar\u0131 var. Ancak biz bu [&hellip;]\" \/>\n<meta property=\"og:url\" content=\"https:\/\/avrupapress.com\/main\/2025\/06\/13\/chp-elindekinin-farkinda-mi\/\" \/>\n<meta property=\"og:site_name\" content=\"AvrupaPress\" \/>\n<meta property=\"article:published_time\" content=\"2025-06-13T20:31:35+00:00\" \/>\n<meta property=\"article:modified_time\" content=\"2025-06-13T20:31:44+00:00\" \/>\n<meta property=\"og:image\" content=\"https:\/\/avrupapress.com\/main\/wp-content\/uploads\/2025\/06\/IMG-20250613-WA0057-1.jpg\" \/>\n\t<meta property=\"og:image:width\" content=\"1135\" \/>\n\t<meta property=\"og:image:height\" content=\"1135\" \/>\n\t<meta property=\"og:image:type\" content=\"image\/jpeg\" \/>\n<meta name=\"author\" content=\"Edit\u00f6r\" \/>\n<meta name=\"twitter:card\" content=\"summary_large_image\" \/>\n<meta name=\"twitter:label1\" content=\"\u00c9crit par\" \/>\n\t<meta name=\"twitter:data1\" content=\"Edit\u00f6r\" \/>\n\t<meta name=\"twitter:label2\" content=\"Dur\u00e9e de lecture est.\" \/>\n\t<meta name=\"twitter:data2\" content=\"3 minutes\" \/>\n<script type=\"application\/ld+json\" class=\"yoast-schema-graph\">{\"@context\":\"https:\/\/schema.org\",\"@graph\":[{\"@type\":\"Article\",\"@id\":\"https:\/\/avrupapress.com\/main\/2025\/06\/13\/chp-elindekinin-farkinda-mi\/#article\",\"isPartOf\":{\"@id\":\"https:\/\/avrupapress.com\/main\/2025\/06\/13\/chp-elindekinin-farkinda-mi\/\"},\"author\":{\"name\":\"Edit\u00f6r\",\"@id\":\"https:\/\/avrupapress.com\/#\/schema\/person\/68428444ec60970d1e1b700cf4ca1e8f\"},\"headline\":\"CHP Elindekinin Fark\u0131nda m\u0131?\",\"datePublished\":\"2025-06-13T20:31:35+00:00\",\"dateModified\":\"2025-06-13T20:31:44+00:00\",\"mainEntityOfPage\":{\"@id\":\"https:\/\/avrupapress.com\/main\/2025\/06\/13\/chp-elindekinin-farkinda-mi\/\"},\"wordCount\":525,\"publisher\":{\"@id\":\"https:\/\/avrupapress.com\/#\/schema\/person\/0223dca19c72c43575bf30d1a2d8f4fa\"},\"image\":{\"@id\":\"https:\/\/avrupapress.com\/main\/2025\/06\/13\/chp-elindekinin-farkinda-mi\/#primaryimage\"},\"thumbnailUrl\":\"https:\/\/avrupapress.com\/main\/wp-content\/uploads\/2025\/06\/IMG-20250613-WA0057-1.jpg\",\"articleSection\":[\"Avrupa\",\"Bel\u00e7ika\",\"D\u00fcnya\",\"Ekonomi\",\"K\u00fclt\u00fcr-Sanat\",\"Spor\",\"Tan\u0131t\u0131m\",\"T\u00fcrkiye\",\"Uncategorized\"],\"inLanguage\":\"fr-BE\"},{\"@type\":\"WebPage\",\"@id\":\"https:\/\/avrupapress.com\/main\/2025\/06\/13\/chp-elindekinin-farkinda-mi\/\",\"url\":\"https:\/\/avrupapress.com\/main\/2025\/06\/13\/chp-elindekinin-farkinda-mi\/\",\"name\":\"CHP Elindekinin Fark\u0131nda m\u0131? - AvrupaPress\",\"isPartOf\":{\"@id\":\"https:\/\/avrupapress.com\/#website\"},\"primaryImageOfPage\":{\"@id\":\"https:\/\/avrupapress.com\/main\/2025\/06\/13\/chp-elindekinin-farkinda-mi\/#primaryimage\"},\"image\":{\"@id\":\"https:\/\/avrupapress.com\/main\/2025\/06\/13\/chp-elindekinin-farkinda-mi\/#primaryimage\"},\"thumbnailUrl\":\"https:\/\/avrupapress.com\/main\/wp-content\/uploads\/2025\/06\/IMG-20250613-WA0057-1.jpg\",\"datePublished\":\"2025-06-13T20:31:35+00:00\",\"dateModified\":\"2025-06-13T20:31:44+00:00\",\"breadcrumb\":{\"@id\":\"https:\/\/avrupapress.com\/main\/2025\/06\/13\/chp-elindekinin-farkinda-mi\/#breadcrumb\"},\"inLanguage\":\"fr-BE\",\"potentialAction\":[{\"@type\":\"ReadAction\",\"target\":[\"https:\/\/avrupapress.com\/main\/2025\/06\/13\/chp-elindekinin-farkinda-mi\/\"]}]},{\"@type\":\"ImageObject\",\"inLanguage\":\"fr-BE\",\"@id\":\"https:\/\/avrupapress.com\/main\/2025\/06\/13\/chp-elindekinin-farkinda-mi\/#primaryimage\",\"url\":\"https:\/\/avrupapress.com\/main\/wp-content\/uploads\/2025\/06\/IMG-20250613-WA0057-1.jpg\",\"contentUrl\":\"https:\/\/avrupapress.com\/main\/wp-content\/uploads\/2025\/06\/IMG-20250613-WA0057-1.jpg\",\"width\":1135,\"height\":1135},{\"@type\":\"BreadcrumbList\",\"@id\":\"https:\/\/avrupapress.com\/main\/2025\/06\/13\/chp-elindekinin-farkinda-mi\/#breadcrumb\",\"itemListElement\":[{\"@type\":\"ListItem\",\"position\":1,\"name\":\"Anasayfa\",\"item\":\"https:\/\/avrupapress.com\/\"},{\"@type\":\"ListItem\",\"position\":2,\"name\":\"CHP Elindekinin Fark\u0131nda m\u0131?\"}]},{\"@type\":\"WebSite\",\"@id\":\"https:\/\/avrupapress.com\/#website\",\"url\":\"https:\/\/avrupapress.com\/\",\"name\":\"AvrupaPress\",\"description\":\"Haberin Adresi\",\"publisher\":{\"@id\":\"https:\/\/avrupapress.com\/#\/schema\/person\/0223dca19c72c43575bf30d1a2d8f4fa\"},\"potentialAction\":[{\"@type\":\"SearchAction\",\"target\":{\"@type\":\"EntryPoint\",\"urlTemplate\":\"https:\/\/avrupapress.com\/?s={search_term_string}\"},\"query-input\":{\"@type\":\"PropertyValueSpecification\",\"valueRequired\":true,\"valueName\":\"search_term_string\"}}],\"inLanguage\":\"fr-BE\"},{\"@type\":[\"Person\",\"Organization\"],\"@id\":\"https:\/\/avrupapress.com\/#\/schema\/person\/0223dca19c72c43575bf30d1a2d8f4fa\",\"name\":\"Bilgin \u00d6z\u00e7ift\u00e7i\",\"image\":{\"@type\":\"ImageObject\",\"inLanguage\":\"fr-BE\",\"@id\":\"https:\/\/avrupapress.com\/#\/schema\/person\/image\/\",\"url\":\"https:\/\/secure.gravatar.com\/avatar\/0f23b280433a21e1ea7a0adcc46ed0ad16afe3ad8e630fd13d8a017dcbd54ef3?s=96&d=mm&r=g\",\"contentUrl\":\"https:\/\/secure.gravatar.com\/avatar\/0f23b280433a21e1ea7a0adcc46ed0ad16afe3ad8e630fd13d8a017dcbd54ef3?s=96&d=mm&r=g\",\"caption\":\"Bilgin \u00d6z\u00e7ift\u00e7i\"},\"logo\":{\"@id\":\"https:\/\/avrupapress.com\/#\/schema\/person\/image\/\"},\"description\":\"Ne ben, nede sen... Biz ancak \\\"biz\\\" olursak g\u00fc\u00e7l\u00fc olabiliriz\"},{\"@type\":\"Person\",\"@id\":\"https:\/\/avrupapress.com\/#\/schema\/person\/68428444ec60970d1e1b700cf4ca1e8f\",\"name\":\"Edit\u00f6r\",\"image\":{\"@type\":\"ImageObject\",\"inLanguage\":\"fr-BE\",\"@id\":\"https:\/\/avrupapress.com\/#\/schema\/person\/image\/\",\"url\":\"https:\/\/secure.gravatar.com\/avatar\/74996b0977aa5f1559ba9883776652508b229005c0d78fb2597897f0bd651c09?s=96&d=mm&r=g\",\"contentUrl\":\"https:\/\/secure.gravatar.com\/avatar\/74996b0977aa5f1559ba9883776652508b229005c0d78fb2597897f0bd651c09?s=96&d=mm&r=g\",\"caption\":\"Edit\u00f6r\"},\"sameAs\":[\"http:\/\/www.avrupapress.com\"],\"url\":\"https:\/\/avrupapress.com\/main\/author\/editor\/\"}]}<\/script>\n<!-- \/ Yoast SEO plugin. -->","yoast_head_json":{"title":"CHP Elindekinin Fark\u0131nda m\u0131? - AvrupaPress","robots":{"index":"index","follow":"follow","max-snippet":"max-snippet:-1","max-image-preview":"max-image-preview:large","max-video-preview":"max-video-preview:-1"},"canonical":"https:\/\/avrupapress.com\/main\/2025\/06\/13\/chp-elindekinin-farkinda-mi\/","og_locale":"fr_FR","og_type":"article","og_title":"CHP Elindekinin Fark\u0131nda m\u0131? - AvrupaPress","og_description":"CHP Elindekinin Fark\u0131nda m\u0131? CHP neden h\u00e2l\u00e2 iktidar olam\u0131yor? Bu soruyu uzun zamand\u0131r soruyoruz, ama art\u0131k cevab\u0131 daha net g\u00f6rebiliyoruz: \u00c7\u00fcnk\u00fc elindekinin k\u0131ymetini bilmiyor ya da anlatmay\u0131 beceremiyor. Parti, se\u00e7imlerde b\u00fcy\u00fck m\u00fccadelelerle kazand\u0131\u011f\u0131 belediyeleri yaln\u0131zca yerel \u00f6l\u00e7ekte de\u011ferlendirmekle yetiniyor. Oysa T\u00fcrkiye&rsquo;nin d\u00f6rt bir yan\u0131nda, sessiz sedas\u0131z b\u00fcy\u00fck i\u015fler yapan belediye ba\u015fkanlar\u0131 var. Ancak biz bu [&hellip;]","og_url":"https:\/\/avrupapress.com\/main\/2025\/06\/13\/chp-elindekinin-farkinda-mi\/","og_site_name":"AvrupaPress","article_published_time":"2025-06-13T20:31:35+00:00","article_modified_time":"2025-06-13T20:31:44+00:00","og_image":[{"width":1135,"height":1135,"url":"https:\/\/avrupapress.com\/main\/wp-content\/uploads\/2025\/06\/IMG-20250613-WA0057-1.jpg","type":"image\/jpeg"}],"author":"Edit\u00f6r","twitter_card":"summary_large_image","twitter_misc":{"\u00c9crit par":"Edit\u00f6r","Dur\u00e9e de lecture est.":"3 minutes"},"schema":{"@context":"https:\/\/schema.org","@graph":[{"@type":"Article","@id":"https:\/\/avrupapress.com\/main\/2025\/06\/13\/chp-elindekinin-farkinda-mi\/#article","isPartOf":{"@id":"https:\/\/avrupapress.com\/main\/2025\/06\/13\/chp-elindekinin-farkinda-mi\/"},"author":{"name":"Edit\u00f6r","@id":"https:\/\/avrupapress.com\/#\/schema\/person\/68428444ec60970d1e1b700cf4ca1e8f"},"headline":"CHP Elindekinin Fark\u0131nda m\u0131?","datePublished":"2025-06-13T20:31:35+00:00","dateModified":"2025-06-13T20:31:44+00:00","mainEntityOfPage":{"@id":"https:\/\/avrupapress.com\/main\/2025\/06\/13\/chp-elindekinin-farkinda-mi\/"},"wordCount":525,"publisher":{"@id":"https:\/\/avrupapress.com\/#\/schema\/person\/0223dca19c72c43575bf30d1a2d8f4fa"},"image":{"@id":"https:\/\/avrupapress.com\/main\/2025\/06\/13\/chp-elindekinin-farkinda-mi\/#primaryimage"},"thumbnailUrl":"https:\/\/avrupapress.com\/main\/wp-content\/uploads\/2025\/06\/IMG-20250613-WA0057-1.jpg","articleSection":["Avrupa","Bel\u00e7ika","D\u00fcnya","Ekonomi","K\u00fclt\u00fcr-Sanat","Spor","Tan\u0131t\u0131m","T\u00fcrkiye","Uncategorized"],"inLanguage":"fr-BE"},{"@type":"WebPage","@id":"https:\/\/avrupapress.com\/main\/2025\/06\/13\/chp-elindekinin-farkinda-mi\/","url":"https:\/\/avrupapress.com\/main\/2025\/06\/13\/chp-elindekinin-farkinda-mi\/","name":"CHP Elindekinin Fark\u0131nda m\u0131? - AvrupaPress","isPartOf":{"@id":"https:\/\/avrupapress.com\/#website"},"primaryImageOfPage":{"@id":"https:\/\/avrupapress.com\/main\/2025\/06\/13\/chp-elindekinin-farkinda-mi\/#primaryimage"},"image":{"@id":"https:\/\/avrupapress.com\/main\/2025\/06\/13\/chp-elindekinin-farkinda-mi\/#primaryimage"},"thumbnailUrl":"https:\/\/avrupapress.com\/main\/wp-content\/uploads\/2025\/06\/IMG-20250613-WA0057-1.jpg","datePublished":"2025-06-13T20:31:35+00:00","dateModified":"2025-06-13T20:31:44+00:00","breadcrumb":{"@id":"https:\/\/avrupapress.com\/main\/2025\/06\/13\/chp-elindekinin-farkinda-mi\/#breadcrumb"},"inLanguage":"fr-BE","potentialAction":[{"@type":"ReadAction","target":["https:\/\/avrupapress.com\/main\/2025\/06\/13\/chp-elindekinin-farkinda-mi\/"]}]},{"@type":"ImageObject","inLanguage":"fr-BE","@id":"https:\/\/avrupapress.com\/main\/2025\/06\/13\/chp-elindekinin-farkinda-mi\/#primaryimage","url":"https:\/\/avrupapress.com\/main\/wp-content\/uploads\/2025\/06\/IMG-20250613-WA0057-1.jpg","contentUrl":"https:\/\/avrupapress.com\/main\/wp-content\/uploads\/2025\/06\/IMG-20250613-WA0057-1.jpg","width":1135,"height":1135},{"@type":"BreadcrumbList","@id":"https:\/\/avrupapress.com\/main\/2025\/06\/13\/chp-elindekinin-farkinda-mi\/#breadcrumb","itemListElement":[{"@type":"ListItem","position":1,"name":"Anasayfa","item":"https:\/\/avrupapress.com\/"},{"@type":"ListItem","position":2,"name":"CHP Elindekinin Fark\u0131nda m\u0131?"}]},{"@type":"WebSite","@id":"https:\/\/avrupapress.com\/#website","url":"https:\/\/avrupapress.com\/","name":"AvrupaPress","description":"Haberin Adresi","publisher":{"@id":"https:\/\/avrupapress.com\/#\/schema\/person\/0223dca19c72c43575bf30d1a2d8f4fa"},"potentialAction":[{"@type":"SearchAction","target":{"@type":"EntryPoint","urlTemplate":"https:\/\/avrupapress.com\/?s={search_term_string}"},"query-input":{"@type":"PropertyValueSpecification","valueRequired":true,"valueName":"search_term_string"}}],"inLanguage":"fr-BE"},{"@type":["Person","Organization"],"@id":"https:\/\/avrupapress.com\/#\/schema\/person\/0223dca19c72c43575bf30d1a2d8f4fa","name":"Bilgin \u00d6z\u00e7ift\u00e7i","image":{"@type":"ImageObject","inLanguage":"fr-BE","@id":"https:\/\/avrupapress.com\/#\/schema\/person\/image\/","url":"https:\/\/secure.gravatar.com\/avatar\/0f23b280433a21e1ea7a0adcc46ed0ad16afe3ad8e630fd13d8a017dcbd54ef3?s=96&d=mm&r=g","contentUrl":"https:\/\/secure.gravatar.com\/avatar\/0f23b280433a21e1ea7a0adcc46ed0ad16afe3ad8e630fd13d8a017dcbd54ef3?s=96&d=mm&r=g","caption":"Bilgin \u00d6z\u00e7ift\u00e7i"},"logo":{"@id":"https:\/\/avrupapress.com\/#\/schema\/person\/image\/"},"description":"Ne ben, nede sen... Biz ancak \"biz\" olursak g\u00fc\u00e7l\u00fc olabiliriz"},{"@type":"Person","@id":"https:\/\/avrupapress.com\/#\/schema\/person\/68428444ec60970d1e1b700cf4ca1e8f","name":"Edit\u00f6r","image":{"@type":"ImageObject","inLanguage":"fr-BE","@id":"https:\/\/avrupapress.com\/#\/schema\/person\/image\/","url":"https:\/\/secure.gravatar.com\/avatar\/74996b0977aa5f1559ba9883776652508b229005c0d78fb2597897f0bd651c09?s=96&d=mm&r=g","contentUrl":"https:\/\/secure.gravatar.com\/avatar\/74996b0977aa5f1559ba9883776652508b229005c0d78fb2597897f0bd651c09?s=96&d=mm&r=g","caption":"Edit\u00f6r"},"sameAs":["http:\/\/www.avrupapress.com"],"url":"https:\/\/avrupapress.com\/main\/author\/editor\/"}]}},"_links":{"self":[{"href":"https:\/\/avrupapress.com\/main\/wp-json\/wp\/v2\/posts\/29789","targetHints":{"allow":["GET"]}}],"collection":[{"href":"https:\/\/avrupapress.com\/main\/wp-json\/wp\/v2\/posts"}],"about":[{"href":"https:\/\/avrupapress.com\/main\/wp-json\/wp\/v2\/types\/post"}],"author":[{"embeddable":true,"href":"https:\/\/avrupapress.com\/main\/wp-json\/wp\/v2\/users\/3"}],"replies":[{"embeddable":true,"href":"https:\/\/avrupapress.com\/main\/wp-json\/wp\/v2\/comments?post=29789"}],"version-history":[{"count":1,"href":"https:\/\/avrupapress.com\/main\/wp-json\/wp\/v2\/posts\/29789\/revisions"}],"predecessor-version":[{"id":29792,"href":"https:\/\/avrupapress.com\/main\/wp-json\/wp\/v2\/posts\/29789\/revisions\/29792"}],"wp:featuredmedia":[{"embeddable":true,"href":"https:\/\/avrupapress.com\/main\/wp-json\/wp\/v2\/media\/29791"}],"wp:attachment":[{"href":"https:\/\/avrupapress.com\/main\/wp-json\/wp\/v2\/media?parent=29789"}],"wp:term":[{"taxonomy":"category","embeddable":true,"href":"https:\/\/avrupapress.com\/main\/wp-json\/wp\/v2\/categories?post=29789"},{"taxonomy":"post_tag","embeddable":true,"href":"https:\/\/avrupapress.com\/main\/wp-json\/wp\/v2\/tags?post=29789"}],"curies":[{"name":"wp","href":"https:\/\/api.w.org\/{rel}","templated":true}]}}