{"id":29783,"date":"2025-06-12T18:34:21","date_gmt":"2025-06-12T18:34:21","guid":{"rendered":"https:\/\/avrupapress.com\/main\/?p=29783"},"modified":"2025-06-12T18:34:31","modified_gmt":"2025-06-12T18:34:31","slug":"afyonkarahisarin-meshur-pastirmasi-ve-sucugu-avrupa-birliginden-ab-cografi-isaret-tescili-alarak-uluslararasi-duzeyde-tanindi","status":"publish","type":"post","link":"https:\/\/avrupapress.com\/main\/2025\/06\/12\/afyonkarahisarin-meshur-pastirmasi-ve-sucugu-avrupa-birliginden-ab-cografi-isaret-tescili-alarak-uluslararasi-duzeyde-tanindi\/","title":{"rendered":"Afyonkarahisar\u2019\u0131n me\u015fhur past\u0131rmas\u0131 ve sucu\u011fu, Avrupa Birli\u011fi\u2019nden (AB) co\u011frafi i\u015faret tescili alarak uluslararas\u0131 d\u00fczeyde tan\u0131nd\u0131."},"content":{"rendered":"<h2 class=\"lead text-center text-lg-start text-dark description\">Afyonkarahisar\u2019\u0131n me\u015fhur past\u0131rmas\u0131 ve sucu\u011fu, Avrupa Birli\u011fi\u2019nden (AB) co\u011frafi i\u015faret tescili alarak uluslararas\u0131 d\u00fczeyde tan\u0131nd\u0131.<\/h2>\n<p>Uzun y\u0131llard\u0131r lezzetiyle bilinen bu iki \u00fcr\u00fcn, art\u0131k Avrupa standartlar\u0131nda da resmen tescillendi. Kentte b\u00fcy\u00fck bir memnuniyet yaratan bu geli\u015fme, \u00fcreticiler taraf\u0131ndan da sevin\u00e7le kar\u015f\u0131land\u0131.<\/p>\n<p>\u00d6zellikle son y\u0131llarda sucu\u011fun ard\u0131ndan past\u0131rmas\u0131yla da dikkat \u00e7eken Afyonkarahisar, gastronomi alan\u0131ndaki bu ba\u015far\u0131s\u0131yla ad\u0131ndan bir kez daha s\u00f6z ettirdi. Mizahi programlarda zaman zaman g\u00fcndeme gelen \u201cKayseri past\u0131rmas\u0131 m\u0131, Afyon past\u0131rmas\u0131 m\u0131?\u201d tart\u0131\u015fmalar\u0131na ise bu geli\u015fme yeni bir boyut kazand\u0131rd\u0131.<\/p>\n<p><a class=\"fancybox my-3\" title=\"\" href=\"https:\/\/odakgazetesicom.teimg.com\/odakgazetesi-com\/uploads\/2025\/06\/a-w474597-01.jpg\"><img decoding=\"async\" class=\"img-fluid\" src=\"https:\/\/odakgazetesicom.teimg.com\/odakgazetesi-com\/uploads\/2025\/06\/a-w474597-01.jpg\" \/><\/a><\/p>\n<p>&nbsp;<\/p>\n<p><strong>\u00ab\u00a0LEZZET\u0130N SIRRI DO\u011eAL BESLENME VE USTALIKTA\u00a0\u00bb<\/strong><\/p>\n<div id=\"ad_121\" data-pagespeed=\"true\" data-advert=\"temedya\" data-channel=\"121\"><\/div>\n<p>Afyonkarahisar\u2019da faaliyet g\u00f6steren Enfes Et firmas\u0131n\u0131n sat\u0131\u015f yetkililerinden Kader Bu\u011fday, past\u0131rma ve sucu\u011fun AB\u2019den tescil almas\u0131n\u0131n, hak edilen bir ba\u015far\u0131 oldu\u011funu belirterek, \u201cPast\u0131rma ve sucu\u011fun \u00fcretiminde kendi yeti\u015ftirdi\u011fimiz hayvanlar\u0131n etini kullan\u0131yoruz. En \u00f6nemli unsur, hayvanlar\u0131n do\u011fal yollarla beslenmesi. Tescil almak bizi \u00e7ok mutlu etti. En iyi et ve usta neredeyse ba\u015far\u0131 da orada olur\u201d dedi.<\/p>\n<p>Tescil s\u00fcreciyle birlikte Afyon past\u0131rmas\u0131n\u0131n uluslararas\u0131 tan\u0131n\u0131rl\u0131k kazand\u0131\u011f\u0131n\u0131 ifade eden Bu\u011fday, tart\u0131\u015fmalara da esprili bir dille yan\u0131t verdi: \u201cKayseri de bizim, Afyon da&#8230; Yani hepsi T\u00fcrkiye\u2019mizin lezzetleri.\u201d<\/p>\n<p>&nbsp;<\/p>\n<p><img loading=\"lazy\" decoding=\"async\" class=\"alignnone size-medium wp-image-29785\" src=\"https:\/\/avrupapress.com\/main\/wp-content\/uploads\/2025\/06\/ev-yapimi-sucuk-tarifi_2531360_810x458-300x170.jpg\" alt=\"\" width=\"300\" height=\"170\" srcset=\"https:\/\/avrupapress.com\/main\/wp-content\/uploads\/2025\/06\/ev-yapimi-sucuk-tarifi_2531360_810x458-300x170.jpg 300w, https:\/\/avrupapress.com\/main\/wp-content\/uploads\/2025\/06\/ev-yapimi-sucuk-tarifi_2531360_810x458-768x434.jpg 768w, https:\/\/avrupapress.com\/main\/wp-content\/uploads\/2025\/06\/ev-yapimi-sucuk-tarifi_2531360_810x458-740x420.jpg 740w, https:\/\/avrupapress.com\/main\/wp-content\/uploads\/2025\/06\/ev-yapimi-sucuk-tarifi_2531360_810x458.jpg 810w\" sizes=\"auto, (max-width: 300px) 100vw, 300px\" \/><\/p>\n<p><img loading=\"lazy\" decoding=\"async\" class=\"alignnone size-medium wp-image-29786\" src=\"https:\/\/avrupapress.com\/main\/wp-content\/uploads\/2025\/06\/OIP-300x199.jpg\" alt=\"\" width=\"300\" height=\"199\" srcset=\"https:\/\/avrupapress.com\/main\/wp-content\/uploads\/2025\/06\/OIP-300x199.jpg 300w, https:\/\/avrupapress.com\/main\/wp-content\/uploads\/2025\/06\/OIP.jpg 474w\" sizes=\"auto, (max-width: 300px) 100vw, 300px\" \/><\/p>\n<p>&nbsp;<\/p>\n<p><strong>Bilgin Ozcifci\u00a0 \u00a0 \u00a0 \u00a0\/\u00a0 \u00a0 \u00a0 \u00a0AVRUPAPRESS<\/strong><\/p>\n","protected":false},"excerpt":{"rendered":"<p>Afyonkarahisar\u2019\u0131n me\u015fhur past\u0131rmas\u0131 ve sucu\u011fu, Avrupa Birli\u011fi\u2019nden (AB) co\u011frafi i\u015faret tescili alarak uluslararas\u0131 d\u00fczeyde tan\u0131nd\u0131. Uzun y\u0131llard\u0131r lezzetiyle bilinen bu iki \u00fcr\u00fcn, art\u0131k Avrupa standartlar\u0131nda da resmen tescillendi. Kentte b\u00fcy\u00fck bir memnuniyet yaratan bu geli\u015fme, \u00fcreticiler taraf\u0131ndan da sevin\u00e7le kar\u015f\u0131land\u0131. \u00d6zellikle son y\u0131llarda sucu\u011fun ard\u0131ndan past\u0131rmas\u0131yla da dikkat \u00e7eken Afyonkarahisar, gastronomi alan\u0131ndaki bu ba\u015far\u0131s\u0131yla ad\u0131ndan [&hellip;]<\/p>\n","protected":false},"author":3,"featured_media":29784,"comment_status":"closed","ping_status":"open","sticky":false,"template":"","format":"standard","meta":{"footnotes":""},"categories":[14,16,3,17,18,15,19,2,1],"tags":[],"class_list":["post-29783","post","type-post","status-publish","format-standard","has-post-thumbnail","hentry","category-avrupa","category-belcika","category-dunya","category-ekonomi","category-kultur-sanat","category-spor","category-tanitim","category-turkiye","category-uncategorized"],"yoast_head":"<!-- This site is optimized with the Yoast SEO plugin v26.9 - https:\/\/yoast.com\/product\/yoast-seo-wordpress\/ -->\n<title>Afyonkarahisar\u2019\u0131n me\u015fhur past\u0131rmas\u0131 ve sucu\u011fu, Avrupa Birli\u011fi\u2019nden (AB) co\u011frafi i\u015faret tescili alarak uluslararas\u0131 d\u00fczeyde tan\u0131nd\u0131. - AvrupaPress<\/title>\n<meta name=\"robots\" content=\"index, follow, max-snippet:-1, max-image-preview:large, max-video-preview:-1\" \/>\n<link rel=\"canonical\" href=\"https:\/\/avrupapress.com\/main\/2025\/06\/12\/afyonkarahisarin-meshur-pastirmasi-ve-sucugu-avrupa-birliginden-ab-cografi-isaret-tescili-alarak-uluslararasi-duzeyde-tanindi\/\" \/>\n<meta property=\"og:locale\" content=\"fr_FR\" \/>\n<meta property=\"og:type\" content=\"article\" \/>\n<meta property=\"og:title\" content=\"Afyonkarahisar\u2019\u0131n me\u015fhur past\u0131rmas\u0131 ve sucu\u011fu, Avrupa Birli\u011fi\u2019nden (AB) co\u011frafi i\u015faret tescili alarak uluslararas\u0131 d\u00fczeyde tan\u0131nd\u0131. - AvrupaPress\" \/>\n<meta property=\"og:description\" content=\"Afyonkarahisar\u2019\u0131n me\u015fhur past\u0131rmas\u0131 ve sucu\u011fu, Avrupa Birli\u011fi\u2019nden (AB) co\u011frafi i\u015faret tescili alarak uluslararas\u0131 d\u00fczeyde tan\u0131nd\u0131. Uzun y\u0131llard\u0131r lezzetiyle bilinen bu iki \u00fcr\u00fcn, art\u0131k Avrupa standartlar\u0131nda da resmen tescillendi. Kentte b\u00fcy\u00fck bir memnuniyet yaratan bu geli\u015fme, \u00fcreticiler taraf\u0131ndan da sevin\u00e7le kar\u015f\u0131land\u0131. \u00d6zellikle son y\u0131llarda sucu\u011fun ard\u0131ndan past\u0131rmas\u0131yla da dikkat \u00e7eken Afyonkarahisar, gastronomi alan\u0131ndaki bu ba\u015far\u0131s\u0131yla ad\u0131ndan [&hellip;]\" \/>\n<meta property=\"og:url\" content=\"https:\/\/avrupapress.com\/main\/2025\/06\/12\/afyonkarahisarin-meshur-pastirmasi-ve-sucugu-avrupa-birliginden-ab-cografi-isaret-tescili-alarak-uluslararasi-duzeyde-tanindi\/\" \/>\n<meta property=\"og:site_name\" content=\"AvrupaPress\" \/>\n<meta property=\"article:published_time\" content=\"2025-06-12T18:34:21+00:00\" \/>\n<meta property=\"article:modified_time\" content=\"2025-06-12T18:34:31+00:00\" \/>\n<meta property=\"og:image\" content=\"https:\/\/avrupapress.com\/main\/wp-content\/uploads\/2025\/06\/a-w474597-02-e1749752858762.webp\" \/>\n\t<meta property=\"og:image:width\" content=\"2040\" \/>\n\t<meta property=\"og:image:height\" content=\"847\" \/>\n\t<meta property=\"og:image:type\" content=\"image\/webp\" \/>\n<meta name=\"author\" content=\"Edit\u00f6r\" \/>\n<meta name=\"twitter:card\" content=\"summary_large_image\" \/>\n<meta name=\"twitter:label1\" content=\"\u00c9crit par\" \/>\n\t<meta name=\"twitter:data1\" content=\"Edit\u00f6r\" \/>\n\t<meta name=\"twitter:label2\" content=\"Dur\u00e9e de lecture est.\" \/>\n\t<meta name=\"twitter:data2\" content=\"2 minutes\" \/>\n<script type=\"application\/ld+json\" class=\"yoast-schema-graph\">{\"@context\":\"https:\/\/schema.org\",\"@graph\":[{\"@type\":\"Article\",\"@id\":\"https:\/\/avrupapress.com\/main\/2025\/06\/12\/afyonkarahisarin-meshur-pastirmasi-ve-sucugu-avrupa-birliginden-ab-cografi-isaret-tescili-alarak-uluslararasi-duzeyde-tanindi\/#article\",\"isPartOf\":{\"@id\":\"https:\/\/avrupapress.com\/main\/2025\/06\/12\/afyonkarahisarin-meshur-pastirmasi-ve-sucugu-avrupa-birliginden-ab-cografi-isaret-tescili-alarak-uluslararasi-duzeyde-tanindi\/\"},\"author\":{\"name\":\"Edit\u00f6r\",\"@id\":\"https:\/\/avrupapress.com\/#\/schema\/person\/68428444ec60970d1e1b700cf4ca1e8f\"},\"headline\":\"Afyonkarahisar\u2019\u0131n me\u015fhur past\u0131rmas\u0131 ve sucu\u011fu, Avrupa Birli\u011fi\u2019nden (AB) co\u011frafi i\u015faret tescili alarak uluslararas\u0131 d\u00fczeyde tan\u0131nd\u0131.\",\"datePublished\":\"2025-06-12T18:34:21+00:00\",\"dateModified\":\"2025-06-12T18:34:31+00:00\",\"mainEntityOfPage\":{\"@id\":\"https:\/\/avrupapress.com\/main\/2025\/06\/12\/afyonkarahisarin-meshur-pastirmasi-ve-sucugu-avrupa-birliginden-ab-cografi-isaret-tescili-alarak-uluslararasi-duzeyde-tanindi\/\"},\"wordCount\":274,\"publisher\":{\"@id\":\"https:\/\/avrupapress.com\/#\/schema\/person\/0223dca19c72c43575bf30d1a2d8f4fa\"},\"image\":{\"@id\":\"https:\/\/avrupapress.com\/main\/2025\/06\/12\/afyonkarahisarin-meshur-pastirmasi-ve-sucugu-avrupa-birliginden-ab-cografi-isaret-tescili-alarak-uluslararasi-duzeyde-tanindi\/#primaryimage\"},\"thumbnailUrl\":\"https:\/\/avrupapress.com\/main\/wp-content\/uploads\/2025\/06\/a-w474597-02-e1749752858762.webp\",\"articleSection\":[\"Avrupa\",\"Bel\u00e7ika\",\"D\u00fcnya\",\"Ekonomi\",\"K\u00fclt\u00fcr-Sanat\",\"Spor\",\"Tan\u0131t\u0131m\",\"T\u00fcrkiye\",\"Uncategorized\"],\"inLanguage\":\"fr-BE\"},{\"@type\":\"WebPage\",\"@id\":\"https:\/\/avrupapress.com\/main\/2025\/06\/12\/afyonkarahisarin-meshur-pastirmasi-ve-sucugu-avrupa-birliginden-ab-cografi-isaret-tescili-alarak-uluslararasi-duzeyde-tanindi\/\",\"url\":\"https:\/\/avrupapress.com\/main\/2025\/06\/12\/afyonkarahisarin-meshur-pastirmasi-ve-sucugu-avrupa-birliginden-ab-cografi-isaret-tescili-alarak-uluslararasi-duzeyde-tanindi\/\",\"name\":\"Afyonkarahisar\u2019\u0131n me\u015fhur past\u0131rmas\u0131 ve sucu\u011fu, Avrupa Birli\u011fi\u2019nden (AB) co\u011frafi i\u015faret tescili alarak uluslararas\u0131 d\u00fczeyde tan\u0131nd\u0131. - AvrupaPress\",\"isPartOf\":{\"@id\":\"https:\/\/avrupapress.com\/#website\"},\"primaryImageOfPage\":{\"@id\":\"https:\/\/avrupapress.com\/main\/2025\/06\/12\/afyonkarahisarin-meshur-pastirmasi-ve-sucugu-avrupa-birliginden-ab-cografi-isaret-tescili-alarak-uluslararasi-duzeyde-tanindi\/#primaryimage\"},\"image\":{\"@id\":\"https:\/\/avrupapress.com\/main\/2025\/06\/12\/afyonkarahisarin-meshur-pastirmasi-ve-sucugu-avrupa-birliginden-ab-cografi-isaret-tescili-alarak-uluslararasi-duzeyde-tanindi\/#primaryimage\"},\"thumbnailUrl\":\"https:\/\/avrupapress.com\/main\/wp-content\/uploads\/2025\/06\/a-w474597-02-e1749752858762.webp\",\"datePublished\":\"2025-06-12T18:34:21+00:00\",\"dateModified\":\"2025-06-12T18:34:31+00:00\",\"breadcrumb\":{\"@id\":\"https:\/\/avrupapress.com\/main\/2025\/06\/12\/afyonkarahisarin-meshur-pastirmasi-ve-sucugu-avrupa-birliginden-ab-cografi-isaret-tescili-alarak-uluslararasi-duzeyde-tanindi\/#breadcrumb\"},\"inLanguage\":\"fr-BE\",\"potentialAction\":[{\"@type\":\"ReadAction\",\"target\":[\"https:\/\/avrupapress.com\/main\/2025\/06\/12\/afyonkarahisarin-meshur-pastirmasi-ve-sucugu-avrupa-birliginden-ab-cografi-isaret-tescili-alarak-uluslararasi-duzeyde-tanindi\/\"]}]},{\"@type\":\"ImageObject\",\"inLanguage\":\"fr-BE\",\"@id\":\"https:\/\/avrupapress.com\/main\/2025\/06\/12\/afyonkarahisarin-meshur-pastirmasi-ve-sucugu-avrupa-birliginden-ab-cografi-isaret-tescili-alarak-uluslararasi-duzeyde-tanindi\/#primaryimage\",\"url\":\"https:\/\/avrupapress.com\/main\/wp-content\/uploads\/2025\/06\/a-w474597-02-e1749752858762.webp\",\"contentUrl\":\"https:\/\/avrupapress.com\/main\/wp-content\/uploads\/2025\/06\/a-w474597-02-e1749752858762.webp\",\"width\":2040,\"height\":847},{\"@type\":\"BreadcrumbList\",\"@id\":\"https:\/\/avrupapress.com\/main\/2025\/06\/12\/afyonkarahisarin-meshur-pastirmasi-ve-sucugu-avrupa-birliginden-ab-cografi-isaret-tescili-alarak-uluslararasi-duzeyde-tanindi\/#breadcrumb\",\"itemListElement\":[{\"@type\":\"ListItem\",\"position\":1,\"name\":\"Anasayfa\",\"item\":\"https:\/\/avrupapress.com\/\"},{\"@type\":\"ListItem\",\"position\":2,\"name\":\"Afyonkarahisar\u2019\u0131n me\u015fhur past\u0131rmas\u0131 ve sucu\u011fu, Avrupa Birli\u011fi\u2019nden (AB) co\u011frafi i\u015faret tescili alarak uluslararas\u0131 d\u00fczeyde tan\u0131nd\u0131.\"}]},{\"@type\":\"WebSite\",\"@id\":\"https:\/\/avrupapress.com\/#website\",\"url\":\"https:\/\/avrupapress.com\/\",\"name\":\"AvrupaPress\",\"description\":\"Haberin Adresi\",\"publisher\":{\"@id\":\"https:\/\/avrupapress.com\/#\/schema\/person\/0223dca19c72c43575bf30d1a2d8f4fa\"},\"potentialAction\":[{\"@type\":\"SearchAction\",\"target\":{\"@type\":\"EntryPoint\",\"urlTemplate\":\"https:\/\/avrupapress.com\/?s={search_term_string}\"},\"query-input\":{\"@type\":\"PropertyValueSpecification\",\"valueRequired\":true,\"valueName\":\"search_term_string\"}}],\"inLanguage\":\"fr-BE\"},{\"@type\":[\"Person\",\"Organization\"],\"@id\":\"https:\/\/avrupapress.com\/#\/schema\/person\/0223dca19c72c43575bf30d1a2d8f4fa\",\"name\":\"Bilgin \u00d6z\u00e7ift\u00e7i\",\"image\":{\"@type\":\"ImageObject\",\"inLanguage\":\"fr-BE\",\"@id\":\"https:\/\/avrupapress.com\/#\/schema\/person\/image\/\",\"url\":\"https:\/\/secure.gravatar.com\/avatar\/0f23b280433a21e1ea7a0adcc46ed0ad16afe3ad8e630fd13d8a017dcbd54ef3?s=96&d=mm&r=g\",\"contentUrl\":\"https:\/\/secure.gravatar.com\/avatar\/0f23b280433a21e1ea7a0adcc46ed0ad16afe3ad8e630fd13d8a017dcbd54ef3?s=96&d=mm&r=g\",\"caption\":\"Bilgin \u00d6z\u00e7ift\u00e7i\"},\"logo\":{\"@id\":\"https:\/\/avrupapress.com\/#\/schema\/person\/image\/\"},\"description\":\"Ne ben, nede sen... Biz ancak \\\"biz\\\" olursak g\u00fc\u00e7l\u00fc olabiliriz\"},{\"@type\":\"Person\",\"@id\":\"https:\/\/avrupapress.com\/#\/schema\/person\/68428444ec60970d1e1b700cf4ca1e8f\",\"name\":\"Edit\u00f6r\",\"image\":{\"@type\":\"ImageObject\",\"inLanguage\":\"fr-BE\",\"@id\":\"https:\/\/avrupapress.com\/#\/schema\/person\/image\/\",\"url\":\"https:\/\/secure.gravatar.com\/avatar\/74996b0977aa5f1559ba9883776652508b229005c0d78fb2597897f0bd651c09?s=96&d=mm&r=g\",\"contentUrl\":\"https:\/\/secure.gravatar.com\/avatar\/74996b0977aa5f1559ba9883776652508b229005c0d78fb2597897f0bd651c09?s=96&d=mm&r=g\",\"caption\":\"Edit\u00f6r\"},\"sameAs\":[\"http:\/\/www.avrupapress.com\"],\"url\":\"https:\/\/avrupapress.com\/main\/author\/editor\/\"}]}<\/script>\n<!-- \/ Yoast SEO plugin. -->","yoast_head_json":{"title":"Afyonkarahisar\u2019\u0131n me\u015fhur past\u0131rmas\u0131 ve sucu\u011fu, Avrupa Birli\u011fi\u2019nden (AB) co\u011frafi i\u015faret tescili alarak uluslararas\u0131 d\u00fczeyde tan\u0131nd\u0131. - AvrupaPress","robots":{"index":"index","follow":"follow","max-snippet":"max-snippet:-1","max-image-preview":"max-image-preview:large","max-video-preview":"max-video-preview:-1"},"canonical":"https:\/\/avrupapress.com\/main\/2025\/06\/12\/afyonkarahisarin-meshur-pastirmasi-ve-sucugu-avrupa-birliginden-ab-cografi-isaret-tescili-alarak-uluslararasi-duzeyde-tanindi\/","og_locale":"fr_FR","og_type":"article","og_title":"Afyonkarahisar\u2019\u0131n me\u015fhur past\u0131rmas\u0131 ve sucu\u011fu, Avrupa Birli\u011fi\u2019nden (AB) co\u011frafi i\u015faret tescili alarak uluslararas\u0131 d\u00fczeyde tan\u0131nd\u0131. - AvrupaPress","og_description":"Afyonkarahisar\u2019\u0131n me\u015fhur past\u0131rmas\u0131 ve sucu\u011fu, Avrupa Birli\u011fi\u2019nden (AB) co\u011frafi i\u015faret tescili alarak uluslararas\u0131 d\u00fczeyde tan\u0131nd\u0131. Uzun y\u0131llard\u0131r lezzetiyle bilinen bu iki \u00fcr\u00fcn, art\u0131k Avrupa standartlar\u0131nda da resmen tescillendi. Kentte b\u00fcy\u00fck bir memnuniyet yaratan bu geli\u015fme, \u00fcreticiler taraf\u0131ndan da sevin\u00e7le kar\u015f\u0131land\u0131. \u00d6zellikle son y\u0131llarda sucu\u011fun ard\u0131ndan past\u0131rmas\u0131yla da dikkat \u00e7eken Afyonkarahisar, gastronomi alan\u0131ndaki bu ba\u015far\u0131s\u0131yla ad\u0131ndan [&hellip;]","og_url":"https:\/\/avrupapress.com\/main\/2025\/06\/12\/afyonkarahisarin-meshur-pastirmasi-ve-sucugu-avrupa-birliginden-ab-cografi-isaret-tescili-alarak-uluslararasi-duzeyde-tanindi\/","og_site_name":"AvrupaPress","article_published_time":"2025-06-12T18:34:21+00:00","article_modified_time":"2025-06-12T18:34:31+00:00","og_image":[{"width":2040,"height":847,"url":"https:\/\/avrupapress.com\/main\/wp-content\/uploads\/2025\/06\/a-w474597-02-e1749752858762.webp","type":"image\/webp"}],"author":"Edit\u00f6r","twitter_card":"summary_large_image","twitter_misc":{"\u00c9crit par":"Edit\u00f6r","Dur\u00e9e de lecture est.":"2 minutes"},"schema":{"@context":"https:\/\/schema.org","@graph":[{"@type":"Article","@id":"https:\/\/avrupapress.com\/main\/2025\/06\/12\/afyonkarahisarin-meshur-pastirmasi-ve-sucugu-avrupa-birliginden-ab-cografi-isaret-tescili-alarak-uluslararasi-duzeyde-tanindi\/#article","isPartOf":{"@id":"https:\/\/avrupapress.com\/main\/2025\/06\/12\/afyonkarahisarin-meshur-pastirmasi-ve-sucugu-avrupa-birliginden-ab-cografi-isaret-tescili-alarak-uluslararasi-duzeyde-tanindi\/"},"author":{"name":"Edit\u00f6r","@id":"https:\/\/avrupapress.com\/#\/schema\/person\/68428444ec60970d1e1b700cf4ca1e8f"},"headline":"Afyonkarahisar\u2019\u0131n me\u015fhur past\u0131rmas\u0131 ve sucu\u011fu, Avrupa Birli\u011fi\u2019nden (AB) co\u011frafi i\u015faret tescili alarak uluslararas\u0131 d\u00fczeyde tan\u0131nd\u0131.","datePublished":"2025-06-12T18:34:21+00:00","dateModified":"2025-06-12T18:34:31+00:00","mainEntityOfPage":{"@id":"https:\/\/avrupapress.com\/main\/2025\/06\/12\/afyonkarahisarin-meshur-pastirmasi-ve-sucugu-avrupa-birliginden-ab-cografi-isaret-tescili-alarak-uluslararasi-duzeyde-tanindi\/"},"wordCount":274,"publisher":{"@id":"https:\/\/avrupapress.com\/#\/schema\/person\/0223dca19c72c43575bf30d1a2d8f4fa"},"image":{"@id":"https:\/\/avrupapress.com\/main\/2025\/06\/12\/afyonkarahisarin-meshur-pastirmasi-ve-sucugu-avrupa-birliginden-ab-cografi-isaret-tescili-alarak-uluslararasi-duzeyde-tanindi\/#primaryimage"},"thumbnailUrl":"https:\/\/avrupapress.com\/main\/wp-content\/uploads\/2025\/06\/a-w474597-02-e1749752858762.webp","articleSection":["Avrupa","Bel\u00e7ika","D\u00fcnya","Ekonomi","K\u00fclt\u00fcr-Sanat","Spor","Tan\u0131t\u0131m","T\u00fcrkiye","Uncategorized"],"inLanguage":"fr-BE"},{"@type":"WebPage","@id":"https:\/\/avrupapress.com\/main\/2025\/06\/12\/afyonkarahisarin-meshur-pastirmasi-ve-sucugu-avrupa-birliginden-ab-cografi-isaret-tescili-alarak-uluslararasi-duzeyde-tanindi\/","url":"https:\/\/avrupapress.com\/main\/2025\/06\/12\/afyonkarahisarin-meshur-pastirmasi-ve-sucugu-avrupa-birliginden-ab-cografi-isaret-tescili-alarak-uluslararasi-duzeyde-tanindi\/","name":"Afyonkarahisar\u2019\u0131n me\u015fhur past\u0131rmas\u0131 ve sucu\u011fu, Avrupa Birli\u011fi\u2019nden (AB) co\u011frafi i\u015faret tescili alarak uluslararas\u0131 d\u00fczeyde tan\u0131nd\u0131. - AvrupaPress","isPartOf":{"@id":"https:\/\/avrupapress.com\/#website"},"primaryImageOfPage":{"@id":"https:\/\/avrupapress.com\/main\/2025\/06\/12\/afyonkarahisarin-meshur-pastirmasi-ve-sucugu-avrupa-birliginden-ab-cografi-isaret-tescili-alarak-uluslararasi-duzeyde-tanindi\/#primaryimage"},"image":{"@id":"https:\/\/avrupapress.com\/main\/2025\/06\/12\/afyonkarahisarin-meshur-pastirmasi-ve-sucugu-avrupa-birliginden-ab-cografi-isaret-tescili-alarak-uluslararasi-duzeyde-tanindi\/#primaryimage"},"thumbnailUrl":"https:\/\/avrupapress.com\/main\/wp-content\/uploads\/2025\/06\/a-w474597-02-e1749752858762.webp","datePublished":"2025-06-12T18:34:21+00:00","dateModified":"2025-06-12T18:34:31+00:00","breadcrumb":{"@id":"https:\/\/avrupapress.com\/main\/2025\/06\/12\/afyonkarahisarin-meshur-pastirmasi-ve-sucugu-avrupa-birliginden-ab-cografi-isaret-tescili-alarak-uluslararasi-duzeyde-tanindi\/#breadcrumb"},"inLanguage":"fr-BE","potentialAction":[{"@type":"ReadAction","target":["https:\/\/avrupapress.com\/main\/2025\/06\/12\/afyonkarahisarin-meshur-pastirmasi-ve-sucugu-avrupa-birliginden-ab-cografi-isaret-tescili-alarak-uluslararasi-duzeyde-tanindi\/"]}]},{"@type":"ImageObject","inLanguage":"fr-BE","@id":"https:\/\/avrupapress.com\/main\/2025\/06\/12\/afyonkarahisarin-meshur-pastirmasi-ve-sucugu-avrupa-birliginden-ab-cografi-isaret-tescili-alarak-uluslararasi-duzeyde-tanindi\/#primaryimage","url":"https:\/\/avrupapress.com\/main\/wp-content\/uploads\/2025\/06\/a-w474597-02-e1749752858762.webp","contentUrl":"https:\/\/avrupapress.com\/main\/wp-content\/uploads\/2025\/06\/a-w474597-02-e1749752858762.webp","width":2040,"height":847},{"@type":"BreadcrumbList","@id":"https:\/\/avrupapress.com\/main\/2025\/06\/12\/afyonkarahisarin-meshur-pastirmasi-ve-sucugu-avrupa-birliginden-ab-cografi-isaret-tescili-alarak-uluslararasi-duzeyde-tanindi\/#breadcrumb","itemListElement":[{"@type":"ListItem","position":1,"name":"Anasayfa","item":"https:\/\/avrupapress.com\/"},{"@type":"ListItem","position":2,"name":"Afyonkarahisar\u2019\u0131n me\u015fhur past\u0131rmas\u0131 ve sucu\u011fu, Avrupa Birli\u011fi\u2019nden (AB) co\u011frafi i\u015faret tescili alarak uluslararas\u0131 d\u00fczeyde tan\u0131nd\u0131."}]},{"@type":"WebSite","@id":"https:\/\/avrupapress.com\/#website","url":"https:\/\/avrupapress.com\/","name":"AvrupaPress","description":"Haberin Adresi","publisher":{"@id":"https:\/\/avrupapress.com\/#\/schema\/person\/0223dca19c72c43575bf30d1a2d8f4fa"},"potentialAction":[{"@type":"SearchAction","target":{"@type":"EntryPoint","urlTemplate":"https:\/\/avrupapress.com\/?s={search_term_string}"},"query-input":{"@type":"PropertyValueSpecification","valueRequired":true,"valueName":"search_term_string"}}],"inLanguage":"fr-BE"},{"@type":["Person","Organization"],"@id":"https:\/\/avrupapress.com\/#\/schema\/person\/0223dca19c72c43575bf30d1a2d8f4fa","name":"Bilgin \u00d6z\u00e7ift\u00e7i","image":{"@type":"ImageObject","inLanguage":"fr-BE","@id":"https:\/\/avrupapress.com\/#\/schema\/person\/image\/","url":"https:\/\/secure.gravatar.com\/avatar\/0f23b280433a21e1ea7a0adcc46ed0ad16afe3ad8e630fd13d8a017dcbd54ef3?s=96&d=mm&r=g","contentUrl":"https:\/\/secure.gravatar.com\/avatar\/0f23b280433a21e1ea7a0adcc46ed0ad16afe3ad8e630fd13d8a017dcbd54ef3?s=96&d=mm&r=g","caption":"Bilgin \u00d6z\u00e7ift\u00e7i"},"logo":{"@id":"https:\/\/avrupapress.com\/#\/schema\/person\/image\/"},"description":"Ne ben, nede sen... Biz ancak \"biz\" olursak g\u00fc\u00e7l\u00fc olabiliriz"},{"@type":"Person","@id":"https:\/\/avrupapress.com\/#\/schema\/person\/68428444ec60970d1e1b700cf4ca1e8f","name":"Edit\u00f6r","image":{"@type":"ImageObject","inLanguage":"fr-BE","@id":"https:\/\/avrupapress.com\/#\/schema\/person\/image\/","url":"https:\/\/secure.gravatar.com\/avatar\/74996b0977aa5f1559ba9883776652508b229005c0d78fb2597897f0bd651c09?s=96&d=mm&r=g","contentUrl":"https:\/\/secure.gravatar.com\/avatar\/74996b0977aa5f1559ba9883776652508b229005c0d78fb2597897f0bd651c09?s=96&d=mm&r=g","caption":"Edit\u00f6r"},"sameAs":["http:\/\/www.avrupapress.com"],"url":"https:\/\/avrupapress.com\/main\/author\/editor\/"}]}},"_links":{"self":[{"href":"https:\/\/avrupapress.com\/main\/wp-json\/wp\/v2\/posts\/29783","targetHints":{"allow":["GET"]}}],"collection":[{"href":"https:\/\/avrupapress.com\/main\/wp-json\/wp\/v2\/posts"}],"about":[{"href":"https:\/\/avrupapress.com\/main\/wp-json\/wp\/v2\/types\/post"}],"author":[{"embeddable":true,"href":"https:\/\/avrupapress.com\/main\/wp-json\/wp\/v2\/users\/3"}],"replies":[{"embeddable":true,"href":"https:\/\/avrupapress.com\/main\/wp-json\/wp\/v2\/comments?post=29783"}],"version-history":[{"count":1,"href":"https:\/\/avrupapress.com\/main\/wp-json\/wp\/v2\/posts\/29783\/revisions"}],"predecessor-version":[{"id":29787,"href":"https:\/\/avrupapress.com\/main\/wp-json\/wp\/v2\/posts\/29783\/revisions\/29787"}],"wp:featuredmedia":[{"embeddable":true,"href":"https:\/\/avrupapress.com\/main\/wp-json\/wp\/v2\/media\/29784"}],"wp:attachment":[{"href":"https:\/\/avrupapress.com\/main\/wp-json\/wp\/v2\/media?parent=29783"}],"wp:term":[{"taxonomy":"category","embeddable":true,"href":"https:\/\/avrupapress.com\/main\/wp-json\/wp\/v2\/categories?post=29783"},{"taxonomy":"post_tag","embeddable":true,"href":"https:\/\/avrupapress.com\/main\/wp-json\/wp\/v2\/tags?post=29783"}],"curies":[{"name":"wp","href":"https:\/\/api.w.org\/{rel}","templated":true}]}}