{"id":29770,"date":"2025-06-11T20:02:30","date_gmt":"2025-06-11T20:02:30","guid":{"rendered":"https:\/\/avrupapress.com\/main\/?p=29770"},"modified":"2025-06-11T20:02:38","modified_gmt":"2025-06-11T20:02:38","slug":"kurtler-ve-turkiye-ittifaki","status":"publish","type":"post","link":"https:\/\/avrupapress.com\/main\/2025\/06\/11\/kurtler-ve-turkiye-ittifaki\/","title":{"rendered":"K\u00fcrtler ve T\u00fcrkiye \u0130ttifak\u0131"},"content":{"rendered":"<p dir=\"auto\"><span data-olk-copy-source=\"MessageBody\">ba\u011f\u0131ms\u0131zl\u0131k referandumu d\u00fczenledi. Referandum \u00f6ncesi Bat\u0131l\u0131 \u00fclkelerden gelen olumlu mesajlar, K\u00fcrtler aras\u0131nda b\u00fcy\u00fck bir beklenti yaratt\u0131. Ancak oylaman\u0131n ard\u0131ndan ABD ve Avrupa \u00fclkeleri, Irak merkezi y\u00f6netimi ile T\u00fcrkiye ve \u0130ran\u2019\u0131n tepkisini dengelemek ad\u0131na K\u00fcrtleri yaln\u0131z b\u0131rakt\u0131. Bu yaln\u0131zl\u0131k, ekonomik yapt\u0131r\u0131mlar ve Kerk\u00fck\u2019\u00fcn kayb\u0131 gibi a\u011f\u0131r sonu\u00e7lara yol a\u00e7t\u0131.<\/span><\/p>\n<p>Benzer bir durum 2019\u2019da Suriye\u2019de ya\u015fand\u0131. ABD, DEA\u015e\u2019a kar\u015f\u0131 m\u00fccadelede K\u00fcrtleri en etkili kara g\u00fcc\u00fc olarak destekledi. Ancak T\u00fcrkiye\u2019nin, F\u0131rat\u2019\u0131n do\u011fusuna harek\u00e2t haz\u0131rl\u0131\u011f\u0131 yapmas\u0131yla Washington, K\u00fcrtleri birkenara b\u0131rakt\u0131 ve NATO m\u00fcttefiki T\u00fcrkiye\u2019yi tercih etti. Sahadaki i\u015f birli\u011fi de\u011feri azal\u0131nca, ABD sadece enerji \u00e7\u0131karlar\u0131n\u0131n oldu\u011fu petrol b\u00f6lgelerinde kalmay\u0131 tercih etti.<\/p>\n<p>T\u00fcm bu tarihsel \u00f6rnekler, b\u00fcy\u00fck g\u00fc\u00e7lerin K\u00fcrtlere yakla\u015f\u0131m\u0131n\u0131n \u00e7o\u011funlukla pragmatik, ge\u00e7ici ve \u00e7\u0131kar odakl\u0131 oldu\u011funu g\u00f6zler \u00f6n\u00fcne seriyor. Ne zaman jeopolitik dengeler de\u011fi\u015fse, K\u00fcrtler hep m\u00fcttefiksiz kal\u0131yor. Bu ac\u0131 tecr\u00fcbeler, K\u00fcrtler i\u00e7in \u015fu hakikati net bi\u00e7imde ortaya koyuyor; Uluslararas\u0131 m\u00fcttefiklikler kal\u0131c\u0131 de\u011fildir; \u00e7\u0131kar y\u00f6n de\u011fi\u015ftirdi\u011finde, en yak\u0131n dostlar bile sizi yar\u0131 yolda b\u0131rakabilir.<\/p>\n<p>G\u00fcn\u00fcm\u00fczde de benzer bir tabloyla kar\u015f\u0131 kar\u015f\u0131yay\u0131z. Emperyalist g\u00fc\u00e7lerin K\u00fcrtlere y\u00f6nelik politikalar\u0131 h\u00e2l\u00e2 k\u0131sa vadeli stratejik hesaplara dayan\u0131yor. B\u00f6lgesel dengeler de\u011fi\u015fti\u011finde, K\u00fcrtlerin yaln\u0131z b\u0131rak\u0131lmas\u0131 kuvvetle muhtemeldir. Bu nedenle K\u00fcrtlerin kal\u0131c\u0131 bir istikrar i\u00e7in b\u00f6lgesel i\u015f birliklerine y\u00f6nelmesi gerekir.<\/p>\n<p>Bu ba\u011flamda, K\u00fcrtler i\u00e7in en ger\u00e7ek\u00e7i ve s\u00fcrd\u00fcr\u00fclebilir stratejik ortak T\u00fcrkiye olabilir. Tarihsel, k\u00fclt\u00fcrel ve toplumsal ba\u011flara sahip bu iki taraf aras\u0131nda ger\u00e7ekle\u015ftirilecek ekonomik entegrasyon, siyasi diyalog ve g\u00fcvenlik koordinasyonu; sadece K\u00fcrtlerin haklar\u0131n\u0131 ve kimliklerini g\u00fcvence alt\u0131na almakla kalmaz, ayn\u0131 zamanda b\u00f6lgeyi d\u0131\u015f m\u00fcdahalelere kar\u015f\u0131 daha diren\u00e7li hale getirir. B\u00f6yle bir yakla\u015f\u0131m, \u00e7at\u0131\u015fma yerine i\u015f birli\u011fini esas alan yeni bir b\u00f6lgesel mimarinin kurulmas\u0131na da katk\u0131 sa\u011flayabilir.<\/p>\n<p>&nbsp;<\/p>\n<p><img loading=\"lazy\" decoding=\"async\" class=\"alignnone size-medium wp-image-29771\" src=\"https:\/\/avrupapress.com\/main\/wp-content\/uploads\/2025\/06\/thumbnail_Screenshot_20250611_215048_Samsung-Internet-295x300.jpg\" alt=\"\" width=\"295\" height=\"300\" srcset=\"https:\/\/avrupapress.com\/main\/wp-content\/uploads\/2025\/06\/thumbnail_Screenshot_20250611_215048_Samsung-Internet-295x300.jpg 295w, https:\/\/avrupapress.com\/main\/wp-content\/uploads\/2025\/06\/thumbnail_Screenshot_20250611_215048_Samsung-Internet-1007x1024.jpg 1007w, https:\/\/avrupapress.com\/main\/wp-content\/uploads\/2025\/06\/thumbnail_Screenshot_20250611_215048_Samsung-Internet-768x781.jpg 768w, https:\/\/avrupapress.com\/main\/wp-content\/uploads\/2025\/06\/thumbnail_Screenshot_20250611_215048_Samsung-Internet-1511x1536.jpg 1511w, https:\/\/avrupapress.com\/main\/wp-content\/uploads\/2025\/06\/thumbnail_Screenshot_20250611_215048_Samsung-Internet.jpg 1920w\" sizes=\"auto, (max-width: 295px) 100vw, 295px\" \/><\/p>\n<p><strong>Dr.\u00a0G\u00fcng\u00f6r G\u00f6kda\u011f\u00a0 \u00a0 \u00a0 \/\u00a0 \u00a0 \u00a0 \u00a0AVRUPAPRESS<\/strong><\/p>\n<div dir=\"auto\"><\/div>\n","protected":false},"excerpt":{"rendered":"<p>ba\u011f\u0131ms\u0131zl\u0131k referandumu d\u00fczenledi. Referandum \u00f6ncesi Bat\u0131l\u0131 \u00fclkelerden gelen olumlu mesajlar, K\u00fcrtler aras\u0131nda b\u00fcy\u00fck bir beklenti yaratt\u0131. Ancak oylaman\u0131n ard\u0131ndan ABD ve Avrupa \u00fclkeleri, Irak merkezi y\u00f6netimi ile T\u00fcrkiye ve \u0130ran\u2019\u0131n tepkisini dengelemek ad\u0131na K\u00fcrtleri yaln\u0131z b\u0131rakt\u0131. Bu yaln\u0131zl\u0131k, ekonomik yapt\u0131r\u0131mlar ve Kerk\u00fck\u2019\u00fcn kayb\u0131 gibi a\u011f\u0131r sonu\u00e7lara yol a\u00e7t\u0131. Benzer bir durum 2019\u2019da Suriye\u2019de ya\u015fand\u0131. ABD, [&hellip;]<\/p>\n","protected":false},"author":3,"featured_media":29772,"comment_status":"closed","ping_status":"open","sticky":false,"template":"","format":"standard","meta":{"footnotes":""},"categories":[14,16,3,17,18,15,19,2,1],"tags":[],"class_list":["post-29770","post","type-post","status-publish","format-standard","has-post-thumbnail","hentry","category-avrupa","category-belcika","category-dunya","category-ekonomi","category-kultur-sanat","category-spor","category-tanitim","category-turkiye","category-uncategorized"],"yoast_head":"<!-- This site is optimized with the Yoast SEO plugin v26.9 - https:\/\/yoast.com\/product\/yoast-seo-wordpress\/ -->\n<title>K\u00fcrtler ve T\u00fcrkiye \u0130ttifak\u0131 - AvrupaPress<\/title>\n<meta name=\"robots\" content=\"index, follow, max-snippet:-1, max-image-preview:large, max-video-preview:-1\" \/>\n<link rel=\"canonical\" href=\"https:\/\/avrupapress.com\/main\/2025\/06\/11\/kurtler-ve-turkiye-ittifaki\/\" \/>\n<meta property=\"og:locale\" content=\"fr_FR\" \/>\n<meta property=\"og:type\" content=\"article\" \/>\n<meta property=\"og:title\" content=\"K\u00fcrtler ve T\u00fcrkiye \u0130ttifak\u0131 - AvrupaPress\" \/>\n<meta property=\"og:description\" content=\"ba\u011f\u0131ms\u0131zl\u0131k referandumu d\u00fczenledi. Referandum \u00f6ncesi Bat\u0131l\u0131 \u00fclkelerden gelen olumlu mesajlar, K\u00fcrtler aras\u0131nda b\u00fcy\u00fck bir beklenti yaratt\u0131. Ancak oylaman\u0131n ard\u0131ndan ABD ve Avrupa \u00fclkeleri, Irak merkezi y\u00f6netimi ile T\u00fcrkiye ve \u0130ran\u2019\u0131n tepkisini dengelemek ad\u0131na K\u00fcrtleri yaln\u0131z b\u0131rakt\u0131. Bu yaln\u0131zl\u0131k, ekonomik yapt\u0131r\u0131mlar ve Kerk\u00fck\u2019\u00fcn kayb\u0131 gibi a\u011f\u0131r sonu\u00e7lara yol a\u00e7t\u0131. Benzer bir durum 2019\u2019da Suriye\u2019de ya\u015fand\u0131. ABD, [&hellip;]\" \/>\n<meta property=\"og:url\" content=\"https:\/\/avrupapress.com\/main\/2025\/06\/11\/kurtler-ve-turkiye-ittifaki\/\" \/>\n<meta property=\"og:site_name\" content=\"AvrupaPress\" \/>\n<meta property=\"article:published_time\" content=\"2025-06-11T20:02:30+00:00\" \/>\n<meta property=\"article:modified_time\" content=\"2025-06-11T20:02:38+00:00\" \/>\n<meta property=\"og:image\" content=\"https:\/\/avrupapress.com\/main\/wp-content\/uploads\/2025\/06\/thumbnail_Screenshot_20250611_215048_Samsung-Internet-1.jpg\" \/>\n\t<meta property=\"og:image:width\" content=\"1920\" \/>\n\t<meta property=\"og:image:height\" content=\"1952\" \/>\n\t<meta property=\"og:image:type\" content=\"image\/jpeg\" \/>\n<meta name=\"author\" content=\"Edit\u00f6r\" \/>\n<meta name=\"twitter:card\" content=\"summary_large_image\" \/>\n<meta name=\"twitter:label1\" content=\"\u00c9crit par\" \/>\n\t<meta name=\"twitter:data1\" content=\"Edit\u00f6r\" \/>\n\t<meta name=\"twitter:label2\" content=\"Dur\u00e9e de lecture est.\" \/>\n\t<meta name=\"twitter:data2\" content=\"2 minutes\" \/>\n<script type=\"application\/ld+json\" class=\"yoast-schema-graph\">{\"@context\":\"https:\/\/schema.org\",\"@graph\":[{\"@type\":\"Article\",\"@id\":\"https:\/\/avrupapress.com\/main\/2025\/06\/11\/kurtler-ve-turkiye-ittifaki\/#article\",\"isPartOf\":{\"@id\":\"https:\/\/avrupapress.com\/main\/2025\/06\/11\/kurtler-ve-turkiye-ittifaki\/\"},\"author\":{\"name\":\"Edit\u00f6r\",\"@id\":\"https:\/\/avrupapress.com\/#\/schema\/person\/68428444ec60970d1e1b700cf4ca1e8f\"},\"headline\":\"K\u00fcrtler ve T\u00fcrkiye \u0130ttifak\u0131\",\"datePublished\":\"2025-06-11T20:02:30+00:00\",\"dateModified\":\"2025-06-11T20:02:38+00:00\",\"mainEntityOfPage\":{\"@id\":\"https:\/\/avrupapress.com\/main\/2025\/06\/11\/kurtler-ve-turkiye-ittifaki\/\"},\"wordCount\":406,\"publisher\":{\"@id\":\"https:\/\/avrupapress.com\/#\/schema\/person\/0223dca19c72c43575bf30d1a2d8f4fa\"},\"image\":{\"@id\":\"https:\/\/avrupapress.com\/main\/2025\/06\/11\/kurtler-ve-turkiye-ittifaki\/#primaryimage\"},\"thumbnailUrl\":\"https:\/\/avrupapress.com\/main\/wp-content\/uploads\/2025\/06\/thumbnail_Screenshot_20250611_215048_Samsung-Internet-1.jpg\",\"articleSection\":[\"Avrupa\",\"Bel\u00e7ika\",\"D\u00fcnya\",\"Ekonomi\",\"K\u00fclt\u00fcr-Sanat\",\"Spor\",\"Tan\u0131t\u0131m\",\"T\u00fcrkiye\",\"Uncategorized\"],\"inLanguage\":\"fr-BE\"},{\"@type\":\"WebPage\",\"@id\":\"https:\/\/avrupapress.com\/main\/2025\/06\/11\/kurtler-ve-turkiye-ittifaki\/\",\"url\":\"https:\/\/avrupapress.com\/main\/2025\/06\/11\/kurtler-ve-turkiye-ittifaki\/\",\"name\":\"K\u00fcrtler ve T\u00fcrkiye \u0130ttifak\u0131 - AvrupaPress\",\"isPartOf\":{\"@id\":\"https:\/\/avrupapress.com\/#website\"},\"primaryImageOfPage\":{\"@id\":\"https:\/\/avrupapress.com\/main\/2025\/06\/11\/kurtler-ve-turkiye-ittifaki\/#primaryimage\"},\"image\":{\"@id\":\"https:\/\/avrupapress.com\/main\/2025\/06\/11\/kurtler-ve-turkiye-ittifaki\/#primaryimage\"},\"thumbnailUrl\":\"https:\/\/avrupapress.com\/main\/wp-content\/uploads\/2025\/06\/thumbnail_Screenshot_20250611_215048_Samsung-Internet-1.jpg\",\"datePublished\":\"2025-06-11T20:02:30+00:00\",\"dateModified\":\"2025-06-11T20:02:38+00:00\",\"breadcrumb\":{\"@id\":\"https:\/\/avrupapress.com\/main\/2025\/06\/11\/kurtler-ve-turkiye-ittifaki\/#breadcrumb\"},\"inLanguage\":\"fr-BE\",\"potentialAction\":[{\"@type\":\"ReadAction\",\"target\":[\"https:\/\/avrupapress.com\/main\/2025\/06\/11\/kurtler-ve-turkiye-ittifaki\/\"]}]},{\"@type\":\"ImageObject\",\"inLanguage\":\"fr-BE\",\"@id\":\"https:\/\/avrupapress.com\/main\/2025\/06\/11\/kurtler-ve-turkiye-ittifaki\/#primaryimage\",\"url\":\"https:\/\/avrupapress.com\/main\/wp-content\/uploads\/2025\/06\/thumbnail_Screenshot_20250611_215048_Samsung-Internet-1.jpg\",\"contentUrl\":\"https:\/\/avrupapress.com\/main\/wp-content\/uploads\/2025\/06\/thumbnail_Screenshot_20250611_215048_Samsung-Internet-1.jpg\",\"width\":1920,\"height\":1952},{\"@type\":\"BreadcrumbList\",\"@id\":\"https:\/\/avrupapress.com\/main\/2025\/06\/11\/kurtler-ve-turkiye-ittifaki\/#breadcrumb\",\"itemListElement\":[{\"@type\":\"ListItem\",\"position\":1,\"name\":\"Anasayfa\",\"item\":\"https:\/\/avrupapress.com\/\"},{\"@type\":\"ListItem\",\"position\":2,\"name\":\"K\u00fcrtler ve T\u00fcrkiye \u0130ttifak\u0131\"}]},{\"@type\":\"WebSite\",\"@id\":\"https:\/\/avrupapress.com\/#website\",\"url\":\"https:\/\/avrupapress.com\/\",\"name\":\"AvrupaPress\",\"description\":\"Haberin Adresi\",\"publisher\":{\"@id\":\"https:\/\/avrupapress.com\/#\/schema\/person\/0223dca19c72c43575bf30d1a2d8f4fa\"},\"potentialAction\":[{\"@type\":\"SearchAction\",\"target\":{\"@type\":\"EntryPoint\",\"urlTemplate\":\"https:\/\/avrupapress.com\/?s={search_term_string}\"},\"query-input\":{\"@type\":\"PropertyValueSpecification\",\"valueRequired\":true,\"valueName\":\"search_term_string\"}}],\"inLanguage\":\"fr-BE\"},{\"@type\":[\"Person\",\"Organization\"],\"@id\":\"https:\/\/avrupapress.com\/#\/schema\/person\/0223dca19c72c43575bf30d1a2d8f4fa\",\"name\":\"Bilgin \u00d6z\u00e7ift\u00e7i\",\"image\":{\"@type\":\"ImageObject\",\"inLanguage\":\"fr-BE\",\"@id\":\"https:\/\/avrupapress.com\/#\/schema\/person\/image\/\",\"url\":\"https:\/\/secure.gravatar.com\/avatar\/0f23b280433a21e1ea7a0adcc46ed0ad16afe3ad8e630fd13d8a017dcbd54ef3?s=96&d=mm&r=g\",\"contentUrl\":\"https:\/\/secure.gravatar.com\/avatar\/0f23b280433a21e1ea7a0adcc46ed0ad16afe3ad8e630fd13d8a017dcbd54ef3?s=96&d=mm&r=g\",\"caption\":\"Bilgin \u00d6z\u00e7ift\u00e7i\"},\"logo\":{\"@id\":\"https:\/\/avrupapress.com\/#\/schema\/person\/image\/\"},\"description\":\"Ne ben, nede sen... Biz ancak \\\"biz\\\" olursak g\u00fc\u00e7l\u00fc olabiliriz\"},{\"@type\":\"Person\",\"@id\":\"https:\/\/avrupapress.com\/#\/schema\/person\/68428444ec60970d1e1b700cf4ca1e8f\",\"name\":\"Edit\u00f6r\",\"image\":{\"@type\":\"ImageObject\",\"inLanguage\":\"fr-BE\",\"@id\":\"https:\/\/avrupapress.com\/#\/schema\/person\/image\/\",\"url\":\"https:\/\/secure.gravatar.com\/avatar\/74996b0977aa5f1559ba9883776652508b229005c0d78fb2597897f0bd651c09?s=96&d=mm&r=g\",\"contentUrl\":\"https:\/\/secure.gravatar.com\/avatar\/74996b0977aa5f1559ba9883776652508b229005c0d78fb2597897f0bd651c09?s=96&d=mm&r=g\",\"caption\":\"Edit\u00f6r\"},\"sameAs\":[\"http:\/\/www.avrupapress.com\"],\"url\":\"https:\/\/avrupapress.com\/main\/author\/editor\/\"}]}<\/script>\n<!-- \/ Yoast SEO plugin. -->","yoast_head_json":{"title":"K\u00fcrtler ve T\u00fcrkiye \u0130ttifak\u0131 - AvrupaPress","robots":{"index":"index","follow":"follow","max-snippet":"max-snippet:-1","max-image-preview":"max-image-preview:large","max-video-preview":"max-video-preview:-1"},"canonical":"https:\/\/avrupapress.com\/main\/2025\/06\/11\/kurtler-ve-turkiye-ittifaki\/","og_locale":"fr_FR","og_type":"article","og_title":"K\u00fcrtler ve T\u00fcrkiye \u0130ttifak\u0131 - AvrupaPress","og_description":"ba\u011f\u0131ms\u0131zl\u0131k referandumu d\u00fczenledi. Referandum \u00f6ncesi Bat\u0131l\u0131 \u00fclkelerden gelen olumlu mesajlar, K\u00fcrtler aras\u0131nda b\u00fcy\u00fck bir beklenti yaratt\u0131. Ancak oylaman\u0131n ard\u0131ndan ABD ve Avrupa \u00fclkeleri, Irak merkezi y\u00f6netimi ile T\u00fcrkiye ve \u0130ran\u2019\u0131n tepkisini dengelemek ad\u0131na K\u00fcrtleri yaln\u0131z b\u0131rakt\u0131. Bu yaln\u0131zl\u0131k, ekonomik yapt\u0131r\u0131mlar ve Kerk\u00fck\u2019\u00fcn kayb\u0131 gibi a\u011f\u0131r sonu\u00e7lara yol a\u00e7t\u0131. Benzer bir durum 2019\u2019da Suriye\u2019de ya\u015fand\u0131. ABD, [&hellip;]","og_url":"https:\/\/avrupapress.com\/main\/2025\/06\/11\/kurtler-ve-turkiye-ittifaki\/","og_site_name":"AvrupaPress","article_published_time":"2025-06-11T20:02:30+00:00","article_modified_time":"2025-06-11T20:02:38+00:00","og_image":[{"width":1920,"height":1952,"url":"https:\/\/avrupapress.com\/main\/wp-content\/uploads\/2025\/06\/thumbnail_Screenshot_20250611_215048_Samsung-Internet-1.jpg","type":"image\/jpeg"}],"author":"Edit\u00f6r","twitter_card":"summary_large_image","twitter_misc":{"\u00c9crit par":"Edit\u00f6r","Dur\u00e9e de lecture est.":"2 minutes"},"schema":{"@context":"https:\/\/schema.org","@graph":[{"@type":"Article","@id":"https:\/\/avrupapress.com\/main\/2025\/06\/11\/kurtler-ve-turkiye-ittifaki\/#article","isPartOf":{"@id":"https:\/\/avrupapress.com\/main\/2025\/06\/11\/kurtler-ve-turkiye-ittifaki\/"},"author":{"name":"Edit\u00f6r","@id":"https:\/\/avrupapress.com\/#\/schema\/person\/68428444ec60970d1e1b700cf4ca1e8f"},"headline":"K\u00fcrtler ve T\u00fcrkiye \u0130ttifak\u0131","datePublished":"2025-06-11T20:02:30+00:00","dateModified":"2025-06-11T20:02:38+00:00","mainEntityOfPage":{"@id":"https:\/\/avrupapress.com\/main\/2025\/06\/11\/kurtler-ve-turkiye-ittifaki\/"},"wordCount":406,"publisher":{"@id":"https:\/\/avrupapress.com\/#\/schema\/person\/0223dca19c72c43575bf30d1a2d8f4fa"},"image":{"@id":"https:\/\/avrupapress.com\/main\/2025\/06\/11\/kurtler-ve-turkiye-ittifaki\/#primaryimage"},"thumbnailUrl":"https:\/\/avrupapress.com\/main\/wp-content\/uploads\/2025\/06\/thumbnail_Screenshot_20250611_215048_Samsung-Internet-1.jpg","articleSection":["Avrupa","Bel\u00e7ika","D\u00fcnya","Ekonomi","K\u00fclt\u00fcr-Sanat","Spor","Tan\u0131t\u0131m","T\u00fcrkiye","Uncategorized"],"inLanguage":"fr-BE"},{"@type":"WebPage","@id":"https:\/\/avrupapress.com\/main\/2025\/06\/11\/kurtler-ve-turkiye-ittifaki\/","url":"https:\/\/avrupapress.com\/main\/2025\/06\/11\/kurtler-ve-turkiye-ittifaki\/","name":"K\u00fcrtler ve T\u00fcrkiye \u0130ttifak\u0131 - AvrupaPress","isPartOf":{"@id":"https:\/\/avrupapress.com\/#website"},"primaryImageOfPage":{"@id":"https:\/\/avrupapress.com\/main\/2025\/06\/11\/kurtler-ve-turkiye-ittifaki\/#primaryimage"},"image":{"@id":"https:\/\/avrupapress.com\/main\/2025\/06\/11\/kurtler-ve-turkiye-ittifaki\/#primaryimage"},"thumbnailUrl":"https:\/\/avrupapress.com\/main\/wp-content\/uploads\/2025\/06\/thumbnail_Screenshot_20250611_215048_Samsung-Internet-1.jpg","datePublished":"2025-06-11T20:02:30+00:00","dateModified":"2025-06-11T20:02:38+00:00","breadcrumb":{"@id":"https:\/\/avrupapress.com\/main\/2025\/06\/11\/kurtler-ve-turkiye-ittifaki\/#breadcrumb"},"inLanguage":"fr-BE","potentialAction":[{"@type":"ReadAction","target":["https:\/\/avrupapress.com\/main\/2025\/06\/11\/kurtler-ve-turkiye-ittifaki\/"]}]},{"@type":"ImageObject","inLanguage":"fr-BE","@id":"https:\/\/avrupapress.com\/main\/2025\/06\/11\/kurtler-ve-turkiye-ittifaki\/#primaryimage","url":"https:\/\/avrupapress.com\/main\/wp-content\/uploads\/2025\/06\/thumbnail_Screenshot_20250611_215048_Samsung-Internet-1.jpg","contentUrl":"https:\/\/avrupapress.com\/main\/wp-content\/uploads\/2025\/06\/thumbnail_Screenshot_20250611_215048_Samsung-Internet-1.jpg","width":1920,"height":1952},{"@type":"BreadcrumbList","@id":"https:\/\/avrupapress.com\/main\/2025\/06\/11\/kurtler-ve-turkiye-ittifaki\/#breadcrumb","itemListElement":[{"@type":"ListItem","position":1,"name":"Anasayfa","item":"https:\/\/avrupapress.com\/"},{"@type":"ListItem","position":2,"name":"K\u00fcrtler ve T\u00fcrkiye \u0130ttifak\u0131"}]},{"@type":"WebSite","@id":"https:\/\/avrupapress.com\/#website","url":"https:\/\/avrupapress.com\/","name":"AvrupaPress","description":"Haberin Adresi","publisher":{"@id":"https:\/\/avrupapress.com\/#\/schema\/person\/0223dca19c72c43575bf30d1a2d8f4fa"},"potentialAction":[{"@type":"SearchAction","target":{"@type":"EntryPoint","urlTemplate":"https:\/\/avrupapress.com\/?s={search_term_string}"},"query-input":{"@type":"PropertyValueSpecification","valueRequired":true,"valueName":"search_term_string"}}],"inLanguage":"fr-BE"},{"@type":["Person","Organization"],"@id":"https:\/\/avrupapress.com\/#\/schema\/person\/0223dca19c72c43575bf30d1a2d8f4fa","name":"Bilgin \u00d6z\u00e7ift\u00e7i","image":{"@type":"ImageObject","inLanguage":"fr-BE","@id":"https:\/\/avrupapress.com\/#\/schema\/person\/image\/","url":"https:\/\/secure.gravatar.com\/avatar\/0f23b280433a21e1ea7a0adcc46ed0ad16afe3ad8e630fd13d8a017dcbd54ef3?s=96&d=mm&r=g","contentUrl":"https:\/\/secure.gravatar.com\/avatar\/0f23b280433a21e1ea7a0adcc46ed0ad16afe3ad8e630fd13d8a017dcbd54ef3?s=96&d=mm&r=g","caption":"Bilgin \u00d6z\u00e7ift\u00e7i"},"logo":{"@id":"https:\/\/avrupapress.com\/#\/schema\/person\/image\/"},"description":"Ne ben, nede sen... Biz ancak \"biz\" olursak g\u00fc\u00e7l\u00fc olabiliriz"},{"@type":"Person","@id":"https:\/\/avrupapress.com\/#\/schema\/person\/68428444ec60970d1e1b700cf4ca1e8f","name":"Edit\u00f6r","image":{"@type":"ImageObject","inLanguage":"fr-BE","@id":"https:\/\/avrupapress.com\/#\/schema\/person\/image\/","url":"https:\/\/secure.gravatar.com\/avatar\/74996b0977aa5f1559ba9883776652508b229005c0d78fb2597897f0bd651c09?s=96&d=mm&r=g","contentUrl":"https:\/\/secure.gravatar.com\/avatar\/74996b0977aa5f1559ba9883776652508b229005c0d78fb2597897f0bd651c09?s=96&d=mm&r=g","caption":"Edit\u00f6r"},"sameAs":["http:\/\/www.avrupapress.com"],"url":"https:\/\/avrupapress.com\/main\/author\/editor\/"}]}},"_links":{"self":[{"href":"https:\/\/avrupapress.com\/main\/wp-json\/wp\/v2\/posts\/29770","targetHints":{"allow":["GET"]}}],"collection":[{"href":"https:\/\/avrupapress.com\/main\/wp-json\/wp\/v2\/posts"}],"about":[{"href":"https:\/\/avrupapress.com\/main\/wp-json\/wp\/v2\/types\/post"}],"author":[{"embeddable":true,"href":"https:\/\/avrupapress.com\/main\/wp-json\/wp\/v2\/users\/3"}],"replies":[{"embeddable":true,"href":"https:\/\/avrupapress.com\/main\/wp-json\/wp\/v2\/comments?post=29770"}],"version-history":[{"count":1,"href":"https:\/\/avrupapress.com\/main\/wp-json\/wp\/v2\/posts\/29770\/revisions"}],"predecessor-version":[{"id":29773,"href":"https:\/\/avrupapress.com\/main\/wp-json\/wp\/v2\/posts\/29770\/revisions\/29773"}],"wp:featuredmedia":[{"embeddable":true,"href":"https:\/\/avrupapress.com\/main\/wp-json\/wp\/v2\/media\/29772"}],"wp:attachment":[{"href":"https:\/\/avrupapress.com\/main\/wp-json\/wp\/v2\/media?parent=29770"}],"wp:term":[{"taxonomy":"category","embeddable":true,"href":"https:\/\/avrupapress.com\/main\/wp-json\/wp\/v2\/categories?post=29770"},{"taxonomy":"post_tag","embeddable":true,"href":"https:\/\/avrupapress.com\/main\/wp-json\/wp\/v2\/tags?post=29770"}],"curies":[{"name":"wp","href":"https:\/\/api.w.org\/{rel}","templated":true}]}}