{"id":29766,"date":"2025-06-09T20:15:22","date_gmt":"2025-06-09T20:15:22","guid":{"rendered":"https:\/\/avrupapress.com\/main\/?p=29766"},"modified":"2025-06-09T20:15:30","modified_gmt":"2025-06-09T20:15:30","slug":"2025-bayramlarinda-eksildik","status":"publish","type":"post","link":"https:\/\/avrupapress.com\/main\/2025\/06\/09\/2025-bayramlarinda-eksildik\/","title":{"rendered":"2025 Bayramlar\u0131nda Eksildik"},"content":{"rendered":"<div dir=\"auto\" data-olk-copy-source=\"MessageBody\">Hi\u00e7bir \u015fey eksik gibi de\u011fil asl\u0131nda.<\/div>\n<div dir=\"auto\">Ama hi\u00e7bir \u015fey de eskisi gibi de\u011fil&#8230;<\/div>\n<div dir=\"auto\">Hele bayramlar\u2026 Hi\u00e7 de\u011fil.<\/div>\n<div dir=\"auto\"><\/div>\n<div dir=\"auto\">Ramazan Bayram\u0131\u2019nda Volkan Konak\u2019\u0131 u\u011furlad\u0131k.<\/div>\n<div dir=\"auto\">\u015eark\u0131lar\u0131yla b\u00fcy\u00fcd\u00fc\u011f\u00fcm\u00fcz, duygular\u0131m\u0131z\u0131 dile getiren o y\u00fcrek adam\u0131\u2026<\/div>\n<div dir=\"auto\">Kurban Bayram\u0131\u2019nda ise Manisa&rsquo;n\u0131n k\u0131ymetlisi,<\/div>\n<div dir=\"auto\">Ferdi Zeyrek\u2019i kaybettik.<\/div>\n<div dir=\"auto\"><\/div>\n<div dir=\"auto\">O sadece bir belediye ba\u015fkan\u0131 de\u011fildi.<\/div>\n<div dir=\"auto\">Ferdi Ba\u015fkan; bir \u00e7ocu\u011fun \u201cpark isterim\u201d demesiyle park yapan,<\/div>\n<div dir=\"auto\">Bir ba\u015fka \u00e7ocu\u011fun \u201cbayramda ilk ziyaret bize gelsin\u201d ricas\u0131n\u0131 geri \u00e7evirmeyen,<\/div>\n<div dir=\"auto\">G\u00f6n\u00fcllere dokunan, dokundu\u011fu kalpleri unutmayan bir adamd\u0131.<\/div>\n<div dir=\"auto\">Manisa\u2019n\u0131n belediye ba\u015fkan\u0131yd\u0131 ama hepimizin kalbinde \u201cFerdi abi\u201d, \u201cFerdi amca\u201d, \u201cFerdi karde\u015f\u201dti.<\/div>\n<div dir=\"auto\"><\/div>\n<div dir=\"auto\">Bir \u00e7ocuk park istedi diye o park yap\u0131ld\u0131.<\/div>\n<div dir=\"auto\">Bir \u00e7ocuk \u201cBayramda bize gelir misin?\u201d dedi diye o kap\u0131ya gidildi.<\/div>\n<div dir=\"auto\">\u0130\u015fte o y\u00fczden sadece Manisa de\u011fil bug\u00fcn;<\/div>\n<div dir=\"auto\">T\u00fcrkiye a\u011fl\u0131yor.<\/div>\n<div dir=\"auto\">Manisa&rsquo;n\u0131n sokaklar\u0131nda ad\u0131n\u0131n f\u0131s\u0131ldand\u0131\u011f\u0131 her k\u00f6\u015fe,<\/div>\n<div dir=\"auto\">Art\u0131k sessiz bir \u00f6zlemle an\u0131l\u0131yor.<\/div>\n<div dir=\"auto\">\u00c7\u00fcnk\u00fc o sadece Manisa\u2019n\u0131n de\u011fil, T\u00fcrkiye\u2019nin kalbine girmi\u015fti.<\/div>\n<div dir=\"auto\">Ve bug\u00fcn, bir siyaset\u00e7inin ard\u0131ndan belki de ilk kez,<\/div>\n<div dir=\"auto\">T\u00fcm \u00fclke tek bir y\u00fcrek gibi suskun, tek bir ac\u0131 gibi derin&#8230;<\/div>\n<div dir=\"auto\"><\/div>\n<div dir=\"auto\">Kolay de\u011fildir bir siyaset\u00e7inin ard\u0131ndan bir \u00fclkenin yas tutmas\u0131.<\/div>\n<div dir=\"auto\">Ama Ferdi Ba\u015fkan bunu ba\u015fard\u0131.<\/div>\n<div dir=\"auto\">\u00c7\u00fcnk\u00fc o koltukla de\u011fil, kalbiyle y\u00f6netti.<\/div>\n<div dir=\"auto\">Yapt\u0131klar\u0131yla de\u011fil, hissettirdikleriyle yer etti bizde.<\/div>\n<div dir=\"auto\"><\/div>\n<div dir=\"auto\">Ve \u015fimdi, bir siyaset\u00e7inin ard\u0131ndan ilk defa bu kadar sessiziz.<\/div>\n<div dir=\"auto\">Bir \u015fehir de\u011fil, bir millet sustu bug\u00fcn.<\/div>\n<div dir=\"auto\">Bir \u015fehri y\u00f6netmek kolayd\u0131r belki,<\/div>\n<div dir=\"auto\">Ama bir halk\u0131n kalbini kazanmak\u2026<\/div>\n<div dir=\"auto\">\u0130\u015fte o, sadece b\u00fcy\u00fck insanlar\u0131ndand\u0131r.<\/div>\n<div dir=\"auto\">Ferdi Zeyrek o b\u00fcy\u00fcklerdendi.<\/div>\n<div dir=\"auto\">Makamla b\u00fcy\u00fcmeyen, makam\u0131 insanl\u0131\u011f\u0131yla b\u00fcy\u00fcten biriydi.<\/div>\n<div dir=\"auto\"><\/div>\n<div dir=\"auto\">Hep mi iyileri kaybedece\u011fiz?<\/div>\n<div dir=\"auto\">Bu d\u00fcnya galiba k\u00f6t\u00fclere kal\u0131yor\u2026<\/div>\n<div dir=\"auto\">\u0130yiler yava\u015f yava\u015f \u00e7ekiliyor aram\u0131zdan.<\/div>\n<div dir=\"auto\">G\u00f6nl\u00fc g\u00fczel insanlara doyamadan<\/div>\n<div dir=\"auto\">Birer birer u\u011furluyoruz en k\u0131ymetlilerimizi.<\/div>\n<div dir=\"auto\">Kalbimizde b\u00fcy\u00fcyen bu bo\u015flu\u011fu<\/div>\n<div dir=\"auto\">Hi\u00e7bir bayram, hi\u00e7bir sevin\u00e7 dolduram\u0131yor art\u0131k.<\/div>\n<div dir=\"auto\"><\/div>\n<div dir=\"auto\">2025\u2019e girerken dile\u011fimiz netti:<\/div>\n<div dir=\"auto\">\u201cEksilmedi\u011fimiz bir y\u0131l olsun.\u201d<\/div>\n<div dir=\"auto\">Ama olmad\u0131.<\/div>\n<div dir=\"auto\">Yine eksildik.<\/div>\n<div dir=\"auto\">Hem de en derin yerimizden\u2026<\/div>\n<div dir=\"auto\"><\/div>\n<div dir=\"auto\"><\/div>\n<div dir=\"auto\"><strong>Halime \u00d6nen\u00a0 \u00a0\/\u00a0 \u00a0 \u00a0AVRUPAPRESS<\/strong><\/div>\n","protected":false},"excerpt":{"rendered":"<p>Hi\u00e7bir \u015fey eksik gibi de\u011fil asl\u0131nda. Ama hi\u00e7bir \u015fey de eskisi gibi de\u011fil&#8230; Hele bayramlar\u2026 Hi\u00e7 de\u011fil. Ramazan Bayram\u0131\u2019nda Volkan Konak\u2019\u0131 u\u011furlad\u0131k. \u015eark\u0131lar\u0131yla b\u00fcy\u00fcd\u00fc\u011f\u00fcm\u00fcz, duygular\u0131m\u0131z\u0131 dile getiren o y\u00fcrek adam\u0131\u2026 Kurban Bayram\u0131\u2019nda ise Manisa&rsquo;n\u0131n k\u0131ymetlisi, Ferdi Zeyrek\u2019i kaybettik. O sadece bir belediye ba\u015fkan\u0131 de\u011fildi. Ferdi Ba\u015fkan; bir \u00e7ocu\u011fun \u201cpark isterim\u201d demesiyle park yapan, Bir ba\u015fka [&hellip;]<\/p>\n","protected":false},"author":3,"featured_media":29767,"comment_status":"closed","ping_status":"open","sticky":false,"template":"","format":"standard","meta":{"footnotes":""},"categories":[14,16,3,17,18,15,19,2],"tags":[],"class_list":["post-29766","post","type-post","status-publish","format-standard","has-post-thumbnail","hentry","category-avrupa","category-belcika","category-dunya","category-ekonomi","category-kultur-sanat","category-spor","category-tanitim","category-turkiye"],"yoast_head":"<!-- This site is optimized with the Yoast SEO plugin v26.9 - https:\/\/yoast.com\/product\/yoast-seo-wordpress\/ -->\n<title>2025 Bayramlar\u0131nda Eksildik - AvrupaPress<\/title>\n<meta name=\"robots\" content=\"index, follow, max-snippet:-1, max-image-preview:large, max-video-preview:-1\" \/>\n<link rel=\"canonical\" href=\"https:\/\/avrupapress.com\/main\/2025\/06\/09\/2025-bayramlarinda-eksildik\/\" \/>\n<meta property=\"og:locale\" content=\"fr_FR\" \/>\n<meta property=\"og:type\" content=\"article\" \/>\n<meta property=\"og:title\" content=\"2025 Bayramlar\u0131nda Eksildik - AvrupaPress\" \/>\n<meta property=\"og:description\" content=\"Hi\u00e7bir \u015fey eksik gibi de\u011fil asl\u0131nda. Ama hi\u00e7bir \u015fey de eskisi gibi de\u011fil&#8230; Hele bayramlar\u2026 Hi\u00e7 de\u011fil. Ramazan Bayram\u0131\u2019nda Volkan Konak\u2019\u0131 u\u011furlad\u0131k. \u015eark\u0131lar\u0131yla b\u00fcy\u00fcd\u00fc\u011f\u00fcm\u00fcz, duygular\u0131m\u0131z\u0131 dile getiren o y\u00fcrek adam\u0131\u2026 Kurban Bayram\u0131\u2019nda ise Manisa&rsquo;n\u0131n k\u0131ymetlisi, Ferdi Zeyrek\u2019i kaybettik. O sadece bir belediye ba\u015fkan\u0131 de\u011fildi. Ferdi Ba\u015fkan; bir \u00e7ocu\u011fun \u201cpark isterim\u201d demesiyle park yapan, Bir ba\u015fka [&hellip;]\" \/>\n<meta property=\"og:url\" content=\"https:\/\/avrupapress.com\/main\/2025\/06\/09\/2025-bayramlarinda-eksildik\/\" \/>\n<meta property=\"og:site_name\" content=\"AvrupaPress\" \/>\n<meta property=\"article:published_time\" content=\"2025-06-09T20:15:22+00:00\" \/>\n<meta property=\"article:modified_time\" content=\"2025-06-09T20:15:30+00:00\" \/>\n<meta property=\"og:image\" content=\"https:\/\/avrupapress.com\/main\/wp-content\/uploads\/2025\/06\/IMG-20250609-WA0037.jpg\" \/>\n\t<meta property=\"og:image:width\" content=\"968\" \/>\n\t<meta property=\"og:image:height\" content=\"968\" \/>\n\t<meta property=\"og:image:type\" content=\"image\/jpeg\" \/>\n<meta name=\"author\" content=\"Edit\u00f6r\" \/>\n<meta name=\"twitter:card\" content=\"summary_large_image\" \/>\n<meta name=\"twitter:label1\" content=\"\u00c9crit par\" \/>\n\t<meta name=\"twitter:data1\" content=\"Edit\u00f6r\" \/>\n\t<meta name=\"twitter:label2\" content=\"Dur\u00e9e de lecture est.\" \/>\n\t<meta name=\"twitter:data2\" content=\"2 minutes\" \/>\n<script type=\"application\/ld+json\" class=\"yoast-schema-graph\">{\"@context\":\"https:\/\/schema.org\",\"@graph\":[{\"@type\":\"Article\",\"@id\":\"https:\/\/avrupapress.com\/main\/2025\/06\/09\/2025-bayramlarinda-eksildik\/#article\",\"isPartOf\":{\"@id\":\"https:\/\/avrupapress.com\/main\/2025\/06\/09\/2025-bayramlarinda-eksildik\/\"},\"author\":{\"name\":\"Edit\u00f6r\",\"@id\":\"https:\/\/avrupapress.com\/#\/schema\/person\/68428444ec60970d1e1b700cf4ca1e8f\"},\"headline\":\"2025 Bayramlar\u0131nda Eksildik\",\"datePublished\":\"2025-06-09T20:15:22+00:00\",\"dateModified\":\"2025-06-09T20:15:30+00:00\",\"mainEntityOfPage\":{\"@id\":\"https:\/\/avrupapress.com\/main\/2025\/06\/09\/2025-bayramlarinda-eksildik\/\"},\"wordCount\":390,\"publisher\":{\"@id\":\"https:\/\/avrupapress.com\/#\/schema\/person\/0223dca19c72c43575bf30d1a2d8f4fa\"},\"image\":{\"@id\":\"https:\/\/avrupapress.com\/main\/2025\/06\/09\/2025-bayramlarinda-eksildik\/#primaryimage\"},\"thumbnailUrl\":\"https:\/\/avrupapress.com\/main\/wp-content\/uploads\/2025\/06\/IMG-20250609-WA0037.jpg\",\"articleSection\":[\"Avrupa\",\"Bel\u00e7ika\",\"D\u00fcnya\",\"Ekonomi\",\"K\u00fclt\u00fcr-Sanat\",\"Spor\",\"Tan\u0131t\u0131m\",\"T\u00fcrkiye\"],\"inLanguage\":\"fr-BE\"},{\"@type\":\"WebPage\",\"@id\":\"https:\/\/avrupapress.com\/main\/2025\/06\/09\/2025-bayramlarinda-eksildik\/\",\"url\":\"https:\/\/avrupapress.com\/main\/2025\/06\/09\/2025-bayramlarinda-eksildik\/\",\"name\":\"2025 Bayramlar\u0131nda Eksildik - AvrupaPress\",\"isPartOf\":{\"@id\":\"https:\/\/avrupapress.com\/#website\"},\"primaryImageOfPage\":{\"@id\":\"https:\/\/avrupapress.com\/main\/2025\/06\/09\/2025-bayramlarinda-eksildik\/#primaryimage\"},\"image\":{\"@id\":\"https:\/\/avrupapress.com\/main\/2025\/06\/09\/2025-bayramlarinda-eksildik\/#primaryimage\"},\"thumbnailUrl\":\"https:\/\/avrupapress.com\/main\/wp-content\/uploads\/2025\/06\/IMG-20250609-WA0037.jpg\",\"datePublished\":\"2025-06-09T20:15:22+00:00\",\"dateModified\":\"2025-06-09T20:15:30+00:00\",\"breadcrumb\":{\"@id\":\"https:\/\/avrupapress.com\/main\/2025\/06\/09\/2025-bayramlarinda-eksildik\/#breadcrumb\"},\"inLanguage\":\"fr-BE\",\"potentialAction\":[{\"@type\":\"ReadAction\",\"target\":[\"https:\/\/avrupapress.com\/main\/2025\/06\/09\/2025-bayramlarinda-eksildik\/\"]}]},{\"@type\":\"ImageObject\",\"inLanguage\":\"fr-BE\",\"@id\":\"https:\/\/avrupapress.com\/main\/2025\/06\/09\/2025-bayramlarinda-eksildik\/#primaryimage\",\"url\":\"https:\/\/avrupapress.com\/main\/wp-content\/uploads\/2025\/06\/IMG-20250609-WA0037.jpg\",\"contentUrl\":\"https:\/\/avrupapress.com\/main\/wp-content\/uploads\/2025\/06\/IMG-20250609-WA0037.jpg\",\"width\":968,\"height\":968},{\"@type\":\"BreadcrumbList\",\"@id\":\"https:\/\/avrupapress.com\/main\/2025\/06\/09\/2025-bayramlarinda-eksildik\/#breadcrumb\",\"itemListElement\":[{\"@type\":\"ListItem\",\"position\":1,\"name\":\"Anasayfa\",\"item\":\"https:\/\/avrupapress.com\/\"},{\"@type\":\"ListItem\",\"position\":2,\"name\":\"2025 Bayramlar\u0131nda Eksildik\"}]},{\"@type\":\"WebSite\",\"@id\":\"https:\/\/avrupapress.com\/#website\",\"url\":\"https:\/\/avrupapress.com\/\",\"name\":\"AvrupaPress\",\"description\":\"Haberin Adresi\",\"publisher\":{\"@id\":\"https:\/\/avrupapress.com\/#\/schema\/person\/0223dca19c72c43575bf30d1a2d8f4fa\"},\"potentialAction\":[{\"@type\":\"SearchAction\",\"target\":{\"@type\":\"EntryPoint\",\"urlTemplate\":\"https:\/\/avrupapress.com\/?s={search_term_string}\"},\"query-input\":{\"@type\":\"PropertyValueSpecification\",\"valueRequired\":true,\"valueName\":\"search_term_string\"}}],\"inLanguage\":\"fr-BE\"},{\"@type\":[\"Person\",\"Organization\"],\"@id\":\"https:\/\/avrupapress.com\/#\/schema\/person\/0223dca19c72c43575bf30d1a2d8f4fa\",\"name\":\"Bilgin \u00d6z\u00e7ift\u00e7i\",\"image\":{\"@type\":\"ImageObject\",\"inLanguage\":\"fr-BE\",\"@id\":\"https:\/\/avrupapress.com\/#\/schema\/person\/image\/\",\"url\":\"https:\/\/secure.gravatar.com\/avatar\/0f23b280433a21e1ea7a0adcc46ed0ad16afe3ad8e630fd13d8a017dcbd54ef3?s=96&d=mm&r=g\",\"contentUrl\":\"https:\/\/secure.gravatar.com\/avatar\/0f23b280433a21e1ea7a0adcc46ed0ad16afe3ad8e630fd13d8a017dcbd54ef3?s=96&d=mm&r=g\",\"caption\":\"Bilgin \u00d6z\u00e7ift\u00e7i\"},\"logo\":{\"@id\":\"https:\/\/avrupapress.com\/#\/schema\/person\/image\/\"},\"description\":\"Ne ben, nede sen... Biz ancak \\\"biz\\\" olursak g\u00fc\u00e7l\u00fc olabiliriz\"},{\"@type\":\"Person\",\"@id\":\"https:\/\/avrupapress.com\/#\/schema\/person\/68428444ec60970d1e1b700cf4ca1e8f\",\"name\":\"Edit\u00f6r\",\"image\":{\"@type\":\"ImageObject\",\"inLanguage\":\"fr-BE\",\"@id\":\"https:\/\/avrupapress.com\/#\/schema\/person\/image\/\",\"url\":\"https:\/\/secure.gravatar.com\/avatar\/74996b0977aa5f1559ba9883776652508b229005c0d78fb2597897f0bd651c09?s=96&d=mm&r=g\",\"contentUrl\":\"https:\/\/secure.gravatar.com\/avatar\/74996b0977aa5f1559ba9883776652508b229005c0d78fb2597897f0bd651c09?s=96&d=mm&r=g\",\"caption\":\"Edit\u00f6r\"},\"sameAs\":[\"http:\/\/www.avrupapress.com\"],\"url\":\"https:\/\/avrupapress.com\/main\/author\/editor\/\"}]}<\/script>\n<!-- \/ Yoast SEO plugin. -->","yoast_head_json":{"title":"2025 Bayramlar\u0131nda Eksildik - AvrupaPress","robots":{"index":"index","follow":"follow","max-snippet":"max-snippet:-1","max-image-preview":"max-image-preview:large","max-video-preview":"max-video-preview:-1"},"canonical":"https:\/\/avrupapress.com\/main\/2025\/06\/09\/2025-bayramlarinda-eksildik\/","og_locale":"fr_FR","og_type":"article","og_title":"2025 Bayramlar\u0131nda Eksildik - AvrupaPress","og_description":"Hi\u00e7bir \u015fey eksik gibi de\u011fil asl\u0131nda. Ama hi\u00e7bir \u015fey de eskisi gibi de\u011fil&#8230; Hele bayramlar\u2026 Hi\u00e7 de\u011fil. Ramazan Bayram\u0131\u2019nda Volkan Konak\u2019\u0131 u\u011furlad\u0131k. \u015eark\u0131lar\u0131yla b\u00fcy\u00fcd\u00fc\u011f\u00fcm\u00fcz, duygular\u0131m\u0131z\u0131 dile getiren o y\u00fcrek adam\u0131\u2026 Kurban Bayram\u0131\u2019nda ise Manisa&rsquo;n\u0131n k\u0131ymetlisi, Ferdi Zeyrek\u2019i kaybettik. O sadece bir belediye ba\u015fkan\u0131 de\u011fildi. Ferdi Ba\u015fkan; bir \u00e7ocu\u011fun \u201cpark isterim\u201d demesiyle park yapan, Bir ba\u015fka [&hellip;]","og_url":"https:\/\/avrupapress.com\/main\/2025\/06\/09\/2025-bayramlarinda-eksildik\/","og_site_name":"AvrupaPress","article_published_time":"2025-06-09T20:15:22+00:00","article_modified_time":"2025-06-09T20:15:30+00:00","og_image":[{"width":968,"height":968,"url":"https:\/\/avrupapress.com\/main\/wp-content\/uploads\/2025\/06\/IMG-20250609-WA0037.jpg","type":"image\/jpeg"}],"author":"Edit\u00f6r","twitter_card":"summary_large_image","twitter_misc":{"\u00c9crit par":"Edit\u00f6r","Dur\u00e9e de lecture est.":"2 minutes"},"schema":{"@context":"https:\/\/schema.org","@graph":[{"@type":"Article","@id":"https:\/\/avrupapress.com\/main\/2025\/06\/09\/2025-bayramlarinda-eksildik\/#article","isPartOf":{"@id":"https:\/\/avrupapress.com\/main\/2025\/06\/09\/2025-bayramlarinda-eksildik\/"},"author":{"name":"Edit\u00f6r","@id":"https:\/\/avrupapress.com\/#\/schema\/person\/68428444ec60970d1e1b700cf4ca1e8f"},"headline":"2025 Bayramlar\u0131nda Eksildik","datePublished":"2025-06-09T20:15:22+00:00","dateModified":"2025-06-09T20:15:30+00:00","mainEntityOfPage":{"@id":"https:\/\/avrupapress.com\/main\/2025\/06\/09\/2025-bayramlarinda-eksildik\/"},"wordCount":390,"publisher":{"@id":"https:\/\/avrupapress.com\/#\/schema\/person\/0223dca19c72c43575bf30d1a2d8f4fa"},"image":{"@id":"https:\/\/avrupapress.com\/main\/2025\/06\/09\/2025-bayramlarinda-eksildik\/#primaryimage"},"thumbnailUrl":"https:\/\/avrupapress.com\/main\/wp-content\/uploads\/2025\/06\/IMG-20250609-WA0037.jpg","articleSection":["Avrupa","Bel\u00e7ika","D\u00fcnya","Ekonomi","K\u00fclt\u00fcr-Sanat","Spor","Tan\u0131t\u0131m","T\u00fcrkiye"],"inLanguage":"fr-BE"},{"@type":"WebPage","@id":"https:\/\/avrupapress.com\/main\/2025\/06\/09\/2025-bayramlarinda-eksildik\/","url":"https:\/\/avrupapress.com\/main\/2025\/06\/09\/2025-bayramlarinda-eksildik\/","name":"2025 Bayramlar\u0131nda Eksildik - AvrupaPress","isPartOf":{"@id":"https:\/\/avrupapress.com\/#website"},"primaryImageOfPage":{"@id":"https:\/\/avrupapress.com\/main\/2025\/06\/09\/2025-bayramlarinda-eksildik\/#primaryimage"},"image":{"@id":"https:\/\/avrupapress.com\/main\/2025\/06\/09\/2025-bayramlarinda-eksildik\/#primaryimage"},"thumbnailUrl":"https:\/\/avrupapress.com\/main\/wp-content\/uploads\/2025\/06\/IMG-20250609-WA0037.jpg","datePublished":"2025-06-09T20:15:22+00:00","dateModified":"2025-06-09T20:15:30+00:00","breadcrumb":{"@id":"https:\/\/avrupapress.com\/main\/2025\/06\/09\/2025-bayramlarinda-eksildik\/#breadcrumb"},"inLanguage":"fr-BE","potentialAction":[{"@type":"ReadAction","target":["https:\/\/avrupapress.com\/main\/2025\/06\/09\/2025-bayramlarinda-eksildik\/"]}]},{"@type":"ImageObject","inLanguage":"fr-BE","@id":"https:\/\/avrupapress.com\/main\/2025\/06\/09\/2025-bayramlarinda-eksildik\/#primaryimage","url":"https:\/\/avrupapress.com\/main\/wp-content\/uploads\/2025\/06\/IMG-20250609-WA0037.jpg","contentUrl":"https:\/\/avrupapress.com\/main\/wp-content\/uploads\/2025\/06\/IMG-20250609-WA0037.jpg","width":968,"height":968},{"@type":"BreadcrumbList","@id":"https:\/\/avrupapress.com\/main\/2025\/06\/09\/2025-bayramlarinda-eksildik\/#breadcrumb","itemListElement":[{"@type":"ListItem","position":1,"name":"Anasayfa","item":"https:\/\/avrupapress.com\/"},{"@type":"ListItem","position":2,"name":"2025 Bayramlar\u0131nda Eksildik"}]},{"@type":"WebSite","@id":"https:\/\/avrupapress.com\/#website","url":"https:\/\/avrupapress.com\/","name":"AvrupaPress","description":"Haberin Adresi","publisher":{"@id":"https:\/\/avrupapress.com\/#\/schema\/person\/0223dca19c72c43575bf30d1a2d8f4fa"},"potentialAction":[{"@type":"SearchAction","target":{"@type":"EntryPoint","urlTemplate":"https:\/\/avrupapress.com\/?s={search_term_string}"},"query-input":{"@type":"PropertyValueSpecification","valueRequired":true,"valueName":"search_term_string"}}],"inLanguage":"fr-BE"},{"@type":["Person","Organization"],"@id":"https:\/\/avrupapress.com\/#\/schema\/person\/0223dca19c72c43575bf30d1a2d8f4fa","name":"Bilgin \u00d6z\u00e7ift\u00e7i","image":{"@type":"ImageObject","inLanguage":"fr-BE","@id":"https:\/\/avrupapress.com\/#\/schema\/person\/image\/","url":"https:\/\/secure.gravatar.com\/avatar\/0f23b280433a21e1ea7a0adcc46ed0ad16afe3ad8e630fd13d8a017dcbd54ef3?s=96&d=mm&r=g","contentUrl":"https:\/\/secure.gravatar.com\/avatar\/0f23b280433a21e1ea7a0adcc46ed0ad16afe3ad8e630fd13d8a017dcbd54ef3?s=96&d=mm&r=g","caption":"Bilgin \u00d6z\u00e7ift\u00e7i"},"logo":{"@id":"https:\/\/avrupapress.com\/#\/schema\/person\/image\/"},"description":"Ne ben, nede sen... Biz ancak \"biz\" olursak g\u00fc\u00e7l\u00fc olabiliriz"},{"@type":"Person","@id":"https:\/\/avrupapress.com\/#\/schema\/person\/68428444ec60970d1e1b700cf4ca1e8f","name":"Edit\u00f6r","image":{"@type":"ImageObject","inLanguage":"fr-BE","@id":"https:\/\/avrupapress.com\/#\/schema\/person\/image\/","url":"https:\/\/secure.gravatar.com\/avatar\/74996b0977aa5f1559ba9883776652508b229005c0d78fb2597897f0bd651c09?s=96&d=mm&r=g","contentUrl":"https:\/\/secure.gravatar.com\/avatar\/74996b0977aa5f1559ba9883776652508b229005c0d78fb2597897f0bd651c09?s=96&d=mm&r=g","caption":"Edit\u00f6r"},"sameAs":["http:\/\/www.avrupapress.com"],"url":"https:\/\/avrupapress.com\/main\/author\/editor\/"}]}},"_links":{"self":[{"href":"https:\/\/avrupapress.com\/main\/wp-json\/wp\/v2\/posts\/29766","targetHints":{"allow":["GET"]}}],"collection":[{"href":"https:\/\/avrupapress.com\/main\/wp-json\/wp\/v2\/posts"}],"about":[{"href":"https:\/\/avrupapress.com\/main\/wp-json\/wp\/v2\/types\/post"}],"author":[{"embeddable":true,"href":"https:\/\/avrupapress.com\/main\/wp-json\/wp\/v2\/users\/3"}],"replies":[{"embeddable":true,"href":"https:\/\/avrupapress.com\/main\/wp-json\/wp\/v2\/comments?post=29766"}],"version-history":[{"count":1,"href":"https:\/\/avrupapress.com\/main\/wp-json\/wp\/v2\/posts\/29766\/revisions"}],"predecessor-version":[{"id":29768,"href":"https:\/\/avrupapress.com\/main\/wp-json\/wp\/v2\/posts\/29766\/revisions\/29768"}],"wp:featuredmedia":[{"embeddable":true,"href":"https:\/\/avrupapress.com\/main\/wp-json\/wp\/v2\/media\/29767"}],"wp:attachment":[{"href":"https:\/\/avrupapress.com\/main\/wp-json\/wp\/v2\/media?parent=29766"}],"wp:term":[{"taxonomy":"category","embeddable":true,"href":"https:\/\/avrupapress.com\/main\/wp-json\/wp\/v2\/categories?post=29766"},{"taxonomy":"post_tag","embeddable":true,"href":"https:\/\/avrupapress.com\/main\/wp-json\/wp\/v2\/tags?post=29766"}],"curies":[{"name":"wp","href":"https:\/\/api.w.org\/{rel}","templated":true}]}}