{"id":29699,"date":"2025-06-04T20:15:47","date_gmt":"2025-06-04T20:15:47","guid":{"rendered":"https:\/\/avrupapress.com\/main\/?p=29699"},"modified":"2025-06-04T20:15:52","modified_gmt":"2025-06-04T20:15:52","slug":"soylemde-demokrasi-pratikte-tek-adam-rejimi-pkk","status":"publish","type":"post","link":"https:\/\/avrupapress.com\/main\/2025\/06\/04\/soylemde-demokrasi-pratikte-tek-adam-rejimi-pkk\/","title":{"rendered":"S\u00f6ylemde Demokrasi, Pratikte Tek Adam Rejimi: PKK"},"content":{"rendered":"<p>PKK&rsquo;n\u0131n tarihsel geli\u015fim \u00e7izgisi incelendi\u011finde, \u00f6rg\u00fct\u00fcn <strong>s\u00f6ylemleriyle eylemleri<\/strong> aras\u0131nda ciddi bir tutars\u0131zl\u0131k oldu\u011fu hemen fark edilir. 1978&rsquo;de<strong> silahl\u0131 devrimci m\u00fccadele<\/strong> anlay\u0131\u015f\u0131yla yola \u00e7\u0131kan \u00f6rg\u00fct, kurulu\u015f d\u00f6neminde <strong>demokrasiyi<\/strong> esas alm\u0131yordu. O d\u00f6nem i\u00e7in temel hedef, <strong>devletle hesapla\u015fma<\/strong>da silahl\u0131 m\u00fccadeleyi benimsemekti.<\/p>\n<p>&nbsp;<\/p>\n<p>Ancak 1999&rsquo;da Abdullah \u00d6calan&rsquo;\u0131n yakalanmas\u0131yla birlikte PKK&rsquo;n\u0131n <strong>s\u00f6ylemi<\/strong> de radikal bi\u00e7imde de\u011fi\u015fti. Silahl\u0131 m\u00fccadele vurgusu geri plana \u00e7ekildi,<strong> \u00a0\u00bbDemokratik Cumhuriyet\u00a0\u00bb<\/strong> gibi kavramlar vitrine ta\u015f\u0131nd\u0131. Bu d\u00f6n\u00fc\u015f\u00fcm, 2005&rsquo;ten sonra \u00d6calan&rsquo;\u0131n,<strong> \u201cDemokratik Konfederalizm\u201d<\/strong> modeliyle daha da sistematik bir hal ald\u0131. Bu tarihten sonra art\u0131k, <strong>Kat\u0131l\u0131mc\u0131 Demokrasi, Demokratik \u00d6zy\u00f6netim, Demokratik \u00d6zerklik ve Demokratik Federalizm<\/strong> gibi ifadeler s\u0131k\u00e7a dile getirilmeye ba\u015fland\u0131.<\/p>\n<p>&nbsp;<\/p>\n<p>Lakin mesele \u015fu ki; bu kavramlar \u00f6rg\u00fct\u00fcn kendi <strong>i\u00e7 yap\u0131s\u0131yla taban tabana z\u0131t.<\/strong> PKK&rsquo;n\u0131n \u00f6rg\u00fct yap\u0131s\u0131yla hi\u00e7bir \u015fekilde <strong>\u00f6rt\u00fc\u015fm\u00fcyor. S\u00f6zde<\/strong> demokrasi savunuluyor,<strong> \u00f6zde<\/strong> ise silah, hala birincil ara\u00e7 olarak elde tutuluyor. \u00d6rg\u00fct,<strong> \u00a0\u00bbDemokrasi\u00a0\u00bb<\/strong> kelimesini neredeyse her c\u00fcmlenin <strong>\u00f6n\u00fcne arkas\u0131na<\/strong> yerle\u015ftiriyor, fakat bu s\u00f6ylemle kendi <strong>\u00a0\u00bbantidemokratik\u00a0\u00bb<\/strong> yap\u0131s\u0131n\u0131 kamufle etmeye \u00e7al\u0131\u015f\u0131yor.<\/p>\n<p>&nbsp;<\/p>\n<p>Oysa PKK&rsquo;n\u0131n yap\u0131s\u0131na biraz daha yak\u0131ndan bak\u0131ld\u0131\u011f\u0131nda tablo \u00e7ok net g\u00f6r\u00fcl\u00fcr. <strong>\u00a0\u00bbDemokrasi&rsquo;<\/strong>&lsquo; s\u00f6ylemi ile<strong> \u00a0\u00bbdemokratik pratik\u00a0\u00bb<\/strong> aras\u0131ndaki<strong> u\u00e7urum<\/strong> gizlenemeyecek kadar a\u00e7\u0131kt\u0131r. \u00d6rg\u00fct i\u00e7inde hakim olan, <strong>\u00a0\u00bbAbdullah \u00d6calan merkezli bir liderlik k\u00fclt\u00fcd\u00fcr.\u00a0\u00bb<\/strong> Militanlar\u0131n ideolojik <strong>e\u011fitimi,<\/strong> sadece <strong>\u00d6calan\u2019\u0131n kitaplar\u0131<\/strong> ve <strong>\u00e7\u00f6z\u00fcmlemeleri<\/strong>yle \u015fekillenir. Ele\u015ftirel d\u00fc\u015f\u00fcnce geli\u015ftirmek ya da alternatif kaynaklara y\u00f6nelmek <strong>disiplin su\u00e7u<\/strong> say\u0131l\u0131r. Sorgulayanlar,<strong> \u201chainlik\u201d<\/strong> ya da <strong>\u201cajanl\u0131k\u201d<\/strong> yaftas\u0131yla kar\u015f\u0131l\u0131k bulur.<\/p>\n<p>&nbsp;<\/p>\n<p>PKK&rsquo;n\u0131n \u00fcst kadrolar\u0131; <strong>Ba\u015fkanl\u0131k Konseyi, Y\u00fcr\u00fctme Konseyi ve Merkez Komitesi<\/strong> gibi en \u00fcst karar organlar\u0131 dahi <strong>\u00d6calan\u2019\u0131n talimatlar\u0131<\/strong> kar\u015f\u0131s\u0131nda mutlak bir <strong>sessizli\u011fe<\/strong> b\u00fcr\u00fcn\u00fcyor. \u00d6rg\u00fct\u00fcn<\/p>\n<p>sadece ilk iki kongresine kat\u0131lm\u0131\u015f olan \u00d6calan, di\u011fer t\u00fcm kongrelerin y\u00f6n\u00fcn\u00fc <strong>uzaktan y\u00f6nlendirmelerle belirlemi\u015f.<\/strong> Bu s\u00fcre\u00e7lerde, <strong>liderlik sorgulamas\u0131, alternatif adaylar<\/strong> ya da demokratik bir s<strong>e\u00e7im asla s\u00f6z konusu dahi olmam\u0131\u015f.<\/strong> Bu tablo, PKK\u2019n\u0131n \u00f6z\u00fcnde <strong>lider merkezli<\/strong> ve <strong>dogmatik<\/strong> bir \u00f6rg\u00fct oldu\u011funu ortaya koyuyor.<\/p>\n<p>&nbsp;<\/p>\n<p>\u00d6rg\u00fct\u00fcn<strong> mali yap\u0131s\u0131<\/strong> da bu \u00e7eli\u015fkinin bir ba\u015fka boyutunu olu\u015fturmakta. <strong>Milyonlarca dolara<\/strong> ula\u015fan gelirine ra\u011fmen, \u00f6rg\u00fct\u00fcn bug\u00fcne kadar <strong>hi\u00e7bir kongresinde mali rapor sunulmu\u015f de\u011fil.<\/strong> Hesap verme gibi bir gelenek hi\u00e7 olu\u015fmam\u0131\u015f. Bir muhasebe sistemi yok, gelir-gider dengesi belirsiz kalm\u0131\u015f. Halbuki en k\u00fc\u00e7\u00fck bir esnaf\u0131n bile defteri, muhasebecisi bulunurken, bu \u00e7apta bir \u00f6rg\u00fct\u00fcn b\u00f6ylesi bir <strong>denetimsizlikle<\/strong> \u00e7al\u0131\u015fmas\u0131, demokrasi s\u00f6yleminin ne kadar i\u00e7i bo\u015f oldu\u011funu g\u00f6zler \u00f6n\u00fcne seriyor.<\/p>\n<p>&nbsp;<\/p>\n<p>KCK Y\u00fcr\u00fctme Konseyi E\u015f Ba\u015fkan\u0131 <strong>Bese Hozat\u2019<\/strong>\u0131n; <strong>\u201cSava\u015f\u00e7\u0131lar\u0131n elinden silah\u0131 ancak \u00d6nder APO al\u0131r\u201d<\/strong> \u015feklindeki a\u00e7\u0131klamas\u0131 da esas\u0131nda bu <strong>ger\u00e7e\u011fi teyit<\/strong> ediyor. S\u00f6z konusu yap\u0131 i\u00e7inde \u00d6calan d\u0131\u015f\u0131nda karar al\u0131c\u0131 bir sahibi olmad\u0131\u011f\u0131, \u00a0\u00bbBa\u015fkanl\u0131k Konseyi\u00a0\u00bb dahil t\u00fcm di\u011fer kurullar\u0131n <strong>\u015feklen var<\/strong> oldu\u011fu,<strong> i\u015flevsiz ve sembolik<\/strong> olduklar\u0131 bariz bir \u015fekilde ortadad\u0131r.<\/p>\n<p>&nbsp;<\/p>\n<p>PKK ve uzant\u0131lar\u0131n\u0131n demokrasiye dair s\u00f6ylemleri baz\u0131 \u00e7evreler i\u00e7in dikkat \u00e7ekici olabilir. Ancak demokrasi, yaln\u0131zca <strong>retorikten ibaret de\u011fildir. PKK<\/strong>\u2019y\u0131 bir <strong>siyasi parti gibi<\/strong> g\u00f6rmek isteyenlerin, bu <strong>yap\u0131sal ger\u00e7ekli\u011fi<\/strong> de g\u00f6zard\u0131 etmemeleri gerekir. Demokrasi; sloganlarla de\u011fil,<strong> ele\u015ftiriye a\u00e7\u0131kl\u0131k, hesap verebilirlik<\/strong> ve <strong>kurumsal i\u015fleyi\u015f<\/strong> gibi ilkelerle var olabilir. PKK ise <strong>bu ilkelerin hi\u00e7birinin<\/strong> <strong>yan\u0131ndan bile ge\u00e7miyor<\/strong>. Demokrasi kavram\u0131n\u0131 sadece<strong> ideolojik bir maske<\/strong> olarak kullan\u0131yor ve bu s\u00f6ylemlerin ard\u0131nda<strong> otoriter bir yap\u0131y\u0131 gizlemeye<\/strong> \u00e7al\u0131\u015f\u0131yor.<\/p>\n<p>&nbsp;<\/p>\n<p><img loading=\"lazy\" decoding=\"async\" class=\"alignnone size-medium wp-image-29700\" src=\"https:\/\/avrupapress.com\/main\/wp-content\/uploads\/2025\/06\/thumbnail_IMG-20250422-WA0045-768x766-1-300x300.jpg\" alt=\"\" width=\"300\" height=\"300\" srcset=\"https:\/\/avrupapress.com\/main\/wp-content\/uploads\/2025\/06\/thumbnail_IMG-20250422-WA0045-768x766-1-300x300.jpg 300w, https:\/\/avrupapress.com\/main\/wp-content\/uploads\/2025\/06\/thumbnail_IMG-20250422-WA0045-768x766-1-150x150.jpg 150w, https:\/\/avrupapress.com\/main\/wp-content\/uploads\/2025\/06\/thumbnail_IMG-20250422-WA0045-768x766-1.jpg 768w\" sizes=\"auto, (max-width: 300px) 100vw, 300px\" \/><\/p>\n<p><strong>Dr. G\u00fcng\u00f6r G\u00f6kda\u011f\u00a0 \u00a0 \u00a0 \u00a0 \/\u00a0 \u00a0 \u00a0 \u00a0 AVRUPAPRESS<\/strong><\/p>\n","protected":false},"excerpt":{"rendered":"<p>PKK&rsquo;n\u0131n tarihsel geli\u015fim \u00e7izgisi incelendi\u011finde, \u00f6rg\u00fct\u00fcn s\u00f6ylemleriyle eylemleri aras\u0131nda ciddi bir tutars\u0131zl\u0131k oldu\u011fu hemen fark edilir. 1978&rsquo;de silahl\u0131 devrimci m\u00fccadele anlay\u0131\u015f\u0131yla yola \u00e7\u0131kan \u00f6rg\u00fct, kurulu\u015f d\u00f6neminde demokrasiyi esas alm\u0131yordu. O d\u00f6nem i\u00e7in temel hedef, devletle hesapla\u015fmada silahl\u0131 m\u00fccadeleyi benimsemekti. &nbsp; Ancak 1999&rsquo;da Abdullah \u00d6calan&rsquo;\u0131n yakalanmas\u0131yla birlikte PKK&rsquo;n\u0131n s\u00f6ylemi de radikal bi\u00e7imde de\u011fi\u015fti. Silahl\u0131 m\u00fccadele vurgusu [&hellip;]<\/p>\n","protected":false},"author":3,"featured_media":29700,"comment_status":"closed","ping_status":"open","sticky":false,"template":"","format":"standard","meta":{"footnotes":""},"categories":[14,16,3,17,18,15,19,2,1],"tags":[],"class_list":["post-29699","post","type-post","status-publish","format-standard","has-post-thumbnail","hentry","category-avrupa","category-belcika","category-dunya","category-ekonomi","category-kultur-sanat","category-spor","category-tanitim","category-turkiye","category-uncategorized"],"yoast_head":"<!-- This site is optimized with the Yoast SEO plugin v26.9 - https:\/\/yoast.com\/product\/yoast-seo-wordpress\/ -->\n<title>S\u00f6ylemde Demokrasi, Pratikte Tek Adam Rejimi: PKK - AvrupaPress<\/title>\n<meta name=\"robots\" content=\"index, follow, max-snippet:-1, max-image-preview:large, max-video-preview:-1\" \/>\n<link rel=\"canonical\" href=\"https:\/\/avrupapress.com\/main\/2025\/06\/04\/soylemde-demokrasi-pratikte-tek-adam-rejimi-pkk\/\" \/>\n<meta property=\"og:locale\" content=\"fr_FR\" \/>\n<meta property=\"og:type\" content=\"article\" \/>\n<meta property=\"og:title\" content=\"S\u00f6ylemde Demokrasi, Pratikte Tek Adam Rejimi: PKK - AvrupaPress\" \/>\n<meta property=\"og:description\" content=\"PKK&rsquo;n\u0131n tarihsel geli\u015fim \u00e7izgisi incelendi\u011finde, \u00f6rg\u00fct\u00fcn s\u00f6ylemleriyle eylemleri aras\u0131nda ciddi bir tutars\u0131zl\u0131k oldu\u011fu hemen fark edilir. 1978&rsquo;de silahl\u0131 devrimci m\u00fccadele anlay\u0131\u015f\u0131yla yola \u00e7\u0131kan \u00f6rg\u00fct, kurulu\u015f d\u00f6neminde demokrasiyi esas alm\u0131yordu. O d\u00f6nem i\u00e7in temel hedef, devletle hesapla\u015fmada silahl\u0131 m\u00fccadeleyi benimsemekti. &nbsp; Ancak 1999&rsquo;da Abdullah \u00d6calan&rsquo;\u0131n yakalanmas\u0131yla birlikte PKK&rsquo;n\u0131n s\u00f6ylemi de radikal bi\u00e7imde de\u011fi\u015fti. Silahl\u0131 m\u00fccadele vurgusu [&hellip;]\" \/>\n<meta property=\"og:url\" content=\"https:\/\/avrupapress.com\/main\/2025\/06\/04\/soylemde-demokrasi-pratikte-tek-adam-rejimi-pkk\/\" \/>\n<meta property=\"og:site_name\" content=\"AvrupaPress\" \/>\n<meta property=\"article:published_time\" content=\"2025-06-04T20:15:47+00:00\" \/>\n<meta property=\"article:modified_time\" content=\"2025-06-04T20:15:52+00:00\" \/>\n<meta property=\"og:image\" content=\"https:\/\/avrupapress.com\/main\/wp-content\/uploads\/2025\/06\/thumbnail_IMG-20250422-WA0045-768x766-1.jpg\" \/>\n\t<meta property=\"og:image:width\" content=\"768\" \/>\n\t<meta property=\"og:image:height\" content=\"766\" \/>\n\t<meta property=\"og:image:type\" content=\"image\/jpeg\" \/>\n<meta name=\"author\" content=\"Edit\u00f6r\" \/>\n<meta name=\"twitter:card\" content=\"summary_large_image\" \/>\n<meta name=\"twitter:label1\" content=\"\u00c9crit par\" \/>\n\t<meta name=\"twitter:data1\" content=\"Edit\u00f6r\" \/>\n\t<meta name=\"twitter:label2\" content=\"Dur\u00e9e de lecture est.\" \/>\n\t<meta name=\"twitter:data2\" content=\"3 minutes\" \/>\n<script type=\"application\/ld+json\" class=\"yoast-schema-graph\">{\"@context\":\"https:\/\/schema.org\",\"@graph\":[{\"@type\":\"Article\",\"@id\":\"https:\/\/avrupapress.com\/main\/2025\/06\/04\/soylemde-demokrasi-pratikte-tek-adam-rejimi-pkk\/#article\",\"isPartOf\":{\"@id\":\"https:\/\/avrupapress.com\/main\/2025\/06\/04\/soylemde-demokrasi-pratikte-tek-adam-rejimi-pkk\/\"},\"author\":{\"name\":\"Edit\u00f6r\",\"@id\":\"https:\/\/avrupapress.com\/#\/schema\/person\/68428444ec60970d1e1b700cf4ca1e8f\"},\"headline\":\"S\u00f6ylemde Demokrasi, Pratikte Tek Adam Rejimi: PKK\",\"datePublished\":\"2025-06-04T20:15:47+00:00\",\"dateModified\":\"2025-06-04T20:15:52+00:00\",\"mainEntityOfPage\":{\"@id\":\"https:\/\/avrupapress.com\/main\/2025\/06\/04\/soylemde-demokrasi-pratikte-tek-adam-rejimi-pkk\/\"},\"wordCount\":680,\"publisher\":{\"@id\":\"https:\/\/avrupapress.com\/#\/schema\/person\/0223dca19c72c43575bf30d1a2d8f4fa\"},\"image\":{\"@id\":\"https:\/\/avrupapress.com\/main\/2025\/06\/04\/soylemde-demokrasi-pratikte-tek-adam-rejimi-pkk\/#primaryimage\"},\"thumbnailUrl\":\"https:\/\/avrupapress.com\/main\/wp-content\/uploads\/2025\/06\/thumbnail_IMG-20250422-WA0045-768x766-1.jpg\",\"articleSection\":[\"Avrupa\",\"Bel\u00e7ika\",\"D\u00fcnya\",\"Ekonomi\",\"K\u00fclt\u00fcr-Sanat\",\"Spor\",\"Tan\u0131t\u0131m\",\"T\u00fcrkiye\",\"Uncategorized\"],\"inLanguage\":\"fr-BE\"},{\"@type\":\"WebPage\",\"@id\":\"https:\/\/avrupapress.com\/main\/2025\/06\/04\/soylemde-demokrasi-pratikte-tek-adam-rejimi-pkk\/\",\"url\":\"https:\/\/avrupapress.com\/main\/2025\/06\/04\/soylemde-demokrasi-pratikte-tek-adam-rejimi-pkk\/\",\"name\":\"S\u00f6ylemde Demokrasi, Pratikte Tek Adam Rejimi: PKK - AvrupaPress\",\"isPartOf\":{\"@id\":\"https:\/\/avrupapress.com\/#website\"},\"primaryImageOfPage\":{\"@id\":\"https:\/\/avrupapress.com\/main\/2025\/06\/04\/soylemde-demokrasi-pratikte-tek-adam-rejimi-pkk\/#primaryimage\"},\"image\":{\"@id\":\"https:\/\/avrupapress.com\/main\/2025\/06\/04\/soylemde-demokrasi-pratikte-tek-adam-rejimi-pkk\/#primaryimage\"},\"thumbnailUrl\":\"https:\/\/avrupapress.com\/main\/wp-content\/uploads\/2025\/06\/thumbnail_IMG-20250422-WA0045-768x766-1.jpg\",\"datePublished\":\"2025-06-04T20:15:47+00:00\",\"dateModified\":\"2025-06-04T20:15:52+00:00\",\"breadcrumb\":{\"@id\":\"https:\/\/avrupapress.com\/main\/2025\/06\/04\/soylemde-demokrasi-pratikte-tek-adam-rejimi-pkk\/#breadcrumb\"},\"inLanguage\":\"fr-BE\",\"potentialAction\":[{\"@type\":\"ReadAction\",\"target\":[\"https:\/\/avrupapress.com\/main\/2025\/06\/04\/soylemde-demokrasi-pratikte-tek-adam-rejimi-pkk\/\"]}]},{\"@type\":\"ImageObject\",\"inLanguage\":\"fr-BE\",\"@id\":\"https:\/\/avrupapress.com\/main\/2025\/06\/04\/soylemde-demokrasi-pratikte-tek-adam-rejimi-pkk\/#primaryimage\",\"url\":\"https:\/\/avrupapress.com\/main\/wp-content\/uploads\/2025\/06\/thumbnail_IMG-20250422-WA0045-768x766-1.jpg\",\"contentUrl\":\"https:\/\/avrupapress.com\/main\/wp-content\/uploads\/2025\/06\/thumbnail_IMG-20250422-WA0045-768x766-1.jpg\",\"width\":768,\"height\":766},{\"@type\":\"BreadcrumbList\",\"@id\":\"https:\/\/avrupapress.com\/main\/2025\/06\/04\/soylemde-demokrasi-pratikte-tek-adam-rejimi-pkk\/#breadcrumb\",\"itemListElement\":[{\"@type\":\"ListItem\",\"position\":1,\"name\":\"Anasayfa\",\"item\":\"https:\/\/avrupapress.com\/\"},{\"@type\":\"ListItem\",\"position\":2,\"name\":\"S\u00f6ylemde Demokrasi, Pratikte Tek Adam Rejimi: PKK\"}]},{\"@type\":\"WebSite\",\"@id\":\"https:\/\/avrupapress.com\/#website\",\"url\":\"https:\/\/avrupapress.com\/\",\"name\":\"AvrupaPress\",\"description\":\"Haberin Adresi\",\"publisher\":{\"@id\":\"https:\/\/avrupapress.com\/#\/schema\/person\/0223dca19c72c43575bf30d1a2d8f4fa\"},\"potentialAction\":[{\"@type\":\"SearchAction\",\"target\":{\"@type\":\"EntryPoint\",\"urlTemplate\":\"https:\/\/avrupapress.com\/?s={search_term_string}\"},\"query-input\":{\"@type\":\"PropertyValueSpecification\",\"valueRequired\":true,\"valueName\":\"search_term_string\"}}],\"inLanguage\":\"fr-BE\"},{\"@type\":[\"Person\",\"Organization\"],\"@id\":\"https:\/\/avrupapress.com\/#\/schema\/person\/0223dca19c72c43575bf30d1a2d8f4fa\",\"name\":\"Bilgin \u00d6z\u00e7ift\u00e7i\",\"image\":{\"@type\":\"ImageObject\",\"inLanguage\":\"fr-BE\",\"@id\":\"https:\/\/avrupapress.com\/#\/schema\/person\/image\/\",\"url\":\"https:\/\/secure.gravatar.com\/avatar\/0f23b280433a21e1ea7a0adcc46ed0ad16afe3ad8e630fd13d8a017dcbd54ef3?s=96&d=mm&r=g\",\"contentUrl\":\"https:\/\/secure.gravatar.com\/avatar\/0f23b280433a21e1ea7a0adcc46ed0ad16afe3ad8e630fd13d8a017dcbd54ef3?s=96&d=mm&r=g\",\"caption\":\"Bilgin \u00d6z\u00e7ift\u00e7i\"},\"logo\":{\"@id\":\"https:\/\/avrupapress.com\/#\/schema\/person\/image\/\"},\"description\":\"Ne ben, nede sen... Biz ancak \\\"biz\\\" olursak g\u00fc\u00e7l\u00fc olabiliriz\"},{\"@type\":\"Person\",\"@id\":\"https:\/\/avrupapress.com\/#\/schema\/person\/68428444ec60970d1e1b700cf4ca1e8f\",\"name\":\"Edit\u00f6r\",\"image\":{\"@type\":\"ImageObject\",\"inLanguage\":\"fr-BE\",\"@id\":\"https:\/\/avrupapress.com\/#\/schema\/person\/image\/\",\"url\":\"https:\/\/secure.gravatar.com\/avatar\/74996b0977aa5f1559ba9883776652508b229005c0d78fb2597897f0bd651c09?s=96&d=mm&r=g\",\"contentUrl\":\"https:\/\/secure.gravatar.com\/avatar\/74996b0977aa5f1559ba9883776652508b229005c0d78fb2597897f0bd651c09?s=96&d=mm&r=g\",\"caption\":\"Edit\u00f6r\"},\"sameAs\":[\"http:\/\/www.avrupapress.com\"],\"url\":\"https:\/\/avrupapress.com\/main\/author\/editor\/\"}]}<\/script>\n<!-- \/ Yoast SEO plugin. -->","yoast_head_json":{"title":"S\u00f6ylemde Demokrasi, Pratikte Tek Adam Rejimi: PKK - AvrupaPress","robots":{"index":"index","follow":"follow","max-snippet":"max-snippet:-1","max-image-preview":"max-image-preview:large","max-video-preview":"max-video-preview:-1"},"canonical":"https:\/\/avrupapress.com\/main\/2025\/06\/04\/soylemde-demokrasi-pratikte-tek-adam-rejimi-pkk\/","og_locale":"fr_FR","og_type":"article","og_title":"S\u00f6ylemde Demokrasi, Pratikte Tek Adam Rejimi: PKK - AvrupaPress","og_description":"PKK&rsquo;n\u0131n tarihsel geli\u015fim \u00e7izgisi incelendi\u011finde, \u00f6rg\u00fct\u00fcn s\u00f6ylemleriyle eylemleri aras\u0131nda ciddi bir tutars\u0131zl\u0131k oldu\u011fu hemen fark edilir. 1978&rsquo;de silahl\u0131 devrimci m\u00fccadele anlay\u0131\u015f\u0131yla yola \u00e7\u0131kan \u00f6rg\u00fct, kurulu\u015f d\u00f6neminde demokrasiyi esas alm\u0131yordu. O d\u00f6nem i\u00e7in temel hedef, devletle hesapla\u015fmada silahl\u0131 m\u00fccadeleyi benimsemekti. &nbsp; Ancak 1999&rsquo;da Abdullah \u00d6calan&rsquo;\u0131n yakalanmas\u0131yla birlikte PKK&rsquo;n\u0131n s\u00f6ylemi de radikal bi\u00e7imde de\u011fi\u015fti. Silahl\u0131 m\u00fccadele vurgusu [&hellip;]","og_url":"https:\/\/avrupapress.com\/main\/2025\/06\/04\/soylemde-demokrasi-pratikte-tek-adam-rejimi-pkk\/","og_site_name":"AvrupaPress","article_published_time":"2025-06-04T20:15:47+00:00","article_modified_time":"2025-06-04T20:15:52+00:00","og_image":[{"width":768,"height":766,"url":"https:\/\/avrupapress.com\/main\/wp-content\/uploads\/2025\/06\/thumbnail_IMG-20250422-WA0045-768x766-1.jpg","type":"image\/jpeg"}],"author":"Edit\u00f6r","twitter_card":"summary_large_image","twitter_misc":{"\u00c9crit par":"Edit\u00f6r","Dur\u00e9e de lecture est.":"3 minutes"},"schema":{"@context":"https:\/\/schema.org","@graph":[{"@type":"Article","@id":"https:\/\/avrupapress.com\/main\/2025\/06\/04\/soylemde-demokrasi-pratikte-tek-adam-rejimi-pkk\/#article","isPartOf":{"@id":"https:\/\/avrupapress.com\/main\/2025\/06\/04\/soylemde-demokrasi-pratikte-tek-adam-rejimi-pkk\/"},"author":{"name":"Edit\u00f6r","@id":"https:\/\/avrupapress.com\/#\/schema\/person\/68428444ec60970d1e1b700cf4ca1e8f"},"headline":"S\u00f6ylemde Demokrasi, Pratikte Tek Adam Rejimi: PKK","datePublished":"2025-06-04T20:15:47+00:00","dateModified":"2025-06-04T20:15:52+00:00","mainEntityOfPage":{"@id":"https:\/\/avrupapress.com\/main\/2025\/06\/04\/soylemde-demokrasi-pratikte-tek-adam-rejimi-pkk\/"},"wordCount":680,"publisher":{"@id":"https:\/\/avrupapress.com\/#\/schema\/person\/0223dca19c72c43575bf30d1a2d8f4fa"},"image":{"@id":"https:\/\/avrupapress.com\/main\/2025\/06\/04\/soylemde-demokrasi-pratikte-tek-adam-rejimi-pkk\/#primaryimage"},"thumbnailUrl":"https:\/\/avrupapress.com\/main\/wp-content\/uploads\/2025\/06\/thumbnail_IMG-20250422-WA0045-768x766-1.jpg","articleSection":["Avrupa","Bel\u00e7ika","D\u00fcnya","Ekonomi","K\u00fclt\u00fcr-Sanat","Spor","Tan\u0131t\u0131m","T\u00fcrkiye","Uncategorized"],"inLanguage":"fr-BE"},{"@type":"WebPage","@id":"https:\/\/avrupapress.com\/main\/2025\/06\/04\/soylemde-demokrasi-pratikte-tek-adam-rejimi-pkk\/","url":"https:\/\/avrupapress.com\/main\/2025\/06\/04\/soylemde-demokrasi-pratikte-tek-adam-rejimi-pkk\/","name":"S\u00f6ylemde Demokrasi, Pratikte Tek Adam Rejimi: PKK - AvrupaPress","isPartOf":{"@id":"https:\/\/avrupapress.com\/#website"},"primaryImageOfPage":{"@id":"https:\/\/avrupapress.com\/main\/2025\/06\/04\/soylemde-demokrasi-pratikte-tek-adam-rejimi-pkk\/#primaryimage"},"image":{"@id":"https:\/\/avrupapress.com\/main\/2025\/06\/04\/soylemde-demokrasi-pratikte-tek-adam-rejimi-pkk\/#primaryimage"},"thumbnailUrl":"https:\/\/avrupapress.com\/main\/wp-content\/uploads\/2025\/06\/thumbnail_IMG-20250422-WA0045-768x766-1.jpg","datePublished":"2025-06-04T20:15:47+00:00","dateModified":"2025-06-04T20:15:52+00:00","breadcrumb":{"@id":"https:\/\/avrupapress.com\/main\/2025\/06\/04\/soylemde-demokrasi-pratikte-tek-adam-rejimi-pkk\/#breadcrumb"},"inLanguage":"fr-BE","potentialAction":[{"@type":"ReadAction","target":["https:\/\/avrupapress.com\/main\/2025\/06\/04\/soylemde-demokrasi-pratikte-tek-adam-rejimi-pkk\/"]}]},{"@type":"ImageObject","inLanguage":"fr-BE","@id":"https:\/\/avrupapress.com\/main\/2025\/06\/04\/soylemde-demokrasi-pratikte-tek-adam-rejimi-pkk\/#primaryimage","url":"https:\/\/avrupapress.com\/main\/wp-content\/uploads\/2025\/06\/thumbnail_IMG-20250422-WA0045-768x766-1.jpg","contentUrl":"https:\/\/avrupapress.com\/main\/wp-content\/uploads\/2025\/06\/thumbnail_IMG-20250422-WA0045-768x766-1.jpg","width":768,"height":766},{"@type":"BreadcrumbList","@id":"https:\/\/avrupapress.com\/main\/2025\/06\/04\/soylemde-demokrasi-pratikte-tek-adam-rejimi-pkk\/#breadcrumb","itemListElement":[{"@type":"ListItem","position":1,"name":"Anasayfa","item":"https:\/\/avrupapress.com\/"},{"@type":"ListItem","position":2,"name":"S\u00f6ylemde Demokrasi, Pratikte Tek Adam Rejimi: PKK"}]},{"@type":"WebSite","@id":"https:\/\/avrupapress.com\/#website","url":"https:\/\/avrupapress.com\/","name":"AvrupaPress","description":"Haberin Adresi","publisher":{"@id":"https:\/\/avrupapress.com\/#\/schema\/person\/0223dca19c72c43575bf30d1a2d8f4fa"},"potentialAction":[{"@type":"SearchAction","target":{"@type":"EntryPoint","urlTemplate":"https:\/\/avrupapress.com\/?s={search_term_string}"},"query-input":{"@type":"PropertyValueSpecification","valueRequired":true,"valueName":"search_term_string"}}],"inLanguage":"fr-BE"},{"@type":["Person","Organization"],"@id":"https:\/\/avrupapress.com\/#\/schema\/person\/0223dca19c72c43575bf30d1a2d8f4fa","name":"Bilgin \u00d6z\u00e7ift\u00e7i","image":{"@type":"ImageObject","inLanguage":"fr-BE","@id":"https:\/\/avrupapress.com\/#\/schema\/person\/image\/","url":"https:\/\/secure.gravatar.com\/avatar\/0f23b280433a21e1ea7a0adcc46ed0ad16afe3ad8e630fd13d8a017dcbd54ef3?s=96&d=mm&r=g","contentUrl":"https:\/\/secure.gravatar.com\/avatar\/0f23b280433a21e1ea7a0adcc46ed0ad16afe3ad8e630fd13d8a017dcbd54ef3?s=96&d=mm&r=g","caption":"Bilgin \u00d6z\u00e7ift\u00e7i"},"logo":{"@id":"https:\/\/avrupapress.com\/#\/schema\/person\/image\/"},"description":"Ne ben, nede sen... Biz ancak \"biz\" olursak g\u00fc\u00e7l\u00fc olabiliriz"},{"@type":"Person","@id":"https:\/\/avrupapress.com\/#\/schema\/person\/68428444ec60970d1e1b700cf4ca1e8f","name":"Edit\u00f6r","image":{"@type":"ImageObject","inLanguage":"fr-BE","@id":"https:\/\/avrupapress.com\/#\/schema\/person\/image\/","url":"https:\/\/secure.gravatar.com\/avatar\/74996b0977aa5f1559ba9883776652508b229005c0d78fb2597897f0bd651c09?s=96&d=mm&r=g","contentUrl":"https:\/\/secure.gravatar.com\/avatar\/74996b0977aa5f1559ba9883776652508b229005c0d78fb2597897f0bd651c09?s=96&d=mm&r=g","caption":"Edit\u00f6r"},"sameAs":["http:\/\/www.avrupapress.com"],"url":"https:\/\/avrupapress.com\/main\/author\/editor\/"}]}},"_links":{"self":[{"href":"https:\/\/avrupapress.com\/main\/wp-json\/wp\/v2\/posts\/29699","targetHints":{"allow":["GET"]}}],"collection":[{"href":"https:\/\/avrupapress.com\/main\/wp-json\/wp\/v2\/posts"}],"about":[{"href":"https:\/\/avrupapress.com\/main\/wp-json\/wp\/v2\/types\/post"}],"author":[{"embeddable":true,"href":"https:\/\/avrupapress.com\/main\/wp-json\/wp\/v2\/users\/3"}],"replies":[{"embeddable":true,"href":"https:\/\/avrupapress.com\/main\/wp-json\/wp\/v2\/comments?post=29699"}],"version-history":[{"count":1,"href":"https:\/\/avrupapress.com\/main\/wp-json\/wp\/v2\/posts\/29699\/revisions"}],"predecessor-version":[{"id":29701,"href":"https:\/\/avrupapress.com\/main\/wp-json\/wp\/v2\/posts\/29699\/revisions\/29701"}],"wp:featuredmedia":[{"embeddable":true,"href":"https:\/\/avrupapress.com\/main\/wp-json\/wp\/v2\/media\/29700"}],"wp:attachment":[{"href":"https:\/\/avrupapress.com\/main\/wp-json\/wp\/v2\/media?parent=29699"}],"wp:term":[{"taxonomy":"category","embeddable":true,"href":"https:\/\/avrupapress.com\/main\/wp-json\/wp\/v2\/categories?post=29699"},{"taxonomy":"post_tag","embeddable":true,"href":"https:\/\/avrupapress.com\/main\/wp-json\/wp\/v2\/tags?post=29699"}],"curies":[{"name":"wp","href":"https:\/\/api.w.org\/{rel}","templated":true}]}}