{"id":28337,"date":"2025-03-02T20:16:18","date_gmt":"2025-03-02T20:16:18","guid":{"rendered":"https:\/\/avrupapress.com\/main\/?p=28337"},"modified":"2025-03-02T20:16:25","modified_gmt":"2025-03-02T20:16:25","slug":"ingilteredeki-ukrayna-zirvesinden-koalisyon-karari-cikti","status":"publish","type":"post","link":"https:\/\/avrupapress.com\/main\/2025\/03\/02\/ingilteredeki-ukrayna-zirvesinden-koalisyon-karari-cikti\/","title":{"rendered":"\u0130ngiltere&rsquo;deki Ukrayna zirvesinden &lsquo;koalisyon&rsquo; karar\u0131 \u00e7\u0131kt\u0131"},"content":{"rendered":"<header class=\"hbptHead\">\n<h2 class=\"description\">\u0130ngiltere&rsquo;nin ba\u015fkenti Londra&rsquo;da Ukrayna&rsquo;ya sa\u011flanacak g\u00fcvenlik garantileri ve kal\u0131c\u0131 bar\u0131\u015f\u0131n sa\u011flanmas\u0131 gibi konular\u0131n ele al\u0131nd\u0131\u011f\u0131 zirve sona erdi. \u0130ngiltere Ba\u015fbakan\u0131 Keir Starmer, zirve sonras\u0131 Ukrayna&rsquo;ya 4 ad\u0131mda destek plan\u0131 a\u00e7\u0131klad\u0131. Starmer, \u00ab\u00a0Bar\u0131\u015f\u0131 korumak i\u00e7in bir koalisyon kuraca\u011f\u0131z. Her \u00fclke katk\u0131da bulunamayabilir ancak bu, arkam\u0131za yaslan\u0131p izleyece\u011fimiz anlam\u0131na gelmez\u00a0\u00bb dedi.<\/h2>\n<\/header>\n<div id=\"news\"><\/div>\n<p>&nbsp;<\/p>\n<h2 class=\"description\">\u0130ngiltere&rsquo;nin ev sahipli\u011finde ba\u015fkent Londra&rsquo;da Ukranyaya sa\u011flanacak g\u00fcvenlik garantileri ve bu \u00fclkede kal\u0131c\u0131 bar\u0131\u015f\u0131n sa\u011flanmas\u0131 gibi konular\u0131 ele almak \u00fczere yerel saatle 14.00&rsquo;te ba\u015flayan zirve sona erdi.<\/h2>\n<header class=\"hbptHead\">\n<h2 class=\"description\">Bar\u0131\u015f\u0131 korumak i\u00e7in bir koalisyon kuraca\u011f\u0131z. Her \u00fclke katk\u0131da bulunamayabilir ancak bu, arkam\u0131za yaslan\u0131p izleyece\u011fimiz anlam\u0131na gelmez\u00a0\u00bb dedi.<\/h2>\n<\/header>\n<p><main class=\"mtm-20 hbptContent haber_metni\"><img loading=\"lazy\" decoding=\"async\" class=\"hbptMainImage lazyload ImgDetay\" src=\"https:\/\/foto.haberler.com\/crop\/640x426\/haber\/2025\/03\/02\/ingiltere-deki-ukrayna-zirvesinden-koalisyon-18421289_9016_m.jpg\" alt=\"\u0130ngiltere'deki Ukrayna zirvesinden 'koalisyon' karar\u0131 \u00e7\u0131kt\u0131\" width=\"300\" height=\"200\" data-src=\"https:\/\/foto.haberler.com\/crop\/640x426\/haber\/2025\/03\/02\/ingiltere-deki-ukrayna-zirvesinden-koalisyon-18421289_9016_m.jpg\" \/><\/main><\/p>\n<h3>\u00c7OK SAYIDA\u00a0<i>L\u0130DER\u00a0<\/i>KATILDI<\/h3>\n<p><a class=\"keyword\" title=\"\u0130ngiltere Haberleri, \u0130ngiltere Haberi, \u0130ngiltere Haber\" href=\"https:\/\/www.haberler.com\/ingiltere\/\"><strong>\u0130ngiltere<\/strong><\/a> D\u0131\u015fi\u015fleri Bakanl\u0131\u011f\u0131&rsquo;n\u0131n tarihi Lancaster House yerle\u015fkesinde d\u00fczenlenen ve ana g\u00fcndem maddesi Ukranya&rsquo;da kal\u0131c\u0131 bar\u0131\u015f ve Avrupa g\u00fcvenli\u011fi olan zirveye Ukranya, Fransa, Almanya, Danimarka, \u0130talya, Hollanda, Norve\u00e7, Polonya, \u0130spanya, T\u00fcrkiye, Kanada, Finlandiya, \u0130sve\u00e7, \u00c7ekya ve Romanya&rsquo;dan devlet liderleri ve bakanlar kat\u0131ld\u0131.Ayr\u0131ca zirveye NATO Genel Sekreteri Mark Rutte, Avrupa Birli\u011fi (AB) Komisyonu Ba\u015fkan\u0131 Ursula von der Leyen, AB Konseyi Ba\u015fkan\u0131 Antonio Costa ile Cumhurba\u015fkan\u0131 Recep Tayyip Erdo\u011fan&rsquo;\u0131 temsilen D\u0131\u015fi\u015fleri Bakan\u0131 Hakan Fidan i\u015ftirak etti.<\/p>\n<p><img loading=\"lazy\" decoding=\"async\" class=\"hbptMainImage lazyload ImgDetay\" src=\"https:\/\/foto.haberler.com\/crop\/640x426\/haber\/2025\/03\/02\/ingiltere-deki-ukrayna-zirvesinden-koalisyon-18421289_4875_m.jpg\" alt=\"\u0130ngiltere'deki Ukrayna zirvesinden 'koalisyon' karar\u0131 \u00e7\u0131kt\u0131\" width=\"300\" height=\"200\" data-src=\"https:\/\/foto.haberler.com\/crop\/640x426\/haber\/2025\/03\/02\/ingiltere-deki-ukrayna-zirvesinden-koalisyon-18421289_4875_m.jpg\" \/><\/p>\n<h3>TRUMP-ZELENSK\u0130Y TARTI\u015eMASINDAN SONRA UKRAYNA KONUSU G\u00dcNDEM\u0130N \u0130LK SIRASINDA<\/h3>\n<p>ABD Ba\u015fkan\u0131 Donald Trump ile Ukrayna Devlet Ba\u015fkan\u0131 Volodimir Zelenskiy aras\u0131nda 28 \u015eubat&rsquo;ta Washington&rsquo;da ya\u015fanan tart\u0131\u015fman\u0131n ard\u0131ndan yap\u0131lan zirvede, ABD&rsquo;nin Ukrayna&rsquo;ya deste\u011fi ve bu \u00fclkeye sa\u011flanacak g\u00fcvenlik garantilerinde \u00fcstelenece\u011fi rol de masadayd\u0131. Ayr\u0131ca, liderler, Ukrayna&rsquo;da kal\u0131c\u0131 bar\u0131\u015f\u0131n yan\u0131 s\u0131ra gelecekteki Rus sald\u0131r\u0131lar\u0131na kar\u015f\u0131 cayd\u0131r\u0131c\u0131 ve savunmac\u0131 olmas\u0131n\u0131 sa\u011flayacak g\u00fc\u00e7l\u00fc ve kal\u0131c\u0131 anla\u015fmaya duyulan ihtiya\u00e7 ile g\u00fc\u00e7l\u00fc g\u00fcvenlik garantileri i\u00e7in planlama konusunda sonraki ad\u0131mlar\u0131 ele ald\u0131.<\/p>\n<h3>STARMER: BARI\u015eI KORUMAK \u0130\u00c7\u0130N B\u0130R KOAL\u0130SYON KURACA\u011eIZ<\/h3>\n<p><a class=\"keyword\" title=\"\u0130ngiltere Haberleri, \u0130ngiltere Haberi, \u0130ngiltere Haber\" href=\"https:\/\/www.haberler.com\/ingiltere\/\"><strong>\u0130ngiltere<\/strong><\/a>\u00a0Ba\u015fbakan\u0131 Keir Starmer, zirvenin ard\u0131ndan d\u00fczenledi\u011fi bas\u0131n toplant\u0131s\u0131nda, \u00ab\u00a0Ukrayna&rsquo;da bar\u0131\u015f\u0131 korumak i\u00e7in bir koalisyon kuraca\u011f\u0131z. Her \u00fclke katk\u0131da bulunamayabilir ancak bu, arkam\u0131za yaslan\u0131p izleyece\u011fimiz anlam\u0131na gelmez\u00a0\u00bb dedi.<\/p>\n<h3>\u00ab\u00a0UKRAYNA&rsquo;NIN SAVUNMA YETENEKLER\u0130N\u0130 ARTIRMAYA DEVAM EDECE\u011e\u0130Z\u00a0\u00bb<\/h3>\n<p>Ukrayna&rsquo;ya askeri yard\u0131m g\u00f6ndermeye devam edeceklerini ve Kiev&rsquo;i g\u00fc\u00e7lendirmek i\u00e7in Rusya&rsquo;ya ekonomik bask\u0131y\u0131 art\u0131racaklar\u0131n\u0131 belirten Starmer, \u00ab\u00a0Herhangi bir kal\u0131c\u0131 bar\u0131\u015f\u0131n Ukrayna&rsquo;n\u0131n egemenli\u011fini ve g\u00fcvenli\u011fini garanti alt\u0131na almas\u0131 gerekti\u011fi konusunda, Ukrayna&rsquo;n\u0131n masada olmas\u0131 konusunda anla\u015ft\u0131k. Ukrayna&rsquo;n\u0131n kendi savunma yeteneklerini art\u0131rmaya devam edece\u011fiz.\u00a0\u00bb diye konu\u015ftu.<\/p>\n<p><img loading=\"lazy\" decoding=\"async\" class=\"hbptMainImage lazyload ImgDetay\" src=\"https:\/\/foto.haberler.com\/crop\/640x422\/haber\/2025\/03\/02\/ingiltere-deki-ukrayna-zirvesinden-koalisyon-18421289_9824_m.jpg\" alt=\"\u0130ngiltere'deki Ukrayna zirvesinden 'koalisyon' karar\u0131 \u00e7\u0131kt\u0131\" width=\"300\" height=\"200\" data-src=\"https:\/\/foto.haberler.com\/crop\/640x422\/haber\/2025\/03\/02\/ingiltere-deki-ukrayna-zirvesinden-koalisyon-18421289_9824_m.jpg\" \/><\/p>\n<h3>UKRAYNA S\u0130LAH \u00dcRET\u0130M\u0130 \u0130\u00c7\u0130N \u0130NG\u0130LTERE \u0130LE KRED\u0130 ANLA\u015eMASI \u0130MZALADI<\/h3>\n<p>Starmer, zirve \u00f6ncesinde Ukrayna Devlet Ba\u015fkan\u0131 Zelenskiy ile ikili g\u00f6r\u00fc\u015fme yapt\u0131. G\u00f6r\u00fc\u015fmede iki \u00fclke aras\u0131nda bir kredi anla\u015fmas\u0131na imza at\u0131ld\u0131. Zelenskiy, g\u00f6r\u00fc\u015fmeye ili\u015fkin sosyal medya payla\u015f\u0131m\u0131nda, bu anla\u015fma kapsam\u0131ndaki kayna\u011f\u0131n Ukrayna&rsquo;da silah \u00fcretimine y\u00f6nlendirilece\u011fini belirterek \u015fu de\u011ferlendirmede bulundu: \u00ab\u00a0Bu kredi, Ukrayna&rsquo;n\u0131n savunma yeteneklerini art\u0131racak ve dondurulmu\u015f Rus varl\u0131klar\u0131ndan elde edilen gelirler kullan\u0131larak geri \u00f6denecek. Ger\u00e7ek adalet budur. Sava\u015f\u0131 ba\u015flatan, bedelini \u00f6demelidir. \u0130ngiltere halk\u0131na ve h\u00fck\u00fcmetine sava\u015f\u0131n ba\u015f\u0131ndan beri verdikleri muazzam destek i\u00e7in te\u015fekk\u00fcr ediyorum. B\u00f6yle bir stratejik orta\u011fa sahip oldu\u011fumuz i\u00e7in ve g\u00fcvenli bir gelece\u011fin g\u00f6r\u00fcn\u00fc\u015f\u00fcyle ilgili ayn\u0131 vizyonu payla\u015ft\u0131\u011f\u0131m\u0131z i\u00e7in mutluluk duyuyoruz.\u00a0\u00bb<\/p>\n<p><img loading=\"lazy\" decoding=\"async\" class=\"hbptMainImage lazyload ImgDetay\" src=\"https:\/\/foto.haberler.com\/crop\/640x426\/haber\/2025\/03\/02\/ingiltere-deki-ukrayna-zirvesinden-koalisyon-18421289_8139_m.jpg\" alt=\"\u0130ngiltere'deki Ukrayna zirvesinden 'koalisyon' karar\u0131 \u00e7\u0131kt\u0131\" width=\"300\" height=\"200\" data-src=\"https:\/\/foto.haberler.com\/crop\/640x426\/haber\/2025\/03\/02\/ingiltere-deki-ukrayna-zirvesinden-koalisyon-18421289_8139_m.jpg\" \/><\/p>\n<h3>STARMER: UKRAYNA&rsquo;DA KALICI BARI\u015eA ODAKLANMALIYIZ<\/h3>\n<p>Starmer, BBC&rsquo;ye verdi\u011fi r\u00f6portajda ise Trump ile Zelenskiy aras\u0131nda ya\u015fanan tart\u0131\u015fmay\u0131 ofisinde izledi\u011fini anlatarak, \u00ab\u00a0Kimse bunu g\u00f6rmek istemez. O g\u00fcn telefonla hemen Ba\u015fkan Trump ve Ba\u015fkan Zelenskiy&rsquo;yi arad\u0131m. \u00c7\u00fcnk\u00fc bana g\u00f6re Avrupa ve \u0130ngiltere&rsquo;nin de g\u00fcvenli\u011fi ve savunmas\u0131 i\u00e7in \u00f6nemli olan Ukrayna&rsquo;da kal\u0131c\u0131 bar\u0131\u015fa odaklanmam\u0131z gerekiyor.\u00a0\u00bb diye konu\u015ftu. Starmer, ayr\u0131ca Fransa ve 1-2 \u00fclkeyle birlikte sava\u015f\u0131 bitirecek bir plan \u00fczerinde \u00e7al\u0131\u015fmak i\u00e7in Ukrayna&rsquo;yla anla\u015ft\u0131klar\u0131n\u0131, bunun daha sonra ABD ile de g\u00f6r\u00fc\u015f\u00fclece\u011fini ifade etti.<\/p>\n<h3>MELON\u0130:\u00a0<i>E\u011eER\u00a0<\/i>AYRI\u015eIRSAK BU, B\u0130Z\u0130 DAHA ZAYIF HALE GET\u0130RECEK<\/h3>\n<p>Zirve \u00f6ncesinde Starmer, \u0130talya Ba\u015fbakan\u0131 Giorgia Meloni ile de ikili g\u00f6r\u00fc\u015fme yapt\u0131. Meloni, Ukrayna&rsquo;da kal\u0131c\u0131 bar\u0131\u015f\u0131n sa\u011flanmas\u0131 konusunda \u00ab\u00a0Bat\u0131&rsquo;n\u0131n b\u00f6l\u00fcnmesi riskini \u00f6nlememizin \u00e7ok \u00f6nemli oldu\u011funu d\u00fc\u015f\u00fcn\u00fcyorum. Bu noktada \u0130ngiltere ve \u0130talya birle\u015ftirici bir rol oynayabilir. Ben de ABD ile Avrupa liderleri aras\u0131nda bir zirve teklif ettim. E\u011fer ayr\u0131\u015f\u0131rsak bu, bizi daha zay\u0131f hale getirecektir.\u00a0\u00bb ifadelerini kulland\u0131.<\/p>\n<p><img loading=\"lazy\" decoding=\"async\" class=\"hbptMainImage lazyload ImgDetay\" src=\"https:\/\/foto.haberler.com\/crop\/640x426\/haber\/2025\/03\/02\/ingiltere-deki-ukrayna-zirvesinden-koalisyon-18421289_2008_m.jpg\" alt=\"\u0130ngiltere'deki Ukrayna zirvesinden 'koalisyon' karar\u0131 \u00e7\u0131kt\u0131\" width=\"300\" height=\"200\" data-src=\"https:\/\/foto.haberler.com\/crop\/640x426\/haber\/2025\/03\/02\/ingiltere-deki-ukrayna-zirvesinden-koalisyon-18421289_2008_m.jpg\" \/><\/p>\n<h3>F\u0130DAN, T\u00dcRK\u0130YE&rsquo;N\u0130N S\u00dcRECE SUNAB\u0130LECE\u011e\u0130 KATKILARI MUHATAPLARINA AKTARACAK<\/h3>\n<p>T\u00fcrk diplomatik kaynaklardan edinilen bilgiye g\u00f6re, Bakan Fidan&rsquo;\u0131n toplant\u0131da, ABD Ba\u015fkan\u0131 Trump&rsquo;\u0131n, m\u00fczakere odakl\u0131 son a\u00e7\u0131l\u0131m\u0131 dahil Rusya-Ukrayna sava\u015f\u0131n\u0131 ilgilendiren konu ba\u015fl\u0131klar\u0131nda fikir teatisinde bulunmas\u0131 ve T\u00fcrkiye&rsquo;nin s\u00fcrece sunabilece\u011fi katk\u0131lar\u0131 muhataplar\u0131na aktarmas\u0131 \u00f6ng\u00f6r\u00fcl\u00fcyor. Bakan Fidan&rsquo;\u0131n, Rusya-Ukrayna sava\u015f\u0131n\u0131n adil ve kal\u0131c\u0131 bar\u0131\u015fla sonland\u0131r\u0131lmas\u0131na y\u00f6nelik T\u00fcrkiye&rsquo;nin \u00e7abalar\u0131n\u0131 vurgulamas\u0131 ve T\u00fcrkiye&rsquo;nin, Ukrayna&rsquo;n\u0131n toprak b\u00fct\u00fcnl\u00fc\u011f\u00fcne, egemenli\u011fine ve ba\u011f\u0131ms\u0131zl\u0131\u011f\u0131na deste\u011fini teyit etmesi de bekleniyor. Ayr\u0131ca, zirvede, Mart 2022&rsquo;de Rusya ve Ukrayna aras\u0131nda do\u011frudan m\u00fczakerelere ev sahipli\u011fi yapan T\u00fcrkiye&rsquo;nin ilerleyen d\u00f6nemde de bu rol\u00fc \u00fcstlenmeye haz\u0131r oldu\u011fu ve gelecekteki m\u00fczakere d\u00f6neminde b\u00f6lgede kal\u0131c\u0131 g\u00fcvenli\u011fin, ekonomik refah\u0131n ve istikrar\u0131n tesisinin t\u00fcm taraflar\u0131n ortak hedefi olmas\u0131 gerekti\u011fi konular\u0131n\u0131n Bakan Fidan taraf\u0131ndan vurgulanmas\u0131 \u00f6ng\u00f6r\u00fcl\u00fcyor.<\/p>\n<p><img loading=\"lazy\" decoding=\"async\" class=\"hbptMainImage lazyload ImgDetay\" src=\"https:\/\/foto.haberler.com\/crop\/640x442\/haber\/2025\/03\/02\/ingiltere-deki-ukrayna-zirvesinden-koalisyon-18421289_6464_m.jpg\" alt=\"\u0130ngiltere'deki Ukrayna zirvesinden 'koalisyon' karar\u0131 \u00e7\u0131kt\u0131\" width=\"300\" height=\"200\" data-src=\"https:\/\/foto.haberler.com\/crop\/640x442\/haber\/2025\/03\/02\/ingiltere-deki-ukrayna-zirvesinden-koalisyon-18421289_6464_m.jpg\" \/><\/p>\n<h3>NE OLMU\u015eTU?<\/h3>\n<p>ABD Ba\u015fkan\u0131 Donald Trump ile Ukrayna Devlet Ba\u015fkan\u0131 Zelenskiy aras\u0131nda 28 \u015eubat&rsquo;ta Oval Ofis&rsquo;te yap\u0131lan g\u00f6r\u00fc\u015fmede tart\u0131\u015fma ya\u015fanm\u0131\u015f, bunun \u00fczerine daha \u00f6nceden planlanan ortak bas\u0131n toplant\u0131s\u0131 iptal edilerek Zelenskiy, Beyaz Saray&rsquo;dan ayr\u0131lm\u0131\u015ft\u0131. Tart\u0131\u015fma s\u0131ras\u0131nda Trump, Ukrayna liderinin tutumunu ele\u015ftirirken Zelenskiy de \u00fclkesine y\u00f6nelik destek beklentisini dile getirmi\u015fti. Tart\u0131\u015fma \u00fczerine, nadir toprak elementleri anla\u015fmas\u0131 da imzalanmam\u0131\u015ft\u0131.<\/p>\n<p>Ba\u015fkan Trump, Oval Ofis&rsquo;teki hararetli tart\u0131\u015fman\u0131n ard\u0131ndan Truth Social hesab\u0131ndan yapt\u0131\u011f\u0131 a\u00e7\u0131klamada, Zelenskiy&rsquo;nin bar\u0131\u015fa hen\u00fcz haz\u0131r olmad\u0131\u011f\u0131n\u0131 savunmu\u015ftu. Zelenskiy, Fox News&rsquo;a verdi\u011fi m\u00fclakatta, Trump&rsquo;tan \u00f6z\u00fcr dileyip dilemeyece\u011fi y\u00f6n\u00fcndeki soru \u00fczerine \u00f6z\u00fcr dilemesini gerektirecek yanl\u0131\u015f bir \u015fey yapmad\u0131\u011f\u0131 yan\u0131t\u0131n\u0131 vermi\u015fti.<\/p>\n<p><img loading=\"lazy\" decoding=\"async\" class=\"hbptMainImage lazyload ImgDetay\" src=\"https:\/\/foto.haberler.com\/crop\/640x426\/haber\/2025\/03\/02\/ingiltere-deki-ukrayna-zirvesinden-koalisyon-18421289_5135_m.jpg\" alt=\"\u0130ngiltere'deki Ukrayna zirvesinden 'koalisyon' karar\u0131 \u00e7\u0131kt\u0131\" width=\"300\" height=\"200\" data-src=\"https:\/\/foto.haberler.com\/crop\/640x426\/haber\/2025\/03\/02\/ingiltere-deki-ukrayna-zirvesinden-koalisyon-18421289_5135_m.jpg\" \/><\/p>\n<p>\u00c7ok say\u0131da Avrupal\u0131 lider tart\u0131\u015fman\u0131n ard\u0131ndan Ukrayna&rsquo;ya destek payla\u015f\u0131m\u0131nda bulunmu\u015ftu. Oval Ofis&rsquo;teki tart\u0131\u015fman\u0131n ard\u0131ndan \u00fclkeden ayr\u0131lan Zelenskiy, Londra&rsquo;ya gelmi\u015fti. Beyaz Saray&rsquo;daki tart\u0131\u015fma sonras\u0131 Ukrayna konusu ve Londra&rsquo;da yap\u0131lacak liderler zirvesi g\u00fcndemin ilk s\u0131ras\u0131na yerle\u015fmi\u015fti.<\/p>\n<figure class=\"type:primaryimage hbhOrder\"><img loading=\"lazy\" decoding=\"async\" id=\"HaberImage\" class=\"hbptMainImage\" src=\"https:\/\/foto.haberler.com\/crop\/648x436\/haber\/2025\/03\/02\/ingiltere-deki-ukrayna-zirvesinden-baris-18421289_8184_amp.jpg\" alt=\"\u0130ngiltere'deki Ukrayna zirvesinden 'koalisyon' karar\u0131 \u00e7\u0131kt\u0131\" width=\"648\" height=\"436\" \/><\/figure>\n<p>&nbsp;<\/p>\n","protected":false},"excerpt":{"rendered":"<p>\u0130ngiltere&rsquo;nin ba\u015fkenti Londra&rsquo;da Ukrayna&rsquo;ya sa\u011flanacak g\u00fcvenlik garantileri ve kal\u0131c\u0131 bar\u0131\u015f\u0131n sa\u011flanmas\u0131 gibi konular\u0131n ele al\u0131nd\u0131\u011f\u0131 zirve sona erdi. \u0130ngiltere Ba\u015fbakan\u0131 Keir Starmer, zirve sonras\u0131 Ukrayna&rsquo;ya 4 ad\u0131mda destek plan\u0131 a\u00e7\u0131klad\u0131. Starmer, \u00ab\u00a0Bar\u0131\u015f\u0131 korumak i\u00e7in bir koalisyon kuraca\u011f\u0131z. Her \u00fclke katk\u0131da bulunamayabilir ancak bu, arkam\u0131za yaslan\u0131p izleyece\u011fimiz anlam\u0131na gelmez\u00a0\u00bb dedi. &nbsp; \u0130ngiltere&rsquo;nin ev sahipli\u011finde ba\u015fkent Londra&rsquo;da [&hellip;]<\/p>\n","protected":false},"author":3,"featured_media":28338,"comment_status":"closed","ping_status":"open","sticky":false,"template":"","format":"standard","meta":{"footnotes":""},"categories":[14,16,3,17,18,15,19,2,1],"tags":[],"class_list":["post-28337","post","type-post","status-publish","format-standard","has-post-thumbnail","hentry","category-avrupa","category-belcika","category-dunya","category-ekonomi","category-kultur-sanat","category-spor","category-tanitim","category-turkiye","category-uncategorized"],"yoast_head":"<!-- This site is optimized with the Yoast SEO plugin v26.9 - https:\/\/yoast.com\/product\/yoast-seo-wordpress\/ -->\n<title>\u0130ngiltere&#039;deki Ukrayna zirvesinden &#039;koalisyon&#039; karar\u0131 \u00e7\u0131kt\u0131 - AvrupaPress<\/title>\n<meta name=\"robots\" content=\"index, follow, max-snippet:-1, max-image-preview:large, max-video-preview:-1\" \/>\n<link rel=\"canonical\" href=\"https:\/\/avrupapress.com\/main\/2025\/03\/02\/ingilteredeki-ukrayna-zirvesinden-koalisyon-karari-cikti\/\" \/>\n<meta property=\"og:locale\" content=\"fr_FR\" \/>\n<meta property=\"og:type\" content=\"article\" \/>\n<meta property=\"og:title\" content=\"\u0130ngiltere&#039;deki Ukrayna zirvesinden &#039;koalisyon&#039; karar\u0131 \u00e7\u0131kt\u0131 - AvrupaPress\" \/>\n<meta property=\"og:description\" content=\"\u0130ngiltere&rsquo;nin ba\u015fkenti Londra&rsquo;da Ukrayna&rsquo;ya sa\u011flanacak g\u00fcvenlik garantileri ve kal\u0131c\u0131 bar\u0131\u015f\u0131n sa\u011flanmas\u0131 gibi konular\u0131n ele al\u0131nd\u0131\u011f\u0131 zirve sona erdi. \u0130ngiltere Ba\u015fbakan\u0131 Keir Starmer, zirve sonras\u0131 Ukrayna&rsquo;ya 4 ad\u0131mda destek plan\u0131 a\u00e7\u0131klad\u0131. Starmer, \u00ab\u00a0Bar\u0131\u015f\u0131 korumak i\u00e7in bir koalisyon kuraca\u011f\u0131z. Her \u00fclke katk\u0131da bulunamayabilir ancak bu, arkam\u0131za yaslan\u0131p izleyece\u011fimiz anlam\u0131na gelmez\u00a0\u00bb dedi. &nbsp; \u0130ngiltere&rsquo;nin ev sahipli\u011finde ba\u015fkent Londra&rsquo;da [&hellip;]\" \/>\n<meta property=\"og:url\" content=\"https:\/\/avrupapress.com\/main\/2025\/03\/02\/ingilteredeki-ukrayna-zirvesinden-koalisyon-karari-cikti\/\" \/>\n<meta property=\"og:site_name\" content=\"AvrupaPress\" \/>\n<meta property=\"article:published_time\" content=\"2025-03-02T20:16:18+00:00\" \/>\n<meta property=\"article:modified_time\" content=\"2025-03-02T20:16:25+00:00\" \/>\n<meta property=\"og:image\" content=\"https:\/\/avrupapress.com\/main\/wp-content\/uploads\/2025\/03\/avrupa-silahlaniyor-ukrayna-icin-koalisyon_18421289_5827.webp\" \/>\n\t<meta property=\"og:image:width\" content=\"735\" \/>\n\t<meta property=\"og:image:height\" content=\"490\" \/>\n\t<meta property=\"og:image:type\" content=\"image\/webp\" \/>\n<meta name=\"author\" content=\"Edit\u00f6r\" \/>\n<meta name=\"twitter:card\" content=\"summary_large_image\" \/>\n<meta name=\"twitter:label1\" content=\"\u00c9crit par\" \/>\n\t<meta name=\"twitter:data1\" content=\"Edit\u00f6r\" \/>\n\t<meta name=\"twitter:label2\" content=\"Dur\u00e9e de lecture est.\" \/>\n\t<meta name=\"twitter:data2\" content=\"6 minutes\" \/>\n<script type=\"application\/ld+json\" class=\"yoast-schema-graph\">{\"@context\":\"https:\/\/schema.org\",\"@graph\":[{\"@type\":\"Article\",\"@id\":\"https:\/\/avrupapress.com\/main\/2025\/03\/02\/ingilteredeki-ukrayna-zirvesinden-koalisyon-karari-cikti\/#article\",\"isPartOf\":{\"@id\":\"https:\/\/avrupapress.com\/main\/2025\/03\/02\/ingilteredeki-ukrayna-zirvesinden-koalisyon-karari-cikti\/\"},\"author\":{\"name\":\"Edit\u00f6r\",\"@id\":\"https:\/\/avrupapress.com\/#\/schema\/person\/68428444ec60970d1e1b700cf4ca1e8f\"},\"headline\":\"\u0130ngiltere&rsquo;deki Ukrayna zirvesinden &lsquo;koalisyon&rsquo; karar\u0131 \u00e7\u0131kt\u0131\",\"datePublished\":\"2025-03-02T20:16:18+00:00\",\"dateModified\":\"2025-03-02T20:16:25+00:00\",\"mainEntityOfPage\":{\"@id\":\"https:\/\/avrupapress.com\/main\/2025\/03\/02\/ingilteredeki-ukrayna-zirvesinden-koalisyon-karari-cikti\/\"},\"wordCount\":1191,\"publisher\":{\"@id\":\"https:\/\/avrupapress.com\/#\/schema\/person\/0223dca19c72c43575bf30d1a2d8f4fa\"},\"image\":{\"@id\":\"https:\/\/avrupapress.com\/main\/2025\/03\/02\/ingilteredeki-ukrayna-zirvesinden-koalisyon-karari-cikti\/#primaryimage\"},\"thumbnailUrl\":\"https:\/\/avrupapress.com\/main\/wp-content\/uploads\/2025\/03\/avrupa-silahlaniyor-ukrayna-icin-koalisyon_18421289_5827.webp\",\"articleSection\":[\"Avrupa\",\"Bel\u00e7ika\",\"D\u00fcnya\",\"Ekonomi\",\"K\u00fclt\u00fcr-Sanat\",\"Spor\",\"Tan\u0131t\u0131m\",\"T\u00fcrkiye\",\"Uncategorized\"],\"inLanguage\":\"fr-BE\"},{\"@type\":\"WebPage\",\"@id\":\"https:\/\/avrupapress.com\/main\/2025\/03\/02\/ingilteredeki-ukrayna-zirvesinden-koalisyon-karari-cikti\/\",\"url\":\"https:\/\/avrupapress.com\/main\/2025\/03\/02\/ingilteredeki-ukrayna-zirvesinden-koalisyon-karari-cikti\/\",\"name\":\"\u0130ngiltere'deki Ukrayna zirvesinden 'koalisyon' karar\u0131 \u00e7\u0131kt\u0131 - AvrupaPress\",\"isPartOf\":{\"@id\":\"https:\/\/avrupapress.com\/#website\"},\"primaryImageOfPage\":{\"@id\":\"https:\/\/avrupapress.com\/main\/2025\/03\/02\/ingilteredeki-ukrayna-zirvesinden-koalisyon-karari-cikti\/#primaryimage\"},\"image\":{\"@id\":\"https:\/\/avrupapress.com\/main\/2025\/03\/02\/ingilteredeki-ukrayna-zirvesinden-koalisyon-karari-cikti\/#primaryimage\"},\"thumbnailUrl\":\"https:\/\/avrupapress.com\/main\/wp-content\/uploads\/2025\/03\/avrupa-silahlaniyor-ukrayna-icin-koalisyon_18421289_5827.webp\",\"datePublished\":\"2025-03-02T20:16:18+00:00\",\"dateModified\":\"2025-03-02T20:16:25+00:00\",\"breadcrumb\":{\"@id\":\"https:\/\/avrupapress.com\/main\/2025\/03\/02\/ingilteredeki-ukrayna-zirvesinden-koalisyon-karari-cikti\/#breadcrumb\"},\"inLanguage\":\"fr-BE\",\"potentialAction\":[{\"@type\":\"ReadAction\",\"target\":[\"https:\/\/avrupapress.com\/main\/2025\/03\/02\/ingilteredeki-ukrayna-zirvesinden-koalisyon-karari-cikti\/\"]}]},{\"@type\":\"ImageObject\",\"inLanguage\":\"fr-BE\",\"@id\":\"https:\/\/avrupapress.com\/main\/2025\/03\/02\/ingilteredeki-ukrayna-zirvesinden-koalisyon-karari-cikti\/#primaryimage\",\"url\":\"https:\/\/avrupapress.com\/main\/wp-content\/uploads\/2025\/03\/avrupa-silahlaniyor-ukrayna-icin-koalisyon_18421289_5827.webp\",\"contentUrl\":\"https:\/\/avrupapress.com\/main\/wp-content\/uploads\/2025\/03\/avrupa-silahlaniyor-ukrayna-icin-koalisyon_18421289_5827.webp\",\"width\":735,\"height\":490},{\"@type\":\"BreadcrumbList\",\"@id\":\"https:\/\/avrupapress.com\/main\/2025\/03\/02\/ingilteredeki-ukrayna-zirvesinden-koalisyon-karari-cikti\/#breadcrumb\",\"itemListElement\":[{\"@type\":\"ListItem\",\"position\":1,\"name\":\"Anasayfa\",\"item\":\"https:\/\/avrupapress.com\/\"},{\"@type\":\"ListItem\",\"position\":2,\"name\":\"\u0130ngiltere&rsquo;deki Ukrayna zirvesinden &lsquo;koalisyon&rsquo; karar\u0131 \u00e7\u0131kt\u0131\"}]},{\"@type\":\"WebSite\",\"@id\":\"https:\/\/avrupapress.com\/#website\",\"url\":\"https:\/\/avrupapress.com\/\",\"name\":\"AvrupaPress\",\"description\":\"Haberin Adresi\",\"publisher\":{\"@id\":\"https:\/\/avrupapress.com\/#\/schema\/person\/0223dca19c72c43575bf30d1a2d8f4fa\"},\"potentialAction\":[{\"@type\":\"SearchAction\",\"target\":{\"@type\":\"EntryPoint\",\"urlTemplate\":\"https:\/\/avrupapress.com\/?s={search_term_string}\"},\"query-input\":{\"@type\":\"PropertyValueSpecification\",\"valueRequired\":true,\"valueName\":\"search_term_string\"}}],\"inLanguage\":\"fr-BE\"},{\"@type\":[\"Person\",\"Organization\"],\"@id\":\"https:\/\/avrupapress.com\/#\/schema\/person\/0223dca19c72c43575bf30d1a2d8f4fa\",\"name\":\"Bilgin \u00d6z\u00e7ift\u00e7i\",\"image\":{\"@type\":\"ImageObject\",\"inLanguage\":\"fr-BE\",\"@id\":\"https:\/\/avrupapress.com\/#\/schema\/person\/image\/\",\"url\":\"https:\/\/secure.gravatar.com\/avatar\/0f23b280433a21e1ea7a0adcc46ed0ad16afe3ad8e630fd13d8a017dcbd54ef3?s=96&d=mm&r=g\",\"contentUrl\":\"https:\/\/secure.gravatar.com\/avatar\/0f23b280433a21e1ea7a0adcc46ed0ad16afe3ad8e630fd13d8a017dcbd54ef3?s=96&d=mm&r=g\",\"caption\":\"Bilgin \u00d6z\u00e7ift\u00e7i\"},\"logo\":{\"@id\":\"https:\/\/avrupapress.com\/#\/schema\/person\/image\/\"},\"description\":\"Ne ben, nede sen... Biz ancak \\\"biz\\\" olursak g\u00fc\u00e7l\u00fc olabiliriz\"},{\"@type\":\"Person\",\"@id\":\"https:\/\/avrupapress.com\/#\/schema\/person\/68428444ec60970d1e1b700cf4ca1e8f\",\"name\":\"Edit\u00f6r\",\"image\":{\"@type\":\"ImageObject\",\"inLanguage\":\"fr-BE\",\"@id\":\"https:\/\/avrupapress.com\/#\/schema\/person\/image\/\",\"url\":\"https:\/\/secure.gravatar.com\/avatar\/74996b0977aa5f1559ba9883776652508b229005c0d78fb2597897f0bd651c09?s=96&d=mm&r=g\",\"contentUrl\":\"https:\/\/secure.gravatar.com\/avatar\/74996b0977aa5f1559ba9883776652508b229005c0d78fb2597897f0bd651c09?s=96&d=mm&r=g\",\"caption\":\"Edit\u00f6r\"},\"sameAs\":[\"http:\/\/www.avrupapress.com\"],\"url\":\"https:\/\/avrupapress.com\/main\/author\/editor\/\"}]}<\/script>\n<!-- \/ Yoast SEO plugin. -->","yoast_head_json":{"title":"\u0130ngiltere'deki Ukrayna zirvesinden 'koalisyon' karar\u0131 \u00e7\u0131kt\u0131 - AvrupaPress","robots":{"index":"index","follow":"follow","max-snippet":"max-snippet:-1","max-image-preview":"max-image-preview:large","max-video-preview":"max-video-preview:-1"},"canonical":"https:\/\/avrupapress.com\/main\/2025\/03\/02\/ingilteredeki-ukrayna-zirvesinden-koalisyon-karari-cikti\/","og_locale":"fr_FR","og_type":"article","og_title":"\u0130ngiltere'deki Ukrayna zirvesinden 'koalisyon' karar\u0131 \u00e7\u0131kt\u0131 - AvrupaPress","og_description":"\u0130ngiltere&rsquo;nin ba\u015fkenti Londra&rsquo;da Ukrayna&rsquo;ya sa\u011flanacak g\u00fcvenlik garantileri ve kal\u0131c\u0131 bar\u0131\u015f\u0131n sa\u011flanmas\u0131 gibi konular\u0131n ele al\u0131nd\u0131\u011f\u0131 zirve sona erdi. \u0130ngiltere Ba\u015fbakan\u0131 Keir Starmer, zirve sonras\u0131 Ukrayna&rsquo;ya 4 ad\u0131mda destek plan\u0131 a\u00e7\u0131klad\u0131. Starmer, \u00ab\u00a0Bar\u0131\u015f\u0131 korumak i\u00e7in bir koalisyon kuraca\u011f\u0131z. Her \u00fclke katk\u0131da bulunamayabilir ancak bu, arkam\u0131za yaslan\u0131p izleyece\u011fimiz anlam\u0131na gelmez\u00a0\u00bb dedi. &nbsp; \u0130ngiltere&rsquo;nin ev sahipli\u011finde ba\u015fkent Londra&rsquo;da [&hellip;]","og_url":"https:\/\/avrupapress.com\/main\/2025\/03\/02\/ingilteredeki-ukrayna-zirvesinden-koalisyon-karari-cikti\/","og_site_name":"AvrupaPress","article_published_time":"2025-03-02T20:16:18+00:00","article_modified_time":"2025-03-02T20:16:25+00:00","og_image":[{"width":735,"height":490,"url":"https:\/\/avrupapress.com\/main\/wp-content\/uploads\/2025\/03\/avrupa-silahlaniyor-ukrayna-icin-koalisyon_18421289_5827.webp","type":"image\/webp"}],"author":"Edit\u00f6r","twitter_card":"summary_large_image","twitter_misc":{"\u00c9crit par":"Edit\u00f6r","Dur\u00e9e de lecture est.":"6 minutes"},"schema":{"@context":"https:\/\/schema.org","@graph":[{"@type":"Article","@id":"https:\/\/avrupapress.com\/main\/2025\/03\/02\/ingilteredeki-ukrayna-zirvesinden-koalisyon-karari-cikti\/#article","isPartOf":{"@id":"https:\/\/avrupapress.com\/main\/2025\/03\/02\/ingilteredeki-ukrayna-zirvesinden-koalisyon-karari-cikti\/"},"author":{"name":"Edit\u00f6r","@id":"https:\/\/avrupapress.com\/#\/schema\/person\/68428444ec60970d1e1b700cf4ca1e8f"},"headline":"\u0130ngiltere&rsquo;deki Ukrayna zirvesinden &lsquo;koalisyon&rsquo; karar\u0131 \u00e7\u0131kt\u0131","datePublished":"2025-03-02T20:16:18+00:00","dateModified":"2025-03-02T20:16:25+00:00","mainEntityOfPage":{"@id":"https:\/\/avrupapress.com\/main\/2025\/03\/02\/ingilteredeki-ukrayna-zirvesinden-koalisyon-karari-cikti\/"},"wordCount":1191,"publisher":{"@id":"https:\/\/avrupapress.com\/#\/schema\/person\/0223dca19c72c43575bf30d1a2d8f4fa"},"image":{"@id":"https:\/\/avrupapress.com\/main\/2025\/03\/02\/ingilteredeki-ukrayna-zirvesinden-koalisyon-karari-cikti\/#primaryimage"},"thumbnailUrl":"https:\/\/avrupapress.com\/main\/wp-content\/uploads\/2025\/03\/avrupa-silahlaniyor-ukrayna-icin-koalisyon_18421289_5827.webp","articleSection":["Avrupa","Bel\u00e7ika","D\u00fcnya","Ekonomi","K\u00fclt\u00fcr-Sanat","Spor","Tan\u0131t\u0131m","T\u00fcrkiye","Uncategorized"],"inLanguage":"fr-BE"},{"@type":"WebPage","@id":"https:\/\/avrupapress.com\/main\/2025\/03\/02\/ingilteredeki-ukrayna-zirvesinden-koalisyon-karari-cikti\/","url":"https:\/\/avrupapress.com\/main\/2025\/03\/02\/ingilteredeki-ukrayna-zirvesinden-koalisyon-karari-cikti\/","name":"\u0130ngiltere'deki Ukrayna zirvesinden 'koalisyon' karar\u0131 \u00e7\u0131kt\u0131 - AvrupaPress","isPartOf":{"@id":"https:\/\/avrupapress.com\/#website"},"primaryImageOfPage":{"@id":"https:\/\/avrupapress.com\/main\/2025\/03\/02\/ingilteredeki-ukrayna-zirvesinden-koalisyon-karari-cikti\/#primaryimage"},"image":{"@id":"https:\/\/avrupapress.com\/main\/2025\/03\/02\/ingilteredeki-ukrayna-zirvesinden-koalisyon-karari-cikti\/#primaryimage"},"thumbnailUrl":"https:\/\/avrupapress.com\/main\/wp-content\/uploads\/2025\/03\/avrupa-silahlaniyor-ukrayna-icin-koalisyon_18421289_5827.webp","datePublished":"2025-03-02T20:16:18+00:00","dateModified":"2025-03-02T20:16:25+00:00","breadcrumb":{"@id":"https:\/\/avrupapress.com\/main\/2025\/03\/02\/ingilteredeki-ukrayna-zirvesinden-koalisyon-karari-cikti\/#breadcrumb"},"inLanguage":"fr-BE","potentialAction":[{"@type":"ReadAction","target":["https:\/\/avrupapress.com\/main\/2025\/03\/02\/ingilteredeki-ukrayna-zirvesinden-koalisyon-karari-cikti\/"]}]},{"@type":"ImageObject","inLanguage":"fr-BE","@id":"https:\/\/avrupapress.com\/main\/2025\/03\/02\/ingilteredeki-ukrayna-zirvesinden-koalisyon-karari-cikti\/#primaryimage","url":"https:\/\/avrupapress.com\/main\/wp-content\/uploads\/2025\/03\/avrupa-silahlaniyor-ukrayna-icin-koalisyon_18421289_5827.webp","contentUrl":"https:\/\/avrupapress.com\/main\/wp-content\/uploads\/2025\/03\/avrupa-silahlaniyor-ukrayna-icin-koalisyon_18421289_5827.webp","width":735,"height":490},{"@type":"BreadcrumbList","@id":"https:\/\/avrupapress.com\/main\/2025\/03\/02\/ingilteredeki-ukrayna-zirvesinden-koalisyon-karari-cikti\/#breadcrumb","itemListElement":[{"@type":"ListItem","position":1,"name":"Anasayfa","item":"https:\/\/avrupapress.com\/"},{"@type":"ListItem","position":2,"name":"\u0130ngiltere&rsquo;deki Ukrayna zirvesinden &lsquo;koalisyon&rsquo; karar\u0131 \u00e7\u0131kt\u0131"}]},{"@type":"WebSite","@id":"https:\/\/avrupapress.com\/#website","url":"https:\/\/avrupapress.com\/","name":"AvrupaPress","description":"Haberin Adresi","publisher":{"@id":"https:\/\/avrupapress.com\/#\/schema\/person\/0223dca19c72c43575bf30d1a2d8f4fa"},"potentialAction":[{"@type":"SearchAction","target":{"@type":"EntryPoint","urlTemplate":"https:\/\/avrupapress.com\/?s={search_term_string}"},"query-input":{"@type":"PropertyValueSpecification","valueRequired":true,"valueName":"search_term_string"}}],"inLanguage":"fr-BE"},{"@type":["Person","Organization"],"@id":"https:\/\/avrupapress.com\/#\/schema\/person\/0223dca19c72c43575bf30d1a2d8f4fa","name":"Bilgin \u00d6z\u00e7ift\u00e7i","image":{"@type":"ImageObject","inLanguage":"fr-BE","@id":"https:\/\/avrupapress.com\/#\/schema\/person\/image\/","url":"https:\/\/secure.gravatar.com\/avatar\/0f23b280433a21e1ea7a0adcc46ed0ad16afe3ad8e630fd13d8a017dcbd54ef3?s=96&d=mm&r=g","contentUrl":"https:\/\/secure.gravatar.com\/avatar\/0f23b280433a21e1ea7a0adcc46ed0ad16afe3ad8e630fd13d8a017dcbd54ef3?s=96&d=mm&r=g","caption":"Bilgin \u00d6z\u00e7ift\u00e7i"},"logo":{"@id":"https:\/\/avrupapress.com\/#\/schema\/person\/image\/"},"description":"Ne ben, nede sen... Biz ancak \"biz\" olursak g\u00fc\u00e7l\u00fc olabiliriz"},{"@type":"Person","@id":"https:\/\/avrupapress.com\/#\/schema\/person\/68428444ec60970d1e1b700cf4ca1e8f","name":"Edit\u00f6r","image":{"@type":"ImageObject","inLanguage":"fr-BE","@id":"https:\/\/avrupapress.com\/#\/schema\/person\/image\/","url":"https:\/\/secure.gravatar.com\/avatar\/74996b0977aa5f1559ba9883776652508b229005c0d78fb2597897f0bd651c09?s=96&d=mm&r=g","contentUrl":"https:\/\/secure.gravatar.com\/avatar\/74996b0977aa5f1559ba9883776652508b229005c0d78fb2597897f0bd651c09?s=96&d=mm&r=g","caption":"Edit\u00f6r"},"sameAs":["http:\/\/www.avrupapress.com"],"url":"https:\/\/avrupapress.com\/main\/author\/editor\/"}]}},"_links":{"self":[{"href":"https:\/\/avrupapress.com\/main\/wp-json\/wp\/v2\/posts\/28337","targetHints":{"allow":["GET"]}}],"collection":[{"href":"https:\/\/avrupapress.com\/main\/wp-json\/wp\/v2\/posts"}],"about":[{"href":"https:\/\/avrupapress.com\/main\/wp-json\/wp\/v2\/types\/post"}],"author":[{"embeddable":true,"href":"https:\/\/avrupapress.com\/main\/wp-json\/wp\/v2\/users\/3"}],"replies":[{"embeddable":true,"href":"https:\/\/avrupapress.com\/main\/wp-json\/wp\/v2\/comments?post=28337"}],"version-history":[{"count":2,"href":"https:\/\/avrupapress.com\/main\/wp-json\/wp\/v2\/posts\/28337\/revisions"}],"predecessor-version":[{"id":28340,"href":"https:\/\/avrupapress.com\/main\/wp-json\/wp\/v2\/posts\/28337\/revisions\/28340"}],"wp:featuredmedia":[{"embeddable":true,"href":"https:\/\/avrupapress.com\/main\/wp-json\/wp\/v2\/media\/28338"}],"wp:attachment":[{"href":"https:\/\/avrupapress.com\/main\/wp-json\/wp\/v2\/media?parent=28337"}],"wp:term":[{"taxonomy":"category","embeddable":true,"href":"https:\/\/avrupapress.com\/main\/wp-json\/wp\/v2\/categories?post=28337"},{"taxonomy":"post_tag","embeddable":true,"href":"https:\/\/avrupapress.com\/main\/wp-json\/wp\/v2\/tags?post=28337"}],"curies":[{"name":"wp","href":"https:\/\/api.w.org\/{rel}","templated":true}]}}