{"id":28335,"date":"2025-03-01T20:33:32","date_gmt":"2025-03-01T20:33:32","guid":{"rendered":"https:\/\/avrupapress.com\/main\/?p=28335"},"modified":"2025-03-01T20:33:41","modified_gmt":"2025-03-01T20:33:41","slug":"terorun-gizli-muttefikleri","status":"publish","type":"post","link":"https:\/\/avrupapress.com\/main\/2025\/03\/01\/terorun-gizli-muttefikleri\/","title":{"rendered":"TER\u00d6R\u00dcN G\u0130ZL\u0130 M\u00dcTTEF\u0130KLER\u0130"},"content":{"rendered":"<div dir=\"auto\" data-olk-copy-source=\"MessageBody\">Avrupa ve Amerika, adeta ter\u00f6r\u00fcn gizli m\u00fcttefiki haline geldiler. \u00c7\u00fcnk\u00fc bunlar her f\u0131rsatta ter\u00f6re \u00f6vg\u00fc, lojistik destek, s\u0131\u011f\u0131nma ad\u0131 alt\u0131nda her t\u00fcrl\u00fc bar\u0131nma ve yeri geldi\u011finde nakdi destek verdiler. Bir de bunu yaparken b\u00fct\u00fcn d\u00fcnyay\u0131 salak yerine koyarak \u00fc\u00e7 maymunu oynay\u0131p ink\u00e2r ettiler. \u00a0Oysaki bunlar apa\u00e7\u0131k PKK\u2019ya, YPG&rsquo;ye, PYD&rsquo;ye ve daha bir\u00e7ok \u00f6rg\u00fct ile i\u015f tutarak ter\u00f6re ortak oldular. Onlar zaten en ba\u015fta \u0130srail ter\u00f6r devletine alenen destek verdikleri i\u00e7in saflar\u0131n\u0131 belli ettiler.<\/div>\n<div dir=\"auto\"><\/div>\n<div dir=\"auto\"><\/div>\n<div dir=\"auto\">Amerika ve Avrupa b\u00fct\u00fcn m\u00fcttefiklerine kar\u015f\u0131 samimi olmad\u0131klar\u0131 gibi, verdikleri her s\u00f6z\u00fcn koca bir yalandan ibaret oldu\u011fu gibi beyanatlar\u0131n her zerresinde de ayr\u0131 bir fitne bar\u0131nd\u0131rd\u0131\u011f\u0131 ortadad\u0131r. Ayn\u0131 zamanda bir o kadar da samimiyetsizdirler. Bunlar ger\u00e7ekten samimi olsalard\u0131 \u00f6ncelikle s\u0131\u011f\u0131nmac\u0131 diye ba\u011fr\u0131na bast\u0131klar\u0131 ter\u00f6ristleri derhal s\u0131n\u0131r d\u0131\u015f\u0131 ederlerdi.<\/div>\n<div dir=\"auto\"><\/div>\n<div dir=\"auto\"><\/div>\n<div dir=\"auto\">E\u011fer bunlar o ter\u00f6ristleri s\u0131n\u0131r d\u0131\u015f\u0131 etseler, i\u015fte o zaman m\u00fcttefik olduklar\u0131n\u0131 b\u00fct\u00fcn d\u00fcnyaya g\u00f6sterip h\u00fcsn\u00fc niyetini ispatlam\u0131\u015f olurlard\u0131. Ama nerde onlarda o samimiyet ve d\u00fcr\u00fcstl\u00fck ? Amerika, sizce ter\u00f6r konusunda samimi bir politika y\u00fcr\u00fct\u00fcyor mu? Bence hay\u0131r; \u00e7\u00fcnk\u00fc ter\u00f6r\u00fc bizzat kendileri organize ediyorlar. Hatta bir\u00e7ok PKK sempatizan\u0131 \u015f\u00f6yle diyor: \u201cAmerika ve Avrupa bizi tan\u0131d\u0131 ama \u00a0T\u00fcrkiye bizi bir t\u00fcrl\u00fc tan\u0131mad\u0131.\u201d Evet tan\u0131mad\u0131 ve asla tan\u0131mayacakt\u0131r. \u00c7\u00fcnk\u00fc ter\u00f6r\u00fcn her t\u00fcrl\u00fcs\u00fcne kar\u015f\u0131y\u0131z. Ter\u00f6ristle i\u015f birli\u011fi yap\u0131lmaz.<\/div>\n<div dir=\"auto\"><\/div>\n<div dir=\"auto\"><\/div>\n<div dir=\"auto\">Amerika ve Avrupa hi\u00e7bir zaman ne bizimle ne de herhangi bir M\u00fcsl\u00fcman \u00fclkesi ile ger\u00e7ek manada dost olmad\u0131lar. Bilhassa her f\u0131rsatta M\u00fcsl\u00fcman co\u011frafyan\u0131n zenginliklerinden istifade etmek i\u00e7in ter\u00f6r unsurlar\u0131na destek verip M\u00fcsl\u00fcman Milletlerin kuyusunu kazd\u0131lar. \u00d6zellikle T\u00fcrk H\u00fck\u00fcmetlerine daima dost gibi g\u00f6r\u00fcn\u00fcp asla ve kat&rsquo;a hi\u00e7bir zaman dost olmad\u0131lar. Her f\u0131rsatta s\u0131rt\u0131m\u0131zdan han\u00e7erlediler. Ellerinden geldik\u00e7e vurmaya devam ediyorlar.<\/div>\n<div dir=\"auto\"><\/div>\n<div dir=\"auto\"><\/div>\n<div dir=\"auto\">S\u00f6zde m\u00fcttefiktik ama \u00a0ne oldu? Amerika Fet\u00f6 ter\u00f6r \u00f6rg\u00fct\u00fcn\u00fc ba\u011fr\u0131nda bar\u0131nd\u0131rm\u0131yor mu? Hani F35 u\u00e7aklar\u0131na ne oldu? Y\u0131llard\u0131r ne \u00f6deme yapt\u0131lar ne de bunlar\u0131n yerine F16 u\u00e7aklar\u0131n\u0131 verdiler. Hele Avrupa hi\u00e7 konu\u015fmas\u0131n \u00e7\u00fcnk\u00fc yar\u0131m as\u0131rd\u0131r b\u00fct\u00fcn PKK unsurlar\u0131n\u0131 ba\u011fr\u0131nda bar\u0131nd\u0131r\u0131yor. Onun i\u00e7in bunlar, ancak i\u00e7imize nifak sokarlar! D\u00fcn de b\u00f6yleydi, bug\u00fcn de b\u00f6yle, yar\u0131n da b\u00f6yle olmaya devam edecektir.<\/div>\n<div dir=\"auto\"><\/div>\n<div dir=\"auto\"><\/div>\n<div dir=\"auto\">\u00c7\u00fcnk\u00fc bunlar adeta itin kuyru\u011fu gibidirler. \u0130tin kuyru\u011funu 40 y\u0131l kal\u0131ba koy \u00e7\u0131kar, yine e\u011fri b\u00fc\u011fr\u00fc olur. Bunlar\u0131n da f\u0131trat\u0131 bozuk oldu\u011fu i\u00e7in aynen itin kuyru\u011fu gibi do\u011fru olmay\u0131 beceremezler. Nas\u0131l olsa her \u00fclkede \u00e7omak sokacak bir yanda\u015f\u0131 bulunuyor. Buna binaen T\u00fcrkiye\u2019de bu i\u015fin ba\u015f mihmandarl\u0131\u011f\u0131n\u0131 yapan ter\u00f6r unsurlar\u0131 var. Baz\u0131lar\u0131 her ne kadar siyasi, medya ve STK kisvelerine b\u00fcr\u00fcnseler de zaten niyetlerini gizlemiyorlar.<\/div>\n<div dir=\"auto\"><\/div>\n<div dir=\"auto\"><\/div>\n<div dir=\"auto\">Bak\u0131n, \u015fu son g\u00fcnlerde h\u00fck\u00fcmet kanad\u0131 ter\u00f6r\u00fcn son bulmas\u0131 i\u00e7in ciddi ad\u0131mlar att\u0131. Bu durum ter\u00f6r yanda\u015f\u0131 medya organlar\u0131nda, siyasilerde ve STK kurumlar\u0131na ciddi derecede rahats\u0131zl\u0131k olu\u015fturdu. Tabiki en ba\u015fta m\u00fcttefikleri olan a\u011fa babalar\u0131 rahats\u0131z olunca, bunlar\u0131n da tasmalar\u0131 elinde oldu\u011fu i\u00e7in ger\u00e7ek anlamda canlar\u0131 s\u0131k\u0131l\u0131yor. Asl\u0131nda plan ak\u0131ll\u0131 bir \u015fekilde i\u015fliyor. E\u011fer da\u011f fareleri bu \u00e7a\u011fr\u0131ya uyup silah b\u0131rak\u0131rlarsa, \u015fehirdeki yaverlerin saltanat ve rantlar\u0131 riske girecek. \u015eayet b\u0131rakmay\u0131z illede direniriz derlerse, o zaman yine ba\u015flar\u0131, \u00f6rg\u00fct ve a\u011fababalar\u0131 taraf\u0131ndan dertte olacak. Yani de\u011fne\u011fin iki ucu pislik i\u00e7inde.<\/div>\n<div dir=\"auto\"><\/div>\n<div dir=\"auto\"><\/div>\n<div dir=\"auto\">Bak\u0131n \u015fu son \u00fc\u00e7 g\u00fcnde art arda f\u0131rlat\u0131lan TAYFUN F\u00dcZES\u0130 onlar\u0131n korkulu r\u00fcyalar\u0131 haline geldi. Bir yandan Yunanistan, di\u011fer yandan ter\u00f6r \u00f6rg\u00fctleri pe\u015f pe\u015fe a\u00e7\u0131klamalar yaparak, m\u00fcttefikleri konumunda olan Avrupa ve Amerika\u2019ya \u00e7a\u011fr\u0131da bulunup \u201cT\u00fcrkleri durdurun!\u201d diye feryad-\u0131 figan etmeye ba\u015flad\u0131lar.<\/div>\n<div dir=\"auto\"><\/div>\n<div dir=\"auto\"><\/div>\n<div dir=\"auto\">Bu tarz milli \u00e7al\u0131\u015fmalar T\u00fcrkiye\u2019ye ger\u00e7ek anlamda g\u00fc\u00e7t\u00fcr, kuvvettir. G\u00fc\u00e7lenmemizden rahats\u0131z olanlar d\u00fc\u015fman, sevinip mutlu olanlar cand\u0131r, namustur ve \u00fcmmettir. Biz vatanda\u015f olarak bu \u00e7al\u0131\u015fmalardan mutluyuz ve bahtiyar\u0131z. Kim de sevinmiyorsa ve i\u00e7ten i\u00e7e kinlenen varsa o haindir, hemde hain o\u011flu haindir. Hainler ise m\u00fcrtettir, m\u00fcrtedin h\u00fckm\u00fc ise \u015feriat\u0131 garrada bellidir.<\/div>\n<div dir=\"auto\"><\/div>\n<div dir=\"auto\"><\/div>\n<div dir=\"auto\">\u0130la ahiri kelam\u0131m\u0131z\u0131n hulasas\u0131nda Y\u00fcce Rabbim bu cennet vatan\u0131 sahipsiz yani devletsiz b\u0131rakmas\u0131n. Allah, c\u00fcmlemizin yar ve yard\u0131mc\u0131s\u0131 olsun. Y\u00fcce Allah ne zalimlere ve ne de d\u00fc\u015fmanlar\u0131m\u0131z\u0131n i\u015fbirlik\u00e7ilerine f\u0131rsat vermesin. Allah, c\u00fcmlemizi Settar ismi h\u00fcrmetine muhafaza etsin. Selam ve dua ile huzur i\u00e7inde kal\u0131n selametle efendim<\/div>\n<p>\u201cSAYGILARIMLA VESSELAM\u201d<\/p>\n<p>&nbsp;<\/p>\n<p><strong>Abdullah Taskin\u00a0 \u00a0 \u00a0\/\u00a0 \u00a0 \u00a0AVRUPAPRESS<\/strong><\/p>\n<p>&nbsp;<\/p>\n","protected":false},"excerpt":{"rendered":"<p>Avrupa ve Amerika, adeta ter\u00f6r\u00fcn gizli m\u00fcttefiki haline geldiler. \u00c7\u00fcnk\u00fc bunlar her f\u0131rsatta ter\u00f6re \u00f6vg\u00fc, lojistik destek, s\u0131\u011f\u0131nma ad\u0131 alt\u0131nda her t\u00fcrl\u00fc bar\u0131nma ve yeri geldi\u011finde nakdi destek verdiler. Bir de bunu yaparken b\u00fct\u00fcn d\u00fcnyay\u0131 salak yerine koyarak \u00fc\u00e7 maymunu oynay\u0131p ink\u00e2r ettiler. \u00a0Oysaki bunlar apa\u00e7\u0131k PKK\u2019ya, YPG&rsquo;ye, PYD&rsquo;ye ve daha bir\u00e7ok \u00f6rg\u00fct ile i\u015f [&hellip;]<\/p>\n","protected":false},"author":3,"featured_media":27527,"comment_status":"closed","ping_status":"open","sticky":false,"template":"","format":"standard","meta":{"footnotes":""},"categories":[14,16,3,17,18,15,19,2,1],"tags":[],"class_list":["post-28335","post","type-post","status-publish","format-standard","has-post-thumbnail","hentry","category-avrupa","category-belcika","category-dunya","category-ekonomi","category-kultur-sanat","category-spor","category-tanitim","category-turkiye","category-uncategorized"],"yoast_head":"<!-- This site is optimized with the Yoast SEO plugin v26.9 - https:\/\/yoast.com\/product\/yoast-seo-wordpress\/ -->\n<title>TER\u00d6R\u00dcN G\u0130ZL\u0130 M\u00dcTTEF\u0130KLER\u0130 - AvrupaPress<\/title>\n<meta name=\"robots\" content=\"index, follow, max-snippet:-1, max-image-preview:large, max-video-preview:-1\" \/>\n<link rel=\"canonical\" href=\"https:\/\/avrupapress.com\/main\/2025\/03\/01\/terorun-gizli-muttefikleri\/\" \/>\n<meta property=\"og:locale\" content=\"fr_FR\" \/>\n<meta property=\"og:type\" content=\"article\" \/>\n<meta property=\"og:title\" content=\"TER\u00d6R\u00dcN G\u0130ZL\u0130 M\u00dcTTEF\u0130KLER\u0130 - AvrupaPress\" \/>\n<meta property=\"og:description\" content=\"Avrupa ve Amerika, adeta ter\u00f6r\u00fcn gizli m\u00fcttefiki haline geldiler. \u00c7\u00fcnk\u00fc bunlar her f\u0131rsatta ter\u00f6re \u00f6vg\u00fc, lojistik destek, s\u0131\u011f\u0131nma ad\u0131 alt\u0131nda her t\u00fcrl\u00fc bar\u0131nma ve yeri geldi\u011finde nakdi destek verdiler. Bir de bunu yaparken b\u00fct\u00fcn d\u00fcnyay\u0131 salak yerine koyarak \u00fc\u00e7 maymunu oynay\u0131p ink\u00e2r ettiler. \u00a0Oysaki bunlar apa\u00e7\u0131k PKK\u2019ya, YPG&rsquo;ye, PYD&rsquo;ye ve daha bir\u00e7ok \u00f6rg\u00fct ile i\u015f [&hellip;]\" \/>\n<meta property=\"og:url\" content=\"https:\/\/avrupapress.com\/main\/2025\/03\/01\/terorun-gizli-muttefikleri\/\" \/>\n<meta property=\"og:site_name\" content=\"AvrupaPress\" \/>\n<meta property=\"article:published_time\" content=\"2025-03-01T20:33:32+00:00\" \/>\n<meta property=\"article:modified_time\" content=\"2025-03-01T20:33:41+00:00\" \/>\n<meta property=\"og:image\" content=\"https:\/\/avrupapress.com\/main\/wp-content\/uploads\/2024\/12\/thumbnail_IMG-20210209-WA0004-728x410-2.jpg\" \/>\n\t<meta property=\"og:image:width\" content=\"728\" \/>\n\t<meta property=\"og:image:height\" content=\"410\" \/>\n\t<meta property=\"og:image:type\" content=\"image\/jpeg\" \/>\n<meta name=\"author\" content=\"Edit\u00f6r\" \/>\n<meta name=\"twitter:card\" content=\"summary_large_image\" \/>\n<meta name=\"twitter:label1\" content=\"\u00c9crit par\" \/>\n\t<meta name=\"twitter:data1\" content=\"Edit\u00f6r\" \/>\n\t<meta name=\"twitter:label2\" content=\"Dur\u00e9e de lecture est.\" \/>\n\t<meta name=\"twitter:data2\" content=\"4 minutes\" \/>\n<script type=\"application\/ld+json\" class=\"yoast-schema-graph\">{\"@context\":\"https:\/\/schema.org\",\"@graph\":[{\"@type\":\"Article\",\"@id\":\"https:\/\/avrupapress.com\/main\/2025\/03\/01\/terorun-gizli-muttefikleri\/#article\",\"isPartOf\":{\"@id\":\"https:\/\/avrupapress.com\/main\/2025\/03\/01\/terorun-gizli-muttefikleri\/\"},\"author\":{\"name\":\"Edit\u00f6r\",\"@id\":\"https:\/\/avrupapress.com\/#\/schema\/person\/68428444ec60970d1e1b700cf4ca1e8f\"},\"headline\":\"TER\u00d6R\u00dcN G\u0130ZL\u0130 M\u00dcTTEF\u0130KLER\u0130\",\"datePublished\":\"2025-03-01T20:33:32+00:00\",\"dateModified\":\"2025-03-01T20:33:41+00:00\",\"mainEntityOfPage\":{\"@id\":\"https:\/\/avrupapress.com\/main\/2025\/03\/01\/terorun-gizli-muttefikleri\/\"},\"wordCount\":887,\"publisher\":{\"@id\":\"https:\/\/avrupapress.com\/#\/schema\/person\/0223dca19c72c43575bf30d1a2d8f4fa\"},\"image\":{\"@id\":\"https:\/\/avrupapress.com\/main\/2025\/03\/01\/terorun-gizli-muttefikleri\/#primaryimage\"},\"thumbnailUrl\":\"https:\/\/avrupapress.com\/main\/wp-content\/uploads\/2024\/12\/thumbnail_IMG-20210209-WA0004-728x410-2.jpg\",\"articleSection\":[\"Avrupa\",\"Bel\u00e7ika\",\"D\u00fcnya\",\"Ekonomi\",\"K\u00fclt\u00fcr-Sanat\",\"Spor\",\"Tan\u0131t\u0131m\",\"T\u00fcrkiye\",\"Uncategorized\"],\"inLanguage\":\"fr-BE\"},{\"@type\":\"WebPage\",\"@id\":\"https:\/\/avrupapress.com\/main\/2025\/03\/01\/terorun-gizli-muttefikleri\/\",\"url\":\"https:\/\/avrupapress.com\/main\/2025\/03\/01\/terorun-gizli-muttefikleri\/\",\"name\":\"TER\u00d6R\u00dcN G\u0130ZL\u0130 M\u00dcTTEF\u0130KLER\u0130 - AvrupaPress\",\"isPartOf\":{\"@id\":\"https:\/\/avrupapress.com\/#website\"},\"primaryImageOfPage\":{\"@id\":\"https:\/\/avrupapress.com\/main\/2025\/03\/01\/terorun-gizli-muttefikleri\/#primaryimage\"},\"image\":{\"@id\":\"https:\/\/avrupapress.com\/main\/2025\/03\/01\/terorun-gizli-muttefikleri\/#primaryimage\"},\"thumbnailUrl\":\"https:\/\/avrupapress.com\/main\/wp-content\/uploads\/2024\/12\/thumbnail_IMG-20210209-WA0004-728x410-2.jpg\",\"datePublished\":\"2025-03-01T20:33:32+00:00\",\"dateModified\":\"2025-03-01T20:33:41+00:00\",\"breadcrumb\":{\"@id\":\"https:\/\/avrupapress.com\/main\/2025\/03\/01\/terorun-gizli-muttefikleri\/#breadcrumb\"},\"inLanguage\":\"fr-BE\",\"potentialAction\":[{\"@type\":\"ReadAction\",\"target\":[\"https:\/\/avrupapress.com\/main\/2025\/03\/01\/terorun-gizli-muttefikleri\/\"]}]},{\"@type\":\"ImageObject\",\"inLanguage\":\"fr-BE\",\"@id\":\"https:\/\/avrupapress.com\/main\/2025\/03\/01\/terorun-gizli-muttefikleri\/#primaryimage\",\"url\":\"https:\/\/avrupapress.com\/main\/wp-content\/uploads\/2024\/12\/thumbnail_IMG-20210209-WA0004-728x410-2.jpg\",\"contentUrl\":\"https:\/\/avrupapress.com\/main\/wp-content\/uploads\/2024\/12\/thumbnail_IMG-20210209-WA0004-728x410-2.jpg\",\"width\":728,\"height\":410},{\"@type\":\"BreadcrumbList\",\"@id\":\"https:\/\/avrupapress.com\/main\/2025\/03\/01\/terorun-gizli-muttefikleri\/#breadcrumb\",\"itemListElement\":[{\"@type\":\"ListItem\",\"position\":1,\"name\":\"Anasayfa\",\"item\":\"https:\/\/avrupapress.com\/\"},{\"@type\":\"ListItem\",\"position\":2,\"name\":\"TER\u00d6R\u00dcN G\u0130ZL\u0130 M\u00dcTTEF\u0130KLER\u0130\"}]},{\"@type\":\"WebSite\",\"@id\":\"https:\/\/avrupapress.com\/#website\",\"url\":\"https:\/\/avrupapress.com\/\",\"name\":\"AvrupaPress\",\"description\":\"Haberin Adresi\",\"publisher\":{\"@id\":\"https:\/\/avrupapress.com\/#\/schema\/person\/0223dca19c72c43575bf30d1a2d8f4fa\"},\"potentialAction\":[{\"@type\":\"SearchAction\",\"target\":{\"@type\":\"EntryPoint\",\"urlTemplate\":\"https:\/\/avrupapress.com\/?s={search_term_string}\"},\"query-input\":{\"@type\":\"PropertyValueSpecification\",\"valueRequired\":true,\"valueName\":\"search_term_string\"}}],\"inLanguage\":\"fr-BE\"},{\"@type\":[\"Person\",\"Organization\"],\"@id\":\"https:\/\/avrupapress.com\/#\/schema\/person\/0223dca19c72c43575bf30d1a2d8f4fa\",\"name\":\"Bilgin \u00d6z\u00e7ift\u00e7i\",\"image\":{\"@type\":\"ImageObject\",\"inLanguage\":\"fr-BE\",\"@id\":\"https:\/\/avrupapress.com\/#\/schema\/person\/image\/\",\"url\":\"https:\/\/secure.gravatar.com\/avatar\/0f23b280433a21e1ea7a0adcc46ed0ad16afe3ad8e630fd13d8a017dcbd54ef3?s=96&d=mm&r=g\",\"contentUrl\":\"https:\/\/secure.gravatar.com\/avatar\/0f23b280433a21e1ea7a0adcc46ed0ad16afe3ad8e630fd13d8a017dcbd54ef3?s=96&d=mm&r=g\",\"caption\":\"Bilgin \u00d6z\u00e7ift\u00e7i\"},\"logo\":{\"@id\":\"https:\/\/avrupapress.com\/#\/schema\/person\/image\/\"},\"description\":\"Ne ben, nede sen... Biz ancak \\\"biz\\\" olursak g\u00fc\u00e7l\u00fc olabiliriz\"},{\"@type\":\"Person\",\"@id\":\"https:\/\/avrupapress.com\/#\/schema\/person\/68428444ec60970d1e1b700cf4ca1e8f\",\"name\":\"Edit\u00f6r\",\"image\":{\"@type\":\"ImageObject\",\"inLanguage\":\"fr-BE\",\"@id\":\"https:\/\/avrupapress.com\/#\/schema\/person\/image\/\",\"url\":\"https:\/\/secure.gravatar.com\/avatar\/74996b0977aa5f1559ba9883776652508b229005c0d78fb2597897f0bd651c09?s=96&d=mm&r=g\",\"contentUrl\":\"https:\/\/secure.gravatar.com\/avatar\/74996b0977aa5f1559ba9883776652508b229005c0d78fb2597897f0bd651c09?s=96&d=mm&r=g\",\"caption\":\"Edit\u00f6r\"},\"sameAs\":[\"http:\/\/www.avrupapress.com\"],\"url\":\"https:\/\/avrupapress.com\/main\/author\/editor\/\"}]}<\/script>\n<!-- \/ Yoast SEO plugin. -->","yoast_head_json":{"title":"TER\u00d6R\u00dcN G\u0130ZL\u0130 M\u00dcTTEF\u0130KLER\u0130 - AvrupaPress","robots":{"index":"index","follow":"follow","max-snippet":"max-snippet:-1","max-image-preview":"max-image-preview:large","max-video-preview":"max-video-preview:-1"},"canonical":"https:\/\/avrupapress.com\/main\/2025\/03\/01\/terorun-gizli-muttefikleri\/","og_locale":"fr_FR","og_type":"article","og_title":"TER\u00d6R\u00dcN G\u0130ZL\u0130 M\u00dcTTEF\u0130KLER\u0130 - AvrupaPress","og_description":"Avrupa ve Amerika, adeta ter\u00f6r\u00fcn gizli m\u00fcttefiki haline geldiler. \u00c7\u00fcnk\u00fc bunlar her f\u0131rsatta ter\u00f6re \u00f6vg\u00fc, lojistik destek, s\u0131\u011f\u0131nma ad\u0131 alt\u0131nda her t\u00fcrl\u00fc bar\u0131nma ve yeri geldi\u011finde nakdi destek verdiler. Bir de bunu yaparken b\u00fct\u00fcn d\u00fcnyay\u0131 salak yerine koyarak \u00fc\u00e7 maymunu oynay\u0131p ink\u00e2r ettiler. \u00a0Oysaki bunlar apa\u00e7\u0131k PKK\u2019ya, YPG&rsquo;ye, PYD&rsquo;ye ve daha bir\u00e7ok \u00f6rg\u00fct ile i\u015f [&hellip;]","og_url":"https:\/\/avrupapress.com\/main\/2025\/03\/01\/terorun-gizli-muttefikleri\/","og_site_name":"AvrupaPress","article_published_time":"2025-03-01T20:33:32+00:00","article_modified_time":"2025-03-01T20:33:41+00:00","og_image":[{"width":728,"height":410,"url":"https:\/\/avrupapress.com\/main\/wp-content\/uploads\/2024\/12\/thumbnail_IMG-20210209-WA0004-728x410-2.jpg","type":"image\/jpeg"}],"author":"Edit\u00f6r","twitter_card":"summary_large_image","twitter_misc":{"\u00c9crit par":"Edit\u00f6r","Dur\u00e9e de lecture est.":"4 minutes"},"schema":{"@context":"https:\/\/schema.org","@graph":[{"@type":"Article","@id":"https:\/\/avrupapress.com\/main\/2025\/03\/01\/terorun-gizli-muttefikleri\/#article","isPartOf":{"@id":"https:\/\/avrupapress.com\/main\/2025\/03\/01\/terorun-gizli-muttefikleri\/"},"author":{"name":"Edit\u00f6r","@id":"https:\/\/avrupapress.com\/#\/schema\/person\/68428444ec60970d1e1b700cf4ca1e8f"},"headline":"TER\u00d6R\u00dcN G\u0130ZL\u0130 M\u00dcTTEF\u0130KLER\u0130","datePublished":"2025-03-01T20:33:32+00:00","dateModified":"2025-03-01T20:33:41+00:00","mainEntityOfPage":{"@id":"https:\/\/avrupapress.com\/main\/2025\/03\/01\/terorun-gizli-muttefikleri\/"},"wordCount":887,"publisher":{"@id":"https:\/\/avrupapress.com\/#\/schema\/person\/0223dca19c72c43575bf30d1a2d8f4fa"},"image":{"@id":"https:\/\/avrupapress.com\/main\/2025\/03\/01\/terorun-gizli-muttefikleri\/#primaryimage"},"thumbnailUrl":"https:\/\/avrupapress.com\/main\/wp-content\/uploads\/2024\/12\/thumbnail_IMG-20210209-WA0004-728x410-2.jpg","articleSection":["Avrupa","Bel\u00e7ika","D\u00fcnya","Ekonomi","K\u00fclt\u00fcr-Sanat","Spor","Tan\u0131t\u0131m","T\u00fcrkiye","Uncategorized"],"inLanguage":"fr-BE"},{"@type":"WebPage","@id":"https:\/\/avrupapress.com\/main\/2025\/03\/01\/terorun-gizli-muttefikleri\/","url":"https:\/\/avrupapress.com\/main\/2025\/03\/01\/terorun-gizli-muttefikleri\/","name":"TER\u00d6R\u00dcN G\u0130ZL\u0130 M\u00dcTTEF\u0130KLER\u0130 - AvrupaPress","isPartOf":{"@id":"https:\/\/avrupapress.com\/#website"},"primaryImageOfPage":{"@id":"https:\/\/avrupapress.com\/main\/2025\/03\/01\/terorun-gizli-muttefikleri\/#primaryimage"},"image":{"@id":"https:\/\/avrupapress.com\/main\/2025\/03\/01\/terorun-gizli-muttefikleri\/#primaryimage"},"thumbnailUrl":"https:\/\/avrupapress.com\/main\/wp-content\/uploads\/2024\/12\/thumbnail_IMG-20210209-WA0004-728x410-2.jpg","datePublished":"2025-03-01T20:33:32+00:00","dateModified":"2025-03-01T20:33:41+00:00","breadcrumb":{"@id":"https:\/\/avrupapress.com\/main\/2025\/03\/01\/terorun-gizli-muttefikleri\/#breadcrumb"},"inLanguage":"fr-BE","potentialAction":[{"@type":"ReadAction","target":["https:\/\/avrupapress.com\/main\/2025\/03\/01\/terorun-gizli-muttefikleri\/"]}]},{"@type":"ImageObject","inLanguage":"fr-BE","@id":"https:\/\/avrupapress.com\/main\/2025\/03\/01\/terorun-gizli-muttefikleri\/#primaryimage","url":"https:\/\/avrupapress.com\/main\/wp-content\/uploads\/2024\/12\/thumbnail_IMG-20210209-WA0004-728x410-2.jpg","contentUrl":"https:\/\/avrupapress.com\/main\/wp-content\/uploads\/2024\/12\/thumbnail_IMG-20210209-WA0004-728x410-2.jpg","width":728,"height":410},{"@type":"BreadcrumbList","@id":"https:\/\/avrupapress.com\/main\/2025\/03\/01\/terorun-gizli-muttefikleri\/#breadcrumb","itemListElement":[{"@type":"ListItem","position":1,"name":"Anasayfa","item":"https:\/\/avrupapress.com\/"},{"@type":"ListItem","position":2,"name":"TER\u00d6R\u00dcN G\u0130ZL\u0130 M\u00dcTTEF\u0130KLER\u0130"}]},{"@type":"WebSite","@id":"https:\/\/avrupapress.com\/#website","url":"https:\/\/avrupapress.com\/","name":"AvrupaPress","description":"Haberin Adresi","publisher":{"@id":"https:\/\/avrupapress.com\/#\/schema\/person\/0223dca19c72c43575bf30d1a2d8f4fa"},"potentialAction":[{"@type":"SearchAction","target":{"@type":"EntryPoint","urlTemplate":"https:\/\/avrupapress.com\/?s={search_term_string}"},"query-input":{"@type":"PropertyValueSpecification","valueRequired":true,"valueName":"search_term_string"}}],"inLanguage":"fr-BE"},{"@type":["Person","Organization"],"@id":"https:\/\/avrupapress.com\/#\/schema\/person\/0223dca19c72c43575bf30d1a2d8f4fa","name":"Bilgin \u00d6z\u00e7ift\u00e7i","image":{"@type":"ImageObject","inLanguage":"fr-BE","@id":"https:\/\/avrupapress.com\/#\/schema\/person\/image\/","url":"https:\/\/secure.gravatar.com\/avatar\/0f23b280433a21e1ea7a0adcc46ed0ad16afe3ad8e630fd13d8a017dcbd54ef3?s=96&d=mm&r=g","contentUrl":"https:\/\/secure.gravatar.com\/avatar\/0f23b280433a21e1ea7a0adcc46ed0ad16afe3ad8e630fd13d8a017dcbd54ef3?s=96&d=mm&r=g","caption":"Bilgin \u00d6z\u00e7ift\u00e7i"},"logo":{"@id":"https:\/\/avrupapress.com\/#\/schema\/person\/image\/"},"description":"Ne ben, nede sen... Biz ancak \"biz\" olursak g\u00fc\u00e7l\u00fc olabiliriz"},{"@type":"Person","@id":"https:\/\/avrupapress.com\/#\/schema\/person\/68428444ec60970d1e1b700cf4ca1e8f","name":"Edit\u00f6r","image":{"@type":"ImageObject","inLanguage":"fr-BE","@id":"https:\/\/avrupapress.com\/#\/schema\/person\/image\/","url":"https:\/\/secure.gravatar.com\/avatar\/74996b0977aa5f1559ba9883776652508b229005c0d78fb2597897f0bd651c09?s=96&d=mm&r=g","contentUrl":"https:\/\/secure.gravatar.com\/avatar\/74996b0977aa5f1559ba9883776652508b229005c0d78fb2597897f0bd651c09?s=96&d=mm&r=g","caption":"Edit\u00f6r"},"sameAs":["http:\/\/www.avrupapress.com"],"url":"https:\/\/avrupapress.com\/main\/author\/editor\/"}]}},"_links":{"self":[{"href":"https:\/\/avrupapress.com\/main\/wp-json\/wp\/v2\/posts\/28335","targetHints":{"allow":["GET"]}}],"collection":[{"href":"https:\/\/avrupapress.com\/main\/wp-json\/wp\/v2\/posts"}],"about":[{"href":"https:\/\/avrupapress.com\/main\/wp-json\/wp\/v2\/types\/post"}],"author":[{"embeddable":true,"href":"https:\/\/avrupapress.com\/main\/wp-json\/wp\/v2\/users\/3"}],"replies":[{"embeddable":true,"href":"https:\/\/avrupapress.com\/main\/wp-json\/wp\/v2\/comments?post=28335"}],"version-history":[{"count":1,"href":"https:\/\/avrupapress.com\/main\/wp-json\/wp\/v2\/posts\/28335\/revisions"}],"predecessor-version":[{"id":28336,"href":"https:\/\/avrupapress.com\/main\/wp-json\/wp\/v2\/posts\/28335\/revisions\/28336"}],"wp:featuredmedia":[{"embeddable":true,"href":"https:\/\/avrupapress.com\/main\/wp-json\/wp\/v2\/media\/27527"}],"wp:attachment":[{"href":"https:\/\/avrupapress.com\/main\/wp-json\/wp\/v2\/media?parent=28335"}],"wp:term":[{"taxonomy":"category","embeddable":true,"href":"https:\/\/avrupapress.com\/main\/wp-json\/wp\/v2\/categories?post=28335"},{"taxonomy":"post_tag","embeddable":true,"href":"https:\/\/avrupapress.com\/main\/wp-json\/wp\/v2\/tags?post=28335"}],"curies":[{"name":"wp","href":"https:\/\/api.w.org\/{rel}","templated":true}]}}