{"id":28332,"date":"2025-03-01T20:27:59","date_gmt":"2025-03-01T20:27:59","guid":{"rendered":"https:\/\/avrupapress.com\/main\/?p=28332"},"modified":"2025-05-19T19:54:51","modified_gmt":"2025-05-19T19:54:51","slug":"kuresel-ekonomi-ve-turkiye","status":"publish","type":"post","link":"https:\/\/avrupapress.com\/main\/2025\/03\/01\/kuresel-ekonomi-ve-turkiye\/","title":{"rendered":"K\u00dcRESEL EKONOM\u0130 VE T\u00dcRK\u0130YE"},"content":{"rendered":"<p>Kap\u0131n\u0131z\u0131n \u00f6n\u00fcne ekilen fidan\u0131n yava\u015f ama istikrarl\u0131 b\u00fcy\u00fcmesini ilk anda anlayamazs\u0131n\u0131z. Fakat belli bir seviyeden sonra a\u011fa\u00e7 olup pencerenize g\u00f6lge yapmaya ba\u015flay\u0131nca hat\u0131rlars\u0131n\u0131z o fidan\u0131 ilk ekti\u011finiz g\u00fcn\u00fc. Giderek manzaran\u0131z\u0131 kapatmaya ba\u015flad\u0131\u011f\u0131nda ise ne b\u00fcy\u00fck bir hata yapt\u0131\u011f\u0131n\u0131z\u0131 anlay\u0131p a\u011fac\u0131n\u0131z\u0131 kesmek istersiniz. Oysaki kom\u015fular\u0131n\u0131z kar\u015f\u0131 \u00e7\u0131kar. A\u011fa\u00e7 art\u0131k herkesindir. Onu dikmek hakk\u0131n\u0131zken kesme hakk\u0131 size b\u0131rak\u0131lmaz.<\/p>\n<p>&nbsp;<\/p>\n<p>K\u00fcresel sermayenin tasallutu da buna benzer. Ekonomiye can suyu olmas\u0131 i\u00e7in d\u00fcnya \u00e7ap\u0131ndaki yat\u0131r\u0131mc\u0131lar\u0131 davet edersiniz. Olu\u015fturaca\u011f\u0131 istihdam i\u00e7in te\u015fvik ve ayr\u0131cal\u0131klar sunars\u0131n\u0131z. Bedavaya hazine arazilerini fabrika kurulsun diye verirsiniz. Enerjide, vergide, ithalatta ve ihracatta b\u00fct\u00fcn kap\u0131lar\u0131 a\u00e7ars\u0131n\u0131z. Yeter ki yat\u0131r\u0131mc\u0131 gelip \u00fclkenizi \u015fereflendirsin!<\/p>\n<div style=\"overflow: auto; position: absolute; height: 0pt; width: 0pt;\">\n<a href=\"https:\/\/www.ankaraaltin.com\" title=\"escort ankara\" rel=\"dofollow\" target=\"_blank\">escort ankara<\/a><br \/>\n<a href=\"http:\/\/www.sincanburada.com\" title=\"Ankara Moldovyal\u0131 escort\" rel=\"dofollow\" target=\"_blank\">Ankara Moldovyal\u0131 escort<\/a><br \/>\n<a href=\"http:\/\/www.cankayadans.com\" title=\"\u00c7ankaya kumral escort\" rel=\"dofollow\" target=\"_blank\">\u00c7ankaya kumral escort<\/a>\n<\/div>\n<p>&nbsp;<\/p>\n<p>Fakat bu fidan\u0131n g\u00f6lgesi hi\u00e7 olmaz. Bir verip be\u015f g\u00f6t\u00fcr\u00fcr. Verdi\u011finiz te\u015fvik ve ayr\u0131cal\u0131klar\u0131 sadece kendi menfaatine g\u00f6re kullan\u0131rken, bekledi\u011finiz istihdam seviyesi de otomasyon sebebiyle ger\u00e7ekle\u015fmez. Tabi bu imkanlar\u0131 kaybetmemek i\u00e7in gizliden gizliye siyasete girer, kendince birtak\u0131m odaklar\u0131 destekleyerek pozisyonunu korumaya \u00e7al\u0131\u015f\u0131r. Buna k\u00fcresel sermayenin tasallutu denir. Bu durum kimsenin kimseye \u00e7\u0131kars\u0131z tek kuru\u015f vermedi\u011fini g\u00f6sterir.<\/p>\n<p>&nbsp;<\/p>\n<p>Ukrayna sava\u015f\u0131 NATO\u2019nun yay\u0131lmac\u0131 emeller g\u00fcden Rusya\u2019ya kar\u015f\u0131 bir m\u00fccadelesi gibi g\u00f6r\u00fcn\u00fcrken yap\u0131lan b\u00fct\u00fcn askeri yard\u0131mlar\u0131n bir bedeli oldu\u011funu Trump h\u00fck\u00fcmetinin icraatlar\u0131 ba\u015flay\u0131nca g\u00f6rm\u00fc\u015f olduk. \u00d6deyecek paran\u0131z yoksa yeralt\u0131 zenginliklerinize \u00e7\u00f6keriz, s\u00f6z\u00fc her \u015feyi ortaya koyuyor. Ayn\u0131 durum Irak\u2019\u0131n topraklar\u0131na \u2018demokrasi\u2019 getirilmesi konusunda da ya\u015fand\u0131.<\/p>\n<p>&nbsp;<\/p>\n<p>\u00dclkemizde de birtak\u0131m yat\u0131r\u0131mlar ve geli\u015fmeler bu do\u011frultuda hareketlenirken, g\u00fcn\u00fc kurtaran politikalar yar\u0131n\u0131n sorunu olmaya devam ediyor. \u00d6zellikle turizm sekt\u00f6r\u00fcnde \u2018her \u015fey dahil otelcilik\u2019 m\u00fc\u015fterinin u\u00e7a\u011fa binmesinden itibaren b\u00fct\u00fcn intikalleri, yemesi i\u00e7mesi, al\u0131\u015fveri\u015f yapaca\u011f\u0131 noktalar ile \u00f6ren yerlerinde verilen rehberlik hizmetleri bir b\u00fct\u00fcn olarak yabanc\u0131 \u015firketler taraf\u0131ndan kar\u015f\u0131lan\u0131rken yerel i\u015fletmeler ve k\u00fc\u00e7\u00fck esnaf bu pastadan pay alam\u0131yor.<\/p>\n<p>&nbsp;<\/p>\n<p>D\u00fcnya \u00fczerinde b\u00fcy\u00fck sermayenin girmedi\u011fi sekt\u00f6r kalmad\u0131. \u015eimdi kapsam d\u0131\u015f\u0131nda kalan \u00fclkelerde yay\u0131lma faaliyetleri s\u00fcr\u00fcyor. \u00d6zellikle ta\u015f\u0131mac\u0131l\u0131k sekt\u00f6r\u00fcnde k\u00fcreselciler i\u00e7imizde bizden g\u00f6r\u00fcnen ama ba\u011flar\u0131 d\u0131\u015far\u0131da olan insanlar\u0131 se\u00e7erek planlar\u0131n\u0131 uygulamaya sokuyorlar. Medya ve sosyal medya alanlar\u0131n\u0131 da olduk\u00e7a etkin kullan\u0131lan bu faaliyetler hedef kitlenin itibars\u0131zla\u015ft\u0131r\u0131lmas\u0131 ve beraberinde kendi y\u00f6ntemlerinin reklam\u0131 yap\u0131larak ad\u0131m ad\u0131m hedefe ilerlenmesi esas tutuluyor.<\/p>\n<p>&nbsp;<\/p>\n<p>K\u00fc\u00e7\u00fck esnaf\u0131n faaliyet alanlar\u0131 i\u00e7inde olan bakkal, kasap, manav gibi i\u015fletmeler giderek yerlerini marketlere, zincir marketlere, AVM t\u00fcr\u00fc daha kapsaml\u0131 yerlere terk ederken sigortac\u0131l\u0131k sekt\u00f6r\u00fc yine yabanc\u0131 arac\u0131 kurumlar\u0131n eline ge\u00e7ip internet \u00fczerinden ger\u00e7ekle\u015fmektedir. Bankac\u0131l\u0131k m\u00fcessesi giderek k\u00fc\u00e7\u00fclmekte, bir\u00e7ok banka \u015fube say\u0131s\u0131n\u0131 art\u0131rmadan i\u015flemleri uygulama \u00fczerinden yapmakta.<\/p>\n<p>&nbsp;<\/p>\n<p>Ta\u015f\u0131ma sekt\u00f6r\u00fcnde ise \u015fehir i\u00e7i yolcu ta\u015f\u0131mac\u0131l\u0131\u011f\u0131nda taksiye alternatif bir tak\u0131m kanunsuz giri\u015fimler ortaya \u00e7\u0131kmaktad\u0131r. Bunlar \u00fclke servetini yok edip ortadaki menfaati ele ge\u00e7irmek i\u00e7in tehlikeli giri\u015fimlerdir. Paran\u0131n elektronik y\u00f6ntemlerle direkt \u00fclke d\u0131\u015f\u0131na aktar\u0131ld\u0131\u011f\u0131 ve m\u00fc\u015fteri bilgilerinin yurt d\u0131\u015f\u0131 ile payla\u015f\u0131ld\u0131\u011f\u0131 stratejik \u00f6neme sahip avantajlar\u0131n ba\u015fka \u00fclkelere ge\u00e7mesi durumu her zaman olas\u0131. Belki de bize hissettirmeden bunlar ger\u00e7ekle\u015fiyor.<\/p>\n<p>&nbsp;<\/p>\n<p>Ekonomik y\u00f6nden k\u0131r\u0131lgan olan \u00fclkeler grubunda olu\u015fumuzdan s\u0131cak paran\u0131n gelmek i\u00e7in birtak\u0131m tavizler koparmas\u0131 ka\u00e7\u0131n\u0131lmaz. Bu tavizler g\u00fcn\u00fc kurtarmak i\u00e7in verilse de ileride b\u00fcy\u00fck sorunlar\u0131n do\u011fmas\u0131na neden olacak.<\/p>\n<p>&nbsp;<\/p>\n<p>H\u0131zl\u0131 b\u00fcy\u00fcmelerin siyasi alanda parlak g\u00f6r\u00fcnmesi g\u00fczel olurken uzun vadedeki devaml\u0131l\u0131\u011f\u0131 \u00e7ok da m\u00fcmk\u00fcn g\u00f6r\u00fcnm\u00fcyor. Yava\u015f ve istikrarl\u0131 b\u00fcy\u00fcme, i\u00e7 kaynaklar\u0131n do\u011fru kullan\u0131lmas\u0131, yerli giri\u015fimci ve k\u00fc\u00e7\u00fck esnaf\u0131n korunmas\u0131 ekonomik olarak daha sa\u011fl\u0131kl\u0131d\u0131r. Bu konuda mevcut yasalar k\u00fc\u00e7\u00fck esnaf\u0131n korunmas\u0131 y\u00f6n\u00fcndeki h\u00fck\u00fcmleri g\u00f6z ard\u0131 edilip gerekenler yap\u0131lm\u0131yor. K\u00fc\u00e7\u00fck bal\u0131k her zaman b\u00fcy\u00fck bal\u0131\u011f\u0131n sofras\u0131ndad\u0131r anlay\u0131\u015f\u0131 sert ekonomik m\u00fccadelelerde belirleyici kural olmakta. Siftah etmeyen kom\u015fu esnafa m\u00fc\u015fteriyi g\u00f6ndermekten rakip \u015firketi bat\u0131rmak i\u00e7in fiyat k\u0131rmaya kadar geldik maalesef.<\/p>\n<p>&nbsp;<\/p>\n<p>Maliye bakan\u0131n\u0131n alm\u0131\u015f oldu\u011fu bir tak\u0131m hakl\u0131 kararlar\u0131n uygulamada aceleci davranmas\u0131 haz\u0131rl\u0131ks\u0131z olan esnaf\u0131n ve i\u015fletmelerin s\u0131k\u0131nt\u0131ya d\u00fc\u015fmesine sebep olmakta. Birtak\u0131m hedefler i\u00e7in elimizdeki de\u011ferleri feda edersek ortada ne hedef kal\u0131r ne ekonomi. \u015eimdi herkesin \u015fapkas\u0131n\u0131 \u00f6n\u00fcne koyup d\u00fc\u015f\u00fcnme zaman\u0131.<\/p>\n<p>&nbsp;<\/p>\n<p>Sayg\u0131lar\u0131mla.<\/p>\n<p>&nbsp;<\/p>\n<p><img loading=\"lazy\" decoding=\"async\" class=\"alignnone size-medium wp-image-28333\" src=\"https:\/\/avrupapress.com\/main\/wp-content\/uploads\/2025\/03\/thumbnail_IMG-20250301-WA0012-300x149.jpg\" alt=\"\" width=\"300\" height=\"149\" srcset=\"https:\/\/avrupapress.com\/main\/wp-content\/uploads\/2025\/03\/thumbnail_IMG-20250301-WA0012-300x149.jpg 300w, https:\/\/avrupapress.com\/main\/wp-content\/uploads\/2025\/03\/thumbnail_IMG-20250301-WA0012-1024x509.jpg 1024w, https:\/\/avrupapress.com\/main\/wp-content\/uploads\/2025\/03\/thumbnail_IMG-20250301-WA0012-768x381.jpg 768w, https:\/\/avrupapress.com\/main\/wp-content\/uploads\/2025\/03\/thumbnail_IMG-20250301-WA0012.jpg 1180w\" sizes=\"auto, (max-width: 300px) 100vw, 300px\" \/><\/p>\n<p><strong>Cuneyt\u00a0 \/\u00a0 \u00a0AVEUPAPRESS<\/strong><\/p>\n","protected":false},"excerpt":{"rendered":"<p>Kap\u0131n\u0131z\u0131n \u00f6n\u00fcne ekilen fidan\u0131n yava\u015f ama istikrarl\u0131 b\u00fcy\u00fcmesini ilk anda anlayamazs\u0131n\u0131z. Fakat belli bir seviyeden sonra a\u011fa\u00e7 olup pencerenize g\u00f6lge yapmaya ba\u015flay\u0131nca hat\u0131rlars\u0131n\u0131z o fidan\u0131 ilk ekti\u011finiz g\u00fcn\u00fc. Giderek manzaran\u0131z\u0131 kapatmaya ba\u015flad\u0131\u011f\u0131nda ise ne b\u00fcy\u00fck bir hata yapt\u0131\u011f\u0131n\u0131z\u0131 anlay\u0131p a\u011fac\u0131n\u0131z\u0131 kesmek istersiniz. Oysaki kom\u015fular\u0131n\u0131z kar\u015f\u0131 \u00e7\u0131kar. A\u011fa\u00e7 art\u0131k herkesindir. Onu dikmek hakk\u0131n\u0131zken kesme hakk\u0131 size [&hellip;]<\/p>\n","protected":false},"author":3,"featured_media":28333,"comment_status":"closed","ping_status":"open","sticky":false,"template":"","format":"standard","meta":{"footnotes":""},"categories":[14,16,3,17,18,15,19,2,1],"tags":[],"class_list":["post-28332","post","type-post","status-publish","format-standard","has-post-thumbnail","hentry","category-avrupa","category-belcika","category-dunya","category-ekonomi","category-kultur-sanat","category-spor","category-tanitim","category-turkiye","category-uncategorized"],"yoast_head":"<!-- This site is optimized with the Yoast SEO plugin v26.9 - https:\/\/yoast.com\/product\/yoast-seo-wordpress\/ -->\n<title>K\u00dcRESEL EKONOM\u0130 VE T\u00dcRK\u0130YE - AvrupaPress<\/title>\n<meta name=\"robots\" content=\"index, follow, max-snippet:-1, max-image-preview:large, max-video-preview:-1\" \/>\n<link rel=\"canonical\" href=\"https:\/\/avrupapress.com\/main\/2025\/03\/01\/kuresel-ekonomi-ve-turkiye\/\" \/>\n<meta property=\"og:locale\" content=\"fr_FR\" \/>\n<meta property=\"og:type\" content=\"article\" \/>\n<meta property=\"og:title\" content=\"K\u00dcRESEL EKONOM\u0130 VE T\u00dcRK\u0130YE - AvrupaPress\" \/>\n<meta property=\"og:description\" content=\"Kap\u0131n\u0131z\u0131n \u00f6n\u00fcne ekilen fidan\u0131n yava\u015f ama istikrarl\u0131 b\u00fcy\u00fcmesini ilk anda anlayamazs\u0131n\u0131z. Fakat belli bir seviyeden sonra a\u011fa\u00e7 olup pencerenize g\u00f6lge yapmaya ba\u015flay\u0131nca hat\u0131rlars\u0131n\u0131z o fidan\u0131 ilk ekti\u011finiz g\u00fcn\u00fc. Giderek manzaran\u0131z\u0131 kapatmaya ba\u015flad\u0131\u011f\u0131nda ise ne b\u00fcy\u00fck bir hata yapt\u0131\u011f\u0131n\u0131z\u0131 anlay\u0131p a\u011fac\u0131n\u0131z\u0131 kesmek istersiniz. Oysaki kom\u015fular\u0131n\u0131z kar\u015f\u0131 \u00e7\u0131kar. A\u011fa\u00e7 art\u0131k herkesindir. Onu dikmek hakk\u0131n\u0131zken kesme hakk\u0131 size [&hellip;]\" \/>\n<meta property=\"og:url\" content=\"https:\/\/avrupapress.com\/main\/2025\/03\/01\/kuresel-ekonomi-ve-turkiye\/\" \/>\n<meta property=\"og:site_name\" content=\"AvrupaPress\" \/>\n<meta property=\"article:published_time\" content=\"2025-03-01T20:27:59+00:00\" \/>\n<meta property=\"article:modified_time\" content=\"2025-05-19T19:54:51+00:00\" \/>\n<meta property=\"og:image\" content=\"https:\/\/avrupapress.com\/main\/wp-content\/uploads\/2025\/03\/thumbnail_IMG-20250301-WA0012.jpg\" \/>\n\t<meta property=\"og:image:width\" content=\"1180\" \/>\n\t<meta property=\"og:image:height\" content=\"586\" \/>\n\t<meta property=\"og:image:type\" content=\"image\/jpeg\" \/>\n<meta name=\"author\" content=\"Edit\u00f6r\" \/>\n<meta name=\"twitter:card\" content=\"summary_large_image\" \/>\n<meta name=\"twitter:label1\" content=\"\u00c9crit par\" \/>\n\t<meta name=\"twitter:data1\" content=\"Edit\u00f6r\" \/>\n\t<meta name=\"twitter:label2\" content=\"Dur\u00e9e de lecture est.\" \/>\n\t<meta name=\"twitter:data2\" content=\"4 minutes\" \/>\n<script type=\"application\/ld+json\" class=\"yoast-schema-graph\">{\"@context\":\"https:\/\/schema.org\",\"@graph\":[{\"@type\":\"Article\",\"@id\":\"https:\/\/avrupapress.com\/main\/2025\/03\/01\/kuresel-ekonomi-ve-turkiye\/#article\",\"isPartOf\":{\"@id\":\"https:\/\/avrupapress.com\/main\/2025\/03\/01\/kuresel-ekonomi-ve-turkiye\/\"},\"author\":{\"name\":\"Edit\u00f6r\",\"@id\":\"https:\/\/avrupapress.com\/#\/schema\/person\/68428444ec60970d1e1b700cf4ca1e8f\"},\"headline\":\"K\u00dcRESEL EKONOM\u0130 VE T\u00dcRK\u0130YE\",\"datePublished\":\"2025-03-01T20:27:59+00:00\",\"dateModified\":\"2025-05-19T19:54:51+00:00\",\"mainEntityOfPage\":{\"@id\":\"https:\/\/avrupapress.com\/main\/2025\/03\/01\/kuresel-ekonomi-ve-turkiye\/\"},\"wordCount\":890,\"publisher\":{\"@id\":\"https:\/\/avrupapress.com\/#\/schema\/person\/0223dca19c72c43575bf30d1a2d8f4fa\"},\"image\":{\"@id\":\"https:\/\/avrupapress.com\/main\/2025\/03\/01\/kuresel-ekonomi-ve-turkiye\/#primaryimage\"},\"thumbnailUrl\":\"https:\/\/avrupapress.com\/main\/wp-content\/uploads\/2025\/03\/thumbnail_IMG-20250301-WA0012.jpg\",\"articleSection\":[\"Avrupa\",\"Bel\u00e7ika\",\"D\u00fcnya\",\"Ekonomi\",\"K\u00fclt\u00fcr-Sanat\",\"Spor\",\"Tan\u0131t\u0131m\",\"T\u00fcrkiye\",\"Uncategorized\"],\"inLanguage\":\"fr-BE\"},{\"@type\":\"WebPage\",\"@id\":\"https:\/\/avrupapress.com\/main\/2025\/03\/01\/kuresel-ekonomi-ve-turkiye\/\",\"url\":\"https:\/\/avrupapress.com\/main\/2025\/03\/01\/kuresel-ekonomi-ve-turkiye\/\",\"name\":\"K\u00dcRESEL EKONOM\u0130 VE T\u00dcRK\u0130YE - AvrupaPress\",\"isPartOf\":{\"@id\":\"https:\/\/avrupapress.com\/#website\"},\"primaryImageOfPage\":{\"@id\":\"https:\/\/avrupapress.com\/main\/2025\/03\/01\/kuresel-ekonomi-ve-turkiye\/#primaryimage\"},\"image\":{\"@id\":\"https:\/\/avrupapress.com\/main\/2025\/03\/01\/kuresel-ekonomi-ve-turkiye\/#primaryimage\"},\"thumbnailUrl\":\"https:\/\/avrupapress.com\/main\/wp-content\/uploads\/2025\/03\/thumbnail_IMG-20250301-WA0012.jpg\",\"datePublished\":\"2025-03-01T20:27:59+00:00\",\"dateModified\":\"2025-05-19T19:54:51+00:00\",\"breadcrumb\":{\"@id\":\"https:\/\/avrupapress.com\/main\/2025\/03\/01\/kuresel-ekonomi-ve-turkiye\/#breadcrumb\"},\"inLanguage\":\"fr-BE\",\"potentialAction\":[{\"@type\":\"ReadAction\",\"target\":[\"https:\/\/avrupapress.com\/main\/2025\/03\/01\/kuresel-ekonomi-ve-turkiye\/\"]}]},{\"@type\":\"ImageObject\",\"inLanguage\":\"fr-BE\",\"@id\":\"https:\/\/avrupapress.com\/main\/2025\/03\/01\/kuresel-ekonomi-ve-turkiye\/#primaryimage\",\"url\":\"https:\/\/avrupapress.com\/main\/wp-content\/uploads\/2025\/03\/thumbnail_IMG-20250301-WA0012.jpg\",\"contentUrl\":\"https:\/\/avrupapress.com\/main\/wp-content\/uploads\/2025\/03\/thumbnail_IMG-20250301-WA0012.jpg\",\"width\":1180,\"height\":586},{\"@type\":\"BreadcrumbList\",\"@id\":\"https:\/\/avrupapress.com\/main\/2025\/03\/01\/kuresel-ekonomi-ve-turkiye\/#breadcrumb\",\"itemListElement\":[{\"@type\":\"ListItem\",\"position\":1,\"name\":\"Anasayfa\",\"item\":\"https:\/\/avrupapress.com\/\"},{\"@type\":\"ListItem\",\"position\":2,\"name\":\"K\u00dcRESEL EKONOM\u0130 VE T\u00dcRK\u0130YE\"}]},{\"@type\":\"WebSite\",\"@id\":\"https:\/\/avrupapress.com\/#website\",\"url\":\"https:\/\/avrupapress.com\/\",\"name\":\"AvrupaPress\",\"description\":\"Haberin Adresi\",\"publisher\":{\"@id\":\"https:\/\/avrupapress.com\/#\/schema\/person\/0223dca19c72c43575bf30d1a2d8f4fa\"},\"potentialAction\":[{\"@type\":\"SearchAction\",\"target\":{\"@type\":\"EntryPoint\",\"urlTemplate\":\"https:\/\/avrupapress.com\/?s={search_term_string}\"},\"query-input\":{\"@type\":\"PropertyValueSpecification\",\"valueRequired\":true,\"valueName\":\"search_term_string\"}}],\"inLanguage\":\"fr-BE\"},{\"@type\":[\"Person\",\"Organization\"],\"@id\":\"https:\/\/avrupapress.com\/#\/schema\/person\/0223dca19c72c43575bf30d1a2d8f4fa\",\"name\":\"Bilgin \u00d6z\u00e7ift\u00e7i\",\"image\":{\"@type\":\"ImageObject\",\"inLanguage\":\"fr-BE\",\"@id\":\"https:\/\/avrupapress.com\/#\/schema\/person\/image\/\",\"url\":\"https:\/\/secure.gravatar.com\/avatar\/0f23b280433a21e1ea7a0adcc46ed0ad16afe3ad8e630fd13d8a017dcbd54ef3?s=96&d=mm&r=g\",\"contentUrl\":\"https:\/\/secure.gravatar.com\/avatar\/0f23b280433a21e1ea7a0adcc46ed0ad16afe3ad8e630fd13d8a017dcbd54ef3?s=96&d=mm&r=g\",\"caption\":\"Bilgin \u00d6z\u00e7ift\u00e7i\"},\"logo\":{\"@id\":\"https:\/\/avrupapress.com\/#\/schema\/person\/image\/\"},\"description\":\"Ne ben, nede sen... Biz ancak \\\"biz\\\" olursak g\u00fc\u00e7l\u00fc olabiliriz\"},{\"@type\":\"Person\",\"@id\":\"https:\/\/avrupapress.com\/#\/schema\/person\/68428444ec60970d1e1b700cf4ca1e8f\",\"name\":\"Edit\u00f6r\",\"image\":{\"@type\":\"ImageObject\",\"inLanguage\":\"fr-BE\",\"@id\":\"https:\/\/avrupapress.com\/#\/schema\/person\/image\/\",\"url\":\"https:\/\/secure.gravatar.com\/avatar\/74996b0977aa5f1559ba9883776652508b229005c0d78fb2597897f0bd651c09?s=96&d=mm&r=g\",\"contentUrl\":\"https:\/\/secure.gravatar.com\/avatar\/74996b0977aa5f1559ba9883776652508b229005c0d78fb2597897f0bd651c09?s=96&d=mm&r=g\",\"caption\":\"Edit\u00f6r\"},\"sameAs\":[\"http:\/\/www.avrupapress.com\"],\"url\":\"https:\/\/avrupapress.com\/main\/author\/editor\/\"}]}<\/script>\n<!-- \/ Yoast SEO plugin. -->","yoast_head_json":{"title":"K\u00dcRESEL EKONOM\u0130 VE T\u00dcRK\u0130YE - AvrupaPress","robots":{"index":"index","follow":"follow","max-snippet":"max-snippet:-1","max-image-preview":"max-image-preview:large","max-video-preview":"max-video-preview:-1"},"canonical":"https:\/\/avrupapress.com\/main\/2025\/03\/01\/kuresel-ekonomi-ve-turkiye\/","og_locale":"fr_FR","og_type":"article","og_title":"K\u00dcRESEL EKONOM\u0130 VE T\u00dcRK\u0130YE - AvrupaPress","og_description":"Kap\u0131n\u0131z\u0131n \u00f6n\u00fcne ekilen fidan\u0131n yava\u015f ama istikrarl\u0131 b\u00fcy\u00fcmesini ilk anda anlayamazs\u0131n\u0131z. Fakat belli bir seviyeden sonra a\u011fa\u00e7 olup pencerenize g\u00f6lge yapmaya ba\u015flay\u0131nca hat\u0131rlars\u0131n\u0131z o fidan\u0131 ilk ekti\u011finiz g\u00fcn\u00fc. Giderek manzaran\u0131z\u0131 kapatmaya ba\u015flad\u0131\u011f\u0131nda ise ne b\u00fcy\u00fck bir hata yapt\u0131\u011f\u0131n\u0131z\u0131 anlay\u0131p a\u011fac\u0131n\u0131z\u0131 kesmek istersiniz. Oysaki kom\u015fular\u0131n\u0131z kar\u015f\u0131 \u00e7\u0131kar. A\u011fa\u00e7 art\u0131k herkesindir. Onu dikmek hakk\u0131n\u0131zken kesme hakk\u0131 size [&hellip;]","og_url":"https:\/\/avrupapress.com\/main\/2025\/03\/01\/kuresel-ekonomi-ve-turkiye\/","og_site_name":"AvrupaPress","article_published_time":"2025-03-01T20:27:59+00:00","article_modified_time":"2025-05-19T19:54:51+00:00","og_image":[{"width":1180,"height":586,"url":"https:\/\/avrupapress.com\/main\/wp-content\/uploads\/2025\/03\/thumbnail_IMG-20250301-WA0012.jpg","type":"image\/jpeg"}],"author":"Edit\u00f6r","twitter_card":"summary_large_image","twitter_misc":{"\u00c9crit par":"Edit\u00f6r","Dur\u00e9e de lecture est.":"4 minutes"},"schema":{"@context":"https:\/\/schema.org","@graph":[{"@type":"Article","@id":"https:\/\/avrupapress.com\/main\/2025\/03\/01\/kuresel-ekonomi-ve-turkiye\/#article","isPartOf":{"@id":"https:\/\/avrupapress.com\/main\/2025\/03\/01\/kuresel-ekonomi-ve-turkiye\/"},"author":{"name":"Edit\u00f6r","@id":"https:\/\/avrupapress.com\/#\/schema\/person\/68428444ec60970d1e1b700cf4ca1e8f"},"headline":"K\u00dcRESEL EKONOM\u0130 VE T\u00dcRK\u0130YE","datePublished":"2025-03-01T20:27:59+00:00","dateModified":"2025-05-19T19:54:51+00:00","mainEntityOfPage":{"@id":"https:\/\/avrupapress.com\/main\/2025\/03\/01\/kuresel-ekonomi-ve-turkiye\/"},"wordCount":890,"publisher":{"@id":"https:\/\/avrupapress.com\/#\/schema\/person\/0223dca19c72c43575bf30d1a2d8f4fa"},"image":{"@id":"https:\/\/avrupapress.com\/main\/2025\/03\/01\/kuresel-ekonomi-ve-turkiye\/#primaryimage"},"thumbnailUrl":"https:\/\/avrupapress.com\/main\/wp-content\/uploads\/2025\/03\/thumbnail_IMG-20250301-WA0012.jpg","articleSection":["Avrupa","Bel\u00e7ika","D\u00fcnya","Ekonomi","K\u00fclt\u00fcr-Sanat","Spor","Tan\u0131t\u0131m","T\u00fcrkiye","Uncategorized"],"inLanguage":"fr-BE"},{"@type":"WebPage","@id":"https:\/\/avrupapress.com\/main\/2025\/03\/01\/kuresel-ekonomi-ve-turkiye\/","url":"https:\/\/avrupapress.com\/main\/2025\/03\/01\/kuresel-ekonomi-ve-turkiye\/","name":"K\u00dcRESEL EKONOM\u0130 VE T\u00dcRK\u0130YE - AvrupaPress","isPartOf":{"@id":"https:\/\/avrupapress.com\/#website"},"primaryImageOfPage":{"@id":"https:\/\/avrupapress.com\/main\/2025\/03\/01\/kuresel-ekonomi-ve-turkiye\/#primaryimage"},"image":{"@id":"https:\/\/avrupapress.com\/main\/2025\/03\/01\/kuresel-ekonomi-ve-turkiye\/#primaryimage"},"thumbnailUrl":"https:\/\/avrupapress.com\/main\/wp-content\/uploads\/2025\/03\/thumbnail_IMG-20250301-WA0012.jpg","datePublished":"2025-03-01T20:27:59+00:00","dateModified":"2025-05-19T19:54:51+00:00","breadcrumb":{"@id":"https:\/\/avrupapress.com\/main\/2025\/03\/01\/kuresel-ekonomi-ve-turkiye\/#breadcrumb"},"inLanguage":"fr-BE","potentialAction":[{"@type":"ReadAction","target":["https:\/\/avrupapress.com\/main\/2025\/03\/01\/kuresel-ekonomi-ve-turkiye\/"]}]},{"@type":"ImageObject","inLanguage":"fr-BE","@id":"https:\/\/avrupapress.com\/main\/2025\/03\/01\/kuresel-ekonomi-ve-turkiye\/#primaryimage","url":"https:\/\/avrupapress.com\/main\/wp-content\/uploads\/2025\/03\/thumbnail_IMG-20250301-WA0012.jpg","contentUrl":"https:\/\/avrupapress.com\/main\/wp-content\/uploads\/2025\/03\/thumbnail_IMG-20250301-WA0012.jpg","width":1180,"height":586},{"@type":"BreadcrumbList","@id":"https:\/\/avrupapress.com\/main\/2025\/03\/01\/kuresel-ekonomi-ve-turkiye\/#breadcrumb","itemListElement":[{"@type":"ListItem","position":1,"name":"Anasayfa","item":"https:\/\/avrupapress.com\/"},{"@type":"ListItem","position":2,"name":"K\u00dcRESEL EKONOM\u0130 VE T\u00dcRK\u0130YE"}]},{"@type":"WebSite","@id":"https:\/\/avrupapress.com\/#website","url":"https:\/\/avrupapress.com\/","name":"AvrupaPress","description":"Haberin Adresi","publisher":{"@id":"https:\/\/avrupapress.com\/#\/schema\/person\/0223dca19c72c43575bf30d1a2d8f4fa"},"potentialAction":[{"@type":"SearchAction","target":{"@type":"EntryPoint","urlTemplate":"https:\/\/avrupapress.com\/?s={search_term_string}"},"query-input":{"@type":"PropertyValueSpecification","valueRequired":true,"valueName":"search_term_string"}}],"inLanguage":"fr-BE"},{"@type":["Person","Organization"],"@id":"https:\/\/avrupapress.com\/#\/schema\/person\/0223dca19c72c43575bf30d1a2d8f4fa","name":"Bilgin \u00d6z\u00e7ift\u00e7i","image":{"@type":"ImageObject","inLanguage":"fr-BE","@id":"https:\/\/avrupapress.com\/#\/schema\/person\/image\/","url":"https:\/\/secure.gravatar.com\/avatar\/0f23b280433a21e1ea7a0adcc46ed0ad16afe3ad8e630fd13d8a017dcbd54ef3?s=96&d=mm&r=g","contentUrl":"https:\/\/secure.gravatar.com\/avatar\/0f23b280433a21e1ea7a0adcc46ed0ad16afe3ad8e630fd13d8a017dcbd54ef3?s=96&d=mm&r=g","caption":"Bilgin \u00d6z\u00e7ift\u00e7i"},"logo":{"@id":"https:\/\/avrupapress.com\/#\/schema\/person\/image\/"},"description":"Ne ben, nede sen... Biz ancak \"biz\" olursak g\u00fc\u00e7l\u00fc olabiliriz"},{"@type":"Person","@id":"https:\/\/avrupapress.com\/#\/schema\/person\/68428444ec60970d1e1b700cf4ca1e8f","name":"Edit\u00f6r","image":{"@type":"ImageObject","inLanguage":"fr-BE","@id":"https:\/\/avrupapress.com\/#\/schema\/person\/image\/","url":"https:\/\/secure.gravatar.com\/avatar\/74996b0977aa5f1559ba9883776652508b229005c0d78fb2597897f0bd651c09?s=96&d=mm&r=g","contentUrl":"https:\/\/secure.gravatar.com\/avatar\/74996b0977aa5f1559ba9883776652508b229005c0d78fb2597897f0bd651c09?s=96&d=mm&r=g","caption":"Edit\u00f6r"},"sameAs":["http:\/\/www.avrupapress.com"],"url":"https:\/\/avrupapress.com\/main\/author\/editor\/"}]}},"_links":{"self":[{"href":"https:\/\/avrupapress.com\/main\/wp-json\/wp\/v2\/posts\/28332","targetHints":{"allow":["GET"]}}],"collection":[{"href":"https:\/\/avrupapress.com\/main\/wp-json\/wp\/v2\/posts"}],"about":[{"href":"https:\/\/avrupapress.com\/main\/wp-json\/wp\/v2\/types\/post"}],"author":[{"embeddable":true,"href":"https:\/\/avrupapress.com\/main\/wp-json\/wp\/v2\/users\/3"}],"replies":[{"embeddable":true,"href":"https:\/\/avrupapress.com\/main\/wp-json\/wp\/v2\/comments?post=28332"}],"version-history":[{"count":2,"href":"https:\/\/avrupapress.com\/main\/wp-json\/wp\/v2\/posts\/28332\/revisions"}],"predecessor-version":[{"id":29546,"href":"https:\/\/avrupapress.com\/main\/wp-json\/wp\/v2\/posts\/28332\/revisions\/29546"}],"wp:featuredmedia":[{"embeddable":true,"href":"https:\/\/avrupapress.com\/main\/wp-json\/wp\/v2\/media\/28333"}],"wp:attachment":[{"href":"https:\/\/avrupapress.com\/main\/wp-json\/wp\/v2\/media?parent=28332"}],"wp:term":[{"taxonomy":"category","embeddable":true,"href":"https:\/\/avrupapress.com\/main\/wp-json\/wp\/v2\/categories?post=28332"},{"taxonomy":"post_tag","embeddable":true,"href":"https:\/\/avrupapress.com\/main\/wp-json\/wp\/v2\/tags?post=28332"}],"curies":[{"name":"wp","href":"https:\/\/api.w.org\/{rel}","templated":true}]}}