{"id":28328,"date":"2025-02-28T19:59:29","date_gmt":"2025-02-28T19:59:29","guid":{"rendered":"https:\/\/avrupapress.com\/main\/?p=28328"},"modified":"2025-02-28T19:59:42","modified_gmt":"2025-02-28T19:59:42","slug":"tarihi-kara-leke-28-subat","status":"publish","type":"post","link":"https:\/\/avrupapress.com\/main\/2025\/02\/28\/tarihi-kara-leke-28-subat\/","title":{"rendered":"TAR\u0130H\u0130 KARA LEKE 28 \u015eUBAT"},"content":{"rendered":"<div dir=\"auto\">\n<div dir=\"auto\" data-olk-copy-source=\"MessageBody\">28 \u015eubat\u2018ta al\u0131nan MGK kararlar\u0131 ile \u00fclkemizde postmodern darbe olarak adland\u0131r\u0131lm\u0131\u015f, do\u011frudan halka, din ve inan\u00e7 \u00f6zg\u00fcrl\u00fc\u011f\u00fcne darbe yap\u0131lm\u0131\u015ft\u0131r.B\u00f6ylece g\u00f6r\u00fcn\u00fcrde konu ba\u015f\u00f6rt\u00fcs\u00fc gibi olsa da T\u00fcrkiye\u2019de irtica ba\u015fl\u0131\u011f\u0131 alt\u0131nda bir \u00e7ok kad\u0131n\u0131n yan\u0131nda e\u015fi ba\u015f\u00f6rt\u00fcl\u00fc olan erkekleri de etkilemi\u015ftir.Bunun yan\u0131nda ekonomiye siyasete kamuya medyaya etkisi \u00e7ok b\u00fcy\u00fckt\u00fc.<\/div>\n<div dir=\"auto\">Adeta insanlar\u0131 ikiye b\u00f6ld\u00fc.Muhafazak\u00e2r ve \u00e7a\u011fda\u015f taraf olu\u015fturdu.\u0130mam hatiplere ve meslek liselerine getirilen katsay\u0131 uygulamalar\u0131 ile bir \u00e7ok lise \u00f6\u011frencisi puan kayb\u0131 ya\u015fad\u0131 ve istedi\u011fi b\u00f6l\u00fcmlere giremedi.Meslek liseleri b\u00f6ylelikle itibars\u0131zla\u015f\u0131ld\u0131. Halen daha mesleki b\u00f6l\u00fcmlerden yeterli mezun verilememesi i\u015f g\u00fcc\u00fcn\u00fc etkilemektedir.Ayr\u0131ca k\u0131z \u00f6\u011frencilere uygulanan ba\u015f\u00f6rt\u00fc yasa\u011f\u0131 ve ikna odalar\u0131 \u00a0ile bir \u00e7ok k\u0131z \u00f6\u011frencinin e\u011fitim hakk\u0131 elinden al\u0131nm\u0131\u015f,hayalleri \u00e7al\u0131nm\u0131\u015ft\u0131r.Kamusal alanda insanlar\u0131n i\u015f hakk\u0131n\u0131 kaybetmesine \u00fcst\u00fcne irticac\u0131 damgas\u0131 yiyerek su\u00e7lu say\u0131lmalar\u0131na neden olmu\u015ftur.<\/div>\n<div dir=\"auto\">Asl\u0131nda bir \u00e7ok alanda sessiz planl\u0131 ve etkili bir darbeydi.Uygulanan bu bask\u0131lara dayanamay\u0131p kamu g\u00f6revinden istifa etmek zorunda b\u0131rak\u0131lanlardan biri de benim.T\u00fcm bu bask\u0131y\u0131 bizzat ya\u015fam\u0131\u015f bir karde\u015finiz \u00a0olarak o g\u00fcnleri hi\u00e7 unutam\u0131yorum.Biliyorum ki unutulan z\u00fcl\u00fcm tekrarlan\u0131r .Bin y\u0131l s\u00fcrecek dediler evet belki bin y\u0131l s\u00fcrmedi ama nesiller boyu s\u00fcrecek derin izler b\u0131rakt\u0131.O g\u00fcnlerin bir daha ya\u015fanmamas\u0131 temennilerimle milletimiz 28\u015eubat lar\u0131n de\u011fil, milli iradenin bin y\u0131l s\u00fcrece\u011fini eline ge\u00e7en her f\u0131rsatta hayk\u0131rm\u0131\u015f ve g\u00f6stermi\u015ftir.<\/div>\n<p>Baki muhabbetlerimle\u2026<\/p>\n<\/div>\n<div><\/div>\n<div><strong>Pinar Tasci Yikilmaz\u00a0 \u00a0 \u00a0 \/\u00a0 \u00a0 \u00a0AVRUPAPRESS<\/strong><\/div>\n","protected":false},"excerpt":{"rendered":"<p>28 \u015eubat\u2018ta al\u0131nan MGK kararlar\u0131 ile \u00fclkemizde postmodern darbe olarak adland\u0131r\u0131lm\u0131\u015f, do\u011frudan halka, din ve inan\u00e7 \u00f6zg\u00fcrl\u00fc\u011f\u00fcne darbe yap\u0131lm\u0131\u015ft\u0131r.B\u00f6ylece g\u00f6r\u00fcn\u00fcrde konu ba\u015f\u00f6rt\u00fcs\u00fc gibi olsa da T\u00fcrkiye\u2019de irtica ba\u015fl\u0131\u011f\u0131 alt\u0131nda bir \u00e7ok kad\u0131n\u0131n yan\u0131nda e\u015fi ba\u015f\u00f6rt\u00fcl\u00fc olan erkekleri de etkilemi\u015ftir.Bunun yan\u0131nda ekonomiye siyasete kamuya medyaya etkisi \u00e7ok b\u00fcy\u00fckt\u00fc. Adeta insanlar\u0131 ikiye b\u00f6ld\u00fc.Muhafazak\u00e2r ve \u00e7a\u011fda\u015f taraf olu\u015fturdu.\u0130mam [&hellip;]<\/p>\n","protected":false},"author":3,"featured_media":28329,"comment_status":"closed","ping_status":"open","sticky":false,"template":"","format":"standard","meta":{"footnotes":""},"categories":[14,16,3,17,18,15,19,2,1],"tags":[],"class_list":["post-28328","post","type-post","status-publish","format-standard","has-post-thumbnail","hentry","category-avrupa","category-belcika","category-dunya","category-ekonomi","category-kultur-sanat","category-spor","category-tanitim","category-turkiye","category-uncategorized"],"yoast_head":"<!-- This site is optimized with the Yoast SEO plugin v26.9 - https:\/\/yoast.com\/product\/yoast-seo-wordpress\/ -->\n<title>TAR\u0130H\u0130 KARA LEKE 28 \u015eUBAT - AvrupaPress<\/title>\n<meta name=\"robots\" content=\"index, follow, max-snippet:-1, max-image-preview:large, max-video-preview:-1\" \/>\n<link rel=\"canonical\" href=\"https:\/\/avrupapress.com\/main\/2025\/02\/28\/tarihi-kara-leke-28-subat\/\" \/>\n<meta property=\"og:locale\" content=\"fr_FR\" \/>\n<meta property=\"og:type\" content=\"article\" \/>\n<meta property=\"og:title\" content=\"TAR\u0130H\u0130 KARA LEKE 28 \u015eUBAT - AvrupaPress\" \/>\n<meta property=\"og:description\" content=\"28 \u015eubat\u2018ta al\u0131nan MGK kararlar\u0131 ile \u00fclkemizde postmodern darbe olarak adland\u0131r\u0131lm\u0131\u015f, do\u011frudan halka, din ve inan\u00e7 \u00f6zg\u00fcrl\u00fc\u011f\u00fcne darbe yap\u0131lm\u0131\u015ft\u0131r.B\u00f6ylece g\u00f6r\u00fcn\u00fcrde konu ba\u015f\u00f6rt\u00fcs\u00fc gibi olsa da T\u00fcrkiye\u2019de irtica ba\u015fl\u0131\u011f\u0131 alt\u0131nda bir \u00e7ok kad\u0131n\u0131n yan\u0131nda e\u015fi ba\u015f\u00f6rt\u00fcl\u00fc olan erkekleri de etkilemi\u015ftir.Bunun yan\u0131nda ekonomiye siyasete kamuya medyaya etkisi \u00e7ok b\u00fcy\u00fckt\u00fc. Adeta insanlar\u0131 ikiye b\u00f6ld\u00fc.Muhafazak\u00e2r ve \u00e7a\u011fda\u015f taraf olu\u015fturdu.\u0130mam [&hellip;]\" \/>\n<meta property=\"og:url\" content=\"https:\/\/avrupapress.com\/main\/2025\/02\/28\/tarihi-kara-leke-28-subat\/\" \/>\n<meta property=\"og:site_name\" content=\"AvrupaPress\" \/>\n<meta property=\"article:published_time\" content=\"2025-02-28T19:59:29+00:00\" \/>\n<meta property=\"article:modified_time\" content=\"2025-02-28T19:59:42+00:00\" \/>\n<meta property=\"og:image\" content=\"https:\/\/avrupapress.com\/main\/wp-content\/uploads\/2025\/02\/thumbnail_IMG-20250227-WA0000.jpg\" \/>\n\t<meta property=\"og:image:width\" content=\"959\" \/>\n\t<meta property=\"og:image:height\" content=\"960\" \/>\n\t<meta property=\"og:image:type\" content=\"image\/jpeg\" \/>\n<meta name=\"author\" content=\"Edit\u00f6r\" \/>\n<meta name=\"twitter:card\" content=\"summary_large_image\" \/>\n<meta name=\"twitter:label1\" content=\"\u00c9crit par\" \/>\n\t<meta name=\"twitter:data1\" content=\"Edit\u00f6r\" \/>\n\t<meta name=\"twitter:label2\" content=\"Dur\u00e9e de lecture est.\" \/>\n\t<meta name=\"twitter:data2\" content=\"2 minutes\" \/>\n<script type=\"application\/ld+json\" class=\"yoast-schema-graph\">{\"@context\":\"https:\/\/schema.org\",\"@graph\":[{\"@type\":\"Article\",\"@id\":\"https:\/\/avrupapress.com\/main\/2025\/02\/28\/tarihi-kara-leke-28-subat\/#article\",\"isPartOf\":{\"@id\":\"https:\/\/avrupapress.com\/main\/2025\/02\/28\/tarihi-kara-leke-28-subat\/\"},\"author\":{\"name\":\"Edit\u00f6r\",\"@id\":\"https:\/\/avrupapress.com\/#\/schema\/person\/68428444ec60970d1e1b700cf4ca1e8f\"},\"headline\":\"TAR\u0130H\u0130 KARA LEKE 28 \u015eUBAT\",\"datePublished\":\"2025-02-28T19:59:29+00:00\",\"dateModified\":\"2025-02-28T19:59:42+00:00\",\"mainEntityOfPage\":{\"@id\":\"https:\/\/avrupapress.com\/main\/2025\/02\/28\/tarihi-kara-leke-28-subat\/\"},\"wordCount\":308,\"publisher\":{\"@id\":\"https:\/\/avrupapress.com\/#\/schema\/person\/0223dca19c72c43575bf30d1a2d8f4fa\"},\"image\":{\"@id\":\"https:\/\/avrupapress.com\/main\/2025\/02\/28\/tarihi-kara-leke-28-subat\/#primaryimage\"},\"thumbnailUrl\":\"https:\/\/avrupapress.com\/main\/wp-content\/uploads\/2025\/02\/thumbnail_IMG-20250227-WA0000.jpg\",\"articleSection\":[\"Avrupa\",\"Bel\u00e7ika\",\"D\u00fcnya\",\"Ekonomi\",\"K\u00fclt\u00fcr-Sanat\",\"Spor\",\"Tan\u0131t\u0131m\",\"T\u00fcrkiye\",\"Uncategorized\"],\"inLanguage\":\"fr-BE\"},{\"@type\":\"WebPage\",\"@id\":\"https:\/\/avrupapress.com\/main\/2025\/02\/28\/tarihi-kara-leke-28-subat\/\",\"url\":\"https:\/\/avrupapress.com\/main\/2025\/02\/28\/tarihi-kara-leke-28-subat\/\",\"name\":\"TAR\u0130H\u0130 KARA LEKE 28 \u015eUBAT - AvrupaPress\",\"isPartOf\":{\"@id\":\"https:\/\/avrupapress.com\/#website\"},\"primaryImageOfPage\":{\"@id\":\"https:\/\/avrupapress.com\/main\/2025\/02\/28\/tarihi-kara-leke-28-subat\/#primaryimage\"},\"image\":{\"@id\":\"https:\/\/avrupapress.com\/main\/2025\/02\/28\/tarihi-kara-leke-28-subat\/#primaryimage\"},\"thumbnailUrl\":\"https:\/\/avrupapress.com\/main\/wp-content\/uploads\/2025\/02\/thumbnail_IMG-20250227-WA0000.jpg\",\"datePublished\":\"2025-02-28T19:59:29+00:00\",\"dateModified\":\"2025-02-28T19:59:42+00:00\",\"breadcrumb\":{\"@id\":\"https:\/\/avrupapress.com\/main\/2025\/02\/28\/tarihi-kara-leke-28-subat\/#breadcrumb\"},\"inLanguage\":\"fr-BE\",\"potentialAction\":[{\"@type\":\"ReadAction\",\"target\":[\"https:\/\/avrupapress.com\/main\/2025\/02\/28\/tarihi-kara-leke-28-subat\/\"]}]},{\"@type\":\"ImageObject\",\"inLanguage\":\"fr-BE\",\"@id\":\"https:\/\/avrupapress.com\/main\/2025\/02\/28\/tarihi-kara-leke-28-subat\/#primaryimage\",\"url\":\"https:\/\/avrupapress.com\/main\/wp-content\/uploads\/2025\/02\/thumbnail_IMG-20250227-WA0000.jpg\",\"contentUrl\":\"https:\/\/avrupapress.com\/main\/wp-content\/uploads\/2025\/02\/thumbnail_IMG-20250227-WA0000.jpg\",\"width\":959,\"height\":960},{\"@type\":\"BreadcrumbList\",\"@id\":\"https:\/\/avrupapress.com\/main\/2025\/02\/28\/tarihi-kara-leke-28-subat\/#breadcrumb\",\"itemListElement\":[{\"@type\":\"ListItem\",\"position\":1,\"name\":\"Anasayfa\",\"item\":\"https:\/\/avrupapress.com\/\"},{\"@type\":\"ListItem\",\"position\":2,\"name\":\"TAR\u0130H\u0130 KARA LEKE 28 \u015eUBAT\"}]},{\"@type\":\"WebSite\",\"@id\":\"https:\/\/avrupapress.com\/#website\",\"url\":\"https:\/\/avrupapress.com\/\",\"name\":\"AvrupaPress\",\"description\":\"Haberin Adresi\",\"publisher\":{\"@id\":\"https:\/\/avrupapress.com\/#\/schema\/person\/0223dca19c72c43575bf30d1a2d8f4fa\"},\"potentialAction\":[{\"@type\":\"SearchAction\",\"target\":{\"@type\":\"EntryPoint\",\"urlTemplate\":\"https:\/\/avrupapress.com\/?s={search_term_string}\"},\"query-input\":{\"@type\":\"PropertyValueSpecification\",\"valueRequired\":true,\"valueName\":\"search_term_string\"}}],\"inLanguage\":\"fr-BE\"},{\"@type\":[\"Person\",\"Organization\"],\"@id\":\"https:\/\/avrupapress.com\/#\/schema\/person\/0223dca19c72c43575bf30d1a2d8f4fa\",\"name\":\"Bilgin \u00d6z\u00e7ift\u00e7i\",\"image\":{\"@type\":\"ImageObject\",\"inLanguage\":\"fr-BE\",\"@id\":\"https:\/\/avrupapress.com\/#\/schema\/person\/image\/\",\"url\":\"https:\/\/secure.gravatar.com\/avatar\/0f23b280433a21e1ea7a0adcc46ed0ad16afe3ad8e630fd13d8a017dcbd54ef3?s=96&d=mm&r=g\",\"contentUrl\":\"https:\/\/secure.gravatar.com\/avatar\/0f23b280433a21e1ea7a0adcc46ed0ad16afe3ad8e630fd13d8a017dcbd54ef3?s=96&d=mm&r=g\",\"caption\":\"Bilgin \u00d6z\u00e7ift\u00e7i\"},\"logo\":{\"@id\":\"https:\/\/avrupapress.com\/#\/schema\/person\/image\/\"},\"description\":\"Ne ben, nede sen... Biz ancak \\\"biz\\\" olursak g\u00fc\u00e7l\u00fc olabiliriz\"},{\"@type\":\"Person\",\"@id\":\"https:\/\/avrupapress.com\/#\/schema\/person\/68428444ec60970d1e1b700cf4ca1e8f\",\"name\":\"Edit\u00f6r\",\"image\":{\"@type\":\"ImageObject\",\"inLanguage\":\"fr-BE\",\"@id\":\"https:\/\/avrupapress.com\/#\/schema\/person\/image\/\",\"url\":\"https:\/\/secure.gravatar.com\/avatar\/74996b0977aa5f1559ba9883776652508b229005c0d78fb2597897f0bd651c09?s=96&d=mm&r=g\",\"contentUrl\":\"https:\/\/secure.gravatar.com\/avatar\/74996b0977aa5f1559ba9883776652508b229005c0d78fb2597897f0bd651c09?s=96&d=mm&r=g\",\"caption\":\"Edit\u00f6r\"},\"sameAs\":[\"http:\/\/www.avrupapress.com\"],\"url\":\"https:\/\/avrupapress.com\/main\/author\/editor\/\"}]}<\/script>\n<!-- \/ Yoast SEO plugin. -->","yoast_head_json":{"title":"TAR\u0130H\u0130 KARA LEKE 28 \u015eUBAT - AvrupaPress","robots":{"index":"index","follow":"follow","max-snippet":"max-snippet:-1","max-image-preview":"max-image-preview:large","max-video-preview":"max-video-preview:-1"},"canonical":"https:\/\/avrupapress.com\/main\/2025\/02\/28\/tarihi-kara-leke-28-subat\/","og_locale":"fr_FR","og_type":"article","og_title":"TAR\u0130H\u0130 KARA LEKE 28 \u015eUBAT - AvrupaPress","og_description":"28 \u015eubat\u2018ta al\u0131nan MGK kararlar\u0131 ile \u00fclkemizde postmodern darbe olarak adland\u0131r\u0131lm\u0131\u015f, do\u011frudan halka, din ve inan\u00e7 \u00f6zg\u00fcrl\u00fc\u011f\u00fcne darbe yap\u0131lm\u0131\u015ft\u0131r.B\u00f6ylece g\u00f6r\u00fcn\u00fcrde konu ba\u015f\u00f6rt\u00fcs\u00fc gibi olsa da T\u00fcrkiye\u2019de irtica ba\u015fl\u0131\u011f\u0131 alt\u0131nda bir \u00e7ok kad\u0131n\u0131n yan\u0131nda e\u015fi ba\u015f\u00f6rt\u00fcl\u00fc olan erkekleri de etkilemi\u015ftir.Bunun yan\u0131nda ekonomiye siyasete kamuya medyaya etkisi \u00e7ok b\u00fcy\u00fckt\u00fc. Adeta insanlar\u0131 ikiye b\u00f6ld\u00fc.Muhafazak\u00e2r ve \u00e7a\u011fda\u015f taraf olu\u015fturdu.\u0130mam [&hellip;]","og_url":"https:\/\/avrupapress.com\/main\/2025\/02\/28\/tarihi-kara-leke-28-subat\/","og_site_name":"AvrupaPress","article_published_time":"2025-02-28T19:59:29+00:00","article_modified_time":"2025-02-28T19:59:42+00:00","og_image":[{"width":959,"height":960,"url":"https:\/\/avrupapress.com\/main\/wp-content\/uploads\/2025\/02\/thumbnail_IMG-20250227-WA0000.jpg","type":"image\/jpeg"}],"author":"Edit\u00f6r","twitter_card":"summary_large_image","twitter_misc":{"\u00c9crit par":"Edit\u00f6r","Dur\u00e9e de lecture est.":"2 minutes"},"schema":{"@context":"https:\/\/schema.org","@graph":[{"@type":"Article","@id":"https:\/\/avrupapress.com\/main\/2025\/02\/28\/tarihi-kara-leke-28-subat\/#article","isPartOf":{"@id":"https:\/\/avrupapress.com\/main\/2025\/02\/28\/tarihi-kara-leke-28-subat\/"},"author":{"name":"Edit\u00f6r","@id":"https:\/\/avrupapress.com\/#\/schema\/person\/68428444ec60970d1e1b700cf4ca1e8f"},"headline":"TAR\u0130H\u0130 KARA LEKE 28 \u015eUBAT","datePublished":"2025-02-28T19:59:29+00:00","dateModified":"2025-02-28T19:59:42+00:00","mainEntityOfPage":{"@id":"https:\/\/avrupapress.com\/main\/2025\/02\/28\/tarihi-kara-leke-28-subat\/"},"wordCount":308,"publisher":{"@id":"https:\/\/avrupapress.com\/#\/schema\/person\/0223dca19c72c43575bf30d1a2d8f4fa"},"image":{"@id":"https:\/\/avrupapress.com\/main\/2025\/02\/28\/tarihi-kara-leke-28-subat\/#primaryimage"},"thumbnailUrl":"https:\/\/avrupapress.com\/main\/wp-content\/uploads\/2025\/02\/thumbnail_IMG-20250227-WA0000.jpg","articleSection":["Avrupa","Bel\u00e7ika","D\u00fcnya","Ekonomi","K\u00fclt\u00fcr-Sanat","Spor","Tan\u0131t\u0131m","T\u00fcrkiye","Uncategorized"],"inLanguage":"fr-BE"},{"@type":"WebPage","@id":"https:\/\/avrupapress.com\/main\/2025\/02\/28\/tarihi-kara-leke-28-subat\/","url":"https:\/\/avrupapress.com\/main\/2025\/02\/28\/tarihi-kara-leke-28-subat\/","name":"TAR\u0130H\u0130 KARA LEKE 28 \u015eUBAT - AvrupaPress","isPartOf":{"@id":"https:\/\/avrupapress.com\/#website"},"primaryImageOfPage":{"@id":"https:\/\/avrupapress.com\/main\/2025\/02\/28\/tarihi-kara-leke-28-subat\/#primaryimage"},"image":{"@id":"https:\/\/avrupapress.com\/main\/2025\/02\/28\/tarihi-kara-leke-28-subat\/#primaryimage"},"thumbnailUrl":"https:\/\/avrupapress.com\/main\/wp-content\/uploads\/2025\/02\/thumbnail_IMG-20250227-WA0000.jpg","datePublished":"2025-02-28T19:59:29+00:00","dateModified":"2025-02-28T19:59:42+00:00","breadcrumb":{"@id":"https:\/\/avrupapress.com\/main\/2025\/02\/28\/tarihi-kara-leke-28-subat\/#breadcrumb"},"inLanguage":"fr-BE","potentialAction":[{"@type":"ReadAction","target":["https:\/\/avrupapress.com\/main\/2025\/02\/28\/tarihi-kara-leke-28-subat\/"]}]},{"@type":"ImageObject","inLanguage":"fr-BE","@id":"https:\/\/avrupapress.com\/main\/2025\/02\/28\/tarihi-kara-leke-28-subat\/#primaryimage","url":"https:\/\/avrupapress.com\/main\/wp-content\/uploads\/2025\/02\/thumbnail_IMG-20250227-WA0000.jpg","contentUrl":"https:\/\/avrupapress.com\/main\/wp-content\/uploads\/2025\/02\/thumbnail_IMG-20250227-WA0000.jpg","width":959,"height":960},{"@type":"BreadcrumbList","@id":"https:\/\/avrupapress.com\/main\/2025\/02\/28\/tarihi-kara-leke-28-subat\/#breadcrumb","itemListElement":[{"@type":"ListItem","position":1,"name":"Anasayfa","item":"https:\/\/avrupapress.com\/"},{"@type":"ListItem","position":2,"name":"TAR\u0130H\u0130 KARA LEKE 28 \u015eUBAT"}]},{"@type":"WebSite","@id":"https:\/\/avrupapress.com\/#website","url":"https:\/\/avrupapress.com\/","name":"AvrupaPress","description":"Haberin Adresi","publisher":{"@id":"https:\/\/avrupapress.com\/#\/schema\/person\/0223dca19c72c43575bf30d1a2d8f4fa"},"potentialAction":[{"@type":"SearchAction","target":{"@type":"EntryPoint","urlTemplate":"https:\/\/avrupapress.com\/?s={search_term_string}"},"query-input":{"@type":"PropertyValueSpecification","valueRequired":true,"valueName":"search_term_string"}}],"inLanguage":"fr-BE"},{"@type":["Person","Organization"],"@id":"https:\/\/avrupapress.com\/#\/schema\/person\/0223dca19c72c43575bf30d1a2d8f4fa","name":"Bilgin \u00d6z\u00e7ift\u00e7i","image":{"@type":"ImageObject","inLanguage":"fr-BE","@id":"https:\/\/avrupapress.com\/#\/schema\/person\/image\/","url":"https:\/\/secure.gravatar.com\/avatar\/0f23b280433a21e1ea7a0adcc46ed0ad16afe3ad8e630fd13d8a017dcbd54ef3?s=96&d=mm&r=g","contentUrl":"https:\/\/secure.gravatar.com\/avatar\/0f23b280433a21e1ea7a0adcc46ed0ad16afe3ad8e630fd13d8a017dcbd54ef3?s=96&d=mm&r=g","caption":"Bilgin \u00d6z\u00e7ift\u00e7i"},"logo":{"@id":"https:\/\/avrupapress.com\/#\/schema\/person\/image\/"},"description":"Ne ben, nede sen... Biz ancak \"biz\" olursak g\u00fc\u00e7l\u00fc olabiliriz"},{"@type":"Person","@id":"https:\/\/avrupapress.com\/#\/schema\/person\/68428444ec60970d1e1b700cf4ca1e8f","name":"Edit\u00f6r","image":{"@type":"ImageObject","inLanguage":"fr-BE","@id":"https:\/\/avrupapress.com\/#\/schema\/person\/image\/","url":"https:\/\/secure.gravatar.com\/avatar\/74996b0977aa5f1559ba9883776652508b229005c0d78fb2597897f0bd651c09?s=96&d=mm&r=g","contentUrl":"https:\/\/secure.gravatar.com\/avatar\/74996b0977aa5f1559ba9883776652508b229005c0d78fb2597897f0bd651c09?s=96&d=mm&r=g","caption":"Edit\u00f6r"},"sameAs":["http:\/\/www.avrupapress.com"],"url":"https:\/\/avrupapress.com\/main\/author\/editor\/"}]}},"_links":{"self":[{"href":"https:\/\/avrupapress.com\/main\/wp-json\/wp\/v2\/posts\/28328","targetHints":{"allow":["GET"]}}],"collection":[{"href":"https:\/\/avrupapress.com\/main\/wp-json\/wp\/v2\/posts"}],"about":[{"href":"https:\/\/avrupapress.com\/main\/wp-json\/wp\/v2\/types\/post"}],"author":[{"embeddable":true,"href":"https:\/\/avrupapress.com\/main\/wp-json\/wp\/v2\/users\/3"}],"replies":[{"embeddable":true,"href":"https:\/\/avrupapress.com\/main\/wp-json\/wp\/v2\/comments?post=28328"}],"version-history":[{"count":2,"href":"https:\/\/avrupapress.com\/main\/wp-json\/wp\/v2\/posts\/28328\/revisions"}],"predecessor-version":[{"id":28331,"href":"https:\/\/avrupapress.com\/main\/wp-json\/wp\/v2\/posts\/28328\/revisions\/28331"}],"wp:featuredmedia":[{"embeddable":true,"href":"https:\/\/avrupapress.com\/main\/wp-json\/wp\/v2\/media\/28329"}],"wp:attachment":[{"href":"https:\/\/avrupapress.com\/main\/wp-json\/wp\/v2\/media?parent=28328"}],"wp:term":[{"taxonomy":"category","embeddable":true,"href":"https:\/\/avrupapress.com\/main\/wp-json\/wp\/v2\/categories?post=28328"},{"taxonomy":"post_tag","embeddable":true,"href":"https:\/\/avrupapress.com\/main\/wp-json\/wp\/v2\/tags?post=28328"}],"curies":[{"name":"wp","href":"https:\/\/api.w.org\/{rel}","templated":true}]}}