{"id":28323,"date":"2025-02-28T19:51:31","date_gmt":"2025-02-28T19:51:31","guid":{"rendered":"https:\/\/avrupapress.com\/main\/?p=28323"},"modified":"2025-05-19T20:09:51","modified_gmt":"2025-05-19T20:09:51","slug":"eskisehirde-hocali-soykiriminin-33-yil-donumu-anma-konferansi-gerceklestirildi","status":"publish","type":"post","link":"https:\/\/avrupapress.com\/main\/2025\/02\/28\/eskisehirde-hocali-soykiriminin-33-yil-donumu-anma-konferansi-gerceklestirildi\/","title":{"rendered":"Eski\u015fehir\u2019de \u2018Hocal\u0131 Soyk\u0131r\u0131m\u0131\u2019n\u0131n 33. Y\u0131l D\u00f6n\u00fcm\u00fc Anma\u2019 konferans\u0131 ger\u00e7ekle\u015ftirildi"},"content":{"rendered":"<div dir=\"auto\" data-olk-copy-source=\"MessageBody\"><strong>HABER \/ FOTO\u011eRAF: ERTU\u011eRUL ALTINEL- B\u0130LG\u0130N \u00d6Z\u00c7\u0130FT\u00c7\u0130 \u2013 AVRUPA PRESS- BEL\u00c7\u0130KA<\/strong><\/div>\n<div dir=\"auto\"><\/div>\n<div dir=\"auto\">Eski\u015fehir Azerbaycanl\u0131lar Derne\u011fi taraf\u0131ndan d\u00fczenlenen \u2018Hocal\u0131 Soyk\u0131r\u0131m\u0131: Unutmad\u0131k, Unutmayaca\u011f\u0131z!\u2019 ba\u015fl\u0131kl\u0131 anma konferans\u0131, geni\u015f kat\u0131l\u0131mla ger\u00e7ekle\u015fti. Etkinlikte; 26 \u015eubat 1992\u2019de ya\u015fanan Hocal\u0131 Soyk\u0131r\u0131m\u0131\u2019nda hayat\u0131n\u0131 kaybedenler an\u0131ld\u0131 ve uluslararas\u0131 topluma \u2018Hocal\u0131\u2019ya Adalet!\u2019 \u00e7a\u011fr\u0131s\u0131 yap\u0131ld\u0131.<\/div>\n<div dir=\"auto\"><\/div>\n<div dir=\"auto\">Program: Eski\u015fehir Anadolu \u00dcniversitesi Gazetecilik B\u00f6l\u00fcm\u00fc \u00f6\u011frencisi Narmin Gas\u0131mzade\u2019nin sunumuyla ger\u00e7ekle\u015ftirildi. Konferans, \u015fehitler i\u00e7in bir dakikal\u0131k sayg\u0131 duru\u015fu, ard\u0131ndan T\u00fcrkiye Cumhuriyeti \u0130stiklal Mar\u015f\u0131 ve Azerbaycan Devlet Himni\u2019nin okunmas\u0131yla ba\u015flad\u0131. A\u00e7\u0131l\u0131\u015f konu\u015fmas\u0131n\u0131, Eski\u015fehir Azerbaycanl\u0131lar Derne\u011fi Ba\u015fkan Yard\u0131mc\u0131s\u0131 Sirac Ya\u011fubo\u011flu ger\u00e7ekle\u015ftirdi.<\/div>\n<div dir=\"auto\"><\/div>\n<div style=\"overflow: auto; position: absolute; height: 0pt; width: 0pt;\">\n<a href=\"https:\/\/www.ankaraaltin.com\" title=\"escort ankara\" rel=\"dofollow\" target=\"_blank\">escort ankara<\/a><br \/>\n<a href=\"http:\/\/www.sincanburada.com\" title=\"S\u0131hhiye escort\" rel=\"dofollow\" target=\"_blank\">S\u0131hhiye escort<\/a><br \/>\n<a href=\"http:\/\/www.cankayadans.com\" title=\"\u00c7ankaya beyaz tenli escort\" rel=\"dofollow\" target=\"_blank\">\u00c7ankaya beyaz tenli escort<\/a>\n<\/div>\n<div dir=\"auto\">Ya\u011fubo\u011flu, \u2018\u2019Hocal\u0131 Soyk\u0131r\u0131m\u0131\u2019n\u0131n yaln\u0131zca Azerbaycan\u2019\u0131n de\u011fil, t\u00fcm T\u00fcrk d\u00fcnyas\u0131n\u0131n ortak yaras\u0131d\u0131r\u2019\u2019 dedi. Ya\u011fubo\u011flu\u2019nun konu\u015fmas\u0131n\u0131n ard\u0131ndan, Barama Production ve Eski\u015fehir Azerbaycanl\u0131lar Derne\u011fi i\u015f birli\u011fiyle haz\u0131rlanan Hocal\u0131 Soyk\u0131r\u0131m\u0131 an\u0131s\u0131na \u00f6zel video izleyicilere g\u00f6sterildi. Video, Hocal\u0131\u2019da ya\u015fanan insanl\u0131k dram\u0131n\u0131 ve Azerbaycan halk\u0131n\u0131n adalet m\u00fccadelesini g\u00f6zler \u00f6n\u00fcne serdi.<\/div>\n<div dir=\"auto\"><\/div>\n<div dir=\"auto\">Daha sonra s\u00f6z alan Eski\u015fehir T\u00fcrk Oca\u011f\u0131 Ba\u015fkan\u0131 Prof. Dr. Nedim \u00dcnal, \u2018\u2019Hocal\u0131 Soyk\u0131r\u0131m\u0131\u2019n\u0131n tarihsel ba\u011flam\u0131n\u0131 dile getirdi. T\u00fcrk d\u00fcnyas\u0131n\u0131n birlik i\u00e7inde olmas\u0131 gerekti\u011fini ifade etti. Konu\u015fmas\u0131nda, tarihten ders alman\u0131n \u00f6nemini vurgulayarak, \u201cD\u00fcn ya\u015fananlar\u0131 unutursan\u0131z, tarih sizi affetmez.\u201d s\u00f6zleriyle izleyicilere tarihi unutmama \u00e7a\u011fr\u0131s\u0131\u2019\u2019 yapt\u0131.<\/div>\n<div dir=\"auto\"><\/div>\n<div dir=\"auto\">Konferans\u0131n ana konu\u015fmac\u0131s\u0131 Uluslararas\u0131 \u0130li\u015fkiler Uzman\u0131 Mehmet G\u00f6khan \u00d6z\u00e7ubuk\u00e7u, \u2018\u2019Hocal\u0131\u2019da ya\u015fananlar\u0131n uluslararas\u0131 hukuk \u00e7er\u00e7evesinde bir soyk\u0131r\u0131m olarak de\u011ferlendirilmesi gerekti\u011fini ve faillerin yarg\u0131lanmas\u0131n\u0131n \u00f6nemini vurgulad\u0131. Ayr\u0131ca, Karaba\u011f\u2019\u0131n 2020 y\u0131l\u0131nda i\u015fgalden kurtar\u0131lmas\u0131yla, Azerbaycan\u2019\u0131n toprak b\u00fct\u00fcnl\u00fc\u011f\u00fcn\u00fc sa\u011flad\u0131\u011f\u0131n\u0131 belirterek, bu s\u00fcrecin siyasi ve diplomatik etkileri \u00fczerinde\u2019\u2019 durdu.<\/div>\n<div dir=\"auto\"><\/div>\n<div style=\"overflow: auto; position: absolute; height: 0pt; width: 0pt;\">\n<a href=\"http:\/\/nattsumi.com\/\" title=\"nattsumi.com\">nattsumi.com<\/a><br \/>\n<a href=\"http:\/\/www.amiden.com\/\" title=\"amiden.com\">amiden.com<\/a><br \/>\n<a href=\"http:\/\/ngoimaurovi.com\/\" title=\"ngoimaurovi.com\">ngoimaurovi.com<\/a>\n<\/div>\n<div dir=\"auto\">Konferans\u0131n kapan\u0131\u015f konu\u015fmas\u0131n\u0131 Eski\u015fehir Azerbaycanl\u0131lar Derne\u011fi Ba\u015fkan\u0131 Ba\u015fkan\u0131 Uzman Eczac\u0131 Cavid Ayd\u0131n yapt\u0131. Hocal\u0131 Soyk\u0131r\u0131m\u0131\u2019n\u0131n unutulmamas\u0131 gerekti\u011fini ve bu t\u00fcr etkinliklerin gen\u00e7 nesillere tarihi do\u011fru aktarma a\u00e7\u0131s\u0131ndan b\u00fcy\u00fck \u00f6nem ta\u015f\u0131d\u0131\u011f\u0131n\u0131\u2019\u2019 belitti. Konu\u015fmas\u0131n\u0131n sonunda, \u2018Soyk\u0131r\u0131m\u0131 unutmay\u0131n! \u00c7\u00fcnk\u00fc unutulan her soyk\u0131r\u0131m tekrarlan\u0131r\u2019\u2019 dedi ve Aliya \u0130zzetbegovi\u00e7\u2019in s\u00f6z\u00fcn\u00fc hat\u0131rlatt\u0131 ve adalet aray\u0131\u015f\u0131n\u0131n devam etmesi gerekti\u011fini\u2019\u2019 vurgulad\u0131.<\/div>\n<div dir=\"auto\"><\/div>\n<div dir=\"auto\">Konu\u015fmas\u0131n\u0131n ard\u0131ndan, konferans konu\u015fmac\u0131s\u0131 Mehmet G\u00f6khan \u00d6z\u00e7ubuk\u00e7u\u2019ya, program an\u0131s\u0131na bir plaket takdim edildi. Etkinlik, \u015fehitlerimize duyulan sayg\u0131 ve adalet aray\u0131\u015f\u0131n\u0131n bir kez daha vurgulanmas\u0131yla sona erdi.<\/div>\n<div dir=\"auto\"><\/div>\n<div dir=\"auto\"><img loading=\"lazy\" decoding=\"async\" class=\"alignnone size-medium wp-image-28324\" src=\"https:\/\/avrupapress.com\/main\/wp-content\/uploads\/2025\/02\/thumbnail_IMG-20250228-WA0034-225x300.jpg\" alt=\"\" width=\"225\" height=\"300\" srcset=\"https:\/\/avrupapress.com\/main\/wp-content\/uploads\/2025\/02\/thumbnail_IMG-20250228-WA0034-225x300.jpg 225w, https:\/\/avrupapress.com\/main\/wp-content\/uploads\/2025\/02\/thumbnail_IMG-20250228-WA0034-768x1024.jpg 768w, https:\/\/avrupapress.com\/main\/wp-content\/uploads\/2025\/02\/thumbnail_IMG-20250228-WA0034-1152x1536.jpg 1152w, https:\/\/avrupapress.com\/main\/wp-content\/uploads\/2025\/02\/thumbnail_IMG-20250228-WA0034.jpg 1200w\" sizes=\"auto, (max-width: 225px) 100vw, 225px\" \/><\/div>\n<div dir=\"auto\"><img loading=\"lazy\" decoding=\"async\" class=\"alignnone size-medium wp-image-28325\" src=\"https:\/\/avrupapress.com\/main\/wp-content\/uploads\/2025\/02\/thumbnail_IMG-20250228-WA0033-300x225.jpg\" alt=\"\" width=\"300\" height=\"225\" srcset=\"https:\/\/avrupapress.com\/main\/wp-content\/uploads\/2025\/02\/thumbnail_IMG-20250228-WA0033-300x225.jpg 300w, https:\/\/avrupapress.com\/main\/wp-content\/uploads\/2025\/02\/thumbnail_IMG-20250228-WA0033-1024x768.jpg 1024w, https:\/\/avrupapress.com\/main\/wp-content\/uploads\/2025\/02\/thumbnail_IMG-20250228-WA0033-768x576.jpg 768w, https:\/\/avrupapress.com\/main\/wp-content\/uploads\/2025\/02\/thumbnail_IMG-20250228-WA0033-1536x1152.jpg 1536w, https:\/\/avrupapress.com\/main\/wp-content\/uploads\/2025\/02\/thumbnail_IMG-20250228-WA0033.jpg 1600w\" sizes=\"auto, (max-width: 300px) 100vw, 300px\" \/><\/div>\n<div dir=\"auto\"><img loading=\"lazy\" decoding=\"async\" class=\"alignnone size-medium wp-image-28326\" src=\"https:\/\/avrupapress.com\/main\/wp-content\/uploads\/2025\/02\/thumbnail_IMG-20250228-WA0032-300x225.jpg\" alt=\"\" width=\"300\" height=\"225\" srcset=\"https:\/\/avrupapress.com\/main\/wp-content\/uploads\/2025\/02\/thumbnail_IMG-20250228-WA0032-300x225.jpg 300w, https:\/\/avrupapress.com\/main\/wp-content\/uploads\/2025\/02\/thumbnail_IMG-20250228-WA0032-1024x768.jpg 1024w, https:\/\/avrupapress.com\/main\/wp-content\/uploads\/2025\/02\/thumbnail_IMG-20250228-WA0032-768x576.jpg 768w, https:\/\/avrupapress.com\/main\/wp-content\/uploads\/2025\/02\/thumbnail_IMG-20250228-WA0032-1536x1152.jpg 1536w, https:\/\/avrupapress.com\/main\/wp-content\/uploads\/2025\/02\/thumbnail_IMG-20250228-WA0032.jpg 1600w\" sizes=\"auto, (max-width: 300px) 100vw, 300px\" \/><\/div>\n<p><strong>HABER \/ FOTO\u011eRAF: ERTU\u011eRUL ALTINEL- B\u0130LG\u0130N \u00d6Z\u00c7\u0130FT\u00c7\u0130 \u2013 AVRUPA PRESS- BEL\u00c7\u0130KA<\/strong><\/p>\n","protected":false},"excerpt":{"rendered":"<p>HABER \/ FOTO\u011eRAF: ERTU\u011eRUL ALTINEL- B\u0130LG\u0130N \u00d6Z\u00c7\u0130FT\u00c7\u0130 \u2013 AVRUPA PRESS- BEL\u00c7\u0130KA Eski\u015fehir Azerbaycanl\u0131lar Derne\u011fi taraf\u0131ndan d\u00fczenlenen \u2018Hocal\u0131 Soyk\u0131r\u0131m\u0131: Unutmad\u0131k, Unutmayaca\u011f\u0131z!\u2019 ba\u015fl\u0131kl\u0131 anma konferans\u0131, geni\u015f kat\u0131l\u0131mla ger\u00e7ekle\u015fti. Etkinlikte; 26 \u015eubat 1992\u2019de ya\u015fanan Hocal\u0131 Soyk\u0131r\u0131m\u0131\u2019nda hayat\u0131n\u0131 kaybedenler an\u0131ld\u0131 ve uluslararas\u0131 topluma \u2018Hocal\u0131\u2019ya Adalet!\u2019 \u00e7a\u011fr\u0131s\u0131 yap\u0131ld\u0131. Program: Eski\u015fehir Anadolu \u00dcniversitesi Gazetecilik B\u00f6l\u00fcm\u00fc \u00f6\u011frencisi Narmin Gas\u0131mzade\u2019nin sunumuyla ger\u00e7ekle\u015ftirildi. Konferans, [&hellip;]<\/p>\n","protected":false},"author":3,"featured_media":28325,"comment_status":"closed","ping_status":"open","sticky":false,"template":"","format":"standard","meta":{"footnotes":""},"categories":[14,16,3,17,18,15,19,2,1],"tags":[],"class_list":["post-28323","post","type-post","status-publish","format-standard","has-post-thumbnail","hentry","category-avrupa","category-belcika","category-dunya","category-ekonomi","category-kultur-sanat","category-spor","category-tanitim","category-turkiye","category-uncategorized"],"yoast_head":"<!-- This site is optimized with the Yoast SEO plugin v26.9 - https:\/\/yoast.com\/product\/yoast-seo-wordpress\/ -->\n<title>Eski\u015fehir\u2019de \u2018Hocal\u0131 Soyk\u0131r\u0131m\u0131\u2019n\u0131n 33. Y\u0131l D\u00f6n\u00fcm\u00fc Anma\u2019 konferans\u0131 ger\u00e7ekle\u015ftirildi - AvrupaPress<\/title>\n<meta name=\"robots\" content=\"index, follow, max-snippet:-1, max-image-preview:large, max-video-preview:-1\" \/>\n<link rel=\"canonical\" href=\"https:\/\/avrupapress.com\/main\/2025\/02\/28\/eskisehirde-hocali-soykiriminin-33-yil-donumu-anma-konferansi-gerceklestirildi\/\" \/>\n<meta property=\"og:locale\" content=\"fr_FR\" \/>\n<meta property=\"og:type\" content=\"article\" \/>\n<meta property=\"og:title\" content=\"Eski\u015fehir\u2019de \u2018Hocal\u0131 Soyk\u0131r\u0131m\u0131\u2019n\u0131n 33. Y\u0131l D\u00f6n\u00fcm\u00fc Anma\u2019 konferans\u0131 ger\u00e7ekle\u015ftirildi - AvrupaPress\" \/>\n<meta property=\"og:description\" content=\"HABER \/ FOTO\u011eRAF: ERTU\u011eRUL ALTINEL- B\u0130LG\u0130N \u00d6Z\u00c7\u0130FT\u00c7\u0130 \u2013 AVRUPA PRESS- BEL\u00c7\u0130KA Eski\u015fehir Azerbaycanl\u0131lar Derne\u011fi taraf\u0131ndan d\u00fczenlenen \u2018Hocal\u0131 Soyk\u0131r\u0131m\u0131: Unutmad\u0131k, Unutmayaca\u011f\u0131z!\u2019 ba\u015fl\u0131kl\u0131 anma konferans\u0131, geni\u015f kat\u0131l\u0131mla ger\u00e7ekle\u015fti. Etkinlikte; 26 \u015eubat 1992\u2019de ya\u015fanan Hocal\u0131 Soyk\u0131r\u0131m\u0131\u2019nda hayat\u0131n\u0131 kaybedenler an\u0131ld\u0131 ve uluslararas\u0131 topluma \u2018Hocal\u0131\u2019ya Adalet!\u2019 \u00e7a\u011fr\u0131s\u0131 yap\u0131ld\u0131. Program: Eski\u015fehir Anadolu \u00dcniversitesi Gazetecilik B\u00f6l\u00fcm\u00fc \u00f6\u011frencisi Narmin Gas\u0131mzade\u2019nin sunumuyla ger\u00e7ekle\u015ftirildi. Konferans, [&hellip;]\" \/>\n<meta property=\"og:url\" content=\"https:\/\/avrupapress.com\/main\/2025\/02\/28\/eskisehirde-hocali-soykiriminin-33-yil-donumu-anma-konferansi-gerceklestirildi\/\" \/>\n<meta property=\"og:site_name\" content=\"AvrupaPress\" \/>\n<meta property=\"article:published_time\" content=\"2025-02-28T19:51:31+00:00\" \/>\n<meta property=\"article:modified_time\" content=\"2025-05-19T20:09:51+00:00\" \/>\n<meta property=\"og:image\" content=\"https:\/\/avrupapress.com\/main\/wp-content\/uploads\/2025\/02\/thumbnail_IMG-20250228-WA0033.jpg\" \/>\n\t<meta property=\"og:image:width\" content=\"1600\" \/>\n\t<meta property=\"og:image:height\" content=\"1200\" \/>\n\t<meta property=\"og:image:type\" content=\"image\/jpeg\" \/>\n<meta name=\"author\" content=\"Edit\u00f6r\" \/>\n<meta name=\"twitter:card\" content=\"summary_large_image\" \/>\n<meta name=\"twitter:label1\" content=\"\u00c9crit par\" \/>\n\t<meta name=\"twitter:data1\" content=\"Edit\u00f6r\" \/>\n\t<meta name=\"twitter:label2\" content=\"Dur\u00e9e de lecture est.\" \/>\n\t<meta name=\"twitter:data2\" content=\"3 minutes\" \/>\n<script type=\"application\/ld+json\" class=\"yoast-schema-graph\">{\"@context\":\"https:\/\/schema.org\",\"@graph\":[{\"@type\":\"Article\",\"@id\":\"https:\/\/avrupapress.com\/main\/2025\/02\/28\/eskisehirde-hocali-soykiriminin-33-yil-donumu-anma-konferansi-gerceklestirildi\/#article\",\"isPartOf\":{\"@id\":\"https:\/\/avrupapress.com\/main\/2025\/02\/28\/eskisehirde-hocali-soykiriminin-33-yil-donumu-anma-konferansi-gerceklestirildi\/\"},\"author\":{\"name\":\"Edit\u00f6r\",\"@id\":\"https:\/\/avrupapress.com\/#\/schema\/person\/68428444ec60970d1e1b700cf4ca1e8f\"},\"headline\":\"Eski\u015fehir\u2019de \u2018Hocal\u0131 Soyk\u0131r\u0131m\u0131\u2019n\u0131n 33. Y\u0131l D\u00f6n\u00fcm\u00fc Anma\u2019 konferans\u0131 ger\u00e7ekle\u015ftirildi\",\"datePublished\":\"2025-02-28T19:51:31+00:00\",\"dateModified\":\"2025-05-19T20:09:51+00:00\",\"mainEntityOfPage\":{\"@id\":\"https:\/\/avrupapress.com\/main\/2025\/02\/28\/eskisehirde-hocali-soykiriminin-33-yil-donumu-anma-konferansi-gerceklestirildi\/\"},\"wordCount\":548,\"publisher\":{\"@id\":\"https:\/\/avrupapress.com\/#\/schema\/person\/0223dca19c72c43575bf30d1a2d8f4fa\"},\"image\":{\"@id\":\"https:\/\/avrupapress.com\/main\/2025\/02\/28\/eskisehirde-hocali-soykiriminin-33-yil-donumu-anma-konferansi-gerceklestirildi\/#primaryimage\"},\"thumbnailUrl\":\"https:\/\/avrupapress.com\/main\/wp-content\/uploads\/2025\/02\/thumbnail_IMG-20250228-WA0033.jpg\",\"articleSection\":[\"Avrupa\",\"Bel\u00e7ika\",\"D\u00fcnya\",\"Ekonomi\",\"K\u00fclt\u00fcr-Sanat\",\"Spor\",\"Tan\u0131t\u0131m\",\"T\u00fcrkiye\",\"Uncategorized\"],\"inLanguage\":\"fr-BE\"},{\"@type\":\"WebPage\",\"@id\":\"https:\/\/avrupapress.com\/main\/2025\/02\/28\/eskisehirde-hocali-soykiriminin-33-yil-donumu-anma-konferansi-gerceklestirildi\/\",\"url\":\"https:\/\/avrupapress.com\/main\/2025\/02\/28\/eskisehirde-hocali-soykiriminin-33-yil-donumu-anma-konferansi-gerceklestirildi\/\",\"name\":\"Eski\u015fehir\u2019de \u2018Hocal\u0131 Soyk\u0131r\u0131m\u0131\u2019n\u0131n 33. Y\u0131l D\u00f6n\u00fcm\u00fc Anma\u2019 konferans\u0131 ger\u00e7ekle\u015ftirildi - AvrupaPress\",\"isPartOf\":{\"@id\":\"https:\/\/avrupapress.com\/#website\"},\"primaryImageOfPage\":{\"@id\":\"https:\/\/avrupapress.com\/main\/2025\/02\/28\/eskisehirde-hocali-soykiriminin-33-yil-donumu-anma-konferansi-gerceklestirildi\/#primaryimage\"},\"image\":{\"@id\":\"https:\/\/avrupapress.com\/main\/2025\/02\/28\/eskisehirde-hocali-soykiriminin-33-yil-donumu-anma-konferansi-gerceklestirildi\/#primaryimage\"},\"thumbnailUrl\":\"https:\/\/avrupapress.com\/main\/wp-content\/uploads\/2025\/02\/thumbnail_IMG-20250228-WA0033.jpg\",\"datePublished\":\"2025-02-28T19:51:31+00:00\",\"dateModified\":\"2025-05-19T20:09:51+00:00\",\"breadcrumb\":{\"@id\":\"https:\/\/avrupapress.com\/main\/2025\/02\/28\/eskisehirde-hocali-soykiriminin-33-yil-donumu-anma-konferansi-gerceklestirildi\/#breadcrumb\"},\"inLanguage\":\"fr-BE\",\"potentialAction\":[{\"@type\":\"ReadAction\",\"target\":[\"https:\/\/avrupapress.com\/main\/2025\/02\/28\/eskisehirde-hocali-soykiriminin-33-yil-donumu-anma-konferansi-gerceklestirildi\/\"]}]},{\"@type\":\"ImageObject\",\"inLanguage\":\"fr-BE\",\"@id\":\"https:\/\/avrupapress.com\/main\/2025\/02\/28\/eskisehirde-hocali-soykiriminin-33-yil-donumu-anma-konferansi-gerceklestirildi\/#primaryimage\",\"url\":\"https:\/\/avrupapress.com\/main\/wp-content\/uploads\/2025\/02\/thumbnail_IMG-20250228-WA0033.jpg\",\"contentUrl\":\"https:\/\/avrupapress.com\/main\/wp-content\/uploads\/2025\/02\/thumbnail_IMG-20250228-WA0033.jpg\",\"width\":1600,\"height\":1200},{\"@type\":\"BreadcrumbList\",\"@id\":\"https:\/\/avrupapress.com\/main\/2025\/02\/28\/eskisehirde-hocali-soykiriminin-33-yil-donumu-anma-konferansi-gerceklestirildi\/#breadcrumb\",\"itemListElement\":[{\"@type\":\"ListItem\",\"position\":1,\"name\":\"Anasayfa\",\"item\":\"https:\/\/avrupapress.com\/\"},{\"@type\":\"ListItem\",\"position\":2,\"name\":\"Eski\u015fehir\u2019de \u2018Hocal\u0131 Soyk\u0131r\u0131m\u0131\u2019n\u0131n 33. Y\u0131l D\u00f6n\u00fcm\u00fc Anma\u2019 konferans\u0131 ger\u00e7ekle\u015ftirildi\"}]},{\"@type\":\"WebSite\",\"@id\":\"https:\/\/avrupapress.com\/#website\",\"url\":\"https:\/\/avrupapress.com\/\",\"name\":\"AvrupaPress\",\"description\":\"Haberin Adresi\",\"publisher\":{\"@id\":\"https:\/\/avrupapress.com\/#\/schema\/person\/0223dca19c72c43575bf30d1a2d8f4fa\"},\"potentialAction\":[{\"@type\":\"SearchAction\",\"target\":{\"@type\":\"EntryPoint\",\"urlTemplate\":\"https:\/\/avrupapress.com\/?s={search_term_string}\"},\"query-input\":{\"@type\":\"PropertyValueSpecification\",\"valueRequired\":true,\"valueName\":\"search_term_string\"}}],\"inLanguage\":\"fr-BE\"},{\"@type\":[\"Person\",\"Organization\"],\"@id\":\"https:\/\/avrupapress.com\/#\/schema\/person\/0223dca19c72c43575bf30d1a2d8f4fa\",\"name\":\"Bilgin \u00d6z\u00e7ift\u00e7i\",\"image\":{\"@type\":\"ImageObject\",\"inLanguage\":\"fr-BE\",\"@id\":\"https:\/\/avrupapress.com\/#\/schema\/person\/image\/\",\"url\":\"https:\/\/secure.gravatar.com\/avatar\/0f23b280433a21e1ea7a0adcc46ed0ad16afe3ad8e630fd13d8a017dcbd54ef3?s=96&d=mm&r=g\",\"contentUrl\":\"https:\/\/secure.gravatar.com\/avatar\/0f23b280433a21e1ea7a0adcc46ed0ad16afe3ad8e630fd13d8a017dcbd54ef3?s=96&d=mm&r=g\",\"caption\":\"Bilgin \u00d6z\u00e7ift\u00e7i\"},\"logo\":{\"@id\":\"https:\/\/avrupapress.com\/#\/schema\/person\/image\/\"},\"description\":\"Ne ben, nede sen... Biz ancak \\\"biz\\\" olursak g\u00fc\u00e7l\u00fc olabiliriz\"},{\"@type\":\"Person\",\"@id\":\"https:\/\/avrupapress.com\/#\/schema\/person\/68428444ec60970d1e1b700cf4ca1e8f\",\"name\":\"Edit\u00f6r\",\"image\":{\"@type\":\"ImageObject\",\"inLanguage\":\"fr-BE\",\"@id\":\"https:\/\/avrupapress.com\/#\/schema\/person\/image\/\",\"url\":\"https:\/\/secure.gravatar.com\/avatar\/74996b0977aa5f1559ba9883776652508b229005c0d78fb2597897f0bd651c09?s=96&d=mm&r=g\",\"contentUrl\":\"https:\/\/secure.gravatar.com\/avatar\/74996b0977aa5f1559ba9883776652508b229005c0d78fb2597897f0bd651c09?s=96&d=mm&r=g\",\"caption\":\"Edit\u00f6r\"},\"sameAs\":[\"http:\/\/www.avrupapress.com\"],\"url\":\"https:\/\/avrupapress.com\/main\/author\/editor\/\"}]}<\/script>\n<!-- \/ Yoast SEO plugin. -->","yoast_head_json":{"title":"Eski\u015fehir\u2019de \u2018Hocal\u0131 Soyk\u0131r\u0131m\u0131\u2019n\u0131n 33. Y\u0131l D\u00f6n\u00fcm\u00fc Anma\u2019 konferans\u0131 ger\u00e7ekle\u015ftirildi - AvrupaPress","robots":{"index":"index","follow":"follow","max-snippet":"max-snippet:-1","max-image-preview":"max-image-preview:large","max-video-preview":"max-video-preview:-1"},"canonical":"https:\/\/avrupapress.com\/main\/2025\/02\/28\/eskisehirde-hocali-soykiriminin-33-yil-donumu-anma-konferansi-gerceklestirildi\/","og_locale":"fr_FR","og_type":"article","og_title":"Eski\u015fehir\u2019de \u2018Hocal\u0131 Soyk\u0131r\u0131m\u0131\u2019n\u0131n 33. Y\u0131l D\u00f6n\u00fcm\u00fc Anma\u2019 konferans\u0131 ger\u00e7ekle\u015ftirildi - AvrupaPress","og_description":"HABER \/ FOTO\u011eRAF: ERTU\u011eRUL ALTINEL- B\u0130LG\u0130N \u00d6Z\u00c7\u0130FT\u00c7\u0130 \u2013 AVRUPA PRESS- BEL\u00c7\u0130KA Eski\u015fehir Azerbaycanl\u0131lar Derne\u011fi taraf\u0131ndan d\u00fczenlenen \u2018Hocal\u0131 Soyk\u0131r\u0131m\u0131: Unutmad\u0131k, Unutmayaca\u011f\u0131z!\u2019 ba\u015fl\u0131kl\u0131 anma konferans\u0131, geni\u015f kat\u0131l\u0131mla ger\u00e7ekle\u015fti. Etkinlikte; 26 \u015eubat 1992\u2019de ya\u015fanan Hocal\u0131 Soyk\u0131r\u0131m\u0131\u2019nda hayat\u0131n\u0131 kaybedenler an\u0131ld\u0131 ve uluslararas\u0131 topluma \u2018Hocal\u0131\u2019ya Adalet!\u2019 \u00e7a\u011fr\u0131s\u0131 yap\u0131ld\u0131. Program: Eski\u015fehir Anadolu \u00dcniversitesi Gazetecilik B\u00f6l\u00fcm\u00fc \u00f6\u011frencisi Narmin Gas\u0131mzade\u2019nin sunumuyla ger\u00e7ekle\u015ftirildi. Konferans, [&hellip;]","og_url":"https:\/\/avrupapress.com\/main\/2025\/02\/28\/eskisehirde-hocali-soykiriminin-33-yil-donumu-anma-konferansi-gerceklestirildi\/","og_site_name":"AvrupaPress","article_published_time":"2025-02-28T19:51:31+00:00","article_modified_time":"2025-05-19T20:09:51+00:00","og_image":[{"width":1600,"height":1200,"url":"https:\/\/avrupapress.com\/main\/wp-content\/uploads\/2025\/02\/thumbnail_IMG-20250228-WA0033.jpg","type":"image\/jpeg"}],"author":"Edit\u00f6r","twitter_card":"summary_large_image","twitter_misc":{"\u00c9crit par":"Edit\u00f6r","Dur\u00e9e de lecture est.":"3 minutes"},"schema":{"@context":"https:\/\/schema.org","@graph":[{"@type":"Article","@id":"https:\/\/avrupapress.com\/main\/2025\/02\/28\/eskisehirde-hocali-soykiriminin-33-yil-donumu-anma-konferansi-gerceklestirildi\/#article","isPartOf":{"@id":"https:\/\/avrupapress.com\/main\/2025\/02\/28\/eskisehirde-hocali-soykiriminin-33-yil-donumu-anma-konferansi-gerceklestirildi\/"},"author":{"name":"Edit\u00f6r","@id":"https:\/\/avrupapress.com\/#\/schema\/person\/68428444ec60970d1e1b700cf4ca1e8f"},"headline":"Eski\u015fehir\u2019de \u2018Hocal\u0131 Soyk\u0131r\u0131m\u0131\u2019n\u0131n 33. Y\u0131l D\u00f6n\u00fcm\u00fc Anma\u2019 konferans\u0131 ger\u00e7ekle\u015ftirildi","datePublished":"2025-02-28T19:51:31+00:00","dateModified":"2025-05-19T20:09:51+00:00","mainEntityOfPage":{"@id":"https:\/\/avrupapress.com\/main\/2025\/02\/28\/eskisehirde-hocali-soykiriminin-33-yil-donumu-anma-konferansi-gerceklestirildi\/"},"wordCount":548,"publisher":{"@id":"https:\/\/avrupapress.com\/#\/schema\/person\/0223dca19c72c43575bf30d1a2d8f4fa"},"image":{"@id":"https:\/\/avrupapress.com\/main\/2025\/02\/28\/eskisehirde-hocali-soykiriminin-33-yil-donumu-anma-konferansi-gerceklestirildi\/#primaryimage"},"thumbnailUrl":"https:\/\/avrupapress.com\/main\/wp-content\/uploads\/2025\/02\/thumbnail_IMG-20250228-WA0033.jpg","articleSection":["Avrupa","Bel\u00e7ika","D\u00fcnya","Ekonomi","K\u00fclt\u00fcr-Sanat","Spor","Tan\u0131t\u0131m","T\u00fcrkiye","Uncategorized"],"inLanguage":"fr-BE"},{"@type":"WebPage","@id":"https:\/\/avrupapress.com\/main\/2025\/02\/28\/eskisehirde-hocali-soykiriminin-33-yil-donumu-anma-konferansi-gerceklestirildi\/","url":"https:\/\/avrupapress.com\/main\/2025\/02\/28\/eskisehirde-hocali-soykiriminin-33-yil-donumu-anma-konferansi-gerceklestirildi\/","name":"Eski\u015fehir\u2019de \u2018Hocal\u0131 Soyk\u0131r\u0131m\u0131\u2019n\u0131n 33. Y\u0131l D\u00f6n\u00fcm\u00fc Anma\u2019 konferans\u0131 ger\u00e7ekle\u015ftirildi - AvrupaPress","isPartOf":{"@id":"https:\/\/avrupapress.com\/#website"},"primaryImageOfPage":{"@id":"https:\/\/avrupapress.com\/main\/2025\/02\/28\/eskisehirde-hocali-soykiriminin-33-yil-donumu-anma-konferansi-gerceklestirildi\/#primaryimage"},"image":{"@id":"https:\/\/avrupapress.com\/main\/2025\/02\/28\/eskisehirde-hocali-soykiriminin-33-yil-donumu-anma-konferansi-gerceklestirildi\/#primaryimage"},"thumbnailUrl":"https:\/\/avrupapress.com\/main\/wp-content\/uploads\/2025\/02\/thumbnail_IMG-20250228-WA0033.jpg","datePublished":"2025-02-28T19:51:31+00:00","dateModified":"2025-05-19T20:09:51+00:00","breadcrumb":{"@id":"https:\/\/avrupapress.com\/main\/2025\/02\/28\/eskisehirde-hocali-soykiriminin-33-yil-donumu-anma-konferansi-gerceklestirildi\/#breadcrumb"},"inLanguage":"fr-BE","potentialAction":[{"@type":"ReadAction","target":["https:\/\/avrupapress.com\/main\/2025\/02\/28\/eskisehirde-hocali-soykiriminin-33-yil-donumu-anma-konferansi-gerceklestirildi\/"]}]},{"@type":"ImageObject","inLanguage":"fr-BE","@id":"https:\/\/avrupapress.com\/main\/2025\/02\/28\/eskisehirde-hocali-soykiriminin-33-yil-donumu-anma-konferansi-gerceklestirildi\/#primaryimage","url":"https:\/\/avrupapress.com\/main\/wp-content\/uploads\/2025\/02\/thumbnail_IMG-20250228-WA0033.jpg","contentUrl":"https:\/\/avrupapress.com\/main\/wp-content\/uploads\/2025\/02\/thumbnail_IMG-20250228-WA0033.jpg","width":1600,"height":1200},{"@type":"BreadcrumbList","@id":"https:\/\/avrupapress.com\/main\/2025\/02\/28\/eskisehirde-hocali-soykiriminin-33-yil-donumu-anma-konferansi-gerceklestirildi\/#breadcrumb","itemListElement":[{"@type":"ListItem","position":1,"name":"Anasayfa","item":"https:\/\/avrupapress.com\/"},{"@type":"ListItem","position":2,"name":"Eski\u015fehir\u2019de \u2018Hocal\u0131 Soyk\u0131r\u0131m\u0131\u2019n\u0131n 33. Y\u0131l D\u00f6n\u00fcm\u00fc Anma\u2019 konferans\u0131 ger\u00e7ekle\u015ftirildi"}]},{"@type":"WebSite","@id":"https:\/\/avrupapress.com\/#website","url":"https:\/\/avrupapress.com\/","name":"AvrupaPress","description":"Haberin Adresi","publisher":{"@id":"https:\/\/avrupapress.com\/#\/schema\/person\/0223dca19c72c43575bf30d1a2d8f4fa"},"potentialAction":[{"@type":"SearchAction","target":{"@type":"EntryPoint","urlTemplate":"https:\/\/avrupapress.com\/?s={search_term_string}"},"query-input":{"@type":"PropertyValueSpecification","valueRequired":true,"valueName":"search_term_string"}}],"inLanguage":"fr-BE"},{"@type":["Person","Organization"],"@id":"https:\/\/avrupapress.com\/#\/schema\/person\/0223dca19c72c43575bf30d1a2d8f4fa","name":"Bilgin \u00d6z\u00e7ift\u00e7i","image":{"@type":"ImageObject","inLanguage":"fr-BE","@id":"https:\/\/avrupapress.com\/#\/schema\/person\/image\/","url":"https:\/\/secure.gravatar.com\/avatar\/0f23b280433a21e1ea7a0adcc46ed0ad16afe3ad8e630fd13d8a017dcbd54ef3?s=96&d=mm&r=g","contentUrl":"https:\/\/secure.gravatar.com\/avatar\/0f23b280433a21e1ea7a0adcc46ed0ad16afe3ad8e630fd13d8a017dcbd54ef3?s=96&d=mm&r=g","caption":"Bilgin \u00d6z\u00e7ift\u00e7i"},"logo":{"@id":"https:\/\/avrupapress.com\/#\/schema\/person\/image\/"},"description":"Ne ben, nede sen... Biz ancak \"biz\" olursak g\u00fc\u00e7l\u00fc olabiliriz"},{"@type":"Person","@id":"https:\/\/avrupapress.com\/#\/schema\/person\/68428444ec60970d1e1b700cf4ca1e8f","name":"Edit\u00f6r","image":{"@type":"ImageObject","inLanguage":"fr-BE","@id":"https:\/\/avrupapress.com\/#\/schema\/person\/image\/","url":"https:\/\/secure.gravatar.com\/avatar\/74996b0977aa5f1559ba9883776652508b229005c0d78fb2597897f0bd651c09?s=96&d=mm&r=g","contentUrl":"https:\/\/secure.gravatar.com\/avatar\/74996b0977aa5f1559ba9883776652508b229005c0d78fb2597897f0bd651c09?s=96&d=mm&r=g","caption":"Edit\u00f6r"},"sameAs":["http:\/\/www.avrupapress.com"],"url":"https:\/\/avrupapress.com\/main\/author\/editor\/"}]}},"_links":{"self":[{"href":"https:\/\/avrupapress.com\/main\/wp-json\/wp\/v2\/posts\/28323","targetHints":{"allow":["GET"]}}],"collection":[{"href":"https:\/\/avrupapress.com\/main\/wp-json\/wp\/v2\/posts"}],"about":[{"href":"https:\/\/avrupapress.com\/main\/wp-json\/wp\/v2\/types\/post"}],"author":[{"embeddable":true,"href":"https:\/\/avrupapress.com\/main\/wp-json\/wp\/v2\/users\/3"}],"replies":[{"embeddable":true,"href":"https:\/\/avrupapress.com\/main\/wp-json\/wp\/v2\/comments?post=28323"}],"version-history":[{"count":3,"href":"https:\/\/avrupapress.com\/main\/wp-json\/wp\/v2\/posts\/28323\/revisions"}],"predecessor-version":[{"id":29547,"href":"https:\/\/avrupapress.com\/main\/wp-json\/wp\/v2\/posts\/28323\/revisions\/29547"}],"wp:featuredmedia":[{"embeddable":true,"href":"https:\/\/avrupapress.com\/main\/wp-json\/wp\/v2\/media\/28325"}],"wp:attachment":[{"href":"https:\/\/avrupapress.com\/main\/wp-json\/wp\/v2\/media?parent=28323"}],"wp:term":[{"taxonomy":"category","embeddable":true,"href":"https:\/\/avrupapress.com\/main\/wp-json\/wp\/v2\/categories?post=28323"},{"taxonomy":"post_tag","embeddable":true,"href":"https:\/\/avrupapress.com\/main\/wp-json\/wp\/v2\/tags?post=28323"}],"curies":[{"name":"wp","href":"https:\/\/api.w.org\/{rel}","templated":true}]}}