{"id":28286,"date":"2025-02-22T14:45:41","date_gmt":"2025-02-22T14:45:41","guid":{"rendered":"https:\/\/avrupapress.com\/main\/?p=28286"},"modified":"2025-02-22T14:45:51","modified_gmt":"2025-02-22T14:45:51","slug":"tigad-genel-kurulunda-gazeteci-bilgin-ozcifci-yonetime-secildi","status":"publish","type":"post","link":"https:\/\/avrupapress.com\/main\/2025\/02\/22\/tigad-genel-kurulunda-gazeteci-bilgin-ozcifci-yonetime-secildi\/","title":{"rendered":"TIGAD genel kurulunda Gazeteci Bilgin Ozcifci y\u00f6netime se\u00e7ildi"},"content":{"rendered":"<p>TIGAD genel kurulunda Gazeteci<\/p>\n<div dir=\"auto\">Bilgin Ozcifciy\u00f6netime se\u00e7ildi<\/div>\n<div dir=\"auto\">T\u00fcrkiye \u0130nternet Gazetecili\u011fi Derne\u011fi&rsquo;nde (T\u0130GAD) ola\u011fan\u00fcst\u00fc genel kurul heyecan\u0131<\/div>\n<div dir=\"auto\">ya\u015fand\u0131. \u00c7ank\u0131r\u0131&rsquo;da ger\u00e7ekle\u015ftirilen kongrede mevcut genel ba\u015fkan Okan Ge\u00e7gel g\u00fcven<\/div>\n<div dir=\"auto\">tazelerken T\u0130GAD Avrupa Basskani\u00a0 ve Belcika Avrupapress Gazetesi mtiyaz Sahibi<\/div>\n<p>Bilgin Ozcifci y\u00f6netim kuruluna se\u00e7ildi.<\/p>\n<p><img loading=\"lazy\" decoding=\"async\" class=\"alignnone size-medium wp-image-28287\" src=\"https:\/\/avrupapress.com\/main\/wp-content\/uploads\/2025\/02\/thumbnail_20250221_185522-1-225x300.jpg\" alt=\"\" width=\"225\" height=\"300\" srcset=\"https:\/\/avrupapress.com\/main\/wp-content\/uploads\/2025\/02\/thumbnail_20250221_185522-1-225x300.jpg 225w, https:\/\/avrupapress.com\/main\/wp-content\/uploads\/2025\/02\/thumbnail_20250221_185522-1-768x1024.jpg 768w, https:\/\/avrupapress.com\/main\/wp-content\/uploads\/2025\/02\/thumbnail_20250221_185522-1-1152x1536.jpg 1152w, https:\/\/avrupapress.com\/main\/wp-content\/uploads\/2025\/02\/thumbnail_20250221_185522-1.jpg 1440w\" sizes=\"auto, (max-width: 225px) 100vw, 225px\" \/><\/p>\n<div dir=\"auto\" data-olk-copy-source=\"MessageBody\">T\u0130GAD&rsquo;\u0131n yeni \u00e7al\u0131\u015ftay dura\u011f\u0131 \u00c7ank\u0131r\u0131 oldu. T\u0130GAD \u00f6nc\u00fcl\u00fc\u011f\u00fcnde 21-24 \u015eubat tarihleri aras\u0131nda d\u00fczenlenen \u00ab\u00a0T\u0130GAD Yeni Nesil Gazetecilik ve Dijital Medya \u00c7al\u0131\u015ftay\u0131 &#8211; \u00c7ank\u0131r\u0131 Tarihi, K\u00fclt\u00fcrel ve Gastronomi De\u011ferlerini Tan\u0131tma Etkinli\u011fi\u00a0\u00bbne T\u00fcrkiye&rsquo;nin d\u00f6rt bir yan\u0131ndan 110 gazetecinin kat\u0131ld\u0131. \u00c7ank\u0131r\u0131 Valili\u011fi ve \u00c7ank\u0131r\u0131 Belediyesi&rsquo;nin deste\u011fi ile ger\u00e7ekle\u015ftirilen program kapsam\u0131nda \u00ab\u00a0T\u0130GAD Ola\u011fan\u00fcst\u00fc Genel Kurulu\u00a0\u00bb da yap\u0131ld\u0131. \u00c7ank\u0131r\u0131 B\u00fcy\u00fck Otel&rsquo;de ger\u00e7ekle\u015ftirilen kongrede mevcut Genel Ba\u015fkan Okan Ge\u00e7gel oybirli\u011fiyle yeniden se\u00e7ilerek, g\u00fcven tazeledi. Genel kurul sonras\u0131 T\u0130GAD \u00fcyeleri ve il temsilcileri s\u00f6z alarak, \u00f6neri ve temennilerde bulundu.<\/div>\n<div><\/div>\n<div><img loading=\"lazy\" decoding=\"async\" class=\"alignnone size-medium wp-image-28288\" src=\"https:\/\/avrupapress.com\/main\/wp-content\/uploads\/2025\/02\/whatsapp-gorsel-2025-02-22-saat-125810-db768b90-300x169.webp\" alt=\"\" width=\"300\" height=\"169\" srcset=\"https:\/\/avrupapress.com\/main\/wp-content\/uploads\/2025\/02\/whatsapp-gorsel-2025-02-22-saat-125810-db768b90-300x169.webp 300w, https:\/\/avrupapress.com\/main\/wp-content\/uploads\/2025\/02\/whatsapp-gorsel-2025-02-22-saat-125810-db768b90-1024x576.webp 1024w, https:\/\/avrupapress.com\/main\/wp-content\/uploads\/2025\/02\/whatsapp-gorsel-2025-02-22-saat-125810-db768b90-768x432.webp 768w, https:\/\/avrupapress.com\/main\/wp-content\/uploads\/2025\/02\/whatsapp-gorsel-2025-02-22-saat-125810-db768b90-1536x864.webp 1536w, https:\/\/avrupapress.com\/main\/wp-content\/uploads\/2025\/02\/whatsapp-gorsel-2025-02-22-saat-125810-db768b90-740x420.webp 740w, https:\/\/avrupapress.com\/main\/wp-content\/uploads\/2025\/02\/whatsapp-gorsel-2025-02-22-saat-125810-db768b90.webp 1600w\" sizes=\"auto, (max-width: 300px) 100vw, 300px\" \/><\/div>\n<div>\n<div dir=\"auto\" data-olk-copy-source=\"MessageBody\">\n<p><strong>Okan Ge\u00e7gel: \u0130nternet gazetecili\u011finin geli\u015fimi i\u00e7in \u00e7al\u0131\u015fmaya devam<\/strong><\/p>\n<div dir=\"auto\"><\/div>\n<div dir=\"auto\"><strong>edece\u011fiz<\/strong><\/div>\n<div dir=\"auto\"><\/div>\n<p>Genel kurulun ard\u0131ndan te\u015fekk\u00fcr konu\u015fmas\u0131 yapan T\u0130GAD Genel Ba\u015fkan\u0131 Okan Ge\u00e7gel, internet gazetecili\u011finin geli\u015fimi i\u00e7in \u00e7al\u0131\u015fmaya devam edeceklerini vurgulad\u0131. Yeni d\u00f6nemde bas\u0131n mensuplar\u0131n\u0131n haklar\u0131n\u0131 koruma, dijital medya alan\u0131ndaki d\u00fczenlemeleri takip etme ve yerel bas\u0131n\u0131n g\u00fc\u00e7lenmesi ad\u0131na \u00f6nemli projelere imza atacaklar\u0131n\u0131 kaydeden Ge\u00e7gel, \u00fclke genelinde te\u015fkilatlanma \u00e7al\u0131\u015fmalar\u0131n\u0131 h\u0131zland\u0131racaklar\u0131n\u0131; yeni \u00e7al\u0131\u015ftaylar ve konferanslarla dijital medya ba\u015fta olmak \u00fczere medya mecralar\u0131n\u0131n sorunlar\u0131n\u0131 dile getirmeye devam edeceklerini s\u00f6yledi. \u00c7e\u015fitli alanlarda komiteler ve komisyonlar olu\u015fturacaklar\u0131n\u0131 belirten Ge\u00e7gel, yeni d\u00f6nemde tekrar g\u00f6rev veren TIGAD \u00fcyelerine te\u015fekk\u00fcr etti.<\/p>\n<\/div>\n<div id=\"x_ms-outlook-mobile-signature\" dir=\"auto\">\n<div>\u00a0 <img loading=\"lazy\" decoding=\"async\" class=\"alignnone size-medium wp-image-28289\" src=\"https:\/\/avrupapress.com\/main\/wp-content\/uploads\/2025\/02\/whatsapp-gorsel-2025-02-22-saat-125810-9538918d-300x225.webp\" alt=\"\" width=\"300\" height=\"225\" srcset=\"https:\/\/avrupapress.com\/main\/wp-content\/uploads\/2025\/02\/whatsapp-gorsel-2025-02-22-saat-125810-9538918d-300x225.webp 300w, https:\/\/avrupapress.com\/main\/wp-content\/uploads\/2025\/02\/whatsapp-gorsel-2025-02-22-saat-125810-9538918d-1024x768.webp 1024w, https:\/\/avrupapress.com\/main\/wp-content\/uploads\/2025\/02\/whatsapp-gorsel-2025-02-22-saat-125810-9538918d-768x576.webp 768w, https:\/\/avrupapress.com\/main\/wp-content\/uploads\/2025\/02\/whatsapp-gorsel-2025-02-22-saat-125810-9538918d-1536x1152.webp 1536w, https:\/\/avrupapress.com\/main\/wp-content\/uploads\/2025\/02\/whatsapp-gorsel-2025-02-22-saat-125810-9538918d.webp 1600w\" sizes=\"auto, (max-width: 300px) 100vw, 300px\" \/><\/div>\n<div>\n<div dir=\"auto\" data-olk-copy-source=\"MessageBody\">\n<p><strong>Yeni isimler \u00fc\u00e7 y\u0131l g\u00f6rev yapacak<\/strong><\/p>\n<div dir=\"auto\"><\/div>\n<p>T\u0130GAD&rsquo;\u0131n yeni y\u00f6netim, denetim ve disiplin kurullar\u0131 \u00fc\u00e7 y\u0131ll\u0131\u011f\u0131na belirlendi. T\u0130GAD Kastamonu \u0130l Temsilcisi ve Kastamonu \u0130stiklal Gazetesi \u0130mtiyaz Sahibi \u0130rfan Salc\u0131, y\u00f6netim kuruluna se\u00e7ildi. T\u0130GAD&rsquo;\u0131n ola\u011fan\u00fcst\u00fc genel kurulunda yap\u0131lan se\u00e7im sonucu yeni y\u00f6netim kurulu asil ve yedek \u00fcyeleri ile denetim ve disiplin kurullar\u0131 \u015fu isimlerden olu\u015ftu;<\/p>\n<\/div>\n<div dir=\"auto\" data-olk-copy-source=\"MessageBody\"><img loading=\"lazy\" decoding=\"async\" class=\"alignnone size-medium wp-image-28290\" src=\"https:\/\/avrupapress.com\/main\/wp-content\/uploads\/2025\/02\/tigad-kurul-2-300x225.webp\" alt=\"\" width=\"300\" height=\"225\" srcset=\"https:\/\/avrupapress.com\/main\/wp-content\/uploads\/2025\/02\/tigad-kurul-2-300x225.webp 300w, https:\/\/avrupapress.com\/main\/wp-content\/uploads\/2025\/02\/tigad-kurul-2-1024x768.webp 1024w, https:\/\/avrupapress.com\/main\/wp-content\/uploads\/2025\/02\/tigad-kurul-2-768x576.webp 768w, https:\/\/avrupapress.com\/main\/wp-content\/uploads\/2025\/02\/tigad-kurul-2-1536x1152.webp 1536w, https:\/\/avrupapress.com\/main\/wp-content\/uploads\/2025\/02\/tigad-kurul-2.webp 1600w\" sizes=\"auto, (max-width: 300px) 100vw, 300px\" \/><\/div>\n<\/div>\n<div dir=\"auto\" data-olk-copy-source=\"MessageBody\">\n<div dir=\"auto\"><strong>*Y\u00f6netim Kurulu*<\/strong><\/div>\n<div dir=\"auto\"><\/div>\n<div dir=\"auto\">\u2022 Okan Ge\u00e7gel (Genel Ba\u015fkan)<\/div>\n<div dir=\"auto\">\u2022 U\u011fur Eskier<\/div>\n<div dir=\"auto\">\u2022 Bayram Polat<\/div>\n<div dir=\"auto\">\u2022 Mustafa \u0130lker Y\u00fccel<\/div>\n<div dir=\"auto\">\u2022 Hatice T\u00fcrkan<\/div>\n<div dir=\"auto\">\u2022 Meryem Nas Mercan<\/div>\n<div dir=\"auto\">\u2022 Adem Kocat\u00fcrk<\/div>\n<div dir=\"auto\">\u2022 Ali Gen\u00e7<\/div>\n<div dir=\"auto\">\u2022 Arzu Erba\u015f<\/div>\n<div dir=\"auto\">\u2022 Can Ta\u015fk\u0131n<\/div>\n<div dir=\"auto\">\u2022 Gamze \u015eule Altunba\u015f \u0130nand\u0131<\/div>\n<div dir=\"auto\">\u2022 Faruk K\u0131l\u0131n\u00e7<\/div>\n<div dir=\"auto\">\u2022 Halil Azizo\u011flu<\/div>\n<div dir=\"auto\">\u2022 \u0130rfan Salc\u0131<\/div>\n<div dir=\"auto\"><\/div>\n<div dir=\"auto\"><strong>*Denetim Kurulu*<\/strong><\/div>\n<div dir=\"auto\"><\/div>\n<div dir=\"auto\">\u2022 \u0130zzet Ayd\u0131n (Ba\u015fkan)<\/div>\n<div dir=\"auto\">\u2022 Erdem Ye\u015fer<\/div>\n<div dir=\"auto\">\u2022 T\u00fcrkay Demir<\/div>\n<div dir=\"auto\">\u2022 B\u00fc\u015fra Sel\u00e7uk<\/div>\n<div dir=\"auto\">\u2022 Fatma Altunba\u015f<\/div>\n<div dir=\"auto\">\u2022 Servet Arslan<\/div>\n<div dir=\"auto\"><\/div>\n<div dir=\"auto\"><strong>*Disiplin Kurulu*<\/strong><\/div>\n<div dir=\"auto\"><\/div>\n<div dir=\"auto\">\u2022 \u00dcst\u00fcn Tuncer (Ba\u015fkan)<\/div>\n<div dir=\"auto\"><strong>\u2022\u00a0 Bilgin \u00d6z\u00e7ift\u00e7i (Bsk Yardimci)<\/strong><\/div>\n<div dir=\"auto\">\u2022 C\u00fcneyt Tan<\/div>\n<div dir=\"auto\">\u2022 Haydar Ko\u00e7ak<\/div>\n<div dir=\"auto\">\u2022 Mustafa G\u00fcler<\/div>\n<div dir=\"auto\">\u2022 G\u00fclg\u00fcn Pala Ke\u00e7eci<\/div>\n<div dir=\"auto\">\u2022\u0130dris \u0130nand\u0131<\/div>\n<\/div>\n<div>\n<div dir=\"auto\" data-olk-copy-source=\"MessageBody\"><\/div>\n<\/div>\n<\/div>\n<\/div>\n<div><\/div>\n<div><strong>Bilgin Ozcifci\u00a0 \u00a0 \u00a0 \/\u00a0 \u00a0 \u00a0AVRUPAPRESS<\/strong><\/div>\n","protected":false},"excerpt":{"rendered":"<p>TIGAD genel kurulunda Gazeteci Bilgin Ozcifciy\u00f6netime se\u00e7ildi T\u00fcrkiye \u0130nternet Gazetecili\u011fi Derne\u011fi&rsquo;nde (T\u0130GAD) ola\u011fan\u00fcst\u00fc genel kurul heyecan\u0131 ya\u015fand\u0131. \u00c7ank\u0131r\u0131&rsquo;da ger\u00e7ekle\u015ftirilen kongrede mevcut genel ba\u015fkan Okan Ge\u00e7gel g\u00fcven tazelerken T\u0130GAD Avrupa Basskani\u00a0 ve Belcika Avrupapress Gazetesi mtiyaz Sahibi Bilgin Ozcifci y\u00f6netim kuruluna se\u00e7ildi. T\u0130GAD&rsquo;\u0131n yeni \u00e7al\u0131\u015ftay dura\u011f\u0131 \u00c7ank\u0131r\u0131 oldu. T\u0130GAD \u00f6nc\u00fcl\u00fc\u011f\u00fcnde 21-24 \u015eubat tarihleri aras\u0131nda d\u00fczenlenen \u00ab\u00a0T\u0130GAD [&hellip;]<\/p>\n","protected":false},"author":3,"featured_media":28287,"comment_status":"closed","ping_status":"open","sticky":false,"template":"","format":"standard","meta":{"footnotes":""},"categories":[14,16,3,17,18,15,19,2,1],"tags":[],"class_list":["post-28286","post","type-post","status-publish","format-standard","has-post-thumbnail","hentry","category-avrupa","category-belcika","category-dunya","category-ekonomi","category-kultur-sanat","category-spor","category-tanitim","category-turkiye","category-uncategorized"],"yoast_head":"<!-- This site is optimized with the Yoast SEO plugin v26.9 - https:\/\/yoast.com\/product\/yoast-seo-wordpress\/ -->\n<title>TIGAD genel kurulunda Gazeteci Bilgin Ozcifci y\u00f6netime se\u00e7ildi - AvrupaPress<\/title>\n<meta name=\"robots\" content=\"index, follow, max-snippet:-1, max-image-preview:large, max-video-preview:-1\" \/>\n<link rel=\"canonical\" href=\"https:\/\/avrupapress.com\/main\/2025\/02\/22\/tigad-genel-kurulunda-gazeteci-bilgin-ozcifci-yonetime-secildi\/\" \/>\n<meta property=\"og:locale\" content=\"fr_FR\" \/>\n<meta property=\"og:type\" content=\"article\" \/>\n<meta property=\"og:title\" content=\"TIGAD genel kurulunda Gazeteci Bilgin Ozcifci y\u00f6netime se\u00e7ildi - AvrupaPress\" \/>\n<meta property=\"og:description\" content=\"TIGAD genel kurulunda Gazeteci Bilgin Ozcifciy\u00f6netime se\u00e7ildi T\u00fcrkiye \u0130nternet Gazetecili\u011fi Derne\u011fi&rsquo;nde (T\u0130GAD) ola\u011fan\u00fcst\u00fc genel kurul heyecan\u0131 ya\u015fand\u0131. \u00c7ank\u0131r\u0131&rsquo;da ger\u00e7ekle\u015ftirilen kongrede mevcut genel ba\u015fkan Okan Ge\u00e7gel g\u00fcven tazelerken T\u0130GAD Avrupa Basskani\u00a0 ve Belcika Avrupapress Gazetesi mtiyaz Sahibi Bilgin Ozcifci y\u00f6netim kuruluna se\u00e7ildi. T\u0130GAD&rsquo;\u0131n yeni \u00e7al\u0131\u015ftay dura\u011f\u0131 \u00c7ank\u0131r\u0131 oldu. T\u0130GAD \u00f6nc\u00fcl\u00fc\u011f\u00fcnde 21-24 \u015eubat tarihleri aras\u0131nda d\u00fczenlenen \u00ab\u00a0T\u0130GAD [&hellip;]\" \/>\n<meta property=\"og:url\" content=\"https:\/\/avrupapress.com\/main\/2025\/02\/22\/tigad-genel-kurulunda-gazeteci-bilgin-ozcifci-yonetime-secildi\/\" \/>\n<meta property=\"og:site_name\" content=\"AvrupaPress\" \/>\n<meta property=\"article:published_time\" content=\"2025-02-22T14:45:41+00:00\" \/>\n<meta property=\"article:modified_time\" content=\"2025-02-22T14:45:51+00:00\" \/>\n<meta property=\"og:image\" content=\"https:\/\/avrupapress.com\/main\/wp-content\/uploads\/2025\/02\/thumbnail_20250221_185522-1.jpg\" \/>\n\t<meta property=\"og:image:width\" content=\"1440\" \/>\n\t<meta property=\"og:image:height\" content=\"1920\" \/>\n\t<meta property=\"og:image:type\" content=\"image\/jpeg\" \/>\n<meta name=\"author\" content=\"Edit\u00f6r\" \/>\n<meta name=\"twitter:card\" content=\"summary_large_image\" \/>\n<meta name=\"twitter:label1\" content=\"\u00c9crit par\" \/>\n\t<meta name=\"twitter:data1\" content=\"Edit\u00f6r\" \/>\n\t<meta name=\"twitter:label2\" content=\"Dur\u00e9e de lecture est.\" \/>\n\t<meta name=\"twitter:data2\" content=\"3 minutes\" \/>\n<script type=\"application\/ld+json\" class=\"yoast-schema-graph\">{\"@context\":\"https:\/\/schema.org\",\"@graph\":[{\"@type\":\"Article\",\"@id\":\"https:\/\/avrupapress.com\/main\/2025\/02\/22\/tigad-genel-kurulunda-gazeteci-bilgin-ozcifci-yonetime-secildi\/#article\",\"isPartOf\":{\"@id\":\"https:\/\/avrupapress.com\/main\/2025\/02\/22\/tigad-genel-kurulunda-gazeteci-bilgin-ozcifci-yonetime-secildi\/\"},\"author\":{\"name\":\"Edit\u00f6r\",\"@id\":\"https:\/\/avrupapress.com\/#\/schema\/person\/68428444ec60970d1e1b700cf4ca1e8f\"},\"headline\":\"TIGAD genel kurulunda Gazeteci Bilgin Ozcifci y\u00f6netime se\u00e7ildi\",\"datePublished\":\"2025-02-22T14:45:41+00:00\",\"dateModified\":\"2025-02-22T14:45:51+00:00\",\"mainEntityOfPage\":{\"@id\":\"https:\/\/avrupapress.com\/main\/2025\/02\/22\/tigad-genel-kurulunda-gazeteci-bilgin-ozcifci-yonetime-secildi\/\"},\"wordCount\":507,\"publisher\":{\"@id\":\"https:\/\/avrupapress.com\/#\/schema\/person\/0223dca19c72c43575bf30d1a2d8f4fa\"},\"image\":{\"@id\":\"https:\/\/avrupapress.com\/main\/2025\/02\/22\/tigad-genel-kurulunda-gazeteci-bilgin-ozcifci-yonetime-secildi\/#primaryimage\"},\"thumbnailUrl\":\"https:\/\/avrupapress.com\/main\/wp-content\/uploads\/2025\/02\/thumbnail_20250221_185522-1.jpg\",\"articleSection\":[\"Avrupa\",\"Bel\u00e7ika\",\"D\u00fcnya\",\"Ekonomi\",\"K\u00fclt\u00fcr-Sanat\",\"Spor\",\"Tan\u0131t\u0131m\",\"T\u00fcrkiye\",\"Uncategorized\"],\"inLanguage\":\"fr-BE\"},{\"@type\":\"WebPage\",\"@id\":\"https:\/\/avrupapress.com\/main\/2025\/02\/22\/tigad-genel-kurulunda-gazeteci-bilgin-ozcifci-yonetime-secildi\/\",\"url\":\"https:\/\/avrupapress.com\/main\/2025\/02\/22\/tigad-genel-kurulunda-gazeteci-bilgin-ozcifci-yonetime-secildi\/\",\"name\":\"TIGAD genel kurulunda Gazeteci Bilgin Ozcifci y\u00f6netime se\u00e7ildi - AvrupaPress\",\"isPartOf\":{\"@id\":\"https:\/\/avrupapress.com\/#website\"},\"primaryImageOfPage\":{\"@id\":\"https:\/\/avrupapress.com\/main\/2025\/02\/22\/tigad-genel-kurulunda-gazeteci-bilgin-ozcifci-yonetime-secildi\/#primaryimage\"},\"image\":{\"@id\":\"https:\/\/avrupapress.com\/main\/2025\/02\/22\/tigad-genel-kurulunda-gazeteci-bilgin-ozcifci-yonetime-secildi\/#primaryimage\"},\"thumbnailUrl\":\"https:\/\/avrupapress.com\/main\/wp-content\/uploads\/2025\/02\/thumbnail_20250221_185522-1.jpg\",\"datePublished\":\"2025-02-22T14:45:41+00:00\",\"dateModified\":\"2025-02-22T14:45:51+00:00\",\"breadcrumb\":{\"@id\":\"https:\/\/avrupapress.com\/main\/2025\/02\/22\/tigad-genel-kurulunda-gazeteci-bilgin-ozcifci-yonetime-secildi\/#breadcrumb\"},\"inLanguage\":\"fr-BE\",\"potentialAction\":[{\"@type\":\"ReadAction\",\"target\":[\"https:\/\/avrupapress.com\/main\/2025\/02\/22\/tigad-genel-kurulunda-gazeteci-bilgin-ozcifci-yonetime-secildi\/\"]}]},{\"@type\":\"ImageObject\",\"inLanguage\":\"fr-BE\",\"@id\":\"https:\/\/avrupapress.com\/main\/2025\/02\/22\/tigad-genel-kurulunda-gazeteci-bilgin-ozcifci-yonetime-secildi\/#primaryimage\",\"url\":\"https:\/\/avrupapress.com\/main\/wp-content\/uploads\/2025\/02\/thumbnail_20250221_185522-1.jpg\",\"contentUrl\":\"https:\/\/avrupapress.com\/main\/wp-content\/uploads\/2025\/02\/thumbnail_20250221_185522-1.jpg\",\"width\":1440,\"height\":1920},{\"@type\":\"BreadcrumbList\",\"@id\":\"https:\/\/avrupapress.com\/main\/2025\/02\/22\/tigad-genel-kurulunda-gazeteci-bilgin-ozcifci-yonetime-secildi\/#breadcrumb\",\"itemListElement\":[{\"@type\":\"ListItem\",\"position\":1,\"name\":\"Anasayfa\",\"item\":\"https:\/\/avrupapress.com\/\"},{\"@type\":\"ListItem\",\"position\":2,\"name\":\"TIGAD genel kurulunda Gazeteci Bilgin Ozcifci y\u00f6netime se\u00e7ildi\"}]},{\"@type\":\"WebSite\",\"@id\":\"https:\/\/avrupapress.com\/#website\",\"url\":\"https:\/\/avrupapress.com\/\",\"name\":\"AvrupaPress\",\"description\":\"Haberin Adresi\",\"publisher\":{\"@id\":\"https:\/\/avrupapress.com\/#\/schema\/person\/0223dca19c72c43575bf30d1a2d8f4fa\"},\"potentialAction\":[{\"@type\":\"SearchAction\",\"target\":{\"@type\":\"EntryPoint\",\"urlTemplate\":\"https:\/\/avrupapress.com\/?s={search_term_string}\"},\"query-input\":{\"@type\":\"PropertyValueSpecification\",\"valueRequired\":true,\"valueName\":\"search_term_string\"}}],\"inLanguage\":\"fr-BE\"},{\"@type\":[\"Person\",\"Organization\"],\"@id\":\"https:\/\/avrupapress.com\/#\/schema\/person\/0223dca19c72c43575bf30d1a2d8f4fa\",\"name\":\"Bilgin \u00d6z\u00e7ift\u00e7i\",\"image\":{\"@type\":\"ImageObject\",\"inLanguage\":\"fr-BE\",\"@id\":\"https:\/\/avrupapress.com\/#\/schema\/person\/image\/\",\"url\":\"https:\/\/secure.gravatar.com\/avatar\/0f23b280433a21e1ea7a0adcc46ed0ad16afe3ad8e630fd13d8a017dcbd54ef3?s=96&d=mm&r=g\",\"contentUrl\":\"https:\/\/secure.gravatar.com\/avatar\/0f23b280433a21e1ea7a0adcc46ed0ad16afe3ad8e630fd13d8a017dcbd54ef3?s=96&d=mm&r=g\",\"caption\":\"Bilgin \u00d6z\u00e7ift\u00e7i\"},\"logo\":{\"@id\":\"https:\/\/avrupapress.com\/#\/schema\/person\/image\/\"},\"description\":\"Ne ben, nede sen... Biz ancak \\\"biz\\\" olursak g\u00fc\u00e7l\u00fc olabiliriz\"},{\"@type\":\"Person\",\"@id\":\"https:\/\/avrupapress.com\/#\/schema\/person\/68428444ec60970d1e1b700cf4ca1e8f\",\"name\":\"Edit\u00f6r\",\"image\":{\"@type\":\"ImageObject\",\"inLanguage\":\"fr-BE\",\"@id\":\"https:\/\/avrupapress.com\/#\/schema\/person\/image\/\",\"url\":\"https:\/\/secure.gravatar.com\/avatar\/74996b0977aa5f1559ba9883776652508b229005c0d78fb2597897f0bd651c09?s=96&d=mm&r=g\",\"contentUrl\":\"https:\/\/secure.gravatar.com\/avatar\/74996b0977aa5f1559ba9883776652508b229005c0d78fb2597897f0bd651c09?s=96&d=mm&r=g\",\"caption\":\"Edit\u00f6r\"},\"sameAs\":[\"http:\/\/www.avrupapress.com\"],\"url\":\"https:\/\/avrupapress.com\/main\/author\/editor\/\"}]}<\/script>\n<!-- \/ Yoast SEO plugin. -->","yoast_head_json":{"title":"TIGAD genel kurulunda Gazeteci Bilgin Ozcifci y\u00f6netime se\u00e7ildi - AvrupaPress","robots":{"index":"index","follow":"follow","max-snippet":"max-snippet:-1","max-image-preview":"max-image-preview:large","max-video-preview":"max-video-preview:-1"},"canonical":"https:\/\/avrupapress.com\/main\/2025\/02\/22\/tigad-genel-kurulunda-gazeteci-bilgin-ozcifci-yonetime-secildi\/","og_locale":"fr_FR","og_type":"article","og_title":"TIGAD genel kurulunda Gazeteci Bilgin Ozcifci y\u00f6netime se\u00e7ildi - AvrupaPress","og_description":"TIGAD genel kurulunda Gazeteci Bilgin Ozcifciy\u00f6netime se\u00e7ildi T\u00fcrkiye \u0130nternet Gazetecili\u011fi Derne\u011fi&rsquo;nde (T\u0130GAD) ola\u011fan\u00fcst\u00fc genel kurul heyecan\u0131 ya\u015fand\u0131. \u00c7ank\u0131r\u0131&rsquo;da ger\u00e7ekle\u015ftirilen kongrede mevcut genel ba\u015fkan Okan Ge\u00e7gel g\u00fcven tazelerken T\u0130GAD Avrupa Basskani\u00a0 ve Belcika Avrupapress Gazetesi mtiyaz Sahibi Bilgin Ozcifci y\u00f6netim kuruluna se\u00e7ildi. T\u0130GAD&rsquo;\u0131n yeni \u00e7al\u0131\u015ftay dura\u011f\u0131 \u00c7ank\u0131r\u0131 oldu. T\u0130GAD \u00f6nc\u00fcl\u00fc\u011f\u00fcnde 21-24 \u015eubat tarihleri aras\u0131nda d\u00fczenlenen \u00ab\u00a0T\u0130GAD [&hellip;]","og_url":"https:\/\/avrupapress.com\/main\/2025\/02\/22\/tigad-genel-kurulunda-gazeteci-bilgin-ozcifci-yonetime-secildi\/","og_site_name":"AvrupaPress","article_published_time":"2025-02-22T14:45:41+00:00","article_modified_time":"2025-02-22T14:45:51+00:00","og_image":[{"width":1440,"height":1920,"url":"https:\/\/avrupapress.com\/main\/wp-content\/uploads\/2025\/02\/thumbnail_20250221_185522-1.jpg","type":"image\/jpeg"}],"author":"Edit\u00f6r","twitter_card":"summary_large_image","twitter_misc":{"\u00c9crit par":"Edit\u00f6r","Dur\u00e9e de lecture est.":"3 minutes"},"schema":{"@context":"https:\/\/schema.org","@graph":[{"@type":"Article","@id":"https:\/\/avrupapress.com\/main\/2025\/02\/22\/tigad-genel-kurulunda-gazeteci-bilgin-ozcifci-yonetime-secildi\/#article","isPartOf":{"@id":"https:\/\/avrupapress.com\/main\/2025\/02\/22\/tigad-genel-kurulunda-gazeteci-bilgin-ozcifci-yonetime-secildi\/"},"author":{"name":"Edit\u00f6r","@id":"https:\/\/avrupapress.com\/#\/schema\/person\/68428444ec60970d1e1b700cf4ca1e8f"},"headline":"TIGAD genel kurulunda Gazeteci Bilgin Ozcifci y\u00f6netime se\u00e7ildi","datePublished":"2025-02-22T14:45:41+00:00","dateModified":"2025-02-22T14:45:51+00:00","mainEntityOfPage":{"@id":"https:\/\/avrupapress.com\/main\/2025\/02\/22\/tigad-genel-kurulunda-gazeteci-bilgin-ozcifci-yonetime-secildi\/"},"wordCount":507,"publisher":{"@id":"https:\/\/avrupapress.com\/#\/schema\/person\/0223dca19c72c43575bf30d1a2d8f4fa"},"image":{"@id":"https:\/\/avrupapress.com\/main\/2025\/02\/22\/tigad-genel-kurulunda-gazeteci-bilgin-ozcifci-yonetime-secildi\/#primaryimage"},"thumbnailUrl":"https:\/\/avrupapress.com\/main\/wp-content\/uploads\/2025\/02\/thumbnail_20250221_185522-1.jpg","articleSection":["Avrupa","Bel\u00e7ika","D\u00fcnya","Ekonomi","K\u00fclt\u00fcr-Sanat","Spor","Tan\u0131t\u0131m","T\u00fcrkiye","Uncategorized"],"inLanguage":"fr-BE"},{"@type":"WebPage","@id":"https:\/\/avrupapress.com\/main\/2025\/02\/22\/tigad-genel-kurulunda-gazeteci-bilgin-ozcifci-yonetime-secildi\/","url":"https:\/\/avrupapress.com\/main\/2025\/02\/22\/tigad-genel-kurulunda-gazeteci-bilgin-ozcifci-yonetime-secildi\/","name":"TIGAD genel kurulunda Gazeteci Bilgin Ozcifci y\u00f6netime se\u00e7ildi - AvrupaPress","isPartOf":{"@id":"https:\/\/avrupapress.com\/#website"},"primaryImageOfPage":{"@id":"https:\/\/avrupapress.com\/main\/2025\/02\/22\/tigad-genel-kurulunda-gazeteci-bilgin-ozcifci-yonetime-secildi\/#primaryimage"},"image":{"@id":"https:\/\/avrupapress.com\/main\/2025\/02\/22\/tigad-genel-kurulunda-gazeteci-bilgin-ozcifci-yonetime-secildi\/#primaryimage"},"thumbnailUrl":"https:\/\/avrupapress.com\/main\/wp-content\/uploads\/2025\/02\/thumbnail_20250221_185522-1.jpg","datePublished":"2025-02-22T14:45:41+00:00","dateModified":"2025-02-22T14:45:51+00:00","breadcrumb":{"@id":"https:\/\/avrupapress.com\/main\/2025\/02\/22\/tigad-genel-kurulunda-gazeteci-bilgin-ozcifci-yonetime-secildi\/#breadcrumb"},"inLanguage":"fr-BE","potentialAction":[{"@type":"ReadAction","target":["https:\/\/avrupapress.com\/main\/2025\/02\/22\/tigad-genel-kurulunda-gazeteci-bilgin-ozcifci-yonetime-secildi\/"]}]},{"@type":"ImageObject","inLanguage":"fr-BE","@id":"https:\/\/avrupapress.com\/main\/2025\/02\/22\/tigad-genel-kurulunda-gazeteci-bilgin-ozcifci-yonetime-secildi\/#primaryimage","url":"https:\/\/avrupapress.com\/main\/wp-content\/uploads\/2025\/02\/thumbnail_20250221_185522-1.jpg","contentUrl":"https:\/\/avrupapress.com\/main\/wp-content\/uploads\/2025\/02\/thumbnail_20250221_185522-1.jpg","width":1440,"height":1920},{"@type":"BreadcrumbList","@id":"https:\/\/avrupapress.com\/main\/2025\/02\/22\/tigad-genel-kurulunda-gazeteci-bilgin-ozcifci-yonetime-secildi\/#breadcrumb","itemListElement":[{"@type":"ListItem","position":1,"name":"Anasayfa","item":"https:\/\/avrupapress.com\/"},{"@type":"ListItem","position":2,"name":"TIGAD genel kurulunda Gazeteci Bilgin Ozcifci y\u00f6netime se\u00e7ildi"}]},{"@type":"WebSite","@id":"https:\/\/avrupapress.com\/#website","url":"https:\/\/avrupapress.com\/","name":"AvrupaPress","description":"Haberin Adresi","publisher":{"@id":"https:\/\/avrupapress.com\/#\/schema\/person\/0223dca19c72c43575bf30d1a2d8f4fa"},"potentialAction":[{"@type":"SearchAction","target":{"@type":"EntryPoint","urlTemplate":"https:\/\/avrupapress.com\/?s={search_term_string}"},"query-input":{"@type":"PropertyValueSpecification","valueRequired":true,"valueName":"search_term_string"}}],"inLanguage":"fr-BE"},{"@type":["Person","Organization"],"@id":"https:\/\/avrupapress.com\/#\/schema\/person\/0223dca19c72c43575bf30d1a2d8f4fa","name":"Bilgin \u00d6z\u00e7ift\u00e7i","image":{"@type":"ImageObject","inLanguage":"fr-BE","@id":"https:\/\/avrupapress.com\/#\/schema\/person\/image\/","url":"https:\/\/secure.gravatar.com\/avatar\/0f23b280433a21e1ea7a0adcc46ed0ad16afe3ad8e630fd13d8a017dcbd54ef3?s=96&d=mm&r=g","contentUrl":"https:\/\/secure.gravatar.com\/avatar\/0f23b280433a21e1ea7a0adcc46ed0ad16afe3ad8e630fd13d8a017dcbd54ef3?s=96&d=mm&r=g","caption":"Bilgin \u00d6z\u00e7ift\u00e7i"},"logo":{"@id":"https:\/\/avrupapress.com\/#\/schema\/person\/image\/"},"description":"Ne ben, nede sen... Biz ancak \"biz\" olursak g\u00fc\u00e7l\u00fc olabiliriz"},{"@type":"Person","@id":"https:\/\/avrupapress.com\/#\/schema\/person\/68428444ec60970d1e1b700cf4ca1e8f","name":"Edit\u00f6r","image":{"@type":"ImageObject","inLanguage":"fr-BE","@id":"https:\/\/avrupapress.com\/#\/schema\/person\/image\/","url":"https:\/\/secure.gravatar.com\/avatar\/74996b0977aa5f1559ba9883776652508b229005c0d78fb2597897f0bd651c09?s=96&d=mm&r=g","contentUrl":"https:\/\/secure.gravatar.com\/avatar\/74996b0977aa5f1559ba9883776652508b229005c0d78fb2597897f0bd651c09?s=96&d=mm&r=g","caption":"Edit\u00f6r"},"sameAs":["http:\/\/www.avrupapress.com"],"url":"https:\/\/avrupapress.com\/main\/author\/editor\/"}]}},"_links":{"self":[{"href":"https:\/\/avrupapress.com\/main\/wp-json\/wp\/v2\/posts\/28286","targetHints":{"allow":["GET"]}}],"collection":[{"href":"https:\/\/avrupapress.com\/main\/wp-json\/wp\/v2\/posts"}],"about":[{"href":"https:\/\/avrupapress.com\/main\/wp-json\/wp\/v2\/types\/post"}],"author":[{"embeddable":true,"href":"https:\/\/avrupapress.com\/main\/wp-json\/wp\/v2\/users\/3"}],"replies":[{"embeddable":true,"href":"https:\/\/avrupapress.com\/main\/wp-json\/wp\/v2\/comments?post=28286"}],"version-history":[{"count":2,"href":"https:\/\/avrupapress.com\/main\/wp-json\/wp\/v2\/posts\/28286\/revisions"}],"predecessor-version":[{"id":28292,"href":"https:\/\/avrupapress.com\/main\/wp-json\/wp\/v2\/posts\/28286\/revisions\/28292"}],"wp:featuredmedia":[{"embeddable":true,"href":"https:\/\/avrupapress.com\/main\/wp-json\/wp\/v2\/media\/28287"}],"wp:attachment":[{"href":"https:\/\/avrupapress.com\/main\/wp-json\/wp\/v2\/media?parent=28286"}],"wp:term":[{"taxonomy":"category","embeddable":true,"href":"https:\/\/avrupapress.com\/main\/wp-json\/wp\/v2\/categories?post=28286"},{"taxonomy":"post_tag","embeddable":true,"href":"https:\/\/avrupapress.com\/main\/wp-json\/wp\/v2\/tags?post=28286"}],"curies":[{"name":"wp","href":"https:\/\/api.w.org\/{rel}","templated":true}]}}