{"id":28273,"date":"2025-02-21T21:32:18","date_gmt":"2025-02-21T21:32:18","guid":{"rendered":"https:\/\/avrupapress.com\/main\/?p=28273"},"modified":"2025-02-21T21:33:02","modified_gmt":"2025-02-21T21:33:02","slug":"tigad-cankiriya-cikarma-yapti","status":"publish","type":"post","link":"https:\/\/avrupapress.com\/main\/2025\/02\/21\/tigad-cankiriya-cikarma-yapti\/","title":{"rendered":"T\u0130GAD \u00c7ank\u0131r\u0131\u2019ya \u00c7\u0131karma Yapt\u0131"},"content":{"rendered":"<p>T\u0130GAD Gazetecileri \u00c7ank\u0131r\u0131&rsquo;da! 110 Gazeteci Tarih, K\u00fclt\u00fcr ve Gastronomiyi Ke\u015ffetmeye Ba\u015flad\u0131. \u00c7ank\u0131r\u0131&rsquo;da Yeni Nesil Gazetecilik \u00c7al\u0131\u015ftay\u0131 \u0130\u00e7in Tarihi Bir Ad\u0131m At\u0131ld\u0131.<img loading=\"lazy\" decoding=\"async\" class=\"alignnone size-medium wp-image-28274\" src=\"https:\/\/avrupapress.com\/main\/wp-content\/uploads\/2025\/02\/67b8865a067a7-779x436-1-300x168.webp\" alt=\"\" width=\"300\" height=\"168\" srcset=\"https:\/\/avrupapress.com\/main\/wp-content\/uploads\/2025\/02\/67b8865a067a7-779x436-1-300x168.webp 300w, https:\/\/avrupapress.com\/main\/wp-content\/uploads\/2025\/02\/67b8865a067a7-779x436-1-768x430.webp 768w, https:\/\/avrupapress.com\/main\/wp-content\/uploads\/2025\/02\/67b8865a067a7-779x436-1.webp 779w\" sizes=\"auto, (max-width: 300px) 100vw, 300px\" \/><\/p>\n<p><strong>T\u0130GAD<\/strong>\u00a0Gazetecileri \u00c7ank\u0131r\u0131&rsquo;da! 110 Gazeteci Tarih, K\u00fclt\u00fcr ve Gastronomiyi Ke\u015ffetmeye Ba\u015flad\u0131. \u00c7ank\u0131r\u0131&rsquo;da Yeni Nesil Gazetecilik \u00c7al\u0131\u015ftay\u0131 \u0130\u00e7in Tarihi Bir Ad\u0131m At\u0131ld\u0131.<\/p>\n<p><strong>T\u0130GAD<\/strong>\u00a0&#8211; \u0130nternet Gazetecili\u011fi Derne\u011fi, \u00c7ank\u0131r\u0131\u2019da Yeni Nesil Gazetecilik \u00fczerine \u00f6nemli bir \u00e7al\u0131\u015fma ger\u00e7ekle\u015ftirecek. T\u0130GAD heyeti, \u00c7ank\u0131r\u0131 Valili\u011fi\u2019nde a\u011f\u0131rland\u0131.<\/p>\n<p><strong>T\u0130GAD<\/strong>\u00a0&#8211; \u0130nternet Gazetecili\u011fi Derne\u011fi, \u00c7ank\u0131r\u0131\u2019da Yeni Nesil Gazetecilik \u00c7al\u0131\u015ftay\u0131 kapsam\u0131nda \u00f6nemli bir etkinlik d\u00fczenleyecek. T\u00fcrkiye\u2019nin ve d\u00fcnyan\u0131n bir\u00e7ok \u00fclkesinden gelen 110 gazeteci, \u00e7al\u0131\u015ftay i\u00e7in \u00c7ank\u0131r\u0131\u2019ya \u00e7\u0131karma yapt\u0131.<\/p>\n<p>Heyet, program \u00f6ncesinde \u00c7ank\u0131r\u0131 Valisi Mustafa F\u0131rat Ta\u015folar\u2019\u0131 makam\u0131nda ziyaret etti. Vali Ta\u015folar, gazetecileri \u00c7ank\u0131r\u0131 Valili\u011fi Birlik Salonu\u2019nda a\u011f\u0131rlayarak etkinlik \u00f6ncesinde bir araya geldi.<\/p>\n<p><strong>\u00c7ank\u0131r\u0131 Nas\u0131l Bir \u015eehir?<\/strong><\/p>\n<p>\u00c7ank\u0131r\u0131 Valisi Mustafa F\u0131rat Ta\u015folar,\u00a0<strong>\u201c\u00d6ncelikle \u00c7ank\u0131r\u0131\u2019da sizleri a\u011f\u0131rlamaktan b\u00fcy\u00fck memnuniyet duyuyoruz. Burada keyif alaca\u011f\u0131n\u0131z\u0131 ve \u00c7ank\u0131r\u0131\u2019y\u0131 sevece\u011finize inan\u0131yorum. \u00c7ank\u0131r\u0131, kendine has \u00f6zellikleriyle olduk\u00e7a keyifli bir \u015fehir. Sizlerin buraya gelmesi, \u00c7ank\u0131r\u0131\u2019y\u0131 tan\u0131mas\u0131 bizim i\u00e7in de \u00e7ok anlaml\u0131.<\/strong><\/p>\n<p><strong>Daha \u00f6nce \u00c7ank\u0131r\u0131\u2019ya gelen misafirlerimiz oldu mu bilmiyorum, ancak anla\u015f\u0131lan kat\u0131l\u0131mc\u0131lar\u0131n b\u00fcy\u00fck bir \u00e7o\u011funlu\u011fu ilk kez burada bulunuyor. \u00c7ank\u0131r\u0131, kendi i\u00e7inde \u00e7ok farkl\u0131 bir \u015fehir. Mesela \u00c7ank\u0131r\u0131\u2019n\u0131n \u015f\u00f6yle bir \u00f6zelli\u011fi var: T\u00fcrkiye\u2019de en temiz havaya sahip \u015fehirlerden biri. Ancak bu pek bilinmiyor. \u00c7evrenize bakt\u0131\u011f\u0131n\u0131zda \u00e7ok fazla a\u011fa\u00e7 g\u00f6remiyorsunuz. Ben de ilk geldi\u011fimde buray\u0131 tam bir bozk\u0131r olarak de\u011ferlendirmi\u015ftim. Ancak bunun temel sebebi, toprakta y\u00fcksek oranda tuz bulunmas\u0131. Burada bir k\u00fcrekle topra\u011f\u0131 kazd\u0131\u011f\u0131n\u0131zda hemen tuza ula\u015fabiliyorsunuz. Tuz ve g\u00fcne\u015f \u0131\u015f\u0131\u011f\u0131n\u0131n etkisiyle havada do\u011fal bir temizleyici sistem olu\u015fuyor ve bu da \u00c7ank\u0131r\u0131\u2019n\u0131n havas\u0131n\u0131 \u00e7ok daha temiz hale getiriyor.<\/strong><\/p>\n<p>\u00c7ank\u0131r\u0131 hakk\u0131nda dikkat \u00e7eken bir di\u011fer konu ise, d\u0131\u015far\u0131dan bak\u0131ld\u0131\u011f\u0131nda genellikle tar\u0131m ve hayvanc\u0131l\u0131k kenti olarak g\u00f6r\u00fclmesine ra\u011fmen asl\u0131nda sanayi a\u00e7\u0131s\u0131ndan olduk\u00e7a g\u00fc\u00e7l\u00fc bir \u015fehir olmas\u0131. \u00c7ank\u0131r\u0131\u2019n\u0131n ihracat\u0131, ithalat\u0131n\u0131 yakla\u015f\u0131k %260 oran\u0131nda kar\u015f\u0131l\u0131yor. Burada ciddi sanayi kurulu\u015flar\u0131 var ve i\u015fsizlik gibi bir problem neredeyse yok. \u00c7ank\u0131r\u0131\u2019ya ilk geldi\u011fimde,<strong>\u00a0\u201cE\u011fer birisi benden i\u015f isterse ne yapaca\u011f\u0131m?\u201d\u00a0<\/strong>diye d\u00fc\u015f\u00fcnm\u00fc\u015ft\u00fcm. Ancak burada sanayi kurulu\u015flar\u0131n\u0131n mavi yaka i\u015f\u00e7i al\u0131m\u0131nda b\u00fcy\u00fck bir kapasitesi var. Bana,\u00a0<strong>\u201cSay\u0131n Valim, 500 ki\u015fiye kadar i\u015f s\u00f6z\u00fc verebilirsiniz\u201d<\/strong>\u00a0dediklerinde ger\u00e7ekten \u00e7ok \u015fa\u015f\u0131rm\u0131\u015ft\u0131m. Hakikaten burada i\u015fsizlik problemi yok denecek kadar az.<\/p>\n<p><strong>Tuz Ma\u011faras\u0131, \u015fehrin en dikkat \u00e7ekici turistik noktalar\u0131ndan biri. Eminim sizler de buray\u0131 gezerken keyif alacaks\u0131n\u0131z. \u00c7ank\u0131r\u0131 Belediyesi, \u00f6zellikle i\u00e7 turizmi geli\u015ftirmek ad\u0131na b\u00fcy\u00fck \u00e7aba sarf ediyor ve \u015fehirde \u00f6nemli farklar yarat\u0131yor. Umuyorum ki bu ziyaretinizde \u00c7ank\u0131r\u0131\u2019n\u0131n g\u00fczelliklerini ke\u015ffeder ve keyifli an\u0131larla d\u00f6nersiniz.\u201d<\/strong>\u00a0dedi.<\/p>\n<p><strong>\u00c7ank\u0131r\u0131 3 G\u00fcn Boyunca 110 Gazetecinin Markaj\u0131nda<\/strong><\/p>\n<p>T\u0130GAD Genel Ba\u015fkan Yard\u0131mc\u0131s\u0131 Bayram Polat,\u00a0<strong>\u201cSay\u0131n Valim, bizleri misafir etti\u011finiz ve destek oldu\u011funuz i\u00e7in te\u015fekk\u00fcr ederiz. \u00c7ank\u0131r\u0131\u2019da b\u00f6yle bir organizasyonu ger\u00e7ekle\u015ftirmenin mutlulu\u011funu ya\u015f\u0131yoruz. \u0130lk g\u00fcnden itibaren bu gezi g\u00fcndeme geldi\u011finde, Sedat Ba\u015fkan ile birlikte sizleri ziyaret ettik ve sa\u011f olsun sizler de b\u00fcy\u00fck bir misafirperverlik g\u00f6sterdiniz. Bizlere her t\u00fcrl\u00fc deste\u011fi sa\u011flad\u0131n\u0131z, bunun i\u00e7in minnettar\u0131z.<\/strong><\/p>\n<p><strong>Bug\u00fcn burada T\u00fcrkiye\u2019nin d\u00f6rt bir yan\u0131ndan gazeteci arkada\u015flar\u0131m\u0131z bulunuyor. Tekirda\u011f\u2019dan, Kilis\u2019ten, \u015e\u0131rnak\u2019tan, Hakk\u00e2ri\u2019den, Antalya\u2019dan ve Karadeniz\u2019den gelen kat\u0131l\u0131mc\u0131lar\u0131m\u0131z var. Adeta T\u00fcrkiye\u2019nin bir mozai\u011fi \u00c7ank\u0131r\u0131\u2019da toplanm\u0131\u015f durumda. \u00dc\u00e7 g\u00fcn boyunca toplam 110 gazeteci arkada\u015f\u0131m\u0131z, \u00c7ank\u0131r\u0131\u2019n\u0131n tarihi ve turistik yerlerini gezecek, gastronomisini ke\u015ffedecek. T\u00fcm bu deneyimlerini kendi haber portallar\u0131nda, k\u00f6\u015fe yaz\u0131lar\u0131nda ve r\u00f6portajlar\u0131nda payla\u015facaklar. Daha \u00f6nce ger\u00e7ekle\u015ftirdi\u011fimiz benzer organizasyonlarda, ziyaret etti\u011fimiz iller hakk\u0131nda \u00e7ok olumlu geri d\u00f6n\u00fc\u015fler ald\u0131k.<\/strong><\/p>\n<p><strong>\u00c7ank\u0131r\u0131\u2019y\u0131 daha \u00f6nce g\u00f6rmemi\u015f bir\u00e7ok gazeteci arkada\u015f\u0131m\u0131z\u0131n, burada yeni g\u00fczellikler ke\u015ffedece\u011fine inan\u0131yorum. Bu gezinin ard\u0131ndan \u00c7ank\u0131r\u0131 ile ilgili g\u00fczel haberlerin \u00e7\u0131kaca\u011f\u0131n\u0131 d\u00fc\u015f\u00fcn\u00fcyoruz. Bu organizasyonda eme\u011fi ge\u00e7en herkese te\u015fekk\u00fcr ederiz.\u201d<\/strong>\u00a0\u015feklinde konu\u015ftu.<\/p>\n<p><strong>\u00ab\u00a0\u00c7ank\u0131r\u0131&rsquo;y\u0131 Yak\u0131ndan Tan\u0131ma ve Tan\u0131tma F\u0131rsat\u0131 Bulduk\u00a0\u00bb<\/strong><\/p>\n<p>Haberler.com ve Sondakika.com Genel Yay\u0131n Y\u00f6netmeni Ekrem Teymur ise yapt\u0131\u011f\u0131 konu\u015fmada,\u00a0<strong>\u201cBizler te\u015fekk\u00fcr ederiz. Bu g\u00fczel \u015fehirde bulunmaktan mutluluk duyuyoruz. Ben de \u00c7ank\u0131r\u0131\u2019y\u0131 ilk defa g\u00f6renlerden biriyim. \u00c7evresindeki baz\u0131 illere gitmi\u015ftim ama \u00c7ank\u0131r\u0131\u2019y\u0131 ziyaret etmek daha \u00f6nce nasip olmam\u0131\u015ft\u0131. Bu vesileyle \u015fehri yak\u0131ndan tan\u0131ma f\u0131rsat\u0131 bulaca\u011f\u0131m.<\/strong><\/p>\n<p><strong>Buraya gelirken k\u0131sa bir \u015fehir turu att\u0131k. D\u00fcn gece geldi\u011fimiz i\u00e7in fazla bir \u015fey g\u00f6remedik ama \u015fehir olduk\u00e7a bak\u0131ml\u0131, temiz ve g\u00fczel bir yer. A\u00e7\u0131k\u00e7as\u0131 \u00c7ank\u0131r\u0131\u2019n\u0131n hem yurt i\u00e7inden hem de yurt d\u0131\u015f\u0131ndan daha fazla ziyaret\u00e7i \u00e7ekmesi gerekti\u011fini d\u00fc\u015f\u00fcn\u00fcyorum.<\/strong><\/p>\n<p><strong>\u00d6zellikle tuz \u00fcretimi a\u00e7\u0131s\u0131ndan b\u00fcy\u00fck bir potansiyele sahip. D\u00fcn Sedat Bey\u2019in verdi\u011fi bilgilere g\u00f6re T\u00fcrkiye\u2019nin en kaliteli tuzu burada \u00fcretiliyor. Bu da asl\u0131nda bir turizm cazibe noktas\u0131 olabilir. \u00c7o\u011fu insan tuzu sadece bir mutfak \u00fcr\u00fcn\u00fc olarak d\u00fc\u015f\u00fcn\u00fcyor ama asl\u0131nda \u00e7ok daha geni\u015f bir kullan\u0131m alan\u0131na sahip.\u201d<\/strong>\u00a0\u0130fadelerine yer verdi.<strong><br \/>\n<\/strong><br \/>\n<strong>\u00ab\u00a0\u00c7ank\u0131r\u0131&rsquo;n\u0131n Daha Fazla \u00d6n Plana \u00c7\u0131kar\u0131lmas\u0131 Gerekiyor\u00a0\u00bb<\/strong><\/p>\n<p>T\u0130GAD Genel Ba\u015fkan\u0131 Okan Ge\u00e7gel ise yapt\u0131\u011f\u0131 konu\u015fmada<strong>, \u201cD\u00fcn \u00f6\u011frendi\u011fimize g\u00f6re, 1074 y\u0131l\u0131ndan bu yana Emir Karatekin&rsquo;in buray\u0131 fethetmesiyle birlikte \u00c7ank\u0131r\u0131 varl\u0131\u011f\u0131n\u0131 s\u00fcrd\u00fcr\u00fcyor. O d\u00f6nemde, Sultan emirlerinden biri olarak buray\u0131 fetheden Emir Karatekin\u2019den bu yana \u00c7ank\u0131r\u0131, herhangi bir i\u015fgal g\u00f6rmemi\u015f.<\/strong><\/p>\n<p><strong>O g\u00fcnden bug\u00fcne kadar Anadolu topraklar\u0131nda huzur ve bar\u0131\u015f i\u00e7inde ya\u015famaya devam ediyor. Hatta Kurtulu\u015f Sava\u015f\u0131 s\u0131ras\u0131nda buradan m\u00fchimmat ve destek g\u00f6nderilmi\u015f, buran\u0131n halk\u0131 adeta cepheyi beslemi\u015f. Bu da \u00c7ank\u0131r\u0131&rsquo;n\u0131n tarih boyunca ne kadar \u00f6nemli bir kent oldu\u011funu g\u00f6steriyor.<\/strong><\/p>\n<p><strong>Bence Emir Karatekin&rsquo;in ve \u00c7ank\u0131r\u0131&rsquo;n\u0131n di\u011fer \u00f6nemli de\u011ferlerinin daha fazla \u00f6n plana \u00e7\u0131kar\u0131lmas\u0131 gerekiyor. Bozk\u0131r\u0131n de\u011ferleri, k\u00fclt\u00fcrel miras\u0131m\u0131z\u0131n bir par\u00e7as\u0131 olarak g\u00fcn y\u00fcz\u00fcne \u00e7\u0131kmal\u0131 ve hak etti\u011fi de\u011feri g\u00f6rmelidir.\u201d<\/strong>\u00a0dedi.<\/p>\n<p>Ziyaret Sonras\u0131ndan T\u0130GAD Kurucu Ba\u015fkan\u0131 \u0130zzet Ayd\u0131n \u00c7ank\u0131r\u0131 Valisi Mustafa F\u0131rat Ta\u015folar\u2019a hediye takdiminde bulundu.<\/p>\n<p>Son olarak \u00c7ank\u0131r\u0131 Valili\u011fi \u00f6n\u00fcnde aile foto\u011fraf\u0131 \u00e7ekimi ile ziyaret sona erdi.<\/p>\n","protected":false},"excerpt":{"rendered":"<p>T\u0130GAD Gazetecileri \u00c7ank\u0131r\u0131&rsquo;da! 110 Gazeteci Tarih, K\u00fclt\u00fcr ve Gastronomiyi Ke\u015ffetmeye Ba\u015flad\u0131. \u00c7ank\u0131r\u0131&rsquo;da Yeni Nesil Gazetecilik \u00c7al\u0131\u015ftay\u0131 \u0130\u00e7in Tarihi Bir Ad\u0131m At\u0131ld\u0131. T\u0130GAD\u00a0Gazetecileri \u00c7ank\u0131r\u0131&rsquo;da! 110 Gazeteci Tarih, K\u00fclt\u00fcr ve Gastronomiyi Ke\u015ffetmeye Ba\u015flad\u0131. \u00c7ank\u0131r\u0131&rsquo;da Yeni Nesil Gazetecilik \u00c7al\u0131\u015ftay\u0131 \u0130\u00e7in Tarihi Bir Ad\u0131m At\u0131ld\u0131. T\u0130GAD\u00a0&#8211; \u0130nternet Gazetecili\u011fi Derne\u011fi, \u00c7ank\u0131r\u0131\u2019da Yeni Nesil Gazetecilik \u00fczerine \u00f6nemli bir \u00e7al\u0131\u015fma ger\u00e7ekle\u015ftirecek. T\u0130GAD [&hellip;]<\/p>\n","protected":false},"author":3,"featured_media":28274,"comment_status":"closed","ping_status":"open","sticky":false,"template":"","format":"standard","meta":{"footnotes":""},"categories":[14,16,3,17,18,15,19,2,1],"tags":[],"class_list":["post-28273","post","type-post","status-publish","format-standard","has-post-thumbnail","hentry","category-avrupa","category-belcika","category-dunya","category-ekonomi","category-kultur-sanat","category-spor","category-tanitim","category-turkiye","category-uncategorized"],"yoast_head":"<!-- This site is optimized with the Yoast SEO plugin v26.9 - https:\/\/yoast.com\/product\/yoast-seo-wordpress\/ -->\n<title>T\u0130GAD \u00c7ank\u0131r\u0131\u2019ya \u00c7\u0131karma Yapt\u0131 - AvrupaPress<\/title>\n<meta name=\"robots\" content=\"index, follow, max-snippet:-1, max-image-preview:large, max-video-preview:-1\" \/>\n<link rel=\"canonical\" href=\"https:\/\/avrupapress.com\/main\/2025\/02\/21\/tigad-cankiriya-cikarma-yapti\/\" \/>\n<meta property=\"og:locale\" content=\"fr_FR\" \/>\n<meta property=\"og:type\" content=\"article\" \/>\n<meta property=\"og:title\" content=\"T\u0130GAD \u00c7ank\u0131r\u0131\u2019ya \u00c7\u0131karma Yapt\u0131 - AvrupaPress\" \/>\n<meta property=\"og:description\" content=\"T\u0130GAD Gazetecileri \u00c7ank\u0131r\u0131&rsquo;da! 110 Gazeteci Tarih, K\u00fclt\u00fcr ve Gastronomiyi Ke\u015ffetmeye Ba\u015flad\u0131. \u00c7ank\u0131r\u0131&rsquo;da Yeni Nesil Gazetecilik \u00c7al\u0131\u015ftay\u0131 \u0130\u00e7in Tarihi Bir Ad\u0131m At\u0131ld\u0131. T\u0130GAD\u00a0Gazetecileri \u00c7ank\u0131r\u0131&rsquo;da! 110 Gazeteci Tarih, K\u00fclt\u00fcr ve Gastronomiyi Ke\u015ffetmeye Ba\u015flad\u0131. \u00c7ank\u0131r\u0131&rsquo;da Yeni Nesil Gazetecilik \u00c7al\u0131\u015ftay\u0131 \u0130\u00e7in Tarihi Bir Ad\u0131m At\u0131ld\u0131. T\u0130GAD\u00a0&#8211; \u0130nternet Gazetecili\u011fi Derne\u011fi, \u00c7ank\u0131r\u0131\u2019da Yeni Nesil Gazetecilik \u00fczerine \u00f6nemli bir \u00e7al\u0131\u015fma ger\u00e7ekle\u015ftirecek. T\u0130GAD [&hellip;]\" \/>\n<meta property=\"og:url\" content=\"https:\/\/avrupapress.com\/main\/2025\/02\/21\/tigad-cankiriya-cikarma-yapti\/\" \/>\n<meta property=\"og:site_name\" content=\"AvrupaPress\" \/>\n<meta property=\"article:published_time\" content=\"2025-02-21T21:32:18+00:00\" \/>\n<meta property=\"article:modified_time\" content=\"2025-02-21T21:33:02+00:00\" \/>\n<meta property=\"og:image\" content=\"https:\/\/avrupapress.com\/main\/wp-content\/uploads\/2025\/02\/67b8865a067a7-779x436-1.webp\" \/>\n\t<meta property=\"og:image:width\" content=\"779\" \/>\n\t<meta property=\"og:image:height\" content=\"436\" \/>\n\t<meta property=\"og:image:type\" content=\"image\/webp\" \/>\n<meta name=\"author\" content=\"Edit\u00f6r\" \/>\n<meta name=\"twitter:card\" content=\"summary_large_image\" \/>\n<meta name=\"twitter:label1\" content=\"\u00c9crit par\" \/>\n\t<meta name=\"twitter:data1\" content=\"Edit\u00f6r\" \/>\n\t<meta name=\"twitter:label2\" content=\"Dur\u00e9e de lecture est.\" \/>\n\t<meta name=\"twitter:data2\" content=\"5 minutes\" \/>\n<script type=\"application\/ld+json\" class=\"yoast-schema-graph\">{\"@context\":\"https:\/\/schema.org\",\"@graph\":[{\"@type\":\"Article\",\"@id\":\"https:\/\/avrupapress.com\/main\/2025\/02\/21\/tigad-cankiriya-cikarma-yapti\/#article\",\"isPartOf\":{\"@id\":\"https:\/\/avrupapress.com\/main\/2025\/02\/21\/tigad-cankiriya-cikarma-yapti\/\"},\"author\":{\"name\":\"Edit\u00f6r\",\"@id\":\"https:\/\/avrupapress.com\/#\/schema\/person\/68428444ec60970d1e1b700cf4ca1e8f\"},\"headline\":\"T\u0130GAD \u00c7ank\u0131r\u0131\u2019ya \u00c7\u0131karma Yapt\u0131\",\"datePublished\":\"2025-02-21T21:32:18+00:00\",\"dateModified\":\"2025-02-21T21:33:02+00:00\",\"mainEntityOfPage\":{\"@id\":\"https:\/\/avrupapress.com\/main\/2025\/02\/21\/tigad-cankiriya-cikarma-yapti\/\"},\"wordCount\":1256,\"publisher\":{\"@id\":\"https:\/\/avrupapress.com\/#\/schema\/person\/0223dca19c72c43575bf30d1a2d8f4fa\"},\"image\":{\"@id\":\"https:\/\/avrupapress.com\/main\/2025\/02\/21\/tigad-cankiriya-cikarma-yapti\/#primaryimage\"},\"thumbnailUrl\":\"https:\/\/avrupapress.com\/main\/wp-content\/uploads\/2025\/02\/67b8865a067a7-779x436-1.webp\",\"articleSection\":[\"Avrupa\",\"Bel\u00e7ika\",\"D\u00fcnya\",\"Ekonomi\",\"K\u00fclt\u00fcr-Sanat\",\"Spor\",\"Tan\u0131t\u0131m\",\"T\u00fcrkiye\",\"Uncategorized\"],\"inLanguage\":\"fr-BE\"},{\"@type\":\"WebPage\",\"@id\":\"https:\/\/avrupapress.com\/main\/2025\/02\/21\/tigad-cankiriya-cikarma-yapti\/\",\"url\":\"https:\/\/avrupapress.com\/main\/2025\/02\/21\/tigad-cankiriya-cikarma-yapti\/\",\"name\":\"T\u0130GAD \u00c7ank\u0131r\u0131\u2019ya \u00c7\u0131karma Yapt\u0131 - AvrupaPress\",\"isPartOf\":{\"@id\":\"https:\/\/avrupapress.com\/#website\"},\"primaryImageOfPage\":{\"@id\":\"https:\/\/avrupapress.com\/main\/2025\/02\/21\/tigad-cankiriya-cikarma-yapti\/#primaryimage\"},\"image\":{\"@id\":\"https:\/\/avrupapress.com\/main\/2025\/02\/21\/tigad-cankiriya-cikarma-yapti\/#primaryimage\"},\"thumbnailUrl\":\"https:\/\/avrupapress.com\/main\/wp-content\/uploads\/2025\/02\/67b8865a067a7-779x436-1.webp\",\"datePublished\":\"2025-02-21T21:32:18+00:00\",\"dateModified\":\"2025-02-21T21:33:02+00:00\",\"breadcrumb\":{\"@id\":\"https:\/\/avrupapress.com\/main\/2025\/02\/21\/tigad-cankiriya-cikarma-yapti\/#breadcrumb\"},\"inLanguage\":\"fr-BE\",\"potentialAction\":[{\"@type\":\"ReadAction\",\"target\":[\"https:\/\/avrupapress.com\/main\/2025\/02\/21\/tigad-cankiriya-cikarma-yapti\/\"]}]},{\"@type\":\"ImageObject\",\"inLanguage\":\"fr-BE\",\"@id\":\"https:\/\/avrupapress.com\/main\/2025\/02\/21\/tigad-cankiriya-cikarma-yapti\/#primaryimage\",\"url\":\"https:\/\/avrupapress.com\/main\/wp-content\/uploads\/2025\/02\/67b8865a067a7-779x436-1.webp\",\"contentUrl\":\"https:\/\/avrupapress.com\/main\/wp-content\/uploads\/2025\/02\/67b8865a067a7-779x436-1.webp\",\"width\":779,\"height\":436},{\"@type\":\"BreadcrumbList\",\"@id\":\"https:\/\/avrupapress.com\/main\/2025\/02\/21\/tigad-cankiriya-cikarma-yapti\/#breadcrumb\",\"itemListElement\":[{\"@type\":\"ListItem\",\"position\":1,\"name\":\"Anasayfa\",\"item\":\"https:\/\/avrupapress.com\/\"},{\"@type\":\"ListItem\",\"position\":2,\"name\":\"T\u0130GAD \u00c7ank\u0131r\u0131\u2019ya \u00c7\u0131karma Yapt\u0131\"}]},{\"@type\":\"WebSite\",\"@id\":\"https:\/\/avrupapress.com\/#website\",\"url\":\"https:\/\/avrupapress.com\/\",\"name\":\"AvrupaPress\",\"description\":\"Haberin Adresi\",\"publisher\":{\"@id\":\"https:\/\/avrupapress.com\/#\/schema\/person\/0223dca19c72c43575bf30d1a2d8f4fa\"},\"potentialAction\":[{\"@type\":\"SearchAction\",\"target\":{\"@type\":\"EntryPoint\",\"urlTemplate\":\"https:\/\/avrupapress.com\/?s={search_term_string}\"},\"query-input\":{\"@type\":\"PropertyValueSpecification\",\"valueRequired\":true,\"valueName\":\"search_term_string\"}}],\"inLanguage\":\"fr-BE\"},{\"@type\":[\"Person\",\"Organization\"],\"@id\":\"https:\/\/avrupapress.com\/#\/schema\/person\/0223dca19c72c43575bf30d1a2d8f4fa\",\"name\":\"Bilgin \u00d6z\u00e7ift\u00e7i\",\"image\":{\"@type\":\"ImageObject\",\"inLanguage\":\"fr-BE\",\"@id\":\"https:\/\/avrupapress.com\/#\/schema\/person\/image\/\",\"url\":\"https:\/\/secure.gravatar.com\/avatar\/0f23b280433a21e1ea7a0adcc46ed0ad16afe3ad8e630fd13d8a017dcbd54ef3?s=96&d=mm&r=g\",\"contentUrl\":\"https:\/\/secure.gravatar.com\/avatar\/0f23b280433a21e1ea7a0adcc46ed0ad16afe3ad8e630fd13d8a017dcbd54ef3?s=96&d=mm&r=g\",\"caption\":\"Bilgin \u00d6z\u00e7ift\u00e7i\"},\"logo\":{\"@id\":\"https:\/\/avrupapress.com\/#\/schema\/person\/image\/\"},\"description\":\"Ne ben, nede sen... Biz ancak \\\"biz\\\" olursak g\u00fc\u00e7l\u00fc olabiliriz\"},{\"@type\":\"Person\",\"@id\":\"https:\/\/avrupapress.com\/#\/schema\/person\/68428444ec60970d1e1b700cf4ca1e8f\",\"name\":\"Edit\u00f6r\",\"image\":{\"@type\":\"ImageObject\",\"inLanguage\":\"fr-BE\",\"@id\":\"https:\/\/avrupapress.com\/#\/schema\/person\/image\/\",\"url\":\"https:\/\/secure.gravatar.com\/avatar\/74996b0977aa5f1559ba9883776652508b229005c0d78fb2597897f0bd651c09?s=96&d=mm&r=g\",\"contentUrl\":\"https:\/\/secure.gravatar.com\/avatar\/74996b0977aa5f1559ba9883776652508b229005c0d78fb2597897f0bd651c09?s=96&d=mm&r=g\",\"caption\":\"Edit\u00f6r\"},\"sameAs\":[\"http:\/\/www.avrupapress.com\"],\"url\":\"https:\/\/avrupapress.com\/main\/author\/editor\/\"}]}<\/script>\n<!-- \/ Yoast SEO plugin. -->","yoast_head_json":{"title":"T\u0130GAD \u00c7ank\u0131r\u0131\u2019ya \u00c7\u0131karma Yapt\u0131 - AvrupaPress","robots":{"index":"index","follow":"follow","max-snippet":"max-snippet:-1","max-image-preview":"max-image-preview:large","max-video-preview":"max-video-preview:-1"},"canonical":"https:\/\/avrupapress.com\/main\/2025\/02\/21\/tigad-cankiriya-cikarma-yapti\/","og_locale":"fr_FR","og_type":"article","og_title":"T\u0130GAD \u00c7ank\u0131r\u0131\u2019ya \u00c7\u0131karma Yapt\u0131 - AvrupaPress","og_description":"T\u0130GAD Gazetecileri \u00c7ank\u0131r\u0131&rsquo;da! 110 Gazeteci Tarih, K\u00fclt\u00fcr ve Gastronomiyi Ke\u015ffetmeye Ba\u015flad\u0131. \u00c7ank\u0131r\u0131&rsquo;da Yeni Nesil Gazetecilik \u00c7al\u0131\u015ftay\u0131 \u0130\u00e7in Tarihi Bir Ad\u0131m At\u0131ld\u0131. T\u0130GAD\u00a0Gazetecileri \u00c7ank\u0131r\u0131&rsquo;da! 110 Gazeteci Tarih, K\u00fclt\u00fcr ve Gastronomiyi Ke\u015ffetmeye Ba\u015flad\u0131. \u00c7ank\u0131r\u0131&rsquo;da Yeni Nesil Gazetecilik \u00c7al\u0131\u015ftay\u0131 \u0130\u00e7in Tarihi Bir Ad\u0131m At\u0131ld\u0131. T\u0130GAD\u00a0&#8211; \u0130nternet Gazetecili\u011fi Derne\u011fi, \u00c7ank\u0131r\u0131\u2019da Yeni Nesil Gazetecilik \u00fczerine \u00f6nemli bir \u00e7al\u0131\u015fma ger\u00e7ekle\u015ftirecek. T\u0130GAD [&hellip;]","og_url":"https:\/\/avrupapress.com\/main\/2025\/02\/21\/tigad-cankiriya-cikarma-yapti\/","og_site_name":"AvrupaPress","article_published_time":"2025-02-21T21:32:18+00:00","article_modified_time":"2025-02-21T21:33:02+00:00","og_image":[{"width":779,"height":436,"url":"https:\/\/avrupapress.com\/main\/wp-content\/uploads\/2025\/02\/67b8865a067a7-779x436-1.webp","type":"image\/webp"}],"author":"Edit\u00f6r","twitter_card":"summary_large_image","twitter_misc":{"\u00c9crit par":"Edit\u00f6r","Dur\u00e9e de lecture est.":"5 minutes"},"schema":{"@context":"https:\/\/schema.org","@graph":[{"@type":"Article","@id":"https:\/\/avrupapress.com\/main\/2025\/02\/21\/tigad-cankiriya-cikarma-yapti\/#article","isPartOf":{"@id":"https:\/\/avrupapress.com\/main\/2025\/02\/21\/tigad-cankiriya-cikarma-yapti\/"},"author":{"name":"Edit\u00f6r","@id":"https:\/\/avrupapress.com\/#\/schema\/person\/68428444ec60970d1e1b700cf4ca1e8f"},"headline":"T\u0130GAD \u00c7ank\u0131r\u0131\u2019ya \u00c7\u0131karma Yapt\u0131","datePublished":"2025-02-21T21:32:18+00:00","dateModified":"2025-02-21T21:33:02+00:00","mainEntityOfPage":{"@id":"https:\/\/avrupapress.com\/main\/2025\/02\/21\/tigad-cankiriya-cikarma-yapti\/"},"wordCount":1256,"publisher":{"@id":"https:\/\/avrupapress.com\/#\/schema\/person\/0223dca19c72c43575bf30d1a2d8f4fa"},"image":{"@id":"https:\/\/avrupapress.com\/main\/2025\/02\/21\/tigad-cankiriya-cikarma-yapti\/#primaryimage"},"thumbnailUrl":"https:\/\/avrupapress.com\/main\/wp-content\/uploads\/2025\/02\/67b8865a067a7-779x436-1.webp","articleSection":["Avrupa","Bel\u00e7ika","D\u00fcnya","Ekonomi","K\u00fclt\u00fcr-Sanat","Spor","Tan\u0131t\u0131m","T\u00fcrkiye","Uncategorized"],"inLanguage":"fr-BE"},{"@type":"WebPage","@id":"https:\/\/avrupapress.com\/main\/2025\/02\/21\/tigad-cankiriya-cikarma-yapti\/","url":"https:\/\/avrupapress.com\/main\/2025\/02\/21\/tigad-cankiriya-cikarma-yapti\/","name":"T\u0130GAD \u00c7ank\u0131r\u0131\u2019ya \u00c7\u0131karma Yapt\u0131 - AvrupaPress","isPartOf":{"@id":"https:\/\/avrupapress.com\/#website"},"primaryImageOfPage":{"@id":"https:\/\/avrupapress.com\/main\/2025\/02\/21\/tigad-cankiriya-cikarma-yapti\/#primaryimage"},"image":{"@id":"https:\/\/avrupapress.com\/main\/2025\/02\/21\/tigad-cankiriya-cikarma-yapti\/#primaryimage"},"thumbnailUrl":"https:\/\/avrupapress.com\/main\/wp-content\/uploads\/2025\/02\/67b8865a067a7-779x436-1.webp","datePublished":"2025-02-21T21:32:18+00:00","dateModified":"2025-02-21T21:33:02+00:00","breadcrumb":{"@id":"https:\/\/avrupapress.com\/main\/2025\/02\/21\/tigad-cankiriya-cikarma-yapti\/#breadcrumb"},"inLanguage":"fr-BE","potentialAction":[{"@type":"ReadAction","target":["https:\/\/avrupapress.com\/main\/2025\/02\/21\/tigad-cankiriya-cikarma-yapti\/"]}]},{"@type":"ImageObject","inLanguage":"fr-BE","@id":"https:\/\/avrupapress.com\/main\/2025\/02\/21\/tigad-cankiriya-cikarma-yapti\/#primaryimage","url":"https:\/\/avrupapress.com\/main\/wp-content\/uploads\/2025\/02\/67b8865a067a7-779x436-1.webp","contentUrl":"https:\/\/avrupapress.com\/main\/wp-content\/uploads\/2025\/02\/67b8865a067a7-779x436-1.webp","width":779,"height":436},{"@type":"BreadcrumbList","@id":"https:\/\/avrupapress.com\/main\/2025\/02\/21\/tigad-cankiriya-cikarma-yapti\/#breadcrumb","itemListElement":[{"@type":"ListItem","position":1,"name":"Anasayfa","item":"https:\/\/avrupapress.com\/"},{"@type":"ListItem","position":2,"name":"T\u0130GAD \u00c7ank\u0131r\u0131\u2019ya \u00c7\u0131karma Yapt\u0131"}]},{"@type":"WebSite","@id":"https:\/\/avrupapress.com\/#website","url":"https:\/\/avrupapress.com\/","name":"AvrupaPress","description":"Haberin Adresi","publisher":{"@id":"https:\/\/avrupapress.com\/#\/schema\/person\/0223dca19c72c43575bf30d1a2d8f4fa"},"potentialAction":[{"@type":"SearchAction","target":{"@type":"EntryPoint","urlTemplate":"https:\/\/avrupapress.com\/?s={search_term_string}"},"query-input":{"@type":"PropertyValueSpecification","valueRequired":true,"valueName":"search_term_string"}}],"inLanguage":"fr-BE"},{"@type":["Person","Organization"],"@id":"https:\/\/avrupapress.com\/#\/schema\/person\/0223dca19c72c43575bf30d1a2d8f4fa","name":"Bilgin \u00d6z\u00e7ift\u00e7i","image":{"@type":"ImageObject","inLanguage":"fr-BE","@id":"https:\/\/avrupapress.com\/#\/schema\/person\/image\/","url":"https:\/\/secure.gravatar.com\/avatar\/0f23b280433a21e1ea7a0adcc46ed0ad16afe3ad8e630fd13d8a017dcbd54ef3?s=96&d=mm&r=g","contentUrl":"https:\/\/secure.gravatar.com\/avatar\/0f23b280433a21e1ea7a0adcc46ed0ad16afe3ad8e630fd13d8a017dcbd54ef3?s=96&d=mm&r=g","caption":"Bilgin \u00d6z\u00e7ift\u00e7i"},"logo":{"@id":"https:\/\/avrupapress.com\/#\/schema\/person\/image\/"},"description":"Ne ben, nede sen... Biz ancak \"biz\" olursak g\u00fc\u00e7l\u00fc olabiliriz"},{"@type":"Person","@id":"https:\/\/avrupapress.com\/#\/schema\/person\/68428444ec60970d1e1b700cf4ca1e8f","name":"Edit\u00f6r","image":{"@type":"ImageObject","inLanguage":"fr-BE","@id":"https:\/\/avrupapress.com\/#\/schema\/person\/image\/","url":"https:\/\/secure.gravatar.com\/avatar\/74996b0977aa5f1559ba9883776652508b229005c0d78fb2597897f0bd651c09?s=96&d=mm&r=g","contentUrl":"https:\/\/secure.gravatar.com\/avatar\/74996b0977aa5f1559ba9883776652508b229005c0d78fb2597897f0bd651c09?s=96&d=mm&r=g","caption":"Edit\u00f6r"},"sameAs":["http:\/\/www.avrupapress.com"],"url":"https:\/\/avrupapress.com\/main\/author\/editor\/"}]}},"_links":{"self":[{"href":"https:\/\/avrupapress.com\/main\/wp-json\/wp\/v2\/posts\/28273","targetHints":{"allow":["GET"]}}],"collection":[{"href":"https:\/\/avrupapress.com\/main\/wp-json\/wp\/v2\/posts"}],"about":[{"href":"https:\/\/avrupapress.com\/main\/wp-json\/wp\/v2\/types\/post"}],"author":[{"embeddable":true,"href":"https:\/\/avrupapress.com\/main\/wp-json\/wp\/v2\/users\/3"}],"replies":[{"embeddable":true,"href":"https:\/\/avrupapress.com\/main\/wp-json\/wp\/v2\/comments?post=28273"}],"version-history":[{"count":1,"href":"https:\/\/avrupapress.com\/main\/wp-json\/wp\/v2\/posts\/28273\/revisions"}],"predecessor-version":[{"id":28275,"href":"https:\/\/avrupapress.com\/main\/wp-json\/wp\/v2\/posts\/28273\/revisions\/28275"}],"wp:featuredmedia":[{"embeddable":true,"href":"https:\/\/avrupapress.com\/main\/wp-json\/wp\/v2\/media\/28274"}],"wp:attachment":[{"href":"https:\/\/avrupapress.com\/main\/wp-json\/wp\/v2\/media?parent=28273"}],"wp:term":[{"taxonomy":"category","embeddable":true,"href":"https:\/\/avrupapress.com\/main\/wp-json\/wp\/v2\/categories?post=28273"},{"taxonomy":"post_tag","embeddable":true,"href":"https:\/\/avrupapress.com\/main\/wp-json\/wp\/v2\/tags?post=28273"}],"curies":[{"name":"wp","href":"https:\/\/api.w.org\/{rel}","templated":true}]}}