{"id":28266,"date":"2025-02-21T21:24:09","date_gmt":"2025-02-21T21:24:09","guid":{"rendered":"https:\/\/avrupapress.com\/main\/?p=28266"},"modified":"2025-02-21T21:24:17","modified_gmt":"2025-02-21T21:24:17","slug":"eskisehirde-vali-munir-raif-guney-ilkokulu-ogrencileri-ve-sinif-ogretmeni-voleybol-maci-izlemeye-gittiler","status":"publish","type":"post","link":"https:\/\/avrupapress.com\/main\/2025\/02\/21\/eskisehirde-vali-munir-raif-guney-ilkokulu-ogrencileri-ve-sinif-ogretmeni-voleybol-maci-izlemeye-gittiler\/","title":{"rendered":"Eski\u015fehir\u2019de Vali M\u00fcnir Raif G\u00fcney \u0130lkokulu \u00f6\u011frencileri ve s\u0131n\u0131f \u00f6\u011fretmeni voleybol ma\u00e7\u0131 izlemeye gittiler"},"content":{"rendered":"<div dir=\"auto\" data-olk-copy-source=\"MessageBody\"><strong>HABER \/ FOTO\u011eRAF: ERTU\u011eRUL ALTINEL \u2013 B\u0130LG\u0130N \u00d6Z\u00c7\u0130FT\u00c7\u0130 \u2013 AVRUPA PRESS- BEL\u00c7\u0130KA<\/strong><\/div>\n<div dir=\"auto\" data-olk-copy-source=\"MessageBody\"><\/div>\n<div dir=\"auto\">Eski\u015fehir\u2019de Vali M\u00fcnir Raif G\u00fcney \u0130lkokulu \u00f6\u011frencileri ve s\u0131n\u0131f \u00f6\u011fretmeni Elif \u0130lbars; \u00a0 Eski\u015fehir Yenikent \u015eehit An\u0131l G\u00fcl spor salonuna voleybol ma\u00e7\u0131 izlemeye gittiler.<\/div>\n<div dir=\"auto\">Eski\u015fehir\u2019de Vali M\u00fcnir Raif G\u00fcney \u0130lkokulu 2\/F s\u0131n\u0131f\u0131 \u00f6\u011frencileri; s\u0131n\u0131f \u00f6\u011fretmeni \u00f6\u011fretmen Elif \u0130lbars g\u00f6zetiminde, \u2018spor dallar\u0131n\u0131 \u00f6\u011frenmek i\u00e7in\u2019 Eski\u015fehir Yenikent \u015eehit An\u0131l G\u00fcl spor salonunda d\u00fczenlenen \u2018erkekler Voleybol 1.Lig y\u00fckselme ma\u00e7lar\u0131n\u0131\u2019 izlemek i\u00e7in gittiler. \u00d6\u011frenciler; ma\u00e7 sonucunda, Eski\u015fehir\u2019e misafir olarak gelen ve 1.Lig\u2019e y\u00fckselen Sungurlu Belediye Spor Sporcular\u0131 ile ve Sungurlu Belediye Ba\u015fkan\u0131 Muhsin Dere ile tan\u0131\u015ft\u0131lar.<\/div>\n<div dir=\"auto\">\u00d6\u011fretmen Elif \u0130lbars, \u2018\u2019Eski\u015fehir Yenikent \u015eehit An\u0131l G\u00fcl spor salonunda d\u00fczenlenen \u2018erkekler Voleybol 1.lig y\u00fckselme ma\u00e7lar\u0131na\u2019 \u00f6\u011frencilerimizi g\u00f6t\u00fcrd\u00fck. E\u011fitim ve \u00f6\u011fretimin sadece s\u0131n\u0131flarda de\u011fil, amac\u0131m\u0131z \u00f6\u011frencilerimize bu tip etkinlikler ile sosyal beceriler kazand\u0131rmakt\u0131r\u2019\u2019 dedi.<\/div>\n<div dir=\"auto\"><\/div>\n<div dir=\"auto\"><img loading=\"lazy\" decoding=\"async\" class=\"alignnone size-medium wp-image-28267\" src=\"https:\/\/avrupapress.com\/main\/wp-content\/uploads\/2025\/02\/thumbnail_IMG-20250219-WA0030-300x219.jpg\" alt=\"\" width=\"300\" height=\"219\" srcset=\"https:\/\/avrupapress.com\/main\/wp-content\/uploads\/2025\/02\/thumbnail_IMG-20250219-WA0030-300x219.jpg 300w, https:\/\/avrupapress.com\/main\/wp-content\/uploads\/2025\/02\/thumbnail_IMG-20250219-WA0030.jpg 741w\" sizes=\"auto, (max-width: 300px) 100vw, 300px\" \/><\/div>\n<div dir=\"auto\"><img loading=\"lazy\" decoding=\"async\" class=\"alignnone size-medium wp-image-28268\" src=\"https:\/\/avrupapress.com\/main\/wp-content\/uploads\/2025\/02\/IMG-20250219-WA0031-300x169.jpg\" alt=\"\" width=\"300\" height=\"169\" srcset=\"https:\/\/avrupapress.com\/main\/wp-content\/uploads\/2025\/02\/IMG-20250219-WA0031-300x169.jpg 300w, https:\/\/avrupapress.com\/main\/wp-content\/uploads\/2025\/02\/IMG-20250219-WA0031-1024x576.jpg 1024w, https:\/\/avrupapress.com\/main\/wp-content\/uploads\/2025\/02\/IMG-20250219-WA0031-768x432.jpg 768w, https:\/\/avrupapress.com\/main\/wp-content\/uploads\/2025\/02\/IMG-20250219-WA0031-1536x864.jpg 1536w, https:\/\/avrupapress.com\/main\/wp-content\/uploads\/2025\/02\/IMG-20250219-WA0031-740x420.jpg 740w, https:\/\/avrupapress.com\/main\/wp-content\/uploads\/2025\/02\/IMG-20250219-WA0031.jpg 1600w\" sizes=\"auto, (max-width: 300px) 100vw, 300px\" \/><\/div>\n<div dir=\"auto\"><img loading=\"lazy\" decoding=\"async\" class=\"alignnone size-medium wp-image-28269\" src=\"https:\/\/avrupapress.com\/main\/wp-content\/uploads\/2025\/02\/thumbnail_IMG-20250219-WA0034-227x300.jpg\" alt=\"\" width=\"227\" height=\"300\" srcset=\"https:\/\/avrupapress.com\/main\/wp-content\/uploads\/2025\/02\/thumbnail_IMG-20250219-WA0034-227x300.jpg 227w, https:\/\/avrupapress.com\/main\/wp-content\/uploads\/2025\/02\/thumbnail_IMG-20250219-WA0034-774x1024.jpg 774w, https:\/\/avrupapress.com\/main\/wp-content\/uploads\/2025\/02\/thumbnail_IMG-20250219-WA0034-768x1016.jpg 768w, https:\/\/avrupapress.com\/main\/wp-content\/uploads\/2025\/02\/thumbnail_IMG-20250219-WA0034-1161x1536.jpg 1161w, https:\/\/avrupapress.com\/main\/wp-content\/uploads\/2025\/02\/thumbnail_IMG-20250219-WA0034.jpg 1209w\" sizes=\"auto, (max-width: 227px) 100vw, 227px\" \/><\/div>\n<div dir=\"auto\"><img loading=\"lazy\" decoding=\"async\" class=\"alignnone size-medium wp-image-28270\" src=\"https:\/\/avrupapress.com\/main\/wp-content\/uploads\/2025\/02\/thumbnail_IMG-20250219-WA0029-300x225.jpg\" alt=\"\" width=\"300\" height=\"225\" srcset=\"https:\/\/avrupapress.com\/main\/wp-content\/uploads\/2025\/02\/thumbnail_IMG-20250219-WA0029-300x225.jpg 300w, https:\/\/avrupapress.com\/main\/wp-content\/uploads\/2025\/02\/thumbnail_IMG-20250219-WA0029-1024x768.jpg 1024w, https:\/\/avrupapress.com\/main\/wp-content\/uploads\/2025\/02\/thumbnail_IMG-20250219-WA0029-768x576.jpg 768w, https:\/\/avrupapress.com\/main\/wp-content\/uploads\/2025\/02\/thumbnail_IMG-20250219-WA0029-1536x1152.jpg 1536w, https:\/\/avrupapress.com\/main\/wp-content\/uploads\/2025\/02\/thumbnail_IMG-20250219-WA0029.jpg 1600w\" sizes=\"auto, (max-width: 300px) 100vw, 300px\" \/><\/div>\n<div dir=\"auto\"><img loading=\"lazy\" decoding=\"async\" class=\"alignnone size-medium wp-image-28271\" src=\"https:\/\/avrupapress.com\/main\/wp-content\/uploads\/2025\/02\/thumbnail_IMG-20250219-WA0032-300x225.jpg\" alt=\"\" width=\"300\" height=\"225\" srcset=\"https:\/\/avrupapress.com\/main\/wp-content\/uploads\/2025\/02\/thumbnail_IMG-20250219-WA0032-300x225.jpg 300w, https:\/\/avrupapress.com\/main\/wp-content\/uploads\/2025\/02\/thumbnail_IMG-20250219-WA0032-1024x768.jpg 1024w, https:\/\/avrupapress.com\/main\/wp-content\/uploads\/2025\/02\/thumbnail_IMG-20250219-WA0032-768x576.jpg 768w, https:\/\/avrupapress.com\/main\/wp-content\/uploads\/2025\/02\/thumbnail_IMG-20250219-WA0032-1536x1152.jpg 1536w, https:\/\/avrupapress.com\/main\/wp-content\/uploads\/2025\/02\/thumbnail_IMG-20250219-WA0032.jpg 1600w\" sizes=\"auto, (max-width: 300px) 100vw, 300px\" \/><\/div>\n<p><strong>HABER \/ FOTO\u011eRAF: ERTU\u011eRUL ALTINEL \u2013 B\u0130LG\u0130N \u00d6Z\u00c7\u0130FT\u00c7\u0130 \u2013 AVRUPA PRESS- BEL\u00c7\u0130KA<\/strong><\/p>\n","protected":false},"excerpt":{"rendered":"<p>HABER \/ FOTO\u011eRAF: ERTU\u011eRUL ALTINEL \u2013 B\u0130LG\u0130N \u00d6Z\u00c7\u0130FT\u00c7\u0130 \u2013 AVRUPA PRESS- BEL\u00c7\u0130KA Eski\u015fehir\u2019de Vali M\u00fcnir Raif G\u00fcney \u0130lkokulu \u00f6\u011frencileri ve s\u0131n\u0131f \u00f6\u011fretmeni Elif \u0130lbars; \u00a0 Eski\u015fehir Yenikent \u015eehit An\u0131l G\u00fcl spor salonuna voleybol ma\u00e7\u0131 izlemeye gittiler. Eski\u015fehir\u2019de Vali M\u00fcnir Raif G\u00fcney \u0130lkokulu 2\/F s\u0131n\u0131f\u0131 \u00f6\u011frencileri; s\u0131n\u0131f \u00f6\u011fretmeni \u00f6\u011fretmen Elif \u0130lbars g\u00f6zetiminde, \u2018spor dallar\u0131n\u0131 \u00f6\u011frenmek i\u00e7in\u2019 [&hellip;]<\/p>\n","protected":false},"author":3,"featured_media":28267,"comment_status":"closed","ping_status":"open","sticky":false,"template":"","format":"standard","meta":{"footnotes":""},"categories":[14,16,3,17,18,15,19,2,1],"tags":[],"class_list":["post-28266","post","type-post","status-publish","format-standard","has-post-thumbnail","hentry","category-avrupa","category-belcika","category-dunya","category-ekonomi","category-kultur-sanat","category-spor","category-tanitim","category-turkiye","category-uncategorized"],"yoast_head":"<!-- This site is optimized with the Yoast SEO plugin v26.9 - https:\/\/yoast.com\/product\/yoast-seo-wordpress\/ -->\n<title>Eski\u015fehir\u2019de Vali M\u00fcnir Raif G\u00fcney \u0130lkokulu \u00f6\u011frencileri ve s\u0131n\u0131f \u00f6\u011fretmeni voleybol ma\u00e7\u0131 izlemeye gittiler - AvrupaPress<\/title>\n<meta name=\"robots\" content=\"index, follow, max-snippet:-1, max-image-preview:large, max-video-preview:-1\" \/>\n<link rel=\"canonical\" href=\"https:\/\/avrupapress.com\/main\/2025\/02\/21\/eskisehirde-vali-munir-raif-guney-ilkokulu-ogrencileri-ve-sinif-ogretmeni-voleybol-maci-izlemeye-gittiler\/\" \/>\n<meta property=\"og:locale\" content=\"fr_FR\" \/>\n<meta property=\"og:type\" content=\"article\" \/>\n<meta property=\"og:title\" content=\"Eski\u015fehir\u2019de Vali M\u00fcnir Raif G\u00fcney \u0130lkokulu \u00f6\u011frencileri ve s\u0131n\u0131f \u00f6\u011fretmeni voleybol ma\u00e7\u0131 izlemeye gittiler - AvrupaPress\" \/>\n<meta property=\"og:description\" content=\"HABER \/ FOTO\u011eRAF: ERTU\u011eRUL ALTINEL \u2013 B\u0130LG\u0130N \u00d6Z\u00c7\u0130FT\u00c7\u0130 \u2013 AVRUPA PRESS- BEL\u00c7\u0130KA Eski\u015fehir\u2019de Vali M\u00fcnir Raif G\u00fcney \u0130lkokulu \u00f6\u011frencileri ve s\u0131n\u0131f \u00f6\u011fretmeni Elif \u0130lbars; \u00a0 Eski\u015fehir Yenikent \u015eehit An\u0131l G\u00fcl spor salonuna voleybol ma\u00e7\u0131 izlemeye gittiler. Eski\u015fehir\u2019de Vali M\u00fcnir Raif G\u00fcney \u0130lkokulu 2\/F s\u0131n\u0131f\u0131 \u00f6\u011frencileri; s\u0131n\u0131f \u00f6\u011fretmeni \u00f6\u011fretmen Elif \u0130lbars g\u00f6zetiminde, \u2018spor dallar\u0131n\u0131 \u00f6\u011frenmek i\u00e7in\u2019 [&hellip;]\" \/>\n<meta property=\"og:url\" content=\"https:\/\/avrupapress.com\/main\/2025\/02\/21\/eskisehirde-vali-munir-raif-guney-ilkokulu-ogrencileri-ve-sinif-ogretmeni-voleybol-maci-izlemeye-gittiler\/\" \/>\n<meta property=\"og:site_name\" content=\"AvrupaPress\" \/>\n<meta property=\"article:published_time\" content=\"2025-02-21T21:24:09+00:00\" \/>\n<meta property=\"article:modified_time\" content=\"2025-02-21T21:24:17+00:00\" \/>\n<meta property=\"og:image\" content=\"https:\/\/avrupapress.com\/main\/wp-content\/uploads\/2025\/02\/thumbnail_IMG-20250219-WA0030.jpg\" \/>\n\t<meta property=\"og:image:width\" content=\"741\" \/>\n\t<meta property=\"og:image:height\" content=\"540\" \/>\n\t<meta property=\"og:image:type\" content=\"image\/jpeg\" \/>\n<meta name=\"author\" content=\"Edit\u00f6r\" \/>\n<meta name=\"twitter:card\" content=\"summary_large_image\" \/>\n<meta name=\"twitter:label1\" content=\"\u00c9crit par\" \/>\n\t<meta name=\"twitter:data1\" content=\"Edit\u00f6r\" \/>\n\t<meta name=\"twitter:label2\" content=\"Dur\u00e9e de lecture est.\" \/>\n\t<meta name=\"twitter:data2\" content=\"2 minutes\" \/>\n<script type=\"application\/ld+json\" class=\"yoast-schema-graph\">{\"@context\":\"https:\/\/schema.org\",\"@graph\":[{\"@type\":\"Article\",\"@id\":\"https:\/\/avrupapress.com\/main\/2025\/02\/21\/eskisehirde-vali-munir-raif-guney-ilkokulu-ogrencileri-ve-sinif-ogretmeni-voleybol-maci-izlemeye-gittiler\/#article\",\"isPartOf\":{\"@id\":\"https:\/\/avrupapress.com\/main\/2025\/02\/21\/eskisehirde-vali-munir-raif-guney-ilkokulu-ogrencileri-ve-sinif-ogretmeni-voleybol-maci-izlemeye-gittiler\/\"},\"author\":{\"name\":\"Edit\u00f6r\",\"@id\":\"https:\/\/avrupapress.com\/#\/schema\/person\/68428444ec60970d1e1b700cf4ca1e8f\"},\"headline\":\"Eski\u015fehir\u2019de Vali M\u00fcnir Raif G\u00fcney \u0130lkokulu \u00f6\u011frencileri ve s\u0131n\u0131f \u00f6\u011fretmeni voleybol ma\u00e7\u0131 izlemeye gittiler\",\"datePublished\":\"2025-02-21T21:24:09+00:00\",\"dateModified\":\"2025-02-21T21:24:17+00:00\",\"mainEntityOfPage\":{\"@id\":\"https:\/\/avrupapress.com\/main\/2025\/02\/21\/eskisehirde-vali-munir-raif-guney-ilkokulu-ogrencileri-ve-sinif-ogretmeni-voleybol-maci-izlemeye-gittiler\/\"},\"wordCount\":218,\"publisher\":{\"@id\":\"https:\/\/avrupapress.com\/#\/schema\/person\/0223dca19c72c43575bf30d1a2d8f4fa\"},\"image\":{\"@id\":\"https:\/\/avrupapress.com\/main\/2025\/02\/21\/eskisehirde-vali-munir-raif-guney-ilkokulu-ogrencileri-ve-sinif-ogretmeni-voleybol-maci-izlemeye-gittiler\/#primaryimage\"},\"thumbnailUrl\":\"https:\/\/avrupapress.com\/main\/wp-content\/uploads\/2025\/02\/thumbnail_IMG-20250219-WA0030.jpg\",\"articleSection\":[\"Avrupa\",\"Bel\u00e7ika\",\"D\u00fcnya\",\"Ekonomi\",\"K\u00fclt\u00fcr-Sanat\",\"Spor\",\"Tan\u0131t\u0131m\",\"T\u00fcrkiye\",\"Uncategorized\"],\"inLanguage\":\"fr-BE\"},{\"@type\":\"WebPage\",\"@id\":\"https:\/\/avrupapress.com\/main\/2025\/02\/21\/eskisehirde-vali-munir-raif-guney-ilkokulu-ogrencileri-ve-sinif-ogretmeni-voleybol-maci-izlemeye-gittiler\/\",\"url\":\"https:\/\/avrupapress.com\/main\/2025\/02\/21\/eskisehirde-vali-munir-raif-guney-ilkokulu-ogrencileri-ve-sinif-ogretmeni-voleybol-maci-izlemeye-gittiler\/\",\"name\":\"Eski\u015fehir\u2019de Vali M\u00fcnir Raif G\u00fcney \u0130lkokulu \u00f6\u011frencileri ve s\u0131n\u0131f \u00f6\u011fretmeni voleybol ma\u00e7\u0131 izlemeye gittiler - AvrupaPress\",\"isPartOf\":{\"@id\":\"https:\/\/avrupapress.com\/#website\"},\"primaryImageOfPage\":{\"@id\":\"https:\/\/avrupapress.com\/main\/2025\/02\/21\/eskisehirde-vali-munir-raif-guney-ilkokulu-ogrencileri-ve-sinif-ogretmeni-voleybol-maci-izlemeye-gittiler\/#primaryimage\"},\"image\":{\"@id\":\"https:\/\/avrupapress.com\/main\/2025\/02\/21\/eskisehirde-vali-munir-raif-guney-ilkokulu-ogrencileri-ve-sinif-ogretmeni-voleybol-maci-izlemeye-gittiler\/#primaryimage\"},\"thumbnailUrl\":\"https:\/\/avrupapress.com\/main\/wp-content\/uploads\/2025\/02\/thumbnail_IMG-20250219-WA0030.jpg\",\"datePublished\":\"2025-02-21T21:24:09+00:00\",\"dateModified\":\"2025-02-21T21:24:17+00:00\",\"breadcrumb\":{\"@id\":\"https:\/\/avrupapress.com\/main\/2025\/02\/21\/eskisehirde-vali-munir-raif-guney-ilkokulu-ogrencileri-ve-sinif-ogretmeni-voleybol-maci-izlemeye-gittiler\/#breadcrumb\"},\"inLanguage\":\"fr-BE\",\"potentialAction\":[{\"@type\":\"ReadAction\",\"target\":[\"https:\/\/avrupapress.com\/main\/2025\/02\/21\/eskisehirde-vali-munir-raif-guney-ilkokulu-ogrencileri-ve-sinif-ogretmeni-voleybol-maci-izlemeye-gittiler\/\"]}]},{\"@type\":\"ImageObject\",\"inLanguage\":\"fr-BE\",\"@id\":\"https:\/\/avrupapress.com\/main\/2025\/02\/21\/eskisehirde-vali-munir-raif-guney-ilkokulu-ogrencileri-ve-sinif-ogretmeni-voleybol-maci-izlemeye-gittiler\/#primaryimage\",\"url\":\"https:\/\/avrupapress.com\/main\/wp-content\/uploads\/2025\/02\/thumbnail_IMG-20250219-WA0030.jpg\",\"contentUrl\":\"https:\/\/avrupapress.com\/main\/wp-content\/uploads\/2025\/02\/thumbnail_IMG-20250219-WA0030.jpg\",\"width\":741,\"height\":540},{\"@type\":\"BreadcrumbList\",\"@id\":\"https:\/\/avrupapress.com\/main\/2025\/02\/21\/eskisehirde-vali-munir-raif-guney-ilkokulu-ogrencileri-ve-sinif-ogretmeni-voleybol-maci-izlemeye-gittiler\/#breadcrumb\",\"itemListElement\":[{\"@type\":\"ListItem\",\"position\":1,\"name\":\"Anasayfa\",\"item\":\"https:\/\/avrupapress.com\/\"},{\"@type\":\"ListItem\",\"position\":2,\"name\":\"Eski\u015fehir\u2019de Vali M\u00fcnir Raif G\u00fcney \u0130lkokulu \u00f6\u011frencileri ve s\u0131n\u0131f \u00f6\u011fretmeni voleybol ma\u00e7\u0131 izlemeye gittiler\"}]},{\"@type\":\"WebSite\",\"@id\":\"https:\/\/avrupapress.com\/#website\",\"url\":\"https:\/\/avrupapress.com\/\",\"name\":\"AvrupaPress\",\"description\":\"Haberin Adresi\",\"publisher\":{\"@id\":\"https:\/\/avrupapress.com\/#\/schema\/person\/0223dca19c72c43575bf30d1a2d8f4fa\"},\"potentialAction\":[{\"@type\":\"SearchAction\",\"target\":{\"@type\":\"EntryPoint\",\"urlTemplate\":\"https:\/\/avrupapress.com\/?s={search_term_string}\"},\"query-input\":{\"@type\":\"PropertyValueSpecification\",\"valueRequired\":true,\"valueName\":\"search_term_string\"}}],\"inLanguage\":\"fr-BE\"},{\"@type\":[\"Person\",\"Organization\"],\"@id\":\"https:\/\/avrupapress.com\/#\/schema\/person\/0223dca19c72c43575bf30d1a2d8f4fa\",\"name\":\"Bilgin \u00d6z\u00e7ift\u00e7i\",\"image\":{\"@type\":\"ImageObject\",\"inLanguage\":\"fr-BE\",\"@id\":\"https:\/\/avrupapress.com\/#\/schema\/person\/image\/\",\"url\":\"https:\/\/secure.gravatar.com\/avatar\/0f23b280433a21e1ea7a0adcc46ed0ad16afe3ad8e630fd13d8a017dcbd54ef3?s=96&d=mm&r=g\",\"contentUrl\":\"https:\/\/secure.gravatar.com\/avatar\/0f23b280433a21e1ea7a0adcc46ed0ad16afe3ad8e630fd13d8a017dcbd54ef3?s=96&d=mm&r=g\",\"caption\":\"Bilgin \u00d6z\u00e7ift\u00e7i\"},\"logo\":{\"@id\":\"https:\/\/avrupapress.com\/#\/schema\/person\/image\/\"},\"description\":\"Ne ben, nede sen... Biz ancak \\\"biz\\\" olursak g\u00fc\u00e7l\u00fc olabiliriz\"},{\"@type\":\"Person\",\"@id\":\"https:\/\/avrupapress.com\/#\/schema\/person\/68428444ec60970d1e1b700cf4ca1e8f\",\"name\":\"Edit\u00f6r\",\"image\":{\"@type\":\"ImageObject\",\"inLanguage\":\"fr-BE\",\"@id\":\"https:\/\/avrupapress.com\/#\/schema\/person\/image\/\",\"url\":\"https:\/\/secure.gravatar.com\/avatar\/74996b0977aa5f1559ba9883776652508b229005c0d78fb2597897f0bd651c09?s=96&d=mm&r=g\",\"contentUrl\":\"https:\/\/secure.gravatar.com\/avatar\/74996b0977aa5f1559ba9883776652508b229005c0d78fb2597897f0bd651c09?s=96&d=mm&r=g\",\"caption\":\"Edit\u00f6r\"},\"sameAs\":[\"http:\/\/www.avrupapress.com\"],\"url\":\"https:\/\/avrupapress.com\/main\/author\/editor\/\"}]}<\/script>\n<!-- \/ Yoast SEO plugin. -->","yoast_head_json":{"title":"Eski\u015fehir\u2019de Vali M\u00fcnir Raif G\u00fcney \u0130lkokulu \u00f6\u011frencileri ve s\u0131n\u0131f \u00f6\u011fretmeni voleybol ma\u00e7\u0131 izlemeye gittiler - AvrupaPress","robots":{"index":"index","follow":"follow","max-snippet":"max-snippet:-1","max-image-preview":"max-image-preview:large","max-video-preview":"max-video-preview:-1"},"canonical":"https:\/\/avrupapress.com\/main\/2025\/02\/21\/eskisehirde-vali-munir-raif-guney-ilkokulu-ogrencileri-ve-sinif-ogretmeni-voleybol-maci-izlemeye-gittiler\/","og_locale":"fr_FR","og_type":"article","og_title":"Eski\u015fehir\u2019de Vali M\u00fcnir Raif G\u00fcney \u0130lkokulu \u00f6\u011frencileri ve s\u0131n\u0131f \u00f6\u011fretmeni voleybol ma\u00e7\u0131 izlemeye gittiler - AvrupaPress","og_description":"HABER \/ FOTO\u011eRAF: ERTU\u011eRUL ALTINEL \u2013 B\u0130LG\u0130N \u00d6Z\u00c7\u0130FT\u00c7\u0130 \u2013 AVRUPA PRESS- BEL\u00c7\u0130KA Eski\u015fehir\u2019de Vali M\u00fcnir Raif G\u00fcney \u0130lkokulu \u00f6\u011frencileri ve s\u0131n\u0131f \u00f6\u011fretmeni Elif \u0130lbars; \u00a0 Eski\u015fehir Yenikent \u015eehit An\u0131l G\u00fcl spor salonuna voleybol ma\u00e7\u0131 izlemeye gittiler. Eski\u015fehir\u2019de Vali M\u00fcnir Raif G\u00fcney \u0130lkokulu 2\/F s\u0131n\u0131f\u0131 \u00f6\u011frencileri; s\u0131n\u0131f \u00f6\u011fretmeni \u00f6\u011fretmen Elif \u0130lbars g\u00f6zetiminde, \u2018spor dallar\u0131n\u0131 \u00f6\u011frenmek i\u00e7in\u2019 [&hellip;]","og_url":"https:\/\/avrupapress.com\/main\/2025\/02\/21\/eskisehirde-vali-munir-raif-guney-ilkokulu-ogrencileri-ve-sinif-ogretmeni-voleybol-maci-izlemeye-gittiler\/","og_site_name":"AvrupaPress","article_published_time":"2025-02-21T21:24:09+00:00","article_modified_time":"2025-02-21T21:24:17+00:00","og_image":[{"width":741,"height":540,"url":"https:\/\/avrupapress.com\/main\/wp-content\/uploads\/2025\/02\/thumbnail_IMG-20250219-WA0030.jpg","type":"image\/jpeg"}],"author":"Edit\u00f6r","twitter_card":"summary_large_image","twitter_misc":{"\u00c9crit par":"Edit\u00f6r","Dur\u00e9e de lecture est.":"2 minutes"},"schema":{"@context":"https:\/\/schema.org","@graph":[{"@type":"Article","@id":"https:\/\/avrupapress.com\/main\/2025\/02\/21\/eskisehirde-vali-munir-raif-guney-ilkokulu-ogrencileri-ve-sinif-ogretmeni-voleybol-maci-izlemeye-gittiler\/#article","isPartOf":{"@id":"https:\/\/avrupapress.com\/main\/2025\/02\/21\/eskisehirde-vali-munir-raif-guney-ilkokulu-ogrencileri-ve-sinif-ogretmeni-voleybol-maci-izlemeye-gittiler\/"},"author":{"name":"Edit\u00f6r","@id":"https:\/\/avrupapress.com\/#\/schema\/person\/68428444ec60970d1e1b700cf4ca1e8f"},"headline":"Eski\u015fehir\u2019de Vali M\u00fcnir Raif G\u00fcney \u0130lkokulu \u00f6\u011frencileri ve s\u0131n\u0131f \u00f6\u011fretmeni voleybol ma\u00e7\u0131 izlemeye gittiler","datePublished":"2025-02-21T21:24:09+00:00","dateModified":"2025-02-21T21:24:17+00:00","mainEntityOfPage":{"@id":"https:\/\/avrupapress.com\/main\/2025\/02\/21\/eskisehirde-vali-munir-raif-guney-ilkokulu-ogrencileri-ve-sinif-ogretmeni-voleybol-maci-izlemeye-gittiler\/"},"wordCount":218,"publisher":{"@id":"https:\/\/avrupapress.com\/#\/schema\/person\/0223dca19c72c43575bf30d1a2d8f4fa"},"image":{"@id":"https:\/\/avrupapress.com\/main\/2025\/02\/21\/eskisehirde-vali-munir-raif-guney-ilkokulu-ogrencileri-ve-sinif-ogretmeni-voleybol-maci-izlemeye-gittiler\/#primaryimage"},"thumbnailUrl":"https:\/\/avrupapress.com\/main\/wp-content\/uploads\/2025\/02\/thumbnail_IMG-20250219-WA0030.jpg","articleSection":["Avrupa","Bel\u00e7ika","D\u00fcnya","Ekonomi","K\u00fclt\u00fcr-Sanat","Spor","Tan\u0131t\u0131m","T\u00fcrkiye","Uncategorized"],"inLanguage":"fr-BE"},{"@type":"WebPage","@id":"https:\/\/avrupapress.com\/main\/2025\/02\/21\/eskisehirde-vali-munir-raif-guney-ilkokulu-ogrencileri-ve-sinif-ogretmeni-voleybol-maci-izlemeye-gittiler\/","url":"https:\/\/avrupapress.com\/main\/2025\/02\/21\/eskisehirde-vali-munir-raif-guney-ilkokulu-ogrencileri-ve-sinif-ogretmeni-voleybol-maci-izlemeye-gittiler\/","name":"Eski\u015fehir\u2019de Vali M\u00fcnir Raif G\u00fcney \u0130lkokulu \u00f6\u011frencileri ve s\u0131n\u0131f \u00f6\u011fretmeni voleybol ma\u00e7\u0131 izlemeye gittiler - AvrupaPress","isPartOf":{"@id":"https:\/\/avrupapress.com\/#website"},"primaryImageOfPage":{"@id":"https:\/\/avrupapress.com\/main\/2025\/02\/21\/eskisehirde-vali-munir-raif-guney-ilkokulu-ogrencileri-ve-sinif-ogretmeni-voleybol-maci-izlemeye-gittiler\/#primaryimage"},"image":{"@id":"https:\/\/avrupapress.com\/main\/2025\/02\/21\/eskisehirde-vali-munir-raif-guney-ilkokulu-ogrencileri-ve-sinif-ogretmeni-voleybol-maci-izlemeye-gittiler\/#primaryimage"},"thumbnailUrl":"https:\/\/avrupapress.com\/main\/wp-content\/uploads\/2025\/02\/thumbnail_IMG-20250219-WA0030.jpg","datePublished":"2025-02-21T21:24:09+00:00","dateModified":"2025-02-21T21:24:17+00:00","breadcrumb":{"@id":"https:\/\/avrupapress.com\/main\/2025\/02\/21\/eskisehirde-vali-munir-raif-guney-ilkokulu-ogrencileri-ve-sinif-ogretmeni-voleybol-maci-izlemeye-gittiler\/#breadcrumb"},"inLanguage":"fr-BE","potentialAction":[{"@type":"ReadAction","target":["https:\/\/avrupapress.com\/main\/2025\/02\/21\/eskisehirde-vali-munir-raif-guney-ilkokulu-ogrencileri-ve-sinif-ogretmeni-voleybol-maci-izlemeye-gittiler\/"]}]},{"@type":"ImageObject","inLanguage":"fr-BE","@id":"https:\/\/avrupapress.com\/main\/2025\/02\/21\/eskisehirde-vali-munir-raif-guney-ilkokulu-ogrencileri-ve-sinif-ogretmeni-voleybol-maci-izlemeye-gittiler\/#primaryimage","url":"https:\/\/avrupapress.com\/main\/wp-content\/uploads\/2025\/02\/thumbnail_IMG-20250219-WA0030.jpg","contentUrl":"https:\/\/avrupapress.com\/main\/wp-content\/uploads\/2025\/02\/thumbnail_IMG-20250219-WA0030.jpg","width":741,"height":540},{"@type":"BreadcrumbList","@id":"https:\/\/avrupapress.com\/main\/2025\/02\/21\/eskisehirde-vali-munir-raif-guney-ilkokulu-ogrencileri-ve-sinif-ogretmeni-voleybol-maci-izlemeye-gittiler\/#breadcrumb","itemListElement":[{"@type":"ListItem","position":1,"name":"Anasayfa","item":"https:\/\/avrupapress.com\/"},{"@type":"ListItem","position":2,"name":"Eski\u015fehir\u2019de Vali M\u00fcnir Raif G\u00fcney \u0130lkokulu \u00f6\u011frencileri ve s\u0131n\u0131f \u00f6\u011fretmeni voleybol ma\u00e7\u0131 izlemeye gittiler"}]},{"@type":"WebSite","@id":"https:\/\/avrupapress.com\/#website","url":"https:\/\/avrupapress.com\/","name":"AvrupaPress","description":"Haberin Adresi","publisher":{"@id":"https:\/\/avrupapress.com\/#\/schema\/person\/0223dca19c72c43575bf30d1a2d8f4fa"},"potentialAction":[{"@type":"SearchAction","target":{"@type":"EntryPoint","urlTemplate":"https:\/\/avrupapress.com\/?s={search_term_string}"},"query-input":{"@type":"PropertyValueSpecification","valueRequired":true,"valueName":"search_term_string"}}],"inLanguage":"fr-BE"},{"@type":["Person","Organization"],"@id":"https:\/\/avrupapress.com\/#\/schema\/person\/0223dca19c72c43575bf30d1a2d8f4fa","name":"Bilgin \u00d6z\u00e7ift\u00e7i","image":{"@type":"ImageObject","inLanguage":"fr-BE","@id":"https:\/\/avrupapress.com\/#\/schema\/person\/image\/","url":"https:\/\/secure.gravatar.com\/avatar\/0f23b280433a21e1ea7a0adcc46ed0ad16afe3ad8e630fd13d8a017dcbd54ef3?s=96&d=mm&r=g","contentUrl":"https:\/\/secure.gravatar.com\/avatar\/0f23b280433a21e1ea7a0adcc46ed0ad16afe3ad8e630fd13d8a017dcbd54ef3?s=96&d=mm&r=g","caption":"Bilgin \u00d6z\u00e7ift\u00e7i"},"logo":{"@id":"https:\/\/avrupapress.com\/#\/schema\/person\/image\/"},"description":"Ne ben, nede sen... Biz ancak \"biz\" olursak g\u00fc\u00e7l\u00fc olabiliriz"},{"@type":"Person","@id":"https:\/\/avrupapress.com\/#\/schema\/person\/68428444ec60970d1e1b700cf4ca1e8f","name":"Edit\u00f6r","image":{"@type":"ImageObject","inLanguage":"fr-BE","@id":"https:\/\/avrupapress.com\/#\/schema\/person\/image\/","url":"https:\/\/secure.gravatar.com\/avatar\/74996b0977aa5f1559ba9883776652508b229005c0d78fb2597897f0bd651c09?s=96&d=mm&r=g","contentUrl":"https:\/\/secure.gravatar.com\/avatar\/74996b0977aa5f1559ba9883776652508b229005c0d78fb2597897f0bd651c09?s=96&d=mm&r=g","caption":"Edit\u00f6r"},"sameAs":["http:\/\/www.avrupapress.com"],"url":"https:\/\/avrupapress.com\/main\/author\/editor\/"}]}},"_links":{"self":[{"href":"https:\/\/avrupapress.com\/main\/wp-json\/wp\/v2\/posts\/28266","targetHints":{"allow":["GET"]}}],"collection":[{"href":"https:\/\/avrupapress.com\/main\/wp-json\/wp\/v2\/posts"}],"about":[{"href":"https:\/\/avrupapress.com\/main\/wp-json\/wp\/v2\/types\/post"}],"author":[{"embeddable":true,"href":"https:\/\/avrupapress.com\/main\/wp-json\/wp\/v2\/users\/3"}],"replies":[{"embeddable":true,"href":"https:\/\/avrupapress.com\/main\/wp-json\/wp\/v2\/comments?post=28266"}],"version-history":[{"count":1,"href":"https:\/\/avrupapress.com\/main\/wp-json\/wp\/v2\/posts\/28266\/revisions"}],"predecessor-version":[{"id":28272,"href":"https:\/\/avrupapress.com\/main\/wp-json\/wp\/v2\/posts\/28266\/revisions\/28272"}],"wp:featuredmedia":[{"embeddable":true,"href":"https:\/\/avrupapress.com\/main\/wp-json\/wp\/v2\/media\/28267"}],"wp:attachment":[{"href":"https:\/\/avrupapress.com\/main\/wp-json\/wp\/v2\/media?parent=28266"}],"wp:term":[{"taxonomy":"category","embeddable":true,"href":"https:\/\/avrupapress.com\/main\/wp-json\/wp\/v2\/categories?post=28266"},{"taxonomy":"post_tag","embeddable":true,"href":"https:\/\/avrupapress.com\/main\/wp-json\/wp\/v2\/tags?post=28266"}],"curies":[{"name":"wp","href":"https:\/\/api.w.org\/{rel}","templated":true}]}}