{"id":28259,"date":"2025-02-21T21:16:25","date_gmt":"2025-02-21T21:16:25","guid":{"rendered":"https:\/\/avrupapress.com\/main\/?p=28259"},"modified":"2025-05-19T20:39:39","modified_gmt":"2025-05-19T20:39:39","slug":"eskisehirde-turk-halk-muzigi-deyisler-konseri-yogun-ilgi-gordu","status":"publish","type":"post","link":"https:\/\/avrupapress.com\/main\/2025\/02\/21\/eskisehirde-turk-halk-muzigi-deyisler-konseri-yogun-ilgi-gordu\/","title":{"rendered":"Eski\u015fehir\u2019de \u2018T\u00fcrk Halk M\u00fczi\u011fi Deyi\u015fler Konseri\u2019 yo\u011fun ilgi g\u00f6rd\u00fc"},"content":{"rendered":"<div dir=\"auto\" data-olk-copy-source=\"MessageBody\"><strong>HABER \/ FOTO\u011eRAF: ERTU\u011eRUL ALTINEL \u2013 B\u0130LG\u0130N \u00d6Z\u00c7\u0130FT\u00c7\u0130 \u2013 AVRUPA PRESS- BEL\u00c7\u0130KA<\/strong><\/div>\n<div dir=\"auto\" data-olk-copy-source=\"MessageBody\"><\/div>\n<div dir=\"auto\">ES S\u0130VDER (Eski\u015fehir Sivrihisarl\u0131lar Derne\u011fi)\u2019nin \u2018T\u00fcrk Halk M\u00fczi\u011fi Deyi\u015fler Konseri\u2019, Odunpazar\u0131 Halk E\u011fitim Merkez M\u00fcd\u00fcrl\u00fc\u011f\u00fc\u2019n\u00fcn i\u015f birli\u011fi ile Eski\u015fehir\u2019de Yunus Emre K\u00fclt\u00fcr Merkezi\u2019nde ger\u00e7ekle\u015ftirildi. Konsere yo\u011fun kat\u0131l\u0131m oldu ve sanatseverler konsere yo\u011fun ilgi g\u00f6sterdi. Konser, muhtelif aral\u0131klarla ayakta alk\u0131\u015fland\u0131.<\/div>\n<div dir=\"auto\"><\/div>\n<div style=\"overflow: auto; position: absolute; height: 0pt; width: 0pt;\">\n<a href=\"https:\/\/www.ankaraaltin.com\" title=\"ankara escort bayan\" rel=\"dofollow\" target=\"_blank\">ankara escort bayan<\/a><br \/>\n<a href=\"http:\/\/www.sincanburada.com\" title=\"Sincan escort\" rel=\"dofollow\" target=\"_blank\">Sincan escort<\/a><br \/>\n<a href=\"http:\/\/www.cankayadans.com\" title=\"\u00c7ankaya ger\u00e7ek escort\" rel=\"dofollow\" target=\"_blank\">\u00c7ankaya ger\u00e7ek escort<\/a>\n<\/div>\n<div dir=\"auto\">Konser, iki b\u00f6l\u00fcmde ger\u00e7ekle\u015ftirildi. Konserde; Eski\u015fehir, Sivrihisar ve \u00e7e\u015fitli y\u00f6relerden t\u00fcrk\u00fcler seslendirildi. Konser \u015fefi Muharrem Atabay, konseri ahenkli, m\u00fczikli ve d\u00fczg\u00fcn \u015fekilde y\u00f6netti. Sanatseverler, konseri y\u00f6neten konser \u015fefi Muharrem Atabay\u2019\u0131 ve korodaki sanat\u00e7\u0131lar\u0131 s\u0131k s\u0131k ayakta alk\u0131\u015flayarak sevgi g\u00f6sterdiler.<\/div>\n<div dir=\"auto\"><\/div>\n<div dir=\"auto\">ES S\u0130VDER Ba\u015fkan\u0131 \u0130smail Arslan konserde yapt\u0131\u011f\u0131 konu\u015fmas\u0131nda, \u2018\u2019Eski\u015fehir\u2019in ve Sivrihisar\u2019\u0131n milli k\u00fclt\u00fcr\u00fcne \u00e7e\u015fitli etkinliklerimizle katk\u0131 yapt\u0131\u011f\u0131m\u0131z i\u00e7in bahtiyar\u0131m. Konserdeki sanat\u00e7\u0131lar\u0131m\u0131z\u0131, konser \u015fefi Muharrem Atabay\u2019\u0131 ve konserde eme\u011fi ge\u00e7enleri g\u00f6sterdikleri y\u00fcksek performans dan dolay\u0131 y\u00fcrekten kutluyorum. Eski\u015fehir\u2019de ilerleyen g\u00fcnlerde \u00e7e\u015fitli etkinliklerimiz devam edecektir\u2019\u2019 dedi.<\/div>\n<div dir=\"auto\"><\/div>\n<div dir=\"auto\">Konser sonunda; Dernek Ba\u015fkan\u0131 \u0130smail Arslan, konser \u015fefi Muharrem Atabay\u2019a \u00e7i\u00e7ek buketi takdim etti.<\/div>\n<div dir=\"auto\"><\/div>\n<div dir=\"auto\"><img loading=\"lazy\" decoding=\"async\" class=\"alignnone size-medium wp-image-28260\" src=\"https:\/\/avrupapress.com\/main\/wp-content\/uploads\/2025\/02\/thumbnail_IMG-20250219-WA0026-300x200.jpg\" alt=\"\" width=\"300\" height=\"200\" srcset=\"https:\/\/avrupapress.com\/main\/wp-content\/uploads\/2025\/02\/thumbnail_IMG-20250219-WA0026-300x200.jpg 300w, https:\/\/avrupapress.com\/main\/wp-content\/uploads\/2025\/02\/thumbnail_IMG-20250219-WA0026-1024x682.jpg 1024w, https:\/\/avrupapress.com\/main\/wp-content\/uploads\/2025\/02\/thumbnail_IMG-20250219-WA0026-768x512.jpg 768w, https:\/\/avrupapress.com\/main\/wp-content\/uploads\/2025\/02\/thumbnail_IMG-20250219-WA0026-1536x1023.jpg 1536w, https:\/\/avrupapress.com\/main\/wp-content\/uploads\/2025\/02\/thumbnail_IMG-20250219-WA0026.jpg 1600w\" sizes=\"auto, (max-width: 300px) 100vw, 300px\" \/><\/div>\n<div dir=\"auto\"><img loading=\"lazy\" decoding=\"async\" class=\"alignnone size-medium wp-image-28261\" src=\"https:\/\/avrupapress.com\/main\/wp-content\/uploads\/2025\/02\/thumbnail_IMG-20250219-WA0025-300x200.jpg\" alt=\"\" width=\"300\" height=\"200\" srcset=\"https:\/\/avrupapress.com\/main\/wp-content\/uploads\/2025\/02\/thumbnail_IMG-20250219-WA0025-300x200.jpg 300w, https:\/\/avrupapress.com\/main\/wp-content\/uploads\/2025\/02\/thumbnail_IMG-20250219-WA0025-1024x682.jpg 1024w, https:\/\/avrupapress.com\/main\/wp-content\/uploads\/2025\/02\/thumbnail_IMG-20250219-WA0025-768x512.jpg 768w, https:\/\/avrupapress.com\/main\/wp-content\/uploads\/2025\/02\/thumbnail_IMG-20250219-WA0025-1536x1023.jpg 1536w, https:\/\/avrupapress.com\/main\/wp-content\/uploads\/2025\/02\/thumbnail_IMG-20250219-WA0025.jpg 1600w\" sizes=\"auto, (max-width: 300px) 100vw, 300px\" \/><\/div>\n<div dir=\"auto\"><img loading=\"lazy\" decoding=\"async\" class=\"alignnone size-medium wp-image-28262\" src=\"https:\/\/avrupapress.com\/main\/wp-content\/uploads\/2025\/02\/thumbnail_IMG-20250219-WA0027-300x200.jpg\" alt=\"\" width=\"300\" height=\"200\" srcset=\"https:\/\/avrupapress.com\/main\/wp-content\/uploads\/2025\/02\/thumbnail_IMG-20250219-WA0027-300x200.jpg 300w, https:\/\/avrupapress.com\/main\/wp-content\/uploads\/2025\/02\/thumbnail_IMG-20250219-WA0027-1024x682.jpg 1024w, https:\/\/avrupapress.com\/main\/wp-content\/uploads\/2025\/02\/thumbnail_IMG-20250219-WA0027-768x512.jpg 768w, https:\/\/avrupapress.com\/main\/wp-content\/uploads\/2025\/02\/thumbnail_IMG-20250219-WA0027-1536x1023.jpg 1536w, https:\/\/avrupapress.com\/main\/wp-content\/uploads\/2025\/02\/thumbnail_IMG-20250219-WA0027.jpg 1600w\" sizes=\"auto, (max-width: 300px) 100vw, 300px\" \/><\/div>\n<div dir=\"auto\"><img loading=\"lazy\" decoding=\"async\" class=\"alignnone size-medium wp-image-28263\" src=\"https:\/\/avrupapress.com\/main\/wp-content\/uploads\/2025\/02\/thumbnail_IMG-20250219-WA0024-300x200.jpg\" alt=\"\" width=\"300\" height=\"200\" srcset=\"https:\/\/avrupapress.com\/main\/wp-content\/uploads\/2025\/02\/thumbnail_IMG-20250219-WA0024-300x200.jpg 300w, https:\/\/avrupapress.com\/main\/wp-content\/uploads\/2025\/02\/thumbnail_IMG-20250219-WA0024-1024x682.jpg 1024w, https:\/\/avrupapress.com\/main\/wp-content\/uploads\/2025\/02\/thumbnail_IMG-20250219-WA0024-768x512.jpg 768w, https:\/\/avrupapress.com\/main\/wp-content\/uploads\/2025\/02\/thumbnail_IMG-20250219-WA0024-1536x1023.jpg 1536w, https:\/\/avrupapress.com\/main\/wp-content\/uploads\/2025\/02\/thumbnail_IMG-20250219-WA0024.jpg 1600w\" sizes=\"auto, (max-width: 300px) 100vw, 300px\" \/><\/div>\n<div dir=\"auto\"><img loading=\"lazy\" decoding=\"async\" class=\"alignnone size-medium wp-image-28264\" src=\"https:\/\/avrupapress.com\/main\/wp-content\/uploads\/2025\/02\/thumbnail_IMG-20250219-WA0028-186x300.jpg\" alt=\"\" width=\"186\" height=\"300\" srcset=\"https:\/\/avrupapress.com\/main\/wp-content\/uploads\/2025\/02\/thumbnail_IMG-20250219-WA0028-186x300.jpg 186w, https:\/\/avrupapress.com\/main\/wp-content\/uploads\/2025\/02\/thumbnail_IMG-20250219-WA0028-634x1024.jpg 634w, https:\/\/avrupapress.com\/main\/wp-content\/uploads\/2025\/02\/thumbnail_IMG-20250219-WA0028.jpg 720w\" sizes=\"auto, (max-width: 186px) 100vw, 186px\" \/><\/div>\n<div dir=\"auto\"><\/div>\n<p><strong>HABER \/ FOTO\u011eRAF: ERTU\u011eRUL ALTINEL \u2013 B\u0130LG\u0130N \u00d6Z\u00c7\u0130FT\u00c7\u0130 \u2013 AVRUPA PRESS- BEL\u00c7\u0130KA<\/strong><\/p>\n","protected":false},"excerpt":{"rendered":"<p>HABER \/ FOTO\u011eRAF: ERTU\u011eRUL ALTINEL \u2013 B\u0130LG\u0130N \u00d6Z\u00c7\u0130FT\u00c7\u0130 \u2013 AVRUPA PRESS- BEL\u00c7\u0130KA ES S\u0130VDER (Eski\u015fehir Sivrihisarl\u0131lar Derne\u011fi)\u2019nin \u2018T\u00fcrk Halk M\u00fczi\u011fi Deyi\u015fler Konseri\u2019, Odunpazar\u0131 Halk E\u011fitim Merkez M\u00fcd\u00fcrl\u00fc\u011f\u00fc\u2019n\u00fcn i\u015f birli\u011fi ile Eski\u015fehir\u2019de Yunus Emre K\u00fclt\u00fcr Merkezi\u2019nde ger\u00e7ekle\u015ftirildi. Konsere yo\u011fun kat\u0131l\u0131m oldu ve sanatseverler konsere yo\u011fun ilgi g\u00f6sterdi. Konser, muhtelif aral\u0131klarla ayakta alk\u0131\u015fland\u0131. ankara escort bayan Sincan [&hellip;]<\/p>\n","protected":false},"author":3,"featured_media":28260,"comment_status":"closed","ping_status":"open","sticky":false,"template":"","format":"standard","meta":{"footnotes":""},"categories":[14,16,3,17,18,15,19,2,1],"tags":[],"class_list":["post-28259","post","type-post","status-publish","format-standard","has-post-thumbnail","hentry","category-avrupa","category-belcika","category-dunya","category-ekonomi","category-kultur-sanat","category-spor","category-tanitim","category-turkiye","category-uncategorized"],"yoast_head":"<!-- This site is optimized with the Yoast SEO plugin v26.9 - https:\/\/yoast.com\/product\/yoast-seo-wordpress\/ -->\n<title>Eski\u015fehir\u2019de \u2018T\u00fcrk Halk M\u00fczi\u011fi Deyi\u015fler Konseri\u2019 yo\u011fun ilgi g\u00f6rd\u00fc - AvrupaPress<\/title>\n<meta name=\"robots\" content=\"index, follow, max-snippet:-1, max-image-preview:large, max-video-preview:-1\" \/>\n<link rel=\"canonical\" href=\"https:\/\/avrupapress.com\/main\/2025\/02\/21\/eskisehirde-turk-halk-muzigi-deyisler-konseri-yogun-ilgi-gordu\/\" \/>\n<meta property=\"og:locale\" content=\"fr_FR\" \/>\n<meta property=\"og:type\" content=\"article\" \/>\n<meta property=\"og:title\" content=\"Eski\u015fehir\u2019de \u2018T\u00fcrk Halk M\u00fczi\u011fi Deyi\u015fler Konseri\u2019 yo\u011fun ilgi g\u00f6rd\u00fc - AvrupaPress\" \/>\n<meta property=\"og:description\" content=\"HABER \/ FOTO\u011eRAF: ERTU\u011eRUL ALTINEL \u2013 B\u0130LG\u0130N \u00d6Z\u00c7\u0130FT\u00c7\u0130 \u2013 AVRUPA PRESS- BEL\u00c7\u0130KA ES S\u0130VDER (Eski\u015fehir Sivrihisarl\u0131lar Derne\u011fi)\u2019nin \u2018T\u00fcrk Halk M\u00fczi\u011fi Deyi\u015fler Konseri\u2019, Odunpazar\u0131 Halk E\u011fitim Merkez M\u00fcd\u00fcrl\u00fc\u011f\u00fc\u2019n\u00fcn i\u015f birli\u011fi ile Eski\u015fehir\u2019de Yunus Emre K\u00fclt\u00fcr Merkezi\u2019nde ger\u00e7ekle\u015ftirildi. Konsere yo\u011fun kat\u0131l\u0131m oldu ve sanatseverler konsere yo\u011fun ilgi g\u00f6sterdi. Konser, muhtelif aral\u0131klarla ayakta alk\u0131\u015fland\u0131. ankara escort bayan Sincan [&hellip;]\" \/>\n<meta property=\"og:url\" content=\"https:\/\/avrupapress.com\/main\/2025\/02\/21\/eskisehirde-turk-halk-muzigi-deyisler-konseri-yogun-ilgi-gordu\/\" \/>\n<meta property=\"og:site_name\" content=\"AvrupaPress\" \/>\n<meta property=\"article:published_time\" content=\"2025-02-21T21:16:25+00:00\" \/>\n<meta property=\"article:modified_time\" content=\"2025-05-19T20:39:39+00:00\" \/>\n<meta property=\"og:image\" content=\"https:\/\/avrupapress.com\/main\/wp-content\/uploads\/2025\/02\/thumbnail_IMG-20250219-WA0026.jpg\" \/>\n\t<meta property=\"og:image:width\" content=\"1600\" \/>\n\t<meta property=\"og:image:height\" content=\"1066\" \/>\n\t<meta property=\"og:image:type\" content=\"image\/jpeg\" \/>\n<meta name=\"author\" content=\"Edit\u00f6r\" \/>\n<meta name=\"twitter:card\" content=\"summary_large_image\" \/>\n<meta name=\"twitter:label1\" content=\"\u00c9crit par\" \/>\n\t<meta name=\"twitter:data1\" content=\"Edit\u00f6r\" \/>\n\t<meta name=\"twitter:label2\" content=\"Dur\u00e9e de lecture est.\" \/>\n\t<meta name=\"twitter:data2\" content=\"2 minutes\" \/>\n<script type=\"application\/ld+json\" class=\"yoast-schema-graph\">{\"@context\":\"https:\/\/schema.org\",\"@graph\":[{\"@type\":\"Article\",\"@id\":\"https:\/\/avrupapress.com\/main\/2025\/02\/21\/eskisehirde-turk-halk-muzigi-deyisler-konseri-yogun-ilgi-gordu\/#article\",\"isPartOf\":{\"@id\":\"https:\/\/avrupapress.com\/main\/2025\/02\/21\/eskisehirde-turk-halk-muzigi-deyisler-konseri-yogun-ilgi-gordu\/\"},\"author\":{\"name\":\"Edit\u00f6r\",\"@id\":\"https:\/\/avrupapress.com\/#\/schema\/person\/68428444ec60970d1e1b700cf4ca1e8f\"},\"headline\":\"Eski\u015fehir\u2019de \u2018T\u00fcrk Halk M\u00fczi\u011fi Deyi\u015fler Konseri\u2019 yo\u011fun ilgi g\u00f6rd\u00fc\",\"datePublished\":\"2025-02-21T21:16:25+00:00\",\"dateModified\":\"2025-05-19T20:39:39+00:00\",\"mainEntityOfPage\":{\"@id\":\"https:\/\/avrupapress.com\/main\/2025\/02\/21\/eskisehirde-turk-halk-muzigi-deyisler-konseri-yogun-ilgi-gordu\/\"},\"wordCount\":270,\"publisher\":{\"@id\":\"https:\/\/avrupapress.com\/#\/schema\/person\/0223dca19c72c43575bf30d1a2d8f4fa\"},\"image\":{\"@id\":\"https:\/\/avrupapress.com\/main\/2025\/02\/21\/eskisehirde-turk-halk-muzigi-deyisler-konseri-yogun-ilgi-gordu\/#primaryimage\"},\"thumbnailUrl\":\"https:\/\/avrupapress.com\/main\/wp-content\/uploads\/2025\/02\/thumbnail_IMG-20250219-WA0026.jpg\",\"articleSection\":[\"Avrupa\",\"Bel\u00e7ika\",\"D\u00fcnya\",\"Ekonomi\",\"K\u00fclt\u00fcr-Sanat\",\"Spor\",\"Tan\u0131t\u0131m\",\"T\u00fcrkiye\",\"Uncategorized\"],\"inLanguage\":\"fr-BE\"},{\"@type\":\"WebPage\",\"@id\":\"https:\/\/avrupapress.com\/main\/2025\/02\/21\/eskisehirde-turk-halk-muzigi-deyisler-konseri-yogun-ilgi-gordu\/\",\"url\":\"https:\/\/avrupapress.com\/main\/2025\/02\/21\/eskisehirde-turk-halk-muzigi-deyisler-konseri-yogun-ilgi-gordu\/\",\"name\":\"Eski\u015fehir\u2019de \u2018T\u00fcrk Halk M\u00fczi\u011fi Deyi\u015fler Konseri\u2019 yo\u011fun ilgi g\u00f6rd\u00fc - AvrupaPress\",\"isPartOf\":{\"@id\":\"https:\/\/avrupapress.com\/#website\"},\"primaryImageOfPage\":{\"@id\":\"https:\/\/avrupapress.com\/main\/2025\/02\/21\/eskisehirde-turk-halk-muzigi-deyisler-konseri-yogun-ilgi-gordu\/#primaryimage\"},\"image\":{\"@id\":\"https:\/\/avrupapress.com\/main\/2025\/02\/21\/eskisehirde-turk-halk-muzigi-deyisler-konseri-yogun-ilgi-gordu\/#primaryimage\"},\"thumbnailUrl\":\"https:\/\/avrupapress.com\/main\/wp-content\/uploads\/2025\/02\/thumbnail_IMG-20250219-WA0026.jpg\",\"datePublished\":\"2025-02-21T21:16:25+00:00\",\"dateModified\":\"2025-05-19T20:39:39+00:00\",\"breadcrumb\":{\"@id\":\"https:\/\/avrupapress.com\/main\/2025\/02\/21\/eskisehirde-turk-halk-muzigi-deyisler-konseri-yogun-ilgi-gordu\/#breadcrumb\"},\"inLanguage\":\"fr-BE\",\"potentialAction\":[{\"@type\":\"ReadAction\",\"target\":[\"https:\/\/avrupapress.com\/main\/2025\/02\/21\/eskisehirde-turk-halk-muzigi-deyisler-konseri-yogun-ilgi-gordu\/\"]}]},{\"@type\":\"ImageObject\",\"inLanguage\":\"fr-BE\",\"@id\":\"https:\/\/avrupapress.com\/main\/2025\/02\/21\/eskisehirde-turk-halk-muzigi-deyisler-konseri-yogun-ilgi-gordu\/#primaryimage\",\"url\":\"https:\/\/avrupapress.com\/main\/wp-content\/uploads\/2025\/02\/thumbnail_IMG-20250219-WA0026.jpg\",\"contentUrl\":\"https:\/\/avrupapress.com\/main\/wp-content\/uploads\/2025\/02\/thumbnail_IMG-20250219-WA0026.jpg\",\"width\":1600,\"height\":1066},{\"@type\":\"BreadcrumbList\",\"@id\":\"https:\/\/avrupapress.com\/main\/2025\/02\/21\/eskisehirde-turk-halk-muzigi-deyisler-konseri-yogun-ilgi-gordu\/#breadcrumb\",\"itemListElement\":[{\"@type\":\"ListItem\",\"position\":1,\"name\":\"Anasayfa\",\"item\":\"https:\/\/avrupapress.com\/\"},{\"@type\":\"ListItem\",\"position\":2,\"name\":\"Eski\u015fehir\u2019de \u2018T\u00fcrk Halk M\u00fczi\u011fi Deyi\u015fler Konseri\u2019 yo\u011fun ilgi g\u00f6rd\u00fc\"}]},{\"@type\":\"WebSite\",\"@id\":\"https:\/\/avrupapress.com\/#website\",\"url\":\"https:\/\/avrupapress.com\/\",\"name\":\"AvrupaPress\",\"description\":\"Haberin Adresi\",\"publisher\":{\"@id\":\"https:\/\/avrupapress.com\/#\/schema\/person\/0223dca19c72c43575bf30d1a2d8f4fa\"},\"potentialAction\":[{\"@type\":\"SearchAction\",\"target\":{\"@type\":\"EntryPoint\",\"urlTemplate\":\"https:\/\/avrupapress.com\/?s={search_term_string}\"},\"query-input\":{\"@type\":\"PropertyValueSpecification\",\"valueRequired\":true,\"valueName\":\"search_term_string\"}}],\"inLanguage\":\"fr-BE\"},{\"@type\":[\"Person\",\"Organization\"],\"@id\":\"https:\/\/avrupapress.com\/#\/schema\/person\/0223dca19c72c43575bf30d1a2d8f4fa\",\"name\":\"Bilgin \u00d6z\u00e7ift\u00e7i\",\"image\":{\"@type\":\"ImageObject\",\"inLanguage\":\"fr-BE\",\"@id\":\"https:\/\/avrupapress.com\/#\/schema\/person\/image\/\",\"url\":\"https:\/\/secure.gravatar.com\/avatar\/0f23b280433a21e1ea7a0adcc46ed0ad16afe3ad8e630fd13d8a017dcbd54ef3?s=96&d=mm&r=g\",\"contentUrl\":\"https:\/\/secure.gravatar.com\/avatar\/0f23b280433a21e1ea7a0adcc46ed0ad16afe3ad8e630fd13d8a017dcbd54ef3?s=96&d=mm&r=g\",\"caption\":\"Bilgin \u00d6z\u00e7ift\u00e7i\"},\"logo\":{\"@id\":\"https:\/\/avrupapress.com\/#\/schema\/person\/image\/\"},\"description\":\"Ne ben, nede sen... Biz ancak \\\"biz\\\" olursak g\u00fc\u00e7l\u00fc olabiliriz\"},{\"@type\":\"Person\",\"@id\":\"https:\/\/avrupapress.com\/#\/schema\/person\/68428444ec60970d1e1b700cf4ca1e8f\",\"name\":\"Edit\u00f6r\",\"image\":{\"@type\":\"ImageObject\",\"inLanguage\":\"fr-BE\",\"@id\":\"https:\/\/avrupapress.com\/#\/schema\/person\/image\/\",\"url\":\"https:\/\/secure.gravatar.com\/avatar\/74996b0977aa5f1559ba9883776652508b229005c0d78fb2597897f0bd651c09?s=96&d=mm&r=g\",\"contentUrl\":\"https:\/\/secure.gravatar.com\/avatar\/74996b0977aa5f1559ba9883776652508b229005c0d78fb2597897f0bd651c09?s=96&d=mm&r=g\",\"caption\":\"Edit\u00f6r\"},\"sameAs\":[\"http:\/\/www.avrupapress.com\"],\"url\":\"https:\/\/avrupapress.com\/main\/author\/editor\/\"}]}<\/script>\n<!-- \/ Yoast SEO plugin. -->","yoast_head_json":{"title":"Eski\u015fehir\u2019de \u2018T\u00fcrk Halk M\u00fczi\u011fi Deyi\u015fler Konseri\u2019 yo\u011fun ilgi g\u00f6rd\u00fc - AvrupaPress","robots":{"index":"index","follow":"follow","max-snippet":"max-snippet:-1","max-image-preview":"max-image-preview:large","max-video-preview":"max-video-preview:-1"},"canonical":"https:\/\/avrupapress.com\/main\/2025\/02\/21\/eskisehirde-turk-halk-muzigi-deyisler-konseri-yogun-ilgi-gordu\/","og_locale":"fr_FR","og_type":"article","og_title":"Eski\u015fehir\u2019de \u2018T\u00fcrk Halk M\u00fczi\u011fi Deyi\u015fler Konseri\u2019 yo\u011fun ilgi g\u00f6rd\u00fc - AvrupaPress","og_description":"HABER \/ FOTO\u011eRAF: ERTU\u011eRUL ALTINEL \u2013 B\u0130LG\u0130N \u00d6Z\u00c7\u0130FT\u00c7\u0130 \u2013 AVRUPA PRESS- BEL\u00c7\u0130KA ES S\u0130VDER (Eski\u015fehir Sivrihisarl\u0131lar Derne\u011fi)\u2019nin \u2018T\u00fcrk Halk M\u00fczi\u011fi Deyi\u015fler Konseri\u2019, Odunpazar\u0131 Halk E\u011fitim Merkez M\u00fcd\u00fcrl\u00fc\u011f\u00fc\u2019n\u00fcn i\u015f birli\u011fi ile Eski\u015fehir\u2019de Yunus Emre K\u00fclt\u00fcr Merkezi\u2019nde ger\u00e7ekle\u015ftirildi. Konsere yo\u011fun kat\u0131l\u0131m oldu ve sanatseverler konsere yo\u011fun ilgi g\u00f6sterdi. Konser, muhtelif aral\u0131klarla ayakta alk\u0131\u015fland\u0131. ankara escort bayan Sincan [&hellip;]","og_url":"https:\/\/avrupapress.com\/main\/2025\/02\/21\/eskisehirde-turk-halk-muzigi-deyisler-konseri-yogun-ilgi-gordu\/","og_site_name":"AvrupaPress","article_published_time":"2025-02-21T21:16:25+00:00","article_modified_time":"2025-05-19T20:39:39+00:00","og_image":[{"width":1600,"height":1066,"url":"https:\/\/avrupapress.com\/main\/wp-content\/uploads\/2025\/02\/thumbnail_IMG-20250219-WA0026.jpg","type":"image\/jpeg"}],"author":"Edit\u00f6r","twitter_card":"summary_large_image","twitter_misc":{"\u00c9crit par":"Edit\u00f6r","Dur\u00e9e de lecture est.":"2 minutes"},"schema":{"@context":"https:\/\/schema.org","@graph":[{"@type":"Article","@id":"https:\/\/avrupapress.com\/main\/2025\/02\/21\/eskisehirde-turk-halk-muzigi-deyisler-konseri-yogun-ilgi-gordu\/#article","isPartOf":{"@id":"https:\/\/avrupapress.com\/main\/2025\/02\/21\/eskisehirde-turk-halk-muzigi-deyisler-konseri-yogun-ilgi-gordu\/"},"author":{"name":"Edit\u00f6r","@id":"https:\/\/avrupapress.com\/#\/schema\/person\/68428444ec60970d1e1b700cf4ca1e8f"},"headline":"Eski\u015fehir\u2019de \u2018T\u00fcrk Halk M\u00fczi\u011fi Deyi\u015fler Konseri\u2019 yo\u011fun ilgi g\u00f6rd\u00fc","datePublished":"2025-02-21T21:16:25+00:00","dateModified":"2025-05-19T20:39:39+00:00","mainEntityOfPage":{"@id":"https:\/\/avrupapress.com\/main\/2025\/02\/21\/eskisehirde-turk-halk-muzigi-deyisler-konseri-yogun-ilgi-gordu\/"},"wordCount":270,"publisher":{"@id":"https:\/\/avrupapress.com\/#\/schema\/person\/0223dca19c72c43575bf30d1a2d8f4fa"},"image":{"@id":"https:\/\/avrupapress.com\/main\/2025\/02\/21\/eskisehirde-turk-halk-muzigi-deyisler-konseri-yogun-ilgi-gordu\/#primaryimage"},"thumbnailUrl":"https:\/\/avrupapress.com\/main\/wp-content\/uploads\/2025\/02\/thumbnail_IMG-20250219-WA0026.jpg","articleSection":["Avrupa","Bel\u00e7ika","D\u00fcnya","Ekonomi","K\u00fclt\u00fcr-Sanat","Spor","Tan\u0131t\u0131m","T\u00fcrkiye","Uncategorized"],"inLanguage":"fr-BE"},{"@type":"WebPage","@id":"https:\/\/avrupapress.com\/main\/2025\/02\/21\/eskisehirde-turk-halk-muzigi-deyisler-konseri-yogun-ilgi-gordu\/","url":"https:\/\/avrupapress.com\/main\/2025\/02\/21\/eskisehirde-turk-halk-muzigi-deyisler-konseri-yogun-ilgi-gordu\/","name":"Eski\u015fehir\u2019de \u2018T\u00fcrk Halk M\u00fczi\u011fi Deyi\u015fler Konseri\u2019 yo\u011fun ilgi g\u00f6rd\u00fc - AvrupaPress","isPartOf":{"@id":"https:\/\/avrupapress.com\/#website"},"primaryImageOfPage":{"@id":"https:\/\/avrupapress.com\/main\/2025\/02\/21\/eskisehirde-turk-halk-muzigi-deyisler-konseri-yogun-ilgi-gordu\/#primaryimage"},"image":{"@id":"https:\/\/avrupapress.com\/main\/2025\/02\/21\/eskisehirde-turk-halk-muzigi-deyisler-konseri-yogun-ilgi-gordu\/#primaryimage"},"thumbnailUrl":"https:\/\/avrupapress.com\/main\/wp-content\/uploads\/2025\/02\/thumbnail_IMG-20250219-WA0026.jpg","datePublished":"2025-02-21T21:16:25+00:00","dateModified":"2025-05-19T20:39:39+00:00","breadcrumb":{"@id":"https:\/\/avrupapress.com\/main\/2025\/02\/21\/eskisehirde-turk-halk-muzigi-deyisler-konseri-yogun-ilgi-gordu\/#breadcrumb"},"inLanguage":"fr-BE","potentialAction":[{"@type":"ReadAction","target":["https:\/\/avrupapress.com\/main\/2025\/02\/21\/eskisehirde-turk-halk-muzigi-deyisler-konseri-yogun-ilgi-gordu\/"]}]},{"@type":"ImageObject","inLanguage":"fr-BE","@id":"https:\/\/avrupapress.com\/main\/2025\/02\/21\/eskisehirde-turk-halk-muzigi-deyisler-konseri-yogun-ilgi-gordu\/#primaryimage","url":"https:\/\/avrupapress.com\/main\/wp-content\/uploads\/2025\/02\/thumbnail_IMG-20250219-WA0026.jpg","contentUrl":"https:\/\/avrupapress.com\/main\/wp-content\/uploads\/2025\/02\/thumbnail_IMG-20250219-WA0026.jpg","width":1600,"height":1066},{"@type":"BreadcrumbList","@id":"https:\/\/avrupapress.com\/main\/2025\/02\/21\/eskisehirde-turk-halk-muzigi-deyisler-konseri-yogun-ilgi-gordu\/#breadcrumb","itemListElement":[{"@type":"ListItem","position":1,"name":"Anasayfa","item":"https:\/\/avrupapress.com\/"},{"@type":"ListItem","position":2,"name":"Eski\u015fehir\u2019de \u2018T\u00fcrk Halk M\u00fczi\u011fi Deyi\u015fler Konseri\u2019 yo\u011fun ilgi g\u00f6rd\u00fc"}]},{"@type":"WebSite","@id":"https:\/\/avrupapress.com\/#website","url":"https:\/\/avrupapress.com\/","name":"AvrupaPress","description":"Haberin Adresi","publisher":{"@id":"https:\/\/avrupapress.com\/#\/schema\/person\/0223dca19c72c43575bf30d1a2d8f4fa"},"potentialAction":[{"@type":"SearchAction","target":{"@type":"EntryPoint","urlTemplate":"https:\/\/avrupapress.com\/?s={search_term_string}"},"query-input":{"@type":"PropertyValueSpecification","valueRequired":true,"valueName":"search_term_string"}}],"inLanguage":"fr-BE"},{"@type":["Person","Organization"],"@id":"https:\/\/avrupapress.com\/#\/schema\/person\/0223dca19c72c43575bf30d1a2d8f4fa","name":"Bilgin \u00d6z\u00e7ift\u00e7i","image":{"@type":"ImageObject","inLanguage":"fr-BE","@id":"https:\/\/avrupapress.com\/#\/schema\/person\/image\/","url":"https:\/\/secure.gravatar.com\/avatar\/0f23b280433a21e1ea7a0adcc46ed0ad16afe3ad8e630fd13d8a017dcbd54ef3?s=96&d=mm&r=g","contentUrl":"https:\/\/secure.gravatar.com\/avatar\/0f23b280433a21e1ea7a0adcc46ed0ad16afe3ad8e630fd13d8a017dcbd54ef3?s=96&d=mm&r=g","caption":"Bilgin \u00d6z\u00e7ift\u00e7i"},"logo":{"@id":"https:\/\/avrupapress.com\/#\/schema\/person\/image\/"},"description":"Ne ben, nede sen... Biz ancak \"biz\" olursak g\u00fc\u00e7l\u00fc olabiliriz"},{"@type":"Person","@id":"https:\/\/avrupapress.com\/#\/schema\/person\/68428444ec60970d1e1b700cf4ca1e8f","name":"Edit\u00f6r","image":{"@type":"ImageObject","inLanguage":"fr-BE","@id":"https:\/\/avrupapress.com\/#\/schema\/person\/image\/","url":"https:\/\/secure.gravatar.com\/avatar\/74996b0977aa5f1559ba9883776652508b229005c0d78fb2597897f0bd651c09?s=96&d=mm&r=g","contentUrl":"https:\/\/secure.gravatar.com\/avatar\/74996b0977aa5f1559ba9883776652508b229005c0d78fb2597897f0bd651c09?s=96&d=mm&r=g","caption":"Edit\u00f6r"},"sameAs":["http:\/\/www.avrupapress.com"],"url":"https:\/\/avrupapress.com\/main\/author\/editor\/"}]}},"_links":{"self":[{"href":"https:\/\/avrupapress.com\/main\/wp-json\/wp\/v2\/posts\/28259","targetHints":{"allow":["GET"]}}],"collection":[{"href":"https:\/\/avrupapress.com\/main\/wp-json\/wp\/v2\/posts"}],"about":[{"href":"https:\/\/avrupapress.com\/main\/wp-json\/wp\/v2\/types\/post"}],"author":[{"embeddable":true,"href":"https:\/\/avrupapress.com\/main\/wp-json\/wp\/v2\/users\/3"}],"replies":[{"embeddable":true,"href":"https:\/\/avrupapress.com\/main\/wp-json\/wp\/v2\/comments?post=28259"}],"version-history":[{"count":2,"href":"https:\/\/avrupapress.com\/main\/wp-json\/wp\/v2\/posts\/28259\/revisions"}],"predecessor-version":[{"id":29548,"href":"https:\/\/avrupapress.com\/main\/wp-json\/wp\/v2\/posts\/28259\/revisions\/29548"}],"wp:featuredmedia":[{"embeddable":true,"href":"https:\/\/avrupapress.com\/main\/wp-json\/wp\/v2\/media\/28260"}],"wp:attachment":[{"href":"https:\/\/avrupapress.com\/main\/wp-json\/wp\/v2\/media?parent=28259"}],"wp:term":[{"taxonomy":"category","embeddable":true,"href":"https:\/\/avrupapress.com\/main\/wp-json\/wp\/v2\/categories?post=28259"},{"taxonomy":"post_tag","embeddable":true,"href":"https:\/\/avrupapress.com\/main\/wp-json\/wp\/v2\/tags?post=28259"}],"curies":[{"name":"wp","href":"https:\/\/api.w.org\/{rel}","templated":true}]}}