{"id":28227,"date":"2025-02-15T22:42:50","date_gmt":"2025-02-15T22:42:50","guid":{"rendered":"https:\/\/avrupapress.com\/main\/?p=28227"},"modified":"2025-02-15T22:42:56","modified_gmt":"2025-02-15T22:42:56","slug":"belcikadaki-yerel-medya-mensuplari-ile-btskf-arasinda-dostluk-maci-yapildi","status":"publish","type":"post","link":"https:\/\/avrupapress.com\/main\/2025\/02\/15\/belcikadaki-yerel-medya-mensuplari-ile-btskf-arasinda-dostluk-maci-yapildi\/","title":{"rendered":"Bel\u00e7ika&rsquo;daki yerel Medya mensuplar\u0131  ile BTSKF aras\u0131nda dostluk ma\u00e7\u0131 yap\u0131ld\u0131"},"content":{"rendered":"<div dir=\"auto\">\n<div dir=\"auto\" data-olk-copy-source=\"MessageBody\">Bel\u00e7ika\u00a0 Bruksel&rsquo;in Schaerbek Mahallesinde bulunan Kinetix spor komleksinin hal\u0131 saha salonunda\u00a0 dostluk ma\u00e7\u0131\u00a0 yap\u0131ld\u0131<\/div>\n<div dir=\"auto\" data-olk-copy-source=\"MessageBody\">Bel\u00e7ika T\u00fcrk Spor ve K\u00fclt\u00fcr Federasyonu organize ettigi, Futbol mac\u0131n\u0131 Kinetix spor komleksinin hal\u0131 saha salonunda dostluk Ma\u00e7\u0131 d\u00fczenledi.<\/div>\n<div dir=\"auto\"><\/div>\n<div dir=\"auto\"><strong>T.C. Br\u00fcksel Ba\u015fkonsolosu Onur Sevim<\/strong>&lsquo;in de ma\u00e7 yapt\u0131\u011f\u0131 salonda izleyiciler aras\u0131nda . BTSKF Ba\u015fkan\u0131 Ali Aydo\u011fdu &lsquo;da yer ald\u0131.<\/div>\n<div dir=\"auto\"><\/div>\n<div dir=\"auto\">Ma\u00e7\u0131m hakemli\u011fini yapan BelemTurk Tv,den Cihan \u00c7\u00f6l yapt\u0131\u011f\u0131 ma\u00e7a, K\u0131rm\u0131z\u0131 Tak\u0131mda <strong>Bruksel\u00a0 Ba\u015fkonsolos Onur Sevim,\u00a0 UID Ba\u015fkan\u0131 Yusuf Ta\u015fp\u0131nar.\u00a0 BTSKF Ba\u015fkan\u0131 Nedim Ko\u00e7arslan<\/strong>, , BTSKF Muhasebeci. Adem \u00d6zer . FC Saint-Joost Ba\u015fkan\u0131 Hasan Salar,. Erkan Y\u0131ld\u0131r\u0131m, \u0130\u015f \u0130nsan\u0131. Taner Kabasakal, yer al\u0131rken sar\u0131 tak\u0131mda ise \u015fu isimler yer ald\u0131:<\/div>\n<div dir=\"auto\"><\/div>\n<div dir=\"auto\">BTSKF Ba\u015fkan Vekili Sinan \u015eener,\u00a0 BTSKF Sekreteri,\u00a0 Sevda Demir, <strong>TIGAD Avrupa Baskani ve Arastirmaci Gazeteci\u00a0 Yazar Bilgin \u00d6z\u00e7if\u00e7i<\/strong> .\u00a0 Gazeteci ve Radyocu Fikret Aydemir,.\u00a0 Gazeteci Cafer Yildirimer, , Gazeteci. Foto Muhabir Ahmetcan Uzla\u015f\u0131k.\u00a0 Televizyoncu Mustafa Yolo\u011flu yer ald\u0131.<\/div>\n<div dir=\"auto\"><\/div>\n<p>Yap\u0131lan dostluk ma\u00e7\u0131nda dostluk kazand\u0131.<\/p>\n<\/div>\n<div dir=\"auto\"><\/div>\n<div dir=\"auto\"><\/div>\n<div dir=\"auto\"><strong>Bilgin Ozcifci\u00a0 \u00a0 \u00a0\/\u00a0 \u00a0 \u00a0AVRUPAPRESS<\/strong><\/div>\n<div dir=\"auto\"><\/div>\n<div dir=\"auto\"><\/div>\n<div id=\"x_ms-outlook-mobile-signature\" dir=\"auto\">\n<div><img loading=\"lazy\" decoding=\"async\" class=\"alignnone size-medium wp-image-28228\" src=\"https:\/\/avrupapress.com\/main\/wp-content\/uploads\/2025\/02\/gazeteciler-futbol01-300x207.jpg\" alt=\"\" width=\"300\" height=\"207\" srcset=\"https:\/\/avrupapress.com\/main\/wp-content\/uploads\/2025\/02\/gazeteciler-futbol01-300x207.jpg 300w, https:\/\/avrupapress.com\/main\/wp-content\/uploads\/2025\/02\/gazeteciler-futbol01-768x529.jpg 768w, https:\/\/avrupapress.com\/main\/wp-content\/uploads\/2025\/02\/gazeteciler-futbol01.jpg 1000w\" sizes=\"auto, (max-width: 300px) 100vw, 300px\" \/><\/div>\n<div><img loading=\"lazy\" decoding=\"async\" class=\"alignnone size-medium wp-image-28229\" src=\"https:\/\/avrupapress.com\/main\/wp-content\/uploads\/2025\/02\/gazeteciler-futbol02-300x187.jpg\" alt=\"\" width=\"300\" height=\"187\" srcset=\"https:\/\/avrupapress.com\/main\/wp-content\/uploads\/2025\/02\/gazeteciler-futbol02-300x187.jpg 300w, https:\/\/avrupapress.com\/main\/wp-content\/uploads\/2025\/02\/gazeteciler-futbol02-768x479.jpg 768w, https:\/\/avrupapress.com\/main\/wp-content\/uploads\/2025\/02\/gazeteciler-futbol02.jpg 1000w\" sizes=\"auto, (max-width: 300px) 100vw, 300px\" \/><\/div>\n<div><img loading=\"lazy\" decoding=\"async\" class=\"alignnone size-medium wp-image-28230\" src=\"https:\/\/avrupapress.com\/main\/wp-content\/uploads\/2025\/02\/gazeteciler-futbol03-300x185.jpg\" alt=\"\" width=\"300\" height=\"185\" srcset=\"https:\/\/avrupapress.com\/main\/wp-content\/uploads\/2025\/02\/gazeteciler-futbol03-300x185.jpg 300w, https:\/\/avrupapress.com\/main\/wp-content\/uploads\/2025\/02\/gazeteciler-futbol03-768x473.jpg 768w, https:\/\/avrupapress.com\/main\/wp-content\/uploads\/2025\/02\/gazeteciler-futbol03-260x160.jpg 260w, https:\/\/avrupapress.com\/main\/wp-content\/uploads\/2025\/02\/gazeteciler-futbol03.jpg 1000w\" sizes=\"auto, (max-width: 300px) 100vw, 300px\" \/><\/div>\n<\/div>\n<div><\/div>\n<div><strong>Bilgin Ozcifci\u00a0 \u00a0 \u00a0\/\u00a0 \u00a0 \u00a0AVRUPAPRESS<\/strong><\/div>\n","protected":false},"excerpt":{"rendered":"<p>Bel\u00e7ika\u00a0 Bruksel&rsquo;in Schaerbek Mahallesinde bulunan Kinetix spor komleksinin hal\u0131 saha salonunda\u00a0 dostluk ma\u00e7\u0131\u00a0 yap\u0131ld\u0131 Bel\u00e7ika T\u00fcrk Spor ve K\u00fclt\u00fcr Federasyonu organize ettigi, Futbol mac\u0131n\u0131 Kinetix spor komleksinin hal\u0131 saha salonunda dostluk Ma\u00e7\u0131 d\u00fczenledi. T.C. Br\u00fcksel Ba\u015fkonsolosu Onur Sevim&lsquo;in de ma\u00e7 yapt\u0131\u011f\u0131 salonda izleyiciler aras\u0131nda . BTSKF Ba\u015fkan\u0131 Ali Aydo\u011fdu &lsquo;da yer ald\u0131. Ma\u00e7\u0131m hakemli\u011fini yapan [&hellip;]<\/p>\n","protected":false},"author":3,"featured_media":28228,"comment_status":"closed","ping_status":"open","sticky":false,"template":"","format":"standard","meta":{"footnotes":""},"categories":[14,16,3,17,18,15,19,2,1],"tags":[],"class_list":["post-28227","post","type-post","status-publish","format-standard","has-post-thumbnail","hentry","category-avrupa","category-belcika","category-dunya","category-ekonomi","category-kultur-sanat","category-spor","category-tanitim","category-turkiye","category-uncategorized"],"yoast_head":"<!-- This site is optimized with the Yoast SEO plugin v26.9 - https:\/\/yoast.com\/product\/yoast-seo-wordpress\/ -->\n<title>Bel\u00e7ika&#039;daki yerel Medya mensuplar\u0131 ile BTSKF aras\u0131nda dostluk ma\u00e7\u0131 yap\u0131ld\u0131 - AvrupaPress<\/title>\n<meta name=\"robots\" content=\"index, follow, max-snippet:-1, max-image-preview:large, max-video-preview:-1\" \/>\n<link rel=\"canonical\" href=\"https:\/\/avrupapress.com\/main\/2025\/02\/15\/belcikadaki-yerel-medya-mensuplari-ile-btskf-arasinda-dostluk-maci-yapildi\/\" \/>\n<meta property=\"og:locale\" content=\"fr_FR\" \/>\n<meta property=\"og:type\" content=\"article\" \/>\n<meta property=\"og:title\" content=\"Bel\u00e7ika&#039;daki yerel Medya mensuplar\u0131 ile BTSKF aras\u0131nda dostluk ma\u00e7\u0131 yap\u0131ld\u0131 - AvrupaPress\" \/>\n<meta property=\"og:description\" content=\"Bel\u00e7ika\u00a0 Bruksel&rsquo;in Schaerbek Mahallesinde bulunan Kinetix spor komleksinin hal\u0131 saha salonunda\u00a0 dostluk ma\u00e7\u0131\u00a0 yap\u0131ld\u0131 Bel\u00e7ika T\u00fcrk Spor ve K\u00fclt\u00fcr Federasyonu organize ettigi, Futbol mac\u0131n\u0131 Kinetix spor komleksinin hal\u0131 saha salonunda dostluk Ma\u00e7\u0131 d\u00fczenledi. T.C. Br\u00fcksel Ba\u015fkonsolosu Onur Sevim&lsquo;in de ma\u00e7 yapt\u0131\u011f\u0131 salonda izleyiciler aras\u0131nda . BTSKF Ba\u015fkan\u0131 Ali Aydo\u011fdu &lsquo;da yer ald\u0131. Ma\u00e7\u0131m hakemli\u011fini yapan [&hellip;]\" \/>\n<meta property=\"og:url\" content=\"https:\/\/avrupapress.com\/main\/2025\/02\/15\/belcikadaki-yerel-medya-mensuplari-ile-btskf-arasinda-dostluk-maci-yapildi\/\" \/>\n<meta property=\"og:site_name\" content=\"AvrupaPress\" \/>\n<meta property=\"article:published_time\" content=\"2025-02-15T22:42:50+00:00\" \/>\n<meta property=\"article:modified_time\" content=\"2025-02-15T22:42:56+00:00\" \/>\n<meta property=\"og:image\" content=\"https:\/\/avrupapress.com\/main\/wp-content\/uploads\/2025\/02\/gazeteciler-futbol01.jpg\" \/>\n\t<meta property=\"og:image:width\" content=\"1000\" \/>\n\t<meta property=\"og:image:height\" content=\"689\" \/>\n\t<meta property=\"og:image:type\" content=\"image\/jpeg\" \/>\n<meta name=\"author\" content=\"Edit\u00f6r\" \/>\n<meta name=\"twitter:card\" content=\"summary_large_image\" \/>\n<meta name=\"twitter:label1\" content=\"\u00c9crit par\" \/>\n\t<meta name=\"twitter:data1\" content=\"Edit\u00f6r\" \/>\n\t<meta name=\"twitter:label2\" content=\"Dur\u00e9e de lecture est.\" \/>\n\t<meta name=\"twitter:data2\" content=\"2 minutes\" \/>\n<script type=\"application\/ld+json\" class=\"yoast-schema-graph\">{\"@context\":\"https:\/\/schema.org\",\"@graph\":[{\"@type\":\"Article\",\"@id\":\"https:\/\/avrupapress.com\/main\/2025\/02\/15\/belcikadaki-yerel-medya-mensuplari-ile-btskf-arasinda-dostluk-maci-yapildi\/#article\",\"isPartOf\":{\"@id\":\"https:\/\/avrupapress.com\/main\/2025\/02\/15\/belcikadaki-yerel-medya-mensuplari-ile-btskf-arasinda-dostluk-maci-yapildi\/\"},\"author\":{\"name\":\"Edit\u00f6r\",\"@id\":\"https:\/\/avrupapress.com\/#\/schema\/person\/68428444ec60970d1e1b700cf4ca1e8f\"},\"headline\":\"Bel\u00e7ika&rsquo;daki yerel Medya mensuplar\u0131 ile BTSKF aras\u0131nda dostluk ma\u00e7\u0131 yap\u0131ld\u0131\",\"datePublished\":\"2025-02-15T22:42:50+00:00\",\"dateModified\":\"2025-02-15T22:42:56+00:00\",\"mainEntityOfPage\":{\"@id\":\"https:\/\/avrupapress.com\/main\/2025\/02\/15\/belcikadaki-yerel-medya-mensuplari-ile-btskf-arasinda-dostluk-maci-yapildi\/\"},\"wordCount\":197,\"publisher\":{\"@id\":\"https:\/\/avrupapress.com\/#\/schema\/person\/0223dca19c72c43575bf30d1a2d8f4fa\"},\"image\":{\"@id\":\"https:\/\/avrupapress.com\/main\/2025\/02\/15\/belcikadaki-yerel-medya-mensuplari-ile-btskf-arasinda-dostluk-maci-yapildi\/#primaryimage\"},\"thumbnailUrl\":\"https:\/\/avrupapress.com\/main\/wp-content\/uploads\/2025\/02\/gazeteciler-futbol01.jpg\",\"articleSection\":[\"Avrupa\",\"Bel\u00e7ika\",\"D\u00fcnya\",\"Ekonomi\",\"K\u00fclt\u00fcr-Sanat\",\"Spor\",\"Tan\u0131t\u0131m\",\"T\u00fcrkiye\",\"Uncategorized\"],\"inLanguage\":\"fr-BE\"},{\"@type\":\"WebPage\",\"@id\":\"https:\/\/avrupapress.com\/main\/2025\/02\/15\/belcikadaki-yerel-medya-mensuplari-ile-btskf-arasinda-dostluk-maci-yapildi\/\",\"url\":\"https:\/\/avrupapress.com\/main\/2025\/02\/15\/belcikadaki-yerel-medya-mensuplari-ile-btskf-arasinda-dostluk-maci-yapildi\/\",\"name\":\"Bel\u00e7ika'daki yerel Medya mensuplar\u0131 ile BTSKF aras\u0131nda dostluk ma\u00e7\u0131 yap\u0131ld\u0131 - AvrupaPress\",\"isPartOf\":{\"@id\":\"https:\/\/avrupapress.com\/#website\"},\"primaryImageOfPage\":{\"@id\":\"https:\/\/avrupapress.com\/main\/2025\/02\/15\/belcikadaki-yerel-medya-mensuplari-ile-btskf-arasinda-dostluk-maci-yapildi\/#primaryimage\"},\"image\":{\"@id\":\"https:\/\/avrupapress.com\/main\/2025\/02\/15\/belcikadaki-yerel-medya-mensuplari-ile-btskf-arasinda-dostluk-maci-yapildi\/#primaryimage\"},\"thumbnailUrl\":\"https:\/\/avrupapress.com\/main\/wp-content\/uploads\/2025\/02\/gazeteciler-futbol01.jpg\",\"datePublished\":\"2025-02-15T22:42:50+00:00\",\"dateModified\":\"2025-02-15T22:42:56+00:00\",\"breadcrumb\":{\"@id\":\"https:\/\/avrupapress.com\/main\/2025\/02\/15\/belcikadaki-yerel-medya-mensuplari-ile-btskf-arasinda-dostluk-maci-yapildi\/#breadcrumb\"},\"inLanguage\":\"fr-BE\",\"potentialAction\":[{\"@type\":\"ReadAction\",\"target\":[\"https:\/\/avrupapress.com\/main\/2025\/02\/15\/belcikadaki-yerel-medya-mensuplari-ile-btskf-arasinda-dostluk-maci-yapildi\/\"]}]},{\"@type\":\"ImageObject\",\"inLanguage\":\"fr-BE\",\"@id\":\"https:\/\/avrupapress.com\/main\/2025\/02\/15\/belcikadaki-yerel-medya-mensuplari-ile-btskf-arasinda-dostluk-maci-yapildi\/#primaryimage\",\"url\":\"https:\/\/avrupapress.com\/main\/wp-content\/uploads\/2025\/02\/gazeteciler-futbol01.jpg\",\"contentUrl\":\"https:\/\/avrupapress.com\/main\/wp-content\/uploads\/2025\/02\/gazeteciler-futbol01.jpg\",\"width\":1000,\"height\":689},{\"@type\":\"BreadcrumbList\",\"@id\":\"https:\/\/avrupapress.com\/main\/2025\/02\/15\/belcikadaki-yerel-medya-mensuplari-ile-btskf-arasinda-dostluk-maci-yapildi\/#breadcrumb\",\"itemListElement\":[{\"@type\":\"ListItem\",\"position\":1,\"name\":\"Anasayfa\",\"item\":\"https:\/\/avrupapress.com\/\"},{\"@type\":\"ListItem\",\"position\":2,\"name\":\"Bel\u00e7ika&rsquo;daki yerel Medya mensuplar\u0131 ile BTSKF aras\u0131nda dostluk ma\u00e7\u0131 yap\u0131ld\u0131\"}]},{\"@type\":\"WebSite\",\"@id\":\"https:\/\/avrupapress.com\/#website\",\"url\":\"https:\/\/avrupapress.com\/\",\"name\":\"AvrupaPress\",\"description\":\"Haberin Adresi\",\"publisher\":{\"@id\":\"https:\/\/avrupapress.com\/#\/schema\/person\/0223dca19c72c43575bf30d1a2d8f4fa\"},\"potentialAction\":[{\"@type\":\"SearchAction\",\"target\":{\"@type\":\"EntryPoint\",\"urlTemplate\":\"https:\/\/avrupapress.com\/?s={search_term_string}\"},\"query-input\":{\"@type\":\"PropertyValueSpecification\",\"valueRequired\":true,\"valueName\":\"search_term_string\"}}],\"inLanguage\":\"fr-BE\"},{\"@type\":[\"Person\",\"Organization\"],\"@id\":\"https:\/\/avrupapress.com\/#\/schema\/person\/0223dca19c72c43575bf30d1a2d8f4fa\",\"name\":\"Bilgin \u00d6z\u00e7ift\u00e7i\",\"image\":{\"@type\":\"ImageObject\",\"inLanguage\":\"fr-BE\",\"@id\":\"https:\/\/avrupapress.com\/#\/schema\/person\/image\/\",\"url\":\"https:\/\/secure.gravatar.com\/avatar\/0f23b280433a21e1ea7a0adcc46ed0ad16afe3ad8e630fd13d8a017dcbd54ef3?s=96&d=mm&r=g\",\"contentUrl\":\"https:\/\/secure.gravatar.com\/avatar\/0f23b280433a21e1ea7a0adcc46ed0ad16afe3ad8e630fd13d8a017dcbd54ef3?s=96&d=mm&r=g\",\"caption\":\"Bilgin \u00d6z\u00e7ift\u00e7i\"},\"logo\":{\"@id\":\"https:\/\/avrupapress.com\/#\/schema\/person\/image\/\"},\"description\":\"Ne ben, nede sen... Biz ancak \\\"biz\\\" olursak g\u00fc\u00e7l\u00fc olabiliriz\"},{\"@type\":\"Person\",\"@id\":\"https:\/\/avrupapress.com\/#\/schema\/person\/68428444ec60970d1e1b700cf4ca1e8f\",\"name\":\"Edit\u00f6r\",\"image\":{\"@type\":\"ImageObject\",\"inLanguage\":\"fr-BE\",\"@id\":\"https:\/\/avrupapress.com\/#\/schema\/person\/image\/\",\"url\":\"https:\/\/secure.gravatar.com\/avatar\/74996b0977aa5f1559ba9883776652508b229005c0d78fb2597897f0bd651c09?s=96&d=mm&r=g\",\"contentUrl\":\"https:\/\/secure.gravatar.com\/avatar\/74996b0977aa5f1559ba9883776652508b229005c0d78fb2597897f0bd651c09?s=96&d=mm&r=g\",\"caption\":\"Edit\u00f6r\"},\"sameAs\":[\"http:\/\/www.avrupapress.com\"],\"url\":\"https:\/\/avrupapress.com\/main\/author\/editor\/\"}]}<\/script>\n<!-- \/ Yoast SEO plugin. -->","yoast_head_json":{"title":"Bel\u00e7ika'daki yerel Medya mensuplar\u0131 ile BTSKF aras\u0131nda dostluk ma\u00e7\u0131 yap\u0131ld\u0131 - AvrupaPress","robots":{"index":"index","follow":"follow","max-snippet":"max-snippet:-1","max-image-preview":"max-image-preview:large","max-video-preview":"max-video-preview:-1"},"canonical":"https:\/\/avrupapress.com\/main\/2025\/02\/15\/belcikadaki-yerel-medya-mensuplari-ile-btskf-arasinda-dostluk-maci-yapildi\/","og_locale":"fr_FR","og_type":"article","og_title":"Bel\u00e7ika'daki yerel Medya mensuplar\u0131 ile BTSKF aras\u0131nda dostluk ma\u00e7\u0131 yap\u0131ld\u0131 - AvrupaPress","og_description":"Bel\u00e7ika\u00a0 Bruksel&rsquo;in Schaerbek Mahallesinde bulunan Kinetix spor komleksinin hal\u0131 saha salonunda\u00a0 dostluk ma\u00e7\u0131\u00a0 yap\u0131ld\u0131 Bel\u00e7ika T\u00fcrk Spor ve K\u00fclt\u00fcr Federasyonu organize ettigi, Futbol mac\u0131n\u0131 Kinetix spor komleksinin hal\u0131 saha salonunda dostluk Ma\u00e7\u0131 d\u00fczenledi. T.C. Br\u00fcksel Ba\u015fkonsolosu Onur Sevim&lsquo;in de ma\u00e7 yapt\u0131\u011f\u0131 salonda izleyiciler aras\u0131nda . BTSKF Ba\u015fkan\u0131 Ali Aydo\u011fdu &lsquo;da yer ald\u0131. Ma\u00e7\u0131m hakemli\u011fini yapan [&hellip;]","og_url":"https:\/\/avrupapress.com\/main\/2025\/02\/15\/belcikadaki-yerel-medya-mensuplari-ile-btskf-arasinda-dostluk-maci-yapildi\/","og_site_name":"AvrupaPress","article_published_time":"2025-02-15T22:42:50+00:00","article_modified_time":"2025-02-15T22:42:56+00:00","og_image":[{"width":1000,"height":689,"url":"https:\/\/avrupapress.com\/main\/wp-content\/uploads\/2025\/02\/gazeteciler-futbol01.jpg","type":"image\/jpeg"}],"author":"Edit\u00f6r","twitter_card":"summary_large_image","twitter_misc":{"\u00c9crit par":"Edit\u00f6r","Dur\u00e9e de lecture est.":"2 minutes"},"schema":{"@context":"https:\/\/schema.org","@graph":[{"@type":"Article","@id":"https:\/\/avrupapress.com\/main\/2025\/02\/15\/belcikadaki-yerel-medya-mensuplari-ile-btskf-arasinda-dostluk-maci-yapildi\/#article","isPartOf":{"@id":"https:\/\/avrupapress.com\/main\/2025\/02\/15\/belcikadaki-yerel-medya-mensuplari-ile-btskf-arasinda-dostluk-maci-yapildi\/"},"author":{"name":"Edit\u00f6r","@id":"https:\/\/avrupapress.com\/#\/schema\/person\/68428444ec60970d1e1b700cf4ca1e8f"},"headline":"Bel\u00e7ika&rsquo;daki yerel Medya mensuplar\u0131 ile BTSKF aras\u0131nda dostluk ma\u00e7\u0131 yap\u0131ld\u0131","datePublished":"2025-02-15T22:42:50+00:00","dateModified":"2025-02-15T22:42:56+00:00","mainEntityOfPage":{"@id":"https:\/\/avrupapress.com\/main\/2025\/02\/15\/belcikadaki-yerel-medya-mensuplari-ile-btskf-arasinda-dostluk-maci-yapildi\/"},"wordCount":197,"publisher":{"@id":"https:\/\/avrupapress.com\/#\/schema\/person\/0223dca19c72c43575bf30d1a2d8f4fa"},"image":{"@id":"https:\/\/avrupapress.com\/main\/2025\/02\/15\/belcikadaki-yerel-medya-mensuplari-ile-btskf-arasinda-dostluk-maci-yapildi\/#primaryimage"},"thumbnailUrl":"https:\/\/avrupapress.com\/main\/wp-content\/uploads\/2025\/02\/gazeteciler-futbol01.jpg","articleSection":["Avrupa","Bel\u00e7ika","D\u00fcnya","Ekonomi","K\u00fclt\u00fcr-Sanat","Spor","Tan\u0131t\u0131m","T\u00fcrkiye","Uncategorized"],"inLanguage":"fr-BE"},{"@type":"WebPage","@id":"https:\/\/avrupapress.com\/main\/2025\/02\/15\/belcikadaki-yerel-medya-mensuplari-ile-btskf-arasinda-dostluk-maci-yapildi\/","url":"https:\/\/avrupapress.com\/main\/2025\/02\/15\/belcikadaki-yerel-medya-mensuplari-ile-btskf-arasinda-dostluk-maci-yapildi\/","name":"Bel\u00e7ika'daki yerel Medya mensuplar\u0131 ile BTSKF aras\u0131nda dostluk ma\u00e7\u0131 yap\u0131ld\u0131 - AvrupaPress","isPartOf":{"@id":"https:\/\/avrupapress.com\/#website"},"primaryImageOfPage":{"@id":"https:\/\/avrupapress.com\/main\/2025\/02\/15\/belcikadaki-yerel-medya-mensuplari-ile-btskf-arasinda-dostluk-maci-yapildi\/#primaryimage"},"image":{"@id":"https:\/\/avrupapress.com\/main\/2025\/02\/15\/belcikadaki-yerel-medya-mensuplari-ile-btskf-arasinda-dostluk-maci-yapildi\/#primaryimage"},"thumbnailUrl":"https:\/\/avrupapress.com\/main\/wp-content\/uploads\/2025\/02\/gazeteciler-futbol01.jpg","datePublished":"2025-02-15T22:42:50+00:00","dateModified":"2025-02-15T22:42:56+00:00","breadcrumb":{"@id":"https:\/\/avrupapress.com\/main\/2025\/02\/15\/belcikadaki-yerel-medya-mensuplari-ile-btskf-arasinda-dostluk-maci-yapildi\/#breadcrumb"},"inLanguage":"fr-BE","potentialAction":[{"@type":"ReadAction","target":["https:\/\/avrupapress.com\/main\/2025\/02\/15\/belcikadaki-yerel-medya-mensuplari-ile-btskf-arasinda-dostluk-maci-yapildi\/"]}]},{"@type":"ImageObject","inLanguage":"fr-BE","@id":"https:\/\/avrupapress.com\/main\/2025\/02\/15\/belcikadaki-yerel-medya-mensuplari-ile-btskf-arasinda-dostluk-maci-yapildi\/#primaryimage","url":"https:\/\/avrupapress.com\/main\/wp-content\/uploads\/2025\/02\/gazeteciler-futbol01.jpg","contentUrl":"https:\/\/avrupapress.com\/main\/wp-content\/uploads\/2025\/02\/gazeteciler-futbol01.jpg","width":1000,"height":689},{"@type":"BreadcrumbList","@id":"https:\/\/avrupapress.com\/main\/2025\/02\/15\/belcikadaki-yerel-medya-mensuplari-ile-btskf-arasinda-dostluk-maci-yapildi\/#breadcrumb","itemListElement":[{"@type":"ListItem","position":1,"name":"Anasayfa","item":"https:\/\/avrupapress.com\/"},{"@type":"ListItem","position":2,"name":"Bel\u00e7ika&rsquo;daki yerel Medya mensuplar\u0131 ile BTSKF aras\u0131nda dostluk ma\u00e7\u0131 yap\u0131ld\u0131"}]},{"@type":"WebSite","@id":"https:\/\/avrupapress.com\/#website","url":"https:\/\/avrupapress.com\/","name":"AvrupaPress","description":"Haberin Adresi","publisher":{"@id":"https:\/\/avrupapress.com\/#\/schema\/person\/0223dca19c72c43575bf30d1a2d8f4fa"},"potentialAction":[{"@type":"SearchAction","target":{"@type":"EntryPoint","urlTemplate":"https:\/\/avrupapress.com\/?s={search_term_string}"},"query-input":{"@type":"PropertyValueSpecification","valueRequired":true,"valueName":"search_term_string"}}],"inLanguage":"fr-BE"},{"@type":["Person","Organization"],"@id":"https:\/\/avrupapress.com\/#\/schema\/person\/0223dca19c72c43575bf30d1a2d8f4fa","name":"Bilgin \u00d6z\u00e7ift\u00e7i","image":{"@type":"ImageObject","inLanguage":"fr-BE","@id":"https:\/\/avrupapress.com\/#\/schema\/person\/image\/","url":"https:\/\/secure.gravatar.com\/avatar\/0f23b280433a21e1ea7a0adcc46ed0ad16afe3ad8e630fd13d8a017dcbd54ef3?s=96&d=mm&r=g","contentUrl":"https:\/\/secure.gravatar.com\/avatar\/0f23b280433a21e1ea7a0adcc46ed0ad16afe3ad8e630fd13d8a017dcbd54ef3?s=96&d=mm&r=g","caption":"Bilgin \u00d6z\u00e7ift\u00e7i"},"logo":{"@id":"https:\/\/avrupapress.com\/#\/schema\/person\/image\/"},"description":"Ne ben, nede sen... Biz ancak \"biz\" olursak g\u00fc\u00e7l\u00fc olabiliriz"},{"@type":"Person","@id":"https:\/\/avrupapress.com\/#\/schema\/person\/68428444ec60970d1e1b700cf4ca1e8f","name":"Edit\u00f6r","image":{"@type":"ImageObject","inLanguage":"fr-BE","@id":"https:\/\/avrupapress.com\/#\/schema\/person\/image\/","url":"https:\/\/secure.gravatar.com\/avatar\/74996b0977aa5f1559ba9883776652508b229005c0d78fb2597897f0bd651c09?s=96&d=mm&r=g","contentUrl":"https:\/\/secure.gravatar.com\/avatar\/74996b0977aa5f1559ba9883776652508b229005c0d78fb2597897f0bd651c09?s=96&d=mm&r=g","caption":"Edit\u00f6r"},"sameAs":["http:\/\/www.avrupapress.com"],"url":"https:\/\/avrupapress.com\/main\/author\/editor\/"}]}},"_links":{"self":[{"href":"https:\/\/avrupapress.com\/main\/wp-json\/wp\/v2\/posts\/28227","targetHints":{"allow":["GET"]}}],"collection":[{"href":"https:\/\/avrupapress.com\/main\/wp-json\/wp\/v2\/posts"}],"about":[{"href":"https:\/\/avrupapress.com\/main\/wp-json\/wp\/v2\/types\/post"}],"author":[{"embeddable":true,"href":"https:\/\/avrupapress.com\/main\/wp-json\/wp\/v2\/users\/3"}],"replies":[{"embeddable":true,"href":"https:\/\/avrupapress.com\/main\/wp-json\/wp\/v2\/comments?post=28227"}],"version-history":[{"count":2,"href":"https:\/\/avrupapress.com\/main\/wp-json\/wp\/v2\/posts\/28227\/revisions"}],"predecessor-version":[{"id":28232,"href":"https:\/\/avrupapress.com\/main\/wp-json\/wp\/v2\/posts\/28227\/revisions\/28232"}],"wp:featuredmedia":[{"embeddable":true,"href":"https:\/\/avrupapress.com\/main\/wp-json\/wp\/v2\/media\/28228"}],"wp:attachment":[{"href":"https:\/\/avrupapress.com\/main\/wp-json\/wp\/v2\/media?parent=28227"}],"wp:term":[{"taxonomy":"category","embeddable":true,"href":"https:\/\/avrupapress.com\/main\/wp-json\/wp\/v2\/categories?post=28227"},{"taxonomy":"post_tag","embeddable":true,"href":"https:\/\/avrupapress.com\/main\/wp-json\/wp\/v2\/tags?post=28227"}],"curies":[{"name":"wp","href":"https:\/\/api.w.org\/{rel}","templated":true}]}}